{"id":198937,"date":"2025-04-13T11:44:07","date_gmt":"2025-04-13T09:44:07","guid":{"rendered":"https:\/\/www.escapadarural.com\/blog\/?p=198937"},"modified":"2026-02-05T13:57:57","modified_gmt":"2026-02-05T12:57:57","slug":"rutas-para-ver-la-floracion","status":"publish","type":"post","link":"https:\/\/www.escapadarural.com\/blog\/rutas-para-ver-la-floracion\/","title":{"rendered":"3 rutas para ver la floraci\u00f3n"},"content":{"rendered":"\n<p>Cada a\u00f1o la naturaleza nos regala un espect\u00e1culo silencioso pero impactante: <strong>la floraci\u00f3n<\/strong>. Es ese momento en el que los \u00e1rboles y los campos se cubren de flores y el paisaje cambia por completo, como si todo se ti\u00f1era de vida. En Espa\u00f1a hay varias zonas donde la floraci\u00f3n se convierte en todo un acontecimiento y en el pretexto perfecto para hacer una escapada rural.<\/p>\n\n\n\n<p>As\u00ed que si t\u00fa tambi\u00e9n eres de los que no se resiste a este suceso, apunta estas tres rutas. Te contamos cu\u00e1ndo ir, de d\u00f3nde salir, a d\u00f3nde llegar y, sobre todo, por qu\u00e9 no te la puedes perder. \u00a1Est\u00e1s a tiempo! \u00bfTe vienes?\u00a0<\/p>\n\n\n\n<div class=\"wp-block-buttons is-layout-flex wp-block-buttons-is-layout-flex\">\n<div class=\"wp-block-button\"><a class=\"wp-block-button__link wp-element-button\" href=\"\/casas-rurales\">Encuentra tu alojamiento<\/a><\/div>\n<\/div>\n\n\n\n<h2 class=\"wp-block-heading\" id=\"h-valle-del-jerte-caceres\"><strong>Valle del Jerte (<a href=\"\/casas-rurales\/caceres\">C\u00e1ceres<\/a>)<\/strong><\/h2>\n\n\n\n<figure class=\"wp-block-image size-full\"><img loading=\"lazy\" decoding=\"async\" width=\"1024\" height=\"682\" src=\"https:\/\/www.escapadarural.com\/blog\/wp-content\/uploads\/2024\/03\/jerte.webp\" alt=\"Valle del Jerte (Extremadura)\" class=\"wp-image-196198\" srcset=\"https:\/\/www.escapadarural.com\/blog\/wp-content\/uploads\/2024\/03\/jerte-200x133.webp 200w, https:\/\/www.escapadarural.com\/blog\/wp-content\/uploads\/2024\/03\/jerte-300x200.webp 300w, https:\/\/www.escapadarural.com\/blog\/wp-content\/uploads\/2024\/03\/jerte-400x266.webp 400w, https:\/\/www.escapadarural.com\/blog\/wp-content\/uploads\/2024\/03\/jerte-600x400.webp 600w, https:\/\/www.escapadarural.com\/blog\/wp-content\/uploads\/2024\/03\/jerte-768x512.webp 768w, https:\/\/www.escapadarural.com\/blog\/wp-content\/uploads\/2024\/03\/jerte-800x533.webp 800w, https:\/\/www.escapadarural.com\/blog\/wp-content\/uploads\/2024\/03\/jerte.webp 1024w\" sizes=\"auto, (max-width: 1024px) 100vw, 1024px\" \/><figcaption class=\"wp-element-caption\">Valle del Jerte (Extremadura). Por M.studio<\/figcaption><\/figure>\n\n\n\n<ul class=\"wp-block-list\">\n<li><strong>Ruta lineal:<\/strong> Valdastillas &#8211; Mirador del Valle del Jerte\u00a0<\/li>\n\n\n\n<li><strong>Ruta circular:<\/strong> desde Valdastillas<\/li>\n\n\n\n<li><strong>Fecha de floraci\u00f3n:<\/strong> Finales de marzo y principios de abril (dura unos 10 d\u00edas)<\/li>\n<\/ul>\n\n\n\n<p>A estas alturas todo el mundo ha o\u00eddo hablar de la floraci\u00f3n del <strong><a href=\"\/blog\/garganta-de-los-infiernos-valle-del-jerte\/\">Valle del Jerte<\/a><\/strong>, en el norte de C\u00e1ceres. Sin duda, es uno de los destinos m\u00e1s emblem\u00e1ticos de Espa\u00f1a para ver los cerezos en flor. Cada primavera m\u00e1s de un mill\u00f3n y medio de cerezos hacen su magia transformando el paisaje en un aut\u00e9ntico espect\u00e1culo visual. Eso s\u00ed, hay que ajustar las fechas para visitarlo en su mayor esplendor porque se trata de un fen\u00f3meno natural breve que dura entre 7 y 10 d\u00edas.<\/p>\n\n\n\n<p>Lo id\u00f3neo para disfrutar al m\u00e1ximo de este momento del a\u00f1o en tierras extreme\u00f1as es decantarse por una de las dos rutas recomendadas. La primera es lineal, de unos 30 km de recorrido, que parte desde Valdastillas para terminar en el <strong>Mirador del Valle del Jerte<\/strong>, pasando por Navaconejo, Cabezuela del Valle, Tornavacas y Puerto de Tornavacas.<\/p>\n\n\n\n<p>El itinerario se hace en coche y no tiene p\u00e9rdida, pues ir\u00e1s en paralelo al r\u00edo Jerte. La otra alternativa es la ruta circular comenzando en <strong>Valdastillas <\/strong>y recorriendo Piornal, Barrado, Cabrero, Casas del Casta\u00f1ar, El Torno y Rebollar. Tambi\u00e9n est\u00e1 dise\u00f1ada para realizarla en coche, pues son unos 50 km, aunque te invita a hacer paradas de por medio para vivir la floraci\u00f3n desde dentro.<\/p>\n\n\n\n<p>Otro de los acontecimientos m\u00e1s destacados durante esta \u00e9poca es la <strong>Fiesta del Cerezo en Flor<\/strong>, con actividades de todo tipo, tanto culturales y tradicionales, como gastron\u00f3micas. El objetivo de la festividad no es solo la de una visita paisaj\u00edstica, los vecinos se vuelcan en proyectar la vida de toda la comarca haciendo un recorrido hist\u00f3rico, desde el pasado hasta el futuro. Adem\u00e1s, podr\u00e1s contemplar la arquitectura t\u00edpica de la zona, ya que durante la celebraci\u00f3n los vecinos abren sus puertas para invitarte a conocer la forma de vida tradicional de las gente que all\u00ed habitaron.\u00a0<\/p>\n\n\n\n<p><strong>Recomendaci\u00f3n:<\/strong> Para planificar bien la visita, conviene seguir las actualizaciones de la Oficina de Turismo del Valle del Jerte, ya que las fechas de la floraci\u00f3n var\u00edan cada a\u00f1o seg\u00fan la climatolog\u00eda.<\/p>\n\n\n\n<div class=\"wp-block-buttons is-layout-flex wp-block-buttons-is-layout-flex\">\n<div class=\"wp-block-button\"><a class=\"wp-block-button__link wp-element-button\" href=\"\/casas-rurales\/valle-del-jerte\">Alojamientos rurales en el Valle del Jerte<\/a><\/div>\n<\/div>\n\n\n\n<h2 class=\"wp-block-heading\" id=\"h-comarca-de-la-sidra-asturias\"><strong>Comarca de la Sidra<\/strong> (<a href=\"\/casas-rurales\/asturias\">Asturias<\/a>)<\/h2>\n\n\n\n<figure class=\"wp-block-image size-large\"><img loading=\"lazy\" decoding=\"async\" width=\"1024\" height=\"1024\" src=\"https:\/\/www.escapadarural.com\/blog\/wp-content\/uploads\/2025\/03\/comarca-de-la-sidra-1024x1024.webp\" alt=\"Comarca de la Sidra, Asturias. Por: IMAG3S\" class=\"wp-image-195646\" srcset=\"https:\/\/www.escapadarural.com\/blog\/wp-content\/uploads\/2025\/03\/comarca-de-la-sidra-66x66.webp 66w, https:\/\/www.escapadarural.com\/blog\/wp-content\/uploads\/2025\/03\/comarca-de-la-sidra-150x150.webp 150w, https:\/\/www.escapadarural.com\/blog\/wp-content\/uploads\/2025\/03\/comarca-de-la-sidra-200x200.webp 200w, https:\/\/www.escapadarural.com\/blog\/wp-content\/uploads\/2025\/03\/comarca-de-la-sidra-300x300.webp 300w, https:\/\/www.escapadarural.com\/blog\/wp-content\/uploads\/2025\/03\/comarca-de-la-sidra-400x400.webp 400w, https:\/\/www.escapadarural.com\/blog\/wp-content\/uploads\/2025\/03\/comarca-de-la-sidra-600x600.webp 600w, https:\/\/www.escapadarural.com\/blog\/wp-content\/uploads\/2025\/03\/comarca-de-la-sidra-768x768.webp 768w, https:\/\/www.escapadarural.com\/blog\/wp-content\/uploads\/2025\/03\/comarca-de-la-sidra-800x800.webp 800w, https:\/\/www.escapadarural.com\/blog\/wp-content\/uploads\/2025\/03\/comarca-de-la-sidra-1024x1024.webp 1024w, https:\/\/www.escapadarural.com\/blog\/wp-content\/uploads\/2025\/03\/comarca-de-la-sidra.webp 1080w\" sizes=\"auto, (max-width: 1024px) 100vw, 1024px\" \/><figcaption class=\"wp-element-caption\">Comarca de la Sidra, Asturias. Por: IMAG3S<\/figcaption><\/figure>\n\n\n\n<ul class=\"wp-block-list\">\n<li><strong>Ruta:<\/strong> Villaviciosa &#8211; Nava<\/li>\n\n\n\n<li><strong>Fecha de floraci\u00f3n:<\/strong> Mitad de abril a principios de mayo<\/li>\n<\/ul>\n\n\n\n<p>En el coraz\u00f3n de Asturias, la <strong>Comarca de la Sidra<\/strong>, integrada por los municipios de Villaviciosa, Nava, Cabranes, Colunga, Sariego y Bimenes, ofrece otro tipo de floraci\u00f3n, quiz\u00e1 menos conocida, pero igual de especial, la de los manzanos. Este fen\u00f3meno natural ti\u00f1e los campos de blanco y rosa ofreciendo un espect\u00e1culo visual que marca el inicio de la temporada de la sidra, se\u00f1a de identidad de esta regi\u00f3n.\u00a0<\/p>\n\n\n\n<p>Una posible ruta para disfrutar del entorno ser\u00eda la que une <strong>Villaviciosa<\/strong>, capital sidrera por excelencia, con Nava, donde se encuentra el Museo de la Sidra, pasando por pintorescas localidades como Sariego y Cabranes. Durante el recorrido en coche, es posible detenerse en diversas pumaradas (plantaciones de manzanos) y as\u00ed vivir la experiencia en primera persona.\u00a0\u00a0<\/p>\n\n\n\n<p>Adem\u00e1s cada a\u00f1o, esta comarca organiza la <strong>Semana de la Floraci\u00f3n del Manzano<\/strong>, que en 2025 se celebrar\u00e1 del 1 al 4 de mayo. Durante estos d\u00edas, podr\u00e1s unirte a diferentes actividades como visitas guiadas a pumaradas, talleres y rutas interpretativas que permitir\u00e1n a los visitantes conocer de cerca el cultivo del manzano y la cultura sidrera. E incluso tendr\u00e1s la oportunidad de degustar men\u00fas especiales basados en la gastronom\u00eda asturiana y la sidra. De esta forma, tu escapada a Asturias se convertir\u00e1 en toda una experiencia sensorial.<\/p>\n\n\n\n<div class=\"wp-block-buttons is-layout-flex wp-block-buttons-is-layout-flex\">\n<div class=\"wp-block-button\"><a class=\"wp-block-button__link wp-element-button\" href=\"\/casas-rurales\/asturias\">Alojamientos rurales en Asturias<\/a><\/div>\n<\/div>\n\n\n\n<h2 class=\"wp-block-heading\" id=\"h-brihuega-y-la-lavanda-guadalajara\"><strong>Brihuega y la lavanda<\/strong> (<a href=\"\/casas-rurales\/guadalajara\">Guadalajara<\/a>)<\/h2>\n\n\n\n<figure class=\"wp-block-image size-full\"><img loading=\"lazy\" decoding=\"async\" width=\"1024\" height=\"549\" src=\"https:\/\/www.escapadarural.com\/blog\/wp-content\/uploads\/2025\/01\/11_PaisajesMitologicos_CamposLavanda_AyuntamientoBrihuega_WP17.webp\" alt=\"Campos de lavanda en floraci\u00f3n en Brihuega (Guadalajara).\" class=\"wp-image-187721\" srcset=\"https:\/\/www.escapadarural.com\/blog\/wp-content\/uploads\/2025\/01\/11_PaisajesMitologicos_CamposLavanda_AyuntamientoBrihuega_WP17-200x107.webp 200w, https:\/\/www.escapadarural.com\/blog\/wp-content\/uploads\/2025\/01\/11_PaisajesMitologicos_CamposLavanda_AyuntamientoBrihuega_WP17-300x161.webp 300w, https:\/\/www.escapadarural.com\/blog\/wp-content\/uploads\/2025\/01\/11_PaisajesMitologicos_CamposLavanda_AyuntamientoBrihuega_WP17-400x214.webp 400w, https:\/\/www.escapadarural.com\/blog\/wp-content\/uploads\/2025\/01\/11_PaisajesMitologicos_CamposLavanda_AyuntamientoBrihuega_WP17-600x322.webp 600w, https:\/\/www.escapadarural.com\/blog\/wp-content\/uploads\/2025\/01\/11_PaisajesMitologicos_CamposLavanda_AyuntamientoBrihuega_WP17-768x412.webp 768w, https:\/\/www.escapadarural.com\/blog\/wp-content\/uploads\/2025\/01\/11_PaisajesMitologicos_CamposLavanda_AyuntamientoBrihuega_WP17-800x429.webp 800w, https:\/\/www.escapadarural.com\/blog\/wp-content\/uploads\/2025\/01\/11_PaisajesMitologicos_CamposLavanda_AyuntamientoBrihuega_WP17.webp 1024w\" sizes=\"auto, (max-width: 1024px) 100vw, 1024px\" \/><figcaption class=\"wp-element-caption\">Campos de lavanda en floraci\u00f3n en Brihuega (Guadalajara). Por Ayuntamiento de Brihuega.<\/figcaption><\/figure>\n\n\n\n<ul class=\"wp-block-list\">\n<li><strong>Ruta:<\/strong> Brihuega y lo campos del entorno<\/li>\n\n\n\n<li><strong>Fecha de floraci\u00f3n:<\/strong> julio (la floraci\u00f3n suele estar en su punto \u00e1lgido en la segunda quincena)<\/li>\n<\/ul>\n\n\n\n<p>Parece que al t\u00e9rmino de la primavera concluyen las floraciones y eso no es as\u00ed. Nos escapamos hasta el coraz\u00f3n de la provincia de Guadalajara para conocer uno de los lugares m\u00e1s visitados de Espa\u00f1a durante el mes de julio, la localidad de <strong>Brihuega<\/strong>. Aqu\u00ed los campos de lavanda son el mayor reclamo. Su intenso color violeta contrasta con el cielo y las tierras castellanas creando una imagen de postal id\u00edlica. Y sino que se lo pregunten a los miles de visitantes de todo el mundo que se acercan todos los a\u00f1os para sacarse una bonita foto.\u00a0<\/p>\n\n\n\n<p>Eso s\u00ed, hay que tener en cuenta que no todos los campos son visitables. Muchos son propiedad privada y no est\u00e1 permitido el acceso, los podr\u00e1s disfrutar desde la distancia. Pero s\u00ed quieres ser parte de este fen\u00f3meno, desde la Oficina de Turismo de <a href=\"\/blog\/que-ver-en-brihuega\/\">Brihuega <\/a>han elaborado un mapa con los campos de lavanda de la comarca de La Alcarria y varias recomendaciones para una visita eficaz. Entre ellos, se encuentran las rutas de Brihuega &#8211; Villaviciosa, Brihuega &#8211; Villaviciosa: Monolito, Brihuega &#8211; Villaviciosa: Campos antes de llegar a Villaviciosa y Brihuega &#8211; Malacuera.\u00a0<\/p>\n\n\n\n<p>El mejor momento para visitarlos es en la segunda quincena de julio, coincidiendo con la floraci\u00f3n m\u00e1s intensa y con el ya famoso <strong>Festival de la Lavanda<\/strong>, que este 2025 se celebrar\u00e1 el 11, 12, 18 y 19 julio. Un evento que ofrece conciertos al aire libre, visitas guiadas y actividades relacionadas con esta arom\u00e1tica planta como vuelos en globo o talleres para aprender sobre el cultivo y la destilaci\u00f3n de la lavanda.\u00a0<\/p>\n\n\n\n<p>Y adem\u00e1s de conocer de los terrenos en flor, el propio municipio de Brihuega merece una visita pausada. Entre sus principales atractivos est\u00e1 el castillo de la <strong>Piedra Bermeja<\/strong>, las murallas medievales y una red de t\u00faneles subterr\u00e1neos de origen \u00e1raba que recorren el subsuelo del municipio. Estas cuevas construidas entre los siglos X y XI, ofrecen una perspectiva diferente de la rica historia de Brihuega.<\/p>\n\n\n\n<div class=\"wp-block-buttons is-layout-flex wp-block-buttons-is-layout-flex\">\n<div class=\"wp-block-button\"><a class=\"wp-block-button__link wp-element-button\" href=\"\/casas-rurales\/brihuega\">Alojamientos rurales en Brihuega<\/a><\/div>\n<\/div>\n\n\n\n<p><\/p>\n","protected":false},"excerpt":{"rendered":"<p>Te contamos cu\u00e1ndo ir, de d\u00f3nde salir, a d\u00f3nde llegar y, sobre todo, por qu\u00e9 no te puedes perder estas 3 rutas para ver la floraci\u00f3n<\/p>\n","protected":false},"author":98,"featured_media":197879,"comment_status":"open","ping_status":"open","sticky":false,"template":"","format":"standard","meta":{"_acf_changed":false,"om_disable_all_campaigns":false,"footnotes":""},"categories":[1379],"tags":[215,257,6088],"class_list":["post-198937","post","type-post","status-publish","format-standard","has-post-thumbnail","hentry","category-rutas-y-excursiones","tag-listado","tag-primavera","tag-rutas"],"acf":[],"featured_image_src":"https:\/\/www.escapadarural.com\/blog\/wp-content\/uploads\/2025\/03\/Valle-del-Jerte.webp","author_info":{"display_name":"Miryam Tejada","author_link":"https:\/\/www.escapadarural.com\/blog\/autor\/miryam\/"},"yoast_head":"<!-- This site is optimized with the Yoast SEO plugin v27.5 - https:\/\/yoast.com\/product\/yoast-seo-wordpress\/ -->\n<title>3 rutas para ver la floraci\u00f3n - EscapadaRural<\/title>\n<meta name=\"description\" content=\"Te contamos cu\u00e1ndo ir, de d\u00f3nde salir, a d\u00f3nde llegar y, sobre todo, por qu\u00e9 no te puedes perder estas 3 rutas para ver la floraci\u00f3n\" \/>\n<meta name=\"robots\" content=\"index, follow, max-snippet:-1, max-image-preview:large, max-video-preview:-1\" \/>\n<link rel=\"canonical\" href=\"https:\/\/www.escapadarural.com\/blog\/rutas-para-ver-la-floracion\/\" \/>\n<meta property=\"og:locale\" content=\"es_ES\" \/>\n<meta property=\"og:type\" content=\"article\" \/>\n<meta property=\"og:title\" content=\"3 rutas para ver la floraci\u00f3n - EscapadaRural\" \/>\n<meta property=\"og:description\" content=\"Te contamos cu\u00e1ndo ir, de d\u00f3nde salir, a d\u00f3nde llegar y, sobre todo, por qu\u00e9 no te puedes perder estas 3 rutas para ver la floraci\u00f3n\" \/>\n<meta property=\"og:url\" content=\"https:\/\/www.escapadarural.com\/blog\/rutas-para-ver-la-floracion\/\" \/>\n<meta property=\"og:site_name\" content=\"Magazine de viajes de EscapadaRural\" \/>\n<meta property=\"article:publisher\" content=\"https:\/\/www.facebook.com\/escapadarural\" \/>\n<meta property=\"article:published_time\" content=\"2025-04-13T09:44:07+00:00\" \/>\n<meta property=\"article:modified_time\" content=\"2026-02-05T12:57:57+00:00\" \/>\n<meta property=\"og:image\" content=\"https:\/\/www.escapadarural.com\/blog\/wp-content\/uploads\/2025\/03\/Valle-del-Jerte.webp\" \/>\n\t<meta property=\"og:image:width\" content=\"1080\" \/>\n\t<meta property=\"og:image:height\" content=\"1080\" \/>\n\t<meta property=\"og:image:type\" content=\"image\/webp\" \/>\n<meta name=\"author\" content=\"Miryam Tejada\" \/>\n<meta name=\"twitter:card\" content=\"summary_large_image\" \/>\n<meta name=\"twitter:label1\" content=\"Escrito por\" \/>\n\t<meta name=\"twitter:data1\" content=\"Miryam Tejada\" \/>\n\t<meta name=\"twitter:label2\" content=\"Tiempo de lectura\" \/>\n\t<meta name=\"twitter:data2\" content=\"1 minuto\" \/>\n<script type=\"application\/ld+json\" class=\"yoast-schema-graph\">{\"@context\":\"https:\\\/\\\/schema.org\",\"@graph\":[{\"@type\":\"Article\",\"@id\":\"https:\\\/\\\/www.escapadarural.com\\\/blog\\\/rutas-para-ver-la-floracion\\\/#article\",\"isPartOf\":{\"@id\":\"https:\\\/\\\/www.escapadarural.com\\\/blog\\\/rutas-para-ver-la-floracion\\\/\"},\"author\":{\"name\":\"Miryam Tejada\",\"@id\":\"https:\\\/\\\/www.escapadarural.com\\\/blog\\\/#\\\/schema\\\/person\\\/3a79b504f208fd6cf3bb52c608e311f0\"},\"headline\":\"3 rutas para ver la floraci\u00f3n\",\"datePublished\":\"2025-04-13T09:44:07+00:00\",\"dateModified\":\"2026-02-05T12:57:57+00:00\",\"mainEntityOfPage\":{\"@id\":\"https:\\\/\\\/www.escapadarural.com\\\/blog\\\/rutas-para-ver-la-floracion\\\/\"},\"wordCount\":1192,\"commentCount\":1,\"publisher\":{\"@id\":\"https:\\\/\\\/www.escapadarural.com\\\/blog\\\/#organization\"},\"image\":{\"@id\":\"https:\\\/\\\/www.escapadarural.com\\\/blog\\\/rutas-para-ver-la-floracion\\\/#primaryimage\"},\"thumbnailUrl\":\"https:\\\/\\\/www.escapadarural.com\\\/blog\\\/wp-content\\\/uploads\\\/2025\\\/03\\\/Valle-del-Jerte.webp\",\"keywords\":[\"Listado\",\"Primavera\",\"Rutas\"],\"articleSection\":[\"Rutas y excursiones\"],\"inLanguage\":\"es\",\"potentialAction\":[{\"@type\":\"CommentAction\",\"name\":\"Comment\",\"target\":[\"https:\\\/\\\/www.escapadarural.com\\\/blog\\\/rutas-para-ver-la-floracion\\\/#respond\"]}]},{\"@type\":\"WebPage\",\"@id\":\"https:\\\/\\\/www.escapadarural.com\\\/blog\\\/rutas-para-ver-la-floracion\\\/\",\"url\":\"https:\\\/\\\/www.escapadarural.com\\\/blog\\\/rutas-para-ver-la-floracion\\\/\",\"name\":\"3 rutas para ver la floraci\u00f3n - EscapadaRural\",\"isPartOf\":{\"@id\":\"https:\\\/\\\/www.escapadarural.com\\\/blog\\\/#website\"},\"primaryImageOfPage\":{\"@id\":\"https:\\\/\\\/www.escapadarural.com\\\/blog\\\/rutas-para-ver-la-floracion\\\/#primaryimage\"},\"image\":{\"@id\":\"https:\\\/\\\/www.escapadarural.com\\\/blog\\\/rutas-para-ver-la-floracion\\\/#primaryimage\"},\"thumbnailUrl\":\"https:\\\/\\\/www.escapadarural.com\\\/blog\\\/wp-content\\\/uploads\\\/2025\\\/03\\\/Valle-del-Jerte.webp\",\"datePublished\":\"2025-04-13T09:44:07+00:00\",\"dateModified\":\"2026-02-05T12:57:57+00:00\",\"description\":\"Te contamos cu\u00e1ndo ir, de d\u00f3nde salir, a d\u00f3nde llegar y, sobre todo, por qu\u00e9 no te puedes perder estas 3 rutas para ver la floraci\u00f3n\",\"breadcrumb\":{\"@id\":\"https:\\\/\\\/www.escapadarural.com\\\/blog\\\/rutas-para-ver-la-floracion\\\/#breadcrumb\"},\"inLanguage\":\"es\",\"potentialAction\":[{\"@type\":\"ReadAction\",\"target\":[\"https:\\\/\\\/www.escapadarural.com\\\/blog\\\/rutas-para-ver-la-floracion\\\/\"]}]},{\"@type\":\"ImageObject\",\"inLanguage\":\"es\",\"@id\":\"https:\\\/\\\/www.escapadarural.com\\\/blog\\\/rutas-para-ver-la-floracion\\\/#primaryimage\",\"url\":\"https:\\\/\\\/www.escapadarural.com\\\/blog\\\/wp-content\\\/uploads\\\/2025\\\/03\\\/Valle-del-Jerte.webp\",\"contentUrl\":\"https:\\\/\\\/www.escapadarural.com\\\/blog\\\/wp-content\\\/uploads\\\/2025\\\/03\\\/Valle-del-Jerte.webp\",\"width\":1080,\"height\":1080,\"caption\":\"Valle del Jerte, Extremadura. Por: h368k742\"},{\"@type\":\"BreadcrumbList\",\"@id\":\"https:\\\/\\\/www.escapadarural.com\\\/blog\\\/rutas-para-ver-la-floracion\\\/#breadcrumb\",\"itemListElement\":[{\"@type\":\"ListItem\",\"position\":1,\"name\":\"Inicio\",\"item\":\"https:\\\/\\\/www.escapadarural.com\\\/blog\\\/\"},{\"@type\":\"ListItem\",\"position\":2,\"name\":\"Rutas y excursiones\",\"item\":\"https:\\\/\\\/www.escapadarural.com\\\/blog\\\/categoria\\\/rutas-y-excursiones\\\/\"},{\"@type\":\"ListItem\",\"position\":3,\"name\":\"3 rutas para ver la floraci\u00f3n\"}]},{\"@type\":\"WebSite\",\"@id\":\"https:\\\/\\\/www.escapadarural.com\\\/blog\\\/#website\",\"url\":\"https:\\\/\\\/www.escapadarural.com\\\/blog\\\/\",\"name\":\"Blog de viajes | turismo rural, alojamientos e inspiraci\u00f3n\",\"description\":\"Alojamientos rurales e inspiraci\u00f3n para tus escapadas\",\"publisher\":{\"@id\":\"https:\\\/\\\/www.escapadarural.com\\\/blog\\\/#organization\"},\"alternateName\":\"Magazine de viajes de EscapadaRural\",\"potentialAction\":[{\"@type\":\"SearchAction\",\"target\":{\"@type\":\"EntryPoint\",\"urlTemplate\":\"https:\\\/\\\/www.escapadarural.com\\\/blog\\\/?s={search_term_string}\"},\"query-input\":{\"@type\":\"PropertyValueSpecification\",\"valueRequired\":true,\"valueName\":\"search_term_string\"}}],\"inLanguage\":\"es\"},{\"@type\":\"Organization\",\"@id\":\"https:\\\/\\\/www.escapadarural.com\\\/blog\\\/#organization\",\"name\":\"EscapadaRural\",\"url\":\"https:\\\/\\\/www.escapadarural.com\\\/blog\\\/\",\"logo\":{\"@type\":\"ImageObject\",\"inLanguage\":\"es\",\"@id\":\"https:\\\/\\\/www.escapadarural.com\\\/blog\\\/#\\\/schema\\\/logo\\\/image\\\/\",\"url\":\"https:\\\/\\\/www.escapadarural.com\\\/blog\\\/wp-content\\\/uploads\\\/2024\\\/10\\\/cropped-cropped-escapada-rural-icon-mag-3.png\",\"contentUrl\":\"https:\\\/\\\/www.escapadarural.com\\\/blog\\\/wp-content\\\/uploads\\\/2024\\\/10\\\/cropped-cropped-escapada-rural-icon-mag-3.png\",\"width\":512,\"height\":512,\"caption\":\"EscapadaRural\"},\"image\":{\"@id\":\"https:\\\/\\\/www.escapadarural.com\\\/blog\\\/#\\\/schema\\\/logo\\\/image\\\/\"},\"sameAs\":[\"https:\\\/\\\/www.facebook.com\\\/escapadarural\",\"https:\\\/\\\/www.instagram.com\\\/escapadarural\\\/\",\"https:\\\/\\\/www.youtube.com\\\/@escapadaruralcom\"]},{\"@type\":\"Person\",\"@id\":\"https:\\\/\\\/www.escapadarural.com\\\/blog\\\/#\\\/schema\\\/person\\\/3a79b504f208fd6cf3bb52c608e311f0\",\"name\":\"Miryam Tejada\",\"image\":{\"@type\":\"ImageObject\",\"inLanguage\":\"es\",\"@id\":\"https:\\\/\\\/www.escapadarural.com\\\/blog\\\/wp-content\\\/uploads\\\/2024\\\/12\\\/cropped-PXL_20240524_141044774.PORTRAIT.ORIGINAL-1-scaled-2-96x96.jpg\",\"url\":\"https:\\\/\\\/www.escapadarural.com\\\/blog\\\/wp-content\\\/uploads\\\/2024\\\/12\\\/cropped-PXL_20240524_141044774.PORTRAIT.ORIGINAL-1-scaled-2-96x96.jpg\",\"contentUrl\":\"https:\\\/\\\/www.escapadarural.com\\\/blog\\\/wp-content\\\/uploads\\\/2024\\\/12\\\/cropped-PXL_20240524_141044774.PORTRAIT.ORIGINAL-1-scaled-2-96x96.jpg\",\"caption\":\"Miryam Tejada\"},\"description\":\"Mi t\u00edtulo universitario dice que soy licenciada en periodismo, pero realmente soy una todoterreno a la que le pill\u00f3 la transici\u00f3n del mundo anal\u00f3gico al digital de pleno. Es decir, soy millennial, y eso lo que conlleva, seg\u00fan las habladur\u00edas, es que me dejo llevar y priorizo mi bienestar. O lo que es lo mismo, soy una apasionada de los viajes y las experiencias, del simple hecho de tomar unas cervezas entre amigas, organizar una buena comilona en la sociedad con sobremesa larga incluida o pasar las tardes en el parque con mis gemelos.\",\"url\":\"https:\\\/\\\/www.escapadarural.com\\\/blog\\\/autor\\\/miryam\\\/\"}]}<\/script>\n<!-- \/ Yoast SEO plugin. -->","yoast_head_json":{"title":"3 rutas para ver la floraci\u00f3n - EscapadaRural","description":"Te contamos cu\u00e1ndo ir, de d\u00f3nde salir, a d\u00f3nde llegar y, sobre todo, por qu\u00e9 no te puedes perder estas 3 rutas para ver la floraci\u00f3n","robots":{"index":"index","follow":"follow","max-snippet":"max-snippet:-1","max-image-preview":"max-image-preview:large","max-video-preview":"max-video-preview:-1"},"canonical":"https:\/\/www.escapadarural.com\/blog\/rutas-para-ver-la-floracion\/","og_locale":"es_ES","og_type":"article","og_title":"3 rutas para ver la floraci\u00f3n - EscapadaRural","og_description":"Te contamos cu\u00e1ndo ir, de d\u00f3nde salir, a d\u00f3nde llegar y, sobre todo, por qu\u00e9 no te puedes perder estas 3 rutas para ver la floraci\u00f3n","og_url":"https:\/\/www.escapadarural.com\/blog\/rutas-para-ver-la-floracion\/","og_site_name":"Magazine de viajes de EscapadaRural","article_publisher":"https:\/\/www.facebook.com\/escapadarural","article_published_time":"2025-04-13T09:44:07+00:00","article_modified_time":"2026-02-05T12:57:57+00:00","og_image":[{"width":1080,"height":1080,"url":"https:\/\/www.escapadarural.com\/blog\/wp-content\/uploads\/2025\/03\/Valle-del-Jerte.webp","type":"image\/webp"}],"author":"Miryam Tejada","twitter_card":"summary_large_image","twitter_misc":{"Escrito por":"Miryam Tejada","Tiempo de lectura":"1 minuto"},"schema":{"@context":"https:\/\/schema.org","@graph":[{"@type":"Article","@id":"https:\/\/www.escapadarural.com\/blog\/rutas-para-ver-la-floracion\/#article","isPartOf":{"@id":"https:\/\/www.escapadarural.com\/blog\/rutas-para-ver-la-floracion\/"},"author":{"name":"Miryam Tejada","@id":"https:\/\/www.escapadarural.com\/blog\/#\/schema\/person\/3a79b504f208fd6cf3bb52c608e311f0"},"headline":"3 rutas para ver la floraci\u00f3n","datePublished":"2025-04-13T09:44:07+00:00","dateModified":"2026-02-05T12:57:57+00:00","mainEntityOfPage":{"@id":"https:\/\/www.escapadarural.com\/blog\/rutas-para-ver-la-floracion\/"},"wordCount":1192,"commentCount":1,"publisher":{"@id":"https:\/\/www.escapadarural.com\/blog\/#organization"},"image":{"@id":"https:\/\/www.escapadarural.com\/blog\/rutas-para-ver-la-floracion\/#primaryimage"},"thumbnailUrl":"https:\/\/www.escapadarural.com\/blog\/wp-content\/uploads\/2025\/03\/Valle-del-Jerte.webp","keywords":["Listado","Primavera","Rutas"],"articleSection":["Rutas y excursiones"],"inLanguage":"es","potentialAction":[{"@type":"CommentAction","name":"Comment","target":["https:\/\/www.escapadarural.com\/blog\/rutas-para-ver-la-floracion\/#respond"]}]},{"@type":"WebPage","@id":"https:\/\/www.escapadarural.com\/blog\/rutas-para-ver-la-floracion\/","url":"https:\/\/www.escapadarural.com\/blog\/rutas-para-ver-la-floracion\/","name":"3 rutas para ver la floraci\u00f3n - EscapadaRural","isPartOf":{"@id":"https:\/\/www.escapadarural.com\/blog\/#website"},"primaryImageOfPage":{"@id":"https:\/\/www.escapadarural.com\/blog\/rutas-para-ver-la-floracion\/#primaryimage"},"image":{"@id":"https:\/\/www.escapadarural.com\/blog\/rutas-para-ver-la-floracion\/#primaryimage"},"thumbnailUrl":"https:\/\/www.escapadarural.com\/blog\/wp-content\/uploads\/2025\/03\/Valle-del-Jerte.webp","datePublished":"2025-04-13T09:44:07+00:00","dateModified":"2026-02-05T12:57:57+00:00","description":"Te contamos cu\u00e1ndo ir, de d\u00f3nde salir, a d\u00f3nde llegar y, sobre todo, por qu\u00e9 no te puedes perder estas 3 rutas para ver la floraci\u00f3n","breadcrumb":{"@id":"https:\/\/www.escapadarural.com\/blog\/rutas-para-ver-la-floracion\/#breadcrumb"},"inLanguage":"es","potentialAction":[{"@type":"ReadAction","target":["https:\/\/www.escapadarural.com\/blog\/rutas-para-ver-la-floracion\/"]}]},{"@type":"ImageObject","inLanguage":"es","@id":"https:\/\/www.escapadarural.com\/blog\/rutas-para-ver-la-floracion\/#primaryimage","url":"https:\/\/www.escapadarural.com\/blog\/wp-content\/uploads\/2025\/03\/Valle-del-Jerte.webp","contentUrl":"https:\/\/www.escapadarural.com\/blog\/wp-content\/uploads\/2025\/03\/Valle-del-Jerte.webp","width":1080,"height":1080,"caption":"Valle del Jerte, Extremadura. Por: h368k742"},{"@type":"BreadcrumbList","@id":"https:\/\/www.escapadarural.com\/blog\/rutas-para-ver-la-floracion\/#breadcrumb","itemListElement":[{"@type":"ListItem","position":1,"name":"Inicio","item":"https:\/\/www.escapadarural.com\/blog\/"},{"@type":"ListItem","position":2,"name":"Rutas y excursiones","item":"https:\/\/www.escapadarural.com\/blog\/categoria\/rutas-y-excursiones\/"},{"@type":"ListItem","position":3,"name":"3 rutas para ver la floraci\u00f3n"}]},{"@type":"WebSite","@id":"https:\/\/www.escapadarural.com\/blog\/#website","url":"https:\/\/www.escapadarural.com\/blog\/","name":"Blog de viajes | turismo rural, alojamientos e inspiraci\u00f3n","description":"Alojamientos rurales e inspiraci\u00f3n para tus escapadas","publisher":{"@id":"https:\/\/www.escapadarural.com\/blog\/#organization"},"alternateName":"Magazine de viajes de EscapadaRural","potentialAction":[{"@type":"SearchAction","target":{"@type":"EntryPoint","urlTemplate":"https:\/\/www.escapadarural.com\/blog\/?s={search_term_string}"},"query-input":{"@type":"PropertyValueSpecification","valueRequired":true,"valueName":"search_term_string"}}],"inLanguage":"es"},{"@type":"Organization","@id":"https:\/\/www.escapadarural.com\/blog\/#organization","name":"EscapadaRural","url":"https:\/\/www.escapadarural.com\/blog\/","logo":{"@type":"ImageObject","inLanguage":"es","@id":"https:\/\/www.escapadarural.com\/blog\/#\/schema\/logo\/image\/","url":"https:\/\/www.escapadarural.com\/blog\/wp-content\/uploads\/2024\/10\/cropped-cropped-escapada-rural-icon-mag-3.png","contentUrl":"https:\/\/www.escapadarural.com\/blog\/wp-content\/uploads\/2024\/10\/cropped-cropped-escapada-rural-icon-mag-3.png","width":512,"height":512,"caption":"EscapadaRural"},"image":{"@id":"https:\/\/www.escapadarural.com\/blog\/#\/schema\/logo\/image\/"},"sameAs":["https:\/\/www.facebook.com\/escapadarural","https:\/\/www.instagram.com\/escapadarural\/","https:\/\/www.youtube.com\/@escapadaruralcom"]},{"@type":"Person","@id":"https:\/\/www.escapadarural.com\/blog\/#\/schema\/person\/3a79b504f208fd6cf3bb52c608e311f0","name":"Miryam Tejada","image":{"@type":"ImageObject","inLanguage":"es","@id":"https:\/\/www.escapadarural.com\/blog\/wp-content\/uploads\/2024\/12\/cropped-PXL_20240524_141044774.PORTRAIT.ORIGINAL-1-scaled-2-96x96.jpg","url":"https:\/\/www.escapadarural.com\/blog\/wp-content\/uploads\/2024\/12\/cropped-PXL_20240524_141044774.PORTRAIT.ORIGINAL-1-scaled-2-96x96.jpg","contentUrl":"https:\/\/www.escapadarural.com\/blog\/wp-content\/uploads\/2024\/12\/cropped-PXL_20240524_141044774.PORTRAIT.ORIGINAL-1-scaled-2-96x96.jpg","caption":"Miryam Tejada"},"description":"Mi t\u00edtulo universitario dice que soy licenciada en periodismo, pero realmente soy una todoterreno a la que le pill\u00f3 la transici\u00f3n del mundo anal\u00f3gico al digital de pleno. Es decir, soy millennial, y eso lo que conlleva, seg\u00fan las habladur\u00edas, es que me dejo llevar y priorizo mi bienestar. O lo que es lo mismo, soy una apasionada de los viajes y las experiencias, del simple hecho de tomar unas cervezas entre amigas, organizar una buena comilona en la sociedad con sobremesa larga incluida o pasar las tardes en el parque con mis gemelos.","url":"https:\/\/www.escapadarural.com\/blog\/autor\/miryam\/"}]}},"_links":{"self":[{"href":"https:\/\/www.escapadarural.com\/blog\/wp-json\/wp\/v2\/posts\/198937","targetHints":{"allow":["GET"]}}],"collection":[{"href":"https:\/\/www.escapadarural.com\/blog\/wp-json\/wp\/v2\/posts"}],"about":[{"href":"https:\/\/www.escapadarural.com\/blog\/wp-json\/wp\/v2\/types\/post"}],"author":[{"embeddable":true,"href":"https:\/\/www.escapadarural.com\/blog\/wp-json\/wp\/v2\/users\/98"}],"replies":[{"embeddable":true,"href":"https:\/\/www.escapadarural.com\/blog\/wp-json\/wp\/v2\/comments?post=198937"}],"version-history":[{"count":0,"href":"https:\/\/www.escapadarural.com\/blog\/wp-json\/wp\/v2\/posts\/198937\/revisions"}],"wp:featuredmedia":[{"embeddable":true,"href":"https:\/\/www.escapadarural.com\/blog\/wp-json\/wp\/v2\/media\/197879"}],"wp:attachment":[{"href":"https:\/\/www.escapadarural.com\/blog\/wp-json\/wp\/v2\/media?parent=198937"}],"wp:term":[{"taxonomy":"category","embeddable":true,"href":"https:\/\/www.escapadarural.com\/blog\/wp-json\/wp\/v2\/categories?post=198937"},{"taxonomy":"post_tag","embeddable":true,"href":"https:\/\/www.escapadarural.com\/blog\/wp-json\/wp\/v2\/tags?post=198937"}],"curies":[{"name":"wp","href":"https:\/\/api.w.org\/{rel}","templated":true}]}}