{"id":199049,"date":"2025-04-29T08:00:00","date_gmt":"2025-04-29T06:00:00","guid":{"rendered":"https:\/\/www.escapadarural.com\/blog\/?p=199049"},"modified":"2025-08-11T08:42:41","modified_gmt":"2025-08-11T06:42:41","slug":"el-primer-selfie-de-la-historia","status":"publish","type":"post","link":"https:\/\/www.escapadarural.com\/blog\/el-primer-selfie-de-la-historia\/","title":{"rendered":"El primer selfie de la historia est\u00e1 en un monasterio muy cerca de Barcelona\u2026 \u00a1y la visita es gratis!"},"content":{"rendered":"\n<figure class=\"wp-block-image size-full\"><img loading=\"lazy\" decoding=\"async\" width=\"1024\" height=\"768\" src=\"https:\/\/www.escapadarural.com\/blog\/wp-content\/uploads\/2025\/04\/01_PrimerSelfie_SelfiePiedra_TillFTeenk_WP01.webp\" alt=\"El primer selfie de la historia: autorretrato en piedra de Arnau Cadell, en el monasterio de Sant Cugat del Vall\u00e8s (Barcelona).\" class=\"wp-image-199075\" srcset=\"https:\/\/www.escapadarural.com\/blog\/wp-content\/uploads\/2025\/04\/01_PrimerSelfie_SelfiePiedra_TillFTeenk_WP01-200x150.webp 200w, https:\/\/www.escapadarural.com\/blog\/wp-content\/uploads\/2025\/04\/01_PrimerSelfie_SelfiePiedra_TillFTeenk_WP01-300x225.webp 300w, https:\/\/www.escapadarural.com\/blog\/wp-content\/uploads\/2025\/04\/01_PrimerSelfie_SelfiePiedra_TillFTeenk_WP01-400x300.webp 400w, https:\/\/www.escapadarural.com\/blog\/wp-content\/uploads\/2025\/04\/01_PrimerSelfie_SelfiePiedra_TillFTeenk_WP01-600x450.webp 600w, https:\/\/www.escapadarural.com\/blog\/wp-content\/uploads\/2025\/04\/01_PrimerSelfie_SelfiePiedra_TillFTeenk_WP01-768x576.webp 768w, https:\/\/www.escapadarural.com\/blog\/wp-content\/uploads\/2025\/04\/01_PrimerSelfie_SelfiePiedra_TillFTeenk_WP01-800x600.webp 800w, https:\/\/www.escapadarural.com\/blog\/wp-content\/uploads\/2025\/04\/01_PrimerSelfie_SelfiePiedra_TillFTeenk_WP01.webp 1024w\" sizes=\"auto, (max-width: 1024px) 100vw, 1024px\" \/><figcaption class=\"wp-element-caption\">El primer <em>selfie<\/em> de la historia: autorretrato en piedra de Arnau Cadell, en el monasterio de Sant Cugat del Vall\u00e8s (Barcelona). Por <a href=\"https:\/\/commons.wikimedia.org\/wiki\/File:Monestir_de_Sant_Cugat_del_Vall%C3%A8s_6.jpg\" target=\"_blank\" rel=\"noreferrer noopener nofollow\">Till F. Teenck<\/a>.<\/figcaption><\/figure>\n\n\n\n<p>El <strong>monasterio de Sant Cugat<\/strong> es una aut\u00e9ntica joya de la arquitectura <a href=\"\/blog\/tag\/medieval\/\">medieval<\/a>. Se encuentra a apenas veinte minutos de Barcelona y, entre sus numerosos atractivos, destaca su claustro rom\u00e1nico. Este singular espacio, cuya visita por libre es completamente gratuita, guarda un secreto muy especial: el que posiblemente sea <strong>el primer <em>selfie<\/em> de la historia<\/strong>. \u00bfNos acompa\u00f1as y te lo ense\u00f1amos?<\/p>\n\n\n\n<div class=\"wp-block-buttons is-layout-flex wp-block-buttons-is-layout-flex\">\n<div class=\"wp-block-button\"><a class=\"wp-block-button__link wp-element-button\" href=\"\/casas-rurales\/sant-cugat-del-valles\">Alojamientos rurales cerca de Sant Cugat<\/a><\/div>\n<\/div>\n\n\n\n<h2 class=\"wp-block-heading\" id=\"h-en-busca-del-primer-selfie-de-la-historia\">En busca del primer <em>selfie<\/em> de la historia<\/h2>\n\n\n\n<figure class=\"wp-block-image size-full\"><img loading=\"lazy\" decoding=\"async\" width=\"1024\" height=\"683\" src=\"https:\/\/www.escapadarural.com\/blog\/wp-content\/uploads\/2025\/04\/02_PrimerSelfie_Selfie_JacobLund_AdobeStock_189226336_WP02.webp\" alt=\"Un grupo de amigos tom\u00e1ndose un selfie. \" class=\"wp-image-199077\" srcset=\"https:\/\/www.escapadarural.com\/blog\/wp-content\/uploads\/2025\/04\/02_PrimerSelfie_Selfie_JacobLund_AdobeStock_189226336_WP02-200x133.webp 200w, https:\/\/www.escapadarural.com\/blog\/wp-content\/uploads\/2025\/04\/02_PrimerSelfie_Selfie_JacobLund_AdobeStock_189226336_WP02-300x200.webp 300w, https:\/\/www.escapadarural.com\/blog\/wp-content\/uploads\/2025\/04\/02_PrimerSelfie_Selfie_JacobLund_AdobeStock_189226336_WP02-400x267.webp 400w, https:\/\/www.escapadarural.com\/blog\/wp-content\/uploads\/2025\/04\/02_PrimerSelfie_Selfie_JacobLund_AdobeStock_189226336_WP02-600x400.webp 600w, https:\/\/www.escapadarural.com\/blog\/wp-content\/uploads\/2025\/04\/02_PrimerSelfie_Selfie_JacobLund_AdobeStock_189226336_WP02-768x512.webp 768w, https:\/\/www.escapadarural.com\/blog\/wp-content\/uploads\/2025\/04\/02_PrimerSelfie_Selfie_JacobLund_AdobeStock_189226336_WP02-800x534.webp 800w, https:\/\/www.escapadarural.com\/blog\/wp-content\/uploads\/2025\/04\/02_PrimerSelfie_Selfie_JacobLund_AdobeStock_189226336_WP02.webp 1024w\" sizes=\"auto, (max-width: 1024px) 100vw, 1024px\" \/><figcaption class=\"wp-element-caption\">Un grupo de amigos tom\u00e1ndose un <em>selfie<\/em>. Por Jacob Lund.<\/figcaption><\/figure>\n\n\n\n<p><strong>El t\u00e9rmino <em>selfie<\/em> fue acu\u00f1ado en 2002<\/strong> por un australiano llamado Nathan Hope. Tras hacerse una gran herida, Hope public\u00f3 su foto en un foro de internet con el siguiente texto: \u00abBorracho en el cumplea\u00f1os 21 de un amigo, me tropec\u00e9 y ca\u00ed de bruces (con los dientes delanteros muy cerca) en unos escalones. Me hice un agujero de un cent\u00edmetro de largo en el labio inferior. Y perd\u00f3n por el enfoque, era una <em>selfie<\/em>\u00ab. La palabra cal\u00f3, el resto es historia.<\/p>\n\n\n\n<p>Hoy en d\u00eda estamos m\u00e1s que acostumbrados a los <em>selfies<\/em>. De hecho, un estudio reciente afirma que se disparan <strong>92 millones de <em>selfies<\/em> en el mundo al d\u00eda<\/strong>. \u00a1Al d\u00eda! Constantemente buscamos <a href=\"\/blog\/destinos-mas-instagrameables-de-espana\/\">el lugar perfecto para sacarnos el <em>selfie<\/em> perfecto<\/a>. Tan f\u00e1cil como sacar el m\u00f3vil, enfocar y \u00a1click! Ya tenemos nuestro autorretrato.<\/p>\n\n\n\n<p>Pero no siempre fue as\u00ed. Antes de las redes sociales y de que se extendiera el uso de los <em>smartphones<\/em>, ya tend\u00edamos a autorretratarnos. <strong>Aunque no los llam\u00e1ramos as\u00ed, <em>selfies<\/em>, hab\u00eda ya desde la Edad Media<\/strong>. Lo que cambiaba eran los m\u00e9todos, que no resultaban tan sencillos como desenfundar nuestro m\u00f3vil.<\/p>\n\n\n\n<h2 class=\"wp-block-heading\" id=\"h-metodos-rudimentarios-para-sacarse-un-selfie\">M\u00e9todos rudimentarios para sacarse un <em>selfie<\/em><\/h2>\n\n\n\n<figure class=\"wp-block-image size-large\"><img loading=\"lazy\" decoding=\"async\" width=\"807\" height=\"1024\" src=\"https:\/\/www.escapadarural.com\/blog\/wp-content\/uploads\/2025\/04\/03_PrimerSelfie_RobertCornelius_WP03-807x1024.webp\" alt=\"El primer selfie de la historia: autorretrato de Robert Cornelius (1839).\" class=\"wp-image-199078\" srcset=\"https:\/\/www.escapadarural.com\/blog\/wp-content\/uploads\/2025\/04\/03_PrimerSelfie_RobertCornelius_WP03-200x254.webp 200w, https:\/\/www.escapadarural.com\/blog\/wp-content\/uploads\/2025\/04\/03_PrimerSelfie_RobertCornelius_WP03-236x300.webp 236w, https:\/\/www.escapadarural.com\/blog\/wp-content\/uploads\/2025\/04\/03_PrimerSelfie_RobertCornelius_WP03-400x508.webp 400w, https:\/\/www.escapadarural.com\/blog\/wp-content\/uploads\/2025\/04\/03_PrimerSelfie_RobertCornelius_WP03-600x762.webp 600w, https:\/\/www.escapadarural.com\/blog\/wp-content\/uploads\/2025\/04\/03_PrimerSelfie_RobertCornelius_WP03-768x975.webp 768w, https:\/\/www.escapadarural.com\/blog\/wp-content\/uploads\/2025\/04\/03_PrimerSelfie_RobertCornelius_WP03-800x1016.webp 800w, https:\/\/www.escapadarural.com\/blog\/wp-content\/uploads\/2025\/04\/03_PrimerSelfie_RobertCornelius_WP03-807x1024.webp 807w, https:\/\/www.escapadarural.com\/blog\/wp-content\/uploads\/2025\/04\/03_PrimerSelfie_RobertCornelius_WP03.webp 1024w\" sizes=\"auto, (max-width: 807px) 100vw, 807px\" \/><figcaption class=\"wp-element-caption\">El primer <em>selfie<\/em> de la historia: autorretrato de Robert Cornelius (1839). Por Robert Cornelius.<\/figcaption><\/figure>\n\n\n\n<p>Antes de la era del <em>selfie<\/em>, <strong>el primer autorretrato fotogr\u00e1fico est\u00e1 fechado en 1839<\/strong>. Se le atribuye al qu\u00edmico y entusiasta de la fotograf\u00eda Robert Cornelius, que pos\u00f3 delante de un daguerrotipo en el jard\u00edn trasero del almac\u00e9n de su padre. Como dato: para obtener la imagen, se estima que Cornelius debi\u00f3 permanecer quieto entre 5 y 15 minutos. Y no se puede sostener una sonrisa durante tanto tiempo, as\u00ed que sali\u00f3 con esa cara.<\/p>\n\n\n\n<p>Si nos remontamos un poco m\u00e1s en el tiempo, antes de la invenci\u00f3n de las primeras m\u00e1quinas fotogr\u00e1ficas ya exist\u00eda cierta tendencia al autorretrato. Que le pregunten a los grandes pintores de la historia: Van Gogh, Da Vinci, Rembrandt\u2026 La lista es larga, pero si nos fijamos en el autorretrato patrio, <strong>no podemos olvidar a Vel\u00e1zquez<\/strong> y su aparici\u00f3n en su cuadro m\u00e1s c\u00e9lebre: Las Meninas.<\/p>\n\n\n\n<figure class=\"wp-block-image size-large\"><img loading=\"lazy\" decoding=\"async\" width=\"838\" height=\"1024\" src=\"https:\/\/www.escapadarural.com\/blog\/wp-content\/uploads\/2025\/04\/04_PrimerSelfie_Velazquez_WP04-838x1024.webp\" alt=\"El primer selfie de la historia: autorretrato de Diego Vel\u00e1zquez en Las Meninas (1656).\" class=\"wp-image-199079\" srcset=\"https:\/\/www.escapadarural.com\/blog\/wp-content\/uploads\/2025\/04\/04_PrimerSelfie_Velazquez_WP04-200x245.webp 200w, https:\/\/www.escapadarural.com\/blog\/wp-content\/uploads\/2025\/04\/04_PrimerSelfie_Velazquez_WP04-245x300.webp 245w, https:\/\/www.escapadarural.com\/blog\/wp-content\/uploads\/2025\/04\/04_PrimerSelfie_Velazquez_WP04-400x489.webp 400w, https:\/\/www.escapadarural.com\/blog\/wp-content\/uploads\/2025\/04\/04_PrimerSelfie_Velazquez_WP04-600x734.webp 600w, https:\/\/www.escapadarural.com\/blog\/wp-content\/uploads\/2025\/04\/04_PrimerSelfie_Velazquez_WP04-768x939.webp 768w, https:\/\/www.escapadarural.com\/blog\/wp-content\/uploads\/2025\/04\/04_PrimerSelfie_Velazquez_WP04-800x978.webp 800w, https:\/\/www.escapadarural.com\/blog\/wp-content\/uploads\/2025\/04\/04_PrimerSelfie_Velazquez_WP04-838x1024.webp 838w, https:\/\/www.escapadarural.com\/blog\/wp-content\/uploads\/2025\/04\/04_PrimerSelfie_Velazquez_WP04.webp 1024w\" sizes=\"auto, (max-width: 838px) 100vw, 838px\" \/><figcaption class=\"wp-element-caption\">El primer <em>selfie<\/em> de la historia: autorretrato de Diego Vel\u00e1zquez en Las Meninas (1656).<\/figcaption><\/figure>\n\n\n\n<h2 class=\"wp-block-heading\" id=\"h-el-primer-selfie-de-la-historia-esta-hecho-en-piedra\">El primer <em>selfie<\/em> de la historia est\u00e1 hecho en piedra<\/h2>\n\n\n\n<p>Todav\u00eda podemos ir m\u00e1s atr\u00e1s en el tiempo. En la \u00e9poca medieval, <strong>algunos canteros ten\u00edan por costumbre cincelarse a s\u00ed mismos<\/strong> en sus obras. Lo hac\u00edan de forma discreta, de tal manera que solo otros canteros pudieran darse cuenta. Por ejemplo, <a href=\"\/blog\/el-selfie-tallado-en-piedra-en-la-catedral-de-santiago-de-compostela\/\">hace poco se descubri\u00f3 en la catedral de Santiago de Compostela<\/a> un capitel donde un maestro alba\u00f1il hab\u00eda tallado una imagen de s\u00ed mismo. Un <em>selfie<\/em> en piedra de unos 900 a\u00f1os de antig\u00fcedad.<\/p>\n\n\n\n<figure class=\"wp-block-image size-full\"><img loading=\"lazy\" decoding=\"async\" width=\"1024\" height=\"768\" src=\"https:\/\/www.escapadarural.com\/blog\/wp-content\/uploads\/2025\/04\/05_PrimerSelfie_Santiago_JennyAlexander_WP05.webp\" alt=\"El primer selfie de la historia: autorretrato en piedra de un maestro alba\u00f1il en la catedral de Santiago. \" class=\"wp-image-199080\" srcset=\"https:\/\/www.escapadarural.com\/blog\/wp-content\/uploads\/2025\/04\/05_PrimerSelfie_Santiago_JennyAlexander_WP05-200x150.webp 200w, https:\/\/www.escapadarural.com\/blog\/wp-content\/uploads\/2025\/04\/05_PrimerSelfie_Santiago_JennyAlexander_WP05-300x225.webp 300w, https:\/\/www.escapadarural.com\/blog\/wp-content\/uploads\/2025\/04\/05_PrimerSelfie_Santiago_JennyAlexander_WP05-400x300.webp 400w, https:\/\/www.escapadarural.com\/blog\/wp-content\/uploads\/2025\/04\/05_PrimerSelfie_Santiago_JennyAlexander_WP05-600x450.webp 600w, https:\/\/www.escapadarural.com\/blog\/wp-content\/uploads\/2025\/04\/05_PrimerSelfie_Santiago_JennyAlexander_WP05-768x576.webp 768w, https:\/\/www.escapadarural.com\/blog\/wp-content\/uploads\/2025\/04\/05_PrimerSelfie_Santiago_JennyAlexander_WP05-800x600.webp 800w, https:\/\/www.escapadarural.com\/blog\/wp-content\/uploads\/2025\/04\/05_PrimerSelfie_Santiago_JennyAlexander_WP05.webp 1024w\" sizes=\"auto, (max-width: 1024px) 100vw, 1024px\" \/><figcaption class=\"wp-element-caption\">El primer <em>selfie<\/em> de la historia: autorretrato en piedra de un maestro alba\u00f1il en la catedral de Santiago. Por Jenny Alexander.<\/figcaption><\/figure>\n\n\n\n<p>Aproximadamente de la misma \u00e9poca es el <em>selfie<\/em> p\u00e9treo del monasterio de Sant Cugat del Vall\u00e9s. La diferencia es que, en esta ocasi\u00f3n, conocemos el nombre del personaje autorretratado. As\u00ed que podr\u00edamos decir que el de Sant Cugat es el <strong>primer <em>selfie<\/em> firmado de la historia<\/strong>. Su autor se llamaba Arnau Cadell.<\/p>\n\n\n\n<h2 class=\"wp-block-heading\" id=\"h-quien-fue-arnau-cadell\">Qui\u00e9n fue Arnau Cadell<\/h2>\n\n\n\n<figure class=\"wp-block-image size-full\"><img loading=\"lazy\" decoding=\"async\" width=\"1024\" height=\"480\" src=\"https:\/\/www.escapadarural.com\/blog\/wp-content\/uploads\/2025\/04\/13_PrimerSelfie_CatedralGirona_Claustro_jjmillan_AdobeStock_449491022_WP13.webp\" alt=\"Claustro rom\u00e1nico de la catedral de Girona, obra de Arnau Cadell.\" class=\"wp-image-199081\" srcset=\"https:\/\/www.escapadarural.com\/blog\/wp-content\/uploads\/2025\/04\/13_PrimerSelfie_CatedralGirona_Claustro_jjmillan_AdobeStock_449491022_WP13-200x94.webp 200w, https:\/\/www.escapadarural.com\/blog\/wp-content\/uploads\/2025\/04\/13_PrimerSelfie_CatedralGirona_Claustro_jjmillan_AdobeStock_449491022_WP13-300x141.webp 300w, https:\/\/www.escapadarural.com\/blog\/wp-content\/uploads\/2025\/04\/13_PrimerSelfie_CatedralGirona_Claustro_jjmillan_AdobeStock_449491022_WP13-400x188.webp 400w, https:\/\/www.escapadarural.com\/blog\/wp-content\/uploads\/2025\/04\/13_PrimerSelfie_CatedralGirona_Claustro_jjmillan_AdobeStock_449491022_WP13-600x281.webp 600w, https:\/\/www.escapadarural.com\/blog\/wp-content\/uploads\/2025\/04\/13_PrimerSelfie_CatedralGirona_Claustro_jjmillan_AdobeStock_449491022_WP13-768x360.webp 768w, https:\/\/www.escapadarural.com\/blog\/wp-content\/uploads\/2025\/04\/13_PrimerSelfie_CatedralGirona_Claustro_jjmillan_AdobeStock_449491022_WP13-800x375.webp 800w, https:\/\/www.escapadarural.com\/blog\/wp-content\/uploads\/2025\/04\/13_PrimerSelfie_CatedralGirona_Claustro_jjmillan_AdobeStock_449491022_WP13.webp 1024w\" sizes=\"auto, (max-width: 1024px) 100vw, 1024px\" \/><figcaption class=\"wp-element-caption\">Claustro rom\u00e1nico de la catedral de Girona, obra de Arnau Cadell. Por jjmillan.<\/figcaption><\/figure>\n\n\n\n<p>Arnau Cadell fue un maestro del rom\u00e1nico catal\u00e1n de los siglos XII y XIII. De gran fama como escultor, desarroll\u00f3 su labor entre 1180 y 1221. Cadell ha pasado a la historia como<strong> uno de los primeros artistas medievales de los cuales conocemos su nombre y apellidos<\/strong>, ya que alcanz\u00f3 cierta celebridad y una buena posici\u00f3n social en su \u00e9poca.<\/p>\n\n\n\n<p>El legado de Cadell consta en numerosos documentos, entre ellos su testamento, recientemente descubierto en la catedral de Girona. El <strong>claustro rom\u00e1nico de la catedral gerundense<\/strong> fue precisamente una de las dos grandes obras de su vida. La otra es el <strong>claustro rom\u00e1nico del monasterio de Sant Cugat<\/strong>, donde podemos encontrar su autorretrato en piedra. Como sabemos, este podr\u00eda ser considerado como el primer <em>selfie<\/em> de la historia.<\/p>\n\n\n\n<h2 class=\"wp-block-heading\" id=\"h-el-claustro-romanico-de-sant-cugat\">El claustro rom\u00e1nico de Sant Cugat<\/h2>\n\n\n\n<figure class=\"wp-block-image size-full\"><img loading=\"lazy\" decoding=\"async\" width=\"1024\" height=\"683\" src=\"https:\/\/www.escapadarural.com\/blog\/wp-content\/uploads\/2025\/04\/06_PrimerSelfie_Claustro_masauvalle_AdobeStock_437668950_WP06.webp\" alt=\"Claustro rom\u00e1nico del monasterio de Sant Cugat del Vall\u00e8s (Barcelona), donde podemos encontrar el primer selfie de la historia.\" class=\"wp-image-199082\" srcset=\"https:\/\/www.escapadarural.com\/blog\/wp-content\/uploads\/2025\/04\/06_PrimerSelfie_Claustro_masauvalle_AdobeStock_437668950_WP06-200x133.webp 200w, https:\/\/www.escapadarural.com\/blog\/wp-content\/uploads\/2025\/04\/06_PrimerSelfie_Claustro_masauvalle_AdobeStock_437668950_WP06-300x200.webp 300w, https:\/\/www.escapadarural.com\/blog\/wp-content\/uploads\/2025\/04\/06_PrimerSelfie_Claustro_masauvalle_AdobeStock_437668950_WP06-400x267.webp 400w, https:\/\/www.escapadarural.com\/blog\/wp-content\/uploads\/2025\/04\/06_PrimerSelfie_Claustro_masauvalle_AdobeStock_437668950_WP06-600x400.webp 600w, https:\/\/www.escapadarural.com\/blog\/wp-content\/uploads\/2025\/04\/06_PrimerSelfie_Claustro_masauvalle_AdobeStock_437668950_WP06-768x512.webp 768w, https:\/\/www.escapadarural.com\/blog\/wp-content\/uploads\/2025\/04\/06_PrimerSelfie_Claustro_masauvalle_AdobeStock_437668950_WP06-800x534.webp 800w, https:\/\/www.escapadarural.com\/blog\/wp-content\/uploads\/2025\/04\/06_PrimerSelfie_Claustro_masauvalle_AdobeStock_437668950_WP06.webp 1024w\" sizes=\"auto, (max-width: 1024px) 100vw, 1024px\" \/><figcaption class=\"wp-element-caption\">Claustro rom\u00e1nico del monasterio de Sant Cugat del Vall\u00e8s (Barcelona), donde podemos encontrar el primer <em>selfie<\/em> de la historia. Por masauvalle.<\/figcaption><\/figure>\n\n\n\n<p>El claustro del monasterio de Sant Cugat,<strong> cuya construcci\u00f3n dirigi\u00f3 Arnau Cadell<\/strong>, es una de las <a href=\"http:\/\/blog\/joyas-del-romanico-espanol\" target=\"_blank\">obras cumbres del rom\u00e1nico catal\u00e1n, espa\u00f1ol e incluso europeo<\/a>. Es un espacio de recogimiento y solemnidad, lleno de espiritualidad y simbolismo. Est\u00e1 presidido por una fuente central que simboliza el para\u00edso y la uni\u00f3n del cielo y la tierra a trav\u00e9s del agua.<\/p>\n\n\n\n<p>No obstante, lo m\u00e1s destacado del conjunto son las galer\u00edas laterales con arcadas de piedra. En ellas podemos encontrar <strong>144 columnas y capiteles<\/strong>, un n\u00famero tambi\u00e9n con fuerte carga simb\u00f3lica, ya que hace alusi\u00f3n a las medidas de los muros de Jerusal\u00e9n. Cada uno de estos capiteles es \u00fanico y representa escenas b\u00edblicas y personajes de todo tipo, como monjes, grifos o sirenas.<\/p>\n\n\n\n<h2 class=\"wp-block-heading\" id=\"h-el-primer-selfie-de-la-historia-y-la-firma-de-cadell\">El primer <em>selfie<\/em> de la historia y la firma de Cadell<\/h2>\n\n\n\n<figure class=\"wp-block-image size-full\"><img loading=\"lazy\" decoding=\"async\" width=\"1024\" height=\"542\" src=\"https:\/\/www.escapadarural.com\/blog\/wp-content\/uploads\/2025\/04\/07_PrimerSelfie_SelfiePiedra_VisitSantCugat_WP07.webp\" alt=\"El primer selfie de la historia: autorretrato en piedra de Arnau Cadell en unom de los capiteles del claustro del monasterio de Sant Cugat.\" class=\"wp-image-199083\" srcset=\"https:\/\/www.escapadarural.com\/blog\/wp-content\/uploads\/2025\/04\/07_PrimerSelfie_SelfiePiedra_VisitSantCugat_WP07-200x106.webp 200w, https:\/\/www.escapadarural.com\/blog\/wp-content\/uploads\/2025\/04\/07_PrimerSelfie_SelfiePiedra_VisitSantCugat_WP07-300x159.webp 300w, https:\/\/www.escapadarural.com\/blog\/wp-content\/uploads\/2025\/04\/07_PrimerSelfie_SelfiePiedra_VisitSantCugat_WP07-400x212.webp 400w, https:\/\/www.escapadarural.com\/blog\/wp-content\/uploads\/2025\/04\/07_PrimerSelfie_SelfiePiedra_VisitSantCugat_WP07-600x318.webp 600w, https:\/\/www.escapadarural.com\/blog\/wp-content\/uploads\/2025\/04\/07_PrimerSelfie_SelfiePiedra_VisitSantCugat_WP07-768x407.webp 768w, https:\/\/www.escapadarural.com\/blog\/wp-content\/uploads\/2025\/04\/07_PrimerSelfie_SelfiePiedra_VisitSantCugat_WP07-800x423.webp 800w, https:\/\/www.escapadarural.com\/blog\/wp-content\/uploads\/2025\/04\/07_PrimerSelfie_SelfiePiedra_VisitSantCugat_WP07.webp 1024w\" sizes=\"auto, (max-width: 1024px) 100vw, 1024px\" \/><figcaption class=\"wp-element-caption\">El primer <em>selfie <\/em>de la historia: autorretrato en piedra de Arnau Cadell en uno de los capiteles del claustro. Por Turismo de Sant Cugat.<\/figcaption><\/figure>\n\n\n\n<p>Y entre ellos se cuela la imagen de nuestro maestro constructor. Est\u00e1 cincelado en uno de los 144 capiteles, concretamente en uno situado en la galer\u00eda oeste del claustro. <strong>Cadell est\u00e1 representado<\/strong> como un escultor sentado en un taburete mientras da forma a uno de los capiteles. La figura ha llegado hasta nuestros d\u00edas ligeramente mutilada, ya que le faltan el antebrazo izquierdo y la cabeza.<\/p>\n\n\n\n<p>Adem\u00e1s, junto a la figura de Cadell podemos encontrar <strong>una inscripci\u00f3n del propio maestro<\/strong> que se conserva perfectamente en su emplazamiento original. Incluso se pueden observar restos de la pintura originaria. La inscripci\u00f3n, en lat\u00edn, dice lo siguiente: \u201cEsta es la figura del escultor Arnau Cadell, qui\u00e9n construy\u00f3 este claustro para la perpetuidad\u201d. La combinaci\u00f3n de estos dos elementos hacen \u00fanico al conjunto: por primera vez, un artista medieval catal\u00e1n se autorretrataba y firmaba su obra.<\/p>\n\n\n\n<h2 class=\"wp-block-heading\" id=\"h-que-mas-ver-en-el-monasterio-de-sant-cugat\">Qu\u00e9 m\u00e1s ver en el monasterio de Sant Cugat<\/h2>\n\n\n\n<figure class=\"wp-block-image size-full\"><img loading=\"lazy\" decoding=\"async\" width=\"1024\" height=\"683\" src=\"https:\/\/www.escapadarural.com\/blog\/wp-content\/uploads\/2025\/04\/08_PrimerSelfie_Roseton_Diabluses_AdobeStock_355607990_WP08.webp\" alt=\"El impresionante roset\u00f3n de la iglesia del monasterio de Sant Cugat del Vall\u00e8s (Barcelona).\" class=\"wp-image-199084\" srcset=\"https:\/\/www.escapadarural.com\/blog\/wp-content\/uploads\/2025\/04\/08_PrimerSelfie_Roseton_Diabluses_AdobeStock_355607990_WP08-200x133.webp 200w, https:\/\/www.escapadarural.com\/blog\/wp-content\/uploads\/2025\/04\/08_PrimerSelfie_Roseton_Diabluses_AdobeStock_355607990_WP08-300x200.webp 300w, https:\/\/www.escapadarural.com\/blog\/wp-content\/uploads\/2025\/04\/08_PrimerSelfie_Roseton_Diabluses_AdobeStock_355607990_WP08-400x267.webp 400w, https:\/\/www.escapadarural.com\/blog\/wp-content\/uploads\/2025\/04\/08_PrimerSelfie_Roseton_Diabluses_AdobeStock_355607990_WP08-600x400.webp 600w, https:\/\/www.escapadarural.com\/blog\/wp-content\/uploads\/2025\/04\/08_PrimerSelfie_Roseton_Diabluses_AdobeStock_355607990_WP08-768x512.webp 768w, https:\/\/www.escapadarural.com\/blog\/wp-content\/uploads\/2025\/04\/08_PrimerSelfie_Roseton_Diabluses_AdobeStock_355607990_WP08-800x534.webp 800w, https:\/\/www.escapadarural.com\/blog\/wp-content\/uploads\/2025\/04\/08_PrimerSelfie_Roseton_Diabluses_AdobeStock_355607990_WP08.webp 1024w\" sizes=\"auto, (max-width: 1024px) 100vw, 1024px\" \/><figcaption class=\"wp-element-caption\">El impresionante roset\u00f3n de la iglesia del monasterio de Sant Cugat del Vall\u00e8s (Barcelona). Por Diabluses.<\/figcaption><\/figure>\n\n\n\n<p>Adem\u00e1s del claustro rom\u00e1nico y sus capiteles, el monasterio de Sant Cugat del Vall\u00e8s tiene mucho m\u00e1s que ver. En el propio claustro podemos encontrar otros espacios no menos interesantes, como los <strong>restos de una iglesia paleocristiana<\/strong>, las <strong>salas capitulares<\/strong> o un edificio renacentista denominado <strong>El Claustrillo<\/strong>. En el piso superior del claustro rom\u00e1nico se ubica otro claustro, en esta ocasi\u00f3n renacentista, que se a\u00f1adi\u00f3 en una ampliaci\u00f3n. Hoy en d\u00eda alberga exposiciones.<\/p>\n\n\n\n<p>El resto del recinto mon\u00e1stico tampoco tiene desperdicio. En primer lugar, llama la atenci\u00f3n la<strong> iglesia del monasterio<\/strong>, en la que todav\u00eda se celebran oficios religiosos. Su fachada es uno de los mejores exponentes del g\u00f3tico catal\u00e1n y contiene <strong>un espectacular roset\u00f3n<\/strong>, otro de los tesoros m\u00e1s valiosos del monasterio. El <strong>palacio abacial<\/strong> y la <strong>torre del campanario<\/strong> son otros de los destacados del recinto del monasterio de Sant Cugat del Vall\u00e9s.<\/p>\n\n\n\n<h2 class=\"wp-block-heading\" id=\"h-cuanto-cuesta-y-cuando-se-puede-visitar-el-monasterio-de-sant-cugat\">Cu\u00e1nto cuesta y cu\u00e1ndo se puede visitar el monasterio de Sant Cugat<\/h2>\n\n\n\n<figure class=\"wp-block-image size-full\"><img loading=\"lazy\" decoding=\"async\" width=\"1024\" height=\"681\" src=\"https:\/\/www.escapadarural.com\/blog\/wp-content\/uploads\/2025\/04\/09_PrimerSelfie_Monasterio_ReyCubaPhotographyWirestockCreators_AdobeStock_515690132_WP09.webp\" alt=\"El primer selfie de la historia est\u00e1 en el interior del monasterio de Sant Cugat del Vall\u00e8s (Barcelona).\" class=\"wp-image-199085\" srcset=\"https:\/\/www.escapadarural.com\/blog\/wp-content\/uploads\/2025\/04\/09_PrimerSelfie_Monasterio_ReyCubaPhotographyWirestockCreators_AdobeStock_515690132_WP09-200x133.webp 200w, https:\/\/www.escapadarural.com\/blog\/wp-content\/uploads\/2025\/04\/09_PrimerSelfie_Monasterio_ReyCubaPhotographyWirestockCreators_AdobeStock_515690132_WP09-300x200.webp 300w, https:\/\/www.escapadarural.com\/blog\/wp-content\/uploads\/2025\/04\/09_PrimerSelfie_Monasterio_ReyCubaPhotographyWirestockCreators_AdobeStock_515690132_WP09-400x266.webp 400w, https:\/\/www.escapadarural.com\/blog\/wp-content\/uploads\/2025\/04\/09_PrimerSelfie_Monasterio_ReyCubaPhotographyWirestockCreators_AdobeStock_515690132_WP09-600x399.webp 600w, https:\/\/www.escapadarural.com\/blog\/wp-content\/uploads\/2025\/04\/09_PrimerSelfie_Monasterio_ReyCubaPhotographyWirestockCreators_AdobeStock_515690132_WP09-768x511.webp 768w, https:\/\/www.escapadarural.com\/blog\/wp-content\/uploads\/2025\/04\/09_PrimerSelfie_Monasterio_ReyCubaPhotographyWirestockCreators_AdobeStock_515690132_WP09-800x532.webp 800w, https:\/\/www.escapadarural.com\/blog\/wp-content\/uploads\/2025\/04\/09_PrimerSelfie_Monasterio_ReyCubaPhotographyWirestockCreators_AdobeStock_515690132_WP09.webp 1024w\" sizes=\"auto, (max-width: 1024px) 100vw, 1024px\" \/><figcaption class=\"wp-element-caption\">El primer <em>selfie<\/em> de la historia est\u00e1 en el interior del monasterio de Sant Cugat del Vall\u00e8s (Barcelona). Por Rey Cuba Photography \/ Wirestock Creators.<\/figcaption><\/figure>\n\n\n\n<p>Si despu\u00e9s de haber le\u00eddo el art\u00edculo te est\u00e1s planteando visitar el monasterio de Sant Cugat del Vall\u00e9s, tenemos una buena noticia: <strong>\u00a1es gratis!<\/strong> S\u00ed, el acceso al monasterio es completamente gratuito para la visita por libre. En temporada baja (de octubre a mayo), abre de martes a s\u00e1bado, de 10:30 a 13:30 y de 16 a 19 horas. En temporada alta (de junio a septiembre), el horario vespertino se ampl\u00eda hasta las 20 horas. Los horarios y fechas de acceso actualizados se pueden consultar en la <a href=\"https:\/\/visit.santcugat.cat\/es\/horarios-monasterio-sant-cugat\/\" target=\"_blank\" rel=\"noreferrer noopener nofollow\">p\u00e1gina web de Turismo de Sant Cugat<\/a>.<\/p>\n\n\n\n<p>Por otro lado, para visitar la iglesia del monasterio el horario es de 8 a 13 y de 17 a 20:45 horas, aunque <strong>se deben respetar los horarios de culto<\/strong>. Se celebran varios oficios de forma diaria, cuyos horarios se pueden consultar en la <a href=\"https:\/\/santperedoctavia.org\/parroquia\/horaris\/\" target=\"_blank\" rel=\"noreferrer noopener nofollow\">web de la parroquia de Sant Pere d\u2019Octavi\u00e0<\/a>, de la que es sede.<\/p>\n\n\n\n<p>Si queremos <strong>profundizar un poco m\u00e1s en la historia y los entresijos del monasterio<\/strong> de Sant Cugat del Vall\u00e9s, tambi\u00e9n tenemos la opci\u00f3n de <a href=\"https:\/\/visit.santcugat.cat\/es\/venta-de-entradas\/\" target=\"_blank\">contratar audiogu\u00edas o visitas guiadas<\/a>. Las audiogu\u00edas cuestan seis euros e incluyen dos recorridos que podemos hacer a nuestro ritmo y en cualquier momento. Las visitas guiadas, por su parte, tienen lugar los s\u00e1bados a las 10 horas y tienen un precio de 8 euros. Puntualmente, tambi\u00e9n se organizan visitas teatralizadas.<\/p>\n\n\n\n<h2 class=\"wp-block-heading\" id=\"h-que-mas-hacer-en-sant-cugat-del-valles\">Qu\u00e9 m\u00e1s hacer en Sant Cugat del Vall\u00e9s<\/h2>\n\n\n\n<figure class=\"wp-block-image size-full\"><img loading=\"lazy\" decoding=\"async\" width=\"1024\" height=\"683\" src=\"https:\/\/www.escapadarural.com\/blog\/wp-content\/uploads\/2025\/04\/10_PrimerSelfie_BodegaModernista_JoanBautista_AdobeStock_224382984_WP10.webp\" alt=\"Bodega modernista de Sant Cugat del Vall\u00e8s, obra de Cesar Martinell.\" class=\"wp-image-199086\" srcset=\"https:\/\/www.escapadarural.com\/blog\/wp-content\/uploads\/2025\/04\/10_PrimerSelfie_BodegaModernista_JoanBautista_AdobeStock_224382984_WP10-200x133.webp 200w, https:\/\/www.escapadarural.com\/blog\/wp-content\/uploads\/2025\/04\/10_PrimerSelfie_BodegaModernista_JoanBautista_AdobeStock_224382984_WP10-300x200.webp 300w, https:\/\/www.escapadarural.com\/blog\/wp-content\/uploads\/2025\/04\/10_PrimerSelfie_BodegaModernista_JoanBautista_AdobeStock_224382984_WP10-400x267.webp 400w, https:\/\/www.escapadarural.com\/blog\/wp-content\/uploads\/2025\/04\/10_PrimerSelfie_BodegaModernista_JoanBautista_AdobeStock_224382984_WP10-600x400.webp 600w, https:\/\/www.escapadarural.com\/blog\/wp-content\/uploads\/2025\/04\/10_PrimerSelfie_BodegaModernista_JoanBautista_AdobeStock_224382984_WP10-768x512.webp 768w, https:\/\/www.escapadarural.com\/blog\/wp-content\/uploads\/2025\/04\/10_PrimerSelfie_BodegaModernista_JoanBautista_AdobeStock_224382984_WP10-800x534.webp 800w, https:\/\/www.escapadarural.com\/blog\/wp-content\/uploads\/2025\/04\/10_PrimerSelfie_BodegaModernista_JoanBautista_AdobeStock_224382984_WP10.webp 1024w\" sizes=\"auto, (max-width: 1024px) 100vw, 1024px\" \/><figcaption class=\"wp-element-caption\">Bodega modernista de Sant Cugat del Vall\u00e8s, obra de Cesar Martinell. Por Joan Bautista.<\/figcaption><\/figure>\n\n\n\n<p>El monasterio benedictino es el gran reclamo tur\u00edstico de Sant Cugat del Vall\u00e8s, pero la localidad cuenta con otros atractivos para completar una jornada de turismo en familia o en pareja. Dos buenos ejemplos son el <strong>museo de Marilyn Monroe<\/strong> y el <strong>museo del C\u00f3mic y la Ilustraci\u00f3n<\/strong>.<\/p>\n\n\n\n<p>El primero se ubica en la propia plaza del monasterio y es el \u00fanico de Europa dedicado \u00edntegramente a la figura de la artista. El segundo ofrece un m\u00e1s que interesante recorrido por 135 a\u00f1os de historia de la narrativa gr\u00e1fica y sus principales exponentes. Tambi\u00e9n destaca en Sant Cugat la <strong>bodega modernista<\/strong> del arquitecto C\u00e9sar Martinell, con influencias de Gaud\u00ed.<\/p>\n\n\n\n<h2 class=\"wp-block-heading\" id=\"h-mercantic-el-mercadillo-permanente-de-antiguedades-de-sant-cugat-del-valles\">Mercantic, el mercadillo permanente de antig\u00fcedades de Sant Cugat del Vall\u00e8s<\/h2>\n\n\n\n<figure class=\"wp-block-image size-full\"><img loading=\"lazy\" decoding=\"async\" width=\"1024\" height=\"655\" src=\"https:\/\/www.escapadarural.com\/blog\/wp-content\/uploads\/2025\/04\/11b_PrimerSelfie_Mercantic_ManeEspinosa_AjuntamentSantCugat_WP11.webp\" alt=\"Mercantic se ha convertido en uno de los principales reclamos tur\u00edsticos de Sant Cugat del Vall\u00e8s.\" class=\"wp-image-199860\" srcset=\"https:\/\/www.escapadarural.com\/blog\/wp-content\/uploads\/2025\/04\/11b_PrimerSelfie_Mercantic_ManeEspinosa_AjuntamentSantCugat_WP11-200x128.webp 200w, https:\/\/www.escapadarural.com\/blog\/wp-content\/uploads\/2025\/04\/11b_PrimerSelfie_Mercantic_ManeEspinosa_AjuntamentSantCugat_WP11-300x192.webp 300w, https:\/\/www.escapadarural.com\/blog\/wp-content\/uploads\/2025\/04\/11b_PrimerSelfie_Mercantic_ManeEspinosa_AjuntamentSantCugat_WP11-400x256.webp 400w, https:\/\/www.escapadarural.com\/blog\/wp-content\/uploads\/2025\/04\/11b_PrimerSelfie_Mercantic_ManeEspinosa_AjuntamentSantCugat_WP11-600x384.webp 600w, https:\/\/www.escapadarural.com\/blog\/wp-content\/uploads\/2025\/04\/11b_PrimerSelfie_Mercantic_ManeEspinosa_AjuntamentSantCugat_WP11-768x491.webp 768w, https:\/\/www.escapadarural.com\/blog\/wp-content\/uploads\/2025\/04\/11b_PrimerSelfie_Mercantic_ManeEspinosa_AjuntamentSantCugat_WP11-800x512.webp 800w, https:\/\/www.escapadarural.com\/blog\/wp-content\/uploads\/2025\/04\/11b_PrimerSelfie_Mercantic_ManeEspinosa_AjuntamentSantCugat_WP11.webp 1024w\" sizes=\"auto, (max-width: 1024px) 100vw, 1024px\" \/><figcaption class=\"wp-element-caption\">Mercantic se ha convertido en uno de los principales reclamos tur\u00edsticos de Sant Cugat del Vall\u00e8s. Por Man\u00e9 Espinosa \/ Ajuntament de Sant Cugat.<\/figcaption><\/figure>\n\n\n\n<p>Otro de los lugares destacados de la localidad es <a href=\"https:\/\/mercantic.com\/\" target=\"_blank\" rel=\"noreferrer noopener nofollow\">Mercantic<\/a>, un espacio donde <strong>los amantes del arte y las antig\u00fcedades encontrar\u00e1n un aut\u00e9ntico para\u00edso<\/strong>. Aparte de los diferentes comercios y los anticuarios, Mercantic ofrece una completa <a href=\"https:\/\/mercantic.com\/schedule\" target=\"_blank\" rel=\"noreferrer noopener nofollow\">agenda de eventos y talleres de artesan\u00eda<\/a> para todos los p\u00fablicos. Tambi\u00e9n incluye un espacio gastron\u00f3mico, por lo que es lugar ideal para reponer fuerzas tras una intensa jornada de turismo.<\/p>\n\n\n\n<p><strong>El espacio abre de martes a domingo<\/strong>, en horario de 10 a 20 horas entre semana y de 10 a 15 horas el fin de semana. El acceso es gratuito excepto los domingos de 11 a 14 horas, cuando hay que pagar 2 euros. Para los menores de 12 a\u00f1os y las personas con movilidad reducida, m\u00e1s sus acompa\u00f1antes, se mantiene la entrada gratuita tambi\u00e9n en este horario.<\/p>\n\n\n\n<h2 class=\"wp-block-heading\" id=\"h-como-llegar-a-sant-cugat-del-valles\">C\u00f3mo llegar a Sant Cugat del Vall\u00e9s<\/h2>\n\n\n\n<figure class=\"wp-block-image size-full\"><img loading=\"lazy\" decoding=\"async\" width=\"1024\" height=\"678\" src=\"https:\/\/www.escapadarural.com\/blog\/wp-content\/uploads\/2025\/04\/12_PrimerSelfie_SantCugat_JackF_AdobeStock_509271088_WP12.webp\" alt=\"Vista panor\u00e1mica de Sant Cugat del Vall\u00e8s, con el monasterio en primer t\u00e9rmino.\" class=\"wp-image-199088\" srcset=\"https:\/\/www.escapadarural.com\/blog\/wp-content\/uploads\/2025\/04\/12_PrimerSelfie_SantCugat_JackF_AdobeStock_509271088_WP12-200x132.webp 200w, https:\/\/www.escapadarural.com\/blog\/wp-content\/uploads\/2025\/04\/12_PrimerSelfie_SantCugat_JackF_AdobeStock_509271088_WP12-300x199.webp 300w, https:\/\/www.escapadarural.com\/blog\/wp-content\/uploads\/2025\/04\/12_PrimerSelfie_SantCugat_JackF_AdobeStock_509271088_WP12-400x265.webp 400w, https:\/\/www.escapadarural.com\/blog\/wp-content\/uploads\/2025\/04\/12_PrimerSelfie_SantCugat_JackF_AdobeStock_509271088_WP12-600x397.webp 600w, https:\/\/www.escapadarural.com\/blog\/wp-content\/uploads\/2025\/04\/12_PrimerSelfie_SantCugat_JackF_AdobeStock_509271088_WP12-768x509.webp 768w, https:\/\/www.escapadarural.com\/blog\/wp-content\/uploads\/2025\/04\/12_PrimerSelfie_SantCugat_JackF_AdobeStock_509271088_WP12-800x530.webp 800w, https:\/\/www.escapadarural.com\/blog\/wp-content\/uploads\/2025\/04\/12_PrimerSelfie_SantCugat_JackF_AdobeStock_509271088_WP12.webp 1024w\" sizes=\"auto, (max-width: 1024px) 100vw, 1024px\" \/><figcaption class=\"wp-element-caption\">Vista panor\u00e1mica de Sant Cugat del Vall\u00e8s, con el monasterio en primer t\u00e9rmino. Por Jack F.<\/figcaption><\/figure>\n\n\n\n<p>Sant Cugat del Vall\u00e8s est\u00e1 <strong>muy bien comunicada por carretera<\/strong>, as\u00ed que no tendremos dificultades para llegar desde cualquier punto. El acceso m\u00e1s directo desde Barcelona es la C-16 y los t\u00faneles de Vallvidrera. La autopista AP-7 comunica con Barcelona y el Levante por el sur, y con Girona y Francia por el norte. Desde Lleida y Zaragoza, se llega por la AP-2. En el municipio hay multitud de <a href=\"https:\/\/sites.google.com\/view\/parkings-santcugat\/parquings\" target=\"_blank\" rel=\"noreferrer noopener nofollow\">zonas de aparcamiento<\/a>, tanto gratuito como de pago.<\/p>\n\n\n\n<p>Otra opci\u00f3n es llegar a Sant Cugat del Vall\u00e8s <strong>en transporte p\u00fablico<\/strong>, para lo que podemos elegir el <a href=\"https:\/\/www.moventis.es\/es\" target=\"_blank\" rel=\"noreferrer noopener nofollow\">autob\u00fas interurbano<\/a>, que la conecta con las localidades del entorno, o el tren. La l\u00ednea R8 de Rodalies tiene parada en la localidad, uniendo Sant Cugat con las principales estaciones del centro de Barcelona. Tambi\u00e9n dan servicio las l\u00edneas S1, S2, S5 y S55 de los ferrocarriles de la Generalitat. Los precios, horarios y estaciones de origen pueden consultarse en <a href=\"https:\/\/www.fgc.cat\/es\/lineas-y-horarios\/\" target=\"_blank\" rel=\"noreferrer noopener nofollow\">su p\u00e1gina web oficial<\/a>.<\/p>\n\n\n\n<p><\/p>\n","protected":false},"excerpt":{"rendered":"<p>El monasterio de Sant Cugat es una joya medieval con un precioso claustro rom\u00e1nico donde podemos observar el primer selfie de la historia<\/p>\n","protected":false},"author":157,"featured_media":199075,"comment_status":"open","ping_status":"open","sticky":false,"template":"","format":"standard","meta":{"_acf_changed":false,"om_disable_all_campaigns":false,"footnotes":""},"categories":[231],"tags":[211,511,836,419,3706,6268],"class_list":["post-199049","post","type-post","status-publish","format-standard","has-post-thumbnail","hentry","category-arte-y-cultura","tag-que-ver-en-barcelona","tag-familia","tag-fotografia","tag-medieval","tag-romanico","tag-sant-cugat-del-valles"],"acf":[],"featured_image_src":"https:\/\/www.escapadarural.com\/blog\/wp-content\/uploads\/2025\/04\/01_PrimerSelfie_SelfiePiedra_TillFTeenk_WP01.webp","author_info":{"display_name":"Miguel Perez","author_link":"https:\/\/www.escapadarural.com\/blog\/autor\/miguel-perez\/"},"yoast_head":"<!-- This site is optimized with the Yoast SEO plugin v27.5 - https:\/\/yoast.com\/product\/yoast-seo-wordpress\/ -->\n<title>El monasterio barcelon\u00e9s donde est\u00e1 el primer selfie de la historia<\/title>\n<meta name=\"description\" content=\"El monasterio de Sant Cugat es una joya medieval con un precioso claustro rom\u00e1nico donde podemos observar el primer selfie de la historia\" \/>\n<meta name=\"robots\" content=\"index, follow, max-snippet:-1, max-image-preview:large, max-video-preview:-1\" \/>\n<link rel=\"canonical\" href=\"https:\/\/www.escapadarural.com\/blog\/el-primer-selfie-de-la-historia\/\" \/>\n<meta property=\"og:locale\" content=\"es_ES\" \/>\n<meta property=\"og:type\" content=\"article\" \/>\n<meta property=\"og:title\" content=\"El monasterio barcelon\u00e9s donde est\u00e1 el primer selfie de la historia\" \/>\n<meta property=\"og:description\" content=\"El monasterio de Sant Cugat es una joya medieval con un precioso claustro rom\u00e1nico donde podemos observar el primer selfie de la historia\" \/>\n<meta property=\"og:url\" content=\"https:\/\/www.escapadarural.com\/blog\/el-primer-selfie-de-la-historia\/\" \/>\n<meta property=\"og:site_name\" content=\"Magazine de viajes de EscapadaRural\" \/>\n<meta property=\"article:publisher\" content=\"https:\/\/www.facebook.com\/escapadarural\" \/>\n<meta property=\"article:author\" content=\"#\" \/>\n<meta property=\"article:published_time\" content=\"2025-04-29T06:00:00+00:00\" \/>\n<meta property=\"article:modified_time\" content=\"2025-08-11T06:42:41+00:00\" \/>\n<meta property=\"og:image\" content=\"https:\/\/www.escapadarural.com\/blog\/wp-content\/uploads\/2025\/04\/01_PrimerSelfie_SelfiePiedra_TillFTeenk_WP01.webp?v=1754894563\" \/>\n\t<meta property=\"og:image:width\" content=\"1024\" \/>\n\t<meta property=\"og:image:height\" content=\"768\" \/>\n\t<meta property=\"og:image:type\" content=\"image\/webp\" \/>\n<meta name=\"author\" content=\"Miguel Perez\" \/>\n<meta name=\"twitter:card\" content=\"summary_large_image\" \/>\n<meta name=\"twitter:creator\" content=\"@#\" \/>\n<meta name=\"twitter:label1\" content=\"Escrito por\" \/>\n\t<meta name=\"twitter:data1\" content=\"Miguel Perez\" \/>\n\t<meta name=\"twitter:label2\" content=\"Tiempo de lectura\" \/>\n\t<meta name=\"twitter:data2\" content=\"13 minutos\" \/>\n<script type=\"application\/ld+json\" class=\"yoast-schema-graph\">{\"@context\":\"https:\\\/\\\/schema.org\",\"@graph\":[{\"@type\":\"Article\",\"@id\":\"https:\\\/\\\/www.escapadarural.com\\\/blog\\\/el-primer-selfie-de-la-historia\\\/#article\",\"isPartOf\":{\"@id\":\"https:\\\/\\\/www.escapadarural.com\\\/blog\\\/el-primer-selfie-de-la-historia\\\/\"},\"author\":{\"name\":\"Miguel Perez\",\"@id\":\"https:\\\/\\\/www.escapadarural.com\\\/blog\\\/#\\\/schema\\\/person\\\/ea17306ba0ae76670daf8e5008db21dd\"},\"headline\":\"El primer selfie de la historia est\u00e1 en un monasterio muy cerca de Barcelona\u2026 \u00a1y la visita es gratis!\",\"datePublished\":\"2025-04-29T06:00:00+00:00\",\"dateModified\":\"2025-08-11T06:42:41+00:00\",\"mainEntityOfPage\":{\"@id\":\"https:\\\/\\\/www.escapadarural.com\\\/blog\\\/el-primer-selfie-de-la-historia\\\/\"},\"wordCount\":2171,\"commentCount\":0,\"publisher\":{\"@id\":\"https:\\\/\\\/www.escapadarural.com\\\/blog\\\/#organization\"},\"image\":{\"@id\":\"https:\\\/\\\/www.escapadarural.com\\\/blog\\\/el-primer-selfie-de-la-historia\\\/#primaryimage\"},\"thumbnailUrl\":\"https:\\\/\\\/www.escapadarural.com\\\/blog\\\/wp-content\\\/uploads\\\/2025\\\/04\\\/01_PrimerSelfie_SelfiePiedra_TillFTeenk_WP01.webp\",\"keywords\":[\"Barcelona\",\"Familia\",\"Fotograf\u00eda\",\"Medieval\",\"Rom\u00e1nico\",\"Sant Cugat del Vall\u00e9s\"],\"articleSection\":[\"Arte y Cultura\"],\"inLanguage\":\"es\",\"potentialAction\":[{\"@type\":\"CommentAction\",\"name\":\"Comment\",\"target\":[\"https:\\\/\\\/www.escapadarural.com\\\/blog\\\/el-primer-selfie-de-la-historia\\\/#respond\"]}]},{\"@type\":\"WebPage\",\"@id\":\"https:\\\/\\\/www.escapadarural.com\\\/blog\\\/el-primer-selfie-de-la-historia\\\/\",\"url\":\"https:\\\/\\\/www.escapadarural.com\\\/blog\\\/el-primer-selfie-de-la-historia\\\/\",\"name\":\"El monasterio barcelon\u00e9s donde est\u00e1 el primer selfie de la historia\",\"isPartOf\":{\"@id\":\"https:\\\/\\\/www.escapadarural.com\\\/blog\\\/#website\"},\"primaryImageOfPage\":{\"@id\":\"https:\\\/\\\/www.escapadarural.com\\\/blog\\\/el-primer-selfie-de-la-historia\\\/#primaryimage\"},\"image\":{\"@id\":\"https:\\\/\\\/www.escapadarural.com\\\/blog\\\/el-primer-selfie-de-la-historia\\\/#primaryimage\"},\"thumbnailUrl\":\"https:\\\/\\\/www.escapadarural.com\\\/blog\\\/wp-content\\\/uploads\\\/2025\\\/04\\\/01_PrimerSelfie_SelfiePiedra_TillFTeenk_WP01.webp\",\"datePublished\":\"2025-04-29T06:00:00+00:00\",\"dateModified\":\"2025-08-11T06:42:41+00:00\",\"description\":\"El monasterio de Sant Cugat es una joya medieval con un precioso claustro rom\u00e1nico donde podemos observar el primer selfie de la historia\",\"breadcrumb\":{\"@id\":\"https:\\\/\\\/www.escapadarural.com\\\/blog\\\/el-primer-selfie-de-la-historia\\\/#breadcrumb\"},\"inLanguage\":\"es\",\"potentialAction\":[{\"@type\":\"ReadAction\",\"target\":[\"https:\\\/\\\/www.escapadarural.com\\\/blog\\\/el-primer-selfie-de-la-historia\\\/\"]}]},{\"@type\":\"ImageObject\",\"inLanguage\":\"es\",\"@id\":\"https:\\\/\\\/www.escapadarural.com\\\/blog\\\/el-primer-selfie-de-la-historia\\\/#primaryimage\",\"url\":\"https:\\\/\\\/www.escapadarural.com\\\/blog\\\/wp-content\\\/uploads\\\/2025\\\/04\\\/01_PrimerSelfie_SelfiePiedra_TillFTeenk_WP01.webp\",\"contentUrl\":\"https:\\\/\\\/www.escapadarural.com\\\/blog\\\/wp-content\\\/uploads\\\/2025\\\/04\\\/01_PrimerSelfie_SelfiePiedra_TillFTeenk_WP01.webp\",\"width\":1024,\"height\":768,\"caption\":\"El primer selfie de la historia: autorretrato en piedra de Arnau Cadell, en el monasterio de Sant Cugat del Vall\u00e8s (Barcelona). Por Till F. Teenck.\"},{\"@type\":\"BreadcrumbList\",\"@id\":\"https:\\\/\\\/www.escapadarural.com\\\/blog\\\/el-primer-selfie-de-la-historia\\\/#breadcrumb\",\"itemListElement\":[{\"@type\":\"ListItem\",\"position\":1,\"name\":\"Inicio\",\"item\":\"https:\\\/\\\/www.escapadarural.com\\\/blog\\\/\"},{\"@type\":\"ListItem\",\"position\":2,\"name\":\"Arte y Cultura\",\"item\":\"https:\\\/\\\/www.escapadarural.com\\\/blog\\\/categoria\\\/arte-y-cultura\\\/\"},{\"@type\":\"ListItem\",\"position\":3,\"name\":\"El primer selfie de la historia est\u00e1 en un monasterio muy cerca de Barcelona\u2026 \u00a1y la visita es gratis!\"}]},{\"@type\":\"WebSite\",\"@id\":\"https:\\\/\\\/www.escapadarural.com\\\/blog\\\/#website\",\"url\":\"https:\\\/\\\/www.escapadarural.com\\\/blog\\\/\",\"name\":\"Blog de viajes | turismo rural, alojamientos e inspiraci\u00f3n\",\"description\":\"Alojamientos rurales e inspiraci\u00f3n para tus escapadas\",\"publisher\":{\"@id\":\"https:\\\/\\\/www.escapadarural.com\\\/blog\\\/#organization\"},\"alternateName\":\"Magazine de viajes de EscapadaRural\",\"potentialAction\":[{\"@type\":\"SearchAction\",\"target\":{\"@type\":\"EntryPoint\",\"urlTemplate\":\"https:\\\/\\\/www.escapadarural.com\\\/blog\\\/?s={search_term_string}\"},\"query-input\":{\"@type\":\"PropertyValueSpecification\",\"valueRequired\":true,\"valueName\":\"search_term_string\"}}],\"inLanguage\":\"es\"},{\"@type\":\"Organization\",\"@id\":\"https:\\\/\\\/www.escapadarural.com\\\/blog\\\/#organization\",\"name\":\"EscapadaRural\",\"url\":\"https:\\\/\\\/www.escapadarural.com\\\/blog\\\/\",\"logo\":{\"@type\":\"ImageObject\",\"inLanguage\":\"es\",\"@id\":\"https:\\\/\\\/www.escapadarural.com\\\/blog\\\/#\\\/schema\\\/logo\\\/image\\\/\",\"url\":\"https:\\\/\\\/www.escapadarural.com\\\/blog\\\/wp-content\\\/uploads\\\/2024\\\/10\\\/cropped-cropped-escapada-rural-icon-mag-3.png\",\"contentUrl\":\"https:\\\/\\\/www.escapadarural.com\\\/blog\\\/wp-content\\\/uploads\\\/2024\\\/10\\\/cropped-cropped-escapada-rural-icon-mag-3.png\",\"width\":512,\"height\":512,\"caption\":\"EscapadaRural\"},\"image\":{\"@id\":\"https:\\\/\\\/www.escapadarural.com\\\/blog\\\/#\\\/schema\\\/logo\\\/image\\\/\"},\"sameAs\":[\"https:\\\/\\\/www.facebook.com\\\/escapadarural\",\"https:\\\/\\\/www.instagram.com\\\/escapadarural\\\/\",\"https:\\\/\\\/www.youtube.com\\\/@escapadaruralcom\"]},{\"@type\":\"Person\",\"@id\":\"https:\\\/\\\/www.escapadarural.com\\\/blog\\\/#\\\/schema\\\/person\\\/ea17306ba0ae76670daf8e5008db21dd\",\"name\":\"Miguel Perez\",\"image\":{\"@type\":\"ImageObject\",\"inLanguage\":\"es\",\"@id\":\"https:\\\/\\\/www.escapadarural.com\\\/blog\\\/wp-content\\\/uploads\\\/2024\\\/11\\\/cropped-Miguel-Perez-96x96.jpg\",\"url\":\"https:\\\/\\\/www.escapadarural.com\\\/blog\\\/wp-content\\\/uploads\\\/2024\\\/11\\\/cropped-Miguel-Perez-96x96.jpg\",\"contentUrl\":\"https:\\\/\\\/www.escapadarural.com\\\/blog\\\/wp-content\\\/uploads\\\/2024\\\/11\\\/cropped-Miguel-Perez-96x96.jpg\",\"caption\":\"Miguel Perez\"},\"description\":\"Me encanta el f\u00fatbol, leer, viajar, descubrir nuevos destinos y cont\u00e1rtelos\",\"sameAs\":[\"#\",\"https:\\\/\\\/x.com\\\/#\"],\"url\":\"https:\\\/\\\/www.escapadarural.com\\\/blog\\\/autor\\\/miguel-perez\\\/\"}]}<\/script>\n<!-- \/ Yoast SEO plugin. -->","yoast_head_json":{"title":"El monasterio barcelon\u00e9s donde est\u00e1 el primer selfie de la historia","description":"El monasterio de Sant Cugat es una joya medieval con un precioso claustro rom\u00e1nico donde podemos observar el primer selfie de la historia","robots":{"index":"index","follow":"follow","max-snippet":"max-snippet:-1","max-image-preview":"max-image-preview:large","max-video-preview":"max-video-preview:-1"},"canonical":"https:\/\/www.escapadarural.com\/blog\/el-primer-selfie-de-la-historia\/","og_locale":"es_ES","og_type":"article","og_title":"El monasterio barcelon\u00e9s donde est\u00e1 el primer selfie de la historia","og_description":"El monasterio de Sant Cugat es una joya medieval con un precioso claustro rom\u00e1nico donde podemos observar el primer selfie de la historia","og_url":"https:\/\/www.escapadarural.com\/blog\/el-primer-selfie-de-la-historia\/","og_site_name":"Magazine de viajes de EscapadaRural","article_publisher":"https:\/\/www.facebook.com\/escapadarural","article_author":"#","article_published_time":"2025-04-29T06:00:00+00:00","article_modified_time":"2025-08-11T06:42:41+00:00","og_image":[{"width":1024,"height":768,"url":"https:\/\/www.escapadarural.com\/blog\/wp-content\/uploads\/2025\/04\/01_PrimerSelfie_SelfiePiedra_TillFTeenk_WP01.webp?v=1754894563","type":"image\/webp"}],"author":"Miguel Perez","twitter_card":"summary_large_image","twitter_creator":"@#","twitter_misc":{"Escrito por":"Miguel Perez","Tiempo de lectura":"13 minutos"},"schema":{"@context":"https:\/\/schema.org","@graph":[{"@type":"Article","@id":"https:\/\/www.escapadarural.com\/blog\/el-primer-selfie-de-la-historia\/#article","isPartOf":{"@id":"https:\/\/www.escapadarural.com\/blog\/el-primer-selfie-de-la-historia\/"},"author":{"name":"Miguel Perez","@id":"https:\/\/www.escapadarural.com\/blog\/#\/schema\/person\/ea17306ba0ae76670daf8e5008db21dd"},"headline":"El primer selfie de la historia est\u00e1 en un monasterio muy cerca de Barcelona\u2026 \u00a1y la visita es gratis!","datePublished":"2025-04-29T06:00:00+00:00","dateModified":"2025-08-11T06:42:41+00:00","mainEntityOfPage":{"@id":"https:\/\/www.escapadarural.com\/blog\/el-primer-selfie-de-la-historia\/"},"wordCount":2171,"commentCount":0,"publisher":{"@id":"https:\/\/www.escapadarural.com\/blog\/#organization"},"image":{"@id":"https:\/\/www.escapadarural.com\/blog\/el-primer-selfie-de-la-historia\/#primaryimage"},"thumbnailUrl":"https:\/\/www.escapadarural.com\/blog\/wp-content\/uploads\/2025\/04\/01_PrimerSelfie_SelfiePiedra_TillFTeenk_WP01.webp","keywords":["Barcelona","Familia","Fotograf\u00eda","Medieval","Rom\u00e1nico","Sant Cugat del Vall\u00e9s"],"articleSection":["Arte y Cultura"],"inLanguage":"es","potentialAction":[{"@type":"CommentAction","name":"Comment","target":["https:\/\/www.escapadarural.com\/blog\/el-primer-selfie-de-la-historia\/#respond"]}]},{"@type":"WebPage","@id":"https:\/\/www.escapadarural.com\/blog\/el-primer-selfie-de-la-historia\/","url":"https:\/\/www.escapadarural.com\/blog\/el-primer-selfie-de-la-historia\/","name":"El monasterio barcelon\u00e9s donde est\u00e1 el primer selfie de la historia","isPartOf":{"@id":"https:\/\/www.escapadarural.com\/blog\/#website"},"primaryImageOfPage":{"@id":"https:\/\/www.escapadarural.com\/blog\/el-primer-selfie-de-la-historia\/#primaryimage"},"image":{"@id":"https:\/\/www.escapadarural.com\/blog\/el-primer-selfie-de-la-historia\/#primaryimage"},"thumbnailUrl":"https:\/\/www.escapadarural.com\/blog\/wp-content\/uploads\/2025\/04\/01_PrimerSelfie_SelfiePiedra_TillFTeenk_WP01.webp","datePublished":"2025-04-29T06:00:00+00:00","dateModified":"2025-08-11T06:42:41+00:00","description":"El monasterio de Sant Cugat es una joya medieval con un precioso claustro rom\u00e1nico donde podemos observar el primer selfie de la historia","breadcrumb":{"@id":"https:\/\/www.escapadarural.com\/blog\/el-primer-selfie-de-la-historia\/#breadcrumb"},"inLanguage":"es","potentialAction":[{"@type":"ReadAction","target":["https:\/\/www.escapadarural.com\/blog\/el-primer-selfie-de-la-historia\/"]}]},{"@type":"ImageObject","inLanguage":"es","@id":"https:\/\/www.escapadarural.com\/blog\/el-primer-selfie-de-la-historia\/#primaryimage","url":"https:\/\/www.escapadarural.com\/blog\/wp-content\/uploads\/2025\/04\/01_PrimerSelfie_SelfiePiedra_TillFTeenk_WP01.webp","contentUrl":"https:\/\/www.escapadarural.com\/blog\/wp-content\/uploads\/2025\/04\/01_PrimerSelfie_SelfiePiedra_TillFTeenk_WP01.webp","width":1024,"height":768,"caption":"El primer selfie de la historia: autorretrato en piedra de Arnau Cadell, en el monasterio de Sant Cugat del Vall\u00e8s (Barcelona). Por Till F. Teenck."},{"@type":"BreadcrumbList","@id":"https:\/\/www.escapadarural.com\/blog\/el-primer-selfie-de-la-historia\/#breadcrumb","itemListElement":[{"@type":"ListItem","position":1,"name":"Inicio","item":"https:\/\/www.escapadarural.com\/blog\/"},{"@type":"ListItem","position":2,"name":"Arte y Cultura","item":"https:\/\/www.escapadarural.com\/blog\/categoria\/arte-y-cultura\/"},{"@type":"ListItem","position":3,"name":"El primer selfie de la historia est\u00e1 en un monasterio muy cerca de Barcelona\u2026 \u00a1y la visita es gratis!"}]},{"@type":"WebSite","@id":"https:\/\/www.escapadarural.com\/blog\/#website","url":"https:\/\/www.escapadarural.com\/blog\/","name":"Blog de viajes | turismo rural, alojamientos e inspiraci\u00f3n","description":"Alojamientos rurales e inspiraci\u00f3n para tus escapadas","publisher":{"@id":"https:\/\/www.escapadarural.com\/blog\/#organization"},"alternateName":"Magazine de viajes de EscapadaRural","potentialAction":[{"@type":"SearchAction","target":{"@type":"EntryPoint","urlTemplate":"https:\/\/www.escapadarural.com\/blog\/?s={search_term_string}"},"query-input":{"@type":"PropertyValueSpecification","valueRequired":true,"valueName":"search_term_string"}}],"inLanguage":"es"},{"@type":"Organization","@id":"https:\/\/www.escapadarural.com\/blog\/#organization","name":"EscapadaRural","url":"https:\/\/www.escapadarural.com\/blog\/","logo":{"@type":"ImageObject","inLanguage":"es","@id":"https:\/\/www.escapadarural.com\/blog\/#\/schema\/logo\/image\/","url":"https:\/\/www.escapadarural.com\/blog\/wp-content\/uploads\/2024\/10\/cropped-cropped-escapada-rural-icon-mag-3.png","contentUrl":"https:\/\/www.escapadarural.com\/blog\/wp-content\/uploads\/2024\/10\/cropped-cropped-escapada-rural-icon-mag-3.png","width":512,"height":512,"caption":"EscapadaRural"},"image":{"@id":"https:\/\/www.escapadarural.com\/blog\/#\/schema\/logo\/image\/"},"sameAs":["https:\/\/www.facebook.com\/escapadarural","https:\/\/www.instagram.com\/escapadarural\/","https:\/\/www.youtube.com\/@escapadaruralcom"]},{"@type":"Person","@id":"https:\/\/www.escapadarural.com\/blog\/#\/schema\/person\/ea17306ba0ae76670daf8e5008db21dd","name":"Miguel Perez","image":{"@type":"ImageObject","inLanguage":"es","@id":"https:\/\/www.escapadarural.com\/blog\/wp-content\/uploads\/2024\/11\/cropped-Miguel-Perez-96x96.jpg","url":"https:\/\/www.escapadarural.com\/blog\/wp-content\/uploads\/2024\/11\/cropped-Miguel-Perez-96x96.jpg","contentUrl":"https:\/\/www.escapadarural.com\/blog\/wp-content\/uploads\/2024\/11\/cropped-Miguel-Perez-96x96.jpg","caption":"Miguel Perez"},"description":"Me encanta el f\u00fatbol, leer, viajar, descubrir nuevos destinos y cont\u00e1rtelos","sameAs":["#","https:\/\/x.com\/#"],"url":"https:\/\/www.escapadarural.com\/blog\/autor\/miguel-perez\/"}]}},"_links":{"self":[{"href":"https:\/\/www.escapadarural.com\/blog\/wp-json\/wp\/v2\/posts\/199049","targetHints":{"allow":["GET"]}}],"collection":[{"href":"https:\/\/www.escapadarural.com\/blog\/wp-json\/wp\/v2\/posts"}],"about":[{"href":"https:\/\/www.escapadarural.com\/blog\/wp-json\/wp\/v2\/types\/post"}],"author":[{"embeddable":true,"href":"https:\/\/www.escapadarural.com\/blog\/wp-json\/wp\/v2\/users\/157"}],"replies":[{"embeddable":true,"href":"https:\/\/www.escapadarural.com\/blog\/wp-json\/wp\/v2\/comments?post=199049"}],"version-history":[{"count":0,"href":"https:\/\/www.escapadarural.com\/blog\/wp-json\/wp\/v2\/posts\/199049\/revisions"}],"wp:featuredmedia":[{"embeddable":true,"href":"https:\/\/www.escapadarural.com\/blog\/wp-json\/wp\/v2\/media\/199075"}],"wp:attachment":[{"href":"https:\/\/www.escapadarural.com\/blog\/wp-json\/wp\/v2\/media?parent=199049"}],"wp:term":[{"taxonomy":"category","embeddable":true,"href":"https:\/\/www.escapadarural.com\/blog\/wp-json\/wp\/v2\/categories?post=199049"},{"taxonomy":"post_tag","embeddable":true,"href":"https:\/\/www.escapadarural.com\/blog\/wp-json\/wp\/v2\/tags?post=199049"}],"curies":[{"name":"wp","href":"https:\/\/api.w.org\/{rel}","templated":true}]}}