{"id":199093,"date":"2025-04-23T08:00:00","date_gmt":"2025-04-23T06:00:00","guid":{"rendered":"https:\/\/www.escapadarural.com\/blog\/?p=199093"},"modified":"2026-02-17T17:07:04","modified_gmt":"2026-02-17T16:07:04","slug":"etapas-mas-bonitas-camino-de-santiago","status":"publish","type":"post","link":"https:\/\/www.escapadarural.com\/blog\/etapas-mas-bonitas-camino-de-santiago\/","title":{"rendered":"Las etapas m\u00e1s bonitas del Camino de Santiago"},"content":{"rendered":"\n<figure class=\"wp-block-image size-full is-resized\"><img loading=\"lazy\" decoding=\"async\" width=\"1024\" height=\"682\" src=\"https:\/\/www.escapadarural.com\/blog\/wp-content\/uploads\/2023\/12\/Camino-de-Santiago-1024x682-1.jpg\" alt=\"Camino de Santiago\" class=\"wp-image-112945\" style=\"width:1022px;height:auto\" srcset=\"https:\/\/www.escapadarural.com\/blog\/wp-content\/uploads\/2023\/12\/Camino-de-Santiago-1024x682-1-200x133.jpg 200w, https:\/\/www.escapadarural.com\/blog\/wp-content\/uploads\/2023\/12\/Camino-de-Santiago-1024x682-1-300x200.jpg 300w, https:\/\/www.escapadarural.com\/blog\/wp-content\/uploads\/2023\/12\/Camino-de-Santiago-1024x682-1-400x266.jpg 400w, https:\/\/www.escapadarural.com\/blog\/wp-content\/uploads\/2023\/12\/Camino-de-Santiago-1024x682-1-600x400.jpg 600w, https:\/\/www.escapadarural.com\/blog\/wp-content\/uploads\/2023\/12\/Camino-de-Santiago-1024x682-1-768x512.jpg 768w, https:\/\/www.escapadarural.com\/blog\/wp-content\/uploads\/2023\/12\/Camino-de-Santiago-1024x682-1-800x533.jpg 800w, https:\/\/www.escapadarural.com\/blog\/wp-content\/uploads\/2023\/12\/Camino-de-Santiago-1024x682-1.jpg 1024w\" sizes=\"auto, (max-width: 1024px) 100vw, 1024px\" \/><figcaption class=\"wp-element-caption\">Camino de Santiago. Por Jon.<\/figcaption><\/figure>\n\n\n\n<p>El Camino de Santiago es un sue\u00f1o que muchos tienen apuntado como tarea pendiente a hacer, al menos, una vez en la vida. Otros han perdido la cuenta de las v\u00edas y etapas que han recorrido y solo tienen claro una cosa: que quieren continuar dedicando sus d\u00edas libres a una ruta que es mucho m\u00e1s que caminar. Si est\u00e1s en ese momento en el que est\u00e1s dudando sobre qu\u00e9 itinerario escoger, te dejamos un listado con <strong>las etapas m\u00e1s bonitas del Camino de Santiago<\/strong>.<\/p>\n\n\n\n<p>Hemos escogido jornadas de<strong> rutas diferentes<\/strong>: desde el concurrido <a href=\"\/blog\/las-10-casas-rurales-mejor-valoradas-del-camino-de-santiago-frances\/\">Camino Franc\u00e9s<\/a>, hasta el costero Camino del Norte, el <a href=\"\/blog\/etapas-camino-vasco-interior\/\">desconocido Camino Vasco del Interior<\/a> y la hist\u00f3rica V\u00eda de la Plata. Unas etapas que reflejan que, efectivamente, lo importante no es llegar a la meta, sino disfrutar del <a href=\"\/blog\/tag\/camino-de-santiago\/\">camino hasta Santiago de Compostela<\/a>.<\/p>\n\n\n\n<div class=\"wp-block-buttons is-layout-flex wp-block-buttons-is-layout-flex\">\n<div class=\"wp-block-button\"><a class=\"wp-block-button__link wp-element-button\">Reserva tu alojamiento en EscapadaRural<\/a><\/div>\n<\/div>\n\n\n\n<h2 class=\"wp-block-heading\" id=\"h-de-saint-jean-pied-de-port-a-roncesvalles-camino-frances\"><strong>De Saint-Jean-Pied-de-Port a Roncesvalles (Camino Franc\u00e9s)<\/strong><\/h2>\n\n\n\n<figure class=\"wp-block-image size-full\"><img loading=\"lazy\" decoding=\"async\" width=\"1024\" height=\"683\" src=\"https:\/\/www.escapadarural.com\/blog\/wp-content\/uploads\/2025\/04\/AdobeStock_328850084.webp\" alt=\"Peregrinos acerc\u00e1ndose al refugio Izandorre de camino al collado Lepoeder y Roncesvalles, en el Camino de Santiago Franc\u00e9s. Por Orion76\" class=\"wp-image-199095\" srcset=\"https:\/\/www.escapadarural.com\/blog\/wp-content\/uploads\/2025\/04\/AdobeStock_328850084-200x133.webp 200w, https:\/\/www.escapadarural.com\/blog\/wp-content\/uploads\/2025\/04\/AdobeStock_328850084-300x200.webp 300w, https:\/\/www.escapadarural.com\/blog\/wp-content\/uploads\/2025\/04\/AdobeStock_328850084-400x267.webp 400w, https:\/\/www.escapadarural.com\/blog\/wp-content\/uploads\/2025\/04\/AdobeStock_328850084-600x400.webp 600w, https:\/\/www.escapadarural.com\/blog\/wp-content\/uploads\/2025\/04\/AdobeStock_328850084-768x512.webp 768w, https:\/\/www.escapadarural.com\/blog\/wp-content\/uploads\/2025\/04\/AdobeStock_328850084-800x534.webp 800w, https:\/\/www.escapadarural.com\/blog\/wp-content\/uploads\/2025\/04\/AdobeStock_328850084.webp 1024w\" sizes=\"auto, (max-width: 1024px) 100vw, 1024px\" \/><figcaption class=\"wp-element-caption\">Peregrinos acerc\u00e1ndose al refugio Izandorre de camino al collado Lepoeder y Roncesvalles, en el Camino de Santiago Franc\u00e9s. Por Orion76<\/figcaption><\/figure>\n\n\n\n<p>Son 20,5 kil\u00f3metros y 1.265 metros de desnivel positivo. <strong>Es una etapa tan m\u00edtica como complicada<\/strong>, ya que consiste en cruzar los Pirineos y tiene un ascenso largo y duro. Esto es lo que le da gran belleza, ascender a collados como el de Bentarte o el de Lepoeder. Tom\u00e1roslo con calma, porque merece la pena: el regalo ser\u00e1n unas panor\u00e1micas impresionantes que se disfrutan todav\u00eda m\u00e1s tras el esfuerzo dedicado.<\/p>\n\n\n\n<p>Hay que decir que en invierno y con mal tiempo la ruta se puede llegar a complicar en extremo. Las nevadas son copiosas en las alturas, as\u00ed que hay que seguir la ruta alternativa que pasa por Arn\u00e9guy y Valcarlos. La habitual, la llamada \u201cruta de Napole\u00f3n\u201d, <strong>se cierra entre el 1 de noviembre y el 31 de marzo<\/strong> (el incumplimiento est\u00e1 sancionado con una multa).<\/p>\n\n\n\n<h2 class=\"wp-block-heading\" id=\"h-de-puente-la-reina-a-estella-camino-de-santiago-frances\"><strong>De Puente la Reina a Estella (Camino de Santiago Franc\u00e9s)<\/strong><\/h2>\n\n\n\n<figure class=\"wp-block-image size-large\"><img loading=\"lazy\" decoding=\"async\" width=\"1024\" height=\"683\" src=\"https:\/\/www.escapadarural.com\/blog\/wp-content\/uploads\/2025\/04\/AdobeStock_517386398-1024x683.jpeg\" alt=\"Dos peregrinos en Estella - Lizarra. Por N\u00e9stor MN\" class=\"wp-image-199096\" srcset=\"https:\/\/www.escapadarural.com\/blog\/wp-content\/uploads\/2025\/04\/AdobeStock_517386398-200x133.jpeg 200w, https:\/\/www.escapadarural.com\/blog\/wp-content\/uploads\/2025\/04\/AdobeStock_517386398-300x200.jpeg 300w, https:\/\/www.escapadarural.com\/blog\/wp-content\/uploads\/2025\/04\/AdobeStock_517386398-400x267.jpeg 400w, https:\/\/www.escapadarural.com\/blog\/wp-content\/uploads\/2025\/04\/AdobeStock_517386398-600x400.jpeg 600w, https:\/\/www.escapadarural.com\/blog\/wp-content\/uploads\/2025\/04\/AdobeStock_517386398-768x512.jpeg 768w, https:\/\/www.escapadarural.com\/blog\/wp-content\/uploads\/2025\/04\/AdobeStock_517386398-800x533.jpeg 800w, https:\/\/www.escapadarural.com\/blog\/wp-content\/uploads\/2025\/04\/AdobeStock_517386398-1024x683.jpeg 1024w, https:\/\/www.escapadarural.com\/blog\/wp-content\/uploads\/2025\/04\/AdobeStock_517386398-1200x800.jpeg 1200w, https:\/\/www.escapadarural.com\/blog\/wp-content\/uploads\/2025\/04\/AdobeStock_517386398-1536x1024.jpeg 1536w\" sizes=\"auto, (max-width: 1024px) 100vw, 1024px\" \/><figcaption class=\"wp-element-caption\">Dos peregrinos en Estella &#8211; Lizarra. Por N\u00e9stor MN<\/figcaption><\/figure>\n\n\n\n<p>Son 21,6 kil\u00f3metros. Es una etapa <strong>hist\u00f3ricamente muy interesante<\/strong>. Sale de <a href=\"\/casas-rurales\/puente-la-reina\">Puente la Reina\/Gares<\/a>, donde hay que cruzar un puente rom\u00e1nico del siglo XI con siete arcos de medio punto y construido precisamente para facilitar el paso de los peregrinos sobre el r\u00edo Arga. Sigue por el \u201cpueblo del vino\u201d, Ma\u00f1eru, que ofrece unas vistas de postal de la senda que pasa entre cereales y vi\u00f1edos, hacia una localidad de traza medieval, <strong>Cirauqui<\/strong>.<\/p>\n\n\n\n<p>Aqu\u00ed se sigue por la calzada romana y la etapa concluye en una ciudad de gran inter\u00e9s cultural como es <a href=\"\/casas-rurales\/estella-lizarra\">Estella-Lizarra<\/a>, <strong>la estrella medieval del Camino de Santiago<\/strong>.<\/p>\n\n\n\n<h2 class=\"wp-block-heading\" id=\"h-de-irun-a-donostia-camino-de-santiago-del-norte\"><strong>De Ir\u00fan a Donostia (Camino de Santiago del Norte)<\/strong><\/h2>\n\n\n\n<figure class=\"wp-block-image size-full\"><img loading=\"lazy\" decoding=\"async\" width=\"1024\" height=\"683\" src=\"https:\/\/www.escapadarural.com\/blog\/wp-content\/uploads\/2025\/04\/AdobeStock_982188053.webp\" alt=\"El pueblo de Pasaia. Por Lenaick\" class=\"wp-image-199099\" srcset=\"https:\/\/www.escapadarural.com\/blog\/wp-content\/uploads\/2025\/04\/AdobeStock_982188053-200x133.webp 200w, https:\/\/www.escapadarural.com\/blog\/wp-content\/uploads\/2025\/04\/AdobeStock_982188053-300x200.webp 300w, https:\/\/www.escapadarural.com\/blog\/wp-content\/uploads\/2025\/04\/AdobeStock_982188053-400x267.webp 400w, https:\/\/www.escapadarural.com\/blog\/wp-content\/uploads\/2025\/04\/AdobeStock_982188053-600x400.webp 600w, https:\/\/www.escapadarural.com\/blog\/wp-content\/uploads\/2025\/04\/AdobeStock_982188053-768x512.webp 768w, https:\/\/www.escapadarural.com\/blog\/wp-content\/uploads\/2025\/04\/AdobeStock_982188053-800x534.webp 800w, https:\/\/www.escapadarural.com\/blog\/wp-content\/uploads\/2025\/04\/AdobeStock_982188053.webp 1024w\" sizes=\"auto, (max-width: 1024px) 100vw, 1024px\" \/><figcaption class=\"wp-element-caption\">El pueblo de Pasajes. Por Lenaick<\/figcaption><\/figure>\n\n\n\n<p>Son 27,6 kil\u00f3metros. Una de las etapas m\u00e1s bonitas del Camino del Norte es la primera, la que une <a href=\"\/casas-rurales\/irun\">Ir\u00fan<\/a> con Donostia. Tiene un encanto especial porque fusiona la belleza del mar con la de la monta\u00f1a. Cruza el <strong><a href=\"\/blog\/labetxu-valle-de-colores-de-jaizkibel\/\">monte Jaizkibel<\/a><\/strong> y baja al bonito <strong>pueblo pesquero de Pasajes<\/strong>.<\/p>\n\n\n\n<p>Para continuar el camino hay que coger una barquita que cruza la r\u00eda entre Pasai Donibane y Pasai San Pedro. Una excusa para descansar unos pocos minutos y disfrutar del paisaje. Despu\u00e9s bordea la r\u00eda hacia el mar, pasando junto al Centro Cultural Mar\u00edtimo, y sube por un tramo de escaleras hasta el faro de la Plata. Antes de llegar al final de la etapa, <strong>aparecer\u00e1 de repente en el horizonte la se\u00f1orial ciudad de San Sebasti\u00e1n<\/strong>, que podremos contemplar desde un espectacular mirador.<\/p>\n\n\n\n<h2 class=\"wp-block-heading\" id=\"h-de-colombres-a-llanes-camino-de-santiago-del-norte\"><strong>De Colombres a Llanes (Camino de Santiago del Norte)<\/strong><\/h2>\n\n\n\n<figure class=\"wp-block-image size-full\"><img loading=\"lazy\" decoding=\"async\" width=\"1024\" height=\"747\" src=\"https:\/\/www.escapadarural.com\/blog\/wp-content\/uploads\/2025\/04\/AdobeStock_549505086.webp\" alt=\"Bufones de Arenillas, en Asturias. Bufones of Arenillas in Vidiago, Asturias. Por StockPhotoAstur\" class=\"wp-image-199101\" srcset=\"https:\/\/www.escapadarural.com\/blog\/wp-content\/uploads\/2025\/04\/AdobeStock_549505086-200x146.webp 200w, https:\/\/www.escapadarural.com\/blog\/wp-content\/uploads\/2025\/04\/AdobeStock_549505086-300x219.webp 300w, https:\/\/www.escapadarural.com\/blog\/wp-content\/uploads\/2025\/04\/AdobeStock_549505086-400x292.webp 400w, https:\/\/www.escapadarural.com\/blog\/wp-content\/uploads\/2025\/04\/AdobeStock_549505086-600x438.webp 600w, https:\/\/www.escapadarural.com\/blog\/wp-content\/uploads\/2025\/04\/AdobeStock_549505086-768x560.webp 768w, https:\/\/www.escapadarural.com\/blog\/wp-content\/uploads\/2025\/04\/AdobeStock_549505086-800x584.webp 800w, https:\/\/www.escapadarural.com\/blog\/wp-content\/uploads\/2025\/04\/AdobeStock_549505086.webp 1024w\" sizes=\"auto, (max-width: 1024px) 100vw, 1024px\" \/><figcaption class=\"wp-element-caption\">Bufones de Arenillas, en Vidiago (Asturias). Por StockPhotoAstur<\/figcaption><\/figure>\n\n\n\n<p>Son 23 kil\u00f3metros. Es una etapa muy pl\u00e1cida que avanza por un <strong>sendero pegado al mar<\/strong>. Vale la pena salirse un poco del trazado oficial y seguir la Senda Costera, que conduce al mismo sitio, pero por un entorno natural de gran belleza. Pasa cerca de los bufones de Santiuste, unos \u201cchorros\u201d que se originan en el borde de los acantilados aprovechando las facturas de la roca caliza.<\/p>\n\n\n\n<p>No son los \u00fanicos que veremos en esta etapa. El sendero tambi\u00e9n pasa junto a los <strong>bufones de Arenillas<\/strong>, en <a href=\"\/casas-rurales\/llanes\">Llanes<\/a>, un espect\u00e1culo natural que se forma especialmente en d\u00edas de temporal y fuerte marejada.<\/p>\n\n\n\n<h2 class=\"wp-block-heading\" id=\"h-de-zegama-a-agurain-salvatierra-camino-vasco-del-interior\"><strong>De Zegama a Agurain\/Salvatierra (Camino Vasco del Interior)<\/strong><\/h2>\n\n\n\n<figure class=\"wp-block-image size-large\"><img loading=\"lazy\" decoding=\"async\" width=\"1024\" height=\"683\" src=\"https:\/\/www.escapadarural.com\/blog\/wp-content\/uploads\/2025\/01\/AdobeStock_359277730-1024x683.jpeg\" alt=\"T\u00fanel de San Adri\u00e1n, por donde pasa el Camino Vasco del Interior, en la Sierra de Aizkorri | Por unai\" class=\"wp-image-186571\" srcset=\"https:\/\/www.escapadarural.com\/blog\/wp-content\/uploads\/2025\/01\/AdobeStock_359277730-200x133.jpeg 200w, https:\/\/www.escapadarural.com\/blog\/wp-content\/uploads\/2025\/01\/AdobeStock_359277730-300x200.jpeg 300w, https:\/\/www.escapadarural.com\/blog\/wp-content\/uploads\/2025\/01\/AdobeStock_359277730-400x267.jpeg 400w, https:\/\/www.escapadarural.com\/blog\/wp-content\/uploads\/2025\/01\/AdobeStock_359277730-600x400.jpeg 600w, https:\/\/www.escapadarural.com\/blog\/wp-content\/uploads\/2025\/01\/AdobeStock_359277730-768x512.jpeg 768w, https:\/\/www.escapadarural.com\/blog\/wp-content\/uploads\/2025\/01\/AdobeStock_359277730-800x533.jpeg 800w, https:\/\/www.escapadarural.com\/blog\/wp-content\/uploads\/2025\/01\/AdobeStock_359277730-1024x683.jpeg 1024w, https:\/\/www.escapadarural.com\/blog\/wp-content\/uploads\/2025\/01\/AdobeStock_359277730-1200x800.jpeg 1200w, https:\/\/www.escapadarural.com\/blog\/wp-content\/uploads\/2025\/01\/AdobeStock_359277730-1536x1024.jpeg 1536w\" sizes=\"auto, (max-width: 1024px) 100vw, 1024px\" \/><figcaption class=\"wp-element-caption\">T\u00fanel de San Adri\u00e1n, por donde pasa el Camino Vasco del Interior, en la Sierra de Aizkorri. Por unai<\/figcaption><\/figure>\n\n\n\n<p>Son 22 kil\u00f3metros y 885 metros de desnivel positivo. A los m\u00e1s monta\u00f1eros les encantar\u00e1 esta etapa donde la dureza est\u00e1 en la fuerte pendiente que se sube para cruzar el monte Aizkorri por el t\u00fanel de San Adri\u00e1n, <strong>un paso excavado en la roca<\/strong> con una peque\u00f1a ermita al salir de Zegama.<\/p>\n\n\n\n<p>Es un d\u00eda de fuertes <strong>contrastes<\/strong>. La orograf\u00eda monta\u00f1osa de los prados y de los frondosos bosques de Gipuzkoa se transforma radicalmente en la llanura alavesa en cuanto se atraviesa el Aizkorri.<\/p>\n\n\n\n<h2 class=\"wp-block-heading\" id=\"h-de-miranda-de-ebro-a-pancorbo-camino-vasco-del-interior\"><strong>De Miranda de Ebro a Pancorbo (Camino Vasco del Interior)<\/strong><\/h2>\n\n\n\n<figure class=\"wp-block-image size-large\"><img loading=\"lazy\" decoding=\"async\" width=\"1024\" height=\"689\" src=\"https:\/\/www.escapadarural.com\/blog\/wp-content\/uploads\/2025\/04\/AdobeStock_482716561-1024x689.jpeg\" alt=\"Pancorbo (Burgos). Por Raul\" class=\"wp-image-199104\" srcset=\"https:\/\/www.escapadarural.com\/blog\/wp-content\/uploads\/2025\/04\/AdobeStock_482716561-200x135.jpeg 200w, https:\/\/www.escapadarural.com\/blog\/wp-content\/uploads\/2025\/04\/AdobeStock_482716561-300x202.jpeg 300w, https:\/\/www.escapadarural.com\/blog\/wp-content\/uploads\/2025\/04\/AdobeStock_482716561-400x269.jpeg 400w, https:\/\/www.escapadarural.com\/blog\/wp-content\/uploads\/2025\/04\/AdobeStock_482716561-600x404.jpeg 600w, https:\/\/www.escapadarural.com\/blog\/wp-content\/uploads\/2025\/04\/AdobeStock_482716561-768x517.jpeg 768w, https:\/\/www.escapadarural.com\/blog\/wp-content\/uploads\/2025\/04\/AdobeStock_482716561-800x538.jpeg 800w, https:\/\/www.escapadarural.com\/blog\/wp-content\/uploads\/2025\/04\/AdobeStock_482716561-1024x689.jpeg 1024w, https:\/\/www.escapadarural.com\/blog\/wp-content\/uploads\/2025\/04\/AdobeStock_482716561-1200x807.jpeg 1200w, https:\/\/www.escapadarural.com\/blog\/wp-content\/uploads\/2025\/04\/AdobeStock_482716561-1536x1033.jpeg 1536w\" sizes=\"auto, (max-width: 1024px) 100vw, 1024px\" \/><figcaption class=\"wp-element-caption\">Pancorbo (Burgos). Por Raul<\/figcaption><\/figure>\n\n\n\n<p>Son 16,4 kil\u00f3metros. La parte m\u00e1s bonita y que hace muy recomendable esta etapa es el desfiladero de <a href=\"\/casas-rurales\/pancorbo\">Pancorbo<\/a>. Se trata de un paso hist\u00f3rico enclavado en los montes Obarenes de Burgos, por donde se acced\u00eda a la meseta castellana desde el norte de la pen\u00ednsula ib\u00e9rica y de la costa atl\u00e1ntica europea. Por ese motivo se le conoce tambi\u00e9n como <strong>\u201cPuerta de Castilla\u201d<\/strong>.<\/p>\n\n\n\n<p>Caminar\u00e1s admirando los enormes arcos del puente de la v\u00eda del tren hasta llegar a la ermita del Cristo del Barrio. Es<strong> un peque\u00f1o templo <\/strong>en el que se apost\u00f3 por reutilizar materiales: se emplearon l\u00e1pidas romanas en los muros de su fachada.<\/p>\n\n\n\n<h2 class=\"wp-block-heading\" id=\"h-de-almaden-a-monesterio-via-de-la-plata\"><strong>De Almad\u00e9n a Monesterio (V\u00eda de la Plata)<\/strong><\/h2>\n\n\n\n<figure class=\"wp-block-image size-full\"><img loading=\"lazy\" decoding=\"async\" width=\"1024\" height=\"701\" src=\"https:\/\/www.escapadarural.com\/blog\/wp-content\/uploads\/2024\/10\/04_PueblosCiudadReal_Almaden_Pecold_AdobeStock_275060093_WP04-11.webp\" alt=\"Almad\u00e9n\" class=\"wp-image-85162\" srcset=\"https:\/\/www.escapadarural.com\/blog\/wp-content\/uploads\/2024\/10\/04_PueblosCiudadReal_Almaden_Pecold_AdobeStock_275060093_WP04-11-200x137.webp 200w, https:\/\/www.escapadarural.com\/blog\/wp-content\/uploads\/2024\/10\/04_PueblosCiudadReal_Almaden_Pecold_AdobeStock_275060093_WP04-11-300x205.webp 300w, https:\/\/www.escapadarural.com\/blog\/wp-content\/uploads\/2024\/10\/04_PueblosCiudadReal_Almaden_Pecold_AdobeStock_275060093_WP04-11-400x274.webp 400w, https:\/\/www.escapadarural.com\/blog\/wp-content\/uploads\/2024\/10\/04_PueblosCiudadReal_Almaden_Pecold_AdobeStock_275060093_WP04-11-600x411.webp 600w, https:\/\/www.escapadarural.com\/blog\/wp-content\/uploads\/2024\/10\/04_PueblosCiudadReal_Almaden_Pecold_AdobeStock_275060093_WP04-11-768x526.webp 768w, https:\/\/www.escapadarural.com\/blog\/wp-content\/uploads\/2024\/10\/04_PueblosCiudadReal_Almaden_Pecold_AdobeStock_275060093_WP04-11-800x548.webp 800w, https:\/\/www.escapadarural.com\/blog\/wp-content\/uploads\/2024\/10\/04_PueblosCiudadReal_Almaden_Pecold_AdobeStock_275060093_WP04-11.webp 1024w\" sizes=\"auto, (max-width: 1024px) 100vw, 1024px\" \/><figcaption class=\"wp-element-caption\">Almad\u00e9n. Por Pecold<\/figcaption><\/figure>\n\n\n\n<p>Son 35 kil\u00f3metros y 630 metros de desnivel positivo. La etapa se puede partir en dos si se considera demasiado dura, pernoctando en <a href=\"\/casas-rurales\/el-real-de-la-jara\">El Real de la Jara<\/a>, que es el \u00faltimo municipio andaluz de la <strong>V\u00eda de la Plata<\/strong>. En ese caso, vale la pena dedicar tiempo a conocer su castillo.<\/p>\n\n\n\n<p>A partir de aqu\u00ed, comienzan 15 kil\u00f3metros por <a href=\"\/blog\/planes-que-hacer-primavera-extremadura\/\">Extremadura<\/a>, por caminos y v\u00edas pecuarias entre encinas, alcornoques, ganado bovino y porcino ib\u00e9rico. Un <strong>t\u00edpico paisaje de dehesa<\/strong> con olor a tomillo y a romero. Es destacable la ermita \u201cfuturista\u201d de San Isidro, en medio del camino.<\/p>\n\n\n\n<h2 class=\"wp-block-heading\" id=\"h-de-a-gudina-a-laza-camino-de-santiago-sanabres\"><strong>De A Gudi\u00f1a a Laza (Camino de Santiago Sanabr\u00e9s)<\/strong><\/h2>\n\n\n\n<figure class=\"wp-block-image size-full\"><img loading=\"lazy\" decoding=\"async\" width=\"1024\" height=\"681\" src=\"https:\/\/www.escapadarural.com\/blog\/wp-content\/uploads\/2025\/04\/AdobeStock_359985819.webp\" alt=\"El Camino de Santiago, antes de llegar a Laza. Por joserpizarro\" class=\"wp-image-199105\" srcset=\"https:\/\/www.escapadarural.com\/blog\/wp-content\/uploads\/2025\/04\/AdobeStock_359985819-200x133.webp 200w, https:\/\/www.escapadarural.com\/blog\/wp-content\/uploads\/2025\/04\/AdobeStock_359985819-300x200.webp 300w, https:\/\/www.escapadarural.com\/blog\/wp-content\/uploads\/2025\/04\/AdobeStock_359985819-400x266.webp 400w, https:\/\/www.escapadarural.com\/blog\/wp-content\/uploads\/2025\/04\/AdobeStock_359985819-600x399.webp 600w, https:\/\/www.escapadarural.com\/blog\/wp-content\/uploads\/2025\/04\/AdobeStock_359985819-768x511.webp 768w, https:\/\/www.escapadarural.com\/blog\/wp-content\/uploads\/2025\/04\/AdobeStock_359985819-800x532.webp 800w, https:\/\/www.escapadarural.com\/blog\/wp-content\/uploads\/2025\/04\/AdobeStock_359985819.webp 1024w\" sizes=\"auto, (max-width: 1024px) 100vw, 1024px\" \/><figcaption class=\"wp-element-caption\">El Camino de Santiago, antes de llegar a Laza. Por joserpizarro<\/figcaption><\/figure>\n\n\n\n<p>Son 34 kil\u00f3metros con 550 metros de desnivel positivo. Es una etapa muy variada y larga, lo que sumado a las <strong>constantes cuestas<\/strong> hace que tenga algo de complicaci\u00f3n. Buena parte de la jornada se camina por encima de los 1.000 metros de altitud, lo que ofrece unas vistas que le dan una gran belleza paisaj\u00edstica. La primera parte tiene panor\u00e1micas del embalse de Santa Eulalia; la segunda, avanza por largas rectas entre campos de cultivo hasta llegar a <a href=\"\/casas-rurales\/laza\">Laza<\/a>. Sin duda, otra de las etapas m\u00e1s bonitas del Camino de Santiago.<\/p>\n","protected":false},"excerpt":{"rendered":"<p>Recorremos las etapas m\u00e1s bonitas del Camino de Santiago: belleza paisaj\u00edstica en las diferentes v\u00edas, por el interior y por la costa<\/p>\n","protected":false},"author":123,"featured_media":199101,"comment_status":"open","ping_status":"open","sticky":false,"template":"","format":"standard","meta":{"_acf_changed":false,"om_disable_all_campaigns":false,"footnotes":""},"categories":[1379],"tags":[616,6240,2532,6242,6241,331,6239,215,6087,1191],"class_list":["post-199093","post","type-post","status-publish","format-standard","has-post-thumbnail","hentry","category-rutas-y-excursiones","tag-camino-de-santiago","tag-camino-del-norte","tag-camino-frances","tag-camino-sanabres","tag-camino-vasco-del-interior","tag-espana","tag-etapas","tag-listado","tag-senderismo","tag-via-de-la-plata"],"acf":[],"featured_image_src":"https:\/\/www.escapadarural.com\/blog\/wp-content\/uploads\/2025\/04\/AdobeStock_549505086.webp","author_info":{"display_name":"Raquel Andr\u00e9s","author_link":"https:\/\/www.escapadarural.com\/blog\/autor\/raquel\/"},"yoast_head":"<!-- This site is optimized with the Yoast SEO plugin v27.5 - https:\/\/yoast.com\/product\/yoast-seo-wordpress\/ -->\n<title>Las etapas m\u00e1s bonitas del Camino de Santiago - EscapadaRural<\/title>\n<meta name=\"description\" content=\"Recorremos las etapas m\u00e1s bonitas del Camino de Santiago: belleza paisaj\u00edstica en las diferentes v\u00edas, por el interior y por la costa\" \/>\n<meta name=\"robots\" content=\"index, follow, max-snippet:-1, max-image-preview:large, max-video-preview:-1\" \/>\n<link rel=\"canonical\" href=\"https:\/\/www.escapadarural.com\/blog\/etapas-mas-bonitas-camino-de-santiago\/\" \/>\n<meta property=\"og:locale\" content=\"es_ES\" \/>\n<meta property=\"og:type\" content=\"article\" \/>\n<meta property=\"og:title\" content=\"Las etapas m\u00e1s bonitas del Camino de Santiago - EscapadaRural\" \/>\n<meta property=\"og:description\" content=\"Recorremos las etapas m\u00e1s bonitas del Camino de Santiago: belleza paisaj\u00edstica en las diferentes v\u00edas, por el interior y por la costa\" \/>\n<meta property=\"og:url\" content=\"https:\/\/www.escapadarural.com\/blog\/etapas-mas-bonitas-camino-de-santiago\/\" \/>\n<meta property=\"og:site_name\" content=\"Magazine de viajes de EscapadaRural\" \/>\n<meta property=\"article:publisher\" content=\"https:\/\/www.facebook.com\/escapadarural\" \/>\n<meta property=\"article:published_time\" content=\"2025-04-23T06:00:00+00:00\" \/>\n<meta property=\"article:modified_time\" content=\"2026-02-17T16:07:04+00:00\" \/>\n<meta property=\"og:image\" content=\"https:\/\/www.escapadarural.com\/blog\/wp-content\/uploads\/2025\/04\/AdobeStock_549505086.webp\" \/>\n\t<meta property=\"og:image:width\" content=\"1024\" \/>\n\t<meta property=\"og:image:height\" content=\"747\" \/>\n\t<meta property=\"og:image:type\" content=\"image\/webp\" \/>\n<meta name=\"author\" content=\"Raquel Andr\u00e9s\" \/>\n<meta name=\"twitter:card\" content=\"summary_large_image\" \/>\n<meta name=\"twitter:label1\" content=\"Escrito por\" \/>\n\t<meta name=\"twitter:data1\" content=\"Raquel Andr\u00e9s\" \/>\n\t<meta name=\"twitter:label2\" content=\"Tiempo de lectura\" \/>\n\t<meta name=\"twitter:data2\" content=\"8 minutos\" \/>\n<script type=\"application\/ld+json\" class=\"yoast-schema-graph\">{\"@context\":\"https:\\\/\\\/schema.org\",\"@graph\":[{\"@type\":\"Article\",\"@id\":\"https:\\\/\\\/www.escapadarural.com\\\/blog\\\/etapas-mas-bonitas-camino-de-santiago\\\/#article\",\"isPartOf\":{\"@id\":\"https:\\\/\\\/www.escapadarural.com\\\/blog\\\/etapas-mas-bonitas-camino-de-santiago\\\/\"},\"author\":{\"name\":\"Raquel Andr\u00e9s\",\"@id\":\"https:\\\/\\\/www.escapadarural.com\\\/blog\\\/#\\\/schema\\\/person\\\/67be061eb00d8315fa8642e01b88c894\"},\"headline\":\"Las etapas m\u00e1s bonitas del Camino de Santiago\",\"datePublished\":\"2025-04-23T06:00:00+00:00\",\"dateModified\":\"2026-02-17T16:07:04+00:00\",\"mainEntityOfPage\":{\"@id\":\"https:\\\/\\\/www.escapadarural.com\\\/blog\\\/etapas-mas-bonitas-camino-de-santiago\\\/\"},\"wordCount\":1233,\"commentCount\":0,\"publisher\":{\"@id\":\"https:\\\/\\\/www.escapadarural.com\\\/blog\\\/#organization\"},\"image\":{\"@id\":\"https:\\\/\\\/www.escapadarural.com\\\/blog\\\/etapas-mas-bonitas-camino-de-santiago\\\/#primaryimage\"},\"thumbnailUrl\":\"https:\\\/\\\/www.escapadarural.com\\\/blog\\\/wp-content\\\/uploads\\\/2025\\\/04\\\/AdobeStock_549505086.webp\",\"keywords\":[\"Camino de Santiago\",\"Camino del Norte\",\"Camino Franc\u00e9s\",\"Camino Sanabr\u00e9s\",\"Camino Vasco del Interior\",\"Espa\u00f1a\",\"etapas\",\"Listado\",\"senderismo\",\"V\u00eda de la Plata\"],\"articleSection\":[\"Rutas y excursiones\"],\"inLanguage\":\"es\",\"potentialAction\":[{\"@type\":\"CommentAction\",\"name\":\"Comment\",\"target\":[\"https:\\\/\\\/www.escapadarural.com\\\/blog\\\/etapas-mas-bonitas-camino-de-santiago\\\/#respond\"]}]},{\"@type\":\"WebPage\",\"@id\":\"https:\\\/\\\/www.escapadarural.com\\\/blog\\\/etapas-mas-bonitas-camino-de-santiago\\\/\",\"url\":\"https:\\\/\\\/www.escapadarural.com\\\/blog\\\/etapas-mas-bonitas-camino-de-santiago\\\/\",\"name\":\"Las etapas m\u00e1s bonitas del Camino de Santiago - EscapadaRural\",\"isPartOf\":{\"@id\":\"https:\\\/\\\/www.escapadarural.com\\\/blog\\\/#website\"},\"primaryImageOfPage\":{\"@id\":\"https:\\\/\\\/www.escapadarural.com\\\/blog\\\/etapas-mas-bonitas-camino-de-santiago\\\/#primaryimage\"},\"image\":{\"@id\":\"https:\\\/\\\/www.escapadarural.com\\\/blog\\\/etapas-mas-bonitas-camino-de-santiago\\\/#primaryimage\"},\"thumbnailUrl\":\"https:\\\/\\\/www.escapadarural.com\\\/blog\\\/wp-content\\\/uploads\\\/2025\\\/04\\\/AdobeStock_549505086.webp\",\"datePublished\":\"2025-04-23T06:00:00+00:00\",\"dateModified\":\"2026-02-17T16:07:04+00:00\",\"description\":\"Recorremos las etapas m\u00e1s bonitas del Camino de Santiago: belleza paisaj\u00edstica en las diferentes v\u00edas, por el interior y por la costa\",\"breadcrumb\":{\"@id\":\"https:\\\/\\\/www.escapadarural.com\\\/blog\\\/etapas-mas-bonitas-camino-de-santiago\\\/#breadcrumb\"},\"inLanguage\":\"es\",\"potentialAction\":[{\"@type\":\"ReadAction\",\"target\":[\"https:\\\/\\\/www.escapadarural.com\\\/blog\\\/etapas-mas-bonitas-camino-de-santiago\\\/\"]}]},{\"@type\":\"ImageObject\",\"inLanguage\":\"es\",\"@id\":\"https:\\\/\\\/www.escapadarural.com\\\/blog\\\/etapas-mas-bonitas-camino-de-santiago\\\/#primaryimage\",\"url\":\"https:\\\/\\\/www.escapadarural.com\\\/blog\\\/wp-content\\\/uploads\\\/2025\\\/04\\\/AdobeStock_549505086.webp\",\"contentUrl\":\"https:\\\/\\\/www.escapadarural.com\\\/blog\\\/wp-content\\\/uploads\\\/2025\\\/04\\\/AdobeStock_549505086.webp\",\"width\":1024,\"height\":747,\"caption\":\"Bufones de Arenillas, en Asturias. Bufones of Arenillas in Vidiago, Asturias. Por StockPhotoAstur\"},{\"@type\":\"BreadcrumbList\",\"@id\":\"https:\\\/\\\/www.escapadarural.com\\\/blog\\\/etapas-mas-bonitas-camino-de-santiago\\\/#breadcrumb\",\"itemListElement\":[{\"@type\":\"ListItem\",\"position\":1,\"name\":\"Inicio\",\"item\":\"https:\\\/\\\/www.escapadarural.com\\\/blog\\\/\"},{\"@type\":\"ListItem\",\"position\":2,\"name\":\"Rutas y excursiones\",\"item\":\"https:\\\/\\\/www.escapadarural.com\\\/blog\\\/categoria\\\/rutas-y-excursiones\\\/\"},{\"@type\":\"ListItem\",\"position\":3,\"name\":\"Las etapas m\u00e1s bonitas del Camino de Santiago\"}]},{\"@type\":\"WebSite\",\"@id\":\"https:\\\/\\\/www.escapadarural.com\\\/blog\\\/#website\",\"url\":\"https:\\\/\\\/www.escapadarural.com\\\/blog\\\/\",\"name\":\"Blog de viajes | turismo rural, alojamientos e inspiraci\u00f3n\",\"description\":\"Alojamientos rurales e inspiraci\u00f3n para tus escapadas\",\"publisher\":{\"@id\":\"https:\\\/\\\/www.escapadarural.com\\\/blog\\\/#organization\"},\"alternateName\":\"Magazine de viajes de EscapadaRural\",\"potentialAction\":[{\"@type\":\"SearchAction\",\"target\":{\"@type\":\"EntryPoint\",\"urlTemplate\":\"https:\\\/\\\/www.escapadarural.com\\\/blog\\\/?s={search_term_string}\"},\"query-input\":{\"@type\":\"PropertyValueSpecification\",\"valueRequired\":true,\"valueName\":\"search_term_string\"}}],\"inLanguage\":\"es\"},{\"@type\":\"Organization\",\"@id\":\"https:\\\/\\\/www.escapadarural.com\\\/blog\\\/#organization\",\"name\":\"EscapadaRural\",\"url\":\"https:\\\/\\\/www.escapadarural.com\\\/blog\\\/\",\"logo\":{\"@type\":\"ImageObject\",\"inLanguage\":\"es\",\"@id\":\"https:\\\/\\\/www.escapadarural.com\\\/blog\\\/#\\\/schema\\\/logo\\\/image\\\/\",\"url\":\"https:\\\/\\\/www.escapadarural.com\\\/blog\\\/wp-content\\\/uploads\\\/2024\\\/10\\\/cropped-cropped-escapada-rural-icon-mag-3.png\",\"contentUrl\":\"https:\\\/\\\/www.escapadarural.com\\\/blog\\\/wp-content\\\/uploads\\\/2024\\\/10\\\/cropped-cropped-escapada-rural-icon-mag-3.png\",\"width\":512,\"height\":512,\"caption\":\"EscapadaRural\"},\"image\":{\"@id\":\"https:\\\/\\\/www.escapadarural.com\\\/blog\\\/#\\\/schema\\\/logo\\\/image\\\/\"},\"sameAs\":[\"https:\\\/\\\/www.facebook.com\\\/escapadarural\",\"https:\\\/\\\/www.instagram.com\\\/escapadarural\\\/\",\"https:\\\/\\\/www.youtube.com\\\/@escapadaruralcom\"]},{\"@type\":\"Person\",\"@id\":\"https:\\\/\\\/www.escapadarural.com\\\/blog\\\/#\\\/schema\\\/person\\\/67be061eb00d8315fa8642e01b88c894\",\"name\":\"Raquel Andr\u00e9s\",\"image\":{\"@type\":\"ImageObject\",\"inLanguage\":\"es\",\"@id\":\"https:\\\/\\\/secure.gravatar.com\\\/avatar\\\/b45840531462f3cafb335a9fc5c0bfda2c07c3df4b82b304b923526b85cc6cb5?s=96&d=mm&r=g\",\"url\":\"https:\\\/\\\/secure.gravatar.com\\\/avatar\\\/b45840531462f3cafb335a9fc5c0bfda2c07c3df4b82b304b923526b85cc6cb5?s=96&d=mm&r=g\",\"contentUrl\":\"https:\\\/\\\/secure.gravatar.com\\\/avatar\\\/b45840531462f3cafb335a9fc5c0bfda2c07c3df4b82b304b923526b85cc6cb5?s=96&d=mm&r=g\",\"caption\":\"Raquel Andr\u00e9s\"},\"description\":\"Periodista y aventurera. Me has podido leer en Escapada Rural, Diari Nosaltres La Veu, La Vanguardia, El Salto y otros medios. Habitante y amante de las zonas rurales, sea cual sea el destino. Procuro escaparme una vez por semana con las botas de monta\u00f1a, el arn\u00e9s o el neopreno. Tambi\u00e9n soy un intento de baserritarra.\",\"url\":\"https:\\\/\\\/www.escapadarural.com\\\/blog\\\/autor\\\/raquel\\\/\"}]}<\/script>\n<!-- \/ Yoast SEO plugin. -->","yoast_head_json":{"title":"Las etapas m\u00e1s bonitas del Camino de Santiago - EscapadaRural","description":"Recorremos las etapas m\u00e1s bonitas del Camino de Santiago: belleza paisaj\u00edstica en las diferentes v\u00edas, por el interior y por la costa","robots":{"index":"index","follow":"follow","max-snippet":"max-snippet:-1","max-image-preview":"max-image-preview:large","max-video-preview":"max-video-preview:-1"},"canonical":"https:\/\/www.escapadarural.com\/blog\/etapas-mas-bonitas-camino-de-santiago\/","og_locale":"es_ES","og_type":"article","og_title":"Las etapas m\u00e1s bonitas del Camino de Santiago - EscapadaRural","og_description":"Recorremos las etapas m\u00e1s bonitas del Camino de Santiago: belleza paisaj\u00edstica en las diferentes v\u00edas, por el interior y por la costa","og_url":"https:\/\/www.escapadarural.com\/blog\/etapas-mas-bonitas-camino-de-santiago\/","og_site_name":"Magazine de viajes de EscapadaRural","article_publisher":"https:\/\/www.facebook.com\/escapadarural","article_published_time":"2025-04-23T06:00:00+00:00","article_modified_time":"2026-02-17T16:07:04+00:00","og_image":[{"width":1024,"height":747,"url":"https:\/\/www.escapadarural.com\/blog\/wp-content\/uploads\/2025\/04\/AdobeStock_549505086.webp","type":"image\/webp"}],"author":"Raquel Andr\u00e9s","twitter_card":"summary_large_image","twitter_misc":{"Escrito por":"Raquel Andr\u00e9s","Tiempo de lectura":"8 minutos"},"schema":{"@context":"https:\/\/schema.org","@graph":[{"@type":"Article","@id":"https:\/\/www.escapadarural.com\/blog\/etapas-mas-bonitas-camino-de-santiago\/#article","isPartOf":{"@id":"https:\/\/www.escapadarural.com\/blog\/etapas-mas-bonitas-camino-de-santiago\/"},"author":{"name":"Raquel Andr\u00e9s","@id":"https:\/\/www.escapadarural.com\/blog\/#\/schema\/person\/67be061eb00d8315fa8642e01b88c894"},"headline":"Las etapas m\u00e1s bonitas del Camino de Santiago","datePublished":"2025-04-23T06:00:00+00:00","dateModified":"2026-02-17T16:07:04+00:00","mainEntityOfPage":{"@id":"https:\/\/www.escapadarural.com\/blog\/etapas-mas-bonitas-camino-de-santiago\/"},"wordCount":1233,"commentCount":0,"publisher":{"@id":"https:\/\/www.escapadarural.com\/blog\/#organization"},"image":{"@id":"https:\/\/www.escapadarural.com\/blog\/etapas-mas-bonitas-camino-de-santiago\/#primaryimage"},"thumbnailUrl":"https:\/\/www.escapadarural.com\/blog\/wp-content\/uploads\/2025\/04\/AdobeStock_549505086.webp","keywords":["Camino de Santiago","Camino del Norte","Camino Franc\u00e9s","Camino Sanabr\u00e9s","Camino Vasco del Interior","Espa\u00f1a","etapas","Listado","senderismo","V\u00eda de la Plata"],"articleSection":["Rutas y excursiones"],"inLanguage":"es","potentialAction":[{"@type":"CommentAction","name":"Comment","target":["https:\/\/www.escapadarural.com\/blog\/etapas-mas-bonitas-camino-de-santiago\/#respond"]}]},{"@type":"WebPage","@id":"https:\/\/www.escapadarural.com\/blog\/etapas-mas-bonitas-camino-de-santiago\/","url":"https:\/\/www.escapadarural.com\/blog\/etapas-mas-bonitas-camino-de-santiago\/","name":"Las etapas m\u00e1s bonitas del Camino de Santiago - EscapadaRural","isPartOf":{"@id":"https:\/\/www.escapadarural.com\/blog\/#website"},"primaryImageOfPage":{"@id":"https:\/\/www.escapadarural.com\/blog\/etapas-mas-bonitas-camino-de-santiago\/#primaryimage"},"image":{"@id":"https:\/\/www.escapadarural.com\/blog\/etapas-mas-bonitas-camino-de-santiago\/#primaryimage"},"thumbnailUrl":"https:\/\/www.escapadarural.com\/blog\/wp-content\/uploads\/2025\/04\/AdobeStock_549505086.webp","datePublished":"2025-04-23T06:00:00+00:00","dateModified":"2026-02-17T16:07:04+00:00","description":"Recorremos las etapas m\u00e1s bonitas del Camino de Santiago: belleza paisaj\u00edstica en las diferentes v\u00edas, por el interior y por la costa","breadcrumb":{"@id":"https:\/\/www.escapadarural.com\/blog\/etapas-mas-bonitas-camino-de-santiago\/#breadcrumb"},"inLanguage":"es","potentialAction":[{"@type":"ReadAction","target":["https:\/\/www.escapadarural.com\/blog\/etapas-mas-bonitas-camino-de-santiago\/"]}]},{"@type":"ImageObject","inLanguage":"es","@id":"https:\/\/www.escapadarural.com\/blog\/etapas-mas-bonitas-camino-de-santiago\/#primaryimage","url":"https:\/\/www.escapadarural.com\/blog\/wp-content\/uploads\/2025\/04\/AdobeStock_549505086.webp","contentUrl":"https:\/\/www.escapadarural.com\/blog\/wp-content\/uploads\/2025\/04\/AdobeStock_549505086.webp","width":1024,"height":747,"caption":"Bufones de Arenillas, en Asturias. Bufones of Arenillas in Vidiago, Asturias. Por StockPhotoAstur"},{"@type":"BreadcrumbList","@id":"https:\/\/www.escapadarural.com\/blog\/etapas-mas-bonitas-camino-de-santiago\/#breadcrumb","itemListElement":[{"@type":"ListItem","position":1,"name":"Inicio","item":"https:\/\/www.escapadarural.com\/blog\/"},{"@type":"ListItem","position":2,"name":"Rutas y excursiones","item":"https:\/\/www.escapadarural.com\/blog\/categoria\/rutas-y-excursiones\/"},{"@type":"ListItem","position":3,"name":"Las etapas m\u00e1s bonitas del Camino de Santiago"}]},{"@type":"WebSite","@id":"https:\/\/www.escapadarural.com\/blog\/#website","url":"https:\/\/www.escapadarural.com\/blog\/","name":"Blog de viajes | turismo rural, alojamientos e inspiraci\u00f3n","description":"Alojamientos rurales e inspiraci\u00f3n para tus escapadas","publisher":{"@id":"https:\/\/www.escapadarural.com\/blog\/#organization"},"alternateName":"Magazine de viajes de EscapadaRural","potentialAction":[{"@type":"SearchAction","target":{"@type":"EntryPoint","urlTemplate":"https:\/\/www.escapadarural.com\/blog\/?s={search_term_string}"},"query-input":{"@type":"PropertyValueSpecification","valueRequired":true,"valueName":"search_term_string"}}],"inLanguage":"es"},{"@type":"Organization","@id":"https:\/\/www.escapadarural.com\/blog\/#organization","name":"EscapadaRural","url":"https:\/\/www.escapadarural.com\/blog\/","logo":{"@type":"ImageObject","inLanguage":"es","@id":"https:\/\/www.escapadarural.com\/blog\/#\/schema\/logo\/image\/","url":"https:\/\/www.escapadarural.com\/blog\/wp-content\/uploads\/2024\/10\/cropped-cropped-escapada-rural-icon-mag-3.png","contentUrl":"https:\/\/www.escapadarural.com\/blog\/wp-content\/uploads\/2024\/10\/cropped-cropped-escapada-rural-icon-mag-3.png","width":512,"height":512,"caption":"EscapadaRural"},"image":{"@id":"https:\/\/www.escapadarural.com\/blog\/#\/schema\/logo\/image\/"},"sameAs":["https:\/\/www.facebook.com\/escapadarural","https:\/\/www.instagram.com\/escapadarural\/","https:\/\/www.youtube.com\/@escapadaruralcom"]},{"@type":"Person","@id":"https:\/\/www.escapadarural.com\/blog\/#\/schema\/person\/67be061eb00d8315fa8642e01b88c894","name":"Raquel Andr\u00e9s","image":{"@type":"ImageObject","inLanguage":"es","@id":"https:\/\/secure.gravatar.com\/avatar\/b45840531462f3cafb335a9fc5c0bfda2c07c3df4b82b304b923526b85cc6cb5?s=96&d=mm&r=g","url":"https:\/\/secure.gravatar.com\/avatar\/b45840531462f3cafb335a9fc5c0bfda2c07c3df4b82b304b923526b85cc6cb5?s=96&d=mm&r=g","contentUrl":"https:\/\/secure.gravatar.com\/avatar\/b45840531462f3cafb335a9fc5c0bfda2c07c3df4b82b304b923526b85cc6cb5?s=96&d=mm&r=g","caption":"Raquel Andr\u00e9s"},"description":"Periodista y aventurera. Me has podido leer en Escapada Rural, Diari Nosaltres La Veu, La Vanguardia, El Salto y otros medios. Habitante y amante de las zonas rurales, sea cual sea el destino. Procuro escaparme una vez por semana con las botas de monta\u00f1a, el arn\u00e9s o el neopreno. Tambi\u00e9n soy un intento de baserritarra.","url":"https:\/\/www.escapadarural.com\/blog\/autor\/raquel\/"}]}},"_links":{"self":[{"href":"https:\/\/www.escapadarural.com\/blog\/wp-json\/wp\/v2\/posts\/199093","targetHints":{"allow":["GET"]}}],"collection":[{"href":"https:\/\/www.escapadarural.com\/blog\/wp-json\/wp\/v2\/posts"}],"about":[{"href":"https:\/\/www.escapadarural.com\/blog\/wp-json\/wp\/v2\/types\/post"}],"author":[{"embeddable":true,"href":"https:\/\/www.escapadarural.com\/blog\/wp-json\/wp\/v2\/users\/123"}],"replies":[{"embeddable":true,"href":"https:\/\/www.escapadarural.com\/blog\/wp-json\/wp\/v2\/comments?post=199093"}],"version-history":[{"count":0,"href":"https:\/\/www.escapadarural.com\/blog\/wp-json\/wp\/v2\/posts\/199093\/revisions"}],"wp:featuredmedia":[{"embeddable":true,"href":"https:\/\/www.escapadarural.com\/blog\/wp-json\/wp\/v2\/media\/199101"}],"wp:attachment":[{"href":"https:\/\/www.escapadarural.com\/blog\/wp-json\/wp\/v2\/media?parent=199093"}],"wp:term":[{"taxonomy":"category","embeddable":true,"href":"https:\/\/www.escapadarural.com\/blog\/wp-json\/wp\/v2\/categories?post=199093"},{"taxonomy":"post_tag","embeddable":true,"href":"https:\/\/www.escapadarural.com\/blog\/wp-json\/wp\/v2\/tags?post=199093"}],"curies":[{"name":"wp","href":"https:\/\/api.w.org\/{rel}","templated":true}]}}