{"id":199141,"date":"2025-04-27T08:00:00","date_gmt":"2025-04-27T06:00:00","guid":{"rendered":"https:\/\/www.escapadarural.com\/blog\/?p=199141"},"modified":"2025-04-25T12:49:56","modified_gmt":"2025-04-25T10:49:56","slug":"subida-montejurra-navarra","status":"publish","type":"post","link":"https:\/\/www.escapadarural.com\/blog\/subida-montejurra-navarra\/","title":{"rendered":"Subida a Montejurra, la hist\u00f3rica cumbre de Navarra"},"content":{"rendered":"\n<figure class=\"wp-block-image size-full\"><img loading=\"lazy\" decoding=\"async\" width=\"1024\" height=\"768\" src=\"https:\/\/www.escapadarural.com\/blog\/wp-content\/uploads\/2025\/04\/Montejurra_-_Jurramendi_irudiak_2021_20.webp\" alt=\"La monta\u00f1a navarra de Montejurra. Autor: I\u00f1aki LL (Wikipedia)\" class=\"wp-image-199145\" srcset=\"https:\/\/www.escapadarural.com\/blog\/wp-content\/uploads\/2025\/04\/Montejurra_-_Jurramendi_irudiak_2021_20-200x150.webp 200w, https:\/\/www.escapadarural.com\/blog\/wp-content\/uploads\/2025\/04\/Montejurra_-_Jurramendi_irudiak_2021_20-300x225.webp 300w, https:\/\/www.escapadarural.com\/blog\/wp-content\/uploads\/2025\/04\/Montejurra_-_Jurramendi_irudiak_2021_20-400x300.webp 400w, https:\/\/www.escapadarural.com\/blog\/wp-content\/uploads\/2025\/04\/Montejurra_-_Jurramendi_irudiak_2021_20-600x450.webp 600w, https:\/\/www.escapadarural.com\/blog\/wp-content\/uploads\/2025\/04\/Montejurra_-_Jurramendi_irudiak_2021_20-768x576.webp 768w, https:\/\/www.escapadarural.com\/blog\/wp-content\/uploads\/2025\/04\/Montejurra_-_Jurramendi_irudiak_2021_20-800x600.webp 800w, https:\/\/www.escapadarural.com\/blog\/wp-content\/uploads\/2025\/04\/Montejurra_-_Jurramendi_irudiak_2021_20.webp 1024w\" sizes=\"auto, (max-width: 1024px) 100vw, 1024px\" \/><figcaption class=\"wp-element-caption\">La monta\u00f1a navarra de Montejurra. Por I\u00f1aki LL <\/figcaption><\/figure>\n\n\n\n<p>Hay monta\u00f1as que son codiciadas por los excursionistas por ser la m\u00e1s alta de una provincia o una comunidad aut\u00f3noma, por tener una silueta peculiar, por tener una v\u00eda de ascenso desafiante, por los atractivos que presenta la subida o por tener un simbolismo especial. <strong>Es el caso de Montejurra<\/strong>, de 1.042 metros de altitud, ubicada en la zona del Prepirineo navarro, al sur de <a href=\"\/casas-rurales\/estella-lizarra\" target=\"_blank\" rel=\"noreferrer noopener\">Estella-Lizarra<\/a>.<\/p>\n\n\n\n<p>Nos adentramos en la historia de esta cumbre navarra y detallamos <strong>tres v\u00edas de ascenso que no son demasiado complicadas<\/strong>, a excepci\u00f3n del tramo final para los que quieran llegar hasta la c\u00faspide.<\/p>\n\n\n\n<div class=\"wp-block-buttons is-layout-flex wp-block-buttons-is-layout-flex\">\n<div class=\"wp-block-button\"><a class=\"wp-block-button__link wp-element-button\" href=\"\/casas-rurales\/navarra\">Alojamientos rurales en Navarra<\/a><\/div>\n<\/div>\n\n\n\n<h2 class=\"wp-block-heading\" id=\"h-el-simbolismo-del-monte-sagrado-de-la-tradicion\"><strong>El simbolismo del \u201cmonte sagrado de la tradici\u00f3n\u201d<\/strong><\/h2>\n\n\n\n<p>Seguro que a muchos os sonar\u00e1 el nombre de Montejurra, incluso aunque no sep\u00e1is decir muy bien por qu\u00e9. La clave est\u00e1 en que es un monte simb\u00f3lico porque fue <strong>escenario de diferentes batallas de las guerras carlistas<\/strong> durante el siglo XIX. Eso hizo que a mediados del siglo XX en \u00e9l hubiera concentraciones anuales del carlismo, movimiento pol\u00edtico que naci\u00f3 siendo de corte tradicionalista y mon\u00e1rquico. Se le ha llegado a conocer como \u201cel monte sagrado de la tradici\u00f3n\u201d.<\/p>\n\n\n\n<figure class=\"wp-block-image size-full is-resized\"><img loading=\"lazy\" decoding=\"async\" width=\"1024\" height=\"882\" src=\"https:\/\/www.escapadarural.com\/blog\/wp-content\/uploads\/2025\/04\/Prinses_Irene_met_Carlisten_op_de_Montejurra_NL-HaNA_2.24.01.04_0_926-4422.webp\" alt=\"V\u00eda Crucis carlista de Montejurra el 28 de mayo de 1973. Por Nationaal Archief, los archivos estatales de los Pa\u00edses Bajos y por Spaarnestad Photo (Wikimedia Commons)\" class=\"wp-image-199144\" style=\"width:1024px;height:auto\" srcset=\"https:\/\/www.escapadarural.com\/blog\/wp-content\/uploads\/2025\/04\/Prinses_Irene_met_Carlisten_op_de_Montejurra_NL-HaNA_2.24.01.04_0_926-4422-200x172.webp 200w, https:\/\/www.escapadarural.com\/blog\/wp-content\/uploads\/2025\/04\/Prinses_Irene_met_Carlisten_op_de_Montejurra_NL-HaNA_2.24.01.04_0_926-4422-300x258.webp 300w, https:\/\/www.escapadarural.com\/blog\/wp-content\/uploads\/2025\/04\/Prinses_Irene_met_Carlisten_op_de_Montejurra_NL-HaNA_2.24.01.04_0_926-4422-400x345.webp 400w, https:\/\/www.escapadarural.com\/blog\/wp-content\/uploads\/2025\/04\/Prinses_Irene_met_Carlisten_op_de_Montejurra_NL-HaNA_2.24.01.04_0_926-4422-600x517.webp 600w, https:\/\/www.escapadarural.com\/blog\/wp-content\/uploads\/2025\/04\/Prinses_Irene_met_Carlisten_op_de_Montejurra_NL-HaNA_2.24.01.04_0_926-4422-768x662.webp 768w, https:\/\/www.escapadarural.com\/blog\/wp-content\/uploads\/2025\/04\/Prinses_Irene_met_Carlisten_op_de_Montejurra_NL-HaNA_2.24.01.04_0_926-4422-800x689.webp 800w, https:\/\/www.escapadarural.com\/blog\/wp-content\/uploads\/2025\/04\/Prinses_Irene_met_Carlisten_op_de_Montejurra_NL-HaNA_2.24.01.04_0_926-4422.webp 1024w\" sizes=\"auto, (max-width: 1024px) 100vw, 1024px\" \/><figcaption class=\"wp-element-caption\">V\u00eda Crucis carlista de Montejurra el 28 de mayo de 1973. Por <a href=\"https:\/\/es.wikipedia.org\/wiki\/Archivo:Prinses_Irene_met_Carlisten_op_de_Montejurra_NL-HaNA_2.24.01.04_0_926-4422.jpg\" target=\"_blank\" rel=\"noreferrer noopener nofollow\">Nationaal Archief, los archivos estatales de los Pa\u00edses Bajos y por Spaarnestad Photo (Wikimedia Commons)<\/a><\/figcaption><\/figure>\n\n\n\n<p>El desgraciado hito hist\u00f3rico que dio todav\u00eda <strong>m\u00e1s fama a la monta\u00f1a fueron los llamados \u201csucesos de Montejurra\u201d<\/strong> de 1976. Ese d\u00eda, el habitual encuentro anual se inici\u00f3 con dos v\u00eda crucis: uno impulsado por una nueva rama partidaria de un carlismo socialista, y otro de corte tradicionalista que no ve\u00eda con buenos ojos a los primeros. La tensi\u00f3n lleg\u00f3 hasta el punto de que hubo enfrentamientos y un grupo de mercenarios ultraderechistas acab\u00f3 matando a dos personas.<\/p>\n\n\n\n<p>En la actualidad, <strong>los encuentros anuales se siguen celebrando<\/strong>, aunque los tr\u00e1gicos sucesos supusieron una fuerte estocada al movimiento carlista y el n\u00famero de participantes es bastante reducido. La romer\u00eda a la cima se suele celebrar el primer domingo de mayo.<\/p>\n\n\n\n<h2 class=\"wp-block-heading\" id=\"h-tres-vias-sencillas-de-ascenso-a-montejurra\"><strong>Tres v\u00edas sencillas de ascenso a Montejurra<\/strong><\/h2>\n\n\n\n<p>Entre la tradici\u00f3n y la memoria, hoy la monta\u00f1a de Montejurra es una de esas que <strong>hay que subir alguna vez en la vida<\/strong>. Adem\u00e1s, las vistas desde las alturas son impresionantes: desde la cima se pueden ver las <strong>sierras de Urbasa, And\u00eda y L\u00f3quiz<\/strong>, as\u00ed como la llanura del r\u00edo Ega.<\/p>\n\n\n\n<p>Las v\u00edas de ascenso pueden hacerse en familia, que est\u00e9n acostumbradas a caminar, ya que no presentan dificultad. Tan solo hay que tener precauci\u00f3n en el \u00faltimo mont\u00edculo rocoso, especialmente si las piedras est\u00e1n mojadas, y ayudarse de las manos para avanzar en alg\u00fan paso. Los m\u00e1s valientes pueden llegar hasta la <strong>famosa espada que est\u00e1 clavada en la cima<\/strong>. Os dejamos tres rutas para subir a Montejurra.<\/p>\n\n\n\n<figure class=\"wp-block-image size-full\"><img loading=\"lazy\" decoding=\"async\" width=\"1024\" height=\"768\" src=\"https:\/\/www.escapadarural.com\/blog\/wp-content\/uploads\/2025\/04\/Vista_de_Montejurra_desde_el_Monasterio_de_Irache.webp\" alt=\"Vista de la monta\u00f1a de Montejurra. Por Zarateman (Wikipedia)\" class=\"wp-image-199142\" srcset=\"https:\/\/www.escapadarural.com\/blog\/wp-content\/uploads\/2025\/04\/Vista_de_Montejurra_desde_el_Monasterio_de_Irache-200x150.webp 200w, https:\/\/www.escapadarural.com\/blog\/wp-content\/uploads\/2025\/04\/Vista_de_Montejurra_desde_el_Monasterio_de_Irache-300x225.webp 300w, https:\/\/www.escapadarural.com\/blog\/wp-content\/uploads\/2025\/04\/Vista_de_Montejurra_desde_el_Monasterio_de_Irache-400x300.webp 400w, https:\/\/www.escapadarural.com\/blog\/wp-content\/uploads\/2025\/04\/Vista_de_Montejurra_desde_el_Monasterio_de_Irache-600x450.webp 600w, https:\/\/www.escapadarural.com\/blog\/wp-content\/uploads\/2025\/04\/Vista_de_Montejurra_desde_el_Monasterio_de_Irache-768x576.webp 768w, https:\/\/www.escapadarural.com\/blog\/wp-content\/uploads\/2025\/04\/Vista_de_Montejurra_desde_el_Monasterio_de_Irache-800x600.webp 800w, https:\/\/www.escapadarural.com\/blog\/wp-content\/uploads\/2025\/04\/Vista_de_Montejurra_desde_el_Monasterio_de_Irache.webp 1024w\" sizes=\"auto, (max-width: 1024px) 100vw, 1024px\" \/><figcaption class=\"wp-element-caption\">Vista de la monta\u00f1a de Montejurra. Por<a href=\"https:\/\/es.wikipedia.org\/wiki\/Batalla_de_Montejurra_%281835%29#\/media\/Archivo:Vista_de_Montejurra_desde_el_Monasterio_de_Irache.jpg\" target=\"_blank\" rel=\"noreferrer noopener nofollow\"> Zarateman (Wikipedia)<\/a><\/figcaption><\/figure>\n\n\n\n<div class=\"wp-block-group\"><div class=\"wp-block-group__inner-container is-layout-constrained wp-block-group-is-layout-constrained\">\n<h3 class=\"wp-block-heading\" id=\"h-circular-por-el-via-crucis\">Circular por el V\u00eda Crucis<\/h3>\n<\/div><\/div>\n\n\n\n<p>Una ruta cl\u00e1sica y no muy larga que hace que <strong>subir a la cima de Montejurra sea bastante asequible<\/strong>. Se deja el coche en el <em>parking<\/em> que hay bajo la cara norte, a donde se llega desde <a href=\"\/casas-rurales\/ayegui-aiegi\" target=\"_blank\" rel=\"noreferrer noopener\">Ayegui\/Ayegi<\/a>. Se sube por las cruces y por el camino de San Pantale\u00f3n, pasando por la ermita de San Cipri\u00e1n, el buz\u00f3n de Montejurra, el v\u00e9rtice geod\u00e9sico y el \u00e1rbol de piedra (una peculiar formaci\u00f3n rocosa). El descenso enlaza con el <a href=\"\/blog\/etapas-mas-bonitas-camino-de-santiago\/\">Camino de Santiago<\/a>. Puedes guiarte con <a href=\"https:\/\/es.wikiloc.com\/rutas-senderismo\/montejurra-por-el-via-crucis-circular-47818181\" target=\"_blank\" rel=\"noreferrer noopener nofollow\">este track<\/a>. Otra opci\u00f3n es alargar un poco la ruta, unos 500 metros m\u00e1s, y aparcar en el <a href=\"https:\/\/es.wikiloc.com\/rutas-senderismo\/ruta-circular-a-montejurra-desde-el-monasterio-de-iratxe-sierra-de-montejurra-6027120\" target=\"_blank\" rel=\"noreferrer noopener nofollow\">monasterio de Irache<\/a>.<\/p>\n\n\n<div style=\"background-color: #dff0d8; color: #3c763d; border-left-color: #3c763d; \" class=\"ub-styled-box ub-notification-box wp-block-ub-styled-box\" id=\"ub-styled-box-7bdd8733-63d8-4e9a-8664-1ebd34d9d0cd\">\n<p id=\"ub-styled-box-notification-content-\"><strong>Longitud<\/strong>: 8,55 kil\u00f3metros<\/p>\n\n\n\n<p><strong>Dificultad<\/strong>: f\u00e1cil<\/p>\n\n\n\n<p><strong>Tipo de ruta<\/strong>: circular<\/p>\n\n\n<\/div>\n\n\n<h3 class=\"wp-block-heading\" id=\"h-circular-desde-muniain-de-la-solana\">Circular desde Muni\u00e1in de La Solana<\/h3>\n\n\n\n<p>Un poco m\u00e1s exigente que la primera ruta, <strong>asciende a las tres cimas de Montejurra<\/strong>. Podemos aparcar en el mismo pueblo, desde donde nos dirigiremos hasta la parte m\u00e1s alta, hacia la ermita de San Ram\u00f3n. All\u00ed sale una pista que contin\u00faa ascendiendo hasta la ermita de San Sebasti\u00e1n, con un refugio anexo. De seguido nos encontraremos con la senda del V\u00eda Crucis, ya cerca de la ermita de San Cipriano. Queda un \u00faltimo repecho hasta alcanzar el <strong>altar excavado en la roca<\/strong>, coronar la primera cima (San Cipri\u00e1n, a 1.042 metros) y seguir hacia Montejurra, hacia el pico de las antenas y el v\u00e9rtice geod\u00e9sico. Se vuelve por una pista de cemento. Pod\u00e9is seguir <a href=\"https:\/\/es.wikiloc.com\/rutas-senderismo\/montejurra-desde-muniain-de-la-solana-15892941\" target=\"_blank\" rel=\"noreferrer noopener nofollow\">este track<\/a>.<\/p>\n\n\n<div style=\"background-color: #dff0d8; color: #3c763d; border-left-color: #3c763d; \" class=\"ub-styled-box ub-notification-box wp-block-ub-styled-box\" id=\"ub-styled-box-f146c758-1173-4619-8fcd-ac98af257161\">\n<p id=\"ub-styled-box-notification-content-\"><strong>Longitud<\/strong>: 9,9 kil\u00f3metros<\/p>\n\n\n\n<p><strong>Dificultad<\/strong>: media<\/p>\n\n\n\n<p><strong>Tipo de ruta<\/strong>: circular<\/p>\n\n\n<\/div>\n\n\n<figure class=\"wp-block-image size-large\"><img loading=\"lazy\" decoding=\"async\" width=\"1024\" height=\"768\" src=\"https:\/\/www.escapadarural.com\/blog\/wp-content\/uploads\/2025\/04\/Montejurra_summits-1024x768.jpeg\" alt=\"Cimas de Montejurra. Por Dd1495 (Wikipedia)\" class=\"wp-image-199143\" srcset=\"https:\/\/www.escapadarural.com\/blog\/wp-content\/uploads\/2025\/04\/Montejurra_summits-200x150.jpeg 200w, https:\/\/www.escapadarural.com\/blog\/wp-content\/uploads\/2025\/04\/Montejurra_summits-300x225.jpeg 300w, https:\/\/www.escapadarural.com\/blog\/wp-content\/uploads\/2025\/04\/Montejurra_summits-400x300.jpeg 400w, https:\/\/www.escapadarural.com\/blog\/wp-content\/uploads\/2025\/04\/Montejurra_summits-600x450.jpeg 600w, https:\/\/www.escapadarural.com\/blog\/wp-content\/uploads\/2025\/04\/Montejurra_summits-768x576.jpeg 768w, https:\/\/www.escapadarural.com\/blog\/wp-content\/uploads\/2025\/04\/Montejurra_summits-800x600.jpeg 800w, https:\/\/www.escapadarural.com\/blog\/wp-content\/uploads\/2025\/04\/Montejurra_summits-1024x768.jpeg 1024w, https:\/\/www.escapadarural.com\/blog\/wp-content\/uploads\/2025\/04\/Montejurra_summits-1200x900.jpeg 1200w, https:\/\/www.escapadarural.com\/blog\/wp-content\/uploads\/2025\/04\/Montejurra_summits-1536x1152.jpeg 1536w\" sizes=\"auto, (max-width: 1024px) 100vw, 1024px\" \/><figcaption class=\"wp-element-caption\">Cimas de Montejurra. Por <a href=\"https:\/\/es.wikipedia.org\/wiki\/Archivo:Montejurra_summits.JPG\" target=\"_blank\" rel=\"noreferrer noopener nofollow\">Dd1495 (Wikipedia)<\/a><\/figcaption><\/figure>\n\n\n\n<h3 class=\"wp-block-heading\" id=\"h-circular-desde-arellano\">Circular desde Arellano <\/h3>\n\n\n\n<p>Es la subida con menos desnivel porque <strong>partimos de un punto alto como es el pueblo de Arellano<\/strong>, al sur de Montejurra. Tiene fuertes pendientes que superar, pero no muy largas. Seguiremos las marcas blancas y amarillas del PR-NA 188, que discurre en parte por una pista muy ancha. A los 3 kil\u00f3metros llegaremos a los Llanos de Montejurra, un cruce de caminos donde tomaremos el que conduce a las cimas. Si eliges esta opci\u00f3n, te recomendamos consultar <a href=\"https:\/\/es.wikiloc.com\/rutas-senderismo\/montejurra-desde-arellano-19730891\" target=\"_blank\" rel=\"noreferrer noopener nofollow\">este track<\/a>.<\/p>\n\n\n<div style=\"background-color: #dff0d8; color: #3c763d; border-left-color: #3c763d; \" class=\"ub-styled-box ub-notification-box wp-block-ub-styled-box\" id=\"ub-styled-box-442a53c0-be44-4c67-ac99-bdc5e6a5290a\">\n<p id=\"ub-styled-box-notification-content-\"><strong>Longitud<\/strong>: 10,30 kil\u00f3metros<\/p>\n\n\n\n<p><strong>Dificultad<\/strong>: media<\/p>\n\n\n\n<p><strong>Tipo de ruta<\/strong>:  circular<\/p>\n\n\n<\/div>\n\n\n<h2 class=\"wp-block-heading\" id=\"h-que-hacer-cerca-de-montejurra\">\u00bfQu\u00e9 hacer cerca de Montejurra?<\/h2>\n\n\n\n<p>El entorno de Montejurra est\u00e1 lleno de planes para hacer. Para empezar, tanto si empiezas a caminar desde Ayegui como si lo haces desde otro de los puntos que hemos se\u00f1alado, debes hacer una visita a este pueblo al bajar de la monta\u00f1a. Concretamente, te recomendamos dirigirte al Monasterio de Santa Mar\u00eda de Irache, que est\u00e1 junto a las Bodegas Irache. Este es un punto muy famoso del <a href=\"\/blog\/que-ver-camino-de-santiago-frances\/\">Camino de Santiago Franc\u00e9s<\/a> por un motivo: \u00a1Hay una <a href=\"\/blog\/fuente-de-vino-camino-de-santiago\/\" target=\"_blank\" rel=\"noreferrer noopener\">fuente con vino gratis<\/a>!<\/p>\n\n\n\n<figure class=\"wp-block-image size-full\"><img loading=\"lazy\" decoding=\"async\" width=\"1024\" height=\"683\" src=\"https:\/\/www.escapadarural.com\/blog\/wp-content\/uploads\/2025\/03\/AdobeStock_615316780_Editorial_Use_Only_WP_08.webp\" alt=\"Fuente del vino de las bodegas Irache en Ayegui, Navarra\" class=\"wp-image-195756\" srcset=\"https:\/\/www.escapadarural.com\/blog\/wp-content\/uploads\/2025\/03\/AdobeStock_615316780_Editorial_Use_Only_WP_08-200x133.webp 200w, https:\/\/www.escapadarural.com\/blog\/wp-content\/uploads\/2025\/03\/AdobeStock_615316780_Editorial_Use_Only_WP_08-300x200.webp 300w, https:\/\/www.escapadarural.com\/blog\/wp-content\/uploads\/2025\/03\/AdobeStock_615316780_Editorial_Use_Only_WP_08-400x267.webp 400w, https:\/\/www.escapadarural.com\/blog\/wp-content\/uploads\/2025\/03\/AdobeStock_615316780_Editorial_Use_Only_WP_08-600x400.webp 600w, https:\/\/www.escapadarural.com\/blog\/wp-content\/uploads\/2025\/03\/AdobeStock_615316780_Editorial_Use_Only_WP_08-768x512.webp 768w, https:\/\/www.escapadarural.com\/blog\/wp-content\/uploads\/2025\/03\/AdobeStock_615316780_Editorial_Use_Only_WP_08-800x534.webp 800w, https:\/\/www.escapadarural.com\/blog\/wp-content\/uploads\/2025\/03\/AdobeStock_615316780_Editorial_Use_Only_WP_08.webp 1024w\" sizes=\"auto, (max-width: 1024px) 100vw, 1024px\" \/><figcaption class=\"wp-element-caption\">Fuente del vino de las bodegas Irache en Ayegui, Navarra. Por IBRESTER<\/figcaption><\/figure>\n\n\n\n<p>La familia Santesteban, que regenta la bodega, instal\u00f3 esta <strong>fuente con dos ca\u00f1os<\/strong> (el otro, menos conocido, es de agua) en 1991. Como un oasis, est\u00e1 bajo un cartel que dice a los peregrinos que es \u201cpara reponer fuerzas\u201d. Todos los d\u00edas <strong>echan 100 litros de vino elaborado con la uva de sus cosechas<\/strong> y es para disfrutar el trago en el momento, ya que no se permite rellenar botellas para llev\u00e1rselas. As\u00ed lo advierten: \u201cA beber sin abusar te invitamos con agrado, para poder llevar el vino ha de ser comprado\u201d.<\/p>\n\n\n\n<figure class=\"wp-block-image size-full\"><img loading=\"lazy\" decoding=\"async\" width=\"1024\" height=\"682\" src=\"https:\/\/www.escapadarural.com\/blog\/wp-content\/uploads\/2024\/05\/Localidad_Javier-Campos_Turismo-de-Navarra.webp\" alt=\"Tierra de Estella-Lizarra, Navarra. Por: Javier Campos - Turismo de Navarra\" class=\"wp-image-76668\" srcset=\"https:\/\/www.escapadarural.com\/blog\/wp-content\/uploads\/2024\/05\/Localidad_Javier-Campos_Turismo-de-Navarra-200x133.webp 200w, https:\/\/www.escapadarural.com\/blog\/wp-content\/uploads\/2024\/05\/Localidad_Javier-Campos_Turismo-de-Navarra-300x200.webp 300w, https:\/\/www.escapadarural.com\/blog\/wp-content\/uploads\/2024\/05\/Localidad_Javier-Campos_Turismo-de-Navarra-400x266.webp 400w, https:\/\/www.escapadarural.com\/blog\/wp-content\/uploads\/2024\/05\/Localidad_Javier-Campos_Turismo-de-Navarra-600x400.webp 600w, https:\/\/www.escapadarural.com\/blog\/wp-content\/uploads\/2024\/05\/Localidad_Javier-Campos_Turismo-de-Navarra-768x512.webp 768w, https:\/\/www.escapadarural.com\/blog\/wp-content\/uploads\/2024\/05\/Localidad_Javier-Campos_Turismo-de-Navarra-800x533.webp 800w, https:\/\/www.escapadarural.com\/blog\/wp-content\/uploads\/2024\/05\/Localidad_Javier-Campos_Turismo-de-Navarra.webp 1024w\" sizes=\"auto, (max-width: 1024px) 100vw, 1024px\" \/><figcaption class=\"wp-element-caption\">Tierra de Estella-Lizarra, Navarra. Por: Javier Campos &#8211; Turismo de Navarra<\/figcaption><\/figure>\n\n\n\n<p>Cerca de Montejurra, no puedes dejar de visitar la <strong>ciudad se\u00f1orial de Estella-Lizarra<\/strong>. De gran ambiente jacobeo, tiene una importante juder\u00eda y tres joyas rom\u00e1nicas: el palacio de los Reyes de Navarra, el claustro de San Pedro de la R\u00faa y la portada de San Miguel. Enfrente del albergue de peregrinos est\u00e1 el museo del Carlismo, una buena oportunidad para conocer la historia de este movimiento pol\u00edtico y su relaci\u00f3n con Montejurra.<\/p>\n","protected":false},"excerpt":{"rendered":"<p>La monta\u00f1a de Montejurra tiene un valor simb\u00f3lico para el carlismo y para la historia de Navarra. Proponemos tres v\u00edas de ascenso<\/p>\n","protected":false},"author":123,"featured_media":199143,"comment_status":"open","ping_status":"open","sticky":false,"template":"","format":"standard","meta":{"_acf_changed":false,"om_disable_all_campaigns":false,"footnotes":""},"categories":[1379],"tags":[1913,6248,728,6247,421,6087],"class_list":["post-199141","post","type-post","status-publish","format-standard","has-post-thumbnail","hentry","category-rutas-y-excursiones","tag-estella","tag-lizarra","tag-montana","tag-montejurra","tag-que-ver-en-navarra","tag-senderismo"],"acf":[],"featured_image_src":"https:\/\/www.escapadarural.com\/blog\/wp-content\/uploads\/2025\/04\/Montejurra_summits-scaled.jpeg","author_info":{"display_name":"Raquel Andr\u00e9s","author_link":"https:\/\/www.escapadarural.com\/blog\/autor\/raquel\/"},"yoast_head":"<!-- This site is optimized with the Yoast SEO plugin v27.5 - https:\/\/yoast.com\/product\/yoast-seo-wordpress\/ -->\n<title>Tres ascensos a la cima de Montejurra - EscapadaRural<\/title>\n<meta name=\"description\" content=\"La monta\u00f1a de Montejurra tiene un valor simb\u00f3lico para el carlismo y para la historia de Navarra. Proponemos tres v\u00edas de ascenso\" \/>\n<meta name=\"robots\" content=\"index, follow, max-snippet:-1, max-image-preview:large, max-video-preview:-1\" \/>\n<link rel=\"canonical\" href=\"https:\/\/www.escapadarural.com\/blog\/subida-montejurra-navarra\/\" \/>\n<meta property=\"og:locale\" content=\"es_ES\" \/>\n<meta property=\"og:type\" content=\"article\" \/>\n<meta property=\"og:title\" content=\"Tres ascensos a la cima de Montejurra - EscapadaRural\" \/>\n<meta property=\"og:description\" content=\"La monta\u00f1a de Montejurra tiene un valor simb\u00f3lico para el carlismo y para la historia de Navarra. Proponemos tres v\u00edas de ascenso\" \/>\n<meta property=\"og:url\" content=\"https:\/\/www.escapadarural.com\/blog\/subida-montejurra-navarra\/\" \/>\n<meta property=\"og:site_name\" content=\"Magazine de viajes de EscapadaRural\" \/>\n<meta property=\"article:publisher\" content=\"https:\/\/www.facebook.com\/escapadarural\" \/>\n<meta property=\"article:published_time\" content=\"2025-04-27T06:00:00+00:00\" \/>\n<meta property=\"og:image\" content=\"https:\/\/app.escapadarural.com\/blog\/wp-content\/uploads\/2025\/04\/Montejurra_summits-scaled.jpeg\" \/>\n\t<meta property=\"og:image:width\" content=\"2048\" \/>\n\t<meta property=\"og:image:height\" content=\"1536\" \/>\n\t<meta property=\"og:image:type\" content=\"image\/jpeg\" \/>\n<meta name=\"author\" content=\"Raquel Andr\u00e9s\" \/>\n<meta name=\"twitter:card\" content=\"summary_large_image\" \/>\n<meta name=\"twitter:label1\" content=\"Escrito por\" \/>\n\t<meta name=\"twitter:data1\" content=\"Raquel Andr\u00e9s\" \/>\n\t<meta name=\"twitter:label2\" content=\"Tiempo de lectura\" \/>\n\t<meta name=\"twitter:data2\" content=\"7 minutos\" \/>\n<script type=\"application\/ld+json\" class=\"yoast-schema-graph\">{\"@context\":\"https:\\\/\\\/schema.org\",\"@graph\":[{\"@type\":\"Article\",\"@id\":\"https:\\\/\\\/www.escapadarural.com\\\/blog\\\/subida-montejurra-navarra\\\/#article\",\"isPartOf\":{\"@id\":\"https:\\\/\\\/www.escapadarural.com\\\/blog\\\/subida-montejurra-navarra\\\/\"},\"author\":{\"name\":\"Raquel Andr\u00e9s\",\"@id\":\"https:\\\/\\\/www.escapadarural.com\\\/blog\\\/#\\\/schema\\\/person\\\/67be061eb00d8315fa8642e01b88c894\"},\"headline\":\"Subida a Montejurra, la hist\u00f3rica cumbre de Navarra\",\"datePublished\":\"2025-04-27T06:00:00+00:00\",\"mainEntityOfPage\":{\"@id\":\"https:\\\/\\\/www.escapadarural.com\\\/blog\\\/subida-montejurra-navarra\\\/\"},\"wordCount\":1183,\"commentCount\":0,\"publisher\":{\"@id\":\"https:\\\/\\\/www.escapadarural.com\\\/blog\\\/#organization\"},\"image\":{\"@id\":\"https:\\\/\\\/www.escapadarural.com\\\/blog\\\/subida-montejurra-navarra\\\/#primaryimage\"},\"thumbnailUrl\":\"https:\\\/\\\/www.escapadarural.com\\\/blog\\\/wp-content\\\/uploads\\\/2025\\\/04\\\/Montejurra_summits-scaled.jpeg\",\"keywords\":[\"Estella\",\"Lizarra\",\"monta\u00f1a\",\"Montejurra\",\"Navarra\",\"senderismo\"],\"articleSection\":[\"Rutas y excursiones\"],\"inLanguage\":\"es\",\"potentialAction\":[{\"@type\":\"CommentAction\",\"name\":\"Comment\",\"target\":[\"https:\\\/\\\/www.escapadarural.com\\\/blog\\\/subida-montejurra-navarra\\\/#respond\"]}]},{\"@type\":\"WebPage\",\"@id\":\"https:\\\/\\\/www.escapadarural.com\\\/blog\\\/subida-montejurra-navarra\\\/\",\"url\":\"https:\\\/\\\/www.escapadarural.com\\\/blog\\\/subida-montejurra-navarra\\\/\",\"name\":\"Tres ascensos a la cima de Montejurra - EscapadaRural\",\"isPartOf\":{\"@id\":\"https:\\\/\\\/www.escapadarural.com\\\/blog\\\/#website\"},\"primaryImageOfPage\":{\"@id\":\"https:\\\/\\\/www.escapadarural.com\\\/blog\\\/subida-montejurra-navarra\\\/#primaryimage\"},\"image\":{\"@id\":\"https:\\\/\\\/www.escapadarural.com\\\/blog\\\/subida-montejurra-navarra\\\/#primaryimage\"},\"thumbnailUrl\":\"https:\\\/\\\/www.escapadarural.com\\\/blog\\\/wp-content\\\/uploads\\\/2025\\\/04\\\/Montejurra_summits-scaled.jpeg\",\"datePublished\":\"2025-04-27T06:00:00+00:00\",\"description\":\"La monta\u00f1a de Montejurra tiene un valor simb\u00f3lico para el carlismo y para la historia de Navarra. Proponemos tres v\u00edas de ascenso\",\"breadcrumb\":{\"@id\":\"https:\\\/\\\/www.escapadarural.com\\\/blog\\\/subida-montejurra-navarra\\\/#breadcrumb\"},\"inLanguage\":\"es\",\"potentialAction\":[{\"@type\":\"ReadAction\",\"target\":[\"https:\\\/\\\/www.escapadarural.com\\\/blog\\\/subida-montejurra-navarra\\\/\"]}]},{\"@type\":\"ImageObject\",\"inLanguage\":\"es\",\"@id\":\"https:\\\/\\\/www.escapadarural.com\\\/blog\\\/subida-montejurra-navarra\\\/#primaryimage\",\"url\":\"https:\\\/\\\/www.escapadarural.com\\\/blog\\\/wp-content\\\/uploads\\\/2025\\\/04\\\/Montejurra_summits-scaled.jpeg\",\"contentUrl\":\"https:\\\/\\\/www.escapadarural.com\\\/blog\\\/wp-content\\\/uploads\\\/2025\\\/04\\\/Montejurra_summits-scaled.jpeg\",\"width\":2048,\"height\":1536,\"caption\":\"Cimas de Montejurra. Por Dd1495 (Wikipedia)\"},{\"@type\":\"BreadcrumbList\",\"@id\":\"https:\\\/\\\/www.escapadarural.com\\\/blog\\\/subida-montejurra-navarra\\\/#breadcrumb\",\"itemListElement\":[{\"@type\":\"ListItem\",\"position\":1,\"name\":\"Inicio\",\"item\":\"https:\\\/\\\/www.escapadarural.com\\\/blog\\\/\"},{\"@type\":\"ListItem\",\"position\":2,\"name\":\"Rutas y excursiones\",\"item\":\"https:\\\/\\\/www.escapadarural.com\\\/blog\\\/categoria\\\/rutas-y-excursiones\\\/\"},{\"@type\":\"ListItem\",\"position\":3,\"name\":\"Subida a Montejurra, la hist\u00f3rica cumbre de Navarra\"}]},{\"@type\":\"WebSite\",\"@id\":\"https:\\\/\\\/www.escapadarural.com\\\/blog\\\/#website\",\"url\":\"https:\\\/\\\/www.escapadarural.com\\\/blog\\\/\",\"name\":\"Blog de viajes | turismo rural, alojamientos e inspiraci\u00f3n\",\"description\":\"Alojamientos rurales e inspiraci\u00f3n para tus escapadas\",\"publisher\":{\"@id\":\"https:\\\/\\\/www.escapadarural.com\\\/blog\\\/#organization\"},\"alternateName\":\"Magazine de viajes de EscapadaRural\",\"potentialAction\":[{\"@type\":\"SearchAction\",\"target\":{\"@type\":\"EntryPoint\",\"urlTemplate\":\"https:\\\/\\\/www.escapadarural.com\\\/blog\\\/?s={search_term_string}\"},\"query-input\":{\"@type\":\"PropertyValueSpecification\",\"valueRequired\":true,\"valueName\":\"search_term_string\"}}],\"inLanguage\":\"es\"},{\"@type\":\"Organization\",\"@id\":\"https:\\\/\\\/www.escapadarural.com\\\/blog\\\/#organization\",\"name\":\"EscapadaRural\",\"url\":\"https:\\\/\\\/www.escapadarural.com\\\/blog\\\/\",\"logo\":{\"@type\":\"ImageObject\",\"inLanguage\":\"es\",\"@id\":\"https:\\\/\\\/www.escapadarural.com\\\/blog\\\/#\\\/schema\\\/logo\\\/image\\\/\",\"url\":\"https:\\\/\\\/www.escapadarural.com\\\/blog\\\/wp-content\\\/uploads\\\/2024\\\/10\\\/cropped-cropped-escapada-rural-icon-mag-3.png\",\"contentUrl\":\"https:\\\/\\\/www.escapadarural.com\\\/blog\\\/wp-content\\\/uploads\\\/2024\\\/10\\\/cropped-cropped-escapada-rural-icon-mag-3.png\",\"width\":512,\"height\":512,\"caption\":\"EscapadaRural\"},\"image\":{\"@id\":\"https:\\\/\\\/www.escapadarural.com\\\/blog\\\/#\\\/schema\\\/logo\\\/image\\\/\"},\"sameAs\":[\"https:\\\/\\\/www.facebook.com\\\/escapadarural\",\"https:\\\/\\\/www.instagram.com\\\/escapadarural\\\/\",\"https:\\\/\\\/www.youtube.com\\\/@escapadaruralcom\"]},{\"@type\":\"Person\",\"@id\":\"https:\\\/\\\/www.escapadarural.com\\\/blog\\\/#\\\/schema\\\/person\\\/67be061eb00d8315fa8642e01b88c894\",\"name\":\"Raquel Andr\u00e9s\",\"image\":{\"@type\":\"ImageObject\",\"inLanguage\":\"es\",\"@id\":\"https:\\\/\\\/secure.gravatar.com\\\/avatar\\\/b45840531462f3cafb335a9fc5c0bfda2c07c3df4b82b304b923526b85cc6cb5?s=96&d=mm&r=g\",\"url\":\"https:\\\/\\\/secure.gravatar.com\\\/avatar\\\/b45840531462f3cafb335a9fc5c0bfda2c07c3df4b82b304b923526b85cc6cb5?s=96&d=mm&r=g\",\"contentUrl\":\"https:\\\/\\\/secure.gravatar.com\\\/avatar\\\/b45840531462f3cafb335a9fc5c0bfda2c07c3df4b82b304b923526b85cc6cb5?s=96&d=mm&r=g\",\"caption\":\"Raquel Andr\u00e9s\"},\"description\":\"Periodista y aventurera. Me has podido leer en Escapada Rural, Diari Nosaltres La Veu, La Vanguardia, El Salto y otros medios. Habitante y amante de las zonas rurales, sea cual sea el destino. Procuro escaparme una vez por semana con las botas de monta\u00f1a, el arn\u00e9s o el neopreno. Tambi\u00e9n soy un intento de baserritarra.\",\"url\":\"https:\\\/\\\/www.escapadarural.com\\\/blog\\\/autor\\\/raquel\\\/\"}]}<\/script>\n<!-- \/ Yoast SEO plugin. -->","yoast_head_json":{"title":"Tres ascensos a la cima de Montejurra - EscapadaRural","description":"La monta\u00f1a de Montejurra tiene un valor simb\u00f3lico para el carlismo y para la historia de Navarra. Proponemos tres v\u00edas de ascenso","robots":{"index":"index","follow":"follow","max-snippet":"max-snippet:-1","max-image-preview":"max-image-preview:large","max-video-preview":"max-video-preview:-1"},"canonical":"https:\/\/www.escapadarural.com\/blog\/subida-montejurra-navarra\/","og_locale":"es_ES","og_type":"article","og_title":"Tres ascensos a la cima de Montejurra - EscapadaRural","og_description":"La monta\u00f1a de Montejurra tiene un valor simb\u00f3lico para el carlismo y para la historia de Navarra. Proponemos tres v\u00edas de ascenso","og_url":"https:\/\/www.escapadarural.com\/blog\/subida-montejurra-navarra\/","og_site_name":"Magazine de viajes de EscapadaRural","article_publisher":"https:\/\/www.facebook.com\/escapadarural","article_published_time":"2025-04-27T06:00:00+00:00","og_image":[{"width":2048,"height":1536,"url":"https:\/\/app.escapadarural.com\/blog\/wp-content\/uploads\/2025\/04\/Montejurra_summits-scaled.jpeg","type":"image\/jpeg"}],"author":"Raquel Andr\u00e9s","twitter_card":"summary_large_image","twitter_misc":{"Escrito por":"Raquel Andr\u00e9s","Tiempo de lectura":"7 minutos"},"schema":{"@context":"https:\/\/schema.org","@graph":[{"@type":"Article","@id":"https:\/\/www.escapadarural.com\/blog\/subida-montejurra-navarra\/#article","isPartOf":{"@id":"https:\/\/www.escapadarural.com\/blog\/subida-montejurra-navarra\/"},"author":{"name":"Raquel Andr\u00e9s","@id":"https:\/\/www.escapadarural.com\/blog\/#\/schema\/person\/67be061eb00d8315fa8642e01b88c894"},"headline":"Subida a Montejurra, la hist\u00f3rica cumbre de Navarra","datePublished":"2025-04-27T06:00:00+00:00","mainEntityOfPage":{"@id":"https:\/\/www.escapadarural.com\/blog\/subida-montejurra-navarra\/"},"wordCount":1183,"commentCount":0,"publisher":{"@id":"https:\/\/www.escapadarural.com\/blog\/#organization"},"image":{"@id":"https:\/\/www.escapadarural.com\/blog\/subida-montejurra-navarra\/#primaryimage"},"thumbnailUrl":"https:\/\/www.escapadarural.com\/blog\/wp-content\/uploads\/2025\/04\/Montejurra_summits-scaled.jpeg","keywords":["Estella","Lizarra","monta\u00f1a","Montejurra","Navarra","senderismo"],"articleSection":["Rutas y excursiones"],"inLanguage":"es","potentialAction":[{"@type":"CommentAction","name":"Comment","target":["https:\/\/www.escapadarural.com\/blog\/subida-montejurra-navarra\/#respond"]}]},{"@type":"WebPage","@id":"https:\/\/www.escapadarural.com\/blog\/subida-montejurra-navarra\/","url":"https:\/\/www.escapadarural.com\/blog\/subida-montejurra-navarra\/","name":"Tres ascensos a la cima de Montejurra - EscapadaRural","isPartOf":{"@id":"https:\/\/www.escapadarural.com\/blog\/#website"},"primaryImageOfPage":{"@id":"https:\/\/www.escapadarural.com\/blog\/subida-montejurra-navarra\/#primaryimage"},"image":{"@id":"https:\/\/www.escapadarural.com\/blog\/subida-montejurra-navarra\/#primaryimage"},"thumbnailUrl":"https:\/\/www.escapadarural.com\/blog\/wp-content\/uploads\/2025\/04\/Montejurra_summits-scaled.jpeg","datePublished":"2025-04-27T06:00:00+00:00","description":"La monta\u00f1a de Montejurra tiene un valor simb\u00f3lico para el carlismo y para la historia de Navarra. Proponemos tres v\u00edas de ascenso","breadcrumb":{"@id":"https:\/\/www.escapadarural.com\/blog\/subida-montejurra-navarra\/#breadcrumb"},"inLanguage":"es","potentialAction":[{"@type":"ReadAction","target":["https:\/\/www.escapadarural.com\/blog\/subida-montejurra-navarra\/"]}]},{"@type":"ImageObject","inLanguage":"es","@id":"https:\/\/www.escapadarural.com\/blog\/subida-montejurra-navarra\/#primaryimage","url":"https:\/\/www.escapadarural.com\/blog\/wp-content\/uploads\/2025\/04\/Montejurra_summits-scaled.jpeg","contentUrl":"https:\/\/www.escapadarural.com\/blog\/wp-content\/uploads\/2025\/04\/Montejurra_summits-scaled.jpeg","width":2048,"height":1536,"caption":"Cimas de Montejurra. Por Dd1495 (Wikipedia)"},{"@type":"BreadcrumbList","@id":"https:\/\/www.escapadarural.com\/blog\/subida-montejurra-navarra\/#breadcrumb","itemListElement":[{"@type":"ListItem","position":1,"name":"Inicio","item":"https:\/\/www.escapadarural.com\/blog\/"},{"@type":"ListItem","position":2,"name":"Rutas y excursiones","item":"https:\/\/www.escapadarural.com\/blog\/categoria\/rutas-y-excursiones\/"},{"@type":"ListItem","position":3,"name":"Subida a Montejurra, la hist\u00f3rica cumbre de Navarra"}]},{"@type":"WebSite","@id":"https:\/\/www.escapadarural.com\/blog\/#website","url":"https:\/\/www.escapadarural.com\/blog\/","name":"Blog de viajes | turismo rural, alojamientos e inspiraci\u00f3n","description":"Alojamientos rurales e inspiraci\u00f3n para tus escapadas","publisher":{"@id":"https:\/\/www.escapadarural.com\/blog\/#organization"},"alternateName":"Magazine de viajes de EscapadaRural","potentialAction":[{"@type":"SearchAction","target":{"@type":"EntryPoint","urlTemplate":"https:\/\/www.escapadarural.com\/blog\/?s={search_term_string}"},"query-input":{"@type":"PropertyValueSpecification","valueRequired":true,"valueName":"search_term_string"}}],"inLanguage":"es"},{"@type":"Organization","@id":"https:\/\/www.escapadarural.com\/blog\/#organization","name":"EscapadaRural","url":"https:\/\/www.escapadarural.com\/blog\/","logo":{"@type":"ImageObject","inLanguage":"es","@id":"https:\/\/www.escapadarural.com\/blog\/#\/schema\/logo\/image\/","url":"https:\/\/www.escapadarural.com\/blog\/wp-content\/uploads\/2024\/10\/cropped-cropped-escapada-rural-icon-mag-3.png","contentUrl":"https:\/\/www.escapadarural.com\/blog\/wp-content\/uploads\/2024\/10\/cropped-cropped-escapada-rural-icon-mag-3.png","width":512,"height":512,"caption":"EscapadaRural"},"image":{"@id":"https:\/\/www.escapadarural.com\/blog\/#\/schema\/logo\/image\/"},"sameAs":["https:\/\/www.facebook.com\/escapadarural","https:\/\/www.instagram.com\/escapadarural\/","https:\/\/www.youtube.com\/@escapadaruralcom"]},{"@type":"Person","@id":"https:\/\/www.escapadarural.com\/blog\/#\/schema\/person\/67be061eb00d8315fa8642e01b88c894","name":"Raquel Andr\u00e9s","image":{"@type":"ImageObject","inLanguage":"es","@id":"https:\/\/secure.gravatar.com\/avatar\/b45840531462f3cafb335a9fc5c0bfda2c07c3df4b82b304b923526b85cc6cb5?s=96&d=mm&r=g","url":"https:\/\/secure.gravatar.com\/avatar\/b45840531462f3cafb335a9fc5c0bfda2c07c3df4b82b304b923526b85cc6cb5?s=96&d=mm&r=g","contentUrl":"https:\/\/secure.gravatar.com\/avatar\/b45840531462f3cafb335a9fc5c0bfda2c07c3df4b82b304b923526b85cc6cb5?s=96&d=mm&r=g","caption":"Raquel Andr\u00e9s"},"description":"Periodista y aventurera. Me has podido leer en Escapada Rural, Diari Nosaltres La Veu, La Vanguardia, El Salto y otros medios. Habitante y amante de las zonas rurales, sea cual sea el destino. Procuro escaparme una vez por semana con las botas de monta\u00f1a, el arn\u00e9s o el neopreno. Tambi\u00e9n soy un intento de baserritarra.","url":"https:\/\/www.escapadarural.com\/blog\/autor\/raquel\/"}]}},"_links":{"self":[{"href":"https:\/\/www.escapadarural.com\/blog\/wp-json\/wp\/v2\/posts\/199141","targetHints":{"allow":["GET"]}}],"collection":[{"href":"https:\/\/www.escapadarural.com\/blog\/wp-json\/wp\/v2\/posts"}],"about":[{"href":"https:\/\/www.escapadarural.com\/blog\/wp-json\/wp\/v2\/types\/post"}],"author":[{"embeddable":true,"href":"https:\/\/www.escapadarural.com\/blog\/wp-json\/wp\/v2\/users\/123"}],"replies":[{"embeddable":true,"href":"https:\/\/www.escapadarural.com\/blog\/wp-json\/wp\/v2\/comments?post=199141"}],"version-history":[{"count":0,"href":"https:\/\/www.escapadarural.com\/blog\/wp-json\/wp\/v2\/posts\/199141\/revisions"}],"wp:featuredmedia":[{"embeddable":true,"href":"https:\/\/www.escapadarural.com\/blog\/wp-json\/wp\/v2\/media\/199143"}],"wp:attachment":[{"href":"https:\/\/www.escapadarural.com\/blog\/wp-json\/wp\/v2\/media?parent=199141"}],"wp:term":[{"taxonomy":"category","embeddable":true,"href":"https:\/\/www.escapadarural.com\/blog\/wp-json\/wp\/v2\/categories?post=199141"},{"taxonomy":"post_tag","embeddable":true,"href":"https:\/\/www.escapadarural.com\/blog\/wp-json\/wp\/v2\/tags?post=199141"}],"curies":[{"name":"wp","href":"https:\/\/api.w.org\/{rel}","templated":true}]}}