{"id":199365,"date":"2025-04-28T08:00:00","date_gmt":"2025-04-28T06:00:00","guid":{"rendered":"https:\/\/www.escapadarural.com\/blog\/?p=199365"},"modified":"2025-04-28T09:31:49","modified_gmt":"2025-04-28T07:31:49","slug":"pueblos-que-son-capitales-de-algo","status":"publish","type":"post","link":"https:\/\/www.escapadarural.com\/blog\/pueblos-que-son-capitales-de-algo\/","title":{"rendered":"Pueblos que son \u201ccapitales\u201d de lo que mejor saben hacer"},"content":{"rendered":"\n<p>En Espa\u00f1a hay infinidad de localidades que se han popularizado por un producto o una determinada tradici\u00f3n. Son tan buenos en lo suyo que algunos se han convertido en <strong>capitales de lo que mejor saben hacer<\/strong>. Por ejemplo, los polvorones y mantecados de Estepa, las anchoas de Santo\u00f1a, el pulpo de O Carballi\u00f1o\u2026 Sus productos se han convertido en su bandera, su orgullo, su cultura y, sobre todo, en su <strong>motor econ\u00f3mico<\/strong>.&nbsp;<\/p>\n\n\n\n<p>Este listado va sobre algunos <strong>pueblos que son \u201cCapitales de\u2026\u201d<\/strong>. Una distinci\u00f3n dada por instituciones p\u00fablicas, turismo o por los viajeros.\u00a0Por supuesto, hay muchos m\u00e1s, pero aqu\u00ed te presentamos nuestra peque\u00f1a selecci\u00f3n de los m\u00e1s destacados.<\/p>\n\n\n\n<h2 class=\"wp-block-heading\" id=\"h-miajadas-caceres-capital-europea-del-tomate\">Miajadas (C\u00e1ceres) \u2013 Capital Europea del Tomate<\/h2>\n\n\n\n<figure class=\"wp-block-image size-full\"><img loading=\"lazy\" decoding=\"async\" width=\"1024\" height=\"685\" src=\"https:\/\/www.escapadarural.com\/blog\/wp-content\/uploads\/2025\/04\/Miajadas_Capital_Europea_del_Tomate_WP_11.webp\" alt=\"Escultura de un tomate pinchado en un palo en Miajadas, Extremadura\" class=\"wp-image-198962\" srcset=\"https:\/\/www.escapadarural.com\/blog\/wp-content\/uploads\/2025\/04\/Miajadas_Capital_Europea_del_Tomate_WP_11-200x134.webp 200w, https:\/\/www.escapadarural.com\/blog\/wp-content\/uploads\/2025\/04\/Miajadas_Capital_Europea_del_Tomate_WP_11-300x201.webp 300w, https:\/\/www.escapadarural.com\/blog\/wp-content\/uploads\/2025\/04\/Miajadas_Capital_Europea_del_Tomate_WP_11-400x268.webp 400w, https:\/\/www.escapadarural.com\/blog\/wp-content\/uploads\/2025\/04\/Miajadas_Capital_Europea_del_Tomate_WP_11-600x401.webp 600w, https:\/\/www.escapadarural.com\/blog\/wp-content\/uploads\/2025\/04\/Miajadas_Capital_Europea_del_Tomate_WP_11-768x514.webp 768w, https:\/\/www.escapadarural.com\/blog\/wp-content\/uploads\/2025\/04\/Miajadas_Capital_Europea_del_Tomate_WP_11-800x535.webp 800w, https:\/\/www.escapadarural.com\/blog\/wp-content\/uploads\/2025\/04\/Miajadas_Capital_Europea_del_Tomate_WP_11.webp 1024w\" sizes=\"auto, (max-width: 1024px) 100vw, 1024px\" \/><figcaption class=\"wp-element-caption\">Miajadas, Extremadura. Por Egavilan<\/figcaption><\/figure>\n\n\n\n<p>Situada al sur de la provincia de C\u00e1ceres, a medio camino entre Trujillo y M\u00e9rida, Miajadas es conocida como la <strong>\u00abCapital Europea del Tomate\u00bb<\/strong>. Esta distinci\u00f3n se debe a su abundante producci\u00f3n y a su potente sector agroindustrial, compuesto por varias f\u00e1bricas y cooperativas dedicadas a esta fruta.\u00a0<\/p>\n\n\n\n<p>Como curiosidad, <a href=\"https:\/\/rtvmiajadas.es\/9-000-toneladas-de-salsas-con-tomate-extremeno-elaboradas-en-miajadas-dan-la-vuelta-al-mundo\/#:~:text=El%2030%%20de%20las%2030%20mil%20toneladas,var%C3%ADan%20en%20funci%C3%B3n%20de%20lo%20que%20m%C3%A1s\" target=\"_blank\" rel=\"noreferrer noopener nofollow\">seg\u00fan RTV Miajadas<\/a>, la f\u00e1brica Nestl\u00e9 -situada en el pueblo- produce unas 30 mil toneladas de salsas de tomate al a\u00f1o. Algunas son muy conocidas, como Sol\u00eds.&nbsp;<\/p>\n\n\n\n<p>La localidad celebra anualmente la <strong>Fiesta del Tomate<\/strong> el 24 de julio y, tal y como os mostramos anteriormente en el art\u00edculo \u201c<a href=\"\/blog\/esculturas-en-la-espana-rural\/\">Extra\u00f1as esculturas en la Espa\u00f1a Rural<\/a>\u201d, a la entrada de su pueblo nos podemos encontrar un tomate gigante pinchado en un palo como el de la imagen.&nbsp;<\/p>\n\n\n\n<div class=\"wp-block-buttons is-layout-flex wp-block-buttons-is-layout-flex\">\n<div class=\"wp-block-button\"><a class=\"wp-block-button__link wp-element-button\" href=\"\/casas-rurales\/miajadas\">Alojamientos rurales cerca de Miajadas<\/a><\/div>\n<\/div>\n\n\n\n<h2 class=\"wp-block-heading\" id=\"h-o-carballino-ourense-capital-del-pulpo\">O Carballi\u00f1o (Ourense) &#8211; Capital del pulpo<\/h2>\n\n\n\n<figure class=\"wp-block-image size-large\"><img loading=\"lazy\" decoding=\"async\" width=\"1024\" height=\"689\" src=\"https:\/\/www.escapadarural.com\/blog\/wp-content\/uploads\/2025\/04\/AdobeStock_256088361_OCarballino_Por-Fernando-1024x689.webp\" alt=\"O Carballi\u00f1o (Ourense)\" class=\"wp-image-199407\" srcset=\"https:\/\/www.escapadarural.com\/blog\/wp-content\/uploads\/2025\/04\/AdobeStock_256088361_OCarballino_Por-Fernando-200x135.webp 200w, https:\/\/www.escapadarural.com\/blog\/wp-content\/uploads\/2025\/04\/AdobeStock_256088361_OCarballino_Por-Fernando-300x202.webp 300w, https:\/\/www.escapadarural.com\/blog\/wp-content\/uploads\/2025\/04\/AdobeStock_256088361_OCarballino_Por-Fernando-400x269.webp 400w, https:\/\/www.escapadarural.com\/blog\/wp-content\/uploads\/2025\/04\/AdobeStock_256088361_OCarballino_Por-Fernando-600x404.webp 600w, https:\/\/www.escapadarural.com\/blog\/wp-content\/uploads\/2025\/04\/AdobeStock_256088361_OCarballino_Por-Fernando-768x516.webp 768w, https:\/\/www.escapadarural.com\/blog\/wp-content\/uploads\/2025\/04\/AdobeStock_256088361_OCarballino_Por-Fernando-800x538.webp 800w, https:\/\/www.escapadarural.com\/blog\/wp-content\/uploads\/2025\/04\/AdobeStock_256088361_OCarballino_Por-Fernando-1024x689.webp 1024w, https:\/\/www.escapadarural.com\/blog\/wp-content\/uploads\/2025\/04\/AdobeStock_256088361_OCarballino_Por-Fernando.webp 1200w\" sizes=\"auto, (max-width: 1024px) 100vw, 1024px\" \/><figcaption class=\"wp-element-caption\">O Carballi\u00f1o (Ourense). Por Fernando<\/figcaption><\/figure>\n\n\n\n<p>Aunque si pensamos en pulpo lo m\u00e1s l\u00f3gico es que nos vayamos a la costa gallega, lo cierto es que el t\u00edtulo de <strong>\u201cCapital del Pulpo\u201d se lo ha ganado O Carballi\u00f1o<\/strong>, en Ourense. Esta fama se debe a la <strong>preparaci\u00f3n del<em> pulpo \u00e1 feira<\/em><\/strong><em>, <\/em>una tradici\u00f3n que se remonta a la Edad Media. Entonces, los monjes del monasterio de Oseira recib\u00edan el pulpo como tributo desde Mar\u00edn y las familias locales, sobre todo de Santa Mar\u00eda y San Xo\u00e1n de Arcos, lo preparaban de esta manera.\u00a0Una t\u00e9cnica que han ido perfeccionando a lo largo del tiempo y que se ha convertido en una se\u00f1a de identidad.\u00a0<\/p>\n\n\n\n<p>Adem\u00e1s, no menos popular es su <em><strong>Festa do Pulpo<\/strong><\/em>, que se celebra el segundo domingo de agosto y que fue declarada <strong>Fiesta de Inter\u00e9s Tur\u00edstico Internacional<\/strong> en 2022.<\/p>\n\n\n\n<div class=\"wp-block-buttons is-layout-flex wp-block-buttons-is-layout-flex\">\n<div class=\"wp-block-button\"><a class=\"wp-block-button__link wp-element-button\" href=\"\/casas-rurales\/o-carballino\">Alojamientos rurales en O Carballi\u00f1o<\/a><\/div>\n<\/div>\n\n\n\n<h2 class=\"wp-block-heading\" id=\"h-las-pedroneras-cuenca-capital-mundial-del-ajo-morado\">Las Pedro\u00f1eras (Cuenca) &#8211; Capital Mundial del Ajo Morado<\/h2>\n\n\n\n<figure class=\"wp-block-image size-large\"><img loading=\"lazy\" decoding=\"async\" width=\"1024\" height=\"683\" src=\"https:\/\/www.escapadarural.com\/blog\/wp-content\/uploads\/2025\/04\/Las_Pedroneras_vista_general_JMM_Por_-Josemanuel-1024x683.webp\" alt=\"Las Pedro\u00f1eras (Cuenca). Uno de los pueblos que son &quot;Capital del ajo&quot;\" class=\"wp-image-199410\" srcset=\"https:\/\/www.escapadarural.com\/blog\/wp-content\/uploads\/2025\/04\/Las_Pedroneras_vista_general_JMM_Por_-Josemanuel-200x133.webp 200w, https:\/\/www.escapadarural.com\/blog\/wp-content\/uploads\/2025\/04\/Las_Pedroneras_vista_general_JMM_Por_-Josemanuel-300x200.webp 300w, https:\/\/www.escapadarural.com\/blog\/wp-content\/uploads\/2025\/04\/Las_Pedroneras_vista_general_JMM_Por_-Josemanuel-400x267.webp 400w, https:\/\/www.escapadarural.com\/blog\/wp-content\/uploads\/2025\/04\/Las_Pedroneras_vista_general_JMM_Por_-Josemanuel-600x400.webp 600w, https:\/\/www.escapadarural.com\/blog\/wp-content\/uploads\/2025\/04\/Las_Pedroneras_vista_general_JMM_Por_-Josemanuel-768x512.webp 768w, https:\/\/www.escapadarural.com\/blog\/wp-content\/uploads\/2025\/04\/Las_Pedroneras_vista_general_JMM_Por_-Josemanuel-800x533.webp 800w, https:\/\/www.escapadarural.com\/blog\/wp-content\/uploads\/2025\/04\/Las_Pedroneras_vista_general_JMM_Por_-Josemanuel-1024x683.webp 1024w, https:\/\/www.escapadarural.com\/blog\/wp-content\/uploads\/2025\/04\/Las_Pedroneras_vista_general_JMM_Por_-Josemanuel.webp 1200w\" sizes=\"auto, (max-width: 1024px) 100vw, 1024px\" \/><figcaption class=\"wp-element-caption\">Las Pedro\u00f1eras (Cuenca). Uno de los pueblos que son \u00abCapital del ajo\u00bb. Por Jos\u00e9 Manuel<\/figcaption><\/figure>\n\n\n\n<p>Y del tomate y el pulpo, nos vamos a un alimento que combina con todo: el ajo morado. Una variedad con un aroma intenso, sabor picante y alto contenido en alicina. Las Pedro\u00f1eras, en Cuenca, tiene el privilegio de hacerse con su capitalidad y es que, adem\u00e1s de contar con la <strong>Indicaci\u00f3n Geogr\u00e1fica Protegida (IGP)<\/strong>, el pueblo es el mayor productor de Europa.&nbsp;<\/p>\n\n\n\n<p>Seg\u00fan fuentes del ayuntamiento, <strong>cada a\u00f1o se producen m\u00e1s de 60 millones<\/strong>. Normal que a Victoria Beckham Espa\u00f1a le oliese a ojo. \u00bfQu\u00e9 espa\u00f1ol puede cocinar sin \u00e9l?<\/p>\n\n\n\n<p>Adem\u00e1s, Las Pedro\u00f1eras celebra cada mes de julio la <strong>Feria Internacional del Ajo<\/strong>, un evento que re\u00fane a productores, comerciantes y visitantes para rendir homenaje a este producto emblem\u00e1tico.&nbsp;<\/p>\n\n\n\n<div class=\"wp-block-buttons is-layout-flex wp-block-buttons-is-layout-flex\">\n<div class=\"wp-block-button\"><a class=\"wp-block-button__link wp-element-button\" href=\"\/casas-rurales\/las-pedroneras\">Alojamientos rurales cerca de Las Pedro\u00f1eras<\/a><\/div>\n<\/div>\n\n\n\n<h2 class=\"wp-block-heading\" id=\"h-almagro-ciudad-real-capital-del-teatro-clasico\">Almagro (Ciudad Real) &#8211; Capital del Teatro Cl\u00e1sico<\/h2>\n\n\n\n<figure class=\"wp-block-image size-full\"><img loading=\"lazy\" decoding=\"async\" width=\"1024\" height=\"683\" src=\"https:\/\/www.escapadarural.com\/blog\/wp-content\/uploads\/2025\/03\/AdobeStock_137948482.webp\" alt=\"Almagro, uno de los pueblos que es capital del teatro en Espa\u00f1a\" class=\"wp-image-198363\" srcset=\"https:\/\/www.escapadarural.com\/blog\/wp-content\/uploads\/2025\/03\/AdobeStock_137948482-200x133.webp 200w, https:\/\/www.escapadarural.com\/blog\/wp-content\/uploads\/2025\/03\/AdobeStock_137948482-300x200.webp 300w, https:\/\/www.escapadarural.com\/blog\/wp-content\/uploads\/2025\/03\/AdobeStock_137948482-400x267.webp 400w, https:\/\/www.escapadarural.com\/blog\/wp-content\/uploads\/2025\/03\/AdobeStock_137948482-600x400.webp 600w, https:\/\/www.escapadarural.com\/blog\/wp-content\/uploads\/2025\/03\/AdobeStock_137948482-768x512.webp 768w, https:\/\/www.escapadarural.com\/blog\/wp-content\/uploads\/2025\/03\/AdobeStock_137948482-800x534.webp 800w, https:\/\/www.escapadarural.com\/blog\/wp-content\/uploads\/2025\/03\/AdobeStock_137948482.webp 1024w\" sizes=\"auto, (max-width: 1024px) 100vw, 1024px\" \/><figcaption class=\"wp-element-caption\"> Almagro, uno de los pueblos que es capital del teatro. Por: joserpizarro<br><\/figcaption><\/figure>\n\n\n\n<p>Almagro <strong>comparte la capitalidad del teatro cl\u00e1sico con M\u00e9rida<\/strong> gracias a su estrecha vinculaci\u00f3n con el teatro del Siglo de Oro. Su popular Corral de Comedias, construido en 1628 y declarado Bien de Inter\u00e9s Cultural, es el <a href=\"\/blog\/almagro-un-teatro-unico-en-ciudad-real-y-en-el-mundo-entero\/\">\u00fanico teatro del siglo XVII que mantiene su estructura original<\/a> y es un <strong>testimonio \u00fanico de la arquitectura teatral<\/strong> de la \u00e9poca.\u00a0<\/p>\n\n\n\n<p>Desde 1978, cada mes de julio Almagro acoge el <strong>Festival Internacional de Teatro Cl\u00e1sico<\/strong>. Uno de los eventos teatrales m\u00e1s importantes del mundo. Adem\u00e1s, tambi\u00e9n cuenta con el Museo Nacional de las Artes Esc\u00e9nicas con una valiosa colecci\u00f3n del patrimonio esc\u00e9nico de Espa\u00f1a.&nbsp;<\/p>\n\n\n\n<div class=\"wp-block-buttons is-layout-flex wp-block-buttons-is-layout-flex\">\n<div class=\"wp-block-button\"><a class=\"wp-block-button__link wp-element-button\" href=\"\/casas-rurales\/almagro\">Alojamientos rurales en Almagro<\/a><\/div>\n<\/div>\n\n\n\n<h2 class=\"wp-block-heading\" id=\"h-estepa-sevilla-capital-del-polvoron\">Estepa (Sevilla) &#8211; Capital del Polvor\u00f3n<\/h2>\n\n\n\n<figure class=\"wp-block-image size-large\"><img loading=\"lazy\" decoding=\"async\" width=\"1024\" height=\"683\" src=\"https:\/\/www.escapadarural.com\/blog\/wp-content\/uploads\/2025\/04\/AdobeStock_323650799_Estepa_PorJavi-1024x683.webp\" alt=\"Estepa (Sevilla)\" class=\"wp-image-199408\" srcset=\"https:\/\/www.escapadarural.com\/blog\/wp-content\/uploads\/2025\/04\/AdobeStock_323650799_Estepa_PorJavi-200x133.webp 200w, https:\/\/www.escapadarural.com\/blog\/wp-content\/uploads\/2025\/04\/AdobeStock_323650799_Estepa_PorJavi-300x200.webp 300w, https:\/\/www.escapadarural.com\/blog\/wp-content\/uploads\/2025\/04\/AdobeStock_323650799_Estepa_PorJavi-400x267.webp 400w, https:\/\/www.escapadarural.com\/blog\/wp-content\/uploads\/2025\/04\/AdobeStock_323650799_Estepa_PorJavi-600x400.webp 600w, https:\/\/www.escapadarural.com\/blog\/wp-content\/uploads\/2025\/04\/AdobeStock_323650799_Estepa_PorJavi-768x512.webp 768w, https:\/\/www.escapadarural.com\/blog\/wp-content\/uploads\/2025\/04\/AdobeStock_323650799_Estepa_PorJavi-800x533.webp 800w, https:\/\/www.escapadarural.com\/blog\/wp-content\/uploads\/2025\/04\/AdobeStock_323650799_Estepa_PorJavi-1024x683.webp 1024w, https:\/\/www.escapadarural.com\/blog\/wp-content\/uploads\/2025\/04\/AdobeStock_323650799_Estepa_PorJavi.webp 1200w\" sizes=\"auto, (max-width: 1024px) 100vw, 1024px\" \/><figcaption class=\"wp-element-caption\">Estepa (Sevilla). Por Javi<\/figcaption><\/figure>\n\n\n\n<p>Que Estepa sea la <strong>Capital del Polvor\u00f3n<\/strong> creo que no sorprende a nadie. \u00bfQui\u00e9n no ha probado sus mantecados navide\u00f1os? El t\u00edtulo se debe a su larga tradici\u00f3n confitera. En 2014, la Uni\u00f3n Europea otorg\u00f3 a los Mantecados y Polvorones de Estepa la <strong>Indicaci\u00f3n Geogr\u00e1fica Protegida (IGP)<\/strong>. Sus or\u00edgenes, seg\u00fan el consejo regulador, vienen del convento de Santa Clara.&nbsp;<\/p>\n\n\n\n<p>Estepa tambi\u00e9n cuenta con el <strong>Museo del Mantecado<\/strong>, la Ciudad del Chocolate y celebra cada a\u00f1o la <strong>Fiesta del Mantecado<\/strong>.&nbsp;<\/p>\n\n\n\n<div class=\"wp-block-buttons is-layout-flex wp-block-buttons-is-layout-flex\">\n<div class=\"wp-block-button\"><a class=\"wp-block-button__link wp-element-button\" href=\"\/casas-rurales\/sevilla\">Alojamientos rurales en Sevilla<\/a><\/div>\n<\/div>\n\n\n\n<h2 class=\"wp-block-heading\" id=\"h-santona-cantabria-capital-mundial-de-las-anchoas\">Santo\u00f1a (Cantabria) &#8211; Capital Mundial de las Anchoas<\/h2>\n\n\n\n<figure class=\"wp-block-image size-large\"><img loading=\"lazy\" decoding=\"async\" width=\"1024\" height=\"538\" src=\"https:\/\/www.escapadarural.com\/blog\/wp-content\/uploads\/2025\/04\/Santona_view_2-Por_Tiia-Monto-1024x538.webp\" alt=\"Santo\u00f1a (Cantabria)\" class=\"wp-image-199411\" srcset=\"https:\/\/www.escapadarural.com\/blog\/wp-content\/uploads\/2025\/04\/Santona_view_2-Por_Tiia-Monto-200x105.webp 200w, https:\/\/www.escapadarural.com\/blog\/wp-content\/uploads\/2025\/04\/Santona_view_2-Por_Tiia-Monto-300x158.webp 300w, https:\/\/www.escapadarural.com\/blog\/wp-content\/uploads\/2025\/04\/Santona_view_2-Por_Tiia-Monto-400x210.webp 400w, https:\/\/www.escapadarural.com\/blog\/wp-content\/uploads\/2025\/04\/Santona_view_2-Por_Tiia-Monto-600x315.webp 600w, https:\/\/www.escapadarural.com\/blog\/wp-content\/uploads\/2025\/04\/Santona_view_2-Por_Tiia-Monto-768x403.webp 768w, https:\/\/www.escapadarural.com\/blog\/wp-content\/uploads\/2025\/04\/Santona_view_2-Por_Tiia-Monto-800x420.webp 800w, https:\/\/www.escapadarural.com\/blog\/wp-content\/uploads\/2025\/04\/Santona_view_2-Por_Tiia-Monto-1024x538.webp 1024w, https:\/\/www.escapadarural.com\/blog\/wp-content\/uploads\/2025\/04\/Santona_view_2-Por_Tiia-Monto.webp 1200w\" sizes=\"auto, (max-width: 1024px) 100vw, 1024px\" \/><figcaption class=\"wp-element-caption\">Santo\u00f1a (Cantabria). Por Tiia Monto<\/figcaption><\/figure>\n\n\n\n<p>Y si a nadie le sorprende la Capital del Polvor\u00f3n, mucho menos lo har\u00e1 saber cu\u00e1l es la <strong>Capital de la Anchoa<\/strong>. Situado en la costa de Cantabria, este pueblo de tradici\u00f3n pesquera se ha ganado el t\u00edtulo a pulso gracias a su <strong>industria conservera y la excelencia de sus anchoas<\/strong>. Los or\u00edgenes se remontan al siglo XIX, cuando el salazonero siciliano Giovanni Vella Scaliota introdujo en la villa las t\u00e9cnicas de salaz\u00f3n y fileteado en aceite.\u00a0<\/p>\n\n\n\n<p>Desde 1999, este pueblo c\u00e1ntabro celebra la <strong>Feria de la Anchoa y de la Conserva de Cantabria<\/strong>. En ella, adem\u00e1s de poner en valor su producto estrella, se rinde homenaje a las mujeres conserveras que hacen posible que la industria sea reconocida internacionalmente.&nbsp;<\/p>\n\n\n\n<div class=\"wp-block-buttons is-layout-flex wp-block-buttons-is-layout-flex\">\n<div class=\"wp-block-button\"><a class=\"wp-block-button__link wp-element-button\" href=\"\/casas-rurales\/santona\">Alojamientos rurales en Santo\u00f1a<\/a><\/div>\n<\/div>\n\n\n\n<h2 class=\"wp-block-heading\" id=\"h-membrilla-ciudad-real-capital-del-melon\">Membrilla (Ciudad Real) &#8211; Capital del Mel\u00f3n<\/h2>\n\n\n\n<figure class=\"wp-block-image size-large\"><img loading=\"lazy\" decoding=\"async\" width=\"1024\" height=\"766\" src=\"https:\/\/www.escapadarural.com\/blog\/wp-content\/uploads\/2025\/04\/Ermita_del_Espino_membrilla_ciudad_real_JessAlien-1024x766.webp\" alt=\"Membrilla (Ciudad Real)\" class=\"wp-image-199409\" srcset=\"https:\/\/www.escapadarural.com\/blog\/wp-content\/uploads\/2025\/04\/Ermita_del_Espino_membrilla_ciudad_real_JessAlien-200x150.webp 200w, https:\/\/www.escapadarural.com\/blog\/wp-content\/uploads\/2025\/04\/Ermita_del_Espino_membrilla_ciudad_real_JessAlien-300x225.webp 300w, https:\/\/www.escapadarural.com\/blog\/wp-content\/uploads\/2025\/04\/Ermita_del_Espino_membrilla_ciudad_real_JessAlien-400x299.webp 400w, https:\/\/www.escapadarural.com\/blog\/wp-content\/uploads\/2025\/04\/Ermita_del_Espino_membrilla_ciudad_real_JessAlien-600x449.webp 600w, https:\/\/www.escapadarural.com\/blog\/wp-content\/uploads\/2025\/04\/Ermita_del_Espino_membrilla_ciudad_real_JessAlien-768x575.webp 768w, https:\/\/www.escapadarural.com\/blog\/wp-content\/uploads\/2025\/04\/Ermita_del_Espino_membrilla_ciudad_real_JessAlien-800x599.webp 800w, https:\/\/www.escapadarural.com\/blog\/wp-content\/uploads\/2025\/04\/Ermita_del_Espino_membrilla_ciudad_real_JessAlien-1024x766.webp 1024w, https:\/\/www.escapadarural.com\/blog\/wp-content\/uploads\/2025\/04\/Ermita_del_Espino_membrilla_ciudad_real_JessAlien.webp 1200w\" sizes=\"auto, (max-width: 1024px) 100vw, 1024px\" \/><figcaption class=\"wp-element-caption\">Membrilla (Ciudad Real). Por Jess Alien<\/figcaption><\/figure>\n\n\n\n<p>S\u00ed, tambi\u00e9n tenemos una <strong>Capital del Mel\u00f3n<\/strong>. Se trata de Membrilla, un peque\u00f1o pueblo de Ciudad Real cuyos melones de \u201cpiel de sapo\u201d est\u00e1n amparados por la <strong>Indicaci\u00f3n Geogr\u00e1fica Protegida (IGP) Mel\u00f3n de la Mancha<\/strong>. La IGP abarca varias localidades donde se producen estas frutas dulces y jugosas.&nbsp;<\/p>\n\n\n\n<p>En este pueblo manchego se celebra durante el verano la <strong>Feria Regional del Mel\u00f3n (FERIMEL)<\/strong>. Adem\u00e1s se organizan iniciativas como la <strong>Ruta del Mel\u00f3n de La Mancha<\/strong>, que propone acercarse a los dem\u00e1s pueblos que forman parte de la IGP poniendo en valor la importancia cultural y econ\u00f3mica de este cultivo en la regi\u00f3n.\u00a0<\/p>\n\n\n\n<div class=\"wp-block-buttons is-layout-flex wp-block-buttons-is-layout-flex\">\n<div class=\"wp-block-button\"><a class=\"wp-block-button__link wp-element-button\" href=\"\/casas-rurales\/membrilla\">Alojamientos rurales cerca de Membrilla<\/a><\/div>\n<\/div>\n\n\n\n<h2 class=\"wp-block-heading\" id=\"h-santa-eulalia-de-oscos-asturias-capital-del-turismo-rural-nbsp\">Santa Eulalia de Oscos (Asturias) &#8211; Capital del Turismo Rural&nbsp;<\/h2>\n\n\n\n<figure class=\"wp-block-image size-large\"><img loading=\"lazy\" decoding=\"async\" width=\"1024\" height=\"418\" src=\"https:\/\/www.escapadarural.com\/blog\/wp-content\/uploads\/2025\/04\/AdobeStock_177699569_Santa_Eulalia_de_Oscos_Por-MuchovisorFotografia-1024x418.webp\" alt=\"Santa Eulalia de Oscos (Asturias)\" class=\"wp-image-199406\" srcset=\"https:\/\/www.escapadarural.com\/blog\/wp-content\/uploads\/2025\/04\/AdobeStock_177699569_Santa_Eulalia_de_Oscos_Por-MuchovisorFotografia-200x82.webp 200w, https:\/\/www.escapadarural.com\/blog\/wp-content\/uploads\/2025\/04\/AdobeStock_177699569_Santa_Eulalia_de_Oscos_Por-MuchovisorFotografia-300x123.webp 300w, https:\/\/www.escapadarural.com\/blog\/wp-content\/uploads\/2025\/04\/AdobeStock_177699569_Santa_Eulalia_de_Oscos_Por-MuchovisorFotografia-400x163.webp 400w, https:\/\/www.escapadarural.com\/blog\/wp-content\/uploads\/2025\/04\/AdobeStock_177699569_Santa_Eulalia_de_Oscos_Por-MuchovisorFotografia-600x245.webp 600w, https:\/\/www.escapadarural.com\/blog\/wp-content\/uploads\/2025\/04\/AdobeStock_177699569_Santa_Eulalia_de_Oscos_Por-MuchovisorFotografia-669x272.webp 669w, https:\/\/www.escapadarural.com\/blog\/wp-content\/uploads\/2025\/04\/AdobeStock_177699569_Santa_Eulalia_de_Oscos_Por-MuchovisorFotografia-768x314.webp 768w, https:\/\/www.escapadarural.com\/blog\/wp-content\/uploads\/2025\/04\/AdobeStock_177699569_Santa_Eulalia_de_Oscos_Por-MuchovisorFotografia-800x327.webp 800w, https:\/\/www.escapadarural.com\/blog\/wp-content\/uploads\/2025\/04\/AdobeStock_177699569_Santa_Eulalia_de_Oscos_Por-MuchovisorFotografia-1024x418.webp 1024w, https:\/\/www.escapadarural.com\/blog\/wp-content\/uploads\/2025\/04\/AdobeStock_177699569_Santa_Eulalia_de_Oscos_Por-MuchovisorFotografia.webp 1200w\" sizes=\"auto, (max-width: 1024px) 100vw, 1024px\" \/><figcaption class=\"wp-element-caption\">Santa Eulalia de Oscos (Asturias). Por Muchovisor Fotografia<\/figcaption><\/figure>\n\n\n\n<p>Antes de terminar, una menci\u00f3n especial a la Capital de Turismo Rural, un premio que EscapadaRural otorga cada a\u00f1o a un pueblo espa\u00f1ol. En la pasada edici\u00f3n (2024),<strong> la ganadora fue Santa Eulalia de Oscos<\/strong>. Un pueblo situado en el occidente asturiano, rodeado de verde y con una gran riqueza hidrol\u00f3gica.<\/p>\n\n\n\n<p>Este reconocimiento destaca el <strong>compromiso del municipio con el turismo sostenible<\/strong>, la preservaci\u00f3n de oficios tradicionales y su ubicaci\u00f3n en una Reserva de la Biosfera. Santa Eulalia de Oscos sucede a Campo Lameiro (Pontevedra), ganador en 2023, y se une a una lista de distinguidos pueblos como Cazorla (Ja\u00e9n, 2022), Olvera (C\u00e1diz, 2021), Potes (Cantabria, 2020), Santillana del Mar (Cantabria, 2019), A\u00ednsa-Sobrarbe (Huesca, 2018) y Sig\u00fcenza (Guadalajara, 2017) .<\/p>\n\n\n\n<div class=\"wp-block-buttons is-layout-flex wp-block-buttons-is-layout-flex\">\n<div class=\"wp-block-button\"><a class=\"wp-block-button__link wp-element-button\" href=\"\/casas-rurales\/santa-eulalia-de-oscos\">Alojamientos rurales en Santa Eulalia de Oscos<\/a><\/div>\n<\/div>\n","protected":false},"excerpt":{"rendered":"<p>Un paseo por Espa\u00f1a para conocer aquellos pueblos que son \u00abCapital de&#8230;\u00bb su especialidad. Destacan por sus productos.<\/p>\n","protected":false},"author":89,"featured_media":199407,"comment_status":"open","ping_status":"open","sticky":false,"template":"","format":"standard","meta":{"_acf_changed":false,"om_disable_all_campaigns":false,"footnotes":""},"categories":[231],"tags":[5922,331,215,212],"class_list":["post-199365","post","type-post","status-publish","format-standard","has-post-thumbnail","hentry","category-arte-y-cultura","tag-curiosidades","tag-espana","tag-listado","tag-pueblos"],"acf":[],"featured_image_src":"https:\/\/www.escapadarural.com\/blog\/wp-content\/uploads\/2025\/04\/AdobeStock_256088361_OCarballino_Por-Fernando.webp","author_info":{"display_name":"Laura Fern\u00e1ndez","author_link":"https:\/\/www.escapadarural.com\/blog\/autor\/laura\/"},"yoast_head":"<!-- This site is optimized with the Yoast SEO plugin v27.5 - https:\/\/yoast.com\/product\/yoast-seo-wordpress\/ -->\n<title>Pueblos que son \u201ccapitales\u201d de lo que mejor saben hacer<\/title>\n<meta name=\"description\" content=\"Un paseo por Espa\u00f1a para conocer aquellos pueblos que son &quot;Capital de...&quot; su espacialidad. Destacan por sus productos.\" \/>\n<meta name=\"robots\" content=\"index, follow, max-snippet:-1, max-image-preview:large, max-video-preview:-1\" \/>\n<link rel=\"canonical\" href=\"https:\/\/www.escapadarural.com\/blog\/pueblos-que-son-capitales-de-algo\/\" \/>\n<meta property=\"og:locale\" content=\"es_ES\" \/>\n<meta property=\"og:type\" content=\"article\" \/>\n<meta property=\"og:title\" content=\"Pueblos que son \u201ccapitales\u201d de lo que mejor saben hacer\" \/>\n<meta property=\"og:description\" content=\"Un paseo por Espa\u00f1a para conocer aquellos pueblos que son &quot;Capital de...&quot; su espacialidad. Destacan por sus productos.\" \/>\n<meta property=\"og:url\" content=\"https:\/\/www.escapadarural.com\/blog\/pueblos-que-son-capitales-de-algo\/\" \/>\n<meta property=\"og:site_name\" content=\"Magazine de viajes de EscapadaRural\" \/>\n<meta property=\"article:publisher\" content=\"https:\/\/www.facebook.com\/escapadarural\" \/>\n<meta property=\"article:published_time\" content=\"2025-04-28T06:00:00+00:00\" \/>\n<meta property=\"article:modified_time\" content=\"2025-04-28T07:31:49+00:00\" \/>\n<meta property=\"og:image\" content=\"https:\/\/www.escapadarural.com\/blog\/wp-content\/uploads\/2025\/04\/AdobeStock_256088361_OCarballino_Por-Fernando.webp\" \/>\n\t<meta property=\"og:image:width\" content=\"1200\" \/>\n\t<meta property=\"og:image:height\" content=\"807\" \/>\n\t<meta property=\"og:image:type\" content=\"image\/webp\" \/>\n<meta name=\"author\" content=\"Laura Fern\u00e1ndez\" \/>\n<meta name=\"twitter:card\" content=\"summary_large_image\" \/>\n<meta name=\"twitter:label1\" content=\"Escrito por\" \/>\n\t<meta name=\"twitter:data1\" content=\"Laura Fern\u00e1ndez\" \/>\n\t<meta name=\"twitter:label2\" content=\"Tiempo de lectura\" \/>\n\t<meta name=\"twitter:data2\" content=\"8 minutos\" \/>\n<script type=\"application\/ld+json\" class=\"yoast-schema-graph\">{\"@context\":\"https:\\\/\\\/schema.org\",\"@graph\":[{\"@type\":\"Article\",\"@id\":\"https:\\\/\\\/www.escapadarural.com\\\/blog\\\/pueblos-que-son-capitales-de-algo\\\/#article\",\"isPartOf\":{\"@id\":\"https:\\\/\\\/www.escapadarural.com\\\/blog\\\/pueblos-que-son-capitales-de-algo\\\/\"},\"author\":{\"name\":\"Laura Fern\u00e1ndez\",\"@id\":\"https:\\\/\\\/www.escapadarural.com\\\/blog\\\/#\\\/schema\\\/person\\\/a9b46ae4d047d8a2c719f31e75206cff\"},\"headline\":\"Pueblos que son \u201ccapitales\u201d de lo que mejor saben hacer\",\"datePublished\":\"2025-04-28T06:00:00+00:00\",\"dateModified\":\"2025-04-28T07:31:49+00:00\",\"mainEntityOfPage\":{\"@id\":\"https:\\\/\\\/www.escapadarural.com\\\/blog\\\/pueblos-que-son-capitales-de-algo\\\/\"},\"wordCount\":1298,\"commentCount\":0,\"publisher\":{\"@id\":\"https:\\\/\\\/www.escapadarural.com\\\/blog\\\/#organization\"},\"image\":{\"@id\":\"https:\\\/\\\/www.escapadarural.com\\\/blog\\\/pueblos-que-son-capitales-de-algo\\\/#primaryimage\"},\"thumbnailUrl\":\"https:\\\/\\\/www.escapadarural.com\\\/blog\\\/wp-content\\\/uploads\\\/2025\\\/04\\\/AdobeStock_256088361_OCarballino_Por-Fernando.webp\",\"keywords\":[\"curiosidades\",\"Espa\u00f1a\",\"Listado\",\"pueblos\"],\"articleSection\":[\"Arte y Cultura\"],\"inLanguage\":\"es\",\"potentialAction\":[{\"@type\":\"CommentAction\",\"name\":\"Comment\",\"target\":[\"https:\\\/\\\/www.escapadarural.com\\\/blog\\\/pueblos-que-son-capitales-de-algo\\\/#respond\"]}]},{\"@type\":\"WebPage\",\"@id\":\"https:\\\/\\\/www.escapadarural.com\\\/blog\\\/pueblos-que-son-capitales-de-algo\\\/\",\"url\":\"https:\\\/\\\/www.escapadarural.com\\\/blog\\\/pueblos-que-son-capitales-de-algo\\\/\",\"name\":\"Pueblos que son \u201ccapitales\u201d de lo que mejor saben hacer\",\"isPartOf\":{\"@id\":\"https:\\\/\\\/www.escapadarural.com\\\/blog\\\/#website\"},\"primaryImageOfPage\":{\"@id\":\"https:\\\/\\\/www.escapadarural.com\\\/blog\\\/pueblos-que-son-capitales-de-algo\\\/#primaryimage\"},\"image\":{\"@id\":\"https:\\\/\\\/www.escapadarural.com\\\/blog\\\/pueblos-que-son-capitales-de-algo\\\/#primaryimage\"},\"thumbnailUrl\":\"https:\\\/\\\/www.escapadarural.com\\\/blog\\\/wp-content\\\/uploads\\\/2025\\\/04\\\/AdobeStock_256088361_OCarballino_Por-Fernando.webp\",\"datePublished\":\"2025-04-28T06:00:00+00:00\",\"dateModified\":\"2025-04-28T07:31:49+00:00\",\"description\":\"Un paseo por Espa\u00f1a para conocer aquellos pueblos que son \\\"Capital de...\\\" su espacialidad. Destacan por sus productos.\",\"breadcrumb\":{\"@id\":\"https:\\\/\\\/www.escapadarural.com\\\/blog\\\/pueblos-que-son-capitales-de-algo\\\/#breadcrumb\"},\"inLanguage\":\"es\",\"potentialAction\":[{\"@type\":\"ReadAction\",\"target\":[\"https:\\\/\\\/www.escapadarural.com\\\/blog\\\/pueblos-que-son-capitales-de-algo\\\/\"]}]},{\"@type\":\"ImageObject\",\"inLanguage\":\"es\",\"@id\":\"https:\\\/\\\/www.escapadarural.com\\\/blog\\\/pueblos-que-son-capitales-de-algo\\\/#primaryimage\",\"url\":\"https:\\\/\\\/www.escapadarural.com\\\/blog\\\/wp-content\\\/uploads\\\/2025\\\/04\\\/AdobeStock_256088361_OCarballino_Por-Fernando.webp\",\"contentUrl\":\"https:\\\/\\\/www.escapadarural.com\\\/blog\\\/wp-content\\\/uploads\\\/2025\\\/04\\\/AdobeStock_256088361_OCarballino_Por-Fernando.webp\",\"width\":1200,\"height\":807,\"caption\":\"O Carballi\u00f1o (Ourense). Por Fernando\"},{\"@type\":\"BreadcrumbList\",\"@id\":\"https:\\\/\\\/www.escapadarural.com\\\/blog\\\/pueblos-que-son-capitales-de-algo\\\/#breadcrumb\",\"itemListElement\":[{\"@type\":\"ListItem\",\"position\":1,\"name\":\"Inicio\",\"item\":\"https:\\\/\\\/www.escapadarural.com\\\/blog\\\/\"},{\"@type\":\"ListItem\",\"position\":2,\"name\":\"Arte y Cultura\",\"item\":\"https:\\\/\\\/www.escapadarural.com\\\/blog\\\/categoria\\\/arte-y-cultura\\\/\"},{\"@type\":\"ListItem\",\"position\":3,\"name\":\"Pueblos que son \u201ccapitales\u201d de lo que mejor saben hacer\"}]},{\"@type\":\"WebSite\",\"@id\":\"https:\\\/\\\/www.escapadarural.com\\\/blog\\\/#website\",\"url\":\"https:\\\/\\\/www.escapadarural.com\\\/blog\\\/\",\"name\":\"Blog de viajes | turismo rural, alojamientos e inspiraci\u00f3n\",\"description\":\"Alojamientos rurales e inspiraci\u00f3n para tus escapadas\",\"publisher\":{\"@id\":\"https:\\\/\\\/www.escapadarural.com\\\/blog\\\/#organization\"},\"alternateName\":\"Magazine de viajes de EscapadaRural\",\"potentialAction\":[{\"@type\":\"SearchAction\",\"target\":{\"@type\":\"EntryPoint\",\"urlTemplate\":\"https:\\\/\\\/www.escapadarural.com\\\/blog\\\/?s={search_term_string}\"},\"query-input\":{\"@type\":\"PropertyValueSpecification\",\"valueRequired\":true,\"valueName\":\"search_term_string\"}}],\"inLanguage\":\"es\"},{\"@type\":\"Organization\",\"@id\":\"https:\\\/\\\/www.escapadarural.com\\\/blog\\\/#organization\",\"name\":\"EscapadaRural\",\"url\":\"https:\\\/\\\/www.escapadarural.com\\\/blog\\\/\",\"logo\":{\"@type\":\"ImageObject\",\"inLanguage\":\"es\",\"@id\":\"https:\\\/\\\/www.escapadarural.com\\\/blog\\\/#\\\/schema\\\/logo\\\/image\\\/\",\"url\":\"https:\\\/\\\/www.escapadarural.com\\\/blog\\\/wp-content\\\/uploads\\\/2024\\\/10\\\/cropped-cropped-escapada-rural-icon-mag-3.png\",\"contentUrl\":\"https:\\\/\\\/www.escapadarural.com\\\/blog\\\/wp-content\\\/uploads\\\/2024\\\/10\\\/cropped-cropped-escapada-rural-icon-mag-3.png\",\"width\":512,\"height\":512,\"caption\":\"EscapadaRural\"},\"image\":{\"@id\":\"https:\\\/\\\/www.escapadarural.com\\\/blog\\\/#\\\/schema\\\/logo\\\/image\\\/\"},\"sameAs\":[\"https:\\\/\\\/www.facebook.com\\\/escapadarural\",\"https:\\\/\\\/www.instagram.com\\\/escapadarural\\\/\",\"https:\\\/\\\/www.youtube.com\\\/@escapadaruralcom\"]},{\"@type\":\"Person\",\"@id\":\"https:\\\/\\\/www.escapadarural.com\\\/blog\\\/#\\\/schema\\\/person\\\/a9b46ae4d047d8a2c719f31e75206cff\",\"name\":\"Laura Fern\u00e1ndez\",\"image\":{\"@type\":\"ImageObject\",\"inLanguage\":\"es\",\"@id\":\"https:\\\/\\\/www.escapadarural.com\\\/blog\\\/wp-content\\\/uploads\\\/2025\\\/01\\\/cropped-laura_raponchii-96x96.jpg\",\"url\":\"https:\\\/\\\/www.escapadarural.com\\\/blog\\\/wp-content\\\/uploads\\\/2025\\\/01\\\/cropped-laura_raponchii-96x96.jpg\",\"contentUrl\":\"https:\\\/\\\/www.escapadarural.com\\\/blog\\\/wp-content\\\/uploads\\\/2025\\\/01\\\/cropped-laura_raponchii-96x96.jpg\",\"caption\":\"Laura Fern\u00e1ndez\"},\"description\":\"Periodista, blogger y viajera. No necesariamente en ese orden. En ocasiones me despierto sin saber d\u00f3nde estoy. Adicta a los c\u00f3mics y a los noodles con salsa de cacahuete. Redactora en @escapadarural, colaboradora en la Conde Nast Traveler y en la Divinity. Mi casa: Meridiano180.\",\"sameAs\":[\"http:\\\/\\\/www.meridiano180.com\\\/\"],\"url\":\"https:\\\/\\\/www.escapadarural.com\\\/blog\\\/autor\\\/laura\\\/\"}]}<\/script>\n<!-- \/ Yoast SEO plugin. -->","yoast_head_json":{"title":"Pueblos que son \u201ccapitales\u201d de lo que mejor saben hacer","description":"Un paseo por Espa\u00f1a para conocer aquellos pueblos que son \"Capital de...\" su espacialidad. Destacan por sus productos.","robots":{"index":"index","follow":"follow","max-snippet":"max-snippet:-1","max-image-preview":"max-image-preview:large","max-video-preview":"max-video-preview:-1"},"canonical":"https:\/\/www.escapadarural.com\/blog\/pueblos-que-son-capitales-de-algo\/","og_locale":"es_ES","og_type":"article","og_title":"Pueblos que son \u201ccapitales\u201d de lo que mejor saben hacer","og_description":"Un paseo por Espa\u00f1a para conocer aquellos pueblos que son \"Capital de...\" su espacialidad. Destacan por sus productos.","og_url":"https:\/\/www.escapadarural.com\/blog\/pueblos-que-son-capitales-de-algo\/","og_site_name":"Magazine de viajes de EscapadaRural","article_publisher":"https:\/\/www.facebook.com\/escapadarural","article_published_time":"2025-04-28T06:00:00+00:00","article_modified_time":"2025-04-28T07:31:49+00:00","og_image":[{"width":1200,"height":807,"url":"https:\/\/www.escapadarural.com\/blog\/wp-content\/uploads\/2025\/04\/AdobeStock_256088361_OCarballino_Por-Fernando.webp","type":"image\/webp"}],"author":"Laura Fern\u00e1ndez","twitter_card":"summary_large_image","twitter_misc":{"Escrito por":"Laura Fern\u00e1ndez","Tiempo de lectura":"8 minutos"},"schema":{"@context":"https:\/\/schema.org","@graph":[{"@type":"Article","@id":"https:\/\/www.escapadarural.com\/blog\/pueblos-que-son-capitales-de-algo\/#article","isPartOf":{"@id":"https:\/\/www.escapadarural.com\/blog\/pueblos-que-son-capitales-de-algo\/"},"author":{"name":"Laura Fern\u00e1ndez","@id":"https:\/\/www.escapadarural.com\/blog\/#\/schema\/person\/a9b46ae4d047d8a2c719f31e75206cff"},"headline":"Pueblos que son \u201ccapitales\u201d de lo que mejor saben hacer","datePublished":"2025-04-28T06:00:00+00:00","dateModified":"2025-04-28T07:31:49+00:00","mainEntityOfPage":{"@id":"https:\/\/www.escapadarural.com\/blog\/pueblos-que-son-capitales-de-algo\/"},"wordCount":1298,"commentCount":0,"publisher":{"@id":"https:\/\/www.escapadarural.com\/blog\/#organization"},"image":{"@id":"https:\/\/www.escapadarural.com\/blog\/pueblos-que-son-capitales-de-algo\/#primaryimage"},"thumbnailUrl":"https:\/\/www.escapadarural.com\/blog\/wp-content\/uploads\/2025\/04\/AdobeStock_256088361_OCarballino_Por-Fernando.webp","keywords":["curiosidades","Espa\u00f1a","Listado","pueblos"],"articleSection":["Arte y Cultura"],"inLanguage":"es","potentialAction":[{"@type":"CommentAction","name":"Comment","target":["https:\/\/www.escapadarural.com\/blog\/pueblos-que-son-capitales-de-algo\/#respond"]}]},{"@type":"WebPage","@id":"https:\/\/www.escapadarural.com\/blog\/pueblos-que-son-capitales-de-algo\/","url":"https:\/\/www.escapadarural.com\/blog\/pueblos-que-son-capitales-de-algo\/","name":"Pueblos que son \u201ccapitales\u201d de lo que mejor saben hacer","isPartOf":{"@id":"https:\/\/www.escapadarural.com\/blog\/#website"},"primaryImageOfPage":{"@id":"https:\/\/www.escapadarural.com\/blog\/pueblos-que-son-capitales-de-algo\/#primaryimage"},"image":{"@id":"https:\/\/www.escapadarural.com\/blog\/pueblos-que-son-capitales-de-algo\/#primaryimage"},"thumbnailUrl":"https:\/\/www.escapadarural.com\/blog\/wp-content\/uploads\/2025\/04\/AdobeStock_256088361_OCarballino_Por-Fernando.webp","datePublished":"2025-04-28T06:00:00+00:00","dateModified":"2025-04-28T07:31:49+00:00","description":"Un paseo por Espa\u00f1a para conocer aquellos pueblos que son \"Capital de...\" su espacialidad. Destacan por sus productos.","breadcrumb":{"@id":"https:\/\/www.escapadarural.com\/blog\/pueblos-que-son-capitales-de-algo\/#breadcrumb"},"inLanguage":"es","potentialAction":[{"@type":"ReadAction","target":["https:\/\/www.escapadarural.com\/blog\/pueblos-que-son-capitales-de-algo\/"]}]},{"@type":"ImageObject","inLanguage":"es","@id":"https:\/\/www.escapadarural.com\/blog\/pueblos-que-son-capitales-de-algo\/#primaryimage","url":"https:\/\/www.escapadarural.com\/blog\/wp-content\/uploads\/2025\/04\/AdobeStock_256088361_OCarballino_Por-Fernando.webp","contentUrl":"https:\/\/www.escapadarural.com\/blog\/wp-content\/uploads\/2025\/04\/AdobeStock_256088361_OCarballino_Por-Fernando.webp","width":1200,"height":807,"caption":"O Carballi\u00f1o (Ourense). Por Fernando"},{"@type":"BreadcrumbList","@id":"https:\/\/www.escapadarural.com\/blog\/pueblos-que-son-capitales-de-algo\/#breadcrumb","itemListElement":[{"@type":"ListItem","position":1,"name":"Inicio","item":"https:\/\/www.escapadarural.com\/blog\/"},{"@type":"ListItem","position":2,"name":"Arte y Cultura","item":"https:\/\/www.escapadarural.com\/blog\/categoria\/arte-y-cultura\/"},{"@type":"ListItem","position":3,"name":"Pueblos que son \u201ccapitales\u201d de lo que mejor saben hacer"}]},{"@type":"WebSite","@id":"https:\/\/www.escapadarural.com\/blog\/#website","url":"https:\/\/www.escapadarural.com\/blog\/","name":"Blog de viajes | turismo rural, alojamientos e inspiraci\u00f3n","description":"Alojamientos rurales e inspiraci\u00f3n para tus escapadas","publisher":{"@id":"https:\/\/www.escapadarural.com\/blog\/#organization"},"alternateName":"Magazine de viajes de EscapadaRural","potentialAction":[{"@type":"SearchAction","target":{"@type":"EntryPoint","urlTemplate":"https:\/\/www.escapadarural.com\/blog\/?s={search_term_string}"},"query-input":{"@type":"PropertyValueSpecification","valueRequired":true,"valueName":"search_term_string"}}],"inLanguage":"es"},{"@type":"Organization","@id":"https:\/\/www.escapadarural.com\/blog\/#organization","name":"EscapadaRural","url":"https:\/\/www.escapadarural.com\/blog\/","logo":{"@type":"ImageObject","inLanguage":"es","@id":"https:\/\/www.escapadarural.com\/blog\/#\/schema\/logo\/image\/","url":"https:\/\/www.escapadarural.com\/blog\/wp-content\/uploads\/2024\/10\/cropped-cropped-escapada-rural-icon-mag-3.png","contentUrl":"https:\/\/www.escapadarural.com\/blog\/wp-content\/uploads\/2024\/10\/cropped-cropped-escapada-rural-icon-mag-3.png","width":512,"height":512,"caption":"EscapadaRural"},"image":{"@id":"https:\/\/www.escapadarural.com\/blog\/#\/schema\/logo\/image\/"},"sameAs":["https:\/\/www.facebook.com\/escapadarural","https:\/\/www.instagram.com\/escapadarural\/","https:\/\/www.youtube.com\/@escapadaruralcom"]},{"@type":"Person","@id":"https:\/\/www.escapadarural.com\/blog\/#\/schema\/person\/a9b46ae4d047d8a2c719f31e75206cff","name":"Laura Fern\u00e1ndez","image":{"@type":"ImageObject","inLanguage":"es","@id":"https:\/\/www.escapadarural.com\/blog\/wp-content\/uploads\/2025\/01\/cropped-laura_raponchii-96x96.jpg","url":"https:\/\/www.escapadarural.com\/blog\/wp-content\/uploads\/2025\/01\/cropped-laura_raponchii-96x96.jpg","contentUrl":"https:\/\/www.escapadarural.com\/blog\/wp-content\/uploads\/2025\/01\/cropped-laura_raponchii-96x96.jpg","caption":"Laura Fern\u00e1ndez"},"description":"Periodista, blogger y viajera. No necesariamente en ese orden. En ocasiones me despierto sin saber d\u00f3nde estoy. Adicta a los c\u00f3mics y a los noodles con salsa de cacahuete. Redactora en @escapadarural, colaboradora en la Conde Nast Traveler y en la Divinity. Mi casa: Meridiano180.","sameAs":["http:\/\/www.meridiano180.com\/"],"url":"https:\/\/www.escapadarural.com\/blog\/autor\/laura\/"}]}},"_links":{"self":[{"href":"https:\/\/www.escapadarural.com\/blog\/wp-json\/wp\/v2\/posts\/199365","targetHints":{"allow":["GET"]}}],"collection":[{"href":"https:\/\/www.escapadarural.com\/blog\/wp-json\/wp\/v2\/posts"}],"about":[{"href":"https:\/\/www.escapadarural.com\/blog\/wp-json\/wp\/v2\/types\/post"}],"author":[{"embeddable":true,"href":"https:\/\/www.escapadarural.com\/blog\/wp-json\/wp\/v2\/users\/89"}],"replies":[{"embeddable":true,"href":"https:\/\/www.escapadarural.com\/blog\/wp-json\/wp\/v2\/comments?post=199365"}],"version-history":[{"count":0,"href":"https:\/\/www.escapadarural.com\/blog\/wp-json\/wp\/v2\/posts\/199365\/revisions"}],"wp:featuredmedia":[{"embeddable":true,"href":"https:\/\/www.escapadarural.com\/blog\/wp-json\/wp\/v2\/media\/199407"}],"wp:attachment":[{"href":"https:\/\/www.escapadarural.com\/blog\/wp-json\/wp\/v2\/media?parent=199365"}],"wp:term":[{"taxonomy":"category","embeddable":true,"href":"https:\/\/www.escapadarural.com\/blog\/wp-json\/wp\/v2\/categories?post=199365"},{"taxonomy":"post_tag","embeddable":true,"href":"https:\/\/www.escapadarural.com\/blog\/wp-json\/wp\/v2\/tags?post=199365"}],"curies":[{"name":"wp","href":"https:\/\/api.w.org\/{rel}","templated":true}]}}