{"id":1994,"date":"2018-08-01T10:00:33","date_gmt":"2018-08-01T10:00:33","guid":{"rendered":"http:\/\/15.188.81.248\/2018\/08\/01\/a-valeria-condita-los-origenes\/"},"modified":"2025-05-20T14:11:26","modified_gmt":"2025-05-20T12:11:26","slug":"a-valeria-condita-los-origenes","status":"publish","type":"post","link":"https:\/\/www.escapadarural.com\/blog\/a-valeria-condita-los-origenes\/","title":{"rendered":"A Valeria Condita, Jornadas Romanas en Cuenca"},"content":{"rendered":"<div class=\"wp-block-image\">\n<figure class=\"aligncenter size-large\"><a href=\"https:\/\/www.escapadarural.com\/blog\/wp-content\/uploads\/2018\/08\/gladiator.jpg\"><img decoding=\"async\" src=\"https:\/\/www.escapadarural.com\/blog\/wp-content\/uploads\/2018\/08\/gladiator.jpg\" alt=\"Gladiador\" class=\"wp-image-26149\"\/><\/a><figcaption class=\"wp-element-caption\">Fuente: Teodomiro Ib\u00e1\u00f1ez<\/figcaption><\/figure>\n<\/div>\n\n\n<p>La ciudad romana de <a href=\"https:\/\/www.escapadarural.com\/casas-rurales\/valeria\">Valeria<\/a>, en Cuenca, organiza el pr\u00f3ximo 13 de agosto la XVII edici\u00f3n de <em>A Valeria Condita<\/em>. Unas jornadas en las que se revive el pasado romano de la ciudad cuyo mayor tesoro es el yacimiento que a\u00fan se conserva de la \u00e9poca.<\/p>\n\n\n\n<p>Este a\u00f1o, la fiesta est\u00e1 dedicada a los antiguos emperadores Marco Aurelio y Lucio Vero. El primero de ellos gobern\u00f3 el Imperio romano desde el a\u00f1o 161 hasta el 180, aunque hasta el 169 lo hizo junto a Lucio Vero, a quien m\u00e1s tarde casar\u00eda con una de sus hijas.<\/p>\n\n\n\n<p>Para recrear aquella \u00e9poca, tanto el s\u00e1bado 18 de agosto como el domingo 19, Valeria contar\u00e1 con un campamento y un mercado romano. En ellos los asistentes podr\u00e1n conocer la vida militar en el antiguo imperio, c\u00f3mo se realizaba el entrenamiento de legionarios, la estrategia para crear una formaci\u00f3n de combate y c\u00f3mo era un desfile militar.<\/p>\n\n\n<div class=\"wp-block-image\">\n<figure class=\"aligncenter size-large\"><a href=\"https:\/\/www.escapadarural.com\/blog\/wp-content\/uploads\/2018\/08\/gladiadores.jpg\"><img decoding=\"async\" src=\"https:\/\/www.escapadarural.com\/blog\/wp-content\/uploads\/2018\/08\/gladiadores.jpg\" alt=\"Gladiadores\" class=\"wp-image-26148\"\/><\/a><figcaption class=\"wp-element-caption\">Fuente: Teodomiro Ib\u00e1\u00f1ez<\/figcaption><\/figure>\n<\/div>\n\n\n<p>Las Jornadas Romanas de Valeria Condita se caracterizan por ser participativas por lo que, adem\u00e1s de las demostraciones citadas anteriormente, habr\u00e1 talleres y tiendas con los oficios tradicionales de la \u00e9poca: telares, madera, joyer\u00eda, mimbre, cuero, esparto, plantas medicinales, mosaicos, cester\u00eda, cer\u00e1mica, monedas, cristal de Hispania, tablillas de cera, etc.<\/p>\n\n\n\n<p>El teatro es otra de las actividades imprescindibles de Valeria Condita desde su primera edici\u00f3n, hace 17 a\u00f1os. Una de las representaciones m\u00e1s destacadas que se podr\u00e1 ver este 2018 es <em>Lis\u00edstrata<\/em>, de Arist\u00f3fanes, y que ser\u00e1 interpretada por el grupo Komos de Valencia.<\/p>\n\n\n\n<p>Durante la semana del 13 al 17, las jornadas estar\u00e1n marcadas por las conferencias, los talleres, exposiciones, la gastronom\u00eda y la m\u00fasica. La iglesia de la Sey ser\u00e1 el epicentro de muchas de las actividades que se desarrollar\u00e1n, adem\u00e1s de ser el punto de encuentro de viajeros y locales para asistir al acto inaugural.<\/p>\n\n\n<div class=\"wp-block-image\">\n<figure class=\"aligncenter size-large\"><a href=\"https:\/\/www.escapadarural.com\/blog\/wp-content\/uploads\/2018\/08\/nina.jpg\"><img decoding=\"async\" src=\"https:\/\/www.escapadarural.com\/blog\/wp-content\/uploads\/2018\/08\/nina.jpg\" alt=\"Valeria, villa romana\" class=\"wp-image-26147\"\/><\/a><figcaption class=\"wp-element-caption\">Fuente: Teodomiro Ib\u00e1\u00f1ez<\/figcaption><\/figure>\n<\/div>\n\n\n<p>El tema principal de la celebraci\u00f3n ser\u00e1 el agua: la canalizaci\u00f3n de Valeria, la maquinaria hidr\u00e1ulica que se usaba y las termas. Sobre estas \u00faltimas, adem\u00e1s, se har\u00e1 una excavaci\u00f3n en vivo y una visita guiada a las termas para conocer los descubrimientos de los \u00faltimos a\u00f1os.<\/p>\n\n\n\n<p>Los m\u00e1s peque\u00f1os tambi\u00e9n podr\u00e1n disfrutar de juegos, talleres y concursos infantiles. Las Jornadas Romanas finalizar\u00e1n el 20 de agosto.<\/p>\n\n\n\n<h2 class=\"wp-block-heading\" id=\"h-valeria-una-villa-romana\">Valeria, una villa romana<\/h2>\n\n\n<div class=\"wp-block-image\">\n<figure class=\"aligncenter size-large\"><a href=\"https:\/\/www.escapadarural.com\/blog\/wp-content\/uploads\/2018\/08\/mapa.jpg\"><img decoding=\"async\" src=\"https:\/\/www.escapadarural.com\/blog\/wp-content\/uploads\/2018\/08\/mapa.jpg\" alt=\"Valeria villa romana\" class=\"wp-image-26146\"\/><\/a><figcaption class=\"wp-element-caption\">Fuente: Teodomiro Ib\u00e1\u00f1ez<\/figcaption><\/figure>\n<\/div>\n\n\n<p>Valeria fue fundada en 94 a. C. por Valerio Flaco. Entre sus nuevas construcciones, este pueblo de Cuenca ha logrado conservar uno de los escasos foros de la \u00e9poca romana en la Pen\u00ednsula.<\/p>\n\n\n\n<p>Algunos de los elementos que hoy exhiben con orgullo son la fuente de 100 metros de longitud, la m\u00e1s grande de Espa\u00f1a que se conserva del Imperio romano; las bases, los muros, las pilastras y la torre de asalto, desde donde se vigilaba la ciudad.<\/p>\n\n\n\n<h2 class=\"wp-block-heading\" id=\"h-que-mas-ver-en-cuenca\">Qu\u00e9 m\u00e1s ver en Cuenca<\/h2>\n\n\n<section class=\"wp-block-ub-post-grid ub-block-post-grid align  is-equal-height preserve-post-image-aspect-ratio\" style=\"\" id=\"ub-post-grid-\"><div class=\"ub-post-grid-items is-list\" style=\"row-gap: 32px; column-gap: 32px; \"><article id=\"post-217028\" class=\"ub-post-grid-item post-217028 post type-post status-publish format-standard has-post-thumbnail hentry category-destinos tag-amigos tag-que-ver-en-cuenca tag-que-ver-en-huesca tag-que-ver-en-leon tag-listado tag-que-ver-en-lugo tag-monumentos-naturales tag-naturaleza tag-pareja tag-que-ver-en-tenerife tag-senderismo tag-que-ver-en-soria tag-que-ver-en-toledo tag-transporte-publico tag-turismo-rural\" style=\"\"><div class=\"ub-block-post-grid-image\" style=\"\"><a href=\"https:\/\/www.escapadarural.com\/blog\/monumentos-naturales-espana-transporte-publico\/\" rel=\"bookmark\" aria-hidden=\"true\" tabindex=\"-1\"><img loading=\"lazy\" decoding=\"async\" width=\"2048\" height=\"1463\" src=\"https:\/\/www.escapadarural.com\/blog\/wp-content\/uploads\/2026\/04\/AdobeStock_104644188_mallos-scaled.jpeg\" class=\"attachment-full size-full\" alt=\"Mallos de Riglos (Huesca). Por LorenaCirstea.\" style=\"max-width: 600px; \" srcset=\"https:\/\/www.escapadarural.com\/blog\/wp-content\/uploads\/2026\/04\/AdobeStock_104644188_mallos-200x143.jpeg 200w, https:\/\/www.escapadarural.com\/blog\/wp-content\/uploads\/2026\/04\/AdobeStock_104644188_mallos-300x214.jpeg 300w, https:\/\/www.escapadarural.com\/blog\/wp-content\/uploads\/2026\/04\/AdobeStock_104644188_mallos-400x286.jpeg 400w, https:\/\/www.escapadarural.com\/blog\/wp-content\/uploads\/2026\/04\/AdobeStock_104644188_mallos-600x429.jpeg 600w, https:\/\/www.escapadarural.com\/blog\/wp-content\/uploads\/2026\/04\/AdobeStock_104644188_mallos-768x548.jpeg 768w, https:\/\/www.escapadarural.com\/blog\/wp-content\/uploads\/2026\/04\/AdobeStock_104644188_mallos-800x571.jpeg 800w, https:\/\/www.escapadarural.com\/blog\/wp-content\/uploads\/2026\/04\/AdobeStock_104644188_mallos-1024x731.jpeg 1024w, https:\/\/www.escapadarural.com\/blog\/wp-content\/uploads\/2026\/04\/AdobeStock_104644188_mallos-1200x857.jpeg 1200w, https:\/\/www.escapadarural.com\/blog\/wp-content\/uploads\/2026\/04\/AdobeStock_104644188_mallos-1536x1097.jpeg 1536w, https:\/\/www.escapadarural.com\/blog\/wp-content\/uploads\/2026\/04\/AdobeStock_104644188_mallos-scaled.jpeg 2048w\" sizes=\"auto, (max-width: 2048px) 100vw, 2048px\"><\/a><\/div><div class=\"ub-block-post-grid-text\" style=\"\"><div class=\"ub-block-post-grid-header-content\"><header class=\"ub-block-post-grid-header\"><h3 class=\"ub-block-post-grid-title\"><a style=\"\" href=\"https:\/\/www.escapadarural.com\/blog\/monumentos-naturales-espana-transporte-publico\/\" rel=\"bookmark\">7 Monumentos Naturales en Espa\u00f1a a los que se puede llegar en transporte p\u00fablico<\/a><\/h3><\/header><\/div><div class=\"ub-block-post-grid-excerpt\"><div class=\"ub-block-post-grid-excerpt-text\" style=\"\"><p>\u00bfSab\u00edas que hay siete Monumentos Naturales en Espa\u00f1a que son accesibles en tren o autob\u00fas? \u00a1Esc\u00e1pate a conocerlos sin coger el coche!<\/p>\n<\/div><p><a class=\"ub-block-post-grid-more-link ub-text-link\" style=\"\" href=\"https:\/\/www.escapadarural.com\/blog\/monumentos-naturales-espana-transporte-publico\/\" rel=\"bookmark\">Leer <span class=\"screen-reader-text\">7 Monumentos Naturales en Espa\u00f1a a los que se puede llegar en transporte p\u00fablico<\/span><\/a><\/p><\/div><\/div><\/article>\n<article id=\"post-214835\" class=\"ub-post-grid-item post-214835 post type-post status-publish format-standard has-post-thumbnail hentry category-alojamientos-rurales category-destinos tag-amigos tag-que-ver-en-asturias tag-que-ver-en-cadiz tag-casas-rurales tag-que-ver-en-cuenca tag-familia tag-que-ver-en-guadalajara tag-que-ver-en-huesca tag-que-ver-en-leon tag-listado tag-que-ver-en-lleida tag-mirador tag-miradores tag-pareja tag-que-ver-en-segovia tag-tenerife tag-vistas\" style=\"\"><div class=\"ub-block-post-grid-image\" style=\"\"><a href=\"https:\/\/www.escapadarural.com\/blog\/casas-rurales-mejores-vistas-a-monumentos\/\" rel=\"bookmark\" aria-hidden=\"true\" tabindex=\"-1\"><img loading=\"lazy\" decoding=\"async\" width=\"1920\" height=\"1280\" src=\"https:\/\/www.escapadarural.com\/blog\/wp-content\/uploads\/2026\/03\/El-Mirador-del-Castillo.jpg\" class=\"attachment-full size-full\" alt=\"Una casa de piedra cubierta de hiedra oto\u00f1al se alza en primer plano, con una colina rocosa y un castillo medieval encaramado en la cima al fondo, todo ello bajo un cielo azul despejado.\" style=\"max-width: 600px; \" srcset=\"https:\/\/www.escapadarural.com\/blog\/wp-content\/uploads\/2026\/03\/El-Mirador-del-Castillo-200x133.jpg 200w, https:\/\/www.escapadarural.com\/blog\/wp-content\/uploads\/2026\/03\/El-Mirador-del-Castillo-300x200.jpg 300w, https:\/\/www.escapadarural.com\/blog\/wp-content\/uploads\/2026\/03\/El-Mirador-del-Castillo-400x267.jpg 400w, https:\/\/www.escapadarural.com\/blog\/wp-content\/uploads\/2026\/03\/El-Mirador-del-Castillo-600x400.jpg 600w, https:\/\/www.escapadarural.com\/blog\/wp-content\/uploads\/2026\/03\/El-Mirador-del-Castillo-768x512.jpg 768w, https:\/\/www.escapadarural.com\/blog\/wp-content\/uploads\/2026\/03\/El-Mirador-del-Castillo-800x533.jpg 800w, https:\/\/www.escapadarural.com\/blog\/wp-content\/uploads\/2026\/03\/El-Mirador-del-Castillo-1024x683.jpg 1024w, https:\/\/www.escapadarural.com\/blog\/wp-content\/uploads\/2026\/03\/El-Mirador-del-Castillo-1200x800.jpg 1200w, https:\/\/www.escapadarural.com\/blog\/wp-content\/uploads\/2026\/03\/El-Mirador-del-Castillo-1536x1024.jpg 1536w, https:\/\/www.escapadarural.com\/blog\/wp-content\/uploads\/2026\/03\/El-Mirador-del-Castillo.jpg 1920w\" sizes=\"auto, (max-width: 1920px) 100vw, 1920px\"><\/a><\/div><div class=\"ub-block-post-grid-text\" style=\"\"><div class=\"ub-block-post-grid-header-content\"><header class=\"ub-block-post-grid-header\"><h3 class=\"ub-block-post-grid-title\"><a style=\"\" href=\"https:\/\/www.escapadarural.com\/blog\/casas-rurales-mejores-vistas-a-monumentos\/\" rel=\"bookmark\">Dormir con vistas a un castillo o frente a las M\u00e9dulas: lugares donde te sientes dentro del paisaje<\/a><\/h3><\/header><\/div><div class=\"ub-block-post-grid-excerpt\"><div class=\"ub-block-post-grid-excerpt-text\" style=\"\"><p>Castillos, monasterios, faros, monta\u00f1as emblem\u00e1ticas\u2026 te contamos d\u00f3nde alojarte para que cada ventana te transporte dentro del paisaje<\/p>\n<\/div><p><a class=\"ub-block-post-grid-more-link ub-text-link\" style=\"\" href=\"https:\/\/www.escapadarural.com\/blog\/casas-rurales-mejores-vistas-a-monumentos\/\" rel=\"bookmark\">Leer <span class=\"screen-reader-text\">Dormir con vistas a un castillo o frente a las M\u00e9dulas: lugares donde te sientes dentro del paisaje<\/span><\/a><\/p><\/div><\/div><\/article>\n<article id=\"post-215326\" class=\"ub-post-grid-item post-215326 post type-post status-publish format-standard has-post-thumbnail hentry category-alojamientos-rurales tag-que-ver-en-asturias tag-que-ver-en-badajoz tag-que-ver-en-barcelona tag-que-ver-en-burgos tag-que-ver-en-cadiz tag-casas-rurales tag-que-ver-en-cuenca tag-que-ver-en-granada tag-que-ver-en-la-rioja tag-listado tag-que-ver-en-lleida tag-mansiones tag-que-ver-en-sevilla\" style=\"\"><div class=\"ub-block-post-grid-image\" style=\"\"><a href=\"https:\/\/www.escapadarural.com\/blog\/mansiones-rurales\/\" rel=\"bookmark\" aria-hidden=\"true\" tabindex=\"-1\"><img loading=\"lazy\" decoding=\"async\" width=\"750\" height=\"418\" src=\"https:\/\/www.escapadarural.com\/blog\/wp-content\/uploads\/2026\/03\/Queralt-Casa-Rural-Luxury2.webp\" class=\"attachment-full size-full\" alt=\"Una villa de piedra con ventanas arqueadas cuenta con una terraza, una piscina curva, varias tumbonas y sombrillas cerradas, enmarcadas en un cielo nublado y con vistas a un paisaje pintoresco.\" style=\"max-width: 600px; \" srcset=\"https:\/\/www.escapadarural.com\/blog\/wp-content\/uploads\/2026\/03\/Queralt-Casa-Rural-Luxury2-200x111.webp 200w, https:\/\/www.escapadarural.com\/blog\/wp-content\/uploads\/2026\/03\/Queralt-Casa-Rural-Luxury2-300x167.webp 300w, https:\/\/www.escapadarural.com\/blog\/wp-content\/uploads\/2026\/03\/Queralt-Casa-Rural-Luxury2-400x223.webp 400w, https:\/\/www.escapadarural.com\/blog\/wp-content\/uploads\/2026\/03\/Queralt-Casa-Rural-Luxury2-600x334.webp 600w, https:\/\/www.escapadarural.com\/blog\/wp-content\/uploads\/2026\/03\/Queralt-Casa-Rural-Luxury2.webp 750w\" sizes=\"auto, (max-width: 750px) 100vw, 750px\"><\/a><\/div><div class=\"ub-block-post-grid-text\" style=\"\"><div class=\"ub-block-post-grid-header-content\"><header class=\"ub-block-post-grid-header\"><h3 class=\"ub-block-post-grid-title\"><a style=\"\" href=\"https:\/\/www.escapadarural.com\/blog\/mansiones-rurales\/\" rel=\"bookmark\">10 mansiones rurales para dejaros con la boca abierta (y descansar como reyes)<\/a><\/h3><\/header><\/div><div class=\"ub-block-post-grid-excerpt\"><div class=\"ub-block-post-grid-excerpt-text\" style=\"\"><p>Te mostramos mansiones majestuosas, palacetes y alojamientos de lujo para dormir como reyes. Naturaleza y lujo para los viajeros m\u00e1s exquisitos<\/p>\n<\/div><p><a class=\"ub-block-post-grid-more-link ub-text-link\" style=\"\" href=\"https:\/\/www.escapadarural.com\/blog\/mansiones-rurales\/\" rel=\"bookmark\">Leer <span class=\"screen-reader-text\">10 mansiones rurales para dejaros con la boca abierta (y descansar como reyes)<\/span><\/a><\/p><\/div><\/div><\/article>\n<article id=\"post-214136\" class=\"ub-post-grid-item post-214136 post type-post status-publish format-standard has-post-thumbnail hentry category-arte-y-cultura category-destinos tag-bardenas-reales tag-belmonte tag-que-ver-en-cuenca tag-familia tag-que-ver-en-huelva tag-que-ver-en-huesca tag-lanzarote tag-listado tag-que-ver-en-malaga tag-que-ver-en-navarra tag-nerja tag-pareja tag-peliculas tag-riotinto tag-que-ver-en-vizcaya\" style=\"\"><div class=\"ub-block-post-grid-image\" style=\"\"><a href=\"https:\/\/www.escapadarural.com\/blog\/lugares-espana-estetica-videojuego-super-mario\/\" rel=\"bookmark\" aria-hidden=\"true\" tabindex=\"-1\"><img loading=\"lazy\" decoding=\"async\" width=\"2048\" height=\"1117\" src=\"https:\/\/www.escapadarural.com\/blog\/wp-content\/uploads\/2026\/02\/Gemini_Generated_Image_9reezr9reezr9ree-scaled.png\" class=\"attachment-full size-full\" alt=\"Imagen creada con IA basada en la imagen real de las Bardenas Reales (Navarra)\" style=\"max-width: 600px; \" srcset=\"https:\/\/www.escapadarural.com\/blog\/wp-content\/uploads\/2026\/02\/Gemini_Generated_Image_9reezr9reezr9ree-200x109.png 200w, https:\/\/www.escapadarural.com\/blog\/wp-content\/uploads\/2026\/02\/Gemini_Generated_Image_9reezr9reezr9ree-300x164.png 300w, https:\/\/www.escapadarural.com\/blog\/wp-content\/uploads\/2026\/02\/Gemini_Generated_Image_9reezr9reezr9ree-400x218.png 400w, https:\/\/www.escapadarural.com\/blog\/wp-content\/uploads\/2026\/02\/Gemini_Generated_Image_9reezr9reezr9ree-600x327.png 600w, https:\/\/www.escapadarural.com\/blog\/wp-content\/uploads\/2026\/02\/Gemini_Generated_Image_9reezr9reezr9ree-768x419.png 768w, https:\/\/www.escapadarural.com\/blog\/wp-content\/uploads\/2026\/02\/Gemini_Generated_Image_9reezr9reezr9ree-800x436.png 800w, https:\/\/www.escapadarural.com\/blog\/wp-content\/uploads\/2026\/02\/Gemini_Generated_Image_9reezr9reezr9ree-1024x559.png 1024w, https:\/\/www.escapadarural.com\/blog\/wp-content\/uploads\/2026\/02\/Gemini_Generated_Image_9reezr9reezr9ree-1200x655.png 1200w, https:\/\/www.escapadarural.com\/blog\/wp-content\/uploads\/2026\/02\/Gemini_Generated_Image_9reezr9reezr9ree-1536x838.png 1536w, https:\/\/www.escapadarural.com\/blog\/wp-content\/uploads\/2026\/02\/Gemini_Generated_Image_9reezr9reezr9ree-scaled.png 2048w\" sizes=\"auto, (max-width: 2048px) 100vw, 2048px\"><\/a><\/div><div class=\"ub-block-post-grid-text\" style=\"\"><div class=\"ub-block-post-grid-header-content\"><header class=\"ub-block-post-grid-header\"><h3 class=\"ub-block-post-grid-title\"><a style=\"\" href=\"https:\/\/www.escapadarural.com\/blog\/lugares-espana-estetica-videojuego-super-mario\/\" rel=\"bookmark\">\u00a1Nuevo nivel desbloqueado! Estos lugares de Espa\u00f1a parecen pantallas de Super Mario \ud83c\udfae<\/a><\/h3><\/header><\/div><div class=\"ub-block-post-grid-excerpt\"><div class=\"ub-block-post-grid-excerpt-text\" style=\"\"><p>Here we go! Desiertos, lava, castillos\u2026 Estos lugares de la Espa\u00f1a rural son como el videojuego de Super Mario.<\/p>\n<\/div><p><a class=\"ub-block-post-grid-more-link ub-text-link\" style=\"\" href=\"https:\/\/www.escapadarural.com\/blog\/lugares-espana-estetica-videojuego-super-mario\/\" rel=\"bookmark\">Leer <span class=\"screen-reader-text\">\u00a1Nuevo nivel desbloqueado! Estos lugares de Espa\u00f1a parecen pantallas de Super Mario \ud83c\udfae<\/span><\/a><\/p><\/div><\/div><\/article>\n<article id=\"post-214729\" class=\"ub-post-grid-item post-214729 post type-post status-publish format-standard has-post-thumbnail hentry category-destinos tag-que-ver-en-avila tag-que-ver-en-barcelona tag-bosques tag-que-ver-en-cantabria tag-que-ver-en-cuenca tag-que-ver-en-girona tag-que-ver-en-guadalajara tag-listado tag-que-ver-en-madrid tag-que-ver-en-navarra tag-primavera tag-que-ver-en-segovia tag-setas tag-turismo-rural\" style=\"\"><div class=\"ub-block-post-grid-image\" style=\"\"><a href=\"https:\/\/www.escapadarural.com\/blog\/setas-de-primavera-espana\/\" rel=\"bookmark\" aria-hidden=\"true\" tabindex=\"-1\"><img loading=\"lazy\" decoding=\"async\" width=\"2048\" height=\"1365\" src=\"https:\/\/www.escapadarural.com\/blog\/wp-content\/uploads\/2026\/03\/00c_SetasPrimavera_pikselstock_AdobeStock_294025679-scaled.jpeg\" class=\"attachment-full size-full\" alt=\"Setas de primavera.\" style=\"max-width: 600px; \" srcset=\"https:\/\/www.escapadarural.com\/blog\/wp-content\/uploads\/2026\/03\/00c_SetasPrimavera_pikselstock_AdobeStock_294025679-200x133.jpeg 200w, https:\/\/www.escapadarural.com\/blog\/wp-content\/uploads\/2026\/03\/00c_SetasPrimavera_pikselstock_AdobeStock_294025679-300x200.jpeg 300w, https:\/\/www.escapadarural.com\/blog\/wp-content\/uploads\/2026\/03\/00c_SetasPrimavera_pikselstock_AdobeStock_294025679-400x267.jpeg 400w, https:\/\/www.escapadarural.com\/blog\/wp-content\/uploads\/2026\/03\/00c_SetasPrimavera_pikselstock_AdobeStock_294025679-600x400.jpeg 600w, https:\/\/www.escapadarural.com\/blog\/wp-content\/uploads\/2026\/03\/00c_SetasPrimavera_pikselstock_AdobeStock_294025679-768x512.jpeg 768w, https:\/\/www.escapadarural.com\/blog\/wp-content\/uploads\/2026\/03\/00c_SetasPrimavera_pikselstock_AdobeStock_294025679-800x533.jpeg 800w, https:\/\/www.escapadarural.com\/blog\/wp-content\/uploads\/2026\/03\/00c_SetasPrimavera_pikselstock_AdobeStock_294025679-1024x683.jpeg 1024w, https:\/\/www.escapadarural.com\/blog\/wp-content\/uploads\/2026\/03\/00c_SetasPrimavera_pikselstock_AdobeStock_294025679-1200x800.jpeg 1200w, https:\/\/www.escapadarural.com\/blog\/wp-content\/uploads\/2026\/03\/00c_SetasPrimavera_pikselstock_AdobeStock_294025679-1536x1024.jpeg 1536w, https:\/\/www.escapadarural.com\/blog\/wp-content\/uploads\/2026\/03\/00c_SetasPrimavera_pikselstock_AdobeStock_294025679-scaled.jpeg 2048w\" sizes=\"auto, (max-width: 2048px) 100vw, 2048px\"><\/a><\/div><div class=\"ub-block-post-grid-text\" style=\"\"><div class=\"ub-block-post-grid-header-content\"><header class=\"ub-block-post-grid-header\"><h3 class=\"ub-block-post-grid-title\"><a style=\"\" href=\"https:\/\/www.escapadarural.com\/blog\/setas-de-primavera-espana\/\" rel=\"bookmark\">Setas de primavera: qu\u00e9 especies buscar y d\u00f3nde encontrarlas \ud83c\udf44\ud83c\udf3f<\/a><\/h3><\/header><\/div><div class=\"ub-block-post-grid-excerpt\"><div class=\"ub-block-post-grid-excerpt-text\" style=\"\"><p>Descubre algunas de las setas de primavera m\u00e1s apreciadas y los paisajes donde suelen crecer: colmenillas, perretxicos, senderuelas y otras especies que invitan a una escapada rural<\/p>\n<\/div><p><a class=\"ub-block-post-grid-more-link ub-text-link\" style=\"\" href=\"https:\/\/www.escapadarural.com\/blog\/setas-de-primavera-espana\/\" rel=\"bookmark\">Leer <span class=\"screen-reader-text\">Setas de primavera: qu\u00e9 especies buscar y d\u00f3nde encontrarlas \ud83c\udf44\ud83c\udf3f<\/span><\/a><\/p><\/div><\/div><\/article>\n<article id=\"post-214622\" class=\"ub-post-grid-item post-214622 post type-post status-publish format-standard has-post-thumbnail hentry category-destinos tag-que-ver-en-alava tag-que-ver-en-badajoz tag-que-ver-en-cordoba tag-que-ver-en-cuenca tag-listado tag-que-ver-en-navarra tag-que-ver-en-ourense tag-pueblos-medievales tag-que-ver-en-segovia tag-que-ver-en-zaragoza\" style=\"\"><div class=\"ub-block-post-grid-image\" style=\"\"><a href=\"https:\/\/www.escapadarural.com\/blog\/maravillas-medievales-de-espana\/\" rel=\"bookmark\" aria-hidden=\"true\" tabindex=\"-1\"><img loading=\"lazy\" decoding=\"async\" width=\"2048\" height=\"1534\" src=\"https:\/\/www.escapadarural.com\/blog\/wp-content\/uploads\/2026\/03\/AdobeStock_635917669-scaled.jpeg\" class=\"attachment-full size-full\" alt=\"Vista a\u00e9rea de un castillo medieval de piedra con torres, rodeado de casas de tejados rojos y verdes colinas al fondo bajo un cielo despejado.\" style=\"max-width: 600px; \" srcset=\"https:\/\/www.escapadarural.com\/blog\/wp-content\/uploads\/2026\/03\/AdobeStock_635917669-200x150.jpeg 200w, https:\/\/www.escapadarural.com\/blog\/wp-content\/uploads\/2026\/03\/AdobeStock_635917669-300x225.jpeg 300w, https:\/\/www.escapadarural.com\/blog\/wp-content\/uploads\/2026\/03\/AdobeStock_635917669-400x300.jpeg 400w, https:\/\/www.escapadarural.com\/blog\/wp-content\/uploads\/2026\/03\/AdobeStock_635917669-600x449.jpeg 600w, https:\/\/www.escapadarural.com\/blog\/wp-content\/uploads\/2026\/03\/AdobeStock_635917669-768x575.jpeg 768w, https:\/\/www.escapadarural.com\/blog\/wp-content\/uploads\/2026\/03\/AdobeStock_635917669-800x599.jpeg 800w, https:\/\/www.escapadarural.com\/blog\/wp-content\/uploads\/2026\/03\/AdobeStock_635917669-1024x767.jpeg 1024w, https:\/\/www.escapadarural.com\/blog\/wp-content\/uploads\/2026\/03\/AdobeStock_635917669-1200x899.jpeg 1200w, https:\/\/www.escapadarural.com\/blog\/wp-content\/uploads\/2026\/03\/AdobeStock_635917669-1536x1150.jpeg 1536w, https:\/\/www.escapadarural.com\/blog\/wp-content\/uploads\/2026\/03\/AdobeStock_635917669-scaled.jpeg 2048w\" sizes=\"auto, (max-width: 2048px) 100vw, 2048px\"><\/a><\/div><div class=\"ub-block-post-grid-text\" style=\"\"><div class=\"ub-block-post-grid-header-content\"><header class=\"ub-block-post-grid-header\"><h3 class=\"ub-block-post-grid-title\"><a style=\"\" href=\"https:\/\/www.escapadarural.com\/blog\/maravillas-medievales-de-espana\/\" rel=\"bookmark\">Las 8 maravillas medievales que no te puedes perder<\/a><\/h3><\/header><\/div><div class=\"ub-block-post-grid-excerpt\"><div class=\"ub-block-post-grid-excerpt-text\" style=\"\"><p>Te propongo 8 destinos con alma medieval repartidos por Espa\u00f1a, perfectos para un fin de semana diferente. \u00bfVienes?<\/p>\n<\/div><p><a class=\"ub-block-post-grid-more-link ub-text-link\" style=\"\" href=\"https:\/\/www.escapadarural.com\/blog\/maravillas-medievales-de-espana\/\" rel=\"bookmark\">Leer <span class=\"screen-reader-text\">Las 8 maravillas medievales que no te puedes perder<\/span><\/a><\/p><\/div><\/div><\/article>\n<\/div><\/section>","protected":false},"excerpt":{"rendered":"<p>La antigua Roma y su imperio reviven su esplendor en una peque\u00f1a localidad de Cuenca: A Valeria Condita, \u00ablos or\u00edgenes de Valeria\u00bb, es la fiesta&#8230;<\/p>\n","protected":false},"author":89,"featured_media":113204,"comment_status":"open","ping_status":"closed","sticky":false,"template":"","format":"standard","meta":{"_acf_changed":false,"om_disable_all_campaigns":false,"footnotes":""},"categories":[231],"tags":[329,625,2117,2118],"class_list":["post-1994","post","type-post","status-publish","format-standard","has-post-thumbnail","hentry","category-arte-y-cultura","tag-que-ver-en-cuenca","tag-folclore-y-tradiciones","tag-roma","tag-valeria"],"acf":[],"featured_image_src":"https:\/\/www.escapadarural.com\/blog\/wp-content\/uploads\/2018\/08\/gladiator.jpg","author_info":{"display_name":"Laura Fern\u00e1ndez","author_link":"https:\/\/www.escapadarural.com\/blog\/autor\/laura\/"},"yoast_head":"<!-- This site is optimized with the Yoast SEO plugin v27.5 - https:\/\/yoast.com\/product\/yoast-seo-wordpress\/ -->\n<title>A Valeria Condita, Jornadas Romanas en Cuenca - EscapadaRural<\/title>\n<meta name=\"robots\" content=\"index, follow, max-snippet:-1, max-image-preview:large, max-video-preview:-1\" \/>\n<link rel=\"canonical\" href=\"https:\/\/www.escapadarural.com\/blog\/a-valeria-condita-los-origenes\/\" \/>\n<meta property=\"og:locale\" content=\"es_ES\" \/>\n<meta property=\"og:type\" content=\"article\" \/>\n<meta property=\"og:title\" content=\"A Valeria Condita, Jornadas Romanas en Cuenca - EscapadaRural\" \/>\n<meta property=\"og:description\" content=\"La antigua Roma y su imperio reviven su esplendor en una peque\u00f1a localidad de Cuenca: A Valeria Condita, &quot;los or\u00edgenes de Valeria&quot;, es la fiesta...\" \/>\n<meta property=\"og:url\" content=\"https:\/\/www.escapadarural.com\/blog\/a-valeria-condita-los-origenes\/\" \/>\n<meta property=\"og:site_name\" content=\"Magazine de viajes de EscapadaRural\" \/>\n<meta property=\"article:publisher\" content=\"https:\/\/www.facebook.com\/escapadarural\" \/>\n<meta property=\"article:published_time\" content=\"2018-08-01T10:00:33+00:00\" \/>\n<meta property=\"article:modified_time\" content=\"2025-05-20T12:11:26+00:00\" \/>\n<meta property=\"og:image\" content=\"https:\/\/www.escapadarural.com\/blog\/wp-content\/uploads\/2018\/08\/gladiator.jpg\" \/>\n\t<meta property=\"og:image:width\" content=\"720\" \/>\n\t<meta property=\"og:image:height\" content=\"548\" \/>\n\t<meta property=\"og:image:type\" content=\"image\/jpeg\" \/>\n<meta name=\"author\" content=\"Laura Fern\u00e1ndez\" \/>\n<meta name=\"twitter:card\" content=\"summary_large_image\" \/>\n<meta name=\"twitter:label1\" content=\"Escrito por\" \/>\n\t<meta name=\"twitter:data1\" content=\"Laura Fern\u00e1ndez\" \/>\n\t<meta name=\"twitter:label2\" content=\"Tiempo de lectura\" \/>\n\t<meta name=\"twitter:data2\" content=\"4 minutos\" \/>\n<script type=\"application\/ld+json\" class=\"yoast-schema-graph\">{\"@context\":\"https:\\\/\\\/schema.org\",\"@graph\":[{\"@type\":\"Article\",\"@id\":\"https:\\\/\\\/www.escapadarural.com\\\/blog\\\/a-valeria-condita-los-origenes\\\/#article\",\"isPartOf\":{\"@id\":\"https:\\\/\\\/www.escapadarural.com\\\/blog\\\/a-valeria-condita-los-origenes\\\/\"},\"author\":{\"name\":\"Laura Fern\u00e1ndez\",\"@id\":\"https:\\\/\\\/www.escapadarural.com\\\/blog\\\/#\\\/schema\\\/person\\\/a9b46ae4d047d8a2c719f31e75206cff\"},\"headline\":\"A Valeria Condita, Jornadas Romanas en Cuenca\",\"datePublished\":\"2018-08-01T10:00:33+00:00\",\"dateModified\":\"2025-05-20T12:11:26+00:00\",\"mainEntityOfPage\":{\"@id\":\"https:\\\/\\\/www.escapadarural.com\\\/blog\\\/a-valeria-condita-los-origenes\\\/\"},\"wordCount\":506,\"commentCount\":2,\"publisher\":{\"@id\":\"https:\\\/\\\/www.escapadarural.com\\\/blog\\\/#organization\"},\"image\":{\"@id\":\"https:\\\/\\\/www.escapadarural.com\\\/blog\\\/a-valeria-condita-los-origenes\\\/#primaryimage\"},\"thumbnailUrl\":\"https:\\\/\\\/www.escapadarural.com\\\/blog\\\/wp-content\\\/uploads\\\/2018\\\/08\\\/gladiator.jpg\",\"keywords\":[\"Cuenca\",\"Folclore y tradiciones\",\"Roma\",\"Valeria\"],\"articleSection\":[\"Arte y Cultura\"],\"inLanguage\":\"es\",\"potentialAction\":[{\"@type\":\"CommentAction\",\"name\":\"Comment\",\"target\":[\"https:\\\/\\\/www.escapadarural.com\\\/blog\\\/a-valeria-condita-los-origenes\\\/#respond\"]}]},{\"@type\":\"WebPage\",\"@id\":\"https:\\\/\\\/www.escapadarural.com\\\/blog\\\/a-valeria-condita-los-origenes\\\/\",\"url\":\"https:\\\/\\\/www.escapadarural.com\\\/blog\\\/a-valeria-condita-los-origenes\\\/\",\"name\":\"A Valeria Condita, Jornadas Romanas en Cuenca - EscapadaRural\",\"isPartOf\":{\"@id\":\"https:\\\/\\\/www.escapadarural.com\\\/blog\\\/#website\"},\"primaryImageOfPage\":{\"@id\":\"https:\\\/\\\/www.escapadarural.com\\\/blog\\\/a-valeria-condita-los-origenes\\\/#primaryimage\"},\"image\":{\"@id\":\"https:\\\/\\\/www.escapadarural.com\\\/blog\\\/a-valeria-condita-los-origenes\\\/#primaryimage\"},\"thumbnailUrl\":\"https:\\\/\\\/www.escapadarural.com\\\/blog\\\/wp-content\\\/uploads\\\/2018\\\/08\\\/gladiator.jpg\",\"datePublished\":\"2018-08-01T10:00:33+00:00\",\"dateModified\":\"2025-05-20T12:11:26+00:00\",\"breadcrumb\":{\"@id\":\"https:\\\/\\\/www.escapadarural.com\\\/blog\\\/a-valeria-condita-los-origenes\\\/#breadcrumb\"},\"inLanguage\":\"es\",\"potentialAction\":[{\"@type\":\"ReadAction\",\"target\":[\"https:\\\/\\\/www.escapadarural.com\\\/blog\\\/a-valeria-condita-los-origenes\\\/\"]}]},{\"@type\":\"ImageObject\",\"inLanguage\":\"es\",\"@id\":\"https:\\\/\\\/www.escapadarural.com\\\/blog\\\/a-valeria-condita-los-origenes\\\/#primaryimage\",\"url\":\"https:\\\/\\\/www.escapadarural.com\\\/blog\\\/wp-content\\\/uploads\\\/2018\\\/08\\\/gladiator.jpg\",\"contentUrl\":\"https:\\\/\\\/www.escapadarural.com\\\/blog\\\/wp-content\\\/uploads\\\/2018\\\/08\\\/gladiator.jpg\",\"width\":720,\"height\":548,\"caption\":\"Valeria Condita\"},{\"@type\":\"BreadcrumbList\",\"@id\":\"https:\\\/\\\/www.escapadarural.com\\\/blog\\\/a-valeria-condita-los-origenes\\\/#breadcrumb\",\"itemListElement\":[{\"@type\":\"ListItem\",\"position\":1,\"name\":\"Inicio\",\"item\":\"https:\\\/\\\/www.escapadarural.com\\\/blog\\\/\"},{\"@type\":\"ListItem\",\"position\":2,\"name\":\"Arte y Cultura\",\"item\":\"https:\\\/\\\/www.escapadarural.com\\\/blog\\\/categoria\\\/arte-y-cultura\\\/\"},{\"@type\":\"ListItem\",\"position\":3,\"name\":\"A Valeria Condita, Jornadas Romanas en Cuenca\"}]},{\"@type\":\"WebSite\",\"@id\":\"https:\\\/\\\/www.escapadarural.com\\\/blog\\\/#website\",\"url\":\"https:\\\/\\\/www.escapadarural.com\\\/blog\\\/\",\"name\":\"Blog de viajes | turismo rural, alojamientos e inspiraci\u00f3n\",\"description\":\"Alojamientos rurales e inspiraci\u00f3n para tus escapadas\",\"publisher\":{\"@id\":\"https:\\\/\\\/www.escapadarural.com\\\/blog\\\/#organization\"},\"alternateName\":\"Magazine de viajes de EscapadaRural\",\"potentialAction\":[{\"@type\":\"SearchAction\",\"target\":{\"@type\":\"EntryPoint\",\"urlTemplate\":\"https:\\\/\\\/www.escapadarural.com\\\/blog\\\/?s={search_term_string}\"},\"query-input\":{\"@type\":\"PropertyValueSpecification\",\"valueRequired\":true,\"valueName\":\"search_term_string\"}}],\"inLanguage\":\"es\"},{\"@type\":\"Organization\",\"@id\":\"https:\\\/\\\/www.escapadarural.com\\\/blog\\\/#organization\",\"name\":\"EscapadaRural\",\"url\":\"https:\\\/\\\/www.escapadarural.com\\\/blog\\\/\",\"logo\":{\"@type\":\"ImageObject\",\"inLanguage\":\"es\",\"@id\":\"https:\\\/\\\/www.escapadarural.com\\\/blog\\\/#\\\/schema\\\/logo\\\/image\\\/\",\"url\":\"https:\\\/\\\/www.escapadarural.com\\\/blog\\\/wp-content\\\/uploads\\\/2024\\\/10\\\/cropped-cropped-escapada-rural-icon-mag-3.png\",\"contentUrl\":\"https:\\\/\\\/www.escapadarural.com\\\/blog\\\/wp-content\\\/uploads\\\/2024\\\/10\\\/cropped-cropped-escapada-rural-icon-mag-3.png\",\"width\":512,\"height\":512,\"caption\":\"EscapadaRural\"},\"image\":{\"@id\":\"https:\\\/\\\/www.escapadarural.com\\\/blog\\\/#\\\/schema\\\/logo\\\/image\\\/\"},\"sameAs\":[\"https:\\\/\\\/www.facebook.com\\\/escapadarural\",\"https:\\\/\\\/www.instagram.com\\\/escapadarural\\\/\",\"https:\\\/\\\/www.youtube.com\\\/@escapadaruralcom\"]},{\"@type\":\"Person\",\"@id\":\"https:\\\/\\\/www.escapadarural.com\\\/blog\\\/#\\\/schema\\\/person\\\/a9b46ae4d047d8a2c719f31e75206cff\",\"name\":\"Laura Fern\u00e1ndez\",\"image\":{\"@type\":\"ImageObject\",\"inLanguage\":\"es\",\"@id\":\"https:\\\/\\\/www.escapadarural.com\\\/blog\\\/wp-content\\\/uploads\\\/2025\\\/01\\\/cropped-laura_raponchii-96x96.jpg\",\"url\":\"https:\\\/\\\/www.escapadarural.com\\\/blog\\\/wp-content\\\/uploads\\\/2025\\\/01\\\/cropped-laura_raponchii-96x96.jpg\",\"contentUrl\":\"https:\\\/\\\/www.escapadarural.com\\\/blog\\\/wp-content\\\/uploads\\\/2025\\\/01\\\/cropped-laura_raponchii-96x96.jpg\",\"caption\":\"Laura Fern\u00e1ndez\"},\"description\":\"Periodista, blogger y viajera. No necesariamente en ese orden. En ocasiones me despierto sin saber d\u00f3nde estoy. Adicta a los c\u00f3mics y a los noodles con salsa de cacahuete. Redactora en @escapadarural, colaboradora en la Conde Nast Traveler y en la Divinity. Mi casa: Meridiano180.\",\"sameAs\":[\"http:\\\/\\\/www.meridiano180.com\\\/\"],\"url\":\"https:\\\/\\\/www.escapadarural.com\\\/blog\\\/autor\\\/laura\\\/\"}]}<\/script>\n<!-- \/ Yoast SEO plugin. -->","yoast_head_json":{"title":"A Valeria Condita, Jornadas Romanas en Cuenca - EscapadaRural","robots":{"index":"index","follow":"follow","max-snippet":"max-snippet:-1","max-image-preview":"max-image-preview:large","max-video-preview":"max-video-preview:-1"},"canonical":"https:\/\/www.escapadarural.com\/blog\/a-valeria-condita-los-origenes\/","og_locale":"es_ES","og_type":"article","og_title":"A Valeria Condita, Jornadas Romanas en Cuenca - EscapadaRural","og_description":"La antigua Roma y su imperio reviven su esplendor en una peque\u00f1a localidad de Cuenca: A Valeria Condita, \"los or\u00edgenes de Valeria\", es la fiesta...","og_url":"https:\/\/www.escapadarural.com\/blog\/a-valeria-condita-los-origenes\/","og_site_name":"Magazine de viajes de EscapadaRural","article_publisher":"https:\/\/www.facebook.com\/escapadarural","article_published_time":"2018-08-01T10:00:33+00:00","article_modified_time":"2025-05-20T12:11:26+00:00","og_image":[{"width":720,"height":548,"url":"https:\/\/www.escapadarural.com\/blog\/wp-content\/uploads\/2018\/08\/gladiator.jpg","type":"image\/jpeg"}],"author":"Laura Fern\u00e1ndez","twitter_card":"summary_large_image","twitter_misc":{"Escrito por":"Laura Fern\u00e1ndez","Tiempo de lectura":"4 minutos"},"schema":{"@context":"https:\/\/schema.org","@graph":[{"@type":"Article","@id":"https:\/\/www.escapadarural.com\/blog\/a-valeria-condita-los-origenes\/#article","isPartOf":{"@id":"https:\/\/www.escapadarural.com\/blog\/a-valeria-condita-los-origenes\/"},"author":{"name":"Laura Fern\u00e1ndez","@id":"https:\/\/www.escapadarural.com\/blog\/#\/schema\/person\/a9b46ae4d047d8a2c719f31e75206cff"},"headline":"A Valeria Condita, Jornadas Romanas en Cuenca","datePublished":"2018-08-01T10:00:33+00:00","dateModified":"2025-05-20T12:11:26+00:00","mainEntityOfPage":{"@id":"https:\/\/www.escapadarural.com\/blog\/a-valeria-condita-los-origenes\/"},"wordCount":506,"commentCount":2,"publisher":{"@id":"https:\/\/www.escapadarural.com\/blog\/#organization"},"image":{"@id":"https:\/\/www.escapadarural.com\/blog\/a-valeria-condita-los-origenes\/#primaryimage"},"thumbnailUrl":"https:\/\/www.escapadarural.com\/blog\/wp-content\/uploads\/2018\/08\/gladiator.jpg","keywords":["Cuenca","Folclore y tradiciones","Roma","Valeria"],"articleSection":["Arte y Cultura"],"inLanguage":"es","potentialAction":[{"@type":"CommentAction","name":"Comment","target":["https:\/\/www.escapadarural.com\/blog\/a-valeria-condita-los-origenes\/#respond"]}]},{"@type":"WebPage","@id":"https:\/\/www.escapadarural.com\/blog\/a-valeria-condita-los-origenes\/","url":"https:\/\/www.escapadarural.com\/blog\/a-valeria-condita-los-origenes\/","name":"A Valeria Condita, Jornadas Romanas en Cuenca - EscapadaRural","isPartOf":{"@id":"https:\/\/www.escapadarural.com\/blog\/#website"},"primaryImageOfPage":{"@id":"https:\/\/www.escapadarural.com\/blog\/a-valeria-condita-los-origenes\/#primaryimage"},"image":{"@id":"https:\/\/www.escapadarural.com\/blog\/a-valeria-condita-los-origenes\/#primaryimage"},"thumbnailUrl":"https:\/\/www.escapadarural.com\/blog\/wp-content\/uploads\/2018\/08\/gladiator.jpg","datePublished":"2018-08-01T10:00:33+00:00","dateModified":"2025-05-20T12:11:26+00:00","breadcrumb":{"@id":"https:\/\/www.escapadarural.com\/blog\/a-valeria-condita-los-origenes\/#breadcrumb"},"inLanguage":"es","potentialAction":[{"@type":"ReadAction","target":["https:\/\/www.escapadarural.com\/blog\/a-valeria-condita-los-origenes\/"]}]},{"@type":"ImageObject","inLanguage":"es","@id":"https:\/\/www.escapadarural.com\/blog\/a-valeria-condita-los-origenes\/#primaryimage","url":"https:\/\/www.escapadarural.com\/blog\/wp-content\/uploads\/2018\/08\/gladiator.jpg","contentUrl":"https:\/\/www.escapadarural.com\/blog\/wp-content\/uploads\/2018\/08\/gladiator.jpg","width":720,"height":548,"caption":"Valeria Condita"},{"@type":"BreadcrumbList","@id":"https:\/\/www.escapadarural.com\/blog\/a-valeria-condita-los-origenes\/#breadcrumb","itemListElement":[{"@type":"ListItem","position":1,"name":"Inicio","item":"https:\/\/www.escapadarural.com\/blog\/"},{"@type":"ListItem","position":2,"name":"Arte y Cultura","item":"https:\/\/www.escapadarural.com\/blog\/categoria\/arte-y-cultura\/"},{"@type":"ListItem","position":3,"name":"A Valeria Condita, Jornadas Romanas en Cuenca"}]},{"@type":"WebSite","@id":"https:\/\/www.escapadarural.com\/blog\/#website","url":"https:\/\/www.escapadarural.com\/blog\/","name":"Blog de viajes | turismo rural, alojamientos e inspiraci\u00f3n","description":"Alojamientos rurales e inspiraci\u00f3n para tus escapadas","publisher":{"@id":"https:\/\/www.escapadarural.com\/blog\/#organization"},"alternateName":"Magazine de viajes de EscapadaRural","potentialAction":[{"@type":"SearchAction","target":{"@type":"EntryPoint","urlTemplate":"https:\/\/www.escapadarural.com\/blog\/?s={search_term_string}"},"query-input":{"@type":"PropertyValueSpecification","valueRequired":true,"valueName":"search_term_string"}}],"inLanguage":"es"},{"@type":"Organization","@id":"https:\/\/www.escapadarural.com\/blog\/#organization","name":"EscapadaRural","url":"https:\/\/www.escapadarural.com\/blog\/","logo":{"@type":"ImageObject","inLanguage":"es","@id":"https:\/\/www.escapadarural.com\/blog\/#\/schema\/logo\/image\/","url":"https:\/\/www.escapadarural.com\/blog\/wp-content\/uploads\/2024\/10\/cropped-cropped-escapada-rural-icon-mag-3.png","contentUrl":"https:\/\/www.escapadarural.com\/blog\/wp-content\/uploads\/2024\/10\/cropped-cropped-escapada-rural-icon-mag-3.png","width":512,"height":512,"caption":"EscapadaRural"},"image":{"@id":"https:\/\/www.escapadarural.com\/blog\/#\/schema\/logo\/image\/"},"sameAs":["https:\/\/www.facebook.com\/escapadarural","https:\/\/www.instagram.com\/escapadarural\/","https:\/\/www.youtube.com\/@escapadaruralcom"]},{"@type":"Person","@id":"https:\/\/www.escapadarural.com\/blog\/#\/schema\/person\/a9b46ae4d047d8a2c719f31e75206cff","name":"Laura Fern\u00e1ndez","image":{"@type":"ImageObject","inLanguage":"es","@id":"https:\/\/www.escapadarural.com\/blog\/wp-content\/uploads\/2025\/01\/cropped-laura_raponchii-96x96.jpg","url":"https:\/\/www.escapadarural.com\/blog\/wp-content\/uploads\/2025\/01\/cropped-laura_raponchii-96x96.jpg","contentUrl":"https:\/\/www.escapadarural.com\/blog\/wp-content\/uploads\/2025\/01\/cropped-laura_raponchii-96x96.jpg","caption":"Laura Fern\u00e1ndez"},"description":"Periodista, blogger y viajera. No necesariamente en ese orden. En ocasiones me despierto sin saber d\u00f3nde estoy. Adicta a los c\u00f3mics y a los noodles con salsa de cacahuete. Redactora en @escapadarural, colaboradora en la Conde Nast Traveler y en la Divinity. Mi casa: Meridiano180.","sameAs":["http:\/\/www.meridiano180.com\/"],"url":"https:\/\/www.escapadarural.com\/blog\/autor\/laura\/"}]}},"_links":{"self":[{"href":"https:\/\/www.escapadarural.com\/blog\/wp-json\/wp\/v2\/posts\/1994","targetHints":{"allow":["GET"]}}],"collection":[{"href":"https:\/\/www.escapadarural.com\/blog\/wp-json\/wp\/v2\/posts"}],"about":[{"href":"https:\/\/www.escapadarural.com\/blog\/wp-json\/wp\/v2\/types\/post"}],"author":[{"embeddable":true,"href":"https:\/\/www.escapadarural.com\/blog\/wp-json\/wp\/v2\/users\/89"}],"replies":[{"embeddable":true,"href":"https:\/\/www.escapadarural.com\/blog\/wp-json\/wp\/v2\/comments?post=1994"}],"version-history":[{"count":0,"href":"https:\/\/www.escapadarural.com\/blog\/wp-json\/wp\/v2\/posts\/1994\/revisions"}],"wp:featuredmedia":[{"embeddable":true,"href":"https:\/\/www.escapadarural.com\/blog\/wp-json\/wp\/v2\/media\/113204"}],"wp:attachment":[{"href":"https:\/\/www.escapadarural.com\/blog\/wp-json\/wp\/v2\/media?parent=1994"}],"wp:term":[{"taxonomy":"category","embeddable":true,"href":"https:\/\/www.escapadarural.com\/blog\/wp-json\/wp\/v2\/categories?post=1994"},{"taxonomy":"post_tag","embeddable":true,"href":"https:\/\/www.escapadarural.com\/blog\/wp-json\/wp\/v2\/tags?post=1994"}],"curies":[{"name":"wp","href":"https:\/\/api.w.org\/{rel}","templated":true}]}}