{"id":199609,"date":"2025-04-24T08:39:33","date_gmt":"2025-04-24T06:39:33","guid":{"rendered":"https:\/\/www.escapadarural.com\/blog\/?p=199609"},"modified":"2026-02-05T13:53:23","modified_gmt":"2026-02-05T12:53:23","slug":"vias-verdes-para-pedalear","status":"publish","type":"post","link":"https:\/\/www.escapadarural.com\/blog\/vias-verdes-para-pedalear\/","title":{"rendered":"4 v\u00edas verdes para pedalear esta primavera"},"content":{"rendered":"\n<p>Hay lugares que parecen pensados para recorrerlos en <strong>bici<\/strong>. Tranquilos, rodeados de naturaleza, con caminos suaves que se cuelan entre monta\u00f1as, r\u00edos, bosques o campos abiertos. Lugares donde el tiempo pasa m\u00e1s lento y pedalear se convierte en una forma de descubrir, no de llegar. Por ello, te proponemos 4 destinos rurales que tienen algo en com\u00fan: una <strong>v\u00eda verde<\/strong> que invita a subirte a una bicicleta y dejar que el paisaje haga el resto.<\/p>\n\n\n\n<p>Las v\u00edas verdes son antiguos trazados de ferrocarril convertidos en sendas para caminantes y ciclistas. Tramos c\u00f3modos, sin apenas desnivel, y sobre todo rodeados de un entorno que te hace olvidarte del reloj. Desde los Valles del Oso en <strong>Asturias <\/strong>hasta los volcanes dormidos de <strong>La Garrotxa<\/strong>, pasando por los t\u00faneles infinitos del valle guipuzcoano de <strong>Leitzaran <\/strong>o conociendo los senderos del interior de <strong>Alicante<\/strong>, cada ruta tiene su propio ritmo, su propia historia y mucho por disfrutar. Adem\u00e1s, para alargar la experiencia, en todas ellas encontrar\u00e1s casas rurales cercanas desde las que puedes comenzar tu itinerario directamente.<\/p>\n\n\n\n<div class=\"wp-block-buttons is-layout-flex wp-block-buttons-is-layout-flex\">\n<div class=\"wp-block-button\"><a class=\"wp-block-button__link wp-element-button\" href=\"\/casas-rurales\">Encuentra tu alojamiento<\/a><\/div>\n<\/div>\n\n\n\n<h2 class=\"wp-block-heading\" id=\"h-proaza-y-la-senda-del-oso-asturias\"><strong>Proaza y la Senda del Oso (<a href=\"\/casas-rurales\/asturias\">Asturias<\/a>)<\/strong><\/h2>\n\n\n\n<figure class=\"wp-block-image size-full\"><img loading=\"lazy\" decoding=\"async\" width=\"1024\" height=\"683\" src=\"https:\/\/www.escapadarural.com\/blog\/wp-content\/uploads\/2024\/10\/Senda-del-Oso.webp\" alt=\"Senda del Oso, Asturias\" class=\"wp-image-79454\" srcset=\"https:\/\/www.escapadarural.com\/blog\/wp-content\/uploads\/2024\/10\/Senda-del-Oso-200x133.webp 200w, https:\/\/www.escapadarural.com\/blog\/wp-content\/uploads\/2024\/10\/Senda-del-Oso-300x200.webp 300w, https:\/\/www.escapadarural.com\/blog\/wp-content\/uploads\/2024\/10\/Senda-del-Oso-400x267.webp 400w, https:\/\/www.escapadarural.com\/blog\/wp-content\/uploads\/2024\/10\/Senda-del-Oso-600x400.webp 600w, https:\/\/www.escapadarural.com\/blog\/wp-content\/uploads\/2024\/10\/Senda-del-Oso-768x512.webp 768w, https:\/\/www.escapadarural.com\/blog\/wp-content\/uploads\/2024\/10\/Senda-del-Oso-800x534.webp 800w, https:\/\/www.escapadarural.com\/blog\/wp-content\/uploads\/2024\/10\/Senda-del-Oso.webp 1024w\" sizes=\"auto, (max-width: 1024px) 100vw, 1024px\" \/><figcaption class=\"wp-element-caption\">Senda del Oso, Asturias. Por Rubende Antonio<\/figcaption><\/figure>\n\n\n\n<p>En el coraz\u00f3n verde de Asturias, la <strong>Senda del Oso<\/strong> se presenta como uno de los grandes tesoros del turismo rural en Espa\u00f1a. Esta v\u00eda verde, una de las m\u00e1s emblem\u00e1ticas del pa\u00eds, nace en el peque\u00f1o y pintoresco pueblo de Entrago, en el concejo de Teverga, y recorre el antiguo trazado por donde, entre 1900 y 1963, circulaban trenes cargados de hierro y carb\u00f3n. Hoy, esas locomotoras y vagones, han sido sustituidos por bicicletas, senderistas y familias que buscan naturaleza, tranquilidad y una buena dosis de aventura.<\/p>\n\n\n\n<p>El recorrido principal se extiende a lo largo de <strong>22 km<\/strong>, aunque puede ampliarse gracias a sus ramificaciones en forma de \u201cY\u201d. Es una ruta accesible, asfaltada y bien se\u00f1alizada, perfecta para recorrerla sin prisa. A lo largo del camino se atraviesan t\u00faneles excavados en la roca, se cruzan antiguos puentes ferroviarios y se descubren vertiginosos desfiladeros, todo ello enmarcado por una vegetaci\u00f3n exuberante y calizas de m\u00e1s de 3000 millones de a\u00f1os. Adem\u00e1s, la zona tiene mucho m\u00e1s para ofrecer. Podr\u00e1s visitar el embalse de Valdemurio, la Pe\u00f1a Sobia o espacios naturales como el Parque de la Prehistoria o la Casa del Oso.<\/p>\n\n\n\n<h4 class=\"wp-block-heading\" id=\"h-donde-dormir\">D\u00f3nde dormir<\/h4>\n\n\n\n<p>Para disfrutar de este enclave con calma, nada mejor que alojarse en la casa rural <a href=\"\/casa-rural\/asturias\/ca--presentina\">Ca\u00b4Presentina<\/a>, en el municipio de Proaza. Recientemente restaurada, este acogedor alojamiento brinda todo lo necesario para peregrinar los Valles del Oso y sumergirte en una Asturias tan aut\u00e9ntica como inolvidable.<\/p>\n\n\n\n<div class=\"wp-block-buttons is-layout-flex wp-block-buttons-is-layout-flex\">\n<div class=\"wp-block-button\"><a class=\"wp-block-button__link wp-element-button\" href=\"\/casa-rural\/asturias\/ca--presentina\">Reservar<\/a><\/div>\n<\/div>\n\n\n\n<h2 class=\"wp-block-heading\" id=\"h-olot-y-la-via-verde-del-carrilet-girona\"><strong>Olot y la V\u00eda Verde del Carrilet (<a href=\"\/casas-rurales\/girona\">Girona<\/a>)<\/strong><\/h2>\n\n\n\n<figure class=\"wp-block-image size-full\"><img loading=\"lazy\" decoding=\"async\" width=\"1024\" height=\"682\" src=\"https:\/\/www.escapadarural.com\/blog\/wp-content\/uploads\/2025\/04\/AdobeStock_290737557.webp\" alt=\"V\u00eda Verde del Carrilet, Girona\" class=\"wp-image-199611\" srcset=\"https:\/\/www.escapadarural.com\/blog\/wp-content\/uploads\/2025\/04\/AdobeStock_290737557-200x133.webp 200w, https:\/\/www.escapadarural.com\/blog\/wp-content\/uploads\/2025\/04\/AdobeStock_290737557-300x200.webp 300w, https:\/\/www.escapadarural.com\/blog\/wp-content\/uploads\/2025\/04\/AdobeStock_290737557-400x266.webp 400w, https:\/\/www.escapadarural.com\/blog\/wp-content\/uploads\/2025\/04\/AdobeStock_290737557-600x400.webp 600w, https:\/\/www.escapadarural.com\/blog\/wp-content\/uploads\/2025\/04\/AdobeStock_290737557-768x512.webp 768w, https:\/\/www.escapadarural.com\/blog\/wp-content\/uploads\/2025\/04\/AdobeStock_290737557-800x533.webp 800w, https:\/\/www.escapadarural.com\/blog\/wp-content\/uploads\/2025\/04\/AdobeStock_290737557.webp 1024w\" sizes=\"auto, (max-width: 1024px) 100vw, 1024px\" \/><figcaption class=\"wp-element-caption\">V\u00eda Verde del Carrilet, Girona. Por vicenfoto<\/figcaption><\/figure>\n\n\n\n<p>Nos escapamos al noreste de la pen\u00ednsula, concretamente hasta la provincia de Girona, para poner el foco en otra de las rutas m\u00e1s emblem\u00e1ticas para los amantes del senderismo y el cicloturismo, <a href=\"https:\/\/www.escapadarural.com\/blog\/la-ruta-del-carrilet-i\/\">la <strong>v\u00eda verde del Carrilet<\/strong><\/a>.<\/p>\n\n\n\n<p>Este itinerario, que se divide en dos tramos y suma casi 100 kil\u00f3metros, <strong>une Olot con Sant Feliu de Gu\u00edxols<\/strong> siguiendo el antiguo trazado del ferrocarril que estuvo en funcionamiento entre 1892 y 1969, y que hoy atraviesa paisajes volc\u00e1nicos, bosques mediterr\u00e1neos y pueblos con encanto. Eso s\u00ed, que los kil\u00f3metros no te asusten, podr\u00e1s realizar este recorrido en diferentes etapas y disfrutarlas sin necesidad de terminar con las piernas como flanes.<\/p>\n\n\n\n<p>De hecho, este sendero se subdivide en dos. El primer trecho, conocido como Carrilet I, conecta Olot y Girona a lo largo de 55,5 km. Comienza en pleno Parque Natural de la <strong>Zona Volc\u00e1nica de la Garrotxa<\/strong> y serpentea por valles fluviales como los del Fluvi\u00e0, el Brugent y el Ter, atravesando bonitas localidades como Les Preses, Sant Feliu de Pallerols o Angl\u00e8s.<\/p>\n\n\n\n<p>Y, por otro lado, el segundo es el que parte desde Girona y llega hasta la costa, siendo 41,9 km los que pedalear. Esta senda cruza las comarcas gerundenses del <strong>Giron\u00e8s y el Baix Empord\u00e0<\/strong>, visitando poblaciones como Quart, Cass\u00e0 de la Selva, Llagostera o Santa Cristina d\u00b4Aro. El camino, amable y bien se\u00f1alizado, finaliza en el municipio costera de Sant Feliu de Gu\u00edxols, frente al Mediterr\u00e1neo, donde el mar pone el broche final a esta aventura sobre ruedas.&nbsp;<\/p>\n\n\n\n<h4 class=\"wp-block-heading\" id=\"h-donde-dormir-0\">D\u00f3nde dormir<\/h4>\n\n\n\n<p>La v\u00eda verde del Carrilet est\u00e1 acondicionada con \u00e1reas de descanso, fuentes y se\u00f1alizaci\u00f3n interpretativa. Por ello, ya sea a pie o en bicicleta, esta v\u00eda ofrece una oportunidad \u00fanica de conocer una provincia aut\u00e9ntica, tranquila y natural, uniendo el Pirineo con el mar. \u00bfLo mejor? Hospedarse en el <strong><a href=\"\/casa-rural\/girona\/apartamento-del-campaner\">Apartamento del Campaner<\/a><\/strong>, en Olot. Este alojamiento con capacidad para cuatro personas dispone de todas las comodidades b\u00e1sicas para que tu escapada sea \u00fanica.<\/p>\n\n\n\n<div class=\"wp-block-buttons is-layout-flex wp-block-buttons-is-layout-flex\">\n<div class=\"wp-block-button\"><a class=\"wp-block-button__link wp-element-button\" href=\"\/casa-rural\/girona\/apartamento-del-campaner\">Reservar<\/a><\/div>\n<\/div>\n\n\n\n<h2 class=\"wp-block-heading\" id=\"h-andoain-y-la-via-verde-del-plazaola-guipuzcoa\"><strong>Andoain y la V\u00eda Verde del Plazaola (<a href=\"\/casas-rurales\/guipuzcoa\">Guip\u00fazcoa<\/a>)<\/strong><\/h2>\n\n\n\n<figure class=\"wp-block-image size-full\"><img loading=\"lazy\" decoding=\"async\" width=\"1024\" height=\"680\" src=\"https:\/\/www.escapadarural.com\/blog\/wp-content\/uploads\/2025\/04\/AdobeStock_453447654.webp\" alt=\"V\u00eda verde del Plazaola en bici, Guip\u00fazcoa\" class=\"wp-image-199612\" srcset=\"https:\/\/www.escapadarural.com\/blog\/wp-content\/uploads\/2025\/04\/AdobeStock_453447654-200x133.webp 200w, https:\/\/www.escapadarural.com\/blog\/wp-content\/uploads\/2025\/04\/AdobeStock_453447654-300x199.webp 300w, https:\/\/www.escapadarural.com\/blog\/wp-content\/uploads\/2025\/04\/AdobeStock_453447654-400x266.webp 400w, https:\/\/www.escapadarural.com\/blog\/wp-content\/uploads\/2025\/04\/AdobeStock_453447654-600x398.webp 600w, https:\/\/www.escapadarural.com\/blog\/wp-content\/uploads\/2025\/04\/AdobeStock_453447654-768x510.webp 768w, https:\/\/www.escapadarural.com\/blog\/wp-content\/uploads\/2025\/04\/AdobeStock_453447654-800x531.webp 800w, https:\/\/www.escapadarural.com\/blog\/wp-content\/uploads\/2025\/04\/AdobeStock_453447654.webp 1024w\" sizes=\"auto, (max-width: 1024px) 100vw, 1024px\" \/><figcaption class=\"wp-element-caption\">V\u00eda verde del Plazaola, Guip\u00fazcoa. Por JoseAntonio<\/figcaption><\/figure>\n\n\n\n<p>Entre bosques atl\u00e1nticos, caser\u00edos dispersos y valles silenciosos, la <strong>v\u00eda verde del Plazaola<\/strong> te invitar\u00e1 a redescubrir el legado de un tren que un\u00eda San Sebasti\u00e1n con Pamplona a trav\u00e9s de las monta\u00f1as de Guip\u00fazcoa y Navarra. Actualmente, sobre ese antiguo trazado ferroviario clausurado en 1953, se extiende una de las rutas m\u00e1s sorprendentes del norte de Espa\u00f1a, perfecta para quienes buscan naturaleza, historia y tranquilidad.<\/p>\n\n\n\n<p>La v\u00eda abarca aproximadamente 84 kil\u00f3metros, de los cuales 78 est\u00e1n acondicionados para su uso p\u00fablico. Quiz\u00e1, el tramo m\u00e1s singular es el conocido como <strong>Plazaola-Leitzaran<\/strong>, que conecta la localidad guipuzcoana de Andoain con el municipio navarro de Leitza.<\/p>\n\n\n\n<p>\u00c9ste atraviesa el <strong>valle de Leitzaran<\/strong>, ofreciendo vistas espectaculares y pasando por una extensa red de t\u00faneles, algunos de hasta 2,7 km de largo, que te har\u00e1n viajar a su pasado industrial. Se trata de un trayecto \u00fanico para senderistas y amantes de las bicis, con suaves pendientes, firme de gravilla compactada y \u00e1reas de descanso y centros de interpretaci\u00f3n para conocer de cerca su impresionante entorno.<\/p>\n\n\n\n<h4 class=\"wp-block-heading\" id=\"h-donde-dormir-1\">D\u00f3nde dormir<\/h4>\n\n\n\n<p>Adem\u00e1s, el itinerario tambi\u00e9n te permitir\u00e1 visitar el patrimonio industrial y cultural de la zona, incluyendo ferrer\u00edas, molinos y minas que datan de la \u00e9poca del ferrocarril. As\u00ed como la posibilidad de degustar la gastronom\u00eda local. Y para vivir en primera persona esta experiencia al completo, lo suyo es alojarse en <strong><a href=\"\/casa-rural\/guipuzcoa\/oroimena-landetxea\">Oroimena Landetxea<\/a><\/strong>. Una casa rural a escasos metros del inicio de este singular sendero que cuenta con amplios espacios comunes, una piscina privada y tiene capacidad para 10 personas.<\/p>\n\n\n\n<div class=\"wp-block-buttons is-layout-flex wp-block-buttons-is-layout-flex\">\n<div class=\"wp-block-button\"><a class=\"wp-block-button__link wp-element-button\" href=\"\/casa-rural\/guipuzcoa\/oroimena-landetxea\">Reservar<\/a><\/div>\n<\/div>\n\n\n\n<h2 class=\"wp-block-heading\" id=\"h-agost-y-la-via-verde-del-maigmo-alicante\"><strong>Agost y la v\u00eda verde del Maigm\u00f3 (<a href=\"\/casas-rurales\/alicante\">Alicante<\/a>)<\/strong><\/h2>\n\n\n\n<figure class=\"wp-block-image size-full\"><img loading=\"lazy\" decoding=\"async\" width=\"1024\" height=\"768\" src=\"https:\/\/www.escapadarural.com\/blog\/wp-content\/uploads\/2025\/04\/AdobeStock_701236351.webp\" alt=\"V\u00eda verde del Maigm\u00f3, Alicante\" class=\"wp-image-199613\" srcset=\"https:\/\/www.escapadarural.com\/blog\/wp-content\/uploads\/2025\/04\/AdobeStock_701236351-200x150.webp 200w, https:\/\/www.escapadarural.com\/blog\/wp-content\/uploads\/2025\/04\/AdobeStock_701236351-300x225.webp 300w, https:\/\/www.escapadarural.com\/blog\/wp-content\/uploads\/2025\/04\/AdobeStock_701236351-400x300.webp 400w, https:\/\/www.escapadarural.com\/blog\/wp-content\/uploads\/2025\/04\/AdobeStock_701236351-600x450.webp 600w, https:\/\/www.escapadarural.com\/blog\/wp-content\/uploads\/2025\/04\/AdobeStock_701236351-768x576.webp 768w, https:\/\/www.escapadarural.com\/blog\/wp-content\/uploads\/2025\/04\/AdobeStock_701236351-800x600.webp 800w, https:\/\/www.escapadarural.com\/blog\/wp-content\/uploads\/2025\/04\/AdobeStock_701236351.webp 1024w\" sizes=\"auto, (max-width: 1024px) 100vw, 1024px\" \/><figcaption class=\"wp-element-caption\">V\u00eda verde del Maigm\u00f3, Alicante. Por Amaiquez<\/figcaption><\/figure>\n\n\n\n<p>Por \u00faltimo, nos escapamos hasta el interior de la provincia de Alicante para recorrer, entre monta\u00f1as, barrancos y plantaciones tradicionales, la v\u00eda verde del Maigm\u00f3. Este itinerario, que consta de 22 kil\u00f3metros entre la localidad de<strong> Agost y el Puerto del Maigm\u00f3<\/strong>, sigue el trazado de un ferrocarril que nunca lleg\u00f3 a operar, pero cuya construcci\u00f3n entre 1929 y 1932 dej\u00f3 un legado paisaj\u00edstico y arquitect\u00f3nico asombroso.&nbsp;<\/p>\n\n\n\n<p>El recorrido parte desde Agost, un municipio conocido por su tradici\u00f3n alfarera, y asciende suavemente hacia el Puerto del Maigm\u00f3, atravesando campos de cultivo de secano, vi\u00f1edos y almendros. A medida que avanza el paraje se va transformando, adentr\u00e1ndose en una zona monta\u00f1osa entre la <strong>Sierra del Vent\u00f3s y la del Maigm\u00f3<\/strong>, ofreciendo vistas panor\u00e1micas y un entorno de gran belleza natural.&nbsp;<\/p>\n\n\n\n<p>A lo largo del trayecto, atravesar\u00e1s seis <strong>t\u00faneles <\/strong>(algunos de ellos sin iluminaci\u00f3n, por lo que conviene llevar linterna) y pasar por dos viaductos y pasarelas que salvan barrancos de gran profundidad. Por lo que la aventura est\u00e1 asegurada. Aunque presenta ciertos desniveles, la v\u00eda est\u00e1 bien acondicionada, con firme de tierra compactada y se\u00f1alizaci\u00f3n, siendo adecuada tanto para ciclistas como para senderistas.<\/p>\n\n\n\n<p>Algunos tramos tambi\u00e9n son<strong> accesibles para personas con movilidad reducida<\/strong>. Dir\u00edamos que m\u00e1s all\u00e1 de su valor natural y ciclotur\u00edstico, el sendero del Maigm\u00f3 es un homenaje al paisaje alicantino del interior, a su memoria ferroviaria y a la belleza de lo inacabado. Una ruta que no conduce a ninguna estaci\u00f3n, pero s\u00ed a la desconexi\u00f3n y al disfrute pausado del territorio.<\/p>\n\n\n\n<h4 class=\"wp-block-heading\" id=\"h-donde-dormir-2\">D\u00f3nde dormir<\/h4>\n\n\n\n<p>Por ello, para vivir la experiencia al completo lo suyo es hospedarse en la <strong><a href=\"\/casa-rural\/alicante\/casa-rural-el-molino-del-gallo\">Casa Rural El Molino del Gallo<\/a><\/strong>. Un antiguo molino harinero del siglo XVI integrado en una finca monta\u00f1osa cruzada por el r\u00edo Monnegre, en el pueblo de Jijona. Tiene capacidad hasta 12 personas y dispone de numerosos espacios comunes y de descanso. \u00bfTe vienes a conocer el interior de Alicante?<\/p>\n\n\n\n<div class=\"wp-block-buttons is-layout-flex wp-block-buttons-is-layout-flex\">\n<div class=\"wp-block-button\"><a class=\"wp-block-button__link wp-element-button\" href=\"\/casa-rural\/alicante\/casa-rural-el-molino-del-gallo\">Reservar<\/a><\/div>\n<\/div>\n\n\n\n<p><\/p>\n","protected":false},"excerpt":{"rendered":"<p>Esta primavera disfruta de una experiencia muy divertida por una de estas 4 v\u00edas verdes, ideales para amantes del cicloturismo<\/p>\n","protected":false},"author":98,"featured_media":199612,"comment_status":"open","ping_status":"open","sticky":false,"template":"","format":"standard","meta":{"_acf_changed":false,"om_disable_all_campaigns":false,"footnotes":""},"categories":[1379],"tags":[1226,215,257,653],"class_list":["post-199609","post","type-post","status-publish","format-standard","has-post-thumbnail","hentry","category-rutas-y-excursiones","tag-ciclismo","tag-listado","tag-primavera","tag-via-verde"],"acf":[],"featured_image_src":"https:\/\/www.escapadarural.com\/blog\/wp-content\/uploads\/2025\/04\/AdobeStock_453447654.webp","author_info":{"display_name":"Miryam Tejada","author_link":"https:\/\/www.escapadarural.com\/blog\/autor\/miryam\/"},"yoast_head":"<!-- This site is optimized with the Yoast SEO plugin v27.5 - https:\/\/yoast.com\/product\/yoast-seo-wordpress\/ -->\n<title>4 v\u00edas verdes para pedalear esta primavera - EscapadaRural<\/title>\n<meta name=\"description\" content=\"Esta primavera disfruta de una experiencia muy divertida por una de estas 4 v\u00edas verdes, ideales para amantes del cicloturismo\" \/>\n<meta name=\"robots\" content=\"index, follow, max-snippet:-1, max-image-preview:large, max-video-preview:-1\" \/>\n<link rel=\"canonical\" href=\"https:\/\/www.escapadarural.com\/blog\/vias-verdes-para-pedalear\/\" \/>\n<meta property=\"og:locale\" content=\"es_ES\" \/>\n<meta property=\"og:type\" content=\"article\" \/>\n<meta property=\"og:title\" content=\"4 v\u00edas verdes para pedalear esta primavera - EscapadaRural\" \/>\n<meta property=\"og:description\" content=\"Esta primavera disfruta de una experiencia muy divertida por una de estas 4 v\u00edas verdes, ideales para amantes del cicloturismo\" \/>\n<meta property=\"og:url\" content=\"https:\/\/www.escapadarural.com\/blog\/vias-verdes-para-pedalear\/\" \/>\n<meta property=\"og:site_name\" content=\"Magazine de viajes de EscapadaRural\" \/>\n<meta property=\"article:publisher\" content=\"https:\/\/www.facebook.com\/escapadarural\" \/>\n<meta property=\"article:published_time\" content=\"2025-04-24T06:39:33+00:00\" \/>\n<meta property=\"article:modified_time\" content=\"2026-02-05T12:53:23+00:00\" \/>\n<meta property=\"og:image\" content=\"https:\/\/www.escapadarural.com\/blog\/wp-content\/uploads\/2025\/04\/AdobeStock_453447654.webp\" \/>\n\t<meta property=\"og:image:width\" content=\"1024\" \/>\n\t<meta property=\"og:image:height\" content=\"680\" \/>\n\t<meta property=\"og:image:type\" content=\"image\/webp\" \/>\n<meta name=\"author\" content=\"Miryam Tejada\" \/>\n<meta name=\"twitter:card\" content=\"summary_large_image\" \/>\n<meta name=\"twitter:label1\" content=\"Escrito por\" \/>\n\t<meta name=\"twitter:data1\" content=\"Miryam Tejada\" \/>\n\t<meta name=\"twitter:label2\" content=\"Tiempo de lectura\" \/>\n\t<meta name=\"twitter:data2\" content=\"8 minutos\" \/>\n<script type=\"application\/ld+json\" class=\"yoast-schema-graph\">{\"@context\":\"https:\\\/\\\/schema.org\",\"@graph\":[{\"@type\":\"Article\",\"@id\":\"https:\\\/\\\/www.escapadarural.com\\\/blog\\\/vias-verdes-para-pedalear\\\/#article\",\"isPartOf\":{\"@id\":\"https:\\\/\\\/www.escapadarural.com\\\/blog\\\/vias-verdes-para-pedalear\\\/\"},\"author\":{\"name\":\"Miryam Tejada\",\"@id\":\"https:\\\/\\\/www.escapadarural.com\\\/blog\\\/#\\\/schema\\\/person\\\/3a79b504f208fd6cf3bb52c608e311f0\"},\"headline\":\"4 v\u00edas verdes para pedalear esta primavera\",\"datePublished\":\"2025-04-24T06:39:33+00:00\",\"dateModified\":\"2026-02-05T12:53:23+00:00\",\"mainEntityOfPage\":{\"@id\":\"https:\\\/\\\/www.escapadarural.com\\\/blog\\\/vias-verdes-para-pedalear\\\/\"},\"wordCount\":1481,\"commentCount\":0,\"publisher\":{\"@id\":\"https:\\\/\\\/www.escapadarural.com\\\/blog\\\/#organization\"},\"image\":{\"@id\":\"https:\\\/\\\/www.escapadarural.com\\\/blog\\\/vias-verdes-para-pedalear\\\/#primaryimage\"},\"thumbnailUrl\":\"https:\\\/\\\/www.escapadarural.com\\\/blog\\\/wp-content\\\/uploads\\\/2025\\\/04\\\/AdobeStock_453447654.webp\",\"keywords\":[\"ciclismo\",\"Listado\",\"Primavera\",\"V\u00eda Verde\"],\"articleSection\":[\"Rutas y excursiones\"],\"inLanguage\":\"es\",\"potentialAction\":[{\"@type\":\"CommentAction\",\"name\":\"Comment\",\"target\":[\"https:\\\/\\\/www.escapadarural.com\\\/blog\\\/vias-verdes-para-pedalear\\\/#respond\"]}]},{\"@type\":\"WebPage\",\"@id\":\"https:\\\/\\\/www.escapadarural.com\\\/blog\\\/vias-verdes-para-pedalear\\\/\",\"url\":\"https:\\\/\\\/www.escapadarural.com\\\/blog\\\/vias-verdes-para-pedalear\\\/\",\"name\":\"4 v\u00edas verdes para pedalear esta primavera - EscapadaRural\",\"isPartOf\":{\"@id\":\"https:\\\/\\\/www.escapadarural.com\\\/blog\\\/#website\"},\"primaryImageOfPage\":{\"@id\":\"https:\\\/\\\/www.escapadarural.com\\\/blog\\\/vias-verdes-para-pedalear\\\/#primaryimage\"},\"image\":{\"@id\":\"https:\\\/\\\/www.escapadarural.com\\\/blog\\\/vias-verdes-para-pedalear\\\/#primaryimage\"},\"thumbnailUrl\":\"https:\\\/\\\/www.escapadarural.com\\\/blog\\\/wp-content\\\/uploads\\\/2025\\\/04\\\/AdobeStock_453447654.webp\",\"datePublished\":\"2025-04-24T06:39:33+00:00\",\"dateModified\":\"2026-02-05T12:53:23+00:00\",\"description\":\"Esta primavera disfruta de una experiencia muy divertida por una de estas 4 v\u00edas verdes, ideales para amantes del cicloturismo\",\"breadcrumb\":{\"@id\":\"https:\\\/\\\/www.escapadarural.com\\\/blog\\\/vias-verdes-para-pedalear\\\/#breadcrumb\"},\"inLanguage\":\"es\",\"potentialAction\":[{\"@type\":\"ReadAction\",\"target\":[\"https:\\\/\\\/www.escapadarural.com\\\/blog\\\/vias-verdes-para-pedalear\\\/\"]}]},{\"@type\":\"ImageObject\",\"inLanguage\":\"es\",\"@id\":\"https:\\\/\\\/www.escapadarural.com\\\/blog\\\/vias-verdes-para-pedalear\\\/#primaryimage\",\"url\":\"https:\\\/\\\/www.escapadarural.com\\\/blog\\\/wp-content\\\/uploads\\\/2025\\\/04\\\/AdobeStock_453447654.webp\",\"contentUrl\":\"https:\\\/\\\/www.escapadarural.com\\\/blog\\\/wp-content\\\/uploads\\\/2025\\\/04\\\/AdobeStock_453447654.webp\",\"width\":1024,\"height\":680,\"caption\":\"V\u00eda verde del Plazaola, Guip\u00fazcoa. Por JoseAntonio\"},{\"@type\":\"BreadcrumbList\",\"@id\":\"https:\\\/\\\/www.escapadarural.com\\\/blog\\\/vias-verdes-para-pedalear\\\/#breadcrumb\",\"itemListElement\":[{\"@type\":\"ListItem\",\"position\":1,\"name\":\"Inicio\",\"item\":\"https:\\\/\\\/www.escapadarural.com\\\/blog\\\/\"},{\"@type\":\"ListItem\",\"position\":2,\"name\":\"Rutas y excursiones\",\"item\":\"https:\\\/\\\/www.escapadarural.com\\\/blog\\\/categoria\\\/rutas-y-excursiones\\\/\"},{\"@type\":\"ListItem\",\"position\":3,\"name\":\"4 v\u00edas verdes para pedalear esta primavera\"}]},{\"@type\":\"WebSite\",\"@id\":\"https:\\\/\\\/www.escapadarural.com\\\/blog\\\/#website\",\"url\":\"https:\\\/\\\/www.escapadarural.com\\\/blog\\\/\",\"name\":\"Blog de viajes | turismo rural, alojamientos e inspiraci\u00f3n\",\"description\":\"Alojamientos rurales e inspiraci\u00f3n para tus escapadas\",\"publisher\":{\"@id\":\"https:\\\/\\\/www.escapadarural.com\\\/blog\\\/#organization\"},\"alternateName\":\"Magazine de viajes de EscapadaRural\",\"potentialAction\":[{\"@type\":\"SearchAction\",\"target\":{\"@type\":\"EntryPoint\",\"urlTemplate\":\"https:\\\/\\\/www.escapadarural.com\\\/blog\\\/?s={search_term_string}\"},\"query-input\":{\"@type\":\"PropertyValueSpecification\",\"valueRequired\":true,\"valueName\":\"search_term_string\"}}],\"inLanguage\":\"es\"},{\"@type\":\"Organization\",\"@id\":\"https:\\\/\\\/www.escapadarural.com\\\/blog\\\/#organization\",\"name\":\"EscapadaRural\",\"url\":\"https:\\\/\\\/www.escapadarural.com\\\/blog\\\/\",\"logo\":{\"@type\":\"ImageObject\",\"inLanguage\":\"es\",\"@id\":\"https:\\\/\\\/www.escapadarural.com\\\/blog\\\/#\\\/schema\\\/logo\\\/image\\\/\",\"url\":\"https:\\\/\\\/www.escapadarural.com\\\/blog\\\/wp-content\\\/uploads\\\/2024\\\/10\\\/cropped-cropped-escapada-rural-icon-mag-3.png\",\"contentUrl\":\"https:\\\/\\\/www.escapadarural.com\\\/blog\\\/wp-content\\\/uploads\\\/2024\\\/10\\\/cropped-cropped-escapada-rural-icon-mag-3.png\",\"width\":512,\"height\":512,\"caption\":\"EscapadaRural\"},\"image\":{\"@id\":\"https:\\\/\\\/www.escapadarural.com\\\/blog\\\/#\\\/schema\\\/logo\\\/image\\\/\"},\"sameAs\":[\"https:\\\/\\\/www.facebook.com\\\/escapadarural\",\"https:\\\/\\\/www.instagram.com\\\/escapadarural\\\/\",\"https:\\\/\\\/www.youtube.com\\\/@escapadaruralcom\"]},{\"@type\":\"Person\",\"@id\":\"https:\\\/\\\/www.escapadarural.com\\\/blog\\\/#\\\/schema\\\/person\\\/3a79b504f208fd6cf3bb52c608e311f0\",\"name\":\"Miryam Tejada\",\"image\":{\"@type\":\"ImageObject\",\"inLanguage\":\"es\",\"@id\":\"https:\\\/\\\/www.escapadarural.com\\\/blog\\\/wp-content\\\/uploads\\\/2024\\\/12\\\/cropped-PXL_20240524_141044774.PORTRAIT.ORIGINAL-1-scaled-2-96x96.jpg\",\"url\":\"https:\\\/\\\/www.escapadarural.com\\\/blog\\\/wp-content\\\/uploads\\\/2024\\\/12\\\/cropped-PXL_20240524_141044774.PORTRAIT.ORIGINAL-1-scaled-2-96x96.jpg\",\"contentUrl\":\"https:\\\/\\\/www.escapadarural.com\\\/blog\\\/wp-content\\\/uploads\\\/2024\\\/12\\\/cropped-PXL_20240524_141044774.PORTRAIT.ORIGINAL-1-scaled-2-96x96.jpg\",\"caption\":\"Miryam Tejada\"},\"description\":\"Mi t\u00edtulo universitario dice que soy licenciada en periodismo, pero realmente soy una todoterreno a la que le pill\u00f3 la transici\u00f3n del mundo anal\u00f3gico al digital de pleno. Es decir, soy millennial, y eso lo que conlleva, seg\u00fan las habladur\u00edas, es que me dejo llevar y priorizo mi bienestar. O lo que es lo mismo, soy una apasionada de los viajes y las experiencias, del simple hecho de tomar unas cervezas entre amigas, organizar una buena comilona en la sociedad con sobremesa larga incluida o pasar las tardes en el parque con mis gemelos.\",\"url\":\"https:\\\/\\\/www.escapadarural.com\\\/blog\\\/autor\\\/miryam\\\/\"}]}<\/script>\n<!-- \/ Yoast SEO plugin. -->","yoast_head_json":{"title":"4 v\u00edas verdes para pedalear esta primavera - EscapadaRural","description":"Esta primavera disfruta de una experiencia muy divertida por una de estas 4 v\u00edas verdes, ideales para amantes del cicloturismo","robots":{"index":"index","follow":"follow","max-snippet":"max-snippet:-1","max-image-preview":"max-image-preview:large","max-video-preview":"max-video-preview:-1"},"canonical":"https:\/\/www.escapadarural.com\/blog\/vias-verdes-para-pedalear\/","og_locale":"es_ES","og_type":"article","og_title":"4 v\u00edas verdes para pedalear esta primavera - EscapadaRural","og_description":"Esta primavera disfruta de una experiencia muy divertida por una de estas 4 v\u00edas verdes, ideales para amantes del cicloturismo","og_url":"https:\/\/www.escapadarural.com\/blog\/vias-verdes-para-pedalear\/","og_site_name":"Magazine de viajes de EscapadaRural","article_publisher":"https:\/\/www.facebook.com\/escapadarural","article_published_time":"2025-04-24T06:39:33+00:00","article_modified_time":"2026-02-05T12:53:23+00:00","og_image":[{"width":1024,"height":680,"url":"https:\/\/www.escapadarural.com\/blog\/wp-content\/uploads\/2025\/04\/AdobeStock_453447654.webp","type":"image\/webp"}],"author":"Miryam Tejada","twitter_card":"summary_large_image","twitter_misc":{"Escrito por":"Miryam Tejada","Tiempo de lectura":"8 minutos"},"schema":{"@context":"https:\/\/schema.org","@graph":[{"@type":"Article","@id":"https:\/\/www.escapadarural.com\/blog\/vias-verdes-para-pedalear\/#article","isPartOf":{"@id":"https:\/\/www.escapadarural.com\/blog\/vias-verdes-para-pedalear\/"},"author":{"name":"Miryam Tejada","@id":"https:\/\/www.escapadarural.com\/blog\/#\/schema\/person\/3a79b504f208fd6cf3bb52c608e311f0"},"headline":"4 v\u00edas verdes para pedalear esta primavera","datePublished":"2025-04-24T06:39:33+00:00","dateModified":"2026-02-05T12:53:23+00:00","mainEntityOfPage":{"@id":"https:\/\/www.escapadarural.com\/blog\/vias-verdes-para-pedalear\/"},"wordCount":1481,"commentCount":0,"publisher":{"@id":"https:\/\/www.escapadarural.com\/blog\/#organization"},"image":{"@id":"https:\/\/www.escapadarural.com\/blog\/vias-verdes-para-pedalear\/#primaryimage"},"thumbnailUrl":"https:\/\/www.escapadarural.com\/blog\/wp-content\/uploads\/2025\/04\/AdobeStock_453447654.webp","keywords":["ciclismo","Listado","Primavera","V\u00eda Verde"],"articleSection":["Rutas y excursiones"],"inLanguage":"es","potentialAction":[{"@type":"CommentAction","name":"Comment","target":["https:\/\/www.escapadarural.com\/blog\/vias-verdes-para-pedalear\/#respond"]}]},{"@type":"WebPage","@id":"https:\/\/www.escapadarural.com\/blog\/vias-verdes-para-pedalear\/","url":"https:\/\/www.escapadarural.com\/blog\/vias-verdes-para-pedalear\/","name":"4 v\u00edas verdes para pedalear esta primavera - EscapadaRural","isPartOf":{"@id":"https:\/\/www.escapadarural.com\/blog\/#website"},"primaryImageOfPage":{"@id":"https:\/\/www.escapadarural.com\/blog\/vias-verdes-para-pedalear\/#primaryimage"},"image":{"@id":"https:\/\/www.escapadarural.com\/blog\/vias-verdes-para-pedalear\/#primaryimage"},"thumbnailUrl":"https:\/\/www.escapadarural.com\/blog\/wp-content\/uploads\/2025\/04\/AdobeStock_453447654.webp","datePublished":"2025-04-24T06:39:33+00:00","dateModified":"2026-02-05T12:53:23+00:00","description":"Esta primavera disfruta de una experiencia muy divertida por una de estas 4 v\u00edas verdes, ideales para amantes del cicloturismo","breadcrumb":{"@id":"https:\/\/www.escapadarural.com\/blog\/vias-verdes-para-pedalear\/#breadcrumb"},"inLanguage":"es","potentialAction":[{"@type":"ReadAction","target":["https:\/\/www.escapadarural.com\/blog\/vias-verdes-para-pedalear\/"]}]},{"@type":"ImageObject","inLanguage":"es","@id":"https:\/\/www.escapadarural.com\/blog\/vias-verdes-para-pedalear\/#primaryimage","url":"https:\/\/www.escapadarural.com\/blog\/wp-content\/uploads\/2025\/04\/AdobeStock_453447654.webp","contentUrl":"https:\/\/www.escapadarural.com\/blog\/wp-content\/uploads\/2025\/04\/AdobeStock_453447654.webp","width":1024,"height":680,"caption":"V\u00eda verde del Plazaola, Guip\u00fazcoa. Por JoseAntonio"},{"@type":"BreadcrumbList","@id":"https:\/\/www.escapadarural.com\/blog\/vias-verdes-para-pedalear\/#breadcrumb","itemListElement":[{"@type":"ListItem","position":1,"name":"Inicio","item":"https:\/\/www.escapadarural.com\/blog\/"},{"@type":"ListItem","position":2,"name":"Rutas y excursiones","item":"https:\/\/www.escapadarural.com\/blog\/categoria\/rutas-y-excursiones\/"},{"@type":"ListItem","position":3,"name":"4 v\u00edas verdes para pedalear esta primavera"}]},{"@type":"WebSite","@id":"https:\/\/www.escapadarural.com\/blog\/#website","url":"https:\/\/www.escapadarural.com\/blog\/","name":"Blog de viajes | turismo rural, alojamientos e inspiraci\u00f3n","description":"Alojamientos rurales e inspiraci\u00f3n para tus escapadas","publisher":{"@id":"https:\/\/www.escapadarural.com\/blog\/#organization"},"alternateName":"Magazine de viajes de EscapadaRural","potentialAction":[{"@type":"SearchAction","target":{"@type":"EntryPoint","urlTemplate":"https:\/\/www.escapadarural.com\/blog\/?s={search_term_string}"},"query-input":{"@type":"PropertyValueSpecification","valueRequired":true,"valueName":"search_term_string"}}],"inLanguage":"es"},{"@type":"Organization","@id":"https:\/\/www.escapadarural.com\/blog\/#organization","name":"EscapadaRural","url":"https:\/\/www.escapadarural.com\/blog\/","logo":{"@type":"ImageObject","inLanguage":"es","@id":"https:\/\/www.escapadarural.com\/blog\/#\/schema\/logo\/image\/","url":"https:\/\/www.escapadarural.com\/blog\/wp-content\/uploads\/2024\/10\/cropped-cropped-escapada-rural-icon-mag-3.png","contentUrl":"https:\/\/www.escapadarural.com\/blog\/wp-content\/uploads\/2024\/10\/cropped-cropped-escapada-rural-icon-mag-3.png","width":512,"height":512,"caption":"EscapadaRural"},"image":{"@id":"https:\/\/www.escapadarural.com\/blog\/#\/schema\/logo\/image\/"},"sameAs":["https:\/\/www.facebook.com\/escapadarural","https:\/\/www.instagram.com\/escapadarural\/","https:\/\/www.youtube.com\/@escapadaruralcom"]},{"@type":"Person","@id":"https:\/\/www.escapadarural.com\/blog\/#\/schema\/person\/3a79b504f208fd6cf3bb52c608e311f0","name":"Miryam Tejada","image":{"@type":"ImageObject","inLanguage":"es","@id":"https:\/\/www.escapadarural.com\/blog\/wp-content\/uploads\/2024\/12\/cropped-PXL_20240524_141044774.PORTRAIT.ORIGINAL-1-scaled-2-96x96.jpg","url":"https:\/\/www.escapadarural.com\/blog\/wp-content\/uploads\/2024\/12\/cropped-PXL_20240524_141044774.PORTRAIT.ORIGINAL-1-scaled-2-96x96.jpg","contentUrl":"https:\/\/www.escapadarural.com\/blog\/wp-content\/uploads\/2024\/12\/cropped-PXL_20240524_141044774.PORTRAIT.ORIGINAL-1-scaled-2-96x96.jpg","caption":"Miryam Tejada"},"description":"Mi t\u00edtulo universitario dice que soy licenciada en periodismo, pero realmente soy una todoterreno a la que le pill\u00f3 la transici\u00f3n del mundo anal\u00f3gico al digital de pleno. Es decir, soy millennial, y eso lo que conlleva, seg\u00fan las habladur\u00edas, es que me dejo llevar y priorizo mi bienestar. O lo que es lo mismo, soy una apasionada de los viajes y las experiencias, del simple hecho de tomar unas cervezas entre amigas, organizar una buena comilona en la sociedad con sobremesa larga incluida o pasar las tardes en el parque con mis gemelos.","url":"https:\/\/www.escapadarural.com\/blog\/autor\/miryam\/"}]}},"_links":{"self":[{"href":"https:\/\/www.escapadarural.com\/blog\/wp-json\/wp\/v2\/posts\/199609","targetHints":{"allow":["GET"]}}],"collection":[{"href":"https:\/\/www.escapadarural.com\/blog\/wp-json\/wp\/v2\/posts"}],"about":[{"href":"https:\/\/www.escapadarural.com\/blog\/wp-json\/wp\/v2\/types\/post"}],"author":[{"embeddable":true,"href":"https:\/\/www.escapadarural.com\/blog\/wp-json\/wp\/v2\/users\/98"}],"replies":[{"embeddable":true,"href":"https:\/\/www.escapadarural.com\/blog\/wp-json\/wp\/v2\/comments?post=199609"}],"version-history":[{"count":0,"href":"https:\/\/www.escapadarural.com\/blog\/wp-json\/wp\/v2\/posts\/199609\/revisions"}],"wp:featuredmedia":[{"embeddable":true,"href":"https:\/\/www.escapadarural.com\/blog\/wp-json\/wp\/v2\/media\/199612"}],"wp:attachment":[{"href":"https:\/\/www.escapadarural.com\/blog\/wp-json\/wp\/v2\/media?parent=199609"}],"wp:term":[{"taxonomy":"category","embeddable":true,"href":"https:\/\/www.escapadarural.com\/blog\/wp-json\/wp\/v2\/categories?post=199609"},{"taxonomy":"post_tag","embeddable":true,"href":"https:\/\/www.escapadarural.com\/blog\/wp-json\/wp\/v2\/tags?post=199609"}],"curies":[{"name":"wp","href":"https:\/\/api.w.org\/{rel}","templated":true}]}}