{"id":199620,"date":"2025-05-02T13:49:01","date_gmt":"2025-05-02T11:49:01","guid":{"rendered":"https:\/\/www.escapadarural.com\/blog\/?p=199620"},"modified":"2025-05-02T13:49:08","modified_gmt":"2025-05-02T11:49:08","slug":"planes-de-aventuras-en-la-comunitat-valenciana","status":"publish","type":"post","link":"https:\/\/www.escapadarural.com\/blog\/planes-de-aventuras-en-la-comunitat-valenciana\/","title":{"rendered":"Un verano lleno de aventuras en la Comunitat Valenciana"},"content":{"rendered":"\n<p>La <strong>Comunitat Valenciana<\/strong> es un territorio muy diverso, con mar y monta\u00f1a en pocos metros. Hay kil\u00f3metros de playas, pero tambi\u00e9n de entornos naturales en los que vivir experiencias diferentes en familia, con la pareja o con los amigos.<\/p>\n\n\n\n<p>Las altas temperaturas del verano desaconsejan la pr\u00e1ctica de senderismo. Ahora bien, hay muchos <strong>planes de turismo activo<\/strong> llenos de emoci\u00f3n que se pueden vivir en esta \u00e9poca del a\u00f1o en la Comunitat Valenciana: tirolinas, v\u00edas de escalada, puntos de inmersi\u00f3n de buceo, vuelos en globo&#8230; Aqu\u00ed van algunas propuestas para llenar la mochila de recuerdos compartidos para los viajeros m\u00e1s aventureros.<\/p>\n\n\n\n<div class=\"wp-block-buttons is-layout-flex wp-block-buttons-is-layout-flex\">\n<div class=\"wp-block-button\"><a class=\"wp-block-button__link wp-element-button\" href=\"\/casas-rurales\/comunidad-valenciana\">Alojamientos rurales en la Comunitat Valenciana<\/a><\/div>\n<\/div>\n\n\n\n<h2 class=\"wp-block-heading\" id=\"h-multiaventura-en-familia\"><strong>Multiaventura en familia<\/strong><\/h2>\n\n\n\n<figure class=\"wp-block-image size-full\"><img loading=\"lazy\" decoding=\"async\" width=\"1024\" height=\"683\" src=\"https:\/\/www.escapadarural.com\/blog\/wp-content\/uploads\/2024\/10\/AdobeStock_333215116_WP02.webp\" alt=\"Fuente de los Ba\u00f1os de Montanejos, en Castell\u00f3n.\" class=\"wp-image-90875\" srcset=\"https:\/\/www.escapadarural.com\/blog\/wp-content\/uploads\/2024\/10\/AdobeStock_333215116_WP02-200x133.webp 200w, https:\/\/www.escapadarural.com\/blog\/wp-content\/uploads\/2024\/10\/AdobeStock_333215116_WP02-300x200.webp 300w, https:\/\/www.escapadarural.com\/blog\/wp-content\/uploads\/2024\/10\/AdobeStock_333215116_WP02-400x267.webp 400w, https:\/\/www.escapadarural.com\/blog\/wp-content\/uploads\/2024\/10\/AdobeStock_333215116_WP02-600x400.webp 600w, https:\/\/www.escapadarural.com\/blog\/wp-content\/uploads\/2024\/10\/AdobeStock_333215116_WP02-768x512.webp 768w, https:\/\/www.escapadarural.com\/blog\/wp-content\/uploads\/2024\/10\/AdobeStock_333215116_WP02-800x534.webp 800w, https:\/\/www.escapadarural.com\/blog\/wp-content\/uploads\/2024\/10\/AdobeStock_333215116_WP02.webp 1024w\" sizes=\"auto, (max-width: 1024px) 100vw, 1024px\" \/><figcaption class=\"wp-element-caption\">Fuente de los Ba\u00f1os de Montanejos, en Castell\u00f3n. Por <a href=\"https:\/\/stock.adobe.com\/es\/contributor\/205574436\/alzamu79?load_type=author&amp;prev_url=detail\" target=\"_blank\" rel=\"noreferrer noopener nofollow\">alzamu79<\/a><\/figcaption><\/figure>\n\n\n\n<p>\u00bfQui\u00e9n no ha so\u00f1ado en su infancia con trepar los \u00e1rboles y vivir en una caseta en las alturas? La Comunitat Valenciana tiene muchos espacios multiaventura con circuitos en el bosque con puentes colgantes, <strong>tirolinas<\/strong>, pasamanos y puentes tibetanos, entre otros elementos, adem\u00e1s de actividades variadas como paseos a caballo, tiro con arco, etc.<\/p>\n\n\n\n<p>Hay recorridos m\u00e1s f\u00e1ciles y m\u00e1s complicados que se adaptan a la edad y habilidad de los participantes. En todo caso, cuentan con la vigilancia de monitores expertos y las <strong>actividades <\/strong>se desarrollan con todas las medidas de seguridad.<\/p>\n\n\n\n<p>Una actividad ideal para hacer en familia en centros con servicios de restauraci\u00f3n y\/o \u00e1reas de picnic donde refrescarse despu\u00e9s. Hay <strong>circuitos multiaventura<\/strong> por toda la geograf\u00eda valenciana, como Benilloba, Elche, La Nucia y San Miguel de Salinas, en la provincia de Alicante; Morella, Montanejos y Sant Joan de Mor\u00f3, en Castell\u00f3n; o Venta del Moro, en Valencia<\/p>\n\n\n\n<h2 class=\"wp-block-heading\" id=\"h-la-comunitat-valenciana-desde-el-aire-vuelo-en-globo\"><strong>La Comunitat Valenciana desde el aire: vuelo en globo<\/strong><\/h2>\n\n\n\n<figure class=\"wp-block-image size-full\"><img loading=\"lazy\" decoding=\"async\" width=\"1024\" height=\"768\" src=\"https:\/\/www.escapadarural.com\/blog\/wp-content\/uploads\/2025\/04\/AdobeStock_1134601029.webp\" alt=\"Vuelo en globo por Bocairent, Valencia\" class=\"wp-image-199808\" srcset=\"https:\/\/www.escapadarural.com\/blog\/wp-content\/uploads\/2025\/04\/AdobeStock_1134601029-200x150.webp 200w, https:\/\/www.escapadarural.com\/blog\/wp-content\/uploads\/2025\/04\/AdobeStock_1134601029-300x225.webp 300w, https:\/\/www.escapadarural.com\/blog\/wp-content\/uploads\/2025\/04\/AdobeStock_1134601029-400x300.webp 400w, https:\/\/www.escapadarural.com\/blog\/wp-content\/uploads\/2025\/04\/AdobeStock_1134601029-600x450.webp 600w, https:\/\/www.escapadarural.com\/blog\/wp-content\/uploads\/2025\/04\/AdobeStock_1134601029-768x576.webp 768w, https:\/\/www.escapadarural.com\/blog\/wp-content\/uploads\/2025\/04\/AdobeStock_1134601029-800x600.webp 800w, https:\/\/www.escapadarural.com\/blog\/wp-content\/uploads\/2025\/04\/AdobeStock_1134601029.webp 1024w\" sizes=\"auto, (max-width: 1024px) 100vw, 1024px\" \/><figcaption class=\"wp-element-caption\">Vuelo en globo por Bocairent, Valencia. Por @CMG_IG<\/figcaption><\/figure>\n\n\n\n<p>Un plan perfecto para descubrir la Comunitat Valenciana en verano y desde una perspectiva diferente es hacer un <strong>vuelo en globo<\/strong>. Las salidas se llevan a cabo con las primeras luces del d\u00eda, ya que es el momento m\u00e1s id\u00f3neo desde el punto de vista atmosf\u00e9rico. Adem\u00e1s, todav\u00eda no hace demasiado calor y permite divisar un espectacular amanecer desde las alturas.<\/p>\n\n\n\n<p>Los vuelos duran alrededor de una hora y son aptos para todo tipo de p\u00fablicos. Hay empresas que organizan estas escapadas por toda la geograf\u00eda valenciana, como en Bocairent, Ontinyent y Venta del Moro, en la provincia de <a href=\"\/casas-rurales\/valencia\">Valencia<\/a>; Catral, en <a href=\"\/casas-rurales\/alicante\">Alicante<\/a>; o Vilafam\u00e9s, en <a href=\"\/casas-rurales\/castellon\">Castell\u00f3n<\/a>.<\/p>\n\n\n\n<h2 class=\"wp-block-heading\" id=\"h-vias-ferratas-para-sentir-la-adrenalina\"><strong>V\u00edas ferratas para sentir la adrenalina<\/strong><\/h2>\n\n\n\n<figure class=\"wp-block-image size-full\"><img loading=\"lazy\" decoding=\"async\" width=\"1024\" height=\"682\" src=\"https:\/\/www.escapadarural.com\/blog\/wp-content\/uploads\/2025\/04\/AdobeStock_610190227.webp\" alt=\"V\u00eda Ferrata en la Comunitat Valeciana\" class=\"wp-image-199806\" srcset=\"https:\/\/www.escapadarural.com\/blog\/wp-content\/uploads\/2025\/04\/AdobeStock_610190227-200x133.webp 200w, https:\/\/www.escapadarural.com\/blog\/wp-content\/uploads\/2025\/04\/AdobeStock_610190227-300x200.webp 300w, https:\/\/www.escapadarural.com\/blog\/wp-content\/uploads\/2025\/04\/AdobeStock_610190227-400x266.webp 400w, https:\/\/www.escapadarural.com\/blog\/wp-content\/uploads\/2025\/04\/AdobeStock_610190227-600x400.webp 600w, https:\/\/www.escapadarural.com\/blog\/wp-content\/uploads\/2025\/04\/AdobeStock_610190227-768x512.webp 768w, https:\/\/www.escapadarural.com\/blog\/wp-content\/uploads\/2025\/04\/AdobeStock_610190227-800x533.webp 800w, https:\/\/www.escapadarural.com\/blog\/wp-content\/uploads\/2025\/04\/AdobeStock_610190227.webp 1024w\" sizes=\"auto, (max-width: 1024px) 100vw, 1024px\" \/><figcaption class=\"wp-element-caption\">V\u00eda ferrata en la Comunitat Valeciana. Por Cavan<\/figcaption><\/figure>\n\n\n\n<p>Vamos a subir un grado de intensidad en las actividades de aventura con un par de <strong>v\u00edas ferratas<\/strong> que podemos hacer en la Comunitat Valenciana este verano. Nos referimos a itinerarios deportivos que transcurren por las paredes rocosas, como v\u00edas de escalada, pero equipadas con elementos que facilitan el avance como grapas, pelda\u00f1os, pasamanos, puentes colgantes, etc.<\/p>\n\n\n\n<p>Una de las m\u00e1s emblem\u00e1ticas es la V\u00eda Ferrata de Redov\u00e1n, en el sur de Alicante. Est\u00e1 en la <strong>Sierra de Callosa<\/strong> y ofrece dos tramos: uno familiar de dificultad baja (K2), ideal para los que se est\u00e1n iniciando y con diferentes elementos como grapas, puentes colgantes y un puente tibetano; y uno deportivo de nivel K4 para los que buscan desaf\u00edos en la monta\u00f1a, con pasos desplomados y una escalera invertida.<\/p>\n\n\n\n<p>Otra opci\u00f3n es la <strong>V\u00eda Ferrata Falconera <\/strong>(dificultad K2-K3) que est\u00e1 en el interior de Gandia y que es muy divertida y entretenida, con varios puentes colgantes, una escalera, una bisagra al vac\u00edo y hasta una gran tirolina de 125 metros.<\/p>\n\n\n\n<p>Para hacer v\u00edas ferratas hay que tener buenas condiciones f\u00edsicas, <strong>experiencia en la monta\u00f1a<\/strong> y tener el material de seguridad necesario (disipadores, mosquetones, cabos, arn\u00e9s y casco). Si est\u00e1is empezando, no os preocup\u00e9is porque hay profesionales y empresas que ofrecen salidas y proporcionan el material necesario.<\/p>\n\n\n\n<h2 class=\"wp-block-heading\" id=\"h-vias-de-escalada-en-entornos-inolvidables\"><strong>V\u00edas de escalada en entornos inolvidables<\/strong><\/h2>\n\n\n\n<figure class=\"wp-block-image size-full\"><img loading=\"lazy\" decoding=\"async\" width=\"1024\" height=\"682\" src=\"https:\/\/www.escapadarural.com\/blog\/wp-content\/uploads\/2025\/04\/AdobeStock_550654512.webp\" alt=\"Aventura en la Comunitat Valenciana: Pe\u00f1\u00f3n de Ifach\" class=\"wp-image-199807\" srcset=\"https:\/\/www.escapadarural.com\/blog\/wp-content\/uploads\/2025\/04\/AdobeStock_550654512-200x133.webp 200w, https:\/\/www.escapadarural.com\/blog\/wp-content\/uploads\/2025\/04\/AdobeStock_550654512-300x200.webp 300w, https:\/\/www.escapadarural.com\/blog\/wp-content\/uploads\/2025\/04\/AdobeStock_550654512-400x266.webp 400w, https:\/\/www.escapadarural.com\/blog\/wp-content\/uploads\/2025\/04\/AdobeStock_550654512-600x400.webp 600w, https:\/\/www.escapadarural.com\/blog\/wp-content\/uploads\/2025\/04\/AdobeStock_550654512-768x512.webp 768w, https:\/\/www.escapadarural.com\/blog\/wp-content\/uploads\/2025\/04\/AdobeStock_550654512-800x533.webp 800w, https:\/\/www.escapadarural.com\/blog\/wp-content\/uploads\/2025\/04\/AdobeStock_550654512.webp 1024w\" sizes=\"auto, (max-width: 1024px) 100vw, 1024px\" \/><figcaption class=\"wp-element-caption\">Pe\u00f1\u00f3n de Ifach, Alicante. Por MiguelAngel<\/figcaption><\/figure>\n\n\n\n<p>La <strong>escalada <\/strong>nos permite subir paredes de roca de forma segura con una intervenci\u00f3n m\u00ednima en la monta\u00f1a, con solo chapas y puntos de reuni\u00f3n. La Comunitat Valenciana es un para\u00edso para los escaladores, con gran multitud de escuelas y v\u00edas de todos los niveles.<\/p>\n\n\n\n<p>Uno de los destinos m\u00e1s emblem\u00e1ticos de los amantes de la verticalidad es el pueblo de Montanejos, en el interior de Castell\u00f3n: tiene m\u00e1s de 2.000 v\u00edas, muchas con sombra por la ma\u00f1ana y por la tarde para trepar sin abrasarse en verano. Y cuando el calor apriete, a pocos pasos de la zona de escalada est\u00e1n las pozas naturales con aguas termales de la <strong>Fuente de los Ba\u00f1os<\/strong>.<\/p>\n\n\n\n<p>En Alicante, destacamos las v\u00edas de escalada del <strong>Penyal d\u2019Ifach<\/strong>, un bonito parque natural en un pe\u00f1\u00f3n junto al mar. Hay para principiantes y para expertos, con dificultades que van de 4+ a 7b. Las vistas del entorno, la brisa marina, el vuelo de las gaviotas\u2026 le dan un toque muy especial. Se recomienda empezar a subir pronto, para evitar las horas centrales del d\u00eda en verano.<\/p>\n\n\n\n<p>Como en las v\u00edas ferratas, para practicar escalada hay que tener el material adecuado y conocimiento. En caso contrario, hay que reservar una escapada con gu\u00eda profesional.<\/p>\n\n\n\n<h2 class=\"wp-block-heading\" id=\"h-descubrir-el-fondo-marino-buceando\"><strong>Descubrir el fondo marino buceando<\/strong><\/h2>\n\n\n\n<figure class=\"wp-block-image size-full\"><img loading=\"lazy\" decoding=\"async\" width=\"1024\" height=\"684\" src=\"https:\/\/www.escapadarural.com\/blog\/wp-content\/uploads\/2025\/04\/AdobeStock_589638291.webp\" alt=\"Aventuras en la Comunitat Valenciana: buceo por la Isla de Tabarca\" class=\"wp-image-199809\" srcset=\"https:\/\/www.escapadarural.com\/blog\/wp-content\/uploads\/2025\/04\/AdobeStock_589638291-200x134.webp 200w, https:\/\/www.escapadarural.com\/blog\/wp-content\/uploads\/2025\/04\/AdobeStock_589638291-300x200.webp 300w, https:\/\/www.escapadarural.com\/blog\/wp-content\/uploads\/2025\/04\/AdobeStock_589638291-400x267.webp 400w, https:\/\/www.escapadarural.com\/blog\/wp-content\/uploads\/2025\/04\/AdobeStock_589638291-600x401.webp 600w, https:\/\/www.escapadarural.com\/blog\/wp-content\/uploads\/2025\/04\/AdobeStock_589638291-768x513.webp 768w, https:\/\/www.escapadarural.com\/blog\/wp-content\/uploads\/2025\/04\/AdobeStock_589638291-800x534.webp 800w, https:\/\/www.escapadarural.com\/blog\/wp-content\/uploads\/2025\/04\/AdobeStock_589638291.webp 1024w\" sizes=\"auto, (max-width: 1024px) 100vw, 1024px\" \/><figcaption class=\"wp-element-caption\">Buceo por la Isla de Tabarca. Por AquilonAquilon<\/figcaption><\/figure>\n\n\n\n<p>\u00bfTienes intriga por ver qu\u00e9 pasa en el fondo marino? La Comunitat Valenciana tiene 600 kil\u00f3metros de costa mediterr\u00e1nea, tres <strong>reservas marinas<\/strong> y 30 zonas de inmersi\u00f3n para practicar <strong>buceo y snorkel<\/strong>. Una actividad refrescante que hacer en verano y que acerca a preciosos entornos submarinos de gran valor natural y con mucho colorido. Los peques pueden iniciarse a partir de los 8 a\u00f1os con bautismos, cursos e inmersiones en el mar.<\/p>\n\n\n\n<p>Es dif\u00edcil quedarse con unas pocas zonas de buceo en la Comunitat Valenciana, pero lo intentaremos. Un destino muy especial es la <strong>Reserva Marina de Islas Columbretes<\/strong>, en Castell\u00f3n. Es una experiencia muy completa y poco masificada, con aguas con muy buena visibilidad, y que incluye viaje en barco de acercamiento a las islas volc\u00e1nicas.<\/p>\n\n\n\n<p>Otro lugar paradis\u00edaco para hacer inmersiones es la <strong>Isla de Tabarca<\/strong>, en Alicante, la \u00fanica habitada de la Comunitat Valenciana y la primera Reserva Marina de Espa\u00f1a. Hay que ir igualmente en barco y tiene aguas cristalinas y puntos para sumergirse de todos los niveles. Entre sus tesoros marinos destaca la posidonia oce\u00e1nica, el conocido \u201cpulm\u00f3n del Mediterr\u00e1neo\u201d y sus enormes meros.<\/p>\n\n\n\n<figure class=\"wp-block-image size-full\"><img loading=\"lazy\" decoding=\"async\" width=\"800\" height=\"150\" src=\"https:\/\/www.escapadarural.com\/blog\/wp-content\/uploads\/2025\/03\/Logo-CVAL-25.webp\" alt=\"Logo Comunitat Valenciana 2025\" class=\"wp-image-196133\" srcset=\"https:\/\/www.escapadarural.com\/blog\/wp-content\/uploads\/2025\/03\/Logo-CVAL-25-200x38.webp 200w, https:\/\/www.escapadarural.com\/blog\/wp-content\/uploads\/2025\/03\/Logo-CVAL-25-300x56.webp 300w, https:\/\/www.escapadarural.com\/blog\/wp-content\/uploads\/2025\/03\/Logo-CVAL-25-400x75.webp 400w, https:\/\/www.escapadarural.com\/blog\/wp-content\/uploads\/2025\/03\/Logo-CVAL-25-600x113.webp 600w, https:\/\/www.escapadarural.com\/blog\/wp-content\/uploads\/2025\/03\/Logo-CVAL-25-768x144.webp 768w, https:\/\/www.escapadarural.com\/blog\/wp-content\/uploads\/2025\/03\/Logo-CVAL-25.webp 800w\" sizes=\"auto, (max-width: 800px) 100vw, 800px\" \/><\/figure>\n","protected":false},"excerpt":{"rendered":"<p>Este verano podr\u00e1s disfrutar de muchos planes de aventura en la Comunitat Valenciana: tirolinas, escalada, buceo, vuelos en globo&#8230; <\/p>\n","protected":false},"author":123,"featured_media":199809,"comment_status":"open","ping_status":"open","sticky":false,"template":"","format":"standard","meta":{"_acf_changed":false,"om_disable_all_campaigns":false,"footnotes":""},"categories":[1379],"tags":[4232,469,1123,215,6267,217,523],"class_list":["post-199620","post","type-post","status-publish","format-standard","has-post-thumbnail","hentry","category-rutas-y-excursiones","tag-buceo","tag-que-ver-en-la-comunidad-valenciana","tag-escalada","tag-listado","tag-multiaventura","tag-verano","tag-via-ferrata"],"acf":[],"featured_image_src":"https:\/\/www.escapadarural.com\/blog\/wp-content\/uploads\/2025\/04\/AdobeStock_589638291.webp","author_info":{"display_name":"Raquel Andr\u00e9s","author_link":"https:\/\/www.escapadarural.com\/blog\/autor\/raquel\/"},"yoast_head":"<!-- This site is optimized with the Yoast SEO plugin v27.5 - https:\/\/yoast.com\/product\/yoast-seo-wordpress\/ -->\n<title>Planes de aventura en la Comunitat Valencina - EscapadaRural<\/title>\n<meta name=\"description\" content=\"Este verano podr\u00e1s disfrutar de muchos planes de aventura en la Comunitat Valenciana: tirolinas, escalada, buceo, vuelos en globo...\" \/>\n<meta name=\"robots\" content=\"index, follow, max-snippet:-1, max-image-preview:large, max-video-preview:-1\" \/>\n<link rel=\"canonical\" href=\"https:\/\/www.escapadarural.com\/blog\/planes-de-aventuras-en-la-comunitat-valenciana\/\" \/>\n<meta property=\"og:locale\" content=\"es_ES\" \/>\n<meta property=\"og:type\" content=\"article\" \/>\n<meta property=\"og:title\" content=\"Planes de aventura en la Comunitat Valencina - EscapadaRural\" \/>\n<meta property=\"og:description\" content=\"Este verano podr\u00e1s disfrutar de muchos planes de aventura en la Comunitat Valenciana: tirolinas, escalada, buceo, vuelos en globo...\" \/>\n<meta property=\"og:url\" content=\"https:\/\/www.escapadarural.com\/blog\/planes-de-aventuras-en-la-comunitat-valenciana\/\" \/>\n<meta property=\"og:site_name\" content=\"Magazine de viajes de EscapadaRural\" \/>\n<meta property=\"article:publisher\" content=\"https:\/\/www.facebook.com\/escapadarural\" \/>\n<meta property=\"article:published_time\" content=\"2025-05-02T11:49:01+00:00\" \/>\n<meta property=\"article:modified_time\" content=\"2025-05-02T11:49:08+00:00\" \/>\n<meta property=\"og:image\" content=\"https:\/\/app.escapadarural.com\/blog\/wp-content\/uploads\/2025\/04\/AdobeStock_589638291.webp\" \/>\n\t<meta property=\"og:image:width\" content=\"1024\" \/>\n\t<meta property=\"og:image:height\" content=\"684\" \/>\n\t<meta property=\"og:image:type\" content=\"image\/webp\" \/>\n<meta name=\"author\" content=\"Raquel Andr\u00e9s\" \/>\n<meta name=\"twitter:card\" content=\"summary_large_image\" \/>\n<meta name=\"twitter:label1\" content=\"Escrito por\" \/>\n\t<meta name=\"twitter:data1\" content=\"Raquel Andr\u00e9s\" \/>\n\t<meta name=\"twitter:label2\" content=\"Tiempo de lectura\" \/>\n\t<meta name=\"twitter:data2\" content=\"7 minutos\" \/>\n<script type=\"application\/ld+json\" class=\"yoast-schema-graph\">{\"@context\":\"https:\\\/\\\/schema.org\",\"@graph\":[{\"@type\":\"Article\",\"@id\":\"https:\\\/\\\/www.escapadarural.com\\\/blog\\\/planes-de-aventuras-en-la-comunitat-valenciana\\\/#article\",\"isPartOf\":{\"@id\":\"https:\\\/\\\/www.escapadarural.com\\\/blog\\\/planes-de-aventuras-en-la-comunitat-valenciana\\\/\"},\"author\":{\"name\":\"Raquel Andr\u00e9s\",\"@id\":\"https:\\\/\\\/www.escapadarural.com\\\/blog\\\/#\\\/schema\\\/person\\\/67be061eb00d8315fa8642e01b88c894\"},\"headline\":\"Un verano lleno de aventuras en la Comunitat Valenciana\",\"datePublished\":\"2025-05-02T11:49:01+00:00\",\"dateModified\":\"2025-05-02T11:49:08+00:00\",\"mainEntityOfPage\":{\"@id\":\"https:\\\/\\\/www.escapadarural.com\\\/blog\\\/planes-de-aventuras-en-la-comunitat-valenciana\\\/\"},\"wordCount\":1139,\"commentCount\":0,\"publisher\":{\"@id\":\"https:\\\/\\\/www.escapadarural.com\\\/blog\\\/#organization\"},\"image\":{\"@id\":\"https:\\\/\\\/www.escapadarural.com\\\/blog\\\/planes-de-aventuras-en-la-comunitat-valenciana\\\/#primaryimage\"},\"thumbnailUrl\":\"https:\\\/\\\/www.escapadarural.com\\\/blog\\\/wp-content\\\/uploads\\\/2025\\\/04\\\/AdobeStock_589638291.webp\",\"keywords\":[\"buceo\",\"Comunidad Valenciana\",\"Escalada\",\"Listado\",\"Multiaventura\",\"verano\",\"V\u00eda Ferrata\"],\"articleSection\":[\"Rutas y excursiones\"],\"inLanguage\":\"es\",\"potentialAction\":[{\"@type\":\"CommentAction\",\"name\":\"Comment\",\"target\":[\"https:\\\/\\\/www.escapadarural.com\\\/blog\\\/planes-de-aventuras-en-la-comunitat-valenciana\\\/#respond\"]}]},{\"@type\":\"WebPage\",\"@id\":\"https:\\\/\\\/www.escapadarural.com\\\/blog\\\/planes-de-aventuras-en-la-comunitat-valenciana\\\/\",\"url\":\"https:\\\/\\\/www.escapadarural.com\\\/blog\\\/planes-de-aventuras-en-la-comunitat-valenciana\\\/\",\"name\":\"Planes de aventura en la Comunitat Valencina - EscapadaRural\",\"isPartOf\":{\"@id\":\"https:\\\/\\\/www.escapadarural.com\\\/blog\\\/#website\"},\"primaryImageOfPage\":{\"@id\":\"https:\\\/\\\/www.escapadarural.com\\\/blog\\\/planes-de-aventuras-en-la-comunitat-valenciana\\\/#primaryimage\"},\"image\":{\"@id\":\"https:\\\/\\\/www.escapadarural.com\\\/blog\\\/planes-de-aventuras-en-la-comunitat-valenciana\\\/#primaryimage\"},\"thumbnailUrl\":\"https:\\\/\\\/www.escapadarural.com\\\/blog\\\/wp-content\\\/uploads\\\/2025\\\/04\\\/AdobeStock_589638291.webp\",\"datePublished\":\"2025-05-02T11:49:01+00:00\",\"dateModified\":\"2025-05-02T11:49:08+00:00\",\"description\":\"Este verano podr\u00e1s disfrutar de muchos planes de aventura en la Comunitat Valenciana: tirolinas, escalada, buceo, vuelos en globo...\",\"breadcrumb\":{\"@id\":\"https:\\\/\\\/www.escapadarural.com\\\/blog\\\/planes-de-aventuras-en-la-comunitat-valenciana\\\/#breadcrumb\"},\"inLanguage\":\"es\",\"potentialAction\":[{\"@type\":\"ReadAction\",\"target\":[\"https:\\\/\\\/www.escapadarural.com\\\/blog\\\/planes-de-aventuras-en-la-comunitat-valenciana\\\/\"]}]},{\"@type\":\"ImageObject\",\"inLanguage\":\"es\",\"@id\":\"https:\\\/\\\/www.escapadarural.com\\\/blog\\\/planes-de-aventuras-en-la-comunitat-valenciana\\\/#primaryimage\",\"url\":\"https:\\\/\\\/www.escapadarural.com\\\/blog\\\/wp-content\\\/uploads\\\/2025\\\/04\\\/AdobeStock_589638291.webp\",\"contentUrl\":\"https:\\\/\\\/www.escapadarural.com\\\/blog\\\/wp-content\\\/uploads\\\/2025\\\/04\\\/AdobeStock_589638291.webp\",\"width\":1024,\"height\":684,\"caption\":\"Buceo por la Isla de Tabarca. Por AquilonAquilon\"},{\"@type\":\"BreadcrumbList\",\"@id\":\"https:\\\/\\\/www.escapadarural.com\\\/blog\\\/planes-de-aventuras-en-la-comunitat-valenciana\\\/#breadcrumb\",\"itemListElement\":[{\"@type\":\"ListItem\",\"position\":1,\"name\":\"Inicio\",\"item\":\"https:\\\/\\\/www.escapadarural.com\\\/blog\\\/\"},{\"@type\":\"ListItem\",\"position\":2,\"name\":\"Rutas y excursiones\",\"item\":\"https:\\\/\\\/www.escapadarural.com\\\/blog\\\/categoria\\\/rutas-y-excursiones\\\/\"},{\"@type\":\"ListItem\",\"position\":3,\"name\":\"Un verano lleno de aventuras en la Comunitat Valenciana\"}]},{\"@type\":\"WebSite\",\"@id\":\"https:\\\/\\\/www.escapadarural.com\\\/blog\\\/#website\",\"url\":\"https:\\\/\\\/www.escapadarural.com\\\/blog\\\/\",\"name\":\"Blog de viajes | turismo rural, alojamientos e inspiraci\u00f3n\",\"description\":\"Alojamientos rurales e inspiraci\u00f3n para tus escapadas\",\"publisher\":{\"@id\":\"https:\\\/\\\/www.escapadarural.com\\\/blog\\\/#organization\"},\"alternateName\":\"Magazine de viajes de EscapadaRural\",\"potentialAction\":[{\"@type\":\"SearchAction\",\"target\":{\"@type\":\"EntryPoint\",\"urlTemplate\":\"https:\\\/\\\/www.escapadarural.com\\\/blog\\\/?s={search_term_string}\"},\"query-input\":{\"@type\":\"PropertyValueSpecification\",\"valueRequired\":true,\"valueName\":\"search_term_string\"}}],\"inLanguage\":\"es\"},{\"@type\":\"Organization\",\"@id\":\"https:\\\/\\\/www.escapadarural.com\\\/blog\\\/#organization\",\"name\":\"EscapadaRural\",\"url\":\"https:\\\/\\\/www.escapadarural.com\\\/blog\\\/\",\"logo\":{\"@type\":\"ImageObject\",\"inLanguage\":\"es\",\"@id\":\"https:\\\/\\\/www.escapadarural.com\\\/blog\\\/#\\\/schema\\\/logo\\\/image\\\/\",\"url\":\"https:\\\/\\\/www.escapadarural.com\\\/blog\\\/wp-content\\\/uploads\\\/2024\\\/10\\\/cropped-cropped-escapada-rural-icon-mag-3.png\",\"contentUrl\":\"https:\\\/\\\/www.escapadarural.com\\\/blog\\\/wp-content\\\/uploads\\\/2024\\\/10\\\/cropped-cropped-escapada-rural-icon-mag-3.png\",\"width\":512,\"height\":512,\"caption\":\"EscapadaRural\"},\"image\":{\"@id\":\"https:\\\/\\\/www.escapadarural.com\\\/blog\\\/#\\\/schema\\\/logo\\\/image\\\/\"},\"sameAs\":[\"https:\\\/\\\/www.facebook.com\\\/escapadarural\",\"https:\\\/\\\/www.instagram.com\\\/escapadarural\\\/\",\"https:\\\/\\\/www.youtube.com\\\/@escapadaruralcom\"]},{\"@type\":\"Person\",\"@id\":\"https:\\\/\\\/www.escapadarural.com\\\/blog\\\/#\\\/schema\\\/person\\\/67be061eb00d8315fa8642e01b88c894\",\"name\":\"Raquel Andr\u00e9s\",\"image\":{\"@type\":\"ImageObject\",\"inLanguage\":\"es\",\"@id\":\"https:\\\/\\\/secure.gravatar.com\\\/avatar\\\/b45840531462f3cafb335a9fc5c0bfda2c07c3df4b82b304b923526b85cc6cb5?s=96&d=mm&r=g\",\"url\":\"https:\\\/\\\/secure.gravatar.com\\\/avatar\\\/b45840531462f3cafb335a9fc5c0bfda2c07c3df4b82b304b923526b85cc6cb5?s=96&d=mm&r=g\",\"contentUrl\":\"https:\\\/\\\/secure.gravatar.com\\\/avatar\\\/b45840531462f3cafb335a9fc5c0bfda2c07c3df4b82b304b923526b85cc6cb5?s=96&d=mm&r=g\",\"caption\":\"Raquel Andr\u00e9s\"},\"description\":\"Periodista y aventurera. Me has podido leer en Escapada Rural, Diari Nosaltres La Veu, La Vanguardia, El Salto y otros medios. Habitante y amante de las zonas rurales, sea cual sea el destino. Procuro escaparme una vez por semana con las botas de monta\u00f1a, el arn\u00e9s o el neopreno. Tambi\u00e9n soy un intento de baserritarra.\",\"url\":\"https:\\\/\\\/www.escapadarural.com\\\/blog\\\/autor\\\/raquel\\\/\"}]}<\/script>\n<!-- \/ Yoast SEO plugin. -->","yoast_head_json":{"title":"Planes de aventura en la Comunitat Valencina - EscapadaRural","description":"Este verano podr\u00e1s disfrutar de muchos planes de aventura en la Comunitat Valenciana: tirolinas, escalada, buceo, vuelos en globo...","robots":{"index":"index","follow":"follow","max-snippet":"max-snippet:-1","max-image-preview":"max-image-preview:large","max-video-preview":"max-video-preview:-1"},"canonical":"https:\/\/www.escapadarural.com\/blog\/planes-de-aventuras-en-la-comunitat-valenciana\/","og_locale":"es_ES","og_type":"article","og_title":"Planes de aventura en la Comunitat Valencina - EscapadaRural","og_description":"Este verano podr\u00e1s disfrutar de muchos planes de aventura en la Comunitat Valenciana: tirolinas, escalada, buceo, vuelos en globo...","og_url":"https:\/\/www.escapadarural.com\/blog\/planes-de-aventuras-en-la-comunitat-valenciana\/","og_site_name":"Magazine de viajes de EscapadaRural","article_publisher":"https:\/\/www.facebook.com\/escapadarural","article_published_time":"2025-05-02T11:49:01+00:00","article_modified_time":"2025-05-02T11:49:08+00:00","og_image":[{"width":1024,"height":684,"url":"https:\/\/app.escapadarural.com\/blog\/wp-content\/uploads\/2025\/04\/AdobeStock_589638291.webp","type":"image\/webp"}],"author":"Raquel Andr\u00e9s","twitter_card":"summary_large_image","twitter_misc":{"Escrito por":"Raquel Andr\u00e9s","Tiempo de lectura":"7 minutos"},"schema":{"@context":"https:\/\/schema.org","@graph":[{"@type":"Article","@id":"https:\/\/www.escapadarural.com\/blog\/planes-de-aventuras-en-la-comunitat-valenciana\/#article","isPartOf":{"@id":"https:\/\/www.escapadarural.com\/blog\/planes-de-aventuras-en-la-comunitat-valenciana\/"},"author":{"name":"Raquel Andr\u00e9s","@id":"https:\/\/www.escapadarural.com\/blog\/#\/schema\/person\/67be061eb00d8315fa8642e01b88c894"},"headline":"Un verano lleno de aventuras en la Comunitat Valenciana","datePublished":"2025-05-02T11:49:01+00:00","dateModified":"2025-05-02T11:49:08+00:00","mainEntityOfPage":{"@id":"https:\/\/www.escapadarural.com\/blog\/planes-de-aventuras-en-la-comunitat-valenciana\/"},"wordCount":1139,"commentCount":0,"publisher":{"@id":"https:\/\/www.escapadarural.com\/blog\/#organization"},"image":{"@id":"https:\/\/www.escapadarural.com\/blog\/planes-de-aventuras-en-la-comunitat-valenciana\/#primaryimage"},"thumbnailUrl":"https:\/\/www.escapadarural.com\/blog\/wp-content\/uploads\/2025\/04\/AdobeStock_589638291.webp","keywords":["buceo","Comunidad Valenciana","Escalada","Listado","Multiaventura","verano","V\u00eda Ferrata"],"articleSection":["Rutas y excursiones"],"inLanguage":"es","potentialAction":[{"@type":"CommentAction","name":"Comment","target":["https:\/\/www.escapadarural.com\/blog\/planes-de-aventuras-en-la-comunitat-valenciana\/#respond"]}]},{"@type":"WebPage","@id":"https:\/\/www.escapadarural.com\/blog\/planes-de-aventuras-en-la-comunitat-valenciana\/","url":"https:\/\/www.escapadarural.com\/blog\/planes-de-aventuras-en-la-comunitat-valenciana\/","name":"Planes de aventura en la Comunitat Valencina - EscapadaRural","isPartOf":{"@id":"https:\/\/www.escapadarural.com\/blog\/#website"},"primaryImageOfPage":{"@id":"https:\/\/www.escapadarural.com\/blog\/planes-de-aventuras-en-la-comunitat-valenciana\/#primaryimage"},"image":{"@id":"https:\/\/www.escapadarural.com\/blog\/planes-de-aventuras-en-la-comunitat-valenciana\/#primaryimage"},"thumbnailUrl":"https:\/\/www.escapadarural.com\/blog\/wp-content\/uploads\/2025\/04\/AdobeStock_589638291.webp","datePublished":"2025-05-02T11:49:01+00:00","dateModified":"2025-05-02T11:49:08+00:00","description":"Este verano podr\u00e1s disfrutar de muchos planes de aventura en la Comunitat Valenciana: tirolinas, escalada, buceo, vuelos en globo...","breadcrumb":{"@id":"https:\/\/www.escapadarural.com\/blog\/planes-de-aventuras-en-la-comunitat-valenciana\/#breadcrumb"},"inLanguage":"es","potentialAction":[{"@type":"ReadAction","target":["https:\/\/www.escapadarural.com\/blog\/planes-de-aventuras-en-la-comunitat-valenciana\/"]}]},{"@type":"ImageObject","inLanguage":"es","@id":"https:\/\/www.escapadarural.com\/blog\/planes-de-aventuras-en-la-comunitat-valenciana\/#primaryimage","url":"https:\/\/www.escapadarural.com\/blog\/wp-content\/uploads\/2025\/04\/AdobeStock_589638291.webp","contentUrl":"https:\/\/www.escapadarural.com\/blog\/wp-content\/uploads\/2025\/04\/AdobeStock_589638291.webp","width":1024,"height":684,"caption":"Buceo por la Isla de Tabarca. Por AquilonAquilon"},{"@type":"BreadcrumbList","@id":"https:\/\/www.escapadarural.com\/blog\/planes-de-aventuras-en-la-comunitat-valenciana\/#breadcrumb","itemListElement":[{"@type":"ListItem","position":1,"name":"Inicio","item":"https:\/\/www.escapadarural.com\/blog\/"},{"@type":"ListItem","position":2,"name":"Rutas y excursiones","item":"https:\/\/www.escapadarural.com\/blog\/categoria\/rutas-y-excursiones\/"},{"@type":"ListItem","position":3,"name":"Un verano lleno de aventuras en la Comunitat Valenciana"}]},{"@type":"WebSite","@id":"https:\/\/www.escapadarural.com\/blog\/#website","url":"https:\/\/www.escapadarural.com\/blog\/","name":"Blog de viajes | turismo rural, alojamientos e inspiraci\u00f3n","description":"Alojamientos rurales e inspiraci\u00f3n para tus escapadas","publisher":{"@id":"https:\/\/www.escapadarural.com\/blog\/#organization"},"alternateName":"Magazine de viajes de EscapadaRural","potentialAction":[{"@type":"SearchAction","target":{"@type":"EntryPoint","urlTemplate":"https:\/\/www.escapadarural.com\/blog\/?s={search_term_string}"},"query-input":{"@type":"PropertyValueSpecification","valueRequired":true,"valueName":"search_term_string"}}],"inLanguage":"es"},{"@type":"Organization","@id":"https:\/\/www.escapadarural.com\/blog\/#organization","name":"EscapadaRural","url":"https:\/\/www.escapadarural.com\/blog\/","logo":{"@type":"ImageObject","inLanguage":"es","@id":"https:\/\/www.escapadarural.com\/blog\/#\/schema\/logo\/image\/","url":"https:\/\/www.escapadarural.com\/blog\/wp-content\/uploads\/2024\/10\/cropped-cropped-escapada-rural-icon-mag-3.png","contentUrl":"https:\/\/www.escapadarural.com\/blog\/wp-content\/uploads\/2024\/10\/cropped-cropped-escapada-rural-icon-mag-3.png","width":512,"height":512,"caption":"EscapadaRural"},"image":{"@id":"https:\/\/www.escapadarural.com\/blog\/#\/schema\/logo\/image\/"},"sameAs":["https:\/\/www.facebook.com\/escapadarural","https:\/\/www.instagram.com\/escapadarural\/","https:\/\/www.youtube.com\/@escapadaruralcom"]},{"@type":"Person","@id":"https:\/\/www.escapadarural.com\/blog\/#\/schema\/person\/67be061eb00d8315fa8642e01b88c894","name":"Raquel Andr\u00e9s","image":{"@type":"ImageObject","inLanguage":"es","@id":"https:\/\/secure.gravatar.com\/avatar\/b45840531462f3cafb335a9fc5c0bfda2c07c3df4b82b304b923526b85cc6cb5?s=96&d=mm&r=g","url":"https:\/\/secure.gravatar.com\/avatar\/b45840531462f3cafb335a9fc5c0bfda2c07c3df4b82b304b923526b85cc6cb5?s=96&d=mm&r=g","contentUrl":"https:\/\/secure.gravatar.com\/avatar\/b45840531462f3cafb335a9fc5c0bfda2c07c3df4b82b304b923526b85cc6cb5?s=96&d=mm&r=g","caption":"Raquel Andr\u00e9s"},"description":"Periodista y aventurera. Me has podido leer en Escapada Rural, Diari Nosaltres La Veu, La Vanguardia, El Salto y otros medios. Habitante y amante de las zonas rurales, sea cual sea el destino. Procuro escaparme una vez por semana con las botas de monta\u00f1a, el arn\u00e9s o el neopreno. Tambi\u00e9n soy un intento de baserritarra.","url":"https:\/\/www.escapadarural.com\/blog\/autor\/raquel\/"}]}},"_links":{"self":[{"href":"https:\/\/www.escapadarural.com\/blog\/wp-json\/wp\/v2\/posts\/199620","targetHints":{"allow":["GET"]}}],"collection":[{"href":"https:\/\/www.escapadarural.com\/blog\/wp-json\/wp\/v2\/posts"}],"about":[{"href":"https:\/\/www.escapadarural.com\/blog\/wp-json\/wp\/v2\/types\/post"}],"author":[{"embeddable":true,"href":"https:\/\/www.escapadarural.com\/blog\/wp-json\/wp\/v2\/users\/123"}],"replies":[{"embeddable":true,"href":"https:\/\/www.escapadarural.com\/blog\/wp-json\/wp\/v2\/comments?post=199620"}],"version-history":[{"count":0,"href":"https:\/\/www.escapadarural.com\/blog\/wp-json\/wp\/v2\/posts\/199620\/revisions"}],"wp:featuredmedia":[{"embeddable":true,"href":"https:\/\/www.escapadarural.com\/blog\/wp-json\/wp\/v2\/media\/199809"}],"wp:attachment":[{"href":"https:\/\/www.escapadarural.com\/blog\/wp-json\/wp\/v2\/media?parent=199620"}],"wp:term":[{"taxonomy":"category","embeddable":true,"href":"https:\/\/www.escapadarural.com\/blog\/wp-json\/wp\/v2\/categories?post=199620"},{"taxonomy":"post_tag","embeddable":true,"href":"https:\/\/www.escapadarural.com\/blog\/wp-json\/wp\/v2\/tags?post=199620"}],"curies":[{"name":"wp","href":"https:\/\/api.w.org\/{rel}","templated":true}]}}