{"id":199630,"date":"2025-05-04T13:33:12","date_gmt":"2025-05-04T11:33:12","guid":{"rendered":"https:\/\/www.escapadarural.com\/blog\/?p=199630"},"modified":"2025-05-06T14:00:41","modified_gmt":"2025-05-06T12:00:41","slug":"destinos-refrescantes-en-la-comunitat-valenciana","status":"publish","type":"post","link":"https:\/\/www.escapadarural.com\/blog\/destinos-refrescantes-en-la-comunitat-valenciana\/","title":{"rendered":"6 destinos naturales para refrescarse este verano en la Comunitat Valenciana"},"content":{"rendered":"\n<p>Aprovecha las elevadas temperaturas del <strong>verano <\/strong>para hacer planes de <em>\u201cslow life\u201d<\/em>, de vida tranquila, olvid\u00e1ndote del reloj, de los horarios, de las preocupaciones y de las obligaciones. Come cuando tengas hambre y no cuando te lo marque el descanso del trabajo. Cena a la fresca, bajo la luz de la luna y volviendo a ver las estrellas en destinos sin contaminaci\u00f3n lum\u00ednica. La <strong>Comunitat Valenciana<\/strong> es un destino privilegiado para todo esto en verano.<\/p>\n\n\n\n<p>Lejos de las grandes masificaciones de la costa, la geograf\u00eda valenciana tiene entornos naturales espectaculares y tranquilos donde desconectar de la rutina y con <strong>pozas y saltos de agua<\/strong> en los que refrescarse cuando aprieta el calor.<\/p>\n\n\n\n<div class=\"wp-block-buttons is-layout-flex wp-block-buttons-is-layout-flex\">\n<div class=\"wp-block-button\"><a class=\"wp-block-button__link wp-element-button\" href=\"\/casas-rurales\/comunidad-valenciana\">Alojamientos rurales en la Comunitat Valenciana<\/a><\/div>\n<\/div>\n\n\n\n<h2 class=\"wp-block-heading\" id=\"h-les-fonts-de-l-algar-en-callosa-d-en-sarria-alicante\"><strong>Les Fonts de l\u2019Algar, en Callosa d\u2019en Sarri\u00e0 (<a href=\"\/casas-rurales\/alicante\">Alicante<\/a>)<\/strong><\/h2>\n\n\n\n<figure class=\"wp-block-image size-full\"><img loading=\"lazy\" decoding=\"async\" width=\"1024\" height=\"771\" src=\"https:\/\/www.escapadarural.com\/blog\/wp-content\/uploads\/2025\/04\/AdobeStock_531331682h.webp\" alt=\"\" class=\"wp-image-199634\" srcset=\"https:\/\/www.escapadarural.com\/blog\/wp-content\/uploads\/2025\/04\/AdobeStock_531331682h-200x151.webp 200w, https:\/\/www.escapadarural.com\/blog\/wp-content\/uploads\/2025\/04\/AdobeStock_531331682h-300x226.webp 300w, https:\/\/www.escapadarural.com\/blog\/wp-content\/uploads\/2025\/04\/AdobeStock_531331682h-400x301.webp 400w, https:\/\/www.escapadarural.com\/blog\/wp-content\/uploads\/2025\/04\/AdobeStock_531331682h-600x452.webp 600w, https:\/\/www.escapadarural.com\/blog\/wp-content\/uploads\/2025\/04\/AdobeStock_531331682h-768x578.webp 768w, https:\/\/www.escapadarural.com\/blog\/wp-content\/uploads\/2025\/04\/AdobeStock_531331682h-800x602.webp 800w, https:\/\/www.escapadarural.com\/blog\/wp-content\/uploads\/2025\/04\/AdobeStock_531331682h.webp 1024w\" sizes=\"auto, (max-width: 1024px) 100vw, 1024px\" \/><figcaption class=\"wp-element-caption\">Fonts d&#8217;Algar. Por Gustavo Mu\u00f1oz<\/figcaption><\/figure>\n\n\n\n<p>Es una de las joyas naturales de la provincia de Alicante, a solo 15 kil\u00f3metros de <strong>Benidorm<\/strong>. Est\u00e1 declarado desde 2002 como Zona H\u00fameda Protegida y tiene una gran riqueza ecol\u00f3gica. Es algo as\u00ed como un parque tem\u00e1tico del agua, donde todo su recorrido es natural, formando fuentes, cascadas, manantiales, pozas (aqu\u00ed se llaman \u201ctolls\u201d) en las que te puedes ba\u00f1ar, acequias centenarias todav\u00eda en uso\u2026<\/p>\n\n\n\n<p>Debido al turismo que visita el espacio, est\u00e1 muy bien preparado para las visitas, con consignas y \u00e1reas de picnic con mesas, sombras, aseos, m\u00e1quina de refrescos y zona de juegos infantiles. Durante el verano hay socorristas que velan por la seguridad de los ba\u00f1istas. Adem\u00e1s, fuera del recinto hay otro merendero, restaurantes y un camping. Antiguamente se consideraba que las aguas de les <strong>Fonts de l\u2019Algar<\/strong> eran \u201cfuente de salud\u201d.<\/p>\n\n\n\n<h2 class=\"wp-block-heading\" id=\"h-la-reserva-natural-marina-de-irta-castellon\"><strong>La Reserva Natural Marina de Irta (<a href=\"\/casas-rurales\/castellon\">Castell\u00f3n<\/a>)<\/strong><\/h2>\n\n\n\n<figure class=\"wp-block-image size-full\"><img loading=\"lazy\" decoding=\"async\" width=\"1024\" height=\"682\" src=\"https:\/\/www.escapadarural.com\/blog\/wp-content\/uploads\/2025\/04\/AdobeStock_449857307.webp\" alt=\"Reserva Marina de Irta, Castell\u00f3n\" class=\"wp-image-199759\" srcset=\"https:\/\/www.escapadarural.com\/blog\/wp-content\/uploads\/2025\/04\/AdobeStock_449857307-200x133.webp 200w, https:\/\/www.escapadarural.com\/blog\/wp-content\/uploads\/2025\/04\/AdobeStock_449857307-300x200.webp 300w, https:\/\/www.escapadarural.com\/blog\/wp-content\/uploads\/2025\/04\/AdobeStock_449857307-400x266.webp 400w, https:\/\/www.escapadarural.com\/blog\/wp-content\/uploads\/2025\/04\/AdobeStock_449857307-600x400.webp 600w, https:\/\/www.escapadarural.com\/blog\/wp-content\/uploads\/2025\/04\/AdobeStock_449857307-768x512.webp 768w, https:\/\/www.escapadarural.com\/blog\/wp-content\/uploads\/2025\/04\/AdobeStock_449857307-800x533.webp 800w, https:\/\/www.escapadarural.com\/blog\/wp-content\/uploads\/2025\/04\/AdobeStock_449857307.webp 1024w\" sizes=\"auto, (max-width: 1024px) 100vw, 1024px\" \/><figcaption class=\"wp-element-caption\">Reserva Marina de Irta, Castell\u00f3n. Por Germ\u00e1n Zeiler<\/figcaption><\/figure>\n\n\n\n<p>Entre Pe\u00f1\u00edscola, Santa Magdalena de Pulpis y Alcal\u00e0 de Xivert\/Alcossebre est\u00e1 el <strong>Parque Natural de Serra d&#8217;Irta<\/strong>, una cadena monta\u00f1osa que se alza junto al mar Mediterr\u00e1neo formando un litoral de 12 kil\u00f3metros de peque\u00f1as calas de arena y roca. Es un precioso paraje natural no demasiado conocido.<\/p>\n\n\n\n<p>Puedes descubrir la zona con diferentes actividades como buceo (se requiere autorizaci\u00f3n, por lo que hay que ir con gu\u00eda o empresa especializada) y paseos en barco con avistamiento de aves y ba\u00f1o en la reserva marina. Desde el mar se pueden divisar uno de los vestigios hist\u00f3ricos m\u00e1s importantes de la zona: la <strong>Torre Badum<\/strong>, una construcci\u00f3n del siglo XVI que serv\u00eda de vig\u00eda, y la ermita de Santa Ll\u00facia.<\/p>\n\n\n\n<h2 class=\"wp-block-heading\" id=\"h-los-charcos-de-quesa-valencia\"><strong>Los Charcos de Quesa (<a href=\"\/casas-rurales\/valencia\">Valencia<\/a><\/strong>)<\/h2>\n\n\n\n<figure class=\"wp-block-image size-full\"><img loading=\"lazy\" decoding=\"async\" width=\"1024\" height=\"565\" src=\"https:\/\/www.escapadarural.com\/blog\/wp-content\/uploads\/2025\/04\/AdobeStock_435828732.webp\" alt=\"Charcos de Quesa, destinos naturales de la Comunitat Valenciana\" class=\"wp-image-199761\" srcset=\"https:\/\/www.escapadarural.com\/blog\/wp-content\/uploads\/2025\/04\/AdobeStock_435828732-200x110.webp 200w, https:\/\/www.escapadarural.com\/blog\/wp-content\/uploads\/2025\/04\/AdobeStock_435828732-300x166.webp 300w, https:\/\/www.escapadarural.com\/blog\/wp-content\/uploads\/2025\/04\/AdobeStock_435828732-400x221.webp 400w, https:\/\/www.escapadarural.com\/blog\/wp-content\/uploads\/2025\/04\/AdobeStock_435828732-600x331.webp 600w, https:\/\/www.escapadarural.com\/blog\/wp-content\/uploads\/2025\/04\/AdobeStock_435828732-768x424.webp 768w, https:\/\/www.escapadarural.com\/blog\/wp-content\/uploads\/2025\/04\/AdobeStock_435828732-800x441.webp 800w, https:\/\/www.escapadarural.com\/blog\/wp-content\/uploads\/2025\/04\/AdobeStock_435828732.webp 1024w\" sizes=\"auto, (max-width: 1024px) 100vw, 1024px\" \/><figcaption class=\"wp-element-caption\">Charcos de Quesa, Valencia. Por Hector<\/figcaption><\/figure>\n\n\n\n<p>Es un entorno natural repleto de agua fresca para relajarse y pegarse un chapuz\u00f3n en verano. Est\u00e1 a 7 kil\u00f3metros del municipio de <strong>Quesa<\/strong>, en la comarca de La Canal de Navarr\u00e9s de Valencia, y forma parte de la Red Natura 2000. Tiene cuatro piscinas naturales que est\u00e1n excavadas por el agua en el lecho del r\u00edo Grande: el Charco de la Horteta, el de las Fuentes, la Ba\u00f1era y el Charco del Chorro de Corbera, con una espectacular cascada de agua.<\/p>\n\n\n\n<p>En verano, en \u00e9pocas de mucha afluencia, se abona una ecotasa econ\u00f3mica que contribuye al mantenimiento y limpieza de la zona. Las <strong>piscinas <\/strong>est\u00e1n rodeadas de monta\u00f1as y de vegetaci\u00f3n t\u00edpicamente mediterr\u00e1nea, con pinos y monte bajo. Junto a ellas, se ha habilitado un \u00e1rea recreativa con sombras, fuente, mesas y aseos. \u00a1Hay hasta una v\u00eda ferrata para los m\u00e1s aventureros!<\/p>\n\n\n\n<h2 class=\"wp-block-heading\" id=\"h-el-marjal-i-estanys-d-almenara-castellon\"><strong>El Marjal i Estanys d\u2019Almenara (Castell\u00f3n<\/strong>)<\/h2>\n\n\n\n<figure class=\"wp-block-image size-full\"><img loading=\"lazy\" decoding=\"async\" width=\"1024\" height=\"576\" src=\"https:\/\/www.escapadarural.com\/blog\/wp-content\/uploads\/2025\/04\/AdobeStock_472076353.webp\" alt=\"Destinos refrescantes en la Comunitat Valenciana: El Marjal, Castell\u00f3n\" class=\"wp-image-199770\" srcset=\"https:\/\/www.escapadarural.com\/blog\/wp-content\/uploads\/2025\/04\/AdobeStock_472076353-200x113.webp 200w, https:\/\/www.escapadarural.com\/blog\/wp-content\/uploads\/2025\/04\/AdobeStock_472076353-300x169.webp 300w, https:\/\/www.escapadarural.com\/blog\/wp-content\/uploads\/2025\/04\/AdobeStock_472076353-400x225.webp 400w, https:\/\/www.escapadarural.com\/blog\/wp-content\/uploads\/2025\/04\/AdobeStock_472076353-600x338.webp 600w, https:\/\/www.escapadarural.com\/blog\/wp-content\/uploads\/2025\/04\/AdobeStock_472076353-768x432.webp 768w, https:\/\/www.escapadarural.com\/blog\/wp-content\/uploads\/2025\/04\/AdobeStock_472076353-800x450.webp 800w, https:\/\/www.escapadarural.com\/blog\/wp-content\/uploads\/2025\/04\/AdobeStock_472076353.webp 1024w\" sizes=\"auto, (max-width: 1024px) 100vw, 1024px\" \/><figcaption class=\"wp-element-caption\">El Marjal, Castell\u00f3n. Molinero de G\u00fadar<\/figcaption><\/figure>\n\n\n\n<p>Las aguas de la <strong>Sierra de Espad\u00e1n<\/strong> de Castell\u00f3n fluyen hacia el mar a trav\u00e9s de manantiales y recorridos subterr\u00e1neos hasta emerger, de nuevo, en el Marjal i Estanys d\u2019Almenara, junto al mar Mediterr\u00e1neo. Aqu\u00ed se forma un precioso paraje natural formado por tres lagunas de agua dulce entre moreras, restos de la importancia que tuvo la industria de la seda en el siglo XVII en esta zona.<\/p>\n\n\n\n<p>Puedes conocer todas las lagunas con el sencillo recorrido circular de 1,5 kil\u00f3metros,<strong> ideal para hacer en familia<\/strong> y que tambi\u00e9n pasa por yacimientos arqueol\u00f3gicos y permite el avistamiento de aves. Uno de los rincones m\u00e1s interesantes es L\u2019Ullal, la obertura por la que vuelve a la superficie el agua subterr\u00e1nea de la Sierra de Espad\u00e1n. Al tratarse de humedales, no son aptos para el ba\u00f1o, pero muy cerca est\u00e1n las playas de Almenara.<\/p>\n\n\n\n<h2 class=\"wp-block-heading\" id=\"h-el-toll-blau-de-banyeres-de-mariola-alicant-e\"><strong>El Toll Blau de Banyeres de Mariola (Alicant<\/strong>e)<\/h2>\n\n\n\n<figure class=\"wp-block-image size-full\"><img loading=\"lazy\" decoding=\"async\" width=\"1024\" height=\"682\" src=\"https:\/\/www.escapadarural.com\/blog\/wp-content\/uploads\/2025\/04\/AdobeStock_366240579.webp\" alt=\"Banyeres de Mariola, Alicante\" class=\"wp-image-199771\" srcset=\"https:\/\/www.escapadarural.com\/blog\/wp-content\/uploads\/2025\/04\/AdobeStock_366240579-200x133.webp 200w, https:\/\/www.escapadarural.com\/blog\/wp-content\/uploads\/2025\/04\/AdobeStock_366240579-300x200.webp 300w, https:\/\/www.escapadarural.com\/blog\/wp-content\/uploads\/2025\/04\/AdobeStock_366240579-400x266.webp 400w, https:\/\/www.escapadarural.com\/blog\/wp-content\/uploads\/2025\/04\/AdobeStock_366240579-600x400.webp 600w, https:\/\/www.escapadarural.com\/blog\/wp-content\/uploads\/2025\/04\/AdobeStock_366240579-768x512.webp 768w, https:\/\/www.escapadarural.com\/blog\/wp-content\/uploads\/2025\/04\/AdobeStock_366240579-800x533.webp 800w, https:\/\/www.escapadarural.com\/blog\/wp-content\/uploads\/2025\/04\/AdobeStock_366240579.webp 1024w\" sizes=\"auto, (max-width: 1024px) 100vw, 1024px\" \/><figcaption class=\"wp-element-caption\">Banyeres de Mariola, Alicante. Por Pablo Eskuder<\/figcaption><\/figure>\n\n\n\n<p>El <strong>Parque Natural de la Sierra de Mariola<\/strong>, desde Banyeres de Mariola, alberga un tesoro natural muy refrescante para el verano: el Toll Blau. Se trata de una cascada con poza de colores turquesas que vienen del r\u00edo Vinalop\u00f3. Un rinc\u00f3n id\u00edlico donde el agua est\u00e1 muy fr\u00eda incluso en verano, ya que el sol entra muy poco.<\/p>\n\n\n\n<p>Est\u00e1 prohibido llegar en coche, as\u00ed que hay que aparcar en el Centro de Informaci\u00f3n e Interpretaci\u00f3n del Parque Natural de la Sierra de Mariola. Desde ah\u00ed hay que seguir las indicaciones (flechas azules) para llegar hasta la <strong>Font de la Coveta<\/strong>. En ese punto se desciende por un camino a la izquierda que discurre entre puertas naturales hechas por la vegetaci\u00f3n y que dibujan un paisaje de cuento.<\/p>\n\n\n\n<h2 class=\"wp-block-heading\" id=\"h-el-pou-clar-de-ontinyent-valencia\"><strong>El Pou Clar de Ontinyent (Valencia)<\/strong><\/h2>\n\n\n\n<figure class=\"wp-block-image size-full\"><img loading=\"lazy\" decoding=\"async\" width=\"1024\" height=\"683\" src=\"https:\/\/www.escapadarural.com\/blog\/wp-content\/uploads\/2025\/03\/AdobeStock_64848791-1.webp\" alt=\"Pou Clar de Ontinyent, Valencia\" class=\"wp-image-195540\" srcset=\"https:\/\/www.escapadarural.com\/blog\/wp-content\/uploads\/2025\/03\/AdobeStock_64848791-1-200x133.webp 200w, https:\/\/www.escapadarural.com\/blog\/wp-content\/uploads\/2025\/03\/AdobeStock_64848791-1-300x200.webp 300w, https:\/\/www.escapadarural.com\/blog\/wp-content\/uploads\/2025\/03\/AdobeStock_64848791-1-400x267.webp 400w, https:\/\/www.escapadarural.com\/blog\/wp-content\/uploads\/2025\/03\/AdobeStock_64848791-1-600x400.webp 600w, https:\/\/www.escapadarural.com\/blog\/wp-content\/uploads\/2025\/03\/AdobeStock_64848791-1-768x512.webp 768w, https:\/\/www.escapadarural.com\/blog\/wp-content\/uploads\/2025\/03\/AdobeStock_64848791-1-800x534.webp 800w, https:\/\/www.escapadarural.com\/blog\/wp-content\/uploads\/2025\/03\/AdobeStock_64848791-1.webp 1024w\" sizes=\"auto, (max-width: 1024px) 100vw, 1024px\" \/><figcaption class=\"wp-element-caption\">Pou Clar. Por Fotomicar<\/figcaption><\/figure>\n\n\n\n<p>El <strong>Pou Clar de Ontinyent<\/strong> es uno de esos tesoros naturales que debes visitar en verano en la Comunitat Valenciana. Es un paraje encajonado repleto de pozas formadas de forma natural por el r\u00edo Clariano. La ruta entera para verlas todas tiene unos 10 kil\u00f3metros y es circular, pero es sencilla y apta para hacer con peques. O si lo prefieres, te puedes quedar en las primeras y disfrutar de un ba\u00f1o refrescante.<\/p>\n\n\n\n<p>Hasta la zona de Pou Clar no se puede acceder en veh\u00edculo motorizado, as\u00ed que hay que aparcar en la piscina cubierta de <strong>Ontinyent <\/strong>o en el parking del Campus Universitario e ir caminando o en bici (son unos dos kil\u00f3metros) a trav\u00e9s de un paseo agradable entre vegetaci\u00f3n t\u00edpica mediterr\u00e1nea. Debido a la gran acogida que tiene, en julio y agosto hay que reservar<a href=\"https:\/\/reservespouclar.es\/es\/\" target=\"_blank\" rel=\"noreferrer noopener nofollow\"> en su portal web<\/a>.<\/p>\n\n\n\n<figure class=\"wp-block-image size-full\"><img loading=\"lazy\" decoding=\"async\" width=\"800\" height=\"150\" src=\"https:\/\/www.escapadarural.com\/blog\/wp-content\/uploads\/2025\/03\/Logo-CVAL-25.webp\" alt=\"Logo Comunitat Valenciana 2025\" class=\"wp-image-196133\" srcset=\"https:\/\/www.escapadarural.com\/blog\/wp-content\/uploads\/2025\/03\/Logo-CVAL-25-200x38.webp 200w, https:\/\/www.escapadarural.com\/blog\/wp-content\/uploads\/2025\/03\/Logo-CVAL-25-300x56.webp 300w, https:\/\/www.escapadarural.com\/blog\/wp-content\/uploads\/2025\/03\/Logo-CVAL-25-400x75.webp 400w, https:\/\/www.escapadarural.com\/blog\/wp-content\/uploads\/2025\/03\/Logo-CVAL-25-600x113.webp 600w, https:\/\/www.escapadarural.com\/blog\/wp-content\/uploads\/2025\/03\/Logo-CVAL-25-768x144.webp 768w, https:\/\/www.escapadarural.com\/blog\/wp-content\/uploads\/2025\/03\/Logo-CVAL-25.webp 800w\" sizes=\"auto, (max-width: 800px) 100vw, 800px\" \/><\/figure>\n","protected":false},"excerpt":{"rendered":"<p>Aprovecha las elevadas temperaturas del verano para hacer una escapada refrescante en la Comunitat Valenciana<\/p>\n","protected":false},"author":123,"featured_media":199634,"comment_status":"open","ping_status":"open","sticky":false,"template":"","format":"standard","meta":{"_acf_changed":false,"om_disable_all_campaigns":false,"footnotes":""},"categories":[191],"tags":[674,496,469,777,602,217],"class_list":["post-199630","post","type-post","status-publish","format-standard","has-post-thumbnail","hentry","category-destinos","tag-que-ver-en-alicante","tag-que-ver-en-castellon","tag-que-ver-en-la-comunidad-valenciana","tag-piscinas-naturales","tag-que-ver-en-valencia","tag-verano"],"acf":[],"featured_image_src":"https:\/\/www.escapadarural.com\/blog\/wp-content\/uploads\/2025\/04\/AdobeStock_531331682h.webp","author_info":{"display_name":"Raquel Andr\u00e9s","author_link":"https:\/\/www.escapadarural.com\/blog\/autor\/raquel\/"},"yoast_head":"<!-- This site is optimized with the Yoast SEO plugin v27.5 - https:\/\/yoast.com\/product\/yoast-seo-wordpress\/ -->\n<title>Destinos refrescantes en la Comunitat Valenciana - EscapadaRural<\/title>\n<meta name=\"description\" content=\"Aprovecha las elevadas temperaturas del verano para hacer una escapada refrescante en la Comunitat Valenciana\" \/>\n<meta name=\"robots\" content=\"index, follow, max-snippet:-1, max-image-preview:large, max-video-preview:-1\" \/>\n<link rel=\"canonical\" href=\"https:\/\/www.escapadarural.com\/blog\/destinos-refrescantes-en-la-comunitat-valenciana\/\" \/>\n<meta property=\"og:locale\" content=\"es_ES\" \/>\n<meta property=\"og:type\" content=\"article\" \/>\n<meta property=\"og:title\" content=\"Destinos refrescantes en la Comunitat Valenciana - EscapadaRural\" \/>\n<meta property=\"og:description\" content=\"Aprovecha las elevadas temperaturas del verano para hacer una escapada refrescante en la Comunitat Valenciana\" \/>\n<meta property=\"og:url\" content=\"https:\/\/www.escapadarural.com\/blog\/destinos-refrescantes-en-la-comunitat-valenciana\/\" \/>\n<meta property=\"og:site_name\" content=\"Magazine de viajes de EscapadaRural\" \/>\n<meta property=\"article:publisher\" content=\"https:\/\/www.facebook.com\/escapadarural\" \/>\n<meta property=\"article:published_time\" content=\"2025-05-04T11:33:12+00:00\" \/>\n<meta property=\"article:modified_time\" content=\"2025-05-06T12:00:41+00:00\" \/>\n<meta property=\"og:image\" content=\"https:\/\/www.escapadarural.com\/blog\/wp-content\/uploads\/2025\/04\/AdobeStock_531331682h.webp\" \/>\n\t<meta property=\"og:image:width\" content=\"1024\" \/>\n\t<meta property=\"og:image:height\" content=\"771\" \/>\n\t<meta property=\"og:image:type\" content=\"image\/webp\" \/>\n<meta name=\"author\" content=\"Raquel Andr\u00e9s\" \/>\n<meta name=\"twitter:card\" content=\"summary_large_image\" \/>\n<meta name=\"twitter:label1\" content=\"Escrito por\" \/>\n\t<meta name=\"twitter:data1\" content=\"Raquel Andr\u00e9s\" \/>\n\t<meta name=\"twitter:label2\" content=\"Tiempo de lectura\" \/>\n\t<meta name=\"twitter:data2\" content=\"7 minutos\" \/>\n<script type=\"application\/ld+json\" class=\"yoast-schema-graph\">{\"@context\":\"https:\\\/\\\/schema.org\",\"@graph\":[{\"@type\":\"Article\",\"@id\":\"https:\\\/\\\/www.escapadarural.com\\\/blog\\\/destinos-refrescantes-en-la-comunitat-valenciana\\\/#article\",\"isPartOf\":{\"@id\":\"https:\\\/\\\/www.escapadarural.com\\\/blog\\\/destinos-refrescantes-en-la-comunitat-valenciana\\\/\"},\"author\":{\"name\":\"Raquel Andr\u00e9s\",\"@id\":\"https:\\\/\\\/www.escapadarural.com\\\/blog\\\/#\\\/schema\\\/person\\\/67be061eb00d8315fa8642e01b88c894\"},\"headline\":\"6 destinos naturales para refrescarse este verano en la Comunitat Valenciana\",\"datePublished\":\"2025-05-04T11:33:12+00:00\",\"dateModified\":\"2025-05-06T12:00:41+00:00\",\"mainEntityOfPage\":{\"@id\":\"https:\\\/\\\/www.escapadarural.com\\\/blog\\\/destinos-refrescantes-en-la-comunitat-valenciana\\\/\"},\"wordCount\":1094,\"commentCount\":0,\"publisher\":{\"@id\":\"https:\\\/\\\/www.escapadarural.com\\\/blog\\\/#organization\"},\"image\":{\"@id\":\"https:\\\/\\\/www.escapadarural.com\\\/blog\\\/destinos-refrescantes-en-la-comunitat-valenciana\\\/#primaryimage\"},\"thumbnailUrl\":\"https:\\\/\\\/www.escapadarural.com\\\/blog\\\/wp-content\\\/uploads\\\/2025\\\/04\\\/AdobeStock_531331682h.webp\",\"keywords\":[\"Alicante\",\"Castell\u00f3n\",\"Comunidad Valenciana\",\"Piscinas Naturales\",\"Valencia\",\"verano\"],\"articleSection\":[\"Destinos\"],\"inLanguage\":\"es\",\"potentialAction\":[{\"@type\":\"CommentAction\",\"name\":\"Comment\",\"target\":[\"https:\\\/\\\/www.escapadarural.com\\\/blog\\\/destinos-refrescantes-en-la-comunitat-valenciana\\\/#respond\"]}]},{\"@type\":\"WebPage\",\"@id\":\"https:\\\/\\\/www.escapadarural.com\\\/blog\\\/destinos-refrescantes-en-la-comunitat-valenciana\\\/\",\"url\":\"https:\\\/\\\/www.escapadarural.com\\\/blog\\\/destinos-refrescantes-en-la-comunitat-valenciana\\\/\",\"name\":\"Destinos refrescantes en la Comunitat Valenciana - EscapadaRural\",\"isPartOf\":{\"@id\":\"https:\\\/\\\/www.escapadarural.com\\\/blog\\\/#website\"},\"primaryImageOfPage\":{\"@id\":\"https:\\\/\\\/www.escapadarural.com\\\/blog\\\/destinos-refrescantes-en-la-comunitat-valenciana\\\/#primaryimage\"},\"image\":{\"@id\":\"https:\\\/\\\/www.escapadarural.com\\\/blog\\\/destinos-refrescantes-en-la-comunitat-valenciana\\\/#primaryimage\"},\"thumbnailUrl\":\"https:\\\/\\\/www.escapadarural.com\\\/blog\\\/wp-content\\\/uploads\\\/2025\\\/04\\\/AdobeStock_531331682h.webp\",\"datePublished\":\"2025-05-04T11:33:12+00:00\",\"dateModified\":\"2025-05-06T12:00:41+00:00\",\"description\":\"Aprovecha las elevadas temperaturas del verano para hacer una escapada refrescante en la Comunitat Valenciana\",\"breadcrumb\":{\"@id\":\"https:\\\/\\\/www.escapadarural.com\\\/blog\\\/destinos-refrescantes-en-la-comunitat-valenciana\\\/#breadcrumb\"},\"inLanguage\":\"es\",\"potentialAction\":[{\"@type\":\"ReadAction\",\"target\":[\"https:\\\/\\\/www.escapadarural.com\\\/blog\\\/destinos-refrescantes-en-la-comunitat-valenciana\\\/\"]}]},{\"@type\":\"ImageObject\",\"inLanguage\":\"es\",\"@id\":\"https:\\\/\\\/www.escapadarural.com\\\/blog\\\/destinos-refrescantes-en-la-comunitat-valenciana\\\/#primaryimage\",\"url\":\"https:\\\/\\\/www.escapadarural.com\\\/blog\\\/wp-content\\\/uploads\\\/2025\\\/04\\\/AdobeStock_531331682h.webp\",\"contentUrl\":\"https:\\\/\\\/www.escapadarural.com\\\/blog\\\/wp-content\\\/uploads\\\/2025\\\/04\\\/AdobeStock_531331682h.webp\",\"width\":1024,\"height\":771,\"caption\":\"Un vibrante arroyo fluye a trav\u00e9s de un terreno rocoso rodeado de frondosos \u00e1rboles con flores rosas bajo un cielo azul brillante, lo que lo convierte en un lugar ideal para una escapada rural y en un paisaje natural sereno y colorido perfecto para el turismo rural.\"},{\"@type\":\"BreadcrumbList\",\"@id\":\"https:\\\/\\\/www.escapadarural.com\\\/blog\\\/destinos-refrescantes-en-la-comunitat-valenciana\\\/#breadcrumb\",\"itemListElement\":[{\"@type\":\"ListItem\",\"position\":1,\"name\":\"Inicio\",\"item\":\"https:\\\/\\\/www.escapadarural.com\\\/blog\\\/\"},{\"@type\":\"ListItem\",\"position\":2,\"name\":\"Destinos\",\"item\":\"https:\\\/\\\/www.escapadarural.com\\\/blog\\\/categoria\\\/destinos\\\/\"},{\"@type\":\"ListItem\",\"position\":3,\"name\":\"6 destinos naturales para refrescarse este verano en la Comunitat Valenciana\"}]},{\"@type\":\"WebSite\",\"@id\":\"https:\\\/\\\/www.escapadarural.com\\\/blog\\\/#website\",\"url\":\"https:\\\/\\\/www.escapadarural.com\\\/blog\\\/\",\"name\":\"Blog de viajes | turismo rural, alojamientos e inspiraci\u00f3n\",\"description\":\"Alojamientos rurales e inspiraci\u00f3n para tus escapadas\",\"publisher\":{\"@id\":\"https:\\\/\\\/www.escapadarural.com\\\/blog\\\/#organization\"},\"alternateName\":\"Magazine de viajes de EscapadaRural\",\"potentialAction\":[{\"@type\":\"SearchAction\",\"target\":{\"@type\":\"EntryPoint\",\"urlTemplate\":\"https:\\\/\\\/www.escapadarural.com\\\/blog\\\/?s={search_term_string}\"},\"query-input\":{\"@type\":\"PropertyValueSpecification\",\"valueRequired\":true,\"valueName\":\"search_term_string\"}}],\"inLanguage\":\"es\"},{\"@type\":\"Organization\",\"@id\":\"https:\\\/\\\/www.escapadarural.com\\\/blog\\\/#organization\",\"name\":\"EscapadaRural\",\"url\":\"https:\\\/\\\/www.escapadarural.com\\\/blog\\\/\",\"logo\":{\"@type\":\"ImageObject\",\"inLanguage\":\"es\",\"@id\":\"https:\\\/\\\/www.escapadarural.com\\\/blog\\\/#\\\/schema\\\/logo\\\/image\\\/\",\"url\":\"https:\\\/\\\/www.escapadarural.com\\\/blog\\\/wp-content\\\/uploads\\\/2024\\\/10\\\/cropped-cropped-escapada-rural-icon-mag-3.png\",\"contentUrl\":\"https:\\\/\\\/www.escapadarural.com\\\/blog\\\/wp-content\\\/uploads\\\/2024\\\/10\\\/cropped-cropped-escapada-rural-icon-mag-3.png\",\"width\":512,\"height\":512,\"caption\":\"EscapadaRural\"},\"image\":{\"@id\":\"https:\\\/\\\/www.escapadarural.com\\\/blog\\\/#\\\/schema\\\/logo\\\/image\\\/\"},\"sameAs\":[\"https:\\\/\\\/www.facebook.com\\\/escapadarural\",\"https:\\\/\\\/www.instagram.com\\\/escapadarural\\\/\",\"https:\\\/\\\/www.youtube.com\\\/@escapadaruralcom\"]},{\"@type\":\"Person\",\"@id\":\"https:\\\/\\\/www.escapadarural.com\\\/blog\\\/#\\\/schema\\\/person\\\/67be061eb00d8315fa8642e01b88c894\",\"name\":\"Raquel Andr\u00e9s\",\"image\":{\"@type\":\"ImageObject\",\"inLanguage\":\"es\",\"@id\":\"https:\\\/\\\/secure.gravatar.com\\\/avatar\\\/b45840531462f3cafb335a9fc5c0bfda2c07c3df4b82b304b923526b85cc6cb5?s=96&d=mm&r=g\",\"url\":\"https:\\\/\\\/secure.gravatar.com\\\/avatar\\\/b45840531462f3cafb335a9fc5c0bfda2c07c3df4b82b304b923526b85cc6cb5?s=96&d=mm&r=g\",\"contentUrl\":\"https:\\\/\\\/secure.gravatar.com\\\/avatar\\\/b45840531462f3cafb335a9fc5c0bfda2c07c3df4b82b304b923526b85cc6cb5?s=96&d=mm&r=g\",\"caption\":\"Raquel Andr\u00e9s\"},\"description\":\"Periodista y aventurera. Me has podido leer en Escapada Rural, Diari Nosaltres La Veu, La Vanguardia, El Salto y otros medios. Habitante y amante de las zonas rurales, sea cual sea el destino. Procuro escaparme una vez por semana con las botas de monta\u00f1a, el arn\u00e9s o el neopreno. Tambi\u00e9n soy un intento de baserritarra.\",\"url\":\"https:\\\/\\\/www.escapadarural.com\\\/blog\\\/autor\\\/raquel\\\/\"}]}<\/script>\n<!-- \/ Yoast SEO plugin. -->","yoast_head_json":{"title":"Destinos refrescantes en la Comunitat Valenciana - EscapadaRural","description":"Aprovecha las elevadas temperaturas del verano para hacer una escapada refrescante en la Comunitat Valenciana","robots":{"index":"index","follow":"follow","max-snippet":"max-snippet:-1","max-image-preview":"max-image-preview:large","max-video-preview":"max-video-preview:-1"},"canonical":"https:\/\/www.escapadarural.com\/blog\/destinos-refrescantes-en-la-comunitat-valenciana\/","og_locale":"es_ES","og_type":"article","og_title":"Destinos refrescantes en la Comunitat Valenciana - EscapadaRural","og_description":"Aprovecha las elevadas temperaturas del verano para hacer una escapada refrescante en la Comunitat Valenciana","og_url":"https:\/\/www.escapadarural.com\/blog\/destinos-refrescantes-en-la-comunitat-valenciana\/","og_site_name":"Magazine de viajes de EscapadaRural","article_publisher":"https:\/\/www.facebook.com\/escapadarural","article_published_time":"2025-05-04T11:33:12+00:00","article_modified_time":"2025-05-06T12:00:41+00:00","og_image":[{"width":1024,"height":771,"url":"https:\/\/www.escapadarural.com\/blog\/wp-content\/uploads\/2025\/04\/AdobeStock_531331682h.webp","type":"image\/webp"}],"author":"Raquel Andr\u00e9s","twitter_card":"summary_large_image","twitter_misc":{"Escrito por":"Raquel Andr\u00e9s","Tiempo de lectura":"7 minutos"},"schema":{"@context":"https:\/\/schema.org","@graph":[{"@type":"Article","@id":"https:\/\/www.escapadarural.com\/blog\/destinos-refrescantes-en-la-comunitat-valenciana\/#article","isPartOf":{"@id":"https:\/\/www.escapadarural.com\/blog\/destinos-refrescantes-en-la-comunitat-valenciana\/"},"author":{"name":"Raquel Andr\u00e9s","@id":"https:\/\/www.escapadarural.com\/blog\/#\/schema\/person\/67be061eb00d8315fa8642e01b88c894"},"headline":"6 destinos naturales para refrescarse este verano en la Comunitat Valenciana","datePublished":"2025-05-04T11:33:12+00:00","dateModified":"2025-05-06T12:00:41+00:00","mainEntityOfPage":{"@id":"https:\/\/www.escapadarural.com\/blog\/destinos-refrescantes-en-la-comunitat-valenciana\/"},"wordCount":1094,"commentCount":0,"publisher":{"@id":"https:\/\/www.escapadarural.com\/blog\/#organization"},"image":{"@id":"https:\/\/www.escapadarural.com\/blog\/destinos-refrescantes-en-la-comunitat-valenciana\/#primaryimage"},"thumbnailUrl":"https:\/\/www.escapadarural.com\/blog\/wp-content\/uploads\/2025\/04\/AdobeStock_531331682h.webp","keywords":["Alicante","Castell\u00f3n","Comunidad Valenciana","Piscinas Naturales","Valencia","verano"],"articleSection":["Destinos"],"inLanguage":"es","potentialAction":[{"@type":"CommentAction","name":"Comment","target":["https:\/\/www.escapadarural.com\/blog\/destinos-refrescantes-en-la-comunitat-valenciana\/#respond"]}]},{"@type":"WebPage","@id":"https:\/\/www.escapadarural.com\/blog\/destinos-refrescantes-en-la-comunitat-valenciana\/","url":"https:\/\/www.escapadarural.com\/blog\/destinos-refrescantes-en-la-comunitat-valenciana\/","name":"Destinos refrescantes en la Comunitat Valenciana - EscapadaRural","isPartOf":{"@id":"https:\/\/www.escapadarural.com\/blog\/#website"},"primaryImageOfPage":{"@id":"https:\/\/www.escapadarural.com\/blog\/destinos-refrescantes-en-la-comunitat-valenciana\/#primaryimage"},"image":{"@id":"https:\/\/www.escapadarural.com\/blog\/destinos-refrescantes-en-la-comunitat-valenciana\/#primaryimage"},"thumbnailUrl":"https:\/\/www.escapadarural.com\/blog\/wp-content\/uploads\/2025\/04\/AdobeStock_531331682h.webp","datePublished":"2025-05-04T11:33:12+00:00","dateModified":"2025-05-06T12:00:41+00:00","description":"Aprovecha las elevadas temperaturas del verano para hacer una escapada refrescante en la Comunitat Valenciana","breadcrumb":{"@id":"https:\/\/www.escapadarural.com\/blog\/destinos-refrescantes-en-la-comunitat-valenciana\/#breadcrumb"},"inLanguage":"es","potentialAction":[{"@type":"ReadAction","target":["https:\/\/www.escapadarural.com\/blog\/destinos-refrescantes-en-la-comunitat-valenciana\/"]}]},{"@type":"ImageObject","inLanguage":"es","@id":"https:\/\/www.escapadarural.com\/blog\/destinos-refrescantes-en-la-comunitat-valenciana\/#primaryimage","url":"https:\/\/www.escapadarural.com\/blog\/wp-content\/uploads\/2025\/04\/AdobeStock_531331682h.webp","contentUrl":"https:\/\/www.escapadarural.com\/blog\/wp-content\/uploads\/2025\/04\/AdobeStock_531331682h.webp","width":1024,"height":771,"caption":"Un vibrante arroyo fluye a trav\u00e9s de un terreno rocoso rodeado de frondosos \u00e1rboles con flores rosas bajo un cielo azul brillante, lo que lo convierte en un lugar ideal para una escapada rural y en un paisaje natural sereno y colorido perfecto para el turismo rural."},{"@type":"BreadcrumbList","@id":"https:\/\/www.escapadarural.com\/blog\/destinos-refrescantes-en-la-comunitat-valenciana\/#breadcrumb","itemListElement":[{"@type":"ListItem","position":1,"name":"Inicio","item":"https:\/\/www.escapadarural.com\/blog\/"},{"@type":"ListItem","position":2,"name":"Destinos","item":"https:\/\/www.escapadarural.com\/blog\/categoria\/destinos\/"},{"@type":"ListItem","position":3,"name":"6 destinos naturales para refrescarse este verano en la Comunitat Valenciana"}]},{"@type":"WebSite","@id":"https:\/\/www.escapadarural.com\/blog\/#website","url":"https:\/\/www.escapadarural.com\/blog\/","name":"Blog de viajes | turismo rural, alojamientos e inspiraci\u00f3n","description":"Alojamientos rurales e inspiraci\u00f3n para tus escapadas","publisher":{"@id":"https:\/\/www.escapadarural.com\/blog\/#organization"},"alternateName":"Magazine de viajes de EscapadaRural","potentialAction":[{"@type":"SearchAction","target":{"@type":"EntryPoint","urlTemplate":"https:\/\/www.escapadarural.com\/blog\/?s={search_term_string}"},"query-input":{"@type":"PropertyValueSpecification","valueRequired":true,"valueName":"search_term_string"}}],"inLanguage":"es"},{"@type":"Organization","@id":"https:\/\/www.escapadarural.com\/blog\/#organization","name":"EscapadaRural","url":"https:\/\/www.escapadarural.com\/blog\/","logo":{"@type":"ImageObject","inLanguage":"es","@id":"https:\/\/www.escapadarural.com\/blog\/#\/schema\/logo\/image\/","url":"https:\/\/www.escapadarural.com\/blog\/wp-content\/uploads\/2024\/10\/cropped-cropped-escapada-rural-icon-mag-3.png","contentUrl":"https:\/\/www.escapadarural.com\/blog\/wp-content\/uploads\/2024\/10\/cropped-cropped-escapada-rural-icon-mag-3.png","width":512,"height":512,"caption":"EscapadaRural"},"image":{"@id":"https:\/\/www.escapadarural.com\/blog\/#\/schema\/logo\/image\/"},"sameAs":["https:\/\/www.facebook.com\/escapadarural","https:\/\/www.instagram.com\/escapadarural\/","https:\/\/www.youtube.com\/@escapadaruralcom"]},{"@type":"Person","@id":"https:\/\/www.escapadarural.com\/blog\/#\/schema\/person\/67be061eb00d8315fa8642e01b88c894","name":"Raquel Andr\u00e9s","image":{"@type":"ImageObject","inLanguage":"es","@id":"https:\/\/secure.gravatar.com\/avatar\/b45840531462f3cafb335a9fc5c0bfda2c07c3df4b82b304b923526b85cc6cb5?s=96&d=mm&r=g","url":"https:\/\/secure.gravatar.com\/avatar\/b45840531462f3cafb335a9fc5c0bfda2c07c3df4b82b304b923526b85cc6cb5?s=96&d=mm&r=g","contentUrl":"https:\/\/secure.gravatar.com\/avatar\/b45840531462f3cafb335a9fc5c0bfda2c07c3df4b82b304b923526b85cc6cb5?s=96&d=mm&r=g","caption":"Raquel Andr\u00e9s"},"description":"Periodista y aventurera. Me has podido leer en Escapada Rural, Diari Nosaltres La Veu, La Vanguardia, El Salto y otros medios. Habitante y amante de las zonas rurales, sea cual sea el destino. Procuro escaparme una vez por semana con las botas de monta\u00f1a, el arn\u00e9s o el neopreno. Tambi\u00e9n soy un intento de baserritarra.","url":"https:\/\/www.escapadarural.com\/blog\/autor\/raquel\/"}]}},"_links":{"self":[{"href":"https:\/\/www.escapadarural.com\/blog\/wp-json\/wp\/v2\/posts\/199630","targetHints":{"allow":["GET"]}}],"collection":[{"href":"https:\/\/www.escapadarural.com\/blog\/wp-json\/wp\/v2\/posts"}],"about":[{"href":"https:\/\/www.escapadarural.com\/blog\/wp-json\/wp\/v2\/types\/post"}],"author":[{"embeddable":true,"href":"https:\/\/www.escapadarural.com\/blog\/wp-json\/wp\/v2\/users\/123"}],"replies":[{"embeddable":true,"href":"https:\/\/www.escapadarural.com\/blog\/wp-json\/wp\/v2\/comments?post=199630"}],"version-history":[{"count":0,"href":"https:\/\/www.escapadarural.com\/blog\/wp-json\/wp\/v2\/posts\/199630\/revisions"}],"wp:featuredmedia":[{"embeddable":true,"href":"https:\/\/www.escapadarural.com\/blog\/wp-json\/wp\/v2\/media\/199634"}],"wp:attachment":[{"href":"https:\/\/www.escapadarural.com\/blog\/wp-json\/wp\/v2\/media?parent=199630"}],"wp:term":[{"taxonomy":"category","embeddable":true,"href":"https:\/\/www.escapadarural.com\/blog\/wp-json\/wp\/v2\/categories?post=199630"},{"taxonomy":"post_tag","embeddable":true,"href":"https:\/\/www.escapadarural.com\/blog\/wp-json\/wp\/v2\/tags?post=199630"}],"curies":[{"name":"wp","href":"https:\/\/api.w.org\/{rel}","templated":true}]}}