{"id":199716,"date":"2025-05-04T08:00:00","date_gmt":"2025-05-04T06:00:00","guid":{"rendered":"https:\/\/www.escapadarural.com\/blog\/?p=199716"},"modified":"2025-05-14T17:01:05","modified_gmt":"2025-05-14T15:01:05","slug":"senda-mitologica-monte-tejas-ruta-con-ninos","status":"publish","type":"post","link":"https:\/\/www.escapadarural.com\/blog\/senda-mitologica-monte-tejas-ruta-con-ninos\/","title":{"rendered":"La senda mitol\u00f3gica del monte Tejas, una ruta con ni\u00f1os con mucho encanto"},"content":{"rendered":"\n<figure class=\"wp-block-image size-full\"><img loading=\"lazy\" decoding=\"async\" width=\"1024\" height=\"768\" src=\"https:\/\/www.escapadarural.com\/blog\/wp-content\/uploads\/2025\/04\/14_SendaMonteTejas_AytoSanFelicesdeBuelna_WP14.webp\" alt=\"Aquelarre de brujas en la senda mitol\u00f3gica del monte Tejas (Cantabria).\" class=\"wp-image-199738\" srcset=\"https:\/\/www.escapadarural.com\/blog\/wp-content\/uploads\/2025\/04\/14_SendaMonteTejas_AytoSanFelicesdeBuelna_WP14-200x150.webp 200w, https:\/\/www.escapadarural.com\/blog\/wp-content\/uploads\/2025\/04\/14_SendaMonteTejas_AytoSanFelicesdeBuelna_WP14-300x225.webp 300w, https:\/\/www.escapadarural.com\/blog\/wp-content\/uploads\/2025\/04\/14_SendaMonteTejas_AytoSanFelicesdeBuelna_WP14-400x300.webp 400w, https:\/\/www.escapadarural.com\/blog\/wp-content\/uploads\/2025\/04\/14_SendaMonteTejas_AytoSanFelicesdeBuelna_WP14-600x450.webp 600w, https:\/\/www.escapadarural.com\/blog\/wp-content\/uploads\/2025\/04\/14_SendaMonteTejas_AytoSanFelicesdeBuelna_WP14-768x576.webp 768w, https:\/\/www.escapadarural.com\/blog\/wp-content\/uploads\/2025\/04\/14_SendaMonteTejas_AytoSanFelicesdeBuelna_WP14-800x600.webp 800w, https:\/\/www.escapadarural.com\/blog\/wp-content\/uploads\/2025\/04\/14_SendaMonteTejas_AytoSanFelicesdeBuelna_WP14.webp 1024w\" sizes=\"auto, (max-width: 1024px) 100vw, 1024px\" \/><figcaption class=\"wp-element-caption\">Aquelarre de brujas en la senda mitol\u00f3gica del monte Tejas (Cantabria). Por Ayuntamiento de San Felices de Buelna.<\/figcaption><\/figure>\n\n\n\n<p>Las <strong><a href=\"\/blog\/rutas-con-ninos-sendas-mitologicas\/\">rutas mitol\u00f3gicas<\/a><\/strong> y los <strong>bosques encantados<\/strong> son perfectos para una escapada familiar. De esta manera, los m\u00e1s peque\u00f1os de la casa le van cogiendo el gustillo a esto del senderismo. Este tipo de senderos suelen estar ubicados en entornos naturales con mucho encanto, a los que a\u00f1aden alicientes misteriosos, como figuras de personajes relacionadas con las leyendas locales. Es el caso de la senda mitol\u00f3gica del monte Tejas, una <a href=\"\/blog\/rutas-de-senderismo-por-cantabria\/\">ruta con ni\u00f1os en Cantabria<\/a> cada vez m\u00e1s popular.<\/p>\n\n\n\n<p>La senda mitol\u00f3gica del monte Tejas, ubicada en Tarriba (San Felices de Buelna), ofrece un <strong>completo recorrido por las leyendas de Cantabria<\/strong> a trav\u00e9s de m\u00e1s de 70 de sus personajes. Nos toparemos con el c\u00falebre, el oj\u00e1ncano, las anjanas o el musgoso, todos ellos tallados en madera de forma artesanal y escondidos en el bosque. Sin duda, una de las maneras m\u00e1s divertidas para que los peque\u00f1os descubran sus ra\u00edces y est\u00e9n en <a href=\"\/blog\/ruta-del-hayacorva-parque-saja-besaya\/\">contacto con la naturaleza en la comarca del Besaya<\/a>. \u00a1Vamos all\u00e1!<\/p>\n\n\n\n<div class=\"wp-block-buttons is-layout-flex wp-block-buttons-is-layout-flex\">\n<div class=\"wp-block-button\"><a class=\"wp-block-button__link wp-element-button\" href=\"\/casas-rurales\/comarca-del-besaya\">Alojamientos rurales en la comarca del Besaya<\/a><\/div>\n<\/div>\n\n\n\n<h2 class=\"wp-block-heading\" id=\"h-como-se-creo-la-senda-mitologica-del-monte-tejas\">C\u00f3mo se cre\u00f3 la senda mitol\u00f3gica del monte Tejas<\/h2>\n\n\n\n<figure class=\"wp-block-image size-large is-resized\"><img loading=\"lazy\" decoding=\"async\" width=\"935\" height=\"1024\" src=\"https:\/\/www.escapadarural.com\/blog\/wp-content\/uploads\/2025\/04\/02b_SendaMonteTejas_AytoSanFelicesdeBuelna_WP02-935x1024.webp\" alt=\"Terio Lombilla, trabajando en una de las figuras de la senda mitol\u00f3gica del monte Tejas (Cantabria).\" class=\"wp-image-199753\" style=\"width:684px;height:auto\" srcset=\"https:\/\/www.escapadarural.com\/blog\/wp-content\/uploads\/2025\/04\/02b_SendaMonteTejas_AytoSanFelicesdeBuelna_WP02-200x219.webp 200w, https:\/\/www.escapadarural.com\/blog\/wp-content\/uploads\/2025\/04\/02b_SendaMonteTejas_AytoSanFelicesdeBuelna_WP02-274x300.webp 274w, https:\/\/www.escapadarural.com\/blog\/wp-content\/uploads\/2025\/04\/02b_SendaMonteTejas_AytoSanFelicesdeBuelna_WP02-400x438.webp 400w, https:\/\/www.escapadarural.com\/blog\/wp-content\/uploads\/2025\/04\/02b_SendaMonteTejas_AytoSanFelicesdeBuelna_WP02-600x657.webp 600w, https:\/\/www.escapadarural.com\/blog\/wp-content\/uploads\/2025\/04\/02b_SendaMonteTejas_AytoSanFelicesdeBuelna_WP02-768x841.webp 768w, https:\/\/www.escapadarural.com\/blog\/wp-content\/uploads\/2025\/04\/02b_SendaMonteTejas_AytoSanFelicesdeBuelna_WP02-800x876.webp 800w, https:\/\/www.escapadarural.com\/blog\/wp-content\/uploads\/2025\/04\/02b_SendaMonteTejas_AytoSanFelicesdeBuelna_WP02-935x1024.webp 935w, https:\/\/www.escapadarural.com\/blog\/wp-content\/uploads\/2025\/04\/02b_SendaMonteTejas_AytoSanFelicesdeBuelna_WP02.webp 1024w\" sizes=\"auto, (max-width: 935px) 100vw, 935px\" \/><figcaption class=\"wp-element-caption\">Terio Lombilla, trabajando en una de las figuras de la senda mitol\u00f3gica del monte Tejas (Cantabria). Por Ayuntamiento de San Felices de Buelna.<\/figcaption><\/figure>\n\n\n\n<p>El creador de la senda mitol\u00f3gica del monte Tejas tiene nombre y apellidos:<strong> Emeterio Lombilla Portillas, alias Terio<\/strong>, un artesano de la madera de San Felices de Buelna. Un buen d\u00eda, en 2021, el hasta entonces an\u00f3nimo artista tuvo una feliz idea: esconder en el bosque una de sus creaciones, un trastolillo. Su intenci\u00f3n no era otra que alegrar los paseos de las familias que buscaban recuperar el contacto con la naturaleza tras la pandemia del Covid-19.<\/p>\n\n\n\n<p>\u201cTen\u00eda la idea desde hace tiempo, pero por problemas con los permisos no lo hab\u00edamos podido llevar a cabo\u201d, nos confiesa el artista. Cuando por fin acab\u00f3 el confinamiento, Terio sal\u00eda todos los d\u00edas al bosque \u201ca dar la <em>vueltuca<\/em> con la mujer\u201d y no pod\u00eda soportar \u201cver a los ni\u00f1os tristes y lloriqueando, porque no pod\u00edan estar con los amigos\u201d. <strong>\u201cAlgo tengo que hacer\u201d<\/strong>, pens\u00f3.<\/p>\n\n\n\n<h2 class=\"wp-block-heading\" id=\"h-una-repercusion-desbordada\">Una repercusi\u00f3n desbordada<\/h2>\n\n\n\n<figure class=\"wp-block-image size-large\"><img loading=\"lazy\" decoding=\"async\" width=\"768\" height=\"1024\" src=\"https:\/\/www.escapadarural.com\/blog\/wp-content\/uploads\/2025\/04\/17_SendaMonteTejas_AytoSanFelicesdeBuelna_WP17-768x1024.webp\" alt=\"Figura de la senda mitol\u00f3gica del monte Tejas (Cantabria).\" class=\"wp-image-199756\" srcset=\"https:\/\/www.escapadarural.com\/blog\/wp-content\/uploads\/2025\/04\/17_SendaMonteTejas_AytoSanFelicesdeBuelna_WP17-200x267.webp 200w, https:\/\/www.escapadarural.com\/blog\/wp-content\/uploads\/2025\/04\/17_SendaMonteTejas_AytoSanFelicesdeBuelna_WP17-225x300.webp 225w, https:\/\/www.escapadarural.com\/blog\/wp-content\/uploads\/2025\/04\/17_SendaMonteTejas_AytoSanFelicesdeBuelna_WP17-400x533.webp 400w, https:\/\/www.escapadarural.com\/blog\/wp-content\/uploads\/2025\/04\/17_SendaMonteTejas_AytoSanFelicesdeBuelna_WP17-600x800.webp 600w, https:\/\/www.escapadarural.com\/blog\/wp-content\/uploads\/2025\/04\/17_SendaMonteTejas_AytoSanFelicesdeBuelna_WP17-768x1024.webp 768w, https:\/\/www.escapadarural.com\/blog\/wp-content\/uploads\/2025\/04\/17_SendaMonteTejas_AytoSanFelicesdeBuelna_WP17-800x1066.webp 800w, https:\/\/www.escapadarural.com\/blog\/wp-content\/uploads\/2025\/04\/17_SendaMonteTejas_AytoSanFelicesdeBuelna_WP17.webp 1024w\" sizes=\"auto, (max-width: 768px) 100vw, 768px\" \/><figcaption class=\"wp-element-caption\">Figura de la senda mitol\u00f3gica del monte Tejas (Cantabria). Por Ayuntamiento de San Felices de Buelna.<\/figcaption><\/figure>\n\n\n\n<p>No se imaginaba entonces Terio la repercusi\u00f3n que alcanzar\u00eda su idea. Tal \u00e9xito tuvo que las im\u00e1genes del inquietante hallazgo <strong>se viralizaron en las redes sociales<\/strong>. El buz\u00f3n de sugerencias municipal pronto se inund\u00f3 de peticiones para que creciese el n\u00famero de pobladores m\u00e1gicos del bosque. \u201cFue un aut\u00e9ntico <em>boom<\/em>, desde luego que no lo esper\u00e1bamos\u201d, comenta.<\/p>\n\n\n\n<p>A ra\u00edz de aquello, \u201cel alcalde me dijo que hiciera todos los personajes que quisiera con los troncos secos y los \u00e1rboles ca\u00eddos del bosque, que \u00e9l se encargar\u00eda de los permisos\u201d, se\u00f1ala. As\u00ed que \u201cyo iba siempre que pod\u00eda al monte y <strong>poco a poco me fui animando<\/strong>\u201d, explica.<\/p>\n\n\n\n<h2 class=\"wp-block-heading\" id=\"h-una-labor-creativa-de-la-que-no-se-atisba-el-final\">Una labor creativa de la que no se atisba el final<\/h2>\n\n\n\n<figure class=\"wp-block-image size-full\"><img loading=\"lazy\" decoding=\"async\" width=\"1024\" height=\"664\" src=\"https:\/\/www.escapadarural.com\/blog\/wp-content\/uploads\/2025\/04\/24_SendaMonteTejas_AytoSanFelicesdeBuelna_WP24.webp\" alt=\"Inauguraci\u00f3n de la senda mitol\u00f3gica, oficialmente llamada \u201cParque de la Mitolog\u00eda y las Costumbres Terio Lombilla\u201d.\" class=\"wp-image-199758\" srcset=\"https:\/\/www.escapadarural.com\/blog\/wp-content\/uploads\/2025\/04\/24_SendaMonteTejas_AytoSanFelicesdeBuelna_WP24-200x130.webp 200w, https:\/\/www.escapadarural.com\/blog\/wp-content\/uploads\/2025\/04\/24_SendaMonteTejas_AytoSanFelicesdeBuelna_WP24-300x195.webp 300w, https:\/\/www.escapadarural.com\/blog\/wp-content\/uploads\/2025\/04\/24_SendaMonteTejas_AytoSanFelicesdeBuelna_WP24-400x259.webp 400w, https:\/\/www.escapadarural.com\/blog\/wp-content\/uploads\/2025\/04\/24_SendaMonteTejas_AytoSanFelicesdeBuelna_WP24-600x389.webp 600w, https:\/\/www.escapadarural.com\/blog\/wp-content\/uploads\/2025\/04\/24_SendaMonteTejas_AytoSanFelicesdeBuelna_WP24-768x498.webp 768w, https:\/\/www.escapadarural.com\/blog\/wp-content\/uploads\/2025\/04\/24_SendaMonteTejas_AytoSanFelicesdeBuelna_WP24-800x519.webp 800w, https:\/\/www.escapadarural.com\/blog\/wp-content\/uploads\/2025\/04\/24_SendaMonteTejas_AytoSanFelicesdeBuelna_WP24.webp 1024w\" sizes=\"auto, (max-width: 1024px) 100vw, 1024px\" \/><figcaption class=\"wp-element-caption\">Inauguraci\u00f3n de la senda mitol\u00f3gica, oficialmente llamada \u201cParque de la Mitolog\u00eda y las Costumbres Terio Lombilla\u201d. Por Ayuntamiento de San Felices de Buelna.<\/figcaption><\/figure>\n\n\n\n<p>Dicho y hecho: ya con el apoyo del consistorio, Terio se puso manos a la obra. Agarr\u00f3<strong> la motosierra, las gubias y los formones<\/strong> y, talla que te talla, comenz\u00f3 a llenar con sus creaciones aquel bosque que tan bien conoce. Hoy son ya m\u00e1s de 70 los personajes mitol\u00f3gicos y costumbristas de Cantabria que podemos descubrir entre estos centenarios hayedos, robledales y tejeras. Y la intenci\u00f3n es seguir aumentando esta curiosa familia.<\/p>\n\n\n\n<p>El paraje fue cobrando tal inter\u00e9s tur\u00edstico y cultural que se hizo necesaria una <strong>mejora de los accesos y la se\u00f1alizaci\u00f3n de la ruta<\/strong>. \u201cLos fines de semana era una pasada, el ayuntamiento tuvo que poner trabajadores a controlar los veh\u00edculos en el pueblo; un d\u00eda contaron m\u00e1s de 1.200 visitantes\u201d, se\u00f1ala Terio. El pueblo de Tarriba, donde se ubica la ruta, no llega a los 500 habitantes.<\/p>\n\n\n\n<p>Finalmente, Turismo de Cantabria se decidi\u00f3 en 2022 a sufragar estos gastos y la ruta qued\u00f3 oficialmente inaugurada con el nombre de <strong>\u201cParque de la Mitolog\u00eda y las Costumbres Terio Lombilla\u201d<\/strong>, con la presencia del artista en la puesta de largo. No pod\u00eda ser menos. En poco tiempo, gracias al empe\u00f1o y el cari\u00f1o de un humilde artesano autodidacta, la senda mitol\u00f3gica del monte Tejas se ha convertido en una de las rutas culturales m\u00e1s visitadas de Cantabria.<\/p>\n\n\n\n<h2 class=\"wp-block-heading\" id=\"h-como-llegar-a-la-senda-mitologica-del-monte-tejas\">C\u00f3mo llegar a la senda mitol\u00f3gica del monte Tejas<\/h2>\n\n\n\n<figure class=\"wp-block-image size-large\"><img loading=\"lazy\" decoding=\"async\" width=\"1002\" height=\"1024\" src=\"https:\/\/www.escapadarural.com\/blog\/wp-content\/uploads\/2025\/04\/06b_SendaMonteTejas_AytoSanFelicesdeBuelna_WP06-1002x1024.webp\" alt=\"Figura de la senda mitol\u00f3gica del monte Tejas (Cantabria). \" class=\"wp-image-199760\" srcset=\"https:\/\/www.escapadarural.com\/blog\/wp-content\/uploads\/2025\/04\/06b_SendaMonteTejas_AytoSanFelicesdeBuelna_WP06-66x66.webp 66w, https:\/\/www.escapadarural.com\/blog\/wp-content\/uploads\/2025\/04\/06b_SendaMonteTejas_AytoSanFelicesdeBuelna_WP06-200x204.webp 200w, https:\/\/www.escapadarural.com\/blog\/wp-content\/uploads\/2025\/04\/06b_SendaMonteTejas_AytoSanFelicesdeBuelna_WP06-293x300.webp 293w, https:\/\/www.escapadarural.com\/blog\/wp-content\/uploads\/2025\/04\/06b_SendaMonteTejas_AytoSanFelicesdeBuelna_WP06-400x409.webp 400w, https:\/\/www.escapadarural.com\/blog\/wp-content\/uploads\/2025\/04\/06b_SendaMonteTejas_AytoSanFelicesdeBuelna_WP06-600x613.webp 600w, https:\/\/www.escapadarural.com\/blog\/wp-content\/uploads\/2025\/04\/06b_SendaMonteTejas_AytoSanFelicesdeBuelna_WP06-768x785.webp 768w, https:\/\/www.escapadarural.com\/blog\/wp-content\/uploads\/2025\/04\/06b_SendaMonteTejas_AytoSanFelicesdeBuelna_WP06-800x818.webp 800w, https:\/\/www.escapadarural.com\/blog\/wp-content\/uploads\/2025\/04\/06b_SendaMonteTejas_AytoSanFelicesdeBuelna_WP06-1002x1024.webp 1002w, https:\/\/www.escapadarural.com\/blog\/wp-content\/uploads\/2025\/04\/06b_SendaMonteTejas_AytoSanFelicesdeBuelna_WP06.webp 1024w\" sizes=\"auto, (max-width: 1002px) 100vw, 1002px\" \/><figcaption class=\"wp-element-caption\">Figura de la senda mitol\u00f3gica del monte Tejas (Cantabria). Por Ayuntamiento de San Felices de Buelna.<\/figcaption><\/figure>\n\n\n\n<p>Como dec\u00edamos anteriormente, la senda mitol\u00f3gica del monte Tejas se sit\u00faa en el t\u00e9rmino municipal de San Felices de Buelna, en la comarca del Besaya (Cantabria). Concretamente, el paraje pertenece a la localidad de Tarriba. Partiendo desde el pueblo, hay que tomar las<strong> indicaciones hacia la cueva de Hornos de la Pe\u00f1a<\/strong>, saliendo por una pista forestal que podremos recorrer con nuestro veh\u00edculo sin ning\u00fan problema, ya que est\u00e1 bien acondicionada.<\/p>\n\n\n\n<p>Una vez lleguemos al desv\u00edo hacia la cueva, hay que pasar de largo y continuar por la pista forestal. A unos 500 metros de la cueva, a mano izquierda, encontraremos un primer aparcamiento donde podremos estacionar. No obstante, todav\u00eda nos podemos aproximar m\u00e1s, ya que poco m\u00e1s de un kil\u00f3metro despu\u00e9s encontraremos el <strong>aparcamiento del \u00e1rea recreativa del monte Tejas<\/strong>.<\/p>\n\n\n\n<p>La entrada a la senda mitol\u00f3gica del Monte Tejas se encuentra en este punto, junto con un panel informativo de la ruta. Adem\u00e1s, el \u00e1rea recreativa cuenta con una zona de merenderos y barbacoas, perfecta para coger fuerzas antes de iniciar la ruta o para reponerlas al finalizar.<\/p>\n\n\n\n<h2 class=\"wp-block-heading\" id=\"h-el-recorrido-de-la-senda-mitologica-del-monte-tejas\">El recorrido de la senda mitol\u00f3gica del monte Tejas<\/h2>\n\n\n<div style=\"background-color: #dff0d8; color: #3c763d; border-left-color: #3c763d; \" class=\"ub-styled-box ub-notification-box wp-block-ub-styled-box\" id=\"ub-styled-box-e2985fb5-e07c-4e0d-959e-47df4859ec59\">\n<p id=\"ub-styled-box-notification-content-\"><strong>Longitud:<\/strong> 2 kil\u00f3metros<\/p>\n\n\n\n<p><strong>Dificultad:<\/strong> f\u00e1cil<\/p>\n\n\n\n<p><strong>Tipo de ruta:<\/strong> lineal\/abierta<\/p>\n\n\n<\/div>\n\n\n<p>La senda mitol\u00f3gica del monte Tejas tiene un <strong>recorrido abierto por el bosque<\/strong>, con alrededor de unos dos kil\u00f3metros de longitud. La ruta apenas tiene dificultad y, l\u00f3gicamente, es apta para senderistas de todas las edades y perfecta para recorrer en familia. Sin embargo, <strong>no es un recorrido adecuado para personas con movilidad reducida<\/strong> ni carritos de beb\u00e9, ya que el suelo del bosque es irregular y hay que cruzar varias veces el arroyo. Se recomienda, como siempre, llevar <strong>ropa c\u00f3moda y calzado adecuado<\/strong> para caminar por el bosque.<\/p>\n\n\n\n<figure class=\"wp-block-image size-large\"><img loading=\"lazy\" decoding=\"async\" width=\"978\" height=\"1024\" src=\"https:\/\/www.escapadarural.com\/blog\/wp-content\/uploads\/2025\/04\/11b_SendaMonteTejas_AytoSanFelicesdeBuelna_WP11-978x1024.webp\" alt=\"Figura de la senda mitol\u00f3gica del monte Tejas (Cantabria).\" class=\"wp-image-199762\" srcset=\"https:\/\/www.escapadarural.com\/blog\/wp-content\/uploads\/2025\/04\/11b_SendaMonteTejas_AytoSanFelicesdeBuelna_WP11-200x209.webp 200w, https:\/\/www.escapadarural.com\/blog\/wp-content\/uploads\/2025\/04\/11b_SendaMonteTejas_AytoSanFelicesdeBuelna_WP11-287x300.webp 287w, https:\/\/www.escapadarural.com\/blog\/wp-content\/uploads\/2025\/04\/11b_SendaMonteTejas_AytoSanFelicesdeBuelna_WP11-400x419.webp 400w, https:\/\/www.escapadarural.com\/blog\/wp-content\/uploads\/2025\/04\/11b_SendaMonteTejas_AytoSanFelicesdeBuelna_WP11-600x628.webp 600w, https:\/\/www.escapadarural.com\/blog\/wp-content\/uploads\/2025\/04\/11b_SendaMonteTejas_AytoSanFelicesdeBuelna_WP11-768x804.webp 768w, https:\/\/www.escapadarural.com\/blog\/wp-content\/uploads\/2025\/04\/11b_SendaMonteTejas_AytoSanFelicesdeBuelna_WP11-800x838.webp 800w, https:\/\/www.escapadarural.com\/blog\/wp-content\/uploads\/2025\/04\/11b_SendaMonteTejas_AytoSanFelicesdeBuelna_WP11-978x1024.webp 978w, https:\/\/www.escapadarural.com\/blog\/wp-content\/uploads\/2025\/04\/11b_SendaMonteTejas_AytoSanFelicesdeBuelna_WP11.webp 1024w\" sizes=\"auto, (max-width: 978px) 100vw, 978px\" \/><figcaption class=\"wp-element-caption\">Figura de la senda mitol\u00f3gica del monte Tejas (Cantabria). Por Ayuntamiento de San Felices de Buelna.<\/figcaption><\/figure>\n\n\n\n<p>La duraci\u00f3n de la ruta depende de cu\u00e1nto nos adentremos en bosque en busca de las figuras mitol\u00f3gicas y cu\u00e1nto tiempo se entretengan los peques \u2018jugando\u2019 con ellas y haci\u00e9ndose fotograf\u00edas. <strong>Unas dos horas, aproximadamente, es tiempo m\u00e1s que suficiente <\/strong>para descubrir todas las figuras y recorrer el bosque con tranquilidad.<\/p>\n\n\n\n<p>El sendero discurre entre <strong>hayas, robles, abedules, fresnos y tejos<\/strong>, en un entorno de una naturaleza exuberante en el que nos acompa\u00f1ar\u00e1 el rumor del agua proveniente del arroyo\u2026 y seguramente tambi\u00e9n el griter\u00edo de los chiquillos. El toque m\u00e1gico lo a\u00f1aden esas figuras surgidas de la imaginaci\u00f3n de Terio, actualmente m\u00e1s de 70, si bien el autor reconoce que \u201cya he perdido la cuenta\u201d.<\/p>\n\n\n\n<h2 class=\"wp-block-heading\" id=\"h-las-figuras-de-la-senda-mitologica-del-monte-tejas\">Las figuras de la senda mitol\u00f3gica del monte Tejas<\/h2>\n\n\n\n<figure class=\"wp-block-image size-large\"><img loading=\"lazy\" decoding=\"async\" width=\"768\" height=\"1024\" src=\"https:\/\/www.escapadarural.com\/blog\/wp-content\/uploads\/2025\/04\/09_SendaMonteTejas_AytoSanFelicesdeBuelna_WP09-768x1024.webp\" alt=\"El musgoso, una de las figuras de la senda mitol\u00f3gica del monte Tejas (Cantabria).\" class=\"wp-image-199763\" srcset=\"https:\/\/www.escapadarural.com\/blog\/wp-content\/uploads\/2025\/04\/09_SendaMonteTejas_AytoSanFelicesdeBuelna_WP09-200x267.webp 200w, https:\/\/www.escapadarural.com\/blog\/wp-content\/uploads\/2025\/04\/09_SendaMonteTejas_AytoSanFelicesdeBuelna_WP09-225x300.webp 225w, https:\/\/www.escapadarural.com\/blog\/wp-content\/uploads\/2025\/04\/09_SendaMonteTejas_AytoSanFelicesdeBuelna_WP09-400x533.webp 400w, https:\/\/www.escapadarural.com\/blog\/wp-content\/uploads\/2025\/04\/09_SendaMonteTejas_AytoSanFelicesdeBuelna_WP09-600x800.webp 600w, https:\/\/www.escapadarural.com\/blog\/wp-content\/uploads\/2025\/04\/09_SendaMonteTejas_AytoSanFelicesdeBuelna_WP09-768x1024.webp 768w, https:\/\/www.escapadarural.com\/blog\/wp-content\/uploads\/2025\/04\/09_SendaMonteTejas_AytoSanFelicesdeBuelna_WP09-800x1066.webp 800w, https:\/\/www.escapadarural.com\/blog\/wp-content\/uploads\/2025\/04\/09_SendaMonteTejas_AytoSanFelicesdeBuelna_WP09.webp 1024w\" sizes=\"auto, (max-width: 768px) 100vw, 768px\" \/><figcaption class=\"wp-element-caption\">El musgoso, una de las figuras de la senda mitol\u00f3gica del monte Tejas (Cantabria). Por Ayuntamiento de San Felices de Buelna.<\/figcaption><\/figure>\n\n\n\n<p>La mayor\u00eda de las figuras de la senda mitol\u00f3gica del monte Tejas representan a los <strong>seres legendarios de la mitolog\u00eda de Cantabria<\/strong>. Otros son personajes tradicionales o animales del bosque. Podemos toparnos con el terrible c\u00falebre, la adorable sirenuca, el extra\u00f1o oj\u00e1ncano, un t\u00f3tem de enanucos, una osa pariendo, un aquelarre completo de brujas c\u00e1ntabras o la entra\u00f1able viejuca, entre muchos otros.<\/p>\n\n\n\n<p>\u201cNo es que tenga una favorita, a todas las tengo cari\u00f1o, pero a m\u00ed personalmente <strong>siempre me gustaron el musgoso y el arquetu<\/strong>\u201d, nos confiesa Terio. El primero, con su extra\u00f1a zamarra de musgo seco, se dedica a avisar a pastores y le\u00f1adores de los peligros del bosque. El arquetu, por su parte, es un anciano pelirrojo que recorre los montes y valles c\u00e1ntabros ayudando a la gente a administrar su dinero, dando monedas a quien lo necesita y castigando a quien lo derrocha.<\/p>\n\n\n\n<h2 class=\"wp-block-heading\" id=\"h-un-trabajo-respetuoso-con-el-entorno-del-bosque\">Un trabajo respetuoso con el entorno del bosque<\/h2>\n\n\n\n<figure class=\"wp-block-image size-large\"><img loading=\"lazy\" decoding=\"async\" width=\"991\" height=\"1024\" src=\"https:\/\/www.escapadarural.com\/blog\/wp-content\/uploads\/2025\/04\/18b_SendaMonteTejas_AytoSanFelicesdeBuelna_WP18-991x1024.webp\" alt=\"Terio Lombilla, trabajando en las figuras de la senda mitol\u00f3gica del monte Tejas (Cantabria).\" class=\"wp-image-199764\" srcset=\"https:\/\/www.escapadarural.com\/blog\/wp-content\/uploads\/2025\/04\/18b_SendaMonteTejas_AytoSanFelicesdeBuelna_WP18-200x207.webp 200w, https:\/\/www.escapadarural.com\/blog\/wp-content\/uploads\/2025\/04\/18b_SendaMonteTejas_AytoSanFelicesdeBuelna_WP18-290x300.webp 290w, https:\/\/www.escapadarural.com\/blog\/wp-content\/uploads\/2025\/04\/18b_SendaMonteTejas_AytoSanFelicesdeBuelna_WP18-400x413.webp 400w, https:\/\/www.escapadarural.com\/blog\/wp-content\/uploads\/2025\/04\/18b_SendaMonteTejas_AytoSanFelicesdeBuelna_WP18-600x620.webp 600w, https:\/\/www.escapadarural.com\/blog\/wp-content\/uploads\/2025\/04\/18b_SendaMonteTejas_AytoSanFelicesdeBuelna_WP18-768x794.webp 768w, https:\/\/www.escapadarural.com\/blog\/wp-content\/uploads\/2025\/04\/18b_SendaMonteTejas_AytoSanFelicesdeBuelna_WP18-800x827.webp 800w, https:\/\/www.escapadarural.com\/blog\/wp-content\/uploads\/2025\/04\/18b_SendaMonteTejas_AytoSanFelicesdeBuelna_WP18-991x1024.webp 991w, https:\/\/www.escapadarural.com\/blog\/wp-content\/uploads\/2025\/04\/18b_SendaMonteTejas_AytoSanFelicesdeBuelna_WP18.webp 1024w\" sizes=\"auto, (max-width: 991px) 100vw, 991px\" \/><figcaption class=\"wp-element-caption\">Terio Lombilla, trabajando en las figuras de la senda mitol\u00f3gica del monte Tejas (Cantabria). Por Ayuntamiento de San Felices de Buelna.<\/figcaption><\/figure>\n\n\n\n<p>Terio ha tratado de <strong>respetar al m\u00e1ximo el entorno natural<\/strong> de un bosque \u201cque conozco desde ni\u00f1o, porque soy de aqu\u00ed, y que me tiene <em>enamorau<\/em>\u201d. \u201cSon <em>mu\u00f1econes<\/em> a tama\u00f1o natural, interpretaciones a mi manera de las leyendas c\u00e1ntabras -explica-. Los quise hacer brutotes, para que fueran duraderos, y respetar los tonos de color del bosque, que no fuese una cosa fosforita, estridente\u2026 la gente lo aprecia, e incluso algunas figuras cuesta encontrarlas\u201d.<\/p>\n\n\n\n<p>Terio realiza siempre sus trabajos sobre troncos secos o \u00e1rboles ca\u00eddos por el viento, lo que contribuye a su vez a la limpieza del bosque.<strong> Es un proyecto sostenible<\/strong>. \u201cLos vecinos me avisan cuando ven alg\u00fan tronco que me puede interesar -reconoce-. Ahora estoy trabajando sobre una ra\u00edz seca que descubr\u00ed hace poco, quiero hacer un jabal\u00ed un poco m\u00e1s grande de lo normal\u201d.<\/p>\n\n\n\n<h2 class=\"wp-block-heading\" id=\"h-no-veo-la-forma-de-parar-dice-terio\">\u201cNo veo la forma de parar\u201d, dice Terio<\/h2>\n\n\n\n<figure class=\"wp-block-image size-large\"><img loading=\"lazy\" decoding=\"async\" width=\"768\" height=\"1024\" src=\"https:\/\/www.escapadarural.com\/blog\/wp-content\/uploads\/2025\/04\/08_SendaMonteTejas_AytoSanFelicesdeBuelna_WP08-768x1024.webp\" alt=\"Figura de la senda mitol\u00f3gica del monte Tejas (Cantabria). \" class=\"wp-image-199765\" srcset=\"https:\/\/www.escapadarural.com\/blog\/wp-content\/uploads\/2025\/04\/08_SendaMonteTejas_AytoSanFelicesdeBuelna_WP08-200x267.webp 200w, https:\/\/www.escapadarural.com\/blog\/wp-content\/uploads\/2025\/04\/08_SendaMonteTejas_AytoSanFelicesdeBuelna_WP08-225x300.webp 225w, https:\/\/www.escapadarural.com\/blog\/wp-content\/uploads\/2025\/04\/08_SendaMonteTejas_AytoSanFelicesdeBuelna_WP08-400x533.webp 400w, https:\/\/www.escapadarural.com\/blog\/wp-content\/uploads\/2025\/04\/08_SendaMonteTejas_AytoSanFelicesdeBuelna_WP08-600x800.webp 600w, https:\/\/www.escapadarural.com\/blog\/wp-content\/uploads\/2025\/04\/08_SendaMonteTejas_AytoSanFelicesdeBuelna_WP08-768x1024.webp 768w, https:\/\/www.escapadarural.com\/blog\/wp-content\/uploads\/2025\/04\/08_SendaMonteTejas_AytoSanFelicesdeBuelna_WP08-800x1066.webp 800w, https:\/\/www.escapadarural.com\/blog\/wp-content\/uploads\/2025\/04\/08_SendaMonteTejas_AytoSanFelicesdeBuelna_WP08.webp 1024w\" sizes=\"auto, (max-width: 768px) 100vw, 768px\" \/><figcaption class=\"wp-element-caption\">Figura de la senda mitol\u00f3gica del monte Tejas (Cantabria). Por Ayuntamiento de San Felices de Buelna.<\/figcaption><\/figure>\n\n\n\n<p>La familia mitol\u00f3gica sigue creciendo ya que, seg\u00fan comenta Terio, \u201cno veo la forma de parar\u201d. Sin embargo, \u00faltimamente el artesano se dedica m\u00e1s a labores de mantenimiento de su trabajo. \u201cSon peque\u00f1os retoques en la pintura, o debido a los roces que producen los ni\u00f1os, porque la verdad es que la gente lo respeta much\u00edsimo, <strong>no hemos tenido vandalismo <\/strong>como s\u00ed ha ocurrido en otros lugares de este tipo\u201d, agradece.<\/p>\n\n\n\n<p>Quien no tuvo tanto respeto fue <strong>una vaca tudanca, que hace poco la emprendi\u00f3 a cabezazos contra una de las figuras<\/strong>. \u201cMe lo cont\u00f3 un vecino que vio la escena, y no me lo pod\u00eda creer -relata Terio-. \u00a1Si las vacas pacen a mi lado mientras tallo los troncos! As\u00ed que fui al bosque a comprobarlo y la figura ten\u00eda la cabeza mirando para marte. Al final son da\u00f1os colaterales de estar en plena naturaleza, ya est\u00e1 arreglado\u201d.<\/p>\n\n\n\n<h2 class=\"wp-block-heading\" id=\"h-un-bosque-revitalizado-por-la-iniciativa-de-terio\">Un bosque revitalizado por la iniciativa de Terio<\/h2>\n\n\n\n<figure class=\"wp-block-image size-large\"><img loading=\"lazy\" decoding=\"async\" width=\"943\" height=\"1024\" src=\"https:\/\/www.escapadarural.com\/blog\/wp-content\/uploads\/2025\/04\/10b_SendaMonteTejas_AytoSanFelicesdeBuelna_WP10-943x1024.webp\" alt=\"Figura de la senda mitol\u00f3gica del monte Tejas (Cantabria). \" class=\"wp-image-199766\" srcset=\"https:\/\/www.escapadarural.com\/blog\/wp-content\/uploads\/2025\/04\/10b_SendaMonteTejas_AytoSanFelicesdeBuelna_WP10-200x217.webp 200w, https:\/\/www.escapadarural.com\/blog\/wp-content\/uploads\/2025\/04\/10b_SendaMonteTejas_AytoSanFelicesdeBuelna_WP10-276x300.webp 276w, https:\/\/www.escapadarural.com\/blog\/wp-content\/uploads\/2025\/04\/10b_SendaMonteTejas_AytoSanFelicesdeBuelna_WP10-400x434.webp 400w, https:\/\/www.escapadarural.com\/blog\/wp-content\/uploads\/2025\/04\/10b_SendaMonteTejas_AytoSanFelicesdeBuelna_WP10-600x652.webp 600w, https:\/\/www.escapadarural.com\/blog\/wp-content\/uploads\/2025\/04\/10b_SendaMonteTejas_AytoSanFelicesdeBuelna_WP10-768x834.webp 768w, https:\/\/www.escapadarural.com\/blog\/wp-content\/uploads\/2025\/04\/10b_SendaMonteTejas_AytoSanFelicesdeBuelna_WP10-800x869.webp 800w, https:\/\/www.escapadarural.com\/blog\/wp-content\/uploads\/2025\/04\/10b_SendaMonteTejas_AytoSanFelicesdeBuelna_WP10-943x1024.webp 943w, https:\/\/www.escapadarural.com\/blog\/wp-content\/uploads\/2025\/04\/10b_SendaMonteTejas_AytoSanFelicesdeBuelna_WP10.webp 1024w\" sizes=\"auto, (max-width: 943px) 100vw, 943px\" \/><figcaption class=\"wp-element-caption\">Figura de la senda mitol\u00f3gica del monte Tejas (Cantabria). Por <a href=\"https:\/\/www.sanfelicesdebuelna.es\/\" target=\"_blank\">Ayuntamiento de San Felices de Buelna<\/a>.<\/figcaption><\/figure>\n\n\n\n<p>Lo que queda claro es que Terio, con su esfuerzo e imaginaci\u00f3n sin l\u00edmite, <strong>ha conseguido dar vida al monte Tejas<\/strong>. \u201cEs una pasada, hace ya seis a\u00f1os, pero es que subes un fin de semana que haga un rayo de sol y encuentras un centenar de coches como m\u00ednimo, con familias enteras, abuelos, padres y nietos\u201d, dice.<\/p>\n\n\n\n<p>El artista <strong>nunca ha querido recibir nada a cambio por su obra<\/strong>, aunque el propio alcalde le ha insistido una y otra vez en que ponga precio a sus esculturas. \u201cSiempre me negu\u00e9 porque es algo que hago para el pueblo porque yo quiero -explica-. La \u00fanica condici\u00f3n que le puse es que yo no cobro nada, pero el pueblo tampoco. Lo importante es darlo a conocer y que la gente lo disfrute\u201d.<\/p>\n","protected":false},"excerpt":{"rendered":"<p>La senda mitol\u00f3gica del monte Tejas, una ruta para ni\u00f1os con mucho encanto que nos descubre los seres legendarios de Cantabria<\/p>\n","protected":false},"author":157,"featured_media":199747,"comment_status":"open","ping_status":"open","sticky":false,"template":"","format":"standard","meta":{"_acf_changed":false,"om_disable_all_campaigns":false,"footnotes":""},"categories":[1379],"tags":[224,511,723,6259,6261,6260,6087],"class_list":["post-199716","post","type-post","status-publish","format-standard","has-post-thumbnail","hentry","category-rutas-y-excursiones","tag-que-ver-en-cantabria","tag-familia","tag-mitologia","tag-monte-tejas","tag-rutas-con-ninos","tag-san-felices-de-buelna","tag-senderismo"],"acf":[],"featured_image_src":"https:\/\/www.escapadarural.com\/blog\/wp-content\/uploads\/2025\/04\/21b_SendaMonteTejas_AytoSanFelicesdeBuelna_WP21.webp","author_info":{"display_name":"Miguel Perez","author_link":"https:\/\/www.escapadarural.com\/blog\/autor\/miguel-perez\/"},"yoast_head":"<!-- This site is optimized with the Yoast SEO plugin v27.5 - https:\/\/yoast.com\/product\/yoast-seo-wordpress\/ -->\n<title>Rutas con ni\u00f1os: la senda mitol\u00f3gica del monte Tejas - Magazine de viajes de EscapadaRural<\/title>\n<meta name=\"description\" content=\"La senda mitol\u00f3gica del monte Tejas, una ruta para ni\u00f1os con mucho encanto que nos descubre los seres legendarios de Cantabria\" \/>\n<meta name=\"robots\" content=\"index, follow, max-snippet:-1, max-image-preview:large, max-video-preview:-1\" \/>\n<link rel=\"canonical\" href=\"https:\/\/www.escapadarural.com\/blog\/senda-mitologica-monte-tejas-ruta-con-ninos\/\" \/>\n<meta property=\"og:locale\" content=\"es_ES\" \/>\n<meta property=\"og:type\" content=\"article\" \/>\n<meta property=\"og:title\" content=\"Rutas con ni\u00f1os: la senda mitol\u00f3gica del monte Tejas - Magazine de viajes de EscapadaRural\" \/>\n<meta property=\"og:description\" content=\"La senda mitol\u00f3gica del monte Tejas, una ruta para ni\u00f1os con mucho encanto que nos descubre los seres legendarios de Cantabria\" \/>\n<meta property=\"og:url\" content=\"https:\/\/www.escapadarural.com\/blog\/senda-mitologica-monte-tejas-ruta-con-ninos\/\" \/>\n<meta property=\"og:site_name\" content=\"Magazine de viajes de EscapadaRural\" \/>\n<meta property=\"article:publisher\" content=\"https:\/\/www.facebook.com\/escapadarural\" \/>\n<meta property=\"article:author\" content=\"#\" \/>\n<meta property=\"article:published_time\" content=\"2025-05-04T06:00:00+00:00\" \/>\n<meta property=\"article:modified_time\" content=\"2025-05-14T15:01:05+00:00\" \/>\n<meta property=\"og:image\" content=\"https:\/\/www.escapadarural.com\/blog\/wp-content\/uploads\/2025\/04\/21b_SendaMonteTejas_AytoSanFelicesdeBuelna_WP21.webp\" \/>\n\t<meta property=\"og:image:width\" content=\"1024\" \/>\n\t<meta property=\"og:image:height\" content=\"1067\" \/>\n\t<meta property=\"og:image:type\" content=\"image\/webp\" \/>\n<meta name=\"author\" content=\"Miguel Perez\" \/>\n<meta name=\"twitter:card\" content=\"summary_large_image\" \/>\n<meta name=\"twitter:creator\" content=\"@#\" \/>\n<meta name=\"twitter:label1\" content=\"Escrito por\" \/>\n\t<meta name=\"twitter:data1\" content=\"Miguel Perez\" \/>\n\t<meta name=\"twitter:label2\" content=\"Tiempo de lectura\" \/>\n\t<meta name=\"twitter:data2\" content=\"11 minutos\" \/>\n<script type=\"application\/ld+json\" class=\"yoast-schema-graph\">{\"@context\":\"https:\\\/\\\/schema.org\",\"@graph\":[{\"@type\":\"Article\",\"@id\":\"https:\\\/\\\/www.escapadarural.com\\\/blog\\\/senda-mitologica-monte-tejas-ruta-con-ninos\\\/#article\",\"isPartOf\":{\"@id\":\"https:\\\/\\\/www.escapadarural.com\\\/blog\\\/senda-mitologica-monte-tejas-ruta-con-ninos\\\/\"},\"author\":{\"name\":\"Miguel Perez\",\"@id\":\"https:\\\/\\\/www.escapadarural.com\\\/blog\\\/#\\\/schema\\\/person\\\/ea17306ba0ae76670daf8e5008db21dd\"},\"headline\":\"La senda mitol\u00f3gica del monte Tejas, una ruta con ni\u00f1os con mucho encanto\",\"datePublished\":\"2025-05-04T06:00:00+00:00\",\"dateModified\":\"2025-05-14T15:01:05+00:00\",\"mainEntityOfPage\":{\"@id\":\"https:\\\/\\\/www.escapadarural.com\\\/blog\\\/senda-mitologica-monte-tejas-ruta-con-ninos\\\/\"},\"wordCount\":2010,\"commentCount\":0,\"publisher\":{\"@id\":\"https:\\\/\\\/www.escapadarural.com\\\/blog\\\/#organization\"},\"image\":{\"@id\":\"https:\\\/\\\/www.escapadarural.com\\\/blog\\\/senda-mitologica-monte-tejas-ruta-con-ninos\\\/#primaryimage\"},\"thumbnailUrl\":\"https:\\\/\\\/www.escapadarural.com\\\/blog\\\/wp-content\\\/uploads\\\/2025\\\/04\\\/21b_SendaMonteTejas_AytoSanFelicesdeBuelna_WP21.webp\",\"keywords\":[\"Cantabria\",\"Familia\",\"Mitolog\u00eda\",\"Monte Tejas\",\"Rutas con ni\u00f1os\",\"San Felices de Buelna\",\"senderismo\"],\"articleSection\":[\"Rutas y excursiones\"],\"inLanguage\":\"es\",\"potentialAction\":[{\"@type\":\"CommentAction\",\"name\":\"Comment\",\"target\":[\"https:\\\/\\\/www.escapadarural.com\\\/blog\\\/senda-mitologica-monte-tejas-ruta-con-ninos\\\/#respond\"]}]},{\"@type\":\"WebPage\",\"@id\":\"https:\\\/\\\/www.escapadarural.com\\\/blog\\\/senda-mitologica-monte-tejas-ruta-con-ninos\\\/\",\"url\":\"https:\\\/\\\/www.escapadarural.com\\\/blog\\\/senda-mitologica-monte-tejas-ruta-con-ninos\\\/\",\"name\":\"Rutas con ni\u00f1os: la senda mitol\u00f3gica del monte Tejas - Magazine de viajes de EscapadaRural\",\"isPartOf\":{\"@id\":\"https:\\\/\\\/www.escapadarural.com\\\/blog\\\/#website\"},\"primaryImageOfPage\":{\"@id\":\"https:\\\/\\\/www.escapadarural.com\\\/blog\\\/senda-mitologica-monte-tejas-ruta-con-ninos\\\/#primaryimage\"},\"image\":{\"@id\":\"https:\\\/\\\/www.escapadarural.com\\\/blog\\\/senda-mitologica-monte-tejas-ruta-con-ninos\\\/#primaryimage\"},\"thumbnailUrl\":\"https:\\\/\\\/www.escapadarural.com\\\/blog\\\/wp-content\\\/uploads\\\/2025\\\/04\\\/21b_SendaMonteTejas_AytoSanFelicesdeBuelna_WP21.webp\",\"datePublished\":\"2025-05-04T06:00:00+00:00\",\"dateModified\":\"2025-05-14T15:01:05+00:00\",\"description\":\"La senda mitol\u00f3gica del monte Tejas, una ruta para ni\u00f1os con mucho encanto que nos descubre los seres legendarios de Cantabria\",\"breadcrumb\":{\"@id\":\"https:\\\/\\\/www.escapadarural.com\\\/blog\\\/senda-mitologica-monte-tejas-ruta-con-ninos\\\/#breadcrumb\"},\"inLanguage\":\"es\",\"potentialAction\":[{\"@type\":\"ReadAction\",\"target\":[\"https:\\\/\\\/www.escapadarural.com\\\/blog\\\/senda-mitologica-monte-tejas-ruta-con-ninos\\\/\"]}]},{\"@type\":\"ImageObject\",\"inLanguage\":\"es\",\"@id\":\"https:\\\/\\\/www.escapadarural.com\\\/blog\\\/senda-mitologica-monte-tejas-ruta-con-ninos\\\/#primaryimage\",\"url\":\"https:\\\/\\\/www.escapadarural.com\\\/blog\\\/wp-content\\\/uploads\\\/2025\\\/04\\\/21b_SendaMonteTejas_AytoSanFelicesdeBuelna_WP21.webp\",\"contentUrl\":\"https:\\\/\\\/www.escapadarural.com\\\/blog\\\/wp-content\\\/uploads\\\/2025\\\/04\\\/21b_SendaMonteTejas_AytoSanFelicesdeBuelna_WP21.webp\",\"width\":1024,\"height\":1067,\"caption\":\"El oj\u00e1ncano, una de las figuras de la senda mitol\u00f3gica del monte Tejas (Cantabria). Por Ayuntamiento de San Felices de Buelna.\"},{\"@type\":\"BreadcrumbList\",\"@id\":\"https:\\\/\\\/www.escapadarural.com\\\/blog\\\/senda-mitologica-monte-tejas-ruta-con-ninos\\\/#breadcrumb\",\"itemListElement\":[{\"@type\":\"ListItem\",\"position\":1,\"name\":\"Inicio\",\"item\":\"https:\\\/\\\/www.escapadarural.com\\\/blog\\\/\"},{\"@type\":\"ListItem\",\"position\":2,\"name\":\"Rutas y excursiones\",\"item\":\"https:\\\/\\\/www.escapadarural.com\\\/blog\\\/categoria\\\/rutas-y-excursiones\\\/\"},{\"@type\":\"ListItem\",\"position\":3,\"name\":\"La senda mitol\u00f3gica del monte Tejas, una ruta con ni\u00f1os con mucho encanto\"}]},{\"@type\":\"WebSite\",\"@id\":\"https:\\\/\\\/www.escapadarural.com\\\/blog\\\/#website\",\"url\":\"https:\\\/\\\/www.escapadarural.com\\\/blog\\\/\",\"name\":\"Blog de viajes | turismo rural, alojamientos e inspiraci\u00f3n\",\"description\":\"Alojamientos rurales e inspiraci\u00f3n para tus escapadas\",\"publisher\":{\"@id\":\"https:\\\/\\\/www.escapadarural.com\\\/blog\\\/#organization\"},\"alternateName\":\"Magazine de viajes de EscapadaRural\",\"potentialAction\":[{\"@type\":\"SearchAction\",\"target\":{\"@type\":\"EntryPoint\",\"urlTemplate\":\"https:\\\/\\\/www.escapadarural.com\\\/blog\\\/?s={search_term_string}\"},\"query-input\":{\"@type\":\"PropertyValueSpecification\",\"valueRequired\":true,\"valueName\":\"search_term_string\"}}],\"inLanguage\":\"es\"},{\"@type\":\"Organization\",\"@id\":\"https:\\\/\\\/www.escapadarural.com\\\/blog\\\/#organization\",\"name\":\"EscapadaRural\",\"url\":\"https:\\\/\\\/www.escapadarural.com\\\/blog\\\/\",\"logo\":{\"@type\":\"ImageObject\",\"inLanguage\":\"es\",\"@id\":\"https:\\\/\\\/www.escapadarural.com\\\/blog\\\/#\\\/schema\\\/logo\\\/image\\\/\",\"url\":\"https:\\\/\\\/www.escapadarural.com\\\/blog\\\/wp-content\\\/uploads\\\/2024\\\/10\\\/cropped-cropped-escapada-rural-icon-mag-3.png\",\"contentUrl\":\"https:\\\/\\\/www.escapadarural.com\\\/blog\\\/wp-content\\\/uploads\\\/2024\\\/10\\\/cropped-cropped-escapada-rural-icon-mag-3.png\",\"width\":512,\"height\":512,\"caption\":\"EscapadaRural\"},\"image\":{\"@id\":\"https:\\\/\\\/www.escapadarural.com\\\/blog\\\/#\\\/schema\\\/logo\\\/image\\\/\"},\"sameAs\":[\"https:\\\/\\\/www.facebook.com\\\/escapadarural\",\"https:\\\/\\\/www.instagram.com\\\/escapadarural\\\/\",\"https:\\\/\\\/www.youtube.com\\\/@escapadaruralcom\"]},{\"@type\":\"Person\",\"@id\":\"https:\\\/\\\/www.escapadarural.com\\\/blog\\\/#\\\/schema\\\/person\\\/ea17306ba0ae76670daf8e5008db21dd\",\"name\":\"Miguel Perez\",\"image\":{\"@type\":\"ImageObject\",\"inLanguage\":\"es\",\"@id\":\"https:\\\/\\\/www.escapadarural.com\\\/blog\\\/wp-content\\\/uploads\\\/2024\\\/11\\\/cropped-Miguel-Perez-96x96.jpg\",\"url\":\"https:\\\/\\\/www.escapadarural.com\\\/blog\\\/wp-content\\\/uploads\\\/2024\\\/11\\\/cropped-Miguel-Perez-96x96.jpg\",\"contentUrl\":\"https:\\\/\\\/www.escapadarural.com\\\/blog\\\/wp-content\\\/uploads\\\/2024\\\/11\\\/cropped-Miguel-Perez-96x96.jpg\",\"caption\":\"Miguel Perez\"},\"description\":\"Me encanta el f\u00fatbol, leer, viajar, descubrir nuevos destinos y cont\u00e1rtelos\",\"sameAs\":[\"#\",\"https:\\\/\\\/x.com\\\/#\"],\"url\":\"https:\\\/\\\/www.escapadarural.com\\\/blog\\\/autor\\\/miguel-perez\\\/\"}]}<\/script>\n<!-- \/ Yoast SEO plugin. -->","yoast_head_json":{"title":"Rutas con ni\u00f1os: la senda mitol\u00f3gica del monte Tejas - Magazine de viajes de EscapadaRural","description":"La senda mitol\u00f3gica del monte Tejas, una ruta para ni\u00f1os con mucho encanto que nos descubre los seres legendarios de Cantabria","robots":{"index":"index","follow":"follow","max-snippet":"max-snippet:-1","max-image-preview":"max-image-preview:large","max-video-preview":"max-video-preview:-1"},"canonical":"https:\/\/www.escapadarural.com\/blog\/senda-mitologica-monte-tejas-ruta-con-ninos\/","og_locale":"es_ES","og_type":"article","og_title":"Rutas con ni\u00f1os: la senda mitol\u00f3gica del monte Tejas - Magazine de viajes de EscapadaRural","og_description":"La senda mitol\u00f3gica del monte Tejas, una ruta para ni\u00f1os con mucho encanto que nos descubre los seres legendarios de Cantabria","og_url":"https:\/\/www.escapadarural.com\/blog\/senda-mitologica-monte-tejas-ruta-con-ninos\/","og_site_name":"Magazine de viajes de EscapadaRural","article_publisher":"https:\/\/www.facebook.com\/escapadarural","article_author":"#","article_published_time":"2025-05-04T06:00:00+00:00","article_modified_time":"2025-05-14T15:01:05+00:00","og_image":[{"width":1024,"height":1067,"url":"https:\/\/www.escapadarural.com\/blog\/wp-content\/uploads\/2025\/04\/21b_SendaMonteTejas_AytoSanFelicesdeBuelna_WP21.webp","type":"image\/webp"}],"author":"Miguel Perez","twitter_card":"summary_large_image","twitter_creator":"@#","twitter_misc":{"Escrito por":"Miguel Perez","Tiempo de lectura":"11 minutos"},"schema":{"@context":"https:\/\/schema.org","@graph":[{"@type":"Article","@id":"https:\/\/www.escapadarural.com\/blog\/senda-mitologica-monte-tejas-ruta-con-ninos\/#article","isPartOf":{"@id":"https:\/\/www.escapadarural.com\/blog\/senda-mitologica-monte-tejas-ruta-con-ninos\/"},"author":{"name":"Miguel Perez","@id":"https:\/\/www.escapadarural.com\/blog\/#\/schema\/person\/ea17306ba0ae76670daf8e5008db21dd"},"headline":"La senda mitol\u00f3gica del monte Tejas, una ruta con ni\u00f1os con mucho encanto","datePublished":"2025-05-04T06:00:00+00:00","dateModified":"2025-05-14T15:01:05+00:00","mainEntityOfPage":{"@id":"https:\/\/www.escapadarural.com\/blog\/senda-mitologica-monte-tejas-ruta-con-ninos\/"},"wordCount":2010,"commentCount":0,"publisher":{"@id":"https:\/\/www.escapadarural.com\/blog\/#organization"},"image":{"@id":"https:\/\/www.escapadarural.com\/blog\/senda-mitologica-monte-tejas-ruta-con-ninos\/#primaryimage"},"thumbnailUrl":"https:\/\/www.escapadarural.com\/blog\/wp-content\/uploads\/2025\/04\/21b_SendaMonteTejas_AytoSanFelicesdeBuelna_WP21.webp","keywords":["Cantabria","Familia","Mitolog\u00eda","Monte Tejas","Rutas con ni\u00f1os","San Felices de Buelna","senderismo"],"articleSection":["Rutas y excursiones"],"inLanguage":"es","potentialAction":[{"@type":"CommentAction","name":"Comment","target":["https:\/\/www.escapadarural.com\/blog\/senda-mitologica-monte-tejas-ruta-con-ninos\/#respond"]}]},{"@type":"WebPage","@id":"https:\/\/www.escapadarural.com\/blog\/senda-mitologica-monte-tejas-ruta-con-ninos\/","url":"https:\/\/www.escapadarural.com\/blog\/senda-mitologica-monte-tejas-ruta-con-ninos\/","name":"Rutas con ni\u00f1os: la senda mitol\u00f3gica del monte Tejas - Magazine de viajes de EscapadaRural","isPartOf":{"@id":"https:\/\/www.escapadarural.com\/blog\/#website"},"primaryImageOfPage":{"@id":"https:\/\/www.escapadarural.com\/blog\/senda-mitologica-monte-tejas-ruta-con-ninos\/#primaryimage"},"image":{"@id":"https:\/\/www.escapadarural.com\/blog\/senda-mitologica-monte-tejas-ruta-con-ninos\/#primaryimage"},"thumbnailUrl":"https:\/\/www.escapadarural.com\/blog\/wp-content\/uploads\/2025\/04\/21b_SendaMonteTejas_AytoSanFelicesdeBuelna_WP21.webp","datePublished":"2025-05-04T06:00:00+00:00","dateModified":"2025-05-14T15:01:05+00:00","description":"La senda mitol\u00f3gica del monte Tejas, una ruta para ni\u00f1os con mucho encanto que nos descubre los seres legendarios de Cantabria","breadcrumb":{"@id":"https:\/\/www.escapadarural.com\/blog\/senda-mitologica-monte-tejas-ruta-con-ninos\/#breadcrumb"},"inLanguage":"es","potentialAction":[{"@type":"ReadAction","target":["https:\/\/www.escapadarural.com\/blog\/senda-mitologica-monte-tejas-ruta-con-ninos\/"]}]},{"@type":"ImageObject","inLanguage":"es","@id":"https:\/\/www.escapadarural.com\/blog\/senda-mitologica-monte-tejas-ruta-con-ninos\/#primaryimage","url":"https:\/\/www.escapadarural.com\/blog\/wp-content\/uploads\/2025\/04\/21b_SendaMonteTejas_AytoSanFelicesdeBuelna_WP21.webp","contentUrl":"https:\/\/www.escapadarural.com\/blog\/wp-content\/uploads\/2025\/04\/21b_SendaMonteTejas_AytoSanFelicesdeBuelna_WP21.webp","width":1024,"height":1067,"caption":"El oj\u00e1ncano, una de las figuras de la senda mitol\u00f3gica del monte Tejas (Cantabria). Por Ayuntamiento de San Felices de Buelna."},{"@type":"BreadcrumbList","@id":"https:\/\/www.escapadarural.com\/blog\/senda-mitologica-monte-tejas-ruta-con-ninos\/#breadcrumb","itemListElement":[{"@type":"ListItem","position":1,"name":"Inicio","item":"https:\/\/www.escapadarural.com\/blog\/"},{"@type":"ListItem","position":2,"name":"Rutas y excursiones","item":"https:\/\/www.escapadarural.com\/blog\/categoria\/rutas-y-excursiones\/"},{"@type":"ListItem","position":3,"name":"La senda mitol\u00f3gica del monte Tejas, una ruta con ni\u00f1os con mucho encanto"}]},{"@type":"WebSite","@id":"https:\/\/www.escapadarural.com\/blog\/#website","url":"https:\/\/www.escapadarural.com\/blog\/","name":"Blog de viajes | turismo rural, alojamientos e inspiraci\u00f3n","description":"Alojamientos rurales e inspiraci\u00f3n para tus escapadas","publisher":{"@id":"https:\/\/www.escapadarural.com\/blog\/#organization"},"alternateName":"Magazine de viajes de EscapadaRural","potentialAction":[{"@type":"SearchAction","target":{"@type":"EntryPoint","urlTemplate":"https:\/\/www.escapadarural.com\/blog\/?s={search_term_string}"},"query-input":{"@type":"PropertyValueSpecification","valueRequired":true,"valueName":"search_term_string"}}],"inLanguage":"es"},{"@type":"Organization","@id":"https:\/\/www.escapadarural.com\/blog\/#organization","name":"EscapadaRural","url":"https:\/\/www.escapadarural.com\/blog\/","logo":{"@type":"ImageObject","inLanguage":"es","@id":"https:\/\/www.escapadarural.com\/blog\/#\/schema\/logo\/image\/","url":"https:\/\/www.escapadarural.com\/blog\/wp-content\/uploads\/2024\/10\/cropped-cropped-escapada-rural-icon-mag-3.png","contentUrl":"https:\/\/www.escapadarural.com\/blog\/wp-content\/uploads\/2024\/10\/cropped-cropped-escapada-rural-icon-mag-3.png","width":512,"height":512,"caption":"EscapadaRural"},"image":{"@id":"https:\/\/www.escapadarural.com\/blog\/#\/schema\/logo\/image\/"},"sameAs":["https:\/\/www.facebook.com\/escapadarural","https:\/\/www.instagram.com\/escapadarural\/","https:\/\/www.youtube.com\/@escapadaruralcom"]},{"@type":"Person","@id":"https:\/\/www.escapadarural.com\/blog\/#\/schema\/person\/ea17306ba0ae76670daf8e5008db21dd","name":"Miguel Perez","image":{"@type":"ImageObject","inLanguage":"es","@id":"https:\/\/www.escapadarural.com\/blog\/wp-content\/uploads\/2024\/11\/cropped-Miguel-Perez-96x96.jpg","url":"https:\/\/www.escapadarural.com\/blog\/wp-content\/uploads\/2024\/11\/cropped-Miguel-Perez-96x96.jpg","contentUrl":"https:\/\/www.escapadarural.com\/blog\/wp-content\/uploads\/2024\/11\/cropped-Miguel-Perez-96x96.jpg","caption":"Miguel Perez"},"description":"Me encanta el f\u00fatbol, leer, viajar, descubrir nuevos destinos y cont\u00e1rtelos","sameAs":["#","https:\/\/x.com\/#"],"url":"https:\/\/www.escapadarural.com\/blog\/autor\/miguel-perez\/"}]}},"_links":{"self":[{"href":"https:\/\/www.escapadarural.com\/blog\/wp-json\/wp\/v2\/posts\/199716","targetHints":{"allow":["GET"]}}],"collection":[{"href":"https:\/\/www.escapadarural.com\/blog\/wp-json\/wp\/v2\/posts"}],"about":[{"href":"https:\/\/www.escapadarural.com\/blog\/wp-json\/wp\/v2\/types\/post"}],"author":[{"embeddable":true,"href":"https:\/\/www.escapadarural.com\/blog\/wp-json\/wp\/v2\/users\/157"}],"replies":[{"embeddable":true,"href":"https:\/\/www.escapadarural.com\/blog\/wp-json\/wp\/v2\/comments?post=199716"}],"version-history":[{"count":0,"href":"https:\/\/www.escapadarural.com\/blog\/wp-json\/wp\/v2\/posts\/199716\/revisions"}],"wp:featuredmedia":[{"embeddable":true,"href":"https:\/\/www.escapadarural.com\/blog\/wp-json\/wp\/v2\/media\/199747"}],"wp:attachment":[{"href":"https:\/\/www.escapadarural.com\/blog\/wp-json\/wp\/v2\/media?parent=199716"}],"wp:term":[{"taxonomy":"category","embeddable":true,"href":"https:\/\/www.escapadarural.com\/blog\/wp-json\/wp\/v2\/categories?post=199716"},{"taxonomy":"post_tag","embeddable":true,"href":"https:\/\/www.escapadarural.com\/blog\/wp-json\/wp\/v2\/tags?post=199716"}],"curies":[{"name":"wp","href":"https:\/\/api.w.org\/{rel}","templated":true}]}}