{"id":200610,"date":"2025-05-14T11:13:18","date_gmt":"2025-05-14T09:13:18","guid":{"rendered":"https:\/\/www.escapadarural.com\/blog\/?p=200610"},"modified":"2025-05-17T10:36:05","modified_gmt":"2025-05-17T08:36:05","slug":"coetur-2025-conclusiones-turismo-rural","status":"publish","type":"post","link":"https:\/\/www.escapadarural.com\/blog\/coetur-2025-conclusiones-turismo-rural\/","title":{"rendered":"COETUR, el congreso iniciativa de EscapadaRural, identifica las palancas de crecimiento\u00a0 para el turismo rural en una edici\u00f3n con m\u00e1s de 20 ponentes y 150 asistentes"},"content":{"rendered":"\n<p>Durante los d\u00edas 7 y 8 de mayo ha tenido lugar a <strong>XI edici\u00f3n de COETUR<\/strong>, el <a href=\"https:\/\/www.escapadarural.com\/blog\/coetur\">Congreso Europeo de Turismo Rura<\/a>l<strong> iniciativa de EscapadaRural<\/strong>, que se ha celebrado gracias a la financiaci\u00f3n de la Comunidad de Madrid, en la Comarca Tur\u00edstica de Las Vegas y Alcarria Madrile\u00f1a, teniendo su sede en la localidad de Chinch\u00f3n.&nbsp;<\/p>\n\n\n\n<figure class=\"wp-block-embed is-type-video is-provider-youtube wp-block-embed-youtube wp-embed-aspect-16-9 wp-has-aspect-ratio\"><div class=\"wp-block-embed__wrapper\">\n<span class=\"kMZ2D1KWY0tLpTI8gec4zCG6ohmASvxF3q5bJuUXNQjdBw\"><div class=\"video-shortcode\"><iframe title=\"XI Congreso Europeo de Turismo Rural\" width=\"1200\" height=\"675\" src=\"https:\/\/www.youtube.com\/embed\/DhyMdzufoOc?feature=oembed\" frameborder=\"0\" allow=\"accelerometer; autoplay; clipboard-write; encrypted-media; gyroscope; picture-in-picture; web-share\" referrerpolicy=\"strict-origin-when-cross-origin\" allowfullscreen><\/iframe><\/div><\/span>\n<\/div><\/figure>\n\n\n\n<p>El congreso, conducido por el periodista y blogger de viajes Jos\u00e9 Pablo Garc\u00eda de <a href=\"http:\/\/atomarpormundo.com\" target=\"_blank\">Atomarpormundo.com<\/a>, ha reunido a<strong> 150 asistentes<\/strong>, entre propietarios de alojamientos, representantes de las administraciones p\u00fablicas y empresas de turismo activo o actividades complementarias. Y m\u00e1s<strong> de 20 l\u00edderes de opini\u00f3n, ponentes internacionales y expertos<\/strong> de diferentes \u00e1mbitos que han compartido conocimientos y experiencias sobre temas clave como los retos actuales del sector en materia de sostenibilidad y emergencia clim\u00e1tica; la atracci\u00f3n de viajero internacional a nuestros destinos de interior; la transformaci\u00f3n digital de los destinos rurales; y nuevas posibilidades de turismo como son las experiencias agrotur\u00edsticas y de km0.<\/p>\n\n\n\n<figure class=\"wp-block-image size-large\"><img loading=\"lazy\" decoding=\"async\" width=\"1024\" height=\"768\" src=\"https:\/\/www.escapadarural.com\/blog\/wp-content\/uploads\/2025\/05\/publico-COETUR-2025-1-1024x768.webp\" alt=\"Asistentes COETUR 2025\" class=\"wp-image-200617\" srcset=\"https:\/\/www.escapadarural.com\/blog\/wp-content\/uploads\/2025\/05\/publico-COETUR-2025-1-200x150.webp 200w, https:\/\/www.escapadarural.com\/blog\/wp-content\/uploads\/2025\/05\/publico-COETUR-2025-1-300x225.webp 300w, https:\/\/www.escapadarural.com\/blog\/wp-content\/uploads\/2025\/05\/publico-COETUR-2025-1-400x300.webp 400w, https:\/\/www.escapadarural.com\/blog\/wp-content\/uploads\/2025\/05\/publico-COETUR-2025-1-600x450.webp 600w, https:\/\/www.escapadarural.com\/blog\/wp-content\/uploads\/2025\/05\/publico-COETUR-2025-1-768x576.webp 768w, https:\/\/www.escapadarural.com\/blog\/wp-content\/uploads\/2025\/05\/publico-COETUR-2025-1-800x600.webp 800w, https:\/\/www.escapadarural.com\/blog\/wp-content\/uploads\/2025\/05\/publico-COETUR-2025-1-1024x768.webp 1024w, https:\/\/www.escapadarural.com\/blog\/wp-content\/uploads\/2025\/05\/publico-COETUR-2025-1-1200x900.webp 1200w, https:\/\/www.escapadarural.com\/blog\/wp-content\/uploads\/2025\/05\/publico-COETUR-2025-1-1536x1152.webp 1536w\" sizes=\"auto, (max-width: 1024px) 100vw, 1024px\" \/><\/figure>\n\n\n\n<p>El acto inaugural ha estado a cargo del Sr. <strong>Luis Mart\u00edn Izquierdo<\/strong>, <strong>Viceconsejero de Cultura, Turismo y Deporte de la Comunidad de Madrid<\/strong>, y de <strong>Montse Gil,<\/strong> <strong>directora general de EscapadaRural<\/strong>. Y, por su parte, <strong>Laura Mart\u00ednez Cerro<\/strong>, <strong>Directora General de Turismo &amp; Hosteler\u00eda de la Comunidad de Madrid<\/strong>, ha sido la responsable de clausurar el congreso.&nbsp;<\/p>\n\n\n\n<figure class=\"wp-block-image size-large\"><img loading=\"lazy\" decoding=\"async\" width=\"1024\" height=\"768\" src=\"https:\/\/www.escapadarural.com\/blog\/wp-content\/uploads\/2025\/05\/Laura-Martinez-Montse-Gil-1024x768.webp\" alt=\"\" class=\"wp-image-200618\" srcset=\"https:\/\/www.escapadarural.com\/blog\/wp-content\/uploads\/2025\/05\/Laura-Martinez-Montse-Gil-200x150.webp 200w, https:\/\/www.escapadarural.com\/blog\/wp-content\/uploads\/2025\/05\/Laura-Martinez-Montse-Gil-300x225.webp 300w, https:\/\/www.escapadarural.com\/blog\/wp-content\/uploads\/2025\/05\/Laura-Martinez-Montse-Gil-400x300.webp 400w, https:\/\/www.escapadarural.com\/blog\/wp-content\/uploads\/2025\/05\/Laura-Martinez-Montse-Gil-600x450.webp 600w, https:\/\/www.escapadarural.com\/blog\/wp-content\/uploads\/2025\/05\/Laura-Martinez-Montse-Gil-768x576.webp 768w, https:\/\/www.escapadarural.com\/blog\/wp-content\/uploads\/2025\/05\/Laura-Martinez-Montse-Gil-800x600.webp 800w, https:\/\/www.escapadarural.com\/blog\/wp-content\/uploads\/2025\/05\/Laura-Martinez-Montse-Gil-1024x768.webp 1024w, https:\/\/www.escapadarural.com\/blog\/wp-content\/uploads\/2025\/05\/Laura-Martinez-Montse-Gil-1200x900.webp 1200w, https:\/\/www.escapadarural.com\/blog\/wp-content\/uploads\/2025\/05\/Laura-Martinez-Montse-Gil-1536x1152.webp 1536w\" sizes=\"auto, (max-width: 1024px) 100vw, 1024px\" \/><figcaption class=\"wp-element-caption\"><strong>Laura Mart\u00ednez Cerro<\/strong>, Directora General de Turismo &amp; Hosteler\u00eda de la Comunidad de Madrid, y <strong>Montse Gil<\/strong>, Directora General de EscapadaRural<\/figcaption><\/figure>\n\n\n\n<h2 class=\"wp-block-heading\" id=\"h-conclusiones-de-coetur-2025\"><strong><strong>Conclusiones de COETUR 2025<\/strong><\/strong><\/h2>\n\n\n\n<p>Tras dos d\u00edas de intensas sesiones y debates, COETUR se ha reafirmado como el punto de encuentro imprescindible para los profesionales del turismo rural. De esta edici\u00f3n emergen conclusiones fundamentales que ofrecen herramientas para impulsar el crecimiento sostenible del sector:<\/p>\n\n\n\n<ul class=\"wp-block-list\">\n<li>La <strong>promoci\u00f3n tur\u00edstica es clave para satisfacer la inquietud de los viajeros por conocer y visitar nuevos destinos de interior<\/strong>. Tambi\u00e9n es clave crear y comunicar adecuadamente diferentes experiencias que un mismo destino al viajero ofrece a lo largo del a\u00f1o.&nbsp;<\/li>\n\n\n\n<li>El <strong>turismo en destinos rurales no es sostenible en s\u00ed mismo, requiere una gesti\u00f3n activa<\/strong>. Para ello existen <strong>herramientas<\/strong> &#8211; como <strong>STAR de la ONU Turismo<\/strong> &#8211; que permiten a los destinos rurales autoevaluarse y avanzar hacia la sostenibilidad. Tambi\u00e9n la labor de organizaciones como <strong>NECSTouR<\/strong>, que trabaja para posicionar el turismo dentro de la agenda pol\u00edtica europea e insta a las regiones europeas a trabajar de la mano y crear el contexto adecuado para que compartan aprendizajes. Asimismo, en el contexto actual de crisis clim\u00e1tica, cabe destacar iniciativas como la <strong>ecomovilidad<\/strong> que busca reducir el impacto ambiental del transporte promoviendo modos de desplazamiento no motorizados y menos contaminantes, como la bicicleta y el senderismo. Adem\u00e1s, sus beneficios son m\u00faltiples tanto para las localidades rurales &#8211; promoviendo el desarrollo econ\u00f3mico local &#8211; como para el ecosistema.&nbsp;<\/li>\n\n\n\n<li><strong>El turista internacional a\u00f1ade valor al destino y ayuda a desestacionalizar<\/strong>. La atracci\u00f3n de viajeros europeos es una palanca de crecimiento importante para los destinos de interior, y resaltar la identidad local y lo aut\u00e9ntico es una herramienta a trav\u00e9s de la cual conseguirlo.&nbsp;<\/li>\n\n\n\n<li><strong>La transformaci\u00f3n digital de los destinos<\/strong> de interior no solo <strong>exige<\/strong> una escucha activa de las necesidades de los viajeros, sino tambi\u00e9n<strong> el compromiso de las Administraciones para facilitar la incorporaci\u00f3n de tecnolog\u00edas en los destinos rurales<\/strong>. Este cambio no puede depender \u00fanicamente de los empresarios; requiere un apoyo institucional decidido.&nbsp;<\/li>\n\n\n\n<li><strong>Montse Gil<\/strong>, Directora General de EscapadaRuralno debe ser tratado como un escenario vac\u00edo, sino como un <strong>espacio vivo lleno de autenticidad<\/strong>. La riqueza de este entorno puede aprovecharse para ofrecer experiencias tur\u00edsticas \u00fanicas y de calidad. El sector tiene un gran potencial para diversificarse y crecer en este \u00e1mbito.<\/li>\n<\/ul>\n\n\n\n<figure class=\"wp-block-image size-large\"><img loading=\"lazy\" decoding=\"async\" width=\"1024\" height=\"427\" src=\"https:\/\/www.escapadarural.com\/blog\/wp-content\/uploads\/2025\/01\/imagen-pantalla-copia-2_@2x-1024x427.jpg\" alt=\"Coetur 2025\" class=\"wp-image-187998\" srcset=\"https:\/\/www.escapadarural.com\/blog\/wp-content\/uploads\/2025\/01\/imagen-pantalla-copia-2_@2x-200x83.jpg 200w, https:\/\/www.escapadarural.com\/blog\/wp-content\/uploads\/2025\/01\/imagen-pantalla-copia-2_@2x-300x125.jpg 300w, https:\/\/www.escapadarural.com\/blog\/wp-content\/uploads\/2025\/01\/imagen-pantalla-copia-2_@2x-400x167.jpg 400w, https:\/\/www.escapadarural.com\/blog\/wp-content\/uploads\/2025\/01\/imagen-pantalla-copia-2_@2x-600x250.jpg 600w, https:\/\/www.escapadarural.com\/blog\/wp-content\/uploads\/2025\/01\/imagen-pantalla-copia-2_@2x-768x320.jpg 768w, https:\/\/www.escapadarural.com\/blog\/wp-content\/uploads\/2025\/01\/imagen-pantalla-copia-2_@2x-800x333.jpg 800w, https:\/\/www.escapadarural.com\/blog\/wp-content\/uploads\/2025\/01\/imagen-pantalla-copia-2_@2x-1024x427.jpg 1024w, https:\/\/www.escapadarural.com\/blog\/wp-content\/uploads\/2025\/01\/imagen-pantalla-copia-2_@2x-1200x500.jpg 1200w, https:\/\/www.escapadarural.com\/blog\/wp-content\/uploads\/2025\/01\/imagen-pantalla-copia-2_@2x-1536x640.jpg 1536w\" sizes=\"auto, (max-width: 1024px) 100vw, 1024px\" \/><figcaption class=\"wp-element-caption\">Coetur<\/figcaption><\/figure>\n\n\n\n<div class=\"wp-block-buttons is-layout-flex wp-block-buttons-is-layout-flex\"><\/div>\n\n\n\n<p><\/p>\n\n\n\n<p><\/p>\n","protected":false},"excerpt":{"rendered":"<p>La XI edici\u00f3n del Congreso Europeo del Turismo Rural ha contado con m\u00e1s de 150 asistentes y m\u00e1s de 20 ponentes.<\/p>\n","protected":false},"author":144,"featured_media":200617,"comment_status":"open","ping_status":"open","sticky":false,"template":"","format":"standard","meta":{"_acf_changed":false,"om_disable_all_campaigns":false,"footnotes":""},"categories":[390],"tags":[386],"class_list":["post-200610","post","type-post","status-publish","format-standard","has-post-thumbnail","hentry","category-noticias","tag-coetur"],"acf":[],"featured_image_src":"https:\/\/www.escapadarural.com\/blog\/wp-content\/uploads\/2025\/05\/publico-COETUR-2025-1-scaled.webp","author_info":{"display_name":"Judith Monmany","author_link":"https:\/\/www.escapadarural.com\/blog\/autor\/judith-monmany\/"},"yoast_head":"<!-- This site is optimized with the Yoast SEO plugin v27.5 - https:\/\/yoast.com\/product\/yoast-seo-wordpress\/ -->\n<title>COETUR, el congreso iniciativa de EscapadaRural, identifica las palancas de crecimiento\u00a0 para el turismo rural en una edici\u00f3n con m\u00e1s de 20 ponentes y 150 asistentes - EscapadaRural<\/title>\n<meta name=\"description\" content=\"La XI edici\u00f3n del Congreso Europeo del Turismo Rural ha contado con m\u00e1s de 150 asistentes y m\u00e1s de 20 ponentes.\" \/>\n<meta name=\"robots\" content=\"index, follow, max-snippet:-1, max-image-preview:large, max-video-preview:-1\" \/>\n<link rel=\"canonical\" href=\"https:\/\/www.escapadarural.com\/blog\/coetur-2025-conclusiones-turismo-rural\/\" \/>\n<meta property=\"og:locale\" content=\"es_ES\" \/>\n<meta property=\"og:type\" content=\"article\" \/>\n<meta property=\"og:title\" content=\"COETUR, el congreso iniciativa de EscapadaRural, identifica las palancas de crecimiento\u00a0 para el turismo rural en una edici\u00f3n con m\u00e1s de 20 ponentes y 150 asistentes - EscapadaRural\" \/>\n<meta property=\"og:description\" content=\"La XI edici\u00f3n del Congreso Europeo del Turismo Rural ha contado con m\u00e1s de 150 asistentes y m\u00e1s de 20 ponentes.\" \/>\n<meta property=\"og:url\" content=\"https:\/\/www.escapadarural.com\/blog\/coetur-2025-conclusiones-turismo-rural\/\" \/>\n<meta property=\"og:site_name\" content=\"Magazine de viajes de EscapadaRural\" \/>\n<meta property=\"article:publisher\" content=\"https:\/\/www.facebook.com\/escapadarural\" \/>\n<meta property=\"article:published_time\" content=\"2025-05-14T09:13:18+00:00\" \/>\n<meta property=\"article:modified_time\" content=\"2025-05-17T08:36:05+00:00\" \/>\n<meta property=\"og:image\" content=\"https:\/\/www.escapadarural.com\/blog\/wp-content\/uploads\/2025\/05\/publico-COETUR-2025-1-scaled.webp\" \/>\n\t<meta property=\"og:image:width\" content=\"2048\" \/>\n\t<meta property=\"og:image:height\" content=\"1536\" \/>\n\t<meta property=\"og:image:type\" content=\"image\/webp\" \/>\n<meta name=\"author\" content=\"Judith Monmany\" \/>\n<meta name=\"twitter:card\" content=\"summary_large_image\" \/>\n<meta name=\"twitter:label1\" content=\"Escrito por\" \/>\n\t<meta name=\"twitter:data1\" content=\"Judith Monmany\" \/>\n\t<meta name=\"twitter:label2\" content=\"Tiempo de lectura\" \/>\n\t<meta name=\"twitter:data2\" content=\"4 minutos\" \/>\n<script type=\"application\/ld+json\" class=\"yoast-schema-graph\">{\"@context\":\"https:\\\/\\\/schema.org\",\"@graph\":[{\"@type\":\"Article\",\"@id\":\"https:\\\/\\\/www.escapadarural.com\\\/blog\\\/coetur-2025-conclusiones-turismo-rural\\\/#article\",\"isPartOf\":{\"@id\":\"https:\\\/\\\/www.escapadarural.com\\\/blog\\\/coetur-2025-conclusiones-turismo-rural\\\/\"},\"author\":{\"name\":\"Judith Monmany\",\"@id\":\"https:\\\/\\\/www.escapadarural.com\\\/blog\\\/#\\\/schema\\\/person\\\/25786969bae765c9b5eadf92da1dcffd\"},\"headline\":\"COETUR, el congreso iniciativa de EscapadaRural, identifica las palancas de crecimiento\u00a0 para el turismo rural en una edici\u00f3n con m\u00e1s de 20 ponentes y 150 asistentes\",\"datePublished\":\"2025-05-14T09:13:18+00:00\",\"dateModified\":\"2025-05-17T08:36:05+00:00\",\"mainEntityOfPage\":{\"@id\":\"https:\\\/\\\/www.escapadarural.com\\\/blog\\\/coetur-2025-conclusiones-turismo-rural\\\/\"},\"wordCount\":682,\"commentCount\":0,\"publisher\":{\"@id\":\"https:\\\/\\\/www.escapadarural.com\\\/blog\\\/#organization\"},\"image\":{\"@id\":\"https:\\\/\\\/www.escapadarural.com\\\/blog\\\/coetur-2025-conclusiones-turismo-rural\\\/#primaryimage\"},\"thumbnailUrl\":\"https:\\\/\\\/www.escapadarural.com\\\/blog\\\/wp-content\\\/uploads\\\/2025\\\/05\\\/publico-COETUR-2025-1-scaled.webp\",\"keywords\":[\"COETUR\"],\"articleSection\":[\"Noticias\"],\"inLanguage\":\"es\",\"potentialAction\":[{\"@type\":\"CommentAction\",\"name\":\"Comment\",\"target\":[\"https:\\\/\\\/www.escapadarural.com\\\/blog\\\/coetur-2025-conclusiones-turismo-rural\\\/#respond\"]}]},{\"@type\":\"WebPage\",\"@id\":\"https:\\\/\\\/www.escapadarural.com\\\/blog\\\/coetur-2025-conclusiones-turismo-rural\\\/\",\"url\":\"https:\\\/\\\/www.escapadarural.com\\\/blog\\\/coetur-2025-conclusiones-turismo-rural\\\/\",\"name\":\"COETUR, el congreso iniciativa de EscapadaRural, identifica las palancas de crecimiento\u00a0 para el turismo rural en una edici\u00f3n con m\u00e1s de 20 ponentes y 150 asistentes - EscapadaRural\",\"isPartOf\":{\"@id\":\"https:\\\/\\\/www.escapadarural.com\\\/blog\\\/#website\"},\"primaryImageOfPage\":{\"@id\":\"https:\\\/\\\/www.escapadarural.com\\\/blog\\\/coetur-2025-conclusiones-turismo-rural\\\/#primaryimage\"},\"image\":{\"@id\":\"https:\\\/\\\/www.escapadarural.com\\\/blog\\\/coetur-2025-conclusiones-turismo-rural\\\/#primaryimage\"},\"thumbnailUrl\":\"https:\\\/\\\/www.escapadarural.com\\\/blog\\\/wp-content\\\/uploads\\\/2025\\\/05\\\/publico-COETUR-2025-1-scaled.webp\",\"datePublished\":\"2025-05-14T09:13:18+00:00\",\"dateModified\":\"2025-05-17T08:36:05+00:00\",\"description\":\"La XI edici\u00f3n del Congreso Europeo del Turismo Rural ha contado con m\u00e1s de 150 asistentes y m\u00e1s de 20 ponentes.\",\"breadcrumb\":{\"@id\":\"https:\\\/\\\/www.escapadarural.com\\\/blog\\\/coetur-2025-conclusiones-turismo-rural\\\/#breadcrumb\"},\"inLanguage\":\"es\",\"potentialAction\":[{\"@type\":\"ReadAction\",\"target\":[\"https:\\\/\\\/www.escapadarural.com\\\/blog\\\/coetur-2025-conclusiones-turismo-rural\\\/\"]}]},{\"@type\":\"ImageObject\",\"inLanguage\":\"es\",\"@id\":\"https:\\\/\\\/www.escapadarural.com\\\/blog\\\/coetur-2025-conclusiones-turismo-rural\\\/#primaryimage\",\"url\":\"https:\\\/\\\/www.escapadarural.com\\\/blog\\\/wp-content\\\/uploads\\\/2025\\\/05\\\/publico-COETUR-2025-1-scaled.webp\",\"contentUrl\":\"https:\\\/\\\/www.escapadarural.com\\\/blog\\\/wp-content\\\/uploads\\\/2025\\\/05\\\/publico-COETUR-2025-1-scaled.webp\",\"width\":2048,\"height\":1536,\"caption\":\"Asistentes COETUR 2025\"},{\"@type\":\"BreadcrumbList\",\"@id\":\"https:\\\/\\\/www.escapadarural.com\\\/blog\\\/coetur-2025-conclusiones-turismo-rural\\\/#breadcrumb\",\"itemListElement\":[{\"@type\":\"ListItem\",\"position\":1,\"name\":\"Inicio\",\"item\":\"https:\\\/\\\/www.escapadarural.com\\\/blog\\\/\"},{\"@type\":\"ListItem\",\"position\":2,\"name\":\"Noticias\",\"item\":\"https:\\\/\\\/www.escapadarural.com\\\/blog\\\/categoria\\\/noticias\\\/\"},{\"@type\":\"ListItem\",\"position\":3,\"name\":\"COETUR, el congreso iniciativa de EscapadaRural, identifica las palancas de crecimiento\u00a0 para el turismo rural en una edici\u00f3n con m\u00e1s de 20 ponentes y 150 asistentes\"}]},{\"@type\":\"WebSite\",\"@id\":\"https:\\\/\\\/www.escapadarural.com\\\/blog\\\/#website\",\"url\":\"https:\\\/\\\/www.escapadarural.com\\\/blog\\\/\",\"name\":\"Blog de viajes | turismo rural, alojamientos e inspiraci\u00f3n\",\"description\":\"Alojamientos rurales e inspiraci\u00f3n para tus escapadas\",\"publisher\":{\"@id\":\"https:\\\/\\\/www.escapadarural.com\\\/blog\\\/#organization\"},\"alternateName\":\"Magazine de viajes de EscapadaRural\",\"potentialAction\":[{\"@type\":\"SearchAction\",\"target\":{\"@type\":\"EntryPoint\",\"urlTemplate\":\"https:\\\/\\\/www.escapadarural.com\\\/blog\\\/?s={search_term_string}\"},\"query-input\":{\"@type\":\"PropertyValueSpecification\",\"valueRequired\":true,\"valueName\":\"search_term_string\"}}],\"inLanguage\":\"es\"},{\"@type\":\"Organization\",\"@id\":\"https:\\\/\\\/www.escapadarural.com\\\/blog\\\/#organization\",\"name\":\"EscapadaRural\",\"url\":\"https:\\\/\\\/www.escapadarural.com\\\/blog\\\/\",\"logo\":{\"@type\":\"ImageObject\",\"inLanguage\":\"es\",\"@id\":\"https:\\\/\\\/www.escapadarural.com\\\/blog\\\/#\\\/schema\\\/logo\\\/image\\\/\",\"url\":\"https:\\\/\\\/www.escapadarural.com\\\/blog\\\/wp-content\\\/uploads\\\/2024\\\/10\\\/cropped-cropped-escapada-rural-icon-mag-3.png\",\"contentUrl\":\"https:\\\/\\\/www.escapadarural.com\\\/blog\\\/wp-content\\\/uploads\\\/2024\\\/10\\\/cropped-cropped-escapada-rural-icon-mag-3.png\",\"width\":512,\"height\":512,\"caption\":\"EscapadaRural\"},\"image\":{\"@id\":\"https:\\\/\\\/www.escapadarural.com\\\/blog\\\/#\\\/schema\\\/logo\\\/image\\\/\"},\"sameAs\":[\"https:\\\/\\\/www.facebook.com\\\/escapadarural\",\"https:\\\/\\\/www.instagram.com\\\/escapadarural\\\/\",\"https:\\\/\\\/www.youtube.com\\\/@escapadaruralcom\"]},{\"@type\":\"Person\",\"@id\":\"https:\\\/\\\/www.escapadarural.com\\\/blog\\\/#\\\/schema\\\/person\\\/25786969bae765c9b5eadf92da1dcffd\",\"name\":\"Judith Monmany\",\"image\":{\"@type\":\"ImageObject\",\"inLanguage\":\"es\",\"@id\":\"https:\\\/\\\/secure.gravatar.com\\\/avatar\\\/1754df140325b983610fbba984e4f092ec9249b645010699d0749b7a1ade7c37?s=96&d=mm&r=g\",\"url\":\"https:\\\/\\\/secure.gravatar.com\\\/avatar\\\/1754df140325b983610fbba984e4f092ec9249b645010699d0749b7a1ade7c37?s=96&d=mm&r=g\",\"contentUrl\":\"https:\\\/\\\/secure.gravatar.com\\\/avatar\\\/1754df140325b983610fbba984e4f092ec9249b645010699d0749b7a1ade7c37?s=96&d=mm&r=g\",\"caption\":\"Judith Monmany\"},\"url\":\"https:\\\/\\\/www.escapadarural.com\\\/blog\\\/autor\\\/judith-monmany\\\/\"}]}<\/script>\n<!-- \/ Yoast SEO plugin. -->","yoast_head_json":{"title":"COETUR, el congreso iniciativa de EscapadaRural, identifica las palancas de crecimiento\u00a0 para el turismo rural en una edici\u00f3n con m\u00e1s de 20 ponentes y 150 asistentes - EscapadaRural","description":"La XI edici\u00f3n del Congreso Europeo del Turismo Rural ha contado con m\u00e1s de 150 asistentes y m\u00e1s de 20 ponentes.","robots":{"index":"index","follow":"follow","max-snippet":"max-snippet:-1","max-image-preview":"max-image-preview:large","max-video-preview":"max-video-preview:-1"},"canonical":"https:\/\/www.escapadarural.com\/blog\/coetur-2025-conclusiones-turismo-rural\/","og_locale":"es_ES","og_type":"article","og_title":"COETUR, el congreso iniciativa de EscapadaRural, identifica las palancas de crecimiento\u00a0 para el turismo rural en una edici\u00f3n con m\u00e1s de 20 ponentes y 150 asistentes - EscapadaRural","og_description":"La XI edici\u00f3n del Congreso Europeo del Turismo Rural ha contado con m\u00e1s de 150 asistentes y m\u00e1s de 20 ponentes.","og_url":"https:\/\/www.escapadarural.com\/blog\/coetur-2025-conclusiones-turismo-rural\/","og_site_name":"Magazine de viajes de EscapadaRural","article_publisher":"https:\/\/www.facebook.com\/escapadarural","article_published_time":"2025-05-14T09:13:18+00:00","article_modified_time":"2025-05-17T08:36:05+00:00","og_image":[{"width":2048,"height":1536,"url":"https:\/\/www.escapadarural.com\/blog\/wp-content\/uploads\/2025\/05\/publico-COETUR-2025-1-scaled.webp","type":"image\/webp"}],"author":"Judith Monmany","twitter_card":"summary_large_image","twitter_misc":{"Escrito por":"Judith Monmany","Tiempo de lectura":"4 minutos"},"schema":{"@context":"https:\/\/schema.org","@graph":[{"@type":"Article","@id":"https:\/\/www.escapadarural.com\/blog\/coetur-2025-conclusiones-turismo-rural\/#article","isPartOf":{"@id":"https:\/\/www.escapadarural.com\/blog\/coetur-2025-conclusiones-turismo-rural\/"},"author":{"name":"Judith Monmany","@id":"https:\/\/www.escapadarural.com\/blog\/#\/schema\/person\/25786969bae765c9b5eadf92da1dcffd"},"headline":"COETUR, el congreso iniciativa de EscapadaRural, identifica las palancas de crecimiento\u00a0 para el turismo rural en una edici\u00f3n con m\u00e1s de 20 ponentes y 150 asistentes","datePublished":"2025-05-14T09:13:18+00:00","dateModified":"2025-05-17T08:36:05+00:00","mainEntityOfPage":{"@id":"https:\/\/www.escapadarural.com\/blog\/coetur-2025-conclusiones-turismo-rural\/"},"wordCount":682,"commentCount":0,"publisher":{"@id":"https:\/\/www.escapadarural.com\/blog\/#organization"},"image":{"@id":"https:\/\/www.escapadarural.com\/blog\/coetur-2025-conclusiones-turismo-rural\/#primaryimage"},"thumbnailUrl":"https:\/\/www.escapadarural.com\/blog\/wp-content\/uploads\/2025\/05\/publico-COETUR-2025-1-scaled.webp","keywords":["COETUR"],"articleSection":["Noticias"],"inLanguage":"es","potentialAction":[{"@type":"CommentAction","name":"Comment","target":["https:\/\/www.escapadarural.com\/blog\/coetur-2025-conclusiones-turismo-rural\/#respond"]}]},{"@type":"WebPage","@id":"https:\/\/www.escapadarural.com\/blog\/coetur-2025-conclusiones-turismo-rural\/","url":"https:\/\/www.escapadarural.com\/blog\/coetur-2025-conclusiones-turismo-rural\/","name":"COETUR, el congreso iniciativa de EscapadaRural, identifica las palancas de crecimiento\u00a0 para el turismo rural en una edici\u00f3n con m\u00e1s de 20 ponentes y 150 asistentes - EscapadaRural","isPartOf":{"@id":"https:\/\/www.escapadarural.com\/blog\/#website"},"primaryImageOfPage":{"@id":"https:\/\/www.escapadarural.com\/blog\/coetur-2025-conclusiones-turismo-rural\/#primaryimage"},"image":{"@id":"https:\/\/www.escapadarural.com\/blog\/coetur-2025-conclusiones-turismo-rural\/#primaryimage"},"thumbnailUrl":"https:\/\/www.escapadarural.com\/blog\/wp-content\/uploads\/2025\/05\/publico-COETUR-2025-1-scaled.webp","datePublished":"2025-05-14T09:13:18+00:00","dateModified":"2025-05-17T08:36:05+00:00","description":"La XI edici\u00f3n del Congreso Europeo del Turismo Rural ha contado con m\u00e1s de 150 asistentes y m\u00e1s de 20 ponentes.","breadcrumb":{"@id":"https:\/\/www.escapadarural.com\/blog\/coetur-2025-conclusiones-turismo-rural\/#breadcrumb"},"inLanguage":"es","potentialAction":[{"@type":"ReadAction","target":["https:\/\/www.escapadarural.com\/blog\/coetur-2025-conclusiones-turismo-rural\/"]}]},{"@type":"ImageObject","inLanguage":"es","@id":"https:\/\/www.escapadarural.com\/blog\/coetur-2025-conclusiones-turismo-rural\/#primaryimage","url":"https:\/\/www.escapadarural.com\/blog\/wp-content\/uploads\/2025\/05\/publico-COETUR-2025-1-scaled.webp","contentUrl":"https:\/\/www.escapadarural.com\/blog\/wp-content\/uploads\/2025\/05\/publico-COETUR-2025-1-scaled.webp","width":2048,"height":1536,"caption":"Asistentes COETUR 2025"},{"@type":"BreadcrumbList","@id":"https:\/\/www.escapadarural.com\/blog\/coetur-2025-conclusiones-turismo-rural\/#breadcrumb","itemListElement":[{"@type":"ListItem","position":1,"name":"Inicio","item":"https:\/\/www.escapadarural.com\/blog\/"},{"@type":"ListItem","position":2,"name":"Noticias","item":"https:\/\/www.escapadarural.com\/blog\/categoria\/noticias\/"},{"@type":"ListItem","position":3,"name":"COETUR, el congreso iniciativa de EscapadaRural, identifica las palancas de crecimiento\u00a0 para el turismo rural en una edici\u00f3n con m\u00e1s de 20 ponentes y 150 asistentes"}]},{"@type":"WebSite","@id":"https:\/\/www.escapadarural.com\/blog\/#website","url":"https:\/\/www.escapadarural.com\/blog\/","name":"Blog de viajes | turismo rural, alojamientos e inspiraci\u00f3n","description":"Alojamientos rurales e inspiraci\u00f3n para tus escapadas","publisher":{"@id":"https:\/\/www.escapadarural.com\/blog\/#organization"},"alternateName":"Magazine de viajes de EscapadaRural","potentialAction":[{"@type":"SearchAction","target":{"@type":"EntryPoint","urlTemplate":"https:\/\/www.escapadarural.com\/blog\/?s={search_term_string}"},"query-input":{"@type":"PropertyValueSpecification","valueRequired":true,"valueName":"search_term_string"}}],"inLanguage":"es"},{"@type":"Organization","@id":"https:\/\/www.escapadarural.com\/blog\/#organization","name":"EscapadaRural","url":"https:\/\/www.escapadarural.com\/blog\/","logo":{"@type":"ImageObject","inLanguage":"es","@id":"https:\/\/www.escapadarural.com\/blog\/#\/schema\/logo\/image\/","url":"https:\/\/www.escapadarural.com\/blog\/wp-content\/uploads\/2024\/10\/cropped-cropped-escapada-rural-icon-mag-3.png","contentUrl":"https:\/\/www.escapadarural.com\/blog\/wp-content\/uploads\/2024\/10\/cropped-cropped-escapada-rural-icon-mag-3.png","width":512,"height":512,"caption":"EscapadaRural"},"image":{"@id":"https:\/\/www.escapadarural.com\/blog\/#\/schema\/logo\/image\/"},"sameAs":["https:\/\/www.facebook.com\/escapadarural","https:\/\/www.instagram.com\/escapadarural\/","https:\/\/www.youtube.com\/@escapadaruralcom"]},{"@type":"Person","@id":"https:\/\/www.escapadarural.com\/blog\/#\/schema\/person\/25786969bae765c9b5eadf92da1dcffd","name":"Judith Monmany","image":{"@type":"ImageObject","inLanguage":"es","@id":"https:\/\/secure.gravatar.com\/avatar\/1754df140325b983610fbba984e4f092ec9249b645010699d0749b7a1ade7c37?s=96&d=mm&r=g","url":"https:\/\/secure.gravatar.com\/avatar\/1754df140325b983610fbba984e4f092ec9249b645010699d0749b7a1ade7c37?s=96&d=mm&r=g","contentUrl":"https:\/\/secure.gravatar.com\/avatar\/1754df140325b983610fbba984e4f092ec9249b645010699d0749b7a1ade7c37?s=96&d=mm&r=g","caption":"Judith Monmany"},"url":"https:\/\/www.escapadarural.com\/blog\/autor\/judith-monmany\/"}]}},"_links":{"self":[{"href":"https:\/\/www.escapadarural.com\/blog\/wp-json\/wp\/v2\/posts\/200610","targetHints":{"allow":["GET"]}}],"collection":[{"href":"https:\/\/www.escapadarural.com\/blog\/wp-json\/wp\/v2\/posts"}],"about":[{"href":"https:\/\/www.escapadarural.com\/blog\/wp-json\/wp\/v2\/types\/post"}],"author":[{"embeddable":true,"href":"https:\/\/www.escapadarural.com\/blog\/wp-json\/wp\/v2\/users\/144"}],"replies":[{"embeddable":true,"href":"https:\/\/www.escapadarural.com\/blog\/wp-json\/wp\/v2\/comments?post=200610"}],"version-history":[{"count":0,"href":"https:\/\/www.escapadarural.com\/blog\/wp-json\/wp\/v2\/posts\/200610\/revisions"}],"wp:featuredmedia":[{"embeddable":true,"href":"https:\/\/www.escapadarural.com\/blog\/wp-json\/wp\/v2\/media\/200617"}],"wp:attachment":[{"href":"https:\/\/www.escapadarural.com\/blog\/wp-json\/wp\/v2\/media?parent=200610"}],"wp:term":[{"taxonomy":"category","embeddable":true,"href":"https:\/\/www.escapadarural.com\/blog\/wp-json\/wp\/v2\/categories?post=200610"},{"taxonomy":"post_tag","embeddable":true,"href":"https:\/\/www.escapadarural.com\/blog\/wp-json\/wp\/v2\/tags?post=200610"}],"curies":[{"name":"wp","href":"https:\/\/api.w.org\/{rel}","templated":true}]}}