{"id":201593,"date":"2025-05-30T08:00:00","date_gmt":"2025-05-30T06:00:00","guid":{"rendered":"https:\/\/www.escapadarural.com\/blog\/?p=201593"},"modified":"2025-05-29T15:23:27","modified_gmt":"2025-05-29T13:23:27","slug":"helado-tipico-de-los-pirineos","status":"publish","type":"post","link":"https:\/\/www.escapadarural.com\/blog\/helado-tipico-de-los-pirineos\/","title":{"rendered":"Comer helado t\u00edpico\u2026 \u00a1de los Pirineos!"},"content":{"rendered":"\n<figure class=\"wp-block-image size-large\"><img loading=\"lazy\" decoding=\"async\" width=\"768\" height=\"1024\" src=\"https:\/\/www.escapadarural.com\/blog\/wp-content\/uploads\/2025\/05\/WhatsApp-Image-2025-05-22-at-14.39.22-1-768x1024.webp\" alt=\"Helader\u00eda El C\u00f3m en Esterri d'\u00c0neu. Cedida por El C\u00f3m\" class=\"wp-image-201597\" srcset=\"https:\/\/www.escapadarural.com\/blog\/wp-content\/uploads\/2025\/05\/WhatsApp-Image-2025-05-22-at-14.39.22-1-200x267.webp 200w, https:\/\/www.escapadarural.com\/blog\/wp-content\/uploads\/2025\/05\/WhatsApp-Image-2025-05-22-at-14.39.22-1-225x300.webp 225w, https:\/\/www.escapadarural.com\/blog\/wp-content\/uploads\/2025\/05\/WhatsApp-Image-2025-05-22-at-14.39.22-1-400x533.webp 400w, https:\/\/www.escapadarural.com\/blog\/wp-content\/uploads\/2025\/05\/WhatsApp-Image-2025-05-22-at-14.39.22-1-600x800.webp 600w, https:\/\/www.escapadarural.com\/blog\/wp-content\/uploads\/2025\/05\/WhatsApp-Image-2025-05-22-at-14.39.22-1-768x1024.webp 768w, https:\/\/www.escapadarural.com\/blog\/wp-content\/uploads\/2025\/05\/WhatsApp-Image-2025-05-22-at-14.39.22-1-800x1066.webp 800w, https:\/\/www.escapadarural.com\/blog\/wp-content\/uploads\/2025\/05\/WhatsApp-Image-2025-05-22-at-14.39.22-1.webp 1024w\" sizes=\"auto, (max-width: 768px) 100vw, 768px\" \/><figcaption class=\"wp-element-caption\">Helader\u00eda El C\u00f3m en Esterri d&#8217;\u00c0neu. Cedida por El C\u00f3m<\/figcaption><\/figure>\n\n\n\n<p>La t\u00edpica estampa de una persona comi\u00e9ndose un helado nos lleva a pensar en una terracita en un paseo mar\u00edtimo o, directamente, en un chiringuito en la playa. La alta monta\u00f1a seguramente la asociaremos m\u00e1s a un cocido. Pero, \u00bfpor qu\u00e9 no es posible <strong>comerse un buen helado, artesanal y con sabores locales, en medio de los Pirineos<\/strong>? \u00bfPor qu\u00e9 pedimos un helado de postre en un restaurante de vez en cuando, sea cual sea el momento del a\u00f1o, y no podemos disfrutar de \u00e9l una tarde cualquiera?<\/p>\n\n\n\n<div class=\"wp-block-buttons is-layout-flex wp-block-buttons-is-layout-flex\">\n<div class=\"wp-block-button\"><a class=\"wp-block-button__link wp-element-button\" href=\"\/casas-rurales\/pallars-sobira\">Alojamientos rurales en el Pallars Sobir\u00e0<\/a><\/div>\n<\/div>\n\n\n\n<p>Marina Vila, Rosa Vila y Clara Serlav\u00f3s son tres mujeres que han decidido romper moldes y crear una cultura de consumo de helado artesanal con productos de proximidad con <a href=\"https:\/\/www.instagram.com\/el_com_pallars\/\" target=\"_blank\" rel=\"noreferrer noopener nofollow\">El C\u00f3m<\/a>, una empresa arraigada en una zona rural y pirenaica como es el Pallars Sobir\u00e0, en Lleida. Todo empez\u00f3 en 2020, cuando las hermanas Marina y Rosa decidieron confinarse en <a href=\"\/casas-rurales\/esterri-d-aneu\">Esterri d\u2019\u00c0neu<\/a>, un peque\u00f1o pueblo que EscapadaRural incluye en su lista de <a href=\"\/blog\/pueblos-bonitos-de-cataluna\/\">los diez pueblos m\u00e1s bonitos de Catalu\u00f1a<\/a>. All\u00ed se les ocurri\u00f3 la idea de <strong>montar una helader\u00eda<\/strong> como otra forma de darle salida a la leche local de las vacas, en un territorio donde ya se elaboran otros derivados l\u00e1cteos como yogures y quesos.<\/p>\n\n\n\n<figure class=\"wp-block-image size-large\"><img loading=\"lazy\" decoding=\"async\" width=\"768\" height=\"1024\" src=\"https:\/\/www.escapadarural.com\/blog\/wp-content\/uploads\/2025\/05\/WhatsApp-Image-2025-05-22-at-14.39.22-2-768x1024.webp\" alt=\"Helader\u00eda artesanal El C\u00f3m en el Pirineo Catal\u00e1n. Cedida por El C\u00f3m\" class=\"wp-image-201598\" srcset=\"https:\/\/www.escapadarural.com\/blog\/wp-content\/uploads\/2025\/05\/WhatsApp-Image-2025-05-22-at-14.39.22-2-200x267.webp 200w, https:\/\/www.escapadarural.com\/blog\/wp-content\/uploads\/2025\/05\/WhatsApp-Image-2025-05-22-at-14.39.22-2-225x300.webp 225w, https:\/\/www.escapadarural.com\/blog\/wp-content\/uploads\/2025\/05\/WhatsApp-Image-2025-05-22-at-14.39.22-2-400x533.webp 400w, https:\/\/www.escapadarural.com\/blog\/wp-content\/uploads\/2025\/05\/WhatsApp-Image-2025-05-22-at-14.39.22-2-600x800.webp 600w, https:\/\/www.escapadarural.com\/blog\/wp-content\/uploads\/2025\/05\/WhatsApp-Image-2025-05-22-at-14.39.22-2-768x1024.webp 768w, https:\/\/www.escapadarural.com\/blog\/wp-content\/uploads\/2025\/05\/WhatsApp-Image-2025-05-22-at-14.39.22-2-800x1066.webp 800w, https:\/\/www.escapadarural.com\/blog\/wp-content\/uploads\/2025\/05\/WhatsApp-Image-2025-05-22-at-14.39.22-2.webp 1024w\" sizes=\"auto, (max-width: 768px) 100vw, 768px\" \/><figcaption class=\"wp-element-caption\">Helader\u00eda artesanal El C\u00f3m en el Pirineo catal\u00e1n. Cedida por El C\u00f3m<\/figcaption><\/figure>\n\n\n\n<h2 class=\"wp-block-heading\" id=\"h-compaginando-sus-trabajos-montaron-una-heladeria-que-hoy-es-un-obrador-propio\"><strong>Compaginando sus trabajos, montaron una helader\u00eda que hoy es un obrador propio<\/strong><\/h2>\n\n\n\n<p>\u201c\u00bfUna helader\u00eda en el Pallars? \u00a1Os morir\u00e9is de hambre!\u201d, era un comentario bastante habitual que escucharon cuando empezaron a trabajar en el proyecto. Inicialmente pensaron en montar una <em>food truck<\/em> solo en verano, pero la idea evolucion\u00f3 hasta hacerse con un local y <strong>comenzar a vender un helado artesano<\/strong> que compraban en <a href=\"\/casas-rurales\/la-cerdanya\">La Cerdanya<\/a>, a unos 100 kil\u00f3metros y tambi\u00e9n en los Pirineos. Contra todo pron\u00f3stico, cada vez funcionaba mejor la empresa que compaginaban con sus respectivos trabajos: Rosa trabaja como ingeniera en una f\u00e1brica y Marina es arquitecta y profesora de matem\u00e1ticas en un instituto.<\/p>\n\n\n\n<figure class=\"wp-block-image size-large\"><img loading=\"lazy\" decoding=\"async\" width=\"695\" height=\"1024\" src=\"https:\/\/www.escapadarural.com\/blog\/wp-content\/uploads\/2025\/05\/WhatsApp-Image-2025-05-22-at-15.08.22-695x1024.webp\" alt=\"Marina Vila, Rosa Vila y Clara Serlav\u00f3s, impulsoras de la helader\u00eda artesanal El C\u00f3m en el Pallars Sobir\u00e1. Cedida por El C\u00f3m\" class=\"wp-image-201601\" srcset=\"https:\/\/www.escapadarural.com\/blog\/wp-content\/uploads\/2025\/05\/WhatsApp-Image-2025-05-22-at-15.08.22-200x295.webp 200w, https:\/\/www.escapadarural.com\/blog\/wp-content\/uploads\/2025\/05\/WhatsApp-Image-2025-05-22-at-15.08.22-204x300.webp 204w, https:\/\/www.escapadarural.com\/blog\/wp-content\/uploads\/2025\/05\/WhatsApp-Image-2025-05-22-at-15.08.22-400x589.webp 400w, https:\/\/www.escapadarural.com\/blog\/wp-content\/uploads\/2025\/05\/WhatsApp-Image-2025-05-22-at-15.08.22-600x884.webp 600w, https:\/\/www.escapadarural.com\/blog\/wp-content\/uploads\/2025\/05\/WhatsApp-Image-2025-05-22-at-15.08.22-695x1024.webp 695w, https:\/\/www.escapadarural.com\/blog\/wp-content\/uploads\/2025\/05\/WhatsApp-Image-2025-05-22-at-15.08.22-768x1131.webp 768w, https:\/\/www.escapadarural.com\/blog\/wp-content\/uploads\/2025\/05\/WhatsApp-Image-2025-05-22-at-15.08.22-800x1178.webp 800w, https:\/\/www.escapadarural.com\/blog\/wp-content\/uploads\/2025\/05\/WhatsApp-Image-2025-05-22-at-15.08.22.webp 1024w\" sizes=\"auto, (max-width: 695px) 100vw, 695px\" \/><figcaption class=\"wp-element-caption\">Marina Vila, Rosa Vila y Clara Serlav\u00f3s, impulsoras de la helader\u00eda artesanal El C\u00f3m en el Pallars Sobir\u00e1. Cedida por El C\u00f3m<\/figcaption><\/figure>\n\n\n\n<p>As\u00ed que, al tercer a\u00f1o, decidieron <strong>comenzar a elaborar sus propios helados<\/strong>. Montaron un obrador en el local de Esterri d\u2019\u00c0neu con ayudas europeas para el desarrollo rural y le tiraron la ca\u00f1a a Clara Serlav\u00f3s, guarda del refugio de monta\u00f1a de la Pleta del Prat de <a href=\"\/casas-rurales\/tavascan\">Tavascan<\/a>. Clara pic\u00f3 y se uni\u00f3 a la aventura como maestra heladera y firme defensora del producto local. Gracias a la formaci\u00f3n continua y a la experiencia, con el tiempo <strong>han ido perfeccionando las recetas<\/strong> para conseguir que los helados \u201csean m\u00e1s artesanos y con menos polvos artificiales\u201d, asegura Marina Vila.<\/p>\n\n\n\n<h2 class=\"wp-block-heading\" id=\"h-el-producto-de-proximidad-por-bandera\"><strong>El producto de proximidad por bandera<\/strong><\/h2>\n\n\n\n<p>Adem\u00e1s del cuidado en la elaboraci\u00f3n de los helados, para las tres impulsoras de El C\u00f3m <strong>es importante el producto y su origen<\/strong>. \u201cIntentamos usar productos de proximidad y que tengamos en el territorio. Es evidente que el mango no lo encontraremos cerca, pero otros productos s\u00ed, como las frambuesas del Pirineo, los frutos secos de Lleida, los quesos de la comarca, la leche de las vacas de los alrededores\u2026 Buscamos productos que se puedan alinear con nosotras y promocionar su consumo de una forma diferente, en forma de helado\u201d, sostiene Vila.<\/p>\n\n\n\n<figure class=\"wp-block-image size-large\"><img loading=\"lazy\" decoding=\"async\" width=\"768\" height=\"1024\" src=\"https:\/\/www.escapadarural.com\/blog\/wp-content\/uploads\/2025\/05\/WhatsApp-Image-2025-05-22-at-14.39.22-768x1024.webp\" alt=\"Helado artesanal de El C\u00f3m en el Pirineo Catal\u00e1n. Cedida por El C\u00f3m\" class=\"wp-image-201599\" srcset=\"https:\/\/www.escapadarural.com\/blog\/wp-content\/uploads\/2025\/05\/WhatsApp-Image-2025-05-22-at-14.39.22-200x267.webp 200w, https:\/\/www.escapadarural.com\/blog\/wp-content\/uploads\/2025\/05\/WhatsApp-Image-2025-05-22-at-14.39.22-225x300.webp 225w, https:\/\/www.escapadarural.com\/blog\/wp-content\/uploads\/2025\/05\/WhatsApp-Image-2025-05-22-at-14.39.22-400x533.webp 400w, https:\/\/www.escapadarural.com\/blog\/wp-content\/uploads\/2025\/05\/WhatsApp-Image-2025-05-22-at-14.39.22-600x800.webp 600w, https:\/\/www.escapadarural.com\/blog\/wp-content\/uploads\/2025\/05\/WhatsApp-Image-2025-05-22-at-14.39.22-768x1024.webp 768w, https:\/\/www.escapadarural.com\/blog\/wp-content\/uploads\/2025\/05\/WhatsApp-Image-2025-05-22-at-14.39.22-800x1066.webp 800w, https:\/\/www.escapadarural.com\/blog\/wp-content\/uploads\/2025\/05\/WhatsApp-Image-2025-05-22-at-14.39.22.webp 1024w\" sizes=\"auto, (max-width: 768px) 100vw, 768px\" \/><figcaption class=\"wp-element-caption\">Helado artesanal de El C\u00f3m en el Pirineo catal\u00e1n. Cedida por El C\u00f3m<\/figcaption><\/figure>\n\n\n\n<p>La heladera explica que es una v\u00eda para \u201cdar visibilidad\u201d y \u201cconocer el producto local\u201d: \u201cNo es lo mismo comer un trozo de queso con <em>pa amb tom\u00e0quet<\/em> que comer un helado de queso con mermelada de frambuesa. <strong>Es otra manera de probar el producto<\/strong>. Un ni\u00f1o igual no pedir\u00e1 una infusi\u00f3n de flores del Pirineo, pero s\u00ed un helado que tiene su aroma. As\u00ed se pueden hacer llegar los productos de aqu\u00ed a todo el mundo\u201d.<\/p>\n\n\n\n<h2 class=\"wp-block-heading\" id=\"h-helados-que-ayudan-a-fijar-poblacion-en-las-zonas-rurales-del-pirineo\"><strong>Helados que ayudan a fijar poblaci\u00f3n en las zonas rurales del Pirineo<\/strong><\/h2>\n\n\n\n<p>El a\u00f1o pasado ampliaron la apuesta abriendo una helader\u00eda con sus productos en <a href=\"\/casas-rurales\/sort\">Sort<\/a>, donde <strong>ya no se consume de forma tan estacional<\/strong>. \u201cEstamos educando a la gente a tomar helado en el Pirineo\u201d, asegura Vila, quien destaca que el helado artesanal se diferencia mucho de los industriales en el sabor, ya que los suyos son menos dulces. Tambi\u00e9n a la vista, en los colores: \u201cLa vainilla, por ejemplo, puede tener distintas formas, pero normalmente cuando es amarilla es porque tiene colorante. La nuestra es clara y con pigmentos naturales\u201d.<\/p>\n\n\n\n<p><strong>El peque\u00f1o pueblo de Esterri d\u2019\u00c0neu es donde empez\u00f3 todo<\/strong> y donde permanece el obrador de El C\u00f3m. Para sus impulsoras, el lugar donde radica la empresa tambi\u00e9n es relevante, como destaca Marina Vila: \u201cLa localizaci\u00f3n es muy importante en cualquier proyecto que tenga un valor. Tiene un impacto en la creaci\u00f3n de puestos de trabajo en zonas rurales donde cuesta tanto que la gente encuentre un trabajo digno y arraigue\u201d.<\/p>\n\n\n\n<figure class=\"wp-block-image size-large\"><img loading=\"lazy\" decoding=\"async\" width=\"768\" height=\"1024\" src=\"https:\/\/www.escapadarural.com\/blog\/wp-content\/uploads\/2025\/05\/WhatsApp-Image-2025-05-22-at-14.39.23-768x1024.webp\" alt=\"Helader\u00eda artesanal El C\u00f3m, en el Pirineo Catal\u00e1n. Cedida por El C\u00f3m\" class=\"wp-image-201600\" srcset=\"https:\/\/www.escapadarural.com\/blog\/wp-content\/uploads\/2025\/05\/WhatsApp-Image-2025-05-22-at-14.39.23-200x267.webp 200w, https:\/\/www.escapadarural.com\/blog\/wp-content\/uploads\/2025\/05\/WhatsApp-Image-2025-05-22-at-14.39.23-225x300.webp 225w, https:\/\/www.escapadarural.com\/blog\/wp-content\/uploads\/2025\/05\/WhatsApp-Image-2025-05-22-at-14.39.23-400x533.webp 400w, https:\/\/www.escapadarural.com\/blog\/wp-content\/uploads\/2025\/05\/WhatsApp-Image-2025-05-22-at-14.39.23-600x800.webp 600w, https:\/\/www.escapadarural.com\/blog\/wp-content\/uploads\/2025\/05\/WhatsApp-Image-2025-05-22-at-14.39.23-768x1024.webp 768w, https:\/\/www.escapadarural.com\/blog\/wp-content\/uploads\/2025\/05\/WhatsApp-Image-2025-05-22-at-14.39.23-800x1066.webp 800w, https:\/\/www.escapadarural.com\/blog\/wp-content\/uploads\/2025\/05\/WhatsApp-Image-2025-05-22-at-14.39.23.webp 1024w\" sizes=\"auto, (max-width: 768px) 100vw, 768px\" \/><figcaption class=\"wp-element-caption\">Helader\u00eda artesanal El C\u00f3m, en el Pirineo catal\u00e1n. Cedida por El C\u00f3m<\/figcaption><\/figure>\n\n\n\n<p>En El C\u00f3m, Clara Serlav\u00f3s trabaja al 100% y hay otra persona a media jornada todo el a\u00f1o, por lo que contribuye a fijar poblaci\u00f3n. \u201cConforme nos vayamos estabilizando, nuestro objetivo a largo plazo es ofrecer helado tambi\u00e9n en restaurantes y <strong>poder generar m\u00e1s puestos de trabajo<\/strong>. Cuanta m\u00e1s gente pueda trabajar en este proyecto, mejor, ya que aporta estabilizaci\u00f3n en el mundo rural\u201d, defiende Vila. El nombre de la empresa, El C\u00f3m, ya refleja el orgullo con el que exhiben sus ra\u00edces rurales: <strong>es un t\u00e9rmino pirenaico que significa \u201cabrevadero\u201d<\/strong>, el lugar donde los animales van a refrescarse.<\/p>\n\n\n\n<blockquote class=\"wp-block-quote is-layout-flow wp-block-quote-is-layout-flow\">\n<p>\u201cLa localizaci\u00f3n es muy importante en cualquier proyecto que tenga un valor. Tiene un impacto en la creaci\u00f3n de puestos de trabajo en zonas rurales donde cuesta tanto que la gente encuentre un trabajo digno y arraigue\u201d<\/p>\n<\/blockquote>\n\n\n\n<h2 class=\"wp-block-heading\" id=\"h-esterri-d-aneu-un-pequeno-pueblo-de-calles-medievales\"><strong>Esterri d\u2019\u00c0neu, un peque\u00f1o pueblo de calles medievales<\/strong><\/h2>\n\n\n\n<p>El pueblo donde se asienta el obrador de helados artesanales de El C\u00f3m es un peque\u00f1o municipio con <strong>mucho encanto<\/strong>. Est\u00e1 en medio de los Pirineos y rodeado de extensos prados verdes, adem\u00e1s de estar flanqueado por el r\u00edo Noguera Pallaresa, muy conocido por los amantes de deportes de aventura como el rafting.<\/p>\n\n\n\n<figure class=\"wp-block-image size-full\"><img loading=\"lazy\" decoding=\"async\" width=\"1024\" height=\"683\" src=\"https:\/\/www.escapadarural.com\/blog\/wp-content\/uploads\/2024\/10\/AdobeStock_489568713-1024x683-1.jpeg\" alt=\"Esterri d\u2019Aneu, Lleida. Por peresanz\" class=\"wp-image-95531\" srcset=\"https:\/\/www.escapadarural.com\/blog\/wp-content\/uploads\/2024\/10\/AdobeStock_489568713-1024x683-1-200x133.jpeg 200w, https:\/\/www.escapadarural.com\/blog\/wp-content\/uploads\/2024\/10\/AdobeStock_489568713-1024x683-1-300x200.jpeg 300w, https:\/\/www.escapadarural.com\/blog\/wp-content\/uploads\/2024\/10\/AdobeStock_489568713-1024x683-1-400x267.jpeg 400w, https:\/\/www.escapadarural.com\/blog\/wp-content\/uploads\/2024\/10\/AdobeStock_489568713-1024x683-1-600x400.jpeg 600w, https:\/\/www.escapadarural.com\/blog\/wp-content\/uploads\/2024\/10\/AdobeStock_489568713-1024x683-1-768x512.jpeg 768w, https:\/\/www.escapadarural.com\/blog\/wp-content\/uploads\/2024\/10\/AdobeStock_489568713-1024x683-1-800x534.jpeg 800w, https:\/\/www.escapadarural.com\/blog\/wp-content\/uploads\/2024\/10\/AdobeStock_489568713-1024x683-1.jpeg 1024w\" sizes=\"auto, (max-width: 1024px) 100vw, 1024px\" \/><figcaption class=\"wp-element-caption\">Esterri d\u2019Aneu, Lleida. Por peresanz<\/figcaption><\/figure>\n\n\n\n<p>El casco antiguo de Esterri d\u2019\u00c0neu destaca por sus estrechas calles de <strong>origen medieval <\/strong>y con jardineras que le dan color. Para adentrarse en la cultura del lugar, vale la pena visitar el <a href=\"https:\/\/www.ecomuseu.com\/\" target=\"_blank\" rel=\"noreferrer noopener nofollow\">Ecomuseu de les Valls d\u2019\u00c0neu<\/a>, ubicado en la Casa Gassia. Se trata de una construcci\u00f3n t\u00edpica pallaresa que mantiene su estructura original y muestra la vida familiar y el espacio dom\u00e9stico de los valles pirenaicos durante la primera mitad del siglo XX.<\/p>\n","protected":false},"excerpt":{"rendered":"<p>\u00bfPor qu\u00e9 no es posible comerse un buen helado, artesanal y con sabores locales, en medio de los Pirineos?<\/p>\n","protected":false},"author":123,"featured_media":201599,"comment_status":"open","ping_status":"open","sticky":false,"template":"","format":"standard","meta":{"_acf_changed":false,"om_disable_all_campaigns":false,"footnotes":""},"categories":[231],"tags":[6146,6316,3190,508,6318,196,1553,1559,1609,1560],"class_list":["post-201593","post","type-post","status-publish","format-standard","has-post-thumbnail","hentry","category-arte-y-cultura","tag-catalunya","tag-el-com","tag-esterri-daneu","tag-gastronomia","tag-helado","tag-que-ver-en-lleida","tag-mundo-rural","tag-pallars-sobira","tag-pirineo-catalan","tag-sort"],"acf":[],"featured_image_src":"https:\/\/www.escapadarural.com\/blog\/wp-content\/uploads\/2025\/05\/WhatsApp-Image-2025-05-22-at-14.39.22.webp","author_info":{"display_name":"Raquel Andr\u00e9s","author_link":"https:\/\/www.escapadarural.com\/blog\/autor\/raquel\/"},"yoast_head":"<!-- This site is optimized with the Yoast SEO plugin v27.5 - https:\/\/yoast.com\/product\/yoast-seo-wordpress\/ -->\n<title>Comer helado t\u00edpico\u2026 \u00a1de los Pirineos! - EscapadaRural<\/title>\n<meta name=\"description\" content=\"\u00bfPor qu\u00e9 no es posible comerse un buen helado, artesanal y con sabores locales, en medio de los Pirineos catalanes?\" \/>\n<meta name=\"robots\" content=\"index, follow, max-snippet:-1, max-image-preview:large, max-video-preview:-1\" \/>\n<link rel=\"canonical\" href=\"https:\/\/www.escapadarural.com\/blog\/helado-tipico-de-los-pirineos\/\" \/>\n<meta property=\"og:locale\" content=\"es_ES\" \/>\n<meta property=\"og:type\" content=\"article\" \/>\n<meta property=\"og:title\" content=\"Comer helado t\u00edpico\u2026 \u00a1de los Pirineos! - EscapadaRural\" \/>\n<meta property=\"og:description\" content=\"\u00bfPor qu\u00e9 no es posible comerse un buen helado, artesanal y con sabores locales, en medio de los Pirineos catalanes?\" \/>\n<meta property=\"og:url\" content=\"https:\/\/www.escapadarural.com\/blog\/helado-tipico-de-los-pirineos\/\" \/>\n<meta property=\"og:site_name\" content=\"Magazine de viajes de EscapadaRural\" \/>\n<meta property=\"article:publisher\" content=\"https:\/\/www.facebook.com\/escapadarural\" \/>\n<meta property=\"article:published_time\" content=\"2025-05-30T06:00:00+00:00\" \/>\n<meta property=\"og:image\" content=\"https:\/\/www.escapadarural.com\/blog\/wp-content\/uploads\/2025\/05\/WhatsApp-Image-2025-05-22-at-14.39.22.webp\" \/>\n\t<meta property=\"og:image:width\" content=\"1024\" \/>\n\t<meta property=\"og:image:height\" content=\"1365\" \/>\n\t<meta property=\"og:image:type\" content=\"image\/webp\" \/>\n<meta name=\"author\" content=\"Raquel Andr\u00e9s\" \/>\n<meta name=\"twitter:card\" content=\"summary_large_image\" \/>\n<meta name=\"twitter:label1\" content=\"Escrito por\" \/>\n\t<meta name=\"twitter:data1\" content=\"Raquel Andr\u00e9s\" \/>\n\t<meta name=\"twitter:label2\" content=\"Tiempo de lectura\" \/>\n\t<meta name=\"twitter:data2\" content=\"6 minutos\" \/>\n<script type=\"application\/ld+json\" class=\"yoast-schema-graph\">{\"@context\":\"https:\\\/\\\/schema.org\",\"@graph\":[{\"@type\":\"Article\",\"@id\":\"https:\\\/\\\/www.escapadarural.com\\\/blog\\\/helado-tipico-de-los-pirineos\\\/#article\",\"isPartOf\":{\"@id\":\"https:\\\/\\\/www.escapadarural.com\\\/blog\\\/helado-tipico-de-los-pirineos\\\/\"},\"author\":{\"name\":\"Raquel Andr\u00e9s\",\"@id\":\"https:\\\/\\\/www.escapadarural.com\\\/blog\\\/#\\\/schema\\\/person\\\/67be061eb00d8315fa8642e01b88c894\"},\"headline\":\"Comer helado t\u00edpico\u2026 \u00a1de los Pirineos!\",\"datePublished\":\"2025-05-30T06:00:00+00:00\",\"mainEntityOfPage\":{\"@id\":\"https:\\\/\\\/www.escapadarural.com\\\/blog\\\/helado-tipico-de-los-pirineos\\\/\"},\"wordCount\":1204,\"commentCount\":0,\"publisher\":{\"@id\":\"https:\\\/\\\/www.escapadarural.com\\\/blog\\\/#organization\"},\"image\":{\"@id\":\"https:\\\/\\\/www.escapadarural.com\\\/blog\\\/helado-tipico-de-los-pirineos\\\/#primaryimage\"},\"thumbnailUrl\":\"https:\\\/\\\/www.escapadarural.com\\\/blog\\\/wp-content\\\/uploads\\\/2025\\\/05\\\/WhatsApp-Image-2025-05-22-at-14.39.22.webp\",\"keywords\":[\"catalunya\",\"El C\u00f3m\",\"Esterri d&#039;\u00c0neu\",\"Gastronom\u00eda\",\"helado\",\"Lleida\",\"Mundo Rural\",\"Pallars Sobir\u00e0\",\"Pirineo catal\u00e1n\",\"Sort\"],\"articleSection\":[\"Arte y Cultura\"],\"inLanguage\":\"es\",\"potentialAction\":[{\"@type\":\"CommentAction\",\"name\":\"Comment\",\"target\":[\"https:\\\/\\\/www.escapadarural.com\\\/blog\\\/helado-tipico-de-los-pirineos\\\/#respond\"]}]},{\"@type\":\"WebPage\",\"@id\":\"https:\\\/\\\/www.escapadarural.com\\\/blog\\\/helado-tipico-de-los-pirineos\\\/\",\"url\":\"https:\\\/\\\/www.escapadarural.com\\\/blog\\\/helado-tipico-de-los-pirineos\\\/\",\"name\":\"Comer helado t\u00edpico\u2026 \u00a1de los Pirineos! - EscapadaRural\",\"isPartOf\":{\"@id\":\"https:\\\/\\\/www.escapadarural.com\\\/blog\\\/#website\"},\"primaryImageOfPage\":{\"@id\":\"https:\\\/\\\/www.escapadarural.com\\\/blog\\\/helado-tipico-de-los-pirineos\\\/#primaryimage\"},\"image\":{\"@id\":\"https:\\\/\\\/www.escapadarural.com\\\/blog\\\/helado-tipico-de-los-pirineos\\\/#primaryimage\"},\"thumbnailUrl\":\"https:\\\/\\\/www.escapadarural.com\\\/blog\\\/wp-content\\\/uploads\\\/2025\\\/05\\\/WhatsApp-Image-2025-05-22-at-14.39.22.webp\",\"datePublished\":\"2025-05-30T06:00:00+00:00\",\"description\":\"\u00bfPor qu\u00e9 no es posible comerse un buen helado, artesanal y con sabores locales, en medio de los Pirineos catalanes?\",\"breadcrumb\":{\"@id\":\"https:\\\/\\\/www.escapadarural.com\\\/blog\\\/helado-tipico-de-los-pirineos\\\/#breadcrumb\"},\"inLanguage\":\"es\",\"potentialAction\":[{\"@type\":\"ReadAction\",\"target\":[\"https:\\\/\\\/www.escapadarural.com\\\/blog\\\/helado-tipico-de-los-pirineos\\\/\"]}]},{\"@type\":\"ImageObject\",\"inLanguage\":\"es\",\"@id\":\"https:\\\/\\\/www.escapadarural.com\\\/blog\\\/helado-tipico-de-los-pirineos\\\/#primaryimage\",\"url\":\"https:\\\/\\\/www.escapadarural.com\\\/blog\\\/wp-content\\\/uploads\\\/2025\\\/05\\\/WhatsApp-Image-2025-05-22-at-14.39.22.webp\",\"contentUrl\":\"https:\\\/\\\/www.escapadarural.com\\\/blog\\\/wp-content\\\/uploads\\\/2025\\\/05\\\/WhatsApp-Image-2025-05-22-at-14.39.22.webp\",\"width\":1024,\"height\":1365,\"caption\":\"Helado artesanal de El C\u00f3m en el Pirineo Catal\u00e1n. Cedida por El C\u00f3m\"},{\"@type\":\"BreadcrumbList\",\"@id\":\"https:\\\/\\\/www.escapadarural.com\\\/blog\\\/helado-tipico-de-los-pirineos\\\/#breadcrumb\",\"itemListElement\":[{\"@type\":\"ListItem\",\"position\":1,\"name\":\"Inicio\",\"item\":\"https:\\\/\\\/www.escapadarural.com\\\/blog\\\/\"},{\"@type\":\"ListItem\",\"position\":2,\"name\":\"Arte y Cultura\",\"item\":\"https:\\\/\\\/www.escapadarural.com\\\/blog\\\/categoria\\\/arte-y-cultura\\\/\"},{\"@type\":\"ListItem\",\"position\":3,\"name\":\"Comer helado t\u00edpico\u2026 \u00a1de los Pirineos!\"}]},{\"@type\":\"WebSite\",\"@id\":\"https:\\\/\\\/www.escapadarural.com\\\/blog\\\/#website\",\"url\":\"https:\\\/\\\/www.escapadarural.com\\\/blog\\\/\",\"name\":\"Blog de viajes | turismo rural, alojamientos e inspiraci\u00f3n\",\"description\":\"Alojamientos rurales e inspiraci\u00f3n para tus escapadas\",\"publisher\":{\"@id\":\"https:\\\/\\\/www.escapadarural.com\\\/blog\\\/#organization\"},\"alternateName\":\"Magazine de viajes de EscapadaRural\",\"potentialAction\":[{\"@type\":\"SearchAction\",\"target\":{\"@type\":\"EntryPoint\",\"urlTemplate\":\"https:\\\/\\\/www.escapadarural.com\\\/blog\\\/?s={search_term_string}\"},\"query-input\":{\"@type\":\"PropertyValueSpecification\",\"valueRequired\":true,\"valueName\":\"search_term_string\"}}],\"inLanguage\":\"es\"},{\"@type\":\"Organization\",\"@id\":\"https:\\\/\\\/www.escapadarural.com\\\/blog\\\/#organization\",\"name\":\"EscapadaRural\",\"url\":\"https:\\\/\\\/www.escapadarural.com\\\/blog\\\/\",\"logo\":{\"@type\":\"ImageObject\",\"inLanguage\":\"es\",\"@id\":\"https:\\\/\\\/www.escapadarural.com\\\/blog\\\/#\\\/schema\\\/logo\\\/image\\\/\",\"url\":\"https:\\\/\\\/www.escapadarural.com\\\/blog\\\/wp-content\\\/uploads\\\/2024\\\/10\\\/cropped-cropped-escapada-rural-icon-mag-3.png\",\"contentUrl\":\"https:\\\/\\\/www.escapadarural.com\\\/blog\\\/wp-content\\\/uploads\\\/2024\\\/10\\\/cropped-cropped-escapada-rural-icon-mag-3.png\",\"width\":512,\"height\":512,\"caption\":\"EscapadaRural\"},\"image\":{\"@id\":\"https:\\\/\\\/www.escapadarural.com\\\/blog\\\/#\\\/schema\\\/logo\\\/image\\\/\"},\"sameAs\":[\"https:\\\/\\\/www.facebook.com\\\/escapadarural\",\"https:\\\/\\\/www.instagram.com\\\/escapadarural\\\/\",\"https:\\\/\\\/www.youtube.com\\\/@escapadaruralcom\"]},{\"@type\":\"Person\",\"@id\":\"https:\\\/\\\/www.escapadarural.com\\\/blog\\\/#\\\/schema\\\/person\\\/67be061eb00d8315fa8642e01b88c894\",\"name\":\"Raquel Andr\u00e9s\",\"image\":{\"@type\":\"ImageObject\",\"inLanguage\":\"es\",\"@id\":\"https:\\\/\\\/secure.gravatar.com\\\/avatar\\\/b45840531462f3cafb335a9fc5c0bfda2c07c3df4b82b304b923526b85cc6cb5?s=96&d=mm&r=g\",\"url\":\"https:\\\/\\\/secure.gravatar.com\\\/avatar\\\/b45840531462f3cafb335a9fc5c0bfda2c07c3df4b82b304b923526b85cc6cb5?s=96&d=mm&r=g\",\"contentUrl\":\"https:\\\/\\\/secure.gravatar.com\\\/avatar\\\/b45840531462f3cafb335a9fc5c0bfda2c07c3df4b82b304b923526b85cc6cb5?s=96&d=mm&r=g\",\"caption\":\"Raquel Andr\u00e9s\"},\"description\":\"Periodista y aventurera. Me has podido leer en Escapada Rural, Diari Nosaltres La Veu, La Vanguardia, El Salto y otros medios. Habitante y amante de las zonas rurales, sea cual sea el destino. Procuro escaparme una vez por semana con las botas de monta\u00f1a, el arn\u00e9s o el neopreno. Tambi\u00e9n soy un intento de baserritarra.\",\"url\":\"https:\\\/\\\/www.escapadarural.com\\\/blog\\\/autor\\\/raquel\\\/\"}]}<\/script>\n<!-- \/ Yoast SEO plugin. -->","yoast_head_json":{"title":"Comer helado t\u00edpico\u2026 \u00a1de los Pirineos! - EscapadaRural","description":"\u00bfPor qu\u00e9 no es posible comerse un buen helado, artesanal y con sabores locales, en medio de los Pirineos catalanes?","robots":{"index":"index","follow":"follow","max-snippet":"max-snippet:-1","max-image-preview":"max-image-preview:large","max-video-preview":"max-video-preview:-1"},"canonical":"https:\/\/www.escapadarural.com\/blog\/helado-tipico-de-los-pirineos\/","og_locale":"es_ES","og_type":"article","og_title":"Comer helado t\u00edpico\u2026 \u00a1de los Pirineos! - EscapadaRural","og_description":"\u00bfPor qu\u00e9 no es posible comerse un buen helado, artesanal y con sabores locales, en medio de los Pirineos catalanes?","og_url":"https:\/\/www.escapadarural.com\/blog\/helado-tipico-de-los-pirineos\/","og_site_name":"Magazine de viajes de EscapadaRural","article_publisher":"https:\/\/www.facebook.com\/escapadarural","article_published_time":"2025-05-30T06:00:00+00:00","og_image":[{"width":1024,"height":1365,"url":"https:\/\/www.escapadarural.com\/blog\/wp-content\/uploads\/2025\/05\/WhatsApp-Image-2025-05-22-at-14.39.22.webp","type":"image\/webp"}],"author":"Raquel Andr\u00e9s","twitter_card":"summary_large_image","twitter_misc":{"Escrito por":"Raquel Andr\u00e9s","Tiempo de lectura":"6 minutos"},"schema":{"@context":"https:\/\/schema.org","@graph":[{"@type":"Article","@id":"https:\/\/www.escapadarural.com\/blog\/helado-tipico-de-los-pirineos\/#article","isPartOf":{"@id":"https:\/\/www.escapadarural.com\/blog\/helado-tipico-de-los-pirineos\/"},"author":{"name":"Raquel Andr\u00e9s","@id":"https:\/\/www.escapadarural.com\/blog\/#\/schema\/person\/67be061eb00d8315fa8642e01b88c894"},"headline":"Comer helado t\u00edpico\u2026 \u00a1de los Pirineos!","datePublished":"2025-05-30T06:00:00+00:00","mainEntityOfPage":{"@id":"https:\/\/www.escapadarural.com\/blog\/helado-tipico-de-los-pirineos\/"},"wordCount":1204,"commentCount":0,"publisher":{"@id":"https:\/\/www.escapadarural.com\/blog\/#organization"},"image":{"@id":"https:\/\/www.escapadarural.com\/blog\/helado-tipico-de-los-pirineos\/#primaryimage"},"thumbnailUrl":"https:\/\/www.escapadarural.com\/blog\/wp-content\/uploads\/2025\/05\/WhatsApp-Image-2025-05-22-at-14.39.22.webp","keywords":["catalunya","El C\u00f3m","Esterri d&#039;\u00c0neu","Gastronom\u00eda","helado","Lleida","Mundo Rural","Pallars Sobir\u00e0","Pirineo catal\u00e1n","Sort"],"articleSection":["Arte y Cultura"],"inLanguage":"es","potentialAction":[{"@type":"CommentAction","name":"Comment","target":["https:\/\/www.escapadarural.com\/blog\/helado-tipico-de-los-pirineos\/#respond"]}]},{"@type":"WebPage","@id":"https:\/\/www.escapadarural.com\/blog\/helado-tipico-de-los-pirineos\/","url":"https:\/\/www.escapadarural.com\/blog\/helado-tipico-de-los-pirineos\/","name":"Comer helado t\u00edpico\u2026 \u00a1de los Pirineos! - EscapadaRural","isPartOf":{"@id":"https:\/\/www.escapadarural.com\/blog\/#website"},"primaryImageOfPage":{"@id":"https:\/\/www.escapadarural.com\/blog\/helado-tipico-de-los-pirineos\/#primaryimage"},"image":{"@id":"https:\/\/www.escapadarural.com\/blog\/helado-tipico-de-los-pirineos\/#primaryimage"},"thumbnailUrl":"https:\/\/www.escapadarural.com\/blog\/wp-content\/uploads\/2025\/05\/WhatsApp-Image-2025-05-22-at-14.39.22.webp","datePublished":"2025-05-30T06:00:00+00:00","description":"\u00bfPor qu\u00e9 no es posible comerse un buen helado, artesanal y con sabores locales, en medio de los Pirineos catalanes?","breadcrumb":{"@id":"https:\/\/www.escapadarural.com\/blog\/helado-tipico-de-los-pirineos\/#breadcrumb"},"inLanguage":"es","potentialAction":[{"@type":"ReadAction","target":["https:\/\/www.escapadarural.com\/blog\/helado-tipico-de-los-pirineos\/"]}]},{"@type":"ImageObject","inLanguage":"es","@id":"https:\/\/www.escapadarural.com\/blog\/helado-tipico-de-los-pirineos\/#primaryimage","url":"https:\/\/www.escapadarural.com\/blog\/wp-content\/uploads\/2025\/05\/WhatsApp-Image-2025-05-22-at-14.39.22.webp","contentUrl":"https:\/\/www.escapadarural.com\/blog\/wp-content\/uploads\/2025\/05\/WhatsApp-Image-2025-05-22-at-14.39.22.webp","width":1024,"height":1365,"caption":"Helado artesanal de El C\u00f3m en el Pirineo Catal\u00e1n. Cedida por El C\u00f3m"},{"@type":"BreadcrumbList","@id":"https:\/\/www.escapadarural.com\/blog\/helado-tipico-de-los-pirineos\/#breadcrumb","itemListElement":[{"@type":"ListItem","position":1,"name":"Inicio","item":"https:\/\/www.escapadarural.com\/blog\/"},{"@type":"ListItem","position":2,"name":"Arte y Cultura","item":"https:\/\/www.escapadarural.com\/blog\/categoria\/arte-y-cultura\/"},{"@type":"ListItem","position":3,"name":"Comer helado t\u00edpico\u2026 \u00a1de los Pirineos!"}]},{"@type":"WebSite","@id":"https:\/\/www.escapadarural.com\/blog\/#website","url":"https:\/\/www.escapadarural.com\/blog\/","name":"Blog de viajes | turismo rural, alojamientos e inspiraci\u00f3n","description":"Alojamientos rurales e inspiraci\u00f3n para tus escapadas","publisher":{"@id":"https:\/\/www.escapadarural.com\/blog\/#organization"},"alternateName":"Magazine de viajes de EscapadaRural","potentialAction":[{"@type":"SearchAction","target":{"@type":"EntryPoint","urlTemplate":"https:\/\/www.escapadarural.com\/blog\/?s={search_term_string}"},"query-input":{"@type":"PropertyValueSpecification","valueRequired":true,"valueName":"search_term_string"}}],"inLanguage":"es"},{"@type":"Organization","@id":"https:\/\/www.escapadarural.com\/blog\/#organization","name":"EscapadaRural","url":"https:\/\/www.escapadarural.com\/blog\/","logo":{"@type":"ImageObject","inLanguage":"es","@id":"https:\/\/www.escapadarural.com\/blog\/#\/schema\/logo\/image\/","url":"https:\/\/www.escapadarural.com\/blog\/wp-content\/uploads\/2024\/10\/cropped-cropped-escapada-rural-icon-mag-3.png","contentUrl":"https:\/\/www.escapadarural.com\/blog\/wp-content\/uploads\/2024\/10\/cropped-cropped-escapada-rural-icon-mag-3.png","width":512,"height":512,"caption":"EscapadaRural"},"image":{"@id":"https:\/\/www.escapadarural.com\/blog\/#\/schema\/logo\/image\/"},"sameAs":["https:\/\/www.facebook.com\/escapadarural","https:\/\/www.instagram.com\/escapadarural\/","https:\/\/www.youtube.com\/@escapadaruralcom"]},{"@type":"Person","@id":"https:\/\/www.escapadarural.com\/blog\/#\/schema\/person\/67be061eb00d8315fa8642e01b88c894","name":"Raquel Andr\u00e9s","image":{"@type":"ImageObject","inLanguage":"es","@id":"https:\/\/secure.gravatar.com\/avatar\/b45840531462f3cafb335a9fc5c0bfda2c07c3df4b82b304b923526b85cc6cb5?s=96&d=mm&r=g","url":"https:\/\/secure.gravatar.com\/avatar\/b45840531462f3cafb335a9fc5c0bfda2c07c3df4b82b304b923526b85cc6cb5?s=96&d=mm&r=g","contentUrl":"https:\/\/secure.gravatar.com\/avatar\/b45840531462f3cafb335a9fc5c0bfda2c07c3df4b82b304b923526b85cc6cb5?s=96&d=mm&r=g","caption":"Raquel Andr\u00e9s"},"description":"Periodista y aventurera. Me has podido leer en Escapada Rural, Diari Nosaltres La Veu, La Vanguardia, El Salto y otros medios. Habitante y amante de las zonas rurales, sea cual sea el destino. Procuro escaparme una vez por semana con las botas de monta\u00f1a, el arn\u00e9s o el neopreno. Tambi\u00e9n soy un intento de baserritarra.","url":"https:\/\/www.escapadarural.com\/blog\/autor\/raquel\/"}]}},"_links":{"self":[{"href":"https:\/\/www.escapadarural.com\/blog\/wp-json\/wp\/v2\/posts\/201593","targetHints":{"allow":["GET"]}}],"collection":[{"href":"https:\/\/www.escapadarural.com\/blog\/wp-json\/wp\/v2\/posts"}],"about":[{"href":"https:\/\/www.escapadarural.com\/blog\/wp-json\/wp\/v2\/types\/post"}],"author":[{"embeddable":true,"href":"https:\/\/www.escapadarural.com\/blog\/wp-json\/wp\/v2\/users\/123"}],"replies":[{"embeddable":true,"href":"https:\/\/www.escapadarural.com\/blog\/wp-json\/wp\/v2\/comments?post=201593"}],"version-history":[{"count":0,"href":"https:\/\/www.escapadarural.com\/blog\/wp-json\/wp\/v2\/posts\/201593\/revisions"}],"wp:featuredmedia":[{"embeddable":true,"href":"https:\/\/www.escapadarural.com\/blog\/wp-json\/wp\/v2\/media\/201599"}],"wp:attachment":[{"href":"https:\/\/www.escapadarural.com\/blog\/wp-json\/wp\/v2\/media?parent=201593"}],"wp:term":[{"taxonomy":"category","embeddable":true,"href":"https:\/\/www.escapadarural.com\/blog\/wp-json\/wp\/v2\/categories?post=201593"},{"taxonomy":"post_tag","embeddable":true,"href":"https:\/\/www.escapadarural.com\/blog\/wp-json\/wp\/v2\/tags?post=201593"}],"curies":[{"name":"wp","href":"https:\/\/api.w.org\/{rel}","templated":true}]}}