{"id":202477,"date":"2025-06-11T14:47:37","date_gmt":"2025-06-11T12:47:37","guid":{"rendered":"https:\/\/www.escapadarural.com\/blog\/?p=202477"},"modified":"2025-06-11T14:47:38","modified_gmt":"2025-06-11T12:47:38","slug":"mar-montana-escapada-doble","status":"publish","type":"post","link":"https:\/\/www.escapadarural.com\/blog\/mar-montana-escapada-doble\/","title":{"rendered":"Escapada doble: mar por el d\u00eda, monta\u00f1a por la noche"},"content":{"rendered":"\n<p>Hay personas que lo tienen claro, para ellas el verano significa playa. Otras, sin embargo, prefieren la monta\u00f1a. Y luego est\u00e1s t\u00fa. T\u00fa, que por la ma\u00f1ana sue\u00f1as con meter los pies en la arena, darte un chapuz\u00f3n en el mar y oler a salitre. Pero por la tarde ya te imaginas subiendo una colina, caminando entre pinos o cenando en una terraza con vistas a un valle. <\/p>\n\n\n\n<p>As\u00ed que, \u00bfpor qu\u00e9 elegir? Para ti, que lo quieres todo, hemos preparado este listado de <strong>escapadas dobles<\/strong>: lugares donde el <strong>mar <\/strong>y la <strong>monta\u00f1a <\/strong>est\u00e1n a un paso.<\/p>\n\n\n\n<div class=\"wp-block-buttons is-layout-flex wp-block-buttons-is-layout-flex\">\n<div class=\"wp-block-button\"><a class=\"wp-block-button__link wp-element-button\" href=\"\/casas-rurales\/\">Encuentra tu alojamiento<\/a><\/div>\n<\/div>\n\n\n\n<h2 class=\"wp-block-heading\" id=\"h-llanes-y-los-picos-de-europa-asturias\"><strong>Llanes y los Picos de Europa (<a href=\"\/casas-rurales\/asturias\">Asturias<\/a><\/strong>)<\/h2>\n\n\n\n<figure class=\"wp-block-image size-full\"><img loading=\"lazy\" decoding=\"async\" width=\"1024\" height=\"683\" src=\"https:\/\/www.escapadarural.com\/blog\/wp-content\/uploads\/2025\/06\/llanes_picoseuropa.webp\" alt=\"Llanes y Picos de Europa (Asturias)\" class=\"wp-image-202489\" srcset=\"https:\/\/www.escapadarural.com\/blog\/wp-content\/uploads\/2025\/06\/llanes_picoseuropa-200x133.webp 200w, https:\/\/www.escapadarural.com\/blog\/wp-content\/uploads\/2025\/06\/llanes_picoseuropa-300x200.webp 300w, https:\/\/www.escapadarural.com\/blog\/wp-content\/uploads\/2025\/06\/llanes_picoseuropa-400x267.webp 400w, https:\/\/www.escapadarural.com\/blog\/wp-content\/uploads\/2025\/06\/llanes_picoseuropa-600x400.webp 600w, https:\/\/www.escapadarural.com\/blog\/wp-content\/uploads\/2025\/06\/llanes_picoseuropa-768x512.webp 768w, https:\/\/www.escapadarural.com\/blog\/wp-content\/uploads\/2025\/06\/llanes_picoseuropa-800x534.webp 800w, https:\/\/www.escapadarural.com\/blog\/wp-content\/uploads\/2025\/06\/llanes_picoseuropa.webp 1024w\" sizes=\"auto, (max-width: 1024px) 100vw, 1024px\" \/><figcaption class=\"wp-element-caption\">Izda: Vista a\u00e9rea de Llanes (Asturias) por jon_chica  \/  Dcha: Lago Ercina en Covadonga, Picos de Europa (Asturias) por mrks_v<\/figcaption><\/figure>\n\n\n\n<p>Nos escapamos hasta la localidad asturiana de <a href=\"\/casas-rurales\/llanes\">Llanes<\/a> para disfrutar de una ma\u00f1ana de playa. \u00bfLa elegida? La playa de <strong>Torimbia<\/strong>, una de las m\u00e1s bonitas del norte de Espa\u00f1a, con forma de concha, aguas cristalinas, arena dorada y resguardada por unos bellos y verticales acantilados. A mediod\u00eda, no podr\u00e1s pasar por alto probar el tradicional cachopo con un cul\u00edn de sidra en alg\u00fan chigre de la villa marinera. Adem\u00e1s de conocer su casco antiguo, declarado Conjunto Hist\u00f3rico-Art\u00edstico, gracias a sus magn\u00edficas casas de indianos y su pintoresco puerto.<\/p>\n\n\n\n<p>Y ya por la tarde, en menos de una hora, podr\u00e1s visitar el <a href=\"\/casas-rurales\/picos-de-europa\">Parque Nacional de los Picos de Europa<\/a> y su principal reclamo, <strong>Covadonga<\/strong>, los lagos y todo su entorno. Un marco natural \u00fanico que te regalar\u00e1 vistas y paisajes que te dejar\u00e1n huella. \u00bfTe apuntas?<\/p>\n\n\n\n<div class=\"wp-block-buttons is-layout-flex wp-block-buttons-is-layout-flex\">\n<div class=\"wp-block-button\"><a class=\"wp-block-button__link wp-element-button\" href=\"\/casas-rurales\/asturias\">Alojamientos rurales en Asturias<\/a><\/div>\n<\/div>\n\n\n\n<h2 class=\"wp-block-heading\" id=\"h-cadaques-y-el-cap-de-creus-girona\"><strong>Cadaqu\u00e9s y el Cap de Creus (<a href=\"\/casas-rurales\/girona\">Girona<\/a>)<\/strong><\/h2>\n\n\n\n<figure class=\"wp-block-image size-full\"><img loading=\"lazy\" decoding=\"async\" width=\"1024\" height=\"683\" src=\"https:\/\/www.escapadarural.com\/blog\/wp-content\/uploads\/2025\/06\/cadaques_capdecreus.webp\" alt=\"Cadaqu\u00e9s y Cap de Creus (Girona)\" class=\"wp-image-202491\" srcset=\"https:\/\/www.escapadarural.com\/blog\/wp-content\/uploads\/2025\/06\/cadaques_capdecreus-200x133.webp 200w, https:\/\/www.escapadarural.com\/blog\/wp-content\/uploads\/2025\/06\/cadaques_capdecreus-300x200.webp 300w, https:\/\/www.escapadarural.com\/blog\/wp-content\/uploads\/2025\/06\/cadaques_capdecreus-400x267.webp 400w, https:\/\/www.escapadarural.com\/blog\/wp-content\/uploads\/2025\/06\/cadaques_capdecreus-600x400.webp 600w, https:\/\/www.escapadarural.com\/blog\/wp-content\/uploads\/2025\/06\/cadaques_capdecreus-768x512.webp 768w, https:\/\/www.escapadarural.com\/blog\/wp-content\/uploads\/2025\/06\/cadaques_capdecreus-800x534.webp 800w, https:\/\/www.escapadarural.com\/blog\/wp-content\/uploads\/2025\/06\/cadaques_capdecreus.webp 1024w\" sizes=\"auto, (max-width: 1024px) 100vw, 1024px\" \/><figcaption class=\"wp-element-caption\">Izda: Playa en el puerto de Cadaqu\u00e9s (Girona) por pkazmierczak  \/  Dcha: Monta\u00f1as del Parque Natural del Cap de Creus (Girona) por Marcos<\/figcaption><\/figure>\n\n\n\n<p><strong>Cadaqu\u00e9s<\/strong>, en la comarca gerundense del <a href=\"\/casas-rurales\/alt-emporda\">Alt Empord\u00e0<\/a>, tiene algo de pel\u00edcula francesa, arraigo mediterr\u00e1neo y mucho de para\u00edso art\u00edstico. El plan comienza con un ba\u00f1o en la playa de <strong>Portlligat<\/strong>, una de las m\u00e1s conocidas de la <strong>Costa Brava<\/strong>, pues es donde se encuentra la <strong>Casa-Museo Salvador Dal\u00ed<\/strong>, la residencia habitual del pintor. <\/p>\n\n\n\n<p>Y por la tarde, despu\u00e9s de haber comido en una terraza con vistas al mar y haber descubierto su encanto marinero con sus casas blancas y sus estrechas calles empedradas llenas de plantas y flores de colores, te recomendamos conducir entre acantilados hasta el <strong>Parque Natural del Cap de Creus<\/strong>, donde la tierra se retuerce en formas imposibles y el viento es el gran protagonista. Si te animas, una caminata hasta el faro viendo el atardecer es el mejor broche final que podr\u00edas a\u00f1adir a esta escapada.<\/p>\n\n\n\n<div class=\"wp-block-buttons is-layout-flex wp-block-buttons-is-layout-flex\">\n<div class=\"wp-block-button\"><a class=\"wp-block-button__link wp-element-button\" href=\"\/casas-rurales\/alt-emporda\">Alojamientos rurales en Alt Empord\u00e0<\/a><\/div>\n<\/div>\n\n\n\n<h2 class=\"wp-block-heading\" id=\"h-zumaia-y-el-parque-natural-de-pagoeta-guipuzcoa\"><strong>Zumaia y el Parque Natural de Pagoeta (<a href=\"\/casas-rurales\/guipuzcoa\">Guip\u00fazcoa<\/a><\/strong>)<\/h2>\n\n\n\n<figure class=\"wp-block-image size-full\"><img loading=\"lazy\" decoding=\"async\" width=\"1024\" height=\"683\" src=\"https:\/\/www.escapadarural.com\/blog\/wp-content\/uploads\/2025\/06\/zumaia_pagoeta.webp\" alt=\"Zumaia y Parque Natural de Pagoeta (Guip\u00fazcoa)\" class=\"wp-image-202492\" srcset=\"https:\/\/www.escapadarural.com\/blog\/wp-content\/uploads\/2025\/06\/zumaia_pagoeta-200x133.webp 200w, https:\/\/www.escapadarural.com\/blog\/wp-content\/uploads\/2025\/06\/zumaia_pagoeta-300x200.webp 300w, https:\/\/www.escapadarural.com\/blog\/wp-content\/uploads\/2025\/06\/zumaia_pagoeta-400x267.webp 400w, https:\/\/www.escapadarural.com\/blog\/wp-content\/uploads\/2025\/06\/zumaia_pagoeta-600x400.webp 600w, https:\/\/www.escapadarural.com\/blog\/wp-content\/uploads\/2025\/06\/zumaia_pagoeta-768x512.webp 768w, https:\/\/www.escapadarural.com\/blog\/wp-content\/uploads\/2025\/06\/zumaia_pagoeta-800x534.webp 800w, https:\/\/www.escapadarural.com\/blog\/wp-content\/uploads\/2025\/06\/zumaia_pagoeta.webp 1024w\" sizes=\"auto, (max-width: 1024px) 100vw, 1024px\" \/><figcaption class=\"wp-element-caption\">Izda: Flysch de Zumaia en Deba (Guip\u00fazcoa) por Fotos ZonaFreeDrone  \/  Dcha: Parque Natural de Pagoeta (Guip\u00fazcoa) por JUAN CARLOS MUNOZ<\/figcaption><\/figure>\n\n\n\n<p>La localidad guipuzcoana de <a href=\"\/casas-rurales\/zumaia\">Zumaia <\/a>es famosa por sus flysch, unas formaciones rocosas que parecen p\u00e1ginas de un libro de historia de la geolog\u00eda. Pero tambi\u00e9n por su&nbsp;litoral salvaje y sus fr\u00edas aguas ba\u00f1adas por el mar <strong>Cant\u00e1brico<\/strong>. Por ello, aqu\u00ed la idea es caminar entre acantilados y ba\u00f1arte en la playa de <strong>Itzurun <\/strong>con vistas a la ermita de San Telmo, localizaci\u00f3n conocida por haber sido escenario de la pel\u00edcula <em>Ocho apellidos vascos<\/em>. <\/p>\n\n\n\n<p>Despu\u00e9s de haber degustado un buen pescado a la parrilla o una chuleta acompa\u00f1ada de una copa de txakoli, pondr\u00e1s tierra adentro, y a menos de 30 minutos, te plantar\u00e1s en el <a href=\"\/casas-rurales\/pagoeta\">Parque Natural de Pagoeta<\/a>, un para\u00edso de senderos entre hayas, caser\u00edos tradicionales, molinos restaurados como el de <strong>Agorregi <\/strong>y hasta jardines bot\u00e1nicos escondidos.<\/p>\n\n\n\n<div class=\"wp-block-buttons is-layout-flex wp-block-buttons-is-layout-flex\">\n<div class=\"wp-block-button\"><a class=\"wp-block-button__link wp-element-button\" href=\"\/casas-rurales\/guipuzcoa\">Alojamientos rurales en Guip\u00fazcoa<\/a><\/div>\n<\/div>\n\n\n\n<h2 class=\"wp-block-heading\" id=\"h-almunecar-y-la-alpujarra-granada\"><strong>Almu\u00f1\u00e9car y la Alpujarra (<a href=\"\/casas-rurales\/granada\">Granada<\/a>)<\/strong><\/h2>\n\n\n\n<figure class=\"wp-block-image size-full\"><img loading=\"lazy\" decoding=\"async\" width=\"1024\" height=\"683\" src=\"https:\/\/www.escapadarural.com\/blog\/wp-content\/uploads\/2025\/06\/almunecar_la_alpujarra.webp\" alt=\"Almu\u00f1\u00e9car y La Alpujarra (Granada)\" class=\"wp-image-202500\" srcset=\"https:\/\/www.escapadarural.com\/blog\/wp-content\/uploads\/2025\/06\/almunecar_la_alpujarra-200x133.webp 200w, https:\/\/www.escapadarural.com\/blog\/wp-content\/uploads\/2025\/06\/almunecar_la_alpujarra-300x200.webp 300w, https:\/\/www.escapadarural.com\/blog\/wp-content\/uploads\/2025\/06\/almunecar_la_alpujarra-400x267.webp 400w, https:\/\/www.escapadarural.com\/blog\/wp-content\/uploads\/2025\/06\/almunecar_la_alpujarra-600x400.webp 600w, https:\/\/www.escapadarural.com\/blog\/wp-content\/uploads\/2025\/06\/almunecar_la_alpujarra-768x512.webp 768w, https:\/\/www.escapadarural.com\/blog\/wp-content\/uploads\/2025\/06\/almunecar_la_alpujarra-800x534.webp 800w, https:\/\/www.escapadarural.com\/blog\/wp-content\/uploads\/2025\/06\/almunecar_la_alpujarra.webp 1024w\" sizes=\"auto, (max-width: 1024px) 100vw, 1024px\" \/><figcaption class=\"wp-element-caption\">Izda: playa de Almu\u00f1\u00e9car (Granada) por pacoparra  \/  Dcha: pueblos de Pampaneira y Capileria, La Alpujarra (Granada) por Fotomicar<\/figcaption><\/figure>\n\n\n\n<p>Quiz\u00e1 esta combinaci\u00f3n entre mar y monta\u00f1a sea de las m\u00e1s sorprendentes. Comenzamos la ma\u00f1ana en la localidad de <a href=\"\/casas-rurales\/almunecar\">Almu\u00f1\u00e9car<\/a>, en la <strong>Costa Tropical<\/strong>, donde podr\u00e1s desayunar mango y darte un buen chapuz\u00f3n en las aguas cristalinas de las playas de <strong>Velilla <\/strong>o <strong>San Cristobal<\/strong>. <\/p>\n\n\n\n<p>Al caer la tarde, cambiar\u00e1s el bikini por la rebeca, y te pondr\u00e1s al volante para tomar la carretera serpenteante hacia el interior, y en menos de una hora, estar\u00e1s en otro mundo, en <a href=\"\/casas-rurales\/la-alpujarra\">La Alpujarra<\/a>. Un mundo que parece sacado de una postal morisca, con sus correspondientes y preciosos pueblos blancos como <strong>Pampaneira <\/strong>y <strong>Capileira<\/strong>, rodeados de agua que corre por las acequias y tejados planos que desaf\u00edan las pendientes imposibles de <a href=\"\/casas-rurales\/sierra-nevada\">Sierra Nevada<\/a>.<\/p>\n\n\n\n<p>\u00bfQu\u00e9 te parece este contraste en la provincia de Granada?<\/p>\n\n\n\n<div class=\"wp-block-buttons is-layout-flex wp-block-buttons-is-layout-flex\">\n<div class=\"wp-block-button\"><a class=\"wp-block-button__link wp-element-button\" href=\"\/casas-rurales\/granada\">Alojamientos rurales en Granada<\/a><\/div>\n<\/div>\n\n\n\n<h2 class=\"wp-block-heading\" id=\"h-peniscola-y-la-sierra-de-irta-castellon\"><strong>Pe\u00f1\u00edscola y la Sierra de Irta (<a href=\"\/casas-rurales\/castellon\">Castell\u00f3n<\/a><\/strong>)<\/h2>\n\n\n\n<figure class=\"wp-block-image size-full\"><img loading=\"lazy\" decoding=\"async\" width=\"1024\" height=\"683\" src=\"https:\/\/www.escapadarural.com\/blog\/wp-content\/uploads\/2025\/06\/peniscola_sierrairta.webp\" alt=\"Pe\u00f1\u00edscola y Sierra de Irta (Castell\u00f3n)\" class=\"wp-image-202498\" srcset=\"https:\/\/www.escapadarural.com\/blog\/wp-content\/uploads\/2025\/06\/peniscola_sierrairta-200x133.webp 200w, https:\/\/www.escapadarural.com\/blog\/wp-content\/uploads\/2025\/06\/peniscola_sierrairta-300x200.webp 300w, https:\/\/www.escapadarural.com\/blog\/wp-content\/uploads\/2025\/06\/peniscola_sierrairta-400x267.webp 400w, https:\/\/www.escapadarural.com\/blog\/wp-content\/uploads\/2025\/06\/peniscola_sierrairta-600x400.webp 600w, https:\/\/www.escapadarural.com\/blog\/wp-content\/uploads\/2025\/06\/peniscola_sierrairta-768x512.webp 768w, https:\/\/www.escapadarural.com\/blog\/wp-content\/uploads\/2025\/06\/peniscola_sierrairta-800x534.webp 800w, https:\/\/www.escapadarural.com\/blog\/wp-content\/uploads\/2025\/06\/peniscola_sierrairta.webp 1024w\" sizes=\"auto, (max-width: 1024px) 100vw, 1024px\" \/><figcaption class=\"wp-element-caption\">Izda: Vista a\u00e9rea de Castillo de Papa Luna, Pe\u00f1\u00edscola (Granada) por agaglowala  \/  Dcha: Castillo de Xivert, Sierra de Irta (Castell\u00f3n) por Alice_D<\/figcaption><\/figure>\n\n\n\n<p>Hay que reconocer que <a href=\"\/casas-rurales\/peniscola\">Pe\u00f1\u00edscola <\/a>es un pueblo id\u00edlico, con su castillo templario asomado al mar como si vigilara el horizonte desde hace siglos, sus playas familiares e infinidad de callejuelas con encanto que te invitan a conocer esta villa llena de historia. Por ello, por la ma\u00f1ana un ba\u00f1o y un paseo relajante es el mejor plan posible. <\/p>\n\n\n\n<p>Y ya, cuando el sol empieza a despedirse, el escenario cambia. Y es que junto a <strong>Pe\u00f1\u00edscola <\/strong>se encuentra la <a href=\"\/casas-rurales\/serra-d-irta\">Sierra de Irta<\/a>, un tesoro de 13 km de costa virgen que todav\u00eda permanece intacta con acantilados, calas escondidas y solitarias, olor a romero y senderos que te conducir\u00e1n entre pinos y vistas al <strong>Mediterr\u00e1neo<\/strong>.<\/p>\n\n\n\n<div class=\"wp-block-buttons is-layout-flex wp-block-buttons-is-layout-flex\">\n<div class=\"wp-block-button\"><a class=\"wp-block-button__link wp-element-button\" href=\"\/casas-rurales\/castellon\">Alojamientos rurales en Castell\u00f3n<\/a><\/div>\n<\/div>\n\n\n\n<h2 class=\"wp-block-heading\" id=\"h-laredo-y-el-alto-ason-cantabria\"><strong>Laredo y el Alto As\u00f3n (<a href=\"\/casas-rurales\/cantabria\">Cantabria<\/a><\/strong>)<\/h2>\n\n\n\n<figure class=\"wp-block-image size-full\"><img loading=\"lazy\" decoding=\"async\" width=\"1024\" height=\"683\" src=\"https:\/\/www.escapadarural.com\/blog\/wp-content\/uploads\/2025\/06\/laredo_altoason.webp\" alt=\"Laredo y Alto As\u00f3n (Cantabria)\" class=\"wp-image-202502\" srcset=\"https:\/\/www.escapadarural.com\/blog\/wp-content\/uploads\/2025\/06\/laredo_altoason-200x133.webp 200w, https:\/\/www.escapadarural.com\/blog\/wp-content\/uploads\/2025\/06\/laredo_altoason-300x200.webp 300w, https:\/\/www.escapadarural.com\/blog\/wp-content\/uploads\/2025\/06\/laredo_altoason-400x267.webp 400w, https:\/\/www.escapadarural.com\/blog\/wp-content\/uploads\/2025\/06\/laredo_altoason-600x400.webp 600w, https:\/\/www.escapadarural.com\/blog\/wp-content\/uploads\/2025\/06\/laredo_altoason-768x512.webp 768w, https:\/\/www.escapadarural.com\/blog\/wp-content\/uploads\/2025\/06\/laredo_altoason-800x534.webp 800w, https:\/\/www.escapadarural.com\/blog\/wp-content\/uploads\/2025\/06\/laredo_altoason.webp 1024w\" sizes=\"auto, (max-width: 1024px) 100vw, 1024px\" \/><figcaption class=\"wp-element-caption\">Izda: acantilados de Laredo (Cantabria) por daboost  \/  Dcha: monta\u00f1as de Alto As\u00f3n (Cantabria) por Juando Gonz\u00e1lez<\/figcaption><\/figure>\n\n\n\n<p>El municipio c\u00e1ntabro de <a href=\"\/casas-rurales\/laredo\">Laredo <\/a>te da la bienvenida con su inmenso arenal que parece no acabarse nunca. Aqu\u00ed el d\u00eda empieza entre dunas, surfistas y paseos por la <strong>Playa de La Salv\u00e9<\/strong>. Lo justo es combinar un ba\u00f1o con su patrimonio hist\u00f3rico y cultural. Hay que perderse por sus calles de la <strong>Puebla Vieja<\/strong>, su casco antiguo, pasear entre casonas y palacios de gran valor arquitect\u00f3nico y entrar en la Iglesia de <strong>Santa Mar\u00eda de la Asunci\u00f3n<\/strong>, en lo alto de la villa, en la que te espera uno de los retablos m\u00e1s bellos del arte flamenco del pa\u00eds. Y, por supuesto, unas rabas para acompa\u00f1ar al aperitivo est\u00e1n justificadas. <\/p>\n\n\n\n<p>Pero al caer la tarde, y en apenas una hora todo cambia. El <strong>Alto As\u00f3n<\/strong> te recibir\u00e1 entre monta\u00f1as, desfiladeros que se estrechan, pueblos diminutos y rutas como la del <strong>Nacimiento del R\u00edo As\u00f3n <\/strong>o las <strong>Cuevas de Coventosa<\/strong>.<\/p>\n\n\n\n<div class=\"wp-block-buttons is-layout-flex wp-block-buttons-is-layout-flex\">\n<div class=\"wp-block-button\"><a class=\"wp-block-button__link wp-element-button\" href=\"\/casas-rurales\/cantabria\">Alojamientos rurales en Cantabria<\/a><\/div>\n<\/div>\n\n\n\n<h2 class=\"wp-block-heading\" id=\"h-mazarron-y-la-sierra-de-las-moreras-murcia\"><strong>Mazarr\u00f3n y la Sierra de las Moreras (<a href=\"\/casas-rurales\/murcia\">Murcia<\/a><\/strong>)<\/h2>\n\n\n\n<figure class=\"wp-block-image size-full\"><img loading=\"lazy\" decoding=\"async\" width=\"1024\" height=\"683\" src=\"https:\/\/www.escapadarural.com\/blog\/wp-content\/uploads\/2025\/06\/mazarron_sierramoreras.webp\" alt=\"Mazarr\u00f3n y Sierra de las Moreras (Murcia)\" class=\"wp-image-202512\" srcset=\"https:\/\/www.escapadarural.com\/blog\/wp-content\/uploads\/2025\/06\/mazarron_sierramoreras-200x133.webp 200w, https:\/\/www.escapadarural.com\/blog\/wp-content\/uploads\/2025\/06\/mazarron_sierramoreras-300x200.webp 300w, https:\/\/www.escapadarural.com\/blog\/wp-content\/uploads\/2025\/06\/mazarron_sierramoreras-400x267.webp 400w, https:\/\/www.escapadarural.com\/blog\/wp-content\/uploads\/2025\/06\/mazarron_sierramoreras-600x400.webp 600w, https:\/\/www.escapadarural.com\/blog\/wp-content\/uploads\/2025\/06\/mazarron_sierramoreras-768x512.webp 768w, https:\/\/www.escapadarural.com\/blog\/wp-content\/uploads\/2025\/06\/mazarron_sierramoreras-800x534.webp 800w, https:\/\/www.escapadarural.com\/blog\/wp-content\/uploads\/2025\/06\/mazarron_sierramoreras.webp 1024w\" sizes=\"auto, (max-width: 1024px) 100vw, 1024px\" \/><figcaption class=\"wp-element-caption\">Izda: Playa de Mazarr\u00f3n (Murcia) por vvvita  \/  Dcha: Sierra de las Moreras (Murcia) por Voyagerix<\/figcaption><\/figure>\n\n\n\n<p>La localidad murciana de <a href=\"\/casas-rurales\/mazarron\">Mazarr\u00f3n <\/a>tiene algo que te descoloca, y la \u201cculpable\u201d es la playa de <strong>Bolnuevo<\/strong>. Aqu\u00ed el chapuz\u00f3n es con vistas a un escenario salvaje, donde la erosi\u00f3n constante del viento y el agua ha conseguido tallar caprichosas figuras en la roca arenisca. Un impactante paisaje estriado y amarillento que, por su belleza peculiar e inter\u00e9s cient\u00edfico, es considerado <strong>Monumento de Inter\u00e9s Natural<\/strong>. De hecho, los m\u00e1s entusiastas identifican este paisaje como Capadocia murciana. Pero <strong>Mazarr\u00f3n <\/strong>es mucho m\u00e1s, y su historia le delata. Su costa fue frecuentada por comerciantes fenicios, por pescadores de todas las \u00e9pocas y por los antiguos mineros. <\/p>\n\n\n\n<p>Una escapada de sol, playa y cultura que por la tarde combinar\u00e1s con su cercana <strong>Sierra de las Moreras<\/strong>. Un <strong>Paisaje Protegido <\/strong>que podr\u00e1s recorrer con una mochila ligera y con ganas de caminar y perderse entre senderos.<\/p>\n\n\n\n<div class=\"wp-block-buttons is-layout-flex wp-block-buttons-is-layout-flex\">\n<div class=\"wp-block-button\"><a class=\"wp-block-button__link wp-element-button\" href=\"\/casas-rurales\/cantabria\">Alojamientos rurales en Cantabria<\/a><\/div>\n<\/div>\n\n\n\n<p><\/p>\n","protected":false},"excerpt":{"rendered":"<p>Hay personas que lo tienen claro: el verano significa playa. Otras, sin embargo, prefieren la monta\u00f1a. Y luego est\u00e1s t\u00fa. \u00bfT\u00fa qu\u00e9 prefieres? <\/p>\n","protected":false},"author":98,"featured_media":202489,"comment_status":"open","ping_status":"open","sticky":false,"template":"","format":"standard","meta":{"_acf_changed":false,"om_disable_all_campaigns":false,"footnotes":""},"categories":[191],"tags":[246,224,496,404,338,6244,217],"class_list":["post-202477","post","type-post","status-publish","format-standard","has-post-thumbnail","hentry","category-destinos","tag-que-ver-en-asturias","tag-que-ver-en-cantabria","tag-que-ver-en-castellon","tag-que-ver-en-girona","tag-que-ver-en-granada","tag-guipuzcoa","tag-verano"],"acf":[],"featured_image_src":"https:\/\/www.escapadarural.com\/blog\/wp-content\/uploads\/2025\/06\/llanes_picoseuropa.webp","author_info":{"display_name":"Miryam Tejada","author_link":"https:\/\/www.escapadarural.com\/blog\/autor\/miryam\/"},"yoast_head":"<!-- This site is optimized with the Yoast SEO plugin v27.5 - https:\/\/yoast.com\/product\/yoast-seo-wordpress\/ -->\n<title>Escapada doble: mar y monta\u00f1a - EscapadaRural<\/title>\n<meta name=\"description\" content=\"Hay personas que lo tienen claro: el verano significa playa. Otras, sin embargo, prefieren la monta\u00f1a. Y luego est\u00e1s t\u00fa. \u00bfT\u00fa qu\u00e9 prefieres?\" \/>\n<meta name=\"robots\" content=\"index, follow, max-snippet:-1, max-image-preview:large, max-video-preview:-1\" \/>\n<link rel=\"canonical\" href=\"https:\/\/www.escapadarural.com\/blog\/mar-montana-escapada-doble\/\" \/>\n<meta property=\"og:locale\" content=\"es_ES\" \/>\n<meta property=\"og:type\" content=\"article\" \/>\n<meta property=\"og:title\" content=\"Escapada doble: mar y monta\u00f1a - EscapadaRural\" \/>\n<meta property=\"og:description\" content=\"Hay personas que lo tienen claro: el verano significa playa. Otras, sin embargo, prefieren la monta\u00f1a. Y luego est\u00e1s t\u00fa. \u00bfT\u00fa qu\u00e9 prefieres?\" \/>\n<meta property=\"og:url\" content=\"https:\/\/www.escapadarural.com\/blog\/mar-montana-escapada-doble\/\" \/>\n<meta property=\"og:site_name\" content=\"Magazine de viajes de EscapadaRural\" \/>\n<meta property=\"article:publisher\" content=\"https:\/\/www.facebook.com\/escapadarural\" \/>\n<meta property=\"article:published_time\" content=\"2025-06-11T12:47:37+00:00\" \/>\n<meta property=\"article:modified_time\" content=\"2025-06-11T12:47:38+00:00\" \/>\n<meta property=\"og:image\" content=\"https:\/\/www.escapadarural.com\/blog\/wp-content\/uploads\/2025\/06\/llanes_picoseuropa.webp\" \/>\n\t<meta property=\"og:image:width\" content=\"1024\" \/>\n\t<meta property=\"og:image:height\" content=\"683\" \/>\n\t<meta property=\"og:image:type\" content=\"image\/webp\" \/>\n<meta name=\"author\" content=\"Miryam Tejada\" \/>\n<meta name=\"twitter:card\" content=\"summary_large_image\" \/>\n<meta name=\"twitter:label1\" content=\"Escrito por\" \/>\n\t<meta name=\"twitter:data1\" content=\"Miryam Tejada\" \/>\n\t<meta name=\"twitter:label2\" content=\"Tiempo de lectura\" \/>\n\t<meta name=\"twitter:data2\" content=\"7 minutos\" \/>\n<script type=\"application\/ld+json\" class=\"yoast-schema-graph\">{\"@context\":\"https:\\\/\\\/schema.org\",\"@graph\":[{\"@type\":\"Article\",\"@id\":\"https:\\\/\\\/www.escapadarural.com\\\/blog\\\/mar-montana-escapada-doble\\\/#article\",\"isPartOf\":{\"@id\":\"https:\\\/\\\/www.escapadarural.com\\\/blog\\\/mar-montana-escapada-doble\\\/\"},\"author\":{\"name\":\"Miryam Tejada\",\"@id\":\"https:\\\/\\\/www.escapadarural.com\\\/blog\\\/#\\\/schema\\\/person\\\/3a79b504f208fd6cf3bb52c608e311f0\"},\"headline\":\"Escapada doble: mar por el d\u00eda, monta\u00f1a por la noche\",\"datePublished\":\"2025-06-11T12:47:37+00:00\",\"dateModified\":\"2025-06-11T12:47:38+00:00\",\"mainEntityOfPage\":{\"@id\":\"https:\\\/\\\/www.escapadarural.com\\\/blog\\\/mar-montana-escapada-doble\\\/\"},\"wordCount\":1380,\"commentCount\":0,\"publisher\":{\"@id\":\"https:\\\/\\\/www.escapadarural.com\\\/blog\\\/#organization\"},\"image\":{\"@id\":\"https:\\\/\\\/www.escapadarural.com\\\/blog\\\/mar-montana-escapada-doble\\\/#primaryimage\"},\"thumbnailUrl\":\"https:\\\/\\\/www.escapadarural.com\\\/blog\\\/wp-content\\\/uploads\\\/2025\\\/06\\\/llanes_picoseuropa.webp\",\"keywords\":[\"Asturias\",\"Cantabria\",\"Castell\u00f3n\",\"Girona\",\"Granada\",\"Guipuzcoa\",\"verano\"],\"articleSection\":[\"Destinos\"],\"inLanguage\":\"es\",\"potentialAction\":[{\"@type\":\"CommentAction\",\"name\":\"Comment\",\"target\":[\"https:\\\/\\\/www.escapadarural.com\\\/blog\\\/mar-montana-escapada-doble\\\/#respond\"]}]},{\"@type\":\"WebPage\",\"@id\":\"https:\\\/\\\/www.escapadarural.com\\\/blog\\\/mar-montana-escapada-doble\\\/\",\"url\":\"https:\\\/\\\/www.escapadarural.com\\\/blog\\\/mar-montana-escapada-doble\\\/\",\"name\":\"Escapada doble: mar y monta\u00f1a - EscapadaRural\",\"isPartOf\":{\"@id\":\"https:\\\/\\\/www.escapadarural.com\\\/blog\\\/#website\"},\"primaryImageOfPage\":{\"@id\":\"https:\\\/\\\/www.escapadarural.com\\\/blog\\\/mar-montana-escapada-doble\\\/#primaryimage\"},\"image\":{\"@id\":\"https:\\\/\\\/www.escapadarural.com\\\/blog\\\/mar-montana-escapada-doble\\\/#primaryimage\"},\"thumbnailUrl\":\"https:\\\/\\\/www.escapadarural.com\\\/blog\\\/wp-content\\\/uploads\\\/2025\\\/06\\\/llanes_picoseuropa.webp\",\"datePublished\":\"2025-06-11T12:47:37+00:00\",\"dateModified\":\"2025-06-11T12:47:38+00:00\",\"description\":\"Hay personas que lo tienen claro: el verano significa playa. Otras, sin embargo, prefieren la monta\u00f1a. Y luego est\u00e1s t\u00fa. \u00bfT\u00fa qu\u00e9 prefieres?\",\"breadcrumb\":{\"@id\":\"https:\\\/\\\/www.escapadarural.com\\\/blog\\\/mar-montana-escapada-doble\\\/#breadcrumb\"},\"inLanguage\":\"es\",\"potentialAction\":[{\"@type\":\"ReadAction\",\"target\":[\"https:\\\/\\\/www.escapadarural.com\\\/blog\\\/mar-montana-escapada-doble\\\/\"]}]},{\"@type\":\"ImageObject\",\"inLanguage\":\"es\",\"@id\":\"https:\\\/\\\/www.escapadarural.com\\\/blog\\\/mar-montana-escapada-doble\\\/#primaryimage\",\"url\":\"https:\\\/\\\/www.escapadarural.com\\\/blog\\\/wp-content\\\/uploads\\\/2025\\\/06\\\/llanes_picoseuropa.webp\",\"contentUrl\":\"https:\\\/\\\/www.escapadarural.com\\\/blog\\\/wp-content\\\/uploads\\\/2025\\\/06\\\/llanes_picoseuropa.webp\",\"width\":1024,\"height\":683,\"caption\":\"Izda: Vista a\u00e9rea de Llanes (Asturias) por jon_chica \\\/ Dcha: Lago Ercina en Covadonga, Picos de Europa (Asturias) por mrks_v\"},{\"@type\":\"BreadcrumbList\",\"@id\":\"https:\\\/\\\/www.escapadarural.com\\\/blog\\\/mar-montana-escapada-doble\\\/#breadcrumb\",\"itemListElement\":[{\"@type\":\"ListItem\",\"position\":1,\"name\":\"Inicio\",\"item\":\"https:\\\/\\\/www.escapadarural.com\\\/blog\\\/\"},{\"@type\":\"ListItem\",\"position\":2,\"name\":\"Destinos\",\"item\":\"https:\\\/\\\/www.escapadarural.com\\\/blog\\\/categoria\\\/destinos\\\/\"},{\"@type\":\"ListItem\",\"position\":3,\"name\":\"Escapada doble: mar por el d\u00eda, monta\u00f1a por la noche\"}]},{\"@type\":\"WebSite\",\"@id\":\"https:\\\/\\\/www.escapadarural.com\\\/blog\\\/#website\",\"url\":\"https:\\\/\\\/www.escapadarural.com\\\/blog\\\/\",\"name\":\"Blog de viajes | turismo rural, alojamientos e inspiraci\u00f3n\",\"description\":\"Alojamientos rurales e inspiraci\u00f3n para tus escapadas\",\"publisher\":{\"@id\":\"https:\\\/\\\/www.escapadarural.com\\\/blog\\\/#organization\"},\"alternateName\":\"Magazine de viajes de EscapadaRural\",\"potentialAction\":[{\"@type\":\"SearchAction\",\"target\":{\"@type\":\"EntryPoint\",\"urlTemplate\":\"https:\\\/\\\/www.escapadarural.com\\\/blog\\\/?s={search_term_string}\"},\"query-input\":{\"@type\":\"PropertyValueSpecification\",\"valueRequired\":true,\"valueName\":\"search_term_string\"}}],\"inLanguage\":\"es\"},{\"@type\":\"Organization\",\"@id\":\"https:\\\/\\\/www.escapadarural.com\\\/blog\\\/#organization\",\"name\":\"EscapadaRural\",\"url\":\"https:\\\/\\\/www.escapadarural.com\\\/blog\\\/\",\"logo\":{\"@type\":\"ImageObject\",\"inLanguage\":\"es\",\"@id\":\"https:\\\/\\\/www.escapadarural.com\\\/blog\\\/#\\\/schema\\\/logo\\\/image\\\/\",\"url\":\"https:\\\/\\\/www.escapadarural.com\\\/blog\\\/wp-content\\\/uploads\\\/2024\\\/10\\\/cropped-cropped-escapada-rural-icon-mag-3.png\",\"contentUrl\":\"https:\\\/\\\/www.escapadarural.com\\\/blog\\\/wp-content\\\/uploads\\\/2024\\\/10\\\/cropped-cropped-escapada-rural-icon-mag-3.png\",\"width\":512,\"height\":512,\"caption\":\"EscapadaRural\"},\"image\":{\"@id\":\"https:\\\/\\\/www.escapadarural.com\\\/blog\\\/#\\\/schema\\\/logo\\\/image\\\/\"},\"sameAs\":[\"https:\\\/\\\/www.facebook.com\\\/escapadarural\",\"https:\\\/\\\/www.instagram.com\\\/escapadarural\\\/\",\"https:\\\/\\\/www.youtube.com\\\/@escapadaruralcom\"]},{\"@type\":\"Person\",\"@id\":\"https:\\\/\\\/www.escapadarural.com\\\/blog\\\/#\\\/schema\\\/person\\\/3a79b504f208fd6cf3bb52c608e311f0\",\"name\":\"Miryam Tejada\",\"image\":{\"@type\":\"ImageObject\",\"inLanguage\":\"es\",\"@id\":\"https:\\\/\\\/www.escapadarural.com\\\/blog\\\/wp-content\\\/uploads\\\/2024\\\/12\\\/cropped-PXL_20240524_141044774.PORTRAIT.ORIGINAL-1-scaled-2-96x96.jpg\",\"url\":\"https:\\\/\\\/www.escapadarural.com\\\/blog\\\/wp-content\\\/uploads\\\/2024\\\/12\\\/cropped-PXL_20240524_141044774.PORTRAIT.ORIGINAL-1-scaled-2-96x96.jpg\",\"contentUrl\":\"https:\\\/\\\/www.escapadarural.com\\\/blog\\\/wp-content\\\/uploads\\\/2024\\\/12\\\/cropped-PXL_20240524_141044774.PORTRAIT.ORIGINAL-1-scaled-2-96x96.jpg\",\"caption\":\"Miryam Tejada\"},\"description\":\"Mi t\u00edtulo universitario dice que soy licenciada en periodismo, pero realmente soy una todoterreno a la que le pill\u00f3 la transici\u00f3n del mundo anal\u00f3gico al digital de pleno. Es decir, soy millennial, y eso lo que conlleva, seg\u00fan las habladur\u00edas, es que me dejo llevar y priorizo mi bienestar. O lo que es lo mismo, soy una apasionada de los viajes y las experiencias, del simple hecho de tomar unas cervezas entre amigas, organizar una buena comilona en la sociedad con sobremesa larga incluida o pasar las tardes en el parque con mis gemelos.\",\"url\":\"https:\\\/\\\/www.escapadarural.com\\\/blog\\\/autor\\\/miryam\\\/\"}]}<\/script>\n<!-- \/ Yoast SEO plugin. -->","yoast_head_json":{"title":"Escapada doble: mar y monta\u00f1a - EscapadaRural","description":"Hay personas que lo tienen claro: el verano significa playa. Otras, sin embargo, prefieren la monta\u00f1a. Y luego est\u00e1s t\u00fa. \u00bfT\u00fa qu\u00e9 prefieres?","robots":{"index":"index","follow":"follow","max-snippet":"max-snippet:-1","max-image-preview":"max-image-preview:large","max-video-preview":"max-video-preview:-1"},"canonical":"https:\/\/www.escapadarural.com\/blog\/mar-montana-escapada-doble\/","og_locale":"es_ES","og_type":"article","og_title":"Escapada doble: mar y monta\u00f1a - EscapadaRural","og_description":"Hay personas que lo tienen claro: el verano significa playa. Otras, sin embargo, prefieren la monta\u00f1a. Y luego est\u00e1s t\u00fa. \u00bfT\u00fa qu\u00e9 prefieres?","og_url":"https:\/\/www.escapadarural.com\/blog\/mar-montana-escapada-doble\/","og_site_name":"Magazine de viajes de EscapadaRural","article_publisher":"https:\/\/www.facebook.com\/escapadarural","article_published_time":"2025-06-11T12:47:37+00:00","article_modified_time":"2025-06-11T12:47:38+00:00","og_image":[{"width":1024,"height":683,"url":"https:\/\/www.escapadarural.com\/blog\/wp-content\/uploads\/2025\/06\/llanes_picoseuropa.webp","type":"image\/webp"}],"author":"Miryam Tejada","twitter_card":"summary_large_image","twitter_misc":{"Escrito por":"Miryam Tejada","Tiempo de lectura":"7 minutos"},"schema":{"@context":"https:\/\/schema.org","@graph":[{"@type":"Article","@id":"https:\/\/www.escapadarural.com\/blog\/mar-montana-escapada-doble\/#article","isPartOf":{"@id":"https:\/\/www.escapadarural.com\/blog\/mar-montana-escapada-doble\/"},"author":{"name":"Miryam Tejada","@id":"https:\/\/www.escapadarural.com\/blog\/#\/schema\/person\/3a79b504f208fd6cf3bb52c608e311f0"},"headline":"Escapada doble: mar por el d\u00eda, monta\u00f1a por la noche","datePublished":"2025-06-11T12:47:37+00:00","dateModified":"2025-06-11T12:47:38+00:00","mainEntityOfPage":{"@id":"https:\/\/www.escapadarural.com\/blog\/mar-montana-escapada-doble\/"},"wordCount":1380,"commentCount":0,"publisher":{"@id":"https:\/\/www.escapadarural.com\/blog\/#organization"},"image":{"@id":"https:\/\/www.escapadarural.com\/blog\/mar-montana-escapada-doble\/#primaryimage"},"thumbnailUrl":"https:\/\/www.escapadarural.com\/blog\/wp-content\/uploads\/2025\/06\/llanes_picoseuropa.webp","keywords":["Asturias","Cantabria","Castell\u00f3n","Girona","Granada","Guipuzcoa","verano"],"articleSection":["Destinos"],"inLanguage":"es","potentialAction":[{"@type":"CommentAction","name":"Comment","target":["https:\/\/www.escapadarural.com\/blog\/mar-montana-escapada-doble\/#respond"]}]},{"@type":"WebPage","@id":"https:\/\/www.escapadarural.com\/blog\/mar-montana-escapada-doble\/","url":"https:\/\/www.escapadarural.com\/blog\/mar-montana-escapada-doble\/","name":"Escapada doble: mar y monta\u00f1a - EscapadaRural","isPartOf":{"@id":"https:\/\/www.escapadarural.com\/blog\/#website"},"primaryImageOfPage":{"@id":"https:\/\/www.escapadarural.com\/blog\/mar-montana-escapada-doble\/#primaryimage"},"image":{"@id":"https:\/\/www.escapadarural.com\/blog\/mar-montana-escapada-doble\/#primaryimage"},"thumbnailUrl":"https:\/\/www.escapadarural.com\/blog\/wp-content\/uploads\/2025\/06\/llanes_picoseuropa.webp","datePublished":"2025-06-11T12:47:37+00:00","dateModified":"2025-06-11T12:47:38+00:00","description":"Hay personas que lo tienen claro: el verano significa playa. Otras, sin embargo, prefieren la monta\u00f1a. Y luego est\u00e1s t\u00fa. \u00bfT\u00fa qu\u00e9 prefieres?","breadcrumb":{"@id":"https:\/\/www.escapadarural.com\/blog\/mar-montana-escapada-doble\/#breadcrumb"},"inLanguage":"es","potentialAction":[{"@type":"ReadAction","target":["https:\/\/www.escapadarural.com\/blog\/mar-montana-escapada-doble\/"]}]},{"@type":"ImageObject","inLanguage":"es","@id":"https:\/\/www.escapadarural.com\/blog\/mar-montana-escapada-doble\/#primaryimage","url":"https:\/\/www.escapadarural.com\/blog\/wp-content\/uploads\/2025\/06\/llanes_picoseuropa.webp","contentUrl":"https:\/\/www.escapadarural.com\/blog\/wp-content\/uploads\/2025\/06\/llanes_picoseuropa.webp","width":1024,"height":683,"caption":"Izda: Vista a\u00e9rea de Llanes (Asturias) por jon_chica \/ Dcha: Lago Ercina en Covadonga, Picos de Europa (Asturias) por mrks_v"},{"@type":"BreadcrumbList","@id":"https:\/\/www.escapadarural.com\/blog\/mar-montana-escapada-doble\/#breadcrumb","itemListElement":[{"@type":"ListItem","position":1,"name":"Inicio","item":"https:\/\/www.escapadarural.com\/blog\/"},{"@type":"ListItem","position":2,"name":"Destinos","item":"https:\/\/www.escapadarural.com\/blog\/categoria\/destinos\/"},{"@type":"ListItem","position":3,"name":"Escapada doble: mar por el d\u00eda, monta\u00f1a por la noche"}]},{"@type":"WebSite","@id":"https:\/\/www.escapadarural.com\/blog\/#website","url":"https:\/\/www.escapadarural.com\/blog\/","name":"Blog de viajes | turismo rural, alojamientos e inspiraci\u00f3n","description":"Alojamientos rurales e inspiraci\u00f3n para tus escapadas","publisher":{"@id":"https:\/\/www.escapadarural.com\/blog\/#organization"},"alternateName":"Magazine de viajes de EscapadaRural","potentialAction":[{"@type":"SearchAction","target":{"@type":"EntryPoint","urlTemplate":"https:\/\/www.escapadarural.com\/blog\/?s={search_term_string}"},"query-input":{"@type":"PropertyValueSpecification","valueRequired":true,"valueName":"search_term_string"}}],"inLanguage":"es"},{"@type":"Organization","@id":"https:\/\/www.escapadarural.com\/blog\/#organization","name":"EscapadaRural","url":"https:\/\/www.escapadarural.com\/blog\/","logo":{"@type":"ImageObject","inLanguage":"es","@id":"https:\/\/www.escapadarural.com\/blog\/#\/schema\/logo\/image\/","url":"https:\/\/www.escapadarural.com\/blog\/wp-content\/uploads\/2024\/10\/cropped-cropped-escapada-rural-icon-mag-3.png","contentUrl":"https:\/\/www.escapadarural.com\/blog\/wp-content\/uploads\/2024\/10\/cropped-cropped-escapada-rural-icon-mag-3.png","width":512,"height":512,"caption":"EscapadaRural"},"image":{"@id":"https:\/\/www.escapadarural.com\/blog\/#\/schema\/logo\/image\/"},"sameAs":["https:\/\/www.facebook.com\/escapadarural","https:\/\/www.instagram.com\/escapadarural\/","https:\/\/www.youtube.com\/@escapadaruralcom"]},{"@type":"Person","@id":"https:\/\/www.escapadarural.com\/blog\/#\/schema\/person\/3a79b504f208fd6cf3bb52c608e311f0","name":"Miryam Tejada","image":{"@type":"ImageObject","inLanguage":"es","@id":"https:\/\/www.escapadarural.com\/blog\/wp-content\/uploads\/2024\/12\/cropped-PXL_20240524_141044774.PORTRAIT.ORIGINAL-1-scaled-2-96x96.jpg","url":"https:\/\/www.escapadarural.com\/blog\/wp-content\/uploads\/2024\/12\/cropped-PXL_20240524_141044774.PORTRAIT.ORIGINAL-1-scaled-2-96x96.jpg","contentUrl":"https:\/\/www.escapadarural.com\/blog\/wp-content\/uploads\/2024\/12\/cropped-PXL_20240524_141044774.PORTRAIT.ORIGINAL-1-scaled-2-96x96.jpg","caption":"Miryam Tejada"},"description":"Mi t\u00edtulo universitario dice que soy licenciada en periodismo, pero realmente soy una todoterreno a la que le pill\u00f3 la transici\u00f3n del mundo anal\u00f3gico al digital de pleno. Es decir, soy millennial, y eso lo que conlleva, seg\u00fan las habladur\u00edas, es que me dejo llevar y priorizo mi bienestar. O lo que es lo mismo, soy una apasionada de los viajes y las experiencias, del simple hecho de tomar unas cervezas entre amigas, organizar una buena comilona en la sociedad con sobremesa larga incluida o pasar las tardes en el parque con mis gemelos.","url":"https:\/\/www.escapadarural.com\/blog\/autor\/miryam\/"}]}},"_links":{"self":[{"href":"https:\/\/www.escapadarural.com\/blog\/wp-json\/wp\/v2\/posts\/202477","targetHints":{"allow":["GET"]}}],"collection":[{"href":"https:\/\/www.escapadarural.com\/blog\/wp-json\/wp\/v2\/posts"}],"about":[{"href":"https:\/\/www.escapadarural.com\/blog\/wp-json\/wp\/v2\/types\/post"}],"author":[{"embeddable":true,"href":"https:\/\/www.escapadarural.com\/blog\/wp-json\/wp\/v2\/users\/98"}],"replies":[{"embeddable":true,"href":"https:\/\/www.escapadarural.com\/blog\/wp-json\/wp\/v2\/comments?post=202477"}],"version-history":[{"count":0,"href":"https:\/\/www.escapadarural.com\/blog\/wp-json\/wp\/v2\/posts\/202477\/revisions"}],"wp:featuredmedia":[{"embeddable":true,"href":"https:\/\/www.escapadarural.com\/blog\/wp-json\/wp\/v2\/media\/202489"}],"wp:attachment":[{"href":"https:\/\/www.escapadarural.com\/blog\/wp-json\/wp\/v2\/media?parent=202477"}],"wp:term":[{"taxonomy":"category","embeddable":true,"href":"https:\/\/www.escapadarural.com\/blog\/wp-json\/wp\/v2\/categories?post=202477"},{"taxonomy":"post_tag","embeddable":true,"href":"https:\/\/www.escapadarural.com\/blog\/wp-json\/wp\/v2\/tags?post=202477"}],"curies":[{"name":"wp","href":"https:\/\/api.w.org\/{rel}","templated":true}]}}