{"id":202839,"date":"2025-07-11T08:12:00","date_gmt":"2025-07-11T06:12:00","guid":{"rendered":"https:\/\/www.escapadarural.com\/blog\/?p=202839"},"modified":"2025-07-11T08:12:04","modified_gmt":"2025-07-11T06:12:04","slug":"basaltos-fruiz-calzada-gigantes-vasca","status":"publish","type":"post","link":"https:\/\/www.escapadarural.com\/blog\/basaltos-fruiz-calzada-gigantes-vasca\/","title":{"rendered":"Parece Irlanda del Norte, pero es Espa\u00f1a: no sab\u00edamos que en Vizcaya tambi\u00e9n hay una Calzada del Gigante"},"content":{"rendered":"\n<figure class=\"wp-block-image size-full\"><img loading=\"lazy\" decoding=\"async\" width=\"1024\" height=\"458\" src=\"https:\/\/www.escapadarural.com\/blog\/wp-content\/uploads\/2025\/07\/fruiz.webp\" alt=\"Los basaltos de Fruiz. Cedida por Turismo Bizkaia\" class=\"wp-image-203742\" srcset=\"https:\/\/www.escapadarural.com\/blog\/wp-content\/uploads\/2025\/07\/fruiz-200x89.webp 200w, https:\/\/www.escapadarural.com\/blog\/wp-content\/uploads\/2025\/07\/fruiz-300x134.webp 300w, https:\/\/www.escapadarural.com\/blog\/wp-content\/uploads\/2025\/07\/fruiz-400x179.webp 400w, https:\/\/www.escapadarural.com\/blog\/wp-content\/uploads\/2025\/07\/fruiz-600x268.webp 600w, https:\/\/www.escapadarural.com\/blog\/wp-content\/uploads\/2025\/07\/fruiz-768x344.webp 768w, https:\/\/www.escapadarural.com\/blog\/wp-content\/uploads\/2025\/07\/fruiz-800x358.webp 800w, https:\/\/www.escapadarural.com\/blog\/wp-content\/uploads\/2025\/07\/fruiz.webp 1024w\" sizes=\"auto, (max-width: 1024px) 100vw, 1024px\" \/><figcaption class=\"wp-element-caption\">Los basaltos de Fruiz. Cedida por Turismo Bizkaia<\/figcaption><\/figure>\n\n\n\n<p>La Calzada del Gigante es uno de los atractivos tur\u00edsticos m\u00e1s sorprendentes de Irlanda del Norte. Es un promontorio junto al mar con unas <strong>40.000 columnas hexagonales de basalto de origen volc\u00e1nico<\/strong>. Tienen formas tan regulares que parecen piedras talladas a mano. De hecho, adquiere ese nombre porque, seg\u00fan la leyenda, el camino lo construy\u00f3 un gigante. <\/p>\n\n\n\n<p>\u00bfSab\u00edas que en Euskadi existe algo parecido? Salvando las distancias (y las dimensiones), el peque\u00f1o municipio de Fruiz, en Vizcaya, cuenta con unas <strong>formaciones geol\u00f3gicas peculiares<\/strong> que nos recuerdan mucho a las irlandesas.<\/p>\n\n\n\n<div class=\"wp-block-buttons is-layout-flex wp-block-buttons-is-layout-flex\">\n<div class=\"wp-block-button\"><a class=\"wp-block-button__link wp-element-button\" href=\"\/casas-rurales\/vizcaya\">Alojamientos rurales en Vizcaya<\/a><\/div>\n<\/div>\n\n\n\n<h2 class=\"wp-block-heading\" id=\"h-los-basaltos-de-fruiz\">Los basaltos de Fruiz<\/h2>\n\n\n\n<p>Nos referimos a los <strong>basaltos de Fruiz, un destino de inter\u00e9s geol\u00f3gico con su historia<\/strong>. La explicaci\u00f3n de estas curiosas formas que tiene la roca la encontramos hace 80 millones de a\u00f1os. Entonces, el fondo del mar comenz\u00f3 a fracturarse y, por sus grietas, ascendi\u00f3 el magma. Se enfri\u00f3 enseguida, sin llegar a desbordarse, fragment\u00e1ndose y formando estas columnas de basalto.<\/p>\n\n\n\n<figure class=\"wp-block-image size-full\"><img loading=\"lazy\" decoding=\"async\" width=\"1024\" height=\"683\" src=\"https:\/\/www.escapadarural.com\/blog\/wp-content\/uploads\/2025\/06\/lig-16-basaltos-fruiz-1.webp\" alt=\"Basaltos de Fruiz. Cedida por Turismo Bizkaia\" class=\"wp-image-203741\" srcset=\"https:\/\/www.escapadarural.com\/blog\/wp-content\/uploads\/2025\/06\/lig-16-basaltos-fruiz-1-200x133.webp 200w, https:\/\/www.escapadarural.com\/blog\/wp-content\/uploads\/2025\/06\/lig-16-basaltos-fruiz-1-300x200.webp 300w, https:\/\/www.escapadarural.com\/blog\/wp-content\/uploads\/2025\/06\/lig-16-basaltos-fruiz-1-400x267.webp 400w, https:\/\/www.escapadarural.com\/blog\/wp-content\/uploads\/2025\/06\/lig-16-basaltos-fruiz-1-600x400.webp 600w, https:\/\/www.escapadarural.com\/blog\/wp-content\/uploads\/2025\/06\/lig-16-basaltos-fruiz-1-768x512.webp 768w, https:\/\/www.escapadarural.com\/blog\/wp-content\/uploads\/2025\/06\/lig-16-basaltos-fruiz-1-800x534.webp 800w, https:\/\/www.escapadarural.com\/blog\/wp-content\/uploads\/2025\/06\/lig-16-basaltos-fruiz-1.webp 1024w\" sizes=\"auto, (max-width: 1024px) 100vw, 1024px\" \/><figcaption class=\"wp-element-caption\">Basaltos de Fruiz. Cedida por Turismo Bizkaia<\/figcaption><\/figure>\n\n\n\n<p>Como sus hermanas mayores irlandesas, estas rocas del interior de Vizcaya presentan formas pentagonales, hexagonales y heptagonales casi perfectas. Son prismas con longitudes variables, entre los 2 y los 35 metros con lados que miden entre 30 y 60 cent\u00edmetros de largo, muestras de vulcanismo del Cret\u00e1cico superior. Hoy, forman parte del inventario de Lugares de Inter\u00e9s Geol\u00f3gico (LIG) del Pa\u00eds Vasco, donde se destaca que <strong>\u201cson el mejor ejemplo de lavas tabulares con disyunci\u00f3n columnar existente en la cuenca vasco-cant\u00e1brica\u201d<\/strong>.<\/p>\n\n\n\n<h2 class=\"wp-block-heading\" id=\"h-las-rocas-se-explotaron-en-una-cantera\"><strong>Las rocas se explotaron en una cantera<\/strong><\/h2>\n\n\n\n<p>Si la Calzada del Gigante de Irlanda del Norte se explota de alguna manera, es con el turismo. Casi 700.000 personas se acercan cada a\u00f1o a este rinc\u00f3n costero. Las rocas bas\u00e1lticas de Fruiz, en cambio, se han aprovechado como <strong>explotaci\u00f3n dedicada a la producci\u00f3n de \u00e1ridos<\/strong>, que generalmente se destinaban a la industria y a la construcci\u00f3n. Nos referimos a esta actividad en pasado porque la cantera en la que se encuentran ya cerr\u00f3. En la actualidad est\u00e1 abandonada.<\/p>\n\n\n\n<p>Hoy, <strong>esta curiosidad geol\u00f3gica no es muy conocida por el p\u00fablico general<\/strong>, aunque s\u00ed es bastante visitada por investigadores de diferentes universidades del mundo debido a su inter\u00e9s cient\u00edfico. <\/p>\n\n\n\n<script type=\"didomi\/html\" data-vendor=\"youtube\"><div class=\"er-container\">\n                            <iframe class=\"responsive-iframe\" src=\"https:\/\/www.youtube.com\/embed\/pBJmEAsELPU\"><\/iframe>\n                          <\/div>\n                          <style>\n                          .er-container {\n                            position: relative;\n                            overflow: hidden;\n                            width: 100%;\n                            padding-top: 56.25%; \/* 16:9 Aspect Ratio (divide 9 by 16 = 0.5625) *\/\n                          }\n\n                          .er-container iframe {\n                            position: absolute;\n                            top: 0;\n                            left: 0;\n                            bottom: 0;\n                            right: 0;\n                            width: 100%;\n                            height: 100%;\n                          }\n                          <\/style><\/script>\n\n\n\n<h2 class=\"wp-block-heading\" id=\"h-como-llegar-a-los-basaltos-de-fruiz\">C\u00f3mo llegar a los basaltos de Fruiz<\/h2>\n\n\n\n<p>Los basaltos est\u00e1n en la cantera de Aldai, a la que es f\u00e1cil llegar. Hay que aclarar que el recinto es de propiedad privada y el acceso est\u00e1 restringido al p\u00fablico, aunque <strong>se pueden contemplar las formas de los basaltos desde fuera<\/strong>. Est\u00e1 en el kil\u00f3metro 5 de la carretera Mungia-Gernika, a unos 700 metros al noroeste de Fruiz. Se puede ir caminando, sin p\u00e9rdida, desde el mismo pueblo.<\/p>\n\n\n\n<p>De hecho, lo m\u00e1s recomendable es ir a pie, ya que en la antigua cantera <strong>no hay espacio para aparcar<\/strong>. En su interior, el basalto no est\u00e1 se\u00f1alizado y apenas hay una construcci\u00f3n que recuerda la actividad extractiva que hubo en el lugar. <\/p>\n\n\n\n<h2 class=\"wp-block-heading\" id=\"h-rocas-volcanicas-que-no-nacieron-en-un-volcan\"><strong>Rocas volc\u00e1nicas que no nacieron en un volc\u00e1n<\/strong><\/h2>\n\n\n\n<figure class=\"wp-block-image size-full\"><img decoding=\"async\" src=\"https:\/\/www.escapadarural.com\/blog\/wp-content\/uploads\/2025\/01\/Flysch.webp\" alt=\"Flysch\" class=\"wp-image-203776\"\/><figcaption class=\"wp-element-caption\">Flysch en la costa vasca. Por David<\/figcaption><\/figure>\n\n\n\n<p>El flysch es una <strong>maravilla geol\u00f3gica que se puede contemplar en la costa<\/strong>. Son sedimentos que se fueron depositando lentamente durante millones de a\u00f1os, formando diferentes capas. Otros dep\u00f3sitos se almacenaron como consecuencia de grandes avalanchas submarinas originadas, por ejemplo, por la apertura del golfo de Vizcaya. Despu\u00e9s afloraron en la llamada \u201cgran colisi\u00f3n\u201d, cuando la peque\u00f1a placa ib\u00e9rica choc\u00f3 contra la gran placa europea. La costa vasca es un buen exponente de ello, con <a href=\"\/blog\/flysch-los-acantilados-que-recogen-la-historia-de-la-tierra\" target=\"_blank\" rel=\"noreferrer noopener\">m\u00faltiples acantilados que explican la historia de la Tierra<\/a>.<\/p>\n\n\n\n<p>Entre todas las curiosidades geol\u00f3gicas del lugar, vamos a centrarnos en las <strong>rocas \u00edgneas que hay en el flysch de Vizcaya<\/strong>. Nos referimos a las que se forman cuando el magma se enfr\u00eda y se solidifica. Es decir, rocas volc\u00e1nicas que no proceden de un volc\u00e1n, sino del interior de la Tierra. Un ejemplo son los <strong>basaltos de Fruiz de la cantera de Aldai<\/strong>, pero hay m\u00e1s.<\/p>\n\n\n\n<h2 class=\"wp-block-heading\" id=\"h-otras-rocas-igneas-que-ver-en-el-flysch-de-vizcaya\"><strong>Otras rocas \u00edgneas que ver en el flysch de Vizcaya<\/strong><\/h2>\n\n\n\n<figure class=\"wp-block-image size-full\"><img loading=\"lazy\" decoding=\"async\" width=\"1024\" height=\"683\" src=\"https:\/\/www.escapadarural.com\/blog\/wp-content\/uploads\/2025\/06\/AdobeStock_1533844376.webp\" alt=\"La playa de Bakio. Por Mazur Travel\" class=\"wp-image-202841\" srcset=\"https:\/\/www.escapadarural.com\/blog\/wp-content\/uploads\/2025\/06\/AdobeStock_1533844376-200x133.webp 200w, https:\/\/www.escapadarural.com\/blog\/wp-content\/uploads\/2025\/06\/AdobeStock_1533844376-300x200.webp 300w, https:\/\/www.escapadarural.com\/blog\/wp-content\/uploads\/2025\/06\/AdobeStock_1533844376-400x267.webp 400w, https:\/\/www.escapadarural.com\/blog\/wp-content\/uploads\/2025\/06\/AdobeStock_1533844376-600x400.webp 600w, https:\/\/www.escapadarural.com\/blog\/wp-content\/uploads\/2025\/06\/AdobeStock_1533844376-768x512.webp 768w, https:\/\/www.escapadarural.com\/blog\/wp-content\/uploads\/2025\/06\/AdobeStock_1533844376-800x534.webp 800w, https:\/\/www.escapadarural.com\/blog\/wp-content\/uploads\/2025\/06\/AdobeStock_1533844376.webp 1024w\" sizes=\"auto, (max-width: 1024px) 100vw, 1024px\" \/><figcaption class=\"wp-element-caption\">La playa de Bakio, en la costa vasca. Por Mazur Travel<\/figcaption><\/figure>\n\n\n\n<p>En la playa de Bakio se pueden ver unos materiales muy curiosos. Hay arcillas rojas bajo el acantilado y unas rocas volc\u00e1nicas de color verde (t\u00e9cnicamente se conocen como \u201cofitas\u201d) que emergen como islotes aislados en el arenal. Para encontrar su origen hay que viajar mucho en el tiempo, al final del Tri\u00e1sico, hace unos 200 millones de a\u00f1os. Es el momento en el que <strong>el supercontinente Pangea se estaba fracturando<\/strong>.<\/p>\n\n\n\n<div class=\"wp-block-buttons is-layout-flex wp-block-buttons-is-layout-flex\">\n<div class=\"wp-block-button\"><a class=\"wp-block-button__link wp-element-button\" href=\"\/casas-rurales\/bakio\" target=\"_blank\" rel=\"noreferrer noopener\">Alojamientos rurales cerca de Bakio<\/a><\/div>\n<\/div>\n\n\n\n<p>La separaci\u00f3n de las placas tect\u00f3nicas form\u00f3 lagunas costeras y mares poco profundos con una alta evaporaci\u00f3n debido al calor procedente del interior de la Tierra. De ah\u00ed salieron las arcillas rojas (o rocas evapor\u00edticas) y, despu\u00e9s, las ofitas, que sobresalen hoy en la playa. Son m\u00e1s resistentes a la erosi\u00f3n y <strong>dejan un paisaje muy salvaje, en sinton\u00eda con las monta\u00f1as verdes que envuelven Bakio<\/strong>. Hoy, este lugar acoge importantes eventos de surf y se puede disfrutar de las panor\u00e1micas de su paseo mar\u00edtimo costero, de 1,2 kil\u00f3metros, que llega hasta el puerto.<\/p>\n\n\n\n<p>Otro ejemplo de rocas volc\u00e1nicas en el flysch de Vizcaya se ve claramente en las \u201cpillow lavas\u201d (o \u201clavas almohadillas\u201d) de la playa de Me\u00f1akoz, ubicada entre Sopela y Barrika. Los sobrecogedores acantilados que rodean la zona de ba\u00f1o de esta playa nudista, de 400 metros con poca arena y mucha piedra, exhiben un afloramiento excepcional de <strong>lavas submarinas <\/strong>en su lado occidental.<\/p>\n\n\n\n<figure class=\"wp-block-image size-large\"><img loading=\"lazy\" decoding=\"async\" width=\"1024\" height=\"683\" src=\"https:\/\/www.escapadarural.com\/blog\/wp-content\/uploads\/2025\/06\/AdobeStock_366243638-1024x683.webp\" alt=\"La playa de Me\u00f1akoz, en la costa vasca, entre Sopela y Barrika. Por urdialex\" class=\"wp-image-202842\" srcset=\"https:\/\/www.escapadarural.com\/blog\/wp-content\/uploads\/2025\/06\/AdobeStock_366243638-200x133.webp 200w, https:\/\/www.escapadarural.com\/blog\/wp-content\/uploads\/2025\/06\/AdobeStock_366243638-300x200.webp 300w, https:\/\/www.escapadarural.com\/blog\/wp-content\/uploads\/2025\/06\/AdobeStock_366243638-400x267.webp 400w, https:\/\/www.escapadarural.com\/blog\/wp-content\/uploads\/2025\/06\/AdobeStock_366243638-600x400.webp 600w, https:\/\/www.escapadarural.com\/blog\/wp-content\/uploads\/2025\/06\/AdobeStock_366243638-768x512.webp 768w, https:\/\/www.escapadarural.com\/blog\/wp-content\/uploads\/2025\/06\/AdobeStock_366243638-800x533.webp 800w, https:\/\/www.escapadarural.com\/blog\/wp-content\/uploads\/2025\/06\/AdobeStock_366243638-1024x683.webp 1024w, https:\/\/www.escapadarural.com\/blog\/wp-content\/uploads\/2025\/06\/AdobeStock_366243638-1200x800.webp 1200w, https:\/\/www.escapadarural.com\/blog\/wp-content\/uploads\/2025\/06\/AdobeStock_366243638-1536x1024.webp 1536w\" sizes=\"auto, (max-width: 1024px) 100vw, 1024px\" \/><figcaption class=\"wp-element-caption\">La playa de Me\u00f1akoz, en la costa vasca, entre Sopela y Barrika. Por urdialex<\/figcaption><\/figure>\n\n\n\n<p>Forman parte de una de las coladas m\u00e1s representativas del vulcanismo del Cret\u00e1cico superior (hace 90 millones de a\u00f1os) en la cuenca vasco-cant\u00e1brica. Las \u201cpillow lavas\u201d se forman cuando <strong>la lava entra en contacto con el agua del mar y se enfr\u00eda bruscamente<\/strong>. Primero por los bordes, y despu\u00e9s por el centro, provocando fracturas en su estructura interna. Las de la playa de Me\u00f1akoz est\u00e1n en posici\u00f3n invertida, es decir, con la base hacia arriba.<\/p>\n\n\n\n<p>Hoy, esta cala es muy <strong>frecuentada por los surfistas expertos<\/strong>, pues las rocas acent\u00faan su peligrosidad. Quienes no est\u00e9n preparados, siempre pueden disfrutar de un paseo m\u00e1s tranquilo y espectacular. La <a href=\"https:\/\/es.wikiloc.com\/rutas-senderismo\/paseo-desde-sopelana-hasta-barrika-por-la-costa-5253493\" target=\"_blank\" rel=\"noreferrer noopener nofollow\">ruta circular por los acantilados de Sopela a Barrika<\/a> es sencilla, apta para familias. Tiene 11 kil\u00f3metros y 200 metros de desnivel.<\/p>\n","protected":false},"excerpt":{"rendered":"<p>En el peque\u00f1o pueblo de Fruiz, en el interior de Vizcaya, existen unas formaciones geol\u00f3gicas que recuerdan mucho a las de Irlanda<\/p>\n","protected":false},"author":123,"featured_media":203741,"comment_status":"open","ping_status":"open","sticky":false,"template":"","format":"standard","meta":{"_acf_changed":false,"om_disable_all_campaigns":false,"footnotes":""},"categories":[191],"tags":[2386,413,2451,280,450,6088,737],"class_list":["post-202839","post","type-post","status-publish","format-standard","has-post-thumbnail","hentry","category-destinos","tag-ciencia","tag-costa-vasca","tag-flysch","tag-geologia","tag-que-ver-en-pais-vasco","tag-rutas","tag-que-ver-en-vizcaya"],"acf":[],"featured_image_src":"https:\/\/www.escapadarural.com\/blog\/wp-content\/uploads\/2025\/06\/lig-16-basaltos-fruiz-1.webp","author_info":{"display_name":"Raquel Andr\u00e9s","author_link":"https:\/\/www.escapadarural.com\/blog\/autor\/raquel\/"},"yoast_head":"<!-- This site is optimized with the Yoast SEO plugin v27.5 - https:\/\/yoast.com\/product\/yoast-seo-wordpress\/ -->\n<title>Parece Irlanda del Norte, pero es Espa\u00f1a: no sab\u00edamos que en Vizcaya tambi\u00e9n hay una Calzada del Gigante - EscapadaRural<\/title>\n<meta name=\"description\" content=\"En el peque\u00f1o pueblo de Fruiz, en el interior de Vizcaya, existen unas formaciones geol\u00f3gicas que recuerdan mucho a las de Irlanda\" \/>\n<meta name=\"robots\" content=\"index, follow, max-snippet:-1, max-image-preview:large, max-video-preview:-1\" \/>\n<link rel=\"canonical\" href=\"https:\/\/www.escapadarural.com\/blog\/basaltos-fruiz-calzada-gigantes-vasca\/\" \/>\n<meta property=\"og:locale\" content=\"es_ES\" \/>\n<meta property=\"og:type\" content=\"article\" \/>\n<meta property=\"og:title\" content=\"Parece Irlanda del Norte, pero es Espa\u00f1a: no sab\u00edamos que en Vizcaya tambi\u00e9n hay una Calzada del Gigante - EscapadaRural\" \/>\n<meta property=\"og:description\" content=\"En el peque\u00f1o pueblo de Fruiz, en el interior de Vizcaya, existen unas formaciones geol\u00f3gicas que recuerdan mucho a las de Irlanda\" \/>\n<meta property=\"og:url\" content=\"https:\/\/www.escapadarural.com\/blog\/basaltos-fruiz-calzada-gigantes-vasca\/\" \/>\n<meta property=\"og:site_name\" content=\"Magazine de viajes de EscapadaRural\" \/>\n<meta property=\"article:publisher\" content=\"https:\/\/www.facebook.com\/escapadarural\" \/>\n<meta property=\"article:published_time\" content=\"2025-07-11T06:12:00+00:00\" \/>\n<meta property=\"article:modified_time\" content=\"2025-07-11T06:12:04+00:00\" \/>\n<meta property=\"og:image\" content=\"https:\/\/www.escapadarural.com\/blog\/wp-content\/uploads\/2025\/06\/lig-16-basaltos-fruiz-1.webp?v=1752214325\" \/>\n\t<meta property=\"og:image:width\" content=\"1024\" \/>\n\t<meta property=\"og:image:height\" content=\"683\" \/>\n\t<meta property=\"og:image:type\" content=\"image\/webp\" \/>\n<meta name=\"author\" content=\"Raquel Andr\u00e9s\" \/>\n<meta name=\"twitter:card\" content=\"summary_large_image\" \/>\n<meta name=\"twitter:label1\" content=\"Escrito por\" \/>\n\t<meta name=\"twitter:data1\" content=\"Raquel Andr\u00e9s\" \/>\n\t<meta name=\"twitter:label2\" content=\"Tiempo de lectura\" \/>\n\t<meta name=\"twitter:data2\" content=\"6 minutos\" \/>\n<script type=\"application\/ld+json\" class=\"yoast-schema-graph\">{\"@context\":\"https:\\\/\\\/schema.org\",\"@graph\":[{\"@type\":\"Article\",\"@id\":\"https:\\\/\\\/www.escapadarural.com\\\/blog\\\/basaltos-fruiz-calzada-gigantes-vasca\\\/#article\",\"isPartOf\":{\"@id\":\"https:\\\/\\\/www.escapadarural.com\\\/blog\\\/basaltos-fruiz-calzada-gigantes-vasca\\\/\"},\"author\":{\"name\":\"Raquel Andr\u00e9s\",\"@id\":\"https:\\\/\\\/www.escapadarural.com\\\/blog\\\/#\\\/schema\\\/person\\\/67be061eb00d8315fa8642e01b88c894\"},\"headline\":\"Parece Irlanda del Norte, pero es Espa\u00f1a: no sab\u00edamos que en Vizcaya tambi\u00e9n hay una Calzada del Gigante\",\"datePublished\":\"2025-07-11T06:12:00+00:00\",\"dateModified\":\"2025-07-11T06:12:04+00:00\",\"mainEntityOfPage\":{\"@id\":\"https:\\\/\\\/www.escapadarural.com\\\/blog\\\/basaltos-fruiz-calzada-gigantes-vasca\\\/\"},\"wordCount\":1144,\"commentCount\":0,\"publisher\":{\"@id\":\"https:\\\/\\\/www.escapadarural.com\\\/blog\\\/#organization\"},\"image\":{\"@id\":\"https:\\\/\\\/www.escapadarural.com\\\/blog\\\/basaltos-fruiz-calzada-gigantes-vasca\\\/#primaryimage\"},\"thumbnailUrl\":\"https:\\\/\\\/www.escapadarural.com\\\/blog\\\/wp-content\\\/uploads\\\/2025\\\/06\\\/lig-16-basaltos-fruiz-1.webp\",\"keywords\":[\"ciencia\",\"Costa Vasca\",\"Flysch\",\"Geolog\u00eda\",\"Pa\u00eds Vasco\",\"Rutas\",\"Vizcaya\"],\"articleSection\":[\"Destinos\"],\"inLanguage\":\"es\",\"potentialAction\":[{\"@type\":\"CommentAction\",\"name\":\"Comment\",\"target\":[\"https:\\\/\\\/www.escapadarural.com\\\/blog\\\/basaltos-fruiz-calzada-gigantes-vasca\\\/#respond\"]}]},{\"@type\":\"WebPage\",\"@id\":\"https:\\\/\\\/www.escapadarural.com\\\/blog\\\/basaltos-fruiz-calzada-gigantes-vasca\\\/\",\"url\":\"https:\\\/\\\/www.escapadarural.com\\\/blog\\\/basaltos-fruiz-calzada-gigantes-vasca\\\/\",\"name\":\"Parece Irlanda del Norte, pero es Espa\u00f1a: no sab\u00edamos que en Vizcaya tambi\u00e9n hay una Calzada del Gigante - EscapadaRural\",\"isPartOf\":{\"@id\":\"https:\\\/\\\/www.escapadarural.com\\\/blog\\\/#website\"},\"primaryImageOfPage\":{\"@id\":\"https:\\\/\\\/www.escapadarural.com\\\/blog\\\/basaltos-fruiz-calzada-gigantes-vasca\\\/#primaryimage\"},\"image\":{\"@id\":\"https:\\\/\\\/www.escapadarural.com\\\/blog\\\/basaltos-fruiz-calzada-gigantes-vasca\\\/#primaryimage\"},\"thumbnailUrl\":\"https:\\\/\\\/www.escapadarural.com\\\/blog\\\/wp-content\\\/uploads\\\/2025\\\/06\\\/lig-16-basaltos-fruiz-1.webp\",\"datePublished\":\"2025-07-11T06:12:00+00:00\",\"dateModified\":\"2025-07-11T06:12:04+00:00\",\"description\":\"En el peque\u00f1o pueblo de Fruiz, en el interior de Vizcaya, existen unas formaciones geol\u00f3gicas que recuerdan mucho a las de Irlanda\",\"breadcrumb\":{\"@id\":\"https:\\\/\\\/www.escapadarural.com\\\/blog\\\/basaltos-fruiz-calzada-gigantes-vasca\\\/#breadcrumb\"},\"inLanguage\":\"es\",\"potentialAction\":[{\"@type\":\"ReadAction\",\"target\":[\"https:\\\/\\\/www.escapadarural.com\\\/blog\\\/basaltos-fruiz-calzada-gigantes-vasca\\\/\"]}]},{\"@type\":\"ImageObject\",\"inLanguage\":\"es\",\"@id\":\"https:\\\/\\\/www.escapadarural.com\\\/blog\\\/basaltos-fruiz-calzada-gigantes-vasca\\\/#primaryimage\",\"url\":\"https:\\\/\\\/www.escapadarural.com\\\/blog\\\/wp-content\\\/uploads\\\/2025\\\/06\\\/lig-16-basaltos-fruiz-1.webp\",\"contentUrl\":\"https:\\\/\\\/www.escapadarural.com\\\/blog\\\/wp-content\\\/uploads\\\/2025\\\/06\\\/lig-16-basaltos-fruiz-1.webp\",\"width\":1024,\"height\":683,\"caption\":\"Basaltos de Fruiz. Cedida por Turismo Bizkaia\"},{\"@type\":\"BreadcrumbList\",\"@id\":\"https:\\\/\\\/www.escapadarural.com\\\/blog\\\/basaltos-fruiz-calzada-gigantes-vasca\\\/#breadcrumb\",\"itemListElement\":[{\"@type\":\"ListItem\",\"position\":1,\"name\":\"Inicio\",\"item\":\"https:\\\/\\\/www.escapadarural.com\\\/blog\\\/\"},{\"@type\":\"ListItem\",\"position\":2,\"name\":\"Destinos\",\"item\":\"https:\\\/\\\/www.escapadarural.com\\\/blog\\\/categoria\\\/destinos\\\/\"},{\"@type\":\"ListItem\",\"position\":3,\"name\":\"Parece Irlanda del Norte, pero es Espa\u00f1a: no sab\u00edamos que en Vizcaya tambi\u00e9n hay una Calzada del Gigante\"}]},{\"@type\":\"WebSite\",\"@id\":\"https:\\\/\\\/www.escapadarural.com\\\/blog\\\/#website\",\"url\":\"https:\\\/\\\/www.escapadarural.com\\\/blog\\\/\",\"name\":\"Blog de viajes | turismo rural, alojamientos e inspiraci\u00f3n\",\"description\":\"Alojamientos rurales e inspiraci\u00f3n para tus escapadas\",\"publisher\":{\"@id\":\"https:\\\/\\\/www.escapadarural.com\\\/blog\\\/#organization\"},\"alternateName\":\"Magazine de viajes de EscapadaRural\",\"potentialAction\":[{\"@type\":\"SearchAction\",\"target\":{\"@type\":\"EntryPoint\",\"urlTemplate\":\"https:\\\/\\\/www.escapadarural.com\\\/blog\\\/?s={search_term_string}\"},\"query-input\":{\"@type\":\"PropertyValueSpecification\",\"valueRequired\":true,\"valueName\":\"search_term_string\"}}],\"inLanguage\":\"es\"},{\"@type\":\"Organization\",\"@id\":\"https:\\\/\\\/www.escapadarural.com\\\/blog\\\/#organization\",\"name\":\"EscapadaRural\",\"url\":\"https:\\\/\\\/www.escapadarural.com\\\/blog\\\/\",\"logo\":{\"@type\":\"ImageObject\",\"inLanguage\":\"es\",\"@id\":\"https:\\\/\\\/www.escapadarural.com\\\/blog\\\/#\\\/schema\\\/logo\\\/image\\\/\",\"url\":\"https:\\\/\\\/www.escapadarural.com\\\/blog\\\/wp-content\\\/uploads\\\/2024\\\/10\\\/cropped-cropped-escapada-rural-icon-mag-3.png\",\"contentUrl\":\"https:\\\/\\\/www.escapadarural.com\\\/blog\\\/wp-content\\\/uploads\\\/2024\\\/10\\\/cropped-cropped-escapada-rural-icon-mag-3.png\",\"width\":512,\"height\":512,\"caption\":\"EscapadaRural\"},\"image\":{\"@id\":\"https:\\\/\\\/www.escapadarural.com\\\/blog\\\/#\\\/schema\\\/logo\\\/image\\\/\"},\"sameAs\":[\"https:\\\/\\\/www.facebook.com\\\/escapadarural\",\"https:\\\/\\\/www.instagram.com\\\/escapadarural\\\/\",\"https:\\\/\\\/www.youtube.com\\\/@escapadaruralcom\"]},{\"@type\":\"Person\",\"@id\":\"https:\\\/\\\/www.escapadarural.com\\\/blog\\\/#\\\/schema\\\/person\\\/67be061eb00d8315fa8642e01b88c894\",\"name\":\"Raquel Andr\u00e9s\",\"image\":{\"@type\":\"ImageObject\",\"inLanguage\":\"es\",\"@id\":\"https:\\\/\\\/secure.gravatar.com\\\/avatar\\\/b45840531462f3cafb335a9fc5c0bfda2c07c3df4b82b304b923526b85cc6cb5?s=96&d=mm&r=g\",\"url\":\"https:\\\/\\\/secure.gravatar.com\\\/avatar\\\/b45840531462f3cafb335a9fc5c0bfda2c07c3df4b82b304b923526b85cc6cb5?s=96&d=mm&r=g\",\"contentUrl\":\"https:\\\/\\\/secure.gravatar.com\\\/avatar\\\/b45840531462f3cafb335a9fc5c0bfda2c07c3df4b82b304b923526b85cc6cb5?s=96&d=mm&r=g\",\"caption\":\"Raquel Andr\u00e9s\"},\"description\":\"Periodista y aventurera. Me has podido leer en Escapada Rural, Diari Nosaltres La Veu, La Vanguardia, El Salto y otros medios. Habitante y amante de las zonas rurales, sea cual sea el destino. Procuro escaparme una vez por semana con las botas de monta\u00f1a, el arn\u00e9s o el neopreno. Tambi\u00e9n soy un intento de baserritarra.\",\"url\":\"https:\\\/\\\/www.escapadarural.com\\\/blog\\\/autor\\\/raquel\\\/\"}]}<\/script>\n<!-- \/ Yoast SEO plugin. -->","yoast_head_json":{"title":"Parece Irlanda del Norte, pero es Espa\u00f1a: no sab\u00edamos que en Vizcaya tambi\u00e9n hay una Calzada del Gigante - EscapadaRural","description":"En el peque\u00f1o pueblo de Fruiz, en el interior de Vizcaya, existen unas formaciones geol\u00f3gicas que recuerdan mucho a las de Irlanda","robots":{"index":"index","follow":"follow","max-snippet":"max-snippet:-1","max-image-preview":"max-image-preview:large","max-video-preview":"max-video-preview:-1"},"canonical":"https:\/\/www.escapadarural.com\/blog\/basaltos-fruiz-calzada-gigantes-vasca\/","og_locale":"es_ES","og_type":"article","og_title":"Parece Irlanda del Norte, pero es Espa\u00f1a: no sab\u00edamos que en Vizcaya tambi\u00e9n hay una Calzada del Gigante - EscapadaRural","og_description":"En el peque\u00f1o pueblo de Fruiz, en el interior de Vizcaya, existen unas formaciones geol\u00f3gicas que recuerdan mucho a las de Irlanda","og_url":"https:\/\/www.escapadarural.com\/blog\/basaltos-fruiz-calzada-gigantes-vasca\/","og_site_name":"Magazine de viajes de EscapadaRural","article_publisher":"https:\/\/www.facebook.com\/escapadarural","article_published_time":"2025-07-11T06:12:00+00:00","article_modified_time":"2025-07-11T06:12:04+00:00","og_image":[{"width":1024,"height":683,"url":"https:\/\/www.escapadarural.com\/blog\/wp-content\/uploads\/2025\/06\/lig-16-basaltos-fruiz-1.webp?v=1752214325","type":"image\/webp"}],"author":"Raquel Andr\u00e9s","twitter_card":"summary_large_image","twitter_misc":{"Escrito por":"Raquel Andr\u00e9s","Tiempo de lectura":"6 minutos"},"schema":{"@context":"https:\/\/schema.org","@graph":[{"@type":"Article","@id":"https:\/\/www.escapadarural.com\/blog\/basaltos-fruiz-calzada-gigantes-vasca\/#article","isPartOf":{"@id":"https:\/\/www.escapadarural.com\/blog\/basaltos-fruiz-calzada-gigantes-vasca\/"},"author":{"name":"Raquel Andr\u00e9s","@id":"https:\/\/www.escapadarural.com\/blog\/#\/schema\/person\/67be061eb00d8315fa8642e01b88c894"},"headline":"Parece Irlanda del Norte, pero es Espa\u00f1a: no sab\u00edamos que en Vizcaya tambi\u00e9n hay una Calzada del Gigante","datePublished":"2025-07-11T06:12:00+00:00","dateModified":"2025-07-11T06:12:04+00:00","mainEntityOfPage":{"@id":"https:\/\/www.escapadarural.com\/blog\/basaltos-fruiz-calzada-gigantes-vasca\/"},"wordCount":1144,"commentCount":0,"publisher":{"@id":"https:\/\/www.escapadarural.com\/blog\/#organization"},"image":{"@id":"https:\/\/www.escapadarural.com\/blog\/basaltos-fruiz-calzada-gigantes-vasca\/#primaryimage"},"thumbnailUrl":"https:\/\/www.escapadarural.com\/blog\/wp-content\/uploads\/2025\/06\/lig-16-basaltos-fruiz-1.webp","keywords":["ciencia","Costa Vasca","Flysch","Geolog\u00eda","Pa\u00eds Vasco","Rutas","Vizcaya"],"articleSection":["Destinos"],"inLanguage":"es","potentialAction":[{"@type":"CommentAction","name":"Comment","target":["https:\/\/www.escapadarural.com\/blog\/basaltos-fruiz-calzada-gigantes-vasca\/#respond"]}]},{"@type":"WebPage","@id":"https:\/\/www.escapadarural.com\/blog\/basaltos-fruiz-calzada-gigantes-vasca\/","url":"https:\/\/www.escapadarural.com\/blog\/basaltos-fruiz-calzada-gigantes-vasca\/","name":"Parece Irlanda del Norte, pero es Espa\u00f1a: no sab\u00edamos que en Vizcaya tambi\u00e9n hay una Calzada del Gigante - EscapadaRural","isPartOf":{"@id":"https:\/\/www.escapadarural.com\/blog\/#website"},"primaryImageOfPage":{"@id":"https:\/\/www.escapadarural.com\/blog\/basaltos-fruiz-calzada-gigantes-vasca\/#primaryimage"},"image":{"@id":"https:\/\/www.escapadarural.com\/blog\/basaltos-fruiz-calzada-gigantes-vasca\/#primaryimage"},"thumbnailUrl":"https:\/\/www.escapadarural.com\/blog\/wp-content\/uploads\/2025\/06\/lig-16-basaltos-fruiz-1.webp","datePublished":"2025-07-11T06:12:00+00:00","dateModified":"2025-07-11T06:12:04+00:00","description":"En el peque\u00f1o pueblo de Fruiz, en el interior de Vizcaya, existen unas formaciones geol\u00f3gicas que recuerdan mucho a las de Irlanda","breadcrumb":{"@id":"https:\/\/www.escapadarural.com\/blog\/basaltos-fruiz-calzada-gigantes-vasca\/#breadcrumb"},"inLanguage":"es","potentialAction":[{"@type":"ReadAction","target":["https:\/\/www.escapadarural.com\/blog\/basaltos-fruiz-calzada-gigantes-vasca\/"]}]},{"@type":"ImageObject","inLanguage":"es","@id":"https:\/\/www.escapadarural.com\/blog\/basaltos-fruiz-calzada-gigantes-vasca\/#primaryimage","url":"https:\/\/www.escapadarural.com\/blog\/wp-content\/uploads\/2025\/06\/lig-16-basaltos-fruiz-1.webp","contentUrl":"https:\/\/www.escapadarural.com\/blog\/wp-content\/uploads\/2025\/06\/lig-16-basaltos-fruiz-1.webp","width":1024,"height":683,"caption":"Basaltos de Fruiz. Cedida por Turismo Bizkaia"},{"@type":"BreadcrumbList","@id":"https:\/\/www.escapadarural.com\/blog\/basaltos-fruiz-calzada-gigantes-vasca\/#breadcrumb","itemListElement":[{"@type":"ListItem","position":1,"name":"Inicio","item":"https:\/\/www.escapadarural.com\/blog\/"},{"@type":"ListItem","position":2,"name":"Destinos","item":"https:\/\/www.escapadarural.com\/blog\/categoria\/destinos\/"},{"@type":"ListItem","position":3,"name":"Parece Irlanda del Norte, pero es Espa\u00f1a: no sab\u00edamos que en Vizcaya tambi\u00e9n hay una Calzada del Gigante"}]},{"@type":"WebSite","@id":"https:\/\/www.escapadarural.com\/blog\/#website","url":"https:\/\/www.escapadarural.com\/blog\/","name":"Blog de viajes | turismo rural, alojamientos e inspiraci\u00f3n","description":"Alojamientos rurales e inspiraci\u00f3n para tus escapadas","publisher":{"@id":"https:\/\/www.escapadarural.com\/blog\/#organization"},"alternateName":"Magazine de viajes de EscapadaRural","potentialAction":[{"@type":"SearchAction","target":{"@type":"EntryPoint","urlTemplate":"https:\/\/www.escapadarural.com\/blog\/?s={search_term_string}"},"query-input":{"@type":"PropertyValueSpecification","valueRequired":true,"valueName":"search_term_string"}}],"inLanguage":"es"},{"@type":"Organization","@id":"https:\/\/www.escapadarural.com\/blog\/#organization","name":"EscapadaRural","url":"https:\/\/www.escapadarural.com\/blog\/","logo":{"@type":"ImageObject","inLanguage":"es","@id":"https:\/\/www.escapadarural.com\/blog\/#\/schema\/logo\/image\/","url":"https:\/\/www.escapadarural.com\/blog\/wp-content\/uploads\/2024\/10\/cropped-cropped-escapada-rural-icon-mag-3.png","contentUrl":"https:\/\/www.escapadarural.com\/blog\/wp-content\/uploads\/2024\/10\/cropped-cropped-escapada-rural-icon-mag-3.png","width":512,"height":512,"caption":"EscapadaRural"},"image":{"@id":"https:\/\/www.escapadarural.com\/blog\/#\/schema\/logo\/image\/"},"sameAs":["https:\/\/www.facebook.com\/escapadarural","https:\/\/www.instagram.com\/escapadarural\/","https:\/\/www.youtube.com\/@escapadaruralcom"]},{"@type":"Person","@id":"https:\/\/www.escapadarural.com\/blog\/#\/schema\/person\/67be061eb00d8315fa8642e01b88c894","name":"Raquel Andr\u00e9s","image":{"@type":"ImageObject","inLanguage":"es","@id":"https:\/\/secure.gravatar.com\/avatar\/b45840531462f3cafb335a9fc5c0bfda2c07c3df4b82b304b923526b85cc6cb5?s=96&d=mm&r=g","url":"https:\/\/secure.gravatar.com\/avatar\/b45840531462f3cafb335a9fc5c0bfda2c07c3df4b82b304b923526b85cc6cb5?s=96&d=mm&r=g","contentUrl":"https:\/\/secure.gravatar.com\/avatar\/b45840531462f3cafb335a9fc5c0bfda2c07c3df4b82b304b923526b85cc6cb5?s=96&d=mm&r=g","caption":"Raquel Andr\u00e9s"},"description":"Periodista y aventurera. Me has podido leer en Escapada Rural, Diari Nosaltres La Veu, La Vanguardia, El Salto y otros medios. Habitante y amante de las zonas rurales, sea cual sea el destino. Procuro escaparme una vez por semana con las botas de monta\u00f1a, el arn\u00e9s o el neopreno. Tambi\u00e9n soy un intento de baserritarra.","url":"https:\/\/www.escapadarural.com\/blog\/autor\/raquel\/"}]}},"_links":{"self":[{"href":"https:\/\/www.escapadarural.com\/blog\/wp-json\/wp\/v2\/posts\/202839","targetHints":{"allow":["GET"]}}],"collection":[{"href":"https:\/\/www.escapadarural.com\/blog\/wp-json\/wp\/v2\/posts"}],"about":[{"href":"https:\/\/www.escapadarural.com\/blog\/wp-json\/wp\/v2\/types\/post"}],"author":[{"embeddable":true,"href":"https:\/\/www.escapadarural.com\/blog\/wp-json\/wp\/v2\/users\/123"}],"replies":[{"embeddable":true,"href":"https:\/\/www.escapadarural.com\/blog\/wp-json\/wp\/v2\/comments?post=202839"}],"version-history":[{"count":0,"href":"https:\/\/www.escapadarural.com\/blog\/wp-json\/wp\/v2\/posts\/202839\/revisions"}],"wp:featuredmedia":[{"embeddable":true,"href":"https:\/\/www.escapadarural.com\/blog\/wp-json\/wp\/v2\/media\/203741"}],"wp:attachment":[{"href":"https:\/\/www.escapadarural.com\/blog\/wp-json\/wp\/v2\/media?parent=202839"}],"wp:term":[{"taxonomy":"category","embeddable":true,"href":"https:\/\/www.escapadarural.com\/blog\/wp-json\/wp\/v2\/categories?post=202839"},{"taxonomy":"post_tag","embeddable":true,"href":"https:\/\/www.escapadarural.com\/blog\/wp-json\/wp\/v2\/tags?post=202839"}],"curies":[{"name":"wp","href":"https:\/\/api.w.org\/{rel}","templated":true}]}}