{"id":2034,"date":"2014-03-24T07:48:33","date_gmt":"2014-03-24T07:48:33","guid":{"rendered":"http:\/\/15.188.81.248\/2014\/03\/24\/la-ruta-del-carrilet-ii\/"},"modified":"2025-01-27T22:59:28","modified_gmt":"2025-01-27T20:59:28","slug":"la-ruta-del-carrilet-ii","status":"publish","type":"post","link":"https:\/\/www.escapadarural.com\/blog\/la-ruta-del-carrilet-ii\/","title":{"rendered":"La Ruta del Carrilet (II)"},"content":{"rendered":"\n<figure class=\"wp-block-image size-large\"><a href=\"https:\/\/www.escapadarural.com\/blog\/wp-content\/uploads\/2014\/03\/catedral-2-1.jpg\"><img decoding=\"async\" src=\"https:\/\/www.escapadarural.com\/blog\/wp-content\/uploads\/2014\/03\/catedral-2-1.jpg\" alt=\"Ruta del Carrilet\" class=\"wp-image-36798\"\/><\/a><figcaption class=\"wp-element-caption\">Fachada principal de la catedral de Girona, construida del s. XI al XVIII.\n\n<\/figcaption><\/figure>\n\n\n\n<p>La segunda etapa de la <a href=\"\/blog\/la-ruta-del-carrilet-i\" target=\"_blank\" aria-label=\" (opens in a new tab)\" rel=\"noreferrer noopener\" class=\"rank-math-link\">Ruta del Carrilet<\/a> comenz\u00f3 sin mariposas, pero con un buen desayuno en el centro de la Girona monumental. Ten\u00edamos por delante 40 km de ruta, pero decidimos pasar un poco m\u00e1s de tiempo recorriendo las callejas de la villa.<\/p>\n\n\n\n<p>La promesa del Mediterr\u00e1neo nos sacudi\u00f3 el cansancio del d\u00eda anterior. As\u00ed es que seguimos en direcci\u00f3n sur el r\u00edo <em>Onya<\/em> y salimos de Girona hacia Sant Feliu de Gu\u00edxols. La etapa, m\u00e1s exigente que la primera, es m\u00e1s \u00e1rida, aunque con el encanto de los pueblos que salen al paso.<\/p>\n\n\n\n<!--more-->\n\n\n\n<figure class=\"wp-block-image size-large\"><a href=\"https:\/\/www.escapadarural.com\/blog\/wp-content\/uploads\/2014\/03\/cat-2-1.jpg\"><img decoding=\"async\" src=\"https:\/\/www.escapadarural.com\/blog\/wp-content\/uploads\/2014\/03\/cat-2-1.jpg\" alt=\"Ruta del Carrilet\" class=\"wp-image-36797\"\/><\/a><figcaption class=\"wp-element-caption\">Detalle de la catedral de Girona, punto de partida en la segunda etapa de la ruta.\n\n<\/figcaption><\/figure>\n\n\n\n<h2 class=\"wp-block-heading\">Tras la historia del antiguo ferrocarril<\/h2>\n\n\n\n<p>Durante toda la etapa aparecen referencias al antiguo tren de v\u00eda estrecha que un\u00eda Girona y Sant Feliu de Gu\u00edxols. La Ruta del Carrilet, ahora convertida en un atractivo para amantes del senderismo y de las BTT, tambi\u00e9n es usada por los lugare\u00f1os como v\u00edas de comunicaci\u00f3n, recuperando as\u00ed su misi\u00f3n original.<\/p>\n\n\n\n<figure class=\"wp-block-image size-large\"><a href=\"https:\/\/www.escapadarural.com\/blog\/wp-content\/uploads\/2014\/03\/trenet-2-1.jpg\"><img decoding=\"async\" src=\"https:\/\/www.escapadarural.com\/blog\/wp-content\/uploads\/2014\/03\/trenet-2-1.jpg\" alt=\"Ruta del Carrilet\" class=\"wp-image-36796\"\/><\/a><figcaption class=\"wp-element-caption\">Escultura en recuerdo al tren de v\u00eda estrecha en la Ruta del Carrilet.\n\n<\/figcaption><\/figure>\n\n\n\n<figure class=\"wp-block-image size-large\"><a href=\"https:\/\/www.escapadarural.com\/blog\/wp-content\/uploads\/2014\/03\/tren-2-1.jpg\"><img decoding=\"async\" src=\"https:\/\/www.escapadarural.com\/blog\/wp-content\/uploads\/2014\/03\/tren-2-1.jpg\" alt=\"Ruta del Carrilet\" class=\"wp-image-36795\"\/><\/a><figcaption class=\"wp-element-caption\">\u00daltimo tramo de la Ruta del Carrilet hacia Sant Feliu de Gu\u00edxols\n\n<\/figcaption><\/figure>\n\n\n\n<p>\u00abEl recorrido est\u00e1 formado por una l\u00ednea sinuosa matem\u00e1ticamente trazada sobre el territorio\u00bb, nos avisaron en la Oficina de Turismo. Efectivamente, el itinerario muestra un recorrido singular, repleto de curvas durante los primeros kil\u00f3metros y peque\u00f1as subidas y bajadas.<\/p>\n\n\n\n<figure class=\"wp-block-image size-large\"><a href=\"https:\/\/www.escapadarural.com\/blog\/wp-content\/uploads\/2014\/03\/camino-2-1.jpg\"><img decoding=\"async\" src=\"https:\/\/www.escapadarural.com\/blog\/wp-content\/uploads\/2014\/03\/camino-2-1.jpg\" alt=\"Ruta del Carrilet\" class=\"wp-image-36794\"\/><\/a><figcaption class=\"wp-element-caption\">La Ruta del Carrilet cruza multitud de puentes, como este con vallado de madera.\n\n<\/figcaption><\/figure>\n\n\n\n<p>Vemos a familias paseando, agricultores desplaz\u00e1ndose y cicloturistas aprendiendo. El segundo tramo de la Ruta del Carrilet no revela la naturaleza del primero, pero s\u00ed las formas de vida de la poblaci\u00f3n local. Cada poco, en cada pueblo, una caseta de la antigua estaci\u00f3n recuerda la historia del lugar.<\/p>\n\n\n\n<p>En Quart paramos a tomar un caf\u00e9 y a conocer los famosos productos de artesan\u00eda cer\u00e1mica. Seguimos camino hasta <a href=\"https:\/\/www.escapadarural.com\/casas-rurales\/llagostera\" target=\"_blank\" aria-label=\" (opens in a new tab)\" rel=\"noreferrer noopener\" class=\"rank-math-link\">Llagostera<\/a>, donde decidimos pasear brevemente por el barrio viejo. Y antes de que apriete el sol del mediod\u00eda, conseguimos llegar a Castillo d&#8217;Aro y su n\u00facleo medieval.<\/p>\n\n\n\n<p>Sin darnos apenas cuenta hemos cruzado de la comarca del Giron\u00e8s a la del Baix Empord\u00e0 y un letrero que anuncia que llegamos a la <a href=\"https:\/\/www.escapadarural.com\/casas-rurales-costa-brava\" target=\"_blank\" aria-label=\" (opens in a new tab)\" rel=\"noreferrer noopener\" class=\"rank-math-link\">Costa Brava<\/a> nos eleva los \u00e1nimos para dar las \u00faltimas pedaladas.<\/p>\n\n\n\n<figure class=\"wp-block-image size-large\"><a href=\"https:\/\/www.escapadarural.com\/blog\/wp-content\/uploads\/2014\/03\/5382084379_e69bb8f61a_b-2-1.jpg\"><img decoding=\"async\" src=\"https:\/\/www.escapadarural.com\/blog\/wp-content\/uploads\/2014\/03\/5382084379_e69bb8f61a_b-2-1.jpg\" alt=\"Ruta del Carrilet\" class=\"wp-image-36793\"\/><\/a><figcaption class=\"wp-element-caption\">Playa de Sant Feliu de Gu\u00edxols. Fuente: Albert Torell\u00f3\n\n<\/figcaption><\/figure>\n\n\n\n<h2 class=\"wp-block-heading\">El mar, asignatura pendiente<\/h2>\n\n\n\n<p>Ya empieza a oler a mar, porque Sant Feliu de Gu\u00edxols est\u00e1 muy cerca. Comienzan a verse las t\u00edpicas im\u00e1genes de la costa en verano: familias con colchonetas, terrazas con paellas, puestos de helados y extranjeros que acaban de llegar de una noche de fiesta, rojos como pimientos.<\/p>\n\n\n\n<figure class=\"wp-block-image size-large\"><a href=\"https:\/\/www.escapadarural.com\/blog\/wp-content\/uploads\/2014\/03\/santfeliu-2-1.jpg\"><img decoding=\"async\" src=\"https:\/\/www.escapadarural.com\/blog\/wp-content\/uploads\/2014\/03\/santfeliu-2-1.jpg\" alt=\"Ruta del Carrilet\" class=\"wp-image-36792\"\/><\/a><figcaption class=\"wp-element-caption\">Monasterio benedictino de Sant Feliu de Gu\u00edxols, del s. XI, fin de la ruta.\n\n<\/figcaption><\/figure>\n\n\n\n<p>Lamentablemente nos decepciona el estado del mar al llegar al destino, en la playa de Sant Feliu de Gu\u00edxols. Sorprende que el mar no sea una prioridad, si no por conciencia naturalista al menos como recurso para el turismo. Descubrimos eso s\u00ed una calita, a pocos metros, donde aparece lo que esper\u00e1bamos: quietud, transparencia y un ba\u00f1o mediterr\u00e1neo reparador.<\/p>\n\n\n\n<h2 class=\"wp-block-heading\">Datos pr\u00e1cticos<\/h2>\n\n\n\n<ul class=\"wp-block-list\">\n<li><strong>Distancia<\/strong>: 47,9 km desde Girona hasta Sant Feliu de Gu\u00edxols.<\/li>\n\n\n\n<li><strong>Dificultad<\/strong>: m\u00ednima.<\/li>\n<\/ul>\n\n\n\n<p>M\u00e1s informaci\u00f3n | <a href=\"https:\/\/www.viesverdes.org\/index.php?idm=2&amp;canvi=1\" target=\"_blank\" label=\" (opens in a new tab)\" rel=\"noreferrer noopener\" class=\"rank-math-link\">V\u00edes Verdes de Girona<\/a><\/p>\n","protected":false},"excerpt":{"rendered":"<p>Continuamos con la segunda etapa de la Ruta del Carrilet: la llegada al Mar Mediterr\u00e1neo. Dejamos atr\u00e1s la tierra de los volcanes y&#8230;<\/p>\n","protected":false},"author":136,"featured_media":112124,"comment_status":"open","ping_status":"closed","sticky":false,"template":"","format":"standard","meta":{"_acf_changed":false,"om_disable_all_campaigns":false,"footnotes":""},"categories":[1379],"tags":[447,404,1416,1417,270],"class_list":["post-2034","post","type-post","status-publish","format-standard","has-post-thumbnail","hentry","category-rutas-y-excursiones","tag-btt","tag-que-ver-en-girona","tag-longform","tag-sant-feliu-de-guixols","tag-turismo-activo"],"acf":[],"featured_image_src":"https:\/\/www.escapadarural.com\/blog\/wp-content\/uploads\/2014\/03\/carrilet.jpg","author_info":{"display_name":"Escapada Rural","author_link":"https:\/\/www.escapadarural.com\/blog\/autor\/user\/"},"yoast_head":"<!-- This site is optimized with the Yoast SEO plugin v27.5 - https:\/\/yoast.com\/product\/yoast-seo-wordpress\/ -->\n<title>La Ruta del Carrilet (II) - EscapadaRural<\/title>\n<meta name=\"robots\" content=\"index, follow, max-snippet:-1, max-image-preview:large, max-video-preview:-1\" \/>\n<link rel=\"canonical\" href=\"https:\/\/www.escapadarural.com\/blog\/la-ruta-del-carrilet-ii\/\" \/>\n<meta property=\"og:locale\" content=\"es_ES\" \/>\n<meta property=\"og:type\" content=\"article\" \/>\n<meta property=\"og:title\" content=\"La Ruta del Carrilet (II) - EscapadaRural\" \/>\n<meta property=\"og:description\" content=\"Continuamos con la segunda etapa de la Ruta del Carrilet: la llegada al Mar Mediterr\u00e1neo. Dejamos atr\u00e1s la tierra de los volcanes y...\" \/>\n<meta property=\"og:url\" content=\"https:\/\/www.escapadarural.com\/blog\/la-ruta-del-carrilet-ii\/\" \/>\n<meta property=\"og:site_name\" content=\"Magazine de viajes de EscapadaRural\" \/>\n<meta property=\"article:publisher\" content=\"https:\/\/www.facebook.com\/escapadarural\" \/>\n<meta property=\"article:author\" content=\"https:\/\/www.facebook.com\/escapadarural\" \/>\n<meta property=\"article:published_time\" content=\"2014-03-24T07:48:33+00:00\" \/>\n<meta property=\"article:modified_time\" content=\"2025-01-27T20:59:28+00:00\" \/>\n<meta property=\"og:image\" content=\"https:\/\/www.escapadarural.com\/blog\/wp-content\/uploads\/2014\/03\/carrilet.jpg\" \/>\n\t<meta property=\"og:image:width\" content=\"1000\" \/>\n\t<meta property=\"og:image:height\" content=\"665\" \/>\n\t<meta property=\"og:image:type\" content=\"image\/jpeg\" \/>\n<meta name=\"author\" content=\"Escapada Rural\" \/>\n<meta name=\"twitter:card\" content=\"summary_large_image\" \/>\n<meta name=\"twitter:creator\" content=\"@https:\/\/x.com\/i\/flow\/login?redirect_after_login=escapadarural\" \/>\n<meta name=\"twitter:label1\" content=\"Escrito por\" \/>\n\t<meta name=\"twitter:data1\" content=\"Escapada Rural\" \/>\n\t<meta name=\"twitter:label2\" content=\"Tiempo de lectura\" \/>\n\t<meta name=\"twitter:data2\" content=\"5 minutos\" \/>\n<script type=\"application\/ld+json\" class=\"yoast-schema-graph\">{\"@context\":\"https:\\\/\\\/schema.org\",\"@graph\":[{\"@type\":\"Article\",\"@id\":\"https:\\\/\\\/www.escapadarural.com\\\/blog\\\/la-ruta-del-carrilet-ii\\\/#article\",\"isPartOf\":{\"@id\":\"https:\\\/\\\/www.escapadarural.com\\\/blog\\\/la-ruta-del-carrilet-ii\\\/\"},\"author\":{\"name\":\"Escapada Rural\",\"@id\":\"https:\\\/\\\/www.escapadarural.com\\\/blog\\\/#\\\/schema\\\/person\\\/d9ee55ff3e0cef41d6eac8922b4f972c\"},\"headline\":\"La Ruta del Carrilet (II)\",\"datePublished\":\"2014-03-24T07:48:33+00:00\",\"dateModified\":\"2025-01-27T20:59:28+00:00\",\"mainEntityOfPage\":{\"@id\":\"https:\\\/\\\/www.escapadarural.com\\\/blog\\\/la-ruta-del-carrilet-ii\\\/\"},\"wordCount\":595,\"commentCount\":4,\"publisher\":{\"@id\":\"https:\\\/\\\/www.escapadarural.com\\\/blog\\\/#organization\"},\"image\":{\"@id\":\"https:\\\/\\\/www.escapadarural.com\\\/blog\\\/la-ruta-del-carrilet-ii\\\/#primaryimage\"},\"thumbnailUrl\":\"https:\\\/\\\/www.escapadarural.com\\\/blog\\\/wp-content\\\/uploads\\\/2014\\\/03\\\/carrilet.jpg\",\"keywords\":[\"BTT\",\"Girona\",\"longform\",\"Sant Feliu de Gu\u00edxols\",\"Turismo activo\"],\"articleSection\":[\"Rutas y excursiones\"],\"inLanguage\":\"es\",\"potentialAction\":[{\"@type\":\"CommentAction\",\"name\":\"Comment\",\"target\":[\"https:\\\/\\\/www.escapadarural.com\\\/blog\\\/la-ruta-del-carrilet-ii\\\/#respond\"]}]},{\"@type\":\"WebPage\",\"@id\":\"https:\\\/\\\/www.escapadarural.com\\\/blog\\\/la-ruta-del-carrilet-ii\\\/\",\"url\":\"https:\\\/\\\/www.escapadarural.com\\\/blog\\\/la-ruta-del-carrilet-ii\\\/\",\"name\":\"La Ruta del Carrilet (II) - EscapadaRural\",\"isPartOf\":{\"@id\":\"https:\\\/\\\/www.escapadarural.com\\\/blog\\\/#website\"},\"primaryImageOfPage\":{\"@id\":\"https:\\\/\\\/www.escapadarural.com\\\/blog\\\/la-ruta-del-carrilet-ii\\\/#primaryimage\"},\"image\":{\"@id\":\"https:\\\/\\\/www.escapadarural.com\\\/blog\\\/la-ruta-del-carrilet-ii\\\/#primaryimage\"},\"thumbnailUrl\":\"https:\\\/\\\/www.escapadarural.com\\\/blog\\\/wp-content\\\/uploads\\\/2014\\\/03\\\/carrilet.jpg\",\"datePublished\":\"2014-03-24T07:48:33+00:00\",\"dateModified\":\"2025-01-27T20:59:28+00:00\",\"breadcrumb\":{\"@id\":\"https:\\\/\\\/www.escapadarural.com\\\/blog\\\/la-ruta-del-carrilet-ii\\\/#breadcrumb\"},\"inLanguage\":\"es\",\"potentialAction\":[{\"@type\":\"ReadAction\",\"target\":[\"https:\\\/\\\/www.escapadarural.com\\\/blog\\\/la-ruta-del-carrilet-ii\\\/\"]}]},{\"@type\":\"ImageObject\",\"inLanguage\":\"es\",\"@id\":\"https:\\\/\\\/www.escapadarural.com\\\/blog\\\/la-ruta-del-carrilet-ii\\\/#primaryimage\",\"url\":\"https:\\\/\\\/www.escapadarural.com\\\/blog\\\/wp-content\\\/uploads\\\/2014\\\/03\\\/carrilet.jpg\",\"contentUrl\":\"https:\\\/\\\/www.escapadarural.com\\\/blog\\\/wp-content\\\/uploads\\\/2014\\\/03\\\/carrilet.jpg\",\"width\":1000,\"height\":665,\"caption\":\"Ruta del Carrilet. Por Javi\"},{\"@type\":\"BreadcrumbList\",\"@id\":\"https:\\\/\\\/www.escapadarural.com\\\/blog\\\/la-ruta-del-carrilet-ii\\\/#breadcrumb\",\"itemListElement\":[{\"@type\":\"ListItem\",\"position\":1,\"name\":\"Inicio\",\"item\":\"https:\\\/\\\/www.escapadarural.com\\\/blog\\\/\"},{\"@type\":\"ListItem\",\"position\":2,\"name\":\"Rutas y excursiones\",\"item\":\"https:\\\/\\\/www.escapadarural.com\\\/blog\\\/categoria\\\/rutas-y-excursiones\\\/\"},{\"@type\":\"ListItem\",\"position\":3,\"name\":\"La Ruta del Carrilet (II)\"}]},{\"@type\":\"WebSite\",\"@id\":\"https:\\\/\\\/www.escapadarural.com\\\/blog\\\/#website\",\"url\":\"https:\\\/\\\/www.escapadarural.com\\\/blog\\\/\",\"name\":\"Blog de viajes | turismo rural, alojamientos e inspiraci\u00f3n\",\"description\":\"Alojamientos rurales e inspiraci\u00f3n para tus escapadas\",\"publisher\":{\"@id\":\"https:\\\/\\\/www.escapadarural.com\\\/blog\\\/#organization\"},\"alternateName\":\"Magazine de viajes de EscapadaRural\",\"potentialAction\":[{\"@type\":\"SearchAction\",\"target\":{\"@type\":\"EntryPoint\",\"urlTemplate\":\"https:\\\/\\\/www.escapadarural.com\\\/blog\\\/?s={search_term_string}\"},\"query-input\":{\"@type\":\"PropertyValueSpecification\",\"valueRequired\":true,\"valueName\":\"search_term_string\"}}],\"inLanguage\":\"es\"},{\"@type\":\"Organization\",\"@id\":\"https:\\\/\\\/www.escapadarural.com\\\/blog\\\/#organization\",\"name\":\"EscapadaRural\",\"url\":\"https:\\\/\\\/www.escapadarural.com\\\/blog\\\/\",\"logo\":{\"@type\":\"ImageObject\",\"inLanguage\":\"es\",\"@id\":\"https:\\\/\\\/www.escapadarural.com\\\/blog\\\/#\\\/schema\\\/logo\\\/image\\\/\",\"url\":\"https:\\\/\\\/www.escapadarural.com\\\/blog\\\/wp-content\\\/uploads\\\/2024\\\/10\\\/cropped-cropped-escapada-rural-icon-mag-3.png\",\"contentUrl\":\"https:\\\/\\\/www.escapadarural.com\\\/blog\\\/wp-content\\\/uploads\\\/2024\\\/10\\\/cropped-cropped-escapada-rural-icon-mag-3.png\",\"width\":512,\"height\":512,\"caption\":\"EscapadaRural\"},\"image\":{\"@id\":\"https:\\\/\\\/www.escapadarural.com\\\/blog\\\/#\\\/schema\\\/logo\\\/image\\\/\"},\"sameAs\":[\"https:\\\/\\\/www.facebook.com\\\/escapadarural\",\"https:\\\/\\\/www.instagram.com\\\/escapadarural\\\/\",\"https:\\\/\\\/www.youtube.com\\\/@escapadaruralcom\"]},{\"@type\":\"Person\",\"@id\":\"https:\\\/\\\/www.escapadarural.com\\\/blog\\\/#\\\/schema\\\/person\\\/d9ee55ff3e0cef41d6eac8922b4f972c\",\"name\":\"Escapada Rural\",\"image\":{\"@type\":\"ImageObject\",\"inLanguage\":\"es\",\"@id\":\"https:\\\/\\\/www.escapadarural.com\\\/blog\\\/wp-content\\\/uploads\\\/2024\\\/10\\\/cropped-cropped-escapada-rural-icon-mag-3-96x96.png\",\"url\":\"https:\\\/\\\/www.escapadarural.com\\\/blog\\\/wp-content\\\/uploads\\\/2024\\\/10\\\/cropped-cropped-escapada-rural-icon-mag-3-96x96.png\",\"contentUrl\":\"https:\\\/\\\/www.escapadarural.com\\\/blog\\\/wp-content\\\/uploads\\\/2024\\\/10\\\/cropped-cropped-escapada-rural-icon-mag-3-96x96.png\",\"caption\":\"Escapada Rural\"},\"sameAs\":[\"https:\\\/\\\/www.facebook.com\\\/escapadarural\",\"https:\\\/\\\/www.linkedin.com\\\/company\\\/escapada-rural\\\/?originalSubdomain=es\",\"https:\\\/\\\/x.com\\\/https:\\\/\\\/x.com\\\/i\\\/flow\\\/login?redirect_after_login=escapadarural\"],\"url\":\"https:\\\/\\\/www.escapadarural.com\\\/blog\\\/autor\\\/user\\\/\"}]}<\/script>\n<!-- \/ Yoast SEO plugin. -->","yoast_head_json":{"title":"La Ruta del Carrilet (II) - EscapadaRural","robots":{"index":"index","follow":"follow","max-snippet":"max-snippet:-1","max-image-preview":"max-image-preview:large","max-video-preview":"max-video-preview:-1"},"canonical":"https:\/\/www.escapadarural.com\/blog\/la-ruta-del-carrilet-ii\/","og_locale":"es_ES","og_type":"article","og_title":"La Ruta del Carrilet (II) - EscapadaRural","og_description":"Continuamos con la segunda etapa de la Ruta del Carrilet: la llegada al Mar Mediterr\u00e1neo. Dejamos atr\u00e1s la tierra de los volcanes y...","og_url":"https:\/\/www.escapadarural.com\/blog\/la-ruta-del-carrilet-ii\/","og_site_name":"Magazine de viajes de EscapadaRural","article_publisher":"https:\/\/www.facebook.com\/escapadarural","article_author":"https:\/\/www.facebook.com\/escapadarural","article_published_time":"2014-03-24T07:48:33+00:00","article_modified_time":"2025-01-27T20:59:28+00:00","og_image":[{"width":1000,"height":665,"url":"https:\/\/www.escapadarural.com\/blog\/wp-content\/uploads\/2014\/03\/carrilet.jpg","type":"image\/jpeg"}],"author":"Escapada Rural","twitter_card":"summary_large_image","twitter_creator":"@https:\/\/x.com\/i\/flow\/login?redirect_after_login=escapadarural","twitter_misc":{"Escrito por":"Escapada Rural","Tiempo de lectura":"5 minutos"},"schema":{"@context":"https:\/\/schema.org","@graph":[{"@type":"Article","@id":"https:\/\/www.escapadarural.com\/blog\/la-ruta-del-carrilet-ii\/#article","isPartOf":{"@id":"https:\/\/www.escapadarural.com\/blog\/la-ruta-del-carrilet-ii\/"},"author":{"name":"Escapada Rural","@id":"https:\/\/www.escapadarural.com\/blog\/#\/schema\/person\/d9ee55ff3e0cef41d6eac8922b4f972c"},"headline":"La Ruta del Carrilet (II)","datePublished":"2014-03-24T07:48:33+00:00","dateModified":"2025-01-27T20:59:28+00:00","mainEntityOfPage":{"@id":"https:\/\/www.escapadarural.com\/blog\/la-ruta-del-carrilet-ii\/"},"wordCount":595,"commentCount":4,"publisher":{"@id":"https:\/\/www.escapadarural.com\/blog\/#organization"},"image":{"@id":"https:\/\/www.escapadarural.com\/blog\/la-ruta-del-carrilet-ii\/#primaryimage"},"thumbnailUrl":"https:\/\/www.escapadarural.com\/blog\/wp-content\/uploads\/2014\/03\/carrilet.jpg","keywords":["BTT","Girona","longform","Sant Feliu de Gu\u00edxols","Turismo activo"],"articleSection":["Rutas y excursiones"],"inLanguage":"es","potentialAction":[{"@type":"CommentAction","name":"Comment","target":["https:\/\/www.escapadarural.com\/blog\/la-ruta-del-carrilet-ii\/#respond"]}]},{"@type":"WebPage","@id":"https:\/\/www.escapadarural.com\/blog\/la-ruta-del-carrilet-ii\/","url":"https:\/\/www.escapadarural.com\/blog\/la-ruta-del-carrilet-ii\/","name":"La Ruta del Carrilet (II) - EscapadaRural","isPartOf":{"@id":"https:\/\/www.escapadarural.com\/blog\/#website"},"primaryImageOfPage":{"@id":"https:\/\/www.escapadarural.com\/blog\/la-ruta-del-carrilet-ii\/#primaryimage"},"image":{"@id":"https:\/\/www.escapadarural.com\/blog\/la-ruta-del-carrilet-ii\/#primaryimage"},"thumbnailUrl":"https:\/\/www.escapadarural.com\/blog\/wp-content\/uploads\/2014\/03\/carrilet.jpg","datePublished":"2014-03-24T07:48:33+00:00","dateModified":"2025-01-27T20:59:28+00:00","breadcrumb":{"@id":"https:\/\/www.escapadarural.com\/blog\/la-ruta-del-carrilet-ii\/#breadcrumb"},"inLanguage":"es","potentialAction":[{"@type":"ReadAction","target":["https:\/\/www.escapadarural.com\/blog\/la-ruta-del-carrilet-ii\/"]}]},{"@type":"ImageObject","inLanguage":"es","@id":"https:\/\/www.escapadarural.com\/blog\/la-ruta-del-carrilet-ii\/#primaryimage","url":"https:\/\/www.escapadarural.com\/blog\/wp-content\/uploads\/2014\/03\/carrilet.jpg","contentUrl":"https:\/\/www.escapadarural.com\/blog\/wp-content\/uploads\/2014\/03\/carrilet.jpg","width":1000,"height":665,"caption":"Ruta del Carrilet. Por Javi"},{"@type":"BreadcrumbList","@id":"https:\/\/www.escapadarural.com\/blog\/la-ruta-del-carrilet-ii\/#breadcrumb","itemListElement":[{"@type":"ListItem","position":1,"name":"Inicio","item":"https:\/\/www.escapadarural.com\/blog\/"},{"@type":"ListItem","position":2,"name":"Rutas y excursiones","item":"https:\/\/www.escapadarural.com\/blog\/categoria\/rutas-y-excursiones\/"},{"@type":"ListItem","position":3,"name":"La Ruta del Carrilet (II)"}]},{"@type":"WebSite","@id":"https:\/\/www.escapadarural.com\/blog\/#website","url":"https:\/\/www.escapadarural.com\/blog\/","name":"Blog de viajes | turismo rural, alojamientos e inspiraci\u00f3n","description":"Alojamientos rurales e inspiraci\u00f3n para tus escapadas","publisher":{"@id":"https:\/\/www.escapadarural.com\/blog\/#organization"},"alternateName":"Magazine de viajes de EscapadaRural","potentialAction":[{"@type":"SearchAction","target":{"@type":"EntryPoint","urlTemplate":"https:\/\/www.escapadarural.com\/blog\/?s={search_term_string}"},"query-input":{"@type":"PropertyValueSpecification","valueRequired":true,"valueName":"search_term_string"}}],"inLanguage":"es"},{"@type":"Organization","@id":"https:\/\/www.escapadarural.com\/blog\/#organization","name":"EscapadaRural","url":"https:\/\/www.escapadarural.com\/blog\/","logo":{"@type":"ImageObject","inLanguage":"es","@id":"https:\/\/www.escapadarural.com\/blog\/#\/schema\/logo\/image\/","url":"https:\/\/www.escapadarural.com\/blog\/wp-content\/uploads\/2024\/10\/cropped-cropped-escapada-rural-icon-mag-3.png","contentUrl":"https:\/\/www.escapadarural.com\/blog\/wp-content\/uploads\/2024\/10\/cropped-cropped-escapada-rural-icon-mag-3.png","width":512,"height":512,"caption":"EscapadaRural"},"image":{"@id":"https:\/\/www.escapadarural.com\/blog\/#\/schema\/logo\/image\/"},"sameAs":["https:\/\/www.facebook.com\/escapadarural","https:\/\/www.instagram.com\/escapadarural\/","https:\/\/www.youtube.com\/@escapadaruralcom"]},{"@type":"Person","@id":"https:\/\/www.escapadarural.com\/blog\/#\/schema\/person\/d9ee55ff3e0cef41d6eac8922b4f972c","name":"Escapada Rural","image":{"@type":"ImageObject","inLanguage":"es","@id":"https:\/\/www.escapadarural.com\/blog\/wp-content\/uploads\/2024\/10\/cropped-cropped-escapada-rural-icon-mag-3-96x96.png","url":"https:\/\/www.escapadarural.com\/blog\/wp-content\/uploads\/2024\/10\/cropped-cropped-escapada-rural-icon-mag-3-96x96.png","contentUrl":"https:\/\/www.escapadarural.com\/blog\/wp-content\/uploads\/2024\/10\/cropped-cropped-escapada-rural-icon-mag-3-96x96.png","caption":"Escapada Rural"},"sameAs":["https:\/\/www.facebook.com\/escapadarural","https:\/\/www.linkedin.com\/company\/escapada-rural\/?originalSubdomain=es","https:\/\/x.com\/https:\/\/x.com\/i\/flow\/login?redirect_after_login=escapadarural"],"url":"https:\/\/www.escapadarural.com\/blog\/autor\/user\/"}]}},"_links":{"self":[{"href":"https:\/\/www.escapadarural.com\/blog\/wp-json\/wp\/v2\/posts\/2034","targetHints":{"allow":["GET"]}}],"collection":[{"href":"https:\/\/www.escapadarural.com\/blog\/wp-json\/wp\/v2\/posts"}],"about":[{"href":"https:\/\/www.escapadarural.com\/blog\/wp-json\/wp\/v2\/types\/post"}],"author":[{"embeddable":true,"href":"https:\/\/www.escapadarural.com\/blog\/wp-json\/wp\/v2\/users\/136"}],"replies":[{"embeddable":true,"href":"https:\/\/www.escapadarural.com\/blog\/wp-json\/wp\/v2\/comments?post=2034"}],"version-history":[{"count":0,"href":"https:\/\/www.escapadarural.com\/blog\/wp-json\/wp\/v2\/posts\/2034\/revisions"}],"wp:featuredmedia":[{"embeddable":true,"href":"https:\/\/www.escapadarural.com\/blog\/wp-json\/wp\/v2\/media\/112124"}],"wp:attachment":[{"href":"https:\/\/www.escapadarural.com\/blog\/wp-json\/wp\/v2\/media?parent=2034"}],"wp:term":[{"taxonomy":"category","embeddable":true,"href":"https:\/\/www.escapadarural.com\/blog\/wp-json\/wp\/v2\/categories?post=2034"},{"taxonomy":"post_tag","embeddable":true,"href":"https:\/\/www.escapadarural.com\/blog\/wp-json\/wp\/v2\/tags?post=2034"}],"curies":[{"name":"wp","href":"https:\/\/api.w.org\/{rel}","templated":true}]}}