{"id":203562,"date":"2025-07-02T09:55:00","date_gmt":"2025-07-02T07:55:00","guid":{"rendered":"https:\/\/www.escapadarural.com\/blog\/?p=203562"},"modified":"2025-07-02T09:47:33","modified_gmt":"2025-07-02T07:47:33","slug":"azud-de-tuejar-piscina-natural-valencia","status":"publish","type":"post","link":"https:\/\/www.escapadarural.com\/blog\/azud-de-tuejar-piscina-natural-valencia\/","title":{"rendered":"La piscina natural junto al nacimiento de un r\u00edo que casi nadie conoce en el coraz\u00f3n de Valencia y que es perfecta para este verano"},"content":{"rendered":"\n<figure class=\"wp-block-image size-large\"><img loading=\"lazy\" decoding=\"async\" width=\"1024\" height=\"768\" src=\"https:\/\/www.escapadarural.com\/blog\/wp-content\/uploads\/2025\/06\/Tuejar_azud_lago-1024x768.webp\" alt=\"Azud del Tu\u00e9jar (Valencia)\" class=\"wp-image-203748\"\/><figcaption class=\"wp-element-caption\">Azud de Tu\u00e9jar (Valencia). Por Jos\u00e9 Mar\u00eda Illueca<\/figcaption><\/figure>\n\n\n\n<p>Esta frase empieza a ser peligrosamente habitual en casi cualquier \u00e9poca del a\u00f1o, pero en temporada estival ya es una constante: \u201cHace calor\u201d. Las <strong>altas temperaturas<\/strong>, que antes eran puntuales, ahora casi se enlazan unas con otras en determinadas zonas del pa\u00eds. Las cifras del term\u00f3metro suben, bajan un poco d\u00edas despu\u00e9s y se vuelven a revolucionar de nuevo. De ah\u00ed que las zonas de ba\u00f1o, tanto en el interior como en la costa, sean a\u00fan m\u00e1s preciadas de lo que eran.<\/p>\n\n\n\n<p>Una de las m\u00e1s rese\u00f1ables se encuentra en <a href=\"\/casas-rurales\/valencia\" target=\"_blank\" rel=\"noreferrer noopener\">Valencia<\/a>: es <strong>el azud de Tu\u00e9jar<\/strong>, el sitio donde nace el r\u00edo hom\u00f3nimo y forma una piscina natural con cascada incluida. Tambi\u00e9n es conocido como el <strong>pozo de las Escaleras<\/strong>.<\/p>\n\n\n\n<div class=\"wp-block-buttons is-layout-flex wp-block-buttons-is-layout-flex\">\n<div class=\"wp-block-button\"><a class=\"wp-block-button__link wp-element-button\" href=\"\/casas-rurales\/tuejar\">Alojamientos rurales en Tu\u00e9jar<\/a><\/div>\n<\/div>\n\n\n\n<h2 class=\"wp-block-heading\" id=\"h-de-donde-viene-el-nombre-de-azud\">\u00bfDe d\u00f3nde viene el nombre de azud?<\/h2>\n\n\n\n<figure class=\"wp-block-image size-full\"><img loading=\"lazy\" decoding=\"async\" width=\"1024\" height=\"680\" src=\"https:\/\/www.escapadarural.com\/blog\/wp-content\/uploads\/2025\/06\/saz2.webp\" alt=\"Ruta del azud. Cortes\u00eda del Ayuntamiento de Tu\u00e9jar.\" class=\"wp-image-203565\" srcset=\"https:\/\/www.escapadarural.com\/blog\/wp-content\/uploads\/2025\/06\/saz2-200x133.webp 200w, https:\/\/www.escapadarural.com\/blog\/wp-content\/uploads\/2025\/06\/saz2-300x199.webp 300w, https:\/\/www.escapadarural.com\/blog\/wp-content\/uploads\/2025\/06\/saz2-400x266.webp 400w, https:\/\/www.escapadarural.com\/blog\/wp-content\/uploads\/2025\/06\/saz2-600x398.webp 600w, https:\/\/www.escapadarural.com\/blog\/wp-content\/uploads\/2025\/06\/saz2-768x510.webp 768w, https:\/\/www.escapadarural.com\/blog\/wp-content\/uploads\/2025\/06\/saz2-800x531.webp 800w, https:\/\/www.escapadarural.com\/blog\/wp-content\/uploads\/2025\/06\/saz2.webp 1024w\" sizes=\"auto, (max-width: 1024px) 100vw, 1024px\" \/><figcaption class=\"wp-element-caption\">Ruta del Azud (Valencia). Cortes\u00eda del Ayuntamiento de Tu\u00e9jar<\/figcaption><\/figure>\n\n\n\n<p>Desde el consistorio explican: \u201cLos azudes son construcciones a modo de barreras realizadas para subir el nivel de las aguas con el fin de derivar parte del caudal hacia un canal para el riego o consumo de viviendas\u201d. En <strong>el nacimiento del Tu\u00e9jar<\/strong>, el agua se recog\u00eda primero en una acequia construida con maderas y otros elementos naturales. Despu\u00e9s se sustituyeron por canto, cal y piedra de siller\u00eda, hasta que se convirti\u00f3 en una plataforma de tierra y \u00e1rboles que ahora se usa para hacer picnic y pasar el d\u00eda al aire libre.<\/p>\n\n\n\n<p>El lugar es fresco, pues hay bastante vegetaci\u00f3n compuesta por chopos, sauces, fresnos, \u00e1lamos o sabinas. En cuanto a su fauna, <strong>se pueden ver b\u00fahos, \u00e1guilas perdiceras e imponentes \u00e1guilas reales<\/strong>, que disfrutan de un hogar privilegiado.<\/p>\n\n\n\n<h2 class=\"wp-block-heading\" id=\"h-como-llegar-ruta-al-azud-de-tuejar\">C\u00f3mo llegar: ruta al Azud de Tu\u00e9jar<\/h2>\n\n\n\n<figure class=\"wp-block-image size-large\"><img loading=\"lazy\" decoding=\"async\" width=\"1024\" height=\"683\" src=\"https:\/\/www.escapadarural.com\/blog\/wp-content\/uploads\/2025\/06\/azudbano-1024x683.webp\" alt=\"Azud de Tu\u00e9jar o pozo de las Escaleras. Cortes\u00eda del ayuntamiento de Tu\u00e9jar.\" class=\"wp-image-203564\" srcset=\"https:\/\/www.escapadarural.com\/blog\/wp-content\/uploads\/2025\/06\/azudbano-200x133.webp 200w, https:\/\/www.escapadarural.com\/blog\/wp-content\/uploads\/2025\/06\/azudbano-300x200.webp 300w, https:\/\/www.escapadarural.com\/blog\/wp-content\/uploads\/2025\/06\/azudbano-400x267.webp 400w, https:\/\/www.escapadarural.com\/blog\/wp-content\/uploads\/2025\/06\/azudbano-600x400.webp 600w, https:\/\/www.escapadarural.com\/blog\/wp-content\/uploads\/2025\/06\/azudbano-768x512.webp 768w, https:\/\/www.escapadarural.com\/blog\/wp-content\/uploads\/2025\/06\/azudbano-800x533.webp 800w, https:\/\/www.escapadarural.com\/blog\/wp-content\/uploads\/2025\/06\/azudbano-1024x683.webp 1024w, https:\/\/www.escapadarural.com\/blog\/wp-content\/uploads\/2025\/06\/azudbano-1200x800.webp 1200w, https:\/\/www.escapadarural.com\/blog\/wp-content\/uploads\/2025\/06\/azudbano-1536x1024.webp 1536w, https:\/\/www.escapadarural.com\/blog\/wp-content\/uploads\/2025\/06\/azudbano.webp 1920w\" sizes=\"auto, (max-width: 1024px) 100vw, 1024px\" \/><figcaption class=\"wp-element-caption\">Azud de Tu\u00e9jar o pozo de las Escaleras (Valencia). Cortes\u00eda del Ayuntamiento de Tu\u00e9jar<\/figcaption><\/figure>\n\n\n\n<p>Para llegar hasta azud de Tu\u00e9jar no hace falta caminar, hay un <strong>aparcamiento habilitado<\/strong> antes de entrar en el \u00e1rea recreativa donde est\u00e1 la zona de ba\u00f1o. Hay que tener en cuenta que, durante algunos meses, para los visitantes de fuera del pueblo es de pago.<\/p>\n\n\n\n<p>No obstante, para disfrutar del paraje natural del r\u00edo Tu\u00e9jar, lo m\u00e1s recomendable es hacer la <strong>ruta del Azud o PR-CV 456<\/strong>. Una<strong> senda circular<\/strong>, aunque con forma de ocho, que tiene una longitud de unos 15 kil\u00f3metros, con un desnivel de 589 metros y de dificultad f\u00e1cil, seg\u00fan la <a href=\"https:\/\/www.tuejar.es\/sites\/www.tuejar.es\/files\/ruta_el_azud._nacimiento_rio_tuejar.pdf\" target=\"_blank\" rel=\"noreferrer noopener nofollow\">informaci\u00f3n<\/a> del Ayuntamiento de Tu\u00e9jar. <\/p>\n\n\n\n<p>Hay otra gu\u00eda en <a href=\"https:\/\/es.wikiloc.com\/rutas-senderismo\/ruta-del-azud-de-tuejar-pr-cv-456-27359174\" target=\"_blank\" rel=\"noreferrer noopener nofollow\">Wikiloc<\/a> muy similar que tambi\u00e9n puede ayudar a quienes utilicen dicha aplicaci\u00f3n. En total s<strong>e tarda unas cinco horas y tres cuartos en completarla<\/strong>.<\/p>\n\n\n\n<h2 class=\"wp-block-heading\" id=\"h-el-recorrido-de-la-ruta-del-azud-y-que-ver-en-ella\">El recorrido de la ruta del Azud y qu\u00e9 ver en ella<\/h2>\n\n\n\n<figure class=\"wp-block-image size-full\"><img loading=\"lazy\" decoding=\"async\" width=\"1024\" height=\"714\" src=\"https:\/\/www.escapadarural.com\/blog\/wp-content\/uploads\/2025\/06\/saz4.webp\" alt=\"Fuente del Saz. Cortes\u00eda del ayuntamiento de Tu\u00e9jar.\" class=\"wp-image-203566\" srcset=\"https:\/\/www.escapadarural.com\/blog\/wp-content\/uploads\/2025\/06\/saz4-200x139.webp 200w, https:\/\/www.escapadarural.com\/blog\/wp-content\/uploads\/2025\/06\/saz4-300x209.webp 300w, https:\/\/www.escapadarural.com\/blog\/wp-content\/uploads\/2025\/06\/saz4-400x279.webp 400w, https:\/\/www.escapadarural.com\/blog\/wp-content\/uploads\/2025\/06\/saz4-600x418.webp 600w, https:\/\/www.escapadarural.com\/blog\/wp-content\/uploads\/2025\/06\/saz4-768x536.webp 768w, https:\/\/www.escapadarural.com\/blog\/wp-content\/uploads\/2025\/06\/saz4-800x558.webp 800w, https:\/\/www.escapadarural.com\/blog\/wp-content\/uploads\/2025\/06\/saz4.webp 1024w\" sizes=\"auto, (max-width: 1024px) 100vw, 1024px\" \/><figcaption class=\"wp-element-caption\">Fuente del Saz en Tu\u00e9jar. Cortes\u00eda del Ayuntamiento de Tu\u00e9jar.<\/figcaption><\/figure>\n\n\n\n<p>La ruta se divide en <strong>dos tramos<\/strong> (de ah\u00ed su forma). El primero empieza y acaba en la ermita de la Pur\u00edsima, la patrona del municipio. Es el m\u00e1s f\u00e1cil, ya que su longitud es de 4,8 kil\u00f3metros. A\u00fan cerca del pueblo, el sendero lleva hasta <strong>la fuente del Saz<\/strong>, un rinc\u00f3n perfecto para disfrutar del arroyo en cualquier momento, ya que el agua siempre est\u00e1 a 18\u00baC, da igual el momento del a\u00f1o.&nbsp;<\/p>\n\n\n\n<p>Gracias a los accidentes geogr\u00e1ficos de la zona, el r\u00edo fluye y forma <strong>peque\u00f1as pozas<\/strong> (no son demasiado profundas, cuidado con los saltos) muy agradables. Adem\u00e1s, los alrededores est\u00e1n equipados con mesas, bancos e incluso \u2018cocina\u2019 para hacer paella, por lo que muchos vecinos se acercan hasta all\u00ed para pasar el d\u00eda sin necesidad de completar la ruta.&nbsp;<\/p>\n\n\n\n<figure class=\"wp-block-image size-full\"><img loading=\"lazy\" decoding=\"async\" width=\"1024\" height=\"680\" src=\"https:\/\/www.escapadarural.com\/blog\/wp-content\/uploads\/2025\/06\/azud_microreserva_de_flora.webp\" alt=\"Entorno natural del azud de Tu\u00e9jar. Cortes\u00eda del Ayuntamiento de Tu\u00e9jar.\" class=\"wp-image-203563\" srcset=\"https:\/\/www.escapadarural.com\/blog\/wp-content\/uploads\/2025\/06\/azud_microreserva_de_flora-200x133.webp 200w, https:\/\/www.escapadarural.com\/blog\/wp-content\/uploads\/2025\/06\/azud_microreserva_de_flora-300x199.webp 300w, https:\/\/www.escapadarural.com\/blog\/wp-content\/uploads\/2025\/06\/azud_microreserva_de_flora-400x266.webp 400w, https:\/\/www.escapadarural.com\/blog\/wp-content\/uploads\/2025\/06\/azud_microreserva_de_flora-600x398.webp 600w, https:\/\/www.escapadarural.com\/blog\/wp-content\/uploads\/2025\/06\/azud_microreserva_de_flora-768x510.webp 768w, https:\/\/www.escapadarural.com\/blog\/wp-content\/uploads\/2025\/06\/azud_microreserva_de_flora-800x531.webp 800w, https:\/\/www.escapadarural.com\/blog\/wp-content\/uploads\/2025\/06\/azud_microreserva_de_flora.webp 1024w\" sizes=\"auto, (max-width: 1024px) 100vw, 1024px\" \/><figcaption class=\"wp-element-caption\">Entorno natural del azud de Tu\u00e9jar (Valencia). Cortes\u00eda del Ayuntamiento de Tu\u00e9jar.<\/figcaption><\/figure>\n\n\n\n<p>Un poco m\u00e1s adelante se pueden ver los restos del <strong>antiguo molino Duque<\/strong>, que empez\u00f3 a funcionar en el siglo XVIII y a principios del siglo XIX se convirti\u00f3 en central hidroel\u00e9ctrica. Si se accede a su interior se puede escuchar el sonido de la cascada del r\u00edo. <\/p>\n\n\n\n<p>Aunque, antes de llegar a este punto desde la fuente, tambi\u00e9n se puede optar por acercarse a la <strong>presa romana<\/strong> a trav\u00e9s de un desv\u00edo. Se trata de una obra muy importante para la historia de la provincia: en ella se origin\u00f3 el acueducto de Pe\u00f1a Cortada, declarada Bien de Inter\u00e9s Cultural. Como curiosidad, a\u00fan reparte agua para las huertas de Tu\u00e9jar y de otros pueblos cercanos.<\/p>\n\n\n\n<figure class=\"wp-block-image size-large\"><img loading=\"lazy\" decoding=\"async\" width=\"1024\" height=\"683\" src=\"https:\/\/www.escapadarural.com\/blog\/wp-content\/uploads\/2025\/06\/Pena_Cortada_5-1024x683.webp\" alt=\"Acueducto Pe\u00f1a Cortada\" class=\"wp-image-203754\"\/><figcaption class=\"wp-element-caption\">Acueducto Pe\u00f1a Cortada en las inmediaciones de Tu\u00e9jar (Valencia). Por Falconaumanni <\/figcaption><\/figure>\n\n\n\n<p>Una vez de vuelta al camino principal, se llega al <strong>nacimiento del r\u00edo Tu\u00e9jar<\/strong>, donde se puede aprovechar para darse un chapuz\u00f3n, comer, merendar o lo que apetezca. Desde aqu\u00ed, es posible dar la vuelta al pueblo o continuar con el segundo tramo de la ruta, que tiene una longitud de 10,4 kil\u00f3metros, aproximadamente.<\/p>\n\n\n\n<p>Si se decide continuar se pueden ver las <strong>pinturas rupestres de los Corrales de Silla<\/strong>, que se encontraron en tres abrigos no demasiado profundos. Esos trazos prehist\u00f3ricos parecen haber sido herramientas de comunicaci\u00f3n m\u00e1s que muestras de arte. Tambi\u00e9n son Bien de Inter\u00e9s Cultural y est\u00e1n inscritas, desde 1998, en la lista del Patrimonio Mundial de la UNESCO en la categor\u00eda de Arte Rupestre del Arco Mediterr\u00e1neo de la Pen\u00ednsula Ib\u00e9rica.<\/p>\n\n\n\n<p>El siguiente tesoro del camino es el <strong>nevero de La L\u00e1caba<\/strong>, una construcci\u00f3n que se usaba para guardar la nieve sin que se deshiciese demasiado r\u00e1pido y poder hacer hielo con ella en la \u00e9poca en la que los frigor\u00edficos a\u00fan eran ciencia ficci\u00f3n. Data de la Edad Media y est\u00e1 situado a 635 metros de altura sobre el nivel del mar.<\/p>\n\n\n\n<figure class=\"wp-block-image size-large\"><img loading=\"lazy\" decoding=\"async\" width=\"1024\" height=\"576\" src=\"https:\/\/www.escapadarural.com\/blog\/wp-content\/uploads\/2025\/06\/fotomiradordelazud-1024x576.webp\" alt=\"Mirador Pe\u00f1a del mediod\u00eda. Cortes\u00eda del ayuntamiento de Tu\u00e9jar.\" class=\"wp-image-203567\"\/><figcaption class=\"wp-element-caption\">Mirador Pe\u00f1a del mediod\u00eda. Cortes\u00eda del ayuntamiento de Tu\u00e9jar.<\/figcaption><\/figure>\n\n\n\n<p>Para terminar la ruta y dar la vuelta hasta el punto de origen, hay que ascender hasta el <strong>mirador Pe\u00f1a del Mediod\u00eda<\/strong> o mirador del Azud. Se encuentra a 787 metros de altitud sobre el nivel del mar, una situaci\u00f3n perfecta para conocer la zona desde las alturas. Despu\u00e9s del esfuerzo de subida y de bajada, un buen ba\u00f1o en el pozo de las Escaleras es una idea m\u00e1s que apetecible (y refrescante).&nbsp;<\/p>\n","protected":false},"excerpt":{"rendered":"<p>El azud de Tu\u00e9jar o pozo de las Escaleras es una de las piscinas naturales m\u00e1s recomendables de Valencia para huir de las olas de calor. Adem\u00e1s, tiene su propia ruta de senderismo.<\/p>\n","protected":false},"author":114,"featured_media":203564,"comment_status":"open","ping_status":"open","sticky":false,"template":"","format":"standard","meta":{"_acf_changed":false,"om_disable_all_campaigns":false,"footnotes":""},"categories":[191,1379],"tags":[299,469,244,193,6087,6368,602,217],"class_list":["post-203562","post","type-post","status-publish","format-standard","has-post-thumbnail","hentry","category-destinos","category-rutas-y-excursiones","tag-cascada","tag-que-ver-en-la-comunidad-valenciana","tag-piscina-natural","tag-rios","tag-senderismo","tag-tuejar","tag-que-ver-en-valencia","tag-verano"],"acf":[],"featured_image_src":"https:\/\/www.escapadarural.com\/blog\/wp-content\/uploads\/2025\/06\/azudbano.webp","author_info":{"display_name":"Carmen L\u00f3pez","author_link":"https:\/\/www.escapadarural.com\/blog\/autor\/carmenlopez\/"},"yoast_head":"<!-- This site is optimized with the Yoast SEO plugin v27.5 - https:\/\/yoast.com\/product\/yoast-seo-wordpress\/ -->\n<title>La piscina natural junto al nacimiento de un r\u00edo que casi nadie conoce en el coraz\u00f3n de Valencia y que es perfecta para este verano - EscapadaRural<\/title>\n<meta name=\"description\" content=\"El azud de Tu\u00e9jar o pozo de las Escaleras es una de las piscinas naturales m\u00e1s recomendables de Valencia para huir de las olas de calor. Adem\u00e1s, tiene su propia ruta de senderismo.\" \/>\n<meta name=\"robots\" content=\"index, follow, max-snippet:-1, max-image-preview:large, max-video-preview:-1\" \/>\n<link rel=\"canonical\" href=\"https:\/\/www.escapadarural.com\/blog\/azud-de-tuejar-piscina-natural-valencia\/\" \/>\n<meta property=\"og:locale\" content=\"es_ES\" \/>\n<meta property=\"og:type\" content=\"article\" \/>\n<meta property=\"og:title\" content=\"La piscina natural junto al nacimiento de un r\u00edo que casi nadie conoce en el coraz\u00f3n de Valencia y que es perfecta para este verano - EscapadaRural\" \/>\n<meta property=\"og:description\" content=\"El azud de Tu\u00e9jar o pozo de las Escaleras es una de las piscinas naturales m\u00e1s recomendables de Valencia para huir de las olas de calor. Adem\u00e1s, tiene su propia ruta de senderismo.\" \/>\n<meta property=\"og:url\" content=\"https:\/\/www.escapadarural.com\/blog\/azud-de-tuejar-piscina-natural-valencia\/\" \/>\n<meta property=\"og:site_name\" content=\"Magazine de viajes de EscapadaRural\" \/>\n<meta property=\"article:publisher\" content=\"https:\/\/www.facebook.com\/escapadarural\" \/>\n<meta property=\"article:published_time\" content=\"2025-07-02T07:55:00+00:00\" \/>\n<meta property=\"og:image\" content=\"https:\/\/127.0.0.1\/blog\/wp-content\/uploads\/2025\/06\/azudbano.webp\" \/>\n\t<meta property=\"og:image:width\" content=\"1920\" \/>\n\t<meta property=\"og:image:height\" content=\"1280\" \/>\n\t<meta property=\"og:image:type\" content=\"image\/webp\" \/>\n<meta name=\"author\" content=\"Carmen L\u00f3pez\" \/>\n<meta name=\"twitter:card\" content=\"summary_large_image\" \/>\n<meta name=\"twitter:label1\" content=\"Escrito por\" \/>\n\t<meta name=\"twitter:data1\" content=\"Carmen L\u00f3pez\" \/>\n\t<meta name=\"twitter:label2\" content=\"Tiempo de lectura\" \/>\n\t<meta name=\"twitter:data2\" content=\"5 minutos\" \/>\n<script type=\"application\/ld+json\" class=\"yoast-schema-graph\">{\"@context\":\"https:\\\/\\\/schema.org\",\"@graph\":[{\"@type\":\"Article\",\"@id\":\"https:\\\/\\\/www.escapadarural.com\\\/blog\\\/azud-de-tuejar-piscina-natural-valencia\\\/#article\",\"isPartOf\":{\"@id\":\"https:\\\/\\\/www.escapadarural.com\\\/blog\\\/azud-de-tuejar-piscina-natural-valencia\\\/\"},\"author\":{\"name\":\"Carmen L\u00f3pez\",\"@id\":\"https:\\\/\\\/www.escapadarural.com\\\/blog\\\/#\\\/schema\\\/person\\\/42dfdff6118172efc6a04c8ae599a2ce\"},\"headline\":\"La piscina natural junto al nacimiento de un r\u00edo que casi nadie conoce en el coraz\u00f3n de Valencia y que es perfecta para este verano\",\"datePublished\":\"2025-07-02T07:55:00+00:00\",\"mainEntityOfPage\":{\"@id\":\"https:\\\/\\\/www.escapadarural.com\\\/blog\\\/azud-de-tuejar-piscina-natural-valencia\\\/\"},\"wordCount\":1117,\"commentCount\":0,\"publisher\":{\"@id\":\"https:\\\/\\\/www.escapadarural.com\\\/blog\\\/#organization\"},\"image\":{\"@id\":\"https:\\\/\\\/www.escapadarural.com\\\/blog\\\/azud-de-tuejar-piscina-natural-valencia\\\/#primaryimage\"},\"thumbnailUrl\":\"https:\\\/\\\/www.escapadarural.com\\\/blog\\\/wp-content\\\/uploads\\\/2025\\\/06\\\/azudbano.webp\",\"keywords\":[\"Cascada\",\"Comunidad Valenciana\",\"piscina natural\",\"r\u00edos\",\"senderismo\",\"Tu\u00e9jar\",\"Valencia\",\"verano\"],\"articleSection\":[\"Destinos\",\"Rutas y excursiones\"],\"inLanguage\":\"es\",\"potentialAction\":[{\"@type\":\"CommentAction\",\"name\":\"Comment\",\"target\":[\"https:\\\/\\\/www.escapadarural.com\\\/blog\\\/azud-de-tuejar-piscina-natural-valencia\\\/#respond\"]}]},{\"@type\":\"WebPage\",\"@id\":\"https:\\\/\\\/www.escapadarural.com\\\/blog\\\/azud-de-tuejar-piscina-natural-valencia\\\/\",\"url\":\"https:\\\/\\\/www.escapadarural.com\\\/blog\\\/azud-de-tuejar-piscina-natural-valencia\\\/\",\"name\":\"La piscina natural junto al nacimiento de un r\u00edo que casi nadie conoce en el coraz\u00f3n de Valencia y que es perfecta para este verano - EscapadaRural\",\"isPartOf\":{\"@id\":\"https:\\\/\\\/www.escapadarural.com\\\/blog\\\/#website\"},\"primaryImageOfPage\":{\"@id\":\"https:\\\/\\\/www.escapadarural.com\\\/blog\\\/azud-de-tuejar-piscina-natural-valencia\\\/#primaryimage\"},\"image\":{\"@id\":\"https:\\\/\\\/www.escapadarural.com\\\/blog\\\/azud-de-tuejar-piscina-natural-valencia\\\/#primaryimage\"},\"thumbnailUrl\":\"https:\\\/\\\/www.escapadarural.com\\\/blog\\\/wp-content\\\/uploads\\\/2025\\\/06\\\/azudbano.webp\",\"datePublished\":\"2025-07-02T07:55:00+00:00\",\"description\":\"El azud de Tu\u00e9jar o pozo de las Escaleras es una de las piscinas naturales m\u00e1s recomendables de Valencia para huir de las olas de calor. Adem\u00e1s, tiene su propia ruta de senderismo.\",\"breadcrumb\":{\"@id\":\"https:\\\/\\\/www.escapadarural.com\\\/blog\\\/azud-de-tuejar-piscina-natural-valencia\\\/#breadcrumb\"},\"inLanguage\":\"es\",\"potentialAction\":[{\"@type\":\"ReadAction\",\"target\":[\"https:\\\/\\\/www.escapadarural.com\\\/blog\\\/azud-de-tuejar-piscina-natural-valencia\\\/\"]}]},{\"@type\":\"ImageObject\",\"inLanguage\":\"es\",\"@id\":\"https:\\\/\\\/www.escapadarural.com\\\/blog\\\/azud-de-tuejar-piscina-natural-valencia\\\/#primaryimage\",\"url\":\"https:\\\/\\\/www.escapadarural.com\\\/blog\\\/wp-content\\\/uploads\\\/2025\\\/06\\\/azudbano.webp\",\"contentUrl\":\"https:\\\/\\\/www.escapadarural.com\\\/blog\\\/wp-content\\\/uploads\\\/2025\\\/06\\\/azudbano.webp\",\"width\":1920,\"height\":1280,\"caption\":\"Azud de Tu\u00e9jar o pozo de las Escaleras. Cortes\u00eda del ayuntamiento de Tu\u00e9jar.\"},{\"@type\":\"BreadcrumbList\",\"@id\":\"https:\\\/\\\/www.escapadarural.com\\\/blog\\\/azud-de-tuejar-piscina-natural-valencia\\\/#breadcrumb\",\"itemListElement\":[{\"@type\":\"ListItem\",\"position\":1,\"name\":\"Inicio\",\"item\":\"https:\\\/\\\/www.escapadarural.com\\\/blog\\\/\"},{\"@type\":\"ListItem\",\"position\":2,\"name\":\"Destinos\",\"item\":\"https:\\\/\\\/www.escapadarural.com\\\/blog\\\/categoria\\\/destinos\\\/\"},{\"@type\":\"ListItem\",\"position\":3,\"name\":\"La piscina natural junto al nacimiento de un r\u00edo que casi nadie conoce en el coraz\u00f3n de Valencia y que es perfecta para este verano\"}]},{\"@type\":\"WebSite\",\"@id\":\"https:\\\/\\\/www.escapadarural.com\\\/blog\\\/#website\",\"url\":\"https:\\\/\\\/www.escapadarural.com\\\/blog\\\/\",\"name\":\"Blog de viajes | turismo rural, alojamientos e inspiraci\u00f3n\",\"description\":\"Alojamientos rurales e inspiraci\u00f3n para tus escapadas\",\"publisher\":{\"@id\":\"https:\\\/\\\/www.escapadarural.com\\\/blog\\\/#organization\"},\"alternateName\":\"Magazine de viajes de EscapadaRural\",\"potentialAction\":[{\"@type\":\"SearchAction\",\"target\":{\"@type\":\"EntryPoint\",\"urlTemplate\":\"https:\\\/\\\/www.escapadarural.com\\\/blog\\\/?s={search_term_string}\"},\"query-input\":{\"@type\":\"PropertyValueSpecification\",\"valueRequired\":true,\"valueName\":\"search_term_string\"}}],\"inLanguage\":\"es\"},{\"@type\":\"Organization\",\"@id\":\"https:\\\/\\\/www.escapadarural.com\\\/blog\\\/#organization\",\"name\":\"EscapadaRural\",\"url\":\"https:\\\/\\\/www.escapadarural.com\\\/blog\\\/\",\"logo\":{\"@type\":\"ImageObject\",\"inLanguage\":\"es\",\"@id\":\"https:\\\/\\\/www.escapadarural.com\\\/blog\\\/#\\\/schema\\\/logo\\\/image\\\/\",\"url\":\"https:\\\/\\\/www.escapadarural.com\\\/blog\\\/wp-content\\\/uploads\\\/2024\\\/10\\\/cropped-cropped-escapada-rural-icon-mag-3.png\",\"contentUrl\":\"https:\\\/\\\/www.escapadarural.com\\\/blog\\\/wp-content\\\/uploads\\\/2024\\\/10\\\/cropped-cropped-escapada-rural-icon-mag-3.png\",\"width\":512,\"height\":512,\"caption\":\"EscapadaRural\"},\"image\":{\"@id\":\"https:\\\/\\\/www.escapadarural.com\\\/blog\\\/#\\\/schema\\\/logo\\\/image\\\/\"},\"sameAs\":[\"https:\\\/\\\/www.facebook.com\\\/escapadarural\",\"https:\\\/\\\/www.instagram.com\\\/escapadarural\\\/\",\"https:\\\/\\\/www.youtube.com\\\/@escapadaruralcom\"]},{\"@type\":\"Person\",\"@id\":\"https:\\\/\\\/www.escapadarural.com\\\/blog\\\/#\\\/schema\\\/person\\\/42dfdff6118172efc6a04c8ae599a2ce\",\"name\":\"Carmen L\u00f3pez\",\"image\":{\"@type\":\"ImageObject\",\"inLanguage\":\"es\",\"@id\":\"https:\\\/\\\/www.escapadarural.com\\\/blog\\\/wp-content\\\/uploads\\\/2024\\\/11\\\/cropped-perfil_eldiario-96x96-1-96x96.jpeg\",\"url\":\"https:\\\/\\\/www.escapadarural.com\\\/blog\\\/wp-content\\\/uploads\\\/2024\\\/11\\\/cropped-perfil_eldiario-96x96-1-96x96.jpeg\",\"contentUrl\":\"https:\\\/\\\/www.escapadarural.com\\\/blog\\\/wp-content\\\/uploads\\\/2024\\\/11\\\/cropped-perfil_eldiario-96x96-1-96x96.jpeg\",\"caption\":\"Carmen L\u00f3pez\"},\"description\":\"Soy periodista y escribo sobre cosas que importan en sitios que interesan desde hace m\u00e1s de una d\u00e9cada.\",\"url\":\"https:\\\/\\\/www.escapadarural.com\\\/blog\\\/autor\\\/carmenlopez\\\/\"}]}<\/script>\n<!-- \/ Yoast SEO plugin. -->","yoast_head_json":{"title":"La piscina natural junto al nacimiento de un r\u00edo que casi nadie conoce en el coraz\u00f3n de Valencia y que es perfecta para este verano - EscapadaRural","description":"El azud de Tu\u00e9jar o pozo de las Escaleras es una de las piscinas naturales m\u00e1s recomendables de Valencia para huir de las olas de calor. Adem\u00e1s, tiene su propia ruta de senderismo.","robots":{"index":"index","follow":"follow","max-snippet":"max-snippet:-1","max-image-preview":"max-image-preview:large","max-video-preview":"max-video-preview:-1"},"canonical":"https:\/\/www.escapadarural.com\/blog\/azud-de-tuejar-piscina-natural-valencia\/","og_locale":"es_ES","og_type":"article","og_title":"La piscina natural junto al nacimiento de un r\u00edo que casi nadie conoce en el coraz\u00f3n de Valencia y que es perfecta para este verano - EscapadaRural","og_description":"El azud de Tu\u00e9jar o pozo de las Escaleras es una de las piscinas naturales m\u00e1s recomendables de Valencia para huir de las olas de calor. Adem\u00e1s, tiene su propia ruta de senderismo.","og_url":"https:\/\/www.escapadarural.com\/blog\/azud-de-tuejar-piscina-natural-valencia\/","og_site_name":"Magazine de viajes de EscapadaRural","article_publisher":"https:\/\/www.facebook.com\/escapadarural","article_published_time":"2025-07-02T07:55:00+00:00","og_image":[{"width":1920,"height":1280,"url":"https:\/\/127.0.0.1\/blog\/wp-content\/uploads\/2025\/06\/azudbano.webp","type":"image\/webp"}],"author":"Carmen L\u00f3pez","twitter_card":"summary_large_image","twitter_misc":{"Escrito por":"Carmen L\u00f3pez","Tiempo de lectura":"5 minutos"},"schema":{"@context":"https:\/\/schema.org","@graph":[{"@type":"Article","@id":"https:\/\/www.escapadarural.com\/blog\/azud-de-tuejar-piscina-natural-valencia\/#article","isPartOf":{"@id":"https:\/\/www.escapadarural.com\/blog\/azud-de-tuejar-piscina-natural-valencia\/"},"author":{"name":"Carmen L\u00f3pez","@id":"https:\/\/www.escapadarural.com\/blog\/#\/schema\/person\/42dfdff6118172efc6a04c8ae599a2ce"},"headline":"La piscina natural junto al nacimiento de un r\u00edo que casi nadie conoce en el coraz\u00f3n de Valencia y que es perfecta para este verano","datePublished":"2025-07-02T07:55:00+00:00","mainEntityOfPage":{"@id":"https:\/\/www.escapadarural.com\/blog\/azud-de-tuejar-piscina-natural-valencia\/"},"wordCount":1117,"commentCount":0,"publisher":{"@id":"https:\/\/www.escapadarural.com\/blog\/#organization"},"image":{"@id":"https:\/\/www.escapadarural.com\/blog\/azud-de-tuejar-piscina-natural-valencia\/#primaryimage"},"thumbnailUrl":"https:\/\/www.escapadarural.com\/blog\/wp-content\/uploads\/2025\/06\/azudbano.webp","keywords":["Cascada","Comunidad Valenciana","piscina natural","r\u00edos","senderismo","Tu\u00e9jar","Valencia","verano"],"articleSection":["Destinos","Rutas y excursiones"],"inLanguage":"es","potentialAction":[{"@type":"CommentAction","name":"Comment","target":["https:\/\/www.escapadarural.com\/blog\/azud-de-tuejar-piscina-natural-valencia\/#respond"]}]},{"@type":"WebPage","@id":"https:\/\/www.escapadarural.com\/blog\/azud-de-tuejar-piscina-natural-valencia\/","url":"https:\/\/www.escapadarural.com\/blog\/azud-de-tuejar-piscina-natural-valencia\/","name":"La piscina natural junto al nacimiento de un r\u00edo que casi nadie conoce en el coraz\u00f3n de Valencia y que es perfecta para este verano - EscapadaRural","isPartOf":{"@id":"https:\/\/www.escapadarural.com\/blog\/#website"},"primaryImageOfPage":{"@id":"https:\/\/www.escapadarural.com\/blog\/azud-de-tuejar-piscina-natural-valencia\/#primaryimage"},"image":{"@id":"https:\/\/www.escapadarural.com\/blog\/azud-de-tuejar-piscina-natural-valencia\/#primaryimage"},"thumbnailUrl":"https:\/\/www.escapadarural.com\/blog\/wp-content\/uploads\/2025\/06\/azudbano.webp","datePublished":"2025-07-02T07:55:00+00:00","description":"El azud de Tu\u00e9jar o pozo de las Escaleras es una de las piscinas naturales m\u00e1s recomendables de Valencia para huir de las olas de calor. Adem\u00e1s, tiene su propia ruta de senderismo.","breadcrumb":{"@id":"https:\/\/www.escapadarural.com\/blog\/azud-de-tuejar-piscina-natural-valencia\/#breadcrumb"},"inLanguage":"es","potentialAction":[{"@type":"ReadAction","target":["https:\/\/www.escapadarural.com\/blog\/azud-de-tuejar-piscina-natural-valencia\/"]}]},{"@type":"ImageObject","inLanguage":"es","@id":"https:\/\/www.escapadarural.com\/blog\/azud-de-tuejar-piscina-natural-valencia\/#primaryimage","url":"https:\/\/www.escapadarural.com\/blog\/wp-content\/uploads\/2025\/06\/azudbano.webp","contentUrl":"https:\/\/www.escapadarural.com\/blog\/wp-content\/uploads\/2025\/06\/azudbano.webp","width":1920,"height":1280,"caption":"Azud de Tu\u00e9jar o pozo de las Escaleras. Cortes\u00eda del ayuntamiento de Tu\u00e9jar."},{"@type":"BreadcrumbList","@id":"https:\/\/www.escapadarural.com\/blog\/azud-de-tuejar-piscina-natural-valencia\/#breadcrumb","itemListElement":[{"@type":"ListItem","position":1,"name":"Inicio","item":"https:\/\/www.escapadarural.com\/blog\/"},{"@type":"ListItem","position":2,"name":"Destinos","item":"https:\/\/www.escapadarural.com\/blog\/categoria\/destinos\/"},{"@type":"ListItem","position":3,"name":"La piscina natural junto al nacimiento de un r\u00edo que casi nadie conoce en el coraz\u00f3n de Valencia y que es perfecta para este verano"}]},{"@type":"WebSite","@id":"https:\/\/www.escapadarural.com\/blog\/#website","url":"https:\/\/www.escapadarural.com\/blog\/","name":"Blog de viajes | turismo rural, alojamientos e inspiraci\u00f3n","description":"Alojamientos rurales e inspiraci\u00f3n para tus escapadas","publisher":{"@id":"https:\/\/www.escapadarural.com\/blog\/#organization"},"alternateName":"Magazine de viajes de EscapadaRural","potentialAction":[{"@type":"SearchAction","target":{"@type":"EntryPoint","urlTemplate":"https:\/\/www.escapadarural.com\/blog\/?s={search_term_string}"},"query-input":{"@type":"PropertyValueSpecification","valueRequired":true,"valueName":"search_term_string"}}],"inLanguage":"es"},{"@type":"Organization","@id":"https:\/\/www.escapadarural.com\/blog\/#organization","name":"EscapadaRural","url":"https:\/\/www.escapadarural.com\/blog\/","logo":{"@type":"ImageObject","inLanguage":"es","@id":"https:\/\/www.escapadarural.com\/blog\/#\/schema\/logo\/image\/","url":"https:\/\/www.escapadarural.com\/blog\/wp-content\/uploads\/2024\/10\/cropped-cropped-escapada-rural-icon-mag-3.png","contentUrl":"https:\/\/www.escapadarural.com\/blog\/wp-content\/uploads\/2024\/10\/cropped-cropped-escapada-rural-icon-mag-3.png","width":512,"height":512,"caption":"EscapadaRural"},"image":{"@id":"https:\/\/www.escapadarural.com\/blog\/#\/schema\/logo\/image\/"},"sameAs":["https:\/\/www.facebook.com\/escapadarural","https:\/\/www.instagram.com\/escapadarural\/","https:\/\/www.youtube.com\/@escapadaruralcom"]},{"@type":"Person","@id":"https:\/\/www.escapadarural.com\/blog\/#\/schema\/person\/42dfdff6118172efc6a04c8ae599a2ce","name":"Carmen L\u00f3pez","image":{"@type":"ImageObject","inLanguage":"es","@id":"https:\/\/www.escapadarural.com\/blog\/wp-content\/uploads\/2024\/11\/cropped-perfil_eldiario-96x96-1-96x96.jpeg","url":"https:\/\/www.escapadarural.com\/blog\/wp-content\/uploads\/2024\/11\/cropped-perfil_eldiario-96x96-1-96x96.jpeg","contentUrl":"https:\/\/www.escapadarural.com\/blog\/wp-content\/uploads\/2024\/11\/cropped-perfil_eldiario-96x96-1-96x96.jpeg","caption":"Carmen L\u00f3pez"},"description":"Soy periodista y escribo sobre cosas que importan en sitios que interesan desde hace m\u00e1s de una d\u00e9cada.","url":"https:\/\/www.escapadarural.com\/blog\/autor\/carmenlopez\/"}]}},"_links":{"self":[{"href":"https:\/\/www.escapadarural.com\/blog\/wp-json\/wp\/v2\/posts\/203562","targetHints":{"allow":["GET"]}}],"collection":[{"href":"https:\/\/www.escapadarural.com\/blog\/wp-json\/wp\/v2\/posts"}],"about":[{"href":"https:\/\/www.escapadarural.com\/blog\/wp-json\/wp\/v2\/types\/post"}],"author":[{"embeddable":true,"href":"https:\/\/www.escapadarural.com\/blog\/wp-json\/wp\/v2\/users\/114"}],"replies":[{"embeddable":true,"href":"https:\/\/www.escapadarural.com\/blog\/wp-json\/wp\/v2\/comments?post=203562"}],"version-history":[{"count":0,"href":"https:\/\/www.escapadarural.com\/blog\/wp-json\/wp\/v2\/posts\/203562\/revisions"}],"wp:featuredmedia":[{"embeddable":true,"href":"https:\/\/www.escapadarural.com\/blog\/wp-json\/wp\/v2\/media\/203564"}],"wp:attachment":[{"href":"https:\/\/www.escapadarural.com\/blog\/wp-json\/wp\/v2\/media?parent=203562"}],"wp:term":[{"taxonomy":"category","embeddable":true,"href":"https:\/\/www.escapadarural.com\/blog\/wp-json\/wp\/v2\/categories?post=203562"},{"taxonomy":"post_tag","embeddable":true,"href":"https:\/\/www.escapadarural.com\/blog\/wp-json\/wp\/v2\/tags?post=203562"}],"curies":[{"name":"wp","href":"https:\/\/api.w.org\/{rel}","templated":true}]}}