{"id":204322,"date":"2025-08-23T08:55:00","date_gmt":"2025-08-23T06:55:00","guid":{"rendered":"https:\/\/www.escapadarural.com\/blog\/?p=204322"},"modified":"2026-03-23T17:04:51","modified_gmt":"2026-03-23T16:04:51","slug":"allipebre-plato-albufera-valencia","status":"publish","type":"post","link":"https:\/\/www.escapadarural.com\/blog\/allipebre-plato-albufera-valencia\/","title":{"rendered":"No es paella: el plato de la Albufera que solo los valencianos conocen (y tienes que probar ya)"},"content":{"rendered":"\n<figure class=\"wp-block-image size-full\"><img loading=\"lazy\" decoding=\"async\" width=\"1024\" height=\"683\" src=\"https:\/\/www.escapadarural.com\/blog\/wp-content\/uploads\/2025\/07\/AdobeStock_310928420.webp\" alt=\"Allipebre, plato tradicional de l'Albufera de Val\u00e8ncia. Por \u041b\u0430\u0440\u0438\u0441\u0430 \u041b\u044e\u043d\u0434\u043e\u0432\u0441\u043a\u0430\u044f\" class=\"wp-image-204324\" srcset=\"https:\/\/www.escapadarural.com\/blog\/wp-content\/uploads\/2025\/07\/AdobeStock_310928420-200x133.webp 200w, https:\/\/www.escapadarural.com\/blog\/wp-content\/uploads\/2025\/07\/AdobeStock_310928420-300x200.webp 300w, https:\/\/www.escapadarural.com\/blog\/wp-content\/uploads\/2025\/07\/AdobeStock_310928420-400x267.webp 400w, https:\/\/www.escapadarural.com\/blog\/wp-content\/uploads\/2025\/07\/AdobeStock_310928420-600x400.webp 600w, https:\/\/www.escapadarural.com\/blog\/wp-content\/uploads\/2025\/07\/AdobeStock_310928420-768x512.webp 768w, https:\/\/www.escapadarural.com\/blog\/wp-content\/uploads\/2025\/07\/AdobeStock_310928420-800x534.webp 800w, https:\/\/www.escapadarural.com\/blog\/wp-content\/uploads\/2025\/07\/AdobeStock_310928420.webp 1024w\" sizes=\"auto, (max-width: 1024px) 100vw, 1024px\" \/><figcaption class=\"wp-element-caption\">Allipebre, plato tradicional de la Albufera de Valencia. Por \u041b\u0430\u0440\u0438\u0441\u0430 \u041b\u044e\u043d\u0434\u043e\u0432\u0441\u043a\u0430\u044f<\/figcaption><\/figure>\n\n\n\n<p>La Albufera de Valencia deja algunas de las estampas rurales m\u00e1s buc\u00f3licas y cercanas a la gran ciudad. Peque\u00f1os muelles de los que salen <em>albuferencs<\/em> \u2013las embarcaciones tradicionales t\u00edpicas\u2013 que se desplazan a percha o remo, <strong>las barracas entre palmeras con tejados recubiertos de paja<\/strong>, los arrozales de los que sale la base de la <a href=\"\/blog\/paella-valenciana-del-campo-a-la-mesa\/\" target=\"_blank\" rel=\"noreferrer noopener\">mundialmente reconocida paella valenciana<\/a>&#8230;<\/p>\n\n\n\n<div class=\"wp-block-buttons is-layout-flex wp-block-buttons-is-layout-flex\">\n<div class=\"wp-block-button\"><a class=\"wp-block-button__link wp-element-button\" href=\"\/casas-rurales\/l-albufera-valenciana\" target=\"_blank\" rel=\"noreferrer noopener\">Alojamientos rurales en la Albufera de Valencia<\/a><\/div>\n<\/div>\n\n\n\n<p>En el humedal tambi\u00e9n <strong>se pueden ver pescadores en sus <em>redolins<\/em><\/strong>, que son los puntos de pesca estrat\u00e9gicos y fijos que se sortean cada a\u00f1o desde finales del siglo XVIII. La regulaci\u00f3n empez\u00f3 hace ya 775 a\u00f1os, con las primeras normas establecidas por el rey Jaume I en 1250. Uno de los <strong>peces m\u00e1s preciados que se capturan en el lago es la anguila<\/strong>, cuyo derecho de pesca est\u00e1 exclusivamente reservado a la Comunidad de Pescadores de El Palmar (aunque son habituales las noticias sobre pescadores furtivos).<\/p>\n\n\n\n<figure class=\"wp-block-image size-large\"><img loading=\"lazy\" decoding=\"async\" width=\"1024\" height=\"683\" src=\"https:\/\/www.escapadarural.com\/blog\/wp-content\/uploads\/2024\/11\/Albufera-de-Valencia-scaled-1-1024x683.jpg\" alt=\"Albufera de Valencia. Por Alberto\" class=\"wp-image-108613\"\/><figcaption class=\"wp-element-caption\">Albufera de Valencia. Por Alberto<\/figcaption><\/figure>\n\n\n\n<p>Este pez de agua dulce tiene mucho valor, ya que <strong>forma parte del otro cotizado plato del Parque Natural de l\u2019Albufera: el allipebre<\/strong> (la uni\u00f3n de ajo y piment\u00f3n). Es una receta t\u00edpica de las poblaciones que rodean la laguna, como El Palmar y Catarroja. Se prepara con anguila -que tiene mucho sabor y carne delicada-, patatas hervidas, ajo, piment\u00f3n y guindillas, que dan un ligero toque picante. <strong>El allipebre se sirve tradicionalmente en cazuela de barro<\/strong>. Aunque no se conoce exactamente su origen, los historiadores lo sit\u00faan en el coqueto puerto de Catarroja. Un lugar inmejorable para degustarlo en este bonito enclave es el restaurante Casa Baina.<\/p>\n\n\n\n<h2 class=\"wp-block-heading\" id=\"h-los-concursos-de-allipebre-una-buena-excusa-para-probar-el-plato\"><strong>Los concursos de allipebre, una buena excusa para probar el plato<\/strong><\/h2>\n\n\n\n<p>Si la paella valenciana tiene su famoso concurso internacional en Sueca, en el entorno de los arrozales de la Albufera, el preciado plato hecho a base de anguila no iba a ser menos. El m\u00e1s conocido es el <strong>Concurso Internacional d\u2019Allipebre de Catarroja<\/strong>, que tiene lugar todos los a\u00f1os el primer s\u00e1bado de la segunda quincena de septiembre.<\/p>\n\n\n\n<figure class=\"wp-block-image size-full is-resized\"><img loading=\"lazy\" decoding=\"async\" width=\"1024\" height=\"591\" src=\"https:\/\/www.escapadarural.com\/blog\/wp-content\/uploads\/2025\/07\/Allipebre_a_un_restaurant_del_Palmar_Valencia.webp\" alt=\"Allipebre en un restaurante del Palmar. Por Joanbanjo (Wikipedia)\" class=\"wp-image-204325\" style=\"width:1109px;height:auto\" srcset=\"https:\/\/www.escapadarural.com\/blog\/wp-content\/uploads\/2025\/07\/Allipebre_a_un_restaurant_del_Palmar_Valencia-200x115.webp 200w, https:\/\/www.escapadarural.com\/blog\/wp-content\/uploads\/2025\/07\/Allipebre_a_un_restaurant_del_Palmar_Valencia-300x173.webp 300w, https:\/\/www.escapadarural.com\/blog\/wp-content\/uploads\/2025\/07\/Allipebre_a_un_restaurant_del_Palmar_Valencia-400x231.webp 400w, https:\/\/www.escapadarural.com\/blog\/wp-content\/uploads\/2025\/07\/Allipebre_a_un_restaurant_del_Palmar_Valencia-600x346.webp 600w, https:\/\/www.escapadarural.com\/blog\/wp-content\/uploads\/2025\/07\/Allipebre_a_un_restaurant_del_Palmar_Valencia-768x443.webp 768w, https:\/\/www.escapadarural.com\/blog\/wp-content\/uploads\/2025\/07\/Allipebre_a_un_restaurant_del_Palmar_Valencia-800x462.webp 800w, https:\/\/www.escapadarural.com\/blog\/wp-content\/uploads\/2025\/07\/Allipebre_a_un_restaurant_del_Palmar_Valencia.webp 1024w\" sizes=\"auto, (max-width: 1024px) 100vw, 1024px\" \/><figcaption class=\"wp-element-caption\">Allipebre en un restaurante del Palmar. Por <a href=\"https:\/\/es.m.wikipedia.org\/wiki\/Archivo:Allipebre_a_un_restaurant_del_Palmar.jpg\" target=\"_blank\" rel=\"noreferrer noopener nofollow\">Joanbanjo<\/a> <\/figcaption><\/figure>\n\n\n\n<p>Se lleva organizando desde el a\u00f1o 1971 en el puerto de Catarroja y <strong>est\u00e1 declarado Fiesta de Inter\u00e9s Tur\u00edstico Auton\u00f3mico<\/strong>. Tiene dos variantes: una, en la que se cocina el plato siguiendo la receta tradicional; y otra, en la que se da total libertad para hacer una interpretaci\u00f3n personal del plato. El certamen es todo un acontecimiento en la Albufera de Valencia y atrae a miles de personas. No solo el jurado se lleva a la boca el exquisito manjar: el Ayuntamiento de Catarroja tambi\u00e9n cocina <em>allipebre<\/em> y proporciona a los visitantes unas <strong>3.000 raciones de degustaci\u00f3n<\/strong>.<\/p>\n\n\n\n<p>El de Catarroja no es el \u00fanico concurso que se celebra en torno al allipebre. Otros municipios y pueblos que rodean el humedal tambi\u00e9n han hecho suyo el plato y tienen citas anuales para homenajearlo y mantener viva su tradici\u00f3n. Es el caso del <strong>Concurs d\u2019Allipebre Tradicional del Palmar<\/strong>, que est\u00e1 reconocido como Fiesta de Inter\u00e9s Tur\u00edstico Local de la Comunidad Valenciana. Se celebra todos los a\u00f1os el primer o segundo lunes del mes de julio desde el a\u00f1o 2010 en las calles del Palmar, un peque\u00f1o pueblo de pescadores ubicado en el coraz\u00f3n de la Albufera de Valencia.<\/p>\n\n\n\n<blockquote class=\"wp-block-quote is-layout-flow wp-block-quote-is-layout-flow\">\n<p>Los concursos de allipebre en Catarroja y El Palmar acaban con degustaciones gratuitas para los visitantes<\/p>\n<\/blockquote>\n\n\n\n<p>El del Palmar es el primer concurso que est\u00e1 <strong>dedicado exclusivamente al colectivo de cocineros<\/strong>. Como peculiaridad, en \u00e9l est\u00e1n limitados los ingredientes que se pueden utilizar: aceite de oliva virgen extra, guindilla, sal, piment\u00f3n rojo, agua, patatas, ajo y anguilas. Al acabar el certamen, se reparten raciones de degustaci\u00f3n entre los asistentes. Participa una treintena de restaurantes y re\u00fane a unos 2.500 comensales.<\/p>\n\n\n\n<h2 class=\"wp-block-heading\" id=\"h-una-ruta-de-senderismo-hasta-un-antiguo-tancat-reconvertido-en-area-de-reserva\"><strong>Una ruta de senderismo hasta un antiguo \u201ctancat\u201d reconvertido en \u00e1rea de reserva<\/strong><\/h2>\n\n\n\n<figure class=\"wp-block-image size-full\"><img loading=\"lazy\" decoding=\"async\" width=\"1024\" height=\"684\" src=\"https:\/\/www.escapadarural.com\/blog\/wp-content\/uploads\/2016\/02\/Humedales-4-2-1024x684-1.jpg\" alt=\"Parque Natural de la Albufera (Comunidad Valenciana). Por Olaf Speier\" class=\"wp-image-116095\" srcset=\"https:\/\/www.escapadarural.com\/blog\/wp-content\/uploads\/2016\/02\/Humedales-4-2-1024x684-1-200x134.jpg 200w, https:\/\/www.escapadarural.com\/blog\/wp-content\/uploads\/2016\/02\/Humedales-4-2-1024x684-1-300x200.jpg 300w, https:\/\/www.escapadarural.com\/blog\/wp-content\/uploads\/2016\/02\/Humedales-4-2-1024x684-1-400x267.jpg 400w, https:\/\/www.escapadarural.com\/blog\/wp-content\/uploads\/2016\/02\/Humedales-4-2-1024x684-1-600x401.jpg 600w, https:\/\/www.escapadarural.com\/blog\/wp-content\/uploads\/2016\/02\/Humedales-4-2-1024x684-1-768x513.jpg 768w, https:\/\/www.escapadarural.com\/blog\/wp-content\/uploads\/2016\/02\/Humedales-4-2-1024x684-1-800x534.jpg 800w, https:\/\/www.escapadarural.com\/blog\/wp-content\/uploads\/2016\/02\/Humedales-4-2-1024x684-1.jpg 1024w\" sizes=\"auto, (max-width: 1024px) 100vw, 1024px\" \/><figcaption class=\"wp-element-caption\">Parque Natural de la Albufera (Comunidad Valenciana). Por Olaf Speier <\/figcaption><\/figure>\n\n\n\n<p>Para hacer hambre o para bajar la comida, recomendamos <strong>conocer el entorno del Parque Natural de la Albufera a pie<\/strong>. Es un entorno f\u00e1cil de caminar, llano y con paisajes inolvidables. Una opci\u00f3n sencilla es el la Ruta Blava (ruta azul) que va del puerto de Catarroja al Tancat de la Pipa. Los <em>tancats<\/em> (del valenciano, \u201ccerrados\u201d) del humedal son <strong>zonas de arrozal que se han ganado a la laguna durante a\u00f1os<\/strong>, tras los aterramientos realizados en los siglos XIX y XX. El nivel de los campos de cultivo est\u00e1 por debajo del de las aguas, por lo que tienen que estar aislados de la laguna para no quedar constantemente inundados. Todos comparten un mismo sistema h\u00eddrico: el agua entra por gravedad y se expulsa por turbinas.<\/p>\n\n\n\n<p>La <strong>Ruta Blava tiene 3,7 kil\u00f3metros y es lineal<\/strong>, por lo que se va y se vuelve por el mismo sitio (en total, 7,4 kil\u00f3metros, unas dos horas). Es un camino tranquilo que transcurre entre arrozales y llega hasta la desembocadura del barranco de Chiva, que es el m\u00e1s importante de la cuenca de la Albufera. Si te gusta el avistamiento de aves, no te olvides de los prism\u00e1ticos. En d\u00edas de sol hay que protegerse, porque el sendero no tiene pr\u00e1cticamente sombras.<\/p>\n\n\n\n<figure class=\"wp-block-image size-large\"><img loading=\"lazy\" decoding=\"async\" width=\"1024\" height=\"683\" src=\"https:\/\/www.escapadarural.com\/blog\/wp-content\/uploads\/2023\/08\/arrozales-albufera-scaled-1-1024x683.jpg\" alt=\"Arrozales de L\u00b4Albufera\" class=\"wp-image-65679\"\/><figcaption class=\"wp-element-caption\">Arrozales de L\u00b4Albufera. Por F.C.G.<\/figcaption><\/figure>\n\n\n\n<p>La \u00e9poca del a\u00f1o determina lo que se ve en el humedal, ya que el ciclo del cultivo del arroz va modificando el paisaje. <strong>El momento m\u00e1s espectacular es el de \u201cla Perellon\u00e0\u201d, de noviembre a enero<\/strong>, cuando los agricultores cierran las compuertas de la playa de El Perell\u00f3 para que se inunden los campos de arroz durante m\u00e1s de dos meses y <strong>la Albufera se convierte en el lago m\u00e1s grande de Espa\u00f1a<\/strong>. Llega a sumar unas 17.500 hect\u00e1reas, recuperando as\u00ed las que ten\u00eda a finales del siglo XVIII, antes de los aterramientos. <\/p>\n\n\n\n<p>Hay que tener en cuenta que esta inundaci\u00f3n limita el movimiento, ya que muchos caminos, m\u00e1rgenes y acequias quedan bajo el agua. Reaparecen cuando se abren las compuertas para secar los campos (acci\u00f3n conocida como \u201cla aixug\u00e0\u201d). Entonces los arrozales se ti\u00f1en de verde hasta mayo, cuando se recoge el grano. Que no te extra\u00f1e <strong>ver grandes nubes de humo entre septiembre y octubre: es la quema de los rastrojos<\/strong>, de la parte a\u00e9rea del cultivo.<\/p>\n\n\n\n<p>El final de la ruta, el mencionado Tancat de la Pipa, es un \u00e1rea de reserva con la que se transformaron 40 hect\u00e1reas de campos de arroz en h\u00e1bitats de agua dulce t\u00edpicos del Parque Natural de la Albufera. Tiene filtros verdes para mejorar su calidad y constituye zona de refugio, alimentaci\u00f3n y reproducci\u00f3n para muchas especies de fauna y flora. Se puede conocer de forma gratuita tanto por libre como con <a href=\"https:\/\/www.tancatdelapipa.net\/copia-de-como-llegar\" target=\"_blank\" rel=\"noreferrer noopener nofollow\">visitas guiadas, aunque siempre hay que reservar<\/a>. <\/p>\n","protected":false},"excerpt":{"rendered":"<p>L&#8217;Albufera, en Valencia, tiene otro tesoro gastron\u00f3mico: el allipebre, basado en la anguila que se pesca en sus aguas<\/p>\n","protected":false},"author":123,"featured_media":204325,"comment_status":"open","ping_status":"open","sticky":false,"template":"","format":"standard","meta":{"_acf_changed":false,"om_disable_all_campaigns":false,"footnotes":""},"categories":[191],"tags":[1380,6399,6397,6398,469,508,602],"class_list":["post-204322","post","type-post","status-publish","format-standard","has-post-thumbnail","hentry","category-destinos","tag-albufera","tag-albufera-de-valencia","tag-allipebre","tag-catarroja","tag-que-ver-en-la-comunidad-valenciana","tag-gastronomia","tag-que-ver-en-valencia"],"acf":[],"featured_image_src":"https:\/\/www.escapadarural.com\/blog\/wp-content\/uploads\/2025\/07\/Allipebre_a_un_restaurant_del_Palmar_Valencia.webp","author_info":{"display_name":"Raquel Andr\u00e9s","author_link":"https:\/\/www.escapadarural.com\/blog\/autor\/raquel\/"},"yoast_head":"<!-- This site is optimized with the Yoast SEO plugin v27.5 - https:\/\/yoast.com\/product\/yoast-seo-wordpress\/ -->\n<title>No es paella: el plato de la Albufera que solo los valencianos conocen (y tienes que probar ya)<\/title>\n<meta name=\"description\" content=\"L&#039;Albufera, en Valencia, tiene otro tesoro gastron\u00f3mico: el allipebre, basado en la anguila que se pesca en sus aguas\" \/>\n<meta name=\"robots\" content=\"index, follow, max-snippet:-1, max-image-preview:large, max-video-preview:-1\" \/>\n<link rel=\"canonical\" href=\"https:\/\/www.escapadarural.com\/blog\/allipebre-plato-albufera-valencia\/\" \/>\n<meta property=\"og:locale\" content=\"es_ES\" \/>\n<meta property=\"og:type\" content=\"article\" \/>\n<meta property=\"og:title\" content=\"No es paella: el plato de la Albufera que solo los valencianos conocen (y tienes que probar ya)\" \/>\n<meta property=\"og:description\" content=\"L&#039;Albufera, en Valencia, tiene otro tesoro gastron\u00f3mico: el allipebre, basado en la anguila que se pesca en sus aguas\" \/>\n<meta property=\"og:url\" content=\"https:\/\/www.escapadarural.com\/blog\/allipebre-plato-albufera-valencia\/\" \/>\n<meta property=\"og:site_name\" content=\"Magazine de viajes de EscapadaRural\" \/>\n<meta property=\"article:publisher\" content=\"https:\/\/www.facebook.com\/escapadarural\" \/>\n<meta property=\"article:published_time\" content=\"2025-08-23T06:55:00+00:00\" \/>\n<meta property=\"article:modified_time\" content=\"2026-03-23T16:04:51+00:00\" \/>\n<meta property=\"og:image\" content=\"https:\/\/www.escapadarural.com\/blog\/wp-content\/uploads\/2025\/07\/Allipebre_a_un_restaurant_del_Palmar_Valencia.webp?v=1774281891\" \/>\n\t<meta property=\"og:image:width\" content=\"1024\" \/>\n\t<meta property=\"og:image:height\" content=\"591\" \/>\n\t<meta property=\"og:image:type\" content=\"image\/webp\" \/>\n<meta name=\"author\" content=\"Raquel Andr\u00e9s\" \/>\n<meta name=\"twitter:card\" content=\"summary_large_image\" \/>\n<meta name=\"twitter:label1\" content=\"Escrito por\" \/>\n\t<meta name=\"twitter:data1\" content=\"Raquel Andr\u00e9s\" \/>\n\t<meta name=\"twitter:label2\" content=\"Tiempo de lectura\" \/>\n\t<meta name=\"twitter:data2\" content=\"6 minutos\" \/>\n<script type=\"application\/ld+json\" class=\"yoast-schema-graph\">{\"@context\":\"https:\\\/\\\/schema.org\",\"@graph\":[{\"@type\":\"Article\",\"@id\":\"https:\\\/\\\/www.escapadarural.com\\\/blog\\\/allipebre-plato-albufera-valencia\\\/#article\",\"isPartOf\":{\"@id\":\"https:\\\/\\\/www.escapadarural.com\\\/blog\\\/allipebre-plato-albufera-valencia\\\/\"},\"author\":{\"name\":\"Raquel Andr\u00e9s\",\"@id\":\"https:\\\/\\\/www.escapadarural.com\\\/blog\\\/#\\\/schema\\\/person\\\/67be061eb00d8315fa8642e01b88c894\"},\"headline\":\"No es paella: el plato de la Albufera que solo los valencianos conocen (y tienes que probar ya)\",\"datePublished\":\"2025-08-23T06:55:00+00:00\",\"dateModified\":\"2026-03-23T16:04:51+00:00\",\"mainEntityOfPage\":{\"@id\":\"https:\\\/\\\/www.escapadarural.com\\\/blog\\\/allipebre-plato-albufera-valencia\\\/\"},\"wordCount\":1196,\"commentCount\":0,\"publisher\":{\"@id\":\"https:\\\/\\\/www.escapadarural.com\\\/blog\\\/#organization\"},\"image\":{\"@id\":\"https:\\\/\\\/www.escapadarural.com\\\/blog\\\/allipebre-plato-albufera-valencia\\\/#primaryimage\"},\"thumbnailUrl\":\"https:\\\/\\\/www.escapadarural.com\\\/blog\\\/wp-content\\\/uploads\\\/2025\\\/07\\\/Allipebre_a_un_restaurant_del_Palmar_Valencia.webp\",\"keywords\":[\"Albufera\",\"Albufera de Valencia\",\"allipebre\",\"Catarroja\",\"Comunidad Valenciana\",\"Gastronom\u00eda\",\"Valencia\"],\"articleSection\":[\"Destinos\"],\"inLanguage\":\"es\",\"potentialAction\":[{\"@type\":\"CommentAction\",\"name\":\"Comment\",\"target\":[\"https:\\\/\\\/www.escapadarural.com\\\/blog\\\/allipebre-plato-albufera-valencia\\\/#respond\"]}]},{\"@type\":\"WebPage\",\"@id\":\"https:\\\/\\\/www.escapadarural.com\\\/blog\\\/allipebre-plato-albufera-valencia\\\/\",\"url\":\"https:\\\/\\\/www.escapadarural.com\\\/blog\\\/allipebre-plato-albufera-valencia\\\/\",\"name\":\"No es paella: el plato de la Albufera que solo los valencianos conocen (y tienes que probar ya)\",\"isPartOf\":{\"@id\":\"https:\\\/\\\/www.escapadarural.com\\\/blog\\\/#website\"},\"primaryImageOfPage\":{\"@id\":\"https:\\\/\\\/www.escapadarural.com\\\/blog\\\/allipebre-plato-albufera-valencia\\\/#primaryimage\"},\"image\":{\"@id\":\"https:\\\/\\\/www.escapadarural.com\\\/blog\\\/allipebre-plato-albufera-valencia\\\/#primaryimage\"},\"thumbnailUrl\":\"https:\\\/\\\/www.escapadarural.com\\\/blog\\\/wp-content\\\/uploads\\\/2025\\\/07\\\/Allipebre_a_un_restaurant_del_Palmar_Valencia.webp\",\"datePublished\":\"2025-08-23T06:55:00+00:00\",\"dateModified\":\"2026-03-23T16:04:51+00:00\",\"description\":\"L'Albufera, en Valencia, tiene otro tesoro gastron\u00f3mico: el allipebre, basado en la anguila que se pesca en sus aguas\",\"breadcrumb\":{\"@id\":\"https:\\\/\\\/www.escapadarural.com\\\/blog\\\/allipebre-plato-albufera-valencia\\\/#breadcrumb\"},\"inLanguage\":\"es\",\"potentialAction\":[{\"@type\":\"ReadAction\",\"target\":[\"https:\\\/\\\/www.escapadarural.com\\\/blog\\\/allipebre-plato-albufera-valencia\\\/\"]}]},{\"@type\":\"ImageObject\",\"inLanguage\":\"es\",\"@id\":\"https:\\\/\\\/www.escapadarural.com\\\/blog\\\/allipebre-plato-albufera-valencia\\\/#primaryimage\",\"url\":\"https:\\\/\\\/www.escapadarural.com\\\/blog\\\/wp-content\\\/uploads\\\/2025\\\/07\\\/Allipebre_a_un_restaurant_del_Palmar_Valencia.webp\",\"contentUrl\":\"https:\\\/\\\/www.escapadarural.com\\\/blog\\\/wp-content\\\/uploads\\\/2025\\\/07\\\/Allipebre_a_un_restaurant_del_Palmar_Valencia.webp\",\"width\":1024,\"height\":591,\"caption\":\"Allipebre en un restaurante del Palmar. Por Joanbanjo\"},{\"@type\":\"BreadcrumbList\",\"@id\":\"https:\\\/\\\/www.escapadarural.com\\\/blog\\\/allipebre-plato-albufera-valencia\\\/#breadcrumb\",\"itemListElement\":[{\"@type\":\"ListItem\",\"position\":1,\"name\":\"Inicio\",\"item\":\"https:\\\/\\\/www.escapadarural.com\\\/blog\\\/\"},{\"@type\":\"ListItem\",\"position\":2,\"name\":\"Destinos\",\"item\":\"https:\\\/\\\/www.escapadarural.com\\\/blog\\\/categoria\\\/destinos\\\/\"},{\"@type\":\"ListItem\",\"position\":3,\"name\":\"No es paella: el plato de la Albufera que solo los valencianos conocen (y tienes que probar ya)\"}]},{\"@type\":\"WebSite\",\"@id\":\"https:\\\/\\\/www.escapadarural.com\\\/blog\\\/#website\",\"url\":\"https:\\\/\\\/www.escapadarural.com\\\/blog\\\/\",\"name\":\"Blog de viajes | turismo rural, alojamientos e inspiraci\u00f3n\",\"description\":\"Alojamientos rurales e inspiraci\u00f3n para tus escapadas\",\"publisher\":{\"@id\":\"https:\\\/\\\/www.escapadarural.com\\\/blog\\\/#organization\"},\"alternateName\":\"Magazine de viajes de EscapadaRural\",\"potentialAction\":[{\"@type\":\"SearchAction\",\"target\":{\"@type\":\"EntryPoint\",\"urlTemplate\":\"https:\\\/\\\/www.escapadarural.com\\\/blog\\\/?s={search_term_string}\"},\"query-input\":{\"@type\":\"PropertyValueSpecification\",\"valueRequired\":true,\"valueName\":\"search_term_string\"}}],\"inLanguage\":\"es\"},{\"@type\":\"Organization\",\"@id\":\"https:\\\/\\\/www.escapadarural.com\\\/blog\\\/#organization\",\"name\":\"EscapadaRural\",\"url\":\"https:\\\/\\\/www.escapadarural.com\\\/blog\\\/\",\"logo\":{\"@type\":\"ImageObject\",\"inLanguage\":\"es\",\"@id\":\"https:\\\/\\\/www.escapadarural.com\\\/blog\\\/#\\\/schema\\\/logo\\\/image\\\/\",\"url\":\"https:\\\/\\\/www.escapadarural.com\\\/blog\\\/wp-content\\\/uploads\\\/2024\\\/10\\\/cropped-cropped-escapada-rural-icon-mag-3.png\",\"contentUrl\":\"https:\\\/\\\/www.escapadarural.com\\\/blog\\\/wp-content\\\/uploads\\\/2024\\\/10\\\/cropped-cropped-escapada-rural-icon-mag-3.png\",\"width\":512,\"height\":512,\"caption\":\"EscapadaRural\"},\"image\":{\"@id\":\"https:\\\/\\\/www.escapadarural.com\\\/blog\\\/#\\\/schema\\\/logo\\\/image\\\/\"},\"sameAs\":[\"https:\\\/\\\/www.facebook.com\\\/escapadarural\",\"https:\\\/\\\/www.instagram.com\\\/escapadarural\\\/\",\"https:\\\/\\\/www.youtube.com\\\/@escapadaruralcom\"]},{\"@type\":\"Person\",\"@id\":\"https:\\\/\\\/www.escapadarural.com\\\/blog\\\/#\\\/schema\\\/person\\\/67be061eb00d8315fa8642e01b88c894\",\"name\":\"Raquel Andr\u00e9s\",\"image\":{\"@type\":\"ImageObject\",\"inLanguage\":\"es\",\"@id\":\"https:\\\/\\\/secure.gravatar.com\\\/avatar\\\/b45840531462f3cafb335a9fc5c0bfda2c07c3df4b82b304b923526b85cc6cb5?s=96&d=mm&r=g\",\"url\":\"https:\\\/\\\/secure.gravatar.com\\\/avatar\\\/b45840531462f3cafb335a9fc5c0bfda2c07c3df4b82b304b923526b85cc6cb5?s=96&d=mm&r=g\",\"contentUrl\":\"https:\\\/\\\/secure.gravatar.com\\\/avatar\\\/b45840531462f3cafb335a9fc5c0bfda2c07c3df4b82b304b923526b85cc6cb5?s=96&d=mm&r=g\",\"caption\":\"Raquel Andr\u00e9s\"},\"description\":\"Periodista y aventurera. Me has podido leer en Escapada Rural, Diari Nosaltres La Veu, La Vanguardia, El Salto y otros medios. Habitante y amante de las zonas rurales, sea cual sea el destino. Procuro escaparme una vez por semana con las botas de monta\u00f1a, el arn\u00e9s o el neopreno. Tambi\u00e9n soy un intento de baserritarra.\",\"url\":\"https:\\\/\\\/www.escapadarural.com\\\/blog\\\/autor\\\/raquel\\\/\"}]}<\/script>\n<!-- \/ Yoast SEO plugin. -->","yoast_head_json":{"title":"No es paella: el plato de la Albufera que solo los valencianos conocen (y tienes que probar ya)","description":"L'Albufera, en Valencia, tiene otro tesoro gastron\u00f3mico: el allipebre, basado en la anguila que se pesca en sus aguas","robots":{"index":"index","follow":"follow","max-snippet":"max-snippet:-1","max-image-preview":"max-image-preview:large","max-video-preview":"max-video-preview:-1"},"canonical":"https:\/\/www.escapadarural.com\/blog\/allipebre-plato-albufera-valencia\/","og_locale":"es_ES","og_type":"article","og_title":"No es paella: el plato de la Albufera que solo los valencianos conocen (y tienes que probar ya)","og_description":"L'Albufera, en Valencia, tiene otro tesoro gastron\u00f3mico: el allipebre, basado en la anguila que se pesca en sus aguas","og_url":"https:\/\/www.escapadarural.com\/blog\/allipebre-plato-albufera-valencia\/","og_site_name":"Magazine de viajes de EscapadaRural","article_publisher":"https:\/\/www.facebook.com\/escapadarural","article_published_time":"2025-08-23T06:55:00+00:00","article_modified_time":"2026-03-23T16:04:51+00:00","og_image":[{"width":1024,"height":591,"url":"https:\/\/www.escapadarural.com\/blog\/wp-content\/uploads\/2025\/07\/Allipebre_a_un_restaurant_del_Palmar_Valencia.webp?v=1774281891","type":"image\/webp"}],"author":"Raquel Andr\u00e9s","twitter_card":"summary_large_image","twitter_misc":{"Escrito por":"Raquel Andr\u00e9s","Tiempo de lectura":"6 minutos"},"schema":{"@context":"https:\/\/schema.org","@graph":[{"@type":"Article","@id":"https:\/\/www.escapadarural.com\/blog\/allipebre-plato-albufera-valencia\/#article","isPartOf":{"@id":"https:\/\/www.escapadarural.com\/blog\/allipebre-plato-albufera-valencia\/"},"author":{"name":"Raquel Andr\u00e9s","@id":"https:\/\/www.escapadarural.com\/blog\/#\/schema\/person\/67be061eb00d8315fa8642e01b88c894"},"headline":"No es paella: el plato de la Albufera que solo los valencianos conocen (y tienes que probar ya)","datePublished":"2025-08-23T06:55:00+00:00","dateModified":"2026-03-23T16:04:51+00:00","mainEntityOfPage":{"@id":"https:\/\/www.escapadarural.com\/blog\/allipebre-plato-albufera-valencia\/"},"wordCount":1196,"commentCount":0,"publisher":{"@id":"https:\/\/www.escapadarural.com\/blog\/#organization"},"image":{"@id":"https:\/\/www.escapadarural.com\/blog\/allipebre-plato-albufera-valencia\/#primaryimage"},"thumbnailUrl":"https:\/\/www.escapadarural.com\/blog\/wp-content\/uploads\/2025\/07\/Allipebre_a_un_restaurant_del_Palmar_Valencia.webp","keywords":["Albufera","Albufera de Valencia","allipebre","Catarroja","Comunidad Valenciana","Gastronom\u00eda","Valencia"],"articleSection":["Destinos"],"inLanguage":"es","potentialAction":[{"@type":"CommentAction","name":"Comment","target":["https:\/\/www.escapadarural.com\/blog\/allipebre-plato-albufera-valencia\/#respond"]}]},{"@type":"WebPage","@id":"https:\/\/www.escapadarural.com\/blog\/allipebre-plato-albufera-valencia\/","url":"https:\/\/www.escapadarural.com\/blog\/allipebre-plato-albufera-valencia\/","name":"No es paella: el plato de la Albufera que solo los valencianos conocen (y tienes que probar ya)","isPartOf":{"@id":"https:\/\/www.escapadarural.com\/blog\/#website"},"primaryImageOfPage":{"@id":"https:\/\/www.escapadarural.com\/blog\/allipebre-plato-albufera-valencia\/#primaryimage"},"image":{"@id":"https:\/\/www.escapadarural.com\/blog\/allipebre-plato-albufera-valencia\/#primaryimage"},"thumbnailUrl":"https:\/\/www.escapadarural.com\/blog\/wp-content\/uploads\/2025\/07\/Allipebre_a_un_restaurant_del_Palmar_Valencia.webp","datePublished":"2025-08-23T06:55:00+00:00","dateModified":"2026-03-23T16:04:51+00:00","description":"L'Albufera, en Valencia, tiene otro tesoro gastron\u00f3mico: el allipebre, basado en la anguila que se pesca en sus aguas","breadcrumb":{"@id":"https:\/\/www.escapadarural.com\/blog\/allipebre-plato-albufera-valencia\/#breadcrumb"},"inLanguage":"es","potentialAction":[{"@type":"ReadAction","target":["https:\/\/www.escapadarural.com\/blog\/allipebre-plato-albufera-valencia\/"]}]},{"@type":"ImageObject","inLanguage":"es","@id":"https:\/\/www.escapadarural.com\/blog\/allipebre-plato-albufera-valencia\/#primaryimage","url":"https:\/\/www.escapadarural.com\/blog\/wp-content\/uploads\/2025\/07\/Allipebre_a_un_restaurant_del_Palmar_Valencia.webp","contentUrl":"https:\/\/www.escapadarural.com\/blog\/wp-content\/uploads\/2025\/07\/Allipebre_a_un_restaurant_del_Palmar_Valencia.webp","width":1024,"height":591,"caption":"Allipebre en un restaurante del Palmar. Por Joanbanjo"},{"@type":"BreadcrumbList","@id":"https:\/\/www.escapadarural.com\/blog\/allipebre-plato-albufera-valencia\/#breadcrumb","itemListElement":[{"@type":"ListItem","position":1,"name":"Inicio","item":"https:\/\/www.escapadarural.com\/blog\/"},{"@type":"ListItem","position":2,"name":"Destinos","item":"https:\/\/www.escapadarural.com\/blog\/categoria\/destinos\/"},{"@type":"ListItem","position":3,"name":"No es paella: el plato de la Albufera que solo los valencianos conocen (y tienes que probar ya)"}]},{"@type":"WebSite","@id":"https:\/\/www.escapadarural.com\/blog\/#website","url":"https:\/\/www.escapadarural.com\/blog\/","name":"Blog de viajes | turismo rural, alojamientos e inspiraci\u00f3n","description":"Alojamientos rurales e inspiraci\u00f3n para tus escapadas","publisher":{"@id":"https:\/\/www.escapadarural.com\/blog\/#organization"},"alternateName":"Magazine de viajes de EscapadaRural","potentialAction":[{"@type":"SearchAction","target":{"@type":"EntryPoint","urlTemplate":"https:\/\/www.escapadarural.com\/blog\/?s={search_term_string}"},"query-input":{"@type":"PropertyValueSpecification","valueRequired":true,"valueName":"search_term_string"}}],"inLanguage":"es"},{"@type":"Organization","@id":"https:\/\/www.escapadarural.com\/blog\/#organization","name":"EscapadaRural","url":"https:\/\/www.escapadarural.com\/blog\/","logo":{"@type":"ImageObject","inLanguage":"es","@id":"https:\/\/www.escapadarural.com\/blog\/#\/schema\/logo\/image\/","url":"https:\/\/www.escapadarural.com\/blog\/wp-content\/uploads\/2024\/10\/cropped-cropped-escapada-rural-icon-mag-3.png","contentUrl":"https:\/\/www.escapadarural.com\/blog\/wp-content\/uploads\/2024\/10\/cropped-cropped-escapada-rural-icon-mag-3.png","width":512,"height":512,"caption":"EscapadaRural"},"image":{"@id":"https:\/\/www.escapadarural.com\/blog\/#\/schema\/logo\/image\/"},"sameAs":["https:\/\/www.facebook.com\/escapadarural","https:\/\/www.instagram.com\/escapadarural\/","https:\/\/www.youtube.com\/@escapadaruralcom"]},{"@type":"Person","@id":"https:\/\/www.escapadarural.com\/blog\/#\/schema\/person\/67be061eb00d8315fa8642e01b88c894","name":"Raquel Andr\u00e9s","image":{"@type":"ImageObject","inLanguage":"es","@id":"https:\/\/secure.gravatar.com\/avatar\/b45840531462f3cafb335a9fc5c0bfda2c07c3df4b82b304b923526b85cc6cb5?s=96&d=mm&r=g","url":"https:\/\/secure.gravatar.com\/avatar\/b45840531462f3cafb335a9fc5c0bfda2c07c3df4b82b304b923526b85cc6cb5?s=96&d=mm&r=g","contentUrl":"https:\/\/secure.gravatar.com\/avatar\/b45840531462f3cafb335a9fc5c0bfda2c07c3df4b82b304b923526b85cc6cb5?s=96&d=mm&r=g","caption":"Raquel Andr\u00e9s"},"description":"Periodista y aventurera. Me has podido leer en Escapada Rural, Diari Nosaltres La Veu, La Vanguardia, El Salto y otros medios. Habitante y amante de las zonas rurales, sea cual sea el destino. Procuro escaparme una vez por semana con las botas de monta\u00f1a, el arn\u00e9s o el neopreno. Tambi\u00e9n soy un intento de baserritarra.","url":"https:\/\/www.escapadarural.com\/blog\/autor\/raquel\/"}]}},"_links":{"self":[{"href":"https:\/\/www.escapadarural.com\/blog\/wp-json\/wp\/v2\/posts\/204322","targetHints":{"allow":["GET"]}}],"collection":[{"href":"https:\/\/www.escapadarural.com\/blog\/wp-json\/wp\/v2\/posts"}],"about":[{"href":"https:\/\/www.escapadarural.com\/blog\/wp-json\/wp\/v2\/types\/post"}],"author":[{"embeddable":true,"href":"https:\/\/www.escapadarural.com\/blog\/wp-json\/wp\/v2\/users\/123"}],"replies":[{"embeddable":true,"href":"https:\/\/www.escapadarural.com\/blog\/wp-json\/wp\/v2\/comments?post=204322"}],"version-history":[{"count":0,"href":"https:\/\/www.escapadarural.com\/blog\/wp-json\/wp\/v2\/posts\/204322\/revisions"}],"wp:featuredmedia":[{"embeddable":true,"href":"https:\/\/www.escapadarural.com\/blog\/wp-json\/wp\/v2\/media\/204325"}],"wp:attachment":[{"href":"https:\/\/www.escapadarural.com\/blog\/wp-json\/wp\/v2\/media?parent=204322"}],"wp:term":[{"taxonomy":"category","embeddable":true,"href":"https:\/\/www.escapadarural.com\/blog\/wp-json\/wp\/v2\/categories?post=204322"},{"taxonomy":"post_tag","embeddable":true,"href":"https:\/\/www.escapadarural.com\/blog\/wp-json\/wp\/v2\/tags?post=204322"}],"curies":[{"name":"wp","href":"https:\/\/api.w.org\/{rel}","templated":true}]}}