{"id":204402,"date":"2025-07-17T13:20:54","date_gmt":"2025-07-17T11:20:54","guid":{"rendered":"https:\/\/www.escapadarural.com\/blog\/?p=204402"},"modified":"2025-07-17T13:25:18","modified_gmt":"2025-07-17T11:25:18","slug":"tu-pueblo-me-suena","status":"publish","type":"post","link":"https:\/\/www.escapadarural.com\/blog\/tu-pueblo-me-suena\/","title":{"rendered":"Tu pueblo me suena\u2026 porque todos tienen una plaza, un bar y unas fiestas que son las mejores"},"content":{"rendered":"\n<p>El verano trae consigo las vacaciones en el<strong> pueblo de toda la vida<\/strong>. Esa escapada que parece tan humilde frente a los grandes viajes a islas ex\u00f3ticas o a destinos paradis\u00edacos, pero que guarda un atractivo al que no se le pueden poner estrellas en Google. Porque los municipios tienen algo que no se mide en kil\u00f3metros, ni en lujos, ni en likes. Comparten el calorcito de sentirse en casa, aunque no vivas all\u00ed.<\/p>\n\n\n\n<p>Y si te paras a pensarlo, tu pueblo no es tan \u00fanico como cre\u00edas. Es cierto que cada paisano presume de su banco donde los abuelos saludan a locales y forasteros, su bar que tambi\u00e9n hace las veces de estanco y consultorio o su <strong>plaza mayor<\/strong> donde siempre pasa algo. Pero si visitas alguno este <strong>verano<\/strong>, ver\u00e1s que todos comparten esa peque\u00f1a magia com\u00fan. En este art\u00edculo le dedicamos unas palabras bonitas a esos clich\u00e9s rurales que, lejos de restarles encanto, nos invitan a quererlos y visitarlos m\u00e1s.\u00a0<\/p>\n\n\n\n<div class=\"wp-block-buttons is-layout-flex wp-block-buttons-is-layout-flex\">\n<div class=\"wp-block-button\"><a class=\"wp-block-button__link wp-element-button\" href=\"\/casas-rurales\">Encentra tu alojamiento<\/a><\/div>\n<\/div>\n\n\n\n<h2 class=\"wp-block-heading\" id=\"h-el-banco-de-los-abuelos-y-las-abuelas-burgos\"><strong>El banco de los abuelos y las abuelas<\/strong> (<strong><a href=\"\/casas-rurales\/burgos\">Burgos<\/a><\/strong>)<\/h2>\n\n\n\n<figure class=\"wp-block-image size-large\"><img loading=\"lazy\" decoding=\"async\" width=\"1024\" height=\"683\" src=\"https:\/\/www.escapadarural.com\/blog\/wp-content\/uploads\/2025\/07\/covarrubias-1024x683.webp\" alt=\"Covarrubias, Burgos, Castilla y Le\u00f3n\" class=\"wp-image-204407\" srcset=\"https:\/\/www.escapadarural.com\/blog\/wp-content\/uploads\/2025\/07\/covarrubias-200x133.webp 200w, https:\/\/www.escapadarural.com\/blog\/wp-content\/uploads\/2025\/07\/covarrubias-300x200.webp 300w, https:\/\/www.escapadarural.com\/blog\/wp-content\/uploads\/2025\/07\/covarrubias-400x267.webp 400w, https:\/\/www.escapadarural.com\/blog\/wp-content\/uploads\/2025\/07\/covarrubias-600x400.webp 600w, https:\/\/www.escapadarural.com\/blog\/wp-content\/uploads\/2025\/07\/covarrubias-768x512.webp 768w, https:\/\/www.escapadarural.com\/blog\/wp-content\/uploads\/2025\/07\/covarrubias-800x533.webp 800w, https:\/\/www.escapadarural.com\/blog\/wp-content\/uploads\/2025\/07\/covarrubias-1024x683.webp 1024w, https:\/\/www.escapadarural.com\/blog\/wp-content\/uploads\/2025\/07\/covarrubias.webp 1200w\" sizes=\"auto, (max-width: 1024px) 100vw, 1024px\" \/><figcaption class=\"wp-element-caption\">Covarrubias. Por: Beatriz<\/figcaption><\/figure>\n\n\n\n<p>El banco donde se sientan los abuelos y las abuelas a arreglar el mundo es toda una instituci\u00f3n. Lo mismo est\u00e1 en la plaza o en la iglesia que en una esquina a la sombra de un \u00e1rbol, da igual. Eso s\u00ed, siempre ocupa el mejor sitio del municipio. Un sitio que les da pie a comentar qui\u00e9n ha llegado, qui\u00e9n no o cu\u00e1nto han subido los tomates este a\u00f1o. As\u00ed que, si quieres enterarte de la actualidad local tendr\u00e1s que recurrir a ellos, la fuente period\u00edstica de confianza. <\/p>\n\n\n\n<p>En <strong>Covarrubias<\/strong>, uno de los pueblos m\u00e1s bonitos de Burgos, hay varios bancos en la <strong>plaza de Do\u00f1a Urraca<\/strong> que, al caer la tarde, se llenan de se\u00f1oras con abanico y se\u00f1ores con bast\u00f3n que comentan c\u00f3mo ha ido la jornada. Adem\u00e1s, desde ese punto estrat\u00e9gico se domina toda la vida de la villa, la Ex Colegiata de San Cosme y San Dami\u00e1n, que guarda un impresionante claustro y un \u00f3rgano hist\u00f3rico, las casas con entramado de madera y sus preciosas calles empedradas.&nbsp;&nbsp;<\/p>\n\n\n\n<div class=\"wp-block-buttons is-layout-flex wp-block-buttons-is-layout-flex\">\n<div class=\"wp-block-button\"><a class=\"wp-block-button__link wp-element-button\" href=\"\/casas-rurales\/covarrubias\">Alojamientos rurales en Covarrubias<\/a><\/div>\n<\/div>\n\n\n\n<h2 class=\"wp-block-heading\" id=\"h-el-bar-que-tambien-es-estanco-tienda-y-confesionario-guadalajara\"><strong>El bar que tambi\u00e9n es estanco, tienda y confesionario<\/strong> (<strong><a href=\"\/casas-rurales\/guadalajara\">Guadalajara<\/a><\/strong>)<\/h2>\n\n\n\n<figure class=\"wp-block-image size-large\"><img loading=\"lazy\" decoding=\"async\" width=\"1024\" height=\"683\" src=\"https:\/\/www.escapadarural.com\/blog\/wp-content\/uploads\/2025\/07\/Valverde-de-los-Arroyo-1024x683.webp\" alt=\"Plaza Valverde de los Arroyos, Guadalajara\" class=\"wp-image-204408\" srcset=\"https:\/\/www.escapadarural.com\/blog\/wp-content\/uploads\/2025\/07\/Valverde-de-los-Arroyo-200x133.webp 200w, https:\/\/www.escapadarural.com\/blog\/wp-content\/uploads\/2025\/07\/Valverde-de-los-Arroyo-300x200.webp 300w, https:\/\/www.escapadarural.com\/blog\/wp-content\/uploads\/2025\/07\/Valverde-de-los-Arroyo-400x267.webp 400w, https:\/\/www.escapadarural.com\/blog\/wp-content\/uploads\/2025\/07\/Valverde-de-los-Arroyo-600x400.webp 600w, https:\/\/www.escapadarural.com\/blog\/wp-content\/uploads\/2025\/07\/Valverde-de-los-Arroyo-768x512.webp 768w, https:\/\/www.escapadarural.com\/blog\/wp-content\/uploads\/2025\/07\/Valverde-de-los-Arroyo-800x533.webp 800w, https:\/\/www.escapadarural.com\/blog\/wp-content\/uploads\/2025\/07\/Valverde-de-los-Arroyo-1024x683.webp 1024w, https:\/\/www.escapadarural.com\/blog\/wp-content\/uploads\/2025\/07\/Valverde-de-los-Arroyo.webp 1200w\" sizes=\"auto, (max-width: 1024px) 100vw, 1024px\" \/><figcaption class=\"wp-element-caption\">Valverde de los Arroyos. Por: s-aznar<\/figcaption><\/figure>\n\n\n\n<p>Otro cl\u00e1sico que no falla en ning\u00fan pueblo es el bar que lo es todo a la vez. El que por la ma\u00f1ana huele a caf\u00e9 y por la tarde a vino. El que vende tabaco, las entradas para la verbena y hasta hace las veces de tienda de ultramarinos, centro de reuni\u00f3n y, si me apuras, de confesionario. El bar donde te dicen qu\u00e9 camino coger para llegar al mirador, d\u00f3nde encontrar al alcalde y qui\u00e9n se casa el mes que viene. <\/p>\n\n\n\n<p>En <strong>Valverde de los Arroyos <\/strong>este clich\u00e9 toma forma en su peque\u00f1a plaza central, donde un bar con terraza sirve como nexo de uni\u00f3n. Aqu\u00ed se mezclan los locales con los excursionistas que vienen de todas partes de Espa\u00f1a para descubrir uno de los pueblos m\u00e1s bonitos de la arquitectura negra de Guadalajara. Porque este municipio no es un pueblo cualquiera, su principal reclamo son sus casas de pizarra y madera. Cerca tambi\u00e9n se encuentra la <strong>Chorrera de Despe\u00f1alagua<\/strong>, una espectacular cascada a la que puedes llegar caminando desde el centro de la localidad en apenas media hora.&nbsp;<\/p>\n\n\n\n<div class=\"wp-block-buttons is-layout-flex wp-block-buttons-is-layout-flex\">\n<div class=\"wp-block-button\"><a class=\"wp-block-button__link wp-element-button\" href=\"\/casas-rurales\/valverde-de-los-arroyos\">Alojamientos rurales en Valverde de los Arroyos<\/a><\/div>\n<\/div>\n\n\n\n<h2 class=\"wp-block-heading\" id=\"h-el-campanario-y-las-campanas-que-marcan-el-ritmo-nbsp-valencia\"><strong>El campanario y las campanas que marcan el ritmo&nbsp;<\/strong>(<strong><a href=\"\/casas-rurales\/valencia\">Valencia<\/a><\/strong>)<\/h2>\n\n\n\n<figure class=\"wp-block-image size-large\"><img loading=\"lazy\" decoding=\"async\" width=\"1024\" height=\"683\" src=\"https:\/\/www.escapadarural.com\/blog\/wp-content\/uploads\/2025\/07\/Albaida-1024x683.webp\" alt=\"Albaida, Valencia\" class=\"wp-image-204409\" srcset=\"https:\/\/www.escapadarural.com\/blog\/wp-content\/uploads\/2025\/07\/Albaida-200x133.webp 200w, https:\/\/www.escapadarural.com\/blog\/wp-content\/uploads\/2025\/07\/Albaida-300x200.webp 300w, https:\/\/www.escapadarural.com\/blog\/wp-content\/uploads\/2025\/07\/Albaida-400x267.webp 400w, https:\/\/www.escapadarural.com\/blog\/wp-content\/uploads\/2025\/07\/Albaida-600x400.webp 600w, https:\/\/www.escapadarural.com\/blog\/wp-content\/uploads\/2025\/07\/Albaida-768x512.webp 768w, https:\/\/www.escapadarural.com\/blog\/wp-content\/uploads\/2025\/07\/Albaida-800x533.webp 800w, https:\/\/www.escapadarural.com\/blog\/wp-content\/uploads\/2025\/07\/Albaida-1024x683.webp 1024w, https:\/\/www.escapadarural.com\/blog\/wp-content\/uploads\/2025\/07\/Albaida.webp 1200w\" sizes=\"auto, (max-width: 1024px) 100vw, 1024px\" \/><figcaption class=\"wp-element-caption\">Albaida. Por: MiguelAngel<\/figcaption><\/figure>\n\n\n\n<p>Otro cl\u00e1sico veraniego son los campanarios y sus correspondientes campanadas. En los pueblos suenan aunque no pase nada. Dan las horas, las medias, los cuartos, repican cuando alguien se casa, cuando se muere, cuando hay fuego, son fiestas o simplemente porque toca. En <strong>Albaida<\/strong>, el Toque Manual de Campanas no es un detalle menor, sino todo un espect\u00e1culo declarado Patrimonio Cultural Inmaterial de la Humanidad por la UNESCO. <\/p>\n\n\n\n<p>Aqu\u00ed los <strong>campaneros <\/strong>tocan de forma manual, ininterrumpida y diariamente las campanas desde el siglo XIII. Lo que significa que no solo marcan las horas, su sonido marca la identidad de una localidad que ha sabido mantener viva su banda sonora m\u00e1s aut\u00e9ntica. Ahora, la historia del campanario, las campanas y campaneros de Albaida se puede conocer en las <strong>visitas guiadas<\/strong> que se realizan a lo largo del todo el a\u00f1o. \u00bfTe apuntas?&nbsp;<\/p>\n\n\n\n<div class=\"wp-block-buttons is-layout-flex wp-block-buttons-is-layout-flex\">\n<div class=\"wp-block-button\"><a class=\"wp-block-button__link wp-element-button\" href=\"\/casas-rurales\/albaida\">Alojamientos rurales en Albaida<\/a><\/div>\n<\/div>\n\n\n\n<h2 class=\"wp-block-heading\" id=\"h-la-carretera-de-llegada-nbsp-cadiz\"><strong>La carretera de llegada&nbsp;<\/strong>(<strong><a href=\"\/casas-rurales\/cadiz\">C\u00e1diz<\/a><\/strong>)<\/h2>\n\n\n\n<figure class=\"wp-block-image size-large\"><img loading=\"lazy\" decoding=\"async\" width=\"1024\" height=\"684\" src=\"https:\/\/www.escapadarural.com\/blog\/wp-content\/uploads\/2025\/07\/Grazalema-1024x684.png\" alt=\"Grazalema, C\u00e1diz\" class=\"wp-image-204410\" srcset=\"https:\/\/www.escapadarural.com\/blog\/wp-content\/uploads\/2025\/07\/Grazalema-200x134.png 200w, https:\/\/www.escapadarural.com\/blog\/wp-content\/uploads\/2025\/07\/Grazalema-300x200.png 300w, https:\/\/www.escapadarural.com\/blog\/wp-content\/uploads\/2025\/07\/Grazalema-400x267.png 400w, https:\/\/www.escapadarural.com\/blog\/wp-content\/uploads\/2025\/07\/Grazalema-600x401.png 600w, https:\/\/www.escapadarural.com\/blog\/wp-content\/uploads\/2025\/07\/Grazalema-768x513.png 768w, https:\/\/www.escapadarural.com\/blog\/wp-content\/uploads\/2025\/07\/Grazalema-800x534.png 800w, https:\/\/www.escapadarural.com\/blog\/wp-content\/uploads\/2025\/07\/Grazalema-1024x684.png 1024w, https:\/\/www.escapadarural.com\/blog\/wp-content\/uploads\/2025\/07\/Grazalema.png 1200w\" sizes=\"auto, (max-width: 1024px) 100vw, 1024px\" \/><figcaption class=\"wp-element-caption\">Grazalema. Por: dudlajzov<\/figcaption><\/figure>\n\n\n\n<p>El viaje al pueblo siempre termina igual, esa \u00faltima carretera llena de curvas, con las ventanillas abiertas para que entre el olor a verano y el coraz\u00f3n acelerado porque ya reconoces tu <em>skyline<\/em> preferido. Y es que muchas veces llegar al pueblo es llegar a un estado de \u00e1nimo, bajas la velocidad, saludas al primero que se te cruza y aparcas mal, pero sin prisa. <\/p>\n\n\n\n<p>Eso es precisamente lo que sucede cuando las coordenadas de tu Google Maps apuntan a <strong>Grazalema<\/strong>, uno de los municipios gaditanos m\u00e1s caracter\u00edsticos. Cuando, por fin, llegas, su acogedora plaza te da la bienvenida y sus fachadas blancas inmaculadas te indican que esta localidad no est\u00e1 sola, forma parte de la ruta de los <strong>Pueblos Blancos de C\u00e1diz<\/strong>. El plan es dejarse llevar por sus callejuelas estrechas, las mismas que te conducir\u00e1n por un casco urbano declarado Conjunto Hist\u00f3rico.&nbsp;<\/p>\n\n\n\n<div class=\"wp-block-buttons is-layout-flex wp-block-buttons-is-layout-flex\">\n<div class=\"wp-block-button\"><a class=\"wp-block-button__link wp-element-button\" href=\"\/casas-rurales\/grazalema\">Alojamientos rurales en Grazalema<\/a><\/div>\n<\/div>\n\n\n\n<h2 class=\"wp-block-heading\" id=\"h-las-fiestas-asturias\"><strong>Las fiestas<\/strong> (<strong><a href=\"\/casas-rurales\/asturias\">Asturias<\/a><\/strong>)<\/h2>\n\n\n\n<figure class=\"wp-block-image size-large\"><img loading=\"lazy\" decoding=\"async\" width=\"1024\" height=\"682\" src=\"https:\/\/www.escapadarural.com\/blog\/wp-content\/uploads\/2025\/07\/cangas-1024x682.webp\" alt=\"Cangas de On\u00eds, Asturias.\" class=\"wp-image-204412\" srcset=\"https:\/\/www.escapadarural.com\/blog\/wp-content\/uploads\/2025\/07\/cangas-200x133.webp 200w, https:\/\/www.escapadarural.com\/blog\/wp-content\/uploads\/2025\/07\/cangas-300x200.webp 300w, https:\/\/www.escapadarural.com\/blog\/wp-content\/uploads\/2025\/07\/cangas-400x266.webp 400w, https:\/\/www.escapadarural.com\/blog\/wp-content\/uploads\/2025\/07\/cangas-600x400.webp 600w, https:\/\/www.escapadarural.com\/blog\/wp-content\/uploads\/2025\/07\/cangas-768x511.webp 768w, https:\/\/www.escapadarural.com\/blog\/wp-content\/uploads\/2025\/07\/cangas-800x533.webp 800w, https:\/\/www.escapadarural.com\/blog\/wp-content\/uploads\/2025\/07\/cangas-1024x682.webp 1024w, https:\/\/www.escapadarural.com\/blog\/wp-content\/uploads\/2025\/07\/cangas.webp 1200w\" sizes=\"auto, (max-width: 1024px) 100vw, 1024px\" \/><figcaption class=\"wp-element-caption\">Cangas de On\u00eds. Por: agaglowala<\/figcaption><\/figure>\n\n\n\n<p>\u00a1Las fiestas! Ning\u00fan verano en el pueblo est\u00e1 completo sin ellas. La cuesti\u00f3n es que todos los municipios creen estar convencidos de que las suyas son las mejores y \u00fanicas. Que la <strong>procesi\u00f3n de su patrona<\/strong> es m\u00e1s larga o que su verbena es m\u00e1s animada. En <strong>Cangas de On\u00eds<\/strong>, ese rinc\u00f3n asturiano conocido por ser la puerta de entrada a los Picos de Europa, la \u00e9poca estival se vive con m\u00fasica de gaitas, sidra y romer\u00edas. <\/p>\n\n\n\n<p>Cada 25 de julio, la villa entera sube hasta La Vega (lago Enol) para celebrar la tradicional Fiesta del Pastor, en medio de las monta\u00f1as, en el entorno de los <strong>Lagos de Covadonga<\/strong>. Ese d\u00eda se celebra el Consejo de Pastores, para el reparto equitativo de pastos y para elegir al regidor, y en toda la jornada se desarrollan actividades como juegos rurales, carrera a La Porra, bailes regionales, exhibici\u00f3n y venta de artesan\u00eda\u2026 Se trata de una fiesta en homenaje a las gentes que hacen su vida en la monta\u00f1a con el ganado y elaborando queso, aut\u00e9nticos protagonistas del d\u00eda y del lugar. As\u00ed que, no puede faltar una cata de cabrales y gamon\u00e9u.&nbsp;<\/p>\n\n\n\n<div class=\"wp-block-buttons is-layout-flex wp-block-buttons-is-layout-flex\">\n<div class=\"wp-block-button\"><a class=\"wp-block-button__link wp-element-button\" href=\"\/casas-rurales\/cangas-de-onis\">Alojamientos rurales en Cangas de On\u00eds<\/a><\/div>\n<\/div>\n\n\n\n<h2 class=\"wp-block-heading\" id=\"h-el-orgullo-del-pueblo-esto-solo-lo-tenemos-aqui\"><strong>El orgullo del pueblo: \u201cesto solo lo tenemos aqu\u00ed\u201d<\/strong><\/h2>\n\n\n\n<figure class=\"wp-block-image size-large\"><img loading=\"lazy\" decoding=\"async\" width=\"1024\" height=\"576\" src=\"https:\/\/www.escapadarural.com\/blog\/wp-content\/uploads\/2025\/07\/Montefrio-1024x576.webp\" alt=\"Montefr\u00edo, en Granada. Vistada desde el mirador\" class=\"wp-image-204413\" srcset=\"https:\/\/www.escapadarural.com\/blog\/wp-content\/uploads\/2025\/07\/Montefrio-200x113.webp 200w, https:\/\/www.escapadarural.com\/blog\/wp-content\/uploads\/2025\/07\/Montefrio-300x169.webp 300w, https:\/\/www.escapadarural.com\/blog\/wp-content\/uploads\/2025\/07\/Montefrio-400x225.webp 400w, https:\/\/www.escapadarural.com\/blog\/wp-content\/uploads\/2025\/07\/Montefrio-600x338.webp 600w, https:\/\/www.escapadarural.com\/blog\/wp-content\/uploads\/2025\/07\/Montefrio-768x432.webp 768w, https:\/\/www.escapadarural.com\/blog\/wp-content\/uploads\/2025\/07\/Montefrio-800x450.webp 800w, https:\/\/www.escapadarural.com\/blog\/wp-content\/uploads\/2025\/07\/Montefrio-1024x576.webp 1024w, https:\/\/www.escapadarural.com\/blog\/wp-content\/uploads\/2025\/07\/Montefrio.webp 1200w\" sizes=\"auto, (max-width: 1024px) 100vw, 1024px\" \/><figcaption class=\"wp-element-caption\">Montefr\u00edo. Por: KukiLadrondeGuevara<\/figcaption><\/figure>\n\n\n\n<p>Y claro, cada pueblo tiene algo que sus vecinos aseguran que no existe en ning\u00fan otro sitio, aunque el municipio de al lado tenga exactamente lo mismo. Que si las mejores fiestas, la mejor longaniza, el atardecer m\u00e1s bonito o el mejor mirador. En <strong><a href=\"\/casas-rurales\/yebra-de-basa\">Yebra de Basa<\/a><\/strong>, en la provincia de Huesca, presumen de sus danzantes, ataviados con vistosos trajes de colores y sombreros de flores, y su romer\u00eda de Santa Orosia.<\/p>\n\n\n\n<p>En la localidad conquense de<strong> <\/strong><a href=\"\/casas-rurales\/priego\"><strong>Priego<\/strong> <\/a>dicen que su fuente de los Leones es \u00fanica. En <strong>Montefr\u00edo<\/strong>,<strong> <\/strong>en <a href=\"\/casas-rurales\/granada\">Granada<\/a>, aseguran que su mirador es el mejor de Espa\u00f1a. Al menos la revista National Geographic les da la raz\u00f3n, pues catalog\u00f3 a uno de sus miradores \u201ccomo una de las diez vistas m\u00e1s bonitas del mundo\u201d. Y, realmente, todos tienen raz\u00f3n. Porque lo bonito del pueblo es creer que el tuyo es insuperable, aunque cuando visites otro te parezca igual de entra\u00f1able.&nbsp;<\/p>\n\n\n\n<div class=\"wp-block-buttons is-layout-flex wp-block-buttons-is-layout-flex\">\n<div class=\"wp-block-button\"><a class=\"wp-block-button__link wp-element-button\" href=\"\/casas-rurales\/montefrio\">Alojamientos rurales en Montefr\u00edo<\/a><\/div>\n<\/div>\n","protected":false},"excerpt":{"rendered":"<p>El verano trae consigo las vacaciones en el pueblo de  [&#8230;]<\/p>\n","protected":false},"author":98,"featured_media":204410,"comment_status":"open","ping_status":"open","sticky":false,"template":"","format":"standard","meta":{"_acf_changed":false,"om_disable_all_campaigns":false,"footnotes":""},"categories":[191],"tags":[246,648,338,341,212,602],"class_list":["post-204402","post","type-post","status-publish","format-standard","has-post-thumbnail","hentry","category-destinos","tag-que-ver-en-asturias","tag-que-ver-en-cadiz","tag-que-ver-en-granada","tag-que-ver-en-guadalajara","tag-pueblos","tag-que-ver-en-valencia"],"acf":[],"featured_image_src":"https:\/\/www.escapadarural.com\/blog\/wp-content\/uploads\/2025\/07\/Grazalema.png","author_info":{"display_name":"Miryam Tejada","author_link":"https:\/\/www.escapadarural.com\/blog\/autor\/miryam\/"},"yoast_head":"<!-- This site is optimized with the Yoast SEO plugin v27.5 - https:\/\/yoast.com\/product\/yoast-seo-wordpress\/ -->\n<title>Tu pueblo me suena - El encanto de los pueblos en verano<\/title>\n<meta name=\"description\" content=\"Redescubre el encanto de los pueblos en verano: tradiciones, tranquilidad y ese calor de hogar que no se mide en estrellas ni en likes.\" \/>\n<meta name=\"robots\" content=\"index, follow, max-snippet:-1, max-image-preview:large, max-video-preview:-1\" \/>\n<link rel=\"canonical\" href=\"https:\/\/www.escapadarural.com\/blog\/tu-pueblo-me-suena\/\" \/>\n<meta property=\"og:locale\" content=\"es_ES\" \/>\n<meta property=\"og:type\" content=\"article\" \/>\n<meta property=\"og:title\" content=\"Tu pueblo me suena - El encanto de los pueblos en verano\" \/>\n<meta property=\"og:description\" content=\"Redescubre el encanto de los pueblos en verano: tradiciones, tranquilidad y ese calor de hogar que no se mide en estrellas ni en likes.\" \/>\n<meta property=\"og:url\" content=\"https:\/\/www.escapadarural.com\/blog\/tu-pueblo-me-suena\/\" \/>\n<meta property=\"og:site_name\" content=\"Magazine de viajes de EscapadaRural\" \/>\n<meta property=\"article:publisher\" content=\"https:\/\/www.facebook.com\/escapadarural\" \/>\n<meta property=\"article:published_time\" content=\"2025-07-17T11:20:54+00:00\" \/>\n<meta property=\"article:modified_time\" content=\"2025-07-17T11:25:18+00:00\" \/>\n<meta property=\"og:image\" content=\"https:\/\/www.escapadarural.com\/blog\/wp-content\/uploads\/2025\/07\/Grazalema-1024x684.png\" \/>\n\t<meta property=\"og:image:width\" content=\"1024\" \/>\n\t<meta property=\"og:image:height\" content=\"684\" \/>\n\t<meta property=\"og:image:type\" content=\"image\/png\" \/>\n<meta name=\"author\" content=\"Miryam Tejada\" \/>\n<meta name=\"twitter:card\" content=\"summary_large_image\" \/>\n<meta name=\"twitter:label1\" content=\"Escrito por\" \/>\n\t<meta name=\"twitter:data1\" content=\"Miryam Tejada\" \/>\n\t<meta name=\"twitter:label2\" content=\"Tiempo de lectura\" \/>\n\t<meta name=\"twitter:data2\" content=\"7 minutos\" \/>\n<script type=\"application\/ld+json\" class=\"yoast-schema-graph\">{\"@context\":\"https:\\\/\\\/schema.org\",\"@graph\":[{\"@type\":\"Article\",\"@id\":\"https:\\\/\\\/www.escapadarural.com\\\/blog\\\/tu-pueblo-me-suena\\\/#article\",\"isPartOf\":{\"@id\":\"https:\\\/\\\/www.escapadarural.com\\\/blog\\\/tu-pueblo-me-suena\\\/\"},\"author\":{\"name\":\"Miryam Tejada\",\"@id\":\"https:\\\/\\\/www.escapadarural.com\\\/blog\\\/#\\\/schema\\\/person\\\/3a79b504f208fd6cf3bb52c608e311f0\"},\"headline\":\"Tu pueblo me suena\u2026 porque todos tienen una plaza, un bar y unas fiestas que son las mejores\",\"datePublished\":\"2025-07-17T11:20:54+00:00\",\"dateModified\":\"2025-07-17T11:25:18+00:00\",\"mainEntityOfPage\":{\"@id\":\"https:\\\/\\\/www.escapadarural.com\\\/blog\\\/tu-pueblo-me-suena\\\/\"},\"wordCount\":1355,\"commentCount\":0,\"publisher\":{\"@id\":\"https:\\\/\\\/www.escapadarural.com\\\/blog\\\/#organization\"},\"image\":{\"@id\":\"https:\\\/\\\/www.escapadarural.com\\\/blog\\\/tu-pueblo-me-suena\\\/#primaryimage\"},\"thumbnailUrl\":\"https:\\\/\\\/www.escapadarural.com\\\/blog\\\/wp-content\\\/uploads\\\/2025\\\/07\\\/Grazalema.png\",\"keywords\":[\"Asturias\",\"C\u00e1diz\",\"Granada\",\"Guadalajara\",\"pueblos\",\"Valencia\"],\"articleSection\":[\"Destinos\"],\"inLanguage\":\"es\",\"potentialAction\":[{\"@type\":\"CommentAction\",\"name\":\"Comment\",\"target\":[\"https:\\\/\\\/www.escapadarural.com\\\/blog\\\/tu-pueblo-me-suena\\\/#respond\"]}]},{\"@type\":\"WebPage\",\"@id\":\"https:\\\/\\\/www.escapadarural.com\\\/blog\\\/tu-pueblo-me-suena\\\/\",\"url\":\"https:\\\/\\\/www.escapadarural.com\\\/blog\\\/tu-pueblo-me-suena\\\/\",\"name\":\"Tu pueblo me suena - El encanto de los pueblos en verano\",\"isPartOf\":{\"@id\":\"https:\\\/\\\/www.escapadarural.com\\\/blog\\\/#website\"},\"primaryImageOfPage\":{\"@id\":\"https:\\\/\\\/www.escapadarural.com\\\/blog\\\/tu-pueblo-me-suena\\\/#primaryimage\"},\"image\":{\"@id\":\"https:\\\/\\\/www.escapadarural.com\\\/blog\\\/tu-pueblo-me-suena\\\/#primaryimage\"},\"thumbnailUrl\":\"https:\\\/\\\/www.escapadarural.com\\\/blog\\\/wp-content\\\/uploads\\\/2025\\\/07\\\/Grazalema.png\",\"datePublished\":\"2025-07-17T11:20:54+00:00\",\"dateModified\":\"2025-07-17T11:25:18+00:00\",\"description\":\"Redescubre el encanto de los pueblos en verano: tradiciones, tranquilidad y ese calor de hogar que no se mide en estrellas ni en likes.\",\"breadcrumb\":{\"@id\":\"https:\\\/\\\/www.escapadarural.com\\\/blog\\\/tu-pueblo-me-suena\\\/#breadcrumb\"},\"inLanguage\":\"es\",\"potentialAction\":[{\"@type\":\"ReadAction\",\"target\":[\"https:\\\/\\\/www.escapadarural.com\\\/blog\\\/tu-pueblo-me-suena\\\/\"]}]},{\"@type\":\"ImageObject\",\"inLanguage\":\"es\",\"@id\":\"https:\\\/\\\/www.escapadarural.com\\\/blog\\\/tu-pueblo-me-suena\\\/#primaryimage\",\"url\":\"https:\\\/\\\/www.escapadarural.com\\\/blog\\\/wp-content\\\/uploads\\\/2025\\\/07\\\/Grazalema.png\",\"contentUrl\":\"https:\\\/\\\/www.escapadarural.com\\\/blog\\\/wp-content\\\/uploads\\\/2025\\\/07\\\/Grazalema.png\",\"width\":1200,\"height\":801,\"caption\":\"Grazalema. Por: dudlajzov\"},{\"@type\":\"BreadcrumbList\",\"@id\":\"https:\\\/\\\/www.escapadarural.com\\\/blog\\\/tu-pueblo-me-suena\\\/#breadcrumb\",\"itemListElement\":[{\"@type\":\"ListItem\",\"position\":1,\"name\":\"Inicio\",\"item\":\"https:\\\/\\\/www.escapadarural.com\\\/blog\\\/\"},{\"@type\":\"ListItem\",\"position\":2,\"name\":\"Destinos\",\"item\":\"https:\\\/\\\/www.escapadarural.com\\\/blog\\\/categoria\\\/destinos\\\/\"},{\"@type\":\"ListItem\",\"position\":3,\"name\":\"Tu pueblo me suena\u2026 porque todos tienen una plaza, un bar y unas fiestas que son las mejores\"}]},{\"@type\":\"WebSite\",\"@id\":\"https:\\\/\\\/www.escapadarural.com\\\/blog\\\/#website\",\"url\":\"https:\\\/\\\/www.escapadarural.com\\\/blog\\\/\",\"name\":\"Blog de viajes | turismo rural, alojamientos e inspiraci\u00f3n\",\"description\":\"Alojamientos rurales e inspiraci\u00f3n para tus escapadas\",\"publisher\":{\"@id\":\"https:\\\/\\\/www.escapadarural.com\\\/blog\\\/#organization\"},\"alternateName\":\"Magazine de viajes de EscapadaRural\",\"potentialAction\":[{\"@type\":\"SearchAction\",\"target\":{\"@type\":\"EntryPoint\",\"urlTemplate\":\"https:\\\/\\\/www.escapadarural.com\\\/blog\\\/?s={search_term_string}\"},\"query-input\":{\"@type\":\"PropertyValueSpecification\",\"valueRequired\":true,\"valueName\":\"search_term_string\"}}],\"inLanguage\":\"es\"},{\"@type\":\"Organization\",\"@id\":\"https:\\\/\\\/www.escapadarural.com\\\/blog\\\/#organization\",\"name\":\"EscapadaRural\",\"url\":\"https:\\\/\\\/www.escapadarural.com\\\/blog\\\/\",\"logo\":{\"@type\":\"ImageObject\",\"inLanguage\":\"es\",\"@id\":\"https:\\\/\\\/www.escapadarural.com\\\/blog\\\/#\\\/schema\\\/logo\\\/image\\\/\",\"url\":\"https:\\\/\\\/www.escapadarural.com\\\/blog\\\/wp-content\\\/uploads\\\/2024\\\/10\\\/cropped-cropped-escapada-rural-icon-mag-3.png\",\"contentUrl\":\"https:\\\/\\\/www.escapadarural.com\\\/blog\\\/wp-content\\\/uploads\\\/2024\\\/10\\\/cropped-cropped-escapada-rural-icon-mag-3.png\",\"width\":512,\"height\":512,\"caption\":\"EscapadaRural\"},\"image\":{\"@id\":\"https:\\\/\\\/www.escapadarural.com\\\/blog\\\/#\\\/schema\\\/logo\\\/image\\\/\"},\"sameAs\":[\"https:\\\/\\\/www.facebook.com\\\/escapadarural\",\"https:\\\/\\\/www.instagram.com\\\/escapadarural\\\/\",\"https:\\\/\\\/www.youtube.com\\\/@escapadaruralcom\"]},{\"@type\":\"Person\",\"@id\":\"https:\\\/\\\/www.escapadarural.com\\\/blog\\\/#\\\/schema\\\/person\\\/3a79b504f208fd6cf3bb52c608e311f0\",\"name\":\"Miryam Tejada\",\"image\":{\"@type\":\"ImageObject\",\"inLanguage\":\"es\",\"@id\":\"https:\\\/\\\/www.escapadarural.com\\\/blog\\\/wp-content\\\/uploads\\\/2024\\\/12\\\/cropped-PXL_20240524_141044774.PORTRAIT.ORIGINAL-1-scaled-2-96x96.jpg\",\"url\":\"https:\\\/\\\/www.escapadarural.com\\\/blog\\\/wp-content\\\/uploads\\\/2024\\\/12\\\/cropped-PXL_20240524_141044774.PORTRAIT.ORIGINAL-1-scaled-2-96x96.jpg\",\"contentUrl\":\"https:\\\/\\\/www.escapadarural.com\\\/blog\\\/wp-content\\\/uploads\\\/2024\\\/12\\\/cropped-PXL_20240524_141044774.PORTRAIT.ORIGINAL-1-scaled-2-96x96.jpg\",\"caption\":\"Miryam Tejada\"},\"description\":\"Mi t\u00edtulo universitario dice que soy licenciada en periodismo, pero realmente soy una todoterreno a la que le pill\u00f3 la transici\u00f3n del mundo anal\u00f3gico al digital de pleno. Es decir, soy millennial, y eso lo que conlleva, seg\u00fan las habladur\u00edas, es que me dejo llevar y priorizo mi bienestar. O lo que es lo mismo, soy una apasionada de los viajes y las experiencias, del simple hecho de tomar unas cervezas entre amigas, organizar una buena comilona en la sociedad con sobremesa larga incluida o pasar las tardes en el parque con mis gemelos.\",\"url\":\"https:\\\/\\\/www.escapadarural.com\\\/blog\\\/autor\\\/miryam\\\/\"}]}<\/script>\n<!-- \/ Yoast SEO plugin. -->","yoast_head_json":{"title":"Tu pueblo me suena - El encanto de los pueblos en verano","description":"Redescubre el encanto de los pueblos en verano: tradiciones, tranquilidad y ese calor de hogar que no se mide en estrellas ni en likes.","robots":{"index":"index","follow":"follow","max-snippet":"max-snippet:-1","max-image-preview":"max-image-preview:large","max-video-preview":"max-video-preview:-1"},"canonical":"https:\/\/www.escapadarural.com\/blog\/tu-pueblo-me-suena\/","og_locale":"es_ES","og_type":"article","og_title":"Tu pueblo me suena - El encanto de los pueblos en verano","og_description":"Redescubre el encanto de los pueblos en verano: tradiciones, tranquilidad y ese calor de hogar que no se mide en estrellas ni en likes.","og_url":"https:\/\/www.escapadarural.com\/blog\/tu-pueblo-me-suena\/","og_site_name":"Magazine de viajes de EscapadaRural","article_publisher":"https:\/\/www.facebook.com\/escapadarural","article_published_time":"2025-07-17T11:20:54+00:00","article_modified_time":"2025-07-17T11:25:18+00:00","og_image":[{"width":1024,"height":684,"url":"https:\/\/www.escapadarural.com\/blog\/wp-content\/uploads\/2025\/07\/Grazalema-1024x684.png","type":"image\/png"}],"author":"Miryam Tejada","twitter_card":"summary_large_image","twitter_misc":{"Escrito por":"Miryam Tejada","Tiempo de lectura":"7 minutos"},"schema":{"@context":"https:\/\/schema.org","@graph":[{"@type":"Article","@id":"https:\/\/www.escapadarural.com\/blog\/tu-pueblo-me-suena\/#article","isPartOf":{"@id":"https:\/\/www.escapadarural.com\/blog\/tu-pueblo-me-suena\/"},"author":{"name":"Miryam Tejada","@id":"https:\/\/www.escapadarural.com\/blog\/#\/schema\/person\/3a79b504f208fd6cf3bb52c608e311f0"},"headline":"Tu pueblo me suena\u2026 porque todos tienen una plaza, un bar y unas fiestas que son las mejores","datePublished":"2025-07-17T11:20:54+00:00","dateModified":"2025-07-17T11:25:18+00:00","mainEntityOfPage":{"@id":"https:\/\/www.escapadarural.com\/blog\/tu-pueblo-me-suena\/"},"wordCount":1355,"commentCount":0,"publisher":{"@id":"https:\/\/www.escapadarural.com\/blog\/#organization"},"image":{"@id":"https:\/\/www.escapadarural.com\/blog\/tu-pueblo-me-suena\/#primaryimage"},"thumbnailUrl":"https:\/\/www.escapadarural.com\/blog\/wp-content\/uploads\/2025\/07\/Grazalema.png","keywords":["Asturias","C\u00e1diz","Granada","Guadalajara","pueblos","Valencia"],"articleSection":["Destinos"],"inLanguage":"es","potentialAction":[{"@type":"CommentAction","name":"Comment","target":["https:\/\/www.escapadarural.com\/blog\/tu-pueblo-me-suena\/#respond"]}]},{"@type":"WebPage","@id":"https:\/\/www.escapadarural.com\/blog\/tu-pueblo-me-suena\/","url":"https:\/\/www.escapadarural.com\/blog\/tu-pueblo-me-suena\/","name":"Tu pueblo me suena - El encanto de los pueblos en verano","isPartOf":{"@id":"https:\/\/www.escapadarural.com\/blog\/#website"},"primaryImageOfPage":{"@id":"https:\/\/www.escapadarural.com\/blog\/tu-pueblo-me-suena\/#primaryimage"},"image":{"@id":"https:\/\/www.escapadarural.com\/blog\/tu-pueblo-me-suena\/#primaryimage"},"thumbnailUrl":"https:\/\/www.escapadarural.com\/blog\/wp-content\/uploads\/2025\/07\/Grazalema.png","datePublished":"2025-07-17T11:20:54+00:00","dateModified":"2025-07-17T11:25:18+00:00","description":"Redescubre el encanto de los pueblos en verano: tradiciones, tranquilidad y ese calor de hogar que no se mide en estrellas ni en likes.","breadcrumb":{"@id":"https:\/\/www.escapadarural.com\/blog\/tu-pueblo-me-suena\/#breadcrumb"},"inLanguage":"es","potentialAction":[{"@type":"ReadAction","target":["https:\/\/www.escapadarural.com\/blog\/tu-pueblo-me-suena\/"]}]},{"@type":"ImageObject","inLanguage":"es","@id":"https:\/\/www.escapadarural.com\/blog\/tu-pueblo-me-suena\/#primaryimage","url":"https:\/\/www.escapadarural.com\/blog\/wp-content\/uploads\/2025\/07\/Grazalema.png","contentUrl":"https:\/\/www.escapadarural.com\/blog\/wp-content\/uploads\/2025\/07\/Grazalema.png","width":1200,"height":801,"caption":"Grazalema. Por: dudlajzov"},{"@type":"BreadcrumbList","@id":"https:\/\/www.escapadarural.com\/blog\/tu-pueblo-me-suena\/#breadcrumb","itemListElement":[{"@type":"ListItem","position":1,"name":"Inicio","item":"https:\/\/www.escapadarural.com\/blog\/"},{"@type":"ListItem","position":2,"name":"Destinos","item":"https:\/\/www.escapadarural.com\/blog\/categoria\/destinos\/"},{"@type":"ListItem","position":3,"name":"Tu pueblo me suena\u2026 porque todos tienen una plaza, un bar y unas fiestas que son las mejores"}]},{"@type":"WebSite","@id":"https:\/\/www.escapadarural.com\/blog\/#website","url":"https:\/\/www.escapadarural.com\/blog\/","name":"Blog de viajes | turismo rural, alojamientos e inspiraci\u00f3n","description":"Alojamientos rurales e inspiraci\u00f3n para tus escapadas","publisher":{"@id":"https:\/\/www.escapadarural.com\/blog\/#organization"},"alternateName":"Magazine de viajes de EscapadaRural","potentialAction":[{"@type":"SearchAction","target":{"@type":"EntryPoint","urlTemplate":"https:\/\/www.escapadarural.com\/blog\/?s={search_term_string}"},"query-input":{"@type":"PropertyValueSpecification","valueRequired":true,"valueName":"search_term_string"}}],"inLanguage":"es"},{"@type":"Organization","@id":"https:\/\/www.escapadarural.com\/blog\/#organization","name":"EscapadaRural","url":"https:\/\/www.escapadarural.com\/blog\/","logo":{"@type":"ImageObject","inLanguage":"es","@id":"https:\/\/www.escapadarural.com\/blog\/#\/schema\/logo\/image\/","url":"https:\/\/www.escapadarural.com\/blog\/wp-content\/uploads\/2024\/10\/cropped-cropped-escapada-rural-icon-mag-3.png","contentUrl":"https:\/\/www.escapadarural.com\/blog\/wp-content\/uploads\/2024\/10\/cropped-cropped-escapada-rural-icon-mag-3.png","width":512,"height":512,"caption":"EscapadaRural"},"image":{"@id":"https:\/\/www.escapadarural.com\/blog\/#\/schema\/logo\/image\/"},"sameAs":["https:\/\/www.facebook.com\/escapadarural","https:\/\/www.instagram.com\/escapadarural\/","https:\/\/www.youtube.com\/@escapadaruralcom"]},{"@type":"Person","@id":"https:\/\/www.escapadarural.com\/blog\/#\/schema\/person\/3a79b504f208fd6cf3bb52c608e311f0","name":"Miryam Tejada","image":{"@type":"ImageObject","inLanguage":"es","@id":"https:\/\/www.escapadarural.com\/blog\/wp-content\/uploads\/2024\/12\/cropped-PXL_20240524_141044774.PORTRAIT.ORIGINAL-1-scaled-2-96x96.jpg","url":"https:\/\/www.escapadarural.com\/blog\/wp-content\/uploads\/2024\/12\/cropped-PXL_20240524_141044774.PORTRAIT.ORIGINAL-1-scaled-2-96x96.jpg","contentUrl":"https:\/\/www.escapadarural.com\/blog\/wp-content\/uploads\/2024\/12\/cropped-PXL_20240524_141044774.PORTRAIT.ORIGINAL-1-scaled-2-96x96.jpg","caption":"Miryam Tejada"},"description":"Mi t\u00edtulo universitario dice que soy licenciada en periodismo, pero realmente soy una todoterreno a la que le pill\u00f3 la transici\u00f3n del mundo anal\u00f3gico al digital de pleno. Es decir, soy millennial, y eso lo que conlleva, seg\u00fan las habladur\u00edas, es que me dejo llevar y priorizo mi bienestar. O lo que es lo mismo, soy una apasionada de los viajes y las experiencias, del simple hecho de tomar unas cervezas entre amigas, organizar una buena comilona en la sociedad con sobremesa larga incluida o pasar las tardes en el parque con mis gemelos.","url":"https:\/\/www.escapadarural.com\/blog\/autor\/miryam\/"}]}},"_links":{"self":[{"href":"https:\/\/www.escapadarural.com\/blog\/wp-json\/wp\/v2\/posts\/204402","targetHints":{"allow":["GET"]}}],"collection":[{"href":"https:\/\/www.escapadarural.com\/blog\/wp-json\/wp\/v2\/posts"}],"about":[{"href":"https:\/\/www.escapadarural.com\/blog\/wp-json\/wp\/v2\/types\/post"}],"author":[{"embeddable":true,"href":"https:\/\/www.escapadarural.com\/blog\/wp-json\/wp\/v2\/users\/98"}],"replies":[{"embeddable":true,"href":"https:\/\/www.escapadarural.com\/blog\/wp-json\/wp\/v2\/comments?post=204402"}],"version-history":[{"count":0,"href":"https:\/\/www.escapadarural.com\/blog\/wp-json\/wp\/v2\/posts\/204402\/revisions"}],"wp:featuredmedia":[{"embeddable":true,"href":"https:\/\/www.escapadarural.com\/blog\/wp-json\/wp\/v2\/media\/204410"}],"wp:attachment":[{"href":"https:\/\/www.escapadarural.com\/blog\/wp-json\/wp\/v2\/media?parent=204402"}],"wp:term":[{"taxonomy":"category","embeddable":true,"href":"https:\/\/www.escapadarural.com\/blog\/wp-json\/wp\/v2\/categories?post=204402"},{"taxonomy":"post_tag","embeddable":true,"href":"https:\/\/www.escapadarural.com\/blog\/wp-json\/wp\/v2\/tags?post=204402"}],"curies":[{"name":"wp","href":"https:\/\/api.w.org\/{rel}","templated":true}]}}