{"id":205276,"date":"2025-08-14T11:35:03","date_gmt":"2025-08-14T09:35:03","guid":{"rendered":"https:\/\/www.escapadarural.com\/blog\/?p=205276"},"modified":"2026-03-23T17:10:40","modified_gmt":"2026-03-23T16:10:40","slug":"ruta-pozas-del-rio-pedras-a-pobra-do-caraminal","status":"publish","type":"post","link":"https:\/\/www.escapadarural.com\/blog\/ruta-pozas-del-rio-pedras-a-pobra-do-caraminal\/","title":{"rendered":"La ruta de leyenda en Galicia que esconde un sinf\u00edn de piscinas naturales"},"content":{"rendered":"\n<figure class=\"wp-block-image size-large\"><img loading=\"lazy\" decoding=\"async\" width=\"1024\" height=\"682\" src=\"https:\/\/www.escapadarural.com\/blog\/wp-content\/uploads\/2025\/07\/AdobeStock_198584138_pedras-1024x682.webp\" alt=\"Ruta por el r\u00edo Pedras en A Pobra do Carami\u00f1al (A Coru\u00f1a). Por Francisco.\" class=\"wp-image-205279\"\/><figcaption class=\"wp-element-caption\">Ruta por el r\u00edo Pedras en A Pobra do Carami\u00f1al (A Coru\u00f1a). Por Francisco<\/figcaption><\/figure>\n\n\n\n<p>El municipio coru\u00f1\u00e9s de A Pobra do Carami\u00f1al es un buen destino para refrescarse en verano, tanto para los que prefieren el mar como para los que son m\u00e1s de monta\u00f1a. Por un lado, playas como las de Lombi\u00f1a o A Barca siempre son una gran opci\u00f3n: suelen aparecer en la lista de las que poseen el distintivo de calidad \u2018bandera azul\u2019. Por otro lado, parajes naturales de interior como la <strong>ruta por las pozas del r\u00edo Pedras<\/strong> hacen que sea dif\u00edcil escoger el plan del d\u00eda.<\/p>\n\n\n\n<div class=\"wp-block-buttons is-layout-flex wp-block-buttons-is-layout-flex\">\n<div class=\"wp-block-button\"><a class=\"wp-block-button__link wp-element-button\" href=\"\/casas-rurales\/a-pobra-do-caraminal\">Alojamientos rurales en A Pobra do Carami\u00f1al<\/a><\/div>\n<\/div>\n\n\n\n<h2 class=\"wp-block-heading\" id=\"h-como-llegar-a-las-pozas-del-rio-pedras\">C\u00f3mo llegar a las pozas del r\u00edo Pedras<\/h2>\n\n\n\n<p>En el caso de optar por lo fluvial, quienes quieran caminar (se puede llegar a algunas de las pozas en coche) deber\u00e1n<strong> seguir la PRG-91<\/strong>, o la ruta por las pozas del r\u00edo Pedras, como se la conoce popularmente. Se trata de un recorrido circular de unos 22 kil\u00f3metros que est\u00e1 catalogado con dificultad media-dif\u00edcil, ya que hay tramos muy empinados y otros que tienen riesgo de resbal\u00f3n. Se alcanza una altitud de 584 metros por encima del nivel del mar y el desnivel, positivo y negativo, es de 676 metros. Se completa en unas siete horas. Aunque esto depende, por supuesto, de las paradas que se hagan.<\/p>\n\n\n<div style=\"background-color: #dff0d8; color: #3c763d; border-left-color: #3c763d; \" class=\"ub-styled-box ub-notification-box wp-block-ub-styled-box\" id=\"ub-styled-box-158689ef-13ae-4468-8610-736d3f045b3f\">\n<p id=\"ub-styled-box-notification-content-\"><strong>Longitud<\/strong>: 22,52 kil\u00f3metros<\/p>\n\n\n\n<p><strong>Dificultad<\/strong>: media\/dif\u00edcil<\/p>\n\n\n\n<p><strong>Tipo de ruta<\/strong>: circular<\/p>\n\n\n\n<p><a href=\"https:\/\/es.wikiloc.com\/rutas-senderismo\/pozas-do-rio-pedras-53888768\" target=\"_blank\" rel=\"noreferrer noopener nofollow\">Track de Wikiloc<\/a><\/p>\n\n\n<\/div>\n\n\n<p>El camino parte de un <strong>aparcamiento habilitado en A Pobra do Carami\u00f1al<\/strong>, cerca de su plaza Mayor. Al salir del pueblo por su zona norte, se llega <strong>al r\u00edo Pedras<\/strong>, se gira a la izquierda y hay que avanzar por su orilla. Tras dos kil\u00f3metros y medio de marcha, aparece un cruce para girar a la derecha o la izquierda: hay que tomar la segunda opci\u00f3n. Durante la traves\u00eda se ven diversos molinos que anta\u00f1o dieron servicio a los vecinos, que los usaban para hacer harina.<\/p>\n\n\n\n<figure class=\"wp-block-image size-large\"><img loading=\"lazy\" decoding=\"async\" width=\"1024\" height=\"768\" src=\"https:\/\/www.escapadarural.com\/blog\/wp-content\/uploads\/2025\/07\/AdobeStock_242549945_pedras6-1024x768.webp\" alt=\"Senderista en la ruta del r\u00edo Pedras. Por acaballero67.\" class=\"wp-image-205284\"\/><figcaption class=\"wp-element-caption\">Senderista en la ruta del r\u00edo Pedras (A Coru\u00f1a). Por acaballero67<\/figcaption><\/figure>\n\n\n\n<p>Al llegar al punto en el que los r\u00edos San Xoan y Barbanza se unen para \u2018convertirse\u2019 en el r\u00edo Pedras, aparece un puente cuyo origen se remonta a la Edad Media. Adem\u00e1s, a pocos metros est\u00e1n los vestigios del <strong>convento A Miserela<\/strong> o San Xo\u00e1n de Lesi\u00f3n, tambi\u00e9n del medievo. A partir de aqu\u00ed, es cuando el camino se torna complicado porque la subida empieza a ser pronunciada.<\/p>\n\n\n\n<p>Se avanza a orillas del r\u00edo \u2013en direcci\u00f3n contraria al fluir de su agua, como los salmones\u2013 y se dejan atr\u00e1s las pozas, aunque se puede hacer una parada para darse un chapuz\u00f3n. Si hace calor, seguramente apetezca porque a estas alturas de la ruta posiblemente se empiece a notar el esfuerzo. Al llegar al punto m\u00e1s elevado del camino, aparecen las vistas a <strong>la r\u00eda de Arousa<\/strong>, uno de los regalos visuales de este recorrido.&nbsp;<\/p>\n\n\n\n<figure class=\"wp-block-image size-large\"><img loading=\"lazy\" decoding=\"async\" width=\"1024\" height=\"683\" src=\"https:\/\/www.escapadarural.com\/blog\/wp-content\/uploads\/2025\/07\/AdobeStock_341040654_pedras3-1024x683.webp\" alt=\"Poza del r\u00edo Pedras. Por MiguelAngel.\" class=\"wp-image-205281\"\/><figcaption class=\"wp-element-caption\">Poza del r\u00edo Pedras en A Pobra do Carami\u00f1al (A Coru\u00f1a). Por MiguelAngel<\/figcaption><\/figure>\n\n\n\n<p>Durante unos cuantos kil\u00f3metros el sendero se allana, es posible tomar un respiro antes de enfrentarse a la parte m\u00e1s dura de la ruta: <strong>el descenso<\/strong>. Aunque parece que la subida es m\u00e1s costosa, para muchas personas las bajadas son m\u00e1s complicadas, ya que hay que tener mucho cuidado de no resbalar si son muy empinadas, como es el caso. En un determinado momento \u2013una vez superado lo m\u00e1s dificultoso del recorrido\u2013 se llega de nuevo al r\u00edo Pedras, aunque&nbsp;en su orilla contraria. Poco a poco se avanza hasta dar con el cruce inicial, donde se toma la opci\u00f3n que lleva de vuelta a A Pobra do Carami\u00f1al.<\/p>\n\n\n\n<h2 class=\"wp-block-heading\" id=\"h-galicia-de-leyenda\">Galicia de leyenda<\/h2>\n\n\n\n<p>Es complicado encontrar un rinc\u00f3n de Galicia que no tenga una leyenda asociada. En el caso de <strong>las pozas del r\u00edo Pedras<\/strong> hay hasta seis. Al menos, seg\u00fan el documento ilustrado del dibujante Miguel Robledo y el escritor Manuel Gago, que se public\u00f3 con motivo de las jornadas <a href=\"https:\/\/apobra.gal\/2020\/11\/30\/disponible-para-descarga-o-poster-conmemorativo-as-lendas-do-rio-das-pedras\/\" target=\"_blank\" rel=\"noreferrer noopener nofollow\">A Pobra do Carami\u00f1al no Tempo<\/a> en 2020.&nbsp;<\/p>\n\n\n\n<figure class=\"wp-block-image size-large\"><img loading=\"lazy\" decoding=\"async\" width=\"1024\" height=\"734\" src=\"https:\/\/www.escapadarural.com\/blog\/wp-content\/uploads\/2025\/07\/lendas_do_rio_das_pedras_1-1024x734.jpg\" alt=\"Leyendas del r\u00edo Pedras. Por Miguel Robledo.\" class=\"wp-image-205278\"\/><figcaption class=\"wp-element-caption\">Leyendas del r\u00edo Pedras (A Coru\u00f1a). Por Miguel Robledo<\/figcaption><\/figure>\n\n\n\n<p>Una de ellas es la de <strong>la barca de San Amaro<\/strong>, que se refiere a una roca con forma de embarcaci\u00f3n que est\u00e1 a los pies de A Miserela. Se supone que es la barca petrificada que San Amaro, fundador del convento, utiliz\u00f3 para huir de los \u00e1rabes que le persegu\u00edan remando r\u00edo arriba desde el mar. Para dificultar el avance a sus enemigos, llen\u00f3 el cauce de piedras, de ah\u00ed su nombre actual.<\/p>\n\n\n\n<p>El misterio del <strong>pozo Negro<\/strong> se refiere a la poza m\u00e1s honda de todas, que est\u00e1 arriba del convento. Es tan profunda que, de hecho, se dice que no tiene fondo y que en su interior viven monstruos y brujos con poderes. Hay otra variante que afirma que dentro <strong>hay un peral<\/strong> que da frutas de oro y recoge toda la sabidur\u00eda del mundo. El d\u00eda que ese \u00e1rbol se seque, el pozo soltar\u00e1 toda su agua y anegar\u00e1 el planeta.<\/p>\n\n\n\n<p>Por otro lado est\u00e1n <strong>las lavanderas<\/strong>, mujeres que murieron en el parto y se quedaron atrapadas en el Al\u00e9n (el mundo despu\u00e9s de la muerte). Por las noches van a lavar sus ropas manchadas de sangre al r\u00edo y esperan a que alguien las encuentre para embrujarle y obligarle a trabajar. Esa persona debe retorcer la ropa en el sentido contrario a ellas: si lo hace bien, se le conceder\u00e1 un milagro; sino, morir\u00e1. Adem\u00e1s, si se arrancan los pelos, pueden convertirlos en culebras. Ojo con ellas.<\/p>\n\n\n\n<figure class=\"wp-block-image size-large\"><img loading=\"lazy\" decoding=\"async\" width=\"1024\" height=\"768\" src=\"https:\/\/www.escapadarural.com\/blog\/wp-content\/uploads\/2025\/07\/AdobeStock_242549389_pedras4-1024x768.webp\" alt=\"Poza del r\u00edo Pedras. Por acaballero67.\" class=\"wp-image-205282\"\/><figcaption class=\"wp-element-caption\">Poza del r\u00edo Pedras en A Pobra do Carami\u00f1al (A Coru\u00f1a). Por acaballero67<\/figcaption><\/figure>\n\n\n\n<p>Y otra de las leyendas, quiz\u00e1 la m\u00e1s amable, es la que dice que las chicas j\u00f3venes del pueblo iban a una poza en concreto en la <strong>noche de San Juan<\/strong>. Se ba\u00f1aban all\u00ed hasta ver al sol y a la luna bailar en el firmamento.<\/p>\n\n\n\n<h2 class=\"wp-block-heading\" id=\"h-que-ver-en-a-pobra-do-caraminal-nbsp\">Qu\u00e9 ver en A Pobra do Carami\u00f1al&nbsp;<\/h2>\n\n\n\n<p>No solo las piscinas naturales y sus alrededores son interesantes en este municipio, que tiene un patrimonio arquitect\u00f3nico y cultural bien nutrido. Un ejemplo es la antigua fortaleza medieval <strong>torre de Xunqueiras<\/strong>, que est\u00e1 reconocida como monumento hist\u00f3rico-art\u00edstico de inter\u00e9s nacional. Esa misma catalogaci\u00f3n es la que tiene la torre de Berm\u00fadez, un edificio del siglo XVI y estilo plateresco que actualmente es la sede del Museo de Valle-Incl\u00e1n, que fue vecino del pueblo.<\/p>\n\n\n\n<figure class=\"wp-block-image size-large\"><img loading=\"lazy\" decoding=\"async\" width=\"1024\" height=\"768\" src=\"https:\/\/www.escapadarural.com\/blog\/wp-content\/uploads\/2025\/07\/AdobeStock_542264337_pobra_caraminal-1024x768.webp\" alt=\"Iglesia de Santiago de la Puebla del De\u00e1n en A Pobra do Carami\u00f1al. Por CDN.\" class=\"wp-image-205283\"\/><figcaption class=\"wp-element-caption\">Iglesia de Santiago de la Puebla del De\u00e1n en A Pobra do Carami\u00f1al (A Coru\u00f1a). Por CDN<\/figcaption><\/figure>\n\n\n\n<p>Entre sus edificios religiosos destaca <strong>la iglesia de Santiago de la Puebla del De\u00e1n<\/strong>, que es de estilo g\u00f3tico marinero y se erigi\u00f3 entre los siglos XIV y XV, aunque con el tiempo vivi\u00f3 varias ampliaciones. En su interior reside la talla de Jes\u00fas el Nazareno que, cada a\u00f1o, recorre el pueblo en la procesi\u00f3n que lleva su nombre. Tambi\u00e9n es conocida como fiesta de las Mortajas.<\/p>\n\n\n\n<p>En ella, las personas que quieren agradecer al Nazareno que haya intervenido para curarles de una enfermedad o salvarles de la muerte, se meten <strong>en su propio ata\u00fad<\/strong> y sus familiares o allegados les llevan \u2013con la tapa abierta\u2013 en procesi\u00f3n tras la talla del Cristo. Una vez en la iglesia, se deja el f\u00e9retro en ofrenda. Esta tradici\u00f3n se remonta, como poco, al siglo XV y es una de las m\u00e1s impresionantes de Galicia, aunque este <a href=\"\/blog\/necroturismo-en-galicia-6-cementerios-y-una-romeria-para-una-escapada-diferente\/\">no es el \u00fanico pueblo en el que se realiza<\/a>. En As Neves, <a href=\"\/casas-rurales\/pontevedra\" target=\"_blank\" rel=\"noreferrer noopener\">Pontevedra<\/a>, tambi\u00e9n se lleva a cabo un rito similar.<\/p>\n","protected":false},"excerpt":{"rendered":"<p>Las pozas del r\u00edo Pedras, en A Pobra do Carami\u00f1al, son una joya gallega. La ruta tiene piscinas naturales y vistas a la r\u00eda de Arousa.<\/p>\n","protected":false},"author":114,"featured_media":205280,"comment_status":"open","ping_status":"open","sticky":false,"template":"","format":"standard","meta":{"_acf_changed":false,"om_disable_all_campaigns":false,"footnotes":""},"categories":[191,1379],"tags":[241,6424,1326,468,611,777,6423,6087,217],"class_list":["post-205276","post","type-post","status-publish","format-standard","has-post-thumbnail","hentry","category-destinos","category-rutas-y-excursiones","tag-que-ver-en-a-coruna","tag-a-pobra-do-caraminal","tag-agua","tag-que-ver-en-galicia","tag-leyendas","tag-piscinas-naturales","tag-ruta-pozas-rio-pedras","tag-senderismo","tag-verano"],"acf":[],"featured_image_src":"https:\/\/www.escapadarural.com\/blog\/wp-content\/uploads\/2025\/07\/AdobeStock_242549301_pedras2-scaled.webp","author_info":{"display_name":"Carmen L\u00f3pez","author_link":"https:\/\/www.escapadarural.com\/blog\/autor\/carmenlopez\/"},"yoast_head":"<!-- This site is optimized with the Yoast SEO plugin v27.5 - https:\/\/yoast.com\/product\/yoast-seo-wordpress\/ -->\n<title>La ruta de leyenda en Galicia que esconde un sinf\u00edn de piscinas naturales - EscapadaRural<\/title>\n<meta name=\"description\" content=\"Las pozas del r\u00edo Pedras, en A Pobra do Carami\u00f1al, son una joya gallega. La ruta tiene piscinas naturales y vistas a la r\u00eda de Arousa.\" \/>\n<meta name=\"robots\" content=\"index, follow, max-snippet:-1, max-image-preview:large, max-video-preview:-1\" \/>\n<link rel=\"canonical\" href=\"https:\/\/www.escapadarural.com\/blog\/ruta-pozas-del-rio-pedras-a-pobra-do-caraminal\/\" \/>\n<meta property=\"og:locale\" content=\"es_ES\" \/>\n<meta property=\"og:type\" content=\"article\" \/>\n<meta property=\"og:title\" content=\"La ruta de leyenda en Galicia que esconde un sinf\u00edn de piscinas naturales - EscapadaRural\" \/>\n<meta property=\"og:description\" content=\"Las pozas del r\u00edo Pedras, en A Pobra do Carami\u00f1al, son una joya gallega. La ruta tiene piscinas naturales y vistas a la r\u00eda de Arousa.\" \/>\n<meta property=\"og:url\" content=\"https:\/\/www.escapadarural.com\/blog\/ruta-pozas-del-rio-pedras-a-pobra-do-caraminal\/\" \/>\n<meta property=\"og:site_name\" content=\"Magazine de viajes de EscapadaRural\" \/>\n<meta property=\"article:publisher\" content=\"https:\/\/www.facebook.com\/escapadarural\" \/>\n<meta property=\"article:published_time\" content=\"2025-08-14T09:35:03+00:00\" \/>\n<meta property=\"article:modified_time\" content=\"2026-03-23T16:10:40+00:00\" \/>\n<meta property=\"og:image\" content=\"https:\/\/www.escapadarural.com\/blog\/wp-content\/uploads\/2025\/07\/AdobeStock_242549301_pedras2-scaled.webp?v=1774282241\" \/>\n\t<meta property=\"og:image:width\" content=\"2048\" \/>\n\t<meta property=\"og:image:height\" content=\"1536\" \/>\n\t<meta property=\"og:image:type\" content=\"image\/webp\" \/>\n<meta name=\"author\" content=\"Carmen L\u00f3pez\" \/>\n<meta name=\"twitter:card\" content=\"summary_large_image\" \/>\n<meta name=\"twitter:label1\" content=\"Escrito por\" \/>\n\t<meta name=\"twitter:data1\" content=\"Carmen L\u00f3pez\" \/>\n\t<meta name=\"twitter:label2\" content=\"Tiempo de lectura\" \/>\n\t<meta name=\"twitter:data2\" content=\"7 minutos\" \/>\n<script type=\"application\/ld+json\" class=\"yoast-schema-graph\">{\"@context\":\"https:\\\/\\\/schema.org\",\"@graph\":[{\"@type\":\"Article\",\"@id\":\"https:\\\/\\\/www.escapadarural.com\\\/blog\\\/ruta-pozas-del-rio-pedras-a-pobra-do-caraminal\\\/#article\",\"isPartOf\":{\"@id\":\"https:\\\/\\\/www.escapadarural.com\\\/blog\\\/ruta-pozas-del-rio-pedras-a-pobra-do-caraminal\\\/\"},\"author\":{\"name\":\"Carmen L\u00f3pez\",\"@id\":\"https:\\\/\\\/www.escapadarural.com\\\/blog\\\/#\\\/schema\\\/person\\\/42dfdff6118172efc6a04c8ae599a2ce\"},\"headline\":\"La ruta de leyenda en Galicia que esconde un sinf\u00edn de piscinas naturales\",\"datePublished\":\"2025-08-14T09:35:03+00:00\",\"dateModified\":\"2026-03-23T16:10:40+00:00\",\"mainEntityOfPage\":{\"@id\":\"https:\\\/\\\/www.escapadarural.com\\\/blog\\\/ruta-pozas-del-rio-pedras-a-pobra-do-caraminal\\\/\"},\"wordCount\":1347,\"commentCount\":0,\"publisher\":{\"@id\":\"https:\\\/\\\/www.escapadarural.com\\\/blog\\\/#organization\"},\"image\":{\"@id\":\"https:\\\/\\\/www.escapadarural.com\\\/blog\\\/ruta-pozas-del-rio-pedras-a-pobra-do-caraminal\\\/#primaryimage\"},\"thumbnailUrl\":\"https:\\\/\\\/www.escapadarural.com\\\/blog\\\/wp-content\\\/uploads\\\/2025\\\/07\\\/AdobeStock_242549301_pedras2-scaled.webp\",\"keywords\":[\"A Coru\u00f1a\",\"A Pobra do Carami\u00f1al\",\"Agua\",\"Galicia\",\"Leyendas\",\"Piscinas Naturales\",\"ruta pozas r\u00edo pedras\",\"senderismo\",\"verano\"],\"articleSection\":[\"Destinos\",\"Rutas y excursiones\"],\"inLanguage\":\"es\",\"potentialAction\":[{\"@type\":\"CommentAction\",\"name\":\"Comment\",\"target\":[\"https:\\\/\\\/www.escapadarural.com\\\/blog\\\/ruta-pozas-del-rio-pedras-a-pobra-do-caraminal\\\/#respond\"]}]},{\"@type\":\"WebPage\",\"@id\":\"https:\\\/\\\/www.escapadarural.com\\\/blog\\\/ruta-pozas-del-rio-pedras-a-pobra-do-caraminal\\\/\",\"url\":\"https:\\\/\\\/www.escapadarural.com\\\/blog\\\/ruta-pozas-del-rio-pedras-a-pobra-do-caraminal\\\/\",\"name\":\"La ruta de leyenda en Galicia que esconde un sinf\u00edn de piscinas naturales - EscapadaRural\",\"isPartOf\":{\"@id\":\"https:\\\/\\\/www.escapadarural.com\\\/blog\\\/#website\"},\"primaryImageOfPage\":{\"@id\":\"https:\\\/\\\/www.escapadarural.com\\\/blog\\\/ruta-pozas-del-rio-pedras-a-pobra-do-caraminal\\\/#primaryimage\"},\"image\":{\"@id\":\"https:\\\/\\\/www.escapadarural.com\\\/blog\\\/ruta-pozas-del-rio-pedras-a-pobra-do-caraminal\\\/#primaryimage\"},\"thumbnailUrl\":\"https:\\\/\\\/www.escapadarural.com\\\/blog\\\/wp-content\\\/uploads\\\/2025\\\/07\\\/AdobeStock_242549301_pedras2-scaled.webp\",\"datePublished\":\"2025-08-14T09:35:03+00:00\",\"dateModified\":\"2026-03-23T16:10:40+00:00\",\"description\":\"Las pozas del r\u00edo Pedras, en A Pobra do Carami\u00f1al, son una joya gallega. La ruta tiene piscinas naturales y vistas a la r\u00eda de Arousa.\",\"breadcrumb\":{\"@id\":\"https:\\\/\\\/www.escapadarural.com\\\/blog\\\/ruta-pozas-del-rio-pedras-a-pobra-do-caraminal\\\/#breadcrumb\"},\"inLanguage\":\"es\",\"potentialAction\":[{\"@type\":\"ReadAction\",\"target\":[\"https:\\\/\\\/www.escapadarural.com\\\/blog\\\/ruta-pozas-del-rio-pedras-a-pobra-do-caraminal\\\/\"]}]},{\"@type\":\"ImageObject\",\"inLanguage\":\"es\",\"@id\":\"https:\\\/\\\/www.escapadarural.com\\\/blog\\\/ruta-pozas-del-rio-pedras-a-pobra-do-caraminal\\\/#primaryimage\",\"url\":\"https:\\\/\\\/www.escapadarural.com\\\/blog\\\/wp-content\\\/uploads\\\/2025\\\/07\\\/AdobeStock_242549301_pedras2-scaled.webp\",\"contentUrl\":\"https:\\\/\\\/www.escapadarural.com\\\/blog\\\/wp-content\\\/uploads\\\/2025\\\/07\\\/AdobeStock_242549301_pedras2-scaled.webp\",\"width\":2048,\"height\":1536,\"caption\":\"Poza del r\u00edo Pedras. Por acaballero67.\"},{\"@type\":\"BreadcrumbList\",\"@id\":\"https:\\\/\\\/www.escapadarural.com\\\/blog\\\/ruta-pozas-del-rio-pedras-a-pobra-do-caraminal\\\/#breadcrumb\",\"itemListElement\":[{\"@type\":\"ListItem\",\"position\":1,\"name\":\"Inicio\",\"item\":\"https:\\\/\\\/www.escapadarural.com\\\/blog\\\/\"},{\"@type\":\"ListItem\",\"position\":2,\"name\":\"Rutas y excursiones\",\"item\":\"https:\\\/\\\/www.escapadarural.com\\\/blog\\\/categoria\\\/rutas-y-excursiones\\\/\"},{\"@type\":\"ListItem\",\"position\":3,\"name\":\"La ruta de leyenda en Galicia que esconde un sinf\u00edn de piscinas naturales\"}]},{\"@type\":\"WebSite\",\"@id\":\"https:\\\/\\\/www.escapadarural.com\\\/blog\\\/#website\",\"url\":\"https:\\\/\\\/www.escapadarural.com\\\/blog\\\/\",\"name\":\"Blog de viajes | turismo rural, alojamientos e inspiraci\u00f3n\",\"description\":\"Alojamientos rurales e inspiraci\u00f3n para tus escapadas\",\"publisher\":{\"@id\":\"https:\\\/\\\/www.escapadarural.com\\\/blog\\\/#organization\"},\"alternateName\":\"Magazine de viajes de EscapadaRural\",\"potentialAction\":[{\"@type\":\"SearchAction\",\"target\":{\"@type\":\"EntryPoint\",\"urlTemplate\":\"https:\\\/\\\/www.escapadarural.com\\\/blog\\\/?s={search_term_string}\"},\"query-input\":{\"@type\":\"PropertyValueSpecification\",\"valueRequired\":true,\"valueName\":\"search_term_string\"}}],\"inLanguage\":\"es\"},{\"@type\":\"Organization\",\"@id\":\"https:\\\/\\\/www.escapadarural.com\\\/blog\\\/#organization\",\"name\":\"EscapadaRural\",\"url\":\"https:\\\/\\\/www.escapadarural.com\\\/blog\\\/\",\"logo\":{\"@type\":\"ImageObject\",\"inLanguage\":\"es\",\"@id\":\"https:\\\/\\\/www.escapadarural.com\\\/blog\\\/#\\\/schema\\\/logo\\\/image\\\/\",\"url\":\"https:\\\/\\\/www.escapadarural.com\\\/blog\\\/wp-content\\\/uploads\\\/2024\\\/10\\\/cropped-cropped-escapada-rural-icon-mag-3.png\",\"contentUrl\":\"https:\\\/\\\/www.escapadarural.com\\\/blog\\\/wp-content\\\/uploads\\\/2024\\\/10\\\/cropped-cropped-escapada-rural-icon-mag-3.png\",\"width\":512,\"height\":512,\"caption\":\"EscapadaRural\"},\"image\":{\"@id\":\"https:\\\/\\\/www.escapadarural.com\\\/blog\\\/#\\\/schema\\\/logo\\\/image\\\/\"},\"sameAs\":[\"https:\\\/\\\/www.facebook.com\\\/escapadarural\",\"https:\\\/\\\/www.instagram.com\\\/escapadarural\\\/\",\"https:\\\/\\\/www.youtube.com\\\/@escapadaruralcom\"]},{\"@type\":\"Person\",\"@id\":\"https:\\\/\\\/www.escapadarural.com\\\/blog\\\/#\\\/schema\\\/person\\\/42dfdff6118172efc6a04c8ae599a2ce\",\"name\":\"Carmen L\u00f3pez\",\"image\":{\"@type\":\"ImageObject\",\"inLanguage\":\"es\",\"@id\":\"https:\\\/\\\/www.escapadarural.com\\\/blog\\\/wp-content\\\/uploads\\\/2024\\\/11\\\/cropped-perfil_eldiario-96x96-1-96x96.jpeg\",\"url\":\"https:\\\/\\\/www.escapadarural.com\\\/blog\\\/wp-content\\\/uploads\\\/2024\\\/11\\\/cropped-perfil_eldiario-96x96-1-96x96.jpeg\",\"contentUrl\":\"https:\\\/\\\/www.escapadarural.com\\\/blog\\\/wp-content\\\/uploads\\\/2024\\\/11\\\/cropped-perfil_eldiario-96x96-1-96x96.jpeg\",\"caption\":\"Carmen L\u00f3pez\"},\"description\":\"Soy periodista y escribo sobre cosas que importan en sitios que interesan desde hace m\u00e1s de una d\u00e9cada.\",\"url\":\"https:\\\/\\\/www.escapadarural.com\\\/blog\\\/autor\\\/carmenlopez\\\/\"}]}<\/script>\n<!-- \/ Yoast SEO plugin. -->","yoast_head_json":{"title":"La ruta de leyenda en Galicia que esconde un sinf\u00edn de piscinas naturales - EscapadaRural","description":"Las pozas del r\u00edo Pedras, en A Pobra do Carami\u00f1al, son una joya gallega. La ruta tiene piscinas naturales y vistas a la r\u00eda de Arousa.","robots":{"index":"index","follow":"follow","max-snippet":"max-snippet:-1","max-image-preview":"max-image-preview:large","max-video-preview":"max-video-preview:-1"},"canonical":"https:\/\/www.escapadarural.com\/blog\/ruta-pozas-del-rio-pedras-a-pobra-do-caraminal\/","og_locale":"es_ES","og_type":"article","og_title":"La ruta de leyenda en Galicia que esconde un sinf\u00edn de piscinas naturales - EscapadaRural","og_description":"Las pozas del r\u00edo Pedras, en A Pobra do Carami\u00f1al, son una joya gallega. La ruta tiene piscinas naturales y vistas a la r\u00eda de Arousa.","og_url":"https:\/\/www.escapadarural.com\/blog\/ruta-pozas-del-rio-pedras-a-pobra-do-caraminal\/","og_site_name":"Magazine de viajes de EscapadaRural","article_publisher":"https:\/\/www.facebook.com\/escapadarural","article_published_time":"2025-08-14T09:35:03+00:00","article_modified_time":"2026-03-23T16:10:40+00:00","og_image":[{"width":2048,"height":1536,"url":"https:\/\/www.escapadarural.com\/blog\/wp-content\/uploads\/2025\/07\/AdobeStock_242549301_pedras2-scaled.webp?v=1774282241","type":"image\/webp"}],"author":"Carmen L\u00f3pez","twitter_card":"summary_large_image","twitter_misc":{"Escrito por":"Carmen L\u00f3pez","Tiempo de lectura":"7 minutos"},"schema":{"@context":"https:\/\/schema.org","@graph":[{"@type":"Article","@id":"https:\/\/www.escapadarural.com\/blog\/ruta-pozas-del-rio-pedras-a-pobra-do-caraminal\/#article","isPartOf":{"@id":"https:\/\/www.escapadarural.com\/blog\/ruta-pozas-del-rio-pedras-a-pobra-do-caraminal\/"},"author":{"name":"Carmen L\u00f3pez","@id":"https:\/\/www.escapadarural.com\/blog\/#\/schema\/person\/42dfdff6118172efc6a04c8ae599a2ce"},"headline":"La ruta de leyenda en Galicia que esconde un sinf\u00edn de piscinas naturales","datePublished":"2025-08-14T09:35:03+00:00","dateModified":"2026-03-23T16:10:40+00:00","mainEntityOfPage":{"@id":"https:\/\/www.escapadarural.com\/blog\/ruta-pozas-del-rio-pedras-a-pobra-do-caraminal\/"},"wordCount":1347,"commentCount":0,"publisher":{"@id":"https:\/\/www.escapadarural.com\/blog\/#organization"},"image":{"@id":"https:\/\/www.escapadarural.com\/blog\/ruta-pozas-del-rio-pedras-a-pobra-do-caraminal\/#primaryimage"},"thumbnailUrl":"https:\/\/www.escapadarural.com\/blog\/wp-content\/uploads\/2025\/07\/AdobeStock_242549301_pedras2-scaled.webp","keywords":["A Coru\u00f1a","A Pobra do Carami\u00f1al","Agua","Galicia","Leyendas","Piscinas Naturales","ruta pozas r\u00edo pedras","senderismo","verano"],"articleSection":["Destinos","Rutas y excursiones"],"inLanguage":"es","potentialAction":[{"@type":"CommentAction","name":"Comment","target":["https:\/\/www.escapadarural.com\/blog\/ruta-pozas-del-rio-pedras-a-pobra-do-caraminal\/#respond"]}]},{"@type":"WebPage","@id":"https:\/\/www.escapadarural.com\/blog\/ruta-pozas-del-rio-pedras-a-pobra-do-caraminal\/","url":"https:\/\/www.escapadarural.com\/blog\/ruta-pozas-del-rio-pedras-a-pobra-do-caraminal\/","name":"La ruta de leyenda en Galicia que esconde un sinf\u00edn de piscinas naturales - EscapadaRural","isPartOf":{"@id":"https:\/\/www.escapadarural.com\/blog\/#website"},"primaryImageOfPage":{"@id":"https:\/\/www.escapadarural.com\/blog\/ruta-pozas-del-rio-pedras-a-pobra-do-caraminal\/#primaryimage"},"image":{"@id":"https:\/\/www.escapadarural.com\/blog\/ruta-pozas-del-rio-pedras-a-pobra-do-caraminal\/#primaryimage"},"thumbnailUrl":"https:\/\/www.escapadarural.com\/blog\/wp-content\/uploads\/2025\/07\/AdobeStock_242549301_pedras2-scaled.webp","datePublished":"2025-08-14T09:35:03+00:00","dateModified":"2026-03-23T16:10:40+00:00","description":"Las pozas del r\u00edo Pedras, en A Pobra do Carami\u00f1al, son una joya gallega. La ruta tiene piscinas naturales y vistas a la r\u00eda de Arousa.","breadcrumb":{"@id":"https:\/\/www.escapadarural.com\/blog\/ruta-pozas-del-rio-pedras-a-pobra-do-caraminal\/#breadcrumb"},"inLanguage":"es","potentialAction":[{"@type":"ReadAction","target":["https:\/\/www.escapadarural.com\/blog\/ruta-pozas-del-rio-pedras-a-pobra-do-caraminal\/"]}]},{"@type":"ImageObject","inLanguage":"es","@id":"https:\/\/www.escapadarural.com\/blog\/ruta-pozas-del-rio-pedras-a-pobra-do-caraminal\/#primaryimage","url":"https:\/\/www.escapadarural.com\/blog\/wp-content\/uploads\/2025\/07\/AdobeStock_242549301_pedras2-scaled.webp","contentUrl":"https:\/\/www.escapadarural.com\/blog\/wp-content\/uploads\/2025\/07\/AdobeStock_242549301_pedras2-scaled.webp","width":2048,"height":1536,"caption":"Poza del r\u00edo Pedras. Por acaballero67."},{"@type":"BreadcrumbList","@id":"https:\/\/www.escapadarural.com\/blog\/ruta-pozas-del-rio-pedras-a-pobra-do-caraminal\/#breadcrumb","itemListElement":[{"@type":"ListItem","position":1,"name":"Inicio","item":"https:\/\/www.escapadarural.com\/blog\/"},{"@type":"ListItem","position":2,"name":"Rutas y excursiones","item":"https:\/\/www.escapadarural.com\/blog\/categoria\/rutas-y-excursiones\/"},{"@type":"ListItem","position":3,"name":"La ruta de leyenda en Galicia que esconde un sinf\u00edn de piscinas naturales"}]},{"@type":"WebSite","@id":"https:\/\/www.escapadarural.com\/blog\/#website","url":"https:\/\/www.escapadarural.com\/blog\/","name":"Blog de viajes | turismo rural, alojamientos e inspiraci\u00f3n","description":"Alojamientos rurales e inspiraci\u00f3n para tus escapadas","publisher":{"@id":"https:\/\/www.escapadarural.com\/blog\/#organization"},"alternateName":"Magazine de viajes de EscapadaRural","potentialAction":[{"@type":"SearchAction","target":{"@type":"EntryPoint","urlTemplate":"https:\/\/www.escapadarural.com\/blog\/?s={search_term_string}"},"query-input":{"@type":"PropertyValueSpecification","valueRequired":true,"valueName":"search_term_string"}}],"inLanguage":"es"},{"@type":"Organization","@id":"https:\/\/www.escapadarural.com\/blog\/#organization","name":"EscapadaRural","url":"https:\/\/www.escapadarural.com\/blog\/","logo":{"@type":"ImageObject","inLanguage":"es","@id":"https:\/\/www.escapadarural.com\/blog\/#\/schema\/logo\/image\/","url":"https:\/\/www.escapadarural.com\/blog\/wp-content\/uploads\/2024\/10\/cropped-cropped-escapada-rural-icon-mag-3.png","contentUrl":"https:\/\/www.escapadarural.com\/blog\/wp-content\/uploads\/2024\/10\/cropped-cropped-escapada-rural-icon-mag-3.png","width":512,"height":512,"caption":"EscapadaRural"},"image":{"@id":"https:\/\/www.escapadarural.com\/blog\/#\/schema\/logo\/image\/"},"sameAs":["https:\/\/www.facebook.com\/escapadarural","https:\/\/www.instagram.com\/escapadarural\/","https:\/\/www.youtube.com\/@escapadaruralcom"]},{"@type":"Person","@id":"https:\/\/www.escapadarural.com\/blog\/#\/schema\/person\/42dfdff6118172efc6a04c8ae599a2ce","name":"Carmen L\u00f3pez","image":{"@type":"ImageObject","inLanguage":"es","@id":"https:\/\/www.escapadarural.com\/blog\/wp-content\/uploads\/2024\/11\/cropped-perfil_eldiario-96x96-1-96x96.jpeg","url":"https:\/\/www.escapadarural.com\/blog\/wp-content\/uploads\/2024\/11\/cropped-perfil_eldiario-96x96-1-96x96.jpeg","contentUrl":"https:\/\/www.escapadarural.com\/blog\/wp-content\/uploads\/2024\/11\/cropped-perfil_eldiario-96x96-1-96x96.jpeg","caption":"Carmen L\u00f3pez"},"description":"Soy periodista y escribo sobre cosas que importan en sitios que interesan desde hace m\u00e1s de una d\u00e9cada.","url":"https:\/\/www.escapadarural.com\/blog\/autor\/carmenlopez\/"}]}},"_links":{"self":[{"href":"https:\/\/www.escapadarural.com\/blog\/wp-json\/wp\/v2\/posts\/205276","targetHints":{"allow":["GET"]}}],"collection":[{"href":"https:\/\/www.escapadarural.com\/blog\/wp-json\/wp\/v2\/posts"}],"about":[{"href":"https:\/\/www.escapadarural.com\/blog\/wp-json\/wp\/v2\/types\/post"}],"author":[{"embeddable":true,"href":"https:\/\/www.escapadarural.com\/blog\/wp-json\/wp\/v2\/users\/114"}],"replies":[{"embeddable":true,"href":"https:\/\/www.escapadarural.com\/blog\/wp-json\/wp\/v2\/comments?post=205276"}],"version-history":[{"count":0,"href":"https:\/\/www.escapadarural.com\/blog\/wp-json\/wp\/v2\/posts\/205276\/revisions"}],"wp:featuredmedia":[{"embeddable":true,"href":"https:\/\/www.escapadarural.com\/blog\/wp-json\/wp\/v2\/media\/205280"}],"wp:attachment":[{"href":"https:\/\/www.escapadarural.com\/blog\/wp-json\/wp\/v2\/media?parent=205276"}],"wp:term":[{"taxonomy":"category","embeddable":true,"href":"https:\/\/www.escapadarural.com\/blog\/wp-json\/wp\/v2\/categories?post=205276"},{"taxonomy":"post_tag","embeddable":true,"href":"https:\/\/www.escapadarural.com\/blog\/wp-json\/wp\/v2\/tags?post=205276"}],"curies":[{"name":"wp","href":"https:\/\/api.w.org\/{rel}","templated":true}]}}