{"id":206366,"date":"2025-08-07T13:16:23","date_gmt":"2025-08-07T11:16:23","guid":{"rendered":"https:\/\/www.escapadarural.com\/blog\/?p=206366"},"modified":"2026-03-23T17:21:19","modified_gmt":"2026-03-23T16:21:19","slug":"plan-anti-olas-de-calor-pueblos-frescos","status":"publish","type":"post","link":"https:\/\/www.escapadarural.com\/blog\/plan-anti-olas-de-calor-pueblos-frescos\/","title":{"rendered":"Plan anti olas de calor: huir al pueblo m\u00e1s fresco que encuentres"},"content":{"rendered":"\n<p>Es matem\u00e1tica pura, llega el verano y Espa\u00f1a entera se convierte en un horno. En las ciudades, el asfalto se derrite, los parques parecen desiertos a las tres de la tarde y hasta las palomas buscan refugio en las fuentes. Los informativos hablan de \u201colas de calor hist\u00f3ricas\u201d mientras t\u00fa calculas cu\u00e1ntos ventiladores m\u00e1s caben en tu casa y sue\u00f1as con estar a remojo todo el d\u00eda.<\/p>\n\n\n\n<p>Pero, \u00bfy si este a\u00f1o no te resignas? \u00bfY si, en vez de sentir ese calor infernal, decides huir a la localidad m\u00e1s fresca que puedas encontrar? \u00bfTe imaginas? Pues no sue\u00f1es m\u00e1s porque esos destinos existen. Lugares donde los d\u00edas son llevaderos, agradables, y a la noche refresca. En este art\u00edculo, te proponemos un plan anti olas de calor. O lo que es lo mismo, hacer una escapada a alguno de los pueblos m\u00e1s frescos de Espa\u00f1a. \u00bfTe apuntas?\u00a0<\/p>\n\n\n\n<div class=\"wp-block-buttons is-layout-flex wp-block-buttons-is-layout-flex\">\n<div class=\"wp-block-button\"><a class=\"wp-block-button__link wp-element-button\" href=\"\/casas-rurales\">Encuentra tu alojamiento<\/a><\/div>\n<\/div>\n\n\n\n<h2 class=\"wp-block-heading\" id=\"h-torla-ordesa-huesca\"><strong>Torla-Ordesa (<a href=\"\/casas-rurales\/huesca\">Huesca<\/a><\/strong>)<\/h2>\n\n\n\n<figure class=\"wp-block-image size-large\"><img loading=\"lazy\" decoding=\"async\" width=\"1024\" height=\"576\" src=\"https:\/\/www.escapadarural.com\/blog\/wp-content\/uploads\/2025\/08\/Torla-Ordesa-1024x576.webp\" alt=\"Torla-Ordesa, Huesca\" class=\"wp-image-206371\" srcset=\"https:\/\/www.escapadarural.com\/blog\/wp-content\/uploads\/2025\/08\/Torla-Ordesa-200x113.webp 200w, https:\/\/www.escapadarural.com\/blog\/wp-content\/uploads\/2025\/08\/Torla-Ordesa-300x169.webp 300w, https:\/\/www.escapadarural.com\/blog\/wp-content\/uploads\/2025\/08\/Torla-Ordesa-400x225.webp 400w, https:\/\/www.escapadarural.com\/blog\/wp-content\/uploads\/2025\/08\/Torla-Ordesa-600x338.webp 600w, https:\/\/www.escapadarural.com\/blog\/wp-content\/uploads\/2025\/08\/Torla-Ordesa-768x432.webp 768w, https:\/\/www.escapadarural.com\/blog\/wp-content\/uploads\/2025\/08\/Torla-Ordesa-800x450.webp 800w, https:\/\/www.escapadarural.com\/blog\/wp-content\/uploads\/2025\/08\/Torla-Ordesa-1024x576.webp 1024w, https:\/\/www.escapadarural.com\/blog\/wp-content\/uploads\/2025\/08\/Torla-Ordesa.webp 1200w\" sizes=\"auto, (max-width: 1024px) 100vw, 1024px\" \/><figcaption class=\"wp-element-caption\">Torla-Ordesa. Por: josemiguelsangar<\/figcaption><\/figure>\n\n\n\n<p>Si quieres huir del calor por la puerta grande, pon rumbo a los Pirineos. Y entre todos las villas que se asoman a las monta\u00f1as, <a href=\"\/casas-rurales\/torla\">Torla<\/a>-Ordesa es un cl\u00e1sico infalible. Situado a las puertas del <strong>Parque Nacional de <a href=\"\/casas-rurales\/ordesa-y-monte-perdido\">Ordesa y Monte Perdido<\/a><\/strong>, este peque\u00f1o pueblo es la antesala de algunos de los paisajes m\u00e1s espectaculares y frescos de Espa\u00f1a. <\/p>\n\n\n\n<p>El municipio en s\u00ed es una joya, su casco urbano atesora una de las mejores muestras de la arquitectura t\u00edpica del Alto Arag\u00f3n. Adem\u00e1s de la iglesia de <strong>San Salvador<\/strong> y los restos del castillo medieval, hoy reconvertido en <strong>Museo Etnol\u00f3gico<\/strong>, sus bonitas calles te sorprender\u00e1n con multitud de casas solariegas de un alto valor hist\u00f3rico. Eso s\u00ed, la guinda del pastel la ponen sus bares y restaurantes, donde podr\u00e1s degustar platos tradicionales de la cocina del <a href=\"\/casas-rurales\/pirineo-aragones\">Pirineo Aragon\u00e9s<\/a>. <\/p>\n\n\n\n<p>Sin obviar, las diferentes excursiones y rutas de senderismo que parten desde aqu\u00ed, la recomendaci\u00f3n antes de aventurarte a realizar ninguna, es que visites su centro de visitantes, donde te ense\u00f1ar\u00e1n algunos conceptos \u00fatiles acerca de la flora y fauna que habita en la zona y te hablar\u00e1n de los <strong>senderos <\/strong>m\u00e1s destacados.\u00a0<\/p>\n\n\n\n<div class=\"wp-block-buttons is-layout-flex wp-block-buttons-is-layout-flex\">\n<div class=\"wp-block-button\"><a class=\"wp-block-button__link wp-element-button\" href=\"\/casas-rurales\/torla\">Alojamientos en Torla-Ordesa<\/a><\/div>\n<\/div>\n\n\n\n<h2 class=\"wp-block-heading\" id=\"h-piornedo-lugo\"><strong>Piornedo (<a href=\"\/casas-rurales\/lugo\">Lugo<\/a><\/strong>)<\/h2>\n\n\n\n<figure class=\"wp-block-image size-large\"><img loading=\"lazy\" decoding=\"async\" width=\"1024\" height=\"684\" src=\"https:\/\/www.escapadarural.com\/blog\/wp-content\/uploads\/2025\/08\/Piornedo-Lugo-copia-1024x684.webp\" alt=\"Piornedo, Lugo\" class=\"wp-image-206373\" srcset=\"https:\/\/www.escapadarural.com\/blog\/wp-content\/uploads\/2025\/08\/Piornedo-Lugo-copia-200x134.webp 200w, https:\/\/www.escapadarural.com\/blog\/wp-content\/uploads\/2025\/08\/Piornedo-Lugo-copia-300x200.webp 300w, https:\/\/www.escapadarural.com\/blog\/wp-content\/uploads\/2025\/08\/Piornedo-Lugo-copia-400x267.webp 400w, https:\/\/www.escapadarural.com\/blog\/wp-content\/uploads\/2025\/08\/Piornedo-Lugo-copia-600x401.webp 600w, https:\/\/www.escapadarural.com\/blog\/wp-content\/uploads\/2025\/08\/Piornedo-Lugo-copia-768x513.webp 768w, https:\/\/www.escapadarural.com\/blog\/wp-content\/uploads\/2025\/08\/Piornedo-Lugo-copia-800x534.webp 800w, https:\/\/www.escapadarural.com\/blog\/wp-content\/uploads\/2025\/08\/Piornedo-Lugo-copia-1024x684.webp 1024w, https:\/\/www.escapadarural.com\/blog\/wp-content\/uploads\/2025\/08\/Piornedo-Lugo-copia.webp 1200w\" sizes=\"auto, (max-width: 1024px) 100vw, 1024px\" \/><figcaption class=\"wp-element-caption\">Piornedo. Por: Luis Vilanova<\/figcaption><\/figure>\n\n\n\n<p>En la comarca de Los Ancares, en la provincia de <a href=\"\/casas-rurales\/lugo\">Lugo<\/a>, hay un peque\u00f1o pueblo que parece detenido en el tiempo, <a href=\"\/casas-rurales\/piornedo\">Piornedo<\/a>. Esta aldea es conocida por su arquitectura peculiar, las pallozas. Construcciones prerromanas circulares de piedra y techo vegetal, que han pervivido en esta zona hasta hace muy pocos a\u00f1os. <\/p>\n\n\n\n<p>Todo el conjunto de la aldea de Piornedo est\u00e1 catalogado como Bien de Inter\u00e9s Cultural y est\u00e1 considerado como Conjunto Hist\u00f3rico-Art\u00edstico. De hecho, uno de los lugares que visitar es el <strong>Museo Palloza<\/strong>, donde se explica c\u00f3mo era la vida de las familias que habitaban en ellas y est\u00e1n expuestas las distintas herramientas utilizadas en la construcci\u00f3n de las mismas. <\/p>\n\n\n\n<p>En definitiva, este municipio es estupendo para una escapada veraniega, podr\u00e1s desconectar, poner en valor el contacto con la naturaleza y olvidarte del calor, ya que aqu\u00ed las temperaturas suelen ser suaves incluso en pleno agosto. \u00bfTe vienes?\u00a0<\/p>\n\n\n\n<div class=\"wp-block-buttons is-layout-flex wp-block-buttons-is-layout-flex\">\n<div class=\"wp-block-button\"><a class=\"wp-block-button__link wp-element-button\" href=\"\/casas-rurales\/piornedo\">Alojamientos en Piornedo<\/a><\/div>\n<\/div>\n\n\n\n<h2 class=\"wp-block-heading\" id=\"h-fresnedillas-de-la-oliva-madrid\"><strong>Fresnedillas de la Oliva (<a href=\"\/casas-rurales\/madrid\">Madrid<\/a><\/strong>)<\/h2>\n\n\n\n<figure class=\"wp-block-image size-large\"><img loading=\"lazy\" decoding=\"async\" width=\"1024\" height=\"768\" src=\"https:\/\/www.escapadarural.com\/blog\/wp-content\/uploads\/2025\/08\/Fresnedillas-de-la-Oliva-1024x768.webp\" alt=\"Fresnedillas de la Oliva, Madrid\" class=\"wp-image-206374\" srcset=\"https:\/\/www.escapadarural.com\/blog\/wp-content\/uploads\/2025\/08\/Fresnedillas-de-la-Oliva-200x150.webp 200w, https:\/\/www.escapadarural.com\/blog\/wp-content\/uploads\/2025\/08\/Fresnedillas-de-la-Oliva-300x225.webp 300w, https:\/\/www.escapadarural.com\/blog\/wp-content\/uploads\/2025\/08\/Fresnedillas-de-la-Oliva-400x300.webp 400w, https:\/\/www.escapadarural.com\/blog\/wp-content\/uploads\/2025\/08\/Fresnedillas-de-la-Oliva-600x450.webp 600w, https:\/\/www.escapadarural.com\/blog\/wp-content\/uploads\/2025\/08\/Fresnedillas-de-la-Oliva-768x576.webp 768w, https:\/\/www.escapadarural.com\/blog\/wp-content\/uploads\/2025\/08\/Fresnedillas-de-la-Oliva-800x600.webp 800w, https:\/\/www.escapadarural.com\/blog\/wp-content\/uploads\/2025\/08\/Fresnedillas-de-la-Oliva-1024x768.webp 1024w, https:\/\/www.escapadarural.com\/blog\/wp-content\/uploads\/2025\/08\/Fresnedillas-de-la-Oliva.webp 1200w\" sizes=\"auto, (max-width: 1024px) 100vw, 1024px\" \/><figcaption class=\"wp-element-caption\">Fresnedillas de la Oliva. Por: AmayaGB<\/figcaption><\/figure>\n\n\n\n<p>Aunque cueste creerlo, en la <strong>Comunidad de <a href=\"\/casas-rurales\/madrid\">Madrid<\/a><\/strong><a href=\"\/casas-rurales\/madrid\"> <\/a>tambi\u00e9n hay lugares donde huir del calor. \u00bfD\u00f3nde?\u00a0 <a href=\"http:\/\/casas-rurales\/fresnedillas-de-la-oliva\" target=\"_blank\">Fresnedillas de la Oliva<\/a>, en la Sierra Oeste, un peque\u00f1o y tranquilo municipio que, por su altitud y entorno, ofrece un respiro. Aqu\u00ed no hay masificaciones, s\u00f3lo aire limpio, cielos despejados y una paz que reconcilia con el verano. <\/p>\n\n\n\n<p>Su casco antiguo atesora una original ruta de arte. En 2015, la artista Elena Parlange lider\u00f3 la iniciativa <em><strong>Casas con vida<\/strong><\/em>, que llen\u00f3 las casas abandonadas con 68 murales que recuerdan la historia y los antiguos oficios del pueblo, con ventanas y puertas pintadas con animales, oficios tradicionales y escenas cotidianas. <\/p>\n\n\n\n<p>Tambi\u00e9n para los m\u00e1s curiosos, Fresnedilla alberga un peque\u00f1o museo dedicado a la estaci\u00f3n espacial que all\u00ed se instal\u00f3 en los a\u00f1os 60, cuando el hombre lleg\u00f3 a la Luna. Adem\u00e1s, a poca distancia se encuentra el <strong>embalse de San Juan<\/strong>, ideal para darte un ba\u00f1o o practicar deportes acu\u00e1ticos.\u00a0<\/p>\n\n\n\n<div class=\"wp-block-buttons is-layout-flex wp-block-buttons-is-layout-flex\">\n<div class=\"wp-block-button\"><a class=\"wp-block-button__link wp-element-button\" href=\"http:\/\/casas-rurales\/fresnedillas-de-la-oliva\" target=\"_blank\">Alojamientos en Fresnedillas de la Oliva<\/a><\/div>\n<\/div>\n\n\n\n<h2 class=\"wp-block-heading\" id=\"h-san-esteban-de-gormaz-soria\"><strong>San Esteban de Gormaz (<a href=\"\/casas-rurales\/soria\">Soria<\/a><\/strong>)<\/h2>\n\n\n\n<figure class=\"wp-block-image size-large\"><img loading=\"lazy\" decoding=\"async\" width=\"1024\" height=\"684\" src=\"https:\/\/www.escapadarural.com\/blog\/wp-content\/uploads\/2025\/08\/San-Esteban-de-Gormaz-Soria-1024x684.webp\" alt=\"San Esteban de Gormaz, Soria\" class=\"wp-image-206375\" srcset=\"https:\/\/www.escapadarural.com\/blog\/wp-content\/uploads\/2025\/08\/San-Esteban-de-Gormaz-Soria-200x134.webp 200w, https:\/\/www.escapadarural.com\/blog\/wp-content\/uploads\/2025\/08\/San-Esteban-de-Gormaz-Soria-300x200.webp 300w, https:\/\/www.escapadarural.com\/blog\/wp-content\/uploads\/2025\/08\/San-Esteban-de-Gormaz-Soria-400x267.webp 400w, https:\/\/www.escapadarural.com\/blog\/wp-content\/uploads\/2025\/08\/San-Esteban-de-Gormaz-Soria-600x401.webp 600w, https:\/\/www.escapadarural.com\/blog\/wp-content\/uploads\/2025\/08\/San-Esteban-de-Gormaz-Soria-768x513.webp 768w, https:\/\/www.escapadarural.com\/blog\/wp-content\/uploads\/2025\/08\/San-Esteban-de-Gormaz-Soria-800x534.webp 800w, https:\/\/www.escapadarural.com\/blog\/wp-content\/uploads\/2025\/08\/San-Esteban-de-Gormaz-Soria-1024x684.webp 1024w, https:\/\/www.escapadarural.com\/blog\/wp-content\/uploads\/2025\/08\/San-Esteban-de-Gormaz-Soria.webp 1200w\" sizes=\"auto, (max-width: 1024px) 100vw, 1024px\" \/><figcaption class=\"wp-element-caption\">San Esteban de Gormaz. Por: DoloresGiraldez<\/figcaption><\/figure>\n\n\n\n<p>Nos escapamos a la provincia de <a href=\"\/casas-rurales\/soria\">Soria<\/a>, a orillas del r\u00edo Duero, donde se encuentra la hist\u00f3rica villa <a href=\"\/casas-rurales\/san-esteban-de-gormaz\">San Esteban de Gormaz<\/a>. Este rinc\u00f3n con encanto medieval, conocido como la cuna del rom\u00e1nico soriano, destaca por su castillo emplazado en la cima de un cerro, desde el que se domina todo, y por sus dos iglesias rom\u00e1nicas declaradas Bien de Inter\u00e9s Cultural: Nuestra Se\u00f1ora del Rivero y San Miguel, ambas dotadas de magn\u00edficas <strong>galer\u00edas porticadas<\/strong>.<\/p>\n\n\n\n<p>Por estos lares, el ritmo es pausado, las noches frescas y el aire, durante el d\u00eda, corre entre las callejuelas mientras los vecinos realizan sus quehaceres cotidianos. Y, por supuesto, si eres amante del vino, aqu\u00ed tienes la oportunidad de visitar alguna de las <strong>bodegas <\/strong>subterr\u00e1neas de la zona, muchas de ellas abiertas al p\u00fablico. \u00bfTe vienes?\u00a0<\/p>\n\n\n\n<div class=\"wp-block-buttons is-layout-flex wp-block-buttons-is-layout-flex\">\n<div class=\"wp-block-button\"><a class=\"wp-block-button__link wp-element-button\" href=\"\/casas-rurales\/san-esteban-de-gormaz\">Alojamientos en San Esteban de Gormaz<\/a><\/div>\n<\/div>\n\n\n\n<h2 class=\"wp-block-heading\" id=\"h-molina-de-aragon-guadalajara\"><strong>Molina de Arag\u00f3n (<a href=\"\/casas-rurales\/guadalajara\">Guadalajara<\/a><\/strong>)<\/h2>\n\n\n\n<figure class=\"wp-block-image size-large\"><img loading=\"lazy\" decoding=\"async\" width=\"1024\" height=\"683\" src=\"https:\/\/www.escapadarural.com\/blog\/wp-content\/uploads\/2025\/08\/Molina-de-Aragon-1024x683.webp\" alt=\"Molina de Arag\u00f3n, Guadalajara\" class=\"wp-image-206377\" srcset=\"https:\/\/www.escapadarural.com\/blog\/wp-content\/uploads\/2025\/08\/Molina-de-Aragon-200x133.webp 200w, https:\/\/www.escapadarural.com\/blog\/wp-content\/uploads\/2025\/08\/Molina-de-Aragon-300x200.webp 300w, https:\/\/www.escapadarural.com\/blog\/wp-content\/uploads\/2025\/08\/Molina-de-Aragon-400x267.webp 400w, https:\/\/www.escapadarural.com\/blog\/wp-content\/uploads\/2025\/08\/Molina-de-Aragon-600x400.webp 600w, https:\/\/www.escapadarural.com\/blog\/wp-content\/uploads\/2025\/08\/Molina-de-Aragon-768x512.webp 768w, https:\/\/www.escapadarural.com\/blog\/wp-content\/uploads\/2025\/08\/Molina-de-Aragon-800x533.webp 800w, https:\/\/www.escapadarural.com\/blog\/wp-content\/uploads\/2025\/08\/Molina-de-Aragon-1024x683.webp 1024w, https:\/\/www.escapadarural.com\/blog\/wp-content\/uploads\/2025\/08\/Molina-de-Aragon.webp 1200w\" sizes=\"auto, (max-width: 1024px) 100vw, 1024px\" \/><figcaption class=\"wp-element-caption\">Molina de Arag\u00f3n. Por: AntonioLopez<\/figcaption><\/figure>\n\n\n\n<p>Si de lo que se trata es de encontrar frescor a toda costa, <a href=\"\/casas-rurales\/molina-de-aragon\">Molina de Arag\u00f3n<\/a> juega en otra liga, ya que es uno de los municipios m\u00e1s fr\u00edos de Espa\u00f1a incluso en verano. Situado en la comarca del <strong>Se\u00f1or\u00edo de Molina<\/strong>, a casi 1000 metros de altitud, este pueblo medieval combina temperaturas moderadas, noches frescas y un patrimonio impresionante. <\/p>\n\n\n\n<p>Su <strong>castillo <\/strong>domina todo el valle y te recuerda que aqu\u00ed el tiempo parece ir m\u00e1s despacio. Pasear al atardecer por el barrio jud\u00edo o el de la morer\u00eda, cuando la brisa refresca el ambiente y los vecinos salen a la calle es el mejor plan. Adem\u00e1s, Molina de Arag\u00f3n es la puerta de entrada al<strong> Parque Natural del Alto Tajo<\/strong>, uno de los grandes desconocidos de <a href=\"http:\/\/casas-rurales\/castilla-la-mancha\" target=\"_blank\">Castilla-La Mancha<\/a>, con ca\u00f1ones que parecen paisajes canadienses y pozas de agua donde refrescarse.\u00a0<\/p>\n\n\n\n<div class=\"wp-block-buttons is-layout-flex wp-block-buttons-is-layout-flex\">\n<div class=\"wp-block-button\"><a class=\"wp-block-button__link wp-element-button\" href=\"\/casas-rurales\/molina-de-aragon\">Alojamientos cerca de Molina de Arag\u00f3n<\/a><\/div>\n<\/div>\n\n\n\n<h2 class=\"wp-block-heading\" id=\"h-cangas-del-narcea-asturias\"><strong>Cangas del Narcea (<a href=\"\/casas-rurales\/asturias\">Asturias<\/a><\/strong>)<\/h2>\n\n\n\n<figure class=\"wp-block-image size-large\"><img loading=\"lazy\" decoding=\"async\" width=\"1024\" height=\"757\" src=\"https:\/\/www.escapadarural.com\/blog\/wp-content\/uploads\/2025\/08\/Cangas-del-Narcea-Asturias-1024x757.webp\" alt=\"Cangas del Narcea, Asturias\" class=\"wp-image-206380\" srcset=\"https:\/\/www.escapadarural.com\/blog\/wp-content\/uploads\/2025\/08\/Cangas-del-Narcea-Asturias-200x148.webp 200w, https:\/\/www.escapadarural.com\/blog\/wp-content\/uploads\/2025\/08\/Cangas-del-Narcea-Asturias-300x222.webp 300w, https:\/\/www.escapadarural.com\/blog\/wp-content\/uploads\/2025\/08\/Cangas-del-Narcea-Asturias-400x296.webp 400w, https:\/\/www.escapadarural.com\/blog\/wp-content\/uploads\/2025\/08\/Cangas-del-Narcea-Asturias-600x444.webp 600w, https:\/\/www.escapadarural.com\/blog\/wp-content\/uploads\/2025\/08\/Cangas-del-Narcea-Asturias-768x568.webp 768w, https:\/\/www.escapadarural.com\/blog\/wp-content\/uploads\/2025\/08\/Cangas-del-Narcea-Asturias-800x591.webp 800w, https:\/\/www.escapadarural.com\/blog\/wp-content\/uploads\/2025\/08\/Cangas-del-Narcea-Asturias-1024x757.webp 1024w, https:\/\/www.escapadarural.com\/blog\/wp-content\/uploads\/2025\/08\/Cangas-del-Narcea-Asturias.webp 1200w\" sizes=\"auto, (max-width: 1024px) 100vw, 1024px\" \/><figcaption class=\"wp-element-caption\">Cangas del Narcea. Por: IMAG3S<\/figcaption><\/figure>\n\n\n\n<p>En el suroccidente de Asturias, entre monta\u00f1as y valles infinitos, <a href=\"\/casas-rurales\/cangas-del-narcea\">Cangas de Narcea<\/a> es el mayor concejo asturiano y un para\u00edso donde el verano se vive bien, sin sofocos. Gran parte de su territorio constituye el <strong>Parque Natural de las Fuentes del Narcea<\/strong>, Dega\u00f1a e Ibias, declarado Reserva de la Biosfera por la Unesco y una de cuyas joyas es un espacio natural emblem\u00e1tico de la naturaleza asturiana: el Bosque de Muniellos. <\/p>\n\n\n\n<p>El municipio fue, a lo largo de la historia, por su posici\u00f3n geogr\u00e1fica y la riqueza de su subsuelo, zona de paso de culturas, de comerciantes y ganaderos, que hoy en d\u00eda han dejado su impronta. Es perfecto para quienes buscan frescor, tranquilidad, paisajes donde perderse y buena comida y bebida, ya que hoy en d\u00eda coexisten numerosas bodegas y alberga el <strong>Museo del Vino en Santiso<\/strong>.\u00a0<\/p>\n\n\n\n<div class=\"wp-block-buttons is-layout-flex wp-block-buttons-is-layout-flex\">\n<div class=\"wp-block-button\"><a class=\"wp-block-button__link wp-element-button\" href=\"\/casas-rurales\/cangas-del-narcea\">Alojamientos en Cangas del Narcea<\/a><\/div>\n<\/div>\n\n\n\n<h2 class=\"wp-block-heading\" id=\"h-ezcaray-la-rioja\"><strong>Ezcaray (<a href=\"\/casas-rurales\/la-rioja\">La Rioja<\/a><\/strong>)<\/h2>\n\n\n\n<figure class=\"wp-block-image size-large\"><img loading=\"lazy\" decoding=\"async\" width=\"1024\" height=\"678\" src=\"https:\/\/www.escapadarural.com\/blog\/wp-content\/uploads\/2025\/08\/Ezcaray-La-Rioja-1024x678.webp\" alt=\"Ezcaray, La Rioja\" class=\"wp-image-206381\" srcset=\"https:\/\/www.escapadarural.com\/blog\/wp-content\/uploads\/2025\/08\/Ezcaray-La-Rioja-200x133.webp 200w, https:\/\/www.escapadarural.com\/blog\/wp-content\/uploads\/2025\/08\/Ezcaray-La-Rioja-300x199.webp 300w, https:\/\/www.escapadarural.com\/blog\/wp-content\/uploads\/2025\/08\/Ezcaray-La-Rioja-400x265.webp 400w, https:\/\/www.escapadarural.com\/blog\/wp-content\/uploads\/2025\/08\/Ezcaray-La-Rioja-600x398.webp 600w, https:\/\/www.escapadarural.com\/blog\/wp-content\/uploads\/2025\/08\/Ezcaray-La-Rioja-768x509.webp 768w, https:\/\/www.escapadarural.com\/blog\/wp-content\/uploads\/2025\/08\/Ezcaray-La-Rioja-800x530.webp 800w, https:\/\/www.escapadarural.com\/blog\/wp-content\/uploads\/2025\/08\/Ezcaray-La-Rioja-1024x678.webp 1024w, https:\/\/www.escapadarural.com\/blog\/wp-content\/uploads\/2025\/08\/Ezcaray-La-Rioja.webp 1200w\" sizes=\"auto, (max-width: 1024px) 100vw, 1024px\" \/><figcaption class=\"wp-element-caption\">Ezcaray. Por: herraez<\/figcaption><\/figure>\n\n\n\n<p>Y, por \u00faltimo, Ezcaray, en <a href=\"\/casas-rurales\/la-rioja\">La Rioja<\/a>. Esta localidad est\u00e1 dise\u00f1ada para huir del calor y, de paso, para encandilarte. Este precioso pueblo riojano, en plena <strong>Sierra de la Demanda<\/strong>, est\u00e1 rodeado de monta\u00f1as cubiertas de hayas y robles, y el aire fresco que desciende del pico San Lorenzo, regala noches agradables. <\/p>\n\n\n\n<p>De esas que, incluso a veces, necesitas una s\u00e1bana para taparte. \u00bfEl plan? Durante el d\u00eda pasear por su casco antiguo, con soportales, plazas con terrazas llenas de vida y casonas de piedra adornadas con flores. <\/p>\n\n\n\n<p>Incluso, si eres de los que te gusta el senderismo, desde este municipio salen infinidad de senderos para todos los niveles. Y ya que tenemos garantizada la temperatura suave, a\u00f1ade a esta escapada un componente gastron\u00f3mico: patatas a la riojana, caparrones, chuletillas al sarmiento\u2026 \u00a1T\u00fa eliges!\u00a0<\/p>\n\n\n\n<div class=\"wp-block-buttons is-layout-flex wp-block-buttons-is-layout-flex\">\n<div class=\"wp-block-button\"><a class=\"wp-block-button__link wp-element-button\" href=\"\/casas-rurales\/ezcaray\">Alojamientos en Ezcaray<\/a><\/div>\n<\/div>\n","protected":false},"excerpt":{"rendered":"<p>Es matem\u00e1tica pura, llega el verano y Espa\u00f1a entera se  [&#8230;]<\/p>\n","protected":false},"author":98,"featured_media":206380,"comment_status":"open","ping_status":"open","sticky":false,"template":"","format":"standard","meta":{"_acf_changed":false,"om_disable_all_campaigns":false,"footnotes":""},"categories":[191],"tags":[246,341,296,518,762,407,321],"class_list":["post-206366","post","type-post","status-publish","format-standard","has-post-thumbnail","hentry","category-destinos","tag-que-ver-en-asturias","tag-que-ver-en-guadalajara","tag-que-ver-en-huesca","tag-que-ver-en-la-rioja","tag-que-ver-en-lugo","tag-que-ver-en-madrid","tag-que-ver-en-soria"],"acf":[],"featured_image_src":"https:\/\/www.escapadarural.com\/blog\/wp-content\/uploads\/2025\/08\/Cangas-del-Narcea-Asturias.webp","author_info":{"display_name":"Miryam Tejada","author_link":"https:\/\/www.escapadarural.com\/blog\/autor\/miryam\/"},"yoast_head":"<!-- This site is optimized with the Yoast SEO plugin v27.5 - https:\/\/yoast.com\/product\/yoast-seo-wordpress\/ -->\n<title>Los pueblos m\u00e1s frescos para escapar del calor este verano<\/title>\n<meta name=\"description\" content=\"Escapa del calor con estos pueblos frescos de Espa\u00f1a. Destinos rurales ideales para un verano sin sofocos y noches que invitan a dormir bien.\" \/>\n<meta name=\"robots\" content=\"index, follow, max-snippet:-1, max-image-preview:large, max-video-preview:-1\" \/>\n<link rel=\"canonical\" href=\"https:\/\/www.escapadarural.com\/blog\/plan-anti-olas-de-calor-pueblos-frescos\/\" \/>\n<meta property=\"og:locale\" content=\"es_ES\" \/>\n<meta property=\"og:type\" content=\"article\" \/>\n<meta property=\"og:title\" content=\"Los pueblos m\u00e1s frescos para escapar del calor este verano\" \/>\n<meta property=\"og:description\" content=\"Escapa del calor con estos pueblos frescos de Espa\u00f1a. Destinos rurales ideales para un verano sin sofocos y noches que invitan a dormir bien.\" \/>\n<meta property=\"og:url\" content=\"https:\/\/www.escapadarural.com\/blog\/plan-anti-olas-de-calor-pueblos-frescos\/\" \/>\n<meta property=\"og:site_name\" content=\"Magazine de viajes de EscapadaRural\" \/>\n<meta property=\"article:publisher\" content=\"https:\/\/www.facebook.com\/escapadarural\" \/>\n<meta property=\"article:published_time\" content=\"2025-08-07T11:16:23+00:00\" \/>\n<meta property=\"article:modified_time\" content=\"2026-03-23T16:21:19+00:00\" \/>\n<meta property=\"og:image\" content=\"https:\/\/www.escapadarural.com\/blog\/wp-content\/uploads\/2025\/08\/Cangas-del-Narcea-Asturias.webp?v=1774282881\" \/>\n\t<meta property=\"og:image:width\" content=\"1200\" \/>\n\t<meta property=\"og:image:height\" content=\"887\" \/>\n\t<meta property=\"og:image:type\" content=\"image\/webp\" \/>\n<meta name=\"author\" content=\"Miryam Tejada\" \/>\n<meta name=\"twitter:card\" content=\"summary_large_image\" \/>\n<meta name=\"twitter:label1\" content=\"Escrito por\" \/>\n\t<meta name=\"twitter:data1\" content=\"Miryam Tejada\" \/>\n\t<meta name=\"twitter:label2\" content=\"Tiempo de lectura\" \/>\n\t<meta name=\"twitter:data2\" content=\"7 minutos\" \/>\n<script type=\"application\/ld+json\" class=\"yoast-schema-graph\">{\"@context\":\"https:\\\/\\\/schema.org\",\"@graph\":[{\"@type\":\"Article\",\"@id\":\"https:\\\/\\\/www.escapadarural.com\\\/blog\\\/plan-anti-olas-de-calor-pueblos-frescos\\\/#article\",\"isPartOf\":{\"@id\":\"https:\\\/\\\/www.escapadarural.com\\\/blog\\\/plan-anti-olas-de-calor-pueblos-frescos\\\/\"},\"author\":{\"name\":\"Miryam Tejada\",\"@id\":\"https:\\\/\\\/www.escapadarural.com\\\/blog\\\/#\\\/schema\\\/person\\\/3a79b504f208fd6cf3bb52c608e311f0\"},\"headline\":\"Plan anti olas de calor: huir al pueblo m\u00e1s fresco que encuentres\",\"datePublished\":\"2025-08-07T11:16:23+00:00\",\"dateModified\":\"2026-03-23T16:21:19+00:00\",\"mainEntityOfPage\":{\"@id\":\"https:\\\/\\\/www.escapadarural.com\\\/blog\\\/plan-anti-olas-de-calor-pueblos-frescos\\\/\"},\"wordCount\":1386,\"commentCount\":0,\"publisher\":{\"@id\":\"https:\\\/\\\/www.escapadarural.com\\\/blog\\\/#organization\"},\"image\":{\"@id\":\"https:\\\/\\\/www.escapadarural.com\\\/blog\\\/plan-anti-olas-de-calor-pueblos-frescos\\\/#primaryimage\"},\"thumbnailUrl\":\"https:\\\/\\\/www.escapadarural.com\\\/blog\\\/wp-content\\\/uploads\\\/2025\\\/08\\\/Cangas-del-Narcea-Asturias.webp\",\"keywords\":[\"Asturias\",\"Guadalajara\",\"Huesca\",\"La Rioja\",\"Lugo\",\"Madrid\",\"Soria\"],\"articleSection\":[\"Destinos\"],\"inLanguage\":\"es\",\"potentialAction\":[{\"@type\":\"CommentAction\",\"name\":\"Comment\",\"target\":[\"https:\\\/\\\/www.escapadarural.com\\\/blog\\\/plan-anti-olas-de-calor-pueblos-frescos\\\/#respond\"]}]},{\"@type\":\"WebPage\",\"@id\":\"https:\\\/\\\/www.escapadarural.com\\\/blog\\\/plan-anti-olas-de-calor-pueblos-frescos\\\/\",\"url\":\"https:\\\/\\\/www.escapadarural.com\\\/blog\\\/plan-anti-olas-de-calor-pueblos-frescos\\\/\",\"name\":\"Los pueblos m\u00e1s frescos para escapar del calor este verano\",\"isPartOf\":{\"@id\":\"https:\\\/\\\/www.escapadarural.com\\\/blog\\\/#website\"},\"primaryImageOfPage\":{\"@id\":\"https:\\\/\\\/www.escapadarural.com\\\/blog\\\/plan-anti-olas-de-calor-pueblos-frescos\\\/#primaryimage\"},\"image\":{\"@id\":\"https:\\\/\\\/www.escapadarural.com\\\/blog\\\/plan-anti-olas-de-calor-pueblos-frescos\\\/#primaryimage\"},\"thumbnailUrl\":\"https:\\\/\\\/www.escapadarural.com\\\/blog\\\/wp-content\\\/uploads\\\/2025\\\/08\\\/Cangas-del-Narcea-Asturias.webp\",\"datePublished\":\"2025-08-07T11:16:23+00:00\",\"dateModified\":\"2026-03-23T16:21:19+00:00\",\"description\":\"Escapa del calor con estos pueblos frescos de Espa\u00f1a. Destinos rurales ideales para un verano sin sofocos y noches que invitan a dormir bien.\",\"breadcrumb\":{\"@id\":\"https:\\\/\\\/www.escapadarural.com\\\/blog\\\/plan-anti-olas-de-calor-pueblos-frescos\\\/#breadcrumb\"},\"inLanguage\":\"es\",\"potentialAction\":[{\"@type\":\"ReadAction\",\"target\":[\"https:\\\/\\\/www.escapadarural.com\\\/blog\\\/plan-anti-olas-de-calor-pueblos-frescos\\\/\"]}]},{\"@type\":\"ImageObject\",\"inLanguage\":\"es\",\"@id\":\"https:\\\/\\\/www.escapadarural.com\\\/blog\\\/plan-anti-olas-de-calor-pueblos-frescos\\\/#primaryimage\",\"url\":\"https:\\\/\\\/www.escapadarural.com\\\/blog\\\/wp-content\\\/uploads\\\/2025\\\/08\\\/Cangas-del-Narcea-Asturias.webp\",\"contentUrl\":\"https:\\\/\\\/www.escapadarural.com\\\/blog\\\/wp-content\\\/uploads\\\/2025\\\/08\\\/Cangas-del-Narcea-Asturias.webp\",\"width\":1200,\"height\":887,\"caption\":\"Cangas del Narcea. Por: IMAG3S\"},{\"@type\":\"BreadcrumbList\",\"@id\":\"https:\\\/\\\/www.escapadarural.com\\\/blog\\\/plan-anti-olas-de-calor-pueblos-frescos\\\/#breadcrumb\",\"itemListElement\":[{\"@type\":\"ListItem\",\"position\":1,\"name\":\"Inicio\",\"item\":\"https:\\\/\\\/www.escapadarural.com\\\/blog\\\/\"},{\"@type\":\"ListItem\",\"position\":2,\"name\":\"Destinos\",\"item\":\"https:\\\/\\\/www.escapadarural.com\\\/blog\\\/categoria\\\/destinos\\\/\"},{\"@type\":\"ListItem\",\"position\":3,\"name\":\"Plan anti olas de calor: huir al pueblo m\u00e1s fresco que encuentres\"}]},{\"@type\":\"WebSite\",\"@id\":\"https:\\\/\\\/www.escapadarural.com\\\/blog\\\/#website\",\"url\":\"https:\\\/\\\/www.escapadarural.com\\\/blog\\\/\",\"name\":\"Blog de viajes | turismo rural, alojamientos e inspiraci\u00f3n\",\"description\":\"Alojamientos rurales e inspiraci\u00f3n para tus escapadas\",\"publisher\":{\"@id\":\"https:\\\/\\\/www.escapadarural.com\\\/blog\\\/#organization\"},\"alternateName\":\"Magazine de viajes de EscapadaRural\",\"potentialAction\":[{\"@type\":\"SearchAction\",\"target\":{\"@type\":\"EntryPoint\",\"urlTemplate\":\"https:\\\/\\\/www.escapadarural.com\\\/blog\\\/?s={search_term_string}\"},\"query-input\":{\"@type\":\"PropertyValueSpecification\",\"valueRequired\":true,\"valueName\":\"search_term_string\"}}],\"inLanguage\":\"es\"},{\"@type\":\"Organization\",\"@id\":\"https:\\\/\\\/www.escapadarural.com\\\/blog\\\/#organization\",\"name\":\"EscapadaRural\",\"url\":\"https:\\\/\\\/www.escapadarural.com\\\/blog\\\/\",\"logo\":{\"@type\":\"ImageObject\",\"inLanguage\":\"es\",\"@id\":\"https:\\\/\\\/www.escapadarural.com\\\/blog\\\/#\\\/schema\\\/logo\\\/image\\\/\",\"url\":\"https:\\\/\\\/www.escapadarural.com\\\/blog\\\/wp-content\\\/uploads\\\/2024\\\/10\\\/cropped-cropped-escapada-rural-icon-mag-3.png\",\"contentUrl\":\"https:\\\/\\\/www.escapadarural.com\\\/blog\\\/wp-content\\\/uploads\\\/2024\\\/10\\\/cropped-cropped-escapada-rural-icon-mag-3.png\",\"width\":512,\"height\":512,\"caption\":\"EscapadaRural\"},\"image\":{\"@id\":\"https:\\\/\\\/www.escapadarural.com\\\/blog\\\/#\\\/schema\\\/logo\\\/image\\\/\"},\"sameAs\":[\"https:\\\/\\\/www.facebook.com\\\/escapadarural\",\"https:\\\/\\\/www.instagram.com\\\/escapadarural\\\/\",\"https:\\\/\\\/www.youtube.com\\\/@escapadaruralcom\"]},{\"@type\":\"Person\",\"@id\":\"https:\\\/\\\/www.escapadarural.com\\\/blog\\\/#\\\/schema\\\/person\\\/3a79b504f208fd6cf3bb52c608e311f0\",\"name\":\"Miryam Tejada\",\"image\":{\"@type\":\"ImageObject\",\"inLanguage\":\"es\",\"@id\":\"https:\\\/\\\/www.escapadarural.com\\\/blog\\\/wp-content\\\/uploads\\\/2024\\\/12\\\/cropped-PXL_20240524_141044774.PORTRAIT.ORIGINAL-1-scaled-2-96x96.jpg\",\"url\":\"https:\\\/\\\/www.escapadarural.com\\\/blog\\\/wp-content\\\/uploads\\\/2024\\\/12\\\/cropped-PXL_20240524_141044774.PORTRAIT.ORIGINAL-1-scaled-2-96x96.jpg\",\"contentUrl\":\"https:\\\/\\\/www.escapadarural.com\\\/blog\\\/wp-content\\\/uploads\\\/2024\\\/12\\\/cropped-PXL_20240524_141044774.PORTRAIT.ORIGINAL-1-scaled-2-96x96.jpg\",\"caption\":\"Miryam Tejada\"},\"description\":\"Mi t\u00edtulo universitario dice que soy licenciada en periodismo, pero realmente soy una todoterreno a la que le pill\u00f3 la transici\u00f3n del mundo anal\u00f3gico al digital de pleno. Es decir, soy millennial, y eso lo que conlleva, seg\u00fan las habladur\u00edas, es que me dejo llevar y priorizo mi bienestar. O lo que es lo mismo, soy una apasionada de los viajes y las experiencias, del simple hecho de tomar unas cervezas entre amigas, organizar una buena comilona en la sociedad con sobremesa larga incluida o pasar las tardes en el parque con mis gemelos.\",\"url\":\"https:\\\/\\\/www.escapadarural.com\\\/blog\\\/autor\\\/miryam\\\/\"}]}<\/script>\n<!-- \/ Yoast SEO plugin. -->","yoast_head_json":{"title":"Los pueblos m\u00e1s frescos para escapar del calor este verano","description":"Escapa del calor con estos pueblos frescos de Espa\u00f1a. Destinos rurales ideales para un verano sin sofocos y noches que invitan a dormir bien.","robots":{"index":"index","follow":"follow","max-snippet":"max-snippet:-1","max-image-preview":"max-image-preview:large","max-video-preview":"max-video-preview:-1"},"canonical":"https:\/\/www.escapadarural.com\/blog\/plan-anti-olas-de-calor-pueblos-frescos\/","og_locale":"es_ES","og_type":"article","og_title":"Los pueblos m\u00e1s frescos para escapar del calor este verano","og_description":"Escapa del calor con estos pueblos frescos de Espa\u00f1a. Destinos rurales ideales para un verano sin sofocos y noches que invitan a dormir bien.","og_url":"https:\/\/www.escapadarural.com\/blog\/plan-anti-olas-de-calor-pueblos-frescos\/","og_site_name":"Magazine de viajes de EscapadaRural","article_publisher":"https:\/\/www.facebook.com\/escapadarural","article_published_time":"2025-08-07T11:16:23+00:00","article_modified_time":"2026-03-23T16:21:19+00:00","og_image":[{"width":1200,"height":887,"url":"https:\/\/www.escapadarural.com\/blog\/wp-content\/uploads\/2025\/08\/Cangas-del-Narcea-Asturias.webp?v=1774282881","type":"image\/webp"}],"author":"Miryam Tejada","twitter_card":"summary_large_image","twitter_misc":{"Escrito por":"Miryam Tejada","Tiempo de lectura":"7 minutos"},"schema":{"@context":"https:\/\/schema.org","@graph":[{"@type":"Article","@id":"https:\/\/www.escapadarural.com\/blog\/plan-anti-olas-de-calor-pueblos-frescos\/#article","isPartOf":{"@id":"https:\/\/www.escapadarural.com\/blog\/plan-anti-olas-de-calor-pueblos-frescos\/"},"author":{"name":"Miryam Tejada","@id":"https:\/\/www.escapadarural.com\/blog\/#\/schema\/person\/3a79b504f208fd6cf3bb52c608e311f0"},"headline":"Plan anti olas de calor: huir al pueblo m\u00e1s fresco que encuentres","datePublished":"2025-08-07T11:16:23+00:00","dateModified":"2026-03-23T16:21:19+00:00","mainEntityOfPage":{"@id":"https:\/\/www.escapadarural.com\/blog\/plan-anti-olas-de-calor-pueblos-frescos\/"},"wordCount":1386,"commentCount":0,"publisher":{"@id":"https:\/\/www.escapadarural.com\/blog\/#organization"},"image":{"@id":"https:\/\/www.escapadarural.com\/blog\/plan-anti-olas-de-calor-pueblos-frescos\/#primaryimage"},"thumbnailUrl":"https:\/\/www.escapadarural.com\/blog\/wp-content\/uploads\/2025\/08\/Cangas-del-Narcea-Asturias.webp","keywords":["Asturias","Guadalajara","Huesca","La Rioja","Lugo","Madrid","Soria"],"articleSection":["Destinos"],"inLanguage":"es","potentialAction":[{"@type":"CommentAction","name":"Comment","target":["https:\/\/www.escapadarural.com\/blog\/plan-anti-olas-de-calor-pueblos-frescos\/#respond"]}]},{"@type":"WebPage","@id":"https:\/\/www.escapadarural.com\/blog\/plan-anti-olas-de-calor-pueblos-frescos\/","url":"https:\/\/www.escapadarural.com\/blog\/plan-anti-olas-de-calor-pueblos-frescos\/","name":"Los pueblos m\u00e1s frescos para escapar del calor este verano","isPartOf":{"@id":"https:\/\/www.escapadarural.com\/blog\/#website"},"primaryImageOfPage":{"@id":"https:\/\/www.escapadarural.com\/blog\/plan-anti-olas-de-calor-pueblos-frescos\/#primaryimage"},"image":{"@id":"https:\/\/www.escapadarural.com\/blog\/plan-anti-olas-de-calor-pueblos-frescos\/#primaryimage"},"thumbnailUrl":"https:\/\/www.escapadarural.com\/blog\/wp-content\/uploads\/2025\/08\/Cangas-del-Narcea-Asturias.webp","datePublished":"2025-08-07T11:16:23+00:00","dateModified":"2026-03-23T16:21:19+00:00","description":"Escapa del calor con estos pueblos frescos de Espa\u00f1a. Destinos rurales ideales para un verano sin sofocos y noches que invitan a dormir bien.","breadcrumb":{"@id":"https:\/\/www.escapadarural.com\/blog\/plan-anti-olas-de-calor-pueblos-frescos\/#breadcrumb"},"inLanguage":"es","potentialAction":[{"@type":"ReadAction","target":["https:\/\/www.escapadarural.com\/blog\/plan-anti-olas-de-calor-pueblos-frescos\/"]}]},{"@type":"ImageObject","inLanguage":"es","@id":"https:\/\/www.escapadarural.com\/blog\/plan-anti-olas-de-calor-pueblos-frescos\/#primaryimage","url":"https:\/\/www.escapadarural.com\/blog\/wp-content\/uploads\/2025\/08\/Cangas-del-Narcea-Asturias.webp","contentUrl":"https:\/\/www.escapadarural.com\/blog\/wp-content\/uploads\/2025\/08\/Cangas-del-Narcea-Asturias.webp","width":1200,"height":887,"caption":"Cangas del Narcea. Por: IMAG3S"},{"@type":"BreadcrumbList","@id":"https:\/\/www.escapadarural.com\/blog\/plan-anti-olas-de-calor-pueblos-frescos\/#breadcrumb","itemListElement":[{"@type":"ListItem","position":1,"name":"Inicio","item":"https:\/\/www.escapadarural.com\/blog\/"},{"@type":"ListItem","position":2,"name":"Destinos","item":"https:\/\/www.escapadarural.com\/blog\/categoria\/destinos\/"},{"@type":"ListItem","position":3,"name":"Plan anti olas de calor: huir al pueblo m\u00e1s fresco que encuentres"}]},{"@type":"WebSite","@id":"https:\/\/www.escapadarural.com\/blog\/#website","url":"https:\/\/www.escapadarural.com\/blog\/","name":"Blog de viajes | turismo rural, alojamientos e inspiraci\u00f3n","description":"Alojamientos rurales e inspiraci\u00f3n para tus escapadas","publisher":{"@id":"https:\/\/www.escapadarural.com\/blog\/#organization"},"alternateName":"Magazine de viajes de EscapadaRural","potentialAction":[{"@type":"SearchAction","target":{"@type":"EntryPoint","urlTemplate":"https:\/\/www.escapadarural.com\/blog\/?s={search_term_string}"},"query-input":{"@type":"PropertyValueSpecification","valueRequired":true,"valueName":"search_term_string"}}],"inLanguage":"es"},{"@type":"Organization","@id":"https:\/\/www.escapadarural.com\/blog\/#organization","name":"EscapadaRural","url":"https:\/\/www.escapadarural.com\/blog\/","logo":{"@type":"ImageObject","inLanguage":"es","@id":"https:\/\/www.escapadarural.com\/blog\/#\/schema\/logo\/image\/","url":"https:\/\/www.escapadarural.com\/blog\/wp-content\/uploads\/2024\/10\/cropped-cropped-escapada-rural-icon-mag-3.png","contentUrl":"https:\/\/www.escapadarural.com\/blog\/wp-content\/uploads\/2024\/10\/cropped-cropped-escapada-rural-icon-mag-3.png","width":512,"height":512,"caption":"EscapadaRural"},"image":{"@id":"https:\/\/www.escapadarural.com\/blog\/#\/schema\/logo\/image\/"},"sameAs":["https:\/\/www.facebook.com\/escapadarural","https:\/\/www.instagram.com\/escapadarural\/","https:\/\/www.youtube.com\/@escapadaruralcom"]},{"@type":"Person","@id":"https:\/\/www.escapadarural.com\/blog\/#\/schema\/person\/3a79b504f208fd6cf3bb52c608e311f0","name":"Miryam Tejada","image":{"@type":"ImageObject","inLanguage":"es","@id":"https:\/\/www.escapadarural.com\/blog\/wp-content\/uploads\/2024\/12\/cropped-PXL_20240524_141044774.PORTRAIT.ORIGINAL-1-scaled-2-96x96.jpg","url":"https:\/\/www.escapadarural.com\/blog\/wp-content\/uploads\/2024\/12\/cropped-PXL_20240524_141044774.PORTRAIT.ORIGINAL-1-scaled-2-96x96.jpg","contentUrl":"https:\/\/www.escapadarural.com\/blog\/wp-content\/uploads\/2024\/12\/cropped-PXL_20240524_141044774.PORTRAIT.ORIGINAL-1-scaled-2-96x96.jpg","caption":"Miryam Tejada"},"description":"Mi t\u00edtulo universitario dice que soy licenciada en periodismo, pero realmente soy una todoterreno a la que le pill\u00f3 la transici\u00f3n del mundo anal\u00f3gico al digital de pleno. Es decir, soy millennial, y eso lo que conlleva, seg\u00fan las habladur\u00edas, es que me dejo llevar y priorizo mi bienestar. O lo que es lo mismo, soy una apasionada de los viajes y las experiencias, del simple hecho de tomar unas cervezas entre amigas, organizar una buena comilona en la sociedad con sobremesa larga incluida o pasar las tardes en el parque con mis gemelos.","url":"https:\/\/www.escapadarural.com\/blog\/autor\/miryam\/"}]}},"_links":{"self":[{"href":"https:\/\/www.escapadarural.com\/blog\/wp-json\/wp\/v2\/posts\/206366","targetHints":{"allow":["GET"]}}],"collection":[{"href":"https:\/\/www.escapadarural.com\/blog\/wp-json\/wp\/v2\/posts"}],"about":[{"href":"https:\/\/www.escapadarural.com\/blog\/wp-json\/wp\/v2\/types\/post"}],"author":[{"embeddable":true,"href":"https:\/\/www.escapadarural.com\/blog\/wp-json\/wp\/v2\/users\/98"}],"replies":[{"embeddable":true,"href":"https:\/\/www.escapadarural.com\/blog\/wp-json\/wp\/v2\/comments?post=206366"}],"version-history":[{"count":0,"href":"https:\/\/www.escapadarural.com\/blog\/wp-json\/wp\/v2\/posts\/206366\/revisions"}],"wp:featuredmedia":[{"embeddable":true,"href":"https:\/\/www.escapadarural.com\/blog\/wp-json\/wp\/v2\/media\/206380"}],"wp:attachment":[{"href":"https:\/\/www.escapadarural.com\/blog\/wp-json\/wp\/v2\/media?parent=206366"}],"wp:term":[{"taxonomy":"category","embeddable":true,"href":"https:\/\/www.escapadarural.com\/blog\/wp-json\/wp\/v2\/categories?post=206366"},{"taxonomy":"post_tag","embeddable":true,"href":"https:\/\/www.escapadarural.com\/blog\/wp-json\/wp\/v2\/tags?post=206366"}],"curies":[{"name":"wp","href":"https:\/\/api.w.org\/{rel}","templated":true}]}}