{"id":206452,"date":"2025-08-19T13:13:50","date_gmt":"2025-08-19T11:13:50","guid":{"rendered":"https:\/\/www.escapadarural.com\/blog\/?p=206452"},"modified":"2026-02-06T10:48:33","modified_gmt":"2026-02-06T09:48:33","slug":"post-dia-mundial-de-la-fotografia","status":"publish","type":"post","link":"https:\/\/www.escapadarural.com\/blog\/post-dia-mundial-de-la-fotografia\/","title":{"rendered":"7 art\u00edculos de EscapadaRural para celebrar el d\u00eda Mundial de la Fotograf\u00eda"},"content":{"rendered":"\n<figure class=\"wp-block-image size-large\"><img loading=\"lazy\" decoding=\"async\" width=\"1024\" height=\"684\" src=\"https:\/\/www.escapadarural.com\/blog\/wp-content\/uploads\/2025\/08\/02_DiaMundialFotografia_norgal_AdobeStock_282911919_WP02-1024x684.webp\" alt=\"\" class=\"wp-image-206467\" srcset=\"https:\/\/www.escapadarural.com\/blog\/wp-content\/uploads\/2025\/08\/02_DiaMundialFotografia_norgal_AdobeStock_282911919_WP02-200x134.webp 200w, https:\/\/www.escapadarural.com\/blog\/wp-content\/uploads\/2025\/08\/02_DiaMundialFotografia_norgal_AdobeStock_282911919_WP02-300x200.webp 300w, https:\/\/www.escapadarural.com\/blog\/wp-content\/uploads\/2025\/08\/02_DiaMundialFotografia_norgal_AdobeStock_282911919_WP02-400x267.webp 400w, https:\/\/www.escapadarural.com\/blog\/wp-content\/uploads\/2025\/08\/02_DiaMundialFotografia_norgal_AdobeStock_282911919_WP02-600x401.webp 600w, https:\/\/www.escapadarural.com\/blog\/wp-content\/uploads\/2025\/08\/02_DiaMundialFotografia_norgal_AdobeStock_282911919_WP02-768x513.webp 768w, https:\/\/www.escapadarural.com\/blog\/wp-content\/uploads\/2025\/08\/02_DiaMundialFotografia_norgal_AdobeStock_282911919_WP02-800x534.webp 800w, https:\/\/www.escapadarural.com\/blog\/wp-content\/uploads\/2025\/08\/02_DiaMundialFotografia_norgal_AdobeStock_282911919_WP02-1024x684.webp 1024w, https:\/\/www.escapadarural.com\/blog\/wp-content\/uploads\/2025\/08\/02_DiaMundialFotografia_norgal_AdobeStock_282911919_WP02.webp 1200w\" sizes=\"auto, (max-width: 1024px) 100vw, 1024px\" \/><figcaption class=\"wp-element-caption\">El 19 de agosto se celebra el D\u00eda Mundial de la Fotograf\u00eda. Por norgal.<\/figcaption><\/figure>\n\n\n\n<p>El 19 de agosto se celebra el <strong>D\u00eda Mundial de la Fotograf\u00eda<\/strong>. \u00bfEl motivo? Fue el d\u00eda en el que se present\u00f3, en 1834, el daguerrotipo: un m\u00e9todo fotogr\u00e1fico que consist\u00eda en grabar una imagen sobre una placa de metal, generalmente de cobre plateado. El prototipo de Louis Daguerre permiti\u00f3 captar im\u00e1genes por primera vez, dando el pistoletazo de salida a este noble arte que, hoy en d\u00eda, todos practicamos gracias a nuestros tel\u00e9fonos m\u00f3viles.<\/p>\n\n\n\n<p>Para celebrar este d\u00eda, hemos recopilado los art\u00edculos m\u00e1s destacados de nuestra hemeroteca que hablan sobre <a href=\"\/blog\/tag\/fotografia\/\">fotograf\u00eda<\/a>. Rutas fotogr\u00e1ficas, casas rurales con talleres de fotograf\u00eda, concursos de fotograf\u00eda rural y hasta la b\u00fasqueda del primer <em>selfie<\/em> de la historia. Textos pensados para <strong>amantes de las im\u00e1genes<\/strong>.<\/p>\n\n\n\n<div class=\"wp-block-buttons is-layout-flex wp-block-buttons-is-layout-flex\">\n<div class=\"wp-block-button\"><a class=\"wp-block-button__link wp-element-button\" href=\"\/casas-rurales\">Reserva tu alojamiento rural<\/a><\/div>\n<\/div>\n\n\n\n<h2 class=\"wp-block-heading\" id=\"h-10-casas-rurales-con-talleres-de-fotografia\">10 casas rurales con talleres de fotograf\u00eda<\/h2>\n\n\n\n<figure class=\"wp-block-image size-full\"><img loading=\"lazy\" decoding=\"async\" width=\"1024\" height=\"683\" src=\"https:\/\/www.escapadarural.com\/blog\/wp-content\/uploads\/2025\/08\/Casa-rural-Mundobriga-1024x683-1.webp\" alt=\"Casa rural Mundobriga (Zaragoza), donde se imparten talleres de fotograf\u00eda.\" class=\"wp-image-206469\" srcset=\"https:\/\/www.escapadarural.com\/blog\/wp-content\/uploads\/2025\/08\/Casa-rural-Mundobriga-1024x683-1-200x133.webp 200w, https:\/\/www.escapadarural.com\/blog\/wp-content\/uploads\/2025\/08\/Casa-rural-Mundobriga-1024x683-1-300x200.webp 300w, https:\/\/www.escapadarural.com\/blog\/wp-content\/uploads\/2025\/08\/Casa-rural-Mundobriga-1024x683-1-400x267.webp 400w, https:\/\/www.escapadarural.com\/blog\/wp-content\/uploads\/2025\/08\/Casa-rural-Mundobriga-1024x683-1-600x400.webp 600w, https:\/\/www.escapadarural.com\/blog\/wp-content\/uploads\/2025\/08\/Casa-rural-Mundobriga-1024x683-1-768x512.webp 768w, https:\/\/www.escapadarural.com\/blog\/wp-content\/uploads\/2025\/08\/Casa-rural-Mundobriga-1024x683-1-800x534.webp 800w, https:\/\/www.escapadarural.com\/blog\/wp-content\/uploads\/2025\/08\/Casa-rural-Mundobriga-1024x683-1.webp 1024w\" sizes=\"auto, (max-width: 1024px) 100vw, 1024px\" \/><figcaption class=\"wp-element-caption\">Casa rural Mundobriga (Zaragoza), donde se imparten talleres de fotograf\u00eda.<\/figcaption><\/figure>\n\n\n\n<p>El cat\u00e1logo de EscapadaRural ofrece alojamientos rurales para todo tipo de viajeros. Tambi\u00e9n, por supuesto, para amantes de la fotograf\u00eda. Por ejemplo, estas diez casas rurales ofrecen distintos cursos o talleres fotogr\u00e1ficos, <strong>para que mejores tus habilidades con la c\u00e1mara a la vez que disfrutas del turismo rural<\/strong>. Podr\u00e1s retratar, tambi\u00e9n, algunos de los paisajes m\u00e1s impresionantes de Espa\u00f1a.<\/p>\n\n\n\n<div class=\"wp-block-buttons is-layout-flex wp-block-buttons-is-layout-flex\">\n<div class=\"wp-block-button\"><a class=\"wp-block-button__link wp-element-button\" href=\"\/blog\/casas-rurales-con-talleres-de-fotografia\/\">Ir al art\u00edculo<\/a><\/div>\n<\/div>\n\n\n\n<h2 class=\"wp-block-heading\" id=\"h-fotorural-el-concurso-que-retrata-la-espana-interior\">FotoRural, el concurso que retrata la Espa\u00f1a interior<\/h2>\n\n\n\n<figure class=\"wp-block-image size-full\"><img loading=\"lazy\" decoding=\"async\" width=\"1024\" height=\"768\" src=\"https:\/\/www.escapadarural.com\/blog\/wp-content\/uploads\/2025\/01\/01_FotoRural_Premio1_VendimiaNocturna_JuanMiguelOrtuno_WP01.webp\" alt=\"Vendimia Nocturna. Por Juan Miguel Ortu\u00f1o.\" class=\"wp-image-186876\" srcset=\"https:\/\/www.escapadarural.com\/blog\/wp-content\/uploads\/2025\/01\/01_FotoRural_Premio1_VendimiaNocturna_JuanMiguelOrtuno_WP01-200x150.webp 200w, https:\/\/www.escapadarural.com\/blog\/wp-content\/uploads\/2025\/01\/01_FotoRural_Premio1_VendimiaNocturna_JuanMiguelOrtuno_WP01-300x225.webp 300w, https:\/\/www.escapadarural.com\/blog\/wp-content\/uploads\/2025\/01\/01_FotoRural_Premio1_VendimiaNocturna_JuanMiguelOrtuno_WP01-400x300.webp 400w, https:\/\/www.escapadarural.com\/blog\/wp-content\/uploads\/2025\/01\/01_FotoRural_Premio1_VendimiaNocturna_JuanMiguelOrtuno_WP01-600x450.webp 600w, https:\/\/www.escapadarural.com\/blog\/wp-content\/uploads\/2025\/01\/01_FotoRural_Premio1_VendimiaNocturna_JuanMiguelOrtuno_WP01-768x576.webp 768w, https:\/\/www.escapadarural.com\/blog\/wp-content\/uploads\/2025\/01\/01_FotoRural_Premio1_VendimiaNocturna_JuanMiguelOrtuno_WP01-800x600.webp 800w, https:\/\/www.escapadarural.com\/blog\/wp-content\/uploads\/2025\/01\/01_FotoRural_Premio1_VendimiaNocturna_JuanMiguelOrtuno_WP01.webp 1024w\" sizes=\"auto, (max-width: 1024px) 100vw, 1024px\" \/><figcaption class=\"wp-element-caption\">Vendimia Nocturna, primer premio de FotoRural 2024. Por Juan Miguel Ortu\u00f1o.<\/figcaption><\/figure>\n\n\n\n<p>Hay un concurso fotogr\u00e1fico que cada a\u00f1o nos regala impresionantes im\u00e1genes de la Espa\u00f1a interior. Hablamos de <a href=\"https:\/\/concursofotorural.es\/\" target=\"_blank\" rel=\"noreferrer noopener nofollow\">FotoRural<\/a>, que lleva ya dos d\u00e9cadas retratando <strong>la realidad m\u00e1s aut\u00e9ntica de nuestro pa\u00eds<\/strong>. En la edici\u00f3n de 2024, el concurso se centr\u00f3 en la dieta mediterr\u00e1nea, declarada Patrimonio de la Humanidad. El medio rural y sus habitantes son imprescindibles para que sea sostenible y de m\u00e1xima calidad. Y estos fot\u00f3grafos, una vez m\u00e1s, consiguieron captar su esencia.<\/p>\n\n\n\n<div class=\"wp-block-buttons is-layout-flex wp-block-buttons-is-layout-flex\">\n<div class=\"wp-block-button\"><a class=\"wp-block-button__link wp-element-button\" href=\"\/blog\/retrato-espana-fotografia-rural-fotorural-2024\/\">Ir al art\u00edculo<\/a><\/div>\n<\/div>\n\n\n\n<h2 class=\"wp-block-heading\" id=\"h-4-paisajes-invernales-para-amantes-de-la-fotografia\">4 paisajes invernales para amantes de la fotograf\u00eda<\/h2>\n\n\n\n<figure class=\"wp-block-image size-large\"><img loading=\"lazy\" decoding=\"async\" width=\"1024\" height=\"631\" src=\"https:\/\/www.escapadarural.com\/blog\/wp-content\/uploads\/2024\/01\/AdobeStock_327398629-scaled-1-1024x631.jpeg\" alt=\"Sierra Nevada. Por: Javier Mart\u00edn Ruiz\" class=\"wp-image-69832\" srcset=\"https:\/\/www.escapadarural.com\/blog\/wp-content\/uploads\/2024\/01\/AdobeStock_327398629-scaled-1-200x123.jpeg 200w, https:\/\/www.escapadarural.com\/blog\/wp-content\/uploads\/2024\/01\/AdobeStock_327398629-scaled-1-300x185.jpeg 300w, https:\/\/www.escapadarural.com\/blog\/wp-content\/uploads\/2024\/01\/AdobeStock_327398629-scaled-1-400x246.jpeg 400w, https:\/\/www.escapadarural.com\/blog\/wp-content\/uploads\/2024\/01\/AdobeStock_327398629-scaled-1-600x369.jpeg 600w, https:\/\/www.escapadarural.com\/blog\/wp-content\/uploads\/2024\/01\/AdobeStock_327398629-scaled-1-768x473.jpeg 768w, https:\/\/www.escapadarural.com\/blog\/wp-content\/uploads\/2024\/01\/AdobeStock_327398629-scaled-1-800x493.jpeg 800w, https:\/\/www.escapadarural.com\/blog\/wp-content\/uploads\/2024\/01\/AdobeStock_327398629-scaled-1-1024x631.jpeg 1024w, https:\/\/www.escapadarural.com\/blog\/wp-content\/uploads\/2024\/01\/AdobeStock_327398629-scaled-1-1200x739.jpeg 1200w, https:\/\/www.escapadarural.com\/blog\/wp-content\/uploads\/2024\/01\/AdobeStock_327398629-scaled-1-1536x946.jpeg 1536w\" sizes=\"auto, (max-width: 1024px) 100vw, 1024px\" \/><figcaption class=\"wp-element-caption\">Sierra Nevada. Por: Javier Mart\u00edn Ruiz<\/figcaption><\/figure>\n\n\n\n<p>Este art\u00edculo propone un recorrido por paisajes con mucho encanto. Hablamos de estampas invernales, en las que <strong>la nieve es la protagonista<\/strong> de im\u00e1genes de aut\u00e9ntica postal. Parajes naturales como los <a href=\"\/casas-rurales\/picos-de-europa\">Picos de Europa<\/a>, el <a href=\"\/casas-rurales\/sierra-nevada\">Parque Natural de Sierra Nevada<\/a>, los Ancares Lucenses e incluso el m\u00edtico <a href=\"\/casas-rurales\/parque-nacional-del-teide\">Teide<\/a> protagonizan un texto que ofrece buenos consejos sobre c\u00f3mo conseguir las mejores fotograf\u00edas del pr\u00f3ximo invierno.<\/p>\n\n\n\n<div class=\"wp-block-buttons is-layout-flex wp-block-buttons-is-layout-flex\">\n<div class=\"wp-block-button\"><a class=\"wp-block-button__link wp-element-button\" href=\"\/blog\/fotografia-de-paisajes-invernales\/\">Ir al art\u00edculo<\/a><\/div>\n<\/div>\n\n\n\n<h2 class=\"wp-block-heading\" id=\"h-las-4-rutas-mas-fotografiables-de-la-peninsula-y-canarias\">Las 4 rutas m\u00e1s fotografiables de la pen\u00ednsula y Canarias<\/h2>\n\n\n\n<figure class=\"wp-block-image size-full\"><img loading=\"lazy\" decoding=\"async\" width=\"1024\" height=\"683\" src=\"https:\/\/www.escapadarural.com\/blog\/wp-content\/uploads\/2019\/08\/AdobeStock_110331240_faro_caballo_santona_cantabria.webp\" alt=\"Faro del Caballo, en Cantabria. Por carlos perez gomez\" class=\"wp-image-194209\" srcset=\"https:\/\/www.escapadarural.com\/blog\/wp-content\/uploads\/2019\/08\/AdobeStock_110331240_faro_caballo_santona_cantabria-200x133.webp 200w, https:\/\/www.escapadarural.com\/blog\/wp-content\/uploads\/2019\/08\/AdobeStock_110331240_faro_caballo_santona_cantabria-300x200.webp 300w, https:\/\/www.escapadarural.com\/blog\/wp-content\/uploads\/2019\/08\/AdobeStock_110331240_faro_caballo_santona_cantabria-400x267.webp 400w, https:\/\/www.escapadarural.com\/blog\/wp-content\/uploads\/2019\/08\/AdobeStock_110331240_faro_caballo_santona_cantabria-600x400.webp 600w, https:\/\/www.escapadarural.com\/blog\/wp-content\/uploads\/2019\/08\/AdobeStock_110331240_faro_caballo_santona_cantabria-768x512.webp 768w, https:\/\/www.escapadarural.com\/blog\/wp-content\/uploads\/2019\/08\/AdobeStock_110331240_faro_caballo_santona_cantabria-800x534.webp 800w, https:\/\/www.escapadarural.com\/blog\/wp-content\/uploads\/2019\/08\/AdobeStock_110331240_faro_caballo_santona_cantabria.webp 1024w\" sizes=\"auto, (max-width: 1024px) 100vw, 1024px\" \/><figcaption class=\"wp-element-caption\">Faro del Caballo, en Cantabria. Por Carlos P\u00e9rez G\u00f3mez<\/figcaption><\/figure>\n\n\n\n<p>Los amantes del <a href=\"\/blog\/categoria\/rutas-y-excursiones\/\">senderismo<\/a> tienen un aut\u00e9ntico para\u00edso en la pen\u00ednsula ib\u00e9rica y nuestras islas. Rutas de todo tipo, dificultad y extensi\u00f3n se reparten por todo su territorio. Este art\u00edculo de <a href=\"\/blog\/autor\/caroline\/\">Caroline Dalpr\u00e1<\/a> recorre algunas de las rutas m\u00e1s fotografiables, que <strong>pasan por acantilados, monta\u00f1as, por una frondosa vegetaci\u00f3n y mucho m\u00e1s<\/strong>. Las Islas Canarias tampoco son una excepci\u00f3n: cuentan con rincones naturales de un encanto excepcional. Prepara tu c\u00e1mara y \u00a1a caminar!<\/p>\n\n\n\n<div class=\"wp-block-buttons is-layout-flex wp-block-buttons-is-layout-flex\">\n<div class=\"wp-block-button\"><a class=\"wp-block-button__link wp-element-button\" href=\"\/blog\/rutas-fotografiables-de-la-peninsula\/\">Ir al art\u00edculo<\/a><\/div>\n<\/div>\n\n\n\n<h2 class=\"wp-block-heading\" id=\"h-tras-los-pasos-del-fotografo-de-guerra-mas-celebre\">Tras los pasos del fot\u00f3grafo de guerra m\u00e1s c\u00e9lebre<\/h2>\n\n\n\n<figure class=\"wp-block-image size-full\"><img loading=\"lazy\" decoding=\"async\" width=\"1024\" height=\"685\" src=\"https:\/\/www.escapadarural.com\/blog\/wp-content\/uploads\/2025\/03\/01_RutaRobertCapa_Aitona_Milicianos_RobertCapa_WP02.webp\" alt=\"Milicianos resguardados en las formaciones rocosas de Serrabrisa, en Aitona.\" class=\"wp-image-198482\" srcset=\"https:\/\/www.escapadarural.com\/blog\/wp-content\/uploads\/2025\/03\/01_RutaRobertCapa_Aitona_Milicianos_RobertCapa_WP02-200x134.webp 200w, https:\/\/www.escapadarural.com\/blog\/wp-content\/uploads\/2025\/03\/01_RutaRobertCapa_Aitona_Milicianos_RobertCapa_WP02-300x201.webp 300w, https:\/\/www.escapadarural.com\/blog\/wp-content\/uploads\/2025\/03\/01_RutaRobertCapa_Aitona_Milicianos_RobertCapa_WP02-400x268.webp 400w, https:\/\/www.escapadarural.com\/blog\/wp-content\/uploads\/2025\/03\/01_RutaRobertCapa_Aitona_Milicianos_RobertCapa_WP02-600x401.webp 600w, https:\/\/www.escapadarural.com\/blog\/wp-content\/uploads\/2025\/03\/01_RutaRobertCapa_Aitona_Milicianos_RobertCapa_WP02-768x514.webp 768w, https:\/\/www.escapadarural.com\/blog\/wp-content\/uploads\/2025\/03\/01_RutaRobertCapa_Aitona_Milicianos_RobertCapa_WP02-800x535.webp 800w, https:\/\/www.escapadarural.com\/blog\/wp-content\/uploads\/2025\/03\/01_RutaRobertCapa_Aitona_Milicianos_RobertCapa_WP02.webp 1024w\" sizes=\"auto, (max-width: 1024px) 100vw, 1024px\" \/><figcaption class=\"wp-element-caption\">Milicianos resguardados en las formaciones rocosas de Serrabrisa, en Aitona. Por Robert Capa \/ Magnum Photos.<\/figcaption><\/figure>\n\n\n\n<p>Robert Capa, el fot\u00f3grafo de guerra m\u00e1s c\u00e9lebre de la historia, dej\u00f3 huella en Espa\u00f1a. Es sabido que Capa recorri\u00f3 el frente de batalla durante la guerra civil espa\u00f1ola, retratando los horrores y los protagonistas del conflicto b\u00e9lico. \u201cSi tus fotos no son lo suficientemente buenas, es que no estabas lo suficientemente cerca\u201d, dec\u00eda. En Aitona (Lleida), en la <a href=\"\/casas-rurales\/el-segria\">comarca del Segri\u00e0<\/a>, han logrado identificar con precisi\u00f3n los lugares donde tom\u00f3 sus fotograf\u00edas y <strong>han reproducido sus pasos por los alrededores del pueblo<\/strong> en la ma\u00f1ana del 7 de noviembre de 1938. Una ruta imprescindible para amantes de la historia y de la fotograf\u00eda.<\/p>\n\n\n\n<div class=\"wp-block-buttons is-layout-flex wp-block-buttons-is-layout-flex\">\n<div class=\"wp-block-button\"><a class=\"wp-block-button__link wp-element-button\" href=\"\/blog\/ruta-robert-capa-de-aitona-guerra-civil\/\">Ir al art\u00edculo<\/a><\/div>\n<\/div>\n\n\n\n<h2 class=\"wp-block-heading\" id=\"h-en-busca-del-primer-selfie-de-la-historia\">En busca del primer <em>selfie<\/em> de la historia<\/h2>\n\n\n\n<figure class=\"wp-block-image size-full\"><img loading=\"lazy\" decoding=\"async\" width=\"1024\" height=\"768\" src=\"https:\/\/www.escapadarural.com\/blog\/wp-content\/uploads\/2025\/04\/01_PrimerSelfie_SelfiePiedra_TillFTeenk_WP01.webp\" alt=\"El primer selfie de la historia: autorretrato en piedra de Arnau Cadell, en el monasterio de Sant Cugat del Vall\u00e8s (Barcelona).\" class=\"wp-image-199075\" srcset=\"https:\/\/www.escapadarural.com\/blog\/wp-content\/uploads\/2025\/04\/01_PrimerSelfie_SelfiePiedra_TillFTeenk_WP01-200x150.webp 200w, https:\/\/www.escapadarural.com\/blog\/wp-content\/uploads\/2025\/04\/01_PrimerSelfie_SelfiePiedra_TillFTeenk_WP01-300x225.webp 300w, https:\/\/www.escapadarural.com\/blog\/wp-content\/uploads\/2025\/04\/01_PrimerSelfie_SelfiePiedra_TillFTeenk_WP01-400x300.webp 400w, https:\/\/www.escapadarural.com\/blog\/wp-content\/uploads\/2025\/04\/01_PrimerSelfie_SelfiePiedra_TillFTeenk_WP01-600x450.webp 600w, https:\/\/www.escapadarural.com\/blog\/wp-content\/uploads\/2025\/04\/01_PrimerSelfie_SelfiePiedra_TillFTeenk_WP01-768x576.webp 768w, https:\/\/www.escapadarural.com\/blog\/wp-content\/uploads\/2025\/04\/01_PrimerSelfie_SelfiePiedra_TillFTeenk_WP01-800x600.webp 800w, https:\/\/www.escapadarural.com\/blog\/wp-content\/uploads\/2025\/04\/01_PrimerSelfie_SelfiePiedra_TillFTeenk_WP01.webp 1024w\" sizes=\"auto, (max-width: 1024px) 100vw, 1024px\" \/><figcaption class=\"wp-element-caption\">El primer selfie de la historia: autorretrato en piedra de Arnau Cadell, en el monasterio de Sant Cugat del Vall\u00e8s (Barcelona). Por Till F. Teenck.<\/figcaption><\/figure>\n\n\n\n<p>Seg\u00fan un estudio reciente, cada d\u00eda se toman 92 millones de <em>selfies <\/em>en el mundo. \u00a192 millones! Pero, \u00bfcu\u00e1l fue el primer <em>selfie<\/em> de la historia? El siguiente art\u00edculo investiga el origen de los autorretratos, una de las costumbres m\u00e1s extendidas de nuestra \u00e9poca. Lo hemos encontrado muy cerquita de <a href=\"\/casas-rurales\/barcelona\">Barcelona<\/a>, en el claustro rom\u00e1nico del monasterio de Sant Cugat del Vall\u00e8s. <strong>Una impresionante joya medieval que bien merece una visita<\/strong>, seamos o no amantes de la fotograf\u00eda. Y si lo somos, raz\u00f3n de m\u00e1s.<\/p>\n\n\n\n<div class=\"wp-block-buttons is-layout-flex wp-block-buttons-is-layout-flex\">\n<div class=\"wp-block-button\"><a class=\"wp-block-button__link wp-element-button\" href=\"\/blog\/el-primer-selfie-de-la-historia\/\">Ir al art\u00edculo<\/a><\/div>\n<\/div>\n\n\n\n<h2 class=\"wp-block-heading\" id=\"h-fotos-romanticas-al-atardecer-junto-al-mar\">Fotos rom\u00e1nticas al atardecer junto al mar<\/h2>\n\n\n\n<figure class=\"wp-block-image size-full\"><img loading=\"lazy\" decoding=\"async\" width=\"1024\" height=\"683\" src=\"https:\/\/www.escapadarural.com\/blog\/wp-content\/uploads\/2025\/05\/01_MuellesRomanticos_Trabucador_DeltadelEbro_JoseRMarques_AdobeStock_601891810_WP01.webp\" alt=\"Atardecer en el muelle del Trabucador, Delta del Ebro (Tarragona).\" class=\"wp-image-200866\" srcset=\"https:\/\/www.escapadarural.com\/blog\/wp-content\/uploads\/2025\/05\/01_MuellesRomanticos_Trabucador_DeltadelEbro_JoseRMarques_AdobeStock_601891810_WP01-200x133.webp 200w, https:\/\/www.escapadarural.com\/blog\/wp-content\/uploads\/2025\/05\/01_MuellesRomanticos_Trabucador_DeltadelEbro_JoseRMarques_AdobeStock_601891810_WP01-300x200.webp 300w, https:\/\/www.escapadarural.com\/blog\/wp-content\/uploads\/2025\/05\/01_MuellesRomanticos_Trabucador_DeltadelEbro_JoseRMarques_AdobeStock_601891810_WP01-400x267.webp 400w, https:\/\/www.escapadarural.com\/blog\/wp-content\/uploads\/2025\/05\/01_MuellesRomanticos_Trabucador_DeltadelEbro_JoseRMarques_AdobeStock_601891810_WP01-600x400.webp 600w, https:\/\/www.escapadarural.com\/blog\/wp-content\/uploads\/2025\/05\/01_MuellesRomanticos_Trabucador_DeltadelEbro_JoseRMarques_AdobeStock_601891810_WP01-768x512.webp 768w, https:\/\/www.escapadarural.com\/blog\/wp-content\/uploads\/2025\/05\/01_MuellesRomanticos_Trabucador_DeltadelEbro_JoseRMarques_AdobeStock_601891810_WP01-800x534.webp 800w, https:\/\/www.escapadarural.com\/blog\/wp-content\/uploads\/2025\/05\/01_MuellesRomanticos_Trabucador_DeltadelEbro_JoseRMarques_AdobeStock_601891810_WP01.webp 1024w\" sizes=\"auto, (max-width: 1024px) 100vw, 1024px\" \/><figcaption class=\"wp-element-caption\">Atardecer en el muelle del Trabucador, Delta del Ebro (Tarragona). Por Jos\u00e9 R. Marqu\u00e9s.<\/figcaption><\/figure>\n\n\n\n<p>\u00bfHay algo m\u00e1s rom\u00e1ntico que un paseo al atardecer? En el \u00faltimo art\u00edculo de este listado te proponemos seis muelles de madera en los que podr\u00e1s pasear tu amor y, de paso, inmortalizarlo con <strong>impresionantes fotograf\u00edas de la puesta de sol junto al mar<\/strong>. Olvida las preocupaciones, prepara la c\u00e1mara y d\u00e9jate seducir por el encanto de estos incre\u00edbles lugares que nos regalan nuestras costas.<\/p>\n\n\n\n<div class=\"wp-block-buttons is-layout-flex wp-block-buttons-is-layout-flex\">\n<div class=\"wp-block-button\"><a class=\"wp-block-button__link wp-element-button\" href=\"\/blog\/muelles-de-madera-preciosos-paseo-romantico-al-atardecer\/\">Ir al art\u00edculo<\/a><\/div>\n<\/div>\n","protected":false},"excerpt":{"rendered":"<p>Recopilamos siete art\u00edculos destacados de la hemeroteca del Magazine de EscapadaRural para celebrar el D\u00eda Mundial de la Fotograf\u00eda<\/p>\n","protected":false},"author":157,"featured_media":206465,"comment_status":"open","ping_status":"open","sticky":false,"template":"","format":"standard","meta":{"_acf_changed":false,"om_disable_all_campaigns":false,"footnotes":""},"categories":[231],"tags":[836,215,1274,6088],"class_list":["post-206452","post","type-post","status-publish","format-standard","has-post-thumbnail","hentry","category-arte-y-cultura","tag-fotografia","tag-listado","tag-paisajes","tag-rutas"],"acf":[],"featured_image_src":"https:\/\/www.escapadarural.com\/blog\/wp-content\/uploads\/2025\/08\/01_DiaMundialFotografia_Ikostudio_AdobeStock_190906845_WP01.webp","author_info":{"display_name":"Miguel Perez","author_link":"https:\/\/www.escapadarural.com\/blog\/autor\/miguel-perez\/"},"yoast_head":"<!-- This site is optimized with the Yoast SEO plugin v27.5 - https:\/\/yoast.com\/product\/yoast-seo-wordpress\/ -->\n<title>7 art\u00edculos de EscapadaRural para celebrar el d\u00eda Mundial de la Fotograf\u00eda - EscapadaRural<\/title>\n<meta name=\"description\" content=\"Recopilamos los art\u00edculos m\u00e1s destacados de la hemeroteca del Magazine de EscapadaRural para celebrar el D\u00eda Mundial de la Fotograf\u00eda\" \/>\n<meta name=\"robots\" content=\"index, follow, max-snippet:-1, max-image-preview:large, max-video-preview:-1\" \/>\n<link rel=\"canonical\" href=\"https:\/\/www.escapadarural.com\/blog\/post-dia-mundial-de-la-fotografia\/\" \/>\n<meta property=\"og:locale\" content=\"es_ES\" \/>\n<meta property=\"og:type\" content=\"article\" \/>\n<meta property=\"og:title\" content=\"7 art\u00edculos de EscapadaRural para celebrar el d\u00eda Mundial de la Fotograf\u00eda - EscapadaRural\" \/>\n<meta property=\"og:description\" content=\"Recopilamos los art\u00edculos m\u00e1s destacados de la hemeroteca del Magazine de EscapadaRural para celebrar el D\u00eda Mundial de la Fotograf\u00eda\" \/>\n<meta property=\"og:url\" content=\"https:\/\/www.escapadarural.com\/blog\/post-dia-mundial-de-la-fotografia\/\" \/>\n<meta property=\"og:site_name\" content=\"Magazine de viajes de EscapadaRural\" \/>\n<meta property=\"article:publisher\" content=\"https:\/\/www.facebook.com\/escapadarural\" \/>\n<meta property=\"article:author\" content=\"#\" \/>\n<meta property=\"article:published_time\" content=\"2025-08-19T11:13:50+00:00\" \/>\n<meta property=\"article:modified_time\" content=\"2026-02-06T09:48:33+00:00\" \/>\n<meta property=\"og:image\" content=\"https:\/\/www.escapadarural.com\/blog\/wp-content\/uploads\/2025\/08\/01_DiaMundialFotografia_Ikostudio_AdobeStock_190906845_WP01.webp\" \/>\n\t<meta property=\"og:image:width\" content=\"1200\" \/>\n\t<meta property=\"og:image:height\" content=\"800\" \/>\n\t<meta property=\"og:image:type\" content=\"image\/webp\" \/>\n<meta name=\"author\" content=\"Miguel Perez\" \/>\n<meta name=\"twitter:card\" content=\"summary_large_image\" \/>\n<meta name=\"twitter:creator\" content=\"@#\" \/>\n<meta name=\"twitter:label1\" content=\"Escrito por\" \/>\n\t<meta name=\"twitter:data1\" content=\"Miguel Perez\" \/>\n\t<meta name=\"twitter:label2\" content=\"Tiempo de lectura\" \/>\n\t<meta name=\"twitter:data2\" content=\"5 minutos\" \/>\n<script type=\"application\/ld+json\" class=\"yoast-schema-graph\">{\"@context\":\"https:\\\/\\\/schema.org\",\"@graph\":[{\"@type\":\"Article\",\"@id\":\"https:\\\/\\\/www.escapadarural.com\\\/blog\\\/post-dia-mundial-de-la-fotografia\\\/#article\",\"isPartOf\":{\"@id\":\"https:\\\/\\\/www.escapadarural.com\\\/blog\\\/post-dia-mundial-de-la-fotografia\\\/\"},\"author\":{\"name\":\"Miguel Perez\",\"@id\":\"https:\\\/\\\/www.escapadarural.com\\\/blog\\\/#\\\/schema\\\/person\\\/ea17306ba0ae76670daf8e5008db21dd\"},\"headline\":\"7 art\u00edculos de EscapadaRural para celebrar el d\u00eda Mundial de la Fotograf\u00eda\",\"datePublished\":\"2025-08-19T11:13:50+00:00\",\"dateModified\":\"2026-02-06T09:48:33+00:00\",\"mainEntityOfPage\":{\"@id\":\"https:\\\/\\\/www.escapadarural.com\\\/blog\\\/post-dia-mundial-de-la-fotografia\\\/\"},\"wordCount\":948,\"commentCount\":0,\"publisher\":{\"@id\":\"https:\\\/\\\/www.escapadarural.com\\\/blog\\\/#organization\"},\"image\":{\"@id\":\"https:\\\/\\\/www.escapadarural.com\\\/blog\\\/post-dia-mundial-de-la-fotografia\\\/#primaryimage\"},\"thumbnailUrl\":\"https:\\\/\\\/www.escapadarural.com\\\/blog\\\/wp-content\\\/uploads\\\/2025\\\/08\\\/01_DiaMundialFotografia_Ikostudio_AdobeStock_190906845_WP01.webp\",\"keywords\":[\"Fotograf\u00eda\",\"Listado\",\"paisajes\",\"Rutas\"],\"articleSection\":[\"Arte y Cultura\"],\"inLanguage\":\"es\",\"potentialAction\":[{\"@type\":\"CommentAction\",\"name\":\"Comment\",\"target\":[\"https:\\\/\\\/www.escapadarural.com\\\/blog\\\/post-dia-mundial-de-la-fotografia\\\/#respond\"]}]},{\"@type\":\"WebPage\",\"@id\":\"https:\\\/\\\/www.escapadarural.com\\\/blog\\\/post-dia-mundial-de-la-fotografia\\\/\",\"url\":\"https:\\\/\\\/www.escapadarural.com\\\/blog\\\/post-dia-mundial-de-la-fotografia\\\/\",\"name\":\"7 art\u00edculos de EscapadaRural para celebrar el d\u00eda Mundial de la Fotograf\u00eda - EscapadaRural\",\"isPartOf\":{\"@id\":\"https:\\\/\\\/www.escapadarural.com\\\/blog\\\/#website\"},\"primaryImageOfPage\":{\"@id\":\"https:\\\/\\\/www.escapadarural.com\\\/blog\\\/post-dia-mundial-de-la-fotografia\\\/#primaryimage\"},\"image\":{\"@id\":\"https:\\\/\\\/www.escapadarural.com\\\/blog\\\/post-dia-mundial-de-la-fotografia\\\/#primaryimage\"},\"thumbnailUrl\":\"https:\\\/\\\/www.escapadarural.com\\\/blog\\\/wp-content\\\/uploads\\\/2025\\\/08\\\/01_DiaMundialFotografia_Ikostudio_AdobeStock_190906845_WP01.webp\",\"datePublished\":\"2025-08-19T11:13:50+00:00\",\"dateModified\":\"2026-02-06T09:48:33+00:00\",\"description\":\"Recopilamos los art\u00edculos m\u00e1s destacados de la hemeroteca del Magazine de EscapadaRural para celebrar el D\u00eda Mundial de la Fotograf\u00eda\",\"breadcrumb\":{\"@id\":\"https:\\\/\\\/www.escapadarural.com\\\/blog\\\/post-dia-mundial-de-la-fotografia\\\/#breadcrumb\"},\"inLanguage\":\"es\",\"potentialAction\":[{\"@type\":\"ReadAction\",\"target\":[\"https:\\\/\\\/www.escapadarural.com\\\/blog\\\/post-dia-mundial-de-la-fotografia\\\/\"]}]},{\"@type\":\"ImageObject\",\"inLanguage\":\"es\",\"@id\":\"https:\\\/\\\/www.escapadarural.com\\\/blog\\\/post-dia-mundial-de-la-fotografia\\\/#primaryimage\",\"url\":\"https:\\\/\\\/www.escapadarural.com\\\/blog\\\/wp-content\\\/uploads\\\/2025\\\/08\\\/01_DiaMundialFotografia_Ikostudio_AdobeStock_190906845_WP01.webp\",\"contentUrl\":\"https:\\\/\\\/www.escapadarural.com\\\/blog\\\/wp-content\\\/uploads\\\/2025\\\/08\\\/01_DiaMundialFotografia_Ikostudio_AdobeStock_190906845_WP01.webp\",\"width\":1200,\"height\":800,\"caption\":\"El 19 de agosto se celebra el D\u00eda Mundial de la Fotograf\u00eda. Por Ikostudio.\"},{\"@type\":\"BreadcrumbList\",\"@id\":\"https:\\\/\\\/www.escapadarural.com\\\/blog\\\/post-dia-mundial-de-la-fotografia\\\/#breadcrumb\",\"itemListElement\":[{\"@type\":\"ListItem\",\"position\":1,\"name\":\"Inicio\",\"item\":\"https:\\\/\\\/www.escapadarural.com\\\/blog\\\/\"},{\"@type\":\"ListItem\",\"position\":2,\"name\":\"Arte y Cultura\",\"item\":\"https:\\\/\\\/www.escapadarural.com\\\/blog\\\/categoria\\\/arte-y-cultura\\\/\"},{\"@type\":\"ListItem\",\"position\":3,\"name\":\"7 art\u00edculos de EscapadaRural para celebrar el d\u00eda Mundial de la Fotograf\u00eda\"}]},{\"@type\":\"WebSite\",\"@id\":\"https:\\\/\\\/www.escapadarural.com\\\/blog\\\/#website\",\"url\":\"https:\\\/\\\/www.escapadarural.com\\\/blog\\\/\",\"name\":\"Blog de viajes | turismo rural, alojamientos e inspiraci\u00f3n\",\"description\":\"Alojamientos rurales e inspiraci\u00f3n para tus escapadas\",\"publisher\":{\"@id\":\"https:\\\/\\\/www.escapadarural.com\\\/blog\\\/#organization\"},\"alternateName\":\"Magazine de viajes de EscapadaRural\",\"potentialAction\":[{\"@type\":\"SearchAction\",\"target\":{\"@type\":\"EntryPoint\",\"urlTemplate\":\"https:\\\/\\\/www.escapadarural.com\\\/blog\\\/?s={search_term_string}\"},\"query-input\":{\"@type\":\"PropertyValueSpecification\",\"valueRequired\":true,\"valueName\":\"search_term_string\"}}],\"inLanguage\":\"es\"},{\"@type\":\"Organization\",\"@id\":\"https:\\\/\\\/www.escapadarural.com\\\/blog\\\/#organization\",\"name\":\"EscapadaRural\",\"url\":\"https:\\\/\\\/www.escapadarural.com\\\/blog\\\/\",\"logo\":{\"@type\":\"ImageObject\",\"inLanguage\":\"es\",\"@id\":\"https:\\\/\\\/www.escapadarural.com\\\/blog\\\/#\\\/schema\\\/logo\\\/image\\\/\",\"url\":\"https:\\\/\\\/www.escapadarural.com\\\/blog\\\/wp-content\\\/uploads\\\/2024\\\/10\\\/cropped-cropped-escapada-rural-icon-mag-3.png\",\"contentUrl\":\"https:\\\/\\\/www.escapadarural.com\\\/blog\\\/wp-content\\\/uploads\\\/2024\\\/10\\\/cropped-cropped-escapada-rural-icon-mag-3.png\",\"width\":512,\"height\":512,\"caption\":\"EscapadaRural\"},\"image\":{\"@id\":\"https:\\\/\\\/www.escapadarural.com\\\/blog\\\/#\\\/schema\\\/logo\\\/image\\\/\"},\"sameAs\":[\"https:\\\/\\\/www.facebook.com\\\/escapadarural\",\"https:\\\/\\\/www.instagram.com\\\/escapadarural\\\/\",\"https:\\\/\\\/www.youtube.com\\\/@escapadaruralcom\"]},{\"@type\":\"Person\",\"@id\":\"https:\\\/\\\/www.escapadarural.com\\\/blog\\\/#\\\/schema\\\/person\\\/ea17306ba0ae76670daf8e5008db21dd\",\"name\":\"Miguel Perez\",\"image\":{\"@type\":\"ImageObject\",\"inLanguage\":\"es\",\"@id\":\"https:\\\/\\\/www.escapadarural.com\\\/blog\\\/wp-content\\\/uploads\\\/2024\\\/11\\\/cropped-Miguel-Perez-96x96.jpg\",\"url\":\"https:\\\/\\\/www.escapadarural.com\\\/blog\\\/wp-content\\\/uploads\\\/2024\\\/11\\\/cropped-Miguel-Perez-96x96.jpg\",\"contentUrl\":\"https:\\\/\\\/www.escapadarural.com\\\/blog\\\/wp-content\\\/uploads\\\/2024\\\/11\\\/cropped-Miguel-Perez-96x96.jpg\",\"caption\":\"Miguel Perez\"},\"description\":\"Me encanta el f\u00fatbol, leer, viajar, descubrir nuevos destinos y cont\u00e1rtelos\",\"sameAs\":[\"#\",\"https:\\\/\\\/x.com\\\/#\"],\"url\":\"https:\\\/\\\/www.escapadarural.com\\\/blog\\\/autor\\\/miguel-perez\\\/\"}]}<\/script>\n<!-- \/ Yoast SEO plugin. -->","yoast_head_json":{"title":"7 art\u00edculos de EscapadaRural para celebrar el d\u00eda Mundial de la Fotograf\u00eda - EscapadaRural","description":"Recopilamos los art\u00edculos m\u00e1s destacados de la hemeroteca del Magazine de EscapadaRural para celebrar el D\u00eda Mundial de la Fotograf\u00eda","robots":{"index":"index","follow":"follow","max-snippet":"max-snippet:-1","max-image-preview":"max-image-preview:large","max-video-preview":"max-video-preview:-1"},"canonical":"https:\/\/www.escapadarural.com\/blog\/post-dia-mundial-de-la-fotografia\/","og_locale":"es_ES","og_type":"article","og_title":"7 art\u00edculos de EscapadaRural para celebrar el d\u00eda Mundial de la Fotograf\u00eda - EscapadaRural","og_description":"Recopilamos los art\u00edculos m\u00e1s destacados de la hemeroteca del Magazine de EscapadaRural para celebrar el D\u00eda Mundial de la Fotograf\u00eda","og_url":"https:\/\/www.escapadarural.com\/blog\/post-dia-mundial-de-la-fotografia\/","og_site_name":"Magazine de viajes de EscapadaRural","article_publisher":"https:\/\/www.facebook.com\/escapadarural","article_author":"#","article_published_time":"2025-08-19T11:13:50+00:00","article_modified_time":"2026-02-06T09:48:33+00:00","og_image":[{"width":1200,"height":800,"url":"https:\/\/www.escapadarural.com\/blog\/wp-content\/uploads\/2025\/08\/01_DiaMundialFotografia_Ikostudio_AdobeStock_190906845_WP01.webp","type":"image\/webp"}],"author":"Miguel Perez","twitter_card":"summary_large_image","twitter_creator":"@#","twitter_misc":{"Escrito por":"Miguel Perez","Tiempo de lectura":"5 minutos"},"schema":{"@context":"https:\/\/schema.org","@graph":[{"@type":"Article","@id":"https:\/\/www.escapadarural.com\/blog\/post-dia-mundial-de-la-fotografia\/#article","isPartOf":{"@id":"https:\/\/www.escapadarural.com\/blog\/post-dia-mundial-de-la-fotografia\/"},"author":{"name":"Miguel Perez","@id":"https:\/\/www.escapadarural.com\/blog\/#\/schema\/person\/ea17306ba0ae76670daf8e5008db21dd"},"headline":"7 art\u00edculos de EscapadaRural para celebrar el d\u00eda Mundial de la Fotograf\u00eda","datePublished":"2025-08-19T11:13:50+00:00","dateModified":"2026-02-06T09:48:33+00:00","mainEntityOfPage":{"@id":"https:\/\/www.escapadarural.com\/blog\/post-dia-mundial-de-la-fotografia\/"},"wordCount":948,"commentCount":0,"publisher":{"@id":"https:\/\/www.escapadarural.com\/blog\/#organization"},"image":{"@id":"https:\/\/www.escapadarural.com\/blog\/post-dia-mundial-de-la-fotografia\/#primaryimage"},"thumbnailUrl":"https:\/\/www.escapadarural.com\/blog\/wp-content\/uploads\/2025\/08\/01_DiaMundialFotografia_Ikostudio_AdobeStock_190906845_WP01.webp","keywords":["Fotograf\u00eda","Listado","paisajes","Rutas"],"articleSection":["Arte y Cultura"],"inLanguage":"es","potentialAction":[{"@type":"CommentAction","name":"Comment","target":["https:\/\/www.escapadarural.com\/blog\/post-dia-mundial-de-la-fotografia\/#respond"]}]},{"@type":"WebPage","@id":"https:\/\/www.escapadarural.com\/blog\/post-dia-mundial-de-la-fotografia\/","url":"https:\/\/www.escapadarural.com\/blog\/post-dia-mundial-de-la-fotografia\/","name":"7 art\u00edculos de EscapadaRural para celebrar el d\u00eda Mundial de la Fotograf\u00eda - EscapadaRural","isPartOf":{"@id":"https:\/\/www.escapadarural.com\/blog\/#website"},"primaryImageOfPage":{"@id":"https:\/\/www.escapadarural.com\/blog\/post-dia-mundial-de-la-fotografia\/#primaryimage"},"image":{"@id":"https:\/\/www.escapadarural.com\/blog\/post-dia-mundial-de-la-fotografia\/#primaryimage"},"thumbnailUrl":"https:\/\/www.escapadarural.com\/blog\/wp-content\/uploads\/2025\/08\/01_DiaMundialFotografia_Ikostudio_AdobeStock_190906845_WP01.webp","datePublished":"2025-08-19T11:13:50+00:00","dateModified":"2026-02-06T09:48:33+00:00","description":"Recopilamos los art\u00edculos m\u00e1s destacados de la hemeroteca del Magazine de EscapadaRural para celebrar el D\u00eda Mundial de la Fotograf\u00eda","breadcrumb":{"@id":"https:\/\/www.escapadarural.com\/blog\/post-dia-mundial-de-la-fotografia\/#breadcrumb"},"inLanguage":"es","potentialAction":[{"@type":"ReadAction","target":["https:\/\/www.escapadarural.com\/blog\/post-dia-mundial-de-la-fotografia\/"]}]},{"@type":"ImageObject","inLanguage":"es","@id":"https:\/\/www.escapadarural.com\/blog\/post-dia-mundial-de-la-fotografia\/#primaryimage","url":"https:\/\/www.escapadarural.com\/blog\/wp-content\/uploads\/2025\/08\/01_DiaMundialFotografia_Ikostudio_AdobeStock_190906845_WP01.webp","contentUrl":"https:\/\/www.escapadarural.com\/blog\/wp-content\/uploads\/2025\/08\/01_DiaMundialFotografia_Ikostudio_AdobeStock_190906845_WP01.webp","width":1200,"height":800,"caption":"El 19 de agosto se celebra el D\u00eda Mundial de la Fotograf\u00eda. Por Ikostudio."},{"@type":"BreadcrumbList","@id":"https:\/\/www.escapadarural.com\/blog\/post-dia-mundial-de-la-fotografia\/#breadcrumb","itemListElement":[{"@type":"ListItem","position":1,"name":"Inicio","item":"https:\/\/www.escapadarural.com\/blog\/"},{"@type":"ListItem","position":2,"name":"Arte y Cultura","item":"https:\/\/www.escapadarural.com\/blog\/categoria\/arte-y-cultura\/"},{"@type":"ListItem","position":3,"name":"7 art\u00edculos de EscapadaRural para celebrar el d\u00eda Mundial de la Fotograf\u00eda"}]},{"@type":"WebSite","@id":"https:\/\/www.escapadarural.com\/blog\/#website","url":"https:\/\/www.escapadarural.com\/blog\/","name":"Blog de viajes | turismo rural, alojamientos e inspiraci\u00f3n","description":"Alojamientos rurales e inspiraci\u00f3n para tus escapadas","publisher":{"@id":"https:\/\/www.escapadarural.com\/blog\/#organization"},"alternateName":"Magazine de viajes de EscapadaRural","potentialAction":[{"@type":"SearchAction","target":{"@type":"EntryPoint","urlTemplate":"https:\/\/www.escapadarural.com\/blog\/?s={search_term_string}"},"query-input":{"@type":"PropertyValueSpecification","valueRequired":true,"valueName":"search_term_string"}}],"inLanguage":"es"},{"@type":"Organization","@id":"https:\/\/www.escapadarural.com\/blog\/#organization","name":"EscapadaRural","url":"https:\/\/www.escapadarural.com\/blog\/","logo":{"@type":"ImageObject","inLanguage":"es","@id":"https:\/\/www.escapadarural.com\/blog\/#\/schema\/logo\/image\/","url":"https:\/\/www.escapadarural.com\/blog\/wp-content\/uploads\/2024\/10\/cropped-cropped-escapada-rural-icon-mag-3.png","contentUrl":"https:\/\/www.escapadarural.com\/blog\/wp-content\/uploads\/2024\/10\/cropped-cropped-escapada-rural-icon-mag-3.png","width":512,"height":512,"caption":"EscapadaRural"},"image":{"@id":"https:\/\/www.escapadarural.com\/blog\/#\/schema\/logo\/image\/"},"sameAs":["https:\/\/www.facebook.com\/escapadarural","https:\/\/www.instagram.com\/escapadarural\/","https:\/\/www.youtube.com\/@escapadaruralcom"]},{"@type":"Person","@id":"https:\/\/www.escapadarural.com\/blog\/#\/schema\/person\/ea17306ba0ae76670daf8e5008db21dd","name":"Miguel Perez","image":{"@type":"ImageObject","inLanguage":"es","@id":"https:\/\/www.escapadarural.com\/blog\/wp-content\/uploads\/2024\/11\/cropped-Miguel-Perez-96x96.jpg","url":"https:\/\/www.escapadarural.com\/blog\/wp-content\/uploads\/2024\/11\/cropped-Miguel-Perez-96x96.jpg","contentUrl":"https:\/\/www.escapadarural.com\/blog\/wp-content\/uploads\/2024\/11\/cropped-Miguel-Perez-96x96.jpg","caption":"Miguel Perez"},"description":"Me encanta el f\u00fatbol, leer, viajar, descubrir nuevos destinos y cont\u00e1rtelos","sameAs":["#","https:\/\/x.com\/#"],"url":"https:\/\/www.escapadarural.com\/blog\/autor\/miguel-perez\/"}]}},"_links":{"self":[{"href":"https:\/\/www.escapadarural.com\/blog\/wp-json\/wp\/v2\/posts\/206452","targetHints":{"allow":["GET"]}}],"collection":[{"href":"https:\/\/www.escapadarural.com\/blog\/wp-json\/wp\/v2\/posts"}],"about":[{"href":"https:\/\/www.escapadarural.com\/blog\/wp-json\/wp\/v2\/types\/post"}],"author":[{"embeddable":true,"href":"https:\/\/www.escapadarural.com\/blog\/wp-json\/wp\/v2\/users\/157"}],"replies":[{"embeddable":true,"href":"https:\/\/www.escapadarural.com\/blog\/wp-json\/wp\/v2\/comments?post=206452"}],"version-history":[{"count":0,"href":"https:\/\/www.escapadarural.com\/blog\/wp-json\/wp\/v2\/posts\/206452\/revisions"}],"wp:featuredmedia":[{"embeddable":true,"href":"https:\/\/www.escapadarural.com\/blog\/wp-json\/wp\/v2\/media\/206465"}],"wp:attachment":[{"href":"https:\/\/www.escapadarural.com\/blog\/wp-json\/wp\/v2\/media?parent=206452"}],"wp:term":[{"taxonomy":"category","embeddable":true,"href":"https:\/\/www.escapadarural.com\/blog\/wp-json\/wp\/v2\/categories?post=206452"},{"taxonomy":"post_tag","embeddable":true,"href":"https:\/\/www.escapadarural.com\/blog\/wp-json\/wp\/v2\/tags?post=206452"}],"curies":[{"name":"wp","href":"https:\/\/api.w.org\/{rel}","templated":true}]}}