{"id":206840,"date":"2025-08-27T16:46:47","date_gmt":"2025-08-27T14:46:47","guid":{"rendered":"https:\/\/www.escapadarural.com\/blog\/?p=206840"},"modified":"2025-09-18T17:28:56","modified_gmt":"2025-09-18T15:28:56","slug":"saborear-la-provincia-de-barcelona","status":"publish","type":"post","link":"https:\/\/www.escapadarural.com\/blog\/saborear-la-provincia-de-barcelona\/","title":{"rendered":"Saborear la provincia de Barcelona con experiencias gastron\u00f3micas\u00a0"},"content":{"rendered":"\n<p>La <a href=\"https:\/\/www.barcelonaesmoltmes.cat\/es\/inicio\" target=\"_blank\">provincia de Barcelona<\/a> es un mosaico de colores y sabores. Una diversidad que se ve en las diferentes actividades agr\u00edcolas y ganaderas que van modelando el paisaje. Desde la costa mediterr\u00e1nea, con sus <strong>huertas <\/strong>y <strong>vi\u00f1edos<\/strong>, hasta un interior rural que llega hasta el Prepirineo, con sus vacas, cabras y cultivos.<\/p>\n\n\n\n<p>Siempre es un buen momento para hacer una escapada rural por la <a href=\"https:\/\/www.barcelonaesmoltmes.cat\/es\/gastronomia-enoturismo\" target=\"_blank\">gastronom\u00eda de la Barcelona m\u00e1s aut\u00e9ntica<\/a>, la de las ra\u00edces. Para reconectar con la amalgama de sabores tradicionales que se pueden probar en sus platos y elaboraciones artesanales, de esas que nos recuerdan a la ni\u00f1ez, a cuando \u201cel pan sab\u00eda a pan\u201d y \u201cun tomate sab\u00eda a tomate\u201d. Aqu\u00ed van una serie de planes que har\u00e1n las delicias de los viajeros <em>foodies<\/em> y amantes de lo <em>slow<\/em>.<\/p>\n\n\n\n<div class=\"wp-block-buttons is-layout-flex wp-block-buttons-is-layout-flex\">\n<div class=\"wp-block-button\"><a class=\"wp-block-button__link wp-element-button\" href=\"\/casas-rurales\/barcelona\">Alojamientos rurales en Barcelona<\/a><\/div>\n<\/div>\n\n\n\n<h2 class=\"wp-block-heading\" id=\"h-mercados-para-descubrir-los-sabores-locales\"><strong>Mercados para descubrir los sabores locales<\/strong><\/h2>\n\n\n\n<figure class=\"wp-block-image size-large\"><img loading=\"lazy\" decoding=\"async\" width=\"1024\" height=\"769\" src=\"https:\/\/www.escapadarural.com\/blog\/wp-content\/uploads\/2025\/08\/FT-BAIX-LLOB-V-OCC-A.Miro-DiBa-001-1024x769.webp\" alt=\"Alcachofas Baix Llobregat. Barcelona\" class=\"wp-image-207413\" srcset=\"https:\/\/www.escapadarural.com\/blog\/wp-content\/uploads\/2025\/08\/FT-BAIX-LLOB-V-OCC-A.Miro-DiBa-001-200x150.webp 200w, https:\/\/www.escapadarural.com\/blog\/wp-content\/uploads\/2025\/08\/FT-BAIX-LLOB-V-OCC-A.Miro-DiBa-001-300x225.webp 300w, https:\/\/www.escapadarural.com\/blog\/wp-content\/uploads\/2025\/08\/FT-BAIX-LLOB-V-OCC-A.Miro-DiBa-001-400x300.webp 400w, https:\/\/www.escapadarural.com\/blog\/wp-content\/uploads\/2025\/08\/FT-BAIX-LLOB-V-OCC-A.Miro-DiBa-001-600x451.webp 600w, https:\/\/www.escapadarural.com\/blog\/wp-content\/uploads\/2025\/08\/FT-BAIX-LLOB-V-OCC-A.Miro-DiBa-001-768x577.webp 768w, https:\/\/www.escapadarural.com\/blog\/wp-content\/uploads\/2025\/08\/FT-BAIX-LLOB-V-OCC-A.Miro-DiBa-001-800x601.webp 800w, https:\/\/www.escapadarural.com\/blog\/wp-content\/uploads\/2025\/08\/FT-BAIX-LLOB-V-OCC-A.Miro-DiBa-001-1024x769.webp 1024w, https:\/\/www.escapadarural.com\/blog\/wp-content\/uploads\/2025\/08\/FT-BAIX-LLOB-V-OCC-A.Miro-DiBa-001.webp 1200w\" sizes=\"auto, (max-width: 1024px) 100vw, 1024px\" \/><figcaption class=\"wp-element-caption\">Alcachofas Baix Llobregat. Por: VOCC &#8211; Diputaci\u00f3 de Barcelona<\/figcaption><\/figure>\n\n\n\n<p>Qu\u00e9 mejor lugar para volver a conectar con los sabores de siempre que los mercados locales. En ellos se dan cita los agricultores y elaboradores de la zona con los productos que ellos mismos han cultivado, cuidado y procesado al estilo tradicional. Un imprescindible es el mercado de <em>pag\u00e8s<\/em> de la <strong>Colonia G\u00fcell<\/strong>, en el <a href=\"https:\/\/www.barcelonaesmoltmes.cat\/es\/baix-llobregat\" target=\"_blank\">Baix Llobregat<\/a>. Todos los s\u00e1bados por la ma\u00f1ana exponen sus productos en la plaza que atesora la cripta dise\u00f1ada por Antonio Gaud\u00ed. Entre otros productos, es posible conseguir la famosa <a href=\"https:\/\/www.barcelonaesmoltmes.cat\/es\/detalle-del-viaje\/-\/dades\/3bd3LPr67IZT\/detall\/23_1_1319\/carxofa\" target=\"_blank\">alcachofa del Prat<\/a>, que se empieza a cosechar en oto\u00f1o.<\/p>\n\n\n\n<p>En la misma zona se hace la <a href=\"https:\/\/www.barcelonaesmoltmes.cat\/es\/-\/citas-gastronomicas-de-navidad\" target=\"_blank\">Feria av\u00edcola de la raza Prat<\/a>, en el Prat de Llobregat, la segunda semana de diciembre. Gira en torno a la cr\u00eda del <a href=\"https:\/\/www.barcelonaesmoltmes.cat\/es\/detalle-del-viaje\/-\/dades\/3bd3LPr67IZT\/detall\/23_1_15\/gall-del-prat\" target=\"_blank\">cap\u00f3n de pata azul<\/a>, un animal muy valorado por el gusto de su carne. En fechas parecidas, antes de las fiestas navide\u00f1as, se celebra la <strong>Feria del Gallo de Vilafranca del Pened\u00e9s<\/strong>, que promociona esta <a href=\"https:\/\/www.barcelonaesmoltmes.cat\/es\/detalle-del-viaje\/-\/dades\/3bd3LPr67IZT\/detall\/23_1_14\/gall-del-penedes\" target=\"_blank\">ave de plumaje negro azabache<\/a> intenso con trazas azules y cresta de cinco a seis puntas. Tambi\u00e9n se venden patos mudos, gansos, pollos, capones y pavos. Como curiosidad, es la \u00fanica feria catalana que incluye servicio de matadero, para llevarse los ejemplares elegidos listos para cocinar.<\/p>\n\n\n\n<figure class=\"wp-block-image size-large\"><img loading=\"lazy\" decoding=\"async\" width=\"1024\" height=\"683\" src=\"https:\/\/www.escapadarural.com\/blog\/wp-content\/uploads\/2025\/08\/FIRA-AVICOLA-RACA-DEL-PRAT-1251-\u00a9Josep-Cano-Diputacio-de-Barcelona-1024x683.webp\" alt=\"Feria av\u00edcola Ra\u00e7a del Prat de Llobregat. Barcelona\" class=\"wp-image-207414\" srcset=\"https:\/\/www.escapadarural.com\/blog\/wp-content\/uploads\/2025\/08\/FIRA-AVICOLA-RACA-DEL-PRAT-1251-\u00a9Josep-Cano-Diputacio-de-Barcelona-200x133.webp 200w, https:\/\/www.escapadarural.com\/blog\/wp-content\/uploads\/2025\/08\/FIRA-AVICOLA-RACA-DEL-PRAT-1251-\u00a9Josep-Cano-Diputacio-de-Barcelona-300x200.webp 300w, https:\/\/www.escapadarural.com\/blog\/wp-content\/uploads\/2025\/08\/FIRA-AVICOLA-RACA-DEL-PRAT-1251-\u00a9Josep-Cano-Diputacio-de-Barcelona-400x267.webp 400w, https:\/\/www.escapadarural.com\/blog\/wp-content\/uploads\/2025\/08\/FIRA-AVICOLA-RACA-DEL-PRAT-1251-\u00a9Josep-Cano-Diputacio-de-Barcelona-600x400.webp 600w, https:\/\/www.escapadarural.com\/blog\/wp-content\/uploads\/2025\/08\/FIRA-AVICOLA-RACA-DEL-PRAT-1251-\u00a9Josep-Cano-Diputacio-de-Barcelona-768x512.webp 768w, https:\/\/www.escapadarural.com\/blog\/wp-content\/uploads\/2025\/08\/FIRA-AVICOLA-RACA-DEL-PRAT-1251-\u00a9Josep-Cano-Diputacio-de-Barcelona-800x533.webp 800w, https:\/\/www.escapadarural.com\/blog\/wp-content\/uploads\/2025\/08\/FIRA-AVICOLA-RACA-DEL-PRAT-1251-\u00a9Josep-Cano-Diputacio-de-Barcelona-1024x683.webp 1024w, https:\/\/www.escapadarural.com\/blog\/wp-content\/uploads\/2025\/08\/FIRA-AVICOLA-RACA-DEL-PRAT-1251-\u00a9Josep-Cano-Diputacio-de-Barcelona.webp 1200w\" sizes=\"auto, (max-width: 1024px) 100vw, 1024px\" \/><figcaption class=\"wp-element-caption\">Feria av\u00edcola Ra\u00e7a del Prat. Por: Josep Cano &#8211; Diputaci\u00f3 de Barcelona<\/figcaption><\/figure>\n\n\n\n<p>Otro evento gastron\u00f3mico oto\u00f1al de Barcelona es la <a href=\"https:\/\/www.barcelonaesmoltmes.cat\/es\/-\/citas-gastronomicas-de-navidad\" target=\"_blank\">Feria de la trufa de Centelles<\/a>, en la comarca de <a href=\"https:\/\/www.barcelonaesmoltmes.cat\/es\/osona\" target=\"_blank\">Osona<\/a>, a mediados de diciembre. Este hongo tan prestigioso (\u00a1y caro!) se emplea en la zona para sazonar los tradicionales <strong>canelones de Sant Esteve<\/strong> y en el mercado se puede conseguir directamente de los recolectores a mejor precio. Seguimos con los productos navide\u00f1os con la <a href=\"https:\/\/www.barcelonaesmoltmes.cat\/es\/-\/citas-gastronomicas-de-navidad\" target=\"_blank\">Feria del turr\u00f3n de Cardedeu<\/a>, entre el 13 y 15 de diciembre, cuando las calles del casco antiguo se llenan de dulces artesanos que van de los cl\u00e1sicos a otros que mezclan nuevos sabores.<\/p>\n\n\n\n<figure class=\"wp-block-image size-large\"><img loading=\"lazy\" decoding=\"async\" width=\"1024\" height=\"655\" src=\"https:\/\/www.escapadarural.com\/blog\/wp-content\/uploads\/2025\/08\/NuMato-de-montserrat-1024x655.webp\" alt=\"Mat\u00f3 de Montserrat. Barcelona\" class=\"wp-image-207415\" srcset=\"https:\/\/www.escapadarural.com\/blog\/wp-content\/uploads\/2025\/08\/NuMato-de-montserrat-200x128.webp 200w, https:\/\/www.escapadarural.com\/blog\/wp-content\/uploads\/2025\/08\/NuMato-de-montserrat-300x192.webp 300w, https:\/\/www.escapadarural.com\/blog\/wp-content\/uploads\/2025\/08\/NuMato-de-montserrat-400x256.webp 400w, https:\/\/www.escapadarural.com\/blog\/wp-content\/uploads\/2025\/08\/NuMato-de-montserrat-600x384.webp 600w, https:\/\/www.escapadarural.com\/blog\/wp-content\/uploads\/2025\/08\/NuMato-de-montserrat-768x492.webp 768w, https:\/\/www.escapadarural.com\/blog\/wp-content\/uploads\/2025\/08\/NuMato-de-montserrat-800x512.webp 800w, https:\/\/www.escapadarural.com\/blog\/wp-content\/uploads\/2025\/08\/NuMato-de-montserrat-1024x655.webp 1024w, https:\/\/www.escapadarural.com\/blog\/wp-content\/uploads\/2025\/08\/NuMato-de-montserrat.webp 1200w\" sizes=\"auto, (max-width: 1024px) 100vw, 1024px\" \/><figcaption class=\"wp-element-caption\">Mat\u00f3 de Montserrat. Por: Becky Lawton &#8211; Diputaci\u00f3 de Barcelona<\/figcaption><\/figure>\n\n\n\n<p>Por otro lado, alrededor de la festividad de Todos los Santos, se celebra la <strong>Feria de la Coca y el Mat\u00f3 en Monistrol de Montserrat<\/strong>, a las faldas de la <a href=\"https:\/\/www.barcelonaesmoltmes.cat\/es\/-\/montserrat-montana-magica\" target=\"_blank\">m\u00edtica monta\u00f1a barcelonesa<\/a>. Una buena oportunidad para probar uno de los dulces m\u00e1s t\u00edpicos de Catalunya: la coca y el mat\u00f3 de Montserrat, acompa\u00f1ado de demostraciones gastron\u00f3micas y otras actividades de car\u00e1cter cultural y festivo.<\/p>\n\n\n\n<h2 class=\"wp-block-heading\" id=\"h-un-pan-que-sabe-a-pan\"><strong>Un pan que sabe a pan<\/strong><\/h2>\n\n\n\n<figure class=\"wp-block-image size-large\"><img loading=\"lazy\" decoding=\"async\" width=\"1024\" height=\"768\" src=\"https:\/\/www.escapadarural.com\/blog\/wp-content\/uploads\/2025\/08\/Ruta-del-Pa-Susanna-Ginesta-21-copia-1024x768.webp\" alt=\"Ruta del Pan. Barcelona, \" class=\"wp-image-206844\" srcset=\"https:\/\/www.escapadarural.com\/blog\/wp-content\/uploads\/2025\/08\/Ruta-del-Pa-Susanna-Ginesta-21-copia-200x150.webp 200w, https:\/\/www.escapadarural.com\/blog\/wp-content\/uploads\/2025\/08\/Ruta-del-Pa-Susanna-Ginesta-21-copia-300x225.webp 300w, https:\/\/www.escapadarural.com\/blog\/wp-content\/uploads\/2025\/08\/Ruta-del-Pa-Susanna-Ginesta-21-copia-400x300.webp 400w, https:\/\/www.escapadarural.com\/blog\/wp-content\/uploads\/2025\/08\/Ruta-del-Pa-Susanna-Ginesta-21-copia-600x450.webp 600w, https:\/\/www.escapadarural.com\/blog\/wp-content\/uploads\/2025\/08\/Ruta-del-Pa-Susanna-Ginesta-21-copia-768x576.webp 768w, https:\/\/www.escapadarural.com\/blog\/wp-content\/uploads\/2025\/08\/Ruta-del-Pa-Susanna-Ginesta-21-copia-800x600.webp 800w, https:\/\/www.escapadarural.com\/blog\/wp-content\/uploads\/2025\/08\/Ruta-del-Pa-Susanna-Ginesta-21-copia-1024x768.webp 1024w, https:\/\/www.escapadarural.com\/blog\/wp-content\/uploads\/2025\/08\/Ruta-del-Pa-Susanna-Ginesta-21-copia.webp 1200w\" sizes=\"auto, (max-width: 1024px) 100vw, 1024px\" \/><figcaption class=\"wp-element-caption\">Ruta del Pan. Por: Susanna Ginesta &#8211; Diputaci\u00f3 de Barcelona<\/figcaption><\/figure>\n\n\n\n<p>La <a href=\"https:\/\/www.barcelonaesmoltmes.cat\/es\/-\/la-ruta-del-pan-artesanal-y-el-trigo-candeal\" target=\"_blank\">ruta del pan y del trigo <em>forment<\/em><\/a><em> <\/em>nos invita a conocer todo lo que da vida a un verdadero pan de los de antes, de los que ten\u00edan personalidad propia y no la monoton\u00eda de las barras industriales. Nos dirigiremos a las tierras del <strong>Llu\u00e7an\u00e8s <\/strong>para conocer las variedades antiguas de trigo que han recuperado algunos <em>pagesos<\/em>, menos productivas, pero con m\u00e1s sabor y nutrientes. Un ejemplo es el trigo \u201cforment\u201d y el trigo \u201cxeixa\u201d que cultivan en el <strong>Mas Terricabras de Orist\u00e0<\/strong> y que es visitable.<\/p>\n\n\n\n<p>Una vez tenemos la materia prima, vamos al horno. Podemos conocer la elaboraci\u00f3n artesanal con fermentaciones largas y cocciones lentas con le\u00f1a y al estilo moruno en el Forn Can Pujals de Sant Boi de Llu\u00e7an\u00e8s. O conocer la larga historia familiar del Forn Sant Adjuntori de Olost, que va por la quinta generaci\u00f3n de panaderos manteniendo un proceso artesanal con trigo <em>forment<\/em>. Otro producto que se elabora con esta variedad local de cereal es la cerveza. Si te gusta esta bebida, debes acercarte al obrador de cervezas artesanas Kibus, tambi\u00e9n en <strong>Olost<\/strong>, que ofrece visitas y catas.<\/p>\n\n\n\n<h2 class=\"wp-block-heading\" id=\"h-a-por-setas\"><strong>\u00a1A por setas!<\/strong><\/h2>\n\n\n\n<figure class=\"wp-block-image size-large\"><img loading=\"lazy\" decoding=\"async\" width=\"1024\" height=\"687\" src=\"https:\/\/www.escapadarural.com\/blog\/wp-content\/uploads\/2025\/08\/Rovellons-Por-Domenec-Fernandez-Diputacio-de-Barcelona-1024x687.webp\" alt=\"Rovellons. Setas. Barcelona\" class=\"wp-image-207419\" srcset=\"https:\/\/www.escapadarural.com\/blog\/wp-content\/uploads\/2025\/08\/Rovellons-Por-Domenec-Fernandez-Diputacio-de-Barcelona-200x134.webp 200w, https:\/\/www.escapadarural.com\/blog\/wp-content\/uploads\/2025\/08\/Rovellons-Por-Domenec-Fernandez-Diputacio-de-Barcelona-300x201.webp 300w, https:\/\/www.escapadarural.com\/blog\/wp-content\/uploads\/2025\/08\/Rovellons-Por-Domenec-Fernandez-Diputacio-de-Barcelona-400x268.webp 400w, https:\/\/www.escapadarural.com\/blog\/wp-content\/uploads\/2025\/08\/Rovellons-Por-Domenec-Fernandez-Diputacio-de-Barcelona-600x403.webp 600w, https:\/\/www.escapadarural.com\/blog\/wp-content\/uploads\/2025\/08\/Rovellons-Por-Domenec-Fernandez-Diputacio-de-Barcelona-768x515.webp 768w, https:\/\/www.escapadarural.com\/blog\/wp-content\/uploads\/2025\/08\/Rovellons-Por-Domenec-Fernandez-Diputacio-de-Barcelona-800x537.webp 800w, https:\/\/www.escapadarural.com\/blog\/wp-content\/uploads\/2025\/08\/Rovellons-Por-Domenec-Fernandez-Diputacio-de-Barcelona-1024x687.webp 1024w, https:\/\/www.escapadarural.com\/blog\/wp-content\/uploads\/2025\/08\/Rovellons-Por-Domenec-Fernandez-Diputacio-de-Barcelona.webp 1200w\" sizes=\"auto, (max-width: 1024px) 100vw, 1024px\" \/><figcaption class=\"wp-element-caption\">Rovellons. Por Dom\u00e8nec Fern\u00e1ndez &#8211; Diputaci\u00f3 de Barcelona<\/figcaption><\/figure>\n\n\n\n<p>Ir a buscar setas es una afici\u00f3n que pasa de generaci\u00f3n en generaci\u00f3n entre los catalanes. Ahora bien, lo que no suele heredarse tanto son los setales, los rincones secretos en los que suele haber suerte a la hora de llenar la cesta. Un plan para disfrutar de un buen d\u00eda en plena naturaleza en la <strong>provincia de Barcelona <\/strong>en oto\u00f1o es ir a por setas. Y si no hay fortuna, siempre queda la esperanza de hacer un picnic con buenos productos locales, desde embutidos hasta quesos y carnes.<\/p>\n\n\n\n<p>Algunos destinos apropiados para ir a buscar setas en la provincia de Barcelona est\u00e1n cerca de <a href=\"https:\/\/www.barcelonaesmoltmes.cat\/es\/-\/picnic-y-setas-dia-redondo\" target=\"_blank\">zonas de picnic<\/a> con mesas y barbacoas: la amplia Falgars, en La Pobla de Lillet; Coll de Bauma en Gisclareny, totalmente integrado en la naturaleza; La Serra de Saldes, muy sombreada y fresca; La Guardiola, en una zona muy frondosa, y La Plana del Coll en un \u00e1rea concurrida por excursionistas, ambas en el Parque Natural del <strong>Montseny<\/strong>.<\/p>\n\n\n\n<figure class=\"wp-block-image size-large\"><img loading=\"lazy\" decoding=\"async\" width=\"1024\" height=\"683\" src=\"https:\/\/www.escapadarural.com\/blog\/wp-content\/uploads\/2025\/08\/Pedraforca-Por-1024x683.png\" alt=\"Monta\u00f1a de Pedraforca Barcelona\" class=\"wp-image-207421\" srcset=\"https:\/\/www.escapadarural.com\/blog\/wp-content\/uploads\/2025\/08\/Pedraforca-Por-200x133.png 200w, https:\/\/www.escapadarural.com\/blog\/wp-content\/uploads\/2025\/08\/Pedraforca-Por-300x200.png 300w, https:\/\/www.escapadarural.com\/blog\/wp-content\/uploads\/2025\/08\/Pedraforca-Por-400x267.png 400w, https:\/\/www.escapadarural.com\/blog\/wp-content\/uploads\/2025\/08\/Pedraforca-Por-600x400.png 600w, https:\/\/www.escapadarural.com\/blog\/wp-content\/uploads\/2025\/08\/Pedraforca-Por-768x512.png 768w, https:\/\/www.escapadarural.com\/blog\/wp-content\/uploads\/2025\/08\/Pedraforca-Por-800x533.png 800w, https:\/\/www.escapadarural.com\/blog\/wp-content\/uploads\/2025\/08\/Pedraforca-Por-1024x683.png 1024w, https:\/\/www.escapadarural.com\/blog\/wp-content\/uploads\/2025\/08\/Pedraforca-Por.png 1200w\" sizes=\"auto, (max-width: 1024px) 100vw, 1024px\" \/><figcaption class=\"wp-element-caption\">Vistas al Pedraforca. Por: peresanz<\/figcaption><\/figure>\n\n\n\n<p>Tambi\u00e9n puedes probar suerte en la Sierra de <strong>Collserola<\/strong>, con 11.000 hect\u00e1reas de bosques mixtos de pino mediterr\u00e1neo con sotobosque de encinas y robles; en las pinadas j\u00f3venes del Parque del Garraf o en la comarca del <a href=\"https:\/\/www.barcelonaesmoltmes.cat\/es\/bergueda\" target=\"_blank\">Bergued\u00e0<\/a>, conocida como tierra de setas, con zonas boscosas como los Rasos de Peguera o los alrededores del <strong>Pedraforca<\/strong>. Y recuerda que, si no conoces una seta, nunca hay que com\u00e9rsela y lo mejor para el monte es no arrancarla.<\/p>\n\n\n\n<h2 class=\"wp-block-heading\" id=\"h-benvinguts-a-pages-experiencias-agroturisticas-en-la-barcelona-mas-rural\"><strong>Benvinguts a pag\u00e8s: experiencias agrotur\u00edsticas en la Barcelona m\u00e1s rural<\/strong><\/h2>\n\n\n\n<figure class=\"wp-block-image size-large\"><img loading=\"lazy\" decoding=\"async\" width=\"1024\" height=\"683\" src=\"https:\/\/www.escapadarural.com\/blog\/wp-content\/uploads\/2025\/08\/Por-A.Miro-Dipuacio-de-Barcelona-1024x683.webp\" alt=\"Pagesos del Baix Llobregat. Barcelona\" class=\"wp-image-207423\" srcset=\"https:\/\/www.escapadarural.com\/blog\/wp-content\/uploads\/2025\/08\/Por-A.Miro-Dipuacio-de-Barcelona-200x133.webp 200w, https:\/\/www.escapadarural.com\/blog\/wp-content\/uploads\/2025\/08\/Por-A.Miro-Dipuacio-de-Barcelona-300x200.webp 300w, https:\/\/www.escapadarural.com\/blog\/wp-content\/uploads\/2025\/08\/Por-A.Miro-Dipuacio-de-Barcelona-400x267.webp 400w, https:\/\/www.escapadarural.com\/blog\/wp-content\/uploads\/2025\/08\/Por-A.Miro-Dipuacio-de-Barcelona-600x400.webp 600w, https:\/\/www.escapadarural.com\/blog\/wp-content\/uploads\/2025\/08\/Por-A.Miro-Dipuacio-de-Barcelona-768x512.webp 768w, https:\/\/www.escapadarural.com\/blog\/wp-content\/uploads\/2025\/08\/Por-A.Miro-Dipuacio-de-Barcelona-800x533.webp 800w, https:\/\/www.escapadarural.com\/blog\/wp-content\/uploads\/2025\/08\/Por-A.Miro-Dipuacio-de-Barcelona-1024x683.webp 1024w, https:\/\/www.escapadarural.com\/blog\/wp-content\/uploads\/2025\/08\/Por-A.Miro-Dipuacio-de-Barcelona.webp 1200w\" sizes=\"auto, (max-width: 1024px) 100vw, 1024px\" \/><figcaption class=\"wp-element-caption\">Baix Llobregat. Por A.Mir\u00f3 &#8211; Diputaci\u00f3 de Barcelona<\/figcaption><\/figure>\n\n\n\n<p>Pag\u00e8s o pagesa es como se conoce, en Catalunya, a las personas que se dedican al cultivo de la tierra y\/o al trabajo con animales. Tambi\u00e9n significa el campo en s\u00ed, la zona rural.<a href=\"https:\/\/benvingutsapages.cat\/\" target=\"_blank\"> <em>Benvingts a Pag\u00e8s<\/em><\/a> es una iniciativa que busca dar a conocer el trabajo de la <strong><em>pagesia<\/em> catalana<\/strong> a la ciudadan\u00eda de forma directa, abriendo sus mas\u00edas, granjas y obradores para ense\u00f1ar lo que hacen en su d\u00eda a d\u00eda. Porque lo que no se conoce, no se valora.<\/p>\n\n\n\n<p>As\u00ed, podemos acercarnos a la comarca de <a href=\"https:\/\/www.barcelonaesmoltmes.cat\/es\/osona\" target=\"_blank\">Osona<\/a>, conocida por sus quesos y l\u00e1cteos, carne de cordero, cerdo y ternera, as\u00ed como por la recuperaci\u00f3n de variedades antiguas y locales de trigo y legumbres o las famosas casta\u00f1as del Montseny. Apunta destinos como la granja Formatges de <strong>Llu\u00e7\u00e0<\/strong>, la mas\u00eda Soler de N\u2019Hug, Les Cabres d\u2019en Peyu o la experiencia Castanya de <strong>Viladrau<\/strong>. Y si quer\u00e9is aprender a hacer un embutido tan catal\u00e1n como es el fuet, en la charcuter\u00eda Ca la Teresona de <strong>Vic <\/strong>ofrecen talleres pr\u00e1cticos que duran alrededor de hora y media y acaban, por supuesto, con degustaci\u00f3n acompa\u00f1ada de <em>pa amb tom\u00e0quet<\/em>.<\/p>\n\n\n\n<figure class=\"wp-block-image size-large\"><img loading=\"lazy\" decoding=\"async\" width=\"1024\" height=\"683\" src=\"https:\/\/www.escapadarural.com\/blog\/wp-content\/uploads\/2025\/08\/Celler-Suamrroca-enoturisme-\u00a9RicardBadia-Diputacio-de-Barcelona-015-1-1024x683.webp\" alt=\"Barcelona. Celler Suamrroca. Enourismo\" class=\"wp-image-207429\" srcset=\"https:\/\/www.escapadarural.com\/blog\/wp-content\/uploads\/2025\/08\/Celler-Suamrroca-enoturisme-\u00a9RicardBadia-Diputacio-de-Barcelona-015-1-200x133.webp 200w, https:\/\/www.escapadarural.com\/blog\/wp-content\/uploads\/2025\/08\/Celler-Suamrroca-enoturisme-\u00a9RicardBadia-Diputacio-de-Barcelona-015-1-300x200.webp 300w, https:\/\/www.escapadarural.com\/blog\/wp-content\/uploads\/2025\/08\/Celler-Suamrroca-enoturisme-\u00a9RicardBadia-Diputacio-de-Barcelona-015-1-400x267.webp 400w, https:\/\/www.escapadarural.com\/blog\/wp-content\/uploads\/2025\/08\/Celler-Suamrroca-enoturisme-\u00a9RicardBadia-Diputacio-de-Barcelona-015-1-600x400.webp 600w, https:\/\/www.escapadarural.com\/blog\/wp-content\/uploads\/2025\/08\/Celler-Suamrroca-enoturisme-\u00a9RicardBadia-Diputacio-de-Barcelona-015-1-768x512.webp 768w, https:\/\/www.escapadarural.com\/blog\/wp-content\/uploads\/2025\/08\/Celler-Suamrroca-enoturisme-\u00a9RicardBadia-Diputacio-de-Barcelona-015-1-800x533.webp 800w, https:\/\/www.escapadarural.com\/blog\/wp-content\/uploads\/2025\/08\/Celler-Suamrroca-enoturisme-\u00a9RicardBadia-Diputacio-de-Barcelona-015-1-1024x683.webp 1024w, https:\/\/www.escapadarural.com\/blog\/wp-content\/uploads\/2025\/08\/Celler-Suamrroca-enoturisme-\u00a9RicardBadia-Diputacio-de-Barcelona-015-1.webp 1200w\" sizes=\"auto, (max-width: 1024px) 100vw, 1024px\" \/><figcaption class=\"wp-element-caption\">Celler Suamrroca. Por: Ricard Badia &#8211; Diputaci\u00f3 de Barcelona<\/figcaption><\/figure>\n\n\n\n<p>En las comarcas de <a href=\"https:\/\/www.barcelonaesmoltmes.cat\/es\/bages\" target=\"_blank\">Bages<\/a> y <a href=\"https:\/\/www.barcelonaesmoltmes.cat\/es\/anoia\" target=\"_blank\">Anoia<\/a> nos invitan a conocer de primera mano productores de miel, carne de pastoreo y vinos y aceite de oliva ecol\u00f3gicos con visitas al obrador de Mel Cal Fuster, la mas\u00eda agraria Masiets &amp; Perich, la bodega Grau i Grau, la explotaci\u00f3n de <strong>vi\u00f1as y olivos <\/strong>Maset de la Costa o los apicultores de Mas Buret.<\/p>\n\n\n\n<p>Ya en la <a href=\"https:\/\/www.barcelonaesmoltmes.cat\/es\/costa-barcelona\" target=\"_blank\">costa<\/a>, podemos vivir las experiencias agrotur\u00edsticas de las explotaciones de huerta del <a href=\"https:\/\/www.barcelonaesmoltmes.cat\/es\/baix-llobregat\" target=\"_blank\">Baix Llobregat<\/a>, como Tugas i companyia y Vilaeco, as\u00ed como a las bodegas del <a href=\"https:\/\/www.barcelonaesmoltmes.cat\/es\/alt-penedes\" target=\"_blank\">Alt Pened\u00e8s<\/a>, como la familiar Cusc\u00f3 Berga, Suriol, Vins El Cep o Bodegues Sumarroca. Como curiosidad, la Granja Guirigall cr\u00edan <a href=\"https:\/\/www.barcelonaesmoltmes.cat\/es\/detalle-del-viaje\/-\/dades\/3bd3LPr67IZT\/detall\/23_1_14\/gall-del-penedes\" target=\"_blank\">gallo del Pened\u00e8s<\/a>, una raza de gallinas certificada como IGP. En el <a href=\"https:\/\/www.barcelonaesmoltmes.cat\/es\/maresme\" target=\"_blank\">Maresme<\/a> destacan el cultivo de hortalizas y frutas, algo que podemos conocer <em>in situ<\/em> en la Horta Ecol\u00f2gica Pla de Munt o en Esquis Fruits \u201cCan Pins\u201d. La deliciosa <strong>fresa del Maresme<\/strong> tiene su templo en Can Marpons, una explotaci\u00f3n visitable de cultivo hidrop\u00f3nico.<\/p>\n\n\n\n<figure class=\"wp-block-image size-large\"><img loading=\"lazy\" decoding=\"async\" width=\"1024\" height=\"683\" src=\"https:\/\/www.escapadarural.com\/blog\/wp-content\/uploads\/2025\/08\/2018-CBW-A.Miro-DiBa-gastronomia-6-1024x683.webp\" alt=\"Fresas. Gastronom\u00eda- Barcelona\" class=\"wp-image-207433\" srcset=\"https:\/\/www.escapadarural.com\/blog\/wp-content\/uploads\/2025\/08\/2018-CBW-A.Miro-DiBa-gastronomia-6-200x133.webp 200w, https:\/\/www.escapadarural.com\/blog\/wp-content\/uploads\/2025\/08\/2018-CBW-A.Miro-DiBa-gastronomia-6-300x200.webp 300w, https:\/\/www.escapadarural.com\/blog\/wp-content\/uploads\/2025\/08\/2018-CBW-A.Miro-DiBa-gastronomia-6-400x267.webp 400w, https:\/\/www.escapadarural.com\/blog\/wp-content\/uploads\/2025\/08\/2018-CBW-A.Miro-DiBa-gastronomia-6-600x400.webp 600w, https:\/\/www.escapadarural.com\/blog\/wp-content\/uploads\/2025\/08\/2018-CBW-A.Miro-DiBa-gastronomia-6-768x512.webp 768w, https:\/\/www.escapadarural.com\/blog\/wp-content\/uploads\/2025\/08\/2018-CBW-A.Miro-DiBa-gastronomia-6-800x533.webp 800w, https:\/\/www.escapadarural.com\/blog\/wp-content\/uploads\/2025\/08\/2018-CBW-A.Miro-DiBa-gastronomia-6-1024x683.webp 1024w, https:\/\/www.escapadarural.com\/blog\/wp-content\/uploads\/2025\/08\/2018-CBW-A.Miro-DiBa-gastronomia-6.webp 1200w\" sizes=\"auto, (max-width: 1024px) 100vw, 1024px\" \/><figcaption class=\"wp-element-caption\">Fresas. Por: A.Mir\u00f3 &#8211; Diputaci\u00f3 de Barcelona<\/figcaption><\/figure>\n\n\n\n<p>En el <a href=\"https:\/\/www.barcelonaesmoltmes.cat\/es\/valles-oriental\" target=\"_blank\">Vall\u00e8s Oriental<\/a> y <a href=\"https:\/\/www.barcelonaesmoltmes.cat\/es\/valles-occidental\" target=\"_blank\">Vall\u00e8s Occidental<\/a> destacan los productos ap\u00edcolas de Mel dels Erms, a los pies del Montseny, la explotaci\u00f3n de huevos y hortalizas ecol\u00f3gicas Quimet Gall, las <strong>cal\u00e7otadas <\/strong>\u2013de noviembre a marzo\u2013 de la Finca els Corrals Nous de Sabadell o la cooperativa Viver Tres Turons de producci\u00f3n ecol\u00f3gica de plantas aut\u00f3ctonas para recuperar y rehabilitar zonas degradadas.<\/p>\n\n\n\n<h2 class=\"wp-block-heading\" id=\"h-y-si-no-quieres-cocinar\"><strong>Y si no quieres cocinar\u2026<\/strong><\/h2>\n\n\n\n<p>Catalu\u00f1a es <a href=\"https:\/\/www.barcelonaesmoltmes.cat\/es\/gastronomia-enoturismo\" target=\"_blank\">Regi\u00f3n Mundial de la Gastronom\u00eda 2025<\/a>. Adem\u00e1s de comprar producto local con sabor para cocinar en la casa rural o para llevar de vuelta a casa, si no te apetece estar entre fogones siempre puedes disfrutar de los platos elaborados de restaurantes locales de calidad que emplean productos de la zona. <a href=\"https:\/\/www.barcelonaesmoltmes.cat\/es\/tu-viaje\" target=\"_blank\">Aqu\u00ed puedes buscar <\/a>los que mejor encajen contigo: por ejemplo, <a href=\"https:\/\/www.barcelonaesmoltmes.cat\/es\/michelin\/-\/dades\/kOXKXbh9aGFU\/cerca\/3\/false\" target=\"_blank\">restaurantes con Estrella Michelin<\/a>, establecimientos con una carta que honra a la <strong>aut\u00e9ntica cocina catalana<\/strong> o con propuestas de <em>slow food<\/em>.<\/p>\n\n\n\n<p>\u00bfO prefieres comer en un enclave distinto y \u00fanico, donde la gastronom\u00eda sea toda una experiencia? Por toda la provincia de Barcelona hay planes que invitan a degustar cocina tradicional en una mas\u00eda o a comer un <em>brunch <\/em>entre vi\u00f1as. <a href=\"https:\/\/www.barcelonaesmoltmes.cat\/es\/gastronomia\" target=\"_blank\">M\u00e1s ideas, aqu\u00ed<\/a>.<\/p>\n\n\n\n<div class=\"wp-block-buttons is-layout-flex wp-block-buttons-is-layout-flex\">\n<div class=\"wp-block-button\"><a class=\"wp-block-button__link wp-element-button\" href=\"\/destinos\/barcelona\">Ver m\u00e1s planes en la provincia de Barcelona<\/a><\/div>\n<\/div>\n\n\n\n<figure class=\"wp-block-image size-full\"><img loading=\"lazy\" decoding=\"async\" width=\"800\" height=\"150\" src=\"https:\/\/www.escapadarural.com\/blog\/wp-content\/uploads\/2025\/08\/LOGO-DIBA-2.webp\" alt=\"Logo Diputaci\u00f3 de Barcelona\" class=\"wp-image-207437\" srcset=\"https:\/\/www.escapadarural.com\/blog\/wp-content\/uploads\/2025\/08\/LOGO-DIBA-2-200x38.webp 200w, https:\/\/www.escapadarural.com\/blog\/wp-content\/uploads\/2025\/08\/LOGO-DIBA-2-300x56.webp 300w, https:\/\/www.escapadarural.com\/blog\/wp-content\/uploads\/2025\/08\/LOGO-DIBA-2-400x75.webp 400w, https:\/\/www.escapadarural.com\/blog\/wp-content\/uploads\/2025\/08\/LOGO-DIBA-2-600x113.webp 600w, https:\/\/www.escapadarural.com\/blog\/wp-content\/uploads\/2025\/08\/LOGO-DIBA-2-768x144.webp 768w, https:\/\/www.escapadarural.com\/blog\/wp-content\/uploads\/2025\/08\/LOGO-DIBA-2.webp 800w\" sizes=\"auto, (max-width: 800px) 100vw, 800px\" \/><\/figure>\n","protected":false},"excerpt":{"rendered":"<p>La provincia de Barcelona es un mosaico de colores y  [&#8230;]<\/p>\n","protected":false},"author":123,"featured_media":207429,"comment_status":"open","ping_status":"open","sticky":false,"template":"","format":"standard","meta":{"_acf_changed":false,"om_disable_all_campaigns":false,"footnotes":""},"categories":[191],"tags":[2840],"class_list":["post-206840","post","type-post","status-publish","format-standard","has-post-thumbnail","hentry","category-destinos","tag-recomendaciones"],"acf":[],"featured_image_src":"https:\/\/www.escapadarural.com\/blog\/wp-content\/uploads\/2025\/08\/Celler-Suamrroca-enoturisme-\u00a9RicardBadia-Diputacio-de-Barcelona-015-1.webp","author_info":{"display_name":"Raquel Andr\u00e9s","author_link":"https:\/\/www.escapadarural.com\/blog\/autor\/raquel\/"},"yoast_head":"<!-- This site is optimized with the Yoast SEO plugin v27.2 - https:\/\/yoast.com\/product\/yoast-seo-wordpress\/ -->\n<title>Experiencias gastron\u00f3micas en la provincia de Barcelona<\/title>\n<meta name=\"description\" content=\"Saborea la Barcelona rural m\u00e1s aut\u00e9ntica: vi\u00f1edos, productos locales y gastronom\u00eda tradicional en escapadas ideales para amantes de la comida\" \/>\n<meta name=\"robots\" content=\"index, follow, max-snippet:-1, max-image-preview:large, max-video-preview:-1\" \/>\n<link rel=\"canonical\" href=\"https:\/\/www.escapadarural.com\/blog\/saborear-la-provincia-de-barcelona\/\" \/>\n<meta property=\"og:locale\" content=\"es_ES\" \/>\n<meta property=\"og:type\" content=\"article\" \/>\n<meta property=\"og:title\" content=\"Experiencias gastron\u00f3micas en la provincia de Barcelona\" \/>\n<meta property=\"og:description\" content=\"Saborea la Barcelona rural m\u00e1s aut\u00e9ntica: vi\u00f1edos, productos locales y gastronom\u00eda tradicional en escapadas ideales para amantes de la comida\" \/>\n<meta property=\"og:url\" content=\"https:\/\/www.escapadarural.com\/blog\/saborear-la-provincia-de-barcelona\/\" \/>\n<meta property=\"og:site_name\" content=\"Magazine de viajes de EscapadaRural\" \/>\n<meta property=\"article:publisher\" content=\"https:\/\/www.facebook.com\/escapadarural\" \/>\n<meta property=\"article:published_time\" content=\"2025-08-27T14:46:47+00:00\" \/>\n<meta property=\"article:modified_time\" content=\"2025-09-18T15:28:56+00:00\" \/>\n<meta property=\"og:image\" content=\"https:\/\/www.escapadarural.com\/blog\/wp-content\/uploads\/2025\/08\/Celler-Suamrroca-enoturisme-\u00a9RicardBadia-Diputacio-de-Barcelona-015-1.webp?v=1758209337\" \/>\n\t<meta property=\"og:image:width\" content=\"1200\" \/>\n\t<meta property=\"og:image:height\" content=\"800\" \/>\n\t<meta property=\"og:image:type\" content=\"image\/webp\" \/>\n<meta name=\"author\" content=\"Raquel Andr\u00e9s\" \/>\n<meta name=\"twitter:card\" content=\"summary_large_image\" \/>\n<meta name=\"twitter:label1\" content=\"Escrito por\" \/>\n\t<meta name=\"twitter:data1\" content=\"Raquel Andr\u00e9s\" \/>\n\t<meta name=\"twitter:label2\" content=\"Tiempo de lectura\" \/>\n\t<meta name=\"twitter:data2\" content=\"9 minutos\" \/>\n<script type=\"application\/ld+json\" class=\"yoast-schema-graph\">{\"@context\":\"https:\/\/schema.org\",\"@graph\":[{\"@type\":\"Article\",\"@id\":\"https:\/\/www.escapadarural.com\/blog\/saborear-la-provincia-de-barcelona\/#article\",\"isPartOf\":{\"@id\":\"https:\/\/www.escapadarural.com\/blog\/saborear-la-provincia-de-barcelona\/\"},\"author\":{\"name\":\"Raquel Andr\u00e9s\",\"@id\":\"https:\/\/www.escapadarural.com\/blog\/#\/schema\/person\/67be061eb00d8315fa8642e01b88c894\"},\"headline\":\"Saborear la provincia de Barcelona con experiencias gastron\u00f3micas\u00a0\",\"datePublished\":\"2025-08-27T14:46:47+00:00\",\"dateModified\":\"2025-09-18T15:28:56+00:00\",\"mainEntityOfPage\":{\"@id\":\"https:\/\/www.escapadarural.com\/blog\/saborear-la-provincia-de-barcelona\/\"},\"wordCount\":1712,\"commentCount\":0,\"publisher\":{\"@id\":\"https:\/\/www.escapadarural.com\/blog\/#organization\"},\"image\":{\"@id\":\"https:\/\/www.escapadarural.com\/blog\/saborear-la-provincia-de-barcelona\/#primaryimage\"},\"thumbnailUrl\":\"https:\/\/www.escapadarural.com\/blog\/wp-content\/uploads\/2025\/08\/Celler-Suamrroca-enoturisme-\u00a9RicardBadia-Diputacio-de-Barcelona-015-1.webp\",\"keywords\":[\"Recomendaciones\"],\"articleSection\":[\"Destinos\"],\"inLanguage\":\"es\",\"potentialAction\":[{\"@type\":\"CommentAction\",\"name\":\"Comment\",\"target\":[\"https:\/\/www.escapadarural.com\/blog\/saborear-la-provincia-de-barcelona\/#respond\"]}]},{\"@type\":\"WebPage\",\"@id\":\"https:\/\/www.escapadarural.com\/blog\/saborear-la-provincia-de-barcelona\/\",\"url\":\"https:\/\/www.escapadarural.com\/blog\/saborear-la-provincia-de-barcelona\/\",\"name\":\"Experiencias gastron\u00f3micas en la provincia de Barcelona\",\"isPartOf\":{\"@id\":\"https:\/\/www.escapadarural.com\/blog\/#website\"},\"primaryImageOfPage\":{\"@id\":\"https:\/\/www.escapadarural.com\/blog\/saborear-la-provincia-de-barcelona\/#primaryimage\"},\"image\":{\"@id\":\"https:\/\/www.escapadarural.com\/blog\/saborear-la-provincia-de-barcelona\/#primaryimage\"},\"thumbnailUrl\":\"https:\/\/www.escapadarural.com\/blog\/wp-content\/uploads\/2025\/08\/Celler-Suamrroca-enoturisme-\u00a9RicardBadia-Diputacio-de-Barcelona-015-1.webp\",\"datePublished\":\"2025-08-27T14:46:47+00:00\",\"dateModified\":\"2025-09-18T15:28:56+00:00\",\"description\":\"Saborea la Barcelona rural m\u00e1s aut\u00e9ntica: vi\u00f1edos, productos locales y gastronom\u00eda tradicional en escapadas ideales para amantes de la comida\",\"breadcrumb\":{\"@id\":\"https:\/\/www.escapadarural.com\/blog\/saborear-la-provincia-de-barcelona\/#breadcrumb\"},\"inLanguage\":\"es\",\"potentialAction\":[{\"@type\":\"ReadAction\",\"target\":[\"https:\/\/www.escapadarural.com\/blog\/saborear-la-provincia-de-barcelona\/\"]}]},{\"@type\":\"ImageObject\",\"inLanguage\":\"es\",\"@id\":\"https:\/\/www.escapadarural.com\/blog\/saborear-la-provincia-de-barcelona\/#primaryimage\",\"url\":\"https:\/\/www.escapadarural.com\/blog\/wp-content\/uploads\/2025\/08\/Celler-Suamrroca-enoturisme-\u00a9RicardBadia-Diputacio-de-Barcelona-015-1.webp\",\"contentUrl\":\"https:\/\/www.escapadarural.com\/blog\/wp-content\/uploads\/2025\/08\/Celler-Suamrroca-enoturisme-\u00a9RicardBadia-Diputacio-de-Barcelona-015-1.webp\",\"width\":1200,\"height\":800,\"caption\":\"Celler Suamrroca. Por: Ricard Badia - Diputaci\u00f3 de Barcelona\"},{\"@type\":\"BreadcrumbList\",\"@id\":\"https:\/\/www.escapadarural.com\/blog\/saborear-la-provincia-de-barcelona\/#breadcrumb\",\"itemListElement\":[{\"@type\":\"ListItem\",\"position\":1,\"name\":\"Inicio\",\"item\":\"https:\/\/www.escapadarural.com\/blog\/\"},{\"@type\":\"ListItem\",\"position\":2,\"name\":\"Destinos\",\"item\":\"https:\/\/www.escapadarural.com\/blog\/categoria\/destinos\/\"},{\"@type\":\"ListItem\",\"position\":3,\"name\":\"Saborear la provincia de Barcelona con experiencias gastron\u00f3micas\u00a0\"}]},{\"@type\":\"WebSite\",\"@id\":\"https:\/\/www.escapadarural.com\/blog\/#website\",\"url\":\"https:\/\/www.escapadarural.com\/blog\/\",\"name\":\"Blog de viajes | turismo rural, alojamientos e inspiraci\u00f3n\",\"description\":\"Alojamientos rurales e inspiraci\u00f3n para tus escapadas\",\"publisher\":{\"@id\":\"https:\/\/www.escapadarural.com\/blog\/#organization\"},\"alternateName\":\"Magazine de viajes de EscapadaRural\",\"potentialAction\":[{\"@type\":\"SearchAction\",\"target\":{\"@type\":\"EntryPoint\",\"urlTemplate\":\"https:\/\/www.escapadarural.com\/blog\/?s={search_term_string}\"},\"query-input\":{\"@type\":\"PropertyValueSpecification\",\"valueRequired\":true,\"valueName\":\"search_term_string\"}}],\"inLanguage\":\"es\"},{\"@type\":\"Organization\",\"@id\":\"https:\/\/www.escapadarural.com\/blog\/#organization\",\"name\":\"EscapadaRural\",\"url\":\"https:\/\/www.escapadarural.com\/blog\/\",\"logo\":{\"@type\":\"ImageObject\",\"inLanguage\":\"es\",\"@id\":\"https:\/\/www.escapadarural.com\/blog\/#\/schema\/logo\/image\/\",\"url\":\"https:\/\/www.escapadarural.com\/blog\/wp-content\/uploads\/2024\/10\/cropped-cropped-escapada-rural-icon-mag-3.png\",\"contentUrl\":\"https:\/\/www.escapadarural.com\/blog\/wp-content\/uploads\/2024\/10\/cropped-cropped-escapada-rural-icon-mag-3.png\",\"width\":512,\"height\":512,\"caption\":\"EscapadaRural\"},\"image\":{\"@id\":\"https:\/\/www.escapadarural.com\/blog\/#\/schema\/logo\/image\/\"},\"sameAs\":[\"https:\/\/www.facebook.com\/escapadarural\",\"https:\/\/www.instagram.com\/escapadarural\/\",\"https:\/\/www.youtube.com\/@escapadaruralcom\"]},{\"@type\":\"Person\",\"@id\":\"https:\/\/www.escapadarural.com\/blog\/#\/schema\/person\/67be061eb00d8315fa8642e01b88c894\",\"name\":\"Raquel Andr\u00e9s\",\"image\":{\"@type\":\"ImageObject\",\"inLanguage\":\"es\",\"@id\":\"https:\/\/secure.gravatar.com\/avatar\/b45840531462f3cafb335a9fc5c0bfda2c07c3df4b82b304b923526b85cc6cb5?s=96&d=mm&r=g\",\"url\":\"https:\/\/secure.gravatar.com\/avatar\/b45840531462f3cafb335a9fc5c0bfda2c07c3df4b82b304b923526b85cc6cb5?s=96&d=mm&r=g\",\"contentUrl\":\"https:\/\/secure.gravatar.com\/avatar\/b45840531462f3cafb335a9fc5c0bfda2c07c3df4b82b304b923526b85cc6cb5?s=96&d=mm&r=g\",\"caption\":\"Raquel Andr\u00e9s\"},\"description\":\"Periodista y aventurera. Me has podido leer en Escapada Rural, Diari Nosaltres La Veu, La Vanguardia, El Salto y otros medios. Habitante y amante de las zonas rurales, sea cual sea el destino. Procuro escaparme una vez por semana con las botas de monta\u00f1a, el arn\u00e9s o el neopreno. Tambi\u00e9n soy un intento de baserritarra.\",\"url\":\"https:\/\/www.escapadarural.com\/blog\/autor\/raquel\/\"}]}<\/script>\n<!-- \/ Yoast SEO plugin. -->","yoast_head_json":{"title":"Experiencias gastron\u00f3micas en la provincia de Barcelona","description":"Saborea la Barcelona rural m\u00e1s aut\u00e9ntica: vi\u00f1edos, productos locales y gastronom\u00eda tradicional en escapadas ideales para amantes de la comida","robots":{"index":"index","follow":"follow","max-snippet":"max-snippet:-1","max-image-preview":"max-image-preview:large","max-video-preview":"max-video-preview:-1"},"canonical":"https:\/\/www.escapadarural.com\/blog\/saborear-la-provincia-de-barcelona\/","og_locale":"es_ES","og_type":"article","og_title":"Experiencias gastron\u00f3micas en la provincia de Barcelona","og_description":"Saborea la Barcelona rural m\u00e1s aut\u00e9ntica: vi\u00f1edos, productos locales y gastronom\u00eda tradicional en escapadas ideales para amantes de la comida","og_url":"https:\/\/www.escapadarural.com\/blog\/saborear-la-provincia-de-barcelona\/","og_site_name":"Magazine de viajes de EscapadaRural","article_publisher":"https:\/\/www.facebook.com\/escapadarural","article_published_time":"2025-08-27T14:46:47+00:00","article_modified_time":"2025-09-18T15:28:56+00:00","og_image":[{"width":1200,"height":800,"url":"https:\/\/www.escapadarural.com\/blog\/wp-content\/uploads\/2025\/08\/Celler-Suamrroca-enoturisme-\u00a9RicardBadia-Diputacio-de-Barcelona-015-1.webp?v=1758209337","type":"image\/webp"}],"author":"Raquel Andr\u00e9s","twitter_card":"summary_large_image","twitter_misc":{"Escrito por":"Raquel Andr\u00e9s","Tiempo de lectura":"9 minutos"},"schema":{"@context":"https:\/\/schema.org","@graph":[{"@type":"Article","@id":"https:\/\/www.escapadarural.com\/blog\/saborear-la-provincia-de-barcelona\/#article","isPartOf":{"@id":"https:\/\/www.escapadarural.com\/blog\/saborear-la-provincia-de-barcelona\/"},"author":{"name":"Raquel Andr\u00e9s","@id":"https:\/\/www.escapadarural.com\/blog\/#\/schema\/person\/67be061eb00d8315fa8642e01b88c894"},"headline":"Saborear la provincia de Barcelona con experiencias gastron\u00f3micas\u00a0","datePublished":"2025-08-27T14:46:47+00:00","dateModified":"2025-09-18T15:28:56+00:00","mainEntityOfPage":{"@id":"https:\/\/www.escapadarural.com\/blog\/saborear-la-provincia-de-barcelona\/"},"wordCount":1712,"commentCount":0,"publisher":{"@id":"https:\/\/www.escapadarural.com\/blog\/#organization"},"image":{"@id":"https:\/\/www.escapadarural.com\/blog\/saborear-la-provincia-de-barcelona\/#primaryimage"},"thumbnailUrl":"https:\/\/www.escapadarural.com\/blog\/wp-content\/uploads\/2025\/08\/Celler-Suamrroca-enoturisme-\u00a9RicardBadia-Diputacio-de-Barcelona-015-1.webp","keywords":["Recomendaciones"],"articleSection":["Destinos"],"inLanguage":"es","potentialAction":[{"@type":"CommentAction","name":"Comment","target":["https:\/\/www.escapadarural.com\/blog\/saborear-la-provincia-de-barcelona\/#respond"]}]},{"@type":"WebPage","@id":"https:\/\/www.escapadarural.com\/blog\/saborear-la-provincia-de-barcelona\/","url":"https:\/\/www.escapadarural.com\/blog\/saborear-la-provincia-de-barcelona\/","name":"Experiencias gastron\u00f3micas en la provincia de Barcelona","isPartOf":{"@id":"https:\/\/www.escapadarural.com\/blog\/#website"},"primaryImageOfPage":{"@id":"https:\/\/www.escapadarural.com\/blog\/saborear-la-provincia-de-barcelona\/#primaryimage"},"image":{"@id":"https:\/\/www.escapadarural.com\/blog\/saborear-la-provincia-de-barcelona\/#primaryimage"},"thumbnailUrl":"https:\/\/www.escapadarural.com\/blog\/wp-content\/uploads\/2025\/08\/Celler-Suamrroca-enoturisme-\u00a9RicardBadia-Diputacio-de-Barcelona-015-1.webp","datePublished":"2025-08-27T14:46:47+00:00","dateModified":"2025-09-18T15:28:56+00:00","description":"Saborea la Barcelona rural m\u00e1s aut\u00e9ntica: vi\u00f1edos, productos locales y gastronom\u00eda tradicional en escapadas ideales para amantes de la comida","breadcrumb":{"@id":"https:\/\/www.escapadarural.com\/blog\/saborear-la-provincia-de-barcelona\/#breadcrumb"},"inLanguage":"es","potentialAction":[{"@type":"ReadAction","target":["https:\/\/www.escapadarural.com\/blog\/saborear-la-provincia-de-barcelona\/"]}]},{"@type":"ImageObject","inLanguage":"es","@id":"https:\/\/www.escapadarural.com\/blog\/saborear-la-provincia-de-barcelona\/#primaryimage","url":"https:\/\/www.escapadarural.com\/blog\/wp-content\/uploads\/2025\/08\/Celler-Suamrroca-enoturisme-\u00a9RicardBadia-Diputacio-de-Barcelona-015-1.webp","contentUrl":"https:\/\/www.escapadarural.com\/blog\/wp-content\/uploads\/2025\/08\/Celler-Suamrroca-enoturisme-\u00a9RicardBadia-Diputacio-de-Barcelona-015-1.webp","width":1200,"height":800,"caption":"Celler Suamrroca. Por: Ricard Badia - Diputaci\u00f3 de Barcelona"},{"@type":"BreadcrumbList","@id":"https:\/\/www.escapadarural.com\/blog\/saborear-la-provincia-de-barcelona\/#breadcrumb","itemListElement":[{"@type":"ListItem","position":1,"name":"Inicio","item":"https:\/\/www.escapadarural.com\/blog\/"},{"@type":"ListItem","position":2,"name":"Destinos","item":"https:\/\/www.escapadarural.com\/blog\/categoria\/destinos\/"},{"@type":"ListItem","position":3,"name":"Saborear la provincia de Barcelona con experiencias gastron\u00f3micas\u00a0"}]},{"@type":"WebSite","@id":"https:\/\/www.escapadarural.com\/blog\/#website","url":"https:\/\/www.escapadarural.com\/blog\/","name":"Blog de viajes | turismo rural, alojamientos e inspiraci\u00f3n","description":"Alojamientos rurales e inspiraci\u00f3n para tus escapadas","publisher":{"@id":"https:\/\/www.escapadarural.com\/blog\/#organization"},"alternateName":"Magazine de viajes de EscapadaRural","potentialAction":[{"@type":"SearchAction","target":{"@type":"EntryPoint","urlTemplate":"https:\/\/www.escapadarural.com\/blog\/?s={search_term_string}"},"query-input":{"@type":"PropertyValueSpecification","valueRequired":true,"valueName":"search_term_string"}}],"inLanguage":"es"},{"@type":"Organization","@id":"https:\/\/www.escapadarural.com\/blog\/#organization","name":"EscapadaRural","url":"https:\/\/www.escapadarural.com\/blog\/","logo":{"@type":"ImageObject","inLanguage":"es","@id":"https:\/\/www.escapadarural.com\/blog\/#\/schema\/logo\/image\/","url":"https:\/\/www.escapadarural.com\/blog\/wp-content\/uploads\/2024\/10\/cropped-cropped-escapada-rural-icon-mag-3.png","contentUrl":"https:\/\/www.escapadarural.com\/blog\/wp-content\/uploads\/2024\/10\/cropped-cropped-escapada-rural-icon-mag-3.png","width":512,"height":512,"caption":"EscapadaRural"},"image":{"@id":"https:\/\/www.escapadarural.com\/blog\/#\/schema\/logo\/image\/"},"sameAs":["https:\/\/www.facebook.com\/escapadarural","https:\/\/www.instagram.com\/escapadarural\/","https:\/\/www.youtube.com\/@escapadaruralcom"]},{"@type":"Person","@id":"https:\/\/www.escapadarural.com\/blog\/#\/schema\/person\/67be061eb00d8315fa8642e01b88c894","name":"Raquel Andr\u00e9s","image":{"@type":"ImageObject","inLanguage":"es","@id":"https:\/\/secure.gravatar.com\/avatar\/b45840531462f3cafb335a9fc5c0bfda2c07c3df4b82b304b923526b85cc6cb5?s=96&d=mm&r=g","url":"https:\/\/secure.gravatar.com\/avatar\/b45840531462f3cafb335a9fc5c0bfda2c07c3df4b82b304b923526b85cc6cb5?s=96&d=mm&r=g","contentUrl":"https:\/\/secure.gravatar.com\/avatar\/b45840531462f3cafb335a9fc5c0bfda2c07c3df4b82b304b923526b85cc6cb5?s=96&d=mm&r=g","caption":"Raquel Andr\u00e9s"},"description":"Periodista y aventurera. Me has podido leer en Escapada Rural, Diari Nosaltres La Veu, La Vanguardia, El Salto y otros medios. Habitante y amante de las zonas rurales, sea cual sea el destino. Procuro escaparme una vez por semana con las botas de monta\u00f1a, el arn\u00e9s o el neopreno. Tambi\u00e9n soy un intento de baserritarra.","url":"https:\/\/www.escapadarural.com\/blog\/autor\/raquel\/"}]}},"_links":{"self":[{"href":"https:\/\/www.escapadarural.com\/blog\/wp-json\/wp\/v2\/posts\/206840","targetHints":{"allow":["GET"]}}],"collection":[{"href":"https:\/\/www.escapadarural.com\/blog\/wp-json\/wp\/v2\/posts"}],"about":[{"href":"https:\/\/www.escapadarural.com\/blog\/wp-json\/wp\/v2\/types\/post"}],"author":[{"embeddable":true,"href":"https:\/\/www.escapadarural.com\/blog\/wp-json\/wp\/v2\/users\/123"}],"replies":[{"embeddable":true,"href":"https:\/\/www.escapadarural.com\/blog\/wp-json\/wp\/v2\/comments?post=206840"}],"version-history":[{"count":0,"href":"https:\/\/www.escapadarural.com\/blog\/wp-json\/wp\/v2\/posts\/206840\/revisions"}],"wp:featuredmedia":[{"embeddable":true,"href":"https:\/\/www.escapadarural.com\/blog\/wp-json\/wp\/v2\/media\/207429"}],"wp:attachment":[{"href":"https:\/\/www.escapadarural.com\/blog\/wp-json\/wp\/v2\/media?parent=206840"}],"wp:term":[{"taxonomy":"category","embeddable":true,"href":"https:\/\/www.escapadarural.com\/blog\/wp-json\/wp\/v2\/categories?post=206840"},{"taxonomy":"post_tag","embeddable":true,"href":"https:\/\/www.escapadarural.com\/blog\/wp-json\/wp\/v2\/tags?post=206840"}],"curies":[{"name":"wp","href":"https:\/\/api.w.org\/{rel}","templated":true}]}}