{"id":208282,"date":"2025-09-21T08:55:00","date_gmt":"2025-09-21T06:55:00","guid":{"rendered":"https:\/\/www.escapadarural.com\/blog\/?p=208282"},"modified":"2026-03-20T12:28:28","modified_gmt":"2026-03-20T11:28:28","slug":"ruta-costa-da-morte-200-km-a-pie-fin-del-mundo","status":"publish","type":"post","link":"https:\/\/www.escapadarural.com\/blog\/ruta-costa-da-morte-200-km-a-pie-fin-del-mundo\/","title":{"rendered":"La Ruta de la\u00a0Costa da Morte: 200 km a pie en direcci\u00f3n al fin del mundo"},"content":{"rendered":"\n<figure class=\"wp-block-image size-full\"><img loading=\"lazy\" decoding=\"async\" width=\"1024\" height=\"769\" src=\"https:\/\/www.escapadarural.com\/blog\/wp-content\/uploads\/2025\/09\/AdobeStock_337777809.webp\" alt=\"O Cami\u00f1o dos Faros, en la Costa da Morte, pasando por Laxe. Por btPhot\" class=\"wp-image-208287\" srcset=\"https:\/\/www.escapadarural.com\/blog\/wp-content\/uploads\/2025\/09\/AdobeStock_337777809-200x150.webp 200w, https:\/\/www.escapadarural.com\/blog\/wp-content\/uploads\/2025\/09\/AdobeStock_337777809-300x225.webp 300w, https:\/\/www.escapadarural.com\/blog\/wp-content\/uploads\/2025\/09\/AdobeStock_337777809-400x300.webp 400w, https:\/\/www.escapadarural.com\/blog\/wp-content\/uploads\/2025\/09\/AdobeStock_337777809-600x451.webp 600w, https:\/\/www.escapadarural.com\/blog\/wp-content\/uploads\/2025\/09\/AdobeStock_337777809-768x577.webp 768w, https:\/\/www.escapadarural.com\/blog\/wp-content\/uploads\/2025\/09\/AdobeStock_337777809-800x601.webp 800w, https:\/\/www.escapadarural.com\/blog\/wp-content\/uploads\/2025\/09\/AdobeStock_337777809.webp 1024w\" sizes=\"auto, (max-width: 1024px) 100vw, 1024px\" \/><figcaption class=\"wp-element-caption\">O Cami\u00f1o dos Faros, en la Costa da Morte, pasando por Laxe. Por btPhot<\/figcaption><\/figure>\n\n\n\n<p>Cuando los romanos conquistaron la pen\u00ednsula ib\u00e9rica, al llegar al extremo occidental de la actual Galicia, pensaron que no hab\u00eda m\u00e1s que agua. Era el l\u00edmite del mundo conocido hasta el momento, ya que en estas latitudes se ignoraba la existencia de Am\u00e9rica. Por ese motivo, le pusieron a ese punto el nombre de <em>finis-terrae<\/em>, lo que hoy conocemos como Fisterra y por su apodo de \u201cfin del mundo\u201d. Para algunos, Fisterra es el final <em>real <\/em>del <a href=\"\/blog\/tag\/camino-de-santiago\/\">Camino de Santiago<\/a> (especialmente para los que no lo hacen por motivos religiosos). Unos tres o cuatro d\u00edas m\u00e1s de peregrinaci\u00f3n. En cualquier caso, es una de las puertas de entrada m\u00e1s conocidas a <strong>una de las zonas m\u00e1s espectaculares y legendarias del litoral gallego<\/strong>: <a href=\"\/blog\/tag\/costa-da-morte\/\">la Costa da Morte<\/a>.<\/p>\n\n\n\n<p>La mejor manera de conocerla de cerca y a un ritmo pausado, disfrutando de sus panor\u00e1micas, es recorrerla a pie. Existe una ruta, <a href=\"https:\/\/www.caminodosfaros.com\/\" target=\"_blank\" rel=\"noreferrer noopener nofollow\">O Cami\u00f1o dos Faros<\/a>, que invita a descubrirla <strong>desde Malpica hasta Fisterra a trav\u00e9s de 8 etapas<\/strong> (para hacer seguidas o los tramos que cada uno desee) que suman 200 kil\u00f3metros y que pasan por las hist\u00f3ricas construcciones que gu\u00edan a buen puerto a los navegantes. Que no os asuste el nombre de &#8216;La Costa de la Muerte&#8217;: se debe a los numerosos naufragios que han ocurrido en su salvaje franja mar\u00edtima, pero caminando en tierra firme no tendr\u00e9is que sortear las vicisitudes del oleaje.<\/p>\n\n\n\n<div class=\"wp-block-buttons is-layout-flex wp-block-buttons-is-layout-flex\">\n<div class=\"wp-block-button\"><a class=\"wp-block-button__link wp-element-button\" href=\"\/casas-rurales\/costa-da-morte\">Alojamientos rurales en Costa da Morte<\/a><\/div>\n<\/div>\n\n\n\n<h2 class=\"wp-block-heading\" id=\"h-etapa-1-malpica-ninons-21-3-km\"><strong>Etapa 1: Malpica-Ni\u00f1\u00f3ns (21,3 km)<\/strong><strong><\/strong><\/h2>\n\n\n\n<figure class=\"wp-block-image size-large\"><img loading=\"lazy\" decoding=\"async\" width=\"1024\" height=\"683\" src=\"https:\/\/www.escapadarural.com\/blog\/wp-content\/uploads\/2025\/08\/AdobeStock_398358318_faro_Punta_Nariga-1024x683.webp\" alt=\"Faro de Punta Nariga, en A Coru\u00f1a. Por makasana photo.\" class=\"wp-image-207580\"\/><figcaption class=\"wp-element-caption\">Faro de Punta Nariga, en A Coru\u00f1a. Por makasana photo.<\/figcaption><\/figure>\n\n\n\n<p>El <strong>faro del puerto de Malpica<\/strong> es el m\u00e1s peque\u00f1o del recorrido completo, pero no el menos importante ni el menos bonito. El primer tramo invita a conocer este hermoso pueblo marinero y pasa por caminos de pescadores que llevan a seis tranquilas playas con bah\u00edas, a tener diferentes perspectivas de las islas Sisargas y a contemplar los primeros acantilados de la Costa da Morte.<\/p>\n\n\n\n<p>En la ruta hacia Seiruga tocar\u00e1 cruzar un peque\u00f1o r\u00edo, por lo que hay que descalzarse y arremangarse los pantalones, si los llevamos largos. La mayor dureza del d\u00eda est\u00e1 en el monte Nariga, que conduce al <strong>faro de Punta Nariga<\/strong>. Un esfuerzo que vale la pena porque descubre un entorno m\u00e1gico.<\/p>\n\n\n\n<div class=\"wp-block-buttons is-layout-flex wp-block-buttons-is-layout-flex\">\n<div class=\"wp-block-button\"><a class=\"wp-block-button__link wp-element-button\" href=\"\/casas-rurales\/malpica-de-bergantinos\">Casas rurales en Malpica de Berganti\u00f1os<\/a><\/div>\n<\/div>\n\n\n\n<h2 class=\"wp-block-heading\" id=\"h-etapa-2-ninons-ponteceso-27-1-km\"><strong>Etapa 2: Ni\u00f1\u00f3ns-Ponteceso (27,1 km)<\/strong><strong><\/strong><\/h2>\n\n\n\n<figure class=\"wp-block-image size-full\"><img loading=\"lazy\" decoding=\"async\" width=\"1024\" height=\"683\" src=\"https:\/\/www.escapadarural.com\/blog\/wp-content\/uploads\/2025\/09\/AdobeStock_649918568.webp\" alt=\"Cabo de O Roncudo, en Corme (Ponteceso, Costa da Morte). Por casavella\" class=\"wp-image-208284\" srcset=\"https:\/\/www.escapadarural.com\/blog\/wp-content\/uploads\/2025\/09\/AdobeStock_649918568-200x133.webp 200w, https:\/\/www.escapadarural.com\/blog\/wp-content\/uploads\/2025\/09\/AdobeStock_649918568-300x200.webp 300w, https:\/\/www.escapadarural.com\/blog\/wp-content\/uploads\/2025\/09\/AdobeStock_649918568-400x267.webp 400w, https:\/\/www.escapadarural.com\/blog\/wp-content\/uploads\/2025\/09\/AdobeStock_649918568-600x400.webp 600w, https:\/\/www.escapadarural.com\/blog\/wp-content\/uploads\/2025\/09\/AdobeStock_649918568-768x512.webp 768w, https:\/\/www.escapadarural.com\/blog\/wp-content\/uploads\/2025\/09\/AdobeStock_649918568-800x534.webp 800w, https:\/\/www.escapadarural.com\/blog\/wp-content\/uploads\/2025\/09\/AdobeStock_649918568.webp 1024w\" sizes=\"auto, (max-width: 1024px) 100vw, 1024px\" \/><figcaption class=\"wp-element-caption\">Cabo de O Roncudo, en Corme (Ponteceso, Costa da Morte). Por casavella<\/figcaption><\/figure>\n\n\n\n<p>Si quer\u00e9is contemplar una gran diversidad de paisajes, deber\u00edais hacer, al menos, esta ruta. Comienza en ensenadas y calas solitarias para proseguir por los acantilados del cabo Roncudo, la r\u00eda de Corme-Laxe, atraviesa el monte da Facha para llegar al puerto de Santa Mari\u00f1a y contin\u00faa por <strong>un sendero exigente de vistas impresionantes<\/strong> que cruza la peque\u00f1a aldea de Rondudo. Esta villa marinera posee una arquitectura popular con base en la misma piedra, para adaptar las casas a los vientos y temporales costeros.<\/p>\n\n\n\n<p>La ruta acerca al <strong>faro Roncudo<\/strong>, donde es posible ver a las <em>percebeiras <\/em>jugarse la vida para conseguir ese preciado manjar en temporada -la recogida suele ser entre octubre y abril-. Tambi\u00e9n discurre por la desembocadura del r\u00edo Anll\u00f3ns, para acabar con las dunas de A Barra, un kil\u00f3metro de desierto que tiene gran <a href=\"\/blog\/tag\/ornitologia\/\">importancia ornitol\u00f3gica<\/a>, y por tierras de cultivo.<\/p>\n\n\n\n<div class=\"wp-block-buttons is-layout-flex wp-block-buttons-is-layout-flex\">\n<div class=\"wp-block-button\"><a class=\"wp-block-button__link wp-element-button\" href=\"\/casas-rurales\/ponteceso\">Casas rurales en Ponteceso<\/a><\/div>\n<\/div>\n\n\n\n<h2 class=\"wp-block-heading\" id=\"h-etapa-3-ponteceso-laxe-25-3-km\"><strong>Etapa 3: Ponteceso-Laxe (25,3 km)<\/strong><\/h2>\n\n\n\n<figure class=\"wp-block-image size-full\"><img loading=\"lazy\" decoding=\"async\" width=\"1024\" height=\"478\" src=\"https:\/\/www.escapadarural.com\/blog\/wp-content\/uploads\/2025\/09\/AdobeStock_1131304632.webp\" alt=\"Panor\u00e1mica de la r\u00eda de Laxe y Corme visto desde Monte Blanco, Galicia. Por CDN\" class=\"wp-image-208285\" srcset=\"https:\/\/www.escapadarural.com\/blog\/wp-content\/uploads\/2025\/09\/AdobeStock_1131304632-200x93.webp 200w, https:\/\/www.escapadarural.com\/blog\/wp-content\/uploads\/2025\/09\/AdobeStock_1131304632-300x140.webp 300w, https:\/\/www.escapadarural.com\/blog\/wp-content\/uploads\/2025\/09\/AdobeStock_1131304632-400x187.webp 400w, https:\/\/www.escapadarural.com\/blog\/wp-content\/uploads\/2025\/09\/AdobeStock_1131304632-600x280.webp 600w, https:\/\/www.escapadarural.com\/blog\/wp-content\/uploads\/2025\/09\/AdobeStock_1131304632-768x359.webp 768w, https:\/\/www.escapadarural.com\/blog\/wp-content\/uploads\/2025\/09\/AdobeStock_1131304632-800x373.webp 800w, https:\/\/www.escapadarural.com\/blog\/wp-content\/uploads\/2025\/09\/AdobeStock_1131304632.webp 1024w\" sizes=\"auto, (max-width: 1024px) 100vw, 1024px\" \/><figcaption class=\"wp-element-caption\">Panor\u00e1mica de la r\u00eda de Laxe y Corme visto desde Monte Blanco, Galicia. Por CDN<\/figcaption><\/figure>\n\n\n\n<p>Es un bonito d\u00eda en la Costa da Morte para los amantes de la historia y de la naturaleza. Comienza en la ensenada da Insua y recorre pinares para coger la senda do Anll\u00f3ns, que es <strong>un paseo precioso de tres kil\u00f3metros<\/strong> durante el cual se pueden contemplar diferentes aves que tienen su h\u00e1bitat en el estuario.<\/p>\n\n\n\n<p>Esta etapa invita a conocer antiguas carpinter\u00edas de ribera que todav\u00eda perviven, as\u00ed como dos joyas arqueol\u00f3gicas como son el Castro A Cibda y el Dolmen de Dombate. El sube y baja constante acerca al caminante hasta el monte Castelo, con <strong>grandes panor\u00e1micas<\/strong> de la r\u00eda de Corme y Laxe.<\/p>\n\n\n\n<div class=\"wp-block-buttons is-layout-flex wp-block-buttons-is-layout-flex\">\n<div class=\"wp-block-button\"><a class=\"wp-block-button__link wp-element-button\" href=\"\/casas-rurales\/laxe\">Casas rurales en Laxe<\/a><\/div>\n<\/div>\n\n\n\n<h2 class=\"wp-block-heading\" id=\"h-etapa-4-laxe-arou-18-km\"><strong>Etapa 4: Laxe-Arou (18 km)<\/strong><strong><\/strong><\/h2>\n\n\n\n<figure class=\"wp-block-image size-full\"><img loading=\"lazy\" decoding=\"async\" width=\"1024\" height=\"768\" src=\"https:\/\/www.escapadarural.com\/blog\/wp-content\/uploads\/2024\/06\/faro-de-laxe_WP_06.webp\" alt=\"Faro de Laxe. Por amaianos\" class=\"wp-image-77801\" srcset=\"https:\/\/www.escapadarural.com\/blog\/wp-content\/uploads\/2024\/06\/faro-de-laxe_WP_06-200x150.webp 200w, https:\/\/www.escapadarural.com\/blog\/wp-content\/uploads\/2024\/06\/faro-de-laxe_WP_06-300x225.webp 300w, https:\/\/www.escapadarural.com\/blog\/wp-content\/uploads\/2024\/06\/faro-de-laxe_WP_06-400x300.webp 400w, https:\/\/www.escapadarural.com\/blog\/wp-content\/uploads\/2024\/06\/faro-de-laxe_WP_06-600x450.webp 600w, https:\/\/www.escapadarural.com\/blog\/wp-content\/uploads\/2024\/06\/faro-de-laxe_WP_06-768x576.webp 768w, https:\/\/www.escapadarural.com\/blog\/wp-content\/uploads\/2024\/06\/faro-de-laxe_WP_06-800x600.webp 800w, https:\/\/www.escapadarural.com\/blog\/wp-content\/uploads\/2024\/06\/faro-de-laxe_WP_06.webp 1024w\" sizes=\"auto, (max-width: 1024px) 100vw, 1024px\" \/><figcaption class=\"wp-element-caption\">Faro de Laxe, por amaianos<\/figcaption><\/figure>\n\n\n\n<p>Se dice que esta caminata es la m\u00e1s <em>riqui\u00f1a<\/em>, que es como los gallegos llaman cari\u00f1osamente a las cosas -o personas- agradables. Es la etapa m\u00e1s corta y f\u00e1cil, ideal para los que quieren dar <strong>un bonito paseo sin complicaciones y con peques<\/strong> en la Costa da Morte. Pasa por el monte da Insua y el faro de Laxe, sube al pe\u00f1\u00f3n de Soesto y recorre un espectacular tramo de rocas hasta Camelle, donde es interesante visitar el museo de Man, una colecci\u00f3n de piedras, huesos de animales y artes de pesca de la zona.<\/p>\n\n\n\n<div class=\"wp-block-buttons is-layout-flex wp-block-buttons-is-layout-flex\">\n<div class=\"wp-block-button\"><a class=\"wp-block-button__link wp-element-button\" href=\"\/casas-rurales\/camelle\">Casas rurales en Camelle<\/a><\/div>\n<\/div>\n\n\n\n<h2 class=\"wp-block-heading\" id=\"h-etapa-5-arou-camarinas-23-8-km\"><strong>Etapa 5: Arou-Camari\u00f1as (23,8 km)<\/strong><strong><\/strong><\/h2>\n\n\n\n<figure class=\"wp-block-image size-full\"><img loading=\"lazy\" decoding=\"async\" width=\"1024\" height=\"683\" src=\"https:\/\/www.escapadarural.com\/blog\/wp-content\/uploads\/2024\/10\/11_CementerioIngleses_FaroCaboVilan_MikMan_AdobeStock_95391539_WP11-10.webp\" alt=\"\" class=\"wp-image-85921\" srcset=\"https:\/\/www.escapadarural.com\/blog\/wp-content\/uploads\/2024\/10\/11_CementerioIngleses_FaroCaboVilan_MikMan_AdobeStock_95391539_WP11-10-200x133.webp 200w, https:\/\/www.escapadarural.com\/blog\/wp-content\/uploads\/2024\/10\/11_CementerioIngleses_FaroCaboVilan_MikMan_AdobeStock_95391539_WP11-10-300x200.webp 300w, https:\/\/www.escapadarural.com\/blog\/wp-content\/uploads\/2024\/10\/11_CementerioIngleses_FaroCaboVilan_MikMan_AdobeStock_95391539_WP11-10-400x267.webp 400w, https:\/\/www.escapadarural.com\/blog\/wp-content\/uploads\/2024\/10\/11_CementerioIngleses_FaroCaboVilan_MikMan_AdobeStock_95391539_WP11-10-600x400.webp 600w, https:\/\/www.escapadarural.com\/blog\/wp-content\/uploads\/2024\/10\/11_CementerioIngleses_FaroCaboVilan_MikMan_AdobeStock_95391539_WP11-10-768x512.webp 768w, https:\/\/www.escapadarural.com\/blog\/wp-content\/uploads\/2024\/10\/11_CementerioIngleses_FaroCaboVilan_MikMan_AdobeStock_95391539_WP11-10-800x534.webp 800w, https:\/\/www.escapadarural.com\/blog\/wp-content\/uploads\/2024\/10\/11_CementerioIngleses_FaroCaboVilan_MikMan_AdobeStock_95391539_WP11-10.webp 1024w\" sizes=\"auto, (max-width: 1024px) 100vw, 1024px\" \/><figcaption class=\"wp-element-caption\">Faro de Cabo Vil\u00e1n. Por\u00a0Mik Man<\/figcaption><\/figure>\n\n\n\n<p>Nos adentramos en el coraz\u00f3n de O Cami\u00f1o dos Faros y de la Costa da Morte. Esta ruta es de las m\u00e1s bonitas de todo el recorrido y de los mejores ejemplos de esta parte del litoral gallego, ya que <strong>es muy abrupta y est\u00e1 llena de historia<\/strong>. Entre Arou y cabo Vil\u00e1n ocurrieron varios naufragios de barcos de la marina inglesa entre los siglos XIX y XX que dieron origen a la leyenda del lugar, provocando cientos de muertos en el mar. Pasando el peque\u00f1o puerto de Santa Mari\u00f1a est\u00e1 la playa de Trece y el <a href=\"\/blog\/cementerio-de-los-ingleses-camarinas\/\">Cementerio de los Ingleses<\/a>.<\/p>\n\n\n\n<div class=\"wp-block-buttons is-layout-flex wp-block-buttons-is-layout-flex\">\n<div class=\"wp-block-button\"><a class=\"wp-block-button__link wp-element-button\" href=\"\/casas-rurales\/camarinas\">Casas rurales en Camari\u00f1as<\/a><\/div>\n<\/div>\n\n\n\n<h2 class=\"wp-block-heading\" id=\"h-etapa-6-camarinas-muxia-32-6-km\"><strong>Etapa 6: Camari\u00f1as-Mux\u00eda (32,6 km)<\/strong><strong><\/strong><\/h2>\n\n\n\n<figure class=\"wp-block-image size-full\"><img loading=\"lazy\" decoding=\"async\" width=\"1024\" height=\"767\" src=\"https:\/\/www.escapadarural.com\/blog\/wp-content\/uploads\/2025\/04\/AdobeStock_413472366.webp\" alt=\"Mux\u00eda, Santuario da virxen da Barca\" class=\"wp-image-199746\" srcset=\"https:\/\/www.escapadarural.com\/blog\/wp-content\/uploads\/2025\/04\/AdobeStock_413472366-200x150.webp 200w, https:\/\/www.escapadarural.com\/blog\/wp-content\/uploads\/2025\/04\/AdobeStock_413472366-300x225.webp 300w, https:\/\/www.escapadarural.com\/blog\/wp-content\/uploads\/2025\/04\/AdobeStock_413472366-400x300.webp 400w, https:\/\/www.escapadarural.com\/blog\/wp-content\/uploads\/2025\/04\/AdobeStock_413472366-600x449.webp 600w, https:\/\/www.escapadarural.com\/blog\/wp-content\/uploads\/2025\/04\/AdobeStock_413472366-768x575.webp 768w, https:\/\/www.escapadarural.com\/blog\/wp-content\/uploads\/2025\/04\/AdobeStock_413472366-800x599.webp 800w, https:\/\/www.escapadarural.com\/blog\/wp-content\/uploads\/2025\/04\/AdobeStock_413472366.webp 1024w\" sizes=\"auto, (max-width: 1024px) 100vw, 1024px\" \/><figcaption class=\"wp-element-caption\">Santuario da virxen da Barca, Mux\u00eda. Por Javier Castelo<\/figcaption><\/figure>\n\n\n\n<p>Esta es la ruta m\u00e1s larga de O Cami\u00f1o dos Faros, pero tambi\u00e9n es cierto que es la m\u00e1s llana (hay que decir que tambi\u00e9n es la que m\u00e1s asfalto tiene). Pasa por <strong>paisajes suaves y preciosas aldeas<\/strong>, y por tranquilos arenales en la desembocadura del r\u00edo Grande, donde es posible ver trabajar a mariscadores si hay marea baja (es zona rica en berberechos).<\/p>\n\n\n\n<p>El camino prosigue por <strong>la espectacular playa do Lago<\/strong> hasta llegar a Mux\u00eda, otro destino cada vez m\u00e1s conocido por los caminantes jacobeos. Asciende al monte Corpi\u00f1o y pasa por el santuario da Barca.<\/p>\n\n\n\n<div class=\"wp-block-buttons is-layout-flex wp-block-buttons-is-layout-flex\">\n<div class=\"wp-block-button\"><a class=\"wp-block-button__link wp-element-button\" href=\"\/casas-rurales\/muxia\">Casas rurales en Mux\u00eda<\/a><\/div>\n<\/div>\n\n\n\n<h2 class=\"wp-block-heading\" id=\"h-etapa-7-muxia-nemina-25-3-km\"><strong>Etapa 7: Mux\u00eda-Nemi\u00f1a (25,3 km)<\/strong><strong><\/strong><\/h2>\n\n\n\n<figure class=\"wp-block-image size-full\"><img loading=\"lazy\" decoding=\"async\" width=\"1024\" height=\"683\" src=\"https:\/\/www.escapadarural.com\/blog\/wp-content\/uploads\/2025\/09\/AdobeStock_277850940.webp\" alt=\"Playa de Nemi\u00f1a, en la Costa da Morte (A Coru\u00f1a, Galicia). Por ArCam\" class=\"wp-image-208286\" srcset=\"https:\/\/www.escapadarural.com\/blog\/wp-content\/uploads\/2025\/09\/AdobeStock_277850940-200x133.webp 200w, https:\/\/www.escapadarural.com\/blog\/wp-content\/uploads\/2025\/09\/AdobeStock_277850940-300x200.webp 300w, https:\/\/www.escapadarural.com\/blog\/wp-content\/uploads\/2025\/09\/AdobeStock_277850940-400x267.webp 400w, https:\/\/www.escapadarural.com\/blog\/wp-content\/uploads\/2025\/09\/AdobeStock_277850940-600x400.webp 600w, https:\/\/www.escapadarural.com\/blog\/wp-content\/uploads\/2025\/09\/AdobeStock_277850940-768x512.webp 768w, https:\/\/www.escapadarural.com\/blog\/wp-content\/uploads\/2025\/09\/AdobeStock_277850940-800x534.webp 800w, https:\/\/www.escapadarural.com\/blog\/wp-content\/uploads\/2025\/09\/AdobeStock_277850940.webp 1024w\" sizes=\"auto, (max-width: 1024px) 100vw, 1024px\" \/><figcaption class=\"wp-element-caption\">Playa de Nemi\u00f1a, en la Costa da Morte (A Coru\u00f1a, Galicia). Por ArCam<\/figcaption><\/figure>\n\n\n\n<p>Esta es <strong>la jornada m\u00e1s dura del camino<\/strong> de la Costa da Morte, la m\u00e1s indicada para los que busquen un tramo agreste y casi inaccesible. Los primeros 10 kil\u00f3metros presentan constantes subidas y bajadas desde Lourido hasta Moreira, con fuertes pendientes. El esfuerzo del d\u00eda se ve recompensado con una ruta espectacular que pasa por el punto m\u00e1s occidental de la Espa\u00f1a peninsular, el faro Touri\u00f1\u00e1n, donde muchos d\u00edas al a\u00f1o <a href=\"\/blog\/mejores-planes-originales-para-despedir-el-verano\/#h-contemplar-el-ultimo-atardecer-de-europa-en-el-cabo-tourinan\">se pone el \u00faltimo sol de Europa<\/a>. Acaba en la playa de Nemi\u00f1a, de entorno virgen.<\/p>\n\n\n\n<div class=\"wp-block-buttons is-layout-flex wp-block-buttons-is-layout-flex\">\n<div class=\"wp-block-button\"><a class=\"wp-block-button__link wp-element-button\" href=\"\/casas-rurales\/tourinan\">Casas rurales en Touri\u00f1\u00e1n<\/a><\/div>\n<\/div>\n\n\n\n<h2 class=\"wp-block-heading\" id=\"h-etapa-8-nemina-cabo-fisterra-26-9-km\"><strong>Etapa 8: Nemi\u00f1a-Cabo Fisterra (26,9 km)<\/strong><strong><\/strong><\/h2>\n\n\n\n<figure class=\"wp-block-image size-large\"><img loading=\"lazy\" decoding=\"async\" width=\"1024\" height=\"644\" src=\"https:\/\/www.escapadarural.com\/blog\/wp-content\/uploads\/2023\/04\/AdobeStock_121545915-scaled-1-1024x644.jpeg\" alt=\"Ruta al Cabo de Finisterre, Galicia\" class=\"wp-image-59517\" srcset=\"https:\/\/www.escapadarural.com\/blog\/wp-content\/uploads\/2023\/04\/AdobeStock_121545915-scaled-1-200x126.jpeg 200w, https:\/\/www.escapadarural.com\/blog\/wp-content\/uploads\/2023\/04\/AdobeStock_121545915-scaled-1-300x189.jpeg 300w, https:\/\/www.escapadarural.com\/blog\/wp-content\/uploads\/2023\/04\/AdobeStock_121545915-scaled-1-320x202.jpeg 320w, https:\/\/www.escapadarural.com\/blog\/wp-content\/uploads\/2023\/04\/AdobeStock_121545915-scaled-1-400x251.jpeg 400w, https:\/\/www.escapadarural.com\/blog\/wp-content\/uploads\/2023\/04\/AdobeStock_121545915-scaled-1-600x377.jpeg 600w, https:\/\/www.escapadarural.com\/blog\/wp-content\/uploads\/2023\/04\/AdobeStock_121545915-scaled-1-700x441.jpeg 700w, https:\/\/www.escapadarural.com\/blog\/wp-content\/uploads\/2023\/04\/AdobeStock_121545915-scaled-1-768x483.jpeg 768w, https:\/\/www.escapadarural.com\/blog\/wp-content\/uploads\/2023\/04\/AdobeStock_121545915-scaled-1-800x503.jpeg 800w, https:\/\/www.escapadarural.com\/blog\/wp-content\/uploads\/2023\/04\/AdobeStock_121545915-scaled-1-1024x644.jpeg 1024w, https:\/\/www.escapadarural.com\/blog\/wp-content\/uploads\/2023\/04\/AdobeStock_121545915-scaled-1-1200x754.jpeg 1200w, https:\/\/www.escapadarural.com\/blog\/wp-content\/uploads\/2023\/04\/AdobeStock_121545915-scaled-1-1536x965.jpeg 1536w\" sizes=\"auto, (max-width: 1024px) 100vw, 1024px\" \/><figcaption class=\"wp-element-caption\">Por: faber121<\/figcaption><\/figure>\n\n\n\n<p>Nos dirigimos al <strong>final de la traves\u00eda por la Costa da Morte<\/strong> con una ruta que no defrauda, repleta de acantilados y playas. Es una etapa larga y con cierta dureza, pero merece la pena. Visita la desembocadura de la r\u00eda de Lires, la m\u00e1s peque\u00f1a de Galicia y un verdadero para\u00edso ornitol\u00f3gico, y otros puntos de inter\u00e9s como la playa do Rostro. Podremos descubrir historias como las del naufragio del Cas\u00f3n, un carguero de productos qu\u00edmicos que sufri\u00f3 un accidente en 1987, o visitar el castro mar\u00edtimo sin excavar de Castromi\u00f1\u00e1n y, por supuesto, el fin (\u00bfdel mundo?) en el faro Fisterra.<\/p>\n\n\n\n<div class=\"wp-block-buttons is-layout-flex wp-block-buttons-is-layout-flex\">\n<div class=\"wp-block-button\"><a class=\"wp-block-button__link wp-element-button\" href=\"\/casas-rurales\/fisterra\">Casas rurales en Fisterra<\/a><\/div>\n<\/div>\n\n\n\n<p>Si no quer\u00e9is caminarlo todo, siempre pod\u00e9is complementar alguna ruta de un d\u00eda con una <strong>visita en coche al resto de faros y puntos de inter\u00e9s<\/strong> de la Costa da Morte. <a href=\"\/blog\/ruta-en-coche-por-los-faros-de-la-costa-da-morte\/\"><u>Aqu\u00ed os dejamos una gu\u00eda<\/u><\/a>\u00a0para conducir por este sobrecogedor litoral gallego. \u00a1A disfrutar!<\/p>\n\n\n\n<p><\/p>\n","protected":false},"excerpt":{"rendered":"<p>O Cami\u00f1o dos Faros es una ruta senderista de 8 etapas que va de Malpica a Fisterra y pasa por hist\u00f3ricas construcciones de la Costa da Morte<\/p>\n","protected":false},"author":123,"featured_media":208286,"comment_status":"open","ping_status":"open","sticky":false,"template":"","format":"standard","meta":{"_acf_changed":false,"om_disable_all_campaigns":false,"footnotes":""},"categories":[309,1379],"tags":[241,1807,468,6486,6099,6087],"class_list":["post-208282","post","type-post","status-publish","format-standard","has-post-thumbnail","hentry","category-paisajes","category-rutas-y-excursiones","tag-que-ver-en-a-coruna","tag-costa-da-morte","tag-que-ver-en-galicia","tag-o-camino-dos-faros","tag-ruta","tag-senderismo"],"acf":[],"featured_image_src":"https:\/\/www.escapadarural.com\/blog\/wp-content\/uploads\/2025\/09\/AdobeStock_277850940.webp","author_info":{"display_name":"Raquel Andr\u00e9s","author_link":"https:\/\/www.escapadarural.com\/blog\/autor\/raquel\/"},"yoast_head":"<!-- This site is optimized with the Yoast SEO plugin v27.5 - https:\/\/yoast.com\/product\/yoast-seo-wordpress\/ -->\n<title>Los 200 kil\u00f3metros que nos separan del fin del mundo - EscapadaRural<\/title>\n<meta name=\"description\" content=\"O Cami\u00f1o dos Faros es una ruta senderista de 8 etapas que va de Malpica a Fisterra y pasa por hist\u00f3ricas construcciones de la Costa da Morte\" \/>\n<meta name=\"robots\" content=\"index, follow, max-snippet:-1, max-image-preview:large, max-video-preview:-1\" \/>\n<link rel=\"canonical\" href=\"https:\/\/www.escapadarural.com\/blog\/ruta-costa-da-morte-200-km-a-pie-fin-del-mundo\/\" \/>\n<meta property=\"og:locale\" content=\"es_ES\" \/>\n<meta property=\"og:type\" content=\"article\" \/>\n<meta property=\"og:title\" content=\"Los 200 kil\u00f3metros que nos separan del fin del mundo - EscapadaRural\" \/>\n<meta property=\"og:description\" content=\"O Cami\u00f1o dos Faros es una ruta senderista de 8 etapas que va de Malpica a Fisterra y pasa por hist\u00f3ricas construcciones de la Costa da Morte\" \/>\n<meta property=\"og:url\" content=\"https:\/\/www.escapadarural.com\/blog\/ruta-costa-da-morte-200-km-a-pie-fin-del-mundo\/\" \/>\n<meta property=\"og:site_name\" content=\"Magazine de viajes de EscapadaRural\" \/>\n<meta property=\"article:publisher\" content=\"https:\/\/www.facebook.com\/escapadarural\" \/>\n<meta property=\"article:published_time\" content=\"2025-09-21T06:55:00+00:00\" \/>\n<meta property=\"article:modified_time\" content=\"2026-03-20T11:28:28+00:00\" \/>\n<meta property=\"og:image\" content=\"https:\/\/www.escapadarural.com\/blog\/wp-content\/uploads\/2025\/09\/AdobeStock_277850940.webp?v=1774006110\" \/>\n\t<meta property=\"og:image:width\" content=\"1024\" \/>\n\t<meta property=\"og:image:height\" content=\"683\" \/>\n\t<meta property=\"og:image:type\" content=\"image\/webp\" \/>\n<meta name=\"author\" content=\"Raquel Andr\u00e9s\" \/>\n<meta name=\"twitter:card\" content=\"summary_large_image\" \/>\n<meta name=\"twitter:label1\" content=\"Escrito por\" \/>\n\t<meta name=\"twitter:data1\" content=\"Raquel Andr\u00e9s\" \/>\n\t<meta name=\"twitter:label2\" content=\"Tiempo de lectura\" \/>\n\t<meta name=\"twitter:data2\" content=\"7 minutos\" \/>\n<script type=\"application\/ld+json\" class=\"yoast-schema-graph\">{\"@context\":\"https:\\\/\\\/schema.org\",\"@graph\":[{\"@type\":\"Article\",\"@id\":\"https:\\\/\\\/www.escapadarural.com\\\/blog\\\/ruta-costa-da-morte-200-km-a-pie-fin-del-mundo\\\/#article\",\"isPartOf\":{\"@id\":\"https:\\\/\\\/www.escapadarural.com\\\/blog\\\/ruta-costa-da-morte-200-km-a-pie-fin-del-mundo\\\/\"},\"author\":{\"name\":\"Raquel Andr\u00e9s\",\"@id\":\"https:\\\/\\\/www.escapadarural.com\\\/blog\\\/#\\\/schema\\\/person\\\/67be061eb00d8315fa8642e01b88c894\"},\"headline\":\"La Ruta de la\u00a0Costa da Morte: 200 km a pie en direcci\u00f3n al fin del mundo\",\"datePublished\":\"2025-09-21T06:55:00+00:00\",\"dateModified\":\"2026-03-20T11:28:28+00:00\",\"mainEntityOfPage\":{\"@id\":\"https:\\\/\\\/www.escapadarural.com\\\/blog\\\/ruta-costa-da-morte-200-km-a-pie-fin-del-mundo\\\/\"},\"wordCount\":1412,\"commentCount\":1,\"publisher\":{\"@id\":\"https:\\\/\\\/www.escapadarural.com\\\/blog\\\/#organization\"},\"image\":{\"@id\":\"https:\\\/\\\/www.escapadarural.com\\\/blog\\\/ruta-costa-da-morte-200-km-a-pie-fin-del-mundo\\\/#primaryimage\"},\"thumbnailUrl\":\"https:\\\/\\\/www.escapadarural.com\\\/blog\\\/wp-content\\\/uploads\\\/2025\\\/09\\\/AdobeStock_277850940.webp\",\"keywords\":[\"A Coru\u00f1a\",\"Costa da Morte\",\"Galicia\",\"O Cami\u00f1o dos Faros\",\"ruta\",\"senderismo\"],\"articleSection\":[\"Paisajes\",\"Rutas y excursiones\"],\"inLanguage\":\"es\",\"potentialAction\":[{\"@type\":\"CommentAction\",\"name\":\"Comment\",\"target\":[\"https:\\\/\\\/www.escapadarural.com\\\/blog\\\/ruta-costa-da-morte-200-km-a-pie-fin-del-mundo\\\/#respond\"]}]},{\"@type\":\"WebPage\",\"@id\":\"https:\\\/\\\/www.escapadarural.com\\\/blog\\\/ruta-costa-da-morte-200-km-a-pie-fin-del-mundo\\\/\",\"url\":\"https:\\\/\\\/www.escapadarural.com\\\/blog\\\/ruta-costa-da-morte-200-km-a-pie-fin-del-mundo\\\/\",\"name\":\"Los 200 kil\u00f3metros que nos separan del fin del mundo - EscapadaRural\",\"isPartOf\":{\"@id\":\"https:\\\/\\\/www.escapadarural.com\\\/blog\\\/#website\"},\"primaryImageOfPage\":{\"@id\":\"https:\\\/\\\/www.escapadarural.com\\\/blog\\\/ruta-costa-da-morte-200-km-a-pie-fin-del-mundo\\\/#primaryimage\"},\"image\":{\"@id\":\"https:\\\/\\\/www.escapadarural.com\\\/blog\\\/ruta-costa-da-morte-200-km-a-pie-fin-del-mundo\\\/#primaryimage\"},\"thumbnailUrl\":\"https:\\\/\\\/www.escapadarural.com\\\/blog\\\/wp-content\\\/uploads\\\/2025\\\/09\\\/AdobeStock_277850940.webp\",\"datePublished\":\"2025-09-21T06:55:00+00:00\",\"dateModified\":\"2026-03-20T11:28:28+00:00\",\"description\":\"O Cami\u00f1o dos Faros es una ruta senderista de 8 etapas que va de Malpica a Fisterra y pasa por hist\u00f3ricas construcciones de la Costa da Morte\",\"breadcrumb\":{\"@id\":\"https:\\\/\\\/www.escapadarural.com\\\/blog\\\/ruta-costa-da-morte-200-km-a-pie-fin-del-mundo\\\/#breadcrumb\"},\"inLanguage\":\"es\",\"potentialAction\":[{\"@type\":\"ReadAction\",\"target\":[\"https:\\\/\\\/www.escapadarural.com\\\/blog\\\/ruta-costa-da-morte-200-km-a-pie-fin-del-mundo\\\/\"]}]},{\"@type\":\"ImageObject\",\"inLanguage\":\"es\",\"@id\":\"https:\\\/\\\/www.escapadarural.com\\\/blog\\\/ruta-costa-da-morte-200-km-a-pie-fin-del-mundo\\\/#primaryimage\",\"url\":\"https:\\\/\\\/www.escapadarural.com\\\/blog\\\/wp-content\\\/uploads\\\/2025\\\/09\\\/AdobeStock_277850940.webp\",\"contentUrl\":\"https:\\\/\\\/www.escapadarural.com\\\/blog\\\/wp-content\\\/uploads\\\/2025\\\/09\\\/AdobeStock_277850940.webp\",\"width\":1024,\"height\":683,\"caption\":\"Playa de Nemi\u00f1a, en la Costa da Morte (A Coru\u00f1a, Galicia). Por ArCam\"},{\"@type\":\"BreadcrumbList\",\"@id\":\"https:\\\/\\\/www.escapadarural.com\\\/blog\\\/ruta-costa-da-morte-200-km-a-pie-fin-del-mundo\\\/#breadcrumb\",\"itemListElement\":[{\"@type\":\"ListItem\",\"position\":1,\"name\":\"Inicio\",\"item\":\"https:\\\/\\\/www.escapadarural.com\\\/blog\\\/\"},{\"@type\":\"ListItem\",\"position\":2,\"name\":\"Rutas y excursiones\",\"item\":\"https:\\\/\\\/www.escapadarural.com\\\/blog\\\/categoria\\\/rutas-y-excursiones\\\/\"},{\"@type\":\"ListItem\",\"position\":3,\"name\":\"La Ruta de la\u00a0Costa da Morte: 200 km a pie en direcci\u00f3n al fin del mundo\"}]},{\"@type\":\"WebSite\",\"@id\":\"https:\\\/\\\/www.escapadarural.com\\\/blog\\\/#website\",\"url\":\"https:\\\/\\\/www.escapadarural.com\\\/blog\\\/\",\"name\":\"Blog de viajes | turismo rural, alojamientos e inspiraci\u00f3n\",\"description\":\"Alojamientos rurales e inspiraci\u00f3n para tus escapadas\",\"publisher\":{\"@id\":\"https:\\\/\\\/www.escapadarural.com\\\/blog\\\/#organization\"},\"alternateName\":\"Magazine de viajes de EscapadaRural\",\"potentialAction\":[{\"@type\":\"SearchAction\",\"target\":{\"@type\":\"EntryPoint\",\"urlTemplate\":\"https:\\\/\\\/www.escapadarural.com\\\/blog\\\/?s={search_term_string}\"},\"query-input\":{\"@type\":\"PropertyValueSpecification\",\"valueRequired\":true,\"valueName\":\"search_term_string\"}}],\"inLanguage\":\"es\"},{\"@type\":\"Organization\",\"@id\":\"https:\\\/\\\/www.escapadarural.com\\\/blog\\\/#organization\",\"name\":\"EscapadaRural\",\"url\":\"https:\\\/\\\/www.escapadarural.com\\\/blog\\\/\",\"logo\":{\"@type\":\"ImageObject\",\"inLanguage\":\"es\",\"@id\":\"https:\\\/\\\/www.escapadarural.com\\\/blog\\\/#\\\/schema\\\/logo\\\/image\\\/\",\"url\":\"https:\\\/\\\/www.escapadarural.com\\\/blog\\\/wp-content\\\/uploads\\\/2024\\\/10\\\/cropped-cropped-escapada-rural-icon-mag-3.png\",\"contentUrl\":\"https:\\\/\\\/www.escapadarural.com\\\/blog\\\/wp-content\\\/uploads\\\/2024\\\/10\\\/cropped-cropped-escapada-rural-icon-mag-3.png\",\"width\":512,\"height\":512,\"caption\":\"EscapadaRural\"},\"image\":{\"@id\":\"https:\\\/\\\/www.escapadarural.com\\\/blog\\\/#\\\/schema\\\/logo\\\/image\\\/\"},\"sameAs\":[\"https:\\\/\\\/www.facebook.com\\\/escapadarural\",\"https:\\\/\\\/www.instagram.com\\\/escapadarural\\\/\",\"https:\\\/\\\/www.youtube.com\\\/@escapadaruralcom\"]},{\"@type\":\"Person\",\"@id\":\"https:\\\/\\\/www.escapadarural.com\\\/blog\\\/#\\\/schema\\\/person\\\/67be061eb00d8315fa8642e01b88c894\",\"name\":\"Raquel Andr\u00e9s\",\"image\":{\"@type\":\"ImageObject\",\"inLanguage\":\"es\",\"@id\":\"https:\\\/\\\/secure.gravatar.com\\\/avatar\\\/b45840531462f3cafb335a9fc5c0bfda2c07c3df4b82b304b923526b85cc6cb5?s=96&d=mm&r=g\",\"url\":\"https:\\\/\\\/secure.gravatar.com\\\/avatar\\\/b45840531462f3cafb335a9fc5c0bfda2c07c3df4b82b304b923526b85cc6cb5?s=96&d=mm&r=g\",\"contentUrl\":\"https:\\\/\\\/secure.gravatar.com\\\/avatar\\\/b45840531462f3cafb335a9fc5c0bfda2c07c3df4b82b304b923526b85cc6cb5?s=96&d=mm&r=g\",\"caption\":\"Raquel Andr\u00e9s\"},\"description\":\"Periodista y aventurera. Me has podido leer en Escapada Rural, Diari Nosaltres La Veu, La Vanguardia, El Salto y otros medios. Habitante y amante de las zonas rurales, sea cual sea el destino. Procuro escaparme una vez por semana con las botas de monta\u00f1a, el arn\u00e9s o el neopreno. Tambi\u00e9n soy un intento de baserritarra.\",\"url\":\"https:\\\/\\\/www.escapadarural.com\\\/blog\\\/autor\\\/raquel\\\/\"}]}<\/script>\n<!-- \/ Yoast SEO plugin. -->","yoast_head_json":{"title":"Los 200 kil\u00f3metros que nos separan del fin del mundo - EscapadaRural","description":"O Cami\u00f1o dos Faros es una ruta senderista de 8 etapas que va de Malpica a Fisterra y pasa por hist\u00f3ricas construcciones de la Costa da Morte","robots":{"index":"index","follow":"follow","max-snippet":"max-snippet:-1","max-image-preview":"max-image-preview:large","max-video-preview":"max-video-preview:-1"},"canonical":"https:\/\/www.escapadarural.com\/blog\/ruta-costa-da-morte-200-km-a-pie-fin-del-mundo\/","og_locale":"es_ES","og_type":"article","og_title":"Los 200 kil\u00f3metros que nos separan del fin del mundo - EscapadaRural","og_description":"O Cami\u00f1o dos Faros es una ruta senderista de 8 etapas que va de Malpica a Fisterra y pasa por hist\u00f3ricas construcciones de la Costa da Morte","og_url":"https:\/\/www.escapadarural.com\/blog\/ruta-costa-da-morte-200-km-a-pie-fin-del-mundo\/","og_site_name":"Magazine de viajes de EscapadaRural","article_publisher":"https:\/\/www.facebook.com\/escapadarural","article_published_time":"2025-09-21T06:55:00+00:00","article_modified_time":"2026-03-20T11:28:28+00:00","og_image":[{"width":1024,"height":683,"url":"https:\/\/www.escapadarural.com\/blog\/wp-content\/uploads\/2025\/09\/AdobeStock_277850940.webp?v=1774006110","type":"image\/webp"}],"author":"Raquel Andr\u00e9s","twitter_card":"summary_large_image","twitter_misc":{"Escrito por":"Raquel Andr\u00e9s","Tiempo de lectura":"7 minutos"},"schema":{"@context":"https:\/\/schema.org","@graph":[{"@type":"Article","@id":"https:\/\/www.escapadarural.com\/blog\/ruta-costa-da-morte-200-km-a-pie-fin-del-mundo\/#article","isPartOf":{"@id":"https:\/\/www.escapadarural.com\/blog\/ruta-costa-da-morte-200-km-a-pie-fin-del-mundo\/"},"author":{"name":"Raquel Andr\u00e9s","@id":"https:\/\/www.escapadarural.com\/blog\/#\/schema\/person\/67be061eb00d8315fa8642e01b88c894"},"headline":"La Ruta de la\u00a0Costa da Morte: 200 km a pie en direcci\u00f3n al fin del mundo","datePublished":"2025-09-21T06:55:00+00:00","dateModified":"2026-03-20T11:28:28+00:00","mainEntityOfPage":{"@id":"https:\/\/www.escapadarural.com\/blog\/ruta-costa-da-morte-200-km-a-pie-fin-del-mundo\/"},"wordCount":1412,"commentCount":1,"publisher":{"@id":"https:\/\/www.escapadarural.com\/blog\/#organization"},"image":{"@id":"https:\/\/www.escapadarural.com\/blog\/ruta-costa-da-morte-200-km-a-pie-fin-del-mundo\/#primaryimage"},"thumbnailUrl":"https:\/\/www.escapadarural.com\/blog\/wp-content\/uploads\/2025\/09\/AdobeStock_277850940.webp","keywords":["A Coru\u00f1a","Costa da Morte","Galicia","O Cami\u00f1o dos Faros","ruta","senderismo"],"articleSection":["Paisajes","Rutas y excursiones"],"inLanguage":"es","potentialAction":[{"@type":"CommentAction","name":"Comment","target":["https:\/\/www.escapadarural.com\/blog\/ruta-costa-da-morte-200-km-a-pie-fin-del-mundo\/#respond"]}]},{"@type":"WebPage","@id":"https:\/\/www.escapadarural.com\/blog\/ruta-costa-da-morte-200-km-a-pie-fin-del-mundo\/","url":"https:\/\/www.escapadarural.com\/blog\/ruta-costa-da-morte-200-km-a-pie-fin-del-mundo\/","name":"Los 200 kil\u00f3metros que nos separan del fin del mundo - EscapadaRural","isPartOf":{"@id":"https:\/\/www.escapadarural.com\/blog\/#website"},"primaryImageOfPage":{"@id":"https:\/\/www.escapadarural.com\/blog\/ruta-costa-da-morte-200-km-a-pie-fin-del-mundo\/#primaryimage"},"image":{"@id":"https:\/\/www.escapadarural.com\/blog\/ruta-costa-da-morte-200-km-a-pie-fin-del-mundo\/#primaryimage"},"thumbnailUrl":"https:\/\/www.escapadarural.com\/blog\/wp-content\/uploads\/2025\/09\/AdobeStock_277850940.webp","datePublished":"2025-09-21T06:55:00+00:00","dateModified":"2026-03-20T11:28:28+00:00","description":"O Cami\u00f1o dos Faros es una ruta senderista de 8 etapas que va de Malpica a Fisterra y pasa por hist\u00f3ricas construcciones de la Costa da Morte","breadcrumb":{"@id":"https:\/\/www.escapadarural.com\/blog\/ruta-costa-da-morte-200-km-a-pie-fin-del-mundo\/#breadcrumb"},"inLanguage":"es","potentialAction":[{"@type":"ReadAction","target":["https:\/\/www.escapadarural.com\/blog\/ruta-costa-da-morte-200-km-a-pie-fin-del-mundo\/"]}]},{"@type":"ImageObject","inLanguage":"es","@id":"https:\/\/www.escapadarural.com\/blog\/ruta-costa-da-morte-200-km-a-pie-fin-del-mundo\/#primaryimage","url":"https:\/\/www.escapadarural.com\/blog\/wp-content\/uploads\/2025\/09\/AdobeStock_277850940.webp","contentUrl":"https:\/\/www.escapadarural.com\/blog\/wp-content\/uploads\/2025\/09\/AdobeStock_277850940.webp","width":1024,"height":683,"caption":"Playa de Nemi\u00f1a, en la Costa da Morte (A Coru\u00f1a, Galicia). Por ArCam"},{"@type":"BreadcrumbList","@id":"https:\/\/www.escapadarural.com\/blog\/ruta-costa-da-morte-200-km-a-pie-fin-del-mundo\/#breadcrumb","itemListElement":[{"@type":"ListItem","position":1,"name":"Inicio","item":"https:\/\/www.escapadarural.com\/blog\/"},{"@type":"ListItem","position":2,"name":"Rutas y excursiones","item":"https:\/\/www.escapadarural.com\/blog\/categoria\/rutas-y-excursiones\/"},{"@type":"ListItem","position":3,"name":"La Ruta de la\u00a0Costa da Morte: 200 km a pie en direcci\u00f3n al fin del mundo"}]},{"@type":"WebSite","@id":"https:\/\/www.escapadarural.com\/blog\/#website","url":"https:\/\/www.escapadarural.com\/blog\/","name":"Blog de viajes | turismo rural, alojamientos e inspiraci\u00f3n","description":"Alojamientos rurales e inspiraci\u00f3n para tus escapadas","publisher":{"@id":"https:\/\/www.escapadarural.com\/blog\/#organization"},"alternateName":"Magazine de viajes de EscapadaRural","potentialAction":[{"@type":"SearchAction","target":{"@type":"EntryPoint","urlTemplate":"https:\/\/www.escapadarural.com\/blog\/?s={search_term_string}"},"query-input":{"@type":"PropertyValueSpecification","valueRequired":true,"valueName":"search_term_string"}}],"inLanguage":"es"},{"@type":"Organization","@id":"https:\/\/www.escapadarural.com\/blog\/#organization","name":"EscapadaRural","url":"https:\/\/www.escapadarural.com\/blog\/","logo":{"@type":"ImageObject","inLanguage":"es","@id":"https:\/\/www.escapadarural.com\/blog\/#\/schema\/logo\/image\/","url":"https:\/\/www.escapadarural.com\/blog\/wp-content\/uploads\/2024\/10\/cropped-cropped-escapada-rural-icon-mag-3.png","contentUrl":"https:\/\/www.escapadarural.com\/blog\/wp-content\/uploads\/2024\/10\/cropped-cropped-escapada-rural-icon-mag-3.png","width":512,"height":512,"caption":"EscapadaRural"},"image":{"@id":"https:\/\/www.escapadarural.com\/blog\/#\/schema\/logo\/image\/"},"sameAs":["https:\/\/www.facebook.com\/escapadarural","https:\/\/www.instagram.com\/escapadarural\/","https:\/\/www.youtube.com\/@escapadaruralcom"]},{"@type":"Person","@id":"https:\/\/www.escapadarural.com\/blog\/#\/schema\/person\/67be061eb00d8315fa8642e01b88c894","name":"Raquel Andr\u00e9s","image":{"@type":"ImageObject","inLanguage":"es","@id":"https:\/\/secure.gravatar.com\/avatar\/b45840531462f3cafb335a9fc5c0bfda2c07c3df4b82b304b923526b85cc6cb5?s=96&d=mm&r=g","url":"https:\/\/secure.gravatar.com\/avatar\/b45840531462f3cafb335a9fc5c0bfda2c07c3df4b82b304b923526b85cc6cb5?s=96&d=mm&r=g","contentUrl":"https:\/\/secure.gravatar.com\/avatar\/b45840531462f3cafb335a9fc5c0bfda2c07c3df4b82b304b923526b85cc6cb5?s=96&d=mm&r=g","caption":"Raquel Andr\u00e9s"},"description":"Periodista y aventurera. Me has podido leer en Escapada Rural, Diari Nosaltres La Veu, La Vanguardia, El Salto y otros medios. Habitante y amante de las zonas rurales, sea cual sea el destino. Procuro escaparme una vez por semana con las botas de monta\u00f1a, el arn\u00e9s o el neopreno. Tambi\u00e9n soy un intento de baserritarra.","url":"https:\/\/www.escapadarural.com\/blog\/autor\/raquel\/"}]}},"_links":{"self":[{"href":"https:\/\/www.escapadarural.com\/blog\/wp-json\/wp\/v2\/posts\/208282","targetHints":{"allow":["GET"]}}],"collection":[{"href":"https:\/\/www.escapadarural.com\/blog\/wp-json\/wp\/v2\/posts"}],"about":[{"href":"https:\/\/www.escapadarural.com\/blog\/wp-json\/wp\/v2\/types\/post"}],"author":[{"embeddable":true,"href":"https:\/\/www.escapadarural.com\/blog\/wp-json\/wp\/v2\/users\/123"}],"replies":[{"embeddable":true,"href":"https:\/\/www.escapadarural.com\/blog\/wp-json\/wp\/v2\/comments?post=208282"}],"version-history":[{"count":0,"href":"https:\/\/www.escapadarural.com\/blog\/wp-json\/wp\/v2\/posts\/208282\/revisions"}],"wp:featuredmedia":[{"embeddable":true,"href":"https:\/\/www.escapadarural.com\/blog\/wp-json\/wp\/v2\/media\/208286"}],"wp:attachment":[{"href":"https:\/\/www.escapadarural.com\/blog\/wp-json\/wp\/v2\/media?parent=208282"}],"wp:term":[{"taxonomy":"category","embeddable":true,"href":"https:\/\/www.escapadarural.com\/blog\/wp-json\/wp\/v2\/categories?post=208282"},{"taxonomy":"post_tag","embeddable":true,"href":"https:\/\/www.escapadarural.com\/blog\/wp-json\/wp\/v2\/tags?post=208282"}],"curies":[{"name":"wp","href":"https:\/\/api.w.org\/{rel}","templated":true}]}}