{"id":208308,"date":"2025-09-06T12:17:30","date_gmt":"2025-09-06T10:17:30","guid":{"rendered":"https:\/\/www.escapadarural.com\/blog\/?p=208308"},"modified":"2026-03-20T12:38:17","modified_gmt":"2026-03-20T11:38:17","slug":"rutas-otonales-por-la-costa-del-sol","status":"publish","type":"post","link":"https:\/\/www.escapadarural.com\/blog\/rutas-otonales-por-la-costa-del-sol\/","title":{"rendered":"Rutas oto\u00f1ales por la Costa del Sol: paisajes inolvidables en M\u00e1laga"},"content":{"rendered":"\n<p>Con el oto\u00f1o, llega uno de los momentos m\u00e1s agradables para practicar senderismo. Las temperaturas son suaves y los bosques se llenan de colores rojizos y ocres, dejando estampas que parecen sacadas de un cuento. La Costa del Sol es muy conocida por su amplia oferta de turismo de sol y playa, pero lo cierto es que guarda <strong>verdaderas joyas para una escapada de naturaleza<\/strong>.<\/p>\n\n\n\n<p>Descubre otra cara de M\u00e1laga que te sorprender\u00e1 por los <strong>paisajes y formas caprichosas<\/strong> que deja la naturaleza al paso de estas rutas. Para conocer m\u00e1s propuestas de turismo activo, te recomendamos<a href=\"https:\/\/www.visitacostadelsol.com\/malaga-costa-del-sol\/naturaleza-y-turismo-activo\" target=\"_blank\" rel=\"noreferrer noopener nofollow\"> consultar este listado<\/a>.<\/p>\n\n\n\n<div class=\"wp-block-buttons is-layout-flex wp-block-buttons-is-layout-flex\">\n<div class=\"wp-block-button\"><a class=\"wp-block-button__link wp-element-button\" href=\"\/casas-rurales\/costa-del-sol\">Alojamientos rurales en Costa del Sol<\/a><\/div>\n<\/div>\n\n\n\n<h2 class=\"wp-block-heading\" id=\"h-la-ruta-de-alfonso-xiii-el-caminito-del-rey\"><strong>La ruta de Alfonso XIII: el Caminito del Rey<\/strong><\/h2>\n\n\n\n<figure class=\"wp-block-image size-large\"><img loading=\"lazy\" decoding=\"async\" width=\"1024\" height=\"683\" src=\"https:\/\/www.escapadarural.com\/blog\/wp-content\/uploads\/2025\/09\/Caminito-del-Rey-1024x683.webp\" alt=\"Caminito del Rey\" class=\"wp-image-208334\" srcset=\"https:\/\/www.escapadarural.com\/blog\/wp-content\/uploads\/2025\/09\/Caminito-del-Rey-200x133.webp 200w, https:\/\/www.escapadarural.com\/blog\/wp-content\/uploads\/2025\/09\/Caminito-del-Rey-300x200.webp 300w, https:\/\/www.escapadarural.com\/blog\/wp-content\/uploads\/2025\/09\/Caminito-del-Rey-400x267.webp 400w, https:\/\/www.escapadarural.com\/blog\/wp-content\/uploads\/2025\/09\/Caminito-del-Rey-600x400.webp 600w, https:\/\/www.escapadarural.com\/blog\/wp-content\/uploads\/2025\/09\/Caminito-del-Rey-768x512.webp 768w, https:\/\/www.escapadarural.com\/blog\/wp-content\/uploads\/2025\/09\/Caminito-del-Rey-800x533.webp 800w, https:\/\/www.escapadarural.com\/blog\/wp-content\/uploads\/2025\/09\/Caminito-del-Rey-1024x683.webp 1024w, https:\/\/www.escapadarural.com\/blog\/wp-content\/uploads\/2025\/09\/Caminito-del-Rey.webp 1200w\" sizes=\"auto, (max-width: 1024px) 100vw, 1024px\" \/><figcaption class=\"wp-element-caption\">Caminito del Rey. Por: Turismo Costa del Sol<\/figcaption><\/figure>\n\n\n\n<p>Probablemente la ruta de senderismo m\u00e1s popular de M\u00e1laga sea el Caminito del Rey, que sigue los pasos que hizo el monarca Alfonso XIII en su visita al lugar en 1921. Es una <strong>pasarela de madera a 300 metros de altura<\/strong> que sigue un recorrido de 3 kil\u00f3metros por el Paraje Natural Desfiladero de los Gaitanes, pasando por la presa del Chorro, entre ca\u00f1ones y un gran valle.<\/p>\n\n\n\n<p>Est\u00e1 en el municipio de Ardales y el n\u00famero de visitantes diarios est\u00e1 limitado, por lo que <strong>es necesario hacer reserva previa<\/strong>.<a href=\"https:\/\/www.caminitodelrey.info\/\" target=\"_blank\" rel=\"noreferrer noopener nofollow\"> Aqu\u00ed tienes toda la informaci\u00f3n<\/a>.<\/p>\n\n\n\n<h2 class=\"wp-block-heading\" id=\"h-el-otro-puente-colgante-el-parque-suspendido-del-hundidero\"><strong>El \u2018otro\u2019 puente colgante: el Parque Suspendido del Hundidero<\/strong><\/h2>\n\n\n\n<figure class=\"wp-block-image size-large\"><img loading=\"lazy\" decoding=\"async\" width=\"1024\" height=\"683\" src=\"https:\/\/www.escapadarural.com\/blog\/wp-content\/uploads\/2025\/09\/Parque-Suspendido-de-Hundidero-1024x683.webp\" alt=\"Parque Suspendido del Hundidero. M\u00e1laga\" class=\"wp-image-208336\" srcset=\"https:\/\/www.escapadarural.com\/blog\/wp-content\/uploads\/2025\/09\/Parque-Suspendido-de-Hundidero-200x133.webp 200w, https:\/\/www.escapadarural.com\/blog\/wp-content\/uploads\/2025\/09\/Parque-Suspendido-de-Hundidero-300x200.webp 300w, https:\/\/www.escapadarural.com\/blog\/wp-content\/uploads\/2025\/09\/Parque-Suspendido-de-Hundidero-400x267.webp 400w, https:\/\/www.escapadarural.com\/blog\/wp-content\/uploads\/2025\/09\/Parque-Suspendido-de-Hundidero-600x400.webp 600w, https:\/\/www.escapadarural.com\/blog\/wp-content\/uploads\/2025\/09\/Parque-Suspendido-de-Hundidero-768x512.webp 768w, https:\/\/www.escapadarural.com\/blog\/wp-content\/uploads\/2025\/09\/Parque-Suspendido-de-Hundidero-800x533.webp 800w, https:\/\/www.escapadarural.com\/blog\/wp-content\/uploads\/2025\/09\/Parque-Suspendido-de-Hundidero-1024x683.webp 1024w, https:\/\/www.escapadarural.com\/blog\/wp-content\/uploads\/2025\/09\/Parque-Suspendido-de-Hundidero.webp 1200w\" sizes=\"auto, (max-width: 1024px) 100vw, 1024px\" \/><figcaption class=\"wp-element-caption\">Parque Suspendido del Hundidero. Por: Vitali<\/figcaption><\/figure>\n\n\n\n<p>La fama del Caminito del Rey ha empujado a montar nuevas aventuras en las alturas de impresionantes parajes de M\u00e1laga. As\u00ed, en las entra\u00f1as del Parque Natural de la <strong>Sierra de Grazalema <\/strong>se encuentra el Parque Suspendido de Hundidero de <strong>Montejaque<\/strong>. <\/p>\n\n\n\n<p>Se trata de una espectacular ruta de pasarelas, v\u00edas ferratas unidas por una <strong>tirolina<\/strong> a 60 metros de altura y un <strong>puente tibetano<\/strong> de m\u00e1s de 75 metros de longitud. En este caso, el acceso es libre, pero hay que hacer el recorrido con el correspondiente material de seguridad (arn\u00e9s, anclajes, casco y guantes).<\/p>\n\n\n\n<h2 class=\"wp-block-heading\" id=\"h-toda-la-costa-de-malaga-a-pie-o-en-bici\"><strong>Toda la costa de M\u00e1laga a pie o en bici<\/strong><\/h2>\n\n\n\n<figure class=\"wp-block-image size-large\"><img loading=\"lazy\" decoding=\"async\" width=\"1024\" height=\"682\" src=\"https:\/\/www.escapadarural.com\/blog\/wp-content\/uploads\/2025\/09\/Balcon-de-europa-1024x682.webp\" alt=\"Balc\u00f3n de Europa, Nerja. M\u00e1laga.\" class=\"wp-image-208337\" srcset=\"https:\/\/www.escapadarural.com\/blog\/wp-content\/uploads\/2025\/09\/Balcon-de-europa-200x133.webp 200w, https:\/\/www.escapadarural.com\/blog\/wp-content\/uploads\/2025\/09\/Balcon-de-europa-300x200.webp 300w, https:\/\/www.escapadarural.com\/blog\/wp-content\/uploads\/2025\/09\/Balcon-de-europa-400x266.webp 400w, https:\/\/www.escapadarural.com\/blog\/wp-content\/uploads\/2025\/09\/Balcon-de-europa-600x400.webp 600w, https:\/\/www.escapadarural.com\/blog\/wp-content\/uploads\/2025\/09\/Balcon-de-europa-768x511.webp 768w, https:\/\/www.escapadarural.com\/blog\/wp-content\/uploads\/2025\/09\/Balcon-de-europa-800x533.webp 800w, https:\/\/www.escapadarural.com\/blog\/wp-content\/uploads\/2025\/09\/Balcon-de-europa-1024x682.webp 1024w, https:\/\/www.escapadarural.com\/blog\/wp-content\/uploads\/2025\/09\/Balcon-de-europa.webp 1200w\" sizes=\"auto, (max-width: 1024px) 100vw, 1024px\" \/><figcaption class=\"wp-element-caption\">Balc\u00f3n de Europa, Nerja. Por: Alvaro<\/figcaption><\/figure>\n\n\n\n<p>\u00bfSab\u00edas que puedes recorrer toda la Costa del Sol a pie o en bici, sin apenas separarse del mar? Es posible con la Senda Litoral (GR-92 y E-12), un itinerario que va desde el<strong> Balc\u00f3n de Europa <\/strong>de Nerja hasta el<strong> Castillo de la Duquesa <\/strong>de Manilva, pasando por 14 municipios a lo largo de 180 kil\u00f3metros.<\/p>\n\n\n\n<p>La Senda Litoral discurre por caminos y pasarelas de madera, pasando por playas y acantilados y por <strong>paisajes de gran belleza de la costa malague\u00f1a<\/strong>, como los Cantales de La Ara\u00f1a, el Pe\u00f1\u00f3n del Cuervo, Punta Chullera, las Dunas de Artola, el delta del R\u00edo V\u00e9lez, la Desembocadura del Guadalhorce o el tramo rocoso de Calahonda a Calaburras. <\/p>\n\n\n\n<p>Tambi\u00e9n hay <strong>senderos marinos<\/strong> para los amantes de los deportes acu\u00e1ticos.<a href=\"https:\/\/www.sendalitoral.es\/es\/\" target=\"_blank\" rel=\"noreferrer noopener nofollow\"> Consulta aqu\u00ed<\/a> toda la informaci\u00f3n.<\/p>\n\n\n\n<h2 class=\"wp-block-heading\" id=\"h-el-torcal-de-antequera-un-museo-de-rocas-al-aire-libre\"><strong>El Torcal de Antequera, un museo de rocas al aire libre<\/strong><\/h2>\n\n\n\n<figure class=\"wp-block-image size-large\"><img loading=\"lazy\" decoding=\"async\" width=\"1024\" height=\"684\" src=\"https:\/\/www.escapadarural.com\/blog\/wp-content\/uploads\/2025\/09\/Torcal--1024x684.webp\" alt=\"Torcal. M\u00e1laga. Turismo Costa del Sol\" class=\"wp-image-208338\" srcset=\"https:\/\/www.escapadarural.com\/blog\/wp-content\/uploads\/2025\/09\/Torcal--200x134.webp 200w, https:\/\/www.escapadarural.com\/blog\/wp-content\/uploads\/2025\/09\/Torcal--300x200.webp 300w, https:\/\/www.escapadarural.com\/blog\/wp-content\/uploads\/2025\/09\/Torcal--400x267.webp 400w, https:\/\/www.escapadarural.com\/blog\/wp-content\/uploads\/2025\/09\/Torcal--600x401.webp 600w, https:\/\/www.escapadarural.com\/blog\/wp-content\/uploads\/2025\/09\/Torcal--768x513.webp 768w, https:\/\/www.escapadarural.com\/blog\/wp-content\/uploads\/2025\/09\/Torcal--800x534.webp 800w, https:\/\/www.escapadarural.com\/blog\/wp-content\/uploads\/2025\/09\/Torcal--1024x684.webp 1024w, https:\/\/www.escapadarural.com\/blog\/wp-content\/uploads\/2025\/09\/Torcal-.webp 1200w\" sizes=\"auto, (max-width: 1024px) 100vw, 1024px\" \/><figcaption class=\"wp-element-caption\">El Torcal. Por: Turismo Costa del Sol<\/figcaption><\/figure>\n\n\n\n<p>Dif\u00edcilmente se puede explicar con palabras c\u00f3mo es el Paraje Natural El Torcal de <strong>Antequera<\/strong>, pero lo intentaremos. Es algo as\u00ed como <strong>un museo al aire libre de rocas<\/strong>, una formaci\u00f3n geol\u00f3gica sorprendente que se ha formado tras un proceso de sedimentaci\u00f3n carbonatada de siglos. Esta belleza de la naturaleza est\u00e1 declarada Patrimonio de la Humanidad por la Unesco.<\/p>\n\n\n\n<p>A su rica fauna y flora se suma el legado hist\u00f3rico del conjunto <strong>Arqueol\u00f3gico de D\u00f3lmenes de Antequera<\/strong>. El entorno se puede conocer por libre o con visitas guiadas como la Ruta de los Ammonites o la Ruta por el Laberinto K\u00e1rstico.<a href=\"https:\/\/www.torcaldeantequera.com\/rutas\/\" target=\"_blank\" rel=\"noreferrer noopener nofollow\"> Aqu\u00ed puedes consultar todas las rutas<\/a>.<\/p>\n\n\n\n<h2 class=\"wp-block-heading\" id=\"h-el-puente-colgante-el-saltillo-y-la-gran-senda\"><strong>El Puente Colgante El Saltillo y La Gran Senda<\/strong><\/h2>\n\n\n\n<figure class=\"wp-block-image size-large\"><img loading=\"lazy\" decoding=\"async\" width=\"1024\" height=\"720\" src=\"https:\/\/www.escapadarural.com\/blog\/wp-content\/uploads\/2025\/09\/puente-de-El-Saltillo-1024x720.webp\" alt=\"puente de El Saltillo. Canillas de Aceituno in Andaluc\u00eda\" class=\"wp-image-208339\" srcset=\"https:\/\/www.escapadarural.com\/blog\/wp-content\/uploads\/2025\/09\/puente-de-El-Saltillo-200x141.webp 200w, https:\/\/www.escapadarural.com\/blog\/wp-content\/uploads\/2025\/09\/puente-de-El-Saltillo-300x211.webp 300w, https:\/\/www.escapadarural.com\/blog\/wp-content\/uploads\/2025\/09\/puente-de-El-Saltillo-400x281.webp 400w, https:\/\/www.escapadarural.com\/blog\/wp-content\/uploads\/2025\/09\/puente-de-El-Saltillo-600x422.webp 600w, https:\/\/www.escapadarural.com\/blog\/wp-content\/uploads\/2025\/09\/puente-de-El-Saltillo-768x540.webp 768w, https:\/\/www.escapadarural.com\/blog\/wp-content\/uploads\/2025\/09\/puente-de-El-Saltillo-800x563.webp 800w, https:\/\/www.escapadarural.com\/blog\/wp-content\/uploads\/2025\/09\/puente-de-El-Saltillo-1024x720.webp 1024w, https:\/\/www.escapadarural.com\/blog\/wp-content\/uploads\/2025\/09\/puente-de-El-Saltillo.webp 1200w\" sizes=\"auto, (max-width: 1024px) 100vw, 1024px\" \/><figcaption class=\"wp-element-caption\">Puente Colgante de El Saltillo. Por: Roel<\/figcaption><\/figure>\n\n\n\n<p><strong>Uno de los tres puentes colgantes m\u00e1s grandes de Espa\u00f1a<\/strong> construidos en un espacio natural es el del Saltillo, que une los t\u00e9rminos municipales de Sedella y Canillas de Aceituno. Tiene 50 metros de longitud y est\u00e1 a otros 50 metros de altura sobre el cauce del r\u00edo Almanchares, en pleno Parque Natural Sierra Tejeda, Almijara y Alhama.<\/p>\n\n\n\n<p>El Puente Colgante El Saltillo est\u00e1 en un tramo de <strong>La Gran Senda de M\u00e1laga<\/strong>, que es una impresionante ruta circular de 850 kil\u00f3metros y 35 etapas que explora los rincones m\u00e1s fascinantes de la provincia. Se puede hacer a pie, a caballo o en bicicleta. Puedes conocer<a href=\"https:\/\/www.gransendademalaga.es\/es\/\" target=\"_blank\" rel=\"noreferrer noopener nofollow\"> aqu\u00ed todos los tramos de una traves\u00eda<\/a> que no pierde de vista el mar.<\/p>\n\n\n\n<h2 class=\"wp-block-heading\" id=\"h-el-bosque-de-cobre-un-imprescindible-del-otono\"><strong>El Bosque de Cobre, un imprescindible del oto\u00f1o<\/strong><\/h2>\n\n\n\n<figure class=\"wp-block-image size-large\"><img loading=\"lazy\" decoding=\"async\" width=\"1024\" height=\"683\" src=\"https:\/\/www.escapadarural.com\/blog\/wp-content\/uploads\/2025\/09\/bosque-cobre-Sierra-Bermeja_121-1024x683.webp\" alt=\"Bosque de cobre en SIerra Bermeja. Por: Turismo Costa del Sol\" class=\"wp-image-208340\" srcset=\"https:\/\/www.escapadarural.com\/blog\/wp-content\/uploads\/2025\/09\/bosque-cobre-Sierra-Bermeja_121-200x133.webp 200w, https:\/\/www.escapadarural.com\/blog\/wp-content\/uploads\/2025\/09\/bosque-cobre-Sierra-Bermeja_121-300x200.webp 300w, https:\/\/www.escapadarural.com\/blog\/wp-content\/uploads\/2025\/09\/bosque-cobre-Sierra-Bermeja_121-400x267.webp 400w, https:\/\/www.escapadarural.com\/blog\/wp-content\/uploads\/2025\/09\/bosque-cobre-Sierra-Bermeja_121-600x400.webp 600w, https:\/\/www.escapadarural.com\/blog\/wp-content\/uploads\/2025\/09\/bosque-cobre-Sierra-Bermeja_121-768x512.webp 768w, https:\/\/www.escapadarural.com\/blog\/wp-content\/uploads\/2025\/09\/bosque-cobre-Sierra-Bermeja_121-800x533.webp 800w, https:\/\/www.escapadarural.com\/blog\/wp-content\/uploads\/2025\/09\/bosque-cobre-Sierra-Bermeja_121-1024x683.webp 1024w, https:\/\/www.escapadarural.com\/blog\/wp-content\/uploads\/2025\/09\/bosque-cobre-Sierra-Bermeja_121.webp 1200w\" sizes=\"auto, (max-width: 1024px) 100vw, 1024px\" \/><figcaption class=\"wp-element-caption\">Bosque de Cobre, Sierra Bermeja. Por: Turismo Costa del Sol<\/figcaption><\/figure>\n\n\n\n<p>Ya lo dec\u00edamos al principio: la naturaleza luce espectacular en oto\u00f1o. Y hay enclaves que adquieren un aire m\u00e1gic<strong>o<\/strong> muy especial. Uno de ellos es el Bosque de Cobre, en la <strong>Serran\u00eda de Ronda<\/strong>. Su nombre se explica por los colores que tiene en esta \u00e9poca del a\u00f1o, cuando caen las hojas de los casta\u00f1os y el suelo se cubre con sus tonos marrones, amarillos, naranjas y ocres.<\/p>\n\n\n\n<p>El Bosque de Cobre est\u00e1 en el <strong>Valle del Genal<\/strong> y lo comparten los municipios de Alpandeire, Benalaur\u00eda, Cartajima, Faraj\u00e1n, Genalguacil, Igualeja, Jubrique, J\u00fazcar, Parauta, Pujerra y Yunera. Por tanto, es una buena excusa para hacer un turismo pausado <strong>por pueblecitos rurales blancos<\/strong>. <\/p>\n\n\n\n<p>Hay una excepci\u00f3n: <strong>J\u00fazcar<\/strong>, tambi\u00e9n conocido como \u201cAldea Azul\u201d por el color que impregna sus casas. Adem\u00e1s, los r\u00edos del entorno se llenan de vida con la llegada del oto\u00f1o.<a href=\"https:\/\/www.malaga.es\/es\/laprovincia\/5621\/el-bosque-de-cobre\" target=\"_blank\" rel=\"noreferrer noopener nofollow\"> Aqu\u00ed puedes consultar toda la red de senderos del Bosque de Cobre<\/a>.<\/p>\n\n\n\n<h2 class=\"wp-block-heading\" id=\"h-la-sierra-de-las-nieves-uno-de-los-relieves-karsticos-mas-importantes-del-mundo\"><strong>La Sierra de las Nieves, uno de los relieves k\u00e1rsticos m\u00e1s importantes del mundo<\/strong><\/h2>\n\n\n\n<figure class=\"wp-block-image size-large\"><img loading=\"lazy\" decoding=\"async\" width=\"1024\" height=\"683\" src=\"https:\/\/www.escapadarural.com\/blog\/wp-content\/uploads\/2025\/09\/Benahavis-1024x683.webp\" alt=\"Acequia de Guadalmina. Costa del Sol, Benahav\u00eds\" class=\"wp-image-208342\" srcset=\"https:\/\/www.escapadarural.com\/blog\/wp-content\/uploads\/2025\/09\/Benahavis-200x133.webp 200w, https:\/\/www.escapadarural.com\/blog\/wp-content\/uploads\/2025\/09\/Benahavis-300x200.webp 300w, https:\/\/www.escapadarural.com\/blog\/wp-content\/uploads\/2025\/09\/Benahavis-400x267.webp 400w, https:\/\/www.escapadarural.com\/blog\/wp-content\/uploads\/2025\/09\/Benahavis-600x400.webp 600w, https:\/\/www.escapadarural.com\/blog\/wp-content\/uploads\/2025\/09\/Benahavis-768x512.webp 768w, https:\/\/www.escapadarural.com\/blog\/wp-content\/uploads\/2025\/09\/Benahavis-800x533.webp 800w, https:\/\/www.escapadarural.com\/blog\/wp-content\/uploads\/2025\/09\/Benahavis-1024x683.webp 1024w, https:\/\/www.escapadarural.com\/blog\/wp-content\/uploads\/2025\/09\/Benahavis.webp 1200w\" sizes=\"auto, (max-width: 1024px) 100vw, 1024px\" \/><figcaption class=\"wp-element-caption\">Acequia de Guadalmina. Por: Daniel<\/figcaption><\/figure>\n\n\n\n<p>El Parque Nacional Sierra de las Nieves est\u00e1 declarado Reserva de la Biosfera por la Unesco y tiene <strong>uno de los relieves k\u00e1rsticos m\u00e1s destacados del mundo<\/strong>: la sima GESM o sima de La Luz. Este singular territorio monta\u00f1oso est\u00e1 repleto de barrancos y tajos, adem\u00e1s de un gran bosque de pinsapos y una fauna en la que destaca la cabra montesa y el corzo.<\/p>\n\n\n\n<p>Algunas de <strong>las rutas m\u00e1s bonitas<\/strong> que podemos hacer en oto\u00f1o en su entorno es la circular que une Benahav\u00eds y la Acequia de Las Angosturas, de unos 5 kil\u00f3metros e ideal para hacer con ni\u00f1os. Va en paralelo al r\u00edo Guadalmina y el sendero tiene bastante sombra. Para acercarse a la poblaci\u00f3n de pinsapos, merece la pena seguir la ruta de Puerto Saucillo a Puerto Bellina, un trayecto igualmente circular de 4 kil\u00f3metros que sale del pueblo de Yunquera.<a href=\"http:\/\/www.sierranieves.com\/\" target=\"_blank\" rel=\"noreferrer noopener nofollow\"> Aqu\u00ed puedes ver todas las rutas<\/a>.<\/p>\n\n\n\n<p>Son muchas las opciones para disfrutar de <strong>una naturaleza diversa, salvaje, aventurera y rebosante de vida<\/strong> en la provincia de M\u00e1laga. Desfiladeros sobrecogedores, puentes colgantes, una costa que enamora, rocas con formaciones exc\u00e9ntricas y fascinantes, relieves monta\u00f1osos asombrosos\u2026 A\u00fan hay m\u00e1s. <a href=\"https:\/\/www.visitacostadelsol.com\/malaga-costa-del-sol\/naturaleza-y-turismo-activo\" target=\"_blank\" rel=\"noreferrer noopener nofollow\">Aqu\u00ed<\/a> puedes consultar todo lo que ofrece el entorno natural de la Costa del Sol.<\/p>\n\n\n\n<div class=\"wp-block-buttons is-layout-flex wp-block-buttons-is-layout-flex\">\n<div class=\"wp-block-button\"><a class=\"wp-block-button__link wp-element-button\" href=\"\/destinos\/costa-del-sol\">Ver m\u00e1s planes en la Costa del Sol<\/a><\/div>\n<\/div>\n\n\n\n<figure class=\"wp-block-image size-full\"><img loading=\"lazy\" decoding=\"async\" width=\"800\" height=\"150\" src=\"https:\/\/www.escapadarural.com\/blog\/wp-content\/uploads\/2025\/09\/logo-costa-del-sol-horizontal.webp\" alt=\"Logo Costa del Sol - M\u00e1laga\" class=\"wp-image-208274\" srcset=\"https:\/\/www.escapadarural.com\/blog\/wp-content\/uploads\/2025\/09\/logo-costa-del-sol-horizontal-200x38.webp 200w, https:\/\/www.escapadarural.com\/blog\/wp-content\/uploads\/2025\/09\/logo-costa-del-sol-horizontal-300x56.webp 300w, https:\/\/www.escapadarural.com\/blog\/wp-content\/uploads\/2025\/09\/logo-costa-del-sol-horizontal-400x75.webp 400w, https:\/\/www.escapadarural.com\/blog\/wp-content\/uploads\/2025\/09\/logo-costa-del-sol-horizontal-600x113.webp 600w, https:\/\/www.escapadarural.com\/blog\/wp-content\/uploads\/2025\/09\/logo-costa-del-sol-horizontal-768x144.webp 768w, https:\/\/www.escapadarural.com\/blog\/wp-content\/uploads\/2025\/09\/logo-costa-del-sol-horizontal.webp 800w\" sizes=\"auto, (max-width: 800px) 100vw, 800px\" \/><\/figure>\n\n\n\n<p><\/p>\n","protected":false},"excerpt":{"rendered":"<p>La Costa del Sol es muy conocida por su amplia oferta de turismo de sol y playa, pero lo cierto es que guarda verdaderas joyas para una escapada de naturaleza<\/p>\n","protected":false},"author":123,"featured_media":208338,"comment_status":"open","ping_status":"open","sticky":false,"template":"","format":"standard","meta":{"_acf_changed":false,"om_disable_all_campaigns":false,"footnotes":""},"categories":[1379],"tags":[2195,4555,1561,6493,2717,511,215,792,6491,1500,2840,6088,6492,6087],"class_list":["post-208308","post","type-post","status-publish","format-standard","has-post-thumbnail","hentry","category-rutas-y-excursiones","tag-antequera","tag-ardales","tag-caminito-del-rey","tag-canillas-de-aceituno","tag-costa-del-sol","tag-familia","tag-listado","tag-que-ver-en-malaga","tag-montejaque","tag-otono","tag-recomendaciones","tag-rutas","tag-sedella","tag-senderismo"],"acf":[],"featured_image_src":"https:\/\/www.escapadarural.com\/blog\/wp-content\/uploads\/2025\/09\/Torcal-.webp","author_info":{"display_name":"Raquel Andr\u00e9s","author_link":"https:\/\/www.escapadarural.com\/blog\/autor\/raquel\/"},"yoast_head":"<!-- This site is optimized with the Yoast SEO plugin v27.5 - https:\/\/yoast.com\/product\/yoast-seo-wordpress\/ -->\n<title>Rutas oto\u00f1ales por la Costa del Sol, en M\u00e1laga - EscapadaRural<\/title>\n<meta name=\"description\" content=\"Recorre en oto\u00f1o las rutas de la Costa del Sol y descubre una M\u00e1laga de paisajes m\u00e1gicos, bosques de colores y naturaleza sorprendente.\" \/>\n<meta name=\"robots\" content=\"index, follow, max-snippet:-1, max-image-preview:large, max-video-preview:-1\" \/>\n<link rel=\"canonical\" href=\"https:\/\/www.escapadarural.com\/blog\/rutas-otonales-por-la-costa-del-sol\/\" \/>\n<meta property=\"og:locale\" content=\"es_ES\" \/>\n<meta property=\"og:type\" content=\"article\" \/>\n<meta property=\"og:title\" content=\"Rutas oto\u00f1ales por la Costa del Sol, en M\u00e1laga - EscapadaRural\" \/>\n<meta property=\"og:description\" content=\"Recorre en oto\u00f1o las rutas de la Costa del Sol y descubre una M\u00e1laga de paisajes m\u00e1gicos, bosques de colores y naturaleza sorprendente.\" \/>\n<meta property=\"og:url\" content=\"https:\/\/www.escapadarural.com\/blog\/rutas-otonales-por-la-costa-del-sol\/\" \/>\n<meta property=\"og:site_name\" content=\"Magazine de viajes de EscapadaRural\" \/>\n<meta property=\"article:publisher\" content=\"https:\/\/www.facebook.com\/escapadarural\" \/>\n<meta property=\"article:published_time\" content=\"2025-09-06T10:17:30+00:00\" \/>\n<meta property=\"article:modified_time\" content=\"2026-03-20T11:38:17+00:00\" \/>\n<meta property=\"og:image\" content=\"https:\/\/www.escapadarural.com\/blog\/wp-content\/uploads\/2025\/09\/Torcal-.webp?v=1774006697\" \/>\n\t<meta property=\"og:image:width\" content=\"1200\" \/>\n\t<meta property=\"og:image:height\" content=\"801\" \/>\n\t<meta property=\"og:image:type\" content=\"image\/webp\" \/>\n<meta name=\"author\" content=\"Raquel Andr\u00e9s\" \/>\n<meta name=\"twitter:card\" content=\"summary_large_image\" \/>\n<meta name=\"twitter:label1\" content=\"Escrito por\" \/>\n\t<meta name=\"twitter:data1\" content=\"Raquel Andr\u00e9s\" \/>\n\t<meta name=\"twitter:label2\" content=\"Tiempo de lectura\" \/>\n\t<meta name=\"twitter:data2\" content=\"6 minutos\" \/>\n<script type=\"application\/ld+json\" class=\"yoast-schema-graph\">{\"@context\":\"https:\\\/\\\/schema.org\",\"@graph\":[{\"@type\":\"Article\",\"@id\":\"https:\\\/\\\/www.escapadarural.com\\\/blog\\\/rutas-otonales-por-la-costa-del-sol\\\/#article\",\"isPartOf\":{\"@id\":\"https:\\\/\\\/www.escapadarural.com\\\/blog\\\/rutas-otonales-por-la-costa-del-sol\\\/\"},\"author\":{\"name\":\"Raquel Andr\u00e9s\",\"@id\":\"https:\\\/\\\/www.escapadarural.com\\\/blog\\\/#\\\/schema\\\/person\\\/67be061eb00d8315fa8642e01b88c894\"},\"headline\":\"Rutas oto\u00f1ales por la Costa del Sol: paisajes inolvidables en M\u00e1laga\",\"datePublished\":\"2025-09-06T10:17:30+00:00\",\"dateModified\":\"2026-03-20T11:38:17+00:00\",\"mainEntityOfPage\":{\"@id\":\"https:\\\/\\\/www.escapadarural.com\\\/blog\\\/rutas-otonales-por-la-costa-del-sol\\\/\"},\"wordCount\":1222,\"commentCount\":0,\"publisher\":{\"@id\":\"https:\\\/\\\/www.escapadarural.com\\\/blog\\\/#organization\"},\"image\":{\"@id\":\"https:\\\/\\\/www.escapadarural.com\\\/blog\\\/rutas-otonales-por-la-costa-del-sol\\\/#primaryimage\"},\"thumbnailUrl\":\"https:\\\/\\\/www.escapadarural.com\\\/blog\\\/wp-content\\\/uploads\\\/2025\\\/09\\\/Torcal-.webp\",\"keywords\":[\"Antequera\",\"Ardales\",\"Caminito del Rey\",\"Canillas de Aceituno\",\"Costa del Sol\",\"Familia\",\"Listado\",\"M\u00e1laga\",\"Montejaque\",\"Oto\u00f1o\",\"Recomendaciones\",\"Rutas\",\"Sedella\",\"senderismo\"],\"articleSection\":[\"Rutas y excursiones\"],\"inLanguage\":\"es\",\"potentialAction\":[{\"@type\":\"CommentAction\",\"name\":\"Comment\",\"target\":[\"https:\\\/\\\/www.escapadarural.com\\\/blog\\\/rutas-otonales-por-la-costa-del-sol\\\/#respond\"]}]},{\"@type\":\"WebPage\",\"@id\":\"https:\\\/\\\/www.escapadarural.com\\\/blog\\\/rutas-otonales-por-la-costa-del-sol\\\/\",\"url\":\"https:\\\/\\\/www.escapadarural.com\\\/blog\\\/rutas-otonales-por-la-costa-del-sol\\\/\",\"name\":\"Rutas oto\u00f1ales por la Costa del Sol, en M\u00e1laga - EscapadaRural\",\"isPartOf\":{\"@id\":\"https:\\\/\\\/www.escapadarural.com\\\/blog\\\/#website\"},\"primaryImageOfPage\":{\"@id\":\"https:\\\/\\\/www.escapadarural.com\\\/blog\\\/rutas-otonales-por-la-costa-del-sol\\\/#primaryimage\"},\"image\":{\"@id\":\"https:\\\/\\\/www.escapadarural.com\\\/blog\\\/rutas-otonales-por-la-costa-del-sol\\\/#primaryimage\"},\"thumbnailUrl\":\"https:\\\/\\\/www.escapadarural.com\\\/blog\\\/wp-content\\\/uploads\\\/2025\\\/09\\\/Torcal-.webp\",\"datePublished\":\"2025-09-06T10:17:30+00:00\",\"dateModified\":\"2026-03-20T11:38:17+00:00\",\"description\":\"Recorre en oto\u00f1o las rutas de la Costa del Sol y descubre una M\u00e1laga de paisajes m\u00e1gicos, bosques de colores y naturaleza sorprendente.\",\"breadcrumb\":{\"@id\":\"https:\\\/\\\/www.escapadarural.com\\\/blog\\\/rutas-otonales-por-la-costa-del-sol\\\/#breadcrumb\"},\"inLanguage\":\"es\",\"potentialAction\":[{\"@type\":\"ReadAction\",\"target\":[\"https:\\\/\\\/www.escapadarural.com\\\/blog\\\/rutas-otonales-por-la-costa-del-sol\\\/\"]}]},{\"@type\":\"ImageObject\",\"inLanguage\":\"es\",\"@id\":\"https:\\\/\\\/www.escapadarural.com\\\/blog\\\/rutas-otonales-por-la-costa-del-sol\\\/#primaryimage\",\"url\":\"https:\\\/\\\/www.escapadarural.com\\\/blog\\\/wp-content\\\/uploads\\\/2025\\\/09\\\/Torcal-.webp\",\"contentUrl\":\"https:\\\/\\\/www.escapadarural.com\\\/blog\\\/wp-content\\\/uploads\\\/2025\\\/09\\\/Torcal-.webp\",\"width\":1200,\"height\":801,\"caption\":\"Torcal. Por: Turismo Costa del Sol\"},{\"@type\":\"BreadcrumbList\",\"@id\":\"https:\\\/\\\/www.escapadarural.com\\\/blog\\\/rutas-otonales-por-la-costa-del-sol\\\/#breadcrumb\",\"itemListElement\":[{\"@type\":\"ListItem\",\"position\":1,\"name\":\"Inicio\",\"item\":\"https:\\\/\\\/www.escapadarural.com\\\/blog\\\/\"},{\"@type\":\"ListItem\",\"position\":2,\"name\":\"Rutas y excursiones\",\"item\":\"https:\\\/\\\/www.escapadarural.com\\\/blog\\\/categoria\\\/rutas-y-excursiones\\\/\"},{\"@type\":\"ListItem\",\"position\":3,\"name\":\"Rutas oto\u00f1ales por la Costa del Sol: paisajes inolvidables en M\u00e1laga\"}]},{\"@type\":\"WebSite\",\"@id\":\"https:\\\/\\\/www.escapadarural.com\\\/blog\\\/#website\",\"url\":\"https:\\\/\\\/www.escapadarural.com\\\/blog\\\/\",\"name\":\"Blog de viajes | turismo rural, alojamientos e inspiraci\u00f3n\",\"description\":\"Alojamientos rurales e inspiraci\u00f3n para tus escapadas\",\"publisher\":{\"@id\":\"https:\\\/\\\/www.escapadarural.com\\\/blog\\\/#organization\"},\"alternateName\":\"Magazine de viajes de EscapadaRural\",\"potentialAction\":[{\"@type\":\"SearchAction\",\"target\":{\"@type\":\"EntryPoint\",\"urlTemplate\":\"https:\\\/\\\/www.escapadarural.com\\\/blog\\\/?s={search_term_string}\"},\"query-input\":{\"@type\":\"PropertyValueSpecification\",\"valueRequired\":true,\"valueName\":\"search_term_string\"}}],\"inLanguage\":\"es\"},{\"@type\":\"Organization\",\"@id\":\"https:\\\/\\\/www.escapadarural.com\\\/blog\\\/#organization\",\"name\":\"EscapadaRural\",\"url\":\"https:\\\/\\\/www.escapadarural.com\\\/blog\\\/\",\"logo\":{\"@type\":\"ImageObject\",\"inLanguage\":\"es\",\"@id\":\"https:\\\/\\\/www.escapadarural.com\\\/blog\\\/#\\\/schema\\\/logo\\\/image\\\/\",\"url\":\"https:\\\/\\\/www.escapadarural.com\\\/blog\\\/wp-content\\\/uploads\\\/2024\\\/10\\\/cropped-cropped-escapada-rural-icon-mag-3.png\",\"contentUrl\":\"https:\\\/\\\/www.escapadarural.com\\\/blog\\\/wp-content\\\/uploads\\\/2024\\\/10\\\/cropped-cropped-escapada-rural-icon-mag-3.png\",\"width\":512,\"height\":512,\"caption\":\"EscapadaRural\"},\"image\":{\"@id\":\"https:\\\/\\\/www.escapadarural.com\\\/blog\\\/#\\\/schema\\\/logo\\\/image\\\/\"},\"sameAs\":[\"https:\\\/\\\/www.facebook.com\\\/escapadarural\",\"https:\\\/\\\/www.instagram.com\\\/escapadarural\\\/\",\"https:\\\/\\\/www.youtube.com\\\/@escapadaruralcom\"]},{\"@type\":\"Person\",\"@id\":\"https:\\\/\\\/www.escapadarural.com\\\/blog\\\/#\\\/schema\\\/person\\\/67be061eb00d8315fa8642e01b88c894\",\"name\":\"Raquel Andr\u00e9s\",\"image\":{\"@type\":\"ImageObject\",\"inLanguage\":\"es\",\"@id\":\"https:\\\/\\\/secure.gravatar.com\\\/avatar\\\/b45840531462f3cafb335a9fc5c0bfda2c07c3df4b82b304b923526b85cc6cb5?s=96&d=mm&r=g\",\"url\":\"https:\\\/\\\/secure.gravatar.com\\\/avatar\\\/b45840531462f3cafb335a9fc5c0bfda2c07c3df4b82b304b923526b85cc6cb5?s=96&d=mm&r=g\",\"contentUrl\":\"https:\\\/\\\/secure.gravatar.com\\\/avatar\\\/b45840531462f3cafb335a9fc5c0bfda2c07c3df4b82b304b923526b85cc6cb5?s=96&d=mm&r=g\",\"caption\":\"Raquel Andr\u00e9s\"},\"description\":\"Periodista y aventurera. Me has podido leer en Escapada Rural, Diari Nosaltres La Veu, La Vanguardia, El Salto y otros medios. Habitante y amante de las zonas rurales, sea cual sea el destino. Procuro escaparme una vez por semana con las botas de monta\u00f1a, el arn\u00e9s o el neopreno. Tambi\u00e9n soy un intento de baserritarra.\",\"url\":\"https:\\\/\\\/www.escapadarural.com\\\/blog\\\/autor\\\/raquel\\\/\"}]}<\/script>\n<!-- \/ Yoast SEO plugin. -->","yoast_head_json":{"title":"Rutas oto\u00f1ales por la Costa del Sol, en M\u00e1laga - EscapadaRural","description":"Recorre en oto\u00f1o las rutas de la Costa del Sol y descubre una M\u00e1laga de paisajes m\u00e1gicos, bosques de colores y naturaleza sorprendente.","robots":{"index":"index","follow":"follow","max-snippet":"max-snippet:-1","max-image-preview":"max-image-preview:large","max-video-preview":"max-video-preview:-1"},"canonical":"https:\/\/www.escapadarural.com\/blog\/rutas-otonales-por-la-costa-del-sol\/","og_locale":"es_ES","og_type":"article","og_title":"Rutas oto\u00f1ales por la Costa del Sol, en M\u00e1laga - EscapadaRural","og_description":"Recorre en oto\u00f1o las rutas de la Costa del Sol y descubre una M\u00e1laga de paisajes m\u00e1gicos, bosques de colores y naturaleza sorprendente.","og_url":"https:\/\/www.escapadarural.com\/blog\/rutas-otonales-por-la-costa-del-sol\/","og_site_name":"Magazine de viajes de EscapadaRural","article_publisher":"https:\/\/www.facebook.com\/escapadarural","article_published_time":"2025-09-06T10:17:30+00:00","article_modified_time":"2026-03-20T11:38:17+00:00","og_image":[{"width":1200,"height":801,"url":"https:\/\/www.escapadarural.com\/blog\/wp-content\/uploads\/2025\/09\/Torcal-.webp?v=1774006697","type":"image\/webp"}],"author":"Raquel Andr\u00e9s","twitter_card":"summary_large_image","twitter_misc":{"Escrito por":"Raquel Andr\u00e9s","Tiempo de lectura":"6 minutos"},"schema":{"@context":"https:\/\/schema.org","@graph":[{"@type":"Article","@id":"https:\/\/www.escapadarural.com\/blog\/rutas-otonales-por-la-costa-del-sol\/#article","isPartOf":{"@id":"https:\/\/www.escapadarural.com\/blog\/rutas-otonales-por-la-costa-del-sol\/"},"author":{"name":"Raquel Andr\u00e9s","@id":"https:\/\/www.escapadarural.com\/blog\/#\/schema\/person\/67be061eb00d8315fa8642e01b88c894"},"headline":"Rutas oto\u00f1ales por la Costa del Sol: paisajes inolvidables en M\u00e1laga","datePublished":"2025-09-06T10:17:30+00:00","dateModified":"2026-03-20T11:38:17+00:00","mainEntityOfPage":{"@id":"https:\/\/www.escapadarural.com\/blog\/rutas-otonales-por-la-costa-del-sol\/"},"wordCount":1222,"commentCount":0,"publisher":{"@id":"https:\/\/www.escapadarural.com\/blog\/#organization"},"image":{"@id":"https:\/\/www.escapadarural.com\/blog\/rutas-otonales-por-la-costa-del-sol\/#primaryimage"},"thumbnailUrl":"https:\/\/www.escapadarural.com\/blog\/wp-content\/uploads\/2025\/09\/Torcal-.webp","keywords":["Antequera","Ardales","Caminito del Rey","Canillas de Aceituno","Costa del Sol","Familia","Listado","M\u00e1laga","Montejaque","Oto\u00f1o","Recomendaciones","Rutas","Sedella","senderismo"],"articleSection":["Rutas y excursiones"],"inLanguage":"es","potentialAction":[{"@type":"CommentAction","name":"Comment","target":["https:\/\/www.escapadarural.com\/blog\/rutas-otonales-por-la-costa-del-sol\/#respond"]}]},{"@type":"WebPage","@id":"https:\/\/www.escapadarural.com\/blog\/rutas-otonales-por-la-costa-del-sol\/","url":"https:\/\/www.escapadarural.com\/blog\/rutas-otonales-por-la-costa-del-sol\/","name":"Rutas oto\u00f1ales por la Costa del Sol, en M\u00e1laga - EscapadaRural","isPartOf":{"@id":"https:\/\/www.escapadarural.com\/blog\/#website"},"primaryImageOfPage":{"@id":"https:\/\/www.escapadarural.com\/blog\/rutas-otonales-por-la-costa-del-sol\/#primaryimage"},"image":{"@id":"https:\/\/www.escapadarural.com\/blog\/rutas-otonales-por-la-costa-del-sol\/#primaryimage"},"thumbnailUrl":"https:\/\/www.escapadarural.com\/blog\/wp-content\/uploads\/2025\/09\/Torcal-.webp","datePublished":"2025-09-06T10:17:30+00:00","dateModified":"2026-03-20T11:38:17+00:00","description":"Recorre en oto\u00f1o las rutas de la Costa del Sol y descubre una M\u00e1laga de paisajes m\u00e1gicos, bosques de colores y naturaleza sorprendente.","breadcrumb":{"@id":"https:\/\/www.escapadarural.com\/blog\/rutas-otonales-por-la-costa-del-sol\/#breadcrumb"},"inLanguage":"es","potentialAction":[{"@type":"ReadAction","target":["https:\/\/www.escapadarural.com\/blog\/rutas-otonales-por-la-costa-del-sol\/"]}]},{"@type":"ImageObject","inLanguage":"es","@id":"https:\/\/www.escapadarural.com\/blog\/rutas-otonales-por-la-costa-del-sol\/#primaryimage","url":"https:\/\/www.escapadarural.com\/blog\/wp-content\/uploads\/2025\/09\/Torcal-.webp","contentUrl":"https:\/\/www.escapadarural.com\/blog\/wp-content\/uploads\/2025\/09\/Torcal-.webp","width":1200,"height":801,"caption":"Torcal. Por: Turismo Costa del Sol"},{"@type":"BreadcrumbList","@id":"https:\/\/www.escapadarural.com\/blog\/rutas-otonales-por-la-costa-del-sol\/#breadcrumb","itemListElement":[{"@type":"ListItem","position":1,"name":"Inicio","item":"https:\/\/www.escapadarural.com\/blog\/"},{"@type":"ListItem","position":2,"name":"Rutas y excursiones","item":"https:\/\/www.escapadarural.com\/blog\/categoria\/rutas-y-excursiones\/"},{"@type":"ListItem","position":3,"name":"Rutas oto\u00f1ales por la Costa del Sol: paisajes inolvidables en M\u00e1laga"}]},{"@type":"WebSite","@id":"https:\/\/www.escapadarural.com\/blog\/#website","url":"https:\/\/www.escapadarural.com\/blog\/","name":"Blog de viajes | turismo rural, alojamientos e inspiraci\u00f3n","description":"Alojamientos rurales e inspiraci\u00f3n para tus escapadas","publisher":{"@id":"https:\/\/www.escapadarural.com\/blog\/#organization"},"alternateName":"Magazine de viajes de EscapadaRural","potentialAction":[{"@type":"SearchAction","target":{"@type":"EntryPoint","urlTemplate":"https:\/\/www.escapadarural.com\/blog\/?s={search_term_string}"},"query-input":{"@type":"PropertyValueSpecification","valueRequired":true,"valueName":"search_term_string"}}],"inLanguage":"es"},{"@type":"Organization","@id":"https:\/\/www.escapadarural.com\/blog\/#organization","name":"EscapadaRural","url":"https:\/\/www.escapadarural.com\/blog\/","logo":{"@type":"ImageObject","inLanguage":"es","@id":"https:\/\/www.escapadarural.com\/blog\/#\/schema\/logo\/image\/","url":"https:\/\/www.escapadarural.com\/blog\/wp-content\/uploads\/2024\/10\/cropped-cropped-escapada-rural-icon-mag-3.png","contentUrl":"https:\/\/www.escapadarural.com\/blog\/wp-content\/uploads\/2024\/10\/cropped-cropped-escapada-rural-icon-mag-3.png","width":512,"height":512,"caption":"EscapadaRural"},"image":{"@id":"https:\/\/www.escapadarural.com\/blog\/#\/schema\/logo\/image\/"},"sameAs":["https:\/\/www.facebook.com\/escapadarural","https:\/\/www.instagram.com\/escapadarural\/","https:\/\/www.youtube.com\/@escapadaruralcom"]},{"@type":"Person","@id":"https:\/\/www.escapadarural.com\/blog\/#\/schema\/person\/67be061eb00d8315fa8642e01b88c894","name":"Raquel Andr\u00e9s","image":{"@type":"ImageObject","inLanguage":"es","@id":"https:\/\/secure.gravatar.com\/avatar\/b45840531462f3cafb335a9fc5c0bfda2c07c3df4b82b304b923526b85cc6cb5?s=96&d=mm&r=g","url":"https:\/\/secure.gravatar.com\/avatar\/b45840531462f3cafb335a9fc5c0bfda2c07c3df4b82b304b923526b85cc6cb5?s=96&d=mm&r=g","contentUrl":"https:\/\/secure.gravatar.com\/avatar\/b45840531462f3cafb335a9fc5c0bfda2c07c3df4b82b304b923526b85cc6cb5?s=96&d=mm&r=g","caption":"Raquel Andr\u00e9s"},"description":"Periodista y aventurera. Me has podido leer en Escapada Rural, Diari Nosaltres La Veu, La Vanguardia, El Salto y otros medios. Habitante y amante de las zonas rurales, sea cual sea el destino. Procuro escaparme una vez por semana con las botas de monta\u00f1a, el arn\u00e9s o el neopreno. Tambi\u00e9n soy un intento de baserritarra.","url":"https:\/\/www.escapadarural.com\/blog\/autor\/raquel\/"}]}},"_links":{"self":[{"href":"https:\/\/www.escapadarural.com\/blog\/wp-json\/wp\/v2\/posts\/208308","targetHints":{"allow":["GET"]}}],"collection":[{"href":"https:\/\/www.escapadarural.com\/blog\/wp-json\/wp\/v2\/posts"}],"about":[{"href":"https:\/\/www.escapadarural.com\/blog\/wp-json\/wp\/v2\/types\/post"}],"author":[{"embeddable":true,"href":"https:\/\/www.escapadarural.com\/blog\/wp-json\/wp\/v2\/users\/123"}],"replies":[{"embeddable":true,"href":"https:\/\/www.escapadarural.com\/blog\/wp-json\/wp\/v2\/comments?post=208308"}],"version-history":[{"count":0,"href":"https:\/\/www.escapadarural.com\/blog\/wp-json\/wp\/v2\/posts\/208308\/revisions"}],"wp:featuredmedia":[{"embeddable":true,"href":"https:\/\/www.escapadarural.com\/blog\/wp-json\/wp\/v2\/media\/208338"}],"wp:attachment":[{"href":"https:\/\/www.escapadarural.com\/blog\/wp-json\/wp\/v2\/media?parent=208308"}],"wp:term":[{"taxonomy":"category","embeddable":true,"href":"https:\/\/www.escapadarural.com\/blog\/wp-json\/wp\/v2\/categories?post=208308"},{"taxonomy":"post_tag","embeddable":true,"href":"https:\/\/www.escapadarural.com\/blog\/wp-json\/wp\/v2\/tags?post=208308"}],"curies":[{"name":"wp","href":"https:\/\/api.w.org\/{rel}","templated":true}]}}