{"id":208317,"date":"2025-09-14T12:13:23","date_gmt":"2025-09-14T10:13:23","guid":{"rendered":"https:\/\/www.escapadarural.com\/blog\/?p=208317"},"modified":"2026-03-20T12:42:25","modified_gmt":"2026-03-20T11:42:25","slug":"costa-del-sol-monumentos","status":"publish","type":"post","link":"https:\/\/www.escapadarural.com\/blog\/costa-del-sol-monumentos\/","title":{"rendered":"Lo m\u00e1s singular de la Costa del Sol: monumentos que te dejar\u00e1n sin palabras"},"content":{"rendered":"\n<p>\u00bfQui\u00e9n no conoce la Costa del Sol? El litoral de la provincia de M\u00e1laga es popular por su <strong>paisaje diverso<\/strong> de playas urbanas y calas escondidas, pueblos blancos, parques naturales y monta\u00f1as. Y, por supuesto, por su clima mediterr\u00e1neo y por su nombre poco casual, ya que tiene m\u00e1s de 325 d\u00edas de sol al a\u00f1o.<\/p>\n\n\n\n<p>Ahora bien, \u00bfsab\u00edas que <strong>esconde tesoros menos conocidos<\/strong> como unas dunas salvajes, un castillo hecho con el material de una villa romana o una de las tres cuevas visitables de origen marino del mundo? Vive Costa del Sol de otra forma y en cualquier \u00e9poca del a\u00f1o, ya que siempre es un buen momento para descubrir unos singulares monumentos -naturales, hist\u00f3ricos y arquitect\u00f3nicos- que te dejar\u00e1n sin palabras.<\/p>\n\n\n\n<div class=\"wp-block-buttons is-layout-flex wp-block-buttons-is-layout-flex\">\n<div class=\"wp-block-button\"><a class=\"wp-block-button__link wp-element-button\" href=\"\/casas-rurales\/costa-del-sol\">Alojamientos rurales en Costa del Sol<\/a><\/div>\n<\/div>\n\n\n\n<h2 class=\"wp-block-heading\" id=\"h-la-cueva-del-tesoro\"><strong>La Cueva del Tesoro<\/strong><\/h2>\n\n\n\n<figure class=\"wp-block-image size-large\"><img loading=\"lazy\" decoding=\"async\" width=\"1024\" height=\"683\" src=\"https:\/\/www.escapadarural.com\/blog\/wp-content\/uploads\/2025\/09\/La-Cueva-del-Tesoro-1024x683.webp\" alt=\"La Cueva del Tesoro. M\u00e1laga, Andaluc\u00eda\" class=\"wp-image-208391\" srcset=\"https:\/\/www.escapadarural.com\/blog\/wp-content\/uploads\/2025\/09\/La-Cueva-del-Tesoro-200x133.webp 200w, https:\/\/www.escapadarural.com\/blog\/wp-content\/uploads\/2025\/09\/La-Cueva-del-Tesoro-300x200.webp 300w, https:\/\/www.escapadarural.com\/blog\/wp-content\/uploads\/2025\/09\/La-Cueva-del-Tesoro-400x267.webp 400w, https:\/\/www.escapadarural.com\/blog\/wp-content\/uploads\/2025\/09\/La-Cueva-del-Tesoro-600x400.webp 600w, https:\/\/www.escapadarural.com\/blog\/wp-content\/uploads\/2025\/09\/La-Cueva-del-Tesoro-768x512.webp 768w, https:\/\/www.escapadarural.com\/blog\/wp-content\/uploads\/2025\/09\/La-Cueva-del-Tesoro-800x533.webp 800w, https:\/\/www.escapadarural.com\/blog\/wp-content\/uploads\/2025\/09\/La-Cueva-del-Tesoro-1024x683.webp 1024w, https:\/\/www.escapadarural.com\/blog\/wp-content\/uploads\/2025\/09\/La-Cueva-del-Tesoro.webp 1200w\" sizes=\"auto, (max-width: 1024px) 100vw, 1024px\" \/><figcaption class=\"wp-element-caption\">La Cueva del Tesoro. Por: victor<\/figcaption><\/figure>\n\n\n\n<p>Rinc\u00f3n de la Victoria tiene una gruta que es \u00fanica en Europa (y casi en el planeta): la Cueva del Tesoro. Es la \u00fanica de origen marino del continente y una de las tres que se conocen en todo el mundo (las otras est\u00e1n en Asia y Am\u00e9rica Central). Se trata de <strong>un lugar m\u00e1gico en el que se unen historia, arqueolog\u00eda y leyendas locales<\/strong>, ya que en sus profundidades se han hallado muestras de arte rupestre y restos de objetos, humanos y animales del Paleol\u00edtico y de la Edad de Bronce.<\/p>\n\n\n\n<p>Una parte de las galer\u00edas <strong>es visitable con un c\u00f3modo paseo<\/strong> que permite contemplar las curiosas formas que ha esculpido el agua con el paso de milenios de a\u00f1os. Las grutas se crearon por las corrientes y la disoluci\u00f3n de las calizas con el agua salada y, tras la posterior bajada del nivel del mar, emergieron y quedaron en la superficie. En el mismo Rinc\u00f3n de la Victoria recomendamos visitar sus acantilados, con rincones inimaginables.<\/p>\n\n\n\n<h2 class=\"wp-block-heading\" id=\"h-las-dunas-de-artola\"><strong>Las Dunas de Artola<\/strong><\/h2>\n\n\n\n<figure class=\"wp-block-image size-large\"><img loading=\"lazy\" decoding=\"async\" width=\"1024\" height=\"683\" src=\"https:\/\/www.escapadarural.com\/blog\/wp-content\/uploads\/2025\/09\/Las-Dunas-de-Artolas-1024x683.webp\" alt=\"Las Dunas de Artola, M\u00e1laga\" class=\"wp-image-208397\" srcset=\"https:\/\/www.escapadarural.com\/blog\/wp-content\/uploads\/2025\/09\/Las-Dunas-de-Artolas-200x133.webp 200w, https:\/\/www.escapadarural.com\/blog\/wp-content\/uploads\/2025\/09\/Las-Dunas-de-Artolas-300x200.webp 300w, https:\/\/www.escapadarural.com\/blog\/wp-content\/uploads\/2025\/09\/Las-Dunas-de-Artolas-400x267.webp 400w, https:\/\/www.escapadarural.com\/blog\/wp-content\/uploads\/2025\/09\/Las-Dunas-de-Artolas-600x400.webp 600w, https:\/\/www.escapadarural.com\/blog\/wp-content\/uploads\/2025\/09\/Las-Dunas-de-Artolas-768x512.webp 768w, https:\/\/www.escapadarural.com\/blog\/wp-content\/uploads\/2025\/09\/Las-Dunas-de-Artolas-800x533.webp 800w, https:\/\/www.escapadarural.com\/blog\/wp-content\/uploads\/2025\/09\/Las-Dunas-de-Artolas-1024x683.webp 1024w, https:\/\/www.escapadarural.com\/blog\/wp-content\/uploads\/2025\/09\/Las-Dunas-de-Artolas.webp 1200w\" sizes=\"auto, (max-width: 1024px) 100vw, 1024px\" \/><figcaption class=\"wp-element-caption\">Las Dunas de Artola. Por: Q<\/figcaption><\/figure>\n\n\n\n<p>Para ver un paisaje salvaje en la Costa del Sol, merece la pena acercarse al Monumento Natural de las Dunas de Artola. Est\u00e1n en la playa de <strong>Cabopino de Marbella<\/strong>, entre Elviria y la urbanizaci\u00f3n Sito de Calahonda. <\/p>\n\n\n\n<p>Permite observar un cord\u00f3n dunar que en su d\u00eda ocup\u00f3 una veintena de kil\u00f3metros de longitud debido a los vientos dominantes de direcci\u00f3n noroeste y a las corrientes litorales. Hoy abarca una superficie de 1.200 metros. Aprovecha para conocer <strong>la Torre Ladrones<\/strong> en el entorno de las dunas, un elemento de arquitectura militar y defensiva que est\u00e1 declarado Bien de Inter\u00e9s Cultural (BIC).<\/p>\n\n\n\n<h2 class=\"wp-block-heading\" id=\"h-el-cable\"><strong>El Cable<\/strong><\/h2>\n\n\n\n<figure class=\"wp-block-image size-large\"><img loading=\"lazy\" decoding=\"async\" width=\"1024\" height=\"404\" src=\"https:\/\/www.escapadarural.com\/blog\/wp-content\/uploads\/2025\/09\/El-Cable-1024x404.webp\" alt=\"Playa El Cable, Costa del Sol. M\u00e1laga\" class=\"wp-image-208399\" srcset=\"https:\/\/www.escapadarural.com\/blog\/wp-content\/uploads\/2025\/09\/El-Cable-200x79.webp 200w, https:\/\/www.escapadarural.com\/blog\/wp-content\/uploads\/2025\/09\/El-Cable-300x118.webp 300w, https:\/\/www.escapadarural.com\/blog\/wp-content\/uploads\/2025\/09\/El-Cable-400x158.webp 400w, https:\/\/www.escapadarural.com\/blog\/wp-content\/uploads\/2025\/09\/El-Cable-600x237.webp 600w, https:\/\/www.escapadarural.com\/blog\/wp-content\/uploads\/2025\/09\/El-Cable-768x303.webp 768w, https:\/\/www.escapadarural.com\/blog\/wp-content\/uploads\/2025\/09\/El-Cable-800x315.webp 800w, https:\/\/www.escapadarural.com\/blog\/wp-content\/uploads\/2025\/09\/El-Cable-1024x404.webp 1024w, https:\/\/www.escapadarural.com\/blog\/wp-content\/uploads\/2025\/09\/El-Cable.webp 1200w\" sizes=\"auto, (max-width: 1024px) 100vw, 1024px\" \/><figcaption class=\"wp-element-caption\">Playa El Cable. Por: Viewpoint<\/figcaption><\/figure>\n\n\n\n<p>\u00bfSab\u00edas que hace medio siglo funcionaba <strong>un funicular minero adentr\u00e1ndose en el mar <\/strong>en la Costa del Sol? Debido al agotamiento de los yacimientos, dej\u00f3 de estar operativo en 1974, aunque en la actualidad todav\u00eda se puede ver el \u00faltimo vestigio de esta industria en el litoral de M\u00e1laga: El Cable.<\/p>\n\n\n\n<p>Desde principios del siglo XX se hab\u00eda extra\u00eddo mineral de hierro magn\u00e9tico de la <strong>mina del Pe\u00f1oncillo<\/strong> o de la Concepci\u00f3n, entre los t\u00e9rminos municipales de Marbella y Oj\u00e9n. En 1955 se construy\u00f3 un funicular con acero y hormig\u00f3n que recorr\u00eda casi 3 kil\u00f3metros para acercar el material hasta la playa. El \u00faltimo tramo se adentraba en el mar 307 metros.<\/p>\n\n\n\n<h2 class=\"wp-block-heading\" id=\"h-los-yacimientos-arqueologicos-de-la-arana-y-cuevas-del-humo\"><strong>Los yacimientos arqueol\u00f3gicos de La Ara\u00f1a y Cuevas del Humo<\/strong><\/h2>\n\n\n\n<p>Nuestros antepasados supieron valorar el clima benigno de M\u00e1laga y eso se ve en el hecho de que es una tierra que <strong>ha estado habitada desde la Prehistoria<\/strong>. As\u00ed se puede comprobar con los diferentes restos de la \u00e9poca que hay por la provincia. Uno de ellos es los yacimientos arqueol\u00f3gicos de La Ara\u00f1a, Parque Prehist\u00f3rico de M\u00e1laga, donde se preservan y difunden las civilizaciones del Neandertal, Neol\u00edtico y Edad del Cobre.<\/p>\n\n\n\n<p>Es un <strong>paisaje realmente asombroso<\/strong>, entre oquedades y abrigos en la roca, en la Barriada de la Ara\u00f1a de M\u00e1laga. Puedes conocer m\u00e1s sobre el pasado gracias al Centro de Interpretaci\u00f3n que alberga reproducciones y piezas originales de los hallazgos. Las cuevas son visitables mediante cita previa.<\/p>\n\n\n\n<h2 class=\"wp-block-heading\" id=\"h-las-termas-romanas-de-torrox\"><strong>Las Termas Romanas de Torrox<\/strong><\/h2>\n\n\n\n<figure class=\"wp-block-image size-large\"><img loading=\"lazy\" decoding=\"async\" width=\"1024\" height=\"682\" src=\"https:\/\/www.escapadarural.com\/blog\/wp-content\/uploads\/2025\/09\/Termas-Romanas-de-Torrox-1024x682.webp\" alt=\"Termas Romanas de Torrox. M\u00e1laga, Costa del Sol\" class=\"wp-image-208402\" srcset=\"https:\/\/www.escapadarural.com\/blog\/wp-content\/uploads\/2025\/09\/Termas-Romanas-de-Torrox-200x133.webp 200w, https:\/\/www.escapadarural.com\/blog\/wp-content\/uploads\/2025\/09\/Termas-Romanas-de-Torrox-300x200.webp 300w, https:\/\/www.escapadarural.com\/blog\/wp-content\/uploads\/2025\/09\/Termas-Romanas-de-Torrox-400x266.webp 400w, https:\/\/www.escapadarural.com\/blog\/wp-content\/uploads\/2025\/09\/Termas-Romanas-de-Torrox-600x400.webp 600w, https:\/\/www.escapadarural.com\/blog\/wp-content\/uploads\/2025\/09\/Termas-Romanas-de-Torrox-768x511.webp 768w, https:\/\/www.escapadarural.com\/blog\/wp-content\/uploads\/2025\/09\/Termas-Romanas-de-Torrox-800x533.webp 800w, https:\/\/www.escapadarural.com\/blog\/wp-content\/uploads\/2025\/09\/Termas-Romanas-de-Torrox-1024x682.webp 1024w, https:\/\/www.escapadarural.com\/blog\/wp-content\/uploads\/2025\/09\/Termas-Romanas-de-Torrox.webp 1200w\" sizes=\"auto, (max-width: 1024px) 100vw, 1024px\" \/><figcaption class=\"wp-element-caption\">Termas Romanas de Torrox. Por: agaglowala<\/figcaption><\/figure>\n\n\n\n<p>Los romanos ya conoc\u00edan la importancia de cuidar el cuerpo y la mente, as\u00ed que <strong>son muchas las termas que construyeron<\/strong> por su bienestar. Destacamos las de Torrox, de peque\u00f1as dimensiones, pero con un buen estado de conservaci\u00f3n.<\/p>\n\n\n\n<p>Estos balnearios de la Antig\u00fcedad presentan una planta cuadrada a las que posteriormente se les a\u00f1adieron habitaciones. Se cree que ser\u00edan <strong>termas privadas del siglo I y II d.C<\/strong>. En sus restos se pueden identificar el <em>praefurnium <\/em>-donde estaban las calderas-, el <em>caldarium<\/em>, la sala de agua caliente y el <em>tepidarium <\/em>-la sala templada-. Se pueden ver en una calle paralela a la avenida del Faro de Torrox.<\/p>\n\n\n\n<h2 class=\"wp-block-heading\" id=\"h-la-torre-de-la-sal\"><strong>La Torre de la Sal<\/strong><\/h2>\n\n\n\n<figure class=\"wp-block-image size-large\"><img loading=\"lazy\" decoding=\"async\" width=\"1024\" height=\"682\" src=\"https:\/\/www.escapadarural.com\/blog\/wp-content\/uploads\/2025\/09\/Torre-de-la-Sal-en-Casares-1024x682.webp\" alt=\"Torre de la Sal en Casares. M\u00e1laga, Costa del Sol\" class=\"wp-image-208405\" srcset=\"https:\/\/www.escapadarural.com\/blog\/wp-content\/uploads\/2025\/09\/Torre-de-la-Sal-en-Casares-200x133.webp 200w, https:\/\/www.escapadarural.com\/blog\/wp-content\/uploads\/2025\/09\/Torre-de-la-Sal-en-Casares-300x200.webp 300w, https:\/\/www.escapadarural.com\/blog\/wp-content\/uploads\/2025\/09\/Torre-de-la-Sal-en-Casares-400x266.webp 400w, https:\/\/www.escapadarural.com\/blog\/wp-content\/uploads\/2025\/09\/Torre-de-la-Sal-en-Casares-600x400.webp 600w, https:\/\/www.escapadarural.com\/blog\/wp-content\/uploads\/2025\/09\/Torre-de-la-Sal-en-Casares-768x511.webp 768w, https:\/\/www.escapadarural.com\/blog\/wp-content\/uploads\/2025\/09\/Torre-de-la-Sal-en-Casares-800x533.webp 800w, https:\/\/www.escapadarural.com\/blog\/wp-content\/uploads\/2025\/09\/Torre-de-la-Sal-en-Casares-1024x682.webp 1024w, https:\/\/www.escapadarural.com\/blog\/wp-content\/uploads\/2025\/09\/Torre-de-la-Sal-en-Casares.webp 1200w\" sizes=\"auto, (max-width: 1024px) 100vw, 1024px\" \/><figcaption class=\"wp-element-caption\">Torre de la Sal. Por: David Acosta Allely<\/figcaption><\/figure>\n\n\n\n<p>Para conseguir <strong>una buena fotograf\u00eda junto al mar<\/strong> en M\u00e1laga, te recomendamos ir al paisaje que deja la Torre de la Sal en <strong>Casares<\/strong>. Se alza sobre un promontorio entre la desembocadura del r\u00edo Manilva y el arroyo de la Jordana. Es una obra isl\u00e1mica de estilo nazar\u00ed de planta cuadrada y dos alturas.<\/p>\n\n\n\n<p>Tambi\u00e9n se la conoce como <strong>Torre del Salto de la Mora<\/strong> por el nombre de la cala donde se encuentra, ya que era un punto clave para la defensa de la costa frente a las incursiones de piratas.<\/p>\n\n\n\n<h2 class=\"wp-block-heading\" id=\"h-el-ecomuseo-nereo\"><strong>El Ecomuseo Nereo<\/strong><\/h2>\n\n\n\n<p>En M\u00e1laga podemos conocer <strong>uno de los astilleros m\u00e1s antiguos de Espa\u00f1a<\/strong> y acercarnos a su artesan\u00eda. El Ecomuseo Nereo est\u00e1 en la playa de Pedregalejo, en las instalaciones de Astilleros Nereo, dedicados sobre todo a la artesan\u00eda de barcos de madera.<\/p>\n\n\n\n<p>El centro expositivo difunde la actividad de la Carpinter\u00eda de Ribera y de la Pesca Artesanal en el barrio de Pedregalejo en toda su dimensi\u00f3n antropol\u00f3gica. Una visita obligatoria para <strong>conocer la estrecha relaci\u00f3n de la poblaci\u00f3n malague\u00f1a con el mar<\/strong>.<\/p>\n\n\n\n<h2 class=\"wp-block-heading\" id=\"h-el-castillo-de-la-duquesa\"><strong>El Castillo de la Duquesa<\/strong><\/h2>\n\n\n\n<figure class=\"wp-block-image size-large\"><img loading=\"lazy\" decoding=\"async\" width=\"1024\" height=\"683\" src=\"https:\/\/www.escapadarural.com\/blog\/wp-content\/uploads\/2025\/09\/Castillo-de-la-Duquesa-1024x683.webp\" alt=\"Castillo de la Duquesa, M\u00e1laga. Costa del Sol\" class=\"wp-image-208408\" srcset=\"https:\/\/www.escapadarural.com\/blog\/wp-content\/uploads\/2025\/09\/Castillo-de-la-Duquesa-200x133.webp 200w, https:\/\/www.escapadarural.com\/blog\/wp-content\/uploads\/2025\/09\/Castillo-de-la-Duquesa-300x200.webp 300w, https:\/\/www.escapadarural.com\/blog\/wp-content\/uploads\/2025\/09\/Castillo-de-la-Duquesa-400x267.webp 400w, https:\/\/www.escapadarural.com\/blog\/wp-content\/uploads\/2025\/09\/Castillo-de-la-Duquesa-600x400.webp 600w, https:\/\/www.escapadarural.com\/blog\/wp-content\/uploads\/2025\/09\/Castillo-de-la-Duquesa-768x512.webp 768w, https:\/\/www.escapadarural.com\/blog\/wp-content\/uploads\/2025\/09\/Castillo-de-la-Duquesa-800x533.webp 800w, https:\/\/www.escapadarural.com\/blog\/wp-content\/uploads\/2025\/09\/Castillo-de-la-Duquesa-1024x683.webp 1024w, https:\/\/www.escapadarural.com\/blog\/wp-content\/uploads\/2025\/09\/Castillo-de-la-Duquesa.webp 1200w\" sizes=\"auto, (max-width: 1024px) 100vw, 1024px\" \/><figcaption class=\"wp-element-caption\">Castillo de la Duquesa. Por: gb27photo<\/figcaption><\/figure>\n\n\n\n<p>En el t\u00e9rmino municipal de Manilva hab\u00eda una villa romana cuyo material se emple\u00f3 para levantar <strong>una gran fortaleza en el siglo XVIII<\/strong>. Hablamos del Castillo de la Duquesa o Fort\u00edn de Sabinillas, construido para proteger un gran fondeadero cerca de Gibraltar.<\/p>\n\n\n\n<p>Hoy cuenta con una zona expositiva en la que <strong>se muestran las antiguas termas romanas, la necr\u00f3polis y las industrias<\/strong> de salaz\u00f3n de pescado, adem\u00e1s de contar con materiales procedentes de otros yacimientos arqueol\u00f3gicos pr\u00f3ximos. Todo el recinto est\u00e1 rodeado con grandes torres circulares y una gran muralla.<\/p>\n\n\n\n<p>La Costa del Sol malague\u00f1a es monumental, en el sentido m\u00e1s amplio de la palabra. Alberga <strong>maravillas naturales, hist\u00f3ricas y culturales<\/strong> de lo m\u00e1s variadas: cuevas, dunas, vestigios industriales, artesan\u00eda, fortalezas\u2026 Y esta es solo una peque\u00f1a parte. \u00bfQuieres conocer m\u00e1s? <a href=\"https:\/\/www.visitacostadelsol.com\/malaga-costa-del-sol\/cultura\/monumentos\" target=\"_blank\" rel=\"noreferrer noopener nofollow\">Aqu\u00ed encontrar\u00e1s m\u00e1s hitos fascinantes<\/a>.<\/p>\n\n\n\n<div class=\"wp-block-buttons is-layout-flex wp-block-buttons-is-layout-flex\">\n<div class=\"wp-block-button\"><a class=\"wp-block-button__link wp-element-button\" href=\"\/destinos\/costa-del-sol\">Ver m\u00e1s planes en la Costa del Sol<\/a><\/div>\n<\/div>\n\n\n\n<figure class=\"wp-block-image size-full\"><img loading=\"lazy\" decoding=\"async\" width=\"800\" height=\"150\" src=\"https:\/\/www.escapadarural.com\/blog\/wp-content\/uploads\/2025\/09\/logo-costa-del-sol-horizontal.webp\" alt=\"Logo Costa del Sol - M\u00e1laga\" class=\"wp-image-208274\" srcset=\"https:\/\/www.escapadarural.com\/blog\/wp-content\/uploads\/2025\/09\/logo-costa-del-sol-horizontal-200x38.webp 200w, https:\/\/www.escapadarural.com\/blog\/wp-content\/uploads\/2025\/09\/logo-costa-del-sol-horizontal-300x56.webp 300w, https:\/\/www.escapadarural.com\/blog\/wp-content\/uploads\/2025\/09\/logo-costa-del-sol-horizontal-400x75.webp 400w, https:\/\/www.escapadarural.com\/blog\/wp-content\/uploads\/2025\/09\/logo-costa-del-sol-horizontal-600x113.webp 600w, https:\/\/www.escapadarural.com\/blog\/wp-content\/uploads\/2025\/09\/logo-costa-del-sol-horizontal-768x144.webp 768w, https:\/\/www.escapadarural.com\/blog\/wp-content\/uploads\/2025\/09\/logo-costa-del-sol-horizontal.webp 800w\" sizes=\"auto, (max-width: 800px) 100vw, 800px\" \/><\/figure>\n","protected":false},"excerpt":{"rendered":"<p>En la Costa del Sol podremos descubrir unos singulares monumentos -naturales, hist\u00f3ricos y arquitect\u00f3nicos- que nos dejar\u00e1n sin palabras<\/p>\n","protected":false},"author":123,"featured_media":208391,"comment_status":"open","ping_status":"open","sticky":false,"template":"","format":"standard","meta":{"_acf_changed":false,"om_disable_all_campaigns":false,"footnotes":""},"categories":[191,309],"tags":[6502,2717,5415,6499,6496,6497,6498,792,6503,870,1500,2840,6501,6500],"class_list":["post-208317","post","type-post","status-publish","format-standard","has-post-thumbnail","hentry","category-destinos","category-paisajes","tag-castillo-de-la-duquesa","tag-costa-del-sol","tag-cueva-del-tesoro","tag-cuevas-del-humo","tag-dunas-de-artola","tag-el-cable","tag-la-arana","tag-que-ver-en-malaga","tag-manilva","tag-monumentos","tag-otono","tag-recomendaciones","tag-torre-de-la-sal","tag-torrox"],"acf":[],"featured_image_src":"https:\/\/www.escapadarural.com\/blog\/wp-content\/uploads\/2025\/09\/La-Cueva-del-Tesoro.webp","author_info":{"display_name":"Raquel Andr\u00e9s","author_link":"https:\/\/www.escapadarural.com\/blog\/autor\/raquel\/"},"yoast_head":"<!-- This site is optimized with the Yoast SEO plugin v27.5 - https:\/\/yoast.com\/product\/yoast-seo-wordpress\/ -->\n<title>Los monumentos m\u00e1s singulares de la Costa del Sol<\/title>\n<meta name=\"description\" content=\"En la Costa del Sol podremos descubrir unos singulares monumentos -naturales, hist\u00f3ricos y arquitect\u00f3nicos- que nos dejar\u00e1n sin palabras\" \/>\n<meta name=\"robots\" content=\"index, follow, max-snippet:-1, max-image-preview:large, max-video-preview:-1\" \/>\n<link rel=\"canonical\" href=\"https:\/\/www.escapadarural.com\/blog\/costa-del-sol-monumentos\/\" \/>\n<meta property=\"og:locale\" content=\"es_ES\" \/>\n<meta property=\"og:type\" content=\"article\" \/>\n<meta property=\"og:title\" content=\"Los monumentos m\u00e1s singulares de la Costa del Sol\" \/>\n<meta property=\"og:description\" content=\"En la Costa del Sol podremos descubrir unos singulares monumentos -naturales, hist\u00f3ricos y arquitect\u00f3nicos- que nos dejar\u00e1n sin palabras\" \/>\n<meta property=\"og:url\" content=\"https:\/\/www.escapadarural.com\/blog\/costa-del-sol-monumentos\/\" \/>\n<meta property=\"og:site_name\" content=\"Magazine de viajes de EscapadaRural\" \/>\n<meta property=\"article:publisher\" content=\"https:\/\/www.facebook.com\/escapadarural\" \/>\n<meta property=\"article:published_time\" content=\"2025-09-14T10:13:23+00:00\" \/>\n<meta property=\"article:modified_time\" content=\"2026-03-20T11:42:25+00:00\" \/>\n<meta property=\"og:image\" content=\"https:\/\/www.escapadarural.com\/blog\/wp-content\/uploads\/2025\/09\/La-Cueva-del-Tesoro.webp?v=1774006945\" \/>\n\t<meta property=\"og:image:width\" content=\"1200\" \/>\n\t<meta property=\"og:image:height\" content=\"800\" \/>\n\t<meta property=\"og:image:type\" content=\"image\/webp\" \/>\n<meta name=\"author\" content=\"Raquel Andr\u00e9s\" \/>\n<meta name=\"twitter:card\" content=\"summary_large_image\" \/>\n<meta name=\"twitter:label1\" content=\"Escrito por\" \/>\n\t<meta name=\"twitter:data1\" content=\"Raquel Andr\u00e9s\" \/>\n\t<meta name=\"twitter:label2\" content=\"Tiempo de lectura\" \/>\n\t<meta name=\"twitter:data2\" content=\"6 minutos\" \/>\n<script type=\"application\/ld+json\" class=\"yoast-schema-graph\">{\"@context\":\"https:\\\/\\\/schema.org\",\"@graph\":[{\"@type\":\"Article\",\"@id\":\"https:\\\/\\\/www.escapadarural.com\\\/blog\\\/costa-del-sol-monumentos\\\/#article\",\"isPartOf\":{\"@id\":\"https:\\\/\\\/www.escapadarural.com\\\/blog\\\/costa-del-sol-monumentos\\\/\"},\"author\":{\"name\":\"Raquel Andr\u00e9s\",\"@id\":\"https:\\\/\\\/www.escapadarural.com\\\/blog\\\/#\\\/schema\\\/person\\\/67be061eb00d8315fa8642e01b88c894\"},\"headline\":\"Lo m\u00e1s singular de la Costa del Sol: monumentos que te dejar\u00e1n sin palabras\",\"datePublished\":\"2025-09-14T10:13:23+00:00\",\"dateModified\":\"2026-03-20T11:42:25+00:00\",\"mainEntityOfPage\":{\"@id\":\"https:\\\/\\\/www.escapadarural.com\\\/blog\\\/costa-del-sol-monumentos\\\/\"},\"wordCount\":1237,\"commentCount\":0,\"publisher\":{\"@id\":\"https:\\\/\\\/www.escapadarural.com\\\/blog\\\/#organization\"},\"image\":{\"@id\":\"https:\\\/\\\/www.escapadarural.com\\\/blog\\\/costa-del-sol-monumentos\\\/#primaryimage\"},\"thumbnailUrl\":\"https:\\\/\\\/www.escapadarural.com\\\/blog\\\/wp-content\\\/uploads\\\/2025\\\/09\\\/La-Cueva-del-Tesoro.webp\",\"keywords\":[\"Castillo de la Duquesa\",\"Costa del Sol\",\"cueva del tesoro\",\"Cuevas del Humo\",\"Dunas de Artola\",\"El Cable\",\"La Ara\u00f1a\",\"M\u00e1laga\",\"Manilva\",\"Monumentos\",\"Oto\u00f1o\",\"Recomendaciones\",\"Torre de la Sal\",\"Torrox\"],\"articleSection\":[\"Destinos\",\"Paisajes\"],\"inLanguage\":\"es\",\"potentialAction\":[{\"@type\":\"CommentAction\",\"name\":\"Comment\",\"target\":[\"https:\\\/\\\/www.escapadarural.com\\\/blog\\\/costa-del-sol-monumentos\\\/#respond\"]}]},{\"@type\":\"WebPage\",\"@id\":\"https:\\\/\\\/www.escapadarural.com\\\/blog\\\/costa-del-sol-monumentos\\\/\",\"url\":\"https:\\\/\\\/www.escapadarural.com\\\/blog\\\/costa-del-sol-monumentos\\\/\",\"name\":\"Los monumentos m\u00e1s singulares de la Costa del Sol\",\"isPartOf\":{\"@id\":\"https:\\\/\\\/www.escapadarural.com\\\/blog\\\/#website\"},\"primaryImageOfPage\":{\"@id\":\"https:\\\/\\\/www.escapadarural.com\\\/blog\\\/costa-del-sol-monumentos\\\/#primaryimage\"},\"image\":{\"@id\":\"https:\\\/\\\/www.escapadarural.com\\\/blog\\\/costa-del-sol-monumentos\\\/#primaryimage\"},\"thumbnailUrl\":\"https:\\\/\\\/www.escapadarural.com\\\/blog\\\/wp-content\\\/uploads\\\/2025\\\/09\\\/La-Cueva-del-Tesoro.webp\",\"datePublished\":\"2025-09-14T10:13:23+00:00\",\"dateModified\":\"2026-03-20T11:42:25+00:00\",\"description\":\"En la Costa del Sol podremos descubrir unos singulares monumentos -naturales, hist\u00f3ricos y arquitect\u00f3nicos- que nos dejar\u00e1n sin palabras\",\"breadcrumb\":{\"@id\":\"https:\\\/\\\/www.escapadarural.com\\\/blog\\\/costa-del-sol-monumentos\\\/#breadcrumb\"},\"inLanguage\":\"es\",\"potentialAction\":[{\"@type\":\"ReadAction\",\"target\":[\"https:\\\/\\\/www.escapadarural.com\\\/blog\\\/costa-del-sol-monumentos\\\/\"]}]},{\"@type\":\"ImageObject\",\"inLanguage\":\"es\",\"@id\":\"https:\\\/\\\/www.escapadarural.com\\\/blog\\\/costa-del-sol-monumentos\\\/#primaryimage\",\"url\":\"https:\\\/\\\/www.escapadarural.com\\\/blog\\\/wp-content\\\/uploads\\\/2025\\\/09\\\/La-Cueva-del-Tesoro.webp\",\"contentUrl\":\"https:\\\/\\\/www.escapadarural.com\\\/blog\\\/wp-content\\\/uploads\\\/2025\\\/09\\\/La-Cueva-del-Tesoro.webp\",\"width\":1200,\"height\":800,\"caption\":\"La Cueva del Tesoro. Por: victor\"},{\"@type\":\"BreadcrumbList\",\"@id\":\"https:\\\/\\\/www.escapadarural.com\\\/blog\\\/costa-del-sol-monumentos\\\/#breadcrumb\",\"itemListElement\":[{\"@type\":\"ListItem\",\"position\":1,\"name\":\"Inicio\",\"item\":\"https:\\\/\\\/www.escapadarural.com\\\/blog\\\/\"},{\"@type\":\"ListItem\",\"position\":2,\"name\":\"Destinos\",\"item\":\"https:\\\/\\\/www.escapadarural.com\\\/blog\\\/categoria\\\/destinos\\\/\"},{\"@type\":\"ListItem\",\"position\":3,\"name\":\"Lo m\u00e1s singular de la Costa del Sol: monumentos que te dejar\u00e1n sin palabras\"}]},{\"@type\":\"WebSite\",\"@id\":\"https:\\\/\\\/www.escapadarural.com\\\/blog\\\/#website\",\"url\":\"https:\\\/\\\/www.escapadarural.com\\\/blog\\\/\",\"name\":\"Blog de viajes | turismo rural, alojamientos e inspiraci\u00f3n\",\"description\":\"Alojamientos rurales e inspiraci\u00f3n para tus escapadas\",\"publisher\":{\"@id\":\"https:\\\/\\\/www.escapadarural.com\\\/blog\\\/#organization\"},\"alternateName\":\"Magazine de viajes de EscapadaRural\",\"potentialAction\":[{\"@type\":\"SearchAction\",\"target\":{\"@type\":\"EntryPoint\",\"urlTemplate\":\"https:\\\/\\\/www.escapadarural.com\\\/blog\\\/?s={search_term_string}\"},\"query-input\":{\"@type\":\"PropertyValueSpecification\",\"valueRequired\":true,\"valueName\":\"search_term_string\"}}],\"inLanguage\":\"es\"},{\"@type\":\"Organization\",\"@id\":\"https:\\\/\\\/www.escapadarural.com\\\/blog\\\/#organization\",\"name\":\"EscapadaRural\",\"url\":\"https:\\\/\\\/www.escapadarural.com\\\/blog\\\/\",\"logo\":{\"@type\":\"ImageObject\",\"inLanguage\":\"es\",\"@id\":\"https:\\\/\\\/www.escapadarural.com\\\/blog\\\/#\\\/schema\\\/logo\\\/image\\\/\",\"url\":\"https:\\\/\\\/www.escapadarural.com\\\/blog\\\/wp-content\\\/uploads\\\/2024\\\/10\\\/cropped-cropped-escapada-rural-icon-mag-3.png\",\"contentUrl\":\"https:\\\/\\\/www.escapadarural.com\\\/blog\\\/wp-content\\\/uploads\\\/2024\\\/10\\\/cropped-cropped-escapada-rural-icon-mag-3.png\",\"width\":512,\"height\":512,\"caption\":\"EscapadaRural\"},\"image\":{\"@id\":\"https:\\\/\\\/www.escapadarural.com\\\/blog\\\/#\\\/schema\\\/logo\\\/image\\\/\"},\"sameAs\":[\"https:\\\/\\\/www.facebook.com\\\/escapadarural\",\"https:\\\/\\\/www.instagram.com\\\/escapadarural\\\/\",\"https:\\\/\\\/www.youtube.com\\\/@escapadaruralcom\"]},{\"@type\":\"Person\",\"@id\":\"https:\\\/\\\/www.escapadarural.com\\\/blog\\\/#\\\/schema\\\/person\\\/67be061eb00d8315fa8642e01b88c894\",\"name\":\"Raquel Andr\u00e9s\",\"image\":{\"@type\":\"ImageObject\",\"inLanguage\":\"es\",\"@id\":\"https:\\\/\\\/secure.gravatar.com\\\/avatar\\\/b45840531462f3cafb335a9fc5c0bfda2c07c3df4b82b304b923526b85cc6cb5?s=96&d=mm&r=g\",\"url\":\"https:\\\/\\\/secure.gravatar.com\\\/avatar\\\/b45840531462f3cafb335a9fc5c0bfda2c07c3df4b82b304b923526b85cc6cb5?s=96&d=mm&r=g\",\"contentUrl\":\"https:\\\/\\\/secure.gravatar.com\\\/avatar\\\/b45840531462f3cafb335a9fc5c0bfda2c07c3df4b82b304b923526b85cc6cb5?s=96&d=mm&r=g\",\"caption\":\"Raquel Andr\u00e9s\"},\"description\":\"Periodista y aventurera. Me has podido leer en Escapada Rural, Diari Nosaltres La Veu, La Vanguardia, El Salto y otros medios. Habitante y amante de las zonas rurales, sea cual sea el destino. Procuro escaparme una vez por semana con las botas de monta\u00f1a, el arn\u00e9s o el neopreno. Tambi\u00e9n soy un intento de baserritarra.\",\"url\":\"https:\\\/\\\/www.escapadarural.com\\\/blog\\\/autor\\\/raquel\\\/\"}]}<\/script>\n<!-- \/ Yoast SEO plugin. -->","yoast_head_json":{"title":"Los monumentos m\u00e1s singulares de la Costa del Sol","description":"En la Costa del Sol podremos descubrir unos singulares monumentos -naturales, hist\u00f3ricos y arquitect\u00f3nicos- que nos dejar\u00e1n sin palabras","robots":{"index":"index","follow":"follow","max-snippet":"max-snippet:-1","max-image-preview":"max-image-preview:large","max-video-preview":"max-video-preview:-1"},"canonical":"https:\/\/www.escapadarural.com\/blog\/costa-del-sol-monumentos\/","og_locale":"es_ES","og_type":"article","og_title":"Los monumentos m\u00e1s singulares de la Costa del Sol","og_description":"En la Costa del Sol podremos descubrir unos singulares monumentos -naturales, hist\u00f3ricos y arquitect\u00f3nicos- que nos dejar\u00e1n sin palabras","og_url":"https:\/\/www.escapadarural.com\/blog\/costa-del-sol-monumentos\/","og_site_name":"Magazine de viajes de EscapadaRural","article_publisher":"https:\/\/www.facebook.com\/escapadarural","article_published_time":"2025-09-14T10:13:23+00:00","article_modified_time":"2026-03-20T11:42:25+00:00","og_image":[{"width":1200,"height":800,"url":"https:\/\/www.escapadarural.com\/blog\/wp-content\/uploads\/2025\/09\/La-Cueva-del-Tesoro.webp?v=1774006945","type":"image\/webp"}],"author":"Raquel Andr\u00e9s","twitter_card":"summary_large_image","twitter_misc":{"Escrito por":"Raquel Andr\u00e9s","Tiempo de lectura":"6 minutos"},"schema":{"@context":"https:\/\/schema.org","@graph":[{"@type":"Article","@id":"https:\/\/www.escapadarural.com\/blog\/costa-del-sol-monumentos\/#article","isPartOf":{"@id":"https:\/\/www.escapadarural.com\/blog\/costa-del-sol-monumentos\/"},"author":{"name":"Raquel Andr\u00e9s","@id":"https:\/\/www.escapadarural.com\/blog\/#\/schema\/person\/67be061eb00d8315fa8642e01b88c894"},"headline":"Lo m\u00e1s singular de la Costa del Sol: monumentos que te dejar\u00e1n sin palabras","datePublished":"2025-09-14T10:13:23+00:00","dateModified":"2026-03-20T11:42:25+00:00","mainEntityOfPage":{"@id":"https:\/\/www.escapadarural.com\/blog\/costa-del-sol-monumentos\/"},"wordCount":1237,"commentCount":0,"publisher":{"@id":"https:\/\/www.escapadarural.com\/blog\/#organization"},"image":{"@id":"https:\/\/www.escapadarural.com\/blog\/costa-del-sol-monumentos\/#primaryimage"},"thumbnailUrl":"https:\/\/www.escapadarural.com\/blog\/wp-content\/uploads\/2025\/09\/La-Cueva-del-Tesoro.webp","keywords":["Castillo de la Duquesa","Costa del Sol","cueva del tesoro","Cuevas del Humo","Dunas de Artola","El Cable","La Ara\u00f1a","M\u00e1laga","Manilva","Monumentos","Oto\u00f1o","Recomendaciones","Torre de la Sal","Torrox"],"articleSection":["Destinos","Paisajes"],"inLanguage":"es","potentialAction":[{"@type":"CommentAction","name":"Comment","target":["https:\/\/www.escapadarural.com\/blog\/costa-del-sol-monumentos\/#respond"]}]},{"@type":"WebPage","@id":"https:\/\/www.escapadarural.com\/blog\/costa-del-sol-monumentos\/","url":"https:\/\/www.escapadarural.com\/blog\/costa-del-sol-monumentos\/","name":"Los monumentos m\u00e1s singulares de la Costa del Sol","isPartOf":{"@id":"https:\/\/www.escapadarural.com\/blog\/#website"},"primaryImageOfPage":{"@id":"https:\/\/www.escapadarural.com\/blog\/costa-del-sol-monumentos\/#primaryimage"},"image":{"@id":"https:\/\/www.escapadarural.com\/blog\/costa-del-sol-monumentos\/#primaryimage"},"thumbnailUrl":"https:\/\/www.escapadarural.com\/blog\/wp-content\/uploads\/2025\/09\/La-Cueva-del-Tesoro.webp","datePublished":"2025-09-14T10:13:23+00:00","dateModified":"2026-03-20T11:42:25+00:00","description":"En la Costa del Sol podremos descubrir unos singulares monumentos -naturales, hist\u00f3ricos y arquitect\u00f3nicos- que nos dejar\u00e1n sin palabras","breadcrumb":{"@id":"https:\/\/www.escapadarural.com\/blog\/costa-del-sol-monumentos\/#breadcrumb"},"inLanguage":"es","potentialAction":[{"@type":"ReadAction","target":["https:\/\/www.escapadarural.com\/blog\/costa-del-sol-monumentos\/"]}]},{"@type":"ImageObject","inLanguage":"es","@id":"https:\/\/www.escapadarural.com\/blog\/costa-del-sol-monumentos\/#primaryimage","url":"https:\/\/www.escapadarural.com\/blog\/wp-content\/uploads\/2025\/09\/La-Cueva-del-Tesoro.webp","contentUrl":"https:\/\/www.escapadarural.com\/blog\/wp-content\/uploads\/2025\/09\/La-Cueva-del-Tesoro.webp","width":1200,"height":800,"caption":"La Cueva del Tesoro. Por: victor"},{"@type":"BreadcrumbList","@id":"https:\/\/www.escapadarural.com\/blog\/costa-del-sol-monumentos\/#breadcrumb","itemListElement":[{"@type":"ListItem","position":1,"name":"Inicio","item":"https:\/\/www.escapadarural.com\/blog\/"},{"@type":"ListItem","position":2,"name":"Destinos","item":"https:\/\/www.escapadarural.com\/blog\/categoria\/destinos\/"},{"@type":"ListItem","position":3,"name":"Lo m\u00e1s singular de la Costa del Sol: monumentos que te dejar\u00e1n sin palabras"}]},{"@type":"WebSite","@id":"https:\/\/www.escapadarural.com\/blog\/#website","url":"https:\/\/www.escapadarural.com\/blog\/","name":"Blog de viajes | turismo rural, alojamientos e inspiraci\u00f3n","description":"Alojamientos rurales e inspiraci\u00f3n para tus escapadas","publisher":{"@id":"https:\/\/www.escapadarural.com\/blog\/#organization"},"alternateName":"Magazine de viajes de EscapadaRural","potentialAction":[{"@type":"SearchAction","target":{"@type":"EntryPoint","urlTemplate":"https:\/\/www.escapadarural.com\/blog\/?s={search_term_string}"},"query-input":{"@type":"PropertyValueSpecification","valueRequired":true,"valueName":"search_term_string"}}],"inLanguage":"es"},{"@type":"Organization","@id":"https:\/\/www.escapadarural.com\/blog\/#organization","name":"EscapadaRural","url":"https:\/\/www.escapadarural.com\/blog\/","logo":{"@type":"ImageObject","inLanguage":"es","@id":"https:\/\/www.escapadarural.com\/blog\/#\/schema\/logo\/image\/","url":"https:\/\/www.escapadarural.com\/blog\/wp-content\/uploads\/2024\/10\/cropped-cropped-escapada-rural-icon-mag-3.png","contentUrl":"https:\/\/www.escapadarural.com\/blog\/wp-content\/uploads\/2024\/10\/cropped-cropped-escapada-rural-icon-mag-3.png","width":512,"height":512,"caption":"EscapadaRural"},"image":{"@id":"https:\/\/www.escapadarural.com\/blog\/#\/schema\/logo\/image\/"},"sameAs":["https:\/\/www.facebook.com\/escapadarural","https:\/\/www.instagram.com\/escapadarural\/","https:\/\/www.youtube.com\/@escapadaruralcom"]},{"@type":"Person","@id":"https:\/\/www.escapadarural.com\/blog\/#\/schema\/person\/67be061eb00d8315fa8642e01b88c894","name":"Raquel Andr\u00e9s","image":{"@type":"ImageObject","inLanguage":"es","@id":"https:\/\/secure.gravatar.com\/avatar\/b45840531462f3cafb335a9fc5c0bfda2c07c3df4b82b304b923526b85cc6cb5?s=96&d=mm&r=g","url":"https:\/\/secure.gravatar.com\/avatar\/b45840531462f3cafb335a9fc5c0bfda2c07c3df4b82b304b923526b85cc6cb5?s=96&d=mm&r=g","contentUrl":"https:\/\/secure.gravatar.com\/avatar\/b45840531462f3cafb335a9fc5c0bfda2c07c3df4b82b304b923526b85cc6cb5?s=96&d=mm&r=g","caption":"Raquel Andr\u00e9s"},"description":"Periodista y aventurera. Me has podido leer en Escapada Rural, Diari Nosaltres La Veu, La Vanguardia, El Salto y otros medios. Habitante y amante de las zonas rurales, sea cual sea el destino. Procuro escaparme una vez por semana con las botas de monta\u00f1a, el arn\u00e9s o el neopreno. Tambi\u00e9n soy un intento de baserritarra.","url":"https:\/\/www.escapadarural.com\/blog\/autor\/raquel\/"}]}},"_links":{"self":[{"href":"https:\/\/www.escapadarural.com\/blog\/wp-json\/wp\/v2\/posts\/208317","targetHints":{"allow":["GET"]}}],"collection":[{"href":"https:\/\/www.escapadarural.com\/blog\/wp-json\/wp\/v2\/posts"}],"about":[{"href":"https:\/\/www.escapadarural.com\/blog\/wp-json\/wp\/v2\/types\/post"}],"author":[{"embeddable":true,"href":"https:\/\/www.escapadarural.com\/blog\/wp-json\/wp\/v2\/users\/123"}],"replies":[{"embeddable":true,"href":"https:\/\/www.escapadarural.com\/blog\/wp-json\/wp\/v2\/comments?post=208317"}],"version-history":[{"count":0,"href":"https:\/\/www.escapadarural.com\/blog\/wp-json\/wp\/v2\/posts\/208317\/revisions"}],"wp:featuredmedia":[{"embeddable":true,"href":"https:\/\/www.escapadarural.com\/blog\/wp-json\/wp\/v2\/media\/208391"}],"wp:attachment":[{"href":"https:\/\/www.escapadarural.com\/blog\/wp-json\/wp\/v2\/media?parent=208317"}],"wp:term":[{"taxonomy":"category","embeddable":true,"href":"https:\/\/www.escapadarural.com\/blog\/wp-json\/wp\/v2\/categories?post=208317"},{"taxonomy":"post_tag","embeddable":true,"href":"https:\/\/www.escapadarural.com\/blog\/wp-json\/wp\/v2\/tags?post=208317"}],"curies":[{"name":"wp","href":"https:\/\/api.w.org\/{rel}","templated":true}]}}