{"id":208554,"date":"2025-12-14T08:55:00","date_gmt":"2025-12-14T07:55:00","guid":{"rendered":"https:\/\/www.escapadarural.com\/blog\/?p=208554"},"modified":"2026-03-18T15:45:47","modified_gmt":"2026-03-18T14:45:47","slug":"ruta-a-los-arcos-de-castell-de-castells-alicante","status":"publish","type":"post","link":"https:\/\/www.escapadarural.com\/blog\/los-arcos-de-castell-de-castells-una-obra-de-arte-geologica\/","title":{"rendered":"Ruta a los arcos de Castell de Castells, una obra de arte geol\u00f3gica"},"content":{"rendered":"\n<figure class=\"wp-block-image size-large\"><img loading=\"lazy\" decoding=\"async\" width=\"1024\" height=\"683\" src=\"https:\/\/www.escapadarural.com\/blog\/wp-content\/uploads\/2025\/09\/AdobeStock_463143013_arcos-1024x683.webp\" alt=\"Arcos de Castell de Castells, en Alicante. Por Jose Aldeguer.\" class=\"wp-image-208557\" srcset=\"https:\/\/www.escapadarural.com\/blog\/wp-content\/uploads\/2025\/09\/AdobeStock_463143013_arcos-200x133.webp 200w, https:\/\/www.escapadarural.com\/blog\/wp-content\/uploads\/2025\/09\/AdobeStock_463143013_arcos-300x200.webp 300w, https:\/\/www.escapadarural.com\/blog\/wp-content\/uploads\/2025\/09\/AdobeStock_463143013_arcos-400x267.webp 400w, https:\/\/www.escapadarural.com\/blog\/wp-content\/uploads\/2025\/09\/AdobeStock_463143013_arcos-600x400.webp 600w, https:\/\/www.escapadarural.com\/blog\/wp-content\/uploads\/2025\/09\/AdobeStock_463143013_arcos-768x512.webp 768w, https:\/\/www.escapadarural.com\/blog\/wp-content\/uploads\/2025\/09\/AdobeStock_463143013_arcos-800x533.webp 800w, https:\/\/www.escapadarural.com\/blog\/wp-content\/uploads\/2025\/09\/AdobeStock_463143013_arcos-1024x683.webp 1024w, https:\/\/www.escapadarural.com\/blog\/wp-content\/uploads\/2025\/09\/AdobeStock_463143013_arcos-1200x800.webp 1200w, https:\/\/www.escapadarural.com\/blog\/wp-content\/uploads\/2025\/09\/AdobeStock_463143013_arcos-1536x1024.webp 1536w\" sizes=\"auto, (max-width: 1024px) 100vw, 1024px\" \/><figcaption class=\"wp-element-caption\">Arcos de Castell de Castells, en Alicante. Por Jose Aldeguer.<\/figcaption><\/figure>\n\n\n\n<p>La naturaleza adquiere formas sorprendentes con el paso del tiempo. Un ejemplo claro es el de las cuevas plagadas de estalactitas y estalagmitas, unas formas propias del mejor escultor pero que no llevan la firma de ning\u00fan humano. Tambi\u00e9n lo son los arcos geol\u00f3gicos, producto de la horadaci\u00f3n de la piedra en un acantilado, por ejemplo. As\u00ed se configuran unos agujeros que pueden parecer una ventana o un puente y son, como poco, llamativos. Los <strong>arcos de Castell de Castells o Arcs d\u2019Atan\u00e7os<\/strong>, en <a href=\"\/casas-rurales\/alicante\">Alicante<\/a>, suponen una buena muestra de ello.<\/p>\n\n\n\n<div class=\"wp-block-buttons is-layout-flex wp-block-buttons-is-layout-flex\">\n<div class=\"wp-block-button\"><a class=\"wp-block-button__link wp-element-button\" href=\"\/casas-rurales\/alicante\">Alojamientos rurales en Alicante<\/a><\/div>\n<\/div>\n\n\n\n<p>Situados en el Paraje Natural Municipal Els Arcs, concretamente entre <strong><a href=\"\/casas-rurales\/tarbena\">T\u00e0rbena<\/a> y Castell de Castells<\/strong>, el pueblo que les da uno de sus nombres, se puede llegar a ellos mediante una ruta de senderismo. Esta es bastante asequible para aquellas personas que no est\u00e9n demasiado iniciadas en la monta\u00f1a, aunque siempre es necesario equiparse bien para caminar entre piedras y a cierta altura. Es importante llevar ropa y calzado adecuado, agua suficiente y alg\u00fan tentempi\u00e9, por si acaso.<\/p>\n\n\n\n<figure class=\"wp-block-image size-large\"><img loading=\"lazy\" decoding=\"async\" width=\"1024\" height=\"683\" src=\"https:\/\/www.escapadarural.com\/blog\/wp-content\/uploads\/2025\/09\/AdobeStock_463142988_arcs3-1024x683.webp\" alt=\"Arcos de Castell de Castells, en Alicante. Por Jose Aldeguer.\" class=\"wp-image-208561\" srcset=\"https:\/\/www.escapadarural.com\/blog\/wp-content\/uploads\/2025\/09\/AdobeStock_463142988_arcs3-200x133.webp 200w, https:\/\/www.escapadarural.com\/blog\/wp-content\/uploads\/2025\/09\/AdobeStock_463142988_arcs3-300x200.webp 300w, https:\/\/www.escapadarural.com\/blog\/wp-content\/uploads\/2025\/09\/AdobeStock_463142988_arcs3-400x267.webp 400w, https:\/\/www.escapadarural.com\/blog\/wp-content\/uploads\/2025\/09\/AdobeStock_463142988_arcs3-600x400.webp 600w, https:\/\/www.escapadarural.com\/blog\/wp-content\/uploads\/2025\/09\/AdobeStock_463142988_arcs3-768x512.webp 768w, https:\/\/www.escapadarural.com\/blog\/wp-content\/uploads\/2025\/09\/AdobeStock_463142988_arcs3-800x533.webp 800w, https:\/\/www.escapadarural.com\/blog\/wp-content\/uploads\/2025\/09\/AdobeStock_463142988_arcs3-1024x683.webp 1024w, https:\/\/www.escapadarural.com\/blog\/wp-content\/uploads\/2025\/09\/AdobeStock_463142988_arcs3-1200x800.webp 1200w, https:\/\/www.escapadarural.com\/blog\/wp-content\/uploads\/2025\/09\/AdobeStock_463142988_arcs3-1536x1024.webp 1536w\" sizes=\"auto, (max-width: 1024px) 100vw, 1024px\" \/><figcaption class=\"wp-element-caption\">Arcos de Castell de Castells, en Alicante. Por Jose Aldeguer.<\/figcaption><\/figure>\n\n\n\n<h2 class=\"wp-block-heading\" id=\"h-ruta-a-los-arcos-de-castell-de-castells\">Ruta a los arcos de Castell de Castells<\/h2>\n\n\n\n<p>La<strong>ruta a los arcos de Castell de Castells es circular,<\/strong> mide unos 7 kil\u00f3metros y medio y, como se ha dicho, su nivel de dificultad es f\u00e1cil. Se alcanza una altitud m\u00e1xima de 832 metros, la m\u00ednima es de 711 metros y el desnivel que se acumula, tanto positivo como negativo, es de 206 metros. Se completa en menos de dos horas y media, dependiendo de la marcha que llevemos.<\/p>\n\n\n<div style=\"background-color: #dff0d8; color: #3c763d; border-left-color: #3c763d; \" class=\"ub-styled-box ub-notification-box wp-block-ub-styled-box\" id=\"ub-styled-box-b58ae749-af4c-497b-bb2d-1c7ac52f2507\">\n<p id=\"ub-styled-box-notification-content-\"><strong>Longitud<\/strong>: 7,7 kil\u00f3metros<\/p>\n\n\n\n<p><strong>Dificultad<\/strong>: f\u00e1cil<\/p>\n\n\n\n<p><strong>Tipo de ruta<\/strong>: circular<\/p>\n\n\n\n<p><a href=\"https:\/\/es.wikiloc.com\/rutas-senderismo\/els-arcs-de-castell-de-castells-130764951\" target=\"_blank\" rel=\"noreferrer noopener nofollow\">Track de Wikiloc<\/a><\/p>\n\n\n<\/div>\n\n\n<p>El trazado que se sigue es el del<strong>sendero PR-CV 15<\/strong>, as\u00ed que no hay opci\u00f3n a perderse. El primer paso \u2018oficial\u2019 se da en el Pla d&#8217;Aialt, un punto situado en el kil\u00f3metro siete de la carretera que conecta T\u00e0rbena y Castell de Castells. El primer alto en el camino se puede hacer un kil\u00f3metro despu\u00e9s para observar el aljibe del Xarquet, que se aprecia desde arriba.<\/p>\n\n\n\n<p>Unos dos kil\u00f3metros despu\u00e9s aparece el desv\u00edo para conocer los <strong>arcos de Castell de Castells<\/strong>. Para llegar hasta ellos hay que subir una pendiente de 650 metros, aunque el esfuerzo merece la pena porque la vista de esas dos formaciones geol\u00f3gicas es impactante. Esos huecos enormes se crearon con la paciencia propia de la naturaleza que, durante miles de a\u00f1os, erosion\u00f3 la piedra caliza hasta conseguir estos ventanales propios de un gigante.<\/p>\n\n\n\n<figure class=\"wp-block-image size-large\"><img loading=\"lazy\" decoding=\"async\" width=\"1024\" height=\"683\" src=\"https:\/\/www.escapadarural.com\/blog\/wp-content\/uploads\/2025\/09\/Vista_cap_als_Arcs_dAtancos_Castell_de_Castells-1024x683.jpg\" alt=\"Paisaje de Castell de Castells, Alicante\" class=\"wp-image-211334\" srcset=\"https:\/\/www.escapadarural.com\/blog\/wp-content\/uploads\/2025\/09\/Vista_cap_als_Arcs_dAtancos_Castell_de_Castells-200x133.jpg 200w, https:\/\/www.escapadarural.com\/blog\/wp-content\/uploads\/2025\/09\/Vista_cap_als_Arcs_dAtancos_Castell_de_Castells-300x200.jpg 300w, https:\/\/www.escapadarural.com\/blog\/wp-content\/uploads\/2025\/09\/Vista_cap_als_Arcs_dAtancos_Castell_de_Castells-400x267.jpg 400w, https:\/\/www.escapadarural.com\/blog\/wp-content\/uploads\/2025\/09\/Vista_cap_als_Arcs_dAtancos_Castell_de_Castells-600x400.jpg 600w, https:\/\/www.escapadarural.com\/blog\/wp-content\/uploads\/2025\/09\/Vista_cap_als_Arcs_dAtancos_Castell_de_Castells-768x512.jpg 768w, https:\/\/www.escapadarural.com\/blog\/wp-content\/uploads\/2025\/09\/Vista_cap_als_Arcs_dAtancos_Castell_de_Castells-800x533.jpg 800w, https:\/\/www.escapadarural.com\/blog\/wp-content\/uploads\/2025\/09\/Vista_cap_als_Arcs_dAtancos_Castell_de_Castells-1024x683.jpg 1024w, https:\/\/www.escapadarural.com\/blog\/wp-content\/uploads\/2025\/09\/Vista_cap_als_Arcs_dAtancos_Castell_de_Castells-1200x800.jpg 1200w, https:\/\/www.escapadarural.com\/blog\/wp-content\/uploads\/2025\/09\/Vista_cap_als_Arcs_dAtancos_Castell_de_Castells-1536x1024.jpg 1536w\" sizes=\"auto, (max-width: 1024px) 100vw, 1024px\" \/><figcaption class=\"wp-element-caption\">Paisaje de Castell de Castells, Alicante. Por <a href=\"https:\/\/commons.wikimedia.org\/wiki\/Category:Nature_of_Castell_de_Castells#\/media\/File:Vista_cap_als_Arcs_d'Atan%C3%A7os,_Castell_de_Castells.jpg\" target=\"_blank\" rel=\"noreferrer noopener nofollow\">Joanbanjo<\/a><\/figcaption><\/figure>\n\n\n\n<p>Despu\u00e9s de admirar dichas formaciones, se regresa al sendero principal y, una vez transitados dos kil\u00f3metros m\u00e1s, aparece un desv\u00edo que lleva al mirador<strong> de Pe\u00f1a Escoda<\/strong>. Desde all\u00ed se puede otear el paisaje de la cara norte de la sierra de la Xort\u00e0 y, una vez deleitados con las vistas, volver al camino PR-CV 15 que lleva de vuelta al punto de partida. <\/p>\n\n\n\n<h2 class=\"wp-block-heading\" id=\"h-castell-de-castells-y-el-santuario-del-pla-de-petracos\">Castell de Castells y el santuario del Pla de Petracos<\/h2>\n\n\n\n<p>Este pueblo de la <strong><a href=\"\/casas-rurales\/marina-alta\">comarca de la Marina Alta<\/a><\/strong> destaca por su rico patrimonio arqueol\u00f3gico, como el <strong>santuario del Pla de Petracos<\/strong>. Se trata del mayor yacimiento de arte rupestre de la Comunidad Valenciana y en \u00e9l se pueden ver pinturas que tienen unos 7.000 a\u00f1os de antig\u00fcedad, aproximadamente. Por las investigaciones que se han hecho en el lugar, que el el Centre d&#8217;Estudis Contestans descubri\u00f3 en 1980, se considera que fue un emplazamiento en el que se reun\u00edan los habitantes de aquel momento que compart\u00edan creencias acerca de temas como la fecundidad o los ciclos agr\u00edcolas.<\/p>\n\n\n\n<figure class=\"wp-block-image size-large\"><img loading=\"lazy\" decoding=\"async\" width=\"1024\" height=\"685\" src=\"https:\/\/www.escapadarural.com\/blog\/wp-content\/uploads\/2025\/09\/AdobeStock_432930576_pla_petracos-1024x685.webp\" alt=\"Santuario del Pla de Petracos. Por Josie Elias.\" class=\"wp-image-208559\" srcset=\"https:\/\/www.escapadarural.com\/blog\/wp-content\/uploads\/2025\/09\/AdobeStock_432930576_pla_petracos-200x134.webp 200w, https:\/\/www.escapadarural.com\/blog\/wp-content\/uploads\/2025\/09\/AdobeStock_432930576_pla_petracos-300x201.webp 300w, https:\/\/www.escapadarural.com\/blog\/wp-content\/uploads\/2025\/09\/AdobeStock_432930576_pla_petracos-400x268.webp 400w, https:\/\/www.escapadarural.com\/blog\/wp-content\/uploads\/2025\/09\/AdobeStock_432930576_pla_petracos-600x402.webp 600w, https:\/\/www.escapadarural.com\/blog\/wp-content\/uploads\/2025\/09\/AdobeStock_432930576_pla_petracos-768x514.webp 768w, https:\/\/www.escapadarural.com\/blog\/wp-content\/uploads\/2025\/09\/AdobeStock_432930576_pla_petracos-800x536.webp 800w, https:\/\/www.escapadarural.com\/blog\/wp-content\/uploads\/2025\/09\/AdobeStock_432930576_pla_petracos-1024x685.webp 1024w, https:\/\/www.escapadarural.com\/blog\/wp-content\/uploads\/2025\/09\/AdobeStock_432930576_pla_petracos-1200x803.webp 1200w, https:\/\/www.escapadarural.com\/blog\/wp-content\/uploads\/2025\/09\/AdobeStock_432930576_pla_petracos-1536x1028.webp 1536w\" sizes=\"auto, (max-width: 1024px) 100vw, 1024px\" \/><figcaption class=\"wp-element-caption\">Santuario del Pla de Petracos. Por Josie Elias.<\/figcaption><\/figure>\n\n\n\n<p>El yacimiento, compuesto por un conjunto de abrigos y una cueva, fue declarado Bien de Inter\u00e9s Cultural y Patrimonio de la Humanidad en 1998 por la UNESCO. All\u00ed hay pinturas de <strong>arte macroesquem\u00e1tico<\/strong>, con representaciones de humanos; y tambi\u00e9n demostraciones de arte levantino, con trazos que dan forma a un arquero, por ejemplo. La visita supone un viaje al Neol\u00edtico.<\/p>\n\n\n\n<p>Otra posibilidad de desplazarse al pasado dentro del municipio es visitar su <strong>Museo Etnol\u00f3gico<\/strong>, donde se puede ver c\u00f3mo se viv\u00eda en la localidad d\u00e9cadas atr\u00e1s. Tambi\u00e9n se puede dar una vuelta por sus calles, visitar la iglesia consagrada a Santa Ana o escoger alguna de las numerosas rutas de senderismo que parten desde all\u00ed.&nbsp;<\/p>\n\n\n\n<figure class=\"wp-block-image size-large\"><img loading=\"lazy\" decoding=\"async\" width=\"1024\" height=\"642\" src=\"https:\/\/www.escapadarural.com\/blog\/wp-content\/uploads\/2025\/09\/AdobeStock_836650137_castell_castells-1024x642.webp\" alt=\"Castell de Castells, en Alicante. Por MiguelAngel.\" class=\"wp-image-208560\" srcset=\"https:\/\/www.escapadarural.com\/blog\/wp-content\/uploads\/2025\/09\/AdobeStock_836650137_castell_castells-200x125.webp 200w, https:\/\/www.escapadarural.com\/blog\/wp-content\/uploads\/2025\/09\/AdobeStock_836650137_castell_castells-300x188.webp 300w, https:\/\/www.escapadarural.com\/blog\/wp-content\/uploads\/2025\/09\/AdobeStock_836650137_castell_castells-320x202.webp 320w, https:\/\/www.escapadarural.com\/blog\/wp-content\/uploads\/2025\/09\/AdobeStock_836650137_castell_castells-400x251.webp 400w, https:\/\/www.escapadarural.com\/blog\/wp-content\/uploads\/2025\/09\/AdobeStock_836650137_castell_castells-600x376.webp 600w, https:\/\/www.escapadarural.com\/blog\/wp-content\/uploads\/2025\/09\/AdobeStock_836650137_castell_castells-768x482.webp 768w, https:\/\/www.escapadarural.com\/blog\/wp-content\/uploads\/2025\/09\/AdobeStock_836650137_castell_castells-800x502.webp 800w, https:\/\/www.escapadarural.com\/blog\/wp-content\/uploads\/2025\/09\/AdobeStock_836650137_castell_castells-1024x642.webp 1024w, https:\/\/www.escapadarural.com\/blog\/wp-content\/uploads\/2025\/09\/AdobeStock_836650137_castell_castells-1200x752.webp 1200w, https:\/\/www.escapadarural.com\/blog\/wp-content\/uploads\/2025\/09\/AdobeStock_836650137_castell_castells-1536x963.webp 1536w\" sizes=\"auto, (max-width: 1024px) 100vw, 1024px\" \/><figcaption class=\"wp-element-caption\">Castell de Castells, en Alicante. Por MiguelAngel.<\/figcaption><\/figure>\n\n\n\n<h2 class=\"wp-block-heading\" id=\"h-que-ver-en-tarbena\">Qu\u00e9 ver en T\u00e0rbena<\/h2>\n\n\n\n<p>El otro pueblo relacionado con los arcos es T\u00e0rbena, desde donde <strong>se puede ver el mar<\/strong> en los d\u00edas despejados. Entre los atractivos de su patrimonio est\u00e1 la iglesia de Santa B\u00e1rbara, que se edific\u00f3 en el siglo XVIII y es de estilo barroco. Tambi\u00e9n tiene su propio Museo Etnol\u00f3gico, con fotograf\u00edas, paneles explicativos y piezas de oficios tradicionales.<\/p>\n\n\n\n<p>De paseo por el municipio se ven diversas fuentes que forman parte de la idiosincrasia del lugar, as\u00ed como <strong>sus miradores<\/strong>, repartidos por diversos puntos del pueblo. En algunos de ellos \u2013Coll de Rates, Sa Caseta des Moros, As Pou y Es Collaret de Sa Vinya\u2013 hay paneles explicativos para los turistas. La localidad lleva el sobrenombre de mirador de <em>Ses dues marines<\/em> porque desde \u00e9l se pueden ver las comarcas de Marina Baja y Marina Alta.<\/p>\n\n\n\n<figure class=\"wp-block-image size-large\"><img loading=\"lazy\" decoding=\"async\" width=\"1024\" height=\"576\" src=\"https:\/\/www.escapadarural.com\/blog\/wp-content\/uploads\/2025\/09\/Fina_linea_de_rimel_-_5244639611-1024x576.jpg\" alt=\"T\u00e0rbena, Alicante\" class=\"wp-image-211335\" srcset=\"https:\/\/www.escapadarural.com\/blog\/wp-content\/uploads\/2025\/09\/Fina_linea_de_rimel_-_5244639611-200x113.jpg 200w, https:\/\/www.escapadarural.com\/blog\/wp-content\/uploads\/2025\/09\/Fina_linea_de_rimel_-_5244639611-300x169.jpg 300w, https:\/\/www.escapadarural.com\/blog\/wp-content\/uploads\/2025\/09\/Fina_linea_de_rimel_-_5244639611-400x225.jpg 400w, https:\/\/www.escapadarural.com\/blog\/wp-content\/uploads\/2025\/09\/Fina_linea_de_rimel_-_5244639611-600x338.jpg 600w, https:\/\/www.escapadarural.com\/blog\/wp-content\/uploads\/2025\/09\/Fina_linea_de_rimel_-_5244639611-768x432.jpg 768w, https:\/\/www.escapadarural.com\/blog\/wp-content\/uploads\/2025\/09\/Fina_linea_de_rimel_-_5244639611-800x450.jpg 800w, https:\/\/www.escapadarural.com\/blog\/wp-content\/uploads\/2025\/09\/Fina_linea_de_rimel_-_5244639611-1024x576.jpg 1024w, https:\/\/www.escapadarural.com\/blog\/wp-content\/uploads\/2025\/09\/Fina_linea_de_rimel_-_5244639611-1200x676.jpg 1200w, https:\/\/www.escapadarural.com\/blog\/wp-content\/uploads\/2025\/09\/Fina_linea_de_rimel_-_5244639611-1536x865.jpg 1536w\" sizes=\"auto, (max-width: 1024px) 100vw, 1024px\" \/><figcaption class=\"wp-element-caption\">T\u00e0rbena, Alicante. Por <a href=\"https:\/\/es.wikipedia.org\/wiki\/T%C3%A1rbena#\/media\/Archivo:Fina_linea_de_rimel_-_5244639611.jpg\" target=\"_blank\" rel=\"noreferrer noopener nofollow\">Juan Carlos<\/a> <\/figcaption><\/figure>\n\n\n\n<p>No se puede olvidar el <strong>castillo de T\u00e0rbena<\/strong>, tambi\u00e9n conocido como Sa Caseta des Moros, que tiene el t\u00edtulo de Bien de Inter\u00e9s Cultural. De origen mud\u00e9jar, data del siglo XII y est\u00e1 a 697 metros de altura, as\u00ed que las vistas desde all\u00ed tambi\u00e9n son muy recomendadas. Los restos que se pueden ver actualmente son, en su mayor\u00eda, de la \u00e9poca cristiana: hay una muralla y algunas dependencias como el aljibe y la base de una torre.&nbsp;<\/p>\n","protected":false},"excerpt":{"rendered":"<p>En Alicante se encuentran los arcos de Castell de Castells, un tesoro geol\u00f3gico al que se llega a trav\u00e9s de una sencilla ruta<\/p>\n","protected":false},"author":114,"featured_media":208558,"comment_status":"open","ping_status":"open","sticky":false,"template":"","format":"standard","meta":{"_acf_changed":false,"om_disable_all_campaigns":false,"footnotes":""},"categories":[191,1379],"tags":[674,6523,2529,469,280,6087,6287,6524],"class_list":["post-208554","post","type-post","status-publish","format-standard","has-post-thumbnail","hentry","category-destinos","category-rutas-y-excursiones","tag-que-ver-en-alicante","tag-arcos-de-castell-de-castells","tag-castell-de-castells","tag-que-ver-en-la-comunidad-valenciana","tag-geologia","tag-senderismo","tag-tarbena","tag-yacimiento-arqueologico"],"acf":[],"featured_image_src":"https:\/\/www.escapadarural.com\/blog\/wp-content\/uploads\/2025\/09\/AdobeStock_474058231_arcos2-scaled.webp","author_info":{"display_name":"Carmen L\u00f3pez","author_link":"https:\/\/www.escapadarural.com\/blog\/autor\/carmenlopez\/"},"yoast_head":"<!-- This site is optimized with the Yoast SEO plugin v27.5 - https:\/\/yoast.com\/product\/yoast-seo-wordpress\/ -->\n<title>Ruta a los arcos de Castell de Castells, una obra de arte geol\u00f3gica - EscapadaRural<\/title>\n<meta name=\"description\" content=\"En Alicante se encuentran los arcos de Castell de Castells, un tesoro geol\u00f3gico al que se llega a trav\u00e9s de una sencilla ruta\" \/>\n<meta name=\"robots\" content=\"index, follow, max-snippet:-1, max-image-preview:large, max-video-preview:-1\" \/>\n<link rel=\"canonical\" href=\"https:\/\/www.escapadarural.com\/blog\/los-arcos-de-castell-de-castells-una-obra-de-arte-geologica\/\" \/>\n<meta property=\"og:locale\" content=\"es_ES\" \/>\n<meta property=\"og:type\" content=\"article\" \/>\n<meta property=\"og:title\" content=\"Ruta a los arcos de Castell de Castells, una obra de arte geol\u00f3gica - EscapadaRural\" \/>\n<meta property=\"og:description\" content=\"En Alicante se encuentran los arcos de Castell de Castells, un tesoro geol\u00f3gico al que se llega a trav\u00e9s de una sencilla ruta\" \/>\n<meta property=\"og:url\" content=\"https:\/\/www.escapadarural.com\/blog\/los-arcos-de-castell-de-castells-una-obra-de-arte-geologica\/\" \/>\n<meta property=\"og:site_name\" content=\"Magazine de viajes de EscapadaRural\" \/>\n<meta property=\"article:publisher\" content=\"https:\/\/www.facebook.com\/escapadarural\" \/>\n<meta property=\"article:published_time\" content=\"2025-12-14T07:55:00+00:00\" \/>\n<meta property=\"article:modified_time\" content=\"2026-03-18T14:45:47+00:00\" \/>\n<meta property=\"og:image\" content=\"https:\/\/www.escapadarural.com\/blog\/wp-content\/uploads\/2025\/09\/AdobeStock_474058231_arcos2-scaled.webp?v=1773845148\" \/>\n\t<meta property=\"og:image:width\" content=\"2048\" \/>\n\t<meta property=\"og:image:height\" content=\"1371\" \/>\n\t<meta property=\"og:image:type\" content=\"image\/webp\" \/>\n<meta name=\"author\" content=\"Carmen L\u00f3pez\" \/>\n<meta name=\"twitter:card\" content=\"summary_large_image\" \/>\n<meta name=\"twitter:label1\" content=\"Escrito por\" \/>\n\t<meta name=\"twitter:data1\" content=\"Carmen L\u00f3pez\" \/>\n\t<meta name=\"twitter:label2\" content=\"Tiempo de lectura\" \/>\n\t<meta name=\"twitter:data2\" content=\"5 minutos\" \/>\n<script type=\"application\/ld+json\" class=\"yoast-schema-graph\">{\"@context\":\"https:\\\/\\\/schema.org\",\"@graph\":[{\"@type\":\"Article\",\"@id\":\"https:\\\/\\\/www.escapadarural.com\\\/blog\\\/los-arcos-de-castell-de-castells-una-obra-de-arte-geologica\\\/#article\",\"isPartOf\":{\"@id\":\"https:\\\/\\\/www.escapadarural.com\\\/blog\\\/los-arcos-de-castell-de-castells-una-obra-de-arte-geologica\\\/\"},\"author\":{\"name\":\"Carmen L\u00f3pez\",\"@id\":\"https:\\\/\\\/www.escapadarural.com\\\/blog\\\/#\\\/schema\\\/person\\\/42dfdff6118172efc6a04c8ae599a2ce\"},\"headline\":\"Ruta a los arcos de Castell de Castells, una obra de arte geol\u00f3gica\",\"datePublished\":\"2025-12-14T07:55:00+00:00\",\"dateModified\":\"2026-03-18T14:45:47+00:00\",\"mainEntityOfPage\":{\"@id\":\"https:\\\/\\\/www.escapadarural.com\\\/blog\\\/los-arcos-de-castell-de-castells-una-obra-de-arte-geologica\\\/\"},\"wordCount\":1022,\"commentCount\":0,\"publisher\":{\"@id\":\"https:\\\/\\\/www.escapadarural.com\\\/blog\\\/#organization\"},\"image\":{\"@id\":\"https:\\\/\\\/www.escapadarural.com\\\/blog\\\/los-arcos-de-castell-de-castells-una-obra-de-arte-geologica\\\/#primaryimage\"},\"thumbnailUrl\":\"https:\\\/\\\/www.escapadarural.com\\\/blog\\\/wp-content\\\/uploads\\\/2025\\\/09\\\/AdobeStock_474058231_arcos2-scaled.webp\",\"keywords\":[\"Alicante\",\"arcos de Castell de Castells\",\"Castell de Castells\",\"Comunidad Valenciana\",\"Geolog\u00eda\",\"senderismo\",\"T\u00e0rbena\",\"yacimiento arqueologico\"],\"articleSection\":[\"Destinos\",\"Rutas y excursiones\"],\"inLanguage\":\"es\",\"potentialAction\":[{\"@type\":\"CommentAction\",\"name\":\"Comment\",\"target\":[\"https:\\\/\\\/www.escapadarural.com\\\/blog\\\/los-arcos-de-castell-de-castells-una-obra-de-arte-geologica\\\/#respond\"]}]},{\"@type\":\"WebPage\",\"@id\":\"https:\\\/\\\/www.escapadarural.com\\\/blog\\\/los-arcos-de-castell-de-castells-una-obra-de-arte-geologica\\\/\",\"url\":\"https:\\\/\\\/www.escapadarural.com\\\/blog\\\/los-arcos-de-castell-de-castells-una-obra-de-arte-geologica\\\/\",\"name\":\"Ruta a los arcos de Castell de Castells, una obra de arte geol\u00f3gica - EscapadaRural\",\"isPartOf\":{\"@id\":\"https:\\\/\\\/www.escapadarural.com\\\/blog\\\/#website\"},\"primaryImageOfPage\":{\"@id\":\"https:\\\/\\\/www.escapadarural.com\\\/blog\\\/los-arcos-de-castell-de-castells-una-obra-de-arte-geologica\\\/#primaryimage\"},\"image\":{\"@id\":\"https:\\\/\\\/www.escapadarural.com\\\/blog\\\/los-arcos-de-castell-de-castells-una-obra-de-arte-geologica\\\/#primaryimage\"},\"thumbnailUrl\":\"https:\\\/\\\/www.escapadarural.com\\\/blog\\\/wp-content\\\/uploads\\\/2025\\\/09\\\/AdobeStock_474058231_arcos2-scaled.webp\",\"datePublished\":\"2025-12-14T07:55:00+00:00\",\"dateModified\":\"2026-03-18T14:45:47+00:00\",\"description\":\"En Alicante se encuentran los arcos de Castell de Castells, un tesoro geol\u00f3gico al que se llega a trav\u00e9s de una sencilla ruta\",\"breadcrumb\":{\"@id\":\"https:\\\/\\\/www.escapadarural.com\\\/blog\\\/los-arcos-de-castell-de-castells-una-obra-de-arte-geologica\\\/#breadcrumb\"},\"inLanguage\":\"es\",\"potentialAction\":[{\"@type\":\"ReadAction\",\"target\":[\"https:\\\/\\\/www.escapadarural.com\\\/blog\\\/los-arcos-de-castell-de-castells-una-obra-de-arte-geologica\\\/\"]}]},{\"@type\":\"ImageObject\",\"inLanguage\":\"es\",\"@id\":\"https:\\\/\\\/www.escapadarural.com\\\/blog\\\/los-arcos-de-castell-de-castells-una-obra-de-arte-geologica\\\/#primaryimage\",\"url\":\"https:\\\/\\\/www.escapadarural.com\\\/blog\\\/wp-content\\\/uploads\\\/2025\\\/09\\\/AdobeStock_474058231_arcos2-scaled.webp\",\"contentUrl\":\"https:\\\/\\\/www.escapadarural.com\\\/blog\\\/wp-content\\\/uploads\\\/2025\\\/09\\\/AdobeStock_474058231_arcos2-scaled.webp\",\"width\":2048,\"height\":1371,\"caption\":\"Arcos de Castell de Castells, en Alicante. Por Jose Aldeguer.\"},{\"@type\":\"BreadcrumbList\",\"@id\":\"https:\\\/\\\/www.escapadarural.com\\\/blog\\\/los-arcos-de-castell-de-castells-una-obra-de-arte-geologica\\\/#breadcrumb\",\"itemListElement\":[{\"@type\":\"ListItem\",\"position\":1,\"name\":\"Inicio\",\"item\":\"https:\\\/\\\/www.escapadarural.com\\\/blog\\\/\"},{\"@type\":\"ListItem\",\"position\":2,\"name\":\"Rutas y excursiones\",\"item\":\"https:\\\/\\\/www.escapadarural.com\\\/blog\\\/categoria\\\/rutas-y-excursiones\\\/\"},{\"@type\":\"ListItem\",\"position\":3,\"name\":\"Ruta a los arcos de Castell de Castells, una obra de arte geol\u00f3gica\"}]},{\"@type\":\"WebSite\",\"@id\":\"https:\\\/\\\/www.escapadarural.com\\\/blog\\\/#website\",\"url\":\"https:\\\/\\\/www.escapadarural.com\\\/blog\\\/\",\"name\":\"Blog de viajes | turismo rural, alojamientos e inspiraci\u00f3n\",\"description\":\"Alojamientos rurales e inspiraci\u00f3n para tus escapadas\",\"publisher\":{\"@id\":\"https:\\\/\\\/www.escapadarural.com\\\/blog\\\/#organization\"},\"alternateName\":\"Magazine de viajes de EscapadaRural\",\"potentialAction\":[{\"@type\":\"SearchAction\",\"target\":{\"@type\":\"EntryPoint\",\"urlTemplate\":\"https:\\\/\\\/www.escapadarural.com\\\/blog\\\/?s={search_term_string}\"},\"query-input\":{\"@type\":\"PropertyValueSpecification\",\"valueRequired\":true,\"valueName\":\"search_term_string\"}}],\"inLanguage\":\"es\"},{\"@type\":\"Organization\",\"@id\":\"https:\\\/\\\/www.escapadarural.com\\\/blog\\\/#organization\",\"name\":\"EscapadaRural\",\"url\":\"https:\\\/\\\/www.escapadarural.com\\\/blog\\\/\",\"logo\":{\"@type\":\"ImageObject\",\"inLanguage\":\"es\",\"@id\":\"https:\\\/\\\/www.escapadarural.com\\\/blog\\\/#\\\/schema\\\/logo\\\/image\\\/\",\"url\":\"https:\\\/\\\/www.escapadarural.com\\\/blog\\\/wp-content\\\/uploads\\\/2024\\\/10\\\/cropped-cropped-escapada-rural-icon-mag-3.png\",\"contentUrl\":\"https:\\\/\\\/www.escapadarural.com\\\/blog\\\/wp-content\\\/uploads\\\/2024\\\/10\\\/cropped-cropped-escapada-rural-icon-mag-3.png\",\"width\":512,\"height\":512,\"caption\":\"EscapadaRural\"},\"image\":{\"@id\":\"https:\\\/\\\/www.escapadarural.com\\\/blog\\\/#\\\/schema\\\/logo\\\/image\\\/\"},\"sameAs\":[\"https:\\\/\\\/www.facebook.com\\\/escapadarural\",\"https:\\\/\\\/www.instagram.com\\\/escapadarural\\\/\",\"https:\\\/\\\/www.youtube.com\\\/@escapadaruralcom\"]},{\"@type\":\"Person\",\"@id\":\"https:\\\/\\\/www.escapadarural.com\\\/blog\\\/#\\\/schema\\\/person\\\/42dfdff6118172efc6a04c8ae599a2ce\",\"name\":\"Carmen L\u00f3pez\",\"image\":{\"@type\":\"ImageObject\",\"inLanguage\":\"es\",\"@id\":\"https:\\\/\\\/www.escapadarural.com\\\/blog\\\/wp-content\\\/uploads\\\/2024\\\/11\\\/cropped-perfil_eldiario-96x96-1-96x96.jpeg\",\"url\":\"https:\\\/\\\/www.escapadarural.com\\\/blog\\\/wp-content\\\/uploads\\\/2024\\\/11\\\/cropped-perfil_eldiario-96x96-1-96x96.jpeg\",\"contentUrl\":\"https:\\\/\\\/www.escapadarural.com\\\/blog\\\/wp-content\\\/uploads\\\/2024\\\/11\\\/cropped-perfil_eldiario-96x96-1-96x96.jpeg\",\"caption\":\"Carmen L\u00f3pez\"},\"description\":\"Soy periodista y escribo sobre cosas que importan en sitios que interesan desde hace m\u00e1s de una d\u00e9cada.\",\"url\":\"https:\\\/\\\/www.escapadarural.com\\\/blog\\\/autor\\\/carmenlopez\\\/\"}]}<\/script>\n<!-- \/ Yoast SEO plugin. -->","yoast_head_json":{"title":"Ruta a los arcos de Castell de Castells, una obra de arte geol\u00f3gica - EscapadaRural","description":"En Alicante se encuentran los arcos de Castell de Castells, un tesoro geol\u00f3gico al que se llega a trav\u00e9s de una sencilla ruta","robots":{"index":"index","follow":"follow","max-snippet":"max-snippet:-1","max-image-preview":"max-image-preview:large","max-video-preview":"max-video-preview:-1"},"canonical":"https:\/\/www.escapadarural.com\/blog\/los-arcos-de-castell-de-castells-una-obra-de-arte-geologica\/","og_locale":"es_ES","og_type":"article","og_title":"Ruta a los arcos de Castell de Castells, una obra de arte geol\u00f3gica - EscapadaRural","og_description":"En Alicante se encuentran los arcos de Castell de Castells, un tesoro geol\u00f3gico al que se llega a trav\u00e9s de una sencilla ruta","og_url":"https:\/\/www.escapadarural.com\/blog\/los-arcos-de-castell-de-castells-una-obra-de-arte-geologica\/","og_site_name":"Magazine de viajes de EscapadaRural","article_publisher":"https:\/\/www.facebook.com\/escapadarural","article_published_time":"2025-12-14T07:55:00+00:00","article_modified_time":"2026-03-18T14:45:47+00:00","og_image":[{"width":2048,"height":1371,"url":"https:\/\/www.escapadarural.com\/blog\/wp-content\/uploads\/2025\/09\/AdobeStock_474058231_arcos2-scaled.webp?v=1773845148","type":"image\/webp"}],"author":"Carmen L\u00f3pez","twitter_card":"summary_large_image","twitter_misc":{"Escrito por":"Carmen L\u00f3pez","Tiempo de lectura":"5 minutos"},"schema":{"@context":"https:\/\/schema.org","@graph":[{"@type":"Article","@id":"https:\/\/www.escapadarural.com\/blog\/los-arcos-de-castell-de-castells-una-obra-de-arte-geologica\/#article","isPartOf":{"@id":"https:\/\/www.escapadarural.com\/blog\/los-arcos-de-castell-de-castells-una-obra-de-arte-geologica\/"},"author":{"name":"Carmen L\u00f3pez","@id":"https:\/\/www.escapadarural.com\/blog\/#\/schema\/person\/42dfdff6118172efc6a04c8ae599a2ce"},"headline":"Ruta a los arcos de Castell de Castells, una obra de arte geol\u00f3gica","datePublished":"2025-12-14T07:55:00+00:00","dateModified":"2026-03-18T14:45:47+00:00","mainEntityOfPage":{"@id":"https:\/\/www.escapadarural.com\/blog\/los-arcos-de-castell-de-castells-una-obra-de-arte-geologica\/"},"wordCount":1022,"commentCount":0,"publisher":{"@id":"https:\/\/www.escapadarural.com\/blog\/#organization"},"image":{"@id":"https:\/\/www.escapadarural.com\/blog\/los-arcos-de-castell-de-castells-una-obra-de-arte-geologica\/#primaryimage"},"thumbnailUrl":"https:\/\/www.escapadarural.com\/blog\/wp-content\/uploads\/2025\/09\/AdobeStock_474058231_arcos2-scaled.webp","keywords":["Alicante","arcos de Castell de Castells","Castell de Castells","Comunidad Valenciana","Geolog\u00eda","senderismo","T\u00e0rbena","yacimiento arqueologico"],"articleSection":["Destinos","Rutas y excursiones"],"inLanguage":"es","potentialAction":[{"@type":"CommentAction","name":"Comment","target":["https:\/\/www.escapadarural.com\/blog\/los-arcos-de-castell-de-castells-una-obra-de-arte-geologica\/#respond"]}]},{"@type":"WebPage","@id":"https:\/\/www.escapadarural.com\/blog\/los-arcos-de-castell-de-castells-una-obra-de-arte-geologica\/","url":"https:\/\/www.escapadarural.com\/blog\/los-arcos-de-castell-de-castells-una-obra-de-arte-geologica\/","name":"Ruta a los arcos de Castell de Castells, una obra de arte geol\u00f3gica - EscapadaRural","isPartOf":{"@id":"https:\/\/www.escapadarural.com\/blog\/#website"},"primaryImageOfPage":{"@id":"https:\/\/www.escapadarural.com\/blog\/los-arcos-de-castell-de-castells-una-obra-de-arte-geologica\/#primaryimage"},"image":{"@id":"https:\/\/www.escapadarural.com\/blog\/los-arcos-de-castell-de-castells-una-obra-de-arte-geologica\/#primaryimage"},"thumbnailUrl":"https:\/\/www.escapadarural.com\/blog\/wp-content\/uploads\/2025\/09\/AdobeStock_474058231_arcos2-scaled.webp","datePublished":"2025-12-14T07:55:00+00:00","dateModified":"2026-03-18T14:45:47+00:00","description":"En Alicante se encuentran los arcos de Castell de Castells, un tesoro geol\u00f3gico al que se llega a trav\u00e9s de una sencilla ruta","breadcrumb":{"@id":"https:\/\/www.escapadarural.com\/blog\/los-arcos-de-castell-de-castells-una-obra-de-arte-geologica\/#breadcrumb"},"inLanguage":"es","potentialAction":[{"@type":"ReadAction","target":["https:\/\/www.escapadarural.com\/blog\/los-arcos-de-castell-de-castells-una-obra-de-arte-geologica\/"]}]},{"@type":"ImageObject","inLanguage":"es","@id":"https:\/\/www.escapadarural.com\/blog\/los-arcos-de-castell-de-castells-una-obra-de-arte-geologica\/#primaryimage","url":"https:\/\/www.escapadarural.com\/blog\/wp-content\/uploads\/2025\/09\/AdobeStock_474058231_arcos2-scaled.webp","contentUrl":"https:\/\/www.escapadarural.com\/blog\/wp-content\/uploads\/2025\/09\/AdobeStock_474058231_arcos2-scaled.webp","width":2048,"height":1371,"caption":"Arcos de Castell de Castells, en Alicante. Por Jose Aldeguer."},{"@type":"BreadcrumbList","@id":"https:\/\/www.escapadarural.com\/blog\/los-arcos-de-castell-de-castells-una-obra-de-arte-geologica\/#breadcrumb","itemListElement":[{"@type":"ListItem","position":1,"name":"Inicio","item":"https:\/\/www.escapadarural.com\/blog\/"},{"@type":"ListItem","position":2,"name":"Rutas y excursiones","item":"https:\/\/www.escapadarural.com\/blog\/categoria\/rutas-y-excursiones\/"},{"@type":"ListItem","position":3,"name":"Ruta a los arcos de Castell de Castells, una obra de arte geol\u00f3gica"}]},{"@type":"WebSite","@id":"https:\/\/www.escapadarural.com\/blog\/#website","url":"https:\/\/www.escapadarural.com\/blog\/","name":"Blog de viajes | turismo rural, alojamientos e inspiraci\u00f3n","description":"Alojamientos rurales e inspiraci\u00f3n para tus escapadas","publisher":{"@id":"https:\/\/www.escapadarural.com\/blog\/#organization"},"alternateName":"Magazine de viajes de EscapadaRural","potentialAction":[{"@type":"SearchAction","target":{"@type":"EntryPoint","urlTemplate":"https:\/\/www.escapadarural.com\/blog\/?s={search_term_string}"},"query-input":{"@type":"PropertyValueSpecification","valueRequired":true,"valueName":"search_term_string"}}],"inLanguage":"es"},{"@type":"Organization","@id":"https:\/\/www.escapadarural.com\/blog\/#organization","name":"EscapadaRural","url":"https:\/\/www.escapadarural.com\/blog\/","logo":{"@type":"ImageObject","inLanguage":"es","@id":"https:\/\/www.escapadarural.com\/blog\/#\/schema\/logo\/image\/","url":"https:\/\/www.escapadarural.com\/blog\/wp-content\/uploads\/2024\/10\/cropped-cropped-escapada-rural-icon-mag-3.png","contentUrl":"https:\/\/www.escapadarural.com\/blog\/wp-content\/uploads\/2024\/10\/cropped-cropped-escapada-rural-icon-mag-3.png","width":512,"height":512,"caption":"EscapadaRural"},"image":{"@id":"https:\/\/www.escapadarural.com\/blog\/#\/schema\/logo\/image\/"},"sameAs":["https:\/\/www.facebook.com\/escapadarural","https:\/\/www.instagram.com\/escapadarural\/","https:\/\/www.youtube.com\/@escapadaruralcom"]},{"@type":"Person","@id":"https:\/\/www.escapadarural.com\/blog\/#\/schema\/person\/42dfdff6118172efc6a04c8ae599a2ce","name":"Carmen L\u00f3pez","image":{"@type":"ImageObject","inLanguage":"es","@id":"https:\/\/www.escapadarural.com\/blog\/wp-content\/uploads\/2024\/11\/cropped-perfil_eldiario-96x96-1-96x96.jpeg","url":"https:\/\/www.escapadarural.com\/blog\/wp-content\/uploads\/2024\/11\/cropped-perfil_eldiario-96x96-1-96x96.jpeg","contentUrl":"https:\/\/www.escapadarural.com\/blog\/wp-content\/uploads\/2024\/11\/cropped-perfil_eldiario-96x96-1-96x96.jpeg","caption":"Carmen L\u00f3pez"},"description":"Soy periodista y escribo sobre cosas que importan en sitios que interesan desde hace m\u00e1s de una d\u00e9cada.","url":"https:\/\/www.escapadarural.com\/blog\/autor\/carmenlopez\/"}]}},"_links":{"self":[{"href":"https:\/\/www.escapadarural.com\/blog\/wp-json\/wp\/v2\/posts\/208554","targetHints":{"allow":["GET"]}}],"collection":[{"href":"https:\/\/www.escapadarural.com\/blog\/wp-json\/wp\/v2\/posts"}],"about":[{"href":"https:\/\/www.escapadarural.com\/blog\/wp-json\/wp\/v2\/types\/post"}],"author":[{"embeddable":true,"href":"https:\/\/www.escapadarural.com\/blog\/wp-json\/wp\/v2\/users\/114"}],"replies":[{"embeddable":true,"href":"https:\/\/www.escapadarural.com\/blog\/wp-json\/wp\/v2\/comments?post=208554"}],"version-history":[{"count":0,"href":"https:\/\/www.escapadarural.com\/blog\/wp-json\/wp\/v2\/posts\/208554\/revisions"}],"wp:featuredmedia":[{"embeddable":true,"href":"https:\/\/www.escapadarural.com\/blog\/wp-json\/wp\/v2\/media\/208558"}],"wp:attachment":[{"href":"https:\/\/www.escapadarural.com\/blog\/wp-json\/wp\/v2\/media?parent=208554"}],"wp:term":[{"taxonomy":"category","embeddable":true,"href":"https:\/\/www.escapadarural.com\/blog\/wp-json\/wp\/v2\/categories?post=208554"},{"taxonomy":"post_tag","embeddable":true,"href":"https:\/\/www.escapadarural.com\/blog\/wp-json\/wp\/v2\/tags?post=208554"}],"curies":[{"name":"wp","href":"https:\/\/api.w.org\/{rel}","templated":true}]}}