{"id":208805,"date":"2025-10-07T08:55:00","date_gmt":"2025-10-07T06:55:00","guid":{"rendered":"https:\/\/www.escapadarural.com\/blog\/?p=208805"},"modified":"2026-03-19T16:05:47","modified_gmt":"2026-03-19T15:05:47","slug":"que-hacer-en-pals","status":"publish","type":"post","link":"https:\/\/www.escapadarural.com\/blog\/que-hacer-en-pals\/","title":{"rendered":"Qu\u00e9 hacer en Pals, la joya medieval de Girona entre arrozales y mar"},"content":{"rendered":"\n<figure class=\"wp-block-image size-large\"><img loading=\"lazy\" decoding=\"async\" width=\"1024\" height=\"683\" src=\"https:\/\/www.escapadarural.com\/blog\/wp-content\/uploads\/2025\/10\/01_Pals_Pueblo_unai_AdobeStock_453569954_WP01-1024x683.webp\" alt=\"Iglesias de Sant Pere en Pals (Girona).\" class=\"wp-image-208973\" srcset=\"https:\/\/www.escapadarural.com\/blog\/wp-content\/uploads\/2025\/10\/01_Pals_Pueblo_unai_AdobeStock_453569954_WP01-200x133.webp 200w, https:\/\/www.escapadarural.com\/blog\/wp-content\/uploads\/2025\/10\/01_Pals_Pueblo_unai_AdobeStock_453569954_WP01-300x200.webp 300w, https:\/\/www.escapadarural.com\/blog\/wp-content\/uploads\/2025\/10\/01_Pals_Pueblo_unai_AdobeStock_453569954_WP01-400x267.webp 400w, https:\/\/www.escapadarural.com\/blog\/wp-content\/uploads\/2025\/10\/01_Pals_Pueblo_unai_AdobeStock_453569954_WP01-600x400.webp 600w, https:\/\/www.escapadarural.com\/blog\/wp-content\/uploads\/2025\/10\/01_Pals_Pueblo_unai_AdobeStock_453569954_WP01-768x512.webp 768w, https:\/\/www.escapadarural.com\/blog\/wp-content\/uploads\/2025\/10\/01_Pals_Pueblo_unai_AdobeStock_453569954_WP01-800x533.webp 800w, https:\/\/www.escapadarural.com\/blog\/wp-content\/uploads\/2025\/10\/01_Pals_Pueblo_unai_AdobeStock_453569954_WP01-1024x683.webp 1024w, https:\/\/www.escapadarural.com\/blog\/wp-content\/uploads\/2025\/10\/01_Pals_Pueblo_unai_AdobeStock_453569954_WP01.webp 1200w\" sizes=\"auto, (max-width: 1024px) 100vw, 1024px\" \/><figcaption class=\"wp-element-caption\">Iglesias de Sant Pere en Pals (Girona). Por unai.<\/figcaption><\/figure>\n\n\n\n<p>Pals se alza sobre una suave colina en el coraz\u00f3n del <a href=\"\/casas-rurales\/baix-emporda\">Baix Empord\u00e0<\/a>, a solo 5 kil\u00f3metros de la <a href=\"\/blog\/tag\/costa-brava\/\">Costa Brava<\/a>. Este <a href=\"\/blog\/pueblos-medievales-y-preciosos-en-espana\/\">pueblo medieval<\/a>, recuperado con mimo, cautiva por su <strong>armon\u00eda de piedra, murallas y callejuelas empedradas<\/strong>. Rodeado de arrozales, dunas y marismas, y con vistas al mar y al macizo del Montgr\u00ed e islas Medes, ofrece un refugio rural con sabor hist\u00f3rico y belleza natural. Aqu\u00ed, cada rinc\u00f3n invita a detenerse, observar las texturas de la piedra y sentir la brisa marina mezclada con el aroma de los <a href=\"\/blog\/paseos-y-rutas-entre-arrozales\/\">campos de arroz<\/a>.<\/p>\n\n\n\n<div class=\"wp-block-buttons is-layout-flex wp-block-buttons-is-layout-flex\">\n<div class=\"wp-block-button\"><a class=\"wp-block-button__link wp-element-button\" href=\"\/casas-rurales\/pals\">Alojamientos rurales en Pals<\/a><\/div>\n<\/div>\n\n\n\n<h2 class=\"wp-block-heading\" id=\"h-historia-y-patrimonio-de-pals\">Historia y patrimonio de Pals<\/h2>\n\n\n\n<figure class=\"wp-block-image size-large\"><img loading=\"lazy\" decoding=\"async\" width=\"1024\" height=\"683\" src=\"https:\/\/www.escapadarural.com\/blog\/wp-content\/uploads\/2025\/10\/02_Pals_Torre_curto_AdobeStock_383782714_WP02-1024x683.webp\" alt=\"Torre de las Horas, en Pals (Girona).\" class=\"wp-image-208975\" srcset=\"https:\/\/www.escapadarural.com\/blog\/wp-content\/uploads\/2025\/10\/02_Pals_Torre_curto_AdobeStock_383782714_WP02-200x133.webp 200w, https:\/\/www.escapadarural.com\/blog\/wp-content\/uploads\/2025\/10\/02_Pals_Torre_curto_AdobeStock_383782714_WP02-300x200.webp 300w, https:\/\/www.escapadarural.com\/blog\/wp-content\/uploads\/2025\/10\/02_Pals_Torre_curto_AdobeStock_383782714_WP02-400x267.webp 400w, https:\/\/www.escapadarural.com\/blog\/wp-content\/uploads\/2025\/10\/02_Pals_Torre_curto_AdobeStock_383782714_WP02-600x400.webp 600w, https:\/\/www.escapadarural.com\/blog\/wp-content\/uploads\/2025\/10\/02_Pals_Torre_curto_AdobeStock_383782714_WP02-768x512.webp 768w, https:\/\/www.escapadarural.com\/blog\/wp-content\/uploads\/2025\/10\/02_Pals_Torre_curto_AdobeStock_383782714_WP02-800x533.webp 800w, https:\/\/www.escapadarural.com\/blog\/wp-content\/uploads\/2025\/10\/02_Pals_Torre_curto_AdobeStock_383782714_WP02-1024x683.webp 1024w, https:\/\/www.escapadarural.com\/blog\/wp-content\/uploads\/2025\/10\/02_Pals_Torre_curto_AdobeStock_383782714_WP02.webp 1200w\" sizes=\"auto, (max-width: 1024px) 100vw, 1024px\" \/><figcaption class=\"wp-element-caption\">Torre de las Horas, en Pals (Girona). Por curto.<\/figcaption><\/figure>\n\n\n\n<p>Su nombre proviene del lat\u00edn <em>palus<\/em> (\u201cpantano\u201d), reflejo del entorno h\u00famedo que lo rodeaba antiguamente. El <strong>castillo de Mont-Aspre<\/strong> aparece documentado ya en el a\u00f1o 889, bajo la denominaci\u00f3n <em>Castellarum Montis \u00c1spero<\/em>. En el siglo XIV-XV, durante las revueltas de los remensas y conflictos feudales, el castillo sufri\u00f3 da\u00f1os severos; muchas de sus piedras fueron reutilizadas para reconstruir la iglesia de Sant Pere y las murallas.<\/p>\n\n\n\n<p>Hoy apenas queda del castillo original la <strong>torre de las Horas<\/strong>, erigida entre los siglos XI y XIII, de planta circular y con 15 metros de altura, conocida tambi\u00e9n por el campanario que integraron en el siglo XV.<\/p>\n\n\n\n<p>El <strong>n\u00facleo medieval, llamado <em>El Pedr\u00f3<\/em><\/strong>, conserva trazas muy bien restauradas de su trama medieval: calles adoquinadas, arcos de medio punto, ventanas g\u00f3ticas y enrejados de forja. Las murallas datan entre los siglos XII y XIV. Actualmente se conservan cuatro torres rectangulares (abiertas al interior), que ofrecen una visi\u00f3n continua del per\u00edmetro defensivo.<\/p>\n\n\n\n<figure class=\"wp-block-image size-large\"><img loading=\"lazy\" decoding=\"async\" width=\"1024\" height=\"683\" src=\"https:\/\/www.escapadarural.com\/blog\/wp-content\/uploads\/2025\/10\/03_Pals_NucleoMedieval_h368k742_AdobeStock_886166833_WP03-1024x683.webp\" alt=\"N\u00facleo medieval de Pals (Girona).\" class=\"wp-image-208976\" srcset=\"https:\/\/www.escapadarural.com\/blog\/wp-content\/uploads\/2025\/10\/03_Pals_NucleoMedieval_h368k742_AdobeStock_886166833_WP03-200x133.webp 200w, https:\/\/www.escapadarural.com\/blog\/wp-content\/uploads\/2025\/10\/03_Pals_NucleoMedieval_h368k742_AdobeStock_886166833_WP03-300x200.webp 300w, https:\/\/www.escapadarural.com\/blog\/wp-content\/uploads\/2025\/10\/03_Pals_NucleoMedieval_h368k742_AdobeStock_886166833_WP03-400x267.webp 400w, https:\/\/www.escapadarural.com\/blog\/wp-content\/uploads\/2025\/10\/03_Pals_NucleoMedieval_h368k742_AdobeStock_886166833_WP03-600x400.webp 600w, https:\/\/www.escapadarural.com\/blog\/wp-content\/uploads\/2025\/10\/03_Pals_NucleoMedieval_h368k742_AdobeStock_886166833_WP03-768x512.webp 768w, https:\/\/www.escapadarural.com\/blog\/wp-content\/uploads\/2025\/10\/03_Pals_NucleoMedieval_h368k742_AdobeStock_886166833_WP03-800x533.webp 800w, https:\/\/www.escapadarural.com\/blog\/wp-content\/uploads\/2025\/10\/03_Pals_NucleoMedieval_h368k742_AdobeStock_886166833_WP03-1024x683.webp 1024w, https:\/\/www.escapadarural.com\/blog\/wp-content\/uploads\/2025\/10\/03_Pals_NucleoMedieval_h368k742_AdobeStock_886166833_WP03.webp 1200w\" sizes=\"auto, (max-width: 1024px) 100vw, 1024px\" \/><figcaption class=\"wp-element-caption\">N\u00facleo medieval de Pals (Girona). Por h368k742.<\/figcaption><\/figure>\n\n\n\n<p>En la <strong>plaza Mayor<\/strong> se halla el antiguo arco g\u00f3tico de salida del recinto amurallado y la Casa del Ayuntamiento (siglos XVI\u2013XVII). Tambi\u00e9n hay sepulturas visig\u00f3ticas talladas en piedra maciza dispersas en la calle Mayor y junto a Ca la Pruna. La <strong>iglesia de Sant Pere<\/strong> combina estilos desde el rom\u00e1nico hasta reformas barrocas del siglo XVIII. Como dec\u00edamos, parte de su piedra procede del antiguo castillo. Algunas casas se\u00f1oriales y mas\u00edas dispersas por el t\u00e9rmino municipal conservan antiguos ventanales, portaladas y arcos escondidos, que hablan de la arquitectura rural empordanesa. <\/p>\n\n\n\n<h2 class=\"wp-block-heading\" id=\"h-naturaleza-y-entorno\">Naturaleza y entorno<\/h2>\n\n\n\n<figure class=\"wp-block-image size-large\"><img loading=\"lazy\" decoding=\"async\" width=\"1024\" height=\"562\" src=\"https:\/\/www.escapadarural.com\/blog\/wp-content\/uploads\/2025\/10\/04_Pals_Arrozal_SouthernCrx_AdobeStock_368987814_WP04-1024x562.webp\" alt=\"Arrozal en Pals (Girona), con el macizo del Montgr\u00ed al fondo.\" class=\"wp-image-208977\" srcset=\"https:\/\/www.escapadarural.com\/blog\/wp-content\/uploads\/2025\/10\/04_Pals_Arrozal_SouthernCrx_AdobeStock_368987814_WP04-200x110.webp 200w, https:\/\/www.escapadarural.com\/blog\/wp-content\/uploads\/2025\/10\/04_Pals_Arrozal_SouthernCrx_AdobeStock_368987814_WP04-300x165.webp 300w, https:\/\/www.escapadarural.com\/blog\/wp-content\/uploads\/2025\/10\/04_Pals_Arrozal_SouthernCrx_AdobeStock_368987814_WP04-400x220.webp 400w, https:\/\/www.escapadarural.com\/blog\/wp-content\/uploads\/2025\/10\/04_Pals_Arrozal_SouthernCrx_AdobeStock_368987814_WP04-600x330.webp 600w, https:\/\/www.escapadarural.com\/blog\/wp-content\/uploads\/2025\/10\/04_Pals_Arrozal_SouthernCrx_AdobeStock_368987814_WP04-768x422.webp 768w, https:\/\/www.escapadarural.com\/blog\/wp-content\/uploads\/2025\/10\/04_Pals_Arrozal_SouthernCrx_AdobeStock_368987814_WP04-800x439.webp 800w, https:\/\/www.escapadarural.com\/blog\/wp-content\/uploads\/2025\/10\/04_Pals_Arrozal_SouthernCrx_AdobeStock_368987814_WP04-1024x562.webp 1024w, https:\/\/www.escapadarural.com\/blog\/wp-content\/uploads\/2025\/10\/04_Pals_Arrozal_SouthernCrx_AdobeStock_368987814_WP04.webp 1200w\" sizes=\"auto, (max-width: 1024px) 100vw, 1024px\" \/><figcaption class=\"wp-element-caption\">Arrozal en Pals (Girona), con el macizo del Montgr\u00ed al fondo. Por SouthernCrx.<\/figcaption><\/figure>\n\n\n\n<p><strong>Arrozales y marismas<\/strong>. Los <strong>arrozales de Pals<\/strong>, que se extienden hacia las zonas llanas, son parte esencial del paisaje y la identidad local. El arroz de Pals tiene denominaci\u00f3n de garant\u00eda de la Marca de Garant\u00eda del Empord\u00e0. Las <strong>Basses d\u2019en Coll<\/strong> son marismas protegidas, con dunas y vegetaci\u00f3n de ribera que albergan aves acu\u00e1ticas, anfibios y flora aut\u00f3ctona. Este espacio forma parte del <a href=\"https:\/\/parcnaturaldelmontgri.cat\/\" target=\"_blank\" rel=\"noreferrer noopener nofollow\">Parque Natural del Montgr\u00ed, las Islas Medas y el Baix Ter<\/a>.<\/p>\n\n\n\n<figure class=\"wp-block-image size-large\"><img loading=\"lazy\" decoding=\"async\" width=\"1024\" height=\"683\" src=\"https:\/\/www.escapadarural.com\/blog\/wp-content\/uploads\/2025\/10\/05_Pals_Playa_nachosuko_AdobeStock_122828795_WP05-1024x683.webp\" alt=\"Platja Gran de Pals (Girona).\" class=\"wp-image-208978\" srcset=\"https:\/\/www.escapadarural.com\/blog\/wp-content\/uploads\/2025\/10\/05_Pals_Playa_nachosuko_AdobeStock_122828795_WP05-200x133.webp 200w, https:\/\/www.escapadarural.com\/blog\/wp-content\/uploads\/2025\/10\/05_Pals_Playa_nachosuko_AdobeStock_122828795_WP05-300x200.webp 300w, https:\/\/www.escapadarural.com\/blog\/wp-content\/uploads\/2025\/10\/05_Pals_Playa_nachosuko_AdobeStock_122828795_WP05-400x267.webp 400w, https:\/\/www.escapadarural.com\/blog\/wp-content\/uploads\/2025\/10\/05_Pals_Playa_nachosuko_AdobeStock_122828795_WP05-600x400.webp 600w, https:\/\/www.escapadarural.com\/blog\/wp-content\/uploads\/2025\/10\/05_Pals_Playa_nachosuko_AdobeStock_122828795_WP05-768x512.webp 768w, https:\/\/www.escapadarural.com\/blog\/wp-content\/uploads\/2025\/10\/05_Pals_Playa_nachosuko_AdobeStock_122828795_WP05-800x533.webp 800w, https:\/\/www.escapadarural.com\/blog\/wp-content\/uploads\/2025\/10\/05_Pals_Playa_nachosuko_AdobeStock_122828795_WP05-1024x683.webp 1024w, https:\/\/www.escapadarural.com\/blog\/wp-content\/uploads\/2025\/10\/05_Pals_Playa_nachosuko_AdobeStock_122828795_WP05.webp 1200w\" sizes=\"auto, (max-width: 1024px) 100vw, 1024px\" \/><figcaption class=\"wp-element-caption\">Platja Gran de Pals (Girona). Por nachosuko.<\/figcaption><\/figure>\n\n\n\n<p><strong>Playas y litoral<\/strong>. La <strong><em>platja Gran <\/em>de Pals<\/strong> se extiende m\u00e1s de 3,5 km, con un frente de arena fina y zonas dunares. La playa consta de dos sectores: uno urbanizado con servicios, y otro m\u00e1s salvaje, con dunas y naturaleza intacta que conecta visualmente con los arrozales.<\/p>\n\n\n\n<figure class=\"wp-block-image size-large\"><img loading=\"lazy\" decoding=\"async\" width=\"1024\" height=\"683\" src=\"https:\/\/www.escapadarural.com\/blog\/wp-content\/uploads\/2025\/10\/06_Pals_Vistas_OsvaldoMussi_AdobeStock_406741956_WP06-1024x683.webp\" alt=\"Vistas desde Pals (Girona). \" class=\"wp-image-208979\" srcset=\"https:\/\/www.escapadarural.com\/blog\/wp-content\/uploads\/2025\/10\/06_Pals_Vistas_OsvaldoMussi_AdobeStock_406741956_WP06-200x133.webp 200w, https:\/\/www.escapadarural.com\/blog\/wp-content\/uploads\/2025\/10\/06_Pals_Vistas_OsvaldoMussi_AdobeStock_406741956_WP06-300x200.webp 300w, https:\/\/www.escapadarural.com\/blog\/wp-content\/uploads\/2025\/10\/06_Pals_Vistas_OsvaldoMussi_AdobeStock_406741956_WP06-400x267.webp 400w, https:\/\/www.escapadarural.com\/blog\/wp-content\/uploads\/2025\/10\/06_Pals_Vistas_OsvaldoMussi_AdobeStock_406741956_WP06-600x400.webp 600w, https:\/\/www.escapadarural.com\/blog\/wp-content\/uploads\/2025\/10\/06_Pals_Vistas_OsvaldoMussi_AdobeStock_406741956_WP06-768x512.webp 768w, https:\/\/www.escapadarural.com\/blog\/wp-content\/uploads\/2025\/10\/06_Pals_Vistas_OsvaldoMussi_AdobeStock_406741956_WP06-800x533.webp 800w, https:\/\/www.escapadarural.com\/blog\/wp-content\/uploads\/2025\/10\/06_Pals_Vistas_OsvaldoMussi_AdobeStock_406741956_WP06-1024x683.webp 1024w, https:\/\/www.escapadarural.com\/blog\/wp-content\/uploads\/2025\/10\/06_Pals_Vistas_OsvaldoMussi_AdobeStock_406741956_WP06.webp 1200w\" sizes=\"auto, (max-width: 1024px) 100vw, 1024px\" \/><figcaption class=\"wp-element-caption\">Vistas desde Pals (Girona). Por Osvaldo Mussi.<\/figcaption><\/figure>\n\n\n\n<p><strong>Vistas panor\u00e1micas<\/strong>. Desde el <strong>mirador Josep Pla<\/strong>, se contemplan la llanura del Empord\u00e0, el macizo del Montgr\u00ed y las islas Medas en d\u00edas claros. El paseo arqueol\u00f3gico por el exterior de la muralla permite observar el valle y las formas del terreno con una perspectiva diferente.<\/p>\n\n\n\n<h2 class=\"wp-block-heading\" id=\"h-que-ver-y-hacer-en-pals\">Qu\u00e9 ver y hacer en Pals<\/h2>\n\n\n\n<figure class=\"wp-block-image size-large\"><img loading=\"lazy\" decoding=\"async\" width=\"1024\" height=\"683\" src=\"https:\/\/www.escapadarural.com\/blog\/wp-content\/uploads\/2025\/10\/07_Pals_Calles_zkcristian_AdobeStock_216433985_WP07-1024x683.webp\" alt=\"Calles de Pals (Girona). \" class=\"wp-image-208980\" srcset=\"https:\/\/www.escapadarural.com\/blog\/wp-content\/uploads\/2025\/10\/07_Pals_Calles_zkcristian_AdobeStock_216433985_WP07-200x133.webp 200w, https:\/\/www.escapadarural.com\/blog\/wp-content\/uploads\/2025\/10\/07_Pals_Calles_zkcristian_AdobeStock_216433985_WP07-300x200.webp 300w, https:\/\/www.escapadarural.com\/blog\/wp-content\/uploads\/2025\/10\/07_Pals_Calles_zkcristian_AdobeStock_216433985_WP07-400x267.webp 400w, https:\/\/www.escapadarural.com\/blog\/wp-content\/uploads\/2025\/10\/07_Pals_Calles_zkcristian_AdobeStock_216433985_WP07-600x400.webp 600w, https:\/\/www.escapadarural.com\/blog\/wp-content\/uploads\/2025\/10\/07_Pals_Calles_zkcristian_AdobeStock_216433985_WP07-768x512.webp 768w, https:\/\/www.escapadarural.com\/blog\/wp-content\/uploads\/2025\/10\/07_Pals_Calles_zkcristian_AdobeStock_216433985_WP07-800x533.webp 800w, https:\/\/www.escapadarural.com\/blog\/wp-content\/uploads\/2025\/10\/07_Pals_Calles_zkcristian_AdobeStock_216433985_WP07-1024x683.webp 1024w, https:\/\/www.escapadarural.com\/blog\/wp-content\/uploads\/2025\/10\/07_Pals_Calles_zkcristian_AdobeStock_216433985_WP07.webp 1200w\" sizes=\"auto, (max-width: 1024px) 100vw, 1024px\" \/><figcaption class=\"wp-element-caption\">Calles de Pals (Girona). Por zkcristian.<\/figcaption><\/figure>\n\n\n\n<ul class=\"wp-block-list\">\n<li><strong>Recorrer Ca la Pruna<\/strong>. Situada justo a la entrada del casco antiguo, esta casa se\u00f1orial del siglo XVI combina arquitectura g\u00f3tica y renacentista. En su planta baja est\u00e1 la <a href=\"https:\/\/www.visitpals.com\/es\/municipio\/oficinas-de-turismo\/oficina-de-turismo\/\" target=\"_blank\" rel=\"noreferrer noopener nofollow\">oficina de turismo<\/a> y en la superior un auditorio o espacios culturales.<\/li>\n\n\n\n<li><strong>Plaza Mayor y calles del n\u00facleo medieval<\/strong>. Despu\u00e9s de Ca la Pruna, subir por carrer de la Creu hasta la plaza Mayor, observar sus edificios de piedra y bajar por la calle Mayor, atravesando el portal de la Vila. En la calle Mayor encontrar\u00e1s sepulturas visig\u00f3ticas excavadas en roca natural, entre otros detalles hist\u00f3ricos.<\/li>\n\n\n\n<li><strong>Visitar la torre de las Horas<\/strong>. Esta torre circular es el vestigio m\u00e1s visible del antiguo castillo de Pals. Subir por las escaleras de la calle de la Torre para admirarla desde cerca.<\/li>\n\n\n\n<li><strong>Iglesia de Sant Pere<\/strong>. A pocos metros de la torre, la iglesia merece una parada para contemplar su mezcla de estilos arquitect\u00f3nicos y el uso de piedra antigua del castillo.<\/li>\n\n\n\n<li><strong>Mirador Josep Pla y paseo arqueol\u00f3gico<\/strong>. El mirador y el trayecto exterior de las murallas permiten vistas sobre los arrozales, el mar y las islas.<\/li>\n\n\n\n<li><strong>Platja Gran de Pals<\/strong>. Tras la visita al pueblo, descender hacia la costa y relajarse en la playa, o caminar por la franja de dunas y conectar con rutas costeras.<\/li>\n\n\n\n<li><strong>Actividades al aire libre<\/strong>. Rutas en bici por los campos llanos, senderismo suave entre marismas, observaci\u00f3n de aves en las Basses d&#8217;en Coll, o disfrutar del mar y deportes acu\u00e1ticos.<\/li>\n<\/ul>\n\n\n\n<h2 class=\"wp-block-heading\" id=\"h-eventos-locales-y-experiencias-culturales-en-pals\"><strong>Eventos locales y experiencias culturales<\/strong> en Pals<\/h2>\n\n\n\n<figure class=\"wp-block-image size-large\"><img loading=\"lazy\" decoding=\"async\" width=\"1024\" height=\"683\" src=\"https:\/\/www.escapadarural.com\/blog\/wp-content\/uploads\/2025\/10\/08_Pals_Eventos_alzamu79_AdobeStock_332879271_WP08-1024x683.webp\" alt=\"N\u00facleo antiguo de Pals (Girona).\" class=\"wp-image-208981\" srcset=\"https:\/\/www.escapadarural.com\/blog\/wp-content\/uploads\/2025\/10\/08_Pals_Eventos_alzamu79_AdobeStock_332879271_WP08-200x133.webp 200w, https:\/\/www.escapadarural.com\/blog\/wp-content\/uploads\/2025\/10\/08_Pals_Eventos_alzamu79_AdobeStock_332879271_WP08-300x200.webp 300w, https:\/\/www.escapadarural.com\/blog\/wp-content\/uploads\/2025\/10\/08_Pals_Eventos_alzamu79_AdobeStock_332879271_WP08-400x267.webp 400w, https:\/\/www.escapadarural.com\/blog\/wp-content\/uploads\/2025\/10\/08_Pals_Eventos_alzamu79_AdobeStock_332879271_WP08-600x400.webp 600w, https:\/\/www.escapadarural.com\/blog\/wp-content\/uploads\/2025\/10\/08_Pals_Eventos_alzamu79_AdobeStock_332879271_WP08-768x512.webp 768w, https:\/\/www.escapadarural.com\/blog\/wp-content\/uploads\/2025\/10\/08_Pals_Eventos_alzamu79_AdobeStock_332879271_WP08-800x533.webp 800w, https:\/\/www.escapadarural.com\/blog\/wp-content\/uploads\/2025\/10\/08_Pals_Eventos_alzamu79_AdobeStock_332879271_WP08-1024x683.webp 1024w, https:\/\/www.escapadarural.com\/blog\/wp-content\/uploads\/2025\/10\/08_Pals_Eventos_alzamu79_AdobeStock_332879271_WP08.webp 1200w\" sizes=\"auto, (max-width: 1024px) 100vw, 1024px\" \/><figcaption class=\"wp-element-caption\">N\u00facleo antiguo de Pals (Girona). Por alzamu79.<\/figcaption><\/figure>\n\n\n\n<ul class=\"wp-block-list\">\n<li><strong>Plantada del arroz<\/strong>: tradici\u00f3n local de sembrar el arroz.<\/li>\n\n\n\n<li><strong>Feria y campa\u00f1a gastron\u00f3mica del arroz de Pals<\/strong>: celebraci\u00f3n con degustaciones, conferencias y platos basados en el arroz local.<\/li>\n\n\n\n<li><strong>Fiestas mayores<\/strong>: Pals celebra su fiesta mayor en agosto.<\/li>\n\n\n\n<li><strong>Pesebre viviente<\/strong> durante la Navidad, visitas guiadas tem\u00e1ticas (leyendas, rutas del arroz, patrimonio).<\/li>\n<\/ul>\n\n\n\n<h2 class=\"wp-block-heading\" id=\"h-gastronomia-y-cultura-local-de-pals\">Gastronom\u00eda y cultura local de Pals<\/h2>\n\n\n\n<figure class=\"wp-block-image size-large\"><img loading=\"lazy\" decoding=\"async\" width=\"1024\" height=\"683\" src=\"https:\/\/www.escapadarural.com\/blog\/wp-content\/uploads\/2025\/10\/09_Pals_PlatoArroz_helena_AdobeStock_372579218_WP09-1024x683.webp\" alt=\"Arroz de Pals (Girona). \" class=\"wp-image-208982\" srcset=\"https:\/\/www.escapadarural.com\/blog\/wp-content\/uploads\/2025\/10\/09_Pals_PlatoArroz_helena_AdobeStock_372579218_WP09-200x133.webp 200w, https:\/\/www.escapadarural.com\/blog\/wp-content\/uploads\/2025\/10\/09_Pals_PlatoArroz_helena_AdobeStock_372579218_WP09-300x200.webp 300w, https:\/\/www.escapadarural.com\/blog\/wp-content\/uploads\/2025\/10\/09_Pals_PlatoArroz_helena_AdobeStock_372579218_WP09-400x267.webp 400w, https:\/\/www.escapadarural.com\/blog\/wp-content\/uploads\/2025\/10\/09_Pals_PlatoArroz_helena_AdobeStock_372579218_WP09-600x400.webp 600w, https:\/\/www.escapadarural.com\/blog\/wp-content\/uploads\/2025\/10\/09_Pals_PlatoArroz_helena_AdobeStock_372579218_WP09-768x512.webp 768w, https:\/\/www.escapadarural.com\/blog\/wp-content\/uploads\/2025\/10\/09_Pals_PlatoArroz_helena_AdobeStock_372579218_WP09-800x533.webp 800w, https:\/\/www.escapadarural.com\/blog\/wp-content\/uploads\/2025\/10\/09_Pals_PlatoArroz_helena_AdobeStock_372579218_WP09-1024x683.webp 1024w, https:\/\/www.escapadarural.com\/blog\/wp-content\/uploads\/2025\/10\/09_Pals_PlatoArroz_helena_AdobeStock_372579218_WP09.webp 1200w\" sizes=\"auto, (max-width: 1024px) 100vw, 1024px\" \/><figcaption class=\"wp-element-caption\">Arroz de Pals (Girona). Por helena.<\/figcaption><\/figure>\n\n\n\n<ul class=\"wp-block-list\">\n<li><strong>Arroz de Pals<\/strong>. Es el producto estrella local. Su cultivo est\u00e1 profundamente ligado a la identidad de Pals. Tiene sello de garant\u00eda del Empord\u00e0. El arroz a la cazuela, con marisco del litoral o ingredientes de la huerta, es una de las preparaciones tradicionales m\u00e1s t\u00edpicas.<\/li>\n\n\n\n<li><strong>Otros productos locales<\/strong>.\n<ul class=\"wp-block-list\">\n<li>De la huerta: verduras frescas y legumbres.<\/li>\n\n\n\n<li>Del mar cercano: pescado de la Costa Brava se combina en la cocina del pueblo.<\/li>\n\n\n\n<li>En temporada de oto\u00f1o, la recogida de arroz, festivales gastron\u00f3micos locales y ferias de productos artesanos animan el ambiente rural.<\/li>\n<\/ul>\n<\/li>\n\n\n\n<li><strong>Tradiciones, fiestas y cultura viva<\/strong>. Las festividades tradicionales incluyen m\u00fasica local (sardanas, habaneras), ferias de vinos y cavas, cantadas populares y celebraciones religiosas en los barrios rurales. La recuperaci\u00f3n de las costumbres del campo -como la plantada del arroz o jornadas de siega- se han convertido en actividades culturales para los visitantes.<\/li>\n<\/ul>\n\n\n\n<h2 class=\"wp-block-heading\" id=\"h-informacion-practica-para-tu-escapada-a-pals\">Informaci\u00f3n pr\u00e1ctica para tu escapada a Pals<\/h2>\n\n\n\n<figure class=\"wp-block-image size-large\"><img loading=\"lazy\" decoding=\"async\" width=\"1024\" height=\"683\" src=\"https:\/\/www.escapadarural.com\/blog\/wp-content\/uploads\/2025\/10\/10_Pals_Pueblo_funkyfrogstock_AdobeStock_47113334_WP10-1024x683.webp\" alt=\"N\u00facleo medieval de Pals (Girona). \" class=\"wp-image-208984\" srcset=\"https:\/\/www.escapadarural.com\/blog\/wp-content\/uploads\/2025\/10\/10_Pals_Pueblo_funkyfrogstock_AdobeStock_47113334_WP10-200x133.webp 200w, https:\/\/www.escapadarural.com\/blog\/wp-content\/uploads\/2025\/10\/10_Pals_Pueblo_funkyfrogstock_AdobeStock_47113334_WP10-300x200.webp 300w, https:\/\/www.escapadarural.com\/blog\/wp-content\/uploads\/2025\/10\/10_Pals_Pueblo_funkyfrogstock_AdobeStock_47113334_WP10-400x267.webp 400w, https:\/\/www.escapadarural.com\/blog\/wp-content\/uploads\/2025\/10\/10_Pals_Pueblo_funkyfrogstock_AdobeStock_47113334_WP10-600x400.webp 600w, https:\/\/www.escapadarural.com\/blog\/wp-content\/uploads\/2025\/10\/10_Pals_Pueblo_funkyfrogstock_AdobeStock_47113334_WP10-768x512.webp 768w, https:\/\/www.escapadarural.com\/blog\/wp-content\/uploads\/2025\/10\/10_Pals_Pueblo_funkyfrogstock_AdobeStock_47113334_WP10-800x533.webp 800w, https:\/\/www.escapadarural.com\/blog\/wp-content\/uploads\/2025\/10\/10_Pals_Pueblo_funkyfrogstock_AdobeStock_47113334_WP10-1024x683.webp 1024w, https:\/\/www.escapadarural.com\/blog\/wp-content\/uploads\/2025\/10\/10_Pals_Pueblo_funkyfrogstock_AdobeStock_47113334_WP10.webp 1200w\" sizes=\"auto, (max-width: 1024px) 100vw, 1024px\" \/><figcaption class=\"wp-element-caption\">N\u00facleo medieval de Pals (Girona). Por funkyfrogstock.<\/figcaption><\/figure>\n\n\n\n<ul class=\"wp-block-list\">\n<li><strong>C\u00f3mo llegar<\/strong> a Pals. Pals se sit\u00faa a unos 48 km de Girona capital. Se accede por la carretera GI-652 desde la red local del Ampurd\u00e1n. Desde la costa y otras localidades cercanas, por carreteras secundarias hacia la entrada del n\u00facleo medieval.<\/li>\n\n\n\n<li><strong>Mejor \u00e9poca para visitar<\/strong>. Primavera y verano son ideales por el buen clima y el acceso c\u00f3modo a playas y rutas. Oto\u00f1o es excelente para contemplar los colores del campo y participar en la siega del arroz. En invierno algunos servicios pueden estar limitados.<\/li>\n\n\n\n<li><strong>Duraci\u00f3n ideal de la escapada<\/strong>: 1 a 2 noches permiten recorrer el casco antiguo, disfrutar de la playa y una inmersi\u00f3n cultural. Tres noches ofrecen mayor calma y la posibilidad de explorar aldeas cercanas o rutas naturales del Empord\u00e0.<\/li>\n<\/ul>\n","protected":false},"excerpt":{"rendered":"<p>Rodeado de arrozales, dunas y marismas, y con vistas al mar y al macizo del Montgr\u00ed e islas Medes, Pals ofrece un refugio rural con sabor medieval y belleza natural<\/p>\n","protected":false},"author":85,"featured_media":39381,"comment_status":"open","ping_status":"open","sticky":false,"template":"","format":"standard","meta":{"_acf_changed":false,"om_disable_all_campaigns":false,"footnotes":""},"categories":[191],"tags":[5704,5994,1992,511,404,419,4014],"class_list":["post-208805","post","type-post","status-publish","format-standard","has-post-thumbnail","hentry","category-destinos","tag-arrozales","tag-que-ver-en-cataluna","tag-costa-brava","tag-familia","tag-que-ver-en-girona","tag-medieval","tag-pals"],"acf":[],"featured_image_src":"https:\/\/www.escapadarural.com\/blog\/wp-content\/uploads\/2021\/03\/shutterstock_192441479.jpg","author_info":{"display_name":"Redacci\u00f3n ER","author_link":"https:\/\/www.escapadarural.com\/blog\/autor\/admin\/"},"yoast_head":"<!-- This site is optimized with the Yoast SEO plugin v27.5 - https:\/\/yoast.com\/product\/yoast-seo-wordpress\/ -->\n<title>Qu\u00e9 hacer en Pals, la joya medieval de Girona entre arrozales y mar - EscapadaRural<\/title>\n<meta name=\"description\" content=\"Rodeado de arrozales, dunas y marismas, con vistas al mar y al macizo del Montgr\u00ed, Pals es un refugio rural de sabor medieval y belleza natural\" \/>\n<meta name=\"robots\" content=\"index, follow, max-snippet:-1, max-image-preview:large, max-video-preview:-1\" \/>\n<link rel=\"canonical\" href=\"https:\/\/www.escapadarural.com\/blog\/que-hacer-en-pals\/\" \/>\n<meta property=\"og:locale\" content=\"es_ES\" \/>\n<meta property=\"og:type\" content=\"article\" \/>\n<meta property=\"og:title\" content=\"Qu\u00e9 hacer en Pals, la joya medieval de Girona entre arrozales y mar - EscapadaRural\" \/>\n<meta property=\"og:description\" content=\"Rodeado de arrozales, dunas y marismas, con vistas al mar y al macizo del Montgr\u00ed, Pals es un refugio rural de sabor medieval y belleza natural\" \/>\n<meta property=\"og:url\" content=\"https:\/\/www.escapadarural.com\/blog\/que-hacer-en-pals\/\" \/>\n<meta property=\"og:site_name\" content=\"Magazine de viajes de EscapadaRural\" \/>\n<meta property=\"article:publisher\" content=\"https:\/\/www.facebook.com\/escapadarural\" \/>\n<meta property=\"article:published_time\" content=\"2025-10-07T06:55:00+00:00\" \/>\n<meta property=\"article:modified_time\" content=\"2026-03-19T15:05:47+00:00\" \/>\n<meta property=\"og:image\" content=\"https:\/\/www.escapadarural.com\/blog\/wp-content\/uploads\/2021\/03\/shutterstock_192441479.jpg?v=1773932747\" \/>\n\t<meta property=\"og:image:width\" content=\"2048\" \/>\n\t<meta property=\"og:image:height\" content=\"1365\" \/>\n\t<meta property=\"og:image:type\" content=\"image\/jpeg\" \/>\n<meta name=\"author\" content=\"Redacci\u00f3n ER\" \/>\n<meta name=\"twitter:card\" content=\"summary_large_image\" \/>\n<meta name=\"twitter:label1\" content=\"Escrito por\" \/>\n\t<meta name=\"twitter:data1\" content=\"Redacci\u00f3n ER\" \/>\n\t<meta name=\"twitter:label2\" content=\"Tiempo de lectura\" \/>\n\t<meta name=\"twitter:data2\" content=\"6 minutos\" \/>\n<script type=\"application\/ld+json\" class=\"yoast-schema-graph\">{\"@context\":\"https:\\\/\\\/schema.org\",\"@graph\":[{\"@type\":\"Article\",\"@id\":\"https:\\\/\\\/www.escapadarural.com\\\/blog\\\/que-hacer-en-pals\\\/#article\",\"isPartOf\":{\"@id\":\"https:\\\/\\\/www.escapadarural.com\\\/blog\\\/que-hacer-en-pals\\\/\"},\"author\":{\"name\":\"Redacci\u00f3n ER\",\"@id\":\"https:\\\/\\\/www.escapadarural.com\\\/blog\\\/#\\\/schema\\\/person\\\/bd5b0d7ad308a0bf4efed73e8308b4fa\"},\"headline\":\"Qu\u00e9 hacer en Pals, la joya medieval de Girona entre arrozales y mar\",\"datePublished\":\"2025-10-07T06:55:00+00:00\",\"dateModified\":\"2026-03-19T15:05:47+00:00\",\"mainEntityOfPage\":{\"@id\":\"https:\\\/\\\/www.escapadarural.com\\\/blog\\\/que-hacer-en-pals\\\/\"},\"wordCount\":1268,\"commentCount\":0,\"publisher\":{\"@id\":\"https:\\\/\\\/www.escapadarural.com\\\/blog\\\/#organization\"},\"image\":{\"@id\":\"https:\\\/\\\/www.escapadarural.com\\\/blog\\\/que-hacer-en-pals\\\/#primaryimage\"},\"thumbnailUrl\":\"https:\\\/\\\/www.escapadarural.com\\\/blog\\\/wp-content\\\/uploads\\\/2021\\\/03\\\/shutterstock_192441479.jpg\",\"keywords\":[\"arrozales\",\"Catalu\u00f1a\",\"Costa Brava\",\"Familia\",\"Girona\",\"Medieval\",\"pals\"],\"articleSection\":[\"Destinos\"],\"inLanguage\":\"es\",\"potentialAction\":[{\"@type\":\"CommentAction\",\"name\":\"Comment\",\"target\":[\"https:\\\/\\\/www.escapadarural.com\\\/blog\\\/que-hacer-en-pals\\\/#respond\"]}]},{\"@type\":\"WebPage\",\"@id\":\"https:\\\/\\\/www.escapadarural.com\\\/blog\\\/que-hacer-en-pals\\\/\",\"url\":\"https:\\\/\\\/www.escapadarural.com\\\/blog\\\/que-hacer-en-pals\\\/\",\"name\":\"Qu\u00e9 hacer en Pals, la joya medieval de Girona entre arrozales y mar - EscapadaRural\",\"isPartOf\":{\"@id\":\"https:\\\/\\\/www.escapadarural.com\\\/blog\\\/#website\"},\"primaryImageOfPage\":{\"@id\":\"https:\\\/\\\/www.escapadarural.com\\\/blog\\\/que-hacer-en-pals\\\/#primaryimage\"},\"image\":{\"@id\":\"https:\\\/\\\/www.escapadarural.com\\\/blog\\\/que-hacer-en-pals\\\/#primaryimage\"},\"thumbnailUrl\":\"https:\\\/\\\/www.escapadarural.com\\\/blog\\\/wp-content\\\/uploads\\\/2021\\\/03\\\/shutterstock_192441479.jpg\",\"datePublished\":\"2025-10-07T06:55:00+00:00\",\"dateModified\":\"2026-03-19T15:05:47+00:00\",\"description\":\"Rodeado de arrozales, dunas y marismas, con vistas al mar y al macizo del Montgr\u00ed, Pals es un refugio rural de sabor medieval y belleza natural\",\"breadcrumb\":{\"@id\":\"https:\\\/\\\/www.escapadarural.com\\\/blog\\\/que-hacer-en-pals\\\/#breadcrumb\"},\"inLanguage\":\"es\",\"potentialAction\":[{\"@type\":\"ReadAction\",\"target\":[\"https:\\\/\\\/www.escapadarural.com\\\/blog\\\/que-hacer-en-pals\\\/\"]}]},{\"@type\":\"ImageObject\",\"inLanguage\":\"es\",\"@id\":\"https:\\\/\\\/www.escapadarural.com\\\/blog\\\/que-hacer-en-pals\\\/#primaryimage\",\"url\":\"https:\\\/\\\/www.escapadarural.com\\\/blog\\\/wp-content\\\/uploads\\\/2021\\\/03\\\/shutterstock_192441479.jpg\",\"contentUrl\":\"https:\\\/\\\/www.escapadarural.com\\\/blog\\\/wp-content\\\/uploads\\\/2021\\\/03\\\/shutterstock_192441479.jpg\",\"width\":2048,\"height\":1365,\"caption\":\"Pals (Girona). Por funkyfrogstock\"},{\"@type\":\"BreadcrumbList\",\"@id\":\"https:\\\/\\\/www.escapadarural.com\\\/blog\\\/que-hacer-en-pals\\\/#breadcrumb\",\"itemListElement\":[{\"@type\":\"ListItem\",\"position\":1,\"name\":\"Inicio\",\"item\":\"https:\\\/\\\/www.escapadarural.com\\\/blog\\\/\"},{\"@type\":\"ListItem\",\"position\":2,\"name\":\"Destinos\",\"item\":\"https:\\\/\\\/www.escapadarural.com\\\/blog\\\/categoria\\\/destinos\\\/\"},{\"@type\":\"ListItem\",\"position\":3,\"name\":\"Qu\u00e9 hacer en Pals, la joya medieval de Girona entre arrozales y mar\"}]},{\"@type\":\"WebSite\",\"@id\":\"https:\\\/\\\/www.escapadarural.com\\\/blog\\\/#website\",\"url\":\"https:\\\/\\\/www.escapadarural.com\\\/blog\\\/\",\"name\":\"Blog de viajes | turismo rural, alojamientos e inspiraci\u00f3n\",\"description\":\"Alojamientos rurales e inspiraci\u00f3n para tus escapadas\",\"publisher\":{\"@id\":\"https:\\\/\\\/www.escapadarural.com\\\/blog\\\/#organization\"},\"alternateName\":\"Magazine de viajes de EscapadaRural\",\"potentialAction\":[{\"@type\":\"SearchAction\",\"target\":{\"@type\":\"EntryPoint\",\"urlTemplate\":\"https:\\\/\\\/www.escapadarural.com\\\/blog\\\/?s={search_term_string}\"},\"query-input\":{\"@type\":\"PropertyValueSpecification\",\"valueRequired\":true,\"valueName\":\"search_term_string\"}}],\"inLanguage\":\"es\"},{\"@type\":\"Organization\",\"@id\":\"https:\\\/\\\/www.escapadarural.com\\\/blog\\\/#organization\",\"name\":\"EscapadaRural\",\"url\":\"https:\\\/\\\/www.escapadarural.com\\\/blog\\\/\",\"logo\":{\"@type\":\"ImageObject\",\"inLanguage\":\"es\",\"@id\":\"https:\\\/\\\/www.escapadarural.com\\\/blog\\\/#\\\/schema\\\/logo\\\/image\\\/\",\"url\":\"https:\\\/\\\/www.escapadarural.com\\\/blog\\\/wp-content\\\/uploads\\\/2024\\\/10\\\/cropped-cropped-escapada-rural-icon-mag-3.png\",\"contentUrl\":\"https:\\\/\\\/www.escapadarural.com\\\/blog\\\/wp-content\\\/uploads\\\/2024\\\/10\\\/cropped-cropped-escapada-rural-icon-mag-3.png\",\"width\":512,\"height\":512,\"caption\":\"EscapadaRural\"},\"image\":{\"@id\":\"https:\\\/\\\/www.escapadarural.com\\\/blog\\\/#\\\/schema\\\/logo\\\/image\\\/\"},\"sameAs\":[\"https:\\\/\\\/www.facebook.com\\\/escapadarural\",\"https:\\\/\\\/www.instagram.com\\\/escapadarural\\\/\",\"https:\\\/\\\/www.youtube.com\\\/@escapadaruralcom\"]},{\"@type\":\"Person\",\"@id\":\"https:\\\/\\\/www.escapadarural.com\\\/blog\\\/#\\\/schema\\\/person\\\/bd5b0d7ad308a0bf4efed73e8308b4fa\",\"name\":\"Redacci\u00f3n ER\",\"image\":{\"@type\":\"ImageObject\",\"inLanguage\":\"es\",\"@id\":\"https:\\\/\\\/www.escapadarural.com\\\/blog\\\/wp-content\\\/uploads\\\/2024\\\/10\\\/cropped-cropped-escapada-rural-icon-mag-3-96x96.png\",\"url\":\"https:\\\/\\\/www.escapadarural.com\\\/blog\\\/wp-content\\\/uploads\\\/2024\\\/10\\\/cropped-cropped-escapada-rural-icon-mag-3-96x96.png\",\"contentUrl\":\"https:\\\/\\\/www.escapadarural.com\\\/blog\\\/wp-content\\\/uploads\\\/2024\\\/10\\\/cropped-cropped-escapada-rural-icon-mag-3-96x96.png\",\"caption\":\"Redacci\u00f3n ER\"},\"description\":\"Nos encanta inspirar a viajeros y ayudar a los propietarios con nuestros contenidos\",\"url\":\"https:\\\/\\\/www.escapadarural.com\\\/blog\\\/autor\\\/admin\\\/\"}]}<\/script>\n<!-- \/ Yoast SEO plugin. -->","yoast_head_json":{"title":"Qu\u00e9 hacer en Pals, la joya medieval de Girona entre arrozales y mar - EscapadaRural","description":"Rodeado de arrozales, dunas y marismas, con vistas al mar y al macizo del Montgr\u00ed, Pals es un refugio rural de sabor medieval y belleza natural","robots":{"index":"index","follow":"follow","max-snippet":"max-snippet:-1","max-image-preview":"max-image-preview:large","max-video-preview":"max-video-preview:-1"},"canonical":"https:\/\/www.escapadarural.com\/blog\/que-hacer-en-pals\/","og_locale":"es_ES","og_type":"article","og_title":"Qu\u00e9 hacer en Pals, la joya medieval de Girona entre arrozales y mar - EscapadaRural","og_description":"Rodeado de arrozales, dunas y marismas, con vistas al mar y al macizo del Montgr\u00ed, Pals es un refugio rural de sabor medieval y belleza natural","og_url":"https:\/\/www.escapadarural.com\/blog\/que-hacer-en-pals\/","og_site_name":"Magazine de viajes de EscapadaRural","article_publisher":"https:\/\/www.facebook.com\/escapadarural","article_published_time":"2025-10-07T06:55:00+00:00","article_modified_time":"2026-03-19T15:05:47+00:00","og_image":[{"width":2048,"height":1365,"url":"https:\/\/www.escapadarural.com\/blog\/wp-content\/uploads\/2021\/03\/shutterstock_192441479.jpg?v=1773932747","type":"image\/jpeg"}],"author":"Redacci\u00f3n ER","twitter_card":"summary_large_image","twitter_misc":{"Escrito por":"Redacci\u00f3n ER","Tiempo de lectura":"6 minutos"},"schema":{"@context":"https:\/\/schema.org","@graph":[{"@type":"Article","@id":"https:\/\/www.escapadarural.com\/blog\/que-hacer-en-pals\/#article","isPartOf":{"@id":"https:\/\/www.escapadarural.com\/blog\/que-hacer-en-pals\/"},"author":{"name":"Redacci\u00f3n ER","@id":"https:\/\/www.escapadarural.com\/blog\/#\/schema\/person\/bd5b0d7ad308a0bf4efed73e8308b4fa"},"headline":"Qu\u00e9 hacer en Pals, la joya medieval de Girona entre arrozales y mar","datePublished":"2025-10-07T06:55:00+00:00","dateModified":"2026-03-19T15:05:47+00:00","mainEntityOfPage":{"@id":"https:\/\/www.escapadarural.com\/blog\/que-hacer-en-pals\/"},"wordCount":1268,"commentCount":0,"publisher":{"@id":"https:\/\/www.escapadarural.com\/blog\/#organization"},"image":{"@id":"https:\/\/www.escapadarural.com\/blog\/que-hacer-en-pals\/#primaryimage"},"thumbnailUrl":"https:\/\/www.escapadarural.com\/blog\/wp-content\/uploads\/2021\/03\/shutterstock_192441479.jpg","keywords":["arrozales","Catalu\u00f1a","Costa Brava","Familia","Girona","Medieval","pals"],"articleSection":["Destinos"],"inLanguage":"es","potentialAction":[{"@type":"CommentAction","name":"Comment","target":["https:\/\/www.escapadarural.com\/blog\/que-hacer-en-pals\/#respond"]}]},{"@type":"WebPage","@id":"https:\/\/www.escapadarural.com\/blog\/que-hacer-en-pals\/","url":"https:\/\/www.escapadarural.com\/blog\/que-hacer-en-pals\/","name":"Qu\u00e9 hacer en Pals, la joya medieval de Girona entre arrozales y mar - EscapadaRural","isPartOf":{"@id":"https:\/\/www.escapadarural.com\/blog\/#website"},"primaryImageOfPage":{"@id":"https:\/\/www.escapadarural.com\/blog\/que-hacer-en-pals\/#primaryimage"},"image":{"@id":"https:\/\/www.escapadarural.com\/blog\/que-hacer-en-pals\/#primaryimage"},"thumbnailUrl":"https:\/\/www.escapadarural.com\/blog\/wp-content\/uploads\/2021\/03\/shutterstock_192441479.jpg","datePublished":"2025-10-07T06:55:00+00:00","dateModified":"2026-03-19T15:05:47+00:00","description":"Rodeado de arrozales, dunas y marismas, con vistas al mar y al macizo del Montgr\u00ed, Pals es un refugio rural de sabor medieval y belleza natural","breadcrumb":{"@id":"https:\/\/www.escapadarural.com\/blog\/que-hacer-en-pals\/#breadcrumb"},"inLanguage":"es","potentialAction":[{"@type":"ReadAction","target":["https:\/\/www.escapadarural.com\/blog\/que-hacer-en-pals\/"]}]},{"@type":"ImageObject","inLanguage":"es","@id":"https:\/\/www.escapadarural.com\/blog\/que-hacer-en-pals\/#primaryimage","url":"https:\/\/www.escapadarural.com\/blog\/wp-content\/uploads\/2021\/03\/shutterstock_192441479.jpg","contentUrl":"https:\/\/www.escapadarural.com\/blog\/wp-content\/uploads\/2021\/03\/shutterstock_192441479.jpg","width":2048,"height":1365,"caption":"Pals (Girona). Por funkyfrogstock"},{"@type":"BreadcrumbList","@id":"https:\/\/www.escapadarural.com\/blog\/que-hacer-en-pals\/#breadcrumb","itemListElement":[{"@type":"ListItem","position":1,"name":"Inicio","item":"https:\/\/www.escapadarural.com\/blog\/"},{"@type":"ListItem","position":2,"name":"Destinos","item":"https:\/\/www.escapadarural.com\/blog\/categoria\/destinos\/"},{"@type":"ListItem","position":3,"name":"Qu\u00e9 hacer en Pals, la joya medieval de Girona entre arrozales y mar"}]},{"@type":"WebSite","@id":"https:\/\/www.escapadarural.com\/blog\/#website","url":"https:\/\/www.escapadarural.com\/blog\/","name":"Blog de viajes | turismo rural, alojamientos e inspiraci\u00f3n","description":"Alojamientos rurales e inspiraci\u00f3n para tus escapadas","publisher":{"@id":"https:\/\/www.escapadarural.com\/blog\/#organization"},"alternateName":"Magazine de viajes de EscapadaRural","potentialAction":[{"@type":"SearchAction","target":{"@type":"EntryPoint","urlTemplate":"https:\/\/www.escapadarural.com\/blog\/?s={search_term_string}"},"query-input":{"@type":"PropertyValueSpecification","valueRequired":true,"valueName":"search_term_string"}}],"inLanguage":"es"},{"@type":"Organization","@id":"https:\/\/www.escapadarural.com\/blog\/#organization","name":"EscapadaRural","url":"https:\/\/www.escapadarural.com\/blog\/","logo":{"@type":"ImageObject","inLanguage":"es","@id":"https:\/\/www.escapadarural.com\/blog\/#\/schema\/logo\/image\/","url":"https:\/\/www.escapadarural.com\/blog\/wp-content\/uploads\/2024\/10\/cropped-cropped-escapada-rural-icon-mag-3.png","contentUrl":"https:\/\/www.escapadarural.com\/blog\/wp-content\/uploads\/2024\/10\/cropped-cropped-escapada-rural-icon-mag-3.png","width":512,"height":512,"caption":"EscapadaRural"},"image":{"@id":"https:\/\/www.escapadarural.com\/blog\/#\/schema\/logo\/image\/"},"sameAs":["https:\/\/www.facebook.com\/escapadarural","https:\/\/www.instagram.com\/escapadarural\/","https:\/\/www.youtube.com\/@escapadaruralcom"]},{"@type":"Person","@id":"https:\/\/www.escapadarural.com\/blog\/#\/schema\/person\/bd5b0d7ad308a0bf4efed73e8308b4fa","name":"Redacci\u00f3n ER","image":{"@type":"ImageObject","inLanguage":"es","@id":"https:\/\/www.escapadarural.com\/blog\/wp-content\/uploads\/2024\/10\/cropped-cropped-escapada-rural-icon-mag-3-96x96.png","url":"https:\/\/www.escapadarural.com\/blog\/wp-content\/uploads\/2024\/10\/cropped-cropped-escapada-rural-icon-mag-3-96x96.png","contentUrl":"https:\/\/www.escapadarural.com\/blog\/wp-content\/uploads\/2024\/10\/cropped-cropped-escapada-rural-icon-mag-3-96x96.png","caption":"Redacci\u00f3n ER"},"description":"Nos encanta inspirar a viajeros y ayudar a los propietarios con nuestros contenidos","url":"https:\/\/www.escapadarural.com\/blog\/autor\/admin\/"}]}},"_links":{"self":[{"href":"https:\/\/www.escapadarural.com\/blog\/wp-json\/wp\/v2\/posts\/208805","targetHints":{"allow":["GET"]}}],"collection":[{"href":"https:\/\/www.escapadarural.com\/blog\/wp-json\/wp\/v2\/posts"}],"about":[{"href":"https:\/\/www.escapadarural.com\/blog\/wp-json\/wp\/v2\/types\/post"}],"author":[{"embeddable":true,"href":"https:\/\/www.escapadarural.com\/blog\/wp-json\/wp\/v2\/users\/85"}],"replies":[{"embeddable":true,"href":"https:\/\/www.escapadarural.com\/blog\/wp-json\/wp\/v2\/comments?post=208805"}],"version-history":[{"count":0,"href":"https:\/\/www.escapadarural.com\/blog\/wp-json\/wp\/v2\/posts\/208805\/revisions"}],"wp:featuredmedia":[{"embeddable":true,"href":"https:\/\/www.escapadarural.com\/blog\/wp-json\/wp\/v2\/media\/39381"}],"wp:attachment":[{"href":"https:\/\/www.escapadarural.com\/blog\/wp-json\/wp\/v2\/media?parent=208805"}],"wp:term":[{"taxonomy":"category","embeddable":true,"href":"https:\/\/www.escapadarural.com\/blog\/wp-json\/wp\/v2\/categories?post=208805"},{"taxonomy":"post_tag","embeddable":true,"href":"https:\/\/www.escapadarural.com\/blog\/wp-json\/wp\/v2\/tags?post=208805"}],"curies":[{"name":"wp","href":"https:\/\/api.w.org\/{rel}","templated":true}]}}