{"id":209037,"date":"2025-10-13T08:55:00","date_gmt":"2025-10-13T06:55:00","guid":{"rendered":"https:\/\/www.escapadarural.com\/blog\/?p=209037"},"modified":"2026-03-19T16:13:50","modified_gmt":"2026-03-19T15:13:50","slug":"rutas-para-oir-los-sonidos-del-otono","status":"publish","type":"post","link":"https:\/\/www.escapadarural.com\/blog\/5-rutas-para-oir-los-sonidos-del-otono\/","title":{"rendered":"5 rutas para escuchar los sonidos del oto\u00f1o"},"content":{"rendered":"\n<p>El oto\u00f1o no solo se contempla, tambi\u00e9n se escucha. Sus <strong>bosques se ti\u00f1en de tonalidades rojas, marrones, ocres y doradas<\/strong>. Y, mientras la mirada se pierde entre los colores, los o\u00eddos descubren otro de los encantos de esta estaci\u00f3n: sus sonidos.&nbsp;<\/p>\n\n\n\n<p>Es tiempo de bramidos en los montes, de grullas que cruzan el cielo, de cencerros que suenan entre los pastos y de cascadas que despiertan con las lluvias. Estas son algunas <strong>rutas que invitan a recorrer el paisaje con todos los sentidos<\/strong> para disfrutar no solo de la vista, sino tambi\u00e9n de los sonidos del oto\u00f1o.&nbsp;<\/p>\n\n\n\n<div class=\"wp-block-buttons is-layout-flex wp-block-buttons-is-layout-flex\">\n<div class=\"wp-block-button\"><a class=\"wp-block-button__link wp-element-button\" href=\"https:\/\/www.escapadarural.com\/\">Encuentra tu alojamiento<\/a><\/div>\n<\/div>\n\n\n\n<h2 class=\"wp-block-heading\" id=\"h-la-berrea-de-los-ciervos-en-la-sierra-de-andujar-jaen\">La berrea de los ciervos en la sierra de And\u00fajar (<a href=\"\/casas-rurales\/jaen\">Ja\u00e9n<\/a>)<\/h2>\n\n\n\n<figure class=\"wp-block-image size-large\"><img loading=\"lazy\" decoding=\"async\" width=\"1024\" height=\"683\" src=\"https:\/\/www.escapadarural.com\/blog\/wp-content\/uploads\/2025\/10\/AdobeStock_535487765-1024x683.webp\" alt=\"Berrea del ciervo en la sierra de And\u00fajar\" class=\"wp-image-209046\"\/><figcaption class=\"wp-element-caption\">Berrea del ciervo en la sierra de And\u00fajar. Por Juanan<\/figcaption><\/figure>\n\n\n\n<p>La <a href=\"\/blog\/la-berrea-de-los-ciervos-en-espana\/\">berrea<\/a> es uno de los espect\u00e1culos sonoros m\u00e1s caracter\u00edsticos del oto\u00f1o. Entre finales de septiembre y octubre, <strong>los ciervos machos emiten sus caracter\u00edsticos bramidos para atraer a las hembras<\/strong> y marcar su territorio. En Espa\u00f1a hay numerosos parques en los que podemos o\u00edrlo. Uno de ellos es la sierra de And\u00fajar, en la que nosotros mismos tuvimos la oportunidad de disfrutarlo hace unos a\u00f1os.&nbsp;<\/p>\n\n\n\n<p>El eco de estos <strong>bramidos resuena entre bosques de encinas, alcornoques y quejigos<\/strong>, creando un ambiente m\u00e1gico y sobrecogedor. Hay muchas rutas de observaci\u00f3n, se\u00f1alizadas con miradores naturales en las que disfrutar de este fen\u00f3meno respetando a los animales y convirtiendo el paseo en una experiencia \u00fanica.&nbsp;<\/p>\n\n\n\n<p>\u00bfLo mejor? Pues que si hay suerte, adem\u00e1s de escuchar la berrea, igual <strong>podemos encontrarnos con un <a href=\"\/blog\/sierra-de-andujar-la-tierra-del-lince-iberico\/\">lince ib\u00e9rico<\/a><\/strong>. La sierra de And\u00fajar es uno de los \u00faltimos refugios del felino m\u00e1s amenazado de Europa que afortunadamente se est\u00e1 recuperando.<\/p>\n\n\n<div style=\"background-color: #dff0d8; color: #3c763d; border-left-color: #3c763d; \" class=\"ub-styled-box ub-notification-box wp-block-ub-styled-box\" id=\"ub-styled-box-9aab3d99-bc6a-4ba9-a9c3-a0d34f87bf53\">\n<p id=\"ub-styled-box-notification-content-\"><strong>Longitud<\/strong>: 14 kil\u00f3metros<\/p>\n\n\n\n<p><strong>Dificultad<\/strong>: moderada<\/p>\n\n\n\n<p><strong>Tipo de ruta<\/strong>: circular<\/p>\n\n\n\n<p><a href=\"https:\/\/es.wikiloc.com\/rutas-senderismo\/berrea-en-andujar-115155269\" target=\"_blank\" rel=\"noreferrer noopener nofollow\">Track de wikiloc<\/a><\/p>\n\n\n<\/div>\n\n\n<div class=\"wp-block-buttons is-layout-flex wp-block-buttons-is-layout-flex\">\n<div class=\"wp-block-button\"><a class=\"wp-block-button__link wp-element-button\" href=\"\/casas-rurales\/sierra-de-andujar\">Alojamientos rurales en la sierra de And\u00fajar<\/a><\/div>\n<\/div>\n\n\n\n<h2 class=\"wp-block-heading\" id=\"h-el-graznido-de-las-grullas-de-gallocanta-zaragoza-y-teruel\">El graznido de las grullas de Gallocanta (<a href=\"\/casas-rurales\/zaragoza\">Zaragoza<\/a> y <a href=\"\/casas-rurales\/teruel\">Teruel<\/a>)<\/h2>\n\n\n\n<figure class=\"wp-block-image size-full\"><img loading=\"lazy\" decoding=\"async\" width=\"1024\" height=\"683\" src=\"https:\/\/www.escapadarural.com\/blog\/wp-content\/uploads\/2016\/02\/Laguna-de-Gallocanta-6.webp\" alt=\"Laguna de Gallocanta (Arag\u00f3n). Por Txanbelin\" class=\"wp-image-195663\" srcset=\"https:\/\/www.escapadarural.com\/blog\/wp-content\/uploads\/2016\/02\/Laguna-de-Gallocanta-6-200x133.webp 200w, https:\/\/www.escapadarural.com\/blog\/wp-content\/uploads\/2016\/02\/Laguna-de-Gallocanta-6-300x200.webp 300w, https:\/\/www.escapadarural.com\/blog\/wp-content\/uploads\/2016\/02\/Laguna-de-Gallocanta-6-400x267.webp 400w, https:\/\/www.escapadarural.com\/blog\/wp-content\/uploads\/2016\/02\/Laguna-de-Gallocanta-6-600x400.webp 600w, https:\/\/www.escapadarural.com\/blog\/wp-content\/uploads\/2016\/02\/Laguna-de-Gallocanta-6-768x512.webp 768w, https:\/\/www.escapadarural.com\/blog\/wp-content\/uploads\/2016\/02\/Laguna-de-Gallocanta-6-800x534.webp 800w, https:\/\/www.escapadarural.com\/blog\/wp-content\/uploads\/2016\/02\/Laguna-de-Gallocanta-6.webp 1024w\" sizes=\"auto, (max-width: 1024px) 100vw, 1024px\" \/><figcaption class=\"wp-element-caption\">Laguna de Gallocanta (Arag\u00f3n). Por Txanbelin<\/figcaption><\/figure>\n\n\n\n<p>Con la llegada del oto\u00f1o, <strong>la laguna de Gallocanta es un festival de graznidos<\/strong>. No har\u00e1 falta mucho m\u00e1s que bajar del coche para empezar a o\u00edr su caracter\u00edstico \u201ckruu kruu\u201d. Un sonido que es la banda sonora que acompa\u00f1a el suave aleteo de la bandada de grullas que sobrevuelan la reserva natural.&nbsp;<\/p>\n\n\n\n<p>Para disfrutar del espect\u00e1culo visual y sonoro podemos <strong>realizar alguna de las muchas rutas <\/strong>que parten desde el Centro de Interpretaci\u00f3n de la Laguna de Gallocanta. Durante el trayecto, adem\u00e1s de contemplar sus vuelos coreografiados, se ven numerosos campos de cultivo de cereales, el pueblo de Berrueco con las ruinas de su castillo y, al final, el mirador de aves desde donde contemplar a las populares grullas.&nbsp;<\/p>\n\n\n\n<p><strong>\u00bfCu\u00e1l es la mejor \u00e9poca para ver las grullas en la laguna de Gallocanta?<\/strong> Entre octubre y noviembre hacen escala durante su migraci\u00f3n hacia el sur. En este periodo, la actividad es m\u00e1xima y los bandos vuelan al amanecer y al atardecer.<\/p>\n\n\n<div style=\"background-color: #dff0d8; color: #3c763d; border-left-color: #3c763d; \" class=\"ub-styled-box ub-notification-box wp-block-ub-styled-box\" id=\"ub-styled-box-89595736-1a09-492e-8df2-10b2b9649b87\">\n<p id=\"ub-styled-box-notification-content-\"><strong>Longitud<\/strong>: 13 kil\u00f3metros<\/p>\n\n\n\n<p><strong>Dificultad<\/strong>: f\u00e1cil<\/p>\n\n\n\n<p><strong>Tipo de ruta<\/strong>: circular<\/p>\n\n\n\n<p><a href=\"https:\/\/es.wikiloc.com\/rutas-senderismo\/ruta-circular-por-la-laguna-de-gallocanta-y-castillo-de-berrueco-198047288\" target=\"_blank\" rel=\"noreferrer noopener nofollow\">Track de Wikiloc<\/a><\/p>\n\n\n<\/div>\n\n\n<div class=\"wp-block-buttons is-layout-flex wp-block-buttons-is-layout-flex\">\n<div class=\"wp-block-button\"><a class=\"wp-block-button__link wp-element-button\" href=\"\/casas-rurales\/laguna-de-gallocanta\">Alojamientos rurales en la laguna de Gallocanta<\/a><\/div>\n<\/div>\n\n\n\n<h2 class=\"wp-block-heading\" id=\"h-el-ulular-de-los-buhos-en-el-valle-de-roncal-navarra\">El ulular de los b\u00fahos en el valle de Roncal (<a href=\"\/casas-rurales\/navarra\">Navarra<\/a>)<\/h2>\n\n\n\n<figure class=\"wp-block-image size-large\"><img loading=\"lazy\" decoding=\"async\" width=\"1024\" height=\"683\" src=\"https:\/\/www.escapadarural.com\/blog\/wp-content\/uploads\/2025\/10\/AdobeStock_114636345-1024x683.webp\" alt=\"Esplendor en el valle del Roncal en Navarra\n\" class=\"wp-image-209047\"\/><figcaption class=\"wp-element-caption\">Esplendor en el valle del Roncal en Navarra. Por maycam<\/figcaption><\/figure>\n\n\n\n<p>Aunque los b\u00fahos habitan en muchos bosques de Espa\u00f1a, <strong>en el valle de Roncal se organizan rutas guiadas nocturnas<\/strong> con las que podemos disfrutar de su caracter\u00edstico ulular. Son accesibles para todo el mundo, ya que no entra\u00f1an dificultad. Para sumarnos a ellas, solo habr\u00e1 que acercarse hasta el <a href=\"https:\/\/www.cinroncal.es\/\" target=\"_blank\" rel=\"noreferrer noopener nofollow\">Centro de Interpretaci\u00f3n de la Naturaleza de Roncal<\/a>, desde donde se inicia esta ruta.&nbsp;<\/p>\n\n\n\n<p>Adem\u00e1s de poder escuchar al b\u00faho chico, en el valle de Roncal tambi\u00e9n <strong>habitan otras aves nocturnas como la lechuza com\u00fan, el autillo, el c\u00e1rabo o el mochuelo boreal<\/strong>. Durante el trayecto se har\u00e1n paradas para ir viendo fotograf\u00edas de cada ave que se va oyendo. \u00bfLo mejor? Que en esta zona del Pirineo navarro no hay contaminaci\u00f3n lum\u00ednica, por lo que si hay suerte incluso podremos atisbarlos descansando en las ramas de los \u00e1rboles.&nbsp;<\/p>\n\n\n<div style=\"background-color: #dff0d8; color: #3c763d; border-left-color: #3c763d; \" class=\"ub-styled-box ub-notification-box wp-block-ub-styled-box\" id=\"ub-styled-box-4e6aa76a-840e-4146-912e-c512d3ad899b\">\n<p id=\"ub-styled-box-notification-content-\"><strong>Longitud<\/strong>: 1,5 kil\u00f3metros\u00a0<\/p>\n\n\n\n<p><strong>Dificultad<\/strong>: f\u00e1cil<\/p>\n\n\n\n<p><strong>Tipo de ruta<\/strong>: lineal<\/p>\n\n\n<\/div>\n\n\n<div class=\"wp-block-buttons is-layout-flex wp-block-buttons-is-layout-flex\">\n<div class=\"wp-block-button\"><a class=\"wp-block-button__link wp-element-button\" href=\"\/casas-rurales\/valle-de-roncal\">Alojamientos rurales en el valle de Roncal<\/a><\/div>\n<\/div>\n\n\n\n<h2 class=\"wp-block-heading\" id=\"h-el-sonido-de-los-cencerros-en-los-picos-de-europa-asturias-y-leon\">El sonido de los cencerros en los Picos de Europa (<a href=\"\/casas-rurales\/asturias\">Asturias<\/a> y <a href=\"\/casas-rurales\/leon\">Le\u00f3n<\/a>)<\/h2>\n\n\n\n<figure class=\"wp-block-image size-large is-resized\"><img loading=\"lazy\" decoding=\"async\" width=\"1024\" height=\"683\" src=\"https:\/\/www.escapadarural.com\/blog\/wp-content\/uploads\/2025\/10\/AdobeStock_635999599-1-1024x683.webp\" alt=\"Ruta del Cares, Picos de Europa\" class=\"wp-image-209050\" style=\"width:1092px;height:auto\"\/><figcaption class=\"wp-element-caption\">Ruta del Cares, Picos de Europa. Por mschauer<\/figcaption><\/figure>\n\n\n\n<p>El oto\u00f1o es una <strong>estaci\u00f3n perfecta para realizar la popular Ruta del Cares<\/strong>, en los Picos de Europa asturianos. El desfiladero, conocido como <em>la Garganta Divina<\/em>, se ti\u00f1e de tonos ocres, las temperaturas son m\u00e1s suaves que en verano y hay menos afluencia de visitantes.<\/p>\n\n\n\n<p>El silencio solo se rompe con el murmullo del r\u00edo Cares en el fondo del ca\u00f1\u00f3n y con el <strong>sonido de los cencerros de cabras y vacas que pastan en las laderas<\/strong>. Su repicar met\u00e1lico resuena en las paredes de roca y se mezcla con el eco del valle, recordando que este entorno es tambi\u00e9n un espacio de pastoreo. Aunque hay que tener cuidado, ya que estos animales pueden hacer que las rocas que quedan por encima del camino se desprendan. No olvidemos que, aunque no es una ruta complicada, estamos en la alta monta\u00f1a.<\/p>\n\n\n\n<p>En nuestra <strong><a href=\"\/blog\/guia-para-hacer-la-ruta-del-cares\/\">gu\u00eda definitiva para hacer la Ruta del Cares<\/a> puedes encontrar m\u00e1s informaci\u00f3n<\/strong> acerca del itinerario, su historia y algunos consejos. <\/p>\n\n\n<div style=\"background-color: #dff0d8; color: #3c763d; border-left-color: #3c763d; \" class=\"ub-styled-box ub-notification-box wp-block-ub-styled-box\" id=\"ub-styled-box-28ff5695-fa12-4913-8520-53d2f2afb702\">\n<p id=\"ub-styled-box-notification-content-\"><strong>Longitud<\/strong>: 12 kil\u00f3metros<\/p>\n\n\n\n<p><strong>Dificultad<\/strong>: media\/f\u00e1cil<\/p>\n\n\n\n<p><strong>Tipo de ruta<\/strong>: lineal<\/p>\n\n\n<\/div>\n\n\n<div class=\"wp-block-buttons is-layout-flex wp-block-buttons-is-layout-flex\">\n<div class=\"wp-block-button\"><a class=\"wp-block-button__link wp-element-button\" href=\"\/casas-rurales\/ruta-del-cares\">Alojamientos rurales en la Ruta del Cares<\/a><\/div>\n<\/div>\n\n\n\n<h2 class=\"wp-block-heading\" id=\"h-la-corriente-del-agua-del-rio-mundo-albacete\">La corriente del agua del r\u00edo Mundo (<a href=\"\/casas-rurales\/albacete\">Albacete<\/a>)<\/h2>\n\n\n\n<figure class=\"wp-block-image size-large\"><img loading=\"lazy\" decoding=\"async\" width=\"1024\" height=\"683\" src=\"https:\/\/www.escapadarural.com\/blog\/wp-content\/uploads\/2025\/10\/AdobeStock_657898022-1024x683.webp\" alt=\"Nacimiento del r\u00edo Mundo en Ri\u00f3par, Albacete\" class=\"wp-image-209048\"\/><figcaption class=\"wp-element-caption\">Nacimiento del r\u00edo Mundo en Ri\u00f3par, Albacete. Por Revive Photo Media<\/figcaption><\/figure>\n\n\n\n<p>A lo largo del recorrido, <strong>el r\u00edo Mundo forma m\u00faltiples saltos de agua y r\u00e1pidos que acompa\u00f1an cada paso<\/strong>, creando un paisaje muy relajante. La cascada m\u00e1s famosa, el <a href=\"\/blog\/como-ver-el-nacimiento-del-rio-mundo\/\"><strong>Nacimiento del r\u00edo Mundo<\/strong><\/a>, en Ri\u00f3par, cae desde m\u00e1s de 100 metros de altura y se vuelve impresionante durante el oto\u00f1o y la primavera, despu\u00e9s de la \u00e9poca de lluvias. Es cuando el caudal es mayor y el entorno se muestra en todo su esplendor aunque, eso s\u00ed, tambi\u00e9n es la \u00e9poca en la que m\u00e1s gente la visita, pues hay agua a raudales y se produce el popular espect\u00e1culo conocido como \u201cel revent\u00f3n\u201d.&nbsp;<\/p>\n\n\n\n<p><strong>La ruta parte de la casa de la Noguera y sigue el caudal del r\u00edo<\/strong>. A lo largo del recorrido encontraremos peque\u00f1as cascadas, arroyos, puentes y una vegetaci\u00f3n que en el oto\u00f1o se viste con variedad de tonalidades. Un camino en el que el agua es la protagonista absoluta.&nbsp;<\/p>\n\n\n<div style=\"background-color: #dff0d8; color: #3c763d; border-left-color: #3c763d; \" class=\"ub-styled-box ub-notification-box wp-block-ub-styled-box\" id=\"ub-styled-box-07257a7f-c07b-4099-93f5-9db8f0c84ec2\">\n<p id=\"ub-styled-box-notification-content-\"><strong>Longitud<\/strong>: 12,86 kil\u00f3metros<\/p>\n\n\n\n<p><strong>Dificultad<\/strong>: f\u00e1cil<\/p>\n\n\n\n<p><strong>Tipo de ruta<\/strong>: circular<\/p>\n\n\n\n<p><a href=\"https:\/\/es.wikiloc.com\/rutas-senderismo\/nacimiento-rio-mundo-desde-casa-de-la-noguera-riopar-151186703\" target=\"_blank\" rel=\"noreferrer noopener nofollow\">Track de Wikiloc<\/a><\/p>\n\n\n<\/div>\n\n\n<div class=\"wp-block-buttons is-layout-flex wp-block-buttons-is-layout-flex\">\n<div class=\"wp-block-button\"><a class=\"wp-block-button__link wp-element-button\" href=\"\/casas-rurales\/riopar\">Alojamientos rurales en Ri\u00f3par<\/a><\/div>\n<\/div>\n","protected":false},"excerpt":{"rendered":"<p>El oto\u00f1o tambi\u00e9n se oye. Estas cinco rutas nos permiten escuchar sonidos t\u00edpicos del oto\u00f1o como el de la berrea, las grullas, los b\u00fahos&#8230; <\/p>\n","protected":false},"author":89,"featured_media":195663,"comment_status":"open","ping_status":"open","sticky":false,"template":"","format":"standard","meta":{"_acf_changed":false,"om_disable_all_campaigns":false,"footnotes":""},"categories":[1379],"tags":[785,6558,511,6559,2825,1139,1500,1341,6088,6087,2950,6560],"class_list":["post-209037","post","type-post","status-publish","format-standard","has-post-thumbnail","hentry","category-rutas-y-excursiones","tag-berrea","tag-cencerros","tag-familia","tag-grullas","tag-laguna-de-gallocanta","tag-nacimiento-del-rio-mundo","tag-otono","tag-ruta-del-cares","tag-rutas","tag-senderismo","tag-sierra-de-andujar","tag-valle-de-roncal"],"acf":[],"featured_image_src":"https:\/\/www.escapadarural.com\/blog\/wp-content\/uploads\/2016\/02\/Laguna-de-Gallocanta-6.webp","author_info":{"display_name":"Laura Fern\u00e1ndez","author_link":"https:\/\/www.escapadarural.com\/blog\/autor\/laura\/"},"yoast_head":"<!-- This site is optimized with the Yoast SEO plugin v27.5 - https:\/\/yoast.com\/product\/yoast-seo-wordpress\/ -->\n<title>5 rutas para escuchar los sonidos del oto\u00f1o - EscapadaRural<\/title>\n<meta name=\"description\" content=\"El oto\u00f1o tambi\u00e9n se oye. Estas cinco rutas nos permiten escuchar sonidos t\u00edpicos del oto\u00f1o como el de la berrea, las grullas, los b\u00fahos...\" \/>\n<meta name=\"robots\" content=\"index, follow, max-snippet:-1, max-image-preview:large, max-video-preview:-1\" \/>\n<link rel=\"canonical\" href=\"https:\/\/www.escapadarural.com\/blog\/5-rutas-para-oir-los-sonidos-del-otono\/\" \/>\n<meta property=\"og:locale\" content=\"es_ES\" \/>\n<meta property=\"og:type\" content=\"article\" \/>\n<meta property=\"og:title\" content=\"5 rutas para escuchar los sonidos del oto\u00f1o - EscapadaRural\" \/>\n<meta property=\"og:description\" content=\"El oto\u00f1o tambi\u00e9n se oye. Estas cinco rutas nos permiten escuchar sonidos t\u00edpicos del oto\u00f1o como el de la berrea, las grullas, los b\u00fahos...\" \/>\n<meta property=\"og:url\" content=\"https:\/\/www.escapadarural.com\/blog\/5-rutas-para-oir-los-sonidos-del-otono\/\" \/>\n<meta property=\"og:site_name\" content=\"Magazine de viajes de EscapadaRural\" \/>\n<meta property=\"article:publisher\" content=\"https:\/\/www.facebook.com\/escapadarural\" \/>\n<meta property=\"article:published_time\" content=\"2025-10-13T06:55:00+00:00\" \/>\n<meta property=\"article:modified_time\" content=\"2026-03-19T15:13:50+00:00\" \/>\n<meta property=\"og:image\" content=\"https:\/\/www.escapadarural.com\/blog\/wp-content\/uploads\/2016\/02\/Laguna-de-Gallocanta-6.webp?v=1773933232\" \/>\n\t<meta property=\"og:image:width\" content=\"1024\" \/>\n\t<meta property=\"og:image:height\" content=\"683\" \/>\n\t<meta property=\"og:image:type\" content=\"image\/webp\" \/>\n<meta name=\"author\" content=\"Laura Fern\u00e1ndez\" \/>\n<meta name=\"twitter:card\" content=\"summary_large_image\" \/>\n<meta name=\"twitter:label1\" content=\"Escrito por\" \/>\n\t<meta name=\"twitter:data1\" content=\"Laura Fern\u00e1ndez\" \/>\n\t<meta name=\"twitter:label2\" content=\"Tiempo de lectura\" \/>\n\t<meta name=\"twitter:data2\" content=\"6 minutos\" \/>\n<script type=\"application\/ld+json\" class=\"yoast-schema-graph\">{\"@context\":\"https:\\\/\\\/schema.org\",\"@graph\":[{\"@type\":\"Article\",\"@id\":\"https:\\\/\\\/www.escapadarural.com\\\/blog\\\/5-rutas-para-oir-los-sonidos-del-otono\\\/#article\",\"isPartOf\":{\"@id\":\"https:\\\/\\\/www.escapadarural.com\\\/blog\\\/5-rutas-para-oir-los-sonidos-del-otono\\\/\"},\"author\":{\"name\":\"Laura Fern\u00e1ndez\",\"@id\":\"https:\\\/\\\/www.escapadarural.com\\\/blog\\\/#\\\/schema\\\/person\\\/a9b46ae4d047d8a2c719f31e75206cff\"},\"headline\":\"5 rutas para escuchar los sonidos del oto\u00f1o\",\"datePublished\":\"2025-10-13T06:55:00+00:00\",\"dateModified\":\"2026-03-19T15:13:50+00:00\",\"mainEntityOfPage\":{\"@id\":\"https:\\\/\\\/www.escapadarural.com\\\/blog\\\/5-rutas-para-oir-los-sonidos-del-otono\\\/\"},\"wordCount\":1163,\"commentCount\":0,\"publisher\":{\"@id\":\"https:\\\/\\\/www.escapadarural.com\\\/blog\\\/#organization\"},\"image\":{\"@id\":\"https:\\\/\\\/www.escapadarural.com\\\/blog\\\/5-rutas-para-oir-los-sonidos-del-otono\\\/#primaryimage\"},\"thumbnailUrl\":\"https:\\\/\\\/www.escapadarural.com\\\/blog\\\/wp-content\\\/uploads\\\/2016\\\/02\\\/Laguna-de-Gallocanta-6.webp\",\"keywords\":[\"Berrea\",\"cencerros\",\"Familia\",\"grullas\",\"laguna de gallocanta\",\"Nacimiento del R\u00edo Mundo\",\"Oto\u00f1o\",\"Ruta del Cares\",\"Rutas\",\"senderismo\",\"Sierra de And\u00fajar\",\"valle de Roncal\"],\"articleSection\":[\"Rutas y excursiones\"],\"inLanguage\":\"es\",\"potentialAction\":[{\"@type\":\"CommentAction\",\"name\":\"Comment\",\"target\":[\"https:\\\/\\\/www.escapadarural.com\\\/blog\\\/5-rutas-para-oir-los-sonidos-del-otono\\\/#respond\"]}]},{\"@type\":\"WebPage\",\"@id\":\"https:\\\/\\\/www.escapadarural.com\\\/blog\\\/5-rutas-para-oir-los-sonidos-del-otono\\\/\",\"url\":\"https:\\\/\\\/www.escapadarural.com\\\/blog\\\/5-rutas-para-oir-los-sonidos-del-otono\\\/\",\"name\":\"5 rutas para escuchar los sonidos del oto\u00f1o - EscapadaRural\",\"isPartOf\":{\"@id\":\"https:\\\/\\\/www.escapadarural.com\\\/blog\\\/#website\"},\"primaryImageOfPage\":{\"@id\":\"https:\\\/\\\/www.escapadarural.com\\\/blog\\\/5-rutas-para-oir-los-sonidos-del-otono\\\/#primaryimage\"},\"image\":{\"@id\":\"https:\\\/\\\/www.escapadarural.com\\\/blog\\\/5-rutas-para-oir-los-sonidos-del-otono\\\/#primaryimage\"},\"thumbnailUrl\":\"https:\\\/\\\/www.escapadarural.com\\\/blog\\\/wp-content\\\/uploads\\\/2016\\\/02\\\/Laguna-de-Gallocanta-6.webp\",\"datePublished\":\"2025-10-13T06:55:00+00:00\",\"dateModified\":\"2026-03-19T15:13:50+00:00\",\"description\":\"El oto\u00f1o tambi\u00e9n se oye. Estas cinco rutas nos permiten escuchar sonidos t\u00edpicos del oto\u00f1o como el de la berrea, las grullas, los b\u00fahos...\",\"breadcrumb\":{\"@id\":\"https:\\\/\\\/www.escapadarural.com\\\/blog\\\/5-rutas-para-oir-los-sonidos-del-otono\\\/#breadcrumb\"},\"inLanguage\":\"es\",\"potentialAction\":[{\"@type\":\"ReadAction\",\"target\":[\"https:\\\/\\\/www.escapadarural.com\\\/blog\\\/5-rutas-para-oir-los-sonidos-del-otono\\\/\"]}]},{\"@type\":\"ImageObject\",\"inLanguage\":\"es\",\"@id\":\"https:\\\/\\\/www.escapadarural.com\\\/blog\\\/5-rutas-para-oir-los-sonidos-del-otono\\\/#primaryimage\",\"url\":\"https:\\\/\\\/www.escapadarural.com\\\/blog\\\/wp-content\\\/uploads\\\/2016\\\/02\\\/Laguna-de-Gallocanta-6.webp\",\"contentUrl\":\"https:\\\/\\\/www.escapadarural.com\\\/blog\\\/wp-content\\\/uploads\\\/2016\\\/02\\\/Laguna-de-Gallocanta-6.webp\",\"width\":1024,\"height\":683,\"caption\":\"Laguna de Gallocanta (Arag\u00f3n). Por Txanbelin\"},{\"@type\":\"BreadcrumbList\",\"@id\":\"https:\\\/\\\/www.escapadarural.com\\\/blog\\\/5-rutas-para-oir-los-sonidos-del-otono\\\/#breadcrumb\",\"itemListElement\":[{\"@type\":\"ListItem\",\"position\":1,\"name\":\"Inicio\",\"item\":\"https:\\\/\\\/www.escapadarural.com\\\/blog\\\/\"},{\"@type\":\"ListItem\",\"position\":2,\"name\":\"Rutas y excursiones\",\"item\":\"https:\\\/\\\/www.escapadarural.com\\\/blog\\\/categoria\\\/rutas-y-excursiones\\\/\"},{\"@type\":\"ListItem\",\"position\":3,\"name\":\"5 rutas para escuchar los sonidos del oto\u00f1o\"}]},{\"@type\":\"WebSite\",\"@id\":\"https:\\\/\\\/www.escapadarural.com\\\/blog\\\/#website\",\"url\":\"https:\\\/\\\/www.escapadarural.com\\\/blog\\\/\",\"name\":\"Blog de viajes | turismo rural, alojamientos e inspiraci\u00f3n\",\"description\":\"Alojamientos rurales e inspiraci\u00f3n para tus escapadas\",\"publisher\":{\"@id\":\"https:\\\/\\\/www.escapadarural.com\\\/blog\\\/#organization\"},\"alternateName\":\"Magazine de viajes de EscapadaRural\",\"potentialAction\":[{\"@type\":\"SearchAction\",\"target\":{\"@type\":\"EntryPoint\",\"urlTemplate\":\"https:\\\/\\\/www.escapadarural.com\\\/blog\\\/?s={search_term_string}\"},\"query-input\":{\"@type\":\"PropertyValueSpecification\",\"valueRequired\":true,\"valueName\":\"search_term_string\"}}],\"inLanguage\":\"es\"},{\"@type\":\"Organization\",\"@id\":\"https:\\\/\\\/www.escapadarural.com\\\/blog\\\/#organization\",\"name\":\"EscapadaRural\",\"url\":\"https:\\\/\\\/www.escapadarural.com\\\/blog\\\/\",\"logo\":{\"@type\":\"ImageObject\",\"inLanguage\":\"es\",\"@id\":\"https:\\\/\\\/www.escapadarural.com\\\/blog\\\/#\\\/schema\\\/logo\\\/image\\\/\",\"url\":\"https:\\\/\\\/www.escapadarural.com\\\/blog\\\/wp-content\\\/uploads\\\/2024\\\/10\\\/cropped-cropped-escapada-rural-icon-mag-3.png\",\"contentUrl\":\"https:\\\/\\\/www.escapadarural.com\\\/blog\\\/wp-content\\\/uploads\\\/2024\\\/10\\\/cropped-cropped-escapada-rural-icon-mag-3.png\",\"width\":512,\"height\":512,\"caption\":\"EscapadaRural\"},\"image\":{\"@id\":\"https:\\\/\\\/www.escapadarural.com\\\/blog\\\/#\\\/schema\\\/logo\\\/image\\\/\"},\"sameAs\":[\"https:\\\/\\\/www.facebook.com\\\/escapadarural\",\"https:\\\/\\\/www.instagram.com\\\/escapadarural\\\/\",\"https:\\\/\\\/www.youtube.com\\\/@escapadaruralcom\"]},{\"@type\":\"Person\",\"@id\":\"https:\\\/\\\/www.escapadarural.com\\\/blog\\\/#\\\/schema\\\/person\\\/a9b46ae4d047d8a2c719f31e75206cff\",\"name\":\"Laura Fern\u00e1ndez\",\"image\":{\"@type\":\"ImageObject\",\"inLanguage\":\"es\",\"@id\":\"https:\\\/\\\/www.escapadarural.com\\\/blog\\\/wp-content\\\/uploads\\\/2025\\\/01\\\/cropped-laura_raponchii-96x96.jpg\",\"url\":\"https:\\\/\\\/www.escapadarural.com\\\/blog\\\/wp-content\\\/uploads\\\/2025\\\/01\\\/cropped-laura_raponchii-96x96.jpg\",\"contentUrl\":\"https:\\\/\\\/www.escapadarural.com\\\/blog\\\/wp-content\\\/uploads\\\/2025\\\/01\\\/cropped-laura_raponchii-96x96.jpg\",\"caption\":\"Laura Fern\u00e1ndez\"},\"description\":\"Periodista, blogger y viajera. No necesariamente en ese orden. En ocasiones me despierto sin saber d\u00f3nde estoy. Adicta a los c\u00f3mics y a los noodles con salsa de cacahuete. Redactora en @escapadarural, colaboradora en la Conde Nast Traveler y en la Divinity. Mi casa: Meridiano180.\",\"sameAs\":[\"http:\\\/\\\/www.meridiano180.com\\\/\"],\"url\":\"https:\\\/\\\/www.escapadarural.com\\\/blog\\\/autor\\\/laura\\\/\"}]}<\/script>\n<!-- \/ Yoast SEO plugin. -->","yoast_head_json":{"title":"5 rutas para escuchar los sonidos del oto\u00f1o - EscapadaRural","description":"El oto\u00f1o tambi\u00e9n se oye. Estas cinco rutas nos permiten escuchar sonidos t\u00edpicos del oto\u00f1o como el de la berrea, las grullas, los b\u00fahos...","robots":{"index":"index","follow":"follow","max-snippet":"max-snippet:-1","max-image-preview":"max-image-preview:large","max-video-preview":"max-video-preview:-1"},"canonical":"https:\/\/www.escapadarural.com\/blog\/5-rutas-para-oir-los-sonidos-del-otono\/","og_locale":"es_ES","og_type":"article","og_title":"5 rutas para escuchar los sonidos del oto\u00f1o - EscapadaRural","og_description":"El oto\u00f1o tambi\u00e9n se oye. Estas cinco rutas nos permiten escuchar sonidos t\u00edpicos del oto\u00f1o como el de la berrea, las grullas, los b\u00fahos...","og_url":"https:\/\/www.escapadarural.com\/blog\/5-rutas-para-oir-los-sonidos-del-otono\/","og_site_name":"Magazine de viajes de EscapadaRural","article_publisher":"https:\/\/www.facebook.com\/escapadarural","article_published_time":"2025-10-13T06:55:00+00:00","article_modified_time":"2026-03-19T15:13:50+00:00","og_image":[{"width":1024,"height":683,"url":"https:\/\/www.escapadarural.com\/blog\/wp-content\/uploads\/2016\/02\/Laguna-de-Gallocanta-6.webp?v=1773933232","type":"image\/webp"}],"author":"Laura Fern\u00e1ndez","twitter_card":"summary_large_image","twitter_misc":{"Escrito por":"Laura Fern\u00e1ndez","Tiempo de lectura":"6 minutos"},"schema":{"@context":"https:\/\/schema.org","@graph":[{"@type":"Article","@id":"https:\/\/www.escapadarural.com\/blog\/5-rutas-para-oir-los-sonidos-del-otono\/#article","isPartOf":{"@id":"https:\/\/www.escapadarural.com\/blog\/5-rutas-para-oir-los-sonidos-del-otono\/"},"author":{"name":"Laura Fern\u00e1ndez","@id":"https:\/\/www.escapadarural.com\/blog\/#\/schema\/person\/a9b46ae4d047d8a2c719f31e75206cff"},"headline":"5 rutas para escuchar los sonidos del oto\u00f1o","datePublished":"2025-10-13T06:55:00+00:00","dateModified":"2026-03-19T15:13:50+00:00","mainEntityOfPage":{"@id":"https:\/\/www.escapadarural.com\/blog\/5-rutas-para-oir-los-sonidos-del-otono\/"},"wordCount":1163,"commentCount":0,"publisher":{"@id":"https:\/\/www.escapadarural.com\/blog\/#organization"},"image":{"@id":"https:\/\/www.escapadarural.com\/blog\/5-rutas-para-oir-los-sonidos-del-otono\/#primaryimage"},"thumbnailUrl":"https:\/\/www.escapadarural.com\/blog\/wp-content\/uploads\/2016\/02\/Laguna-de-Gallocanta-6.webp","keywords":["Berrea","cencerros","Familia","grullas","laguna de gallocanta","Nacimiento del R\u00edo Mundo","Oto\u00f1o","Ruta del Cares","Rutas","senderismo","Sierra de And\u00fajar","valle de Roncal"],"articleSection":["Rutas y excursiones"],"inLanguage":"es","potentialAction":[{"@type":"CommentAction","name":"Comment","target":["https:\/\/www.escapadarural.com\/blog\/5-rutas-para-oir-los-sonidos-del-otono\/#respond"]}]},{"@type":"WebPage","@id":"https:\/\/www.escapadarural.com\/blog\/5-rutas-para-oir-los-sonidos-del-otono\/","url":"https:\/\/www.escapadarural.com\/blog\/5-rutas-para-oir-los-sonidos-del-otono\/","name":"5 rutas para escuchar los sonidos del oto\u00f1o - EscapadaRural","isPartOf":{"@id":"https:\/\/www.escapadarural.com\/blog\/#website"},"primaryImageOfPage":{"@id":"https:\/\/www.escapadarural.com\/blog\/5-rutas-para-oir-los-sonidos-del-otono\/#primaryimage"},"image":{"@id":"https:\/\/www.escapadarural.com\/blog\/5-rutas-para-oir-los-sonidos-del-otono\/#primaryimage"},"thumbnailUrl":"https:\/\/www.escapadarural.com\/blog\/wp-content\/uploads\/2016\/02\/Laguna-de-Gallocanta-6.webp","datePublished":"2025-10-13T06:55:00+00:00","dateModified":"2026-03-19T15:13:50+00:00","description":"El oto\u00f1o tambi\u00e9n se oye. Estas cinco rutas nos permiten escuchar sonidos t\u00edpicos del oto\u00f1o como el de la berrea, las grullas, los b\u00fahos...","breadcrumb":{"@id":"https:\/\/www.escapadarural.com\/blog\/5-rutas-para-oir-los-sonidos-del-otono\/#breadcrumb"},"inLanguage":"es","potentialAction":[{"@type":"ReadAction","target":["https:\/\/www.escapadarural.com\/blog\/5-rutas-para-oir-los-sonidos-del-otono\/"]}]},{"@type":"ImageObject","inLanguage":"es","@id":"https:\/\/www.escapadarural.com\/blog\/5-rutas-para-oir-los-sonidos-del-otono\/#primaryimage","url":"https:\/\/www.escapadarural.com\/blog\/wp-content\/uploads\/2016\/02\/Laguna-de-Gallocanta-6.webp","contentUrl":"https:\/\/www.escapadarural.com\/blog\/wp-content\/uploads\/2016\/02\/Laguna-de-Gallocanta-6.webp","width":1024,"height":683,"caption":"Laguna de Gallocanta (Arag\u00f3n). Por Txanbelin"},{"@type":"BreadcrumbList","@id":"https:\/\/www.escapadarural.com\/blog\/5-rutas-para-oir-los-sonidos-del-otono\/#breadcrumb","itemListElement":[{"@type":"ListItem","position":1,"name":"Inicio","item":"https:\/\/www.escapadarural.com\/blog\/"},{"@type":"ListItem","position":2,"name":"Rutas y excursiones","item":"https:\/\/www.escapadarural.com\/blog\/categoria\/rutas-y-excursiones\/"},{"@type":"ListItem","position":3,"name":"5 rutas para escuchar los sonidos del oto\u00f1o"}]},{"@type":"WebSite","@id":"https:\/\/www.escapadarural.com\/blog\/#website","url":"https:\/\/www.escapadarural.com\/blog\/","name":"Blog de viajes | turismo rural, alojamientos e inspiraci\u00f3n","description":"Alojamientos rurales e inspiraci\u00f3n para tus escapadas","publisher":{"@id":"https:\/\/www.escapadarural.com\/blog\/#organization"},"alternateName":"Magazine de viajes de EscapadaRural","potentialAction":[{"@type":"SearchAction","target":{"@type":"EntryPoint","urlTemplate":"https:\/\/www.escapadarural.com\/blog\/?s={search_term_string}"},"query-input":{"@type":"PropertyValueSpecification","valueRequired":true,"valueName":"search_term_string"}}],"inLanguage":"es"},{"@type":"Organization","@id":"https:\/\/www.escapadarural.com\/blog\/#organization","name":"EscapadaRural","url":"https:\/\/www.escapadarural.com\/blog\/","logo":{"@type":"ImageObject","inLanguage":"es","@id":"https:\/\/www.escapadarural.com\/blog\/#\/schema\/logo\/image\/","url":"https:\/\/www.escapadarural.com\/blog\/wp-content\/uploads\/2024\/10\/cropped-cropped-escapada-rural-icon-mag-3.png","contentUrl":"https:\/\/www.escapadarural.com\/blog\/wp-content\/uploads\/2024\/10\/cropped-cropped-escapada-rural-icon-mag-3.png","width":512,"height":512,"caption":"EscapadaRural"},"image":{"@id":"https:\/\/www.escapadarural.com\/blog\/#\/schema\/logo\/image\/"},"sameAs":["https:\/\/www.facebook.com\/escapadarural","https:\/\/www.instagram.com\/escapadarural\/","https:\/\/www.youtube.com\/@escapadaruralcom"]},{"@type":"Person","@id":"https:\/\/www.escapadarural.com\/blog\/#\/schema\/person\/a9b46ae4d047d8a2c719f31e75206cff","name":"Laura Fern\u00e1ndez","image":{"@type":"ImageObject","inLanguage":"es","@id":"https:\/\/www.escapadarural.com\/blog\/wp-content\/uploads\/2025\/01\/cropped-laura_raponchii-96x96.jpg","url":"https:\/\/www.escapadarural.com\/blog\/wp-content\/uploads\/2025\/01\/cropped-laura_raponchii-96x96.jpg","contentUrl":"https:\/\/www.escapadarural.com\/blog\/wp-content\/uploads\/2025\/01\/cropped-laura_raponchii-96x96.jpg","caption":"Laura Fern\u00e1ndez"},"description":"Periodista, blogger y viajera. No necesariamente en ese orden. En ocasiones me despierto sin saber d\u00f3nde estoy. Adicta a los c\u00f3mics y a los noodles con salsa de cacahuete. Redactora en @escapadarural, colaboradora en la Conde Nast Traveler y en la Divinity. Mi casa: Meridiano180.","sameAs":["http:\/\/www.meridiano180.com\/"],"url":"https:\/\/www.escapadarural.com\/blog\/autor\/laura\/"}]}},"_links":{"self":[{"href":"https:\/\/www.escapadarural.com\/blog\/wp-json\/wp\/v2\/posts\/209037","targetHints":{"allow":["GET"]}}],"collection":[{"href":"https:\/\/www.escapadarural.com\/blog\/wp-json\/wp\/v2\/posts"}],"about":[{"href":"https:\/\/www.escapadarural.com\/blog\/wp-json\/wp\/v2\/types\/post"}],"author":[{"embeddable":true,"href":"https:\/\/www.escapadarural.com\/blog\/wp-json\/wp\/v2\/users\/89"}],"replies":[{"embeddable":true,"href":"https:\/\/www.escapadarural.com\/blog\/wp-json\/wp\/v2\/comments?post=209037"}],"version-history":[{"count":0,"href":"https:\/\/www.escapadarural.com\/blog\/wp-json\/wp\/v2\/posts\/209037\/revisions"}],"wp:featuredmedia":[{"embeddable":true,"href":"https:\/\/www.escapadarural.com\/blog\/wp-json\/wp\/v2\/media\/195663"}],"wp:attachment":[{"href":"https:\/\/www.escapadarural.com\/blog\/wp-json\/wp\/v2\/media?parent=209037"}],"wp:term":[{"taxonomy":"category","embeddable":true,"href":"https:\/\/www.escapadarural.com\/blog\/wp-json\/wp\/v2\/categories?post=209037"},{"taxonomy":"post_tag","embeddable":true,"href":"https:\/\/www.escapadarural.com\/blog\/wp-json\/wp\/v2\/tags?post=209037"}],"curies":[{"name":"wp","href":"https:\/\/api.w.org\/{rel}","templated":true}]}}