{"id":209058,"date":"2025-10-22T10:09:01","date_gmt":"2025-10-22T08:09:01","guid":{"rendered":"https:\/\/www.escapadarural.com\/blog\/?p=209058"},"modified":"2026-03-19T16:16:31","modified_gmt":"2026-03-19T15:16:31","slug":"parajes-singulares-de-barcelona","status":"publish","type":"post","link":"https:\/\/www.escapadarural.com\/blog\/parajes-singulares-de-barcelona\/","title":{"rendered":"Los parajes m\u00e1s singulares de la provincia de Barcelona que todav\u00eda no conoces"},"content":{"rendered":"\n<p>Se dice que hace 40 millones de a\u00f1os el interior de la provincia de Barcelona estaba sumergido bajo un gran mar c\u00e1lido, como el del Caribe. La tierra se movi\u00f3 y se fueron retirando las aguas, originando monta\u00f1as, llanuras f\u00e9rtiles y figuras geol\u00f3gicas caprichosas que hoy dejan al descubierto <strong>parajes \u00fanicos <\/strong>realmente singulares.<\/p>\n\n\n\n<p>Encontraremos yacimientos geol\u00f3gicos impresionantes, monta\u00f1as llenas de cultura, pueblos y castillos medievales, saltos de agua y pozas sorprendentes, panor\u00e1micas de infarto&#8230; \u00bfConoces estos lugares tan especiales de Barcelona? Son destinos poco masificados, ideales para escapar de la rutina y <strong>desconectar<\/strong> en cualquier momento del a\u00f1o.<\/p>\n\n\n\n<div class=\"wp-block-buttons is-layout-flex wp-block-buttons-is-layout-flex\">\n<div class=\"wp-block-button\"><a class=\"wp-block-button__link wp-element-button\" href=\"\/casas-rurales\/anoia\">Alojamientos en Anoia<\/a><\/div>\n<\/div>\n\n\n\n<div class=\"wp-block-buttons is-layout-flex wp-block-buttons-is-layout-flex\">\n<div class=\"wp-block-button\"><a class=\"wp-block-button__link wp-element-button\" href=\"\/casas-rurales\/el-bages\">Alojamientos en Bages<\/a><\/div>\n<\/div>\n\n\n\n<div class=\"wp-block-buttons is-layout-flex wp-block-buttons-is-layout-flex\">\n<div class=\"wp-block-button\"><a class=\"wp-block-button__link wp-element-button\" href=\"\/casas-rurales\/el-moianes\">Alojamientos en Moian\u00e8s<\/a><\/div>\n<\/div>\n\n\n\n<div class=\"wp-block-buttons is-layout-flex wp-block-buttons-is-layout-flex\">\n<div class=\"wp-block-button\"><a class=\"wp-block-button__link wp-element-button\" href=\"\/casas-rurales\/osona\">Alojamientos en Osona<\/a><\/div>\n<\/div>\n\n\n\n<h2 class=\"wp-block-heading\" id=\"h-la-montana-de-sal-mas-grande-de-europa\"><strong>La Monta\u00f1a de Sal m\u00e1s grande de Europa<\/strong><\/h2>\n\n\n\n<figure class=\"wp-block-image size-large\"><img loading=\"lazy\" decoding=\"async\" width=\"1024\" height=\"683\" src=\"https:\/\/www.escapadarural.com\/blog\/wp-content\/uploads\/2025\/10\/Cardona-1024x683.webp\" alt=\"Cueva de sal de Cardona, Barcelona\" class=\"wp-image-209177\" srcset=\"https:\/\/www.escapadarural.com\/blog\/wp-content\/uploads\/2025\/10\/Cardona-200x133.webp 200w, https:\/\/www.escapadarural.com\/blog\/wp-content\/uploads\/2025\/10\/Cardona-300x200.webp 300w, https:\/\/www.escapadarural.com\/blog\/wp-content\/uploads\/2025\/10\/Cardona-400x267.webp 400w, https:\/\/www.escapadarural.com\/blog\/wp-content\/uploads\/2025\/10\/Cardona-600x400.webp 600w, https:\/\/www.escapadarural.com\/blog\/wp-content\/uploads\/2025\/10\/Cardona-768x512.webp 768w, https:\/\/www.escapadarural.com\/blog\/wp-content\/uploads\/2025\/10\/Cardona-800x533.webp 800w, https:\/\/www.escapadarural.com\/blog\/wp-content\/uploads\/2025\/10\/Cardona-1024x683.webp 1024w, https:\/\/www.escapadarural.com\/blog\/wp-content\/uploads\/2025\/10\/Cardona.webp 1200w\" sizes=\"auto, (max-width: 1024px) 100vw, 1024px\" \/><figcaption class=\"wp-element-caption\">Parque Cultural de la Monta\u00f1a de Sal de Cardona. Por: IV\u00c1N VIEITO GARC\u00cdA<\/figcaption><\/figure>\n\n\n\n<p>La Monta\u00f1a de la Sal de Cardona, en la comarca del Bages, fue una de las minas de sal pot\u00e1sica <strong>m\u00e1s importantes del mundo<\/strong>. Se la conoc\u00eda como Mina Nieves y oper\u00f3 entre 1929 y 1990. Hoy es un parque cultural abierto al p\u00fablico con visitas guiadas que permiten conocer de primera mano un aut\u00e9ntico espect\u00e1culo natural en el interior de la Tierra.<\/p>\n\n\n\n<p>Es el diapiro m\u00e1s grande de Europa \u2014es decir, un cuerpo de roca que se ha movido hacia arriba\u2014 de cerca de 2 kil\u00f3metros de profundidad. El p\u00fablico general puede adentrarse hasta los 86 metros y conocer el viejo <strong>recinto minero<\/strong> y la excepcionalidad geol\u00f3gica del yacimiento. Los que viajan<strong> con peques<\/strong> pueden participar en una divertida visita teatralizada junto a un grupo de ge\u00f3logos TikTokers.<\/p>\n\n\n\n<h2 class=\"wp-block-heading\" id=\"h-un-pueblo-camaleonico-entre-montanas-llenas-de-cultura\"><strong>Un pueblo camale\u00f3nico entre monta\u00f1as llenas de cultura<\/strong><\/h2>\n\n\n\n<figure class=\"wp-block-image size-large\"><img loading=\"lazy\" decoding=\"async\" width=\"1024\" height=\"683\" src=\"https:\/\/www.escapadarural.com\/blog\/wp-content\/uploads\/2025\/10\/Munt-i-Obac-1024x683.jpg\" alt=\"Parque Natural de Sant Lloren\u00e7 del Munt i l'Obac. Barcelona - Catalu\u00f1a\" class=\"wp-image-209285\" srcset=\"https:\/\/www.escapadarural.com\/blog\/wp-content\/uploads\/2025\/10\/Munt-i-Obac-200x133.jpg 200w, https:\/\/www.escapadarural.com\/blog\/wp-content\/uploads\/2025\/10\/Munt-i-Obac-300x200.jpg 300w, https:\/\/www.escapadarural.com\/blog\/wp-content\/uploads\/2025\/10\/Munt-i-Obac-400x267.jpg 400w, https:\/\/www.escapadarural.com\/blog\/wp-content\/uploads\/2025\/10\/Munt-i-Obac-600x400.jpg 600w, https:\/\/www.escapadarural.com\/blog\/wp-content\/uploads\/2025\/10\/Munt-i-Obac-768x512.jpg 768w, https:\/\/www.escapadarural.com\/blog\/wp-content\/uploads\/2025\/10\/Munt-i-Obac-800x533.jpg 800w, https:\/\/www.escapadarural.com\/blog\/wp-content\/uploads\/2025\/10\/Munt-i-Obac-1024x683.jpg 1024w, https:\/\/www.escapadarural.com\/blog\/wp-content\/uploads\/2025\/10\/Munt-i-Obac.jpg 1200w\" sizes=\"auto, (max-width: 1024px) 100vw, 1024px\" \/><figcaption class=\"wp-element-caption\">Parque Natural de Sant Lloren\u00e7 del Munt i l&#8217;Obac. Por: zkcristian<\/figcaption><\/figure>\n\n\n\n<p>El Parque Natural de <strong>Sant Lloren\u00e7 del Munt i l\u2019Obac<\/strong> es un entorno repleto de cultura en el que se esconden monasterios, ermitas medievales y antiguas mas\u00edas. Decimos \u201cse esconden\u201d de manera literal, ya que muchas de estas construcciones est\u00e1n perfectamente integradas en el paisaje natural. <\/p>\n\n\n\n<p>La mejor forma de conocerlas es con rutas de senderismo como la de las <a href=\"https:\/\/www.wikiloc.com\/hiking-trails\/sl-c-52-les-tines-de-la-vall-del-flequer-61143315?wa=sc&amp;utm_campaign=badge&amp;utm_source=unknown&amp;utm_medium=unknown\" target=\"_blank\">tinas de la Vall del Flequer<\/a>, que permiten descubrir un patrimonio \u00fanico como son estas construcciones que serv\u00edan para elaborar el vino en la monta\u00f1a y la t\u00e9cnica de la <strong>pedra seca<\/strong>, que es patrimonio de la UNESCO; o la <a href=\"https:\/\/www.wikiloc.com\/hiking-trails\/sl-c-61-a-sant-jaume-de-vallhonesta-pel-cami-dels-maquis-61144163?wa=sc&amp;utm_campaign=badge&amp;utm_source=unknown&amp;utm_medium=unknown\" target=\"_blank\">ruta de Vallhonesta<\/a>, un antiguo hostal del <strong>Cam\u00ed ral<\/strong> que sube por caminos que usaron los maquis.<\/p>\n\n\n\n<p>Otras caminatas interesantes son el ascenso al <strong>Montcau<\/strong>, una cima muy accesible y con vistas panor\u00e1micas de <strong>Montserrat <\/strong>y del <strong>Pirineo<\/strong>. Una parada obligatoria es, como apunta el dicho,<em> \u201cMura, Talamanca i Rocafort, tres pobles de malamort\u201d<\/em>. Son peque\u00f1as localidades con mucho sabor rural que comparten sendos n\u00facleos de origen medieval.<\/p>\n\n\n\n<h2 class=\"wp-block-heading\" id=\"h-saltos-de-agua-de-cabrera-de-anoia\"><strong>Saltos de agua de Cabrera de Anoia<\/strong><\/h2>\n\n\n\n<figure class=\"wp-block-image size-large\"><img loading=\"lazy\" decoding=\"async\" width=\"1024\" height=\"986\" src=\"https:\/\/www.escapadarural.com\/blog\/wp-content\/uploads\/2025\/10\/Salts-daigua-de-Cabreraa-1024x986.webp\" alt=\"Saltos de agua de Cabrera. Anoia - Barcelona\" class=\"wp-image-209293\" srcset=\"https:\/\/www.escapadarural.com\/blog\/wp-content\/uploads\/2025\/10\/Salts-daigua-de-Cabreraa-200x193.webp 200w, https:\/\/www.escapadarural.com\/blog\/wp-content\/uploads\/2025\/10\/Salts-daigua-de-Cabreraa-300x289.webp 300w, https:\/\/www.escapadarural.com\/blog\/wp-content\/uploads\/2025\/10\/Salts-daigua-de-Cabreraa-400x385.webp 400w, https:\/\/www.escapadarural.com\/blog\/wp-content\/uploads\/2025\/10\/Salts-daigua-de-Cabreraa-600x578.webp 600w, https:\/\/www.escapadarural.com\/blog\/wp-content\/uploads\/2025\/10\/Salts-daigua-de-Cabreraa-768x739.webp 768w, https:\/\/www.escapadarural.com\/blog\/wp-content\/uploads\/2025\/10\/Salts-daigua-de-Cabreraa-800x770.webp 800w, https:\/\/www.escapadarural.com\/blog\/wp-content\/uploads\/2025\/10\/Salts-daigua-de-Cabreraa-1024x986.webp 1024w, https:\/\/www.escapadarural.com\/blog\/wp-content\/uploads\/2025\/10\/Salts-daigua-de-Cabreraa.webp 1200w\" sizes=\"auto, (max-width: 1024px) 100vw, 1024px\" \/><figcaption class=\"wp-element-caption\">Saltos de agua de Cabrera. Por: Anoia Turisme<\/figcaption><\/figure>\n\n\n\n<p>Las <strong>Valls de la Anoia<\/strong> albergan una gran diversidad paisaj\u00edstica, desde cultivos de vi\u00f1a y cereales hasta frondosos bosques mediterr\u00e1neos. Si nos adentramos en ellos, podremos descubrir<strong> joyas naturales <\/strong>bastante desconocidas como los Saltos de agua de Cabrera de Anoia. Es un compendio de <strong>cascadas <\/strong>que se deslizan por la roca y por la vegetaci\u00f3n, en entornos naturales de gran belleza.<\/p>\n\n\n\n<p>Podemos conocerlas todas siguiendo la ruta de 10 kil\u00f3metros que sale del n\u00facleo de <strong>Canaletes <\/strong>del municipio. Pasa por el salto de agua y cueva dels Capellans, del Cargol, dels Cups y de la Mala Dona. Se tarda unas 3-4 horas y se recomienda<a href=\"https:\/\/ca.wikiloc.com\/rutes-senderisme\/ruta-dels-salts-de-cabrera-danoia-21838709\" target=\"_blank\"> seguir el track con GPS<\/a>.<\/p>\n\n\n\n<h2 class=\"wp-block-heading\" id=\"h-la-magica-montana-de-montserrat\"><strong>La m\u00e1gica monta\u00f1a de Montserrat<\/strong><\/h2>\n\n\n\n<figure class=\"wp-block-image size-large\"><img loading=\"lazy\" decoding=\"async\" width=\"1024\" height=\"683\" src=\"https:\/\/www.escapadarural.com\/blog\/wp-content\/uploads\/2025\/10\/5_Montserrat-1024x683.webp\" alt=\"Monta\u00f1a de Montserrat. Anoia - Barcelona.\" class=\"wp-image-209291\" srcset=\"https:\/\/www.escapadarural.com\/blog\/wp-content\/uploads\/2025\/10\/5_Montserrat-200x133.webp 200w, https:\/\/www.escapadarural.com\/blog\/wp-content\/uploads\/2025\/10\/5_Montserrat-300x200.webp 300w, https:\/\/www.escapadarural.com\/blog\/wp-content\/uploads\/2025\/10\/5_Montserrat-400x267.webp 400w, https:\/\/www.escapadarural.com\/blog\/wp-content\/uploads\/2025\/10\/5_Montserrat-600x400.webp 600w, https:\/\/www.escapadarural.com\/blog\/wp-content\/uploads\/2025\/10\/5_Montserrat-768x512.webp 768w, https:\/\/www.escapadarural.com\/blog\/wp-content\/uploads\/2025\/10\/5_Montserrat-800x533.webp 800w, https:\/\/www.escapadarural.com\/blog\/wp-content\/uploads\/2025\/10\/5_Montserrat-1024x683.webp 1024w, https:\/\/www.escapadarural.com\/blog\/wp-content\/uploads\/2025\/10\/5_Montserrat.webp 1200w\" sizes=\"auto, (max-width: 1024px) 100vw, 1024px\" \/><figcaption class=\"wp-element-caption\">Monta\u00f1a de Montserrat. Por: Anoia Turisme<\/figcaption><\/figure>\n\n\n\n<p>Enclave de mitos y leyendas, el Parque Natural de la Monta\u00f1a de Montserrat es uno de los destinos mundiales m\u00e1s populares entre los amantes del <strong>senderismo <\/strong>y de la escalada por sus paredes de conglomerados calc\u00e1reos y sus caracter\u00edsticas agujas rocosas. Tiene un perfil inconfundible que se avista a kil\u00f3metros de distancia y que comparten las comarcas de <strong>Anoia <\/strong>y del <strong>Bages<\/strong>.<\/p>\n\n\n\n<p>Son innumerables las rutas que se pueden hacer en el entorno, de mayor y menor dificultad, como la que sube a su techo, <strong>Sant Jeroni <\/strong>(1.236 metros de altitud) o la <strong>Roca Foradada<\/strong>, as\u00ed como traves\u00edas de peregrinaje como el <a href=\"https:\/\/www.camioliba.cat\/\" target=\"_blank\">Cam\u00ed Oliba<\/a>, el Camino de Santiago y el<a href=\"https:\/\/caminoignaciano.org\/ca\/el-cami-ignasia\/\" target=\"_blank\"> Cam\u00ed Ignasi\u00e0<\/a>. <\/p>\n\n\n\n<p>Una de las mejores vistas de Montserrat est\u00e1 en el <strong>Bruc<\/strong>, un peque\u00f1o pueblo de 2.000 habitantes con mucha historia \u2014de aqu\u00ed es la leyenda del \u201cTimbaler del Bruc\u201d de la Guerra del Franc\u00e8s\u2014 donde hay un museo y <strong>panor\u00e1micas espectaculares <\/strong>de campos de olivos a las faldas de la monta\u00f1a.<\/p>\n\n\n\n<h2 class=\"wp-block-heading\" id=\"h-ruta-por-miradores-del-moianes\"><strong>Ruta por miradores del Moian\u00e8s<\/strong><\/h2>\n\n\n\n<figure class=\"wp-block-image size-large\"><img loading=\"lazy\" decoding=\"async\" width=\"1024\" height=\"683\" src=\"https:\/\/www.escapadarural.com\/blog\/wp-content\/uploads\/2025\/10\/Mirador-Sant-Cugat-de-Gavadons-1024x683.webp\" alt=\"Mirador Sant Cugat de Gavadons. Barcelona - Moian\u00e8s\" class=\"wp-image-209292\" srcset=\"https:\/\/www.escapadarural.com\/blog\/wp-content\/uploads\/2025\/10\/Mirador-Sant-Cugat-de-Gavadons-200x133.webp 200w, https:\/\/www.escapadarural.com\/blog\/wp-content\/uploads\/2025\/10\/Mirador-Sant-Cugat-de-Gavadons-300x200.webp 300w, https:\/\/www.escapadarural.com\/blog\/wp-content\/uploads\/2025\/10\/Mirador-Sant-Cugat-de-Gavadons-400x267.webp 400w, https:\/\/www.escapadarural.com\/blog\/wp-content\/uploads\/2025\/10\/Mirador-Sant-Cugat-de-Gavadons-600x400.webp 600w, https:\/\/www.escapadarural.com\/blog\/wp-content\/uploads\/2025\/10\/Mirador-Sant-Cugat-de-Gavadons-768x512.webp 768w, https:\/\/www.escapadarural.com\/blog\/wp-content\/uploads\/2025\/10\/Mirador-Sant-Cugat-de-Gavadons-800x533.webp 800w, https:\/\/www.escapadarural.com\/blog\/wp-content\/uploads\/2025\/10\/Mirador-Sant-Cugat-de-Gavadons-1024x683.webp 1024w, https:\/\/www.escapadarural.com\/blog\/wp-content\/uploads\/2025\/10\/Mirador-Sant-Cugat-de-Gavadons.webp 1200w\" sizes=\"auto, (max-width: 1024px) 100vw, 1024px\" \/><figcaption class=\"wp-element-caption\">Mirador Sant Cugat de Gavadons. Por: Moian\u00e8s Turisme<\/figcaption><\/figure>\n\n\n\n<p>La orograf\u00eda monta\u00f1osa del Moian\u00e8s regala diferentes miradores en los que contemplar la belleza de un<strong> paisaje diverso<\/strong>. Asomarse a estas \u201cventanas\u201d naturales es un buen premio a una escapada senderista. <\/p>\n\n\n\n<p>Recomendamos la <a href=\"https:\/\/moianesturisme.cat\/project\/sant-cugat-de-gavadons\/\" target=\"_blank\">ruta de Collsuspina<\/a>, que pasa por el mirador de <strong>Sant Cugat de Gavadons<\/strong>. Es sencilla, de 6,5 kil\u00f3metros, y ofrece una vista panor\u00e1mica desde los Pirineos, pasando por la Plana de Vic,&nbsp; el Collsacabra y el Montseny.<\/p>\n\n\n\n<p>Otro camino interesante es el que va al mirador del <strong>Pla de Trullars<\/strong>, en Monistrol de Calders. Forma parte de la <a href=\"https:\/\/ca.wikiloc.com\/rutes-senderisme\/ruta-de-la-pedra-seca-59316284\" target=\"_blank\">Ruta de la Pedra Seca<\/a> y ofrece una extensa panor\u00e1mica hacia la Mola, la Vall de Marf\u00e0 e, incluso, los Pirineos. Adem\u00e1s, este punto alberga un dolmen de la Edad de Bronce.<\/p>\n\n\n\n<h2 class=\"wp-block-heading\" id=\"h-collsacabra\"><strong>Collsacabra<\/strong><\/h2>\n\n\n\n<figure class=\"wp-block-image size-large\"><img loading=\"lazy\" decoding=\"async\" width=\"1024\" height=\"687\" src=\"https:\/\/www.escapadarural.com\/blog\/wp-content\/uploads\/2025\/08\/Tavertet-Cingles-\u00a9Domenec-Fernandez-Diputacio-de-Barcelona_-1024x687.webp\" alt=\"Tavertet-Cingles, Barcelona\" class=\"wp-image-206831\" srcset=\"https:\/\/www.escapadarural.com\/blog\/wp-content\/uploads\/2025\/08\/Tavertet-Cingles-\u00a9Domenec-Fernandez-Diputacio-de-Barcelona_-200x134.webp 200w, https:\/\/www.escapadarural.com\/blog\/wp-content\/uploads\/2025\/08\/Tavertet-Cingles-\u00a9Domenec-Fernandez-Diputacio-de-Barcelona_-300x201.webp 300w, https:\/\/www.escapadarural.com\/blog\/wp-content\/uploads\/2025\/08\/Tavertet-Cingles-\u00a9Domenec-Fernandez-Diputacio-de-Barcelona_-400x268.webp 400w, https:\/\/www.escapadarural.com\/blog\/wp-content\/uploads\/2025\/08\/Tavertet-Cingles-\u00a9Domenec-Fernandez-Diputacio-de-Barcelona_-600x403.webp 600w, https:\/\/www.escapadarural.com\/blog\/wp-content\/uploads\/2025\/08\/Tavertet-Cingles-\u00a9Domenec-Fernandez-Diputacio-de-Barcelona_-768x515.webp 768w, https:\/\/www.escapadarural.com\/blog\/wp-content\/uploads\/2025\/08\/Tavertet-Cingles-\u00a9Domenec-Fernandez-Diputacio-de-Barcelona_-800x537.webp 800w, https:\/\/www.escapadarural.com\/blog\/wp-content\/uploads\/2025\/08\/Tavertet-Cingles-\u00a9Domenec-Fernandez-Diputacio-de-Barcelona_-1024x687.webp 1024w, https:\/\/www.escapadarural.com\/blog\/wp-content\/uploads\/2025\/08\/Tavertet-Cingles-\u00a9Domenec-Fernandez-Diputacio-de-Barcelona_.webp 1200w\" sizes=\"auto, (max-width: 1024px) 100vw, 1024px\" \/><figcaption class=\"wp-element-caption\">Tavertet. Por: Dom\u00e8nec Fern\u00e1ndez &#8211; Osona Turisme<\/figcaption><\/figure>\n\n\n\n<p>La comarca de <strong>Osona <\/strong>aguarda en la meseta del <strong>Collsacabra <\/strong>un paraje de lo m\u00e1s singular con riscos de v\u00e9rtigo, saltos de agua y rincones inolvidables y llenos de historia. Es un para\u00edso para los amantes del senderismo y tambi\u00e9n del turismo rural, ya que en su entorno hay pueblos en los que parece que la vida va a otro ritmo.<\/p>\n\n\n\n<p>Nos referimos a <strong>Tavertet<\/strong>, un n\u00facleo de callejuelas y unas 50 casas de piedra construidas entre los siglos XVII y XIX. Tiene la peculiaridad de que el municipio est\u00e1 sobre vertiginosos acantilados que ofrecen preciosas vistas del r\u00edo Ter,<strong> pantano de Sau<\/strong>, Susqueda y del Montseny. <\/p>\n\n\n\n<p>Otro pueblo m\u00e1gico de postal es<strong> Rupit i Pruit<\/strong>, con calles medievales, un puente colgante para salvar un r\u00edo, caserones de piedra y balcones de madera, algunos con grabados en las fachadas. Muy cerca, <strong>L\u2019Esquirol<\/strong> \u2014tambi\u00e9n conocido como Santa Maria de Corc\u00f3\u2014 abre las puertas al Collsacabra y ofrece parajes tan emblem\u00e1ticos como la riera de les Gorgues o el santuario de Cabrera, mirador natural de la Plana de Vic.<\/p>\n\n\n\n<h2 class=\"wp-block-heading\" id=\"h-un-parque-natural-alrededor-de-un-castillo\"><strong>Un parque natural alrededor de un castillo<\/strong><\/h2>\n\n\n\n<figure class=\"wp-block-image size-large\"><img loading=\"lazy\" decoding=\"async\" width=\"1024\" height=\"681\" src=\"https:\/\/www.escapadarural.com\/blog\/wp-content\/uploads\/2025\/08\/MONTESQUIU-Josep-Cano-Diputacio-de-Barcelona-1-1024x681.webp\" alt=\"Castillo de Montesquiu. Barcelona\" class=\"wp-image-207448\" srcset=\"https:\/\/www.escapadarural.com\/blog\/wp-content\/uploads\/2025\/08\/MONTESQUIU-Josep-Cano-Diputacio-de-Barcelona-1-200x133.webp 200w, https:\/\/www.escapadarural.com\/blog\/wp-content\/uploads\/2025\/08\/MONTESQUIU-Josep-Cano-Diputacio-de-Barcelona-1-300x200.webp 300w, https:\/\/www.escapadarural.com\/blog\/wp-content\/uploads\/2025\/08\/MONTESQUIU-Josep-Cano-Diputacio-de-Barcelona-1-400x266.webp 400w, https:\/\/www.escapadarural.com\/blog\/wp-content\/uploads\/2025\/08\/MONTESQUIU-Josep-Cano-Diputacio-de-Barcelona-1-600x399.webp 600w, https:\/\/www.escapadarural.com\/blog\/wp-content\/uploads\/2025\/08\/MONTESQUIU-Josep-Cano-Diputacio-de-Barcelona-1-768x511.webp 768w, https:\/\/www.escapadarural.com\/blog\/wp-content\/uploads\/2025\/08\/MONTESQUIU-Josep-Cano-Diputacio-de-Barcelona-1-800x532.webp 800w, https:\/\/www.escapadarural.com\/blog\/wp-content\/uploads\/2025\/08\/MONTESQUIU-Josep-Cano-Diputacio-de-Barcelona-1-1024x681.webp 1024w, https:\/\/www.escapadarural.com\/blog\/wp-content\/uploads\/2025\/08\/MONTESQUIU-Josep-Cano-Diputacio-de-Barcelona-1.webp 1200w\" sizes=\"auto, (max-width: 1024px) 100vw, 1024px\" \/><figcaption class=\"wp-element-caption\">Castillo de Montesquiu. Por Josep Cano &#8211; Osona Turisme<\/figcaption><\/figure>\n\n\n\n<p>El castillo de Monstesquiu en <strong>Osona <\/strong>da nombre a un parque natural repleto de senderos a su alrededor. La construcci\u00f3n originaria era un torre\u00f3n de guardia del siglo IX, pero 500 a\u00f1os despu\u00e9s, se convirti\u00f3 en una residencia fortificada. En la actualidad presenta un buen estado de conservaci\u00f3n y se emplea como <strong>espacio cultural <\/strong>y de convenciones. <\/p>\n\n\n\n<p>El entorno a\u00fana <strong>belleza natural<\/strong> y patrimonio hist\u00f3rico, entre densos bosques de roble y pino rojo que se cruzan con los meandros del r\u00edo Ter.<a href=\"https:\/\/parcs.diba.cat\/es\/web\/montesquiu\/itinerarios-se%C3%B1alizados\" target=\"_blank\"> Aqu\u00ed<\/a> se pueden descubrir todos los itinerarios se\u00f1alizados que hay.<\/p>\n\n\n\n<div class=\"wp-block-buttons is-layout-flex wp-block-buttons-is-layout-flex\">\n<div class=\"wp-block-button\"><a class=\"wp-block-button__link wp-element-button\" href=\"\/blog\/paisatges-barcelona-territorios\">Ver m\u00e1s planes en la provincia de Barcelona<\/a><\/div>\n<\/div>\n\n\n\n<hr class=\"wp-block-separator has-alpha-channel-opacity\"\/>\n\n\n\n<hr class=\"wp-block-separator has-alpha-channel-opacity\"\/>\n\n\n\n<figure class=\"wp-block-image size-full\"><img loading=\"lazy\" decoding=\"async\" width=\"800\" height=\"150\" src=\"https:\/\/www.escapadarural.com\/blog\/wp-content\/uploads\/2025\/10\/Logo-Paisatges-Bcn.webp\" alt=\"Logo Paisatges Barcelona\" class=\"wp-image-209304\" srcset=\"https:\/\/www.escapadarural.com\/blog\/wp-content\/uploads\/2025\/10\/Logo-Paisatges-Bcn-200x38.webp 200w, https:\/\/www.escapadarural.com\/blog\/wp-content\/uploads\/2025\/10\/Logo-Paisatges-Bcn-300x56.webp 300w, https:\/\/www.escapadarural.com\/blog\/wp-content\/uploads\/2025\/10\/Logo-Paisatges-Bcn-400x75.webp 400w, https:\/\/www.escapadarural.com\/blog\/wp-content\/uploads\/2025\/10\/Logo-Paisatges-Bcn-600x113.webp 600w, https:\/\/www.escapadarural.com\/blog\/wp-content\/uploads\/2025\/10\/Logo-Paisatges-Bcn-768x144.webp 768w, https:\/\/www.escapadarural.com\/blog\/wp-content\/uploads\/2025\/10\/Logo-Paisatges-Bcn.webp 800w\" sizes=\"auto, (max-width: 800px) 100vw, 800px\" \/><\/figure>\n\n\n\n<p><\/p>\n","protected":false},"excerpt":{"rendered":"<p>Se dice que hace 40 millones de a\u00f1os el interior  [&#8230;]<\/p>\n","protected":false},"author":123,"featured_media":94314,"comment_status":"open","ping_status":"open","sticky":false,"template":"","format":"standard","meta":{"_acf_changed":false,"om_disable_all_campaigns":false,"footnotes":""},"categories":[191],"tags":[1907,5201,211,3051,3449],"class_list":["post-209058","post","type-post","status-publish","format-standard","has-post-thumbnail","hentry","category-destinos","tag-anoia","tag-bages","tag-que-ver-en-barcelona","tag-moianes","tag-osona"],"acf":[],"featured_image_src":"https:\/\/www.escapadarural.com\/blog\/wp-content\/uploads\/2024\/10\/flight-over-the-city-tavertet-central-catalonia-spain-stockpack-adobe-stock-1-1024x682-1.jpg","author_info":{"display_name":"Raquel Andr\u00e9s","author_link":"https:\/\/www.escapadarural.com\/blog\/autor\/raquel\/"},"yoast_head":"<!-- This site is optimized with the Yoast SEO plugin v27.5 - https:\/\/yoast.com\/product\/yoast-seo-wordpress\/ -->\n<title>Parajes singulares de la provincia de Barcelona<\/title>\n<meta name=\"description\" content=\"Explora los parajes m\u00e1s singulares de la provincia de Barcelona: monta\u00f1as, castillos, yacimientos geol\u00f3gicos y rincones para desconectar.\" \/>\n<meta name=\"robots\" content=\"index, follow, max-snippet:-1, max-image-preview:large, max-video-preview:-1\" \/>\n<link rel=\"canonical\" href=\"https:\/\/www.escapadarural.com\/blog\/parajes-singulares-de-barcelona\/\" \/>\n<meta property=\"og:locale\" content=\"es_ES\" \/>\n<meta property=\"og:type\" content=\"article\" \/>\n<meta property=\"og:title\" content=\"Parajes singulares de la provincia de Barcelona\" \/>\n<meta property=\"og:description\" content=\"Explora los parajes m\u00e1s singulares de la provincia de Barcelona: monta\u00f1as, castillos, yacimientos geol\u00f3gicos y rincones para desconectar.\" \/>\n<meta property=\"og:url\" content=\"https:\/\/www.escapadarural.com\/blog\/parajes-singulares-de-barcelona\/\" \/>\n<meta property=\"og:site_name\" content=\"Magazine de viajes de EscapadaRural\" \/>\n<meta property=\"article:publisher\" content=\"https:\/\/www.facebook.com\/escapadarural\" \/>\n<meta property=\"article:published_time\" content=\"2025-10-22T08:09:01+00:00\" \/>\n<meta property=\"article:modified_time\" content=\"2026-03-19T15:16:31+00:00\" \/>\n<meta property=\"og:image\" content=\"https:\/\/www.escapadarural.com\/blog\/wp-content\/uploads\/2024\/10\/flight-over-the-city-tavertet-central-catalonia-spain-stockpack-adobe-stock-1-1024x682-1.jpg?v=1773933392\" \/>\n\t<meta property=\"og:image:width\" content=\"1024\" \/>\n\t<meta property=\"og:image:height\" content=\"682\" \/>\n\t<meta property=\"og:image:type\" content=\"image\/jpeg\" \/>\n<meta name=\"author\" content=\"Raquel Andr\u00e9s\" \/>\n<meta name=\"twitter:card\" content=\"summary_large_image\" \/>\n<meta name=\"twitter:label1\" content=\"Escrito por\" \/>\n\t<meta name=\"twitter:data1\" content=\"Raquel Andr\u00e9s\" \/>\n\t<meta name=\"twitter:label2\" content=\"Tiempo de lectura\" \/>\n\t<meta name=\"twitter:data2\" content=\"6 minutos\" \/>\n<script type=\"application\/ld+json\" class=\"yoast-schema-graph\">{\"@context\":\"https:\\\/\\\/schema.org\",\"@graph\":[{\"@type\":\"Article\",\"@id\":\"https:\\\/\\\/www.escapadarural.com\\\/blog\\\/parajes-singulares-de-barcelona\\\/#article\",\"isPartOf\":{\"@id\":\"https:\\\/\\\/www.escapadarural.com\\\/blog\\\/parajes-singulares-de-barcelona\\\/\"},\"author\":{\"name\":\"Raquel Andr\u00e9s\",\"@id\":\"https:\\\/\\\/www.escapadarural.com\\\/blog\\\/#\\\/schema\\\/person\\\/67be061eb00d8315fa8642e01b88c894\"},\"headline\":\"Los parajes m\u00e1s singulares de la provincia de Barcelona que todav\u00eda no conoces\",\"datePublished\":\"2025-10-22T08:09:01+00:00\",\"dateModified\":\"2026-03-19T15:16:31+00:00\",\"mainEntityOfPage\":{\"@id\":\"https:\\\/\\\/www.escapadarural.com\\\/blog\\\/parajes-singulares-de-barcelona\\\/\"},\"wordCount\":1278,\"commentCount\":0,\"publisher\":{\"@id\":\"https:\\\/\\\/www.escapadarural.com\\\/blog\\\/#organization\"},\"image\":{\"@id\":\"https:\\\/\\\/www.escapadarural.com\\\/blog\\\/parajes-singulares-de-barcelona\\\/#primaryimage\"},\"thumbnailUrl\":\"https:\\\/\\\/www.escapadarural.com\\\/blog\\\/wp-content\\\/uploads\\\/2024\\\/10\\\/flight-over-the-city-tavertet-central-catalonia-spain-stockpack-adobe-stock-1-1024x682-1.jpg\",\"keywords\":[\"Anoia\",\"Bages\",\"Barcelona\",\"Moian\u00e8s\",\"Osona\"],\"articleSection\":[\"Destinos\"],\"inLanguage\":\"es\",\"potentialAction\":[{\"@type\":\"CommentAction\",\"name\":\"Comment\",\"target\":[\"https:\\\/\\\/www.escapadarural.com\\\/blog\\\/parajes-singulares-de-barcelona\\\/#respond\"]}]},{\"@type\":\"WebPage\",\"@id\":\"https:\\\/\\\/www.escapadarural.com\\\/blog\\\/parajes-singulares-de-barcelona\\\/\",\"url\":\"https:\\\/\\\/www.escapadarural.com\\\/blog\\\/parajes-singulares-de-barcelona\\\/\",\"name\":\"Parajes singulares de la provincia de Barcelona\",\"isPartOf\":{\"@id\":\"https:\\\/\\\/www.escapadarural.com\\\/blog\\\/#website\"},\"primaryImageOfPage\":{\"@id\":\"https:\\\/\\\/www.escapadarural.com\\\/blog\\\/parajes-singulares-de-barcelona\\\/#primaryimage\"},\"image\":{\"@id\":\"https:\\\/\\\/www.escapadarural.com\\\/blog\\\/parajes-singulares-de-barcelona\\\/#primaryimage\"},\"thumbnailUrl\":\"https:\\\/\\\/www.escapadarural.com\\\/blog\\\/wp-content\\\/uploads\\\/2024\\\/10\\\/flight-over-the-city-tavertet-central-catalonia-spain-stockpack-adobe-stock-1-1024x682-1.jpg\",\"datePublished\":\"2025-10-22T08:09:01+00:00\",\"dateModified\":\"2026-03-19T15:16:31+00:00\",\"description\":\"Explora los parajes m\u00e1s singulares de la provincia de Barcelona: monta\u00f1as, castillos, yacimientos geol\u00f3gicos y rincones para desconectar.\",\"breadcrumb\":{\"@id\":\"https:\\\/\\\/www.escapadarural.com\\\/blog\\\/parajes-singulares-de-barcelona\\\/#breadcrumb\"},\"inLanguage\":\"es\",\"potentialAction\":[{\"@type\":\"ReadAction\",\"target\":[\"https:\\\/\\\/www.escapadarural.com\\\/blog\\\/parajes-singulares-de-barcelona\\\/\"]}]},{\"@type\":\"ImageObject\",\"inLanguage\":\"es\",\"@id\":\"https:\\\/\\\/www.escapadarural.com\\\/blog\\\/parajes-singulares-de-barcelona\\\/#primaryimage\",\"url\":\"https:\\\/\\\/www.escapadarural.com\\\/blog\\\/wp-content\\\/uploads\\\/2024\\\/10\\\/flight-over-the-city-tavertet-central-catalonia-spain-stockpack-adobe-stock-1-1024x682-1.jpg\",\"contentUrl\":\"https:\\\/\\\/www.escapadarural.com\\\/blog\\\/wp-content\\\/uploads\\\/2024\\\/10\\\/flight-over-the-city-tavertet-central-catalonia-spain-stockpack-adobe-stock-1-1024x682-1.jpg\",\"width\":1024,\"height\":682,\"caption\":\"Vista a\u00e9rea de un peque\u00f1o pueblo con casas de tejado color canela rodeado de exuberantes colinas verdes y acantilados, con carreteras serpenteantes y monta\u00f1as lejanas bajo un cielo parcialmente nublado.\"},{\"@type\":\"BreadcrumbList\",\"@id\":\"https:\\\/\\\/www.escapadarural.com\\\/blog\\\/parajes-singulares-de-barcelona\\\/#breadcrumb\",\"itemListElement\":[{\"@type\":\"ListItem\",\"position\":1,\"name\":\"Inicio\",\"item\":\"https:\\\/\\\/www.escapadarural.com\\\/blog\\\/\"},{\"@type\":\"ListItem\",\"position\":2,\"name\":\"Destinos\",\"item\":\"https:\\\/\\\/www.escapadarural.com\\\/blog\\\/categoria\\\/destinos\\\/\"},{\"@type\":\"ListItem\",\"position\":3,\"name\":\"Los parajes m\u00e1s singulares de la provincia de Barcelona que todav\u00eda no conoces\"}]},{\"@type\":\"WebSite\",\"@id\":\"https:\\\/\\\/www.escapadarural.com\\\/blog\\\/#website\",\"url\":\"https:\\\/\\\/www.escapadarural.com\\\/blog\\\/\",\"name\":\"Blog de viajes | turismo rural, alojamientos e inspiraci\u00f3n\",\"description\":\"Alojamientos rurales e inspiraci\u00f3n para tus escapadas\",\"publisher\":{\"@id\":\"https:\\\/\\\/www.escapadarural.com\\\/blog\\\/#organization\"},\"alternateName\":\"Magazine de viajes de EscapadaRural\",\"potentialAction\":[{\"@type\":\"SearchAction\",\"target\":{\"@type\":\"EntryPoint\",\"urlTemplate\":\"https:\\\/\\\/www.escapadarural.com\\\/blog\\\/?s={search_term_string}\"},\"query-input\":{\"@type\":\"PropertyValueSpecification\",\"valueRequired\":true,\"valueName\":\"search_term_string\"}}],\"inLanguage\":\"es\"},{\"@type\":\"Organization\",\"@id\":\"https:\\\/\\\/www.escapadarural.com\\\/blog\\\/#organization\",\"name\":\"EscapadaRural\",\"url\":\"https:\\\/\\\/www.escapadarural.com\\\/blog\\\/\",\"logo\":{\"@type\":\"ImageObject\",\"inLanguage\":\"es\",\"@id\":\"https:\\\/\\\/www.escapadarural.com\\\/blog\\\/#\\\/schema\\\/logo\\\/image\\\/\",\"url\":\"https:\\\/\\\/www.escapadarural.com\\\/blog\\\/wp-content\\\/uploads\\\/2024\\\/10\\\/cropped-cropped-escapada-rural-icon-mag-3.png\",\"contentUrl\":\"https:\\\/\\\/www.escapadarural.com\\\/blog\\\/wp-content\\\/uploads\\\/2024\\\/10\\\/cropped-cropped-escapada-rural-icon-mag-3.png\",\"width\":512,\"height\":512,\"caption\":\"EscapadaRural\"},\"image\":{\"@id\":\"https:\\\/\\\/www.escapadarural.com\\\/blog\\\/#\\\/schema\\\/logo\\\/image\\\/\"},\"sameAs\":[\"https:\\\/\\\/www.facebook.com\\\/escapadarural\",\"https:\\\/\\\/www.instagram.com\\\/escapadarural\\\/\",\"https:\\\/\\\/www.youtube.com\\\/@escapadaruralcom\"]},{\"@type\":\"Person\",\"@id\":\"https:\\\/\\\/www.escapadarural.com\\\/blog\\\/#\\\/schema\\\/person\\\/67be061eb00d8315fa8642e01b88c894\",\"name\":\"Raquel Andr\u00e9s\",\"image\":{\"@type\":\"ImageObject\",\"inLanguage\":\"es\",\"@id\":\"https:\\\/\\\/secure.gravatar.com\\\/avatar\\\/b45840531462f3cafb335a9fc5c0bfda2c07c3df4b82b304b923526b85cc6cb5?s=96&d=mm&r=g\",\"url\":\"https:\\\/\\\/secure.gravatar.com\\\/avatar\\\/b45840531462f3cafb335a9fc5c0bfda2c07c3df4b82b304b923526b85cc6cb5?s=96&d=mm&r=g\",\"contentUrl\":\"https:\\\/\\\/secure.gravatar.com\\\/avatar\\\/b45840531462f3cafb335a9fc5c0bfda2c07c3df4b82b304b923526b85cc6cb5?s=96&d=mm&r=g\",\"caption\":\"Raquel Andr\u00e9s\"},\"description\":\"Periodista y aventurera. Me has podido leer en Escapada Rural, Diari Nosaltres La Veu, La Vanguardia, El Salto y otros medios. Habitante y amante de las zonas rurales, sea cual sea el destino. Procuro escaparme una vez por semana con las botas de monta\u00f1a, el arn\u00e9s o el neopreno. Tambi\u00e9n soy un intento de baserritarra.\",\"url\":\"https:\\\/\\\/www.escapadarural.com\\\/blog\\\/autor\\\/raquel\\\/\"}]}<\/script>\n<!-- \/ Yoast SEO plugin. -->","yoast_head_json":{"title":"Parajes singulares de la provincia de Barcelona","description":"Explora los parajes m\u00e1s singulares de la provincia de Barcelona: monta\u00f1as, castillos, yacimientos geol\u00f3gicos y rincones para desconectar.","robots":{"index":"index","follow":"follow","max-snippet":"max-snippet:-1","max-image-preview":"max-image-preview:large","max-video-preview":"max-video-preview:-1"},"canonical":"https:\/\/www.escapadarural.com\/blog\/parajes-singulares-de-barcelona\/","og_locale":"es_ES","og_type":"article","og_title":"Parajes singulares de la provincia de Barcelona","og_description":"Explora los parajes m\u00e1s singulares de la provincia de Barcelona: monta\u00f1as, castillos, yacimientos geol\u00f3gicos y rincones para desconectar.","og_url":"https:\/\/www.escapadarural.com\/blog\/parajes-singulares-de-barcelona\/","og_site_name":"Magazine de viajes de EscapadaRural","article_publisher":"https:\/\/www.facebook.com\/escapadarural","article_published_time":"2025-10-22T08:09:01+00:00","article_modified_time":"2026-03-19T15:16:31+00:00","og_image":[{"width":1024,"height":682,"url":"https:\/\/www.escapadarural.com\/blog\/wp-content\/uploads\/2024\/10\/flight-over-the-city-tavertet-central-catalonia-spain-stockpack-adobe-stock-1-1024x682-1.jpg?v=1773933392","type":"image\/jpeg"}],"author":"Raquel Andr\u00e9s","twitter_card":"summary_large_image","twitter_misc":{"Escrito por":"Raquel Andr\u00e9s","Tiempo de lectura":"6 minutos"},"schema":{"@context":"https:\/\/schema.org","@graph":[{"@type":"Article","@id":"https:\/\/www.escapadarural.com\/blog\/parajes-singulares-de-barcelona\/#article","isPartOf":{"@id":"https:\/\/www.escapadarural.com\/blog\/parajes-singulares-de-barcelona\/"},"author":{"name":"Raquel Andr\u00e9s","@id":"https:\/\/www.escapadarural.com\/blog\/#\/schema\/person\/67be061eb00d8315fa8642e01b88c894"},"headline":"Los parajes m\u00e1s singulares de la provincia de Barcelona que todav\u00eda no conoces","datePublished":"2025-10-22T08:09:01+00:00","dateModified":"2026-03-19T15:16:31+00:00","mainEntityOfPage":{"@id":"https:\/\/www.escapadarural.com\/blog\/parajes-singulares-de-barcelona\/"},"wordCount":1278,"commentCount":0,"publisher":{"@id":"https:\/\/www.escapadarural.com\/blog\/#organization"},"image":{"@id":"https:\/\/www.escapadarural.com\/blog\/parajes-singulares-de-barcelona\/#primaryimage"},"thumbnailUrl":"https:\/\/www.escapadarural.com\/blog\/wp-content\/uploads\/2024\/10\/flight-over-the-city-tavertet-central-catalonia-spain-stockpack-adobe-stock-1-1024x682-1.jpg","keywords":["Anoia","Bages","Barcelona","Moian\u00e8s","Osona"],"articleSection":["Destinos"],"inLanguage":"es","potentialAction":[{"@type":"CommentAction","name":"Comment","target":["https:\/\/www.escapadarural.com\/blog\/parajes-singulares-de-barcelona\/#respond"]}]},{"@type":"WebPage","@id":"https:\/\/www.escapadarural.com\/blog\/parajes-singulares-de-barcelona\/","url":"https:\/\/www.escapadarural.com\/blog\/parajes-singulares-de-barcelona\/","name":"Parajes singulares de la provincia de Barcelona","isPartOf":{"@id":"https:\/\/www.escapadarural.com\/blog\/#website"},"primaryImageOfPage":{"@id":"https:\/\/www.escapadarural.com\/blog\/parajes-singulares-de-barcelona\/#primaryimage"},"image":{"@id":"https:\/\/www.escapadarural.com\/blog\/parajes-singulares-de-barcelona\/#primaryimage"},"thumbnailUrl":"https:\/\/www.escapadarural.com\/blog\/wp-content\/uploads\/2024\/10\/flight-over-the-city-tavertet-central-catalonia-spain-stockpack-adobe-stock-1-1024x682-1.jpg","datePublished":"2025-10-22T08:09:01+00:00","dateModified":"2026-03-19T15:16:31+00:00","description":"Explora los parajes m\u00e1s singulares de la provincia de Barcelona: monta\u00f1as, castillos, yacimientos geol\u00f3gicos y rincones para desconectar.","breadcrumb":{"@id":"https:\/\/www.escapadarural.com\/blog\/parajes-singulares-de-barcelona\/#breadcrumb"},"inLanguage":"es","potentialAction":[{"@type":"ReadAction","target":["https:\/\/www.escapadarural.com\/blog\/parajes-singulares-de-barcelona\/"]}]},{"@type":"ImageObject","inLanguage":"es","@id":"https:\/\/www.escapadarural.com\/blog\/parajes-singulares-de-barcelona\/#primaryimage","url":"https:\/\/www.escapadarural.com\/blog\/wp-content\/uploads\/2024\/10\/flight-over-the-city-tavertet-central-catalonia-spain-stockpack-adobe-stock-1-1024x682-1.jpg","contentUrl":"https:\/\/www.escapadarural.com\/blog\/wp-content\/uploads\/2024\/10\/flight-over-the-city-tavertet-central-catalonia-spain-stockpack-adobe-stock-1-1024x682-1.jpg","width":1024,"height":682,"caption":"Vista a\u00e9rea de un peque\u00f1o pueblo con casas de tejado color canela rodeado de exuberantes colinas verdes y acantilados, con carreteras serpenteantes y monta\u00f1as lejanas bajo un cielo parcialmente nublado."},{"@type":"BreadcrumbList","@id":"https:\/\/www.escapadarural.com\/blog\/parajes-singulares-de-barcelona\/#breadcrumb","itemListElement":[{"@type":"ListItem","position":1,"name":"Inicio","item":"https:\/\/www.escapadarural.com\/blog\/"},{"@type":"ListItem","position":2,"name":"Destinos","item":"https:\/\/www.escapadarural.com\/blog\/categoria\/destinos\/"},{"@type":"ListItem","position":3,"name":"Los parajes m\u00e1s singulares de la provincia de Barcelona que todav\u00eda no conoces"}]},{"@type":"WebSite","@id":"https:\/\/www.escapadarural.com\/blog\/#website","url":"https:\/\/www.escapadarural.com\/blog\/","name":"Blog de viajes | turismo rural, alojamientos e inspiraci\u00f3n","description":"Alojamientos rurales e inspiraci\u00f3n para tus escapadas","publisher":{"@id":"https:\/\/www.escapadarural.com\/blog\/#organization"},"alternateName":"Magazine de viajes de EscapadaRural","potentialAction":[{"@type":"SearchAction","target":{"@type":"EntryPoint","urlTemplate":"https:\/\/www.escapadarural.com\/blog\/?s={search_term_string}"},"query-input":{"@type":"PropertyValueSpecification","valueRequired":true,"valueName":"search_term_string"}}],"inLanguage":"es"},{"@type":"Organization","@id":"https:\/\/www.escapadarural.com\/blog\/#organization","name":"EscapadaRural","url":"https:\/\/www.escapadarural.com\/blog\/","logo":{"@type":"ImageObject","inLanguage":"es","@id":"https:\/\/www.escapadarural.com\/blog\/#\/schema\/logo\/image\/","url":"https:\/\/www.escapadarural.com\/blog\/wp-content\/uploads\/2024\/10\/cropped-cropped-escapada-rural-icon-mag-3.png","contentUrl":"https:\/\/www.escapadarural.com\/blog\/wp-content\/uploads\/2024\/10\/cropped-cropped-escapada-rural-icon-mag-3.png","width":512,"height":512,"caption":"EscapadaRural"},"image":{"@id":"https:\/\/www.escapadarural.com\/blog\/#\/schema\/logo\/image\/"},"sameAs":["https:\/\/www.facebook.com\/escapadarural","https:\/\/www.instagram.com\/escapadarural\/","https:\/\/www.youtube.com\/@escapadaruralcom"]},{"@type":"Person","@id":"https:\/\/www.escapadarural.com\/blog\/#\/schema\/person\/67be061eb00d8315fa8642e01b88c894","name":"Raquel Andr\u00e9s","image":{"@type":"ImageObject","inLanguage":"es","@id":"https:\/\/secure.gravatar.com\/avatar\/b45840531462f3cafb335a9fc5c0bfda2c07c3df4b82b304b923526b85cc6cb5?s=96&d=mm&r=g","url":"https:\/\/secure.gravatar.com\/avatar\/b45840531462f3cafb335a9fc5c0bfda2c07c3df4b82b304b923526b85cc6cb5?s=96&d=mm&r=g","contentUrl":"https:\/\/secure.gravatar.com\/avatar\/b45840531462f3cafb335a9fc5c0bfda2c07c3df4b82b304b923526b85cc6cb5?s=96&d=mm&r=g","caption":"Raquel Andr\u00e9s"},"description":"Periodista y aventurera. Me has podido leer en Escapada Rural, Diari Nosaltres La Veu, La Vanguardia, El Salto y otros medios. Habitante y amante de las zonas rurales, sea cual sea el destino. Procuro escaparme una vez por semana con las botas de monta\u00f1a, el arn\u00e9s o el neopreno. Tambi\u00e9n soy un intento de baserritarra.","url":"https:\/\/www.escapadarural.com\/blog\/autor\/raquel\/"}]}},"_links":{"self":[{"href":"https:\/\/www.escapadarural.com\/blog\/wp-json\/wp\/v2\/posts\/209058","targetHints":{"allow":["GET"]}}],"collection":[{"href":"https:\/\/www.escapadarural.com\/blog\/wp-json\/wp\/v2\/posts"}],"about":[{"href":"https:\/\/www.escapadarural.com\/blog\/wp-json\/wp\/v2\/types\/post"}],"author":[{"embeddable":true,"href":"https:\/\/www.escapadarural.com\/blog\/wp-json\/wp\/v2\/users\/123"}],"replies":[{"embeddable":true,"href":"https:\/\/www.escapadarural.com\/blog\/wp-json\/wp\/v2\/comments?post=209058"}],"version-history":[{"count":0,"href":"https:\/\/www.escapadarural.com\/blog\/wp-json\/wp\/v2\/posts\/209058\/revisions"}],"wp:featuredmedia":[{"embeddable":true,"href":"https:\/\/www.escapadarural.com\/blog\/wp-json\/wp\/v2\/media\/94314"}],"wp:attachment":[{"href":"https:\/\/www.escapadarural.com\/blog\/wp-json\/wp\/v2\/media?parent=209058"}],"wp:term":[{"taxonomy":"category","embeddable":true,"href":"https:\/\/www.escapadarural.com\/blog\/wp-json\/wp\/v2\/categories?post=209058"},{"taxonomy":"post_tag","embeddable":true,"href":"https:\/\/www.escapadarural.com\/blog\/wp-json\/wp\/v2\/tags?post=209058"}],"curies":[{"name":"wp","href":"https:\/\/api.w.org\/{rel}","templated":true}]}}