{"id":209153,"date":"2025-11-15T08:55:00","date_gmt":"2025-11-15T07:55:00","guid":{"rendered":"https:\/\/www.escapadarural.com\/blog\/?p=209153"},"modified":"2026-03-18T16:50:08","modified_gmt":"2026-03-18T15:50:08","slug":"sant-joan-de-les-abadesses-que-ver-y-hacer","status":"publish","type":"post","link":"https:\/\/www.escapadarural.com\/blog\/sant-joan-de-les-abadesses-que-ver-y-hacer\/","title":{"rendered":"Sant Joan de les Abadesses: el pueblo medieval del Pirineo mejor conservado de Catalu\u00f1a"},"content":{"rendered":"\n<p>En el coraz\u00f3n de los Pirineos orientales, Sant Joan de les Abadesses parece detenido en el tiempo. <strong>Rodeado por bosques y el rumor constante del r\u00edo Ter<\/strong>, este peque\u00f1o pueblo de <a href=\"\/casas-rurales\/el-ripolles\">El Ripoll\u00e8s<\/a> conserva la esencia de la Catalu\u00f1a <a href=\"\/blog\/tag\/medieval\/\">medieval<\/a>, la calma de los <a href=\"\/blog\/paisajes-de-leyenda-mitologia-espana\/\">paisajes de monta\u00f1a<\/a> y la autenticidad de la vida rural. Sus calles empedradas, sus casas de piedra y su imponente monasterio cuentan mil a\u00f1os de historia en cada rinc\u00f3n.<\/p>\n\n\n\n<figure class=\"wp-block-image size-large\"><img loading=\"lazy\" decoding=\"async\" width=\"1024\" height=\"683\" src=\"https:\/\/www.escapadarural.com\/blog\/wp-content\/uploads\/2025\/10\/01_SantJoanAbadesses_joan_bautista_AdobeStock_278738240_WP02-1024x683.webp\" alt=\"Calles del casco hist\u00f3rico de Sant Joan de les Abadesses (Girona).\" class=\"wp-image-209873\" srcset=\"https:\/\/www.escapadarural.com\/blog\/wp-content\/uploads\/2025\/10\/01_SantJoanAbadesses_joan_bautista_AdobeStock_278738240_WP02-200x133.webp 200w, https:\/\/www.escapadarural.com\/blog\/wp-content\/uploads\/2025\/10\/01_SantJoanAbadesses_joan_bautista_AdobeStock_278738240_WP02-300x200.webp 300w, https:\/\/www.escapadarural.com\/blog\/wp-content\/uploads\/2025\/10\/01_SantJoanAbadesses_joan_bautista_AdobeStock_278738240_WP02-400x267.webp 400w, https:\/\/www.escapadarural.com\/blog\/wp-content\/uploads\/2025\/10\/01_SantJoanAbadesses_joan_bautista_AdobeStock_278738240_WP02-600x400.webp 600w, https:\/\/www.escapadarural.com\/blog\/wp-content\/uploads\/2025\/10\/01_SantJoanAbadesses_joan_bautista_AdobeStock_278738240_WP02-768x512.webp 768w, https:\/\/www.escapadarural.com\/blog\/wp-content\/uploads\/2025\/10\/01_SantJoanAbadesses_joan_bautista_AdobeStock_278738240_WP02-800x533.webp 800w, https:\/\/www.escapadarural.com\/blog\/wp-content\/uploads\/2025\/10\/01_SantJoanAbadesses_joan_bautista_AdobeStock_278738240_WP02-1024x683.webp 1024w, https:\/\/www.escapadarural.com\/blog\/wp-content\/uploads\/2025\/10\/01_SantJoanAbadesses_joan_bautista_AdobeStock_278738240_WP02.webp 1200w\" sizes=\"auto, (max-width: 1024px) 100vw, 1024px\" \/><figcaption class=\"wp-element-caption\">Calles del casco hist\u00f3rico de Sant Joan de les Abadesses (Girona). Por Joan Bautista.<\/figcaption><\/figure>\n\n\n\n<div class=\"wp-block-buttons is-layout-flex wp-block-buttons-is-layout-flex\">\n<div class=\"wp-block-button\"><a class=\"wp-block-button__link wp-element-button\" href=\"\/casas-rurales\/sant-joan-de-les-abadesses\">Alojamientos rurales en Sant Joan de les Abadesses<\/a><\/div>\n<\/div>\n\n\n\n<h2 class=\"wp-block-heading\" id=\"0-lo-que-debes-saber-sobre-sant-joan-de-les-abadesses\">Lo que debes saber sobre Sant Joan de les Abadesses<\/h2>\n\n\n<div style=\"background-color: #d9edf7; color: #31708f; border-left-color: #31708f; \" class=\"ub-styled-box ub-notification-box wp-block-ub-styled-box\" id=\"ub-styled-box-ac5f3c43-cea9-4fe6-8a56-652ceb74d896\">\n<p id=\"ub-styled-box-notification-content-\"><strong>D\u00f3nde est\u00e1:<\/strong> en el valle del r\u00edo Ter, dentro de la comarca del Ripoll\u00e8s (Girona), a unos 70 km de Girona y 150 km de Barcelona.<\/p>\n\n\n\n<p><strong>Por qu\u00e9 visitarlo:<\/strong> es uno de los conjuntos medievales mejor conservados de Catalu\u00f1a. Su monasterio benedictino, el puente Viejo g\u00f3tico y su casco antiguo invitan a perderse sin prisa.<\/p>\n\n\n\n<p><strong>Naturaleza:<\/strong> punto de inicio de la v\u00eda verde del Ferro i del Carb\u00f3, ideal para caminar o pedalear junto al Ter. Su entorno combina bosques de pino, hayedos y prados de monta\u00f1a con vistas abiertas al Pirineo.<\/p>\n\n\n\n<p><strong>Qu\u00e9 no perderse:<\/strong> el monasterio de Santa Mar\u00eda, el puente Viejo, el <em>gorg<\/em> de la Malatosca \u2014una poza natural envuelta en leyendas de brujas\u2014 y las ermitas rurales que salpican el paisaje.<\/p>\n\n\n\n<p><strong>Sabores locales: <\/strong>embutidos del Ripoll\u00e8s, <em>trinxat<\/em> de la Cerdanya, miel de monta\u00f1a y la tradicional coca de l\u2019Abadessa.<\/p>\n\n\n\n<p><strong>Ambiente:<\/strong> tranquilo y familiar, perfecto para parejas, familias y senderistas que buscan un destino aut\u00e9ntico y sin aglomeraciones.<\/p>\n\n\n\n<p><strong>Consejo local:<\/strong> llega temprano para visitar el monasterio y alquila una bicicleta para recorrer la v\u00eda verde. Al caer la tarde, contempla el atardecer desde el Puente Viejo: es uno de esos momentos que se quedan grabados.<\/p>\n\n\n<\/div>\n\n\n<h2 class=\"wp-block-heading\" id=\"1-historia-y-patrimonio-de-sant-joan-de-les-abadesses\">Historia y patrimonio de Sant Joan de les Abadesses<\/h2>\n\n\n\n<figure class=\"wp-block-image size-large\"><img loading=\"lazy\" decoding=\"async\" width=\"1024\" height=\"683\" src=\"https:\/\/www.escapadarural.com\/blog\/wp-content\/uploads\/2025\/10\/02_SantJoanAbadesses_Claustro_AvasilePhotoshop_AdobeStock_482927827_WP03-1024x683.webp\" alt=\"Claustro rom\u00e1nico del monasterio de Santa Mar\u00eda, en Sant Joan de les Abadesses (Girona).\" class=\"wp-image-209874\" srcset=\"https:\/\/www.escapadarural.com\/blog\/wp-content\/uploads\/2025\/10\/02_SantJoanAbadesses_Claustro_AvasilePhotoshop_AdobeStock_482927827_WP03-200x133.webp 200w, https:\/\/www.escapadarural.com\/blog\/wp-content\/uploads\/2025\/10\/02_SantJoanAbadesses_Claustro_AvasilePhotoshop_AdobeStock_482927827_WP03-300x200.webp 300w, https:\/\/www.escapadarural.com\/blog\/wp-content\/uploads\/2025\/10\/02_SantJoanAbadesses_Claustro_AvasilePhotoshop_AdobeStock_482927827_WP03-400x267.webp 400w, https:\/\/www.escapadarural.com\/blog\/wp-content\/uploads\/2025\/10\/02_SantJoanAbadesses_Claustro_AvasilePhotoshop_AdobeStock_482927827_WP03-600x400.webp 600w, https:\/\/www.escapadarural.com\/blog\/wp-content\/uploads\/2025\/10\/02_SantJoanAbadesses_Claustro_AvasilePhotoshop_AdobeStock_482927827_WP03-768x512.webp 768w, https:\/\/www.escapadarural.com\/blog\/wp-content\/uploads\/2025\/10\/02_SantJoanAbadesses_Claustro_AvasilePhotoshop_AdobeStock_482927827_WP03-800x533.webp 800w, https:\/\/www.escapadarural.com\/blog\/wp-content\/uploads\/2025\/10\/02_SantJoanAbadesses_Claustro_AvasilePhotoshop_AdobeStock_482927827_WP03-1024x683.webp 1024w, https:\/\/www.escapadarural.com\/blog\/wp-content\/uploads\/2025\/10\/02_SantJoanAbadesses_Claustro_AvasilePhotoshop_AdobeStock_482927827_WP03.webp 1200w\" sizes=\"auto, (max-width: 1024px) 100vw, 1024px\" \/><figcaption class=\"wp-element-caption\">Claustro rom\u00e1nico del monasterio de Santa Mar\u00eda, en Sant Joan de les Abadesses (Girona). Por Avasile photoshop.<\/figcaption><\/figure>\n\n\n\n<p>Sant Joan de les Abadesses naci\u00f3 al abrigo del <strong>monasterio benedictino de santa Mar\u00eda<\/strong>, fundado en el a\u00f1o 885 por la condesa Emma, hija de Guifr\u00e9 el Pil\u00f3s. Aquella primera comunidad femenina marc\u00f3 el destino del pueblo. Hoy, el visitante puede recorrer el conjunto mon\u00e1stico y sentir el peso de los siglos entre sus muros rom\u00e1nicos y su elegante claustro g\u00f3tico, uno de los m\u00e1s bellos del Pirineo.<\/p>\n\n\n\n<p>En el interior, el grupo escult\u00f3rico del Sant\u00edsimo Misterio \u2014del siglo XIII\u2014 impresiona por su realismo y espiritualidad. Frente al monasterio, <strong>el antiguo palacio abacial<\/strong> se ha convertido en museo y guarda piezas de arte sacro que narran la historia de Sant Joan y su territorio. La <a href=\"https:\/\/www.santjoandelesabadesses.cat\/ca\/visita-ns\/oficina-de-turisme\" target=\"_blank\" rel=\"noreferrer noopener nofollow\">oficina de turismo<\/a>, situada en la plaza de la Abad\u00eda, ofrece <a href=\"https:\/\/www.santjoandelesabadesses.cat\/ca\/que-fer\/visites-guiades\" target=\"_blank\" rel=\"noreferrer noopener nofollow\">visitas guiadas<\/a> para conocer m\u00e1s a fondo su patrimonio.<\/p>\n\n\n\n<figure class=\"wp-block-image size-large\"><img loading=\"lazy\" decoding=\"async\" width=\"1024\" height=\"683\" src=\"https:\/\/www.escapadarural.com\/blog\/wp-content\/uploads\/2025\/10\/03_SantJoanAbadesses_IglesiaSantPol_EvanFrank_AdobeStock_155949710_WP04-1024x683.webp\" alt=\"Ruinas de la iglesia de Sant Pol, en el casco hist\u00f3rico de Sant Joan de les Abadesses (Girona).\" class=\"wp-image-209875\" srcset=\"https:\/\/www.escapadarural.com\/blog\/wp-content\/uploads\/2025\/10\/03_SantJoanAbadesses_IglesiaSantPol_EvanFrank_AdobeStock_155949710_WP04-200x133.webp 200w, https:\/\/www.escapadarural.com\/blog\/wp-content\/uploads\/2025\/10\/03_SantJoanAbadesses_IglesiaSantPol_EvanFrank_AdobeStock_155949710_WP04-300x200.webp 300w, https:\/\/www.escapadarural.com\/blog\/wp-content\/uploads\/2025\/10\/03_SantJoanAbadesses_IglesiaSantPol_EvanFrank_AdobeStock_155949710_WP04-400x267.webp 400w, https:\/\/www.escapadarural.com\/blog\/wp-content\/uploads\/2025\/10\/03_SantJoanAbadesses_IglesiaSantPol_EvanFrank_AdobeStock_155949710_WP04-600x400.webp 600w, https:\/\/www.escapadarural.com\/blog\/wp-content\/uploads\/2025\/10\/03_SantJoanAbadesses_IglesiaSantPol_EvanFrank_AdobeStock_155949710_WP04-768x512.webp 768w, https:\/\/www.escapadarural.com\/blog\/wp-content\/uploads\/2025\/10\/03_SantJoanAbadesses_IglesiaSantPol_EvanFrank_AdobeStock_155949710_WP04-800x533.webp 800w, https:\/\/www.escapadarural.com\/blog\/wp-content\/uploads\/2025\/10\/03_SantJoanAbadesses_IglesiaSantPol_EvanFrank_AdobeStock_155949710_WP04-1024x683.webp 1024w, https:\/\/www.escapadarural.com\/blog\/wp-content\/uploads\/2025\/10\/03_SantJoanAbadesses_IglesiaSantPol_EvanFrank_AdobeStock_155949710_WP04.webp 1200w\" sizes=\"auto, (max-width: 1024px) 100vw, 1024px\" \/><figcaption class=\"wp-element-caption\">Ruinas de la iglesia de Sant Pol, en el casco hist\u00f3rico de Sant Joan de les Abadesses (Girona). Por Evan Frank.<\/figcaption><\/figure>\n\n\n\n<p>Desde el monasterio, las calles empedradas conducen al <strong>casco antiguo<\/strong>, un entramado de callejuelas porticadas y casas nobles que conservan escudos, inscripciones y balcones floridos. <strong>El puente Viejo (Pont Vell)<\/strong>, con su arco g\u00f3tico de piedra, es uno de los s\u00edmbolos de Sant Joan de les Abadesses. Cruza el r\u00edo Ter desde el siglo XIV y ofrece una de las vistas m\u00e1s evocadoras del conjunto urbano, con el monasterio recort\u00e1ndose sobre el verde del valle. Una buena idea para el visitante es contemplar y retratar el atardecer desde este punto.<\/p>\n\n\n\n<p>En torno a <strong>la plaza Mayor<\/strong>, los soportales acogen tiendas de artesan\u00eda, cafeter\u00edas y terrazas donde la vida transcurre despacio. Aqu\u00ed se celebra en junio la <em>Festa Major<\/em>, con el tradicional <em>Ball dels Pabordes<\/em>, una danza que s\u00f3lo se baila en Sant Joan y que ha sido reconocida como patrimonio cultural catal\u00e1n.<\/p>\n\n\n\n<h2 class=\"wp-block-heading\" id=\"2-naturaleza-y-entorno-entre-bosques-y-monta%C3%B1as\">Naturaleza y entorno: entre bosques y monta\u00f1as<\/h2>\n\n\n\n<figure class=\"wp-block-image size-large\"><img loading=\"lazy\" decoding=\"async\" width=\"1024\" height=\"683\" src=\"https:\/\/www.escapadarural.com\/blog\/wp-content\/uploads\/2025\/10\/04_SantJoanAbadesses_ViaVerde_vicenfoto_AdobeStock_290988283_WP05-1024x683.webp\" alt=\"V\u00eda verde del Ferro i el Carb\u00f3, entre Sant Joan de les Abadesses y Ripoll (Girona).\" class=\"wp-image-209876\" srcset=\"https:\/\/www.escapadarural.com\/blog\/wp-content\/uploads\/2025\/10\/04_SantJoanAbadesses_ViaVerde_vicenfoto_AdobeStock_290988283_WP05-200x133.webp 200w, https:\/\/www.escapadarural.com\/blog\/wp-content\/uploads\/2025\/10\/04_SantJoanAbadesses_ViaVerde_vicenfoto_AdobeStock_290988283_WP05-300x200.webp 300w, https:\/\/www.escapadarural.com\/blog\/wp-content\/uploads\/2025\/10\/04_SantJoanAbadesses_ViaVerde_vicenfoto_AdobeStock_290988283_WP05-400x267.webp 400w, https:\/\/www.escapadarural.com\/blog\/wp-content\/uploads\/2025\/10\/04_SantJoanAbadesses_ViaVerde_vicenfoto_AdobeStock_290988283_WP05-600x400.webp 600w, https:\/\/www.escapadarural.com\/blog\/wp-content\/uploads\/2025\/10\/04_SantJoanAbadesses_ViaVerde_vicenfoto_AdobeStock_290988283_WP05-768x512.webp 768w, https:\/\/www.escapadarural.com\/blog\/wp-content\/uploads\/2025\/10\/04_SantJoanAbadesses_ViaVerde_vicenfoto_AdobeStock_290988283_WP05-800x533.webp 800w, https:\/\/www.escapadarural.com\/blog\/wp-content\/uploads\/2025\/10\/04_SantJoanAbadesses_ViaVerde_vicenfoto_AdobeStock_290988283_WP05-1024x683.webp 1024w, https:\/\/www.escapadarural.com\/blog\/wp-content\/uploads\/2025\/10\/04_SantJoanAbadesses_ViaVerde_vicenfoto_AdobeStock_290988283_WP05.webp 1200w\" sizes=\"auto, (max-width: 1024px) 100vw, 1024px\" \/><figcaption class=\"wp-element-caption\">V\u00eda verde del Ferro i el Carb\u00f3, entre Sant Joan de les Abadesses y Ripoll (Girona). Por vicenfoto.<\/figcaption><\/figure>\n\n\n\n<p>El paisaje que rodea Sant Joan de les Abadesses es una invitaci\u00f3n constante a salir al aire libre. Entre colinas, bosques y prados, el valle del Ter ofrece <a href=\"https:\/\/www.santjoandelesabadesses.cat\/ca\/que-fer\/rutes-2\" target=\"_blank\" rel=\"noreferrer noopener nofollow\">rutas de todos los niveles<\/a> y una tranquilidad dif\u00edcil de encontrar. <strong>La v\u00eda verde del Ferro i del Carb\u00f3<\/strong>, trazada sobre una antigua l\u00ednea ferroviaria, es <a href=\"https:\/\/www.santjoandelesabadesses.cat\/ca\/que-fer\/rutes-2\/btt-i-ciclistes\/2149-via-verda-ruta-del-ferro-i-del-carbo\" target=\"_blank\" rel=\"noreferrer noopener nofollow\">perfecta para recorrer a pie o en bicicleta<\/a>. Sus doce kil\u00f3metros hasta <a href=\"\/casas-rurales\/ripoll\">Ripoll<\/a> transcurren junto al r\u00edo, entre t\u00faneles, puentes y viejos apeaderos convertidos en refugio de senderistas.<\/p>\n\n\n\n<p>Otra ruta muy apreciada es la que sube hasta <a href=\"https:\/\/www.santjoandelesabadesses.cat\/ca\/que-fer\/rutes-2\/senderisme\/63-les-fonts-de-sant-antoni-i-el-bac-del-covilar\" target=\"_blank\" rel=\"noreferrer noopener nofollow\">el mirador de Sant Antoni<\/a>, <strong>a m\u00e1s de 1.600 metros<\/strong>, desde donde se dominan los tejados de pizarra del pueblo y las monta\u00f1as del Pirineo. Tambi\u00e9n merece la pena seguir el <a href=\"https:\/\/www.santjoandelesabadesses.cat\/index.php\/que-fer\/rutes-2\/senderisme\/377-ruta-de-les-quatre-ermites-49054023\" target=\"_blank\" rel=\"noreferrer noopener nofollow\">sendero de las Cuatro Ermitas (PR-C 60)<\/a>, un itinerario circular que une <strong>peque\u00f1as capillas rurales<\/strong> escondidas entre bosques y pastos.<\/p>\n\n\n\n<figure class=\"wp-block-image size-large\"><img loading=\"lazy\" decoding=\"async\" width=\"1024\" height=\"683\" src=\"https:\/\/www.escapadarural.com\/blog\/wp-content\/uploads\/2025\/10\/05_SantJoanAbadesses_Malatosca_Thisisleitzaa_AdobeStock_770422519_WP06-1024x683.webp\" alt=\"El gorg de la Malatosca, piscina natural con cascada en Sant Joan de es Abadesses (Girona).\" class=\"wp-image-209877\" srcset=\"https:\/\/www.escapadarural.com\/blog\/wp-content\/uploads\/2025\/10\/05_SantJoanAbadesses_Malatosca_Thisisleitzaa_AdobeStock_770422519_WP06-200x133.webp 200w, https:\/\/www.escapadarural.com\/blog\/wp-content\/uploads\/2025\/10\/05_SantJoanAbadesses_Malatosca_Thisisleitzaa_AdobeStock_770422519_WP06-300x200.webp 300w, https:\/\/www.escapadarural.com\/blog\/wp-content\/uploads\/2025\/10\/05_SantJoanAbadesses_Malatosca_Thisisleitzaa_AdobeStock_770422519_WP06-400x267.webp 400w, https:\/\/www.escapadarural.com\/blog\/wp-content\/uploads\/2025\/10\/05_SantJoanAbadesses_Malatosca_Thisisleitzaa_AdobeStock_770422519_WP06-600x400.webp 600w, https:\/\/www.escapadarural.com\/blog\/wp-content\/uploads\/2025\/10\/05_SantJoanAbadesses_Malatosca_Thisisleitzaa_AdobeStock_770422519_WP06-768x512.webp 768w, https:\/\/www.escapadarural.com\/blog\/wp-content\/uploads\/2025\/10\/05_SantJoanAbadesses_Malatosca_Thisisleitzaa_AdobeStock_770422519_WP06-800x533.webp 800w, https:\/\/www.escapadarural.com\/blog\/wp-content\/uploads\/2025\/10\/05_SantJoanAbadesses_Malatosca_Thisisleitzaa_AdobeStock_770422519_WP06-1024x683.webp 1024w, https:\/\/www.escapadarural.com\/blog\/wp-content\/uploads\/2025\/10\/05_SantJoanAbadesses_Malatosca_Thisisleitzaa_AdobeStock_770422519_WP06.webp 1200w\" sizes=\"auto, (max-width: 1024px) 100vw, 1024px\" \/><figcaption class=\"wp-element-caption\">El <em>gorg<\/em> de la Malatosca, piscina natural con cascada en Sant Joan de es Abadesses (Girona). Por Thisisleitzaa.<\/figcaption><\/figure>\n\n\n\n<p><strong>El <em>gorg<\/em> de la Malatosca<\/strong>, a tan solo un kil\u00f3metro del casco antiguo, es uno de esos rincones m\u00e1gicos donde el rumor del agua se mezcla con las leyendas. El sendero que conduce hasta all\u00ed es corto y sombr\u00edo, ideal para un paseo en familia. Es <a href=\"\/blog\/gorg-malatosca-girona-donde-pario-bruja\/\">un lugar con encanto y con leyenda<\/a>: dicen que las brujas se reun\u00edan aqu\u00ed para celebrar sus aquelarres bajo la luna.<\/p>\n\n\n\n<p><strong>La fauna y la flora<\/strong> son abundantes: corzos, jabal\u00edes y zorros habitan los bosques de pinos, robles y hayas, mientras en el cielo planean \u00e1guilas y buitres. En oto\u00f1o, el paisaje se ti\u00f1e de tonos ocres y los n\u00edscalos \u2014<a href=\"\/blog\/cada-seta-en-su-bosque\/\">las setas m\u00e1s apreciadas<\/a> del Pirineo\u2014 se convierten en protagonistas de las excursiones y las mesas locales.<\/p>\n\n\n\n<figure class=\"wp-block-image size-large\"><img loading=\"lazy\" decoding=\"async\" width=\"1024\" height=\"683\" src=\"https:\/\/www.escapadarural.com\/blog\/wp-content\/uploads\/2025\/10\/06_SantJoanAbadesses_joan_bautista_AdobeStock_278737705_WP07-1024x683.webp\" alt=\"Senderos naturales en Sant Joan de les Abadesses (Girona), perfectos para practicar senderismo.\" class=\"wp-image-209878\" srcset=\"https:\/\/www.escapadarural.com\/blog\/wp-content\/uploads\/2025\/10\/06_SantJoanAbadesses_joan_bautista_AdobeStock_278737705_WP07-200x133.webp 200w, https:\/\/www.escapadarural.com\/blog\/wp-content\/uploads\/2025\/10\/06_SantJoanAbadesses_joan_bautista_AdobeStock_278737705_WP07-300x200.webp 300w, https:\/\/www.escapadarural.com\/blog\/wp-content\/uploads\/2025\/10\/06_SantJoanAbadesses_joan_bautista_AdobeStock_278737705_WP07-400x267.webp 400w, https:\/\/www.escapadarural.com\/blog\/wp-content\/uploads\/2025\/10\/06_SantJoanAbadesses_joan_bautista_AdobeStock_278737705_WP07-600x400.webp 600w, https:\/\/www.escapadarural.com\/blog\/wp-content\/uploads\/2025\/10\/06_SantJoanAbadesses_joan_bautista_AdobeStock_278737705_WP07-768x512.webp 768w, https:\/\/www.escapadarural.com\/blog\/wp-content\/uploads\/2025\/10\/06_SantJoanAbadesses_joan_bautista_AdobeStock_278737705_WP07-800x533.webp 800w, https:\/\/www.escapadarural.com\/blog\/wp-content\/uploads\/2025\/10\/06_SantJoanAbadesses_joan_bautista_AdobeStock_278737705_WP07-1024x683.webp 1024w, https:\/\/www.escapadarural.com\/blog\/wp-content\/uploads\/2025\/10\/06_SantJoanAbadesses_joan_bautista_AdobeStock_278737705_WP07.webp 1200w\" sizes=\"auto, (max-width: 1024px) 100vw, 1024px\" \/><figcaption class=\"wp-element-caption\">Senderos naturales en Sant Joan de les Abadesses (Girona), perfectos para practicar senderismo. Por Joan Bautista.<\/figcaption><\/figure>\n\n\n\n<p>El entorno ofrece <strong>tambi\u00e9n opciones para los aventureros m\u00e1s activos<\/strong>, como pesca de trucha en el Ter, rutas de BTT por el Ripoll\u00e8s, escalada en la pe\u00f1a de Montgrony o, en invierno, jornadas de esqu\u00ed en Vallter 2000 o La Molina. Consejo: usa calzado c\u00f3modo para los caminos rurales y, si vas en verano, no olvides el repelente de insectos.<\/p>\n\n\n\n<h2 class=\"wp-block-heading\" id=\"3-gastronom%C3%ADa-y-cultura-local-de-sant-joan-de-les-abadesses\">Gastronom\u00eda y cultura local de Sant Joan de les Abadesses<\/h2>\n\n\n\n<figure class=\"wp-block-image size-large\"><img loading=\"lazy\" decoding=\"async\" width=\"1024\" height=\"693\" src=\"https:\/\/www.escapadarural.com\/blog\/wp-content\/uploads\/2025\/10\/07_SantJoanAbadesses_Embutido_David_AdobeStock_309759505_WP08-1024x693.webp\" alt=\"No puedes irte de Sant Joan de les Abadesses (Girona) sin probar el fuet de El Ripoll\u00e8s.\" class=\"wp-image-209879\" srcset=\"https:\/\/www.escapadarural.com\/blog\/wp-content\/uploads\/2025\/10\/07_SantJoanAbadesses_Embutido_David_AdobeStock_309759505_WP08-200x135.webp 200w, https:\/\/www.escapadarural.com\/blog\/wp-content\/uploads\/2025\/10\/07_SantJoanAbadesses_Embutido_David_AdobeStock_309759505_WP08-300x203.webp 300w, https:\/\/www.escapadarural.com\/blog\/wp-content\/uploads\/2025\/10\/07_SantJoanAbadesses_Embutido_David_AdobeStock_309759505_WP08-400x271.webp 400w, https:\/\/www.escapadarural.com\/blog\/wp-content\/uploads\/2025\/10\/07_SantJoanAbadesses_Embutido_David_AdobeStock_309759505_WP08-600x406.webp 600w, https:\/\/www.escapadarural.com\/blog\/wp-content\/uploads\/2025\/10\/07_SantJoanAbadesses_Embutido_David_AdobeStock_309759505_WP08-768x520.webp 768w, https:\/\/www.escapadarural.com\/blog\/wp-content\/uploads\/2025\/10\/07_SantJoanAbadesses_Embutido_David_AdobeStock_309759505_WP08-800x541.webp 800w, https:\/\/www.escapadarural.com\/blog\/wp-content\/uploads\/2025\/10\/07_SantJoanAbadesses_Embutido_David_AdobeStock_309759505_WP08-1024x693.webp 1024w, https:\/\/www.escapadarural.com\/blog\/wp-content\/uploads\/2025\/10\/07_SantJoanAbadesses_Embutido_David_AdobeStock_309759505_WP08.webp 1200w\" sizes=\"auto, (max-width: 1024px) 100vw, 1024px\" \/><figcaption class=\"wp-element-caption\">No puedes irte de Sant Joan de les Abadesses (Girona) sin probar el fuet de El Ripoll\u00e8s. Por David.<\/figcaption><\/figure>\n\n\n\n<p>Comer en Sant Joan de les Abadesses es saborear la monta\u00f1a. <strong>Los restaurantes locales apuestan por productos de proximidad<\/strong>: embutidos curados, quesos de oveja, miel de alta monta\u00f1a y setas de temporada. No puede faltar la <em>coca de l\u2019Abadessa<\/em>, un dulce tradicional elaborado con almendra y manzana. Por supuesto, no te vayas sin probar el fuet del Ripoll\u00e8s o la sidra local.<\/p>\n\n\n\n<p>Las <strong>ferias gastron\u00f3micas<\/strong> llenan las calles de aromas y vida. A finales de octubre destaca la <strong><em>Fira de la Tardor<\/em> <\/strong>(Feria de Oto\u00f1o), con concursos, degustaciones, talleres creativos y exposiciones de calabazas gigantes. Poco antes, a mediados de septiembre, tiene lugar la <strong>Fiesta del Grito<\/strong>, un curioso homenaje a M\u00e9xico por su independencia. Durante un fin de semana, el pueblo se llena de mariachis, bailes y color. No obstante, Jaume Nun\u00f3, nacido aqu\u00ed, fue el compositor del himno nacional mexicano. Tambi\u00e9n se celebran ferias en Navidad, en primavera o por San Isidro.<\/p>\n\n\n\n<figure class=\"wp-block-image size-large\"><img loading=\"lazy\" decoding=\"async\" width=\"1024\" height=\"576\" src=\"https:\/\/www.escapadarural.com\/blog\/wp-content\/uploads\/2025\/10\/08_SantJoanAbadesses_FiraCarbassa_StJoandelesAbadesses_WP09-1024x576.webp\" alt=\"Fira de Tardor (oto\u00f1o), en Sant Joan de les Abadesses (Girona).\" class=\"wp-image-209880\" srcset=\"https:\/\/www.escapadarural.com\/blog\/wp-content\/uploads\/2025\/10\/08_SantJoanAbadesses_FiraCarbassa_StJoandelesAbadesses_WP09-200x113.webp 200w, https:\/\/www.escapadarural.com\/blog\/wp-content\/uploads\/2025\/10\/08_SantJoanAbadesses_FiraCarbassa_StJoandelesAbadesses_WP09-300x169.webp 300w, https:\/\/www.escapadarural.com\/blog\/wp-content\/uploads\/2025\/10\/08_SantJoanAbadesses_FiraCarbassa_StJoandelesAbadesses_WP09-400x225.webp 400w, https:\/\/www.escapadarural.com\/blog\/wp-content\/uploads\/2025\/10\/08_SantJoanAbadesses_FiraCarbassa_StJoandelesAbadesses_WP09-600x338.webp 600w, https:\/\/www.escapadarural.com\/blog\/wp-content\/uploads\/2025\/10\/08_SantJoanAbadesses_FiraCarbassa_StJoandelesAbadesses_WP09-768x432.webp 768w, https:\/\/www.escapadarural.com\/blog\/wp-content\/uploads\/2025\/10\/08_SantJoanAbadesses_FiraCarbassa_StJoandelesAbadesses_WP09-800x450.webp 800w, https:\/\/www.escapadarural.com\/blog\/wp-content\/uploads\/2025\/10\/08_SantJoanAbadesses_FiraCarbassa_StJoandelesAbadesses_WP09-1024x576.webp 1024w, https:\/\/www.escapadarural.com\/blog\/wp-content\/uploads\/2025\/10\/08_SantJoanAbadesses_FiraCarbassa_StJoandelesAbadesses_WP09.webp 1200w\" sizes=\"auto, (max-width: 1024px) 100vw, 1024px\" \/><figcaption class=\"wp-element-caption\">Fira de Tardor (oto\u00f1o), en Sant Joan de les Abadesses (Girona). Por Ayto. Sant Joan de les Abadesses.<\/figcaption><\/figure>\n\n\n\n<p>M\u00e1s all\u00e1 de las ferias, el <strong>mercado dominical<\/strong> en el <em>passeig<\/em> del Comte Guifr\u00e9 re\u00fane a productores locales que ofrecen verduras de huerta, embutidos y artesan\u00eda. Es un buen lugar para charlar con los vecinos y sentir el pulso cotidiano del pueblo.<\/p>\n\n\n\n<p>Como dec\u00edamos, las leyendas tambi\u00e9n forman parte del alma de San Joan de les Abadesses. La m\u00e1s famosa es la <strong>leyenda del <em>Comte Arnau<\/em><\/strong>, condenado a cabalgar eternamente por estas monta\u00f1as acompa\u00f1ado por su jaur\u00eda infernal. Se dice que ten\u00eda un t\u00fanel secreto para acceder al monasterio y cortejar a la abadesa, con quien ten\u00eda una relaci\u00f3n secreta.<\/p>\n\n\n\n<h2 class=\"wp-block-heading\" id=\"4-alojamientos-rurales-recomendados-en-sant-joan-de-les-abadesses\">Alojamientos rurales recomendados en Sant Joan de les Abadesses<\/h2>\n\n\n\n<figure class=\"wp-block-image size-large\"><img loading=\"lazy\" decoding=\"async\" width=\"1024\" height=\"965\" src=\"https:\/\/www.escapadarural.com\/blog\/wp-content\/uploads\/2025\/10\/10_SantJoanAbadesses_CasaElMuig_WP10-1024x965.webp\" alt=\"Casa El Muig, en Sant Joan de les Abadesses (Girona).\" class=\"wp-image-209881\" srcset=\"https:\/\/www.escapadarural.com\/blog\/wp-content\/uploads\/2025\/10\/10_SantJoanAbadesses_CasaElMuig_WP10-200x189.webp 200w, https:\/\/www.escapadarural.com\/blog\/wp-content\/uploads\/2025\/10\/10_SantJoanAbadesses_CasaElMuig_WP10-300x283.webp 300w, https:\/\/www.escapadarural.com\/blog\/wp-content\/uploads\/2025\/10\/10_SantJoanAbadesses_CasaElMuig_WP10-400x377.webp 400w, https:\/\/www.escapadarural.com\/blog\/wp-content\/uploads\/2025\/10\/10_SantJoanAbadesses_CasaElMuig_WP10-600x566.webp 600w, https:\/\/www.escapadarural.com\/blog\/wp-content\/uploads\/2025\/10\/10_SantJoanAbadesses_CasaElMuig_WP10-768x724.webp 768w, https:\/\/www.escapadarural.com\/blog\/wp-content\/uploads\/2025\/10\/10_SantJoanAbadesses_CasaElMuig_WP10-800x754.webp 800w, https:\/\/www.escapadarural.com\/blog\/wp-content\/uploads\/2025\/10\/10_SantJoanAbadesses_CasaElMuig_WP10-1024x965.webp 1024w, https:\/\/www.escapadarural.com\/blog\/wp-content\/uploads\/2025\/10\/10_SantJoanAbadesses_CasaElMuig_WP10.webp 1200w\" sizes=\"auto, (max-width: 1024px) 100vw, 1024px\" \/><figcaption class=\"wp-element-caption\">Casa El Muig, en Sant Joan de les Abadesses (Girona).<\/figcaption><\/figure>\n\n\n\n<p><a href=\"\/casa-rural\/girona\/el-muig\">El Muig:<\/a> una masover\u00eda situada en plena naturaleza, a las puertas del Pirineo, que agrupa tres casas independientes (La Cort, El Graner y La Balconada) perfectamente <strong>equipadas para estancias de entre 4 y 8 personas<\/strong>. Destaca por su zona exterior con huerto ecol\u00f3gico, gran barbacoa y juegos infantiles que completan una experiencia rural relajante.<\/p>\n\n\n\n<div class=\"wp-block-buttons is-layout-flex wp-block-buttons-is-layout-flex\">\n<div class=\"wp-block-button\"><a class=\"wp-block-button__link wp-element-button\" href=\"\/casa-rural\/girona\/el-muig\">Reservar<\/a><\/div>\n<\/div>\n\n\n\n<figure class=\"wp-block-image size-large\"><img loading=\"lazy\" decoding=\"async\" width=\"1024\" height=\"677\" src=\"https:\/\/www.escapadarural.com\/blog\/wp-content\/uploads\/2025\/10\/11_SantJoanAbadesses_MasLaBatllia_WP11-1024x677.webp\" alt=\"Mas La Batllia, en Sant Joan de les Abadesses (Girona).\" class=\"wp-image-209882\" srcset=\"https:\/\/www.escapadarural.com\/blog\/wp-content\/uploads\/2025\/10\/11_SantJoanAbadesses_MasLaBatllia_WP11-200x132.webp 200w, https:\/\/www.escapadarural.com\/blog\/wp-content\/uploads\/2025\/10\/11_SantJoanAbadesses_MasLaBatllia_WP11-300x198.webp 300w, https:\/\/www.escapadarural.com\/blog\/wp-content\/uploads\/2025\/10\/11_SantJoanAbadesses_MasLaBatllia_WP11-400x264.webp 400w, https:\/\/www.escapadarural.com\/blog\/wp-content\/uploads\/2025\/10\/11_SantJoanAbadesses_MasLaBatllia_WP11-600x397.webp 600w, https:\/\/www.escapadarural.com\/blog\/wp-content\/uploads\/2025\/10\/11_SantJoanAbadesses_MasLaBatllia_WP11-768x508.webp 768w, https:\/\/www.escapadarural.com\/blog\/wp-content\/uploads\/2025\/10\/11_SantJoanAbadesses_MasLaBatllia_WP11-800x529.webp 800w, https:\/\/www.escapadarural.com\/blog\/wp-content\/uploads\/2025\/10\/11_SantJoanAbadesses_MasLaBatllia_WP11-1024x677.webp 1024w, https:\/\/www.escapadarural.com\/blog\/wp-content\/uploads\/2025\/10\/11_SantJoanAbadesses_MasLaBatllia_WP11.webp 1200w\" sizes=\"auto, (max-width: 1024px) 100vw, 1024px\" \/><figcaption class=\"wp-element-caption\">Mas La Batllia, en Sant Joan de les Abadesses (Girona).<\/figcaption><\/figure>\n\n\n\n<p><a href=\"\/casa-rural\/girona\/mas-la-batllia\">Mas La Batllia:<\/a> antigua mas\u00eda catalana restaurada, ubicada en una zona llana y abierta, que ofrece <strong>tres apartamentos independientes de 4 a 8 personas cada uno<\/strong>. Ideal para familias o grupos, cuenta con piscina cubierta climatizada, amplias zonas verdes con columpios, porter\u00eda y barbacoa que invitan a disfrutar del entorno al aire libre.<\/p>\n\n\n\n<div class=\"wp-block-buttons is-layout-flex wp-block-buttons-is-layout-flex\">\n<div class=\"wp-block-button\"><a class=\"wp-block-button__link wp-element-button\" href=\"\/casa-rural\/girona\/mas-la-batllia\">Reservar<\/a><\/div>\n<\/div>\n\n\n\n<figure class=\"wp-block-image size-large\"><img loading=\"lazy\" decoding=\"async\" width=\"1024\" height=\"640\" src=\"https:\/\/www.escapadarural.com\/blog\/wp-content\/uploads\/2025\/10\/12_SantJoanAbadesses_SerratdelaTeia_WP12-1024x640.webp\" alt=\"Serrat de la Teia, en Sant Joan de les Abadesses (Girona).\" class=\"wp-image-209883\" srcset=\"https:\/\/www.escapadarural.com\/blog\/wp-content\/uploads\/2025\/10\/12_SantJoanAbadesses_SerratdelaTeia_WP12-200x125.webp 200w, https:\/\/www.escapadarural.com\/blog\/wp-content\/uploads\/2025\/10\/12_SantJoanAbadesses_SerratdelaTeia_WP12-300x188.webp 300w, https:\/\/www.escapadarural.com\/blog\/wp-content\/uploads\/2025\/10\/12_SantJoanAbadesses_SerratdelaTeia_WP12-400x250.webp 400w, https:\/\/www.escapadarural.com\/blog\/wp-content\/uploads\/2025\/10\/12_SantJoanAbadesses_SerratdelaTeia_WP12-600x375.webp 600w, https:\/\/www.escapadarural.com\/blog\/wp-content\/uploads\/2025\/10\/12_SantJoanAbadesses_SerratdelaTeia_WP12-768x480.webp 768w, https:\/\/www.escapadarural.com\/blog\/wp-content\/uploads\/2025\/10\/12_SantJoanAbadesses_SerratdelaTeia_WP12-800x500.webp 800w, https:\/\/www.escapadarural.com\/blog\/wp-content\/uploads\/2025\/10\/12_SantJoanAbadesses_SerratdelaTeia_WP12-1024x640.webp 1024w, https:\/\/www.escapadarural.com\/blog\/wp-content\/uploads\/2025\/10\/12_SantJoanAbadesses_SerratdelaTeia_WP12.webp 1200w\" sizes=\"auto, (max-width: 1024px) 100vw, 1024px\" \/><figcaption class=\"wp-element-caption\">Serrat de la Teia, en Sant Joan de les Abadesses (Girona).<\/figcaption><\/figure>\n\n\n\n<p><a href=\"\/casa-rural\/girona\/serrat-de-la-teia-la-cabanya\">Serrat de la Teia:<\/a> masover\u00eda con or\u00edgenes documentados desde 1397, restaurada para <strong>acoger hasta 16 personas en dos alojamientos<\/strong> (Casa y Cabanya) decorados con estilo r\u00fastico-moderno. Ofrece chimenea de le\u00f1a, jard\u00edn con barbacoa, cocina amplia y entorno de monta\u00f1a tranquilo, perfecto para desconectar en pareja, familia o con amigos.<\/p>\n\n\n\n<div class=\"wp-block-buttons is-layout-flex wp-block-buttons-is-layout-flex\">\n<div class=\"wp-block-button\"><a class=\"wp-block-button__link wp-element-button\" href=\"\/casa-rural\/girona\/serrat-de-la-teia-la-cabanya\">Reservar<\/a><\/div>\n<\/div>\n\n\n\n<figure class=\"wp-block-image size-large\"><img loading=\"lazy\" decoding=\"async\" width=\"1024\" height=\"683\" src=\"https:\/\/www.escapadarural.com\/blog\/wp-content\/uploads\/2025\/10\/13_SantJoanAbadesses_El-Serradal_WP13-1024x683.webp\" alt=\"El Serradal, en Sant Joan de les Abadesses (Girona).\" class=\"wp-image-209884\" srcset=\"https:\/\/www.escapadarural.com\/blog\/wp-content\/uploads\/2025\/10\/13_SantJoanAbadesses_El-Serradal_WP13-200x133.webp 200w, https:\/\/www.escapadarural.com\/blog\/wp-content\/uploads\/2025\/10\/13_SantJoanAbadesses_El-Serradal_WP13-300x200.webp 300w, https:\/\/www.escapadarural.com\/blog\/wp-content\/uploads\/2025\/10\/13_SantJoanAbadesses_El-Serradal_WP13-400x267.webp 400w, https:\/\/www.escapadarural.com\/blog\/wp-content\/uploads\/2025\/10\/13_SantJoanAbadesses_El-Serradal_WP13-600x400.webp 600w, https:\/\/www.escapadarural.com\/blog\/wp-content\/uploads\/2025\/10\/13_SantJoanAbadesses_El-Serradal_WP13-768x512.webp 768w, https:\/\/www.escapadarural.com\/blog\/wp-content\/uploads\/2025\/10\/13_SantJoanAbadesses_El-Serradal_WP13-800x533.webp 800w, https:\/\/www.escapadarural.com\/blog\/wp-content\/uploads\/2025\/10\/13_SantJoanAbadesses_El-Serradal_WP13-1024x683.webp 1024w, https:\/\/www.escapadarural.com\/blog\/wp-content\/uploads\/2025\/10\/13_SantJoanAbadesses_El-Serradal_WP13.webp 1200w\" sizes=\"auto, (max-width: 1024px) 100vw, 1024px\" \/><figcaption class=\"wp-element-caption\">El Serradal, en Sant Joan de les Abadesses (Girona).<\/figcaption><\/figure>\n\n\n\n<p><a href=\"\/casa-rural\/girona\/el-serradal\">El Serradal:<\/a> casa rural <strong>para grupos de hasta 10-11 personas<\/strong>, situada a la orilla del r\u00edo y rodeada de bosque, con vistas directas a los Pirineos. Dispone de sal\u00f3n con chimenea, sala de juegos, terraza panor\u00e1mica, barbacoa y zona infantil, lo que la convierte en una opci\u00f3n excelente para escapadas colectivas en un entorno aut\u00e9nticamente natural.<\/p>\n\n\n\n<div class=\"wp-block-buttons is-layout-flex wp-block-buttons-is-layout-flex\">\n<div class=\"wp-block-button\"><a class=\"wp-block-button__link wp-element-button\" href=\"\/casa-rural\/girona\/el-serradal\">Reservar<\/a><\/div>\n<\/div>\n\n\n\n<h2 class=\"wp-block-heading\" id=\"5-informaci%C3%B3n-pr%C3%A1ctica-para-visitar-sant-joan-de-les-abadesses\">Informaci\u00f3n pr\u00e1ctica para visitar Sant Joan de les Abadesses<\/h2>\n\n\n\n<p><strong>C\u00f3mo llegar:<\/strong> la opci\u00f3n m\u00e1s c\u00f3moda es el <strong>coche<\/strong>. Desde Girona, accederemos por las carreteras C-17 y C-26. Es un trayecto de aproximadamente 70 kil\u00f3metros, con una duraci\u00f3n aproximada de una hora. Desde Barcelona, la distancia aproximada es de unos 150 kil\u00f3metros por la carretera C-17. Si optamos por el <strong>transporte p\u00fablico<\/strong>, podemos llegar en tren hasta Ripoll y posteriormente tomar un autob\u00fas local hasta Sant Joan de les Abadesses. Tambi\u00e9n hay l\u00ednea de autob\u00fas TEISA Girona-Ripoll con parada en el pueblo.<\/p>\n\n\n\n<p><strong>Cu\u00e1ndo ir:<\/strong> nuestra recomendaci\u00f3n es ir de mayo a octubre, cuando el clima es m\u00e1s suave y los bosques lucen su mejor color. Si somos de los que disfrutan cuando llega el fr\u00edo, en invierno el ambiente es m\u00e1s tranquilo y las monta\u00f1as cercanas se cubren de nieve, ofreciendo paisajes de aut\u00e9ntica postal invernal.<\/p>\n\n\n\n<p><strong>Duraci\u00f3n de la escapada:<\/strong> una estancia de dos o tres d\u00edas es lo ideal para descubrir con calma y en profundidad de Sant Joan de les Abadesses, ya que permite disfrutar tanto del patrimonio urbano del pueblo como de las rutas naturales de su entorno.<\/p>\n","protected":false},"excerpt":{"rendered":"<p>Sant Joan de les Abadesses, joya medieval del Ripoll\u00e8s, combina historia, naturaleza y leyendas entre monta\u00f1as de los Pirineos y el r\u00edo Ter<\/p>\n","protected":false},"author":85,"featured_media":209872,"comment_status":"open","ping_status":"open","sticky":false,"template":"","format":"standard","meta":{"_acf_changed":false,"om_disable_all_campaigns":false,"footnotes":""},"categories":[191],"tags":[5994,404,2159,419,711,212,4002,970,274],"class_list":["post-209153","post","type-post","status-publish","format-standard","has-post-thumbnail","hentry","category-destinos","tag-que-ver-en-cataluna","tag-que-ver-en-girona","tag-guias-de-viaje","tag-medieval","tag-pirineos","tag-pueblos","tag-ripolles","tag-sant-joan-de-les-abadesses","tag-turismo-rural"],"acf":[],"featured_image_src":"https:\/\/www.escapadarural.com\/blog\/wp-content\/uploads\/2025\/10\/00_SantJoanAbadesses_Puente_jahmaica_AdobeStock_40872416_WP01.webp","author_info":{"display_name":"Redacci\u00f3n ER","author_link":"https:\/\/www.escapadarural.com\/blog\/autor\/admin\/"},"yoast_head":"<!-- This site is optimized with the Yoast SEO plugin v27.5 - https:\/\/yoast.com\/product\/yoast-seo-wordpress\/ -->\n<title>Sant Joan de les Abadesses: historia, naturaleza y leyendas<\/title>\n<meta name=\"description\" content=\"Sant Joan de les Abadesses, joya medieval del Ripoll\u00e8s, combina historia, naturaleza y leyendas entre monta\u00f1as de los Pirineos y el r\u00edo Ter\" \/>\n<meta name=\"robots\" content=\"index, follow, max-snippet:-1, max-image-preview:large, max-video-preview:-1\" \/>\n<link rel=\"canonical\" href=\"https:\/\/www.escapadarural.com\/blog\/sant-joan-de-les-abadesses-que-ver-y-hacer\/\" \/>\n<meta property=\"og:locale\" content=\"es_ES\" \/>\n<meta property=\"og:type\" content=\"article\" \/>\n<meta property=\"og:title\" content=\"Sant Joan de les Abadesses: historia, naturaleza y leyendas\" \/>\n<meta property=\"og:description\" content=\"Sant Joan de les Abadesses, joya medieval del Ripoll\u00e8s, combina historia, naturaleza y leyendas entre monta\u00f1as de los Pirineos y el r\u00edo Ter\" \/>\n<meta property=\"og:url\" content=\"https:\/\/www.escapadarural.com\/blog\/sant-joan-de-les-abadesses-que-ver-y-hacer\/\" \/>\n<meta property=\"og:site_name\" content=\"Magazine de viajes de EscapadaRural\" \/>\n<meta property=\"article:publisher\" content=\"https:\/\/www.facebook.com\/escapadarural\" \/>\n<meta property=\"article:published_time\" content=\"2025-11-15T07:55:00+00:00\" \/>\n<meta property=\"article:modified_time\" content=\"2026-03-18T15:50:08+00:00\" \/>\n<meta property=\"og:image\" content=\"https:\/\/www.escapadarural.com\/blog\/wp-content\/uploads\/2025\/10\/00_SantJoanAbadesses_Puente_jahmaica_AdobeStock_40872416_WP01.webp?v=1773849011\" \/>\n\t<meta property=\"og:image:width\" content=\"1200\" \/>\n\t<meta property=\"og:image:height\" content=\"800\" \/>\n\t<meta property=\"og:image:type\" content=\"image\/webp\" \/>\n<meta name=\"author\" content=\"Redacci\u00f3n ER\" \/>\n<meta name=\"twitter:card\" content=\"summary_large_image\" \/>\n<meta name=\"twitter:label1\" content=\"Escrito por\" \/>\n\t<meta name=\"twitter:data1\" content=\"Redacci\u00f3n ER\" \/>\n\t<meta name=\"twitter:label2\" content=\"Tiempo de lectura\" \/>\n\t<meta name=\"twitter:data2\" content=\"9 minutos\" \/>\n<script type=\"application\/ld+json\" class=\"yoast-schema-graph\">{\"@context\":\"https:\\\/\\\/schema.org\",\"@graph\":[{\"@type\":\"Article\",\"@id\":\"https:\\\/\\\/www.escapadarural.com\\\/blog\\\/sant-joan-de-les-abadesses-que-ver-y-hacer\\\/#article\",\"isPartOf\":{\"@id\":\"https:\\\/\\\/www.escapadarural.com\\\/blog\\\/sant-joan-de-les-abadesses-que-ver-y-hacer\\\/\"},\"author\":{\"name\":\"Redacci\u00f3n ER\",\"@id\":\"https:\\\/\\\/www.escapadarural.com\\\/blog\\\/#\\\/schema\\\/person\\\/bd5b0d7ad308a0bf4efed73e8308b4fa\"},\"headline\":\"Sant Joan de les Abadesses: el pueblo medieval del Pirineo mejor conservado de Catalu\u00f1a\",\"datePublished\":\"2025-11-15T07:55:00+00:00\",\"dateModified\":\"2026-03-18T15:50:08+00:00\",\"mainEntityOfPage\":{\"@id\":\"https:\\\/\\\/www.escapadarural.com\\\/blog\\\/sant-joan-de-les-abadesses-que-ver-y-hacer\\\/\"},\"wordCount\":1901,\"commentCount\":0,\"publisher\":{\"@id\":\"https:\\\/\\\/www.escapadarural.com\\\/blog\\\/#organization\"},\"image\":{\"@id\":\"https:\\\/\\\/www.escapadarural.com\\\/blog\\\/sant-joan-de-les-abadesses-que-ver-y-hacer\\\/#primaryimage\"},\"thumbnailUrl\":\"https:\\\/\\\/www.escapadarural.com\\\/blog\\\/wp-content\\\/uploads\\\/2025\\\/10\\\/00_SantJoanAbadesses_Puente_jahmaica_AdobeStock_40872416_WP01.webp\",\"keywords\":[\"Catalu\u00f1a\",\"Girona\",\"Gu\u00edas de Viaje\",\"Medieval\",\"Pirineos\",\"pueblos\",\"Ripoll\u00e8s\",\"Sant Joan de les Abadesses\",\"turismo rural\"],\"articleSection\":[\"Destinos\"],\"inLanguage\":\"es\",\"potentialAction\":[{\"@type\":\"CommentAction\",\"name\":\"Comment\",\"target\":[\"https:\\\/\\\/www.escapadarural.com\\\/blog\\\/sant-joan-de-les-abadesses-que-ver-y-hacer\\\/#respond\"]}]},{\"@type\":\"WebPage\",\"@id\":\"https:\\\/\\\/www.escapadarural.com\\\/blog\\\/sant-joan-de-les-abadesses-que-ver-y-hacer\\\/\",\"url\":\"https:\\\/\\\/www.escapadarural.com\\\/blog\\\/sant-joan-de-les-abadesses-que-ver-y-hacer\\\/\",\"name\":\"Sant Joan de les Abadesses: historia, naturaleza y leyendas\",\"isPartOf\":{\"@id\":\"https:\\\/\\\/www.escapadarural.com\\\/blog\\\/#website\"},\"primaryImageOfPage\":{\"@id\":\"https:\\\/\\\/www.escapadarural.com\\\/blog\\\/sant-joan-de-les-abadesses-que-ver-y-hacer\\\/#primaryimage\"},\"image\":{\"@id\":\"https:\\\/\\\/www.escapadarural.com\\\/blog\\\/sant-joan-de-les-abadesses-que-ver-y-hacer\\\/#primaryimage\"},\"thumbnailUrl\":\"https:\\\/\\\/www.escapadarural.com\\\/blog\\\/wp-content\\\/uploads\\\/2025\\\/10\\\/00_SantJoanAbadesses_Puente_jahmaica_AdobeStock_40872416_WP01.webp\",\"datePublished\":\"2025-11-15T07:55:00+00:00\",\"dateModified\":\"2026-03-18T15:50:08+00:00\",\"description\":\"Sant Joan de les Abadesses, joya medieval del Ripoll\u00e8s, combina historia, naturaleza y leyendas entre monta\u00f1as de los Pirineos y el r\u00edo Ter\",\"breadcrumb\":{\"@id\":\"https:\\\/\\\/www.escapadarural.com\\\/blog\\\/sant-joan-de-les-abadesses-que-ver-y-hacer\\\/#breadcrumb\"},\"inLanguage\":\"es\",\"potentialAction\":[{\"@type\":\"ReadAction\",\"target\":[\"https:\\\/\\\/www.escapadarural.com\\\/blog\\\/sant-joan-de-les-abadesses-que-ver-y-hacer\\\/\"]}]},{\"@type\":\"ImageObject\",\"inLanguage\":\"es\",\"@id\":\"https:\\\/\\\/www.escapadarural.com\\\/blog\\\/sant-joan-de-les-abadesses-que-ver-y-hacer\\\/#primaryimage\",\"url\":\"https:\\\/\\\/www.escapadarural.com\\\/blog\\\/wp-content\\\/uploads\\\/2025\\\/10\\\/00_SantJoanAbadesses_Puente_jahmaica_AdobeStock_40872416_WP01.webp\",\"contentUrl\":\"https:\\\/\\\/www.escapadarural.com\\\/blog\\\/wp-content\\\/uploads\\\/2025\\\/10\\\/00_SantJoanAbadesses_Puente_jahmaica_AdobeStock_40872416_WP01.webp\",\"width\":1200,\"height\":800,\"caption\":\"El puente Viejo de san Joan de les Abadesses (Girona), con la silueta del pueblo al fondo. Por jahmaica.\"},{\"@type\":\"BreadcrumbList\",\"@id\":\"https:\\\/\\\/www.escapadarural.com\\\/blog\\\/sant-joan-de-les-abadesses-que-ver-y-hacer\\\/#breadcrumb\",\"itemListElement\":[{\"@type\":\"ListItem\",\"position\":1,\"name\":\"Inicio\",\"item\":\"https:\\\/\\\/www.escapadarural.com\\\/blog\\\/\"},{\"@type\":\"ListItem\",\"position\":2,\"name\":\"Destinos\",\"item\":\"https:\\\/\\\/www.escapadarural.com\\\/blog\\\/categoria\\\/destinos\\\/\"},{\"@type\":\"ListItem\",\"position\":3,\"name\":\"Sant Joan de les Abadesses: el pueblo medieval del Pirineo mejor conservado de Catalu\u00f1a\"}]},{\"@type\":\"WebSite\",\"@id\":\"https:\\\/\\\/www.escapadarural.com\\\/blog\\\/#website\",\"url\":\"https:\\\/\\\/www.escapadarural.com\\\/blog\\\/\",\"name\":\"Blog de viajes | turismo rural, alojamientos e inspiraci\u00f3n\",\"description\":\"Alojamientos rurales e inspiraci\u00f3n para tus escapadas\",\"publisher\":{\"@id\":\"https:\\\/\\\/www.escapadarural.com\\\/blog\\\/#organization\"},\"alternateName\":\"Magazine de viajes de EscapadaRural\",\"potentialAction\":[{\"@type\":\"SearchAction\",\"target\":{\"@type\":\"EntryPoint\",\"urlTemplate\":\"https:\\\/\\\/www.escapadarural.com\\\/blog\\\/?s={search_term_string}\"},\"query-input\":{\"@type\":\"PropertyValueSpecification\",\"valueRequired\":true,\"valueName\":\"search_term_string\"}}],\"inLanguage\":\"es\"},{\"@type\":\"Organization\",\"@id\":\"https:\\\/\\\/www.escapadarural.com\\\/blog\\\/#organization\",\"name\":\"EscapadaRural\",\"url\":\"https:\\\/\\\/www.escapadarural.com\\\/blog\\\/\",\"logo\":{\"@type\":\"ImageObject\",\"inLanguage\":\"es\",\"@id\":\"https:\\\/\\\/www.escapadarural.com\\\/blog\\\/#\\\/schema\\\/logo\\\/image\\\/\",\"url\":\"https:\\\/\\\/www.escapadarural.com\\\/blog\\\/wp-content\\\/uploads\\\/2024\\\/10\\\/cropped-cropped-escapada-rural-icon-mag-3.png\",\"contentUrl\":\"https:\\\/\\\/www.escapadarural.com\\\/blog\\\/wp-content\\\/uploads\\\/2024\\\/10\\\/cropped-cropped-escapada-rural-icon-mag-3.png\",\"width\":512,\"height\":512,\"caption\":\"EscapadaRural\"},\"image\":{\"@id\":\"https:\\\/\\\/www.escapadarural.com\\\/blog\\\/#\\\/schema\\\/logo\\\/image\\\/\"},\"sameAs\":[\"https:\\\/\\\/www.facebook.com\\\/escapadarural\",\"https:\\\/\\\/www.instagram.com\\\/escapadarural\\\/\",\"https:\\\/\\\/www.youtube.com\\\/@escapadaruralcom\"]},{\"@type\":\"Person\",\"@id\":\"https:\\\/\\\/www.escapadarural.com\\\/blog\\\/#\\\/schema\\\/person\\\/bd5b0d7ad308a0bf4efed73e8308b4fa\",\"name\":\"Redacci\u00f3n ER\",\"image\":{\"@type\":\"ImageObject\",\"inLanguage\":\"es\",\"@id\":\"https:\\\/\\\/www.escapadarural.com\\\/blog\\\/wp-content\\\/uploads\\\/2024\\\/10\\\/cropped-cropped-escapada-rural-icon-mag-3-96x96.png\",\"url\":\"https:\\\/\\\/www.escapadarural.com\\\/blog\\\/wp-content\\\/uploads\\\/2024\\\/10\\\/cropped-cropped-escapada-rural-icon-mag-3-96x96.png\",\"contentUrl\":\"https:\\\/\\\/www.escapadarural.com\\\/blog\\\/wp-content\\\/uploads\\\/2024\\\/10\\\/cropped-cropped-escapada-rural-icon-mag-3-96x96.png\",\"caption\":\"Redacci\u00f3n ER\"},\"description\":\"Nos encanta inspirar a viajeros y ayudar a los propietarios con nuestros contenidos\",\"url\":\"https:\\\/\\\/www.escapadarural.com\\\/blog\\\/autor\\\/admin\\\/\"}]}<\/script>\n<!-- \/ Yoast SEO plugin. -->","yoast_head_json":{"title":"Sant Joan de les Abadesses: historia, naturaleza y leyendas","description":"Sant Joan de les Abadesses, joya medieval del Ripoll\u00e8s, combina historia, naturaleza y leyendas entre monta\u00f1as de los Pirineos y el r\u00edo Ter","robots":{"index":"index","follow":"follow","max-snippet":"max-snippet:-1","max-image-preview":"max-image-preview:large","max-video-preview":"max-video-preview:-1"},"canonical":"https:\/\/www.escapadarural.com\/blog\/sant-joan-de-les-abadesses-que-ver-y-hacer\/","og_locale":"es_ES","og_type":"article","og_title":"Sant Joan de les Abadesses: historia, naturaleza y leyendas","og_description":"Sant Joan de les Abadesses, joya medieval del Ripoll\u00e8s, combina historia, naturaleza y leyendas entre monta\u00f1as de los Pirineos y el r\u00edo Ter","og_url":"https:\/\/www.escapadarural.com\/blog\/sant-joan-de-les-abadesses-que-ver-y-hacer\/","og_site_name":"Magazine de viajes de EscapadaRural","article_publisher":"https:\/\/www.facebook.com\/escapadarural","article_published_time":"2025-11-15T07:55:00+00:00","article_modified_time":"2026-03-18T15:50:08+00:00","og_image":[{"width":1200,"height":800,"url":"https:\/\/www.escapadarural.com\/blog\/wp-content\/uploads\/2025\/10\/00_SantJoanAbadesses_Puente_jahmaica_AdobeStock_40872416_WP01.webp?v=1773849011","type":"image\/webp"}],"author":"Redacci\u00f3n ER","twitter_card":"summary_large_image","twitter_misc":{"Escrito por":"Redacci\u00f3n ER","Tiempo de lectura":"9 minutos"},"schema":{"@context":"https:\/\/schema.org","@graph":[{"@type":"Article","@id":"https:\/\/www.escapadarural.com\/blog\/sant-joan-de-les-abadesses-que-ver-y-hacer\/#article","isPartOf":{"@id":"https:\/\/www.escapadarural.com\/blog\/sant-joan-de-les-abadesses-que-ver-y-hacer\/"},"author":{"name":"Redacci\u00f3n ER","@id":"https:\/\/www.escapadarural.com\/blog\/#\/schema\/person\/bd5b0d7ad308a0bf4efed73e8308b4fa"},"headline":"Sant Joan de les Abadesses: el pueblo medieval del Pirineo mejor conservado de Catalu\u00f1a","datePublished":"2025-11-15T07:55:00+00:00","dateModified":"2026-03-18T15:50:08+00:00","mainEntityOfPage":{"@id":"https:\/\/www.escapadarural.com\/blog\/sant-joan-de-les-abadesses-que-ver-y-hacer\/"},"wordCount":1901,"commentCount":0,"publisher":{"@id":"https:\/\/www.escapadarural.com\/blog\/#organization"},"image":{"@id":"https:\/\/www.escapadarural.com\/blog\/sant-joan-de-les-abadesses-que-ver-y-hacer\/#primaryimage"},"thumbnailUrl":"https:\/\/www.escapadarural.com\/blog\/wp-content\/uploads\/2025\/10\/00_SantJoanAbadesses_Puente_jahmaica_AdobeStock_40872416_WP01.webp","keywords":["Catalu\u00f1a","Girona","Gu\u00edas de Viaje","Medieval","Pirineos","pueblos","Ripoll\u00e8s","Sant Joan de les Abadesses","turismo rural"],"articleSection":["Destinos"],"inLanguage":"es","potentialAction":[{"@type":"CommentAction","name":"Comment","target":["https:\/\/www.escapadarural.com\/blog\/sant-joan-de-les-abadesses-que-ver-y-hacer\/#respond"]}]},{"@type":"WebPage","@id":"https:\/\/www.escapadarural.com\/blog\/sant-joan-de-les-abadesses-que-ver-y-hacer\/","url":"https:\/\/www.escapadarural.com\/blog\/sant-joan-de-les-abadesses-que-ver-y-hacer\/","name":"Sant Joan de les Abadesses: historia, naturaleza y leyendas","isPartOf":{"@id":"https:\/\/www.escapadarural.com\/blog\/#website"},"primaryImageOfPage":{"@id":"https:\/\/www.escapadarural.com\/blog\/sant-joan-de-les-abadesses-que-ver-y-hacer\/#primaryimage"},"image":{"@id":"https:\/\/www.escapadarural.com\/blog\/sant-joan-de-les-abadesses-que-ver-y-hacer\/#primaryimage"},"thumbnailUrl":"https:\/\/www.escapadarural.com\/blog\/wp-content\/uploads\/2025\/10\/00_SantJoanAbadesses_Puente_jahmaica_AdobeStock_40872416_WP01.webp","datePublished":"2025-11-15T07:55:00+00:00","dateModified":"2026-03-18T15:50:08+00:00","description":"Sant Joan de les Abadesses, joya medieval del Ripoll\u00e8s, combina historia, naturaleza y leyendas entre monta\u00f1as de los Pirineos y el r\u00edo Ter","breadcrumb":{"@id":"https:\/\/www.escapadarural.com\/blog\/sant-joan-de-les-abadesses-que-ver-y-hacer\/#breadcrumb"},"inLanguage":"es","potentialAction":[{"@type":"ReadAction","target":["https:\/\/www.escapadarural.com\/blog\/sant-joan-de-les-abadesses-que-ver-y-hacer\/"]}]},{"@type":"ImageObject","inLanguage":"es","@id":"https:\/\/www.escapadarural.com\/blog\/sant-joan-de-les-abadesses-que-ver-y-hacer\/#primaryimage","url":"https:\/\/www.escapadarural.com\/blog\/wp-content\/uploads\/2025\/10\/00_SantJoanAbadesses_Puente_jahmaica_AdobeStock_40872416_WP01.webp","contentUrl":"https:\/\/www.escapadarural.com\/blog\/wp-content\/uploads\/2025\/10\/00_SantJoanAbadesses_Puente_jahmaica_AdobeStock_40872416_WP01.webp","width":1200,"height":800,"caption":"El puente Viejo de san Joan de les Abadesses (Girona), con la silueta del pueblo al fondo. Por jahmaica."},{"@type":"BreadcrumbList","@id":"https:\/\/www.escapadarural.com\/blog\/sant-joan-de-les-abadesses-que-ver-y-hacer\/#breadcrumb","itemListElement":[{"@type":"ListItem","position":1,"name":"Inicio","item":"https:\/\/www.escapadarural.com\/blog\/"},{"@type":"ListItem","position":2,"name":"Destinos","item":"https:\/\/www.escapadarural.com\/blog\/categoria\/destinos\/"},{"@type":"ListItem","position":3,"name":"Sant Joan de les Abadesses: el pueblo medieval del Pirineo mejor conservado de Catalu\u00f1a"}]},{"@type":"WebSite","@id":"https:\/\/www.escapadarural.com\/blog\/#website","url":"https:\/\/www.escapadarural.com\/blog\/","name":"Blog de viajes | turismo rural, alojamientos e inspiraci\u00f3n","description":"Alojamientos rurales e inspiraci\u00f3n para tus escapadas","publisher":{"@id":"https:\/\/www.escapadarural.com\/blog\/#organization"},"alternateName":"Magazine de viajes de EscapadaRural","potentialAction":[{"@type":"SearchAction","target":{"@type":"EntryPoint","urlTemplate":"https:\/\/www.escapadarural.com\/blog\/?s={search_term_string}"},"query-input":{"@type":"PropertyValueSpecification","valueRequired":true,"valueName":"search_term_string"}}],"inLanguage":"es"},{"@type":"Organization","@id":"https:\/\/www.escapadarural.com\/blog\/#organization","name":"EscapadaRural","url":"https:\/\/www.escapadarural.com\/blog\/","logo":{"@type":"ImageObject","inLanguage":"es","@id":"https:\/\/www.escapadarural.com\/blog\/#\/schema\/logo\/image\/","url":"https:\/\/www.escapadarural.com\/blog\/wp-content\/uploads\/2024\/10\/cropped-cropped-escapada-rural-icon-mag-3.png","contentUrl":"https:\/\/www.escapadarural.com\/blog\/wp-content\/uploads\/2024\/10\/cropped-cropped-escapada-rural-icon-mag-3.png","width":512,"height":512,"caption":"EscapadaRural"},"image":{"@id":"https:\/\/www.escapadarural.com\/blog\/#\/schema\/logo\/image\/"},"sameAs":["https:\/\/www.facebook.com\/escapadarural","https:\/\/www.instagram.com\/escapadarural\/","https:\/\/www.youtube.com\/@escapadaruralcom"]},{"@type":"Person","@id":"https:\/\/www.escapadarural.com\/blog\/#\/schema\/person\/bd5b0d7ad308a0bf4efed73e8308b4fa","name":"Redacci\u00f3n ER","image":{"@type":"ImageObject","inLanguage":"es","@id":"https:\/\/www.escapadarural.com\/blog\/wp-content\/uploads\/2024\/10\/cropped-cropped-escapada-rural-icon-mag-3-96x96.png","url":"https:\/\/www.escapadarural.com\/blog\/wp-content\/uploads\/2024\/10\/cropped-cropped-escapada-rural-icon-mag-3-96x96.png","contentUrl":"https:\/\/www.escapadarural.com\/blog\/wp-content\/uploads\/2024\/10\/cropped-cropped-escapada-rural-icon-mag-3-96x96.png","caption":"Redacci\u00f3n ER"},"description":"Nos encanta inspirar a viajeros y ayudar a los propietarios con nuestros contenidos","url":"https:\/\/www.escapadarural.com\/blog\/autor\/admin\/"}]}},"_links":{"self":[{"href":"https:\/\/www.escapadarural.com\/blog\/wp-json\/wp\/v2\/posts\/209153","targetHints":{"allow":["GET"]}}],"collection":[{"href":"https:\/\/www.escapadarural.com\/blog\/wp-json\/wp\/v2\/posts"}],"about":[{"href":"https:\/\/www.escapadarural.com\/blog\/wp-json\/wp\/v2\/types\/post"}],"author":[{"embeddable":true,"href":"https:\/\/www.escapadarural.com\/blog\/wp-json\/wp\/v2\/users\/85"}],"replies":[{"embeddable":true,"href":"https:\/\/www.escapadarural.com\/blog\/wp-json\/wp\/v2\/comments?post=209153"}],"version-history":[{"count":0,"href":"https:\/\/www.escapadarural.com\/blog\/wp-json\/wp\/v2\/posts\/209153\/revisions"}],"wp:featuredmedia":[{"embeddable":true,"href":"https:\/\/www.escapadarural.com\/blog\/wp-json\/wp\/v2\/media\/209872"}],"wp:attachment":[{"href":"https:\/\/www.escapadarural.com\/blog\/wp-json\/wp\/v2\/media?parent=209153"}],"wp:term":[{"taxonomy":"category","embeddable":true,"href":"https:\/\/www.escapadarural.com\/blog\/wp-json\/wp\/v2\/categories?post=209153"},{"taxonomy":"post_tag","embeddable":true,"href":"https:\/\/www.escapadarural.com\/blog\/wp-json\/wp\/v2\/tags?post=209153"}],"curies":[{"name":"wp","href":"https:\/\/api.w.org\/{rel}","templated":true}]}}