{"id":209169,"date":"2025-10-19T08:57:07","date_gmt":"2025-10-19T06:57:07","guid":{"rendered":"https:\/\/www.escapadarural.com\/blog\/?p=209169"},"modified":"2026-03-19T16:24:05","modified_gmt":"2026-03-19T15:24:05","slug":"paisajes-y-horizontes-en-barcelona","status":"publish","type":"post","link":"https:\/\/www.escapadarural.com\/blog\/paisajes-y-horizontes-en-barcelona\/","title":{"rendered":"Paisajes y horizontes que debes ver en la provincia de Barcelona"},"content":{"rendered":"\n<p>Hay paisajes que se quedan en la retina y en la memoria para siempre. Por la <strong>espectacularidad de la naturaleza<\/strong>, por la historia que cuentan, por la cultura que transmiten. La provincia de Barcelona es un territorio ondulado, con cimas que sobresalen y que sirven de vig\u00edas.<\/p>\n\n\n\n<p>Son un espect\u00e1culo desde abajo, desde sus faldas, y las panor\u00e1micas que brindan desde sus alturas, abriendo un horizonte que parece infinito. Te invitamos a conocer unos <strong>enclaves <\/strong>que no olvidar\u00e1s, con perspectivas que conectan con la naturaleza y con mucho que contar.<\/p>\n\n\n\n<div class=\"wp-block-buttons is-layout-flex wp-block-buttons-is-layout-flex\">\n<div class=\"wp-block-button\"><a class=\"wp-block-button__link wp-element-button\" href=\"\/casas-rurales\/anoia\">Alojamientos en Anoia<\/a><\/div>\n<\/div>\n\n\n\n<div class=\"wp-block-buttons is-layout-flex wp-block-buttons-is-layout-flex\">\n<div class=\"wp-block-button\"><a class=\"wp-block-button__link wp-element-button\" href=\"\/casas-rurales\/el-bages\">Alojamientos en Bages<\/a><\/div>\n<\/div>\n\n\n\n<div class=\"wp-block-buttons is-layout-flex wp-block-buttons-is-layout-flex\">\n<div class=\"wp-block-button\"><a class=\"wp-block-button__link wp-element-button\" href=\"\/casas-rurales\/el-moianes\">Alojamientos en Moian\u00e8s<\/a><\/div>\n<\/div>\n\n\n\n<div class=\"wp-block-buttons is-layout-flex wp-block-buttons-is-layout-flex\">\n<div class=\"wp-block-button\"><a class=\"wp-block-button__link wp-element-button\" href=\"\/casas-rurales\/osona\">Alojamientos en Osona<\/a><\/div>\n<\/div>\n\n\n\n<h2 class=\"wp-block-heading\" id=\"h-la-magia-de-montserrat-desde-sant-jeroni\"><strong>La magia de Montserrat, desde Sant Jeroni<\/strong><\/h2>\n\n\n\n<figure class=\"wp-block-image size-large\"><img loading=\"lazy\" decoding=\"async\" width=\"1024\" height=\"683\" src=\"https:\/\/www.escapadarural.com\/blog\/wp-content\/uploads\/2025\/10\/Montserrat-1024x683.webp\" alt=\"Monta\u00f1a de Montserrat, Bages, Barcelona\" class=\"wp-image-209406\" srcset=\"https:\/\/www.escapadarural.com\/blog\/wp-content\/uploads\/2025\/10\/Montserrat-200x133.webp 200w, https:\/\/www.escapadarural.com\/blog\/wp-content\/uploads\/2025\/10\/Montserrat-300x200.webp 300w, https:\/\/www.escapadarural.com\/blog\/wp-content\/uploads\/2025\/10\/Montserrat-400x267.webp 400w, https:\/\/www.escapadarural.com\/blog\/wp-content\/uploads\/2025\/10\/Montserrat-600x400.webp 600w, https:\/\/www.escapadarural.com\/blog\/wp-content\/uploads\/2025\/10\/Montserrat-768x512.webp 768w, https:\/\/www.escapadarural.com\/blog\/wp-content\/uploads\/2025\/10\/Montserrat-800x533.webp 800w, https:\/\/www.escapadarural.com\/blog\/wp-content\/uploads\/2025\/10\/Montserrat-1024x683.webp 1024w, https:\/\/www.escapadarural.com\/blog\/wp-content\/uploads\/2025\/10\/Montserrat.webp 1200w\" sizes=\"auto, (max-width: 1024px) 100vw, 1024px\" \/><figcaption class=\"wp-element-caption\">Montserrat. Por: Sergi_Boixader<\/figcaption><\/figure>\n\n\n\n<p>El Parque Natural de la Serra de Montserrat es una monta\u00f1a m\u00e1gica con unas agujas que dibujan un perfil peculiar reconocible a kil\u00f3metros de distancia. La leyenda cuenta que hace m\u00e1s de mil a\u00f1os unos pastores hallaron a la Moreneta, la <strong>Virgen de Montserrat<\/strong>, en una cueva, lo que ha hecho que sea un destino de peregrinaci\u00f3n global. <\/p>\n\n\n\n<p>Pero tambi\u00e9n tiene un halo espiritual para los no creyentes, para los <strong>amantes de la naturaleza<\/strong>, ya que es un templo para los escaladores y para los senderistas por la gran diversidad de v\u00edas, caminos y paisajes que presenta en tan poco espacio.<\/p>\n\n\n\n<figure class=\"wp-block-image size-large\"><img loading=\"lazy\" decoding=\"async\" width=\"1024\" height=\"683\" src=\"https:\/\/www.escapadarural.com\/blog\/wp-content\/uploads\/2025\/10\/Cueva-de-San-Ignacio-1024x683.webp\" alt=\"Cueva de San Ignacio, Manresa.\" class=\"wp-image-209414\" srcset=\"https:\/\/www.escapadarural.com\/blog\/wp-content\/uploads\/2025\/10\/Cueva-de-San-Ignacio-200x133.webp 200w, https:\/\/www.escapadarural.com\/blog\/wp-content\/uploads\/2025\/10\/Cueva-de-San-Ignacio-300x200.webp 300w, https:\/\/www.escapadarural.com\/blog\/wp-content\/uploads\/2025\/10\/Cueva-de-San-Ignacio-400x267.webp 400w, https:\/\/www.escapadarural.com\/blog\/wp-content\/uploads\/2025\/10\/Cueva-de-San-Ignacio-600x400.webp 600w, https:\/\/www.escapadarural.com\/blog\/wp-content\/uploads\/2025\/10\/Cueva-de-San-Ignacio-768x512.webp 768w, https:\/\/www.escapadarural.com\/blog\/wp-content\/uploads\/2025\/10\/Cueva-de-San-Ignacio-800x533.webp 800w, https:\/\/www.escapadarural.com\/blog\/wp-content\/uploads\/2025\/10\/Cueva-de-San-Ignacio-1024x683.webp 1024w, https:\/\/www.escapadarural.com\/blog\/wp-content\/uploads\/2025\/10\/Cueva-de-San-Ignacio.webp 1200w\" sizes=\"auto, (max-width: 1024px) 100vw, 1024px\" \/><figcaption class=\"wp-element-caption\">Cova de Sant Ignasi. Por: IV\u00c1N VIEITO GARC\u00cdA<\/figcaption><\/figure>\n\n\n\n<p>Por toda la monta\u00f1a se reparten m\u00e1s de una decena de <strong>ermitas <\/strong>entre las que destaca la de Sant Jeroni, que es de las m\u00e1s lejanas al monasterio y que est\u00e1 a los pies del punto m\u00e1s alto de la sierra, una cima del mismo nombre de 1.236 metros. Desde lo alto, se obtiene una panor\u00e1mica incre\u00edble de 360 grados de la sierra.<\/p>\n\n\n\n<p>Adem\u00e1s, por Montserrat pasan tres <strong>rutas de<\/strong> <strong>peregrinaje hist\u00f3ricas<\/strong>: el Camino de Santiago Catal\u00e1n, que enlaza con el Franc\u00e9s en Logro\u00f1o; el <strong>Cam\u00ed Oliba<\/strong>, de arte rom\u00e1nico y que usa como hilo conductor al obispo y abad Oliba; y el Cam\u00ed Ignasi\u00e0, que sigue los pasos que hizo el caballero Ignacio de Loiola desde el Pa\u00eds Vasco hasta la Cova de Sant Ignasi, en Manresa.<\/p>\n\n\n\n<h2 class=\"wp-block-heading\" id=\"h-el-santuari-de-bellmunt-un-secreto-de-osona\"><strong>El Santuari de Bellmunt, un secreto de Osona<\/strong><\/h2>\n\n\n\n<figure class=\"wp-block-image size-large\"><img loading=\"lazy\" decoding=\"async\" width=\"1024\" height=\"683\" src=\"https:\/\/www.escapadarural.com\/blog\/wp-content\/uploads\/2025\/10\/Santuari-de-Bellmunt-1024x683.webp\" alt=\"Santuari de Bellmunt. Osona, Barcelona\" class=\"wp-image-209407\" srcset=\"https:\/\/www.escapadarural.com\/blog\/wp-content\/uploads\/2025\/10\/Santuari-de-Bellmunt-200x133.webp 200w, https:\/\/www.escapadarural.com\/blog\/wp-content\/uploads\/2025\/10\/Santuari-de-Bellmunt-300x200.webp 300w, https:\/\/www.escapadarural.com\/blog\/wp-content\/uploads\/2025\/10\/Santuari-de-Bellmunt-400x267.webp 400w, https:\/\/www.escapadarural.com\/blog\/wp-content\/uploads\/2025\/10\/Santuari-de-Bellmunt-600x400.webp 600w, https:\/\/www.escapadarural.com\/blog\/wp-content\/uploads\/2025\/10\/Santuari-de-Bellmunt-768x512.webp 768w, https:\/\/www.escapadarural.com\/blog\/wp-content\/uploads\/2025\/10\/Santuari-de-Bellmunt-800x533.webp 800w, https:\/\/www.escapadarural.com\/blog\/wp-content\/uploads\/2025\/10\/Santuari-de-Bellmunt-1024x683.webp 1024w, https:\/\/www.escapadarural.com\/blog\/wp-content\/uploads\/2025\/10\/Santuari-de-Bellmunt.webp 1200w\" sizes=\"auto, (max-width: 1024px) 100vw, 1024px\" \/><figcaption class=\"wp-element-caption\">Santuario de Bellmunt. Por: Viajarruteando<\/figcaption><\/figure>\n\n\n\n<p>Un rinc\u00f3n bastante desconocido de la comarca de Osona es el Santuari de Bellmunt. Est\u00e1 en <strong>Sant Pere de Torell\u00f3<\/strong>, o mejor dicho, en su t\u00e9rmino municipal, ya que hay que adentrarse en la monta\u00f1a para llegar hasta \u00e9l. Se puede ir en transporte p\u00fablico hasta Sant Quirze de Besora y seguir un bonito camino a pie por el <strong>Sender Central de Catalunya<\/strong> (GR-3, 10km y 650m de desnivel) o desde Sant<strong> <\/strong>Pere por el<strong> Cam\u00ed Oliba<\/strong> (GR-151, 6km y 630m de desnivel). Quienes suban en coche, deben dejarlo en una zona de parking que hay a 5 minutos del edificio.<\/p>\n\n\n\n<p>Al llegar, embarga una sensaci\u00f3n de descubrimiento y de querer compartir con personas especiales tan bonito lugar. A 1.246 metros de altitud, el templo est\u00e1 construido directamente sobre la roca donde antes se erig\u00eda el <strong>Castell de Sa Reganyada<\/strong>. Es un mirador excepcional de la Plana de Vic, los Pirineos y la Vall del Ges i el Bisaura. En d\u00edas claros, se puede llegar a ver incluso la inconfundible silueta de Montserrat.<\/p>\n\n\n\n<p>Hoy el Santuari de Bellmunt es un icono paisaj\u00edstico, cultural y espiritual con servicio de alojamiento y restaurante. El entorno es muy especial para practicar senderismo por parajes de gran belleza natural como hayedos.<\/p>\n\n\n\n<h2 class=\"wp-block-heading\" id=\"h-les-coves-del-toll-la-prehistoria-bajo-tierra-en-el-moianes\"><strong>Les Coves del Toll, la prehistoria bajo tierra en el Moian\u00e8s<\/strong><\/h2>\n\n\n\n<figure class=\"wp-block-image size-large\"><img loading=\"lazy\" decoding=\"async\" width=\"1024\" height=\"683\" src=\"https:\/\/www.escapadarural.com\/blog\/wp-content\/uploads\/2025\/10\/coves-del-toll-moiag-1024x683.webp\" alt=\"Coves del Toll. Moian\u00e8s, Barcelona\" class=\"wp-image-209408\" srcset=\"https:\/\/www.escapadarural.com\/blog\/wp-content\/uploads\/2025\/10\/coves-del-toll-moiag-200x133.webp 200w, https:\/\/www.escapadarural.com\/blog\/wp-content\/uploads\/2025\/10\/coves-del-toll-moiag-300x200.webp 300w, https:\/\/www.escapadarural.com\/blog\/wp-content\/uploads\/2025\/10\/coves-del-toll-moiag-400x267.webp 400w, https:\/\/www.escapadarural.com\/blog\/wp-content\/uploads\/2025\/10\/coves-del-toll-moiag-600x400.webp 600w, https:\/\/www.escapadarural.com\/blog\/wp-content\/uploads\/2025\/10\/coves-del-toll-moiag-768x512.webp 768w, https:\/\/www.escapadarural.com\/blog\/wp-content\/uploads\/2025\/10\/coves-del-toll-moiag-800x533.webp 800w, https:\/\/www.escapadarural.com\/blog\/wp-content\/uploads\/2025\/10\/coves-del-toll-moiag-1024x683.webp 1024w, https:\/\/www.escapadarural.com\/blog\/wp-content\/uploads\/2025\/10\/coves-del-toll-moiag.webp 1200w\" sizes=\"auto, (max-width: 1024px) 100vw, 1024px\" \/><figcaption class=\"wp-element-caption\">Coves del Toll. Por: Moian\u00e8s Turisme<\/figcaption><\/figure>\n\n\n\n<p>Las profundidades de la tierra explican muchas cosas en la comarca del Moian\u00e8s. Les Coves del Toll son uno de los referentes m\u00e1s importantes de la Prehistoria en toda Catalu\u00f1a y unas formaciones geol\u00f3gicas fascinantes. <\/p>\n\n\n\n<p>Es parte de un complejo de <strong>cavernas <\/strong>de 2 kil\u00f3metros de recorrido, de los cuales son visitables 158 metros, en las que habitaron personas hace 100.000 a\u00f1os. El conjunto tiene una infraestructura de acogida y gu\u00eda con posibilidad de asistir a actividades preparadas por monitores especializados. <\/p>\n\n\n\n<p>Adem\u00e1s del Parque Prehist\u00f3rico de Les Coves del Toll, merece la pena visitar el<strong> Museu Arqueol\u00f2gic <\/strong>i<strong> Paleontol\u00f2gic <\/strong>de Moi\u00e0, donde est\u00e1 la mayor\u00eda de los restos hallados en el entorno: <strong>f\u00f3siles <\/strong>de organismos marinos que habitaron hace 38 millones de a\u00f1os, explicaciones sobre la fauna del Cuaternario, rastros de vida humana a trav\u00e9s de objetos de la \u00e9poca, restos funerarios de personas, etc.<\/p>\n\n\n\n<h2 class=\"wp-block-heading\" id=\"h-anoia-la-tierra-de-los-castillos-de-barcelona\"><strong>Anoia, la Tierra de los Castillos de Barcelona<\/strong><\/h2>\n\n\n\n<figure class=\"wp-block-image size-large\"><img loading=\"lazy\" decoding=\"async\" width=\"1024\" height=\"683\" src=\"https:\/\/www.escapadarural.com\/blog\/wp-content\/uploads\/2025\/10\/La-Tossa-de-Montbui2-1024x683.webp\" alt=\"La Tossa de Montbui, Anoia - Barcelona\" class=\"wp-image-209409\" srcset=\"https:\/\/www.escapadarural.com\/blog\/wp-content\/uploads\/2025\/10\/La-Tossa-de-Montbui2-200x133.webp 200w, https:\/\/www.escapadarural.com\/blog\/wp-content\/uploads\/2025\/10\/La-Tossa-de-Montbui2-300x200.webp 300w, https:\/\/www.escapadarural.com\/blog\/wp-content\/uploads\/2025\/10\/La-Tossa-de-Montbui2-400x267.webp 400w, https:\/\/www.escapadarural.com\/blog\/wp-content\/uploads\/2025\/10\/La-Tossa-de-Montbui2-600x400.webp 600w, https:\/\/www.escapadarural.com\/blog\/wp-content\/uploads\/2025\/10\/La-Tossa-de-Montbui2-768x512.webp 768w, https:\/\/www.escapadarural.com\/blog\/wp-content\/uploads\/2025\/10\/La-Tossa-de-Montbui2-800x533.webp 800w, https:\/\/www.escapadarural.com\/blog\/wp-content\/uploads\/2025\/10\/La-Tossa-de-Montbui2-1024x683.webp 1024w, https:\/\/www.escapadarural.com\/blog\/wp-content\/uploads\/2025\/10\/La-Tossa-de-Montbui2.webp 1200w\" sizes=\"auto, (max-width: 1024px) 100vw, 1024px\" \/><figcaption class=\"wp-element-caption\">La Tossa de Montbui. Por: Anoia Turisme<\/figcaption><\/figure>\n\n\n\n<p>Si te gusta viajar en el tiempo, la Anoia es un destino ideal para adentrarse en la \u00e9poca medieval. Son muchas las fortalezas que se erigen en esta comarca de Barcelona, entre las que destacamos la <strong>Tossa de Montbui<\/strong> en la sierra de Miralles-Queralt.<\/p>\n\n\n\n<p>Se alza un imponente castillo del siglo X a 627 metros de altura, sobre una colina redonda y frondosa con vistas espectaculares que permiten divisar en d\u00edas claros el m\u00edtico <strong>Pedraforca<\/strong>. Le acompa\u00f1a la iglesia de Santa Mar\u00eda, uno de los primeros ejemplos de rom\u00e1nico de la Pen\u00ednsula Ib\u00e9rica. Es un enclave hist\u00f3rico muy antiguo a pocos pasos de Igualada.<\/p>\n\n\n\n<figure class=\"wp-block-image size-large\"><img loading=\"lazy\" decoding=\"async\" width=\"1024\" height=\"683\" src=\"https:\/\/www.escapadarural.com\/blog\/wp-content\/uploads\/2025\/10\/5_Castell-de-Claramunt-1-1024x683.webp\" alt=\"Castillo de Claramunt. Anoia, Barcelona\" class=\"wp-image-209411\" srcset=\"https:\/\/www.escapadarural.com\/blog\/wp-content\/uploads\/2025\/10\/5_Castell-de-Claramunt-1-200x133.webp 200w, https:\/\/www.escapadarural.com\/blog\/wp-content\/uploads\/2025\/10\/5_Castell-de-Claramunt-1-300x200.webp 300w, https:\/\/www.escapadarural.com\/blog\/wp-content\/uploads\/2025\/10\/5_Castell-de-Claramunt-1-400x267.webp 400w, https:\/\/www.escapadarural.com\/blog\/wp-content\/uploads\/2025\/10\/5_Castell-de-Claramunt-1-600x400.webp 600w, https:\/\/www.escapadarural.com\/blog\/wp-content\/uploads\/2025\/10\/5_Castell-de-Claramunt-1-768x512.webp 768w, https:\/\/www.escapadarural.com\/blog\/wp-content\/uploads\/2025\/10\/5_Castell-de-Claramunt-1-800x533.webp 800w, https:\/\/www.escapadarural.com\/blog\/wp-content\/uploads\/2025\/10\/5_Castell-de-Claramunt-1-1024x683.webp 1024w, https:\/\/www.escapadarural.com\/blog\/wp-content\/uploads\/2025\/10\/5_Castell-de-Claramunt-1.webp 1200w\" sizes=\"auto, (max-width: 1024px) 100vw, 1024px\" \/><figcaption class=\"wp-element-caption\">Castillo de Claramunt. Por: Anoia Turisme<\/figcaption><\/figure>\n\n\n\n<p>Otras fortificaciones de inter\u00e9s son el <strong>Castillo de Claramunt<\/strong> (siglo XII), incluido entre los 10 mejores de Catalu\u00f1a y que marcaba la frontera entre el condado de Barcelona y Al-\u00c0ndalus. Tiene dos recintos y siete torres defensivas, incluyendo la iglesia rom\u00e1nica de Santa Maria. El<strong> Castillo de Boixadors<\/strong> (siglo XI) es otro imprescindible, que vigila el altiplano de Calaf y que estuvo habitado hasta la d\u00e9cada de 1950.<\/p>\n\n\n\n<p>Por \u00faltimo, merece la pena una visita al <strong>Castillo de Segur<\/strong>, del siglo XII. Est\u00e1 sobre un suave cerro y es uno de los que est\u00e1n a mayor altitud de la comarca, ofreciendo un amplio horizonte que va de la comarca de la Segarra hasta el altiplano de <strong>Calaf<\/strong>. Ha sido restaurado recientemente y en la actualidad cuenta con un centro de recepci\u00f3n de visitantes.<\/p>\n\n\n\n<div class=\"wp-block-buttons is-layout-flex wp-block-buttons-is-layout-flex\">\n<div class=\"wp-block-button\"><a class=\"wp-block-button__link wp-element-button\" href=\"\/blog\/paisatges-barcelona-territorios\">Ver m\u00e1s planes en la provincia de Barcelona<\/a><\/div>\n<\/div>\n\n\n\n<hr class=\"wp-block-separator has-alpha-channel-opacity\"\/>\n\n\n\n<hr class=\"wp-block-separator has-alpha-channel-opacity\"\/>\n\n\n\n<figure class=\"wp-block-image size-full is-resized\"><img loading=\"lazy\" decoding=\"async\" width=\"800\" height=\"150\" src=\"https:\/\/www.escapadarural.com\/blog\/wp-content\/uploads\/2025\/10\/Logo-Paisatges-Bcn.webp\" alt=\"Logo Paisatges Barcelona\" class=\"wp-image-209304\" style=\"width:1200px;height:auto\" srcset=\"https:\/\/www.escapadarural.com\/blog\/wp-content\/uploads\/2025\/10\/Logo-Paisatges-Bcn-200x38.webp 200w, https:\/\/www.escapadarural.com\/blog\/wp-content\/uploads\/2025\/10\/Logo-Paisatges-Bcn-300x56.webp 300w, https:\/\/www.escapadarural.com\/blog\/wp-content\/uploads\/2025\/10\/Logo-Paisatges-Bcn-400x75.webp 400w, https:\/\/www.escapadarural.com\/blog\/wp-content\/uploads\/2025\/10\/Logo-Paisatges-Bcn-600x113.webp 600w, https:\/\/www.escapadarural.com\/blog\/wp-content\/uploads\/2025\/10\/Logo-Paisatges-Bcn-768x144.webp 768w, https:\/\/www.escapadarural.com\/blog\/wp-content\/uploads\/2025\/10\/Logo-Paisatges-Bcn.webp 800w\" sizes=\"auto, (max-width: 800px) 100vw, 800px\" \/><\/figure>\n\n\n\n<p><\/p>\n","protected":false},"excerpt":{"rendered":"<p>Hay paisajes que se quedan en la retina y en  [&#8230;]<\/p>\n","protected":false},"author":123,"featured_media":209406,"comment_status":"open","ping_status":"open","sticky":false,"template":"","format":"standard","meta":{"_acf_changed":false,"om_disable_all_campaigns":false,"footnotes":""},"categories":[191],"tags":[1907,211,3051,3449],"class_list":["post-209169","post","type-post","status-publish","format-standard","has-post-thumbnail","hentry","category-destinos","tag-anoia","tag-que-ver-en-barcelona","tag-moianes","tag-osona"],"acf":[],"featured_image_src":"https:\/\/www.escapadarural.com\/blog\/wp-content\/uploads\/2025\/10\/Montserrat.webp","author_info":{"display_name":"Raquel Andr\u00e9s","author_link":"https:\/\/www.escapadarural.com\/blog\/autor\/raquel\/"},"yoast_head":"<!-- This site is optimized with the Yoast SEO plugin v27.5 - https:\/\/yoast.com\/product\/yoast-seo-wordpress\/ -->\n<title>Paisajes y horizontes que debes ver en la provincia de Barcelona<\/title>\n<meta name=\"description\" content=\"Paisajes y horizontes m\u00e1s impresionantes de la provincia de Barcelona, con panor\u00e1micas \u00fanicas que combinan naturaleza, historia y cultura.\" \/>\n<meta name=\"robots\" content=\"index, follow, max-snippet:-1, max-image-preview:large, max-video-preview:-1\" \/>\n<link rel=\"canonical\" href=\"https:\/\/www.escapadarural.com\/blog\/paisajes-y-horizontes-en-barcelona\/\" \/>\n<meta property=\"og:locale\" content=\"es_ES\" \/>\n<meta property=\"og:type\" content=\"article\" \/>\n<meta property=\"og:title\" content=\"Paisajes y horizontes que debes ver en la provincia de Barcelona\" \/>\n<meta property=\"og:description\" content=\"Paisajes y horizontes m\u00e1s impresionantes de la provincia de Barcelona, con panor\u00e1micas \u00fanicas que combinan naturaleza, historia y cultura.\" \/>\n<meta property=\"og:url\" content=\"https:\/\/www.escapadarural.com\/blog\/paisajes-y-horizontes-en-barcelona\/\" \/>\n<meta property=\"og:site_name\" content=\"Magazine de viajes de EscapadaRural\" \/>\n<meta property=\"article:publisher\" content=\"https:\/\/www.facebook.com\/escapadarural\" \/>\n<meta property=\"article:published_time\" content=\"2025-10-19T06:57:07+00:00\" \/>\n<meta property=\"article:modified_time\" content=\"2026-03-19T15:24:05+00:00\" \/>\n<meta property=\"og:image\" content=\"https:\/\/www.escapadarural.com\/blog\/wp-content\/uploads\/2025\/10\/Montserrat.webp?v=1773933845\" \/>\n\t<meta property=\"og:image:width\" content=\"1200\" \/>\n\t<meta property=\"og:image:height\" content=\"800\" \/>\n\t<meta property=\"og:image:type\" content=\"image\/webp\" \/>\n<meta name=\"author\" content=\"Raquel Andr\u00e9s\" \/>\n<meta name=\"twitter:card\" content=\"summary_large_image\" \/>\n<meta name=\"twitter:label1\" content=\"Escrito por\" \/>\n\t<meta name=\"twitter:data1\" content=\"Raquel Andr\u00e9s\" \/>\n\t<meta name=\"twitter:label2\" content=\"Tiempo de lectura\" \/>\n\t<meta name=\"twitter:data2\" content=\"5 minutos\" \/>\n<script type=\"application\/ld+json\" class=\"yoast-schema-graph\">{\"@context\":\"https:\\\/\\\/schema.org\",\"@graph\":[{\"@type\":\"Article\",\"@id\":\"https:\\\/\\\/www.escapadarural.com\\\/blog\\\/paisajes-y-horizontes-en-barcelona\\\/#article\",\"isPartOf\":{\"@id\":\"https:\\\/\\\/www.escapadarural.com\\\/blog\\\/paisajes-y-horizontes-en-barcelona\\\/\"},\"author\":{\"name\":\"Raquel Andr\u00e9s\",\"@id\":\"https:\\\/\\\/www.escapadarural.com\\\/blog\\\/#\\\/schema\\\/person\\\/67be061eb00d8315fa8642e01b88c894\"},\"headline\":\"Paisajes y horizontes que debes ver en la provincia de Barcelona\",\"datePublished\":\"2025-10-19T06:57:07+00:00\",\"dateModified\":\"2026-03-19T15:24:05+00:00\",\"mainEntityOfPage\":{\"@id\":\"https:\\\/\\\/www.escapadarural.com\\\/blog\\\/paisajes-y-horizontes-en-barcelona\\\/\"},\"wordCount\":1067,\"commentCount\":0,\"publisher\":{\"@id\":\"https:\\\/\\\/www.escapadarural.com\\\/blog\\\/#organization\"},\"image\":{\"@id\":\"https:\\\/\\\/www.escapadarural.com\\\/blog\\\/paisajes-y-horizontes-en-barcelona\\\/#primaryimage\"},\"thumbnailUrl\":\"https:\\\/\\\/www.escapadarural.com\\\/blog\\\/wp-content\\\/uploads\\\/2025\\\/10\\\/Montserrat.webp\",\"keywords\":[\"Anoia\",\"Barcelona\",\"Moian\u00e8s\",\"Osona\"],\"articleSection\":[\"Destinos\"],\"inLanguage\":\"es\",\"potentialAction\":[{\"@type\":\"CommentAction\",\"name\":\"Comment\",\"target\":[\"https:\\\/\\\/www.escapadarural.com\\\/blog\\\/paisajes-y-horizontes-en-barcelona\\\/#respond\"]}]},{\"@type\":\"WebPage\",\"@id\":\"https:\\\/\\\/www.escapadarural.com\\\/blog\\\/paisajes-y-horizontes-en-barcelona\\\/\",\"url\":\"https:\\\/\\\/www.escapadarural.com\\\/blog\\\/paisajes-y-horizontes-en-barcelona\\\/\",\"name\":\"Paisajes y horizontes que debes ver en la provincia de Barcelona\",\"isPartOf\":{\"@id\":\"https:\\\/\\\/www.escapadarural.com\\\/blog\\\/#website\"},\"primaryImageOfPage\":{\"@id\":\"https:\\\/\\\/www.escapadarural.com\\\/blog\\\/paisajes-y-horizontes-en-barcelona\\\/#primaryimage\"},\"image\":{\"@id\":\"https:\\\/\\\/www.escapadarural.com\\\/blog\\\/paisajes-y-horizontes-en-barcelona\\\/#primaryimage\"},\"thumbnailUrl\":\"https:\\\/\\\/www.escapadarural.com\\\/blog\\\/wp-content\\\/uploads\\\/2025\\\/10\\\/Montserrat.webp\",\"datePublished\":\"2025-10-19T06:57:07+00:00\",\"dateModified\":\"2026-03-19T15:24:05+00:00\",\"description\":\"Paisajes y horizontes m\u00e1s impresionantes de la provincia de Barcelona, con panor\u00e1micas \u00fanicas que combinan naturaleza, historia y cultura.\",\"breadcrumb\":{\"@id\":\"https:\\\/\\\/www.escapadarural.com\\\/blog\\\/paisajes-y-horizontes-en-barcelona\\\/#breadcrumb\"},\"inLanguage\":\"es\",\"potentialAction\":[{\"@type\":\"ReadAction\",\"target\":[\"https:\\\/\\\/www.escapadarural.com\\\/blog\\\/paisajes-y-horizontes-en-barcelona\\\/\"]}]},{\"@type\":\"ImageObject\",\"inLanguage\":\"es\",\"@id\":\"https:\\\/\\\/www.escapadarural.com\\\/blog\\\/paisajes-y-horizontes-en-barcelona\\\/#primaryimage\",\"url\":\"https:\\\/\\\/www.escapadarural.com\\\/blog\\\/wp-content\\\/uploads\\\/2025\\\/10\\\/Montserrat.webp\",\"contentUrl\":\"https:\\\/\\\/www.escapadarural.com\\\/blog\\\/wp-content\\\/uploads\\\/2025\\\/10\\\/Montserrat.webp\",\"width\":1200,\"height\":800,\"caption\":\"Montserrat. Por: Sergi_Boixader\"},{\"@type\":\"BreadcrumbList\",\"@id\":\"https:\\\/\\\/www.escapadarural.com\\\/blog\\\/paisajes-y-horizontes-en-barcelona\\\/#breadcrumb\",\"itemListElement\":[{\"@type\":\"ListItem\",\"position\":1,\"name\":\"Inicio\",\"item\":\"https:\\\/\\\/www.escapadarural.com\\\/blog\\\/\"},{\"@type\":\"ListItem\",\"position\":2,\"name\":\"Destinos\",\"item\":\"https:\\\/\\\/www.escapadarural.com\\\/blog\\\/categoria\\\/destinos\\\/\"},{\"@type\":\"ListItem\",\"position\":3,\"name\":\"Paisajes y horizontes que debes ver en la provincia de Barcelona\"}]},{\"@type\":\"WebSite\",\"@id\":\"https:\\\/\\\/www.escapadarural.com\\\/blog\\\/#website\",\"url\":\"https:\\\/\\\/www.escapadarural.com\\\/blog\\\/\",\"name\":\"Blog de viajes | turismo rural, alojamientos e inspiraci\u00f3n\",\"description\":\"Alojamientos rurales e inspiraci\u00f3n para tus escapadas\",\"publisher\":{\"@id\":\"https:\\\/\\\/www.escapadarural.com\\\/blog\\\/#organization\"},\"alternateName\":\"Magazine de viajes de EscapadaRural\",\"potentialAction\":[{\"@type\":\"SearchAction\",\"target\":{\"@type\":\"EntryPoint\",\"urlTemplate\":\"https:\\\/\\\/www.escapadarural.com\\\/blog\\\/?s={search_term_string}\"},\"query-input\":{\"@type\":\"PropertyValueSpecification\",\"valueRequired\":true,\"valueName\":\"search_term_string\"}}],\"inLanguage\":\"es\"},{\"@type\":\"Organization\",\"@id\":\"https:\\\/\\\/www.escapadarural.com\\\/blog\\\/#organization\",\"name\":\"EscapadaRural\",\"url\":\"https:\\\/\\\/www.escapadarural.com\\\/blog\\\/\",\"logo\":{\"@type\":\"ImageObject\",\"inLanguage\":\"es\",\"@id\":\"https:\\\/\\\/www.escapadarural.com\\\/blog\\\/#\\\/schema\\\/logo\\\/image\\\/\",\"url\":\"https:\\\/\\\/www.escapadarural.com\\\/blog\\\/wp-content\\\/uploads\\\/2024\\\/10\\\/cropped-cropped-escapada-rural-icon-mag-3.png\",\"contentUrl\":\"https:\\\/\\\/www.escapadarural.com\\\/blog\\\/wp-content\\\/uploads\\\/2024\\\/10\\\/cropped-cropped-escapada-rural-icon-mag-3.png\",\"width\":512,\"height\":512,\"caption\":\"EscapadaRural\"},\"image\":{\"@id\":\"https:\\\/\\\/www.escapadarural.com\\\/blog\\\/#\\\/schema\\\/logo\\\/image\\\/\"},\"sameAs\":[\"https:\\\/\\\/www.facebook.com\\\/escapadarural\",\"https:\\\/\\\/www.instagram.com\\\/escapadarural\\\/\",\"https:\\\/\\\/www.youtube.com\\\/@escapadaruralcom\"]},{\"@type\":\"Person\",\"@id\":\"https:\\\/\\\/www.escapadarural.com\\\/blog\\\/#\\\/schema\\\/person\\\/67be061eb00d8315fa8642e01b88c894\",\"name\":\"Raquel Andr\u00e9s\",\"image\":{\"@type\":\"ImageObject\",\"inLanguage\":\"es\",\"@id\":\"https:\\\/\\\/secure.gravatar.com\\\/avatar\\\/b45840531462f3cafb335a9fc5c0bfda2c07c3df4b82b304b923526b85cc6cb5?s=96&d=mm&r=g\",\"url\":\"https:\\\/\\\/secure.gravatar.com\\\/avatar\\\/b45840531462f3cafb335a9fc5c0bfda2c07c3df4b82b304b923526b85cc6cb5?s=96&d=mm&r=g\",\"contentUrl\":\"https:\\\/\\\/secure.gravatar.com\\\/avatar\\\/b45840531462f3cafb335a9fc5c0bfda2c07c3df4b82b304b923526b85cc6cb5?s=96&d=mm&r=g\",\"caption\":\"Raquel Andr\u00e9s\"},\"description\":\"Periodista y aventurera. Me has podido leer en Escapada Rural, Diari Nosaltres La Veu, La Vanguardia, El Salto y otros medios. Habitante y amante de las zonas rurales, sea cual sea el destino. Procuro escaparme una vez por semana con las botas de monta\u00f1a, el arn\u00e9s o el neopreno. Tambi\u00e9n soy un intento de baserritarra.\",\"url\":\"https:\\\/\\\/www.escapadarural.com\\\/blog\\\/autor\\\/raquel\\\/\"}]}<\/script>\n<!-- \/ Yoast SEO plugin. -->","yoast_head_json":{"title":"Paisajes y horizontes que debes ver en la provincia de Barcelona","description":"Paisajes y horizontes m\u00e1s impresionantes de la provincia de Barcelona, con panor\u00e1micas \u00fanicas que combinan naturaleza, historia y cultura.","robots":{"index":"index","follow":"follow","max-snippet":"max-snippet:-1","max-image-preview":"max-image-preview:large","max-video-preview":"max-video-preview:-1"},"canonical":"https:\/\/www.escapadarural.com\/blog\/paisajes-y-horizontes-en-barcelona\/","og_locale":"es_ES","og_type":"article","og_title":"Paisajes y horizontes que debes ver en la provincia de Barcelona","og_description":"Paisajes y horizontes m\u00e1s impresionantes de la provincia de Barcelona, con panor\u00e1micas \u00fanicas que combinan naturaleza, historia y cultura.","og_url":"https:\/\/www.escapadarural.com\/blog\/paisajes-y-horizontes-en-barcelona\/","og_site_name":"Magazine de viajes de EscapadaRural","article_publisher":"https:\/\/www.facebook.com\/escapadarural","article_published_time":"2025-10-19T06:57:07+00:00","article_modified_time":"2026-03-19T15:24:05+00:00","og_image":[{"width":1200,"height":800,"url":"https:\/\/www.escapadarural.com\/blog\/wp-content\/uploads\/2025\/10\/Montserrat.webp?v=1773933845","type":"image\/webp"}],"author":"Raquel Andr\u00e9s","twitter_card":"summary_large_image","twitter_misc":{"Escrito por":"Raquel Andr\u00e9s","Tiempo de lectura":"5 minutos"},"schema":{"@context":"https:\/\/schema.org","@graph":[{"@type":"Article","@id":"https:\/\/www.escapadarural.com\/blog\/paisajes-y-horizontes-en-barcelona\/#article","isPartOf":{"@id":"https:\/\/www.escapadarural.com\/blog\/paisajes-y-horizontes-en-barcelona\/"},"author":{"name":"Raquel Andr\u00e9s","@id":"https:\/\/www.escapadarural.com\/blog\/#\/schema\/person\/67be061eb00d8315fa8642e01b88c894"},"headline":"Paisajes y horizontes que debes ver en la provincia de Barcelona","datePublished":"2025-10-19T06:57:07+00:00","dateModified":"2026-03-19T15:24:05+00:00","mainEntityOfPage":{"@id":"https:\/\/www.escapadarural.com\/blog\/paisajes-y-horizontes-en-barcelona\/"},"wordCount":1067,"commentCount":0,"publisher":{"@id":"https:\/\/www.escapadarural.com\/blog\/#organization"},"image":{"@id":"https:\/\/www.escapadarural.com\/blog\/paisajes-y-horizontes-en-barcelona\/#primaryimage"},"thumbnailUrl":"https:\/\/www.escapadarural.com\/blog\/wp-content\/uploads\/2025\/10\/Montserrat.webp","keywords":["Anoia","Barcelona","Moian\u00e8s","Osona"],"articleSection":["Destinos"],"inLanguage":"es","potentialAction":[{"@type":"CommentAction","name":"Comment","target":["https:\/\/www.escapadarural.com\/blog\/paisajes-y-horizontes-en-barcelona\/#respond"]}]},{"@type":"WebPage","@id":"https:\/\/www.escapadarural.com\/blog\/paisajes-y-horizontes-en-barcelona\/","url":"https:\/\/www.escapadarural.com\/blog\/paisajes-y-horizontes-en-barcelona\/","name":"Paisajes y horizontes que debes ver en la provincia de Barcelona","isPartOf":{"@id":"https:\/\/www.escapadarural.com\/blog\/#website"},"primaryImageOfPage":{"@id":"https:\/\/www.escapadarural.com\/blog\/paisajes-y-horizontes-en-barcelona\/#primaryimage"},"image":{"@id":"https:\/\/www.escapadarural.com\/blog\/paisajes-y-horizontes-en-barcelona\/#primaryimage"},"thumbnailUrl":"https:\/\/www.escapadarural.com\/blog\/wp-content\/uploads\/2025\/10\/Montserrat.webp","datePublished":"2025-10-19T06:57:07+00:00","dateModified":"2026-03-19T15:24:05+00:00","description":"Paisajes y horizontes m\u00e1s impresionantes de la provincia de Barcelona, con panor\u00e1micas \u00fanicas que combinan naturaleza, historia y cultura.","breadcrumb":{"@id":"https:\/\/www.escapadarural.com\/blog\/paisajes-y-horizontes-en-barcelona\/#breadcrumb"},"inLanguage":"es","potentialAction":[{"@type":"ReadAction","target":["https:\/\/www.escapadarural.com\/blog\/paisajes-y-horizontes-en-barcelona\/"]}]},{"@type":"ImageObject","inLanguage":"es","@id":"https:\/\/www.escapadarural.com\/blog\/paisajes-y-horizontes-en-barcelona\/#primaryimage","url":"https:\/\/www.escapadarural.com\/blog\/wp-content\/uploads\/2025\/10\/Montserrat.webp","contentUrl":"https:\/\/www.escapadarural.com\/blog\/wp-content\/uploads\/2025\/10\/Montserrat.webp","width":1200,"height":800,"caption":"Montserrat. Por: Sergi_Boixader"},{"@type":"BreadcrumbList","@id":"https:\/\/www.escapadarural.com\/blog\/paisajes-y-horizontes-en-barcelona\/#breadcrumb","itemListElement":[{"@type":"ListItem","position":1,"name":"Inicio","item":"https:\/\/www.escapadarural.com\/blog\/"},{"@type":"ListItem","position":2,"name":"Destinos","item":"https:\/\/www.escapadarural.com\/blog\/categoria\/destinos\/"},{"@type":"ListItem","position":3,"name":"Paisajes y horizontes que debes ver en la provincia de Barcelona"}]},{"@type":"WebSite","@id":"https:\/\/www.escapadarural.com\/blog\/#website","url":"https:\/\/www.escapadarural.com\/blog\/","name":"Blog de viajes | turismo rural, alojamientos e inspiraci\u00f3n","description":"Alojamientos rurales e inspiraci\u00f3n para tus escapadas","publisher":{"@id":"https:\/\/www.escapadarural.com\/blog\/#organization"},"alternateName":"Magazine de viajes de EscapadaRural","potentialAction":[{"@type":"SearchAction","target":{"@type":"EntryPoint","urlTemplate":"https:\/\/www.escapadarural.com\/blog\/?s={search_term_string}"},"query-input":{"@type":"PropertyValueSpecification","valueRequired":true,"valueName":"search_term_string"}}],"inLanguage":"es"},{"@type":"Organization","@id":"https:\/\/www.escapadarural.com\/blog\/#organization","name":"EscapadaRural","url":"https:\/\/www.escapadarural.com\/blog\/","logo":{"@type":"ImageObject","inLanguage":"es","@id":"https:\/\/www.escapadarural.com\/blog\/#\/schema\/logo\/image\/","url":"https:\/\/www.escapadarural.com\/blog\/wp-content\/uploads\/2024\/10\/cropped-cropped-escapada-rural-icon-mag-3.png","contentUrl":"https:\/\/www.escapadarural.com\/blog\/wp-content\/uploads\/2024\/10\/cropped-cropped-escapada-rural-icon-mag-3.png","width":512,"height":512,"caption":"EscapadaRural"},"image":{"@id":"https:\/\/www.escapadarural.com\/blog\/#\/schema\/logo\/image\/"},"sameAs":["https:\/\/www.facebook.com\/escapadarural","https:\/\/www.instagram.com\/escapadarural\/","https:\/\/www.youtube.com\/@escapadaruralcom"]},{"@type":"Person","@id":"https:\/\/www.escapadarural.com\/blog\/#\/schema\/person\/67be061eb00d8315fa8642e01b88c894","name":"Raquel Andr\u00e9s","image":{"@type":"ImageObject","inLanguage":"es","@id":"https:\/\/secure.gravatar.com\/avatar\/b45840531462f3cafb335a9fc5c0bfda2c07c3df4b82b304b923526b85cc6cb5?s=96&d=mm&r=g","url":"https:\/\/secure.gravatar.com\/avatar\/b45840531462f3cafb335a9fc5c0bfda2c07c3df4b82b304b923526b85cc6cb5?s=96&d=mm&r=g","contentUrl":"https:\/\/secure.gravatar.com\/avatar\/b45840531462f3cafb335a9fc5c0bfda2c07c3df4b82b304b923526b85cc6cb5?s=96&d=mm&r=g","caption":"Raquel Andr\u00e9s"},"description":"Periodista y aventurera. Me has podido leer en Escapada Rural, Diari Nosaltres La Veu, La Vanguardia, El Salto y otros medios. Habitante y amante de las zonas rurales, sea cual sea el destino. Procuro escaparme una vez por semana con las botas de monta\u00f1a, el arn\u00e9s o el neopreno. Tambi\u00e9n soy un intento de baserritarra.","url":"https:\/\/www.escapadarural.com\/blog\/autor\/raquel\/"}]}},"_links":{"self":[{"href":"https:\/\/www.escapadarural.com\/blog\/wp-json\/wp\/v2\/posts\/209169","targetHints":{"allow":["GET"]}}],"collection":[{"href":"https:\/\/www.escapadarural.com\/blog\/wp-json\/wp\/v2\/posts"}],"about":[{"href":"https:\/\/www.escapadarural.com\/blog\/wp-json\/wp\/v2\/types\/post"}],"author":[{"embeddable":true,"href":"https:\/\/www.escapadarural.com\/blog\/wp-json\/wp\/v2\/users\/123"}],"replies":[{"embeddable":true,"href":"https:\/\/www.escapadarural.com\/blog\/wp-json\/wp\/v2\/comments?post=209169"}],"version-history":[{"count":0,"href":"https:\/\/www.escapadarural.com\/blog\/wp-json\/wp\/v2\/posts\/209169\/revisions"}],"wp:featuredmedia":[{"embeddable":true,"href":"https:\/\/www.escapadarural.com\/blog\/wp-json\/wp\/v2\/media\/209406"}],"wp:attachment":[{"href":"https:\/\/www.escapadarural.com\/blog\/wp-json\/wp\/v2\/media?parent=209169"}],"wp:term":[{"taxonomy":"category","embeddable":true,"href":"https:\/\/www.escapadarural.com\/blog\/wp-json\/wp\/v2\/categories?post=209169"},{"taxonomy":"post_tag","embeddable":true,"href":"https:\/\/www.escapadarural.com\/blog\/wp-json\/wp\/v2\/tags?post=209169"}],"curies":[{"name":"wp","href":"https:\/\/api.w.org\/{rel}","templated":true}]}}