{"id":209556,"date":"2025-11-02T08:55:00","date_gmt":"2025-11-02T07:55:00","guid":{"rendered":"https:\/\/www.escapadarural.com\/blog\/?p=209556"},"modified":"2025-10-30T16:39:28","modified_gmt":"2025-10-30T15:39:28","slug":"rutas-entre-naranjos","status":"publish","type":"post","link":"https:\/\/www.escapadarural.com\/blog\/rutas-entre-naranjos\/","title":{"rendered":"Rutas entre naranjos: la fruta estrella del oto\u00f1o e invierno"},"content":{"rendered":"\n<p>Pocas cosas entran mejor en el cuerpo cuando cogemos un resfriado que un zumo de naranja natural reci\u00e9n exprimido. Es una de las <strong>frutas con m\u00e1s vitamina C<\/strong>, que ayuda a fortalecer el sistema inmunol\u00f3gico. Adem\u00e1s, hay que decirlo: es un alimento bonito. Sus \u00e1rboles, sus flores y sus frutos configuran un precioso <strong>paisaje agr\u00edcola en la costa mediterr\u00e1nea<\/strong> que invitan al paseo relajado y a la contemplaci\u00f3n.<\/p>\n\n\n\n<div class=\"wp-block-buttons is-layout-flex wp-block-buttons-is-layout-flex\">\n<div class=\"wp-block-button\"><a class=\"wp-block-button__link wp-element-button\" href=\"\/casas-rurales\">Encuentra tu alojamiento<\/a><\/div>\n<\/div>\n\n\n\n<p>Tanto es as\u00ed que, lo que hoy es una deliciosa fruta, originariamente <strong>lleg\u00f3 a la pen\u00ednsula ib\u00e9rica como planta ornamental<\/strong>. Los historiadores afirman que entr\u00f3 por el sur, a trav\u00e9s de la Ruta de la Seda \u2014donde la ciudad de Valencia era un referente\u2014, y se convirti\u00f3 en un adorno habitual en los patios del Al-\u00c1ndalus. Se tiene constancia de que hab\u00eda naranjos en la \u00e9poca, por ejemplo, en la Mezquita de C\u00f3rdoba y en ciertos espacios de Valencia. Ahora bien, se trataba de una naranja un tanto diferente a la que comemos en la actualidad. Era muy \u00e1cida y no recomendable para el consumo humano.<\/p>\n\n\n\n<figure class=\"wp-block-image size-full\"><img loading=\"lazy\" decoding=\"async\" width=\"1024\" height=\"655\" src=\"https:\/\/www.escapadarural.com\/blog\/wp-content\/uploads\/2025\/10\/AdobeStock_1213073356.webp\" alt=\"Campo de naranjos en Valencia. Por Helena GARCIA\" class=\"wp-image-209558\" srcset=\"https:\/\/www.escapadarural.com\/blog\/wp-content\/uploads\/2025\/10\/AdobeStock_1213073356-200x128.webp 200w, https:\/\/www.escapadarural.com\/blog\/wp-content\/uploads\/2025\/10\/AdobeStock_1213073356-300x192.webp 300w, https:\/\/www.escapadarural.com\/blog\/wp-content\/uploads\/2025\/10\/AdobeStock_1213073356-400x256.webp 400w, https:\/\/www.escapadarural.com\/blog\/wp-content\/uploads\/2025\/10\/AdobeStock_1213073356-600x384.webp 600w, https:\/\/www.escapadarural.com\/blog\/wp-content\/uploads\/2025\/10\/AdobeStock_1213073356-768x491.webp 768w, https:\/\/www.escapadarural.com\/blog\/wp-content\/uploads\/2025\/10\/AdobeStock_1213073356-800x512.webp 800w, https:\/\/www.escapadarural.com\/blog\/wp-content\/uploads\/2025\/10\/AdobeStock_1213073356.webp 1024w\" sizes=\"auto, (max-width: 1024px) 100vw, 1024px\" \/><figcaption class=\"wp-element-caption\">Campo de naranjos en Valencia. Por Helena GARCIA<\/figcaption><\/figure>\n\n\n\n<h2 class=\"wp-block-heading\" id=\"h-cuando-es-el-mejor-momento-para-hacer-rutas-entre-naranjos\">Cu\u00e1ndo es el mejor momento para hacer rutas entre naranjos<\/h2>\n\n\n\n<p>Parafraseando el libro del polifac\u00e9tico Vicente Blasco Ib\u00e1\u00f1ez, <strong>vamos a pasear <em>entre naranjos<\/em><\/strong>, con rutas sencillas que nos acercan a esta fruta tan valenciana que tambi\u00e9n se ha cultivado en otros campos de la costa mediterr\u00e1nea. Hay dos momentos del a\u00f1o en el que lucen especialmente preciosos (pueden cambiar algo, dependiendo de las condiciones clim\u00e1ticas y de la zona): entre marzo y mayo, que es cuando se produce la floraci\u00f3n del azahar, dejando ese aroma tan agradable y caracter\u00edstico en los campos; y <strong>de septiembre a junio, cuando est\u00e1n los frutos en las ramas<\/strong> (mientras no los hayan cosechado) y regalan un espect\u00e1culo visual.<\/p>\n\n\n\n<p>Antes de ponernos un calzado c\u00f3modo, un \u00faltimo consejo. Para que los campos luzcan as\u00ed de cuidados y podamos seguir paseando entre naranjos, las personas consumidoras tenemos un poder decisivo: <strong>comprar naranja local, verificando el origen en los lineales y en los mercados<\/strong>. Es el mejor apoyo que le podemos dar.<\/p>\n\n\n\n<h2 class=\"wp-block-heading\" id=\"h-alzira-y-el-valle-de-la-murta-cuna-de-la-naranja-valencia\"><strong>Alzira y el valle de la Murta, cuna de la naranja<\/strong> <strong>(<a href=\"\/casas-rurales\/valencia\">Valencia<\/a>)<\/strong><\/h2>\n\n\n\n<figure class=\"wp-block-image size-full\"><img loading=\"lazy\" decoding=\"async\" width=\"1024\" height=\"512\" src=\"https:\/\/www.escapadarural.com\/blog\/wp-content\/uploads\/2024\/10\/la-murta_450660114-1024x512-1.jpeg\" alt=\"Monasterio de Santa Mar\u00eda de la Murta, Alzira\" class=\"wp-image-96029\" srcset=\"https:\/\/www.escapadarural.com\/blog\/wp-content\/uploads\/2024\/10\/la-murta_450660114-1024x512-1-200x100.jpeg 200w, https:\/\/www.escapadarural.com\/blog\/wp-content\/uploads\/2024\/10\/la-murta_450660114-1024x512-1-300x150.jpeg 300w, https:\/\/www.escapadarural.com\/blog\/wp-content\/uploads\/2024\/10\/la-murta_450660114-1024x512-1-400x200.jpeg 400w, https:\/\/www.escapadarural.com\/blog\/wp-content\/uploads\/2024\/10\/la-murta_450660114-1024x512-1-600x300.jpeg 600w, https:\/\/www.escapadarural.com\/blog\/wp-content\/uploads\/2024\/10\/la-murta_450660114-1024x512-1-768x384.jpeg 768w, https:\/\/www.escapadarural.com\/blog\/wp-content\/uploads\/2024\/10\/la-murta_450660114-1024x512-1-800x400.jpeg 800w, https:\/\/www.escapadarural.com\/blog\/wp-content\/uploads\/2024\/10\/la-murta_450660114-1024x512-1.jpeg 1024w\" sizes=\"auto, (max-width: 1024px) 100vw, 1024px\" \/><figcaption class=\"wp-element-caption\">Monasterio de Santa Mar\u00eda de la Murta, por donde pasa la ruta de los naranjos en Alzira (Valencia). Por Ricardo Ferrando<\/figcaption><\/figure>\n\n\n\n<p>En el interior de la provincia de Valencia est\u00e1 Alzira, capital de la comarca de la <a href=\"\/casas-rurales\/ribera-alta_zona-turistica\">Ribera Alta<\/a>, <strong>conocida por ser la \u201ccuna de la naranja\u201d<\/strong>. Aqu\u00ed transcurre precisamente la mencionada novela de Blasco Ib\u00e1\u00f1ez, y es que los alrededores de este municipio agr\u00edcola est\u00e1n dominados por extensos campos de naranjos y por cultivos de huerta tradicional. As\u00ed la retrataba:<\/p>\n\n\n\n<figure class=\"wp-block-pullquote\"><blockquote><p><em>En el inmenso valle, los naranjales como un oleaje aterciopelado; las cercas y vallados, de vegetaci\u00f3n menos oscura, cortando la tierra carmes\u00ed en geom\u00e9tricas formas; los grupos de palmeras agitando sus surtidores de plumas, como chorros de hojas que quisieran tocar el cielo, cayendo despu\u00e9s con l\u00e1nguido desmayo; villas azules y de color rosa entre macizos de jardiner\u00eda; blancas alquer\u00edas, casi ocultas tras el verde bull\u00f3n de un bosquecillo; las altas chimeneas de las m\u00e1quinas de riego, amarillentas como cirios con la punta chamuscada; Alcira, con sus casas api\u00f1adas en la isla y desbord\u00e1ndose en la orilla opuesta, toda ella de un color mate de hueso, acribillada de ventanitas, como ro\u00edda por una viruela de negros agujeros.<\/em><\/p><cite><em><a href=\"https:\/\/fraseslibros.com\/frase\/7333\/entre-naranjos\" target=\"_blank\" rel=\"noreferrer noopener nofollow\">Entre naranjos<\/a><\/em>, de vicente blasco ib\u00e1\u00f1ez<\/cite><\/blockquote><\/figure>\n\n\n\n<p>Una buena opci\u00f3n para contemplarlos y moverse en transporte p\u00fablico es ir de la estaci\u00f3n de tren de Alzira hasta las<strong> ruinas del monasterio de Santa Mar\u00eda de la Murta<\/strong>. Es un poco larga, pero es pr\u00e1cticamente llana y no tiene dificultad: 17 kil\u00f3metros y 200 metros de subida. Permite tener una buena panor\u00e1mica del entorno.<\/p>\n\n\n<div style=\"background-color: #dff0d8; color: #3c763d; border-left-color: #3c763d; \" class=\"ub-styled-box ub-notification-box wp-block-ub-styled-box\" id=\"ub-styled-box-371ea1c0-461c-49ae-a1df-de4f4eba4650\">\n<p id=\"ub-styled-box-notification-content-\"><strong>Longitud<\/strong>: 17 kil\u00f3metros<\/p>\n\n\n\n<p><strong>Dificultad<\/strong>: f\u00e1cil<\/p>\n\n\n\n<p><strong>Tipo de ruta<\/strong>: lineal<\/p>\n\n\n\n<p><a href=\"https:\/\/es.wikiloc.com\/wikiloc\/user.do?id=18371984&amp;event=favorites&amp;listId=2005695\" target=\"_blank\" rel=\"noreferrer noopener nofollow\">Track de Wikiloc<\/a><\/p>\n\n\n<\/div>\n\n\n<p>Otra posibilidad es ir en coche directamente al <strong>Paraje Natural Murta-Casella<\/strong>, donde hay una amplia zona de aparcamiento y merendero. Desde aqu\u00ed salen rutas de diferentes niveles de dificultad que discurren entre bosques mediterr\u00e1neos y restos patrimoniales con el tel\u00f3n de fondo de los campos de naranjos. Uno de los recorridos m\u00e1s sencillos y bonitos, apto para familias, es el sendero circular SL-CV 81. Tiene 3,5 kil\u00f3metros y se llama \u201c<strong>Senda bot\u00e1nica por el Valle de la Murta<\/strong>\u201d. <a href=\"https:\/\/mediambient.gva.es\/va\/web\/parajes-naturales-municipales\/rutas-y-senderos-79595\" target=\"_blank\" rel=\"noreferrer noopener nofollow\"><u>Aqu\u00ed<\/u><\/a>\u00a0se pueden consultar todas las rutas se\u00f1alizadas.<\/p>\n\n\n\n<div class=\"wp-block-buttons is-layout-flex wp-block-buttons-is-layout-flex\">\n<div class=\"wp-block-button\"><a class=\"wp-block-button__link wp-element-button\" href=\"\/casas-rurales\/ribera-alta_zona-turistica\">Alojamientos rurales en la Ribera Alta de Valencia<\/a><\/div>\n<\/div>\n\n\n\n<h2 class=\"wp-block-heading\" id=\"h-ruta-por-las-mandarinas-de-nules-y-por-un-pueblo-que-sigue-amurallado-castellon\"><strong>Ruta por las mandarinas de Nules y por un pueblo que sigue amurallado<\/strong> <strong>(<a href=\"\/casas-rurales\/castellon\">Castell\u00f3n<\/a>)<\/strong><\/h2>\n\n\n\n<figure class=\"wp-block-image size-large\"><img loading=\"lazy\" decoding=\"async\" width=\"1024\" height=\"576\" src=\"https:\/\/www.escapadarural.com\/blog\/wp-content\/uploads\/2025\/10\/AdobeStock_532916544-1024x576.webp\" alt=\"B\u00fanker de la guerra civil espa\u00f1ola y plantaci\u00f3n de mandarinas en Nules, Castell\u00f3n. Por AmadeoAV\" class=\"wp-image-210127\"\/><figcaption class=\"wp-element-caption\">B\u00fanker de la guerra civil espa\u00f1ola y plantaci\u00f3n de mandarinas en Nules, Castell\u00f3n. Por AmadeoAV<\/figcaption><\/figure>\n\n\n\n<p>Los campos de c\u00edtricos se extienden tambi\u00e9n por el norte de la Comunidad Valenciana, por la provincia de Castell\u00f3n, con grandes concentraciones en las comarcas de la <a href=\"\/casas-rurales\/plana-baixa\">Plana Baixa<\/a> y la <a href=\"\/casas-rurales\/plana-alta\">Plana Alta<\/a>. Adem\u00e1s de naranjas, aqu\u00ed se cultivan mandarinas, especialmente una variedad muy apreciada: <strong>la <em>clemenules<\/em>, aut\u00f3ctona del pueblo de Nules<\/strong>. Su paisaje agr\u00edcola totalmente llano contrasta con las cercanas monta\u00f1as de la sierra de l\u2019Espad\u00e0.<\/p>\n\n\n\n<p>Os proponemos una <strong>ruta muy interesante para pasear entre naranjas y mandarinas<\/strong> y con un fuerte componente hist\u00f3rico, ya que visita un conjunto de b\u00fankeres de la guerra civil espa\u00f1ola. Est\u00e1n en buen estado de conservaci\u00f3n y hay paneles informativos con explicaciones e indicaciones de las ubicaciones.<\/p>\n\n\n<div style=\"background-color: #dff0d8; color: #3c763d; border-left-color: #3c763d; \" class=\"ub-styled-box ub-notification-box wp-block-ub-styled-box\" id=\"ub-styled-box-f6984840-20b5-459c-b198-a6c0d7cc410e\">\n<p id=\"ub-styled-box-notification-content-\"><strong>Longitud<\/strong>: 8 kil\u00f3metros<\/p>\n\n\n\n<p><strong>Dificultad<\/strong>: moderada<\/p>\n\n\n\n<p><strong>Tipo de ruta<\/strong>: circular<\/p>\n\n\n\n<p><a href=\"https:\/\/es.wikiloc.com\/wikiloc\/user.do?id=18371984&amp;event=favorites&amp;listId=2005695\" target=\"_blank\" rel=\"noreferrer noopener nofollow\">Track de Wikiloc<\/a><\/p>\n\n\n<\/div>\n\n\n<p>Adem\u00e1s de descubrir los vestigios de la guerra, pasa por la bonita <strong>villa amurallada de Mascarell<\/strong>. Se trata de un peque\u00f1o recinto fortificado que es \u00fanico en toda la Comunidad Valenciana. Como si todav\u00eda vivieran en la <a href=\"\/blog\/tag\/edad-media\/\">Edad Media<\/a>, en la actualidad siguen contando con dos \u00fanicos accesos al n\u00facleo urbano: las dos puertas que tiene la muralla. El avance de los siglos s\u00ed que ha cambiado algunas cosas, como el foso, que hoy es una acequia de riego.<\/p>\n\n\n\n<div class=\"wp-block-buttons is-layout-flex wp-block-buttons-is-layout-flex\">\n<div class=\"wp-block-button\"><a class=\"wp-block-button__link wp-element-button\" href=\"\/casas-rurales\/castellon\">Alojamientos rurales en Castell\u00f3n<\/a><\/div>\n<\/div>\n\n\n\n<h2 class=\"wp-block-heading\" id=\"h-la-ruta-del-azahar-granada\"><strong>La Ruta del Azahar (<a href=\"\/casas-rurales\/granada\">Granada<\/a><\/strong>)<\/h2>\n\n\n\n<figure class=\"wp-block-image size-large\"><img loading=\"lazy\" decoding=\"async\" width=\"1024\" height=\"683\" src=\"https:\/\/www.escapadarural.com\/blog\/wp-content\/uploads\/2025\/10\/AdobeStock_317230291-1024x683.webp\" alt=\"Naranjos en el valle de Lecr\u00edn, Granada\" class=\"wp-image-210125\"\/><figcaption class=\"wp-element-caption\">Naranjos en el valle de Lecr\u00edn, Granada. Por Rob<\/figcaption><\/figure>\n\n\n\n<p>Aunque parece dif\u00edcil separar las palabras \u201cnaranja valenciana\u201d, lo cierto es que hay muchas otras zonas de la costa mediterr\u00e1nea que cultivan esta fruta. La Comunidad Valenciana es la principal productora citr\u00edcola, pero <strong>Andaluc\u00eda cada vez est\u00e1 ganando m\u00e1s peso<\/strong>. Por eso, no debe extra\u00f1arnos que exista un recorrido sencillo llamado \u201cRuta del Azahar\u201d en plena provincia de Granada. Est\u00e1 en el <a href=\"\/casas-rurales\/valle-de-lecrin\">valle de Lecr\u00edn<\/a>, al que los musulmanes llamaron \u201cvalle de la Alegr\u00eda\u201d.<\/p>\n\n\n<div style=\"background-color: #dff0d8; color: #3c763d; border-left-color: #3c763d; \" class=\"ub-styled-box ub-notification-box wp-block-ub-styled-box\" id=\"ub-styled-box-85bcf43d-0d4a-4f53-8a91-944d28739cf2\">\n<p id=\"ub-styled-box-notification-content-\"><strong>Longitud<\/strong>: 6,44 kil\u00f3metros<\/p>\n\n\n\n<p><strong>Dificultad<\/strong>: f\u00e1cil<\/p>\n\n\n\n<p><strong>Tipo de ruta<\/strong>: circular<\/p>\n\n\n\n<p><a href=\"https:\/\/es.wikiloc.com\/wikiloc\/user.do?id=18371984&amp;event=favorites&amp;listId=2005695\" target=\"_blank\" rel=\"noreferrer noopener nofollow\">Track de Wikiloc<\/a><\/p>\n\n\n<\/div>\n\n\n<p>El sendero comienza en el <strong>mirador de las Alvirillas, en el peque\u00f1o pueblo de Meleg\u00eds<\/strong>. De nuevo entre naranjos, ofrece una vista panor\u00e1mica privilegiada del valle, desde el pantano de B\u00e9znar hasta el municipio de Rest\u00e1bal. Contin\u00faa por el n\u00facleo urbano, permitiendo conocer sus callejuelas, la iglesia de San Juan Evangelista y el lavadero, que est\u00e1 muy bien conservado. Prosigue entre huertas y campos de naranjos hasta descender hacia el embalse. Son algo m\u00e1s de 6 kil\u00f3metros de ruta y unos 130 metros de desnivel positivo.<\/p>\n\n\n\n<div class=\"wp-block-buttons is-layout-flex wp-block-buttons-is-layout-flex\">\n<div class=\"wp-block-button\"><a class=\"wp-block-button__link wp-element-button\" href=\"\/casas-rurales\/melegis\" target=\"_blank\" rel=\"noreferrer noopener\">Alojamientos rurales en Meleg\u00eds<\/a><\/div>\n<\/div>\n\n\n\n<p>Tras estas rutas, <strong>\u00bfa qui\u00e9n no le apetece una naranja o una mandarina?<\/strong><\/p>\n","protected":false},"excerpt":{"rendered":"<p>Rutas entre naranjos y mandarinas, o con el olor del azahar cuando florecen, en Valencia, Castell\u00f3n y Granada.<\/p>\n","protected":false},"author":123,"featured_media":210126,"comment_status":"open","ping_status":"open","sticky":false,"template":"","format":"standard","meta":{"_acf_changed":false,"om_disable_all_campaigns":false,"footnotes":""},"categories":[1379],"tags":[6597,496,469,338,1756,6596,6598,6595,6599,1500,6087,602,3735],"class_list":["post-209556","post","type-post","status-publish","format-standard","has-post-thumbnail","hentry","category-rutas-y-excursiones","tag-alzira","tag-que-ver-en-castellon","tag-que-ver-en-la-comunidad-valenciana","tag-que-ver-en-granada","tag-invierno","tag-mandarinas","tag-melegis","tag-naranjas","tag-nules","tag-otono","tag-senderismo","tag-que-ver-en-valencia","tag-valle-de-lecrin"],"acf":[],"featured_image_src":"https:\/\/www.escapadarural.com\/blog\/wp-content\/uploads\/2025\/10\/AdobeStock_376224428-scaled-e1761828687494.webp","author_info":{"display_name":"Raquel Andr\u00e9s","author_link":"https:\/\/www.escapadarural.com\/blog\/autor\/raquel\/"},"yoast_head":"<!-- This site is optimized with the Yoast SEO plugin v27.5 - https:\/\/yoast.com\/product\/yoast-seo-wordpress\/ -->\n<title>Rutas entre naranjos - EscapadaRural<\/title>\n<meta name=\"description\" content=\"Rutas entre naranjos y mandarinas, o con el olor del azahar cuando florecen, en Valencia, Castell\u00f3n y Granada.\" \/>\n<meta name=\"robots\" content=\"index, follow, max-snippet:-1, max-image-preview:large, max-video-preview:-1\" \/>\n<link rel=\"canonical\" href=\"https:\/\/www.escapadarural.com\/blog\/rutas-entre-naranjos\/\" \/>\n<meta property=\"og:locale\" content=\"es_ES\" \/>\n<meta property=\"og:type\" content=\"article\" \/>\n<meta property=\"og:title\" content=\"Rutas entre naranjos - EscapadaRural\" \/>\n<meta property=\"og:description\" content=\"Rutas entre naranjos y mandarinas, o con el olor del azahar cuando florecen, en Valencia, Castell\u00f3n y Granada.\" \/>\n<meta property=\"og:url\" content=\"https:\/\/www.escapadarural.com\/blog\/rutas-entre-naranjos\/\" \/>\n<meta property=\"og:site_name\" content=\"Magazine de viajes de EscapadaRural\" \/>\n<meta property=\"article:publisher\" content=\"https:\/\/www.facebook.com\/escapadarural\" \/>\n<meta property=\"article:published_time\" content=\"2025-11-02T07:55:00+00:00\" \/>\n<meta property=\"og:image\" content=\"https:\/\/127.0.0.1\/blog\/wp-content\/uploads\/2025\/10\/AdobeStock_376224428-scaled-e1761828687494.webp\" \/>\n\t<meta property=\"og:image:width\" content=\"1200\" \/>\n\t<meta property=\"og:image:height\" content=\"800\" \/>\n\t<meta property=\"og:image:type\" content=\"image\/webp\" \/>\n<meta name=\"author\" content=\"Raquel Andr\u00e9s\" \/>\n<meta name=\"twitter:card\" content=\"summary_large_image\" \/>\n<meta name=\"twitter:label1\" content=\"Escrito por\" \/>\n\t<meta name=\"twitter:data1\" content=\"Raquel Andr\u00e9s\" \/>\n\t<meta name=\"twitter:label2\" content=\"Tiempo de lectura\" \/>\n\t<meta name=\"twitter:data2\" content=\"6 minutos\" \/>\n<script type=\"application\/ld+json\" class=\"yoast-schema-graph\">{\"@context\":\"https:\\\/\\\/schema.org\",\"@graph\":[{\"@type\":\"Article\",\"@id\":\"https:\\\/\\\/www.escapadarural.com\\\/blog\\\/rutas-entre-naranjos\\\/#article\",\"isPartOf\":{\"@id\":\"https:\\\/\\\/www.escapadarural.com\\\/blog\\\/rutas-entre-naranjos\\\/\"},\"author\":{\"name\":\"Raquel Andr\u00e9s\",\"@id\":\"https:\\\/\\\/www.escapadarural.com\\\/blog\\\/#\\\/schema\\\/person\\\/67be061eb00d8315fa8642e01b88c894\"},\"headline\":\"Rutas entre naranjos: la fruta estrella del oto\u00f1o e invierno\",\"datePublished\":\"2025-11-02T07:55:00+00:00\",\"mainEntityOfPage\":{\"@id\":\"https:\\\/\\\/www.escapadarural.com\\\/blog\\\/rutas-entre-naranjos\\\/\"},\"wordCount\":1273,\"commentCount\":0,\"publisher\":{\"@id\":\"https:\\\/\\\/www.escapadarural.com\\\/blog\\\/#organization\"},\"image\":{\"@id\":\"https:\\\/\\\/www.escapadarural.com\\\/blog\\\/rutas-entre-naranjos\\\/#primaryimage\"},\"thumbnailUrl\":\"https:\\\/\\\/www.escapadarural.com\\\/blog\\\/wp-content\\\/uploads\\\/2025\\\/10\\\/AdobeStock_376224428-scaled-e1761828687494.webp\",\"keywords\":[\"Alzira\",\"Castell\u00f3n\",\"Comunidad Valenciana\",\"Granada\",\"Invierno\",\"mandarinas\",\"Meleg\u00eds\",\"naranjas\",\"Nules\",\"Oto\u00f1o\",\"senderismo\",\"Valencia\",\"Valle de Lecr\u00edn\"],\"articleSection\":[\"Rutas y excursiones\"],\"inLanguage\":\"es\",\"potentialAction\":[{\"@type\":\"CommentAction\",\"name\":\"Comment\",\"target\":[\"https:\\\/\\\/www.escapadarural.com\\\/blog\\\/rutas-entre-naranjos\\\/#respond\"]}]},{\"@type\":\"WebPage\",\"@id\":\"https:\\\/\\\/www.escapadarural.com\\\/blog\\\/rutas-entre-naranjos\\\/\",\"url\":\"https:\\\/\\\/www.escapadarural.com\\\/blog\\\/rutas-entre-naranjos\\\/\",\"name\":\"Rutas entre naranjos - EscapadaRural\",\"isPartOf\":{\"@id\":\"https:\\\/\\\/www.escapadarural.com\\\/blog\\\/#website\"},\"primaryImageOfPage\":{\"@id\":\"https:\\\/\\\/www.escapadarural.com\\\/blog\\\/rutas-entre-naranjos\\\/#primaryimage\"},\"image\":{\"@id\":\"https:\\\/\\\/www.escapadarural.com\\\/blog\\\/rutas-entre-naranjos\\\/#primaryimage\"},\"thumbnailUrl\":\"https:\\\/\\\/www.escapadarural.com\\\/blog\\\/wp-content\\\/uploads\\\/2025\\\/10\\\/AdobeStock_376224428-scaled-e1761828687494.webp\",\"datePublished\":\"2025-11-02T07:55:00+00:00\",\"description\":\"Rutas entre naranjos y mandarinas, o con el olor del azahar cuando florecen, en Valencia, Castell\u00f3n y Granada.\",\"breadcrumb\":{\"@id\":\"https:\\\/\\\/www.escapadarural.com\\\/blog\\\/rutas-entre-naranjos\\\/#breadcrumb\"},\"inLanguage\":\"es\",\"potentialAction\":[{\"@type\":\"ReadAction\",\"target\":[\"https:\\\/\\\/www.escapadarural.com\\\/blog\\\/rutas-entre-naranjos\\\/\"]}]},{\"@type\":\"ImageObject\",\"inLanguage\":\"es\",\"@id\":\"https:\\\/\\\/www.escapadarural.com\\\/blog\\\/rutas-entre-naranjos\\\/#primaryimage\",\"url\":\"https:\\\/\\\/www.escapadarural.com\\\/blog\\\/wp-content\\\/uploads\\\/2025\\\/10\\\/AdobeStock_376224428-scaled-e1761828687494.webp\",\"contentUrl\":\"https:\\\/\\\/www.escapadarural.com\\\/blog\\\/wp-content\\\/uploads\\\/2025\\\/10\\\/AdobeStock_376224428-scaled-e1761828687494.webp\",\"width\":1200,\"height\":800,\"caption\":\"B\u00e9znar, en el valle de Lecr\u00edn (Granada). Por M. Perfectti\"},{\"@type\":\"BreadcrumbList\",\"@id\":\"https:\\\/\\\/www.escapadarural.com\\\/blog\\\/rutas-entre-naranjos\\\/#breadcrumb\",\"itemListElement\":[{\"@type\":\"ListItem\",\"position\":1,\"name\":\"Inicio\",\"item\":\"https:\\\/\\\/www.escapadarural.com\\\/blog\\\/\"},{\"@type\":\"ListItem\",\"position\":2,\"name\":\"Rutas y excursiones\",\"item\":\"https:\\\/\\\/www.escapadarural.com\\\/blog\\\/categoria\\\/rutas-y-excursiones\\\/\"},{\"@type\":\"ListItem\",\"position\":3,\"name\":\"Rutas entre naranjos: la fruta estrella del oto\u00f1o e invierno\"}]},{\"@type\":\"WebSite\",\"@id\":\"https:\\\/\\\/www.escapadarural.com\\\/blog\\\/#website\",\"url\":\"https:\\\/\\\/www.escapadarural.com\\\/blog\\\/\",\"name\":\"Blog de viajes | turismo rural, alojamientos e inspiraci\u00f3n\",\"description\":\"Alojamientos rurales e inspiraci\u00f3n para tus escapadas\",\"publisher\":{\"@id\":\"https:\\\/\\\/www.escapadarural.com\\\/blog\\\/#organization\"},\"alternateName\":\"Magazine de viajes de EscapadaRural\",\"potentialAction\":[{\"@type\":\"SearchAction\",\"target\":{\"@type\":\"EntryPoint\",\"urlTemplate\":\"https:\\\/\\\/www.escapadarural.com\\\/blog\\\/?s={search_term_string}\"},\"query-input\":{\"@type\":\"PropertyValueSpecification\",\"valueRequired\":true,\"valueName\":\"search_term_string\"}}],\"inLanguage\":\"es\"},{\"@type\":\"Organization\",\"@id\":\"https:\\\/\\\/www.escapadarural.com\\\/blog\\\/#organization\",\"name\":\"EscapadaRural\",\"url\":\"https:\\\/\\\/www.escapadarural.com\\\/blog\\\/\",\"logo\":{\"@type\":\"ImageObject\",\"inLanguage\":\"es\",\"@id\":\"https:\\\/\\\/www.escapadarural.com\\\/blog\\\/#\\\/schema\\\/logo\\\/image\\\/\",\"url\":\"https:\\\/\\\/www.escapadarural.com\\\/blog\\\/wp-content\\\/uploads\\\/2024\\\/10\\\/cropped-cropped-escapada-rural-icon-mag-3.png\",\"contentUrl\":\"https:\\\/\\\/www.escapadarural.com\\\/blog\\\/wp-content\\\/uploads\\\/2024\\\/10\\\/cropped-cropped-escapada-rural-icon-mag-3.png\",\"width\":512,\"height\":512,\"caption\":\"EscapadaRural\"},\"image\":{\"@id\":\"https:\\\/\\\/www.escapadarural.com\\\/blog\\\/#\\\/schema\\\/logo\\\/image\\\/\"},\"sameAs\":[\"https:\\\/\\\/www.facebook.com\\\/escapadarural\",\"https:\\\/\\\/www.instagram.com\\\/escapadarural\\\/\",\"https:\\\/\\\/www.youtube.com\\\/@escapadaruralcom\"]},{\"@type\":\"Person\",\"@id\":\"https:\\\/\\\/www.escapadarural.com\\\/blog\\\/#\\\/schema\\\/person\\\/67be061eb00d8315fa8642e01b88c894\",\"name\":\"Raquel Andr\u00e9s\",\"image\":{\"@type\":\"ImageObject\",\"inLanguage\":\"es\",\"@id\":\"https:\\\/\\\/secure.gravatar.com\\\/avatar\\\/b45840531462f3cafb335a9fc5c0bfda2c07c3df4b82b304b923526b85cc6cb5?s=96&d=mm&r=g\",\"url\":\"https:\\\/\\\/secure.gravatar.com\\\/avatar\\\/b45840531462f3cafb335a9fc5c0bfda2c07c3df4b82b304b923526b85cc6cb5?s=96&d=mm&r=g\",\"contentUrl\":\"https:\\\/\\\/secure.gravatar.com\\\/avatar\\\/b45840531462f3cafb335a9fc5c0bfda2c07c3df4b82b304b923526b85cc6cb5?s=96&d=mm&r=g\",\"caption\":\"Raquel Andr\u00e9s\"},\"description\":\"Periodista y aventurera. Me has podido leer en Escapada Rural, Diari Nosaltres La Veu, La Vanguardia, El Salto y otros medios. Habitante y amante de las zonas rurales, sea cual sea el destino. Procuro escaparme una vez por semana con las botas de monta\u00f1a, el arn\u00e9s o el neopreno. Tambi\u00e9n soy un intento de baserritarra.\",\"url\":\"https:\\\/\\\/www.escapadarural.com\\\/blog\\\/autor\\\/raquel\\\/\"}]}<\/script>\n<!-- \/ Yoast SEO plugin. -->","yoast_head_json":{"title":"Rutas entre naranjos - EscapadaRural","description":"Rutas entre naranjos y mandarinas, o con el olor del azahar cuando florecen, en Valencia, Castell\u00f3n y Granada.","robots":{"index":"index","follow":"follow","max-snippet":"max-snippet:-1","max-image-preview":"max-image-preview:large","max-video-preview":"max-video-preview:-1"},"canonical":"https:\/\/www.escapadarural.com\/blog\/rutas-entre-naranjos\/","og_locale":"es_ES","og_type":"article","og_title":"Rutas entre naranjos - EscapadaRural","og_description":"Rutas entre naranjos y mandarinas, o con el olor del azahar cuando florecen, en Valencia, Castell\u00f3n y Granada.","og_url":"https:\/\/www.escapadarural.com\/blog\/rutas-entre-naranjos\/","og_site_name":"Magazine de viajes de EscapadaRural","article_publisher":"https:\/\/www.facebook.com\/escapadarural","article_published_time":"2025-11-02T07:55:00+00:00","og_image":[{"width":1200,"height":800,"url":"https:\/\/127.0.0.1\/blog\/wp-content\/uploads\/2025\/10\/AdobeStock_376224428-scaled-e1761828687494.webp","type":"image\/webp"}],"author":"Raquel Andr\u00e9s","twitter_card":"summary_large_image","twitter_misc":{"Escrito por":"Raquel Andr\u00e9s","Tiempo de lectura":"6 minutos"},"schema":{"@context":"https:\/\/schema.org","@graph":[{"@type":"Article","@id":"https:\/\/www.escapadarural.com\/blog\/rutas-entre-naranjos\/#article","isPartOf":{"@id":"https:\/\/www.escapadarural.com\/blog\/rutas-entre-naranjos\/"},"author":{"name":"Raquel Andr\u00e9s","@id":"https:\/\/www.escapadarural.com\/blog\/#\/schema\/person\/67be061eb00d8315fa8642e01b88c894"},"headline":"Rutas entre naranjos: la fruta estrella del oto\u00f1o e invierno","datePublished":"2025-11-02T07:55:00+00:00","mainEntityOfPage":{"@id":"https:\/\/www.escapadarural.com\/blog\/rutas-entre-naranjos\/"},"wordCount":1273,"commentCount":0,"publisher":{"@id":"https:\/\/www.escapadarural.com\/blog\/#organization"},"image":{"@id":"https:\/\/www.escapadarural.com\/blog\/rutas-entre-naranjos\/#primaryimage"},"thumbnailUrl":"https:\/\/www.escapadarural.com\/blog\/wp-content\/uploads\/2025\/10\/AdobeStock_376224428-scaled-e1761828687494.webp","keywords":["Alzira","Castell\u00f3n","Comunidad Valenciana","Granada","Invierno","mandarinas","Meleg\u00eds","naranjas","Nules","Oto\u00f1o","senderismo","Valencia","Valle de Lecr\u00edn"],"articleSection":["Rutas y excursiones"],"inLanguage":"es","potentialAction":[{"@type":"CommentAction","name":"Comment","target":["https:\/\/www.escapadarural.com\/blog\/rutas-entre-naranjos\/#respond"]}]},{"@type":"WebPage","@id":"https:\/\/www.escapadarural.com\/blog\/rutas-entre-naranjos\/","url":"https:\/\/www.escapadarural.com\/blog\/rutas-entre-naranjos\/","name":"Rutas entre naranjos - EscapadaRural","isPartOf":{"@id":"https:\/\/www.escapadarural.com\/blog\/#website"},"primaryImageOfPage":{"@id":"https:\/\/www.escapadarural.com\/blog\/rutas-entre-naranjos\/#primaryimage"},"image":{"@id":"https:\/\/www.escapadarural.com\/blog\/rutas-entre-naranjos\/#primaryimage"},"thumbnailUrl":"https:\/\/www.escapadarural.com\/blog\/wp-content\/uploads\/2025\/10\/AdobeStock_376224428-scaled-e1761828687494.webp","datePublished":"2025-11-02T07:55:00+00:00","description":"Rutas entre naranjos y mandarinas, o con el olor del azahar cuando florecen, en Valencia, Castell\u00f3n y Granada.","breadcrumb":{"@id":"https:\/\/www.escapadarural.com\/blog\/rutas-entre-naranjos\/#breadcrumb"},"inLanguage":"es","potentialAction":[{"@type":"ReadAction","target":["https:\/\/www.escapadarural.com\/blog\/rutas-entre-naranjos\/"]}]},{"@type":"ImageObject","inLanguage":"es","@id":"https:\/\/www.escapadarural.com\/blog\/rutas-entre-naranjos\/#primaryimage","url":"https:\/\/www.escapadarural.com\/blog\/wp-content\/uploads\/2025\/10\/AdobeStock_376224428-scaled-e1761828687494.webp","contentUrl":"https:\/\/www.escapadarural.com\/blog\/wp-content\/uploads\/2025\/10\/AdobeStock_376224428-scaled-e1761828687494.webp","width":1200,"height":800,"caption":"B\u00e9znar, en el valle de Lecr\u00edn (Granada). Por M. Perfectti"},{"@type":"BreadcrumbList","@id":"https:\/\/www.escapadarural.com\/blog\/rutas-entre-naranjos\/#breadcrumb","itemListElement":[{"@type":"ListItem","position":1,"name":"Inicio","item":"https:\/\/www.escapadarural.com\/blog\/"},{"@type":"ListItem","position":2,"name":"Rutas y excursiones","item":"https:\/\/www.escapadarural.com\/blog\/categoria\/rutas-y-excursiones\/"},{"@type":"ListItem","position":3,"name":"Rutas entre naranjos: la fruta estrella del oto\u00f1o e invierno"}]},{"@type":"WebSite","@id":"https:\/\/www.escapadarural.com\/blog\/#website","url":"https:\/\/www.escapadarural.com\/blog\/","name":"Blog de viajes | turismo rural, alojamientos e inspiraci\u00f3n","description":"Alojamientos rurales e inspiraci\u00f3n para tus escapadas","publisher":{"@id":"https:\/\/www.escapadarural.com\/blog\/#organization"},"alternateName":"Magazine de viajes de EscapadaRural","potentialAction":[{"@type":"SearchAction","target":{"@type":"EntryPoint","urlTemplate":"https:\/\/www.escapadarural.com\/blog\/?s={search_term_string}"},"query-input":{"@type":"PropertyValueSpecification","valueRequired":true,"valueName":"search_term_string"}}],"inLanguage":"es"},{"@type":"Organization","@id":"https:\/\/www.escapadarural.com\/blog\/#organization","name":"EscapadaRural","url":"https:\/\/www.escapadarural.com\/blog\/","logo":{"@type":"ImageObject","inLanguage":"es","@id":"https:\/\/www.escapadarural.com\/blog\/#\/schema\/logo\/image\/","url":"https:\/\/www.escapadarural.com\/blog\/wp-content\/uploads\/2024\/10\/cropped-cropped-escapada-rural-icon-mag-3.png","contentUrl":"https:\/\/www.escapadarural.com\/blog\/wp-content\/uploads\/2024\/10\/cropped-cropped-escapada-rural-icon-mag-3.png","width":512,"height":512,"caption":"EscapadaRural"},"image":{"@id":"https:\/\/www.escapadarural.com\/blog\/#\/schema\/logo\/image\/"},"sameAs":["https:\/\/www.facebook.com\/escapadarural","https:\/\/www.instagram.com\/escapadarural\/","https:\/\/www.youtube.com\/@escapadaruralcom"]},{"@type":"Person","@id":"https:\/\/www.escapadarural.com\/blog\/#\/schema\/person\/67be061eb00d8315fa8642e01b88c894","name":"Raquel Andr\u00e9s","image":{"@type":"ImageObject","inLanguage":"es","@id":"https:\/\/secure.gravatar.com\/avatar\/b45840531462f3cafb335a9fc5c0bfda2c07c3df4b82b304b923526b85cc6cb5?s=96&d=mm&r=g","url":"https:\/\/secure.gravatar.com\/avatar\/b45840531462f3cafb335a9fc5c0bfda2c07c3df4b82b304b923526b85cc6cb5?s=96&d=mm&r=g","contentUrl":"https:\/\/secure.gravatar.com\/avatar\/b45840531462f3cafb335a9fc5c0bfda2c07c3df4b82b304b923526b85cc6cb5?s=96&d=mm&r=g","caption":"Raquel Andr\u00e9s"},"description":"Periodista y aventurera. Me has podido leer en Escapada Rural, Diari Nosaltres La Veu, La Vanguardia, El Salto y otros medios. Habitante y amante de las zonas rurales, sea cual sea el destino. Procuro escaparme una vez por semana con las botas de monta\u00f1a, el arn\u00e9s o el neopreno. Tambi\u00e9n soy un intento de baserritarra.","url":"https:\/\/www.escapadarural.com\/blog\/autor\/raquel\/"}]}},"_links":{"self":[{"href":"https:\/\/www.escapadarural.com\/blog\/wp-json\/wp\/v2\/posts\/209556","targetHints":{"allow":["GET"]}}],"collection":[{"href":"https:\/\/www.escapadarural.com\/blog\/wp-json\/wp\/v2\/posts"}],"about":[{"href":"https:\/\/www.escapadarural.com\/blog\/wp-json\/wp\/v2\/types\/post"}],"author":[{"embeddable":true,"href":"https:\/\/www.escapadarural.com\/blog\/wp-json\/wp\/v2\/users\/123"}],"replies":[{"embeddable":true,"href":"https:\/\/www.escapadarural.com\/blog\/wp-json\/wp\/v2\/comments?post=209556"}],"version-history":[{"count":0,"href":"https:\/\/www.escapadarural.com\/blog\/wp-json\/wp\/v2\/posts\/209556\/revisions"}],"wp:featuredmedia":[{"embeddable":true,"href":"https:\/\/www.escapadarural.com\/blog\/wp-json\/wp\/v2\/media\/210126"}],"wp:attachment":[{"href":"https:\/\/www.escapadarural.com\/blog\/wp-json\/wp\/v2\/media?parent=209556"}],"wp:term":[{"taxonomy":"category","embeddable":true,"href":"https:\/\/www.escapadarural.com\/blog\/wp-json\/wp\/v2\/categories?post=209556"},{"taxonomy":"post_tag","embeddable":true,"href":"https:\/\/www.escapadarural.com\/blog\/wp-json\/wp\/v2\/tags?post=209556"}],"curies":[{"name":"wp","href":"https:\/\/api.w.org\/{rel}","templated":true}]}}