{"id":209562,"date":"2025-12-06T08:55:00","date_gmt":"2025-12-06T07:55:00","guid":{"rendered":"https:\/\/www.escapadarural.com\/blog\/?p=209562"},"modified":"2026-03-18T15:47:49","modified_gmt":"2026-03-18T14:47:49","slug":"orgiva-pueblo-rockero-biblia-neorrural","status":"publish","type":"post","link":"https:\/\/www.escapadarural.com\/blog\/orgiva-pueblo-rockero-biblia-neorrural\/","title":{"rendered":"As\u00ed es el pueblo del rockero que escribi\u00f3 la &#8216;Biblia neorrural&#8217;"},"content":{"rendered":"\n<p>En los \u00faltimos a\u00f1os se ha extendido mucho la <strong>literatura con sabor rural y con mucha calidad<\/strong>. Es una v\u00eda que da voz a las personas que viven en los espacios menos habitados, los m\u00e1s olvidados. Ahora bien, a finales de los a\u00f1os noventa no era tan f\u00e1cil encontrar libros que no tuvieran una gran ciudad como tel\u00f3n de fondo. Hubo uno que revolucion\u00f3 los estantes y las ventas:<em>&nbsp;Entre limones<\/em>, de Chris Stewart. Desprende un olor fresco a azahar que nos lleva al pueblecito de \u00d3rgiva, en la <a href=\"\/casas-rurales\/alpujarra-granadina\">Alpujarra granadina<\/a>.<\/p>\n\n\n\n<div class=\"wp-block-buttons is-layout-flex wp-block-buttons-is-layout-flex\">\n<div class=\"wp-block-button\"><a class=\"wp-block-button__link wp-element-button\" href=\"\/casas-rurales\/orgiva\" target=\"_blank\" rel=\"noreferrer noopener\">Alojamientos rurales en \u00d3rgiva<\/a><\/div>\n<\/div>\n\n\n\n<figure class=\"wp-block-image size-large\"><img loading=\"lazy\" decoding=\"async\" width=\"1024\" height=\"683\" src=\"https:\/\/www.escapadarural.com\/blog\/wp-content\/uploads\/2025\/12\/AdobeStock_228536063-1024x683.jpeg\" alt=\"\u00d3rgiva, Alpujarra granadina. Por fjgalcaraz\" class=\"wp-image-211206\" srcset=\"https:\/\/www.escapadarural.com\/blog\/wp-content\/uploads\/2025\/12\/AdobeStock_228536063-200x133.jpeg 200w, https:\/\/www.escapadarural.com\/blog\/wp-content\/uploads\/2025\/12\/AdobeStock_228536063-300x200.jpeg 300w, https:\/\/www.escapadarural.com\/blog\/wp-content\/uploads\/2025\/12\/AdobeStock_228536063-400x267.jpeg 400w, https:\/\/www.escapadarural.com\/blog\/wp-content\/uploads\/2025\/12\/AdobeStock_228536063-600x400.jpeg 600w, https:\/\/www.escapadarural.com\/blog\/wp-content\/uploads\/2025\/12\/AdobeStock_228536063-768x512.jpeg 768w, https:\/\/www.escapadarural.com\/blog\/wp-content\/uploads\/2025\/12\/AdobeStock_228536063-800x533.jpeg 800w, https:\/\/www.escapadarural.com\/blog\/wp-content\/uploads\/2025\/12\/AdobeStock_228536063-1024x683.jpeg 1024w, https:\/\/www.escapadarural.com\/blog\/wp-content\/uploads\/2025\/12\/AdobeStock_228536063-1200x800.jpeg 1200w, https:\/\/www.escapadarural.com\/blog\/wp-content\/uploads\/2025\/12\/AdobeStock_228536063-1536x1024.jpeg 1536w\" sizes=\"auto, (max-width: 1024px) 100vw, 1024px\" \/><figcaption class=\"wp-element-caption\">\u00d3rgiva, Alpujarra granadina. Por fjgalcaraz.<\/figcaption><\/figure>\n\n\n\n<h2 class=\"wp-block-heading\" id=\"h-una-historia-neorrural-sin-caer-en-la-idealizacion\"><strong>Una historia neorrural sin caer en la idealizaci\u00f3n<\/strong><strong><\/strong><\/h2>\n\n\n\n<p><em>Entre limones<\/em>&nbsp;es un relato sencillo y ligero, de esos que se leen r\u00e1pido. Cuenta la historia real del que fuera el primer baterista de la <strong>m\u00edtica banda de rock Genesis<\/strong>. Cansado de su ajetreada vida en Londres, decidi\u00f3 comprar un viejo cortijo en la Alpujarra de Granada con su pareja. El t\u00edpico sue\u00f1o de tantos, con la diferencia de que \u00e9l s\u00ed que lo hizo realidad. <strong>El cortijo se llama \u201cEl Valero\u201d<\/strong> y estaba -o mejor dicho, est\u00e1- en una colina, entre olivos, almendros y limoneros, en el margen de un r\u00edo, sin carretera de acceso, sin agua y sin electricidad.<\/p>\n\n\n<div class=\"wp-block-image\">\n<figure class=\"aligncenter size-full\"><img loading=\"lazy\" decoding=\"async\" width=\"300\" height=\"477\" src=\"https:\/\/www.escapadarural.com\/blog\/wp-content\/uploads\/2025\/10\/978841817394.webp\" alt=\"Portada del libro 'Entre limones', de Chris Stewart\" class=\"wp-image-209563\" srcset=\"https:\/\/www.escapadarural.com\/blog\/wp-content\/uploads\/2025\/10\/978841817394-189x300.webp 189w, https:\/\/www.escapadarural.com\/blog\/wp-content\/uploads\/2025\/10\/978841817394-200x318.webp 200w, https:\/\/www.escapadarural.com\/blog\/wp-content\/uploads\/2025\/10\/978841817394.webp 300w\" sizes=\"auto, (max-width: 300px) 100vw, 300px\" \/><figcaption class=\"wp-element-caption\">Portada del libro &#8216;Entre limones&#8217;, de Chris Stewart<\/figcaption><\/figure>\n<\/div>\n\n\n<p>Es un libro optimista, que no de idealizaci\u00f3n ut\u00f3pica de la vida rural. De hecho, narra las vicisitudes con las que se encuentra, la precariedad de la vida diaria y el trabajo por ganar comodidades, la personalidad reticente de ciertos campesinos locales, los enga\u00f1os y la solidaridad con la que se topa a la hora de iniciar su nuevo proyecto de vida. Todo narrado desde el respeto y el humor. De hecho, la primera persona de la que se r\u00ede es de \u00e9l mismo y de sus <strong>escasos conocimientos sobre los quehaceres rurales<\/strong>.<\/p>\n\n\n\n<p>Con los a\u00f1os, <em>Entre limones <\/em><strong>se ha convertido en algo as\u00ed como la \u201cBiblia neorrural\u201d<\/strong>, el t\u00edpico libro que hay que leerse antes de irse a vivir al campo, que anima a lanzarse a la aventura y a tener los pies en el suelo al mismo tiempo. Una novela que, adem\u00e1s, puso en el mapa \u00d3rgiva, un pueblo que ha ganado 1.700 habitantes desde el a\u00f1o 2000, llegando a los 5.700. No sabemos si como consecuencia de la obra de Stewart, si por ser la capital de la Alpujarra granadina o por una mezcla de ambas cosas.<\/p>\n\n\n\n<figure class=\"wp-block-image size-full\"><img loading=\"lazy\" decoding=\"async\" width=\"1024\" height=\"685\" src=\"https:\/\/www.escapadarural.com\/blog\/wp-content\/uploads\/2025\/10\/AdobeStock_48424450.webp\" alt=\"\u00d3rgiva, en la Alpujarra de Granada. Por arenaphotouk\" class=\"wp-image-209565\" srcset=\"https:\/\/www.escapadarural.com\/blog\/wp-content\/uploads\/2025\/10\/AdobeStock_48424450-200x134.webp 200w, https:\/\/www.escapadarural.com\/blog\/wp-content\/uploads\/2025\/10\/AdobeStock_48424450-300x201.webp 300w, https:\/\/www.escapadarural.com\/blog\/wp-content\/uploads\/2025\/10\/AdobeStock_48424450-400x268.webp 400w, https:\/\/www.escapadarural.com\/blog\/wp-content\/uploads\/2025\/10\/AdobeStock_48424450-600x401.webp 600w, https:\/\/www.escapadarural.com\/blog\/wp-content\/uploads\/2025\/10\/AdobeStock_48424450-768x514.webp 768w, https:\/\/www.escapadarural.com\/blog\/wp-content\/uploads\/2025\/10\/AdobeStock_48424450-800x535.webp 800w, https:\/\/www.escapadarural.com\/blog\/wp-content\/uploads\/2025\/10\/AdobeStock_48424450.webp 1024w\" sizes=\"auto, (max-width: 1024px) 100vw, 1024px\" \/><figcaption class=\"wp-element-caption\">\u00d3rgiva, en la Alpujarra de Granada. Por arenaphotouk<\/figcaption><\/figure>\n\n\n\n<h2 class=\"wp-block-heading\" id=\"h-un-pueblo-guevero-multicultural-y-quijotesco\"><strong>Un pueblo \u201cg\u00fcevero\u201d, multicultural y quijotesco<\/strong><strong><\/strong><\/h2>\n\n\n\n<p>En cualquier caso, <strong>\u00d3rgiva es un municipio que merece la pena conocer<\/strong> en las Alpujarras, tanto por su patrimonio hist\u00f3rico como por su entorno natural. No hace falta dejarlo todo y comprar un cortijo, \u00a1siempre te puedes quedar en una <a href=\"\/casas-rurales\/orgiva\">casa rural en los alrededores<\/a>! Uno de los enclaves con m\u00e1s encanto del pueblo es el barrio Alto, donde se conserva la arquitectura tradicional de la zona: casas encaladas de blanco, balcones rebosantes de flores coloridas y empinadas callejuelas. Al final del ascenso, est\u00e1 la ermita de San Sebasti\u00e1n, en el punto m\u00e1s alto del municipio, por lo que ofrece una de las mejores vistas.<\/p>\n\n\n\n<figure class=\"wp-block-image size-large\"><img loading=\"lazy\" decoding=\"async\" width=\"1024\" height=\"683\" src=\"https:\/\/www.escapadarural.com\/blog\/wp-content\/uploads\/2025\/12\/AdobeStock_94719923-1024x683.jpeg\" alt=\"Iglesia de Nuestra Se\u00f1ora de la Expectaci\u00f3n, \u00d3rgiva, Granada. Por Antonio ciero\" class=\"wp-image-211203\" srcset=\"https:\/\/www.escapadarural.com\/blog\/wp-content\/uploads\/2025\/12\/AdobeStock_94719923-200x133.jpeg 200w, https:\/\/www.escapadarural.com\/blog\/wp-content\/uploads\/2025\/12\/AdobeStock_94719923-300x200.jpeg 300w, https:\/\/www.escapadarural.com\/blog\/wp-content\/uploads\/2025\/12\/AdobeStock_94719923-400x267.jpeg 400w, https:\/\/www.escapadarural.com\/blog\/wp-content\/uploads\/2025\/12\/AdobeStock_94719923-600x400.jpeg 600w, https:\/\/www.escapadarural.com\/blog\/wp-content\/uploads\/2025\/12\/AdobeStock_94719923-768x512.jpeg 768w, https:\/\/www.escapadarural.com\/blog\/wp-content\/uploads\/2025\/12\/AdobeStock_94719923-800x533.jpeg 800w, https:\/\/www.escapadarural.com\/blog\/wp-content\/uploads\/2025\/12\/AdobeStock_94719923-1024x683.jpeg 1024w, https:\/\/www.escapadarural.com\/blog\/wp-content\/uploads\/2025\/12\/AdobeStock_94719923-1200x800.jpeg 1200w, https:\/\/www.escapadarural.com\/blog\/wp-content\/uploads\/2025\/12\/AdobeStock_94719923-1536x1024.jpeg 1536w\" sizes=\"auto, (max-width: 1024px) 100vw, 1024px\" \/><figcaption class=\"wp-element-caption\">Iglesia de Nuestra Se\u00f1ora de la Expectaci\u00f3n, \u00d3rgiva, Granada. Por Antonio ciero<\/figcaption><\/figure>\n\n\n\n<p>En el centro del pueblo est\u00e1 la moderna plaza de la Alpujarra, que mantiene un estilo tradicional con dos tinaos de unos 10 metros de largo que <strong>representan diferentes pueblos alpujarre\u00f1os mediante ilustraciones<\/strong>. En la plaza de las Culturas encontramos un homenaje a la diversidad cultural del municipio, ya que aqu\u00ed conviven m\u00e1s de 70 nacionalidades diferentes, desde viajeros <em>New Age<\/em> y expatriados como Chris Stwart hasta personas empujadas por la b\u00fasqueda de empleo. <\/p>\n\n\n\n<p>Pero da igual de d\u00f3nde vengan, hoy todos ellos son orgive\u00f1os y orgive\u00f1as, o como se les conoce popularmente, \u201cg\u00fceveros\u201d y \u201cg\u00fceveras\u201d. No est\u00e1 claro el <strong>origen de este gentilicio extraoficial<\/strong>: hay quien defiende que se debe a la tradicional venta de huevos en el pueblo y quien piensa que es porque se decor\u00f3 con miles de c\u00e1scaras de huevo para recibir al rey Alfonso XIII. \u00a1A saber!<\/p>\n\n\n\n<figure class=\"wp-block-image size-large\"><img loading=\"lazy\" decoding=\"async\" width=\"1024\" height=\"576\" src=\"https:\/\/www.escapadarural.com\/blog\/wp-content\/uploads\/2025\/12\/AdobeStock_453385066-1024x576.jpeg\" alt=\"Vista panor\u00e1mica de una ciudad con edificios con tejados de terracota, dos torres de iglesia con chapiteles y \u00e1rboles verdes en primer plano, con un tel\u00f3n de fondo de colinas onduladas y monta\u00f1as bajo un cielo despejado.\" class=\"wp-image-211202\" srcset=\"https:\/\/www.escapadarural.com\/blog\/wp-content\/uploads\/2025\/12\/AdobeStock_453385066-200x112.jpeg 200w, https:\/\/www.escapadarural.com\/blog\/wp-content\/uploads\/2025\/12\/AdobeStock_453385066-300x169.jpeg 300w, https:\/\/www.escapadarural.com\/blog\/wp-content\/uploads\/2025\/12\/AdobeStock_453385066-400x225.jpeg 400w, https:\/\/www.escapadarural.com\/blog\/wp-content\/uploads\/2025\/12\/AdobeStock_453385066-600x337.jpeg 600w, https:\/\/www.escapadarural.com\/blog\/wp-content\/uploads\/2025\/12\/AdobeStock_453385066-768x432.jpeg 768w, https:\/\/www.escapadarural.com\/blog\/wp-content\/uploads\/2025\/12\/AdobeStock_453385066-800x450.jpeg 800w, https:\/\/www.escapadarural.com\/blog\/wp-content\/uploads\/2025\/12\/AdobeStock_453385066-1024x576.jpeg 1024w, https:\/\/www.escapadarural.com\/blog\/wp-content\/uploads\/2025\/12\/AdobeStock_453385066-1200x675.jpeg 1200w, https:\/\/www.escapadarural.com\/blog\/wp-content\/uploads\/2025\/12\/AdobeStock_453385066-1536x864.jpeg 1536w\" sizes=\"auto, (max-width: 1024px) 100vw, 1024px\" \/><figcaption class=\"wp-element-caption\">\u00d3rgiva en la Alpujarra de Granada. Por KukiLadrondeGuevara<\/figcaption><\/figure>\n\n\n\n<p>Seguimos por otros puntos de inter\u00e9s como la parroquia de Nuestra Se\u00f1ora de la Expectaci\u00f3n, una <strong>antigua mezquita musulmana reconvertida en iglesia<\/strong>; el molino de Benizalte, del siglo XVI y de estilo mud\u00e9jar, que mol\u00eda la aceituna; la casa palacio de los Condes de S\u00e1stago, de los siglos XVI-XVII, de arquitectura \u00e1rabe y con un torre\u00f3n con 26 almenas, que actualmente alberga el Ayuntamiento de \u00d3rgiva.<\/p>\n\n\n\n<p>Otra de las cosas que destacan del pueblo es que tiene una de las <strong>colecciones m\u00e1s importantes de Espa\u00f1a sobre el Quijote<\/strong>. Est\u00e1 en la Sala Cervantina Agust\u00edn Mart\u00edn Zaragoza, que se refiere a un bibliotecario honorario que era un verdadero apasionado de la obra de Cervantes. Alberga m\u00e1s de 300 ediciones diferentes, adem\u00e1s de 600 estudios y ensayos, 80 ejemplares en distintos idiomas, biograf\u00edas, pinturas, una imponente estatua y otros elementos relacionados con el caballero de la triste figura.<\/p>\n\n\n\n<h2 class=\"wp-block-heading\" id=\"h-un-punto-de-salida-para-hacer-senderismo-en-las-alpujarras\"><strong>Un punto de salida para hacer senderismo en las Alpujarras<\/strong><strong><\/strong><\/h2>\n\n\n\n<figure class=\"wp-block-image size-full\"><img loading=\"lazy\" decoding=\"async\" width=\"1024\" height=\"643\" src=\"https:\/\/www.escapadarural.com\/blog\/wp-content\/uploads\/2025\/10\/AdobeStock_88882873.webp\" alt=\"El r\u00edo Guadalfeo en \u00d3rgiva, Granada. Por Antonio ciero\" class=\"wp-image-209569\" srcset=\"https:\/\/www.escapadarural.com\/blog\/wp-content\/uploads\/2025\/10\/AdobeStock_88882873-200x126.webp 200w, https:\/\/www.escapadarural.com\/blog\/wp-content\/uploads\/2025\/10\/AdobeStock_88882873-300x188.webp 300w, https:\/\/www.escapadarural.com\/blog\/wp-content\/uploads\/2025\/10\/AdobeStock_88882873-320x202.webp 320w, https:\/\/www.escapadarural.com\/blog\/wp-content\/uploads\/2025\/10\/AdobeStock_88882873-400x251.webp 400w, https:\/\/www.escapadarural.com\/blog\/wp-content\/uploads\/2025\/10\/AdobeStock_88882873-600x377.webp 600w, https:\/\/www.escapadarural.com\/blog\/wp-content\/uploads\/2025\/10\/AdobeStock_88882873-700x441.webp 700w, https:\/\/www.escapadarural.com\/blog\/wp-content\/uploads\/2025\/10\/AdobeStock_88882873-768x482.webp 768w, https:\/\/www.escapadarural.com\/blog\/wp-content\/uploads\/2025\/10\/AdobeStock_88882873-800x502.webp 800w, https:\/\/www.escapadarural.com\/blog\/wp-content\/uploads\/2025\/10\/AdobeStock_88882873.webp 1024w\" sizes=\"auto, (max-width: 1024px) 100vw, 1024px\" \/><figcaption class=\"wp-element-caption\">El r\u00edo Guadalfeo en \u00d3rgiva, Granada. Por Antonio ciero<\/figcaption><\/figure>\n\n\n\n<p>Aunque no tomes la decisi\u00f3n de dejarlo todo e irte a vivir en medio de las monta\u00f1as como hizo Chris Stewart, puedes acercarte a la sensaci\u00f3n de paz y tranquilidad explorando el <strong>entorno natural de \u00d3rgiva<\/strong>. Frente a la localidad, se puede ascender al cerro de 900 metros de altitud en el que yacen <a href=\"https:\/\/es.wikiloc.com\/rutas-senderismo\/castillejo-orgiva-28615402\" target=\"_blank\" rel=\"noreferrer noopener nofollow\">las ruinas del Castillejo<\/a>, una antigua fortaleza \u00e1rabe a 3 kil\u00f3metros al sur de la poblaci\u00f3n.<\/p>\n\n\n\n<p>Otra ruta interesante es el <a href=\"https:\/\/es.wikiloc.com\/rutas-senderismo\/ruta-olivos-centenarios-orgiva-131155376\" target=\"_blank\" rel=\"noreferrer noopener nofollow\">Camino de los Olivos Centenarios<\/a>, de 7,5 kil\u00f3metros y 150 metros de desnivel que se adentra en la vega y descubre algunos de <strong>los ejemplares m\u00e1s antiguos del pueblo<\/strong>, adem\u00e1s de pasar por restos de antiguos molinos donde se destilaba el aceite.<\/p>\n\n\n\n<figure class=\"wp-block-image size-full\"><img loading=\"lazy\" decoding=\"async\" width=\"1024\" height=\"683\" src=\"https:\/\/www.escapadarural.com\/blog\/wp-content\/uploads\/2025\/10\/AdobeStock_322311141.webp\" alt=\"El r\u00edo Guadalfeo, a su paso por el municipio de \u00d3rgiva (Granada). Por Antonio ciero\" class=\"wp-image-209567\" srcset=\"https:\/\/www.escapadarural.com\/blog\/wp-content\/uploads\/2025\/10\/AdobeStock_322311141-200x133.webp 200w, https:\/\/www.escapadarural.com\/blog\/wp-content\/uploads\/2025\/10\/AdobeStock_322311141-300x200.webp 300w, https:\/\/www.escapadarural.com\/blog\/wp-content\/uploads\/2025\/10\/AdobeStock_322311141-400x267.webp 400w, https:\/\/www.escapadarural.com\/blog\/wp-content\/uploads\/2025\/10\/AdobeStock_322311141-600x400.webp 600w, https:\/\/www.escapadarural.com\/blog\/wp-content\/uploads\/2025\/10\/AdobeStock_322311141-768x512.webp 768w, https:\/\/www.escapadarural.com\/blog\/wp-content\/uploads\/2025\/10\/AdobeStock_322311141-800x534.webp 800w, https:\/\/www.escapadarural.com\/blog\/wp-content\/uploads\/2025\/10\/AdobeStock_322311141.webp 1024w\" sizes=\"auto, (max-width: 1024px) 100vw, 1024px\" \/><figcaption class=\"wp-element-caption\">El r\u00edo Guadalfeo, a su paso por el municipio de \u00d3rgiva (Granada). Por Antonio ciero<\/figcaption><\/figure>\n\n\n\n<p>Un tercer paseo sencillo y apto para familias es la <strong>Circular de Bayacas<\/strong>, un recorrido se\u00f1alizado de 6,5 kil\u00f3metros y 240 metros de subida que lleva a esta pedan\u00eda que antes era independiente y hoy pertenece a \u00d3rgiva. <\/p>\n\n\n<div style=\"background-color: #dff0d8; color: #3c763d; border-left-color: #3c763d; \" class=\"ub-styled-box ub-notification-box wp-block-ub-styled-box\" id=\"ub-styled-box-71cd25db-8687-4ac0-82e9-91996ddb2743\">\n<p id=\"ub-styled-box-notification-content-\"><strong>Longitud<\/strong>: 6,67 kil\u00f3metros<\/p>\n\n\n\n<p><strong>Dificultad<\/strong>: f\u00e1cil<\/p>\n\n\n\n<p><strong>Tipo de ruta<\/strong>: circular<\/p>\n\n\n\n<p><a href=\"https:\/\/es.wikiloc.com\/rutas-senderismo\/orgiva-bayacas-orgiva-9317292\" target=\"_blank\" rel=\"noreferrer noopener nofollow\">Track de Wikiloc<\/a><\/p>\n\n\n<\/div>\n\n\n<p>Ofrece buenas panor\u00e1micas de fincas agr\u00edcolas de alto valor ecol\u00f3gico en el valle de los r\u00edos Seco y Chico. <strong>Aqu\u00ed est\u00e1 el \u00c1rbol de la Vida<\/strong>, una obra de arte muy colorida y comunal, realizada por artesanos y vecinos, que luce en la plaza central del pueblo. La ruta tambi\u00e9n pasa por el mirador de sierra de L\u00fajar, con vistas al valle del Guadalfeo y los pueblos de Carataunas, <a href=\"\/blog\/soportujar-pueblo-de-las-brujas\/\">Soport\u00fajar (\u00bfsab\u00edas que es conocido como el pueblo de las brujas?)<\/a> y C\u00e1\u00f1ar.<\/p>\n","protected":false},"excerpt":{"rendered":"<p>La capital de la Alpujarra granadina es \u00d3rgiva, donde pasa la acci\u00f3n del libro &#8216;Entre limones&#8217;, del exbater\u00eda de Genesis. \u00bfLo conoces?<\/p>\n","protected":false},"author":123,"featured_media":209566,"comment_status":"open","ping_status":"open","sticky":false,"template":"","format":"standard","meta":{"_acf_changed":false,"om_disable_all_campaigns":false,"footnotes":""},"categories":[231,191],"tags":[5979,6072,6601,6600,338,1271,1079,2236,6602,499,1054],"class_list":["post-209562","post","type-post","status-publish","format-standard","has-post-thumbnail","hentry","category-arte-y-cultura","category-destinos","tag-alpujarra","tag-andalucia","tag-chris-stewart","tag-entre-limones","tag-que-ver-en-granada","tag-la-alpujarra","tag-libro","tag-literatura","tag-orgiva","tag-pueblo","tag-rural"],"acf":[],"featured_image_src":"https:\/\/www.escapadarural.com\/blog\/wp-content\/uploads\/2025\/10\/AdobeStock_851067435.webp","author_info":{"display_name":"Raquel Andr\u00e9s","author_link":"https:\/\/www.escapadarural.com\/blog\/autor\/raquel\/"},"yoast_head":"<!-- This site is optimized with the Yoast SEO plugin v27.5 - https:\/\/yoast.com\/product\/yoast-seo-wordpress\/ -->\n<title>El pueblo del rockero de la Biblia neorrural - EscapadaRural<\/title>\n<meta name=\"description\" content=\"La capital de la Alpujarra granadina es \u00d3rgiva, donde pasa la acci\u00f3n del libro &#039;Entre limones&#039;, del exbater\u00eda de Genesis. \u00bfLo conoces?\" \/>\n<meta name=\"robots\" content=\"index, follow, max-snippet:-1, max-image-preview:large, max-video-preview:-1\" \/>\n<link rel=\"canonical\" href=\"https:\/\/www.escapadarural.com\/blog\/orgiva-pueblo-rockero-biblia-neorrural\/\" \/>\n<meta property=\"og:locale\" content=\"es_ES\" \/>\n<meta property=\"og:type\" content=\"article\" \/>\n<meta property=\"og:title\" content=\"El pueblo del rockero de la Biblia neorrural - EscapadaRural\" \/>\n<meta property=\"og:description\" content=\"La capital de la Alpujarra granadina es \u00d3rgiva, donde pasa la acci\u00f3n del libro &#039;Entre limones&#039;, del exbater\u00eda de Genesis. \u00bfLo conoces?\" \/>\n<meta property=\"og:url\" content=\"https:\/\/www.escapadarural.com\/blog\/orgiva-pueblo-rockero-biblia-neorrural\/\" \/>\n<meta property=\"og:site_name\" content=\"Magazine de viajes de EscapadaRural\" \/>\n<meta property=\"article:publisher\" content=\"https:\/\/www.facebook.com\/escapadarural\" \/>\n<meta property=\"article:published_time\" content=\"2025-12-06T07:55:00+00:00\" \/>\n<meta property=\"article:modified_time\" content=\"2026-03-18T14:47:49+00:00\" \/>\n<meta property=\"og:image\" content=\"https:\/\/www.escapadarural.com\/blog\/wp-content\/uploads\/2025\/10\/AdobeStock_851067435.webp?v=1773845269\" \/>\n\t<meta property=\"og:image:width\" content=\"1024\" \/>\n\t<meta property=\"og:image:height\" content=\"467\" \/>\n\t<meta property=\"og:image:type\" content=\"image\/webp\" \/>\n<meta name=\"author\" content=\"Raquel Andr\u00e9s\" \/>\n<meta name=\"twitter:card\" content=\"summary_large_image\" \/>\n<meta name=\"twitter:label1\" content=\"Escrito por\" \/>\n\t<meta name=\"twitter:data1\" content=\"Raquel Andr\u00e9s\" \/>\n\t<meta name=\"twitter:label2\" content=\"Tiempo de lectura\" \/>\n\t<meta name=\"twitter:data2\" content=\"6 minutos\" \/>\n<script type=\"application\/ld+json\" class=\"yoast-schema-graph\">{\"@context\":\"https:\\\/\\\/schema.org\",\"@graph\":[{\"@type\":\"Article\",\"@id\":\"https:\\\/\\\/www.escapadarural.com\\\/blog\\\/orgiva-pueblo-rockero-biblia-neorrural\\\/#article\",\"isPartOf\":{\"@id\":\"https:\\\/\\\/www.escapadarural.com\\\/blog\\\/orgiva-pueblo-rockero-biblia-neorrural\\\/\"},\"author\":{\"name\":\"Raquel Andr\u00e9s\",\"@id\":\"https:\\\/\\\/www.escapadarural.com\\\/blog\\\/#\\\/schema\\\/person\\\/67be061eb00d8315fa8642e01b88c894\"},\"headline\":\"As\u00ed es el pueblo del rockero que escribi\u00f3 la &#8216;Biblia neorrural&#8217;\",\"datePublished\":\"2025-12-06T07:55:00+00:00\",\"dateModified\":\"2026-03-18T14:47:49+00:00\",\"mainEntityOfPage\":{\"@id\":\"https:\\\/\\\/www.escapadarural.com\\\/blog\\\/orgiva-pueblo-rockero-biblia-neorrural\\\/\"},\"wordCount\":1190,\"commentCount\":0,\"publisher\":{\"@id\":\"https:\\\/\\\/www.escapadarural.com\\\/blog\\\/#organization\"},\"image\":{\"@id\":\"https:\\\/\\\/www.escapadarural.com\\\/blog\\\/orgiva-pueblo-rockero-biblia-neorrural\\\/#primaryimage\"},\"thumbnailUrl\":\"https:\\\/\\\/www.escapadarural.com\\\/blog\\\/wp-content\\\/uploads\\\/2025\\\/10\\\/AdobeStock_851067435.webp\",\"keywords\":[\"Alpujarra\",\"Andaluc\u00eda\",\"Chris Stewart\",\"Entre limones\",\"Granada\",\"La Alpujarra\",\"Libro\",\"literatura\",\"\u00d3rgiva\",\"pueblo\",\"Rural\"],\"articleSection\":[\"Arte y Cultura\",\"Destinos\"],\"inLanguage\":\"es\",\"potentialAction\":[{\"@type\":\"CommentAction\",\"name\":\"Comment\",\"target\":[\"https:\\\/\\\/www.escapadarural.com\\\/blog\\\/orgiva-pueblo-rockero-biblia-neorrural\\\/#respond\"]}]},{\"@type\":\"WebPage\",\"@id\":\"https:\\\/\\\/www.escapadarural.com\\\/blog\\\/orgiva-pueblo-rockero-biblia-neorrural\\\/\",\"url\":\"https:\\\/\\\/www.escapadarural.com\\\/blog\\\/orgiva-pueblo-rockero-biblia-neorrural\\\/\",\"name\":\"El pueblo del rockero de la Biblia neorrural - EscapadaRural\",\"isPartOf\":{\"@id\":\"https:\\\/\\\/www.escapadarural.com\\\/blog\\\/#website\"},\"primaryImageOfPage\":{\"@id\":\"https:\\\/\\\/www.escapadarural.com\\\/blog\\\/orgiva-pueblo-rockero-biblia-neorrural\\\/#primaryimage\"},\"image\":{\"@id\":\"https:\\\/\\\/www.escapadarural.com\\\/blog\\\/orgiva-pueblo-rockero-biblia-neorrural\\\/#primaryimage\"},\"thumbnailUrl\":\"https:\\\/\\\/www.escapadarural.com\\\/blog\\\/wp-content\\\/uploads\\\/2025\\\/10\\\/AdobeStock_851067435.webp\",\"datePublished\":\"2025-12-06T07:55:00+00:00\",\"dateModified\":\"2026-03-18T14:47:49+00:00\",\"description\":\"La capital de la Alpujarra granadina es \u00d3rgiva, donde pasa la acci\u00f3n del libro 'Entre limones', del exbater\u00eda de Genesis. \u00bfLo conoces?\",\"breadcrumb\":{\"@id\":\"https:\\\/\\\/www.escapadarural.com\\\/blog\\\/orgiva-pueblo-rockero-biblia-neorrural\\\/#breadcrumb\"},\"inLanguage\":\"es\",\"potentialAction\":[{\"@type\":\"ReadAction\",\"target\":[\"https:\\\/\\\/www.escapadarural.com\\\/blog\\\/orgiva-pueblo-rockero-biblia-neorrural\\\/\"]}]},{\"@type\":\"ImageObject\",\"inLanguage\":\"es\",\"@id\":\"https:\\\/\\\/www.escapadarural.com\\\/blog\\\/orgiva-pueblo-rockero-biblia-neorrural\\\/#primaryimage\",\"url\":\"https:\\\/\\\/www.escapadarural.com\\\/blog\\\/wp-content\\\/uploads\\\/2025\\\/10\\\/AdobeStock_851067435.webp\",\"contentUrl\":\"https:\\\/\\\/www.escapadarural.com\\\/blog\\\/wp-content\\\/uploads\\\/2025\\\/10\\\/AdobeStock_851067435.webp\",\"width\":1024,\"height\":467,\"caption\":\"Panor\u00e1mica de \u00d3rgiva, en las Alpujarras. Por Miguel \u00c1ngel RM\"},{\"@type\":\"BreadcrumbList\",\"@id\":\"https:\\\/\\\/www.escapadarural.com\\\/blog\\\/orgiva-pueblo-rockero-biblia-neorrural\\\/#breadcrumb\",\"itemListElement\":[{\"@type\":\"ListItem\",\"position\":1,\"name\":\"Inicio\",\"item\":\"https:\\\/\\\/www.escapadarural.com\\\/blog\\\/\"},{\"@type\":\"ListItem\",\"position\":2,\"name\":\"Destinos\",\"item\":\"https:\\\/\\\/www.escapadarural.com\\\/blog\\\/categoria\\\/destinos\\\/\"},{\"@type\":\"ListItem\",\"position\":3,\"name\":\"As\u00ed es el pueblo del rockero que escribi\u00f3 la &#8216;Biblia neorrural&#8217;\"}]},{\"@type\":\"WebSite\",\"@id\":\"https:\\\/\\\/www.escapadarural.com\\\/blog\\\/#website\",\"url\":\"https:\\\/\\\/www.escapadarural.com\\\/blog\\\/\",\"name\":\"Blog de viajes | turismo rural, alojamientos e inspiraci\u00f3n\",\"description\":\"Alojamientos rurales e inspiraci\u00f3n para tus escapadas\",\"publisher\":{\"@id\":\"https:\\\/\\\/www.escapadarural.com\\\/blog\\\/#organization\"},\"alternateName\":\"Magazine de viajes de EscapadaRural\",\"potentialAction\":[{\"@type\":\"SearchAction\",\"target\":{\"@type\":\"EntryPoint\",\"urlTemplate\":\"https:\\\/\\\/www.escapadarural.com\\\/blog\\\/?s={search_term_string}\"},\"query-input\":{\"@type\":\"PropertyValueSpecification\",\"valueRequired\":true,\"valueName\":\"search_term_string\"}}],\"inLanguage\":\"es\"},{\"@type\":\"Organization\",\"@id\":\"https:\\\/\\\/www.escapadarural.com\\\/blog\\\/#organization\",\"name\":\"EscapadaRural\",\"url\":\"https:\\\/\\\/www.escapadarural.com\\\/blog\\\/\",\"logo\":{\"@type\":\"ImageObject\",\"inLanguage\":\"es\",\"@id\":\"https:\\\/\\\/www.escapadarural.com\\\/blog\\\/#\\\/schema\\\/logo\\\/image\\\/\",\"url\":\"https:\\\/\\\/www.escapadarural.com\\\/blog\\\/wp-content\\\/uploads\\\/2024\\\/10\\\/cropped-cropped-escapada-rural-icon-mag-3.png\",\"contentUrl\":\"https:\\\/\\\/www.escapadarural.com\\\/blog\\\/wp-content\\\/uploads\\\/2024\\\/10\\\/cropped-cropped-escapada-rural-icon-mag-3.png\",\"width\":512,\"height\":512,\"caption\":\"EscapadaRural\"},\"image\":{\"@id\":\"https:\\\/\\\/www.escapadarural.com\\\/blog\\\/#\\\/schema\\\/logo\\\/image\\\/\"},\"sameAs\":[\"https:\\\/\\\/www.facebook.com\\\/escapadarural\",\"https:\\\/\\\/www.instagram.com\\\/escapadarural\\\/\",\"https:\\\/\\\/www.youtube.com\\\/@escapadaruralcom\"]},{\"@type\":\"Person\",\"@id\":\"https:\\\/\\\/www.escapadarural.com\\\/blog\\\/#\\\/schema\\\/person\\\/67be061eb00d8315fa8642e01b88c894\",\"name\":\"Raquel Andr\u00e9s\",\"image\":{\"@type\":\"ImageObject\",\"inLanguage\":\"es\",\"@id\":\"https:\\\/\\\/secure.gravatar.com\\\/avatar\\\/b45840531462f3cafb335a9fc5c0bfda2c07c3df4b82b304b923526b85cc6cb5?s=96&d=mm&r=g\",\"url\":\"https:\\\/\\\/secure.gravatar.com\\\/avatar\\\/b45840531462f3cafb335a9fc5c0bfda2c07c3df4b82b304b923526b85cc6cb5?s=96&d=mm&r=g\",\"contentUrl\":\"https:\\\/\\\/secure.gravatar.com\\\/avatar\\\/b45840531462f3cafb335a9fc5c0bfda2c07c3df4b82b304b923526b85cc6cb5?s=96&d=mm&r=g\",\"caption\":\"Raquel Andr\u00e9s\"},\"description\":\"Periodista y aventurera. Me has podido leer en Escapada Rural, Diari Nosaltres La Veu, La Vanguardia, El Salto y otros medios. Habitante y amante de las zonas rurales, sea cual sea el destino. Procuro escaparme una vez por semana con las botas de monta\u00f1a, el arn\u00e9s o el neopreno. Tambi\u00e9n soy un intento de baserritarra.\",\"url\":\"https:\\\/\\\/www.escapadarural.com\\\/blog\\\/autor\\\/raquel\\\/\"}]}<\/script>\n<!-- \/ Yoast SEO plugin. -->","yoast_head_json":{"title":"El pueblo del rockero de la Biblia neorrural - EscapadaRural","description":"La capital de la Alpujarra granadina es \u00d3rgiva, donde pasa la acci\u00f3n del libro 'Entre limones', del exbater\u00eda de Genesis. \u00bfLo conoces?","robots":{"index":"index","follow":"follow","max-snippet":"max-snippet:-1","max-image-preview":"max-image-preview:large","max-video-preview":"max-video-preview:-1"},"canonical":"https:\/\/www.escapadarural.com\/blog\/orgiva-pueblo-rockero-biblia-neorrural\/","og_locale":"es_ES","og_type":"article","og_title":"El pueblo del rockero de la Biblia neorrural - EscapadaRural","og_description":"La capital de la Alpujarra granadina es \u00d3rgiva, donde pasa la acci\u00f3n del libro 'Entre limones', del exbater\u00eda de Genesis. \u00bfLo conoces?","og_url":"https:\/\/www.escapadarural.com\/blog\/orgiva-pueblo-rockero-biblia-neorrural\/","og_site_name":"Magazine de viajes de EscapadaRural","article_publisher":"https:\/\/www.facebook.com\/escapadarural","article_published_time":"2025-12-06T07:55:00+00:00","article_modified_time":"2026-03-18T14:47:49+00:00","og_image":[{"width":1024,"height":467,"url":"https:\/\/www.escapadarural.com\/blog\/wp-content\/uploads\/2025\/10\/AdobeStock_851067435.webp?v=1773845269","type":"image\/webp"}],"author":"Raquel Andr\u00e9s","twitter_card":"summary_large_image","twitter_misc":{"Escrito por":"Raquel Andr\u00e9s","Tiempo de lectura":"6 minutos"},"schema":{"@context":"https:\/\/schema.org","@graph":[{"@type":"Article","@id":"https:\/\/www.escapadarural.com\/blog\/orgiva-pueblo-rockero-biblia-neorrural\/#article","isPartOf":{"@id":"https:\/\/www.escapadarural.com\/blog\/orgiva-pueblo-rockero-biblia-neorrural\/"},"author":{"name":"Raquel Andr\u00e9s","@id":"https:\/\/www.escapadarural.com\/blog\/#\/schema\/person\/67be061eb00d8315fa8642e01b88c894"},"headline":"As\u00ed es el pueblo del rockero que escribi\u00f3 la &#8216;Biblia neorrural&#8217;","datePublished":"2025-12-06T07:55:00+00:00","dateModified":"2026-03-18T14:47:49+00:00","mainEntityOfPage":{"@id":"https:\/\/www.escapadarural.com\/blog\/orgiva-pueblo-rockero-biblia-neorrural\/"},"wordCount":1190,"commentCount":0,"publisher":{"@id":"https:\/\/www.escapadarural.com\/blog\/#organization"},"image":{"@id":"https:\/\/www.escapadarural.com\/blog\/orgiva-pueblo-rockero-biblia-neorrural\/#primaryimage"},"thumbnailUrl":"https:\/\/www.escapadarural.com\/blog\/wp-content\/uploads\/2025\/10\/AdobeStock_851067435.webp","keywords":["Alpujarra","Andaluc\u00eda","Chris Stewart","Entre limones","Granada","La Alpujarra","Libro","literatura","\u00d3rgiva","pueblo","Rural"],"articleSection":["Arte y Cultura","Destinos"],"inLanguage":"es","potentialAction":[{"@type":"CommentAction","name":"Comment","target":["https:\/\/www.escapadarural.com\/blog\/orgiva-pueblo-rockero-biblia-neorrural\/#respond"]}]},{"@type":"WebPage","@id":"https:\/\/www.escapadarural.com\/blog\/orgiva-pueblo-rockero-biblia-neorrural\/","url":"https:\/\/www.escapadarural.com\/blog\/orgiva-pueblo-rockero-biblia-neorrural\/","name":"El pueblo del rockero de la Biblia neorrural - EscapadaRural","isPartOf":{"@id":"https:\/\/www.escapadarural.com\/blog\/#website"},"primaryImageOfPage":{"@id":"https:\/\/www.escapadarural.com\/blog\/orgiva-pueblo-rockero-biblia-neorrural\/#primaryimage"},"image":{"@id":"https:\/\/www.escapadarural.com\/blog\/orgiva-pueblo-rockero-biblia-neorrural\/#primaryimage"},"thumbnailUrl":"https:\/\/www.escapadarural.com\/blog\/wp-content\/uploads\/2025\/10\/AdobeStock_851067435.webp","datePublished":"2025-12-06T07:55:00+00:00","dateModified":"2026-03-18T14:47:49+00:00","description":"La capital de la Alpujarra granadina es \u00d3rgiva, donde pasa la acci\u00f3n del libro 'Entre limones', del exbater\u00eda de Genesis. \u00bfLo conoces?","breadcrumb":{"@id":"https:\/\/www.escapadarural.com\/blog\/orgiva-pueblo-rockero-biblia-neorrural\/#breadcrumb"},"inLanguage":"es","potentialAction":[{"@type":"ReadAction","target":["https:\/\/www.escapadarural.com\/blog\/orgiva-pueblo-rockero-biblia-neorrural\/"]}]},{"@type":"ImageObject","inLanguage":"es","@id":"https:\/\/www.escapadarural.com\/blog\/orgiva-pueblo-rockero-biblia-neorrural\/#primaryimage","url":"https:\/\/www.escapadarural.com\/blog\/wp-content\/uploads\/2025\/10\/AdobeStock_851067435.webp","contentUrl":"https:\/\/www.escapadarural.com\/blog\/wp-content\/uploads\/2025\/10\/AdobeStock_851067435.webp","width":1024,"height":467,"caption":"Panor\u00e1mica de \u00d3rgiva, en las Alpujarras. Por Miguel \u00c1ngel RM"},{"@type":"BreadcrumbList","@id":"https:\/\/www.escapadarural.com\/blog\/orgiva-pueblo-rockero-biblia-neorrural\/#breadcrumb","itemListElement":[{"@type":"ListItem","position":1,"name":"Inicio","item":"https:\/\/www.escapadarural.com\/blog\/"},{"@type":"ListItem","position":2,"name":"Destinos","item":"https:\/\/www.escapadarural.com\/blog\/categoria\/destinos\/"},{"@type":"ListItem","position":3,"name":"As\u00ed es el pueblo del rockero que escribi\u00f3 la &#8216;Biblia neorrural&#8217;"}]},{"@type":"WebSite","@id":"https:\/\/www.escapadarural.com\/blog\/#website","url":"https:\/\/www.escapadarural.com\/blog\/","name":"Blog de viajes | turismo rural, alojamientos e inspiraci\u00f3n","description":"Alojamientos rurales e inspiraci\u00f3n para tus escapadas","publisher":{"@id":"https:\/\/www.escapadarural.com\/blog\/#organization"},"alternateName":"Magazine de viajes de EscapadaRural","potentialAction":[{"@type":"SearchAction","target":{"@type":"EntryPoint","urlTemplate":"https:\/\/www.escapadarural.com\/blog\/?s={search_term_string}"},"query-input":{"@type":"PropertyValueSpecification","valueRequired":true,"valueName":"search_term_string"}}],"inLanguage":"es"},{"@type":"Organization","@id":"https:\/\/www.escapadarural.com\/blog\/#organization","name":"EscapadaRural","url":"https:\/\/www.escapadarural.com\/blog\/","logo":{"@type":"ImageObject","inLanguage":"es","@id":"https:\/\/www.escapadarural.com\/blog\/#\/schema\/logo\/image\/","url":"https:\/\/www.escapadarural.com\/blog\/wp-content\/uploads\/2024\/10\/cropped-cropped-escapada-rural-icon-mag-3.png","contentUrl":"https:\/\/www.escapadarural.com\/blog\/wp-content\/uploads\/2024\/10\/cropped-cropped-escapada-rural-icon-mag-3.png","width":512,"height":512,"caption":"EscapadaRural"},"image":{"@id":"https:\/\/www.escapadarural.com\/blog\/#\/schema\/logo\/image\/"},"sameAs":["https:\/\/www.facebook.com\/escapadarural","https:\/\/www.instagram.com\/escapadarural\/","https:\/\/www.youtube.com\/@escapadaruralcom"]},{"@type":"Person","@id":"https:\/\/www.escapadarural.com\/blog\/#\/schema\/person\/67be061eb00d8315fa8642e01b88c894","name":"Raquel Andr\u00e9s","image":{"@type":"ImageObject","inLanguage":"es","@id":"https:\/\/secure.gravatar.com\/avatar\/b45840531462f3cafb335a9fc5c0bfda2c07c3df4b82b304b923526b85cc6cb5?s=96&d=mm&r=g","url":"https:\/\/secure.gravatar.com\/avatar\/b45840531462f3cafb335a9fc5c0bfda2c07c3df4b82b304b923526b85cc6cb5?s=96&d=mm&r=g","contentUrl":"https:\/\/secure.gravatar.com\/avatar\/b45840531462f3cafb335a9fc5c0bfda2c07c3df4b82b304b923526b85cc6cb5?s=96&d=mm&r=g","caption":"Raquel Andr\u00e9s"},"description":"Periodista y aventurera. Me has podido leer en Escapada Rural, Diari Nosaltres La Veu, La Vanguardia, El Salto y otros medios. Habitante y amante de las zonas rurales, sea cual sea el destino. Procuro escaparme una vez por semana con las botas de monta\u00f1a, el arn\u00e9s o el neopreno. Tambi\u00e9n soy un intento de baserritarra.","url":"https:\/\/www.escapadarural.com\/blog\/autor\/raquel\/"}]}},"_links":{"self":[{"href":"https:\/\/www.escapadarural.com\/blog\/wp-json\/wp\/v2\/posts\/209562","targetHints":{"allow":["GET"]}}],"collection":[{"href":"https:\/\/www.escapadarural.com\/blog\/wp-json\/wp\/v2\/posts"}],"about":[{"href":"https:\/\/www.escapadarural.com\/blog\/wp-json\/wp\/v2\/types\/post"}],"author":[{"embeddable":true,"href":"https:\/\/www.escapadarural.com\/blog\/wp-json\/wp\/v2\/users\/123"}],"replies":[{"embeddable":true,"href":"https:\/\/www.escapadarural.com\/blog\/wp-json\/wp\/v2\/comments?post=209562"}],"version-history":[{"count":0,"href":"https:\/\/www.escapadarural.com\/blog\/wp-json\/wp\/v2\/posts\/209562\/revisions"}],"wp:featuredmedia":[{"embeddable":true,"href":"https:\/\/www.escapadarural.com\/blog\/wp-json\/wp\/v2\/media\/209566"}],"wp:attachment":[{"href":"https:\/\/www.escapadarural.com\/blog\/wp-json\/wp\/v2\/media?parent=209562"}],"wp:term":[{"taxonomy":"category","embeddable":true,"href":"https:\/\/www.escapadarural.com\/blog\/wp-json\/wp\/v2\/categories?post=209562"},{"taxonomy":"post_tag","embeddable":true,"href":"https:\/\/www.escapadarural.com\/blog\/wp-json\/wp\/v2\/tags?post=209562"}],"curies":[{"name":"wp","href":"https:\/\/api.w.org\/{rel}","templated":true}]}}