{"id":209646,"date":"2025-11-25T08:55:00","date_gmt":"2025-11-25T07:55:00","guid":{"rendered":"https:\/\/www.escapadarural.com\/blog\/?p=209646"},"modified":"2026-03-18T16:54:19","modified_gmt":"2026-03-18T15:54:19","slug":"quart-de-poblet-y-el-monasterio-de-poblet","status":"publish","type":"post","link":"https:\/\/www.escapadarural.com\/blog\/pueblo-valenciano-monasterio-catalan-quart-poblet\/","title":{"rendered":"El pueblo valenciano que perteneci\u00f3 a un monasterio catal\u00e1n"},"content":{"rendered":"\n<p>\u00bf<strong>Puede un pueblo depender de un propietario<\/strong> que est\u00e1 a 300 kil\u00f3metros de distancia? Bueno, si hay quien tiene segundas residencias en la playa o en zonas rurales, \u00bfpor qu\u00e9 no se va a poder tener un municipio entero, por muy lejos que est\u00e9? Es lo que pose\u00eda el abad del <a href=\"\/blog\/como-es-dormir-en-el-monasterio-de-poblet\/\">monasterio de Santa Mar\u00eda de Poblet<\/a>, el precioso templo ubicado a los pies de las monta\u00f1as de <a href=\"\/casas-rurales\/muntanyes-de-prades\">Prades<\/a>, en <a href=\"\/casas-rurales\/tarragona\">Tarragona<\/a>: la actual localidad de Quart de Poblet, en la comarca de l\u2019Horta Sud de <a href=\"\/casas-rurales\/valencia\">Valencia<\/a> y junto al Parque Natural del Turia.<\/p>\n\n\n\n<div class=\"wp-block-buttons is-layout-flex wp-block-buttons-is-layout-flex\">\n<div class=\"wp-block-button\"><a class=\"wp-block-button__link wp-element-button\" href=\"\/casas-rurales\/parque-natural-del-turia\">Alojamientos rurales en el Parque Natural del Turia<\/a><\/div>\n<\/div>\n\n\n\n<h2 class=\"wp-block-heading\" id=\"h-el-reparto-del-rey-jaume-i\"><strong>El reparto del rey Jaume I<\/strong><strong><\/strong><\/h2>\n\n\n\n<p>Todo tiene una explicaci\u00f3n. Cuando el rey Jaume I conquist\u00f3 Valencia en el siglo XIII, primero don\u00f3 el castillo, la villa de Quart y la alquer\u00eda de Aldaia al priorato del hospital de San Vicente de la Roqueta. As\u00ed consta en el famoso <em>Llibre de Repartiment<\/em>, algo as\u00ed como el registro de la propiedad de la \u00e9poca en el que <strong>se repartieron los bienes a los pobladores del nuevo reino<\/strong>.<\/p>\n\n\n\n<figure class=\"wp-block-image size-large\"><img loading=\"lazy\" decoding=\"async\" width=\"1024\" height=\"682\" src=\"https:\/\/www.escapadarural.com\/blog\/wp-content\/uploads\/2025\/10\/AdobeStock_386508968-1024x682.jpeg\" alt=\"Monasterio de Santa Maria de Poblet (Tarragona)\" class=\"wp-image-210889\" srcset=\"https:\/\/www.escapadarural.com\/blog\/wp-content\/uploads\/2025\/10\/AdobeStock_386508968-200x133.jpeg 200w, https:\/\/www.escapadarural.com\/blog\/wp-content\/uploads\/2025\/10\/AdobeStock_386508968-300x200.jpeg 300w, https:\/\/www.escapadarural.com\/blog\/wp-content\/uploads\/2025\/10\/AdobeStock_386508968-400x266.jpeg 400w, https:\/\/www.escapadarural.com\/blog\/wp-content\/uploads\/2025\/10\/AdobeStock_386508968-600x400.jpeg 600w, https:\/\/www.escapadarural.com\/blog\/wp-content\/uploads\/2025\/10\/AdobeStock_386508968-768x512.jpeg 768w, https:\/\/www.escapadarural.com\/blog\/wp-content\/uploads\/2025\/10\/AdobeStock_386508968-800x533.jpeg 800w, https:\/\/www.escapadarural.com\/blog\/wp-content\/uploads\/2025\/10\/AdobeStock_386508968-1024x682.jpeg 1024w, https:\/\/www.escapadarural.com\/blog\/wp-content\/uploads\/2025\/10\/AdobeStock_386508968-1200x799.jpeg 1200w, https:\/\/www.escapadarural.com\/blog\/wp-content\/uploads\/2025\/10\/AdobeStock_386508968-1536x1023.jpeg 1536w\" sizes=\"auto, (max-width: 1024px) 100vw, 1024px\" \/><figcaption class=\"wp-element-caption\">Monasterio de Santa Maria de Poblet (Tarragona). Por KarSol<\/figcaption><\/figure>\n\n\n\n<p>Los m\u00e1s avispados os habr\u00e9is dado cuenta de que primero hemos hablado de Quart de Poblet y, despu\u00e9s, hemos mencionado la villa de Quart. Realmente nos referimos al mismo lugar. El nombre del pueblo es de origen romano y <strong>viene de <em>Quartum<\/em>, en referencia al hito <em>quartum miliarium<\/em><\/strong><em> <\/em>que marcaba la distancia que hab\u00eda desde la ciudad de Valencia (es decir, cuatro millas romanas). La coletilla llegar\u00eda siglos despu\u00e9s.<\/p>\n\n\n\n<p>Por decisi\u00f3n del rey Alfonso II de Arag\u00f3n, en 1287 <strong>pas\u00f3 a manos del monasterio de Santa Mar\u00eda de Poblet<\/strong>, que pertenec\u00eda a la Orden del C\u00edster. As\u00ed, el abad se convirti\u00f3 en el se\u00f1or natural del t\u00e9rmino y de los habitantes de Quart. Para dejar patente su propiedad, le a\u00f1adi\u00f3 el apellido \u201cde Poblet\u201d. Esta relaci\u00f3n feudal dur\u00f3 hasta la desamortizaci\u00f3n de Mendiz\u00e1bal del siglo XIX, pero el renombramiento todav\u00eda perdura en la actualidad: <strong>Quart de Poblet<\/strong>.<\/p>\n\n\n\n<h2 class=\"wp-block-heading\" id=\"h-otros-vinculos-valencianos-con-el-monasterio-de-santa-maria-de-poblet\"><strong>Otros v\u00ednculos valencianos con el monasterio de Santa Mar\u00eda de Poblet<\/strong><\/h2>\n\n\n\n<figure class=\"wp-block-image size-large\"><img loading=\"lazy\" decoding=\"async\" width=\"1024\" height=\"684\" src=\"https:\/\/www.escapadarural.com\/blog\/wp-content\/uploads\/2025\/10\/AdobeStock_285202647-1024x684.jpeg\" alt=\"Monasterio de Santa Maria de Poblet (Tarragona)\" class=\"wp-image-210890\" srcset=\"https:\/\/www.escapadarural.com\/blog\/wp-content\/uploads\/2025\/10\/AdobeStock_285202647-200x134.jpeg 200w, https:\/\/www.escapadarural.com\/blog\/wp-content\/uploads\/2025\/10\/AdobeStock_285202647-300x200.jpeg 300w, https:\/\/www.escapadarural.com\/blog\/wp-content\/uploads\/2025\/10\/AdobeStock_285202647-400x267.jpeg 400w, https:\/\/www.escapadarural.com\/blog\/wp-content\/uploads\/2025\/10\/AdobeStock_285202647-600x401.jpeg 600w, https:\/\/www.escapadarural.com\/blog\/wp-content\/uploads\/2025\/10\/AdobeStock_285202647-768x513.jpeg 768w, https:\/\/www.escapadarural.com\/blog\/wp-content\/uploads\/2025\/10\/AdobeStock_285202647-800x534.jpeg 800w, https:\/\/www.escapadarural.com\/blog\/wp-content\/uploads\/2025\/10\/AdobeStock_285202647-1024x684.jpeg 1024w, https:\/\/www.escapadarural.com\/blog\/wp-content\/uploads\/2025\/10\/AdobeStock_285202647-1200x801.jpeg 1200w, https:\/\/www.escapadarural.com\/blog\/wp-content\/uploads\/2025\/10\/AdobeStock_285202647-1536x1025.jpeg 1536w\" sizes=\"auto, (max-width: 1024px) 100vw, 1024px\" \/><figcaption class=\"wp-element-caption\">Monasterio de Santa Maria de Poblet (Tarragona). Por milosk50<\/figcaption><\/figure>\n\n\n\n<p>A todo valenciano que visita el monasterio de Santa Mar\u00eda de Poblet le sorprende lo mismo: las <strong>dos robustas torres de la entrada<\/strong>. \u00a1Pero si son como las famosas torres de Serranos de la ciudad de Valencia! Una vez m\u00e1s, no es casualidad. El arquitecto Pere Balaguer, autor de la puerta de la muralla cristiana de la ciudad, que se construy\u00f3 en el siglo XIV, se inspir\u00f3 en la puerta Real del templo catal\u00e1n. Eso s\u00ed, a las torres les dio un tama\u00f1o todav\u00eda mayor, haci\u00e9ndolas m\u00e1s esbeltas y m\u00e1s ornamentadas. A\u00fan as\u00ed, el parecido es m\u00e1s que razonable.<\/p>\n\n\n\n<p>Todav\u00eda hay m\u00e1s influencias palpables del monasterio de Santa Mar\u00eda de Poblet en la Comunidad Valenciana. Inspirado en \u00e9l y con el objetivo de ser el gran templo cisterciense en el nuevo reino valenciano, a imagen y semejanza del de Tarragona, se proyect\u00f3 el <strong>monasterio de Santa Mar\u00eda de la Valldigna<\/strong>. Los primeros ocupantes del nuevo establecimiento en 1299 fueron el abad Ram\u00f3n de Santcliment y 11 monjes, todos procedentes del tambi\u00e9n tarraconense monasterio de Santes Creus. Despu\u00e9s de sufrir muchas dificultades \u2014desde un terremoto hasta la expropiaci\u00f3n y derribo de parte de las instalaciones\u2014, <a href=\"\/blog\/monasterio-santa-maria-de-la-valldigna\/\"><u>hoy est\u00e1 en proceso de rehabilitaci\u00f3n<\/u><\/a>.<\/p>\n\n\n\n<figure class=\"wp-block-image size-large\"><img loading=\"lazy\" decoding=\"async\" width=\"1024\" height=\"650\" src=\"https:\/\/www.escapadarural.com\/blog\/wp-content\/uploads\/2024\/02\/monasterio-santa-maria-de-la-valldigna-scaled-1-1024x650.jpg\" alt=\"Monasterio de Santa Mar\u00eda de la Valldigna, Simat (Valencia). Por MiguelAngel\" class=\"wp-image-70949\" srcset=\"https:\/\/www.escapadarural.com\/blog\/wp-content\/uploads\/2024\/02\/monasterio-santa-maria-de-la-valldigna-scaled-1-200x127.jpg 200w, https:\/\/www.escapadarural.com\/blog\/wp-content\/uploads\/2024\/02\/monasterio-santa-maria-de-la-valldigna-scaled-1-300x190.jpg 300w, https:\/\/www.escapadarural.com\/blog\/wp-content\/uploads\/2024\/02\/monasterio-santa-maria-de-la-valldigna-scaled-1-320x202.jpg 320w, https:\/\/www.escapadarural.com\/blog\/wp-content\/uploads\/2024\/02\/monasterio-santa-maria-de-la-valldigna-scaled-1-400x254.jpg 400w, https:\/\/www.escapadarural.com\/blog\/wp-content\/uploads\/2024\/02\/monasterio-santa-maria-de-la-valldigna-scaled-1-600x381.jpg 600w, https:\/\/www.escapadarural.com\/blog\/wp-content\/uploads\/2024\/02\/monasterio-santa-maria-de-la-valldigna-scaled-1-768x488.jpg 768w, https:\/\/www.escapadarural.com\/blog\/wp-content\/uploads\/2024\/02\/monasterio-santa-maria-de-la-valldigna-scaled-1-800x508.jpg 800w, https:\/\/www.escapadarural.com\/blog\/wp-content\/uploads\/2024\/02\/monasterio-santa-maria-de-la-valldigna-scaled-1-1024x650.jpg 1024w, https:\/\/www.escapadarural.com\/blog\/wp-content\/uploads\/2024\/02\/monasterio-santa-maria-de-la-valldigna-scaled-1-1200x762.jpg 1200w, https:\/\/www.escapadarural.com\/blog\/wp-content\/uploads\/2024\/02\/monasterio-santa-maria-de-la-valldigna-scaled-1-1536x975.jpg 1536w\" sizes=\"auto, (max-width: 1024px) 100vw, 1024px\" \/><figcaption class=\"wp-element-caption\">Monasterio de Santa Mar\u00eda de la Valldigna, Simat (Valencia). Por MiguelAngel<\/figcaption><\/figure>\n\n\n\n<h2 class=\"wp-block-heading\" id=\"h-un-pueblo-de-huerta-con-tesoros-hidraulicos-y-modernistas\"><strong>Un pueblo de huerta con tesoros hidr\u00e1ulicos y modernistas<\/strong><strong><\/strong><\/h2>\n\n\n\n<p>Volvamos a Quart de Poblet. En su d\u00eda seguramente ser\u00eda un tesoro a repartir por su potencial agr\u00edcola. Y es que antes del siglo XX, el 83% de su superficie (casi 20 kil\u00f3metros cuadrados) <strong>estaba ocupada por campos de cultivo<\/strong>. Sin embargo, en los \u00faltimos 100 a\u00f1os, su proximidad a la ciudad de Valencia y a otros grandes n\u00facleos de poblaci\u00f3n, ha hecho disparar su n\u00famero de habitantes y se ha urbanizado bastante. A\u00fan as\u00ed, sigue conservando una <strong>personalidad propia y t\u00edpica de la huerta valenciana<\/strong>.<\/p>\n\n\n\n<figure class=\"wp-block-image size-full\"><img loading=\"lazy\" decoding=\"async\" width=\"1024\" height=\"671\" src=\"https:\/\/www.escapadarural.com\/blog\/wp-content\/uploads\/2025\/10\/Quart_de_Poblet_-_Ayuntamiento_6.webp\" alt=\"Quart de Poblet. Por Zarateman - Trabajo propio, CC0, https:\/\/commons.wikimedia.org\/w\/index.php?curid=79548886\" class=\"wp-image-209647\" srcset=\"https:\/\/www.escapadarural.com\/blog\/wp-content\/uploads\/2025\/10\/Quart_de_Poblet_-_Ayuntamiento_6-200x131.webp 200w, https:\/\/www.escapadarural.com\/blog\/wp-content\/uploads\/2025\/10\/Quart_de_Poblet_-_Ayuntamiento_6-300x197.webp 300w, https:\/\/www.escapadarural.com\/blog\/wp-content\/uploads\/2025\/10\/Quart_de_Poblet_-_Ayuntamiento_6-400x262.webp 400w, https:\/\/www.escapadarural.com\/blog\/wp-content\/uploads\/2025\/10\/Quart_de_Poblet_-_Ayuntamiento_6-600x393.webp 600w, https:\/\/www.escapadarural.com\/blog\/wp-content\/uploads\/2025\/10\/Quart_de_Poblet_-_Ayuntamiento_6-768x503.webp 768w, https:\/\/www.escapadarural.com\/blog\/wp-content\/uploads\/2025\/10\/Quart_de_Poblet_-_Ayuntamiento_6-800x524.webp 800w, https:\/\/www.escapadarural.com\/blog\/wp-content\/uploads\/2025\/10\/Quart_de_Poblet_-_Ayuntamiento_6.webp 1024w\" sizes=\"auto, (max-width: 1024px) 100vw, 1024px\" \/><figcaption class=\"wp-element-caption\">Quart de Poblet (Valencia). Por Zarateman &#8211; <a href=\"https:\/\/commons.wikimedia.org\/w\/index.php?curid=79548886\" target=\"_blank\" rel=\"noreferrer noopener nofollow\">CC0<\/a><\/figcaption><\/figure>\n\n\n\n<p>En un paseo por el municipio, destaca la <strong>red de acequias de riego<\/strong> herencia del dominio \u00e1rabe y que sigue dando vida a los campos que quedan. Las aguas proceden de la acequia madre de Quart. Entre los diversos elementos de patrimonio hidr\u00e1ulico que vale la pena visitar est\u00e1n las \u201cLenguas de Sant Onofre\u201d, un partidor que separaba las aguas de riego o el dep\u00f3sito de agua de baja presi\u00f3n. <\/p>\n\n\n\n<p>La ermita de San Onofre es uno de los Bienes de Relevancia Local del pueblo, originaria del siglo XIV. Precisamente las fiestas del pueblo celebran la tradicional y singular \u201cPassej\u00e0 de Sant Onofre\u201d la noche del 9 de junio, una procesi\u00f3n impactante con miles de cohetes y fuegos artificiales.<\/p>\n\n\n\n<figure class=\"wp-block-image size-large\"><img loading=\"lazy\" decoding=\"async\" width=\"768\" height=\"1024\" src=\"https:\/\/www.escapadarural.com\/blog\/wp-content\/uploads\/2025\/10\/San_Onofre_de_Quart_de_Poblet_08-768x1024.webp\" alt=\"Ermita de Sant Onofre de Quart de Poblet. By 19Tarrestnom65 - Treball propi, CC BY-SA 4.0, https:\/\/commons.wikimedia.org\/w\/index.php?curid=50805057\" class=\"wp-image-209648\" srcset=\"https:\/\/www.escapadarural.com\/blog\/wp-content\/uploads\/2025\/10\/San_Onofre_de_Quart_de_Poblet_08-200x267.webp 200w, https:\/\/www.escapadarural.com\/blog\/wp-content\/uploads\/2025\/10\/San_Onofre_de_Quart_de_Poblet_08-225x300.webp 225w, https:\/\/www.escapadarural.com\/blog\/wp-content\/uploads\/2025\/10\/San_Onofre_de_Quart_de_Poblet_08-400x533.webp 400w, https:\/\/www.escapadarural.com\/blog\/wp-content\/uploads\/2025\/10\/San_Onofre_de_Quart_de_Poblet_08-600x800.webp 600w, https:\/\/www.escapadarural.com\/blog\/wp-content\/uploads\/2025\/10\/San_Onofre_de_Quart_de_Poblet_08-768x1024.webp 768w, https:\/\/www.escapadarural.com\/blog\/wp-content\/uploads\/2025\/10\/San_Onofre_de_Quart_de_Poblet_08-800x1066.webp 800w, https:\/\/www.escapadarural.com\/blog\/wp-content\/uploads\/2025\/10\/San_Onofre_de_Quart_de_Poblet_08.webp 1024w\" sizes=\"auto, (max-width: 768px) 100vw, 768px\" \/><figcaption class=\"wp-element-caption\">Ermita de Sant Onofre de Quart de Poblet. By 19Tarrestnom65 &#8211; <a href=\"https:\/\/commons.wikimedia.org\/w\/index.php?curid=50805057\" target=\"_blank\" rel=\"noreferrer noopener nofollow\">CC BY-SA 4.0<\/a><\/figcaption><\/figure>\n\n\n\n<p>Siguiendo con los restos del patrimonio hidr\u00e1ulico de Quart de Poblet, tambi\u00e9n se puede ver un <strong>tramo original de la acequia de Mislata<\/strong>, que es Bien de Inter\u00e9s Cultural. Adem\u00e1s, no hay que dejar de pasear por las callejuelas del casco hist\u00f3rico, pasando por la cisterna medieval y la iglesia de la Pur\u00edsima, que son dos de los <strong>edificios m\u00e1s antiguos del municipio<\/strong>.<\/p>\n\n\n\n<p>Dejando atr\u00e1s la Edad Media, el municipio preserva algunas <strong>joyas arquitect\u00f3nicas del modernismo<\/strong> como la antigua estaci\u00f3n del ferrocarril \u2014hoy centro de informaci\u00f3n tur\u00edstica\u2014, preciosas casas y el Centro Cultural El Casino, que sigue abierto en la actualidad y alberga una cafeter\u00eda con terraza. Otro lugar imprescindible es el Mol\u00ed de Vila, construido en el siglo XIX en el momento en el que Quart de Poblet avanzaba hacia la industrializaci\u00f3n y que generaba energ\u00eda de la acequia de Mislata. Hoy es un auditorio y se ha convertido en s\u00edmbolo del municipio.<\/p>\n\n\n\n<h2 class=\"wp-block-heading\" id=\"h-el-parque-natural-del-turia-pulmon-verde-de-quart-de-poblet\"><strong>El Parque Natural del T\u00faria, pulm\u00f3n verde de Quart de Poblet<\/strong><strong><\/strong><\/h2>\n\n\n\n<figure class=\"wp-block-image size-full\"><img loading=\"lazy\" decoding=\"async\" width=\"1024\" height=\"768\" src=\"https:\/\/www.escapadarural.com\/blog\/wp-content\/uploads\/2025\/10\/AdobeStock_501271659.webp\" alt=\"Parque fluvial del T\u00faria de Valencia. Por SerFF79\" class=\"wp-image-209650\" srcset=\"https:\/\/www.escapadarural.com\/blog\/wp-content\/uploads\/2025\/10\/AdobeStock_501271659-200x150.webp 200w, https:\/\/www.escapadarural.com\/blog\/wp-content\/uploads\/2025\/10\/AdobeStock_501271659-300x225.webp 300w, https:\/\/www.escapadarural.com\/blog\/wp-content\/uploads\/2025\/10\/AdobeStock_501271659-400x300.webp 400w, https:\/\/www.escapadarural.com\/blog\/wp-content\/uploads\/2025\/10\/AdobeStock_501271659-600x450.webp 600w, https:\/\/www.escapadarural.com\/blog\/wp-content\/uploads\/2025\/10\/AdobeStock_501271659-768x576.webp 768w, https:\/\/www.escapadarural.com\/blog\/wp-content\/uploads\/2025\/10\/AdobeStock_501271659-800x600.webp 800w, https:\/\/www.escapadarural.com\/blog\/wp-content\/uploads\/2025\/10\/AdobeStock_501271659.webp 1024w\" sizes=\"auto, (max-width: 1024px) 100vw, 1024px\" \/><figcaption class=\"wp-element-caption\">Parque fluvial del T\u00faria de Valencia. Por SerFF79<\/figcaption><\/figure>\n\n\n\n<p>Quart de Poblet est\u00e1 junto al Parque Natural del T\u00faria, una arteria verde que vertebra los municipios que colindan con el r\u00edo desde la ciudad de Valencia hasta el pueblo de <a href=\"\/blog\/charco-azul-de-chulilla-una-piscina-natural-entre-el-canon-del-turia\/\">Chulilla<\/a>, en el interior. Es un lugar de esparcimiento de 35 kil\u00f3metros muy popular, tiene una v\u00eda verde para pasear e ir en bici o a caballo. Estuvo fuertemente <strong>afectado por la DANA de octubre de 2024<\/strong>, pero ya se est\u00e1 trabajando para su recuperaci\u00f3n.<\/p>\n","protected":false},"excerpt":{"rendered":"<p>Quart de Poblet era propiedad de un abad de Tarragona. Recordamos c\u00f3mo cambi\u00f3 su nombre este pueblo hort\u00edcola<\/p>\n","protected":false},"author":123,"featured_media":210891,"comment_status":"open","ping_status":"open","sticky":false,"template":"","format":"standard","meta":{"_acf_changed":false,"om_disable_all_campaigns":false,"footnotes":""},"categories":[231],"tags":[5994,469,218,6609,2188,212,6608,537,602],"class_list":["post-209646","post","type-post","status-publish","format-standard","has-post-thumbnail","hentry","category-arte-y-cultura","tag-que-ver-en-cataluna","tag-que-ver-en-la-comunidad-valenciana","tag-historia","tag-monasterio-de-santa-maria-de-poblet","tag-poblet","tag-pueblos","tag-quart-de-poblet","tag-que-ver-en-tarragona","tag-que-ver-en-valencia"],"acf":[],"featured_image_src":"https:\/\/www.escapadarural.com\/blog\/wp-content\/uploads\/2025\/10\/AdobeStock_586023913-scaled.jpeg","author_info":{"display_name":"Raquel Andr\u00e9s","author_link":"https:\/\/www.escapadarural.com\/blog\/autor\/raquel\/"},"yoast_head":"<!-- This site is optimized with the Yoast SEO plugin v27.5 - https:\/\/yoast.com\/product\/yoast-seo-wordpress\/ -->\n<title>El pueblo valenciano que perteneci\u00f3 a un monasterio catal\u00e1n - EscapadaRural<\/title>\n<meta name=\"description\" content=\"Quart de Poblet era propiedad de un abad de Tarragona. Recordamos c\u00f3mo cambi\u00f3 su nombre este pueblo hort\u00edcola\" \/>\n<meta name=\"robots\" content=\"index, follow, max-snippet:-1, max-image-preview:large, max-video-preview:-1\" \/>\n<link rel=\"canonical\" href=\"https:\/\/www.escapadarural.com\/blog\/pueblo-valenciano-monasterio-catalan-quart-poblet\/\" \/>\n<meta property=\"og:locale\" content=\"es_ES\" \/>\n<meta property=\"og:type\" content=\"article\" \/>\n<meta property=\"og:title\" content=\"El pueblo valenciano que perteneci\u00f3 a un monasterio catal\u00e1n - EscapadaRural\" \/>\n<meta property=\"og:description\" content=\"Quart de Poblet era propiedad de un abad de Tarragona. Recordamos c\u00f3mo cambi\u00f3 su nombre este pueblo hort\u00edcola\" \/>\n<meta property=\"og:url\" content=\"https:\/\/www.escapadarural.com\/blog\/pueblo-valenciano-monasterio-catalan-quart-poblet\/\" \/>\n<meta property=\"og:site_name\" content=\"Magazine de viajes de EscapadaRural\" \/>\n<meta property=\"article:publisher\" content=\"https:\/\/www.facebook.com\/escapadarural\" \/>\n<meta property=\"article:published_time\" content=\"2025-11-25T07:55:00+00:00\" \/>\n<meta property=\"article:modified_time\" content=\"2026-03-18T15:54:19+00:00\" \/>\n<meta property=\"og:image\" content=\"https:\/\/www.escapadarural.com\/blog\/wp-content\/uploads\/2025\/10\/AdobeStock_586023913-scaled.jpeg?v=1773849260\" \/>\n\t<meta property=\"og:image:width\" content=\"2048\" \/>\n\t<meta property=\"og:image:height\" content=\"1367\" \/>\n\t<meta property=\"og:image:type\" content=\"image\/jpeg\" \/>\n<meta name=\"author\" content=\"Raquel Andr\u00e9s\" \/>\n<meta name=\"twitter:card\" content=\"summary_large_image\" \/>\n<meta name=\"twitter:label1\" content=\"Escrito por\" \/>\n\t<meta name=\"twitter:data1\" content=\"Raquel Andr\u00e9s\" \/>\n\t<meta name=\"twitter:label2\" content=\"Tiempo de lectura\" \/>\n\t<meta name=\"twitter:data2\" content=\"6 minutos\" \/>\n<script type=\"application\/ld+json\" class=\"yoast-schema-graph\">{\"@context\":\"https:\\\/\\\/schema.org\",\"@graph\":[{\"@type\":\"Article\",\"@id\":\"https:\\\/\\\/www.escapadarural.com\\\/blog\\\/pueblo-valenciano-monasterio-catalan-quart-poblet\\\/#article\",\"isPartOf\":{\"@id\":\"https:\\\/\\\/www.escapadarural.com\\\/blog\\\/pueblo-valenciano-monasterio-catalan-quart-poblet\\\/\"},\"author\":{\"name\":\"Raquel Andr\u00e9s\",\"@id\":\"https:\\\/\\\/www.escapadarural.com\\\/blog\\\/#\\\/schema\\\/person\\\/67be061eb00d8315fa8642e01b88c894\"},\"headline\":\"El pueblo valenciano que perteneci\u00f3 a un monasterio catal\u00e1n\",\"datePublished\":\"2025-11-25T07:55:00+00:00\",\"dateModified\":\"2026-03-18T15:54:19+00:00\",\"mainEntityOfPage\":{\"@id\":\"https:\\\/\\\/www.escapadarural.com\\\/blog\\\/pueblo-valenciano-monasterio-catalan-quart-poblet\\\/\"},\"wordCount\":1135,\"commentCount\":0,\"publisher\":{\"@id\":\"https:\\\/\\\/www.escapadarural.com\\\/blog\\\/#organization\"},\"image\":{\"@id\":\"https:\\\/\\\/www.escapadarural.com\\\/blog\\\/pueblo-valenciano-monasterio-catalan-quart-poblet\\\/#primaryimage\"},\"thumbnailUrl\":\"https:\\\/\\\/www.escapadarural.com\\\/blog\\\/wp-content\\\/uploads\\\/2025\\\/10\\\/AdobeStock_586023913-scaled.jpeg\",\"keywords\":[\"Catalu\u00f1a\",\"Comunidad Valenciana\",\"Historia\",\"Monasterio de Santa Maria de Poblet\",\"Poblet\",\"pueblos\",\"Quart de Poblet\",\"Tarragona\",\"Valencia\"],\"articleSection\":[\"Arte y Cultura\"],\"inLanguage\":\"es\",\"potentialAction\":[{\"@type\":\"CommentAction\",\"name\":\"Comment\",\"target\":[\"https:\\\/\\\/www.escapadarural.com\\\/blog\\\/pueblo-valenciano-monasterio-catalan-quart-poblet\\\/#respond\"]}]},{\"@type\":\"WebPage\",\"@id\":\"https:\\\/\\\/www.escapadarural.com\\\/blog\\\/pueblo-valenciano-monasterio-catalan-quart-poblet\\\/\",\"url\":\"https:\\\/\\\/www.escapadarural.com\\\/blog\\\/pueblo-valenciano-monasterio-catalan-quart-poblet\\\/\",\"name\":\"El pueblo valenciano que perteneci\u00f3 a un monasterio catal\u00e1n - EscapadaRural\",\"isPartOf\":{\"@id\":\"https:\\\/\\\/www.escapadarural.com\\\/blog\\\/#website\"},\"primaryImageOfPage\":{\"@id\":\"https:\\\/\\\/www.escapadarural.com\\\/blog\\\/pueblo-valenciano-monasterio-catalan-quart-poblet\\\/#primaryimage\"},\"image\":{\"@id\":\"https:\\\/\\\/www.escapadarural.com\\\/blog\\\/pueblo-valenciano-monasterio-catalan-quart-poblet\\\/#primaryimage\"},\"thumbnailUrl\":\"https:\\\/\\\/www.escapadarural.com\\\/blog\\\/wp-content\\\/uploads\\\/2025\\\/10\\\/AdobeStock_586023913-scaled.jpeg\",\"datePublished\":\"2025-11-25T07:55:00+00:00\",\"dateModified\":\"2026-03-18T15:54:19+00:00\",\"description\":\"Quart de Poblet era propiedad de un abad de Tarragona. Recordamos c\u00f3mo cambi\u00f3 su nombre este pueblo hort\u00edcola\",\"breadcrumb\":{\"@id\":\"https:\\\/\\\/www.escapadarural.com\\\/blog\\\/pueblo-valenciano-monasterio-catalan-quart-poblet\\\/#breadcrumb\"},\"inLanguage\":\"es\",\"potentialAction\":[{\"@type\":\"ReadAction\",\"target\":[\"https:\\\/\\\/www.escapadarural.com\\\/blog\\\/pueblo-valenciano-monasterio-catalan-quart-poblet\\\/\"]}]},{\"@type\":\"ImageObject\",\"inLanguage\":\"es\",\"@id\":\"https:\\\/\\\/www.escapadarural.com\\\/blog\\\/pueblo-valenciano-monasterio-catalan-quart-poblet\\\/#primaryimage\",\"url\":\"https:\\\/\\\/www.escapadarural.com\\\/blog\\\/wp-content\\\/uploads\\\/2025\\\/10\\\/AdobeStock_586023913-scaled.jpeg\",\"contentUrl\":\"https:\\\/\\\/www.escapadarural.com\\\/blog\\\/wp-content\\\/uploads\\\/2025\\\/10\\\/AdobeStock_586023913-scaled.jpeg\",\"width\":2048,\"height\":1367,\"caption\":\"Monasterio de Santa Maria de Poblet (Tarragona). Por dudlajzov\"},{\"@type\":\"BreadcrumbList\",\"@id\":\"https:\\\/\\\/www.escapadarural.com\\\/blog\\\/pueblo-valenciano-monasterio-catalan-quart-poblet\\\/#breadcrumb\",\"itemListElement\":[{\"@type\":\"ListItem\",\"position\":1,\"name\":\"Inicio\",\"item\":\"https:\\\/\\\/www.escapadarural.com\\\/blog\\\/\"},{\"@type\":\"ListItem\",\"position\":2,\"name\":\"Arte y Cultura\",\"item\":\"https:\\\/\\\/www.escapadarural.com\\\/blog\\\/categoria\\\/arte-y-cultura\\\/\"},{\"@type\":\"ListItem\",\"position\":3,\"name\":\"El pueblo valenciano que perteneci\u00f3 a un monasterio catal\u00e1n\"}]},{\"@type\":\"WebSite\",\"@id\":\"https:\\\/\\\/www.escapadarural.com\\\/blog\\\/#website\",\"url\":\"https:\\\/\\\/www.escapadarural.com\\\/blog\\\/\",\"name\":\"Blog de viajes | turismo rural, alojamientos e inspiraci\u00f3n\",\"description\":\"Alojamientos rurales e inspiraci\u00f3n para tus escapadas\",\"publisher\":{\"@id\":\"https:\\\/\\\/www.escapadarural.com\\\/blog\\\/#organization\"},\"alternateName\":\"Magazine de viajes de EscapadaRural\",\"potentialAction\":[{\"@type\":\"SearchAction\",\"target\":{\"@type\":\"EntryPoint\",\"urlTemplate\":\"https:\\\/\\\/www.escapadarural.com\\\/blog\\\/?s={search_term_string}\"},\"query-input\":{\"@type\":\"PropertyValueSpecification\",\"valueRequired\":true,\"valueName\":\"search_term_string\"}}],\"inLanguage\":\"es\"},{\"@type\":\"Organization\",\"@id\":\"https:\\\/\\\/www.escapadarural.com\\\/blog\\\/#organization\",\"name\":\"EscapadaRural\",\"url\":\"https:\\\/\\\/www.escapadarural.com\\\/blog\\\/\",\"logo\":{\"@type\":\"ImageObject\",\"inLanguage\":\"es\",\"@id\":\"https:\\\/\\\/www.escapadarural.com\\\/blog\\\/#\\\/schema\\\/logo\\\/image\\\/\",\"url\":\"https:\\\/\\\/www.escapadarural.com\\\/blog\\\/wp-content\\\/uploads\\\/2024\\\/10\\\/cropped-cropped-escapada-rural-icon-mag-3.png\",\"contentUrl\":\"https:\\\/\\\/www.escapadarural.com\\\/blog\\\/wp-content\\\/uploads\\\/2024\\\/10\\\/cropped-cropped-escapada-rural-icon-mag-3.png\",\"width\":512,\"height\":512,\"caption\":\"EscapadaRural\"},\"image\":{\"@id\":\"https:\\\/\\\/www.escapadarural.com\\\/blog\\\/#\\\/schema\\\/logo\\\/image\\\/\"},\"sameAs\":[\"https:\\\/\\\/www.facebook.com\\\/escapadarural\",\"https:\\\/\\\/www.instagram.com\\\/escapadarural\\\/\",\"https:\\\/\\\/www.youtube.com\\\/@escapadaruralcom\"]},{\"@type\":\"Person\",\"@id\":\"https:\\\/\\\/www.escapadarural.com\\\/blog\\\/#\\\/schema\\\/person\\\/67be061eb00d8315fa8642e01b88c894\",\"name\":\"Raquel Andr\u00e9s\",\"image\":{\"@type\":\"ImageObject\",\"inLanguage\":\"es\",\"@id\":\"https:\\\/\\\/secure.gravatar.com\\\/avatar\\\/b45840531462f3cafb335a9fc5c0bfda2c07c3df4b82b304b923526b85cc6cb5?s=96&d=mm&r=g\",\"url\":\"https:\\\/\\\/secure.gravatar.com\\\/avatar\\\/b45840531462f3cafb335a9fc5c0bfda2c07c3df4b82b304b923526b85cc6cb5?s=96&d=mm&r=g\",\"contentUrl\":\"https:\\\/\\\/secure.gravatar.com\\\/avatar\\\/b45840531462f3cafb335a9fc5c0bfda2c07c3df4b82b304b923526b85cc6cb5?s=96&d=mm&r=g\",\"caption\":\"Raquel Andr\u00e9s\"},\"description\":\"Periodista y aventurera. Me has podido leer en Escapada Rural, Diari Nosaltres La Veu, La Vanguardia, El Salto y otros medios. Habitante y amante de las zonas rurales, sea cual sea el destino. Procuro escaparme una vez por semana con las botas de monta\u00f1a, el arn\u00e9s o el neopreno. Tambi\u00e9n soy un intento de baserritarra.\",\"url\":\"https:\\\/\\\/www.escapadarural.com\\\/blog\\\/autor\\\/raquel\\\/\"}]}<\/script>\n<!-- \/ Yoast SEO plugin. -->","yoast_head_json":{"title":"El pueblo valenciano que perteneci\u00f3 a un monasterio catal\u00e1n - EscapadaRural","description":"Quart de Poblet era propiedad de un abad de Tarragona. Recordamos c\u00f3mo cambi\u00f3 su nombre este pueblo hort\u00edcola","robots":{"index":"index","follow":"follow","max-snippet":"max-snippet:-1","max-image-preview":"max-image-preview:large","max-video-preview":"max-video-preview:-1"},"canonical":"https:\/\/www.escapadarural.com\/blog\/pueblo-valenciano-monasterio-catalan-quart-poblet\/","og_locale":"es_ES","og_type":"article","og_title":"El pueblo valenciano que perteneci\u00f3 a un monasterio catal\u00e1n - EscapadaRural","og_description":"Quart de Poblet era propiedad de un abad de Tarragona. Recordamos c\u00f3mo cambi\u00f3 su nombre este pueblo hort\u00edcola","og_url":"https:\/\/www.escapadarural.com\/blog\/pueblo-valenciano-monasterio-catalan-quart-poblet\/","og_site_name":"Magazine de viajes de EscapadaRural","article_publisher":"https:\/\/www.facebook.com\/escapadarural","article_published_time":"2025-11-25T07:55:00+00:00","article_modified_time":"2026-03-18T15:54:19+00:00","og_image":[{"width":2048,"height":1367,"url":"https:\/\/www.escapadarural.com\/blog\/wp-content\/uploads\/2025\/10\/AdobeStock_586023913-scaled.jpeg?v=1773849260","type":"image\/jpeg"}],"author":"Raquel Andr\u00e9s","twitter_card":"summary_large_image","twitter_misc":{"Escrito por":"Raquel Andr\u00e9s","Tiempo de lectura":"6 minutos"},"schema":{"@context":"https:\/\/schema.org","@graph":[{"@type":"Article","@id":"https:\/\/www.escapadarural.com\/blog\/pueblo-valenciano-monasterio-catalan-quart-poblet\/#article","isPartOf":{"@id":"https:\/\/www.escapadarural.com\/blog\/pueblo-valenciano-monasterio-catalan-quart-poblet\/"},"author":{"name":"Raquel Andr\u00e9s","@id":"https:\/\/www.escapadarural.com\/blog\/#\/schema\/person\/67be061eb00d8315fa8642e01b88c894"},"headline":"El pueblo valenciano que perteneci\u00f3 a un monasterio catal\u00e1n","datePublished":"2025-11-25T07:55:00+00:00","dateModified":"2026-03-18T15:54:19+00:00","mainEntityOfPage":{"@id":"https:\/\/www.escapadarural.com\/blog\/pueblo-valenciano-monasterio-catalan-quart-poblet\/"},"wordCount":1135,"commentCount":0,"publisher":{"@id":"https:\/\/www.escapadarural.com\/blog\/#organization"},"image":{"@id":"https:\/\/www.escapadarural.com\/blog\/pueblo-valenciano-monasterio-catalan-quart-poblet\/#primaryimage"},"thumbnailUrl":"https:\/\/www.escapadarural.com\/blog\/wp-content\/uploads\/2025\/10\/AdobeStock_586023913-scaled.jpeg","keywords":["Catalu\u00f1a","Comunidad Valenciana","Historia","Monasterio de Santa Maria de Poblet","Poblet","pueblos","Quart de Poblet","Tarragona","Valencia"],"articleSection":["Arte y Cultura"],"inLanguage":"es","potentialAction":[{"@type":"CommentAction","name":"Comment","target":["https:\/\/www.escapadarural.com\/blog\/pueblo-valenciano-monasterio-catalan-quart-poblet\/#respond"]}]},{"@type":"WebPage","@id":"https:\/\/www.escapadarural.com\/blog\/pueblo-valenciano-monasterio-catalan-quart-poblet\/","url":"https:\/\/www.escapadarural.com\/blog\/pueblo-valenciano-monasterio-catalan-quart-poblet\/","name":"El pueblo valenciano que perteneci\u00f3 a un monasterio catal\u00e1n - EscapadaRural","isPartOf":{"@id":"https:\/\/www.escapadarural.com\/blog\/#website"},"primaryImageOfPage":{"@id":"https:\/\/www.escapadarural.com\/blog\/pueblo-valenciano-monasterio-catalan-quart-poblet\/#primaryimage"},"image":{"@id":"https:\/\/www.escapadarural.com\/blog\/pueblo-valenciano-monasterio-catalan-quart-poblet\/#primaryimage"},"thumbnailUrl":"https:\/\/www.escapadarural.com\/blog\/wp-content\/uploads\/2025\/10\/AdobeStock_586023913-scaled.jpeg","datePublished":"2025-11-25T07:55:00+00:00","dateModified":"2026-03-18T15:54:19+00:00","description":"Quart de Poblet era propiedad de un abad de Tarragona. Recordamos c\u00f3mo cambi\u00f3 su nombre este pueblo hort\u00edcola","breadcrumb":{"@id":"https:\/\/www.escapadarural.com\/blog\/pueblo-valenciano-monasterio-catalan-quart-poblet\/#breadcrumb"},"inLanguage":"es","potentialAction":[{"@type":"ReadAction","target":["https:\/\/www.escapadarural.com\/blog\/pueblo-valenciano-monasterio-catalan-quart-poblet\/"]}]},{"@type":"ImageObject","inLanguage":"es","@id":"https:\/\/www.escapadarural.com\/blog\/pueblo-valenciano-monasterio-catalan-quart-poblet\/#primaryimage","url":"https:\/\/www.escapadarural.com\/blog\/wp-content\/uploads\/2025\/10\/AdobeStock_586023913-scaled.jpeg","contentUrl":"https:\/\/www.escapadarural.com\/blog\/wp-content\/uploads\/2025\/10\/AdobeStock_586023913-scaled.jpeg","width":2048,"height":1367,"caption":"Monasterio de Santa Maria de Poblet (Tarragona). Por dudlajzov"},{"@type":"BreadcrumbList","@id":"https:\/\/www.escapadarural.com\/blog\/pueblo-valenciano-monasterio-catalan-quart-poblet\/#breadcrumb","itemListElement":[{"@type":"ListItem","position":1,"name":"Inicio","item":"https:\/\/www.escapadarural.com\/blog\/"},{"@type":"ListItem","position":2,"name":"Arte y Cultura","item":"https:\/\/www.escapadarural.com\/blog\/categoria\/arte-y-cultura\/"},{"@type":"ListItem","position":3,"name":"El pueblo valenciano que perteneci\u00f3 a un monasterio catal\u00e1n"}]},{"@type":"WebSite","@id":"https:\/\/www.escapadarural.com\/blog\/#website","url":"https:\/\/www.escapadarural.com\/blog\/","name":"Blog de viajes | turismo rural, alojamientos e inspiraci\u00f3n","description":"Alojamientos rurales e inspiraci\u00f3n para tus escapadas","publisher":{"@id":"https:\/\/www.escapadarural.com\/blog\/#organization"},"alternateName":"Magazine de viajes de EscapadaRural","potentialAction":[{"@type":"SearchAction","target":{"@type":"EntryPoint","urlTemplate":"https:\/\/www.escapadarural.com\/blog\/?s={search_term_string}"},"query-input":{"@type":"PropertyValueSpecification","valueRequired":true,"valueName":"search_term_string"}}],"inLanguage":"es"},{"@type":"Organization","@id":"https:\/\/www.escapadarural.com\/blog\/#organization","name":"EscapadaRural","url":"https:\/\/www.escapadarural.com\/blog\/","logo":{"@type":"ImageObject","inLanguage":"es","@id":"https:\/\/www.escapadarural.com\/blog\/#\/schema\/logo\/image\/","url":"https:\/\/www.escapadarural.com\/blog\/wp-content\/uploads\/2024\/10\/cropped-cropped-escapada-rural-icon-mag-3.png","contentUrl":"https:\/\/www.escapadarural.com\/blog\/wp-content\/uploads\/2024\/10\/cropped-cropped-escapada-rural-icon-mag-3.png","width":512,"height":512,"caption":"EscapadaRural"},"image":{"@id":"https:\/\/www.escapadarural.com\/blog\/#\/schema\/logo\/image\/"},"sameAs":["https:\/\/www.facebook.com\/escapadarural","https:\/\/www.instagram.com\/escapadarural\/","https:\/\/www.youtube.com\/@escapadaruralcom"]},{"@type":"Person","@id":"https:\/\/www.escapadarural.com\/blog\/#\/schema\/person\/67be061eb00d8315fa8642e01b88c894","name":"Raquel Andr\u00e9s","image":{"@type":"ImageObject","inLanguage":"es","@id":"https:\/\/secure.gravatar.com\/avatar\/b45840531462f3cafb335a9fc5c0bfda2c07c3df4b82b304b923526b85cc6cb5?s=96&d=mm&r=g","url":"https:\/\/secure.gravatar.com\/avatar\/b45840531462f3cafb335a9fc5c0bfda2c07c3df4b82b304b923526b85cc6cb5?s=96&d=mm&r=g","contentUrl":"https:\/\/secure.gravatar.com\/avatar\/b45840531462f3cafb335a9fc5c0bfda2c07c3df4b82b304b923526b85cc6cb5?s=96&d=mm&r=g","caption":"Raquel Andr\u00e9s"},"description":"Periodista y aventurera. Me has podido leer en Escapada Rural, Diari Nosaltres La Veu, La Vanguardia, El Salto y otros medios. Habitante y amante de las zonas rurales, sea cual sea el destino. Procuro escaparme una vez por semana con las botas de monta\u00f1a, el arn\u00e9s o el neopreno. Tambi\u00e9n soy un intento de baserritarra.","url":"https:\/\/www.escapadarural.com\/blog\/autor\/raquel\/"}]}},"_links":{"self":[{"href":"https:\/\/www.escapadarural.com\/blog\/wp-json\/wp\/v2\/posts\/209646","targetHints":{"allow":["GET"]}}],"collection":[{"href":"https:\/\/www.escapadarural.com\/blog\/wp-json\/wp\/v2\/posts"}],"about":[{"href":"https:\/\/www.escapadarural.com\/blog\/wp-json\/wp\/v2\/types\/post"}],"author":[{"embeddable":true,"href":"https:\/\/www.escapadarural.com\/blog\/wp-json\/wp\/v2\/users\/123"}],"replies":[{"embeddable":true,"href":"https:\/\/www.escapadarural.com\/blog\/wp-json\/wp\/v2\/comments?post=209646"}],"version-history":[{"count":0,"href":"https:\/\/www.escapadarural.com\/blog\/wp-json\/wp\/v2\/posts\/209646\/revisions"}],"wp:featuredmedia":[{"embeddable":true,"href":"https:\/\/www.escapadarural.com\/blog\/wp-json\/wp\/v2\/media\/210891"}],"wp:attachment":[{"href":"https:\/\/www.escapadarural.com\/blog\/wp-json\/wp\/v2\/media?parent=209646"}],"wp:term":[{"taxonomy":"category","embeddable":true,"href":"https:\/\/www.escapadarural.com\/blog\/wp-json\/wp\/v2\/categories?post=209646"},{"taxonomy":"post_tag","embeddable":true,"href":"https:\/\/www.escapadarural.com\/blog\/wp-json\/wp\/v2\/tags?post=209646"}],"curies":[{"name":"wp","href":"https:\/\/api.w.org\/{rel}","templated":true}]}}