{"id":209807,"date":"2025-11-05T08:55:00","date_gmt":"2025-11-05T07:55:00","guid":{"rendered":"https:\/\/www.escapadarural.com\/blog\/?p=209807"},"modified":"2026-03-19T15:33:17","modified_gmt":"2026-03-19T14:33:17","slug":"donde-se-rodo-la-serie-animal-de-netflix","status":"publish","type":"post","link":"https:\/\/www.escapadarural.com\/blog\/donde-se-rodo-la-serie-animal-de-netflix\/","title":{"rendered":"\u00bfD\u00f3nde se rod\u00f3 Animal? Las localizaciones rurales del \u00faltimo pelotazo de Netflix"},"content":{"rendered":"\n<p>Con su luz, sus paisajes verdes, sus acantilados acariciados por el oleaje y ese halo misterioso que la caracteriza, <a href=\"\/casas-rurales\/galicia\">Galicia<\/a> es una tierra perfecta para acoger rodajes de proyectos audiovisuales. Uno de los \u00faltimos ejemplos es<strong> la serie <em>Animal<\/em><\/strong>, que se puede ver en Netflix. Una semana despu\u00e9s de su estreno, ya hab\u00eda alcanzado el n\u00famero uno de visualizaciones en tres de los pa\u00edses en los que se puede ver: Argentina, Espa\u00f1a y Uruguay.<\/p>\n\n\n\n<div class=\"wp-block-buttons is-layout-flex wp-block-buttons-is-layout-flex\">\n<div class=\"wp-block-button\"><a class=\"wp-block-button__link wp-element-button\" href=\"\/casas-rurales\/a-coruna\" target=\"_blank\" rel=\"noreferrer noopener\">Alojamientos rurales en A Coru\u00f1a<\/a><\/div>\n<\/div>\n\n\n\n<p>Creada por V\u00edctor Garc\u00eda Le\u00f3n y protagonizada por el actor gallego Luis Zahera, la serie cuenta <strong>la historia de Ant\u00f3n<\/strong>, un veterinario rural que, por circunstancias de la vida (es decir, necesidad de dinero), se ve obligado a aceptar un trabajo en una tienda de mascotas de lujo. Su sobrina Ux\u00eda es la responsable del negocio, lo que complica la situaci\u00f3n porque mezclar familia y trabajo no siempre resulta f\u00e1cil. <\/p>\n\n\n\n<figure class=\"wp-block-image size-large\"><img loading=\"lazy\" decoding=\"async\" width=\"1024\" height=\"683\" src=\"https:\/\/www.escapadarural.com\/blog\/wp-content\/uploads\/2025\/10\/animalsalvaje_S01_E03_07022024_jaimeolmedo_DSC_2743-1024x683.webp\" alt=\"Imagen de la serie Animal. Cortes\u00eda de Netflix.\" class=\"wp-image-209810\" srcset=\"https:\/\/www.escapadarural.com\/blog\/wp-content\/uploads\/2025\/10\/animalsalvaje_S01_E03_07022024_jaimeolmedo_DSC_2743-200x133.webp 200w, https:\/\/www.escapadarural.com\/blog\/wp-content\/uploads\/2025\/10\/animalsalvaje_S01_E03_07022024_jaimeolmedo_DSC_2743-300x200.webp 300w, https:\/\/www.escapadarural.com\/blog\/wp-content\/uploads\/2025\/10\/animalsalvaje_S01_E03_07022024_jaimeolmedo_DSC_2743-400x267.webp 400w, https:\/\/www.escapadarural.com\/blog\/wp-content\/uploads\/2025\/10\/animalsalvaje_S01_E03_07022024_jaimeolmedo_DSC_2743-600x400.webp 600w, https:\/\/www.escapadarural.com\/blog\/wp-content\/uploads\/2025\/10\/animalsalvaje_S01_E03_07022024_jaimeolmedo_DSC_2743-768x512.webp 768w, https:\/\/www.escapadarural.com\/blog\/wp-content\/uploads\/2025\/10\/animalsalvaje_S01_E03_07022024_jaimeolmedo_DSC_2743-800x533.webp 800w, https:\/\/www.escapadarural.com\/blog\/wp-content\/uploads\/2025\/10\/animalsalvaje_S01_E03_07022024_jaimeolmedo_DSC_2743-1024x683.webp 1024w, https:\/\/www.escapadarural.com\/blog\/wp-content\/uploads\/2025\/10\/animalsalvaje_S01_E03_07022024_jaimeolmedo_DSC_2743-1200x800.webp 1200w, https:\/\/www.escapadarural.com\/blog\/wp-content\/uploads\/2025\/10\/animalsalvaje_S01_E03_07022024_jaimeolmedo_DSC_2743-1536x1024.webp 1536w\" sizes=\"auto, (max-width: 1024px) 100vw, 1024px\" \/><figcaption class=\"wp-element-caption\">Imagen de la serie Animal. Cortes\u00eda de Netflix.<\/figcaption><\/figure>\n\n\n\n<h2 class=\"wp-block-heading\" id=\"h-un-paseo-por-la-galicia-de-animal\">Un paseo por la Galicia de <em>Animal<\/em><\/h2>\n\n\n\n<p>Esta ficci\u00f3n <strong>se rod\u00f3 \u00edntegramente en Galicia<\/strong>, m\u00e1s concretamente en la provincia de A Coru\u00f1a. Aunque a algunos de los lugares se les ha asignado un \u2018nombre art\u00edstico\u2019, existen en la realidad y es posible visitarlos con alguna excepci\u00f3n contada. Por ejemplo, Kawanda, el comercio en el que Ant\u00f3n emprende su nueva vida laboral, no es una tienda real sino un escenario creado en una nave industrial de las afueras de <a href=\"\/casas-rurales\/santiago-de-compostela\">Santiago de Compostela<\/a>.&nbsp;<\/p>\n\n\n\n<p>El resto de escenas \u2018urbanas\u2019 s\u00ed se rodaron en <strong>las calles del centro hist\u00f3rico de la ciudad<\/strong> y en sitios como la Universidad de Santiago de Compostela o el monte Pedroso. Este emblema del municipio est\u00e1 a tres kil\u00f3metros del centro y tiene una altura de 461 metros sobre el nivel del mar. En 2024, se inaugur\u00f3 all\u00ed un mirador nocturno para disfrutar de la astronom\u00eda, aunque sea de manera aficionada. <\/p>\n\n\n\n<p>Aunque algunos momentos de la serie transcurren en la ciudad, la mayor parte de las aventuras o desventuras de Ant\u00f3n <strong>se desarrollan en el entorno rural<\/strong>. <\/p>\n\n\n\n<h2 class=\"wp-block-heading\" id=\"h-ponte-maceira\">Ponte Maceira<\/h2>\n\n\n\n<figure class=\"wp-block-image size-large\"><img loading=\"lazy\" decoding=\"async\" width=\"1024\" height=\"768\" src=\"https:\/\/www.escapadarural.com\/blog\/wp-content\/uploads\/2025\/10\/AdobeStock_637299155_Pontemaceira-1024x768.webp\" alt=\"Pontemaceira. Por Cristina.\" class=\"wp-image-209811\" srcset=\"https:\/\/www.escapadarural.com\/blog\/wp-content\/uploads\/2025\/10\/AdobeStock_637299155_Pontemaceira-200x150.webp 200w, https:\/\/www.escapadarural.com\/blog\/wp-content\/uploads\/2025\/10\/AdobeStock_637299155_Pontemaceira-300x225.webp 300w, https:\/\/www.escapadarural.com\/blog\/wp-content\/uploads\/2025\/10\/AdobeStock_637299155_Pontemaceira-400x300.webp 400w, https:\/\/www.escapadarural.com\/blog\/wp-content\/uploads\/2025\/10\/AdobeStock_637299155_Pontemaceira-600x450.webp 600w, https:\/\/www.escapadarural.com\/blog\/wp-content\/uploads\/2025\/10\/AdobeStock_637299155_Pontemaceira-768x576.webp 768w, https:\/\/www.escapadarural.com\/blog\/wp-content\/uploads\/2025\/10\/AdobeStock_637299155_Pontemaceira-800x600.webp 800w, https:\/\/www.escapadarural.com\/blog\/wp-content\/uploads\/2025\/10\/AdobeStock_637299155_Pontemaceira-1024x768.webp 1024w, https:\/\/www.escapadarural.com\/blog\/wp-content\/uploads\/2025\/10\/AdobeStock_637299155_Pontemaceira-1200x900.webp 1200w, https:\/\/www.escapadarural.com\/blog\/wp-content\/uploads\/2025\/10\/AdobeStock_637299155_Pontemaceira-1536x1152.webp 1536w\" sizes=\"auto, (max-width: 1024px) 100vw, 1024px\" \/><figcaption class=\"wp-element-caption\">Pontemaceira. Por Cristina.<\/figcaption><\/figure>\n\n\n\n<p>Ant\u00f3n vive en Topomorto, el nombre ficticio que le dieron a la aldea de Ponte Maceira, perteneciente al municipio de <a href=\"\/casas-rurales\/negreira\" target=\"_blank\" rel=\"noreferrer noopener\">Negreira<\/a>. Quienes hayan transitado el tramo del <a href=\"\/casas-rurales\/camino-al-fin-del-mundo\">Camino de Santiago a Finisterre<\/a>, quiz\u00e1 la identifiquen en la pantalla, sobre todo por su puente medieval, que se construy\u00f3 sobre el r\u00edo Tambre en el siglo XIII. En particular, las escenas exteriores muestran casas de granito, huertos y molinos antiguos que ayudan a establecer el tono aut\u00e9ntico del mundo rural que retrata la serie.<\/p>\n\n\n\n<div class=\"wp-block-buttons is-layout-flex wp-block-buttons-is-layout-flex\">\n<div class=\"wp-block-button\"><a class=\"wp-block-button__link wp-element-button\" href=\"\/casas-rurales\/negreira\">Alojamientos rurales en Negreira<\/a><\/div>\n<\/div>\n\n\n\n<h2 class=\"wp-block-heading\" id=\"h-arzua-finca-donicio\">Arz\u00faa (finca Donicio)<\/h2>\n\n\n\n<figure class=\"wp-block-image size-large\"><img loading=\"lazy\" decoding=\"async\" width=\"1024\" height=\"683\" src=\"https:\/\/www.escapadarural.com\/blog\/wp-content\/uploads\/2025\/11\/animalsalvaje_S01_E01_10012024_jaimeolmedo_DSC_1102-1024x683.jpg\" alt=\"Fotograma de la serie Animal. Por Netflix\" class=\"wp-image-210260\" srcset=\"https:\/\/www.escapadarural.com\/blog\/wp-content\/uploads\/2025\/11\/animalsalvaje_S01_E01_10012024_jaimeolmedo_DSC_1102-200x133.jpg 200w, https:\/\/www.escapadarural.com\/blog\/wp-content\/uploads\/2025\/11\/animalsalvaje_S01_E01_10012024_jaimeolmedo_DSC_1102-300x200.jpg 300w, https:\/\/www.escapadarural.com\/blog\/wp-content\/uploads\/2025\/11\/animalsalvaje_S01_E01_10012024_jaimeolmedo_DSC_1102-400x267.jpg 400w, https:\/\/www.escapadarural.com\/blog\/wp-content\/uploads\/2025\/11\/animalsalvaje_S01_E01_10012024_jaimeolmedo_DSC_1102-600x400.jpg 600w, https:\/\/www.escapadarural.com\/blog\/wp-content\/uploads\/2025\/11\/animalsalvaje_S01_E01_10012024_jaimeolmedo_DSC_1102-768x512.jpg 768w, https:\/\/www.escapadarural.com\/blog\/wp-content\/uploads\/2025\/11\/animalsalvaje_S01_E01_10012024_jaimeolmedo_DSC_1102-800x533.jpg 800w, https:\/\/www.escapadarural.com\/blog\/wp-content\/uploads\/2025\/11\/animalsalvaje_S01_E01_10012024_jaimeolmedo_DSC_1102-1024x683.jpg 1024w, https:\/\/www.escapadarural.com\/blog\/wp-content\/uploads\/2025\/11\/animalsalvaje_S01_E01_10012024_jaimeolmedo_DSC_1102-1200x800.jpg 1200w, https:\/\/www.escapadarural.com\/blog\/wp-content\/uploads\/2025\/11\/animalsalvaje_S01_E01_10012024_jaimeolmedo_DSC_1102-1536x1024.jpg 1536w\" sizes=\"auto, (max-width: 1024px) 100vw, 1024px\" \/><figcaption class=\"wp-element-caption\">Fotograma de la serie Animal. Por Jaime Olmedo\/Netflix \u00a9 2024<\/figcaption><\/figure>\n\n\n\n<p>En la finca Donicio se rodaron <strong>escenas clave que representan la granja de Ant\u00f3n<\/strong>, con establos, prados y actividad ganadera. Sirvi\u00f3 para transmitir la parte m\u00e1s agr\u00edcola y tradicional de la trama, enfrentando al protagonista con la realidad del campo. Est\u00e1 en Arz\u00faa, un municipio del sureste de la provincia de A Coru\u00f1a famoso por su <a href=\"\/blog\/arzua-capital-del-queso-camino-de-santiago\/\">queso D.O.P. Arz\u00faa-Ulloa<\/a>.<\/p>\n\n\n\n<p>Adem\u00e1s, el personaje que interpreta Luis Zahera <strong>acude a diversas ganader\u00edas<\/strong> para hacer su trabajo, que en la vida real est\u00e1n en Touro, Panti\u00f1obre y <a href=\"\/casas-rurales\/teo\">Teo<\/a>. Es all\u00ed donde \u00e9l disfruta realmente de su profesi\u00f3n, pero el estado del sector hunde su econom\u00eda por los impagos y le lleva a la tienda de mascotas de lujo.&nbsp;<\/p>\n\n\n\n<div class=\"wp-block-buttons is-layout-flex wp-block-buttons-is-layout-flex\">\n<div class=\"wp-block-button\"><a class=\"wp-block-button__link wp-element-button\" href=\"\/casas-rurales\/arzua\">Alojamientos rurales en Arz\u00faa<\/a><\/div>\n<\/div>\n\n\n\n<h2 class=\"wp-block-heading\" id=\"h-touro-pazo-diono\">Touro (pazo Dio\u00f1o)<\/h2>\n\n\n\n<figure class=\"wp-block-image size-large\"><img loading=\"lazy\" decoding=\"async\" width=\"1024\" height=\"598\" src=\"https:\/\/www.escapadarural.com\/blog\/wp-content\/uploads\/2025\/11\/diono-1024x598.jpeg\" alt=\"Pazo Dio\u00f1o, Touro (Galicia)\" class=\"wp-image-210261\" srcset=\"https:\/\/www.escapadarural.com\/blog\/wp-content\/uploads\/2025\/11\/diono-200x117.jpeg 200w, https:\/\/www.escapadarural.com\/blog\/wp-content\/uploads\/2025\/11\/diono-300x175.jpeg 300w, https:\/\/www.escapadarural.com\/blog\/wp-content\/uploads\/2025\/11\/diono-400x234.jpeg 400w, https:\/\/www.escapadarural.com\/blog\/wp-content\/uploads\/2025\/11\/diono-600x350.jpeg 600w, https:\/\/www.escapadarural.com\/blog\/wp-content\/uploads\/2025\/11\/diono-768x448.jpeg 768w, https:\/\/www.escapadarural.com\/blog\/wp-content\/uploads\/2025\/11\/diono-800x467.jpeg 800w, https:\/\/www.escapadarural.com\/blog\/wp-content\/uploads\/2025\/11\/diono-1024x598.jpeg 1024w, https:\/\/www.escapadarural.com\/blog\/wp-content\/uploads\/2025\/11\/diono-1200x701.jpeg 1200w, https:\/\/www.escapadarural.com\/blog\/wp-content\/uploads\/2025\/11\/diono-1536x897.jpeg 1536w, https:\/\/www.escapadarural.com\/blog\/wp-content\/uploads\/2025\/11\/diono.jpeg 1920w\" sizes=\"auto, (max-width: 1024px) 100vw, 1024px\" \/><figcaption class=\"wp-element-caption\">Pazo Dio\u00f1o, Touro (Galicia). Por <a href=\"https:\/\/touroturismo.com\/es\/pazo-de-diono\/\" target=\"_blank\" rel=\"noreferrer noopener nofollow\">Touro Turismo<\/a><\/figcaption><\/figure>\n\n\n\n<p>Sin embargo, la casa del personaje no se encuentra en Arz\u00faa donde los establos, sino que su exterior lo ubicaron en <strong><a href=\"\/casas-rurales\/o-pino\">O Pino<\/a>,<\/strong> en <a href=\"\/casas-rurales\/ames\">Am\u00e9s<\/a>. Los interiores, por otro lado, <strong>se grabaron en el pazo de Dio\u00f1o, en <a href=\"\/casas-rurales\/touro\">Touro<\/a><\/strong>. Se trata de un edificio del siglo XVIII, rodeado de naturaleza. Adem\u00e1s de la casa, en cuya entrada se pueden ver los escudos de la familia Aguiar y Achicharre, tambi\u00e9n cuenta con un h\u00f3rreo, un horno y una bodega, entre otras dependencias anexas.&nbsp;Como curiosidad, el pazo Dio\u00f1o est\u00e1 actualmente en venta (cuesta unos 750.000 euros). <\/p>\n\n\n\n<div class=\"wp-block-buttons is-layout-flex wp-block-buttons-is-layout-flex\">\n<div class=\"wp-block-button\"><a class=\"wp-block-button__link wp-element-button\" href=\"\/casas-rurales\/touro\">Alojamientos rurales en Touro<\/a><\/div>\n<\/div>\n\n\n\n<h2 class=\"wp-block-heading\" id=\"h-cecebre-parroquia-de-cambre\">Cecebre (parroquia de Cambre)<\/h2>\n\n\n\n<figure class=\"wp-block-image size-large\"><img loading=\"lazy\" decoding=\"async\" width=\"1024\" height=\"768\" src=\"https:\/\/www.escapadarural.com\/blog\/wp-content\/uploads\/2025\/10\/Embalse_de_Cecebre_A_Coruna_Galicia_Espana_01-1024x768.webp\" alt=\"Embalse de Abegondo-Cecebre. Por Tanja Freibott.\" class=\"wp-image-209812\" srcset=\"https:\/\/www.escapadarural.com\/blog\/wp-content\/uploads\/2025\/10\/Embalse_de_Cecebre_A_Coruna_Galicia_Espana_01-200x150.webp 200w, https:\/\/www.escapadarural.com\/blog\/wp-content\/uploads\/2025\/10\/Embalse_de_Cecebre_A_Coruna_Galicia_Espana_01-300x225.webp 300w, https:\/\/www.escapadarural.com\/blog\/wp-content\/uploads\/2025\/10\/Embalse_de_Cecebre_A_Coruna_Galicia_Espana_01-400x300.webp 400w, https:\/\/www.escapadarural.com\/blog\/wp-content\/uploads\/2025\/10\/Embalse_de_Cecebre_A_Coruna_Galicia_Espana_01-600x450.webp 600w, https:\/\/www.escapadarural.com\/blog\/wp-content\/uploads\/2025\/10\/Embalse_de_Cecebre_A_Coruna_Galicia_Espana_01-768x576.webp 768w, https:\/\/www.escapadarural.com\/blog\/wp-content\/uploads\/2025\/10\/Embalse_de_Cecebre_A_Coruna_Galicia_Espana_01-800x600.webp 800w, https:\/\/www.escapadarural.com\/blog\/wp-content\/uploads\/2025\/10\/Embalse_de_Cecebre_A_Coruna_Galicia_Espana_01-1024x768.webp 1024w, https:\/\/www.escapadarural.com\/blog\/wp-content\/uploads\/2025\/10\/Embalse_de_Cecebre_A_Coruna_Galicia_Espana_01-1200x900.webp 1200w, https:\/\/www.escapadarural.com\/blog\/wp-content\/uploads\/2025\/10\/Embalse_de_Cecebre_A_Coruna_Galicia_Espana_01-1536x1152.webp 1536w\" sizes=\"auto, (max-width: 1024px) 100vw, 1024px\" \/><figcaption class=\"wp-element-caption\">Embalse de Abegondo-Cecebre, en A Coru\u00f1a. Por <a href=\"https:\/\/commons.wikimedia.org\/wiki\/File:Embalse_de_Cecebre_%28A_Coru%C3%B1a,_Galicia,_Espa%C3%B1a%29_01.JPG\" target=\"_blank\" rel=\"noreferrer noopener nofollow\">Tanja Freibott<\/a>.<\/figcaption><\/figure>\n\n\n\n<p>Asimismo, en la serie tambi\u00e9n aparece <strong>el embalse de Abegondo-Cecebre<\/strong>. Se trata de una balsa de agua construida en 1975 en la confluencia de los r\u00edos Barc\u00e9s y Mero, con intenci\u00f3n de abastecer a la ciudad, incluidos los municipios de <a href=\"\/casas-rurales\/betanzos\">Betanzos<\/a>, <a href=\"\/casas-rurales\/oza-cesuras\">Oza-Cesuras<\/a>, Abegondo, <a href=\"\/casas-rurales\/carral\">Carral<\/a> y Cambre. Est\u00e1 protegido por la categor\u00eda de Lugar de Importancia Comunitaria.<\/p>\n\n\n\n<p>Por \u00faltimo, aunque no menos importante, <strong>tambi\u00e9n hemos localizado el bar del pueblo<\/strong>. Se trata del bar Juan y est\u00e1 en Vedra, al sur de A Coru\u00f1a. Es escenario recurrente de encuentros entre personajes, y las terrazas y ambientes informales muestran la vida comunitaria del entorno rural.<\/p>\n\n\n\n<div class=\"wp-block-buttons is-layout-flex wp-block-buttons-is-layout-flex\">\n<div class=\"wp-block-button\"><a class=\"wp-block-button__link wp-element-button\" href=\"\/casas-rurales\/vedra\">Alojamientos rurales en Vedra<\/a><\/div>\n<\/div>\n\n\n\n<!DOCTYPE html>\n<html lang=\"es\">\n<head>\n  <meta charset=\"UTF-8\">\n  <meta name=\"viewport\" content=\"width=device-width, initial-scale=1.0\">\n  <title>Mapa de rodaje &#8211; Serie Animal (Netflix)<\/title>\n  <link rel=\"stylesheet\" href=\"https:\/\/unpkg.com\/leaflet@1.9.4\/dist\/leaflet.css\" \/>\n  <script src=\"https:\/\/unpkg.com\/leaflet@1.9.4\/dist\/leaflet.js\"><\/script>\n  <style>\n    #map {\n      height: 600px;\n      width: 100%;\n      border-radius: 12px;\n      box-shadow: 0 4px 10px rgba(0,0,0,0.2);\n    }\n  <\/style>\n<\/head>\n<body>\n  <h2>Mapa interactivo de localizaciones de <em>Animal<\/em> (Netflix)<\/h2>\n  <div id=\"map\"><\/div>\n\n  <script>\n    const map = L.map('map').setView([42.9, -8.3], 9);\n\n    L.tileLayer('https:\/\/{s}.tile.openstreetmap.org\/{z}\/{x}\/{y}.png', {\n      maxZoom: 18,\n      attribution: '\u00a9 OpenStreetMap contributors'\n    }).addTo(map);\n\n    const lugares = [\n      {\n        nombre: 'Ponte Maceira',\n        coords: [42.906, -8.736],\n        descripcion: '<b>Ponte Maceira<\/b><br>Puente medieval sobre el r\u00edo Tambre, escenario de varias escenas rurales de la serie.'\n      },\n      {\n        nombre: 'Arz\u00faa (Finca Donicio)',\n        coords: [42.933, -8.150],\n        descripcion: '<b>Arz\u00faa<\/b><br>La granja del protagonista, reflejo de la vida agr\u00edcola gallega.'\n      },\n      {\n        nombre: 'Touro (Pazo Dio\u00f1o)',\n        coords: [42.882, -8.283],\n        descripcion: '<b>Touro<\/b><br>El pazo que sirve como casa del protagonista Ant\u00f3n en la serie.'\n      },\n      {\n        nombre: 'Vedra',\n        coords: [42.794, -8.465],\n        descripcion: '<b>Vedra<\/b><br>Escenario del bar del pueblo y de la vida comunitaria rural.'\n      },\n      {\n        nombre: 'Cecebre (Cambre)',\n        coords: [43.3, -8.33],\n        descripcion: '<b>Cecebre<\/b><br>El bosque y embalse que transmiten la atm\u00f3sfera natural y po\u00e9tica de la serie.'\n      }\n    ];\n\n    lugares.forEach(lugar => {\n      L.marker(lugar.coords)\n        .addTo(map)\n        .bindPopup(lugar.descripcion);\n    });\n  <\/script>\n<\/body>\n<\/html>\n\n\n\n<h2 class=\"wp-block-heading\" id=\"h-galicia-un-plato-de-grandes-dimensiones\">Galicia, un plat\u00f3 de grandes dimensiones<\/h2>\n\n\n\n<p><em>Animal<\/em> es la producci\u00f3n m\u00e1s reciente (hasta ahora), pero <strong>Galicia ha acogido numerosos rodajes<\/strong> de series y pel\u00edculas. Estas son algunas de ellas.<\/p>\n\n\n\n<h3 class=\"wp-block-heading\" id=\"h-rapa\"><strong><em>Rapa<\/em><\/strong><\/h3>\n\n\n\n<figure class=\"wp-block-image size-full\"><img loading=\"lazy\" decoding=\"async\" width=\"1024\" height=\"639\" src=\"https:\/\/www.escapadarural.com\/blog\/wp-content\/uploads\/2024\/12\/adobestock_389963296_WP_01.webp\" alt=\"Cedeira, A Coru\u00f1a, una de las localizaciones donde se rod\u00f3 la serie Rapa. Por: Lux Blue\" class=\"wp-image-185619\" srcset=\"https:\/\/www.escapadarural.com\/blog\/wp-content\/uploads\/2024\/12\/adobestock_389963296_WP_01-200x125.webp 200w, https:\/\/www.escapadarural.com\/blog\/wp-content\/uploads\/2024\/12\/adobestock_389963296_WP_01-300x187.webp 300w, https:\/\/www.escapadarural.com\/blog\/wp-content\/uploads\/2024\/12\/adobestock_389963296_WP_01-400x250.webp 400w, https:\/\/www.escapadarural.com\/blog\/wp-content\/uploads\/2024\/12\/adobestock_389963296_WP_01-600x374.webp 600w, https:\/\/www.escapadarural.com\/blog\/wp-content\/uploads\/2024\/12\/adobestock_389963296_WP_01-768x479.webp 768w, https:\/\/www.escapadarural.com\/blog\/wp-content\/uploads\/2024\/12\/adobestock_389963296_WP_01-800x499.webp 800w, https:\/\/www.escapadarural.com\/blog\/wp-content\/uploads\/2024\/12\/adobestock_389963296_WP_01.webp 1024w\" sizes=\"auto, (max-width: 1024px) 100vw, 1024px\" \/><figcaption class=\"wp-element-caption\">Cedeira, A Coru\u00f1a, una de las localizaciones donde se rod\u00f3 la serie Rapa. Por: Lux Blue<\/figcaption><\/figure>\n\n\n\n<p>Las <strong>R\u00edas Altas<\/strong> fueron la casa de la tercera temporada de <a href=\"\/blog\/donde-se-rodo-la-serie-rapa\/\">la serie <em>Rapa<\/em><\/a>, que en su entrega anterior se hab\u00eda desplazado a la isla de El Hierro. Entre otros lugares, aparece el municipio de <a href=\"\/casas-rurales\/cedeira\">Cedeira<\/a> y la <a href=\"\/casas-rurales\/capelada\">serra da Capelada<\/a>, territorio por el que se desarrolla la trama. Asimismo, en la historia se representa la ceremonia de la \u2018rapa das bestas\u2019, donde se cortan las crines de los caballos salvajes y para ello desplazaron al equipo, incluidos 350 figurantes, a la zona de los <a href=\"\/blog\/ruta-por-acantilados-de-herbeira\/\">acantilados de Vix\u00eda Herbeira<\/a>.<\/p>\n\n\n\n<h3 class=\"wp-block-heading\" id=\"h-the-walking-dead-daryl-dixon\"><strong><em>The Walking Dead: Daryl Dixon<\/em><\/strong><\/h3>\n\n\n\n<figure class=\"wp-block-image size-large\"><img loading=\"lazy\" decoding=\"async\" width=\"1024\" height=\"683\" src=\"https:\/\/www.escapadarural.com\/blog\/wp-content\/uploads\/2025\/08\/AdobeStock_398358318_faro_Punta_Nariga-1024x683.webp\" alt=\"Faro de Punta Nariga, en A Coru\u00f1a. Por makasana photo.\" class=\"wp-image-207580\"\/><figcaption class=\"wp-element-caption\">Faro de Punta Nariga, en A Coru\u00f1a. Por makasana photo.<\/figcaption><\/figure>\n\n\n\n<p>La tercera temporada del <em>spin off<\/em> de la famos\u00edsima producci\u00f3n <em><a href=\"\/blog\/donde-se-rodo-the-walking-dead-daryl-dixon-espana\">The Walking Dead<\/a><\/em> se rod\u00f3 en diferentes puntos de la geograf\u00eda espa\u00f1ola como <a href=\"\/casas-rurales\/navaluenga\">Navaluenga<\/a>, <a href=\"\/casas-rurales\/monachil\">Monachil<\/a>, <a href=\"\/casas-rurales\/sepulveda\">Sep\u00falveda<\/a> o la provincia de A Coru\u00f1a. Entre los parajes gallegos se encuentran la playa A Boca do R\u00edo, perteneciente a <a href=\"\/casas-rurales\/camarinas\">Carnota<\/a>; la antigua factor\u00eda ballenera de Caneli\u00f1as, en <a href=\"\/casas-rurales\/cee\">Cee<\/a>; o el faro de Punta Nariga, ubicado en <a href=\"\/casas-rurales\/malpica-de-bergantinos\">Malpica<\/a>.<\/p>\n\n\n\n<h3 class=\"wp-block-heading\" id=\"h-farina\"><strong><em>Fari\u00f1a<\/em><\/strong><\/h3>\n\n\n\n<figure class=\"wp-block-image size-large\"><img loading=\"lazy\" decoding=\"async\" width=\"1024\" height=\"588\" src=\"https:\/\/www.escapadarural.com\/blog\/wp-content\/uploads\/2025\/10\/AdobeStock_222466374_noia-1024x588.webp\" alt=\"Noia, en Galicia. Por Lux Blue.\" class=\"wp-image-209813\" srcset=\"https:\/\/www.escapadarural.com\/blog\/wp-content\/uploads\/2025\/10\/AdobeStock_222466374_noia-200x115.webp 200w, https:\/\/www.escapadarural.com\/blog\/wp-content\/uploads\/2025\/10\/AdobeStock_222466374_noia-300x172.webp 300w, https:\/\/www.escapadarural.com\/blog\/wp-content\/uploads\/2025\/10\/AdobeStock_222466374_noia-400x230.webp 400w, https:\/\/www.escapadarural.com\/blog\/wp-content\/uploads\/2025\/10\/AdobeStock_222466374_noia-600x344.webp 600w, https:\/\/www.escapadarural.com\/blog\/wp-content\/uploads\/2025\/10\/AdobeStock_222466374_noia-768x441.webp 768w, https:\/\/www.escapadarural.com\/blog\/wp-content\/uploads\/2025\/10\/AdobeStock_222466374_noia-800x459.webp 800w, https:\/\/www.escapadarural.com\/blog\/wp-content\/uploads\/2025\/10\/AdobeStock_222466374_noia-1024x588.webp 1024w, https:\/\/www.escapadarural.com\/blog\/wp-content\/uploads\/2025\/10\/AdobeStock_222466374_noia-1200x689.webp 1200w, https:\/\/www.escapadarural.com\/blog\/wp-content\/uploads\/2025\/10\/AdobeStock_222466374_noia-1536x881.webp 1536w\" sizes=\"auto, (max-width: 1024px) 100vw, 1024px\" \/><figcaption class=\"wp-element-caption\">Noia, en Galicia. Por Lux Blue.<\/figcaption><\/figure>\n\n\n\n<p>Una de las grandes series asociadas a Galicia es esta producci\u00f3n, <a href=\"\/blog\/series-para-viajar-por-espana-sin-moverte-del-sofa\/\">Fari\u00f1a<\/a>, que adapt\u00f3 a la pantalla el pol\u00e9mico libro de Nacho Carretero. La historia sigue las andanzas del famoso narco Sito Mi\u00f1anco, una especie de gu\u00eda televisiva para conocer <strong>las R\u00edas Baixas<\/strong>. La villa de <a href=\"\/casas-rurales\/noia\">Noia<\/a>, el pueblo de <a href=\"\/casas-rurales\/outes\">Outes<\/a>, la playa de As Furnas en Porto do Son, la isla de Arosa y La Toja son algunas de las localizaciones.\u00a0<\/p>\n\n\n\n<h3 class=\"wp-block-heading\" id=\"h-la-playa-de-los-ahogados\"><strong><em>La playa de los ahogados<\/em><\/strong><\/h3>\n\n\n\n<figure class=\"wp-block-image size-large\"><img loading=\"lazy\" decoding=\"async\" width=\"1024\" height=\"683\" src=\"https:\/\/www.escapadarural.com\/blog\/wp-content\/uploads\/2025\/10\/AdobeStock_284856251_nigran-1024x683.webp\" alt=\"Playa A Madorra, en Nigr\u00e1n. Por Chris DoAl.\" class=\"wp-image-209814\" srcset=\"https:\/\/www.escapadarural.com\/blog\/wp-content\/uploads\/2025\/10\/AdobeStock_284856251_nigran-200x133.webp 200w, https:\/\/www.escapadarural.com\/blog\/wp-content\/uploads\/2025\/10\/AdobeStock_284856251_nigran-300x200.webp 300w, https:\/\/www.escapadarural.com\/blog\/wp-content\/uploads\/2025\/10\/AdobeStock_284856251_nigran-400x267.webp 400w, https:\/\/www.escapadarural.com\/blog\/wp-content\/uploads\/2025\/10\/AdobeStock_284856251_nigran-600x400.webp 600w, https:\/\/www.escapadarural.com\/blog\/wp-content\/uploads\/2025\/10\/AdobeStock_284856251_nigran-768x512.webp 768w, https:\/\/www.escapadarural.com\/blog\/wp-content\/uploads\/2025\/10\/AdobeStock_284856251_nigran-800x533.webp 800w, https:\/\/www.escapadarural.com\/blog\/wp-content\/uploads\/2025\/10\/AdobeStock_284856251_nigran-1024x683.webp 1024w, https:\/\/www.escapadarural.com\/blog\/wp-content\/uploads\/2025\/10\/AdobeStock_284856251_nigran-1200x800.webp 1200w, https:\/\/www.escapadarural.com\/blog\/wp-content\/uploads\/2025\/10\/AdobeStock_284856251_nigran-1536x1024.webp 1536w\" sizes=\"auto, (max-width: 1024px) 100vw, 1024px\" \/><figcaption class=\"wp-element-caption\">Playa A Madorra, en Nigr\u00e1n. Por Chris DoAl.<\/figcaption><\/figure>\n\n\n\n<p>En 2014, Vigo acogi\u00f3 el rodaje de la pel\u00edcula <em>La playa de los ahogados<\/em>, dirigida por Gerardo Herrero y basada en una novela del escritor Domingo Villar. Aunque el equipo de rodaje hizo una parada en Ponferrada, la mayor\u00eda de los escenarios se repartieron entre la ciudad y la <strong>comarca del <a href=\"\/casas-rurales\/baixo-mino\">Baixo Mi\u00f1o<\/a> y <a href=\"\/casas-rurales\/val-minor\">Val Mi\u00f1or<\/a><\/strong>, con especial presencia de <a href=\"\/casas-rurales\/nigran\">Nigr\u00e1n<\/a>. All\u00ed est\u00e1 precisamente la playa a la que hace referencia el t\u00edtulo, conocida como A Madorra.<\/p>\n\n\n\n<p><\/p>\n","protected":false},"excerpt":{"rendered":"<p>&#8216;Animal&#8217; ha sido una de las series m\u00e1s vistas de Netflix en apenas una semana desde su estreno. Estos son algunos escenarios donde se rod\u00f3<\/p>\n","protected":false},"author":114,"featured_media":209809,"comment_status":"open","ping_status":"open","sticky":false,"template":"","format":"standard","meta":{"_acf_changed":false,"om_disable_all_campaigns":false,"footnotes":""},"categories":[231],"tags":[241,6616,1463,468,1466,1195,2645],"class_list":["post-209807","post","type-post","status-publish","format-standard","has-post-thumbnail","hentry","category-arte-y-cultura","tag-que-ver-en-a-coruna","tag-animal","tag-escenarios","tag-que-ver-en-galicia","tag-localizaciones","tag-netflix","tag-series"],"acf":[],"featured_image_src":"https:\/\/www.escapadarural.com\/blog\/wp-content\/uploads\/2025\/10\/animalsalvaje_S01_E03_10012024_jaimeolmedo_DSC_1488-scaled.webp","author_info":{"display_name":"Carmen L\u00f3pez","author_link":"https:\/\/www.escapadarural.com\/blog\/autor\/carmenlopez\/"},"yoast_head":"<!-- This site is optimized with the Yoast SEO plugin v27.5 - https:\/\/yoast.com\/product\/yoast-seo-wordpress\/ -->\n<title>Las localizaciones rurales de Animal de Netflix - EscapadaRural<\/title>\n<meta name=\"description\" content=\"&#039;Animal&#039; ha sido una de las series m\u00e1s vistas de Netflix en apenas una semana desde su estreno. Estos son algunos escenarios donde se rod\u00f3\" \/>\n<meta name=\"robots\" content=\"index, follow, max-snippet:-1, max-image-preview:large, max-video-preview:-1\" \/>\n<link rel=\"canonical\" href=\"https:\/\/www.escapadarural.com\/blog\/donde-se-rodo-la-serie-animal-de-netflix\/\" \/>\n<meta property=\"og:locale\" content=\"es_ES\" \/>\n<meta property=\"og:type\" content=\"article\" \/>\n<meta property=\"og:title\" content=\"Las localizaciones rurales de Animal de Netflix - EscapadaRural\" \/>\n<meta property=\"og:description\" content=\"&#039;Animal&#039; ha sido una de las series m\u00e1s vistas de Netflix en apenas una semana desde su estreno. Estos son algunos escenarios donde se rod\u00f3\" \/>\n<meta property=\"og:url\" content=\"https:\/\/www.escapadarural.com\/blog\/donde-se-rodo-la-serie-animal-de-netflix\/\" \/>\n<meta property=\"og:site_name\" content=\"Magazine de viajes de EscapadaRural\" \/>\n<meta property=\"article:publisher\" content=\"https:\/\/www.facebook.com\/escapadarural\" \/>\n<meta property=\"article:published_time\" content=\"2025-11-05T07:55:00+00:00\" \/>\n<meta property=\"article:modified_time\" content=\"2026-03-19T14:33:17+00:00\" \/>\n<meta property=\"og:image\" content=\"https:\/\/www.escapadarural.com\/blog\/wp-content\/uploads\/2025\/10\/animalsalvaje_S01_E03_10012024_jaimeolmedo_DSC_1488-scaled.webp?v=1773930814\" \/>\n\t<meta property=\"og:image:width\" content=\"2048\" \/>\n\t<meta property=\"og:image:height\" content=\"1365\" \/>\n\t<meta property=\"og:image:type\" content=\"image\/webp\" \/>\n<meta name=\"author\" content=\"Carmen L\u00f3pez\" \/>\n<meta name=\"twitter:card\" content=\"summary_large_image\" \/>\n<meta name=\"twitter:label1\" content=\"Escrito por\" \/>\n\t<meta name=\"twitter:data1\" content=\"Carmen L\u00f3pez\" \/>\n\t<meta name=\"twitter:label2\" content=\"Tiempo de lectura\" \/>\n\t<meta name=\"twitter:data2\" content=\"6 minutos\" \/>\n<script type=\"application\/ld+json\" class=\"yoast-schema-graph\">{\"@context\":\"https:\\\/\\\/schema.org\",\"@graph\":[{\"@type\":\"Article\",\"@id\":\"https:\\\/\\\/www.escapadarural.com\\\/blog\\\/donde-se-rodo-la-serie-animal-de-netflix\\\/#article\",\"isPartOf\":{\"@id\":\"https:\\\/\\\/www.escapadarural.com\\\/blog\\\/donde-se-rodo-la-serie-animal-de-netflix\\\/\"},\"author\":{\"name\":\"Carmen L\u00f3pez\",\"@id\":\"https:\\\/\\\/www.escapadarural.com\\\/blog\\\/#\\\/schema\\\/person\\\/42dfdff6118172efc6a04c8ae599a2ce\"},\"headline\":\"\u00bfD\u00f3nde se rod\u00f3 Animal? Las localizaciones rurales del \u00faltimo pelotazo de Netflix\",\"datePublished\":\"2025-11-05T07:55:00+00:00\",\"dateModified\":\"2026-03-19T14:33:17+00:00\",\"mainEntityOfPage\":{\"@id\":\"https:\\\/\\\/www.escapadarural.com\\\/blog\\\/donde-se-rodo-la-serie-animal-de-netflix\\\/\"},\"wordCount\":1284,\"commentCount\":0,\"publisher\":{\"@id\":\"https:\\\/\\\/www.escapadarural.com\\\/blog\\\/#organization\"},\"image\":{\"@id\":\"https:\\\/\\\/www.escapadarural.com\\\/blog\\\/donde-se-rodo-la-serie-animal-de-netflix\\\/#primaryimage\"},\"thumbnailUrl\":\"https:\\\/\\\/www.escapadarural.com\\\/blog\\\/wp-content\\\/uploads\\\/2025\\\/10\\\/animalsalvaje_S01_E03_10012024_jaimeolmedo_DSC_1488-scaled.webp\",\"keywords\":[\"A Coru\u00f1a\",\"animal\",\"escenarios\",\"Galicia\",\"localizaciones\",\"Netflix\",\"series\"],\"articleSection\":[\"Arte y Cultura\"],\"inLanguage\":\"es\",\"potentialAction\":[{\"@type\":\"CommentAction\",\"name\":\"Comment\",\"target\":[\"https:\\\/\\\/www.escapadarural.com\\\/blog\\\/donde-se-rodo-la-serie-animal-de-netflix\\\/#respond\"]}]},{\"@type\":\"WebPage\",\"@id\":\"https:\\\/\\\/www.escapadarural.com\\\/blog\\\/donde-se-rodo-la-serie-animal-de-netflix\\\/\",\"url\":\"https:\\\/\\\/www.escapadarural.com\\\/blog\\\/donde-se-rodo-la-serie-animal-de-netflix\\\/\",\"name\":\"Las localizaciones rurales de Animal de Netflix - EscapadaRural\",\"isPartOf\":{\"@id\":\"https:\\\/\\\/www.escapadarural.com\\\/blog\\\/#website\"},\"primaryImageOfPage\":{\"@id\":\"https:\\\/\\\/www.escapadarural.com\\\/blog\\\/donde-se-rodo-la-serie-animal-de-netflix\\\/#primaryimage\"},\"image\":{\"@id\":\"https:\\\/\\\/www.escapadarural.com\\\/blog\\\/donde-se-rodo-la-serie-animal-de-netflix\\\/#primaryimage\"},\"thumbnailUrl\":\"https:\\\/\\\/www.escapadarural.com\\\/blog\\\/wp-content\\\/uploads\\\/2025\\\/10\\\/animalsalvaje_S01_E03_10012024_jaimeolmedo_DSC_1488-scaled.webp\",\"datePublished\":\"2025-11-05T07:55:00+00:00\",\"dateModified\":\"2026-03-19T14:33:17+00:00\",\"description\":\"'Animal' ha sido una de las series m\u00e1s vistas de Netflix en apenas una semana desde su estreno. Estos son algunos escenarios donde se rod\u00f3\",\"breadcrumb\":{\"@id\":\"https:\\\/\\\/www.escapadarural.com\\\/blog\\\/donde-se-rodo-la-serie-animal-de-netflix\\\/#breadcrumb\"},\"inLanguage\":\"es\",\"potentialAction\":[{\"@type\":\"ReadAction\",\"target\":[\"https:\\\/\\\/www.escapadarural.com\\\/blog\\\/donde-se-rodo-la-serie-animal-de-netflix\\\/\"]}]},{\"@type\":\"ImageObject\",\"inLanguage\":\"es\",\"@id\":\"https:\\\/\\\/www.escapadarural.com\\\/blog\\\/donde-se-rodo-la-serie-animal-de-netflix\\\/#primaryimage\",\"url\":\"https:\\\/\\\/www.escapadarural.com\\\/blog\\\/wp-content\\\/uploads\\\/2025\\\/10\\\/animalsalvaje_S01_E03_10012024_jaimeolmedo_DSC_1488-scaled.webp\",\"contentUrl\":\"https:\\\/\\\/www.escapadarural.com\\\/blog\\\/wp-content\\\/uploads\\\/2025\\\/10\\\/animalsalvaje_S01_E03_10012024_jaimeolmedo_DSC_1488-scaled.webp\",\"width\":2048,\"height\":1365,\"caption\":\"Imagen de la serie Animal. Cortes\u00eda de Netflix.\"},{\"@type\":\"BreadcrumbList\",\"@id\":\"https:\\\/\\\/www.escapadarural.com\\\/blog\\\/donde-se-rodo-la-serie-animal-de-netflix\\\/#breadcrumb\",\"itemListElement\":[{\"@type\":\"ListItem\",\"position\":1,\"name\":\"Inicio\",\"item\":\"https:\\\/\\\/www.escapadarural.com\\\/blog\\\/\"},{\"@type\":\"ListItem\",\"position\":2,\"name\":\"Arte y Cultura\",\"item\":\"https:\\\/\\\/www.escapadarural.com\\\/blog\\\/categoria\\\/arte-y-cultura\\\/\"},{\"@type\":\"ListItem\",\"position\":3,\"name\":\"\u00bfD\u00f3nde se rod\u00f3 Animal? Las localizaciones rurales del \u00faltimo pelotazo de Netflix\"}]},{\"@type\":\"WebSite\",\"@id\":\"https:\\\/\\\/www.escapadarural.com\\\/blog\\\/#website\",\"url\":\"https:\\\/\\\/www.escapadarural.com\\\/blog\\\/\",\"name\":\"Blog de viajes | turismo rural, alojamientos e inspiraci\u00f3n\",\"description\":\"Alojamientos rurales e inspiraci\u00f3n para tus escapadas\",\"publisher\":{\"@id\":\"https:\\\/\\\/www.escapadarural.com\\\/blog\\\/#organization\"},\"alternateName\":\"Magazine de viajes de EscapadaRural\",\"potentialAction\":[{\"@type\":\"SearchAction\",\"target\":{\"@type\":\"EntryPoint\",\"urlTemplate\":\"https:\\\/\\\/www.escapadarural.com\\\/blog\\\/?s={search_term_string}\"},\"query-input\":{\"@type\":\"PropertyValueSpecification\",\"valueRequired\":true,\"valueName\":\"search_term_string\"}}],\"inLanguage\":\"es\"},{\"@type\":\"Organization\",\"@id\":\"https:\\\/\\\/www.escapadarural.com\\\/blog\\\/#organization\",\"name\":\"EscapadaRural\",\"url\":\"https:\\\/\\\/www.escapadarural.com\\\/blog\\\/\",\"logo\":{\"@type\":\"ImageObject\",\"inLanguage\":\"es\",\"@id\":\"https:\\\/\\\/www.escapadarural.com\\\/blog\\\/#\\\/schema\\\/logo\\\/image\\\/\",\"url\":\"https:\\\/\\\/www.escapadarural.com\\\/blog\\\/wp-content\\\/uploads\\\/2024\\\/10\\\/cropped-cropped-escapada-rural-icon-mag-3.png\",\"contentUrl\":\"https:\\\/\\\/www.escapadarural.com\\\/blog\\\/wp-content\\\/uploads\\\/2024\\\/10\\\/cropped-cropped-escapada-rural-icon-mag-3.png\",\"width\":512,\"height\":512,\"caption\":\"EscapadaRural\"},\"image\":{\"@id\":\"https:\\\/\\\/www.escapadarural.com\\\/blog\\\/#\\\/schema\\\/logo\\\/image\\\/\"},\"sameAs\":[\"https:\\\/\\\/www.facebook.com\\\/escapadarural\",\"https:\\\/\\\/www.instagram.com\\\/escapadarural\\\/\",\"https:\\\/\\\/www.youtube.com\\\/@escapadaruralcom\"]},{\"@type\":\"Person\",\"@id\":\"https:\\\/\\\/www.escapadarural.com\\\/blog\\\/#\\\/schema\\\/person\\\/42dfdff6118172efc6a04c8ae599a2ce\",\"name\":\"Carmen L\u00f3pez\",\"image\":{\"@type\":\"ImageObject\",\"inLanguage\":\"es\",\"@id\":\"https:\\\/\\\/www.escapadarural.com\\\/blog\\\/wp-content\\\/uploads\\\/2024\\\/11\\\/cropped-perfil_eldiario-96x96-1-96x96.jpeg\",\"url\":\"https:\\\/\\\/www.escapadarural.com\\\/blog\\\/wp-content\\\/uploads\\\/2024\\\/11\\\/cropped-perfil_eldiario-96x96-1-96x96.jpeg\",\"contentUrl\":\"https:\\\/\\\/www.escapadarural.com\\\/blog\\\/wp-content\\\/uploads\\\/2024\\\/11\\\/cropped-perfil_eldiario-96x96-1-96x96.jpeg\",\"caption\":\"Carmen L\u00f3pez\"},\"description\":\"Soy periodista y escribo sobre cosas que importan en sitios que interesan desde hace m\u00e1s de una d\u00e9cada.\",\"url\":\"https:\\\/\\\/www.escapadarural.com\\\/blog\\\/autor\\\/carmenlopez\\\/\"}]}<\/script>\n<!-- \/ Yoast SEO plugin. -->","yoast_head_json":{"title":"Las localizaciones rurales de Animal de Netflix - EscapadaRural","description":"'Animal' ha sido una de las series m\u00e1s vistas de Netflix en apenas una semana desde su estreno. Estos son algunos escenarios donde se rod\u00f3","robots":{"index":"index","follow":"follow","max-snippet":"max-snippet:-1","max-image-preview":"max-image-preview:large","max-video-preview":"max-video-preview:-1"},"canonical":"https:\/\/www.escapadarural.com\/blog\/donde-se-rodo-la-serie-animal-de-netflix\/","og_locale":"es_ES","og_type":"article","og_title":"Las localizaciones rurales de Animal de Netflix - EscapadaRural","og_description":"'Animal' ha sido una de las series m\u00e1s vistas de Netflix en apenas una semana desde su estreno. Estos son algunos escenarios donde se rod\u00f3","og_url":"https:\/\/www.escapadarural.com\/blog\/donde-se-rodo-la-serie-animal-de-netflix\/","og_site_name":"Magazine de viajes de EscapadaRural","article_publisher":"https:\/\/www.facebook.com\/escapadarural","article_published_time":"2025-11-05T07:55:00+00:00","article_modified_time":"2026-03-19T14:33:17+00:00","og_image":[{"width":2048,"height":1365,"url":"https:\/\/www.escapadarural.com\/blog\/wp-content\/uploads\/2025\/10\/animalsalvaje_S01_E03_10012024_jaimeolmedo_DSC_1488-scaled.webp?v=1773930814","type":"image\/webp"}],"author":"Carmen L\u00f3pez","twitter_card":"summary_large_image","twitter_misc":{"Escrito por":"Carmen L\u00f3pez","Tiempo de lectura":"6 minutos"},"schema":{"@context":"https:\/\/schema.org","@graph":[{"@type":"Article","@id":"https:\/\/www.escapadarural.com\/blog\/donde-se-rodo-la-serie-animal-de-netflix\/#article","isPartOf":{"@id":"https:\/\/www.escapadarural.com\/blog\/donde-se-rodo-la-serie-animal-de-netflix\/"},"author":{"name":"Carmen L\u00f3pez","@id":"https:\/\/www.escapadarural.com\/blog\/#\/schema\/person\/42dfdff6118172efc6a04c8ae599a2ce"},"headline":"\u00bfD\u00f3nde se rod\u00f3 Animal? Las localizaciones rurales del \u00faltimo pelotazo de Netflix","datePublished":"2025-11-05T07:55:00+00:00","dateModified":"2026-03-19T14:33:17+00:00","mainEntityOfPage":{"@id":"https:\/\/www.escapadarural.com\/blog\/donde-se-rodo-la-serie-animal-de-netflix\/"},"wordCount":1284,"commentCount":0,"publisher":{"@id":"https:\/\/www.escapadarural.com\/blog\/#organization"},"image":{"@id":"https:\/\/www.escapadarural.com\/blog\/donde-se-rodo-la-serie-animal-de-netflix\/#primaryimage"},"thumbnailUrl":"https:\/\/www.escapadarural.com\/blog\/wp-content\/uploads\/2025\/10\/animalsalvaje_S01_E03_10012024_jaimeolmedo_DSC_1488-scaled.webp","keywords":["A Coru\u00f1a","animal","escenarios","Galicia","localizaciones","Netflix","series"],"articleSection":["Arte y Cultura"],"inLanguage":"es","potentialAction":[{"@type":"CommentAction","name":"Comment","target":["https:\/\/www.escapadarural.com\/blog\/donde-se-rodo-la-serie-animal-de-netflix\/#respond"]}]},{"@type":"WebPage","@id":"https:\/\/www.escapadarural.com\/blog\/donde-se-rodo-la-serie-animal-de-netflix\/","url":"https:\/\/www.escapadarural.com\/blog\/donde-se-rodo-la-serie-animal-de-netflix\/","name":"Las localizaciones rurales de Animal de Netflix - EscapadaRural","isPartOf":{"@id":"https:\/\/www.escapadarural.com\/blog\/#website"},"primaryImageOfPage":{"@id":"https:\/\/www.escapadarural.com\/blog\/donde-se-rodo-la-serie-animal-de-netflix\/#primaryimage"},"image":{"@id":"https:\/\/www.escapadarural.com\/blog\/donde-se-rodo-la-serie-animal-de-netflix\/#primaryimage"},"thumbnailUrl":"https:\/\/www.escapadarural.com\/blog\/wp-content\/uploads\/2025\/10\/animalsalvaje_S01_E03_10012024_jaimeolmedo_DSC_1488-scaled.webp","datePublished":"2025-11-05T07:55:00+00:00","dateModified":"2026-03-19T14:33:17+00:00","description":"'Animal' ha sido una de las series m\u00e1s vistas de Netflix en apenas una semana desde su estreno. Estos son algunos escenarios donde se rod\u00f3","breadcrumb":{"@id":"https:\/\/www.escapadarural.com\/blog\/donde-se-rodo-la-serie-animal-de-netflix\/#breadcrumb"},"inLanguage":"es","potentialAction":[{"@type":"ReadAction","target":["https:\/\/www.escapadarural.com\/blog\/donde-se-rodo-la-serie-animal-de-netflix\/"]}]},{"@type":"ImageObject","inLanguage":"es","@id":"https:\/\/www.escapadarural.com\/blog\/donde-se-rodo-la-serie-animal-de-netflix\/#primaryimage","url":"https:\/\/www.escapadarural.com\/blog\/wp-content\/uploads\/2025\/10\/animalsalvaje_S01_E03_10012024_jaimeolmedo_DSC_1488-scaled.webp","contentUrl":"https:\/\/www.escapadarural.com\/blog\/wp-content\/uploads\/2025\/10\/animalsalvaje_S01_E03_10012024_jaimeolmedo_DSC_1488-scaled.webp","width":2048,"height":1365,"caption":"Imagen de la serie Animal. Cortes\u00eda de Netflix."},{"@type":"BreadcrumbList","@id":"https:\/\/www.escapadarural.com\/blog\/donde-se-rodo-la-serie-animal-de-netflix\/#breadcrumb","itemListElement":[{"@type":"ListItem","position":1,"name":"Inicio","item":"https:\/\/www.escapadarural.com\/blog\/"},{"@type":"ListItem","position":2,"name":"Arte y Cultura","item":"https:\/\/www.escapadarural.com\/blog\/categoria\/arte-y-cultura\/"},{"@type":"ListItem","position":3,"name":"\u00bfD\u00f3nde se rod\u00f3 Animal? Las localizaciones rurales del \u00faltimo pelotazo de Netflix"}]},{"@type":"WebSite","@id":"https:\/\/www.escapadarural.com\/blog\/#website","url":"https:\/\/www.escapadarural.com\/blog\/","name":"Blog de viajes | turismo rural, alojamientos e inspiraci\u00f3n","description":"Alojamientos rurales e inspiraci\u00f3n para tus escapadas","publisher":{"@id":"https:\/\/www.escapadarural.com\/blog\/#organization"},"alternateName":"Magazine de viajes de EscapadaRural","potentialAction":[{"@type":"SearchAction","target":{"@type":"EntryPoint","urlTemplate":"https:\/\/www.escapadarural.com\/blog\/?s={search_term_string}"},"query-input":{"@type":"PropertyValueSpecification","valueRequired":true,"valueName":"search_term_string"}}],"inLanguage":"es"},{"@type":"Organization","@id":"https:\/\/www.escapadarural.com\/blog\/#organization","name":"EscapadaRural","url":"https:\/\/www.escapadarural.com\/blog\/","logo":{"@type":"ImageObject","inLanguage":"es","@id":"https:\/\/www.escapadarural.com\/blog\/#\/schema\/logo\/image\/","url":"https:\/\/www.escapadarural.com\/blog\/wp-content\/uploads\/2024\/10\/cropped-cropped-escapada-rural-icon-mag-3.png","contentUrl":"https:\/\/www.escapadarural.com\/blog\/wp-content\/uploads\/2024\/10\/cropped-cropped-escapada-rural-icon-mag-3.png","width":512,"height":512,"caption":"EscapadaRural"},"image":{"@id":"https:\/\/www.escapadarural.com\/blog\/#\/schema\/logo\/image\/"},"sameAs":["https:\/\/www.facebook.com\/escapadarural","https:\/\/www.instagram.com\/escapadarural\/","https:\/\/www.youtube.com\/@escapadaruralcom"]},{"@type":"Person","@id":"https:\/\/www.escapadarural.com\/blog\/#\/schema\/person\/42dfdff6118172efc6a04c8ae599a2ce","name":"Carmen L\u00f3pez","image":{"@type":"ImageObject","inLanguage":"es","@id":"https:\/\/www.escapadarural.com\/blog\/wp-content\/uploads\/2024\/11\/cropped-perfil_eldiario-96x96-1-96x96.jpeg","url":"https:\/\/www.escapadarural.com\/blog\/wp-content\/uploads\/2024\/11\/cropped-perfil_eldiario-96x96-1-96x96.jpeg","contentUrl":"https:\/\/www.escapadarural.com\/blog\/wp-content\/uploads\/2024\/11\/cropped-perfil_eldiario-96x96-1-96x96.jpeg","caption":"Carmen L\u00f3pez"},"description":"Soy periodista y escribo sobre cosas que importan en sitios que interesan desde hace m\u00e1s de una d\u00e9cada.","url":"https:\/\/www.escapadarural.com\/blog\/autor\/carmenlopez\/"}]}},"_links":{"self":[{"href":"https:\/\/www.escapadarural.com\/blog\/wp-json\/wp\/v2\/posts\/209807","targetHints":{"allow":["GET"]}}],"collection":[{"href":"https:\/\/www.escapadarural.com\/blog\/wp-json\/wp\/v2\/posts"}],"about":[{"href":"https:\/\/www.escapadarural.com\/blog\/wp-json\/wp\/v2\/types\/post"}],"author":[{"embeddable":true,"href":"https:\/\/www.escapadarural.com\/blog\/wp-json\/wp\/v2\/users\/114"}],"replies":[{"embeddable":true,"href":"https:\/\/www.escapadarural.com\/blog\/wp-json\/wp\/v2\/comments?post=209807"}],"version-history":[{"count":0,"href":"https:\/\/www.escapadarural.com\/blog\/wp-json\/wp\/v2\/posts\/209807\/revisions"}],"wp:featuredmedia":[{"embeddable":true,"href":"https:\/\/www.escapadarural.com\/blog\/wp-json\/wp\/v2\/media\/209809"}],"wp:attachment":[{"href":"https:\/\/www.escapadarural.com\/blog\/wp-json\/wp\/v2\/media?parent=209807"}],"wp:term":[{"taxonomy":"category","embeddable":true,"href":"https:\/\/www.escapadarural.com\/blog\/wp-json\/wp\/v2\/categories?post=209807"},{"taxonomy":"post_tag","embeddable":true,"href":"https:\/\/www.escapadarural.com\/blog\/wp-json\/wp\/v2\/tags?post=209807"}],"curies":[{"name":"wp","href":"https:\/\/api.w.org\/{rel}","templated":true}]}}