{"id":210431,"date":"2025-12-07T08:55:00","date_gmt":"2025-12-07T07:55:00","guid":{"rendered":"https:\/\/www.escapadarural.com\/blog\/?p=210431"},"modified":"2026-03-18T15:51:28","modified_gmt":"2026-03-18T14:51:28","slug":"camino-de-santiago-olvidado-valle-montanas-sakana","status":"publish","type":"post","link":"https:\/\/www.escapadarural.com\/blog\/camino-de-santiago-olvidado-valle-montanas-sakana\/","title":{"rendered":"El Camino de Santiago \u201colvidado\u201d para peregrinos que huyen de la masificaci\u00f3n"},"content":{"rendered":"\n<figure class=\"wp-block-image size-full\"><img loading=\"lazy\" decoding=\"async\" width=\"1024\" height=\"710\" src=\"https:\/\/www.escapadarural.com\/blog\/wp-content\/uploads\/2025\/11\/AdobeStock_506779314.webp\" alt=\"El monte Beriain \/ San Donato, desde Arbizu (Navarra). Por jordi\" class=\"wp-image-210436\" srcset=\"https:\/\/www.escapadarural.com\/blog\/wp-content\/uploads\/2025\/11\/AdobeStock_506779314-200x139.webp 200w, https:\/\/www.escapadarural.com\/blog\/wp-content\/uploads\/2025\/11\/AdobeStock_506779314-300x208.webp 300w, https:\/\/www.escapadarural.com\/blog\/wp-content\/uploads\/2025\/11\/AdobeStock_506779314-400x277.webp 400w, https:\/\/www.escapadarural.com\/blog\/wp-content\/uploads\/2025\/11\/AdobeStock_506779314-600x416.webp 600w, https:\/\/www.escapadarural.com\/blog\/wp-content\/uploads\/2025\/11\/AdobeStock_506779314-768x533.webp 768w, https:\/\/www.escapadarural.com\/blog\/wp-content\/uploads\/2025\/11\/AdobeStock_506779314-800x555.webp 800w, https:\/\/www.escapadarural.com\/blog\/wp-content\/uploads\/2025\/11\/AdobeStock_506779314.webp 1024w\" sizes=\"auto, (max-width: 1024px) 100vw, 1024px\" \/><figcaption class=\"wp-element-caption\">El monte Beriain \/ San Donato, desde Arbizu (Navarra). Por jordi<\/figcaption><\/figure>\n\n\n\n<p>Es habitual escuchar entre los peregrinos m\u00e1s veteranos referencias a la masificaci\u00f3n de las diferentes v\u00edas del <a href=\"\/blog\/tag\/camino-de-santiago\/\">Camino de Santiago<\/a>. Ya no solo en el m\u00e1s popular, como es el <a href=\"\/blog\/tag\/camino-frances\/\">Camino Franc\u00e9s<\/a>, sino en otros que se han ido llenando de <strong>caminantes huyendo de las masificaciones<\/strong> y, parad\u00f3jicamente, generando nuevas en el Camino del Norte o en el <a href=\"\/blog\/que-ver-en-el-camino-primitivo-de-santiago\/\">Camino Primitivo<\/a>. Que no cunda el p\u00e1nico: hay mucha gente por todas partes, s\u00ed, pero se concentran en \u00e9pocas muy concretas, como agosto.<\/p>\n\n\n\n<div class=\"wp-block-buttons is-layout-flex wp-block-buttons-is-layout-flex\">\n<div class=\"wp-block-button\"><a class=\"wp-block-button__link wp-element-button\" href=\"\/casas-rurales\">Encuentra tu alojamiento<\/a><\/div>\n<\/div>\n\n\n\n<p>Otra cosa es si hablamos de los famosos <strong>\u00faltimos 100 kil\u00f3metros exigidos para poder obtener la Compostela<\/strong>. Es una opini\u00f3n bastante compartida que, pasado el tiempo, hace m\u00e1s ilusi\u00f3n mirar los sellos de la Credencial porque recuerda los lugares por los que pasamos. Pero la mayor\u00eda de los peregrinos queremos tener ese papel que quiz\u00e1s no volvamos a mirar en la vida. \u00a1Somos as\u00ed! Eso provoca que esas etapas necesarias para obtenerlo est\u00e9n muy masificadas, hasta el punto de parecer m\u00e1s una <strong>romer\u00eda popular que un camino espiritual<\/strong> para reflexionar o encontrarse a uno mismo. No faltan los bares ni las tiendas de recuerdos a cada paso, claro.<\/p>\n\n\n\n<figure class=\"wp-block-image size-full\"><img loading=\"lazy\" decoding=\"async\" width=\"1024\" height=\"682\" src=\"https:\/\/www.escapadarural.com\/blog\/wp-content\/uploads\/2023\/12\/Camino-de-Santiago-1024x682-1.jpg\" alt=\"Camino de Santiago\" class=\"wp-image-112945\" srcset=\"https:\/\/www.escapadarural.com\/blog\/wp-content\/uploads\/2023\/12\/Camino-de-Santiago-1024x682-1-200x133.jpg 200w, https:\/\/www.escapadarural.com\/blog\/wp-content\/uploads\/2023\/12\/Camino-de-Santiago-1024x682-1-300x200.jpg 300w, https:\/\/www.escapadarural.com\/blog\/wp-content\/uploads\/2023\/12\/Camino-de-Santiago-1024x682-1-400x266.jpg 400w, https:\/\/www.escapadarural.com\/blog\/wp-content\/uploads\/2023\/12\/Camino-de-Santiago-1024x682-1-600x400.jpg 600w, https:\/\/www.escapadarural.com\/blog\/wp-content\/uploads\/2023\/12\/Camino-de-Santiago-1024x682-1-768x512.jpg 768w, https:\/\/www.escapadarural.com\/blog\/wp-content\/uploads\/2023\/12\/Camino-de-Santiago-1024x682-1-800x533.jpg 800w, https:\/\/www.escapadarural.com\/blog\/wp-content\/uploads\/2023\/12\/Camino-de-Santiago-1024x682-1.jpg 1024w\" sizes=\"auto, (max-width: 1024px) 100vw, 1024px\" \/><figcaption class=\"wp-element-caption\">Camino de Santiago. Por Jon<\/figcaption><\/figure>\n\n\n\n<p>Todo esto ha empujado a mucha gente a buscar v\u00edas con menos aglomeraciones, en un intento de emular a los peregrinos de antes (eso s\u00ed, con las comodidades de ahora). Est\u00e1 bien relacionarse con otros, pero tambi\u00e9n tener kil\u00f3metros para andar en silencio. Uno muy poco conocido es el <strong>Camino de Santiago de Sakana<\/strong>, un valle que une Pamplona con Vitoria-Gasteiz entre las monta\u00f1as de Urbasa-And\u00eda y <a href=\"\/blog\/ruta-embalse-lareo-sierra-de-aralar\/\">Aralar<\/a>. Es un trazado que forma parte del <strong>\u201cCamino Olvidado\u201d<\/strong>. Tiene poco desnivel y est\u00e1 lleno de historia, de sabor rural y de naturaleza.<\/p>\n\n\n\n<div class=\"wp-block-buttons is-layout-flex wp-block-buttons-is-layout-flex\">\n<div class=\"wp-block-button\"><a class=\"wp-block-button__link wp-element-button\" href=\"\/casas-rurales\/sakana\">Alojamientos rurales en La Barranca \/ Sakana<\/a><\/div>\n<\/div>\n\n\n\n<h2 class=\"wp-block-heading\" id=\"h-la-historia-del-camino-de-sakana\"><strong>La historia del Camino de Sakana<\/strong><strong><\/strong><\/h2>\n\n\n\n<p>Despu\u00e9s de que <strong>Alfonso II \u2018el Casto\u2019 decidiera peregrinar a Santiago de Compostela<\/strong> en el siglo IX tras el hallazgo del cuerpo del santo, muchas personas decidieron hacer lo mismo desde sus tierras aprovechando los caminos que hab\u00eda. Quienes se dirig\u00edan desde el <a href=\"\/blog\/ruta-por-el-valle-de-sakana-navarra\/\">valle de Sakana<\/a> aprovecharon la calzada romana \u201cIter XXXIV\u201d construida en el siglo I. Esta v\u00eda conectaba Burdeos (Galias-Francia) con las <a href=\"\/blog\/las-medulas-la-huella-del-oro-en-las-montanas-de-leon\/\">minas de oro de Las M\u00e9dulas<\/a>, cerca de <a href=\"\/casas-rurales\/astorga\" target=\"_blank\" rel=\"noreferrer noopener\">Astorga<\/a> (Le\u00f3n).<\/p>\n\n\n\n<figure class=\"wp-block-image size-full\"><img loading=\"lazy\" decoding=\"async\" width=\"1024\" height=\"658\" src=\"https:\/\/www.escapadarural.com\/blog\/wp-content\/uploads\/2024\/10\/sakana-1024x658-1.jpg\" alt=\"Valle de Sakana, en Navarra\" class=\"wp-image-96650\" srcset=\"https:\/\/www.escapadarural.com\/blog\/wp-content\/uploads\/2024\/10\/sakana-1024x658-1-200x129.jpg 200w, https:\/\/www.escapadarural.com\/blog\/wp-content\/uploads\/2024\/10\/sakana-1024x658-1-300x193.jpg 300w, https:\/\/www.escapadarural.com\/blog\/wp-content\/uploads\/2024\/10\/sakana-1024x658-1-400x257.jpg 400w, https:\/\/www.escapadarural.com\/blog\/wp-content\/uploads\/2024\/10\/sakana-1024x658-1-600x386.jpg 600w, https:\/\/www.escapadarural.com\/blog\/wp-content\/uploads\/2024\/10\/sakana-1024x658-1-768x494.jpg 768w, https:\/\/www.escapadarural.com\/blog\/wp-content\/uploads\/2024\/10\/sakana-1024x658-1-800x514.jpg 800w, https:\/\/www.escapadarural.com\/blog\/wp-content\/uploads\/2024\/10\/sakana-1024x658-1.jpg 1024w\" sizes=\"auto, (max-width: 1024px) 100vw, 1024px\" \/><figcaption class=\"wp-element-caption\">Valle de Sakana. Por poliki\n<\/figcaption><\/figure>\n\n\n\n<p>El Camino de Sakana es una <strong>ruta jacobea hist\u00f3rica que un\u00eda Pamplona con Vitoria-Gasteiz<\/strong> entre los siglos IX y XI. En ese momento, el rey Sancho Mayor de Navarra decidi\u00f3 que los peregrinos deb\u00edan salir de Pamplona hacia el suroeste, por el llamado Camino Franc\u00e9s. Sin saberlo, esa decisi\u00f3n estaba condenando a la masificaci\u00f3n de esa v\u00eda diez siglos despu\u00e9s y fue vaciando la otra hasta el punto de que, con el paso de los a\u00f1os, fue quedando en el olvido.<\/p>\n\n\n\n<p>En los \u00faltimos a\u00f1os <strong>se ha recuperado y se ha reacondicionado<\/strong> respetando el trazado hist\u00f3rico, de forma que hoy est\u00e1 perfectamente se\u00f1alizada y cuenta con los servicios necesarios para el peregrino. Aunque no hay albergues, s\u00ed existen alojamientos rurales con mucho encanto.<\/p>\n\n\n\n<h2 class=\"wp-block-heading\" id=\"h-las-etapas-del-camino-de-sakana\"><strong>Las etapas del Camino de Sakana<\/strong><strong><\/strong><\/h2>\n\n\n\n<p>Como dec\u00edamos, el Camino de Sakana es, en realidad, un <strong>tramo del llamado Camino Olvidado<\/strong>, que tambi\u00e9n tiene punto de partida en la <a href=\"\/casas-rurales\/costa-vasca-euskal-kostaldea\">costa vasca<\/a>, en Bilbao. Al estar ahora en recuperaci\u00f3n, todav\u00eda no hay muchas gu\u00edas, aunque las etapas s\u00ed que est\u00e1n marcadas con las habituales flechas amarillas del Camino de Santiago. En esta gu\u00eda uniremos dos ciudades, Pamplona y Vitoria-Gasteiz, por la facilidad en las comunicaciones para los peregrinos, pese a que <a href=\"https:\/\/donejakuebidea.sakana.eus\/es\/\" target=\"_blank\" rel=\"noreferrer noopener nofollow\"><u>la web oficial<\/u><\/a>&nbsp;solo hace referencia al recorrido entre Irurtzun y Ziordia.<\/p>\n\n\n<div style=\"background-color: #dff0d8; color: #3c763d; border-left-color: #3c763d; \" class=\"ub-styled-box ub-notification-box wp-block-ub-styled-box\" id=\"ub-styled-box-41903b76-3ae1-4281-a531-105be6d87998\">\n<p id=\"ub-styled-box-notification-content-\"><strong>Longitud<\/strong>: 116,7 kil\u00f3metros<\/p>\n\n\n\n<p><strong>Dificultad<\/strong>: moderada<\/p>\n\n\n\n<p><a href=\"https:\/\/www.wikiloc.com\/wikiloc\/user.do?id=18371984&amp;event=favorites&amp;listId=2043511\" target=\"_blank\" rel=\"noreferrer noopener nofollow\">Track de Wikiloc<\/a><\/p>\n\n\n<\/div>\n\n\n<h2 class=\"wp-block-heading\" id=\"h-etapa-1-de-pamplona-a-irurtzun-22-7-km\"><strong>Etapa 1. De Pamplona a Irurtzun (22,7 km)<\/strong><strong><\/strong><\/h2>\n\n\n\n<figure class=\"wp-block-image size-full\"><img loading=\"lazy\" decoding=\"async\" width=\"1024\" height=\"683\" src=\"https:\/\/www.escapadarural.com\/blog\/wp-content\/uploads\/2024\/10\/08-La-via-verde-del-Plazaola-busca-el-tunel-para-atravesar-las-montanas-hacia-Pamplona-1024x683-3.jpg\" alt=\"La v\u00eda verde del Plazaola busca el t\u00fanel para atravesar las monta\u00f1as hacia Pamplona. Por Ander Izagirre.\" class=\"wp-image-100766\" srcset=\"https:\/\/www.escapadarural.com\/blog\/wp-content\/uploads\/2024\/10\/08-La-via-verde-del-Plazaola-busca-el-tunel-para-atravesar-las-montanas-hacia-Pamplona-1024x683-3-200x133.jpg 200w, https:\/\/www.escapadarural.com\/blog\/wp-content\/uploads\/2024\/10\/08-La-via-verde-del-Plazaola-busca-el-tunel-para-atravesar-las-montanas-hacia-Pamplona-1024x683-3-300x200.jpg 300w, https:\/\/www.escapadarural.com\/blog\/wp-content\/uploads\/2024\/10\/08-La-via-verde-del-Plazaola-busca-el-tunel-para-atravesar-las-montanas-hacia-Pamplona-1024x683-3-400x267.jpg 400w, https:\/\/www.escapadarural.com\/blog\/wp-content\/uploads\/2024\/10\/08-La-via-verde-del-Plazaola-busca-el-tunel-para-atravesar-las-montanas-hacia-Pamplona-1024x683-3-600x400.jpg 600w, https:\/\/www.escapadarural.com\/blog\/wp-content\/uploads\/2024\/10\/08-La-via-verde-del-Plazaola-busca-el-tunel-para-atravesar-las-montanas-hacia-Pamplona-1024x683-3-768x512.jpg 768w, https:\/\/www.escapadarural.com\/blog\/wp-content\/uploads\/2024\/10\/08-La-via-verde-del-Plazaola-busca-el-tunel-para-atravesar-las-montanas-hacia-Pamplona-1024x683-3-800x534.jpg 800w, https:\/\/www.escapadarural.com\/blog\/wp-content\/uploads\/2024\/10\/08-La-via-verde-del-Plazaola-busca-el-tunel-para-atravesar-las-montanas-hacia-Pamplona-1024x683-3.jpg 1024w\" sizes=\"auto, (max-width: 1024px) 100vw, 1024px\" \/><figcaption class=\"wp-element-caption\">La v\u00eda verde del Plazaola busca el t\u00fanel para atravesar las monta\u00f1as hacia Pamplona. Por Ander Izagirre.<\/figcaption><\/figure>\n\n\n\n<p>Partiendo de la catedral de Pamplona, hay que buscar la <strong>V\u00eda Verde del Plazaola que lleva hasta el pueblo de Aitzoain<\/strong>. Sigue por un pol\u00edgono hacia Berriobeiti y visita Erice de Iza, una peque\u00f1a localidad que ser\u00eda un remanso de paz si no fuera porque est\u00e1 pegada a la carretera nacional y a la autopista. Hay bastantes bares por el camino y, una vez en Irurtzun, el peregrino encontrar\u00e1 todos los servicios. <\/p>\n\n\n<div style=\"background-color: #dff0d8; color: #3c763d; border-left-color: #3c763d; \" class=\"ub-styled-box ub-notification-box wp-block-ub-styled-box\" id=\"ub-styled-box-ea53e4aa-0124-40f4-bbb5-7ee34a1bd6ec\">\n<p id=\"ub-styled-box-notification-content-\"><strong>Longitud<\/strong>: 22,75 kil\u00f3metros<\/p>\n\n\n\n<p><strong>Dificultad<\/strong>: f\u00e1cil<\/p>\n\n\n\n<p><a href=\"https:\/\/es.wikiloc.com\/rutas-senderismo\/pamplona-irurzun-2148549\" target=\"_blank\" rel=\"noreferrer noopener nofollow\">Track de Wikiloc<\/a><\/p>\n\n\n<\/div>\n\n\n<div class=\"wp-block-buttons is-layout-flex wp-block-buttons-is-layout-flex\">\n<div class=\"wp-block-button\"><a class=\"wp-block-button__link wp-element-button\" href=\"\/casas-rurales\/irurtzun\">Alojamientos rurales cerca de Irurtzun<\/a><\/div>\n<\/div>\n\n\n\n<h2 class=\"wp-block-heading\" id=\"h-etapa-2-de-irurtzun-a-lakuntza-20-5-km\"><strong>Etapa 2. De Irurtzun a Lakuntza (20,5 km)<\/strong><strong><\/strong><\/h2>\n\n\n\n<figure class=\"wp-block-image size-full\"><img loading=\"lazy\" decoding=\"async\" width=\"1024\" height=\"683\" src=\"https:\/\/www.escapadarural.com\/blog\/wp-content\/uploads\/2025\/11\/AdobeStock_1763190575.webp\" alt=\"La monta\u00f1a de Beriain \/ San Donato, desde Lakuntza (Valle de Sakana, Navarra). Por poliki\" class=\"wp-image-210434\" srcset=\"https:\/\/www.escapadarural.com\/blog\/wp-content\/uploads\/2025\/11\/AdobeStock_1763190575-200x133.webp 200w, https:\/\/www.escapadarural.com\/blog\/wp-content\/uploads\/2025\/11\/AdobeStock_1763190575-300x200.webp 300w, https:\/\/www.escapadarural.com\/blog\/wp-content\/uploads\/2025\/11\/AdobeStock_1763190575-400x267.webp 400w, https:\/\/www.escapadarural.com\/blog\/wp-content\/uploads\/2025\/11\/AdobeStock_1763190575-600x400.webp 600w, https:\/\/www.escapadarural.com\/blog\/wp-content\/uploads\/2025\/11\/AdobeStock_1763190575-768x512.webp 768w, https:\/\/www.escapadarural.com\/blog\/wp-content\/uploads\/2025\/11\/AdobeStock_1763190575-800x534.webp 800w, https:\/\/www.escapadarural.com\/blog\/wp-content\/uploads\/2025\/11\/AdobeStock_1763190575.webp 1024w\" sizes=\"auto, (max-width: 1024px) 100vw, 1024px\" \/><figcaption class=\"wp-element-caption\">La monta\u00f1a de Beriain \/ San Donato, desde Lakuntza (Valle de Sakana, Navarra). Por poliki<\/figcaption><\/figure>\n\n\n\n<p>Una etapa corta que permite divisar, a mano derecha, el santuario de San Miguel de Aralar en lo alto de la sierra; a mano izquierda, sorprende la vista del majestuoso monte Beriain o San Donato. Se camina entre campos en los que pastan ovejas <em>latxa<\/em> (con cuya leche se elabora el famoso queso Idiaz\u00e1bal), dejando estampas muy buc\u00f3licas entre monta\u00f1as. Adem\u00e1s, <strong>pasa por el monasterio de Zamartze<\/strong>, donde antiguamente descansaban los peregrinos. Es de origen rom\u00e1nico y destaca su portada labrada dentro de la escuela del maestro Esteban. En Uharte-Arakil y en Lakuntza hay tiendas y bares.<\/p>\n\n\n<div style=\"background-color: #dff0d8; color: #3c763d; border-left-color: #3c763d; \" class=\"ub-styled-box ub-notification-box wp-block-ub-styled-box\" id=\"ub-styled-box-42bac557-df14-4f6f-90d4-8b24d302dae7\">\n<p id=\"ub-styled-box-notification-content-\"><strong>Longitud<\/strong>: 20,59 kil\u00f3metros<\/p>\n\n\n\n<p><strong>Dificultad<\/strong>: moderada<\/p>\n\n\n\n<p><a href=\"https:\/\/es.wikiloc.com\/rutas-senderismo\/irurtzun-lakuntzaasocc-43426265\" target=\"_blank\" rel=\"noreferrer noopener nofollow\">Track de Wikiloc<\/a><\/p>\n\n\n<\/div>\n\n\n<div class=\"wp-block-buttons is-layout-flex wp-block-buttons-is-layout-flex\">\n<div class=\"wp-block-button\"><a class=\"wp-block-button__link wp-element-button\" href=\"\/casas-rurales\/lakuntza\">Alojamientos rurales cerca de Lakuntza<\/a><\/div>\n<\/div>\n\n\n\n<h2 class=\"wp-block-heading\" id=\"h-etapa-3-de-lakuntza-a-ziordia-24-3-km\"><strong>Etapa 3. De Lakuntza a Ziordia (24,3 km)<\/strong><strong><\/strong><\/h2>\n\n\n\n<figure class=\"wp-block-image size-full\"><img loading=\"lazy\" decoding=\"async\" width=\"1024\" height=\"683\" src=\"https:\/\/www.escapadarural.com\/blog\/wp-content\/uploads\/2025\/11\/AdobeStock_506779325.webp\" alt=\"El pueblo de Arbizu (Navarra). Por jordi\" class=\"wp-image-210435\" srcset=\"https:\/\/www.escapadarural.com\/blog\/wp-content\/uploads\/2025\/11\/AdobeStock_506779325-200x133.webp 200w, https:\/\/www.escapadarural.com\/blog\/wp-content\/uploads\/2025\/11\/AdobeStock_506779325-300x200.webp 300w, https:\/\/www.escapadarural.com\/blog\/wp-content\/uploads\/2025\/11\/AdobeStock_506779325-400x267.webp 400w, https:\/\/www.escapadarural.com\/blog\/wp-content\/uploads\/2025\/11\/AdobeStock_506779325-600x400.webp 600w, https:\/\/www.escapadarural.com\/blog\/wp-content\/uploads\/2025\/11\/AdobeStock_506779325-768x512.webp 768w, https:\/\/www.escapadarural.com\/blog\/wp-content\/uploads\/2025\/11\/AdobeStock_506779325-800x534.webp 800w, https:\/\/www.escapadarural.com\/blog\/wp-content\/uploads\/2025\/11\/AdobeStock_506779325.webp 1024w\" sizes=\"auto, (max-width: 1024px) 100vw, 1024px\" \/><figcaption class=\"wp-element-caption\">El pueblo de Arbizu (Navarra). Por jordi<\/figcaption><\/figure>\n\n\n\n<p>Es una jornada preciosa que pasa por pueblos con encanto y con muchos servicios como <a href=\"\/casas-rurales\/arbizu\">Arbizu<\/a>, Etxarri Aranatz, Bakaiku, Urdiain y Altsasu. Tambi\u00e9n se bordea Olazti, a donde se podr\u00eda entrar en pocos metros si hiciera falta. <strong>Esta etapa tiene una gran belleza paisaj\u00edstica<\/strong>, pues pasa por la ermita de Santiago de Bakaiku, con su bonito retablo (no te olvides de probar su famosa <em>txistorra<\/em>); y por la ermita de San Pedro de Altsasu, lugar en el que fue elegido el primer rey de Navarra, Garc\u00eda Xim\u00e9nez, el a\u00f1o 717.<\/p>\n\n\n<div style=\"background-color: #dff0d8; color: #3c763d; border-left-color: #3c763d; \" class=\"ub-styled-box ub-notification-box wp-block-ub-styled-box\" id=\"ub-styled-box-36a42c39-a356-4e96-81d7-d8d0da38cf1b\">\n<p id=\"ub-styled-box-notification-content-\"><strong>Longitud<\/strong>: 24,32 kil\u00f3metros<\/p>\n\n\n\n<p><strong>Dificultad<\/strong>: moderada<\/p>\n\n\n\n<p><a href=\"https:\/\/es.wikiloc.com\/rutas-senderismo\/lakuntza-ziordia-120351421\" target=\"_blank\" rel=\"noreferrer noopener nofollow\">Track de Wikiloc<\/a><\/p>\n\n\n<\/div>\n\n\n<div class=\"wp-block-buttons is-layout-flex wp-block-buttons-is-layout-flex\">\n<div class=\"wp-block-button\"><a class=\"wp-block-button__link wp-element-button\" href=\"\/casas-rurales\/ziordia\">Alojamientos rurales cerca de Ziordia<\/a><\/div>\n<\/div>\n\n\n\n<h2 class=\"wp-block-heading\" id=\"h-etapa-4-de-ziordia-a-agurain-salvatierra-16-2-km\"><strong>Etapa 4. De Ziordia a Agurain\/Salvatierra (16,2 km)<\/strong><strong><\/strong><\/h2>\n\n\n\n<figure class=\"wp-block-image size-large\"><img loading=\"lazy\" decoding=\"async\" width=\"1024\" height=\"683\" src=\"https:\/\/www.escapadarural.com\/blog\/wp-content\/uploads\/2025\/01\/AdobeStock_460513011-1024x683.jpeg\" alt=\"Agurain \/ Salvatierra, en \u00c1lava | Por ttl.photos\" class=\"wp-image-186573\" srcset=\"https:\/\/www.escapadarural.com\/blog\/wp-content\/uploads\/2025\/01\/AdobeStock_460513011-200x133.jpeg 200w, https:\/\/www.escapadarural.com\/blog\/wp-content\/uploads\/2025\/01\/AdobeStock_460513011-300x200.jpeg 300w, https:\/\/www.escapadarural.com\/blog\/wp-content\/uploads\/2025\/01\/AdobeStock_460513011-400x267.jpeg 400w, https:\/\/www.escapadarural.com\/blog\/wp-content\/uploads\/2025\/01\/AdobeStock_460513011-600x400.jpeg 600w, https:\/\/www.escapadarural.com\/blog\/wp-content\/uploads\/2025\/01\/AdobeStock_460513011-768x512.jpeg 768w, https:\/\/www.escapadarural.com\/blog\/wp-content\/uploads\/2025\/01\/AdobeStock_460513011-800x533.jpeg 800w, https:\/\/www.escapadarural.com\/blog\/wp-content\/uploads\/2025\/01\/AdobeStock_460513011-1024x683.jpeg 1024w, https:\/\/www.escapadarural.com\/blog\/wp-content\/uploads\/2025\/01\/AdobeStock_460513011-1200x800.jpeg 1200w, https:\/\/www.escapadarural.com\/blog\/wp-content\/uploads\/2025\/01\/AdobeStock_460513011-1536x1024.jpeg 1536w\" sizes=\"auto, (max-width: 1024px) 100vw, 1024px\" \/><figcaption class=\"wp-element-caption\">Agurain \/ Salvatierra, en \u00c1lava | Por ttl.photos<\/figcaption><\/figure>\n\n\n\n<p>Dejamos atr\u00e1s el Camino de Sakana estricto y en esta etapa enlazamos con el <a href=\"\/blog\/etapas-camino-vasco-interior\/\">Camino Vasco del Interior<\/a> que viene desde Ir\u00fan. Es una jornada corta. Pasa por puntos de inter\u00e9s como la iglesia de San Rom\u00e1n, el dolmen de Aizkomendi y las iglesias de Santa Mar\u00eda y San Juan. Acaba en Agurain\/Salvatierra, una encantadora <strong>villa medieval amurallada<\/strong>.<\/p>\n\n\n<div style=\"background-color: #dff0d8; color: #3c763d; border-left-color: #3c763d; \" class=\"ub-styled-box ub-notification-box wp-block-ub-styled-box\" id=\"ub-styled-box-1b8c09ee-f0bc-4408-8ae6-a4a1d796647c\">\n<p id=\"ub-styled-box-notification-content-\"><strong>Longitud<\/strong>: 16,21 kil\u00f3metros<\/p>\n\n\n\n<p><strong>Dificultad<\/strong>: f\u00e1cil<\/p>\n\n\n\n<p><a href=\"https:\/\/es.wikiloc.com\/rutas-senderismo\/ziordia-agurain-salvatierra-camino-de-la-calzada-147293877\" target=\"_blank\" rel=\"noreferrer noopener nofollow\">Track de Wikiloc<\/a><\/p>\n\n\n<\/div>\n\n\n<div class=\"wp-block-buttons is-layout-flex wp-block-buttons-is-layout-flex\">\n<div class=\"wp-block-button\"><a class=\"wp-block-button__link wp-element-button\" href=\"\/casas-rurales\/salvatierra\">Alojamientos rurales en Agurain\/Salvatierra<\/a><\/div>\n<\/div>\n\n\n\n<h2 class=\"wp-block-heading\" id=\"h-etapa-5-de-agurain-salvatierra-a-vitoria-gasteiz-33-km\"><strong>Etapa 5. De Agurain\/Salvatierra a Vitoria-Gasteiz (33 km)<\/strong><strong><\/strong><\/h2>\n\n\n\n<figure class=\"wp-block-image size-full\"><img loading=\"lazy\" decoding=\"async\" width=\"916\" height=\"530\" src=\"https:\/\/www.escapadarural.com\/blog\/wp-content\/uploads\/2024\/10\/vitoria.webp\" alt=\"Plaza de la Virgen Blanca de Vitoria-Gasteiz. Por: Turismo de \u00c1lava\" class=\"wp-image-193824\" srcset=\"https:\/\/www.escapadarural.com\/blog\/wp-content\/uploads\/2024\/10\/vitoria-200x116.webp 200w, https:\/\/www.escapadarural.com\/blog\/wp-content\/uploads\/2024\/10\/vitoria-300x174.webp 300w, https:\/\/www.escapadarural.com\/blog\/wp-content\/uploads\/2024\/10\/vitoria-400x231.webp 400w, https:\/\/www.escapadarural.com\/blog\/wp-content\/uploads\/2024\/10\/vitoria-600x347.webp 600w, https:\/\/www.escapadarural.com\/blog\/wp-content\/uploads\/2024\/10\/vitoria-768x444.webp 768w, https:\/\/www.escapadarural.com\/blog\/wp-content\/uploads\/2024\/10\/vitoria-800x463.webp 800w, https:\/\/www.escapadarural.com\/blog\/wp-content\/uploads\/2024\/10\/vitoria.webp 916w\" sizes=\"auto, (max-width: 916px) 100vw, 916px\" \/><figcaption class=\"wp-element-caption\">Plaza de la Virgen Blanca de Vitoria-Gasteiz. Por: Turismo de \u00c1lava\n<\/figcaption><\/figure>\n\n\n\n<p>Llegamos a la capital alavesa, Vitoria-Gasteiz, tras una <strong>etapa algo larga, pero sin apenas desnivel<\/strong>, siguiendo la t\u00f3nica del Camino de Sakana. Ojo porque no hay bares ni tiendas hasta la ciudad, a no ser que te desv\u00edes un kil\u00f3metro hacia Alegr\u00eda\/Dulantzi. La jornada est\u00e1 dominada por un paisaje muy rural, atravesando campos de cultivo y min\u00fasculos n\u00facleos de poblaci\u00f3n en los que parece que se ha detenido el tiempo.<\/p>\n\n\n<div style=\"background-color: #dff0d8; color: #3c763d; border-left-color: #3c763d; \" class=\"ub-styled-box ub-notification-box wp-block-ub-styled-box\" id=\"ub-styled-box-af1030f3-9942-4c1f-94c9-45ec1891c841\">\n<p id=\"ub-styled-box-notification-content-\"><strong>Longitud<\/strong>: 33,35 kil\u00f3metros<\/p>\n\n\n\n<p><strong>Dificultad<\/strong>: moderada<\/p>\n\n\n\n<p><a href=\"https:\/\/es.wikiloc.com\/rutas-senderismo\/2-etapa-camino-de-santiago-interior-vasco-frances-salvatierra-agurain-vitoria-gasteiz-35686491\" target=\"_blank\" rel=\"noreferrer noopener nofollow\">Track de Wikiloc<\/a><\/p>\n\n\n<\/div>\n\n\n<div class=\"wp-block-buttons is-layout-flex wp-block-buttons-is-layout-flex\">\n<div class=\"wp-block-button\"><a class=\"wp-block-button__link wp-element-button\" href=\"\/casas-rurales\/vitoria-gasteiz\">Alojamientos rurales en Vitoria\/Gasteiz<\/a><\/div>\n<\/div>\n","protected":false},"excerpt":{"rendered":"<p>Nos acercamos al Camino de Santiago \u00abolvidado\u00bb: el Camino del Sakana, que se abre entre monta\u00f1as y apenas tiene peregrinos.<\/p>\n","protected":false},"author":123,"featured_media":210434,"comment_status":"open","ping_status":"open","sticky":false,"template":"","format":"standard","meta":{"_acf_changed":false,"om_disable_all_campaigns":false,"footnotes":""},"categories":[1379],"tags":[6285,2197,6683,616,6241,6394,421,450,1938,5590,6087,5268,6682],"class_list":["post-210431","post","type-post","status-publish","format-standard","has-post-thumbnail","hentry","category-rutas-y-excursiones","tag-alava","tag-amigos","tag-camino-de-sakana","tag-camino-de-santiago","tag-camino-vasco-del-interior","tag-grupos","tag-que-ver-en-navarra","tag-que-ver-en-pais-vasco","tag-pamplona","tag-pareja","tag-senderismo","tag-valle-de-sakana","tag-vitoria-gasteiz"],"acf":[],"featured_image_src":"https:\/\/www.escapadarural.com\/blog\/wp-content\/uploads\/2025\/11\/AdobeStock_1763190575.webp","author_info":{"display_name":"Raquel Andr\u00e9s","author_link":"https:\/\/www.escapadarural.com\/blog\/autor\/raquel\/"},"yoast_head":"<!-- This site is optimized with the Yoast SEO plugin v27.5 - https:\/\/yoast.com\/product\/yoast-seo-wordpress\/ -->\n<title>El Camino de Santiago olvidado que cruza un valle - EscapadaRural<\/title>\n<meta name=\"description\" content=\"Nos acercamos al Camino de Santiago &quot;olvidado&quot;: el Camino del Sakana, que se abre entre monta\u00f1as y apenas tiene peregrinos.\" \/>\n<meta name=\"robots\" content=\"index, follow, max-snippet:-1, max-image-preview:large, max-video-preview:-1\" \/>\n<link rel=\"canonical\" href=\"https:\/\/www.escapadarural.com\/blog\/camino-de-santiago-olvidado-valle-montanas-sakana\/\" \/>\n<meta property=\"og:locale\" content=\"es_ES\" \/>\n<meta property=\"og:type\" content=\"article\" \/>\n<meta property=\"og:title\" content=\"El Camino de Santiago olvidado que cruza un valle - EscapadaRural\" \/>\n<meta property=\"og:description\" content=\"Nos acercamos al Camino de Santiago &quot;olvidado&quot;: el Camino del Sakana, que se abre entre monta\u00f1as y apenas tiene peregrinos.\" \/>\n<meta property=\"og:url\" content=\"https:\/\/www.escapadarural.com\/blog\/camino-de-santiago-olvidado-valle-montanas-sakana\/\" \/>\n<meta property=\"og:site_name\" content=\"Magazine de viajes de EscapadaRural\" \/>\n<meta property=\"article:publisher\" content=\"https:\/\/www.facebook.com\/escapadarural\" \/>\n<meta property=\"article:published_time\" content=\"2025-12-07T07:55:00+00:00\" \/>\n<meta property=\"article:modified_time\" content=\"2026-03-18T14:51:28+00:00\" \/>\n<meta property=\"og:image\" content=\"https:\/\/www.escapadarural.com\/blog\/wp-content\/uploads\/2025\/11\/AdobeStock_1763190575.webp?v=1773845490\" \/>\n\t<meta property=\"og:image:width\" content=\"1024\" \/>\n\t<meta property=\"og:image:height\" content=\"683\" \/>\n\t<meta property=\"og:image:type\" content=\"image\/webp\" \/>\n<meta name=\"author\" content=\"Raquel Andr\u00e9s\" \/>\n<meta name=\"twitter:card\" content=\"summary_large_image\" \/>\n<meta name=\"twitter:label1\" content=\"Escrito por\" \/>\n\t<meta name=\"twitter:data1\" content=\"Raquel Andr\u00e9s\" \/>\n\t<meta name=\"twitter:label2\" content=\"Tiempo de lectura\" \/>\n\t<meta name=\"twitter:data2\" content=\"6 minutos\" \/>\n<script type=\"application\/ld+json\" class=\"yoast-schema-graph\">{\"@context\":\"https:\\\/\\\/schema.org\",\"@graph\":[{\"@type\":\"Article\",\"@id\":\"https:\\\/\\\/www.escapadarural.com\\\/blog\\\/camino-de-santiago-olvidado-valle-montanas-sakana\\\/#article\",\"isPartOf\":{\"@id\":\"https:\\\/\\\/www.escapadarural.com\\\/blog\\\/camino-de-santiago-olvidado-valle-montanas-sakana\\\/\"},\"author\":{\"name\":\"Raquel Andr\u00e9s\",\"@id\":\"https:\\\/\\\/www.escapadarural.com\\\/blog\\\/#\\\/schema\\\/person\\\/67be061eb00d8315fa8642e01b88c894\"},\"headline\":\"El Camino de Santiago \u201colvidado\u201d para peregrinos que huyen de la masificaci\u00f3n\",\"datePublished\":\"2025-12-07T07:55:00+00:00\",\"dateModified\":\"2026-03-18T14:51:28+00:00\",\"mainEntityOfPage\":{\"@id\":\"https:\\\/\\\/www.escapadarural.com\\\/blog\\\/camino-de-santiago-olvidado-valle-montanas-sakana\\\/\"},\"wordCount\":1245,\"commentCount\":0,\"publisher\":{\"@id\":\"https:\\\/\\\/www.escapadarural.com\\\/blog\\\/#organization\"},\"image\":{\"@id\":\"https:\\\/\\\/www.escapadarural.com\\\/blog\\\/camino-de-santiago-olvidado-valle-montanas-sakana\\\/#primaryimage\"},\"thumbnailUrl\":\"https:\\\/\\\/www.escapadarural.com\\\/blog\\\/wp-content\\\/uploads\\\/2025\\\/11\\\/AdobeStock_1763190575.webp\",\"keywords\":[\"alava\",\"amigos\",\"Camino de Sakana\",\"Camino de Santiago\",\"Camino Vasco del Interior\",\"Grupos\",\"Navarra\",\"Pa\u00eds Vasco\",\"Pamplona\",\"Pareja\",\"senderismo\",\"valle de Sakana\",\"Vitoria-Gasteiz\"],\"articleSection\":[\"Rutas y excursiones\"],\"inLanguage\":\"es\",\"potentialAction\":[{\"@type\":\"CommentAction\",\"name\":\"Comment\",\"target\":[\"https:\\\/\\\/www.escapadarural.com\\\/blog\\\/camino-de-santiago-olvidado-valle-montanas-sakana\\\/#respond\"]}]},{\"@type\":\"WebPage\",\"@id\":\"https:\\\/\\\/www.escapadarural.com\\\/blog\\\/camino-de-santiago-olvidado-valle-montanas-sakana\\\/\",\"url\":\"https:\\\/\\\/www.escapadarural.com\\\/blog\\\/camino-de-santiago-olvidado-valle-montanas-sakana\\\/\",\"name\":\"El Camino de Santiago olvidado que cruza un valle - EscapadaRural\",\"isPartOf\":{\"@id\":\"https:\\\/\\\/www.escapadarural.com\\\/blog\\\/#website\"},\"primaryImageOfPage\":{\"@id\":\"https:\\\/\\\/www.escapadarural.com\\\/blog\\\/camino-de-santiago-olvidado-valle-montanas-sakana\\\/#primaryimage\"},\"image\":{\"@id\":\"https:\\\/\\\/www.escapadarural.com\\\/blog\\\/camino-de-santiago-olvidado-valle-montanas-sakana\\\/#primaryimage\"},\"thumbnailUrl\":\"https:\\\/\\\/www.escapadarural.com\\\/blog\\\/wp-content\\\/uploads\\\/2025\\\/11\\\/AdobeStock_1763190575.webp\",\"datePublished\":\"2025-12-07T07:55:00+00:00\",\"dateModified\":\"2026-03-18T14:51:28+00:00\",\"description\":\"Nos acercamos al Camino de Santiago \\\"olvidado\\\": el Camino del Sakana, que se abre entre monta\u00f1as y apenas tiene peregrinos.\",\"breadcrumb\":{\"@id\":\"https:\\\/\\\/www.escapadarural.com\\\/blog\\\/camino-de-santiago-olvidado-valle-montanas-sakana\\\/#breadcrumb\"},\"inLanguage\":\"es\",\"potentialAction\":[{\"@type\":\"ReadAction\",\"target\":[\"https:\\\/\\\/www.escapadarural.com\\\/blog\\\/camino-de-santiago-olvidado-valle-montanas-sakana\\\/\"]}]},{\"@type\":\"ImageObject\",\"inLanguage\":\"es\",\"@id\":\"https:\\\/\\\/www.escapadarural.com\\\/blog\\\/camino-de-santiago-olvidado-valle-montanas-sakana\\\/#primaryimage\",\"url\":\"https:\\\/\\\/www.escapadarural.com\\\/blog\\\/wp-content\\\/uploads\\\/2025\\\/11\\\/AdobeStock_1763190575.webp\",\"contentUrl\":\"https:\\\/\\\/www.escapadarural.com\\\/blog\\\/wp-content\\\/uploads\\\/2025\\\/11\\\/AdobeStock_1763190575.webp\",\"width\":1024,\"height\":683,\"caption\":\"La monta\u00f1a de Beriain \\\/ San Donato, desde Lakuntza (Valle de Sakana, Navarra). Por poliki\"},{\"@type\":\"BreadcrumbList\",\"@id\":\"https:\\\/\\\/www.escapadarural.com\\\/blog\\\/camino-de-santiago-olvidado-valle-montanas-sakana\\\/#breadcrumb\",\"itemListElement\":[{\"@type\":\"ListItem\",\"position\":1,\"name\":\"Inicio\",\"item\":\"https:\\\/\\\/www.escapadarural.com\\\/blog\\\/\"},{\"@type\":\"ListItem\",\"position\":2,\"name\":\"Rutas y excursiones\",\"item\":\"https:\\\/\\\/www.escapadarural.com\\\/blog\\\/categoria\\\/rutas-y-excursiones\\\/\"},{\"@type\":\"ListItem\",\"position\":3,\"name\":\"El Camino de Santiago \u201colvidado\u201d para peregrinos que huyen de la masificaci\u00f3n\"}]},{\"@type\":\"WebSite\",\"@id\":\"https:\\\/\\\/www.escapadarural.com\\\/blog\\\/#website\",\"url\":\"https:\\\/\\\/www.escapadarural.com\\\/blog\\\/\",\"name\":\"Blog de viajes | turismo rural, alojamientos e inspiraci\u00f3n\",\"description\":\"Alojamientos rurales e inspiraci\u00f3n para tus escapadas\",\"publisher\":{\"@id\":\"https:\\\/\\\/www.escapadarural.com\\\/blog\\\/#organization\"},\"alternateName\":\"Magazine de viajes de EscapadaRural\",\"potentialAction\":[{\"@type\":\"SearchAction\",\"target\":{\"@type\":\"EntryPoint\",\"urlTemplate\":\"https:\\\/\\\/www.escapadarural.com\\\/blog\\\/?s={search_term_string}\"},\"query-input\":{\"@type\":\"PropertyValueSpecification\",\"valueRequired\":true,\"valueName\":\"search_term_string\"}}],\"inLanguage\":\"es\"},{\"@type\":\"Organization\",\"@id\":\"https:\\\/\\\/www.escapadarural.com\\\/blog\\\/#organization\",\"name\":\"EscapadaRural\",\"url\":\"https:\\\/\\\/www.escapadarural.com\\\/blog\\\/\",\"logo\":{\"@type\":\"ImageObject\",\"inLanguage\":\"es\",\"@id\":\"https:\\\/\\\/www.escapadarural.com\\\/blog\\\/#\\\/schema\\\/logo\\\/image\\\/\",\"url\":\"https:\\\/\\\/www.escapadarural.com\\\/blog\\\/wp-content\\\/uploads\\\/2024\\\/10\\\/cropped-cropped-escapada-rural-icon-mag-3.png\",\"contentUrl\":\"https:\\\/\\\/www.escapadarural.com\\\/blog\\\/wp-content\\\/uploads\\\/2024\\\/10\\\/cropped-cropped-escapada-rural-icon-mag-3.png\",\"width\":512,\"height\":512,\"caption\":\"EscapadaRural\"},\"image\":{\"@id\":\"https:\\\/\\\/www.escapadarural.com\\\/blog\\\/#\\\/schema\\\/logo\\\/image\\\/\"},\"sameAs\":[\"https:\\\/\\\/www.facebook.com\\\/escapadarural\",\"https:\\\/\\\/www.instagram.com\\\/escapadarural\\\/\",\"https:\\\/\\\/www.youtube.com\\\/@escapadaruralcom\"]},{\"@type\":\"Person\",\"@id\":\"https:\\\/\\\/www.escapadarural.com\\\/blog\\\/#\\\/schema\\\/person\\\/67be061eb00d8315fa8642e01b88c894\",\"name\":\"Raquel Andr\u00e9s\",\"image\":{\"@type\":\"ImageObject\",\"inLanguage\":\"es\",\"@id\":\"https:\\\/\\\/secure.gravatar.com\\\/avatar\\\/b45840531462f3cafb335a9fc5c0bfda2c07c3df4b82b304b923526b85cc6cb5?s=96&d=mm&r=g\",\"url\":\"https:\\\/\\\/secure.gravatar.com\\\/avatar\\\/b45840531462f3cafb335a9fc5c0bfda2c07c3df4b82b304b923526b85cc6cb5?s=96&d=mm&r=g\",\"contentUrl\":\"https:\\\/\\\/secure.gravatar.com\\\/avatar\\\/b45840531462f3cafb335a9fc5c0bfda2c07c3df4b82b304b923526b85cc6cb5?s=96&d=mm&r=g\",\"caption\":\"Raquel Andr\u00e9s\"},\"description\":\"Periodista y aventurera. Me has podido leer en Escapada Rural, Diari Nosaltres La Veu, La Vanguardia, El Salto y otros medios. Habitante y amante de las zonas rurales, sea cual sea el destino. Procuro escaparme una vez por semana con las botas de monta\u00f1a, el arn\u00e9s o el neopreno. Tambi\u00e9n soy un intento de baserritarra.\",\"url\":\"https:\\\/\\\/www.escapadarural.com\\\/blog\\\/autor\\\/raquel\\\/\"}]}<\/script>\n<!-- \/ Yoast SEO plugin. -->","yoast_head_json":{"title":"El Camino de Santiago olvidado que cruza un valle - EscapadaRural","description":"Nos acercamos al Camino de Santiago \"olvidado\": el Camino del Sakana, que se abre entre monta\u00f1as y apenas tiene peregrinos.","robots":{"index":"index","follow":"follow","max-snippet":"max-snippet:-1","max-image-preview":"max-image-preview:large","max-video-preview":"max-video-preview:-1"},"canonical":"https:\/\/www.escapadarural.com\/blog\/camino-de-santiago-olvidado-valle-montanas-sakana\/","og_locale":"es_ES","og_type":"article","og_title":"El Camino de Santiago olvidado que cruza un valle - EscapadaRural","og_description":"Nos acercamos al Camino de Santiago \"olvidado\": el Camino del Sakana, que se abre entre monta\u00f1as y apenas tiene peregrinos.","og_url":"https:\/\/www.escapadarural.com\/blog\/camino-de-santiago-olvidado-valle-montanas-sakana\/","og_site_name":"Magazine de viajes de EscapadaRural","article_publisher":"https:\/\/www.facebook.com\/escapadarural","article_published_time":"2025-12-07T07:55:00+00:00","article_modified_time":"2026-03-18T14:51:28+00:00","og_image":[{"width":1024,"height":683,"url":"https:\/\/www.escapadarural.com\/blog\/wp-content\/uploads\/2025\/11\/AdobeStock_1763190575.webp?v=1773845490","type":"image\/webp"}],"author":"Raquel Andr\u00e9s","twitter_card":"summary_large_image","twitter_misc":{"Escrito por":"Raquel Andr\u00e9s","Tiempo de lectura":"6 minutos"},"schema":{"@context":"https:\/\/schema.org","@graph":[{"@type":"Article","@id":"https:\/\/www.escapadarural.com\/blog\/camino-de-santiago-olvidado-valle-montanas-sakana\/#article","isPartOf":{"@id":"https:\/\/www.escapadarural.com\/blog\/camino-de-santiago-olvidado-valle-montanas-sakana\/"},"author":{"name":"Raquel Andr\u00e9s","@id":"https:\/\/www.escapadarural.com\/blog\/#\/schema\/person\/67be061eb00d8315fa8642e01b88c894"},"headline":"El Camino de Santiago \u201colvidado\u201d para peregrinos que huyen de la masificaci\u00f3n","datePublished":"2025-12-07T07:55:00+00:00","dateModified":"2026-03-18T14:51:28+00:00","mainEntityOfPage":{"@id":"https:\/\/www.escapadarural.com\/blog\/camino-de-santiago-olvidado-valle-montanas-sakana\/"},"wordCount":1245,"commentCount":0,"publisher":{"@id":"https:\/\/www.escapadarural.com\/blog\/#organization"},"image":{"@id":"https:\/\/www.escapadarural.com\/blog\/camino-de-santiago-olvidado-valle-montanas-sakana\/#primaryimage"},"thumbnailUrl":"https:\/\/www.escapadarural.com\/blog\/wp-content\/uploads\/2025\/11\/AdobeStock_1763190575.webp","keywords":["alava","amigos","Camino de Sakana","Camino de Santiago","Camino Vasco del Interior","Grupos","Navarra","Pa\u00eds Vasco","Pamplona","Pareja","senderismo","valle de Sakana","Vitoria-Gasteiz"],"articleSection":["Rutas y excursiones"],"inLanguage":"es","potentialAction":[{"@type":"CommentAction","name":"Comment","target":["https:\/\/www.escapadarural.com\/blog\/camino-de-santiago-olvidado-valle-montanas-sakana\/#respond"]}]},{"@type":"WebPage","@id":"https:\/\/www.escapadarural.com\/blog\/camino-de-santiago-olvidado-valle-montanas-sakana\/","url":"https:\/\/www.escapadarural.com\/blog\/camino-de-santiago-olvidado-valle-montanas-sakana\/","name":"El Camino de Santiago olvidado que cruza un valle - EscapadaRural","isPartOf":{"@id":"https:\/\/www.escapadarural.com\/blog\/#website"},"primaryImageOfPage":{"@id":"https:\/\/www.escapadarural.com\/blog\/camino-de-santiago-olvidado-valle-montanas-sakana\/#primaryimage"},"image":{"@id":"https:\/\/www.escapadarural.com\/blog\/camino-de-santiago-olvidado-valle-montanas-sakana\/#primaryimage"},"thumbnailUrl":"https:\/\/www.escapadarural.com\/blog\/wp-content\/uploads\/2025\/11\/AdobeStock_1763190575.webp","datePublished":"2025-12-07T07:55:00+00:00","dateModified":"2026-03-18T14:51:28+00:00","description":"Nos acercamos al Camino de Santiago \"olvidado\": el Camino del Sakana, que se abre entre monta\u00f1as y apenas tiene peregrinos.","breadcrumb":{"@id":"https:\/\/www.escapadarural.com\/blog\/camino-de-santiago-olvidado-valle-montanas-sakana\/#breadcrumb"},"inLanguage":"es","potentialAction":[{"@type":"ReadAction","target":["https:\/\/www.escapadarural.com\/blog\/camino-de-santiago-olvidado-valle-montanas-sakana\/"]}]},{"@type":"ImageObject","inLanguage":"es","@id":"https:\/\/www.escapadarural.com\/blog\/camino-de-santiago-olvidado-valle-montanas-sakana\/#primaryimage","url":"https:\/\/www.escapadarural.com\/blog\/wp-content\/uploads\/2025\/11\/AdobeStock_1763190575.webp","contentUrl":"https:\/\/www.escapadarural.com\/blog\/wp-content\/uploads\/2025\/11\/AdobeStock_1763190575.webp","width":1024,"height":683,"caption":"La monta\u00f1a de Beriain \/ San Donato, desde Lakuntza (Valle de Sakana, Navarra). Por poliki"},{"@type":"BreadcrumbList","@id":"https:\/\/www.escapadarural.com\/blog\/camino-de-santiago-olvidado-valle-montanas-sakana\/#breadcrumb","itemListElement":[{"@type":"ListItem","position":1,"name":"Inicio","item":"https:\/\/www.escapadarural.com\/blog\/"},{"@type":"ListItem","position":2,"name":"Rutas y excursiones","item":"https:\/\/www.escapadarural.com\/blog\/categoria\/rutas-y-excursiones\/"},{"@type":"ListItem","position":3,"name":"El Camino de Santiago \u201colvidado\u201d para peregrinos que huyen de la masificaci\u00f3n"}]},{"@type":"WebSite","@id":"https:\/\/www.escapadarural.com\/blog\/#website","url":"https:\/\/www.escapadarural.com\/blog\/","name":"Blog de viajes | turismo rural, alojamientos e inspiraci\u00f3n","description":"Alojamientos rurales e inspiraci\u00f3n para tus escapadas","publisher":{"@id":"https:\/\/www.escapadarural.com\/blog\/#organization"},"alternateName":"Magazine de viajes de EscapadaRural","potentialAction":[{"@type":"SearchAction","target":{"@type":"EntryPoint","urlTemplate":"https:\/\/www.escapadarural.com\/blog\/?s={search_term_string}"},"query-input":{"@type":"PropertyValueSpecification","valueRequired":true,"valueName":"search_term_string"}}],"inLanguage":"es"},{"@type":"Organization","@id":"https:\/\/www.escapadarural.com\/blog\/#organization","name":"EscapadaRural","url":"https:\/\/www.escapadarural.com\/blog\/","logo":{"@type":"ImageObject","inLanguage":"es","@id":"https:\/\/www.escapadarural.com\/blog\/#\/schema\/logo\/image\/","url":"https:\/\/www.escapadarural.com\/blog\/wp-content\/uploads\/2024\/10\/cropped-cropped-escapada-rural-icon-mag-3.png","contentUrl":"https:\/\/www.escapadarural.com\/blog\/wp-content\/uploads\/2024\/10\/cropped-cropped-escapada-rural-icon-mag-3.png","width":512,"height":512,"caption":"EscapadaRural"},"image":{"@id":"https:\/\/www.escapadarural.com\/blog\/#\/schema\/logo\/image\/"},"sameAs":["https:\/\/www.facebook.com\/escapadarural","https:\/\/www.instagram.com\/escapadarural\/","https:\/\/www.youtube.com\/@escapadaruralcom"]},{"@type":"Person","@id":"https:\/\/www.escapadarural.com\/blog\/#\/schema\/person\/67be061eb00d8315fa8642e01b88c894","name":"Raquel Andr\u00e9s","image":{"@type":"ImageObject","inLanguage":"es","@id":"https:\/\/secure.gravatar.com\/avatar\/b45840531462f3cafb335a9fc5c0bfda2c07c3df4b82b304b923526b85cc6cb5?s=96&d=mm&r=g","url":"https:\/\/secure.gravatar.com\/avatar\/b45840531462f3cafb335a9fc5c0bfda2c07c3df4b82b304b923526b85cc6cb5?s=96&d=mm&r=g","contentUrl":"https:\/\/secure.gravatar.com\/avatar\/b45840531462f3cafb335a9fc5c0bfda2c07c3df4b82b304b923526b85cc6cb5?s=96&d=mm&r=g","caption":"Raquel Andr\u00e9s"},"description":"Periodista y aventurera. Me has podido leer en Escapada Rural, Diari Nosaltres La Veu, La Vanguardia, El Salto y otros medios. Habitante y amante de las zonas rurales, sea cual sea el destino. Procuro escaparme una vez por semana con las botas de monta\u00f1a, el arn\u00e9s o el neopreno. Tambi\u00e9n soy un intento de baserritarra.","url":"https:\/\/www.escapadarural.com\/blog\/autor\/raquel\/"}]}},"_links":{"self":[{"href":"https:\/\/www.escapadarural.com\/blog\/wp-json\/wp\/v2\/posts\/210431","targetHints":{"allow":["GET"]}}],"collection":[{"href":"https:\/\/www.escapadarural.com\/blog\/wp-json\/wp\/v2\/posts"}],"about":[{"href":"https:\/\/www.escapadarural.com\/blog\/wp-json\/wp\/v2\/types\/post"}],"author":[{"embeddable":true,"href":"https:\/\/www.escapadarural.com\/blog\/wp-json\/wp\/v2\/users\/123"}],"replies":[{"embeddable":true,"href":"https:\/\/www.escapadarural.com\/blog\/wp-json\/wp\/v2\/comments?post=210431"}],"version-history":[{"count":0,"href":"https:\/\/www.escapadarural.com\/blog\/wp-json\/wp\/v2\/posts\/210431\/revisions"}],"wp:featuredmedia":[{"embeddable":true,"href":"https:\/\/www.escapadarural.com\/blog\/wp-json\/wp\/v2\/media\/210434"}],"wp:attachment":[{"href":"https:\/\/www.escapadarural.com\/blog\/wp-json\/wp\/v2\/media?parent=210431"}],"wp:term":[{"taxonomy":"category","embeddable":true,"href":"https:\/\/www.escapadarural.com\/blog\/wp-json\/wp\/v2\/categories?post=210431"},{"taxonomy":"post_tag","embeddable":true,"href":"https:\/\/www.escapadarural.com\/blog\/wp-json\/wp\/v2\/tags?post=210431"}],"curies":[{"name":"wp","href":"https:\/\/api.w.org\/{rel}","templated":true}]}}