{"id":210598,"date":"2025-11-26T08:55:00","date_gmt":"2025-11-26T07:55:00","guid":{"rendered":"https:\/\/www.escapadarural.com\/blog\/?p=210598"},"modified":"2026-03-19T15:46:25","modified_gmt":"2026-03-19T14:46:25","slug":"destinos-de-otono-que-no-son-tan-conocidos","status":"publish","type":"post","link":"https:\/\/www.escapadarural.com\/blog\/destinos-de-otono-que-no-son-tan-conocidos\/","title":{"rendered":"Destinos de oto\u00f1o que no son tan conocidos"},"content":{"rendered":"\n<p>Cuando los hayedos y <a href=\"\/blog\/rutas-otonales-castanares-majestuosos\/\">casta\u00f1ares<\/a> m\u00e1s famosos se llenan, la <strong>verdadera magia del oto\u00f1o<\/strong> se refugia en otros rincones m\u00e1s discretos de la geograf\u00eda espa\u00f1ola. De Zamora a las cumbres almerienses, y de la sierra madrile\u00f1a a los bosques h\u00famedos del interior alicantino, estos destinos ofrecen el color y la tranquilidad que el viajero busca cuando las temperaturas caen.<\/p>\n\n\n\n<div class=\"wp-block-buttons is-layout-flex wp-block-buttons-is-layout-flex\">\n<div class=\"wp-block-button\"><a class=\"wp-block-button__link wp-element-button\" href=\"\/casas-rurales\">Encuentra tu alojamiento<\/a><\/div>\n<\/div>\n\n\n\n<h2 class=\"wp-block-heading\" id=\"h-bosque-de-tejedelo-zamora\"><strong>Bosque de Tejedelo (<a href=\"\/casas-rurales\/zamora\">Zamora<\/a>)<\/strong><\/h2>\n\n\n\n<figure class=\"wp-block-image size-large\"><img loading=\"lazy\" decoding=\"async\" width=\"1024\" height=\"674\" src=\"https:\/\/www.escapadarural.com\/blog\/wp-content\/uploads\/2025\/11\/AdobeStock_481816861-1024x674.jpeg\" alt=\"Bosque de Tejedelo (Zamora)\" class=\"wp-image-210609\" srcset=\"https:\/\/www.escapadarural.com\/blog\/wp-content\/uploads\/2025\/11\/AdobeStock_481816861-200x132.jpeg 200w, https:\/\/www.escapadarural.com\/blog\/wp-content\/uploads\/2025\/11\/AdobeStock_481816861-300x197.jpeg 300w, https:\/\/www.escapadarural.com\/blog\/wp-content\/uploads\/2025\/11\/AdobeStock_481816861-400x263.jpeg 400w, https:\/\/www.escapadarural.com\/blog\/wp-content\/uploads\/2025\/11\/AdobeStock_481816861-600x395.jpeg 600w, https:\/\/www.escapadarural.com\/blog\/wp-content\/uploads\/2025\/11\/AdobeStock_481816861-768x505.jpeg 768w, https:\/\/www.escapadarural.com\/blog\/wp-content\/uploads\/2025\/11\/AdobeStock_481816861-800x526.jpeg 800w, https:\/\/www.escapadarural.com\/blog\/wp-content\/uploads\/2025\/11\/AdobeStock_481816861-1024x674.jpeg 1024w, https:\/\/www.escapadarural.com\/blog\/wp-content\/uploads\/2025\/11\/AdobeStock_481816861-1200x790.jpeg 1200w, https:\/\/www.escapadarural.com\/blog\/wp-content\/uploads\/2025\/11\/AdobeStock_481816861-1536x1011.jpeg 1536w\" sizes=\"auto, (max-width: 1024px) 100vw, 1024px\" \/><figcaption class=\"wp-element-caption\">Bosque de Tejedelo (Zamora). Por NATI<\/figcaption><\/figure>\n\n\n\n<p>Este tesoro natural se encuentra en el municipio de <a href=\"\/casas-rurales\/requejo_zamora\">Requejo<\/a> (Zamora), dentro de la comarca de Sanabria, cerca de la frontera con Portugal. El Tejedelo es uno de los bosques de tejos (<strong>\u00e1rboles sagrados y longevos<\/strong>) m\u00e1s importantes de la pen\u00ednsula ib\u00e9rica.<\/p>\n\n\n\n<p>El paseo por este bosque de <strong>tejos milenarios<\/strong> es una experiencia apta para todos los p\u00fablicos, con rutas circulares de baja dificultad de unos 4 o 5 kil\u00f3metros. Aunque el tejo es un \u00e1rbol de hoja perenne, el ambiente <strong>se vuelve m\u00e1gico en oto\u00f1o<\/strong> gracias a la ca\u00edda de las hojas de los robles y casta\u00f1os, mientras la niebla acent\u00faa la sensaci\u00f3n de misterio que rodea a estos \u00e1rboles ancestrales.<\/p>\n\n\n\n<div class=\"wp-block-buttons is-layout-flex wp-block-buttons-is-layout-flex\">\n<div class=\"wp-block-button\"><a class=\"wp-block-button__link wp-element-button\" href=\"\/casas-rurales\/sanabria\">Alojamientos rurales en Sanabria <\/a><\/div>\n<\/div>\n\n\n\n<h2 class=\"wp-block-heading\" id=\"h-p-arque-natural-sierra-de-castril-granada\">P<strong>arque Natural Sierra de Castril (<a href=\"\/casas-rurales\/granada\">Granada<\/a>)<\/strong><\/h2>\n\n\n\n<figure class=\"wp-block-image size-large\"><img loading=\"lazy\" decoding=\"async\" width=\"1024\" height=\"684\" src=\"https:\/\/www.escapadarural.com\/blog\/wp-content\/uploads\/2025\/11\/AdobeStock_986598001-1024x684.jpeg\" alt=\"Cerrada del r\u00edo Castril, en la sierra de Castril (Granada). Por M. Perfectti\" class=\"wp-image-210606\" srcset=\"https:\/\/www.escapadarural.com\/blog\/wp-content\/uploads\/2025\/11\/AdobeStock_986598001-200x134.jpeg 200w, https:\/\/www.escapadarural.com\/blog\/wp-content\/uploads\/2025\/11\/AdobeStock_986598001-300x200.jpeg 300w, https:\/\/www.escapadarural.com\/blog\/wp-content\/uploads\/2025\/11\/AdobeStock_986598001-400x267.jpeg 400w, https:\/\/www.escapadarural.com\/blog\/wp-content\/uploads\/2025\/11\/AdobeStock_986598001-600x401.jpeg 600w, https:\/\/www.escapadarural.com\/blog\/wp-content\/uploads\/2025\/11\/AdobeStock_986598001-768x513.jpeg 768w, https:\/\/www.escapadarural.com\/blog\/wp-content\/uploads\/2025\/11\/AdobeStock_986598001-800x534.jpeg 800w, https:\/\/www.escapadarural.com\/blog\/wp-content\/uploads\/2025\/11\/AdobeStock_986598001-1024x684.jpeg 1024w, https:\/\/www.escapadarural.com\/blog\/wp-content\/uploads\/2025\/11\/AdobeStock_986598001-1200x801.jpeg 1200w, https:\/\/www.escapadarural.com\/blog\/wp-content\/uploads\/2025\/11\/AdobeStock_986598001-1536x1025.jpeg 1536w\" sizes=\"auto, (max-width: 1024px) 100vw, 1024px\" \/><figcaption class=\"wp-element-caption\">Cerrada del r\u00edo Castril, en la sierra de Castril (Granada). Por M. Perfectti<\/figcaption><\/figure>\n\n\n\n<p>En el sur de Espa\u00f1a encontramos un <a href=\"\/blog\/tag\/parque-natural\/\">parque natural<\/a> perfecto para disfrutar en oto\u00f1o: la <a href=\"\/casas-rurales\/sierra-de-castril\">sierra de Castril<\/a>. Adquiere el nombre del r\u00edo que nace y discurre por sus tierras, h\u00e1bitat de una gran variedad de especies de flora y fauna. Dentro del parque hay numerosos senderos, uno de nuestros favoritos es la ruta de las<strong> pasarelas de la cerrada del r\u00edo Castril.<\/strong><\/p>\n\n\n\n<p>Se trata de un desfiladero tallado durante siglos por las aguas fr\u00edas y limpias del r\u00edo. El paisaje combina paredones verticales de roca caliza, vegetaci\u00f3n de ribera que <strong>estalla en colores en oto\u00f1o<\/strong> y el murmullo constante del agua que fluye entre pozas y cascadas. Todo ello crea un entorno fresco, umbr\u00edo y salvaje pese a estar muy cerca del <a href=\"\/blog\/que-ver-en-castril-granada\/\">pueblo de Castril<\/a>, uno de los m\u00e1s tranquilos de la zona. El recorrido es sencillo, apto para casi todos los p\u00fablicos, y permite avanzar suspendido sobre el r\u00edo gracias a <a href=\"\/blog\/rutas-con-pasarelas-en-espana\/\">pasarelas de madera<\/a>.<\/p>\n\n\n\n<div class=\"wp-block-buttons is-layout-flex wp-block-buttons-is-layout-flex\">\n<div class=\"wp-block-button\"><a class=\"wp-block-button__link wp-element-button\" href=\"\/casas-rurales\/sierra-de-castril\">Alojamientos rurales en la sierra de Castril<\/a><\/div>\n<\/div>\n\n\n\n<h2 class=\"wp-block-heading\" id=\"h-sarvise-huesca\"><strong>Sarvis\u00e9 (<a href=\"\/casas-rurales\/huesca\">Huesca<\/a>)<\/strong><\/h2>\n\n\n\n<figure class=\"wp-block-image size-large\"><img loading=\"lazy\" decoding=\"async\" width=\"1024\" height=\"683\" src=\"https:\/\/www.escapadarural.com\/blog\/wp-content\/uploads\/2025\/11\/AdobeStock_655169860-1024x683.jpeg\" alt=\"Sarvis\u00e9 (Huesca)\" class=\"wp-image-210607\" srcset=\"https:\/\/www.escapadarural.com\/blog\/wp-content\/uploads\/2025\/11\/AdobeStock_655169860-200x133.jpeg 200w, https:\/\/www.escapadarural.com\/blog\/wp-content\/uploads\/2025\/11\/AdobeStock_655169860-300x200.jpeg 300w, https:\/\/www.escapadarural.com\/blog\/wp-content\/uploads\/2025\/11\/AdobeStock_655169860-400x267.jpeg 400w, https:\/\/www.escapadarural.com\/blog\/wp-content\/uploads\/2025\/11\/AdobeStock_655169860-600x400.jpeg 600w, https:\/\/www.escapadarural.com\/blog\/wp-content\/uploads\/2025\/11\/AdobeStock_655169860-768x512.jpeg 768w, https:\/\/www.escapadarural.com\/blog\/wp-content\/uploads\/2025\/11\/AdobeStock_655169860-800x533.jpeg 800w, https:\/\/www.escapadarural.com\/blog\/wp-content\/uploads\/2025\/11\/AdobeStock_655169860-1024x683.jpeg 1024w, https:\/\/www.escapadarural.com\/blog\/wp-content\/uploads\/2025\/11\/AdobeStock_655169860-1200x800.jpeg 1200w, https:\/\/www.escapadarural.com\/blog\/wp-content\/uploads\/2025\/11\/AdobeStock_655169860-1536x1024.jpeg 1536w\" sizes=\"auto, (max-width: 1024px) 100vw, 1024px\" \/><figcaption class=\"wp-element-caption\">Sarvis\u00e9 (Huesca). Por ABUELO RAMIRO<\/figcaption><\/figure>\n\n\n\n<p><a href=\"\/casas-rurales\/sarvise\">Sarvis\u00e9<\/a> es una poblaci\u00f3n situada en el <strong>coraz\u00f3n del Pirineo<\/strong>, dentro del municipio de <a href=\"\/casas-rurales\/broto\">Broto<\/a> (Huesca). Est\u00e1 a m\u00e1s de 800 metros de altura y a orillas del Ara, un r\u00edo virgen. Su atractivo reside en ser una base tranquila para explorar el <strong>entorno monta\u00f1oso<\/strong> circundante, lejos de la intensa afluencia de otros puntos del <a href=\"\/blog\/rutas-por-ordesa-y-monte-perdido\/\">Parque Nacional de Ordesa<\/a>. De hecho, este pueblo de monta\u00f1a, con una arquitectura t\u00edpica de piedra, apenas tiene 100 habitantes.<\/p>\n\n\n\n<p>El valle de Broto, donde se enclava Sarvis\u00e9, est\u00e1 rodeado de <strong>bosques de abetos y hayas<\/strong> que en el oto\u00f1o ofrecen el cromatismo cl\u00e1sico de las cumbres pirenaicas. La zona cuenta con varias rutas, como la que llega hasta la cascada de Sorrosal, que permiten a los visitantes explorar los valles adyacentes, buscando la tranquilidad.<\/p>\n\n\n\n<div class=\"wp-block-buttons is-layout-flex wp-block-buttons-is-layout-flex\">\n<div class=\"wp-block-button\"><a class=\"wp-block-button__link wp-element-button\" href=\"\/casas-rurales\/sarvise\">Alojamientos rurales en Sarvis\u00e9<\/a><\/div>\n<\/div>\n\n\n\n<h2 class=\"wp-block-heading\" id=\"h-bosque-de-la-herreria-madrid\"><strong>Bosque de la Herrer\u00eda (<a href=\"\/casas-rurales\/madrid\">Madrid<\/a>)<\/strong><\/h2>\n\n\n\n<figure class=\"wp-block-image size-large\"><img loading=\"lazy\" decoding=\"async\" width=\"1024\" height=\"681\" src=\"https:\/\/www.escapadarural.com\/blog\/wp-content\/uploads\/2025\/11\/AdobeStock_311430009-1024x681.jpeg\" alt=\"Bosque de La Herrer\u00eda, en El Escorial (Madrid)\" class=\"wp-image-210605\" srcset=\"https:\/\/www.escapadarural.com\/blog\/wp-content\/uploads\/2025\/11\/AdobeStock_311430009-200x133.jpeg 200w, https:\/\/www.escapadarural.com\/blog\/wp-content\/uploads\/2025\/11\/AdobeStock_311430009-300x199.jpeg 300w, https:\/\/www.escapadarural.com\/blog\/wp-content\/uploads\/2025\/11\/AdobeStock_311430009-400x266.jpeg 400w, https:\/\/www.escapadarural.com\/blog\/wp-content\/uploads\/2025\/11\/AdobeStock_311430009-600x399.jpeg 600w, https:\/\/www.escapadarural.com\/blog\/wp-content\/uploads\/2025\/11\/AdobeStock_311430009-768x511.jpeg 768w, https:\/\/www.escapadarural.com\/blog\/wp-content\/uploads\/2025\/11\/AdobeStock_311430009-800x532.jpeg 800w, https:\/\/www.escapadarural.com\/blog\/wp-content\/uploads\/2025\/11\/AdobeStock_311430009-1024x681.jpeg 1024w, https:\/\/www.escapadarural.com\/blog\/wp-content\/uploads\/2025\/11\/AdobeStock_311430009-1200x798.jpeg 1200w, https:\/\/www.escapadarural.com\/blog\/wp-content\/uploads\/2025\/11\/AdobeStock_311430009-1536x1021.jpeg 1536w\" sizes=\"auto, (max-width: 1024px) 100vw, 1024px\" \/><figcaption class=\"wp-element-caption\">Bosque de La Herrer\u00eda, en El Escorial (Madrid). Por claverinza<\/figcaption><\/figure>\n\n\n\n<p>Situado <strong>junto al Real Monasterio de San Lorenzo de El Escorial<\/strong>, la popularidad de este bosque hist\u00f3rico ha quedado eclipsada por el imponente monumento. Sin embargo, su visita merece mucho la pena. Est\u00e1 catalogado como <strong>Paisaje Pintoresco<\/strong>, pues es un bosque mixto que ha sido gestionado hist\u00f3ricamente. Felipe II adquiri\u00f3 y amurall\u00f3 estos terrenos en el siglo XVI para crear un coto real y asegurar recursos agr\u00edcolas al monasterio. Hoy, las fincas de La Herrer\u00eda y otras colindantes siguen bajo Patrimonio Nacional, que gestiona el \u00e1rea para equilibrar su conservaci\u00f3n con el uso p\u00fablico, manteniendo vivo un paisaje natural y cultural \u00fanico.<\/p>\n\n\n\n<p>La Herrer\u00eda es un excelente destino oto\u00f1al por su mezcla de <strong>robles melojos, fresnos y casta\u00f1os<\/strong>, que ofrecen una gama de colores que va del amarillo p\u00e1lido al rojo terroso. Esta diversidad vegetal sostiene una fauna variada: corzos, jabal\u00edes, zorros, gatos monteses, nutrias y una notable comunidad de aves. El acceso es sencillo y existen varias sendas ecol\u00f3gicas bien se\u00f1alizadas. La <strong>ruta por el bosque de La herrer\u00eda<\/strong> m\u00e1s conocida conduce a la <strong>Silla de Felipe II<\/strong>, un mirador natural que ofrece vistas panor\u00e1micas del monasterio y el propio bosque.<\/p>\n\n\n\n<div class=\"wp-block-buttons is-layout-flex wp-block-buttons-is-layout-flex\">\n<div class=\"wp-block-button\"><a class=\"wp-block-button__link wp-element-button\" href=\"\/casas-rurales\/el-escorial\">Alojamientos rurales en El Escorial<\/a><\/div>\n<\/div>\n\n\n\n<h2 class=\"wp-block-heading\" id=\"h-parque-natural-de-la-font-roja-alicante\"><strong>Parque Natural de la Font Roja (<a href=\"\/casas-rurales\/alicante\">Alicante<\/a>)<\/strong><\/h2>\n\n\n\n<figure class=\"wp-block-image size-full\"><img loading=\"lazy\" decoding=\"async\" width=\"1024\" height=\"682\" src=\"https:\/\/www.escapadarural.com\/blog\/wp-content\/uploads\/2025\/03\/AdobeStock_675573141.webp\" alt=\"La Font Roja de Alcoy\" class=\"wp-image-196832\" srcset=\"https:\/\/www.escapadarural.com\/blog\/wp-content\/uploads\/2025\/03\/AdobeStock_675573141-200x133.webp 200w, https:\/\/www.escapadarural.com\/blog\/wp-content\/uploads\/2025\/03\/AdobeStock_675573141-300x200.webp 300w, https:\/\/www.escapadarural.com\/blog\/wp-content\/uploads\/2025\/03\/AdobeStock_675573141-400x266.webp 400w, https:\/\/www.escapadarural.com\/blog\/wp-content\/uploads\/2025\/03\/AdobeStock_675573141-600x400.webp 600w, https:\/\/www.escapadarural.com\/blog\/wp-content\/uploads\/2025\/03\/AdobeStock_675573141-768x512.webp 768w, https:\/\/www.escapadarural.com\/blog\/wp-content\/uploads\/2025\/03\/AdobeStock_675573141-800x533.webp 800w, https:\/\/www.escapadarural.com\/blog\/wp-content\/uploads\/2025\/03\/AdobeStock_675573141.webp 1024w\" sizes=\"auto, (max-width: 1024px) 100vw, 1024px\" \/><figcaption class=\"wp-element-caption\">La Font Roja de Alcoy. Por: Jose Aldeguerv<\/figcaption><\/figure>\n\n\n\n<p>El <a href=\"\/casas-rurales\/carrascal-de-font-roja\">Parque Natural de la Font Roja<\/a>, entre <a href=\"\/casas-rurales\/alcoy\">Alcoy<\/a> e <a href=\"\/casas-rurales\/ibi\">Ibi<\/a>, es uno de esos rincones que sorprenden por lo bien conservados que est\u00e1n. Aqu\u00ed el Mediterr\u00e1neo se muestra en su versi\u00f3n m\u00e1s aut\u00e9ntica: <strong>bosques frondosos de carrascas, peque\u00f1os robles, arces<\/strong>\u2026 y un paisaje que asciende hasta el Menejador, el punto m\u00e1s alto con 1.356 metros. En sus laderas viven jabal\u00edes, gatos salvajes y tejones, entre otras especies que forman parte de este tesoro natural.<\/p>\n\n\n\n<p>Recorrer la Font Roja es facil\u00edsimo y muy agradecido. El parque est\u00e1 lleno de <strong>senderos se\u00f1alizados<\/strong> que te llevan entre antiguas mas\u00edas, neveras de piedra y miradores con vistas de esc\u00e1ndalo. Y si quieres empaparte bien de todo lo que te rodea, tienes a tu disposici\u00f3n un centro de informaci\u00f3n donde aprender m\u00e1s sobre su historia y su biodiversidad.<\/p>\n\n\n\n<div class=\"wp-block-buttons is-layout-flex wp-block-buttons-is-layout-flex\">\n<div class=\"wp-block-button\"><a class=\"wp-block-button__link wp-element-button\" href=\"\/casas-rurales\/carrascal-de-font-roja\">Alojamientos rurales en Carrascal de la Font Roja<\/a><\/div>\n<\/div>\n\n\n\n<h2 class=\"wp-block-heading\" id=\"h-la-vall-fosca-lleida\">La Vall Fosca (<a href=\"\/casas-rurales\/lleida\">Lleida<\/a>)<\/h2>\n\n\n\n<figure class=\"wp-block-image size-large\"><img loading=\"lazy\" decoding=\"async\" width=\"1024\" height=\"683\" src=\"https:\/\/www.escapadarural.com\/blog\/wp-content\/uploads\/2025\/11\/AdobeStock_868302957-1024x683.jpeg\" alt=\"Sant Vicen\u00e7 de Cabdella  en la Vall Fosca, Lleida\" class=\"wp-image-210615\" srcset=\"https:\/\/www.escapadarural.com\/blog\/wp-content\/uploads\/2025\/11\/AdobeStock_868302957-200x133.jpeg 200w, https:\/\/www.escapadarural.com\/blog\/wp-content\/uploads\/2025\/11\/AdobeStock_868302957-300x200.jpeg 300w, https:\/\/www.escapadarural.com\/blog\/wp-content\/uploads\/2025\/11\/AdobeStock_868302957-400x267.jpeg 400w, https:\/\/www.escapadarural.com\/blog\/wp-content\/uploads\/2025\/11\/AdobeStock_868302957-600x400.jpeg 600w, https:\/\/www.escapadarural.com\/blog\/wp-content\/uploads\/2025\/11\/AdobeStock_868302957-768x512.jpeg 768w, https:\/\/www.escapadarural.com\/blog\/wp-content\/uploads\/2025\/11\/AdobeStock_868302957-800x533.jpeg 800w, https:\/\/www.escapadarural.com\/blog\/wp-content\/uploads\/2025\/11\/AdobeStock_868302957-1024x683.jpeg 1024w, https:\/\/www.escapadarural.com\/blog\/wp-content\/uploads\/2025\/11\/AdobeStock_868302957-1200x800.jpeg 1200w, https:\/\/www.escapadarural.com\/blog\/wp-content\/uploads\/2025\/11\/AdobeStock_868302957-1536x1024.jpeg 1536w\" sizes=\"auto, (max-width: 1024px) 100vw, 1024px\" \/><figcaption class=\"wp-element-caption\">Sant Vicen\u00e7 de Cabdella  en la Vall Fosca, Lleida. Por Sergi_Boixader<\/figcaption><\/figure>\n\n\n\n<p>La <a href=\"\/casas-rurales\/la-vall-fosca\">Vall Fosca<\/a>, en el <a href=\"\/casas-rurales\/pallars-jussa\">Pallars Juss\u00e0<\/a>, es un <strong>valle de agua, monta\u00f1a y bosques<\/strong> que en oto\u00f1o se llenan de tonos ocres, dorados y rojizos, creando un paisaje realmente m\u00e1gico. Sus 19 peque\u00f1os n\u00facleos rurales se reparten entre los 800 y 1.420 metros de altitud, ofreciendo un mosaico de pueblos tradicionales que parecen sacados de un cuento.<\/p>\n\n\n\n<p>El <strong>r\u00edo Flamisell<\/strong> recorre el valle y acompa\u00f1a al visitante por un paisaje que cambia a cada paso, hasta llegar a la cabecera de la Vall Fosca. Un telef\u00e9rico permite acceder al <a href=\"\/casas-rurales\/aigueestortes-i-estany-de-sant-maurici\">Parque Nacional de Aig\u00fcestortes i Estany de Sant Maurici<\/a>. All\u00ed, m\u00e1s de <strong>30 lagos de monta\u00f1a<\/strong> esperan para ser descubiertos.<\/p>\n\n\n\n<div class=\"wp-block-buttons is-layout-flex wp-block-buttons-is-layout-flex\">\n<div class=\"wp-block-button\"><a class=\"wp-block-button__link wp-element-button\" href=\"\/casas-rurales\/la-vall-fosca\">Alojamientos rurales en la Vall Fosca<\/a><\/div>\n<\/div>\n\n\n\n<h2 class=\"wp-block-heading\" id=\"h-el-castanar-de-el-tiemblo-avila\"><strong>El casta\u00f1ar de El Tiemblo (<a href=\"\/casas-rurales\/avila\">\u00c1vila<\/a>)<\/strong><\/h2>\n\n\n\n<figure class=\"wp-block-image size-large\"><img loading=\"lazy\" decoding=\"async\" width=\"1024\" height=\"736\" src=\"https:\/\/www.escapadarural.com\/blog\/wp-content\/uploads\/2025\/10\/04_RutasCastanares_ElTiemblo_HelenaGarcia_AdobeStock_546841216_WP12-1024x736.webp\" alt=\"Casta\u00f1ar de El Tiemblo (\u00c1vila) en oto\u00f1o.\" class=\"wp-image-209029\" srcset=\"https:\/\/www.escapadarural.com\/blog\/wp-content\/uploads\/2025\/10\/04_RutasCastanares_ElTiemblo_HelenaGarcia_AdobeStock_546841216_WP12-200x144.webp 200w, https:\/\/www.escapadarural.com\/blog\/wp-content\/uploads\/2025\/10\/04_RutasCastanares_ElTiemblo_HelenaGarcia_AdobeStock_546841216_WP12-300x216.webp 300w, https:\/\/www.escapadarural.com\/blog\/wp-content\/uploads\/2025\/10\/04_RutasCastanares_ElTiemblo_HelenaGarcia_AdobeStock_546841216_WP12-400x288.webp 400w, https:\/\/www.escapadarural.com\/blog\/wp-content\/uploads\/2025\/10\/04_RutasCastanares_ElTiemblo_HelenaGarcia_AdobeStock_546841216_WP12-600x432.webp 600w, https:\/\/www.escapadarural.com\/blog\/wp-content\/uploads\/2025\/10\/04_RutasCastanares_ElTiemblo_HelenaGarcia_AdobeStock_546841216_WP12-768x552.webp 768w, https:\/\/www.escapadarural.com\/blog\/wp-content\/uploads\/2025\/10\/04_RutasCastanares_ElTiemblo_HelenaGarcia_AdobeStock_546841216_WP12-800x575.webp 800w, https:\/\/www.escapadarural.com\/blog\/wp-content\/uploads\/2025\/10\/04_RutasCastanares_ElTiemblo_HelenaGarcia_AdobeStock_546841216_WP12-1024x736.webp 1024w, https:\/\/www.escapadarural.com\/blog\/wp-content\/uploads\/2025\/10\/04_RutasCastanares_ElTiemblo_HelenaGarcia_AdobeStock_546841216_WP12.webp 1200w\" sizes=\"auto, (max-width: 1024px) 100vw, 1024px\" \/><figcaption class=\"wp-element-caption\">Casta\u00f1ar de El Tiemblo (\u00c1vila) en oto\u00f1o. Por Helena Garc\u00eda.<\/figcaption><\/figure>\n\n\n\n<p>Este imponente casta\u00f1ar se encuentra en el municipio de <a href=\"\/casas-rurales\/el-tiemblo\">El Tiemblo<\/a> (\u00c1vila), en la cara sur de la <a href=\"\/casas-rurales\/sierra-de-gredos\">sierra de Gredos<\/a>. Es un <strong>bosque de casta\u00f1os<\/strong> que ha crecido al abrigo del refugio de Majalavilla, siendo un punto de referencia para los amantes del senderismo en el <a href=\"\/casas-rurales\/valle-del-tietar\">valle del Ti\u00e9tar<\/a>.<\/p>\n\n\n\n<p>El oto\u00f1o es, sin duda, su mejor \u00e9poca, cuando las hojas de los casta\u00f1os se vuelven de un <strong>color dorado intenso<\/strong>, creando paisajes que algunos comparan con los grandes bosques de Nueva Inglaterra. Existen varias rutas: circulares de apenas 5 kil\u00f3metros (ideales para familias); m\u00e1s largas que conducen al ejemplar m\u00e1s venerado del bosque, el <strong>casta\u00f1o El Abuelo<\/strong>; y las hay que llegan hasta el pico Casillas y al pozo de nieve.<\/p>\n\n\n\n<div class=\"wp-block-buttons is-layout-flex wp-block-buttons-is-layout-flex\">\n<div class=\"wp-block-button\"><a class=\"wp-block-button__link wp-element-button\" href=\"\/casas-rurales\/el-tiemblo\">Alojamientos rurales en El Tiemblo<\/a><\/div>\n<\/div>\n\n\n\n<p><br><\/p>\n","protected":false},"excerpt":{"rendered":"<p>Estos destinos ofrecen el color y la tranquilidad que el viajero busca en oto\u00f1o cuando las temperaturas caen.<\/p>\n","protected":false},"author":85,"featured_media":210606,"comment_status":"open","ping_status":"open","sticky":false,"template":"","format":"standard","meta":{"_acf_changed":false,"om_disable_all_campaigns":false,"footnotes":""},"categories":[191],"tags":[674,896,1231,511,338,296,407,1500,866,6087,588],"class_list":["post-210598","post","type-post","status-publish","format-standard","has-post-thumbnail","hentry","category-destinos","tag-que-ver-en-alicante","tag-que-ver-en-avila","tag-bosques","tag-familia","tag-que-ver-en-granada","tag-que-ver-en-huesca","tag-que-ver-en-madrid","tag-otono","tag-parques-naturales","tag-senderismo","tag-que-ver-en-zamora"],"acf":[],"featured_image_src":"https:\/\/www.escapadarural.com\/blog\/wp-content\/uploads\/2025\/11\/AdobeStock_986598001-scaled.jpeg","author_info":{"display_name":"Redacci\u00f3n ER","author_link":"https:\/\/www.escapadarural.com\/blog\/autor\/admin\/"},"yoast_head":"<!-- This site is optimized with the Yoast SEO plugin v27.5 - https:\/\/yoast.com\/product\/yoast-seo-wordpress\/ -->\n<title>Destinos de oto\u00f1o que no son tan conocidos - EscapadaRural<\/title>\n<meta name=\"description\" content=\"Estos destinos ofrecen el color y la tranquilidad que el viajero busca en oto\u00f1o cuando las temperaturas caen.\" \/>\n<meta name=\"robots\" content=\"index, follow, max-snippet:-1, max-image-preview:large, max-video-preview:-1\" \/>\n<link rel=\"canonical\" href=\"https:\/\/www.escapadarural.com\/blog\/destinos-de-otono-que-no-son-tan-conocidos\/\" \/>\n<meta property=\"og:locale\" content=\"es_ES\" \/>\n<meta property=\"og:type\" content=\"article\" \/>\n<meta property=\"og:title\" content=\"Destinos de oto\u00f1o que no son tan conocidos - EscapadaRural\" \/>\n<meta property=\"og:description\" content=\"Estos destinos ofrecen el color y la tranquilidad que el viajero busca en oto\u00f1o cuando las temperaturas caen.\" \/>\n<meta property=\"og:url\" content=\"https:\/\/www.escapadarural.com\/blog\/destinos-de-otono-que-no-son-tan-conocidos\/\" \/>\n<meta property=\"og:site_name\" content=\"Magazine de viajes de EscapadaRural\" \/>\n<meta property=\"article:publisher\" content=\"https:\/\/www.facebook.com\/escapadarural\" \/>\n<meta property=\"article:published_time\" content=\"2025-11-26T07:55:00+00:00\" \/>\n<meta property=\"article:modified_time\" content=\"2026-03-19T14:46:25+00:00\" \/>\n<meta property=\"og:image\" content=\"https:\/\/www.escapadarural.com\/blog\/wp-content\/uploads\/2025\/11\/AdobeStock_986598001-scaled.jpeg?v=1773931585\" \/>\n\t<meta property=\"og:image:width\" content=\"2048\" \/>\n\t<meta property=\"og:image:height\" content=\"1367\" \/>\n\t<meta property=\"og:image:type\" content=\"image\/jpeg\" \/>\n<meta name=\"author\" content=\"Redacci\u00f3n ER\" \/>\n<meta name=\"twitter:card\" content=\"summary_large_image\" \/>\n<meta name=\"twitter:label1\" content=\"Escrito por\" \/>\n\t<meta name=\"twitter:data1\" content=\"Redacci\u00f3n ER\" \/>\n\t<meta name=\"twitter:label2\" content=\"Tiempo de lectura\" \/>\n\t<meta name=\"twitter:data2\" content=\"6 minutos\" \/>\n<script type=\"application\/ld+json\" class=\"yoast-schema-graph\">{\"@context\":\"https:\\\/\\\/schema.org\",\"@graph\":[{\"@type\":\"Article\",\"@id\":\"https:\\\/\\\/www.escapadarural.com\\\/blog\\\/destinos-de-otono-que-no-son-tan-conocidos\\\/#article\",\"isPartOf\":{\"@id\":\"https:\\\/\\\/www.escapadarural.com\\\/blog\\\/destinos-de-otono-que-no-son-tan-conocidos\\\/\"},\"author\":{\"name\":\"Redacci\u00f3n ER\",\"@id\":\"https:\\\/\\\/www.escapadarural.com\\\/blog\\\/#\\\/schema\\\/person\\\/bd5b0d7ad308a0bf4efed73e8308b4fa\"},\"headline\":\"Destinos de oto\u00f1o que no son tan conocidos\",\"datePublished\":\"2025-11-26T07:55:00+00:00\",\"dateModified\":\"2026-03-19T14:46:25+00:00\",\"mainEntityOfPage\":{\"@id\":\"https:\\\/\\\/www.escapadarural.com\\\/blog\\\/destinos-de-otono-que-no-son-tan-conocidos\\\/\"},\"wordCount\":1253,\"commentCount\":0,\"publisher\":{\"@id\":\"https:\\\/\\\/www.escapadarural.com\\\/blog\\\/#organization\"},\"image\":{\"@id\":\"https:\\\/\\\/www.escapadarural.com\\\/blog\\\/destinos-de-otono-que-no-son-tan-conocidos\\\/#primaryimage\"},\"thumbnailUrl\":\"https:\\\/\\\/www.escapadarural.com\\\/blog\\\/wp-content\\\/uploads\\\/2025\\\/11\\\/AdobeStock_986598001-scaled.jpeg\",\"keywords\":[\"Alicante\",\"\u00c1vila\",\"Bosques\",\"Familia\",\"Granada\",\"Huesca\",\"Madrid\",\"Oto\u00f1o\",\"Parques Naturales\",\"senderismo\",\"Zamora\"],\"articleSection\":[\"Destinos\"],\"inLanguage\":\"es\",\"potentialAction\":[{\"@type\":\"CommentAction\",\"name\":\"Comment\",\"target\":[\"https:\\\/\\\/www.escapadarural.com\\\/blog\\\/destinos-de-otono-que-no-son-tan-conocidos\\\/#respond\"]}]},{\"@type\":\"WebPage\",\"@id\":\"https:\\\/\\\/www.escapadarural.com\\\/blog\\\/destinos-de-otono-que-no-son-tan-conocidos\\\/\",\"url\":\"https:\\\/\\\/www.escapadarural.com\\\/blog\\\/destinos-de-otono-que-no-son-tan-conocidos\\\/\",\"name\":\"Destinos de oto\u00f1o que no son tan conocidos - EscapadaRural\",\"isPartOf\":{\"@id\":\"https:\\\/\\\/www.escapadarural.com\\\/blog\\\/#website\"},\"primaryImageOfPage\":{\"@id\":\"https:\\\/\\\/www.escapadarural.com\\\/blog\\\/destinos-de-otono-que-no-son-tan-conocidos\\\/#primaryimage\"},\"image\":{\"@id\":\"https:\\\/\\\/www.escapadarural.com\\\/blog\\\/destinos-de-otono-que-no-son-tan-conocidos\\\/#primaryimage\"},\"thumbnailUrl\":\"https:\\\/\\\/www.escapadarural.com\\\/blog\\\/wp-content\\\/uploads\\\/2025\\\/11\\\/AdobeStock_986598001-scaled.jpeg\",\"datePublished\":\"2025-11-26T07:55:00+00:00\",\"dateModified\":\"2026-03-19T14:46:25+00:00\",\"description\":\"Estos destinos ofrecen el color y la tranquilidad que el viajero busca en oto\u00f1o cuando las temperaturas caen.\",\"breadcrumb\":{\"@id\":\"https:\\\/\\\/www.escapadarural.com\\\/blog\\\/destinos-de-otono-que-no-son-tan-conocidos\\\/#breadcrumb\"},\"inLanguage\":\"es\",\"potentialAction\":[{\"@type\":\"ReadAction\",\"target\":[\"https:\\\/\\\/www.escapadarural.com\\\/blog\\\/destinos-de-otono-que-no-son-tan-conocidos\\\/\"]}]},{\"@type\":\"ImageObject\",\"inLanguage\":\"es\",\"@id\":\"https:\\\/\\\/www.escapadarural.com\\\/blog\\\/destinos-de-otono-que-no-son-tan-conocidos\\\/#primaryimage\",\"url\":\"https:\\\/\\\/www.escapadarural.com\\\/blog\\\/wp-content\\\/uploads\\\/2025\\\/11\\\/AdobeStock_986598001-scaled.jpeg\",\"contentUrl\":\"https:\\\/\\\/www.escapadarural.com\\\/blog\\\/wp-content\\\/uploads\\\/2025\\\/11\\\/AdobeStock_986598001-scaled.jpeg\",\"width\":2048,\"height\":1367,\"caption\":\"Cerrada del r\u00edo Castril, en la sierra de Castril (Granada). Por M. Perfectti\"},{\"@type\":\"BreadcrumbList\",\"@id\":\"https:\\\/\\\/www.escapadarural.com\\\/blog\\\/destinos-de-otono-que-no-son-tan-conocidos\\\/#breadcrumb\",\"itemListElement\":[{\"@type\":\"ListItem\",\"position\":1,\"name\":\"Inicio\",\"item\":\"https:\\\/\\\/www.escapadarural.com\\\/blog\\\/\"},{\"@type\":\"ListItem\",\"position\":2,\"name\":\"Destinos\",\"item\":\"https:\\\/\\\/www.escapadarural.com\\\/blog\\\/categoria\\\/destinos\\\/\"},{\"@type\":\"ListItem\",\"position\":3,\"name\":\"Destinos de oto\u00f1o que no son tan conocidos\"}]},{\"@type\":\"WebSite\",\"@id\":\"https:\\\/\\\/www.escapadarural.com\\\/blog\\\/#website\",\"url\":\"https:\\\/\\\/www.escapadarural.com\\\/blog\\\/\",\"name\":\"Blog de viajes | turismo rural, alojamientos e inspiraci\u00f3n\",\"description\":\"Alojamientos rurales e inspiraci\u00f3n para tus escapadas\",\"publisher\":{\"@id\":\"https:\\\/\\\/www.escapadarural.com\\\/blog\\\/#organization\"},\"alternateName\":\"Magazine de viajes de EscapadaRural\",\"potentialAction\":[{\"@type\":\"SearchAction\",\"target\":{\"@type\":\"EntryPoint\",\"urlTemplate\":\"https:\\\/\\\/www.escapadarural.com\\\/blog\\\/?s={search_term_string}\"},\"query-input\":{\"@type\":\"PropertyValueSpecification\",\"valueRequired\":true,\"valueName\":\"search_term_string\"}}],\"inLanguage\":\"es\"},{\"@type\":\"Organization\",\"@id\":\"https:\\\/\\\/www.escapadarural.com\\\/blog\\\/#organization\",\"name\":\"EscapadaRural\",\"url\":\"https:\\\/\\\/www.escapadarural.com\\\/blog\\\/\",\"logo\":{\"@type\":\"ImageObject\",\"inLanguage\":\"es\",\"@id\":\"https:\\\/\\\/www.escapadarural.com\\\/blog\\\/#\\\/schema\\\/logo\\\/image\\\/\",\"url\":\"https:\\\/\\\/www.escapadarural.com\\\/blog\\\/wp-content\\\/uploads\\\/2024\\\/10\\\/cropped-cropped-escapada-rural-icon-mag-3.png\",\"contentUrl\":\"https:\\\/\\\/www.escapadarural.com\\\/blog\\\/wp-content\\\/uploads\\\/2024\\\/10\\\/cropped-cropped-escapada-rural-icon-mag-3.png\",\"width\":512,\"height\":512,\"caption\":\"EscapadaRural\"},\"image\":{\"@id\":\"https:\\\/\\\/www.escapadarural.com\\\/blog\\\/#\\\/schema\\\/logo\\\/image\\\/\"},\"sameAs\":[\"https:\\\/\\\/www.facebook.com\\\/escapadarural\",\"https:\\\/\\\/www.instagram.com\\\/escapadarural\\\/\",\"https:\\\/\\\/www.youtube.com\\\/@escapadaruralcom\"]},{\"@type\":\"Person\",\"@id\":\"https:\\\/\\\/www.escapadarural.com\\\/blog\\\/#\\\/schema\\\/person\\\/bd5b0d7ad308a0bf4efed73e8308b4fa\",\"name\":\"Redacci\u00f3n ER\",\"image\":{\"@type\":\"ImageObject\",\"inLanguage\":\"es\",\"@id\":\"https:\\\/\\\/www.escapadarural.com\\\/blog\\\/wp-content\\\/uploads\\\/2024\\\/10\\\/cropped-cropped-escapada-rural-icon-mag-3-96x96.png\",\"url\":\"https:\\\/\\\/www.escapadarural.com\\\/blog\\\/wp-content\\\/uploads\\\/2024\\\/10\\\/cropped-cropped-escapada-rural-icon-mag-3-96x96.png\",\"contentUrl\":\"https:\\\/\\\/www.escapadarural.com\\\/blog\\\/wp-content\\\/uploads\\\/2024\\\/10\\\/cropped-cropped-escapada-rural-icon-mag-3-96x96.png\",\"caption\":\"Redacci\u00f3n ER\"},\"description\":\"Nos encanta inspirar a viajeros y ayudar a los propietarios con nuestros contenidos\",\"url\":\"https:\\\/\\\/www.escapadarural.com\\\/blog\\\/autor\\\/admin\\\/\"}]}<\/script>\n<!-- \/ Yoast SEO plugin. -->","yoast_head_json":{"title":"Destinos de oto\u00f1o que no son tan conocidos - EscapadaRural","description":"Estos destinos ofrecen el color y la tranquilidad que el viajero busca en oto\u00f1o cuando las temperaturas caen.","robots":{"index":"index","follow":"follow","max-snippet":"max-snippet:-1","max-image-preview":"max-image-preview:large","max-video-preview":"max-video-preview:-1"},"canonical":"https:\/\/www.escapadarural.com\/blog\/destinos-de-otono-que-no-son-tan-conocidos\/","og_locale":"es_ES","og_type":"article","og_title":"Destinos de oto\u00f1o que no son tan conocidos - EscapadaRural","og_description":"Estos destinos ofrecen el color y la tranquilidad que el viajero busca en oto\u00f1o cuando las temperaturas caen.","og_url":"https:\/\/www.escapadarural.com\/blog\/destinos-de-otono-que-no-son-tan-conocidos\/","og_site_name":"Magazine de viajes de EscapadaRural","article_publisher":"https:\/\/www.facebook.com\/escapadarural","article_published_time":"2025-11-26T07:55:00+00:00","article_modified_time":"2026-03-19T14:46:25+00:00","og_image":[{"width":2048,"height":1367,"url":"https:\/\/www.escapadarural.com\/blog\/wp-content\/uploads\/2025\/11\/AdobeStock_986598001-scaled.jpeg?v=1773931585","type":"image\/jpeg"}],"author":"Redacci\u00f3n ER","twitter_card":"summary_large_image","twitter_misc":{"Escrito por":"Redacci\u00f3n ER","Tiempo de lectura":"6 minutos"},"schema":{"@context":"https:\/\/schema.org","@graph":[{"@type":"Article","@id":"https:\/\/www.escapadarural.com\/blog\/destinos-de-otono-que-no-son-tan-conocidos\/#article","isPartOf":{"@id":"https:\/\/www.escapadarural.com\/blog\/destinos-de-otono-que-no-son-tan-conocidos\/"},"author":{"name":"Redacci\u00f3n ER","@id":"https:\/\/www.escapadarural.com\/blog\/#\/schema\/person\/bd5b0d7ad308a0bf4efed73e8308b4fa"},"headline":"Destinos de oto\u00f1o que no son tan conocidos","datePublished":"2025-11-26T07:55:00+00:00","dateModified":"2026-03-19T14:46:25+00:00","mainEntityOfPage":{"@id":"https:\/\/www.escapadarural.com\/blog\/destinos-de-otono-que-no-son-tan-conocidos\/"},"wordCount":1253,"commentCount":0,"publisher":{"@id":"https:\/\/www.escapadarural.com\/blog\/#organization"},"image":{"@id":"https:\/\/www.escapadarural.com\/blog\/destinos-de-otono-que-no-son-tan-conocidos\/#primaryimage"},"thumbnailUrl":"https:\/\/www.escapadarural.com\/blog\/wp-content\/uploads\/2025\/11\/AdobeStock_986598001-scaled.jpeg","keywords":["Alicante","\u00c1vila","Bosques","Familia","Granada","Huesca","Madrid","Oto\u00f1o","Parques Naturales","senderismo","Zamora"],"articleSection":["Destinos"],"inLanguage":"es","potentialAction":[{"@type":"CommentAction","name":"Comment","target":["https:\/\/www.escapadarural.com\/blog\/destinos-de-otono-que-no-son-tan-conocidos\/#respond"]}]},{"@type":"WebPage","@id":"https:\/\/www.escapadarural.com\/blog\/destinos-de-otono-que-no-son-tan-conocidos\/","url":"https:\/\/www.escapadarural.com\/blog\/destinos-de-otono-que-no-son-tan-conocidos\/","name":"Destinos de oto\u00f1o que no son tan conocidos - EscapadaRural","isPartOf":{"@id":"https:\/\/www.escapadarural.com\/blog\/#website"},"primaryImageOfPage":{"@id":"https:\/\/www.escapadarural.com\/blog\/destinos-de-otono-que-no-son-tan-conocidos\/#primaryimage"},"image":{"@id":"https:\/\/www.escapadarural.com\/blog\/destinos-de-otono-que-no-son-tan-conocidos\/#primaryimage"},"thumbnailUrl":"https:\/\/www.escapadarural.com\/blog\/wp-content\/uploads\/2025\/11\/AdobeStock_986598001-scaled.jpeg","datePublished":"2025-11-26T07:55:00+00:00","dateModified":"2026-03-19T14:46:25+00:00","description":"Estos destinos ofrecen el color y la tranquilidad que el viajero busca en oto\u00f1o cuando las temperaturas caen.","breadcrumb":{"@id":"https:\/\/www.escapadarural.com\/blog\/destinos-de-otono-que-no-son-tan-conocidos\/#breadcrumb"},"inLanguage":"es","potentialAction":[{"@type":"ReadAction","target":["https:\/\/www.escapadarural.com\/blog\/destinos-de-otono-que-no-son-tan-conocidos\/"]}]},{"@type":"ImageObject","inLanguage":"es","@id":"https:\/\/www.escapadarural.com\/blog\/destinos-de-otono-que-no-son-tan-conocidos\/#primaryimage","url":"https:\/\/www.escapadarural.com\/blog\/wp-content\/uploads\/2025\/11\/AdobeStock_986598001-scaled.jpeg","contentUrl":"https:\/\/www.escapadarural.com\/blog\/wp-content\/uploads\/2025\/11\/AdobeStock_986598001-scaled.jpeg","width":2048,"height":1367,"caption":"Cerrada del r\u00edo Castril, en la sierra de Castril (Granada). Por M. Perfectti"},{"@type":"BreadcrumbList","@id":"https:\/\/www.escapadarural.com\/blog\/destinos-de-otono-que-no-son-tan-conocidos\/#breadcrumb","itemListElement":[{"@type":"ListItem","position":1,"name":"Inicio","item":"https:\/\/www.escapadarural.com\/blog\/"},{"@type":"ListItem","position":2,"name":"Destinos","item":"https:\/\/www.escapadarural.com\/blog\/categoria\/destinos\/"},{"@type":"ListItem","position":3,"name":"Destinos de oto\u00f1o que no son tan conocidos"}]},{"@type":"WebSite","@id":"https:\/\/www.escapadarural.com\/blog\/#website","url":"https:\/\/www.escapadarural.com\/blog\/","name":"Blog de viajes | turismo rural, alojamientos e inspiraci\u00f3n","description":"Alojamientos rurales e inspiraci\u00f3n para tus escapadas","publisher":{"@id":"https:\/\/www.escapadarural.com\/blog\/#organization"},"alternateName":"Magazine de viajes de EscapadaRural","potentialAction":[{"@type":"SearchAction","target":{"@type":"EntryPoint","urlTemplate":"https:\/\/www.escapadarural.com\/blog\/?s={search_term_string}"},"query-input":{"@type":"PropertyValueSpecification","valueRequired":true,"valueName":"search_term_string"}}],"inLanguage":"es"},{"@type":"Organization","@id":"https:\/\/www.escapadarural.com\/blog\/#organization","name":"EscapadaRural","url":"https:\/\/www.escapadarural.com\/blog\/","logo":{"@type":"ImageObject","inLanguage":"es","@id":"https:\/\/www.escapadarural.com\/blog\/#\/schema\/logo\/image\/","url":"https:\/\/www.escapadarural.com\/blog\/wp-content\/uploads\/2024\/10\/cropped-cropped-escapada-rural-icon-mag-3.png","contentUrl":"https:\/\/www.escapadarural.com\/blog\/wp-content\/uploads\/2024\/10\/cropped-cropped-escapada-rural-icon-mag-3.png","width":512,"height":512,"caption":"EscapadaRural"},"image":{"@id":"https:\/\/www.escapadarural.com\/blog\/#\/schema\/logo\/image\/"},"sameAs":["https:\/\/www.facebook.com\/escapadarural","https:\/\/www.instagram.com\/escapadarural\/","https:\/\/www.youtube.com\/@escapadaruralcom"]},{"@type":"Person","@id":"https:\/\/www.escapadarural.com\/blog\/#\/schema\/person\/bd5b0d7ad308a0bf4efed73e8308b4fa","name":"Redacci\u00f3n ER","image":{"@type":"ImageObject","inLanguage":"es","@id":"https:\/\/www.escapadarural.com\/blog\/wp-content\/uploads\/2024\/10\/cropped-cropped-escapada-rural-icon-mag-3-96x96.png","url":"https:\/\/www.escapadarural.com\/blog\/wp-content\/uploads\/2024\/10\/cropped-cropped-escapada-rural-icon-mag-3-96x96.png","contentUrl":"https:\/\/www.escapadarural.com\/blog\/wp-content\/uploads\/2024\/10\/cropped-cropped-escapada-rural-icon-mag-3-96x96.png","caption":"Redacci\u00f3n ER"},"description":"Nos encanta inspirar a viajeros y ayudar a los propietarios con nuestros contenidos","url":"https:\/\/www.escapadarural.com\/blog\/autor\/admin\/"}]}},"_links":{"self":[{"href":"https:\/\/www.escapadarural.com\/blog\/wp-json\/wp\/v2\/posts\/210598","targetHints":{"allow":["GET"]}}],"collection":[{"href":"https:\/\/www.escapadarural.com\/blog\/wp-json\/wp\/v2\/posts"}],"about":[{"href":"https:\/\/www.escapadarural.com\/blog\/wp-json\/wp\/v2\/types\/post"}],"author":[{"embeddable":true,"href":"https:\/\/www.escapadarural.com\/blog\/wp-json\/wp\/v2\/users\/85"}],"replies":[{"embeddable":true,"href":"https:\/\/www.escapadarural.com\/blog\/wp-json\/wp\/v2\/comments?post=210598"}],"version-history":[{"count":0,"href":"https:\/\/www.escapadarural.com\/blog\/wp-json\/wp\/v2\/posts\/210598\/revisions"}],"wp:featuredmedia":[{"embeddable":true,"href":"https:\/\/www.escapadarural.com\/blog\/wp-json\/wp\/v2\/media\/210606"}],"wp:attachment":[{"href":"https:\/\/www.escapadarural.com\/blog\/wp-json\/wp\/v2\/media?parent=210598"}],"wp:term":[{"taxonomy":"category","embeddable":true,"href":"https:\/\/www.escapadarural.com\/blog\/wp-json\/wp\/v2\/categories?post=210598"},{"taxonomy":"post_tag","embeddable":true,"href":"https:\/\/www.escapadarural.com\/blog\/wp-json\/wp\/v2\/tags?post=210598"}],"curies":[{"name":"wp","href":"https:\/\/api.w.org\/{rel}","templated":true}]}}