{"id":210610,"date":"2025-12-01T10:22:24","date_gmt":"2025-12-01T09:22:24","guid":{"rendered":"https:\/\/www.escapadarural.com\/blog\/?p=210610"},"modified":"2025-12-01T13:21:48","modified_gmt":"2025-12-01T12:21:48","slug":"planes-de-diciembre-en-cada-comunidad-autonoma","status":"publish","type":"post","link":"https:\/\/www.escapadarural.com\/blog\/planes-de-diciembre-en-cada-comunidad-autonoma\/","title":{"rendered":"Planes de diciembre en cada comunidad aut\u00f3noma"},"content":{"rendered":"\n<p>Diciembre es el mes de las grandes celebraciones. Las m\u00e1s evidentes son las navidades, que tienen muchos planes relacionados. <a href=\"\/blog\/tag\/mercadillos-de-navidad\/\">Mercadillos<\/a>, belenes vivientes y recorridos por los pueblos mejor iluminados del a\u00f1o. Estos son los <strong>planes de diciembre que no te puedes perder<\/strong> en cada comunidad aut\u00f3noma.<\/p>\n\n\n\n<div class=\"wp-block-buttons is-layout-flex wp-block-buttons-is-layout-flex\">\n<div class=\"wp-block-button\"><a class=\"wp-block-button__link wp-element-button\" href=\"\/casas-rurales\">Encuentra tu alojamiento<\/a><\/div>\n<\/div>\n\n\n\n<h2 class=\"wp-block-heading\" id=\"h-andalucia\"><strong><a href=\"\/casas-rurales\/andalucia\" target=\"_blank\" rel=\"noreferrer noopener\">Andaluc\u00eda<\/a><\/strong><\/h2>\n\n\n\n<figure class=\"wp-block-image size-full\"><img loading=\"lazy\" decoding=\"async\" width=\"1024\" height=\"683\" src=\"https:\/\/www.escapadarural.com\/blog\/wp-content\/uploads\/2024\/11\/AdobeStock_569977622.webp\" alt=\"Vista a\u00e9rea de Antequera y dos torres de iglesias en el centro de la poblaci\u00f3n. Por Tunatura\" class=\"wp-image-197087\" srcset=\"https:\/\/www.escapadarural.com\/blog\/wp-content\/uploads\/2024\/11\/AdobeStock_569977622-200x133.webp 200w, https:\/\/www.escapadarural.com\/blog\/wp-content\/uploads\/2024\/11\/AdobeStock_569977622-300x200.webp 300w, https:\/\/www.escapadarural.com\/blog\/wp-content\/uploads\/2024\/11\/AdobeStock_569977622-400x267.webp 400w, https:\/\/www.escapadarural.com\/blog\/wp-content\/uploads\/2024\/11\/AdobeStock_569977622-600x400.webp 600w, https:\/\/www.escapadarural.com\/blog\/wp-content\/uploads\/2024\/11\/AdobeStock_569977622-768x512.webp 768w, https:\/\/www.escapadarural.com\/blog\/wp-content\/uploads\/2024\/11\/AdobeStock_569977622-800x534.webp 800w, https:\/\/www.escapadarural.com\/blog\/wp-content\/uploads\/2024\/11\/AdobeStock_569977622.webp 1024w\" sizes=\"auto, (max-width: 1024px) 100vw, 1024px\" \/><figcaption class=\"wp-element-caption\">Vista a\u00e9rea de Antequera y dos torres de iglesias en el centro de la poblaci\u00f3n (Andaluc\u00eda). Por Tunatura<\/figcaption><\/figure>\n\n\n\n<p>El d\u00eda 13 es el bel\u00e9n viviente de <a href=\"\/casas-rurales\/arcos-de-la-frontera\">Arcos de la Frontera<\/a> (<a href=\"\/casas-rurales\/cadiz\">C\u00e1diz<\/a>). En <a href=\"\/casas-rurales\/sanlucar-la-mayor\">Sanl\u00facar la Mayor<\/a> (<a href=\"http:\/\/casas-rurales\/sevilla\" target=\"_blank\">Sevilla<\/a>) representan escenas del nacimiento y en <a href=\"\/casas-rurales\/rute\">Rute<\/a> (<a href=\"\/casas-rurales\/cordoba\" target=\"_blank\" rel=\"noreferrer noopener\">C\u00f3rdoba<\/a>) hacen un bel\u00e9n de chocolate. La <strong>compra de productos t\u00edpicos<\/strong> es un motivo para moverse: los polvorones de <a href=\"\/casas-rurales\/antequera\">Antequera<\/a> (<a href=\"\/casas-rurales\/malaga\">M\u00e1laga<\/a>); los mantecados de Fond\u00f3n, en <a href=\"\/casas-rurales\/la-alpujarra\">la Alpujarra<\/a> (<a href=\"\/casas-rurales\/almeria\">Almer\u00eda<\/a>) o los danielitos de <a href=\"\/casas-rurales\/conchar\">C\u00f3nchar<\/a> (<a href=\"\/casas-rurales\/granada\">Granada<\/a>). Las guirnaldas de ganchillo son una buena excusa para visitar <a href=\"\/casas-rurales\/castano-del-robledo\">Casta\u00f1o de Robledo<\/a> (<a href=\"\/casas-rurales\/huelva\">Huelva<\/a>) y en <a href=\"\/casas-rurales\/cazorla\">Cazorla<\/a> (<a href=\"\/casas-rurales\/jaen\">Ja\u00e9n<\/a>), el paisaje nevado es un aliciente.\u00a0\u00a0<\/p>\n\n\n\n<div class=\"wp-block-buttons is-layout-flex wp-block-buttons-is-layout-flex\">\n<div class=\"wp-block-button\"><a class=\"wp-block-button__link wp-element-button\" href=\"\/casas-rurales\/andalucia\">Alojamientos rurales en Andaluc\u00eda<\/a><\/div>\n<\/div>\n\n\n\n<h2 class=\"wp-block-heading\" id=\"h-aragon\"><strong><a href=\"\/casas-rurales\/aragon\">Arag\u00f3n<\/a><\/strong><\/h2>\n\n\n\n<figure class=\"wp-block-image size-large\"><img loading=\"lazy\" decoding=\"async\" width=\"1024\" height=\"683\" src=\"https:\/\/www.escapadarural.com\/blog\/wp-content\/uploads\/2025\/11\/AdobeStock_689743756_belen_borja-1024x683.jpeg\" alt=\"Escena del bel\u00e9n en Borja, Zaragoza. Por Alvaro.\" class=\"wp-image-210617\" srcset=\"https:\/\/www.escapadarural.com\/blog\/wp-content\/uploads\/2025\/11\/AdobeStock_689743756_belen_borja-200x133.jpeg 200w, https:\/\/www.escapadarural.com\/blog\/wp-content\/uploads\/2025\/11\/AdobeStock_689743756_belen_borja-300x200.jpeg 300w, https:\/\/www.escapadarural.com\/blog\/wp-content\/uploads\/2025\/11\/AdobeStock_689743756_belen_borja-400x267.jpeg 400w, https:\/\/www.escapadarural.com\/blog\/wp-content\/uploads\/2025\/11\/AdobeStock_689743756_belen_borja-600x400.jpeg 600w, https:\/\/www.escapadarural.com\/blog\/wp-content\/uploads\/2025\/11\/AdobeStock_689743756_belen_borja-768x512.jpeg 768w, https:\/\/www.escapadarural.com\/blog\/wp-content\/uploads\/2025\/11\/AdobeStock_689743756_belen_borja-800x533.jpeg 800w, https:\/\/www.escapadarural.com\/blog\/wp-content\/uploads\/2025\/11\/AdobeStock_689743756_belen_borja-1024x683.jpeg 1024w, https:\/\/www.escapadarural.com\/blog\/wp-content\/uploads\/2025\/11\/AdobeStock_689743756_belen_borja-1200x800.jpeg 1200w, https:\/\/www.escapadarural.com\/blog\/wp-content\/uploads\/2025\/11\/AdobeStock_689743756_belen_borja-1536x1024.jpeg 1536w\" sizes=\"auto, (max-width: 1024px) 100vw, 1024px\" \/><figcaption class=\"wp-element-caption\">Escena del bel\u00e9n en Borja, Zaragoza. Por Alvaro.<\/figcaption><\/figure>\n\n\n\n<p>Uno de los reclamos de <a href=\"\/casas-rurales\/zaragoza\">Zaragoza<\/a> es el Ecce Homo de Borja. Es ideal visitarlo en diciembre porque la localidad forma parte de la <strong>Ruta del Bel\u00e9n<\/strong>, igual que el pueblo de <a href=\"\/casas-rurales\/graus\">Graus<\/a> (<a href=\"\/casas-rurales\/huesca\">Huesca<\/a>). Para quienes no tengan demasiado inter\u00e9s en la Navidad, hay otros eventos como el Autoclassic de <a href=\"\/Casas-rurales\/alcaniz\">Alca\u00f1iz<\/a> (<a href=\"http:\/\/casas-rurales\/teruel\" target=\"_blank\">Teruel)<\/a>.<\/p>\n\n\n\n<div class=\"wp-block-buttons is-layout-flex wp-block-buttons-is-layout-flex\">\n<div class=\"wp-block-button\"><a class=\"wp-block-button__link wp-element-button\" href=\"\/casas-rurales\/aragon\">Alojamientos rurales en Arag\u00f3n<\/a><\/div>\n<\/div>\n\n\n\n<h2 class=\"wp-block-heading\" id=\"h-asturias\"><strong><a href=\"\/casas-rurales\/asturias\">Asturias<\/a><\/strong><\/h2>\n\n\n\n<figure class=\"wp-block-image size-large\"><img loading=\"lazy\" decoding=\"async\" width=\"1024\" height=\"683\" src=\"https:\/\/www.escapadarural.com\/blog\/wp-content\/uploads\/2025\/11\/AdobeStock_559574386_casadiellas-1024x683.jpeg\" alt=\"Casadiellas de Navidad, en Asturias. Por Majopez.\" class=\"wp-image-210618\" srcset=\"https:\/\/www.escapadarural.com\/blog\/wp-content\/uploads\/2025\/11\/AdobeStock_559574386_casadiellas-200x133.jpeg 200w, https:\/\/www.escapadarural.com\/blog\/wp-content\/uploads\/2025\/11\/AdobeStock_559574386_casadiellas-300x200.jpeg 300w, https:\/\/www.escapadarural.com\/blog\/wp-content\/uploads\/2025\/11\/AdobeStock_559574386_casadiellas-400x267.jpeg 400w, https:\/\/www.escapadarural.com\/blog\/wp-content\/uploads\/2025\/11\/AdobeStock_559574386_casadiellas-600x400.jpeg 600w, https:\/\/www.escapadarural.com\/blog\/wp-content\/uploads\/2025\/11\/AdobeStock_559574386_casadiellas-768x513.jpeg 768w, https:\/\/www.escapadarural.com\/blog\/wp-content\/uploads\/2025\/11\/AdobeStock_559574386_casadiellas-800x534.jpeg 800w, https:\/\/www.escapadarural.com\/blog\/wp-content\/uploads\/2025\/11\/AdobeStock_559574386_casadiellas-1024x683.jpeg 1024w, https:\/\/www.escapadarural.com\/blog\/wp-content\/uploads\/2025\/11\/AdobeStock_559574386_casadiellas-1200x801.jpeg 1200w, https:\/\/www.escapadarural.com\/blog\/wp-content\/uploads\/2025\/11\/AdobeStock_559574386_casadiellas-1536x1025.jpeg 1536w\" sizes=\"auto, (max-width: 1024px) 100vw, 1024px\" \/><figcaption class=\"wp-element-caption\">Casadiellas de Navidad, en Asturias. Por Majopez.<\/figcaption><\/figure>\n\n\n\n<p>Asturias se llena de mercados tradicionales en los que adquirir productos t\u00edpicos de las fechas como casadiellas o incluso vino. Los m\u00e1s reconocidos son los de <a href=\"\/casas-rurales\/grado\">Grado<\/a> o <a href=\"\/casas-rurales\/cangas-de-onis\">Cangas de On\u00eds<\/a>. <strong>El pueblo m\u00e1s navide\u00f1o es Aciera<\/strong>, en el concejo de <a href=\"\/casas-rurales\/quiros\">Quir\u00f3s<\/a>, donde engalanan las casas y h\u00f3rreos.<\/p>\n\n\n\n<div class=\"wp-block-buttons is-layout-flex wp-block-buttons-is-layout-flex\">\n<div class=\"wp-block-button\"><a class=\"wp-block-button__link wp-element-button\" href=\"\/casas-rurales\/asturias\">Alojamientos rurales en Asturias<\/a><\/div>\n<\/div>\n\n\n\n<h2 class=\"wp-block-heading\" id=\"h-islas-baleares\"><a href=\"\/casas-rurales\/islas-baleares\"><strong>Islas Baleares<\/strong><\/a><\/h2>\n\n\n\n<figure class=\"wp-block-image size-large\"><img loading=\"lazy\" decoding=\"async\" width=\"1024\" height=\"683\" src=\"https:\/\/www.escapadarural.com\/blog\/wp-content\/uploads\/2025\/11\/AdobeStock_203220374_tramontana_nieve-1024x683.jpeg\" alt=\"Sierra de la Tramontana nevada en Mallorca. Por DDRENDER.\" class=\"wp-image-210619\" srcset=\"https:\/\/www.escapadarural.com\/blog\/wp-content\/uploads\/2025\/11\/AdobeStock_203220374_tramontana_nieve-200x133.jpeg 200w, https:\/\/www.escapadarural.com\/blog\/wp-content\/uploads\/2025\/11\/AdobeStock_203220374_tramontana_nieve-300x200.jpeg 300w, https:\/\/www.escapadarural.com\/blog\/wp-content\/uploads\/2025\/11\/AdobeStock_203220374_tramontana_nieve-400x267.jpeg 400w, https:\/\/www.escapadarural.com\/blog\/wp-content\/uploads\/2025\/11\/AdobeStock_203220374_tramontana_nieve-600x400.jpeg 600w, https:\/\/www.escapadarural.com\/blog\/wp-content\/uploads\/2025\/11\/AdobeStock_203220374_tramontana_nieve-768x512.jpeg 768w, https:\/\/www.escapadarural.com\/blog\/wp-content\/uploads\/2025\/11\/AdobeStock_203220374_tramontana_nieve-800x533.jpeg 800w, https:\/\/www.escapadarural.com\/blog\/wp-content\/uploads\/2025\/11\/AdobeStock_203220374_tramontana_nieve-1024x683.jpeg 1024w, https:\/\/www.escapadarural.com\/blog\/wp-content\/uploads\/2025\/11\/AdobeStock_203220374_tramontana_nieve-1200x800.jpeg 1200w, https:\/\/www.escapadarural.com\/blog\/wp-content\/uploads\/2025\/11\/AdobeStock_203220374_tramontana_nieve-1536x1024.jpeg 1536w\" sizes=\"auto, (max-width: 1024px) 100vw, 1024px\" \/><figcaption class=\"wp-element-caption\">Sierra de la Tramontana nevada en Mallorca. Por DDRENDER.<\/figcaption><\/figure>\n\n\n\n<p>En <a href=\"\/casas-rurales\/mallorca\">Mallorca<\/a> uno de los eventos se\u00f1alados es el <strong>canto de la Sibila<\/strong> el 24 de diciembre. Tambi\u00e9n es recomendable, si la meteorolog\u00eda lo permite, ver la sierra de la Tramontana nevada. En <a href=\"\/casas-rurales\/menorca\">Menorca<\/a> se puede probar un dulce llamado <em>cuscuss\u00f3<\/em>, de origen \u00e1rabe; en <a href=\"\/casas-rurales\/eivissa_zona-turistica\">Ibiza<\/a> la salsa de Nadal, que lleva almendras y azafr\u00e1n; y en <a href=\"\/casas-rurales\/formentera\">Formentera<\/a> la salsa Mossona.\u00a0<\/p>\n\n\n\n<div class=\"wp-block-buttons is-layout-flex wp-block-buttons-is-layout-flex\">\n<div class=\"wp-block-button\"><a class=\"wp-block-button__link wp-element-button\" href=\"\/casas-rurales\/islas-baleares\">Alojamientos rurales en las Islas Baleares<\/a><\/div>\n<\/div>\n\n\n\n<h2 class=\"wp-block-heading\" id=\"h-islas-canarias\"><a href=\"\/casas-rurales\/islas-canarias\" target=\"_blank\" rel=\"noreferrer noopener\">Islas <strong>Canarias<\/strong><\/a><\/h2>\n\n\n\n<figure class=\"wp-block-image size-large\"><img loading=\"lazy\" decoding=\"async\" width=\"1024\" height=\"576\" src=\"https:\/\/www.escapadarural.com\/blog\/wp-content\/uploads\/2025\/11\/belen_arena_canteras-1024x576.jpg\" alt=\"Bel\u00e9n de arena en la playa de Las canteras. Por El Coleccionista de Instantes Fotograf\u00eda &amp; Video.\" class=\"wp-image-210621\" srcset=\"https:\/\/www.escapadarural.com\/blog\/wp-content\/uploads\/2025\/11\/belen_arena_canteras-200x113.jpg 200w, https:\/\/www.escapadarural.com\/blog\/wp-content\/uploads\/2025\/11\/belen_arena_canteras-300x169.jpg 300w, https:\/\/www.escapadarural.com\/blog\/wp-content\/uploads\/2025\/11\/belen_arena_canteras-400x225.jpg 400w, https:\/\/www.escapadarural.com\/blog\/wp-content\/uploads\/2025\/11\/belen_arena_canteras-600x338.jpg 600w, https:\/\/www.escapadarural.com\/blog\/wp-content\/uploads\/2025\/11\/belen_arena_canteras-768x432.jpg 768w, https:\/\/www.escapadarural.com\/blog\/wp-content\/uploads\/2025\/11\/belen_arena_canteras-800x450.jpg 800w, https:\/\/www.escapadarural.com\/blog\/wp-content\/uploads\/2025\/11\/belen_arena_canteras-1024x576.jpg 1024w, https:\/\/www.escapadarural.com\/blog\/wp-content\/uploads\/2025\/11\/belen_arena_canteras-1200x675.jpg 1200w, https:\/\/www.escapadarural.com\/blog\/wp-content\/uploads\/2025\/11\/belen_arena_canteras-1536x864.jpg 1536w\" sizes=\"auto, (max-width: 1024px) 100vw, 1024px\" \/><figcaption class=\"wp-element-caption\">Bel\u00e9n de arena en la playa de Las canteras. Por <a href=\"https:\/\/commons.wikimedia.org\/wiki\/File:8%C2%AA_Edici%C3%B3n_Bel%C3%A9n_de_Arena_2013_Playa_de_Las_Canteras_en_Las_Palmas_de_Gran_Canaria_-_Flickr_-_El_Coleccionista_de_Instantes.jpg\" target=\"_blank\" rel=\"noreferrer noopener nofollow\">El Coleccionista de Instantes Fotograf\u00eda &amp; Video<\/a>.<\/figcaption><\/figure>\n\n\n\n<p>All\u00ed no suele hacer fr\u00edo (si la meteorolog\u00eda no se revoluciona), aunque en pueblos como La Laguna, en <a href=\"\/casas-rurales\/santa-cruz-de-tenerife\">Santa Cruz de Tenerife<\/a>, hace menos calor y el ambiente es m\u00e1s navide\u00f1o con comida t\u00edpica como el dulce trucha de batata. Otro plan curioso es visitar el <strong>bel\u00e9n de arena de Las Canteras<\/strong>, en <a href=\"\/casas-rurales\/las-palmas\">Las Palmas<\/a>.<\/p>\n\n\n\n<div class=\"wp-block-buttons is-layout-flex wp-block-buttons-is-layout-flex\">\n<div class=\"wp-block-button\"><a class=\"wp-block-button__link wp-element-button\" href=\"\/casas-rurales\/islas-canarias\">Alojamientos rurales en las Islas Canarias<\/a><\/div>\n<\/div>\n\n\n\n<h2 class=\"wp-block-heading\" id=\"h-cantabria\"><strong><a href=\"\/casas-rurales\/cantabria\">Cantabria<\/a><\/strong><\/h2>\n\n\n\n<figure class=\"wp-block-image size-large\"><img loading=\"lazy\" decoding=\"async\" width=\"1024\" height=\"576\" src=\"https:\/\/www.escapadarural.com\/blog\/wp-content\/uploads\/2025\/11\/AdobeStock_408671530_santillana-1024x576.jpeg\" alt=\"Santillana del mar en Navidad, por IV\u00c1N VIEITO GARC\u00cdA.\" class=\"wp-image-210622\" srcset=\"https:\/\/www.escapadarural.com\/blog\/wp-content\/uploads\/2025\/11\/AdobeStock_408671530_santillana-200x113.jpeg 200w, https:\/\/www.escapadarural.com\/blog\/wp-content\/uploads\/2025\/11\/AdobeStock_408671530_santillana-300x169.jpeg 300w, https:\/\/www.escapadarural.com\/blog\/wp-content\/uploads\/2025\/11\/AdobeStock_408671530_santillana-400x225.jpeg 400w, https:\/\/www.escapadarural.com\/blog\/wp-content\/uploads\/2025\/11\/AdobeStock_408671530_santillana-600x338.jpeg 600w, https:\/\/www.escapadarural.com\/blog\/wp-content\/uploads\/2025\/11\/AdobeStock_408671530_santillana-768x432.jpeg 768w, https:\/\/www.escapadarural.com\/blog\/wp-content\/uploads\/2025\/11\/AdobeStock_408671530_santillana-800x450.jpeg 800w, https:\/\/www.escapadarural.com\/blog\/wp-content\/uploads\/2025\/11\/AdobeStock_408671530_santillana-1024x576.jpeg 1024w, https:\/\/www.escapadarural.com\/blog\/wp-content\/uploads\/2025\/11\/AdobeStock_408671530_santillana-1200x675.jpeg 1200w, https:\/\/www.escapadarural.com\/blog\/wp-content\/uploads\/2025\/11\/AdobeStock_408671530_santillana-1536x864.jpeg 1536w\" sizes=\"auto, (max-width: 1024px) 100vw, 1024px\" \/><figcaption class=\"wp-element-caption\">Santillana del Mar en Navidad, Cantabria. Por IV\u00c1N VIEITO GARC\u00cdA.<\/figcaption><\/figure>\n\n\n\n<p>Uno de los planes m\u00e1s apetecibles de Cantabria es el mercado navide\u00f1o de <a href=\"\/casas-rurales\/santillana-del-mar\">Santillana del Mar<\/a>. Este pueblo ya merece una visita sin adornos, pero <strong>las luces y los motivos navide\u00f1os<\/strong> le aportan m\u00e1s encanto. Desde finales de noviembre hasta que los Reyes Magos dejan sus regalos, las calles de la localidad est\u00e1n iluminadas por miles de bombillas y hasta puede haber nieve artificial.<\/p>\n\n\n\n<div class=\"wp-block-buttons is-layout-flex wp-block-buttons-is-layout-flex\">\n<div class=\"wp-block-button\"><a class=\"wp-block-button__link wp-element-button\" href=\"\/casas-rurales\/cantabria\">Alojamientos rurales en Cantabria<\/a><\/div>\n<\/div>\n\n\n\n<h2 class=\"wp-block-heading\" id=\"h-castilla-la-mancha\"><strong><a href=\"\/casas-rurales\/castilla-la-mancha\">Castilla-La Mancha<\/a><\/strong><\/h2>\n\n\n\n<figure class=\"wp-block-image size-full\"><img loading=\"lazy\" decoding=\"async\" width=\"1024\" height=\"683\" src=\"https:\/\/www.escapadarural.com\/blog\/wp-content\/uploads\/2024\/10\/Siguenza-31-1-1024x683-1.jpg\" alt=\"Castillo de Sig\u00fcenza. Por Turismo Castilla-La Mancha\" class=\"wp-image-95259\" srcset=\"https:\/\/www.escapadarural.com\/blog\/wp-content\/uploads\/2024\/10\/Siguenza-31-1-1024x683-1-200x133.jpg 200w, https:\/\/www.escapadarural.com\/blog\/wp-content\/uploads\/2024\/10\/Siguenza-31-1-1024x683-1-300x200.jpg 300w, https:\/\/www.escapadarural.com\/blog\/wp-content\/uploads\/2024\/10\/Siguenza-31-1-1024x683-1-400x267.jpg 400w, https:\/\/www.escapadarural.com\/blog\/wp-content\/uploads\/2024\/10\/Siguenza-31-1-1024x683-1-600x400.jpg 600w, https:\/\/www.escapadarural.com\/blog\/wp-content\/uploads\/2024\/10\/Siguenza-31-1-1024x683-1-768x512.jpg 768w, https:\/\/www.escapadarural.com\/blog\/wp-content\/uploads\/2024\/10\/Siguenza-31-1-1024x683-1-800x534.jpg 800w, https:\/\/www.escapadarural.com\/blog\/wp-content\/uploads\/2024\/10\/Siguenza-31-1-1024x683-1.jpg 1024w\" sizes=\"auto, (max-width: 1024px) 100vw, 1024px\" \/><figcaption class=\"wp-element-caption\">Castillo de Sig\u00fcenza. Por Turismo Castilla-La Mancha<\/figcaption><\/figure>\n\n\n\n<p><a href=\"\/casas-rurales\/alcazar-de-san-juan\">Alc\u00e1zar de San Juan<\/a> (<a href=\"\/casas-rurales\/ciudad-real\">Ciudad Real<\/a>) no espera hasta febrero para celebrar el carnaval y sacan los disfraces del 25 al 28 de diciembre. Los m\u00e1s golosos pueden acercarse hasta Fonseca (<a href=\"\/casas-rurales\/toledo\" target=\"_blank\" rel=\"noreferrer noopener\">Toledo<\/a>), famoso por sus mazapanes. La serran\u00eda de Cuenca acoge una <strong>ruta de belenes escondidos en la naturaleza<\/strong>, y el fr\u00edo de diciembre puede dar a\u00fan m\u00e1s encanto m\u00e1s a <a href=\"\/casas-rurales\/sigueenza\">Sig\u00fcenza<\/a> (<a href=\"\/casas-rurales\/guadalajara\">Guadalajara<\/a>). Suiza es famosa por su est\u00e9tica navide\u00f1a y resulta que en Espa\u00f1a tenemos un equivalente: el pueblo de <a href=\"\/casas-rurales\/ayna\">Ayna<\/a> (<a href=\"\/casas-rurales\/albacete\">Albacete<\/a>), conocido como \u2018La Suiza manchega&#8217;.<\/p>\n\n\n\n<div class=\"wp-block-buttons is-layout-flex wp-block-buttons-is-layout-flex\">\n<div class=\"wp-block-button\"><a class=\"wp-block-button__link wp-element-button\" href=\"\/casas-rurales\/castilla-la-mancha\">Alojamientos rurales en Castilla-La Mancha<\/a><\/div>\n<\/div>\n\n\n\n<h2 class=\"wp-block-heading\" id=\"h-castilla-y-leon\"><strong><a href=\"\/casas-rurales\/castilla-y-leon\">Castilla y Le\u00f3n<\/a><\/strong><\/h2>\n\n\n\n<figure class=\"wp-block-image size-large\"><img loading=\"lazy\" decoding=\"async\" width=\"1024\" height=\"683\" src=\"https:\/\/www.escapadarural.com\/blog\/wp-content\/uploads\/2025\/11\/AdobeStock_653983257_puebla_sanabria-1024x683.jpeg\" alt=\"Puebla de Sanabria, por JoseLuis.\" class=\"wp-image-210623\" srcset=\"https:\/\/www.escapadarural.com\/blog\/wp-content\/uploads\/2025\/11\/AdobeStock_653983257_puebla_sanabria-200x133.jpeg 200w, https:\/\/www.escapadarural.com\/blog\/wp-content\/uploads\/2025\/11\/AdobeStock_653983257_puebla_sanabria-300x200.jpeg 300w, https:\/\/www.escapadarural.com\/blog\/wp-content\/uploads\/2025\/11\/AdobeStock_653983257_puebla_sanabria-400x267.jpeg 400w, https:\/\/www.escapadarural.com\/blog\/wp-content\/uploads\/2025\/11\/AdobeStock_653983257_puebla_sanabria-600x400.jpeg 600w, https:\/\/www.escapadarural.com\/blog\/wp-content\/uploads\/2025\/11\/AdobeStock_653983257_puebla_sanabria-768x512.jpeg 768w, https:\/\/www.escapadarural.com\/blog\/wp-content\/uploads\/2025\/11\/AdobeStock_653983257_puebla_sanabria-800x533.jpeg 800w, https:\/\/www.escapadarural.com\/blog\/wp-content\/uploads\/2025\/11\/AdobeStock_653983257_puebla_sanabria-1024x683.jpeg 1024w, https:\/\/www.escapadarural.com\/blog\/wp-content\/uploads\/2025\/11\/AdobeStock_653983257_puebla_sanabria-1200x800.jpeg 1200w, https:\/\/www.escapadarural.com\/blog\/wp-content\/uploads\/2025\/11\/AdobeStock_653983257_puebla_sanabria-1536x1024.jpeg 1536w\" sizes=\"auto, (max-width: 1024px) 100vw, 1024px\" \/><figcaption class=\"wp-element-caption\">Puebla de Sanabria, Zamora. Por JoseLuis.<\/figcaption><\/figure>\n\n\n\n<p>El primer domingo de diciembre se celebra el mercado de <a href=\"\/casas-rurales\/la-pola-de-gordon\">La Pola de Gord\u00f3n<\/a> (<a href=\"\/casas-rurales\/leon\">Le\u00f3n<\/a>). Otros famosos son el de <a href=\"\/casas-rurales\/la-alberca\">La Alberca<\/a> (<a href=\"\/casas-rurales\/salamanca\">Salamanca<\/a>), que vende <strong>productos tradicionales como miel y turr\u00f3n<\/strong>, as\u00ed como el de <a href=\"\/casas-rurales\/las-navas-del-marques\">Las Navas del Marqu\u00e9s<\/a> (<a href=\"\/casas-rurales\/avila\">\u00c1vila<\/a>). Llama mucho la atenci\u00f3n la decoraci\u00f3n de <a href=\"\/casas-rurales\/puebla-de-sanabria\">Puebla de Sanabria<\/a> (<a href=\"\/casas-rurales\/zamora\">Zamora<\/a>) y, para comprar una cl\u00e1sica botella de an\u00eds, lo mejor es ir a <a href=\"\/casas-rurales\/palazuelos-de-eresma\">Palazuelos de Eresma<\/a> (<a href=\"\/casas-rurales\/segovia\">Segovia<\/a>). <\/p>\n\n\n\n<p>Tambi\u00e9n es tradici\u00f3n ir a visitar los acebales de las <a href=\"\/casas-rurales\/tierras-altas-de-soria\">Tierras Altas de Soria<\/a> y el 28 de diciembre, d\u00eda de los Santos Inocentes, en pueblos de <a href=\"\/casas-rurales\/palencia\">Palencia<\/a> celebran una curiosa fiesta llamada <a href=\"\/blog\/dia-de-los-santos-inocentes-en-pueblos\/\">El Obispillo<\/a>. En la comunidad <strong>tampoco faltan los belenes<\/strong>: el viviente de <a href=\"\/casas-rurales\/cabezon-de-pisuerga\">Cabez\u00f3n de Pisuerga<\/a> (<a href=\"\/casas-rurales\/valladolid\">Valladolid<\/a>) y el de Renuncio (<a href=\"\/casas-rurales\/burgos\" target=\"_blank\" rel=\"noreferrer noopener\">Burgos<\/a>) son de los m\u00e1s destacados.<\/p>\n\n\n\n<div class=\"wp-block-buttons is-layout-flex wp-block-buttons-is-layout-flex\">\n<div class=\"wp-block-button\"><a class=\"wp-block-button__link wp-element-button\" href=\"\/casas-rurales\/castilla-y-leon\">Alojamientos rurales en Castilla y Le\u00f3n<\/a><\/div>\n<\/div>\n\n\n\n<h2 class=\"wp-block-heading\" id=\"h-cataluna\"><strong><a href=\"\/casas-rurales\/cataluna\">Catalu\u00f1a<\/a><\/strong><\/h2>\n\n\n\n<figure class=\"wp-block-image size-large\"><img loading=\"lazy\" decoding=\"async\" width=\"1024\" height=\"768\" src=\"https:\/\/www.escapadarural.com\/blog\/wp-content\/uploads\/2025\/11\/AdobeStock_692472428_tio-1024x768.jpeg\" alt=\"Ti\u00f3 de Navidad. Por Edgar.\" class=\"wp-image-210624\" srcset=\"https:\/\/www.escapadarural.com\/blog\/wp-content\/uploads\/2025\/11\/AdobeStock_692472428_tio-200x150.jpeg 200w, https:\/\/www.escapadarural.com\/blog\/wp-content\/uploads\/2025\/11\/AdobeStock_692472428_tio-300x225.jpeg 300w, https:\/\/www.escapadarural.com\/blog\/wp-content\/uploads\/2025\/11\/AdobeStock_692472428_tio-400x300.jpeg 400w, https:\/\/www.escapadarural.com\/blog\/wp-content\/uploads\/2025\/11\/AdobeStock_692472428_tio-600x450.jpeg 600w, https:\/\/www.escapadarural.com\/blog\/wp-content\/uploads\/2025\/11\/AdobeStock_692472428_tio-768x576.jpeg 768w, https:\/\/www.escapadarural.com\/blog\/wp-content\/uploads\/2025\/11\/AdobeStock_692472428_tio-800x600.jpeg 800w, https:\/\/www.escapadarural.com\/blog\/wp-content\/uploads\/2025\/11\/AdobeStock_692472428_tio-1024x768.jpeg 1024w, https:\/\/www.escapadarural.com\/blog\/wp-content\/uploads\/2025\/11\/AdobeStock_692472428_tio-1200x900.jpeg 1200w, https:\/\/www.escapadarural.com\/blog\/wp-content\/uploads\/2025\/11\/AdobeStock_692472428_tio-1536x1152.jpeg 1536w\" sizes=\"auto, (max-width: 1024px) 100vw, 1024px\" \/><figcaption class=\"wp-element-caption\">Ti\u00f3 de Navidad en Catalu\u00f1a. Por Edgar.<\/figcaption><\/figure>\n\n\n\n<p>Una tradici\u00f3n llena de esperanza en <a href=\"\/casas-rurales\/lleida\">Lleida<\/a> es la de ir hasta <a href=\"\/casas-rurales\/sort\">Sort<\/a> (suerte en catal\u00e1n) para <strong>comprar loter\u00eda de Navidad<\/strong>. Asimismo, es costumbre dar un paseo y comprar alg\u00fan capricho en la Fira de Nadal de <a href=\"\/casas-rurales\/ripoll\">Ripoll<\/a> (<a href=\"\/casas-rurales\/girona\">Girona<\/a>) o ir a <a href=\"\/blog\/planes-de-navidad-en-el-bergueda\/\">buscar el ti\u00f3 cerca de Bergued\u00e0<\/a> (<a href=\"\/casas-rurales\/barcelona\">Barcelona<\/a>). Los gastr\u00f3nomos tienen una cita imprescindible en La Fatarella (<a href=\"\/casas-rurales\/tarragona\" target=\"_blank\" rel=\"noreferrer noopener\">Tarragona<\/a>) con su fiesta del aceite, degustaciones y otras actividades.<\/p>\n\n\n\n<div class=\"wp-block-buttons is-layout-flex wp-block-buttons-is-layout-flex\">\n<div class=\"wp-block-button\"><a class=\"wp-block-button__link wp-element-button\" href=\"\/casas-rurales\/cataluna\">Alojamientos rurales en Catalu\u00f1a<\/a><\/div>\n<\/div>\n\n\n\n<h2 class=\"wp-block-heading\" id=\"h-comunidad-valenciana\"><strong><a href=\"\/casas-rurales\/comunidad-valenciana\">Comunidad Valenciana<\/a><\/strong><\/h2>\n\n\n\n<figure class=\"wp-block-image size-large\"><img loading=\"lazy\" decoding=\"async\" width=\"1024\" height=\"576\" src=\"https:\/\/www.escapadarural.com\/blog\/wp-content\/uploads\/2025\/11\/Captura-de-pantalla-2025-11-15-a-las-9.12.25-1024x576.png\" alt=\"Bel\u00e9n monumental de X\u00e1tiva. Turismo de X\u00e1tiva.\" class=\"wp-image-210625\" srcset=\"https:\/\/www.escapadarural.com\/blog\/wp-content\/uploads\/2025\/11\/Captura-de-pantalla-2025-11-15-a-las-9.12.25-200x113.png 200w, https:\/\/www.escapadarural.com\/blog\/wp-content\/uploads\/2025\/11\/Captura-de-pantalla-2025-11-15-a-las-9.12.25-300x169.png 300w, https:\/\/www.escapadarural.com\/blog\/wp-content\/uploads\/2025\/11\/Captura-de-pantalla-2025-11-15-a-las-9.12.25-400x225.png 400w, https:\/\/www.escapadarural.com\/blog\/wp-content\/uploads\/2025\/11\/Captura-de-pantalla-2025-11-15-a-las-9.12.25-600x338.png 600w, https:\/\/www.escapadarural.com\/blog\/wp-content\/uploads\/2025\/11\/Captura-de-pantalla-2025-11-15-a-las-9.12.25-768x432.png 768w, https:\/\/www.escapadarural.com\/blog\/wp-content\/uploads\/2025\/11\/Captura-de-pantalla-2025-11-15-a-las-9.12.25-800x450.png 800w, https:\/\/www.escapadarural.com\/blog\/wp-content\/uploads\/2025\/11\/Captura-de-pantalla-2025-11-15-a-las-9.12.25-1024x576.png 1024w, https:\/\/www.escapadarural.com\/blog\/wp-content\/uploads\/2025\/11\/Captura-de-pantalla-2025-11-15-a-las-9.12.25-1200x675.png 1200w, https:\/\/www.escapadarural.com\/blog\/wp-content\/uploads\/2025\/11\/Captura-de-pantalla-2025-11-15-a-las-9.12.25-1536x864.png 1536w, https:\/\/www.escapadarural.com\/blog\/wp-content\/uploads\/2025\/11\/Captura-de-pantalla-2025-11-15-a-las-9.12.25.png 1688w\" sizes=\"auto, (max-width: 1024px) 100vw, 1024px\" \/><figcaption class=\"wp-element-caption\">Bel\u00e9n monumental de X\u00e1tiva, Valencia. <a href=\"https:\/\/xativaturismo.com\/\" target=\"_blank\" rel=\"noreferrer noopener nofollow\">Turismo de X\u00e1tiva.<\/a><\/figcaption><\/figure>\n\n\n\n<p>C\u00f3mo no, la Feria del Turr\u00f3n de Jijona (<a href=\"\/casas-rurales\/alicante\">Alicante<\/a>) es un cl\u00e1sico imprescindible de cada Navidad. Tambi\u00e9n lo es el <strong>bel\u00e9n monumental de X\u00e0tiva<\/strong> (<a href=\"\/casas-rurales\/valencia\" target=\"_blank\" rel=\"noreferrer noopener\">Valencia<\/a>), que cada a\u00f1o atrae a miles de personas. Dar un paseo por las calles medievales de <a href=\"\/casas-rurales\/morella\">Morella<\/a> (<a href=\"\/casas-rurales\/castellon\">Castell\u00f3n<\/a>) y probar sus <a href=\"\/blog\/croquetas-de-morella-triangulares\/\">croquetas triangulares<\/a> es un plan perfecto para empezar las fiestas.<\/p>\n\n\n\n<div class=\"wp-block-buttons is-layout-flex wp-block-buttons-is-layout-flex\">\n<div class=\"wp-block-button\"><a class=\"wp-block-button__link wp-element-button\" href=\"\/casas-rurales\/comunidad-valenciana\">Alojamientos rurales en la Comunidad Valenciana<\/a><\/div>\n<\/div>\n\n\n\n<h2 class=\"wp-block-heading\" id=\"h-extremadura\"><strong><a href=\"\/casas-rurales\/extremadura\">Extremadura<\/a><\/strong><\/h2>\n\n\n\n<figure class=\"wp-block-image size-large\"><img loading=\"lazy\" decoding=\"async\" width=\"1024\" height=\"703\" src=\"https:\/\/www.escapadarural.com\/blog\/wp-content\/uploads\/2025\/11\/Los_Escobazos._Procesion-1024x703.jpg\" alt=\"Procesi\u00f3n de los escobazos de Jarandilla de la Vera. Por Museo Los Escobazos. Jarandilla de la Vera\" class=\"wp-image-210626\" srcset=\"https:\/\/www.escapadarural.com\/blog\/wp-content\/uploads\/2025\/11\/Los_Escobazos._Procesion-200x137.jpg 200w, https:\/\/www.escapadarural.com\/blog\/wp-content\/uploads\/2025\/11\/Los_Escobazos._Procesion-300x206.jpg 300w, https:\/\/www.escapadarural.com\/blog\/wp-content\/uploads\/2025\/11\/Los_Escobazos._Procesion-400x275.jpg 400w, https:\/\/www.escapadarural.com\/blog\/wp-content\/uploads\/2025\/11\/Los_Escobazos._Procesion-600x412.jpg 600w, https:\/\/www.escapadarural.com\/blog\/wp-content\/uploads\/2025\/11\/Los_Escobazos._Procesion-768x527.jpg 768w, https:\/\/www.escapadarural.com\/blog\/wp-content\/uploads\/2025\/11\/Los_Escobazos._Procesion-800x549.jpg 800w, https:\/\/www.escapadarural.com\/blog\/wp-content\/uploads\/2025\/11\/Los_Escobazos._Procesion-1024x703.jpg 1024w, https:\/\/www.escapadarural.com\/blog\/wp-content\/uploads\/2025\/11\/Los_Escobazos._Procesion-1200x824.jpg 1200w, https:\/\/www.escapadarural.com\/blog\/wp-content\/uploads\/2025\/11\/Los_Escobazos._Procesion-1536x1055.jpg 1536w\" sizes=\"auto, (max-width: 1024px) 100vw, 1024px\" \/><figcaption class=\"wp-element-caption\">Procesi\u00f3n de los escobazos de Jarandilla de la Vera, en C\u00e1ceres. Por Museo Los Escobazos. Jarandilla de la Vera<\/figcaption><\/figure>\n\n\n\n<p>En la <strong>fiesta de Los Escobazos<\/strong> que se celebra el 7 de diciembre en <a href=\"\/casas-rurales\/jarandilla-de-la-vera\">Jarandilla de la Vera<\/a> (<a href=\"\/casas-rurales\/caceres\">C\u00e1ceres<\/a>), el fuego y la camarader\u00eda son los protagonistas. Por su parte, en <a href=\"\/casas-rurales\/badajoz\">Badajoz<\/a>, <a href=\"\/blog\/ganador-capital-de-escapada-rural-2025\/\" target=\"_blank\" rel=\"noreferrer noopener\">Jerez de los Caballeros -capital de EscapadaRural 2025<\/a>-, se viste de gala para Navidad y sus calles se llenan de luces, puestos con chucher\u00edas y villancicos.<\/p>\n\n\n\n<div class=\"wp-block-buttons is-layout-flex wp-block-buttons-is-layout-flex\">\n<div class=\"wp-block-button\"><a class=\"wp-block-button__link wp-element-button\" href=\"\/casas-rurales\/extremadura\">Alojamientos rurales en Extremadura<\/a><\/div>\n<\/div>\n\n\n\n<h2 class=\"wp-block-heading\" id=\"h-galicia\"><strong><a href=\"\/casas-rurales\/galicia\">Galicia<\/a><\/strong><\/h2>\n\n\n\n<figure class=\"wp-block-image size-large\"><img loading=\"lazy\" decoding=\"async\" width=\"1024\" height=\"683\" src=\"https:\/\/www.escapadarural.com\/blog\/wp-content\/uploads\/2025\/11\/AdobeStock_693888529_allariz-1024x683.jpeg\" alt=\"Siluetas navide\u00f1as en Allariz, Ourense. Por LFRabanedo.\" class=\"wp-image-210627\" srcset=\"https:\/\/www.escapadarural.com\/blog\/wp-content\/uploads\/2025\/11\/AdobeStock_693888529_allariz-200x133.jpeg 200w, https:\/\/www.escapadarural.com\/blog\/wp-content\/uploads\/2025\/11\/AdobeStock_693888529_allariz-300x200.jpeg 300w, https:\/\/www.escapadarural.com\/blog\/wp-content\/uploads\/2025\/11\/AdobeStock_693888529_allariz-400x267.jpeg 400w, https:\/\/www.escapadarural.com\/blog\/wp-content\/uploads\/2025\/11\/AdobeStock_693888529_allariz-600x400.jpeg 600w, https:\/\/www.escapadarural.com\/blog\/wp-content\/uploads\/2025\/11\/AdobeStock_693888529_allariz-768x512.jpeg 768w, https:\/\/www.escapadarural.com\/blog\/wp-content\/uploads\/2025\/11\/AdobeStock_693888529_allariz-800x533.jpeg 800w, https:\/\/www.escapadarural.com\/blog\/wp-content\/uploads\/2025\/11\/AdobeStock_693888529_allariz-1024x683.jpeg 1024w, https:\/\/www.escapadarural.com\/blog\/wp-content\/uploads\/2025\/11\/AdobeStock_693888529_allariz-1200x800.jpeg 1200w, https:\/\/www.escapadarural.com\/blog\/wp-content\/uploads\/2025\/11\/AdobeStock_693888529_allariz-1536x1024.jpeg 1536w\" sizes=\"auto, (max-width: 1024px) 100vw, 1024px\" \/><figcaption class=\"wp-element-caption\">Siluetas navide\u00f1as en Allariz, Ourense. Por LFRabanedo.<\/figcaption><\/figure>\n\n\n\n<p><a href=\"\/casas-rurales\/chantada\">Chantada<\/a> (<a href=\"\/casas-rurales\/lugo\">Lugo<\/a>) y <a href=\"\/casas-rurales\/allariz\">Allariz<\/a> (<a href=\"\/casas-rurales\/ourense\">Ourense<\/a>) son dos de los <strong>pueblos navide\u00f1os por excelencia en Galicia<\/strong>. Noalla, un peque\u00f1o rinc\u00f3n de <a href=\"\/casas-rurales\/sanxenxo\">Sanxenxo<\/a> (<a href=\"\/casas-rurales\/pontevedra\">Pontevedra<\/a>) que tiene su propia aldea navide\u00f1a conocida como El bosque de Nadal. Y, para brindar en las celebraciones, nada mejor que el orujo de la localidad de <a href=\"\/casas-rurales\/vedra\">Vedra<\/a> (<a href=\"\/casas-rurales\/a-coruna\">A Coru\u00f1a<\/a>).<\/p>\n\n\n\n<div class=\"wp-block-buttons is-layout-flex wp-block-buttons-is-layout-flex\">\n<div class=\"wp-block-button\"><a class=\"wp-block-button__link wp-element-button\" href=\"\/casas-rurales\/galicia\">Alojamientos rurales en Galicia<\/a><\/div>\n<\/div>\n\n\n\n<h2 class=\"wp-block-heading\" id=\"h-la-rioja\"><strong><a href=\"\/casas-rurales\/la-rioja\" target=\"_blank\" rel=\"noreferrer noopener\">La Rioja<\/a><\/strong><\/h2>\n\n\n\n<figure class=\"wp-block-image size-large\"><img loading=\"lazy\" decoding=\"async\" width=\"1024\" height=\"678\" src=\"https:\/\/www.escapadarural.com\/blog\/wp-content\/uploads\/2025\/08\/Ezcaray-La-Rioja-1024x678.webp\" alt=\"Ezcaray, La Rioja\" class=\"wp-image-206381\" srcset=\"https:\/\/www.escapadarural.com\/blog\/wp-content\/uploads\/2025\/08\/Ezcaray-La-Rioja-200x133.webp 200w, https:\/\/www.escapadarural.com\/blog\/wp-content\/uploads\/2025\/08\/Ezcaray-La-Rioja-300x199.webp 300w, https:\/\/www.escapadarural.com\/blog\/wp-content\/uploads\/2025\/08\/Ezcaray-La-Rioja-400x265.webp 400w, https:\/\/www.escapadarural.com\/blog\/wp-content\/uploads\/2025\/08\/Ezcaray-La-Rioja-600x398.webp 600w, https:\/\/www.escapadarural.com\/blog\/wp-content\/uploads\/2025\/08\/Ezcaray-La-Rioja-768x509.webp 768w, https:\/\/www.escapadarural.com\/blog\/wp-content\/uploads\/2025\/08\/Ezcaray-La-Rioja-800x530.webp 800w, https:\/\/www.escapadarural.com\/blog\/wp-content\/uploads\/2025\/08\/Ezcaray-La-Rioja-1024x678.webp 1024w, https:\/\/www.escapadarural.com\/blog\/wp-content\/uploads\/2025\/08\/Ezcaray-La-Rioja.webp 1200w\" sizes=\"auto, (max-width: 1024px) 100vw, 1024px\" \/><figcaption class=\"wp-element-caption\">Ezcaray, La Rioja. Por Herraez<\/figcaption><\/figure>\n\n\n\n<p>En plena <a href=\"\/casas-rurales\/sierra-de-la-demanda\">sierra de la Demanda<\/a>, <a href=\"\/casas-rurales\/ezcaray\">Ezcaray<\/a> aparece en las listas de \u2018<strong>los pueblos m\u00e1s navide\u00f1os de Espa\u00f1a<\/strong>\u2019. A la decoraci\u00f3n se une el mercadillo donde se puede comprar vino, uno de los productos destacados del pa\u00eds en general. Si hay nieve, los aficionados al esqu\u00ed tienen cerca la estaci\u00f3n de Valdezcaray.<\/p>\n\n\n\n<div class=\"wp-block-buttons is-layout-flex wp-block-buttons-is-layout-flex\">\n<div class=\"wp-block-button\"><a class=\"wp-block-button__link wp-element-button\" href=\"\/casas-rurales\/la-rioja\">Alojamientos rurales en La Rioja<\/a><\/div>\n<\/div>\n\n\n\n<h2 class=\"wp-block-heading\" id=\"h-comunidad-de-madrid\"><strong><a href=\"\/casas-rurales\/madrid\">Comunidad de Madrid<\/a><\/strong><\/h2>\n\n\n\n<figure class=\"wp-block-image size-full\"><img loading=\"lazy\" decoding=\"async\" width=\"1024\" height=\"680\" src=\"https:\/\/www.escapadarural.com\/blog\/wp-content\/uploads\/2024\/12\/BelenVivienteBuitrago-56-GobernadorRoma_WP_04.webp\" alt=\"Bel\u00e9n viviente de Buitrago de Lozoya\" class=\"wp-image-184271\" srcset=\"https:\/\/www.escapadarural.com\/blog\/wp-content\/uploads\/2024\/12\/BelenVivienteBuitrago-56-GobernadorRoma_WP_04-200x133.webp 200w, https:\/\/www.escapadarural.com\/blog\/wp-content\/uploads\/2024\/12\/BelenVivienteBuitrago-56-GobernadorRoma_WP_04-300x199.webp 300w, https:\/\/www.escapadarural.com\/blog\/wp-content\/uploads\/2024\/12\/BelenVivienteBuitrago-56-GobernadorRoma_WP_04-400x266.webp 400w, https:\/\/www.escapadarural.com\/blog\/wp-content\/uploads\/2024\/12\/BelenVivienteBuitrago-56-GobernadorRoma_WP_04-600x398.webp 600w, https:\/\/www.escapadarural.com\/blog\/wp-content\/uploads\/2024\/12\/BelenVivienteBuitrago-56-GobernadorRoma_WP_04-768x510.webp 768w, https:\/\/www.escapadarural.com\/blog\/wp-content\/uploads\/2024\/12\/BelenVivienteBuitrago-56-GobernadorRoma_WP_04-800x531.webp 800w, https:\/\/www.escapadarural.com\/blog\/wp-content\/uploads\/2024\/12\/BelenVivienteBuitrago-56-GobernadorRoma_WP_04.webp 1024w\" sizes=\"auto, (max-width: 1024px) 100vw, 1024px\" \/><figcaption class=\"wp-element-caption\">Buitrago de Lozoya, Madrid. Por <a href=\"https:\/\/belenvivientebuitrago.es\/\" target=\"_blank\" rel=\"noreferrer noopener nofollow\">Bel\u00e9n viviente de Buitrago de Lozoya<\/a><\/figcaption><\/figure>\n\n\n\n<p>Desde hace m\u00e1s de 30 a\u00f1os, la asociaci\u00f3n cultural <strong>Bel\u00e9n viviente de Buitrago del Lozoya<\/strong> representa en las calles del pueblo 41 escenas de la Biblia. Seg\u00fan la organizaci\u00f3n, es la tradici\u00f3n navide\u00f1a m\u00e1s arraigada de la localidad.\u00a0<\/p>\n\n\n\n<div class=\"wp-block-buttons is-layout-flex wp-block-buttons-is-layout-flex\">\n<div class=\"wp-block-button\"><a class=\"wp-block-button__link wp-element-button\" href=\"\/casas-rurales\/madrid\">Alojamientos rurales en Madrid<\/a><\/div>\n<\/div>\n\n\n\n<h2 class=\"wp-block-heading\" id=\"h-region-de-murcia\"><strong><a href=\"\/casas-rurales\/murcia\">Regi\u00f3n de Murcia<\/a><\/strong><\/h2>\n\n\n\n<figure class=\"wp-block-image size-full\"><img loading=\"lazy\" decoding=\"async\" width=\"700\" height=\"466\" src=\"https:\/\/www.escapadarural.com\/blog\/wp-content\/uploads\/2025\/11\/fiestas-patronales-en-honor-a-la-purisima-concepcion-17-g.jpg\" alt=\"Disparos de los arcabuces en las fiestas patronales de Yecla, en Murcia. Foto de Turismo Regi\u00f3n de Murcia.\" class=\"wp-image-210629\" srcset=\"https:\/\/www.escapadarural.com\/blog\/wp-content\/uploads\/2025\/11\/fiestas-patronales-en-honor-a-la-purisima-concepcion-17-g-200x133.jpg 200w, https:\/\/www.escapadarural.com\/blog\/wp-content\/uploads\/2025\/11\/fiestas-patronales-en-honor-a-la-purisima-concepcion-17-g-300x200.jpg 300w, https:\/\/www.escapadarural.com\/blog\/wp-content\/uploads\/2025\/11\/fiestas-patronales-en-honor-a-la-purisima-concepcion-17-g-400x266.jpg 400w, https:\/\/www.escapadarural.com\/blog\/wp-content\/uploads\/2025\/11\/fiestas-patronales-en-honor-a-la-purisima-concepcion-17-g-600x399.jpg 600w, https:\/\/www.escapadarural.com\/blog\/wp-content\/uploads\/2025\/11\/fiestas-patronales-en-honor-a-la-purisima-concepcion-17-g.jpg 700w\" sizes=\"auto, (max-width: 700px) 100vw, 700px\" \/><figcaption class=\"wp-element-caption\">Disparos de los arcabuces en las fiestas patronales de Yecla, en Murcia. Por <a href=\"https:\/\/www.turismoregiondemurcia.es\/\" target=\"_blank\" rel=\"noreferrer noopener nofollow\">Turismo Regi\u00f3n de Murcia<\/a>.<\/figcaption><\/figure>\n\n\n\n<p>En <a href=\"\/casas-rurales\/yecla\">Yecla<\/a> se lo pasan pipa en las <strong>fiestas de la Virgen del Castillo<\/strong> o de la Pur\u00edsima Concepci\u00f3n. Durante varios d\u00edas, a partir del 5 de diciembre, se sumergen en diversas celebraciones (como el disparo de los arcabuces) que le han dado el t\u00edtulo de Fiesta de Inter\u00e9s Tur\u00edstico Internacional.&nbsp;&nbsp;<\/p>\n\n\n\n<div class=\"wp-block-buttons is-layout-flex wp-block-buttons-is-layout-flex\">\n<div class=\"wp-block-button\"><a class=\"wp-block-button__link wp-element-button\" href=\"\/casas-rurales\/murcia\">Alojamientos rurales en Murcia<\/a><\/div>\n<\/div>\n\n\n\n<h2 class=\"wp-block-heading\" id=\"h-comunidad-foral-de-navarra\"><strong><a href=\"\/casas-rurales\/navarra\">Comunidad Foral de Navarra<\/a><\/strong><\/h2>\n\n\n\n<figure class=\"wp-block-image size-large\"><img loading=\"lazy\" decoding=\"async\" width=\"1024\" height=\"683\" src=\"https:\/\/www.escapadarural.com\/blog\/wp-content\/uploads\/2025\/11\/AdobeStock_124494514_Ochagavia-1024x683.jpeg\" alt=\"Ochagav\u00eda, en Navarra. Por photostime.\" class=\"wp-image-210630\" srcset=\"https:\/\/www.escapadarural.com\/blog\/wp-content\/uploads\/2025\/11\/AdobeStock_124494514_Ochagavia-200x133.jpeg 200w, https:\/\/www.escapadarural.com\/blog\/wp-content\/uploads\/2025\/11\/AdobeStock_124494514_Ochagavia-300x200.jpeg 300w, https:\/\/www.escapadarural.com\/blog\/wp-content\/uploads\/2025\/11\/AdobeStock_124494514_Ochagavia-400x267.jpeg 400w, https:\/\/www.escapadarural.com\/blog\/wp-content\/uploads\/2025\/11\/AdobeStock_124494514_Ochagavia-600x400.jpeg 600w, https:\/\/www.escapadarural.com\/blog\/wp-content\/uploads\/2025\/11\/AdobeStock_124494514_Ochagavia-768x512.jpeg 768w, https:\/\/www.escapadarural.com\/blog\/wp-content\/uploads\/2025\/11\/AdobeStock_124494514_Ochagavia-800x533.jpeg 800w, https:\/\/www.escapadarural.com\/blog\/wp-content\/uploads\/2025\/11\/AdobeStock_124494514_Ochagavia-1024x683.jpeg 1024w, https:\/\/www.escapadarural.com\/blog\/wp-content\/uploads\/2025\/11\/AdobeStock_124494514_Ochagavia-1200x800.jpeg 1200w, https:\/\/www.escapadarural.com\/blog\/wp-content\/uploads\/2025\/11\/AdobeStock_124494514_Ochagavia-1536x1024.jpeg 1536w\" sizes=\"auto, (max-width: 1024px) 100vw, 1024px\" \/><figcaption class=\"wp-element-caption\">Ochagav\u00eda, en Navarra. Por photostime.<\/figcaption><\/figure>\n\n\n\n<p>La <a href=\"\/casas-rurales\/selva-de-irati\">Selva de Irati<\/a> es uno de los lugares m\u00e1s visitados de Navarra gracias a su entorno natural y al encanto de pueblos como <a href=\"\/casas-rurales\/ochagavia-otsagabia\">Ochagav\u00eda<\/a>. Un plan perfecto para diciembre es recorrer sus calles propias de un <strong>decorado de pel\u00edcula navide\u00f1a<\/strong> y tomar un vino de la tierra. Si es acompa\u00f1ado de un buen queso aut\u00f3ctono, mejor a\u00fan.<\/p>\n\n\n\n<div class=\"wp-block-buttons is-layout-flex wp-block-buttons-is-layout-flex\">\n<div class=\"wp-block-button\"><a class=\"wp-block-button__link wp-element-button\" href=\"\/casas-rurales\/navarra\">Alojamientos rurales en Navarra<\/a><\/div>\n<\/div>\n\n\n\n<h2 class=\"wp-block-heading\" id=\"h-pais-vasco\"><strong><a href=\"\/casas-rurales\/pais-vasco\">Pa\u00eds Vasco<\/a><\/strong><\/h2>\n\n\n\n<figure class=\"wp-block-image size-large\"><img loading=\"lazy\" decoding=\"async\" width=\"1024\" height=\"617\" src=\"https:\/\/www.escapadarural.com\/blog\/wp-content\/uploads\/2025\/11\/AdobeStock_481828920_cueva-de-Pozalagua-de-Carranza-1024x617.jpeg\" alt=\"Cueva de Pozalagua de Carranza. Por IV\u00c1N VIEITO GARC\u00cdA.\" class=\"wp-image-210631\" srcset=\"https:\/\/www.escapadarural.com\/blog\/wp-content\/uploads\/2025\/11\/AdobeStock_481828920_cueva-de-Pozalagua-de-Carranza-200x120.jpeg 200w, https:\/\/www.escapadarural.com\/blog\/wp-content\/uploads\/2025\/11\/AdobeStock_481828920_cueva-de-Pozalagua-de-Carranza-300x181.jpeg 300w, https:\/\/www.escapadarural.com\/blog\/wp-content\/uploads\/2025\/11\/AdobeStock_481828920_cueva-de-Pozalagua-de-Carranza-400x241.jpeg 400w, https:\/\/www.escapadarural.com\/blog\/wp-content\/uploads\/2025\/11\/AdobeStock_481828920_cueva-de-Pozalagua-de-Carranza-600x361.jpeg 600w, https:\/\/www.escapadarural.com\/blog\/wp-content\/uploads\/2025\/11\/AdobeStock_481828920_cueva-de-Pozalagua-de-Carranza-768x462.jpeg 768w, https:\/\/www.escapadarural.com\/blog\/wp-content\/uploads\/2025\/11\/AdobeStock_481828920_cueva-de-Pozalagua-de-Carranza-800x482.jpeg 800w, https:\/\/www.escapadarural.com\/blog\/wp-content\/uploads\/2025\/11\/AdobeStock_481828920_cueva-de-Pozalagua-de-Carranza-1024x617.jpeg 1024w, https:\/\/www.escapadarural.com\/blog\/wp-content\/uploads\/2025\/11\/AdobeStock_481828920_cueva-de-Pozalagua-de-Carranza-1200x723.jpeg 1200w, https:\/\/www.escapadarural.com\/blog\/wp-content\/uploads\/2025\/11\/AdobeStock_481828920_cueva-de-Pozalagua-de-Carranza-1536x925.jpeg 1536w\" sizes=\"auto, (max-width: 1024px) 100vw, 1024px\" \/><figcaption class=\"wp-element-caption\">Cueva de Pozalagua de Carranza. Por IV\u00c1N VIEITO GARC\u00cdA.<\/figcaption><\/figure>\n\n\n\n<p>En una mesa de celebraci\u00f3n navide\u00f1a no suele faltar el vino (hay incluso para los abstemios) as\u00ed que visitar Villabuena de <a href=\"\/casas-rurales\/alava\">\u00c1lava<\/a>, el <strong>pueblo con m\u00e1s bodegas por habitante <\/strong>de Euskadi (seg\u00fan dicen) puede ser \u00fatil y divertido. En el Pa\u00eds Vasco tienen su <strong>propio repartidor de regalos, el Olentzero<\/strong> y en la ferrer\u00eda de Mirandaola, en <a href=\"\/casas-rurales\/guipuzcoa\">Guip\u00fazcoa<\/a>, explican su historia. En la comarca de <a href=\"\/casas-rurales\/las-encartaciones-enkarterri\">Enkarterri<\/a> (<a href=\"\/casas-rurales\/vizcaya\">Vizcaya<\/a>) se puede visitar la cueva de Pozalagua de Carranza, que se descubri\u00f3 un 28 de diciembre de 1957, y el mercadillo de Gordexola.<\/p>\n\n\n\n<div class=\"wp-block-buttons is-layout-flex wp-block-buttons-is-layout-flex\">\n<div class=\"wp-block-button\"><a class=\"wp-block-button__link wp-element-button\" href=\"\/casas-rurales\/pais-vasco\" target=\"_blank\" rel=\"noreferrer noopener\">Alojamientos rurales en el Pa\u00eds Vasco<\/a><\/div>\n<\/div>\n","protected":false},"excerpt":{"rendered":"<p>Mercadillos, belenes, decoraciones luminosas y hasta carnavales. Estos son los mejores planes de diciembre en cada comunidad aut\u00f3noma.<\/p>\n","protected":false},"author":114,"featured_media":210632,"comment_status":"open","ping_status":"open","sticky":false,"template":"","format":"standard","meta":{"_acf_changed":false,"om_disable_all_campaigns":false,"footnotes":""},"categories":[231],"tags":[6072,6013,246,224,5995,6029,5994,469,2054,243,511,468,412,307,518,215,407,428,421,600,450,5590,935,212,274],"class_list":["post-210610","post","type-post","status-publish","format-standard","has-post-thumbnail","hentry","category-arte-y-cultura","tag-andalucia","tag-que-ver-en-aragon","tag-que-ver-en-asturias","tag-que-ver-en-cantabria","tag-que-ver-en-castilla-y-leon","tag-que-ver-en-castilla-la-mancha","tag-que-ver-en-cataluna","tag-que-ver-en-la-comunidad-valenciana","tag-diciembre","tag-que-ver-en-extremadura","tag-familia","tag-que-ver-en-galicia","tag-que-ver-en-islas-baleares","tag-que-ver-en-islas-canarias","tag-que-ver-en-la-rioja","tag-listado","tag-que-ver-en-madrid","tag-que-ver-en-murcia","tag-que-ver-en-navarra","tag-navidad","tag-que-ver-en-pais-vasco","tag-pareja","tag-planes","tag-pueblos","tag-turismo-rural"],"acf":[],"featured_image_src":"https:\/\/www.escapadarural.com\/blog\/wp-content\/uploads\/2025\/11\/AdobeStock_142685986_mercadillo_navidad-scaled.jpeg","author_info":{"display_name":"Carmen L\u00f3pez","author_link":"https:\/\/www.escapadarural.com\/blog\/autor\/carmenlopez\/"},"yoast_head":"<!-- This site is optimized with the Yoast SEO plugin v27.2 - https:\/\/yoast.com\/product\/yoast-seo-wordpress\/ -->\n<title>Planes de diciembre en cada comunidad aut\u00f3noma - EscapadaRural<\/title>\n<meta name=\"description\" content=\"Mercadillos, belenes, decoraciones luminosas y hasta carnavales. Estos son los mejores planes de diciembre en cada comunidad aut\u00f3noma.\" \/>\n<meta name=\"robots\" content=\"index, follow, max-snippet:-1, max-image-preview:large, max-video-preview:-1\" \/>\n<link rel=\"canonical\" href=\"https:\/\/www.escapadarural.com\/blog\/planes-de-diciembre-en-cada-comunidad-autonoma\/\" \/>\n<meta property=\"og:locale\" content=\"es_ES\" \/>\n<meta property=\"og:type\" content=\"article\" \/>\n<meta property=\"og:title\" content=\"Planes de diciembre en cada comunidad aut\u00f3noma - EscapadaRural\" \/>\n<meta property=\"og:description\" content=\"Mercadillos, belenes, decoraciones luminosas y hasta carnavales. Estos son los mejores planes de diciembre en cada comunidad aut\u00f3noma.\" \/>\n<meta property=\"og:url\" content=\"https:\/\/www.escapadarural.com\/blog\/planes-de-diciembre-en-cada-comunidad-autonoma\/\" \/>\n<meta property=\"og:site_name\" content=\"Magazine de viajes de EscapadaRural\" \/>\n<meta property=\"article:publisher\" content=\"https:\/\/www.facebook.com\/escapadarural\" \/>\n<meta property=\"article:published_time\" content=\"2025-12-01T09:22:24+00:00\" \/>\n<meta property=\"article:modified_time\" content=\"2025-12-01T12:21:48+00:00\" \/>\n<meta property=\"og:image\" content=\"https:\/\/www.escapadarural.com\/blog\/wp-content\/uploads\/2025\/11\/AdobeStock_142685986_mercadillo_navidad-scaled.jpeg?v=1764591717\" \/>\n\t<meta property=\"og:image:width\" content=\"2048\" \/>\n\t<meta property=\"og:image:height\" content=\"1365\" \/>\n\t<meta property=\"og:image:type\" content=\"image\/jpeg\" \/>\n<meta name=\"author\" content=\"Carmen L\u00f3pez\" \/>\n<meta name=\"twitter:card\" content=\"summary_large_image\" \/>\n<meta name=\"twitter:label1\" content=\"Escrito por\" \/>\n\t<meta name=\"twitter:data1\" content=\"Carmen L\u00f3pez\" \/>\n\t<meta name=\"twitter:label2\" content=\"Tiempo de lectura\" \/>\n\t<meta name=\"twitter:data2\" content=\"8 minutos\" \/>\n<script type=\"application\/ld+json\" class=\"yoast-schema-graph\">{\"@context\":\"https:\/\/schema.org\",\"@graph\":[{\"@type\":\"Article\",\"@id\":\"https:\/\/www.escapadarural.com\/blog\/planes-de-diciembre-en-cada-comunidad-autonoma\/#article\",\"isPartOf\":{\"@id\":\"https:\/\/www.escapadarural.com\/blog\/planes-de-diciembre-en-cada-comunidad-autonoma\/\"},\"author\":{\"name\":\"Carmen L\u00f3pez\",\"@id\":\"https:\/\/www.escapadarural.com\/blog\/#\/schema\/person\/42dfdff6118172efc6a04c8ae599a2ce\"},\"headline\":\"Planes de diciembre en cada comunidad aut\u00f3noma\",\"datePublished\":\"2025-12-01T09:22:24+00:00\",\"dateModified\":\"2025-12-01T12:21:48+00:00\",\"mainEntityOfPage\":{\"@id\":\"https:\/\/www.escapadarural.com\/blog\/planes-de-diciembre-en-cada-comunidad-autonoma\/\"},\"wordCount\":1585,\"commentCount\":0,\"publisher\":{\"@id\":\"https:\/\/www.escapadarural.com\/blog\/#organization\"},\"image\":{\"@id\":\"https:\/\/www.escapadarural.com\/blog\/planes-de-diciembre-en-cada-comunidad-autonoma\/#primaryimage\"},\"thumbnailUrl\":\"https:\/\/www.escapadarural.com\/blog\/wp-content\/uploads\/2025\/11\/AdobeStock_142685986_mercadillo_navidad-scaled.jpeg\",\"keywords\":[\"Andaluc\u00eda\",\"Arag\u00f3n\",\"Asturias\",\"Cantabria\",\"Castilla y Le\u00f3n\",\"Castilla-La Mancha\",\"Catalu\u00f1a\",\"Comunidad Valenciana\",\"Diciembre\",\"Extremadura\",\"Familia\",\"Galicia\",\"Islas Baleares\",\"Islas Canarias\",\"La Rioja\",\"Listado\",\"Madrid\",\"Murcia\",\"Navarra\",\"Navidad\",\"Pa\u00eds Vasco\",\"Pareja\",\"planes\",\"pueblos\",\"turismo rural\"],\"articleSection\":[\"Arte y Cultura\"],\"inLanguage\":\"es\",\"potentialAction\":[{\"@type\":\"CommentAction\",\"name\":\"Comment\",\"target\":[\"https:\/\/www.escapadarural.com\/blog\/planes-de-diciembre-en-cada-comunidad-autonoma\/#respond\"]}]},{\"@type\":\"WebPage\",\"@id\":\"https:\/\/www.escapadarural.com\/blog\/planes-de-diciembre-en-cada-comunidad-autonoma\/\",\"url\":\"https:\/\/www.escapadarural.com\/blog\/planes-de-diciembre-en-cada-comunidad-autonoma\/\",\"name\":\"Planes de diciembre en cada comunidad aut\u00f3noma - EscapadaRural\",\"isPartOf\":{\"@id\":\"https:\/\/www.escapadarural.com\/blog\/#website\"},\"primaryImageOfPage\":{\"@id\":\"https:\/\/www.escapadarural.com\/blog\/planes-de-diciembre-en-cada-comunidad-autonoma\/#primaryimage\"},\"image\":{\"@id\":\"https:\/\/www.escapadarural.com\/blog\/planes-de-diciembre-en-cada-comunidad-autonoma\/#primaryimage\"},\"thumbnailUrl\":\"https:\/\/www.escapadarural.com\/blog\/wp-content\/uploads\/2025\/11\/AdobeStock_142685986_mercadillo_navidad-scaled.jpeg\",\"datePublished\":\"2025-12-01T09:22:24+00:00\",\"dateModified\":\"2025-12-01T12:21:48+00:00\",\"description\":\"Mercadillos, belenes, decoraciones luminosas y hasta carnavales. Estos son los mejores planes de diciembre en cada comunidad aut\u00f3noma.\",\"breadcrumb\":{\"@id\":\"https:\/\/www.escapadarural.com\/blog\/planes-de-diciembre-en-cada-comunidad-autonoma\/#breadcrumb\"},\"inLanguage\":\"es\",\"potentialAction\":[{\"@type\":\"ReadAction\",\"target\":[\"https:\/\/www.escapadarural.com\/blog\/planes-de-diciembre-en-cada-comunidad-autonoma\/\"]}]},{\"@type\":\"ImageObject\",\"inLanguage\":\"es\",\"@id\":\"https:\/\/www.escapadarural.com\/blog\/planes-de-diciembre-en-cada-comunidad-autonoma\/#primaryimage\",\"url\":\"https:\/\/www.escapadarural.com\/blog\/wp-content\/uploads\/2025\/11\/AdobeStock_142685986_mercadillo_navidad-scaled.jpeg\",\"contentUrl\":\"https:\/\/www.escapadarural.com\/blog\/wp-content\/uploads\/2025\/11\/AdobeStock_142685986_mercadillo_navidad-scaled.jpeg\",\"width\":2048,\"height\":1365,\"caption\":\"Mercadillo de Navidad en Catalu\u00f1a. Por JackF.\"},{\"@type\":\"BreadcrumbList\",\"@id\":\"https:\/\/www.escapadarural.com\/blog\/planes-de-diciembre-en-cada-comunidad-autonoma\/#breadcrumb\",\"itemListElement\":[{\"@type\":\"ListItem\",\"position\":1,\"name\":\"Inicio\",\"item\":\"https:\/\/www.escapadarural.com\/blog\/\"},{\"@type\":\"ListItem\",\"position\":2,\"name\":\"Arte y Cultura\",\"item\":\"https:\/\/www.escapadarural.com\/blog\/categoria\/arte-y-cultura\/\"},{\"@type\":\"ListItem\",\"position\":3,\"name\":\"Planes de diciembre en cada comunidad aut\u00f3noma\"}]},{\"@type\":\"WebSite\",\"@id\":\"https:\/\/www.escapadarural.com\/blog\/#website\",\"url\":\"https:\/\/www.escapadarural.com\/blog\/\",\"name\":\"Blog de viajes | turismo rural, alojamientos e inspiraci\u00f3n\",\"description\":\"Alojamientos rurales e inspiraci\u00f3n para tus escapadas\",\"publisher\":{\"@id\":\"https:\/\/www.escapadarural.com\/blog\/#organization\"},\"alternateName\":\"Magazine de viajes de EscapadaRural\",\"potentialAction\":[{\"@type\":\"SearchAction\",\"target\":{\"@type\":\"EntryPoint\",\"urlTemplate\":\"https:\/\/www.escapadarural.com\/blog\/?s={search_term_string}\"},\"query-input\":{\"@type\":\"PropertyValueSpecification\",\"valueRequired\":true,\"valueName\":\"search_term_string\"}}],\"inLanguage\":\"es\"},{\"@type\":\"Organization\",\"@id\":\"https:\/\/www.escapadarural.com\/blog\/#organization\",\"name\":\"EscapadaRural\",\"url\":\"https:\/\/www.escapadarural.com\/blog\/\",\"logo\":{\"@type\":\"ImageObject\",\"inLanguage\":\"es\",\"@id\":\"https:\/\/www.escapadarural.com\/blog\/#\/schema\/logo\/image\/\",\"url\":\"https:\/\/www.escapadarural.com\/blog\/wp-content\/uploads\/2024\/10\/cropped-cropped-escapada-rural-icon-mag-3.png\",\"contentUrl\":\"https:\/\/www.escapadarural.com\/blog\/wp-content\/uploads\/2024\/10\/cropped-cropped-escapada-rural-icon-mag-3.png\",\"width\":512,\"height\":512,\"caption\":\"EscapadaRural\"},\"image\":{\"@id\":\"https:\/\/www.escapadarural.com\/blog\/#\/schema\/logo\/image\/\"},\"sameAs\":[\"https:\/\/www.facebook.com\/escapadarural\",\"https:\/\/www.instagram.com\/escapadarural\/\",\"https:\/\/www.youtube.com\/@escapadaruralcom\"]},{\"@type\":\"Person\",\"@id\":\"https:\/\/www.escapadarural.com\/blog\/#\/schema\/person\/42dfdff6118172efc6a04c8ae599a2ce\",\"name\":\"Carmen L\u00f3pez\",\"image\":{\"@type\":\"ImageObject\",\"inLanguage\":\"es\",\"@id\":\"https:\/\/www.escapadarural.com\/blog\/wp-content\/uploads\/2024\/11\/cropped-perfil_eldiario-96x96-1-96x96.jpeg\",\"url\":\"https:\/\/www.escapadarural.com\/blog\/wp-content\/uploads\/2024\/11\/cropped-perfil_eldiario-96x96-1-96x96.jpeg\",\"contentUrl\":\"https:\/\/www.escapadarural.com\/blog\/wp-content\/uploads\/2024\/11\/cropped-perfil_eldiario-96x96-1-96x96.jpeg\",\"caption\":\"Carmen L\u00f3pez\"},\"description\":\"Soy periodista y escribo sobre cosas que importan en sitios que interesan desde hace m\u00e1s de una d\u00e9cada.\",\"url\":\"https:\/\/www.escapadarural.com\/blog\/autor\/carmenlopez\/\"}]}<\/script>\n<!-- \/ Yoast SEO plugin. -->","yoast_head_json":{"title":"Planes de diciembre en cada comunidad aut\u00f3noma - EscapadaRural","description":"Mercadillos, belenes, decoraciones luminosas y hasta carnavales. Estos son los mejores planes de diciembre en cada comunidad aut\u00f3noma.","robots":{"index":"index","follow":"follow","max-snippet":"max-snippet:-1","max-image-preview":"max-image-preview:large","max-video-preview":"max-video-preview:-1"},"canonical":"https:\/\/www.escapadarural.com\/blog\/planes-de-diciembre-en-cada-comunidad-autonoma\/","og_locale":"es_ES","og_type":"article","og_title":"Planes de diciembre en cada comunidad aut\u00f3noma - EscapadaRural","og_description":"Mercadillos, belenes, decoraciones luminosas y hasta carnavales. Estos son los mejores planes de diciembre en cada comunidad aut\u00f3noma.","og_url":"https:\/\/www.escapadarural.com\/blog\/planes-de-diciembre-en-cada-comunidad-autonoma\/","og_site_name":"Magazine de viajes de EscapadaRural","article_publisher":"https:\/\/www.facebook.com\/escapadarural","article_published_time":"2025-12-01T09:22:24+00:00","article_modified_time":"2025-12-01T12:21:48+00:00","og_image":[{"width":2048,"height":1365,"url":"https:\/\/www.escapadarural.com\/blog\/wp-content\/uploads\/2025\/11\/AdobeStock_142685986_mercadillo_navidad-scaled.jpeg?v=1764591717","type":"image\/jpeg"}],"author":"Carmen L\u00f3pez","twitter_card":"summary_large_image","twitter_misc":{"Escrito por":"Carmen L\u00f3pez","Tiempo de lectura":"8 minutos"},"schema":{"@context":"https:\/\/schema.org","@graph":[{"@type":"Article","@id":"https:\/\/www.escapadarural.com\/blog\/planes-de-diciembre-en-cada-comunidad-autonoma\/#article","isPartOf":{"@id":"https:\/\/www.escapadarural.com\/blog\/planes-de-diciembre-en-cada-comunidad-autonoma\/"},"author":{"name":"Carmen L\u00f3pez","@id":"https:\/\/www.escapadarural.com\/blog\/#\/schema\/person\/42dfdff6118172efc6a04c8ae599a2ce"},"headline":"Planes de diciembre en cada comunidad aut\u00f3noma","datePublished":"2025-12-01T09:22:24+00:00","dateModified":"2025-12-01T12:21:48+00:00","mainEntityOfPage":{"@id":"https:\/\/www.escapadarural.com\/blog\/planes-de-diciembre-en-cada-comunidad-autonoma\/"},"wordCount":1585,"commentCount":0,"publisher":{"@id":"https:\/\/www.escapadarural.com\/blog\/#organization"},"image":{"@id":"https:\/\/www.escapadarural.com\/blog\/planes-de-diciembre-en-cada-comunidad-autonoma\/#primaryimage"},"thumbnailUrl":"https:\/\/www.escapadarural.com\/blog\/wp-content\/uploads\/2025\/11\/AdobeStock_142685986_mercadillo_navidad-scaled.jpeg","keywords":["Andaluc\u00eda","Arag\u00f3n","Asturias","Cantabria","Castilla y Le\u00f3n","Castilla-La Mancha","Catalu\u00f1a","Comunidad Valenciana","Diciembre","Extremadura","Familia","Galicia","Islas Baleares","Islas Canarias","La Rioja","Listado","Madrid","Murcia","Navarra","Navidad","Pa\u00eds Vasco","Pareja","planes","pueblos","turismo rural"],"articleSection":["Arte y Cultura"],"inLanguage":"es","potentialAction":[{"@type":"CommentAction","name":"Comment","target":["https:\/\/www.escapadarural.com\/blog\/planes-de-diciembre-en-cada-comunidad-autonoma\/#respond"]}]},{"@type":"WebPage","@id":"https:\/\/www.escapadarural.com\/blog\/planes-de-diciembre-en-cada-comunidad-autonoma\/","url":"https:\/\/www.escapadarural.com\/blog\/planes-de-diciembre-en-cada-comunidad-autonoma\/","name":"Planes de diciembre en cada comunidad aut\u00f3noma - EscapadaRural","isPartOf":{"@id":"https:\/\/www.escapadarural.com\/blog\/#website"},"primaryImageOfPage":{"@id":"https:\/\/www.escapadarural.com\/blog\/planes-de-diciembre-en-cada-comunidad-autonoma\/#primaryimage"},"image":{"@id":"https:\/\/www.escapadarural.com\/blog\/planes-de-diciembre-en-cada-comunidad-autonoma\/#primaryimage"},"thumbnailUrl":"https:\/\/www.escapadarural.com\/blog\/wp-content\/uploads\/2025\/11\/AdobeStock_142685986_mercadillo_navidad-scaled.jpeg","datePublished":"2025-12-01T09:22:24+00:00","dateModified":"2025-12-01T12:21:48+00:00","description":"Mercadillos, belenes, decoraciones luminosas y hasta carnavales. Estos son los mejores planes de diciembre en cada comunidad aut\u00f3noma.","breadcrumb":{"@id":"https:\/\/www.escapadarural.com\/blog\/planes-de-diciembre-en-cada-comunidad-autonoma\/#breadcrumb"},"inLanguage":"es","potentialAction":[{"@type":"ReadAction","target":["https:\/\/www.escapadarural.com\/blog\/planes-de-diciembre-en-cada-comunidad-autonoma\/"]}]},{"@type":"ImageObject","inLanguage":"es","@id":"https:\/\/www.escapadarural.com\/blog\/planes-de-diciembre-en-cada-comunidad-autonoma\/#primaryimage","url":"https:\/\/www.escapadarural.com\/blog\/wp-content\/uploads\/2025\/11\/AdobeStock_142685986_mercadillo_navidad-scaled.jpeg","contentUrl":"https:\/\/www.escapadarural.com\/blog\/wp-content\/uploads\/2025\/11\/AdobeStock_142685986_mercadillo_navidad-scaled.jpeg","width":2048,"height":1365,"caption":"Mercadillo de Navidad en Catalu\u00f1a. Por JackF."},{"@type":"BreadcrumbList","@id":"https:\/\/www.escapadarural.com\/blog\/planes-de-diciembre-en-cada-comunidad-autonoma\/#breadcrumb","itemListElement":[{"@type":"ListItem","position":1,"name":"Inicio","item":"https:\/\/www.escapadarural.com\/blog\/"},{"@type":"ListItem","position":2,"name":"Arte y Cultura","item":"https:\/\/www.escapadarural.com\/blog\/categoria\/arte-y-cultura\/"},{"@type":"ListItem","position":3,"name":"Planes de diciembre en cada comunidad aut\u00f3noma"}]},{"@type":"WebSite","@id":"https:\/\/www.escapadarural.com\/blog\/#website","url":"https:\/\/www.escapadarural.com\/blog\/","name":"Blog de viajes | turismo rural, alojamientos e inspiraci\u00f3n","description":"Alojamientos rurales e inspiraci\u00f3n para tus escapadas","publisher":{"@id":"https:\/\/www.escapadarural.com\/blog\/#organization"},"alternateName":"Magazine de viajes de EscapadaRural","potentialAction":[{"@type":"SearchAction","target":{"@type":"EntryPoint","urlTemplate":"https:\/\/www.escapadarural.com\/blog\/?s={search_term_string}"},"query-input":{"@type":"PropertyValueSpecification","valueRequired":true,"valueName":"search_term_string"}}],"inLanguage":"es"},{"@type":"Organization","@id":"https:\/\/www.escapadarural.com\/blog\/#organization","name":"EscapadaRural","url":"https:\/\/www.escapadarural.com\/blog\/","logo":{"@type":"ImageObject","inLanguage":"es","@id":"https:\/\/www.escapadarural.com\/blog\/#\/schema\/logo\/image\/","url":"https:\/\/www.escapadarural.com\/blog\/wp-content\/uploads\/2024\/10\/cropped-cropped-escapada-rural-icon-mag-3.png","contentUrl":"https:\/\/www.escapadarural.com\/blog\/wp-content\/uploads\/2024\/10\/cropped-cropped-escapada-rural-icon-mag-3.png","width":512,"height":512,"caption":"EscapadaRural"},"image":{"@id":"https:\/\/www.escapadarural.com\/blog\/#\/schema\/logo\/image\/"},"sameAs":["https:\/\/www.facebook.com\/escapadarural","https:\/\/www.instagram.com\/escapadarural\/","https:\/\/www.youtube.com\/@escapadaruralcom"]},{"@type":"Person","@id":"https:\/\/www.escapadarural.com\/blog\/#\/schema\/person\/42dfdff6118172efc6a04c8ae599a2ce","name":"Carmen L\u00f3pez","image":{"@type":"ImageObject","inLanguage":"es","@id":"https:\/\/www.escapadarural.com\/blog\/wp-content\/uploads\/2024\/11\/cropped-perfil_eldiario-96x96-1-96x96.jpeg","url":"https:\/\/www.escapadarural.com\/blog\/wp-content\/uploads\/2024\/11\/cropped-perfil_eldiario-96x96-1-96x96.jpeg","contentUrl":"https:\/\/www.escapadarural.com\/blog\/wp-content\/uploads\/2024\/11\/cropped-perfil_eldiario-96x96-1-96x96.jpeg","caption":"Carmen L\u00f3pez"},"description":"Soy periodista y escribo sobre cosas que importan en sitios que interesan desde hace m\u00e1s de una d\u00e9cada.","url":"https:\/\/www.escapadarural.com\/blog\/autor\/carmenlopez\/"}]}},"_links":{"self":[{"href":"https:\/\/www.escapadarural.com\/blog\/wp-json\/wp\/v2\/posts\/210610","targetHints":{"allow":["GET"]}}],"collection":[{"href":"https:\/\/www.escapadarural.com\/blog\/wp-json\/wp\/v2\/posts"}],"about":[{"href":"https:\/\/www.escapadarural.com\/blog\/wp-json\/wp\/v2\/types\/post"}],"author":[{"embeddable":true,"href":"https:\/\/www.escapadarural.com\/blog\/wp-json\/wp\/v2\/users\/114"}],"replies":[{"embeddable":true,"href":"https:\/\/www.escapadarural.com\/blog\/wp-json\/wp\/v2\/comments?post=210610"}],"version-history":[{"count":0,"href":"https:\/\/www.escapadarural.com\/blog\/wp-json\/wp\/v2\/posts\/210610\/revisions"}],"wp:featuredmedia":[{"embeddable":true,"href":"https:\/\/www.escapadarural.com\/blog\/wp-json\/wp\/v2\/media\/210632"}],"wp:attachment":[{"href":"https:\/\/www.escapadarural.com\/blog\/wp-json\/wp\/v2\/media?parent=210610"}],"wp:term":[{"taxonomy":"category","embeddable":true,"href":"https:\/\/www.escapadarural.com\/blog\/wp-json\/wp\/v2\/categories?post=210610"},{"taxonomy":"post_tag","embeddable":true,"href":"https:\/\/www.escapadarural.com\/blog\/wp-json\/wp\/v2\/tags?post=210610"}],"curies":[{"name":"wp","href":"https:\/\/api.w.org\/{rel}","templated":true}]}}