{"id":210690,"date":"2026-01-07T08:55:00","date_gmt":"2026-01-07T07:55:00","guid":{"rendered":"https:\/\/www.escapadarural.com\/blog\/?p=210690"},"modified":"2026-03-13T14:48:04","modified_gmt":"2026-03-13T13:48:04","slug":"pueblos-para-ver-flamenco-autentico","status":"publish","type":"post","link":"https:\/\/www.escapadarural.com\/blog\/pueblos-para-ver-flamenco-autentico\/","title":{"rendered":"Pueblos para disfrutar del flamenco m\u00e1s puro lejos de &#8216;turistadas&#8217;"},"content":{"rendered":"\n<figure class=\"wp-block-image size-large\"><img loading=\"lazy\" decoding=\"async\" width=\"1024\" height=\"683\" src=\"https:\/\/www.escapadarural.com\/blog\/wp-content\/uploads\/2025\/11\/AdobeStock_33908875-1024x683.jpeg\" alt=\"Mujeres bailando flamenco sobre el escenario. Por Laiotz\" class=\"wp-image-210691\" srcset=\"https:\/\/www.escapadarural.com\/blog\/wp-content\/uploads\/2025\/11\/AdobeStock_33908875-200x133.jpeg 200w, https:\/\/www.escapadarural.com\/blog\/wp-content\/uploads\/2025\/11\/AdobeStock_33908875-300x200.jpeg 300w, https:\/\/www.escapadarural.com\/blog\/wp-content\/uploads\/2025\/11\/AdobeStock_33908875-400x267.jpeg 400w, https:\/\/www.escapadarural.com\/blog\/wp-content\/uploads\/2025\/11\/AdobeStock_33908875-600x400.jpeg 600w, https:\/\/www.escapadarural.com\/blog\/wp-content\/uploads\/2025\/11\/AdobeStock_33908875-768x512.jpeg 768w, https:\/\/www.escapadarural.com\/blog\/wp-content\/uploads\/2025\/11\/AdobeStock_33908875-800x533.jpeg 800w, https:\/\/www.escapadarural.com\/blog\/wp-content\/uploads\/2025\/11\/AdobeStock_33908875-1024x683.jpeg 1024w, https:\/\/www.escapadarural.com\/blog\/wp-content\/uploads\/2025\/11\/AdobeStock_33908875-1200x800.jpeg 1200w, https:\/\/www.escapadarural.com\/blog\/wp-content\/uploads\/2025\/11\/AdobeStock_33908875-1536x1024.jpeg 1536w\" sizes=\"auto, (max-width: 1024px) 100vw, 1024px\" \/><figcaption class=\"wp-element-caption\">Mujeres bailando flamenco sobre el escenario. Por Laiotz<\/figcaption><\/figure>\n\n\n\n<p>El <strong>flamenco <\/strong>es una de las expresiones art\u00edsticas de Espa\u00f1a m\u00e1s internacionales (por no decir la que m\u00e1s). Baile, voz y guitarra se entremezclan en un espect\u00e1culo muy expresivo, desgarrador y \u00fanico, ya que la improvisaci\u00f3n es uno de los pilares de este arte. El origen est\u00e1 claro: es una <strong>mezcla de las culturas \u00e1rabe, jud\u00eda y gitana con la andaluza<\/strong>. El cu\u00e1ndo, no tanto, aunque est\u00e1 documentado que en la segunda mitad del siglo XVIII hab\u00eda gitanos que cantaban y bailaban en actuaciones que ser\u00edan un flamenco primigenio.<\/p>\n\n\n\n<div class=\"wp-block-buttons is-layout-flex wp-block-buttons-is-layout-flex\">\n<div class=\"wp-block-button\"><a class=\"wp-block-button__link wp-element-button\" href=\"\/casas-rurales\">Encuentra tu alojamiento<\/a><\/div>\n<\/div>\n\n\n\n<p>Los tablaos flamencos son los lugares por excelencia <strong>para ver este arte tan intenso en directo<\/strong>, caracterizado por el car\u00e1cter, genio y br\u00edo de sus int\u00e9rpretes. Las ciudades andaluzas tienen algunos bastante conocidos (como el Sacromonte de Granada) y son un caramelo para los turistas. Quien busque una experiencia m\u00e1s local, puede explorar algunos <a href=\"\/blog\/pueblos-mas-bonitos-de-andalucia\/\">pueblos andaluces<\/a> y barrios gitanos en los que admirar un flamenco en un entorno m\u00e1s aut\u00e9ntico.<\/p>\n\n\n\n<figure class=\"wp-block-image size-large\"><img loading=\"lazy\" decoding=\"async\" width=\"1024\" height=\"683\" src=\"https:\/\/www.escapadarural.com\/blog\/wp-content\/uploads\/2025\/11\/AdobeStock_250326610-1024x683.jpeg\" alt=\"Patio andaluz preparado para una actuaci\u00f3n de flamenco. Por saragraphika\" class=\"wp-image-210692\" srcset=\"https:\/\/www.escapadarural.com\/blog\/wp-content\/uploads\/2025\/11\/AdobeStock_250326610-200x133.jpeg 200w, https:\/\/www.escapadarural.com\/blog\/wp-content\/uploads\/2025\/11\/AdobeStock_250326610-300x200.jpeg 300w, https:\/\/www.escapadarural.com\/blog\/wp-content\/uploads\/2025\/11\/AdobeStock_250326610-400x267.jpeg 400w, https:\/\/www.escapadarural.com\/blog\/wp-content\/uploads\/2025\/11\/AdobeStock_250326610-600x400.jpeg 600w, https:\/\/www.escapadarural.com\/blog\/wp-content\/uploads\/2025\/11\/AdobeStock_250326610-768x512.jpeg 768w, https:\/\/www.escapadarural.com\/blog\/wp-content\/uploads\/2025\/11\/AdobeStock_250326610-800x533.jpeg 800w, https:\/\/www.escapadarural.com\/blog\/wp-content\/uploads\/2025\/11\/AdobeStock_250326610-1024x683.jpeg 1024w, https:\/\/www.escapadarural.com\/blog\/wp-content\/uploads\/2025\/11\/AdobeStock_250326610-1200x800.jpeg 1200w, https:\/\/www.escapadarural.com\/blog\/wp-content\/uploads\/2025\/11\/AdobeStock_250326610-1536x1024.jpeg 1536w\" sizes=\"auto, (max-width: 1024px) 100vw, 1024px\" \/><figcaption class=\"wp-element-caption\">Patio andaluz preparado para una actuaci\u00f3n de flamenco. Por saragraphika<\/figcaption><\/figure>\n\n\n\n<h2 class=\"wp-block-heading\" id=\"h-jerez-de-la-frontera-nbsp-cadiz-nbsp-cuna-del-flamenco\"><strong>Jerez de la Frontera&nbsp;(<a href=\"\/casas-rurales\/cadiz\">C\u00e1diz<\/a>),&nbsp;cuna del flamenco<\/strong><\/h2>\n\n\n\n<p>Nos adentramos en una de las <strong>capitales del flamenco de barrio y de la buler\u00eda<\/strong>. Jerez de la Frontera, en C\u00e1diz, es un municipio con dos rutas flamencas por las calles que han visto crecer a grandes figuras de este arte y con <a href=\"\/blog\/venta-de-vargas-flamenco-soldados-nazis\/\">tablaos genuinos<\/a> que se alejan de lo m\u00e1s tur\u00edstico.<\/p>\n\n\n\n<p>La primera gira en torno a la plaza del Arenal, en el barrio San Miguel, donde est\u00e1n dos <strong>lugares m\u00edticos para tapear<\/strong>: el tabanco San Pablo y el tabanco las Banderillas. Quiz\u00e1s no lo sepas, pero en Jerez de la Frontera, un tabanco es un bar tradicional que vende <a href=\"\/blog\/rutas-del-vino-en-espana\/\">vinos de la tierra a granel<\/a> y tapas caseras en un ambiente muy local, con m\u00fasica flamenca.<\/p>\n\n\n\n<figure class=\"wp-block-image size-large\"><img loading=\"lazy\" decoding=\"async\" width=\"1024\" height=\"683\" src=\"https:\/\/www.escapadarural.com\/blog\/wp-content\/uploads\/2024\/11\/blick-auf-jerez-de-la-frontera-mit-kathedrale-spanien-stockpack-adobe-stock-scaled-1-1024x683.jpg\" alt=\"Catedral de Jerez de la Frontera\" class=\"wp-image-108735\" srcset=\"https:\/\/www.escapadarural.com\/blog\/wp-content\/uploads\/2024\/11\/blick-auf-jerez-de-la-frontera-mit-kathedrale-spanien-stockpack-adobe-stock-scaled-1-200x133.jpg 200w, https:\/\/www.escapadarural.com\/blog\/wp-content\/uploads\/2024\/11\/blick-auf-jerez-de-la-frontera-mit-kathedrale-spanien-stockpack-adobe-stock-scaled-1-300x200.jpg 300w, https:\/\/www.escapadarural.com\/blog\/wp-content\/uploads\/2024\/11\/blick-auf-jerez-de-la-frontera-mit-kathedrale-spanien-stockpack-adobe-stock-scaled-1-400x267.jpg 400w, https:\/\/www.escapadarural.com\/blog\/wp-content\/uploads\/2024\/11\/blick-auf-jerez-de-la-frontera-mit-kathedrale-spanien-stockpack-adobe-stock-scaled-1-600x400.jpg 600w, https:\/\/www.escapadarural.com\/blog\/wp-content\/uploads\/2024\/11\/blick-auf-jerez-de-la-frontera-mit-kathedrale-spanien-stockpack-adobe-stock-scaled-1-768x512.jpg 768w, https:\/\/www.escapadarural.com\/blog\/wp-content\/uploads\/2024\/11\/blick-auf-jerez-de-la-frontera-mit-kathedrale-spanien-stockpack-adobe-stock-scaled-1-800x533.jpg 800w, https:\/\/www.escapadarural.com\/blog\/wp-content\/uploads\/2024\/11\/blick-auf-jerez-de-la-frontera-mit-kathedrale-spanien-stockpack-adobe-stock-scaled-1-1024x683.jpg 1024w, https:\/\/www.escapadarural.com\/blog\/wp-content\/uploads\/2024\/11\/blick-auf-jerez-de-la-frontera-mit-kathedrale-spanien-stockpack-adobe-stock-scaled-1-1200x800.jpg 1200w, https:\/\/www.escapadarural.com\/blog\/wp-content\/uploads\/2024\/11\/blick-auf-jerez-de-la-frontera-mit-kathedrale-spanien-stockpack-adobe-stock-scaled-1-1536x1024.jpg 1536w\" sizes=\"auto, (max-width: 1024px) 100vw, 1024px\" \/><figcaption class=\"wp-element-caption\">Catedral de Jerez de la Frontera, en C\u00e1diz. Por fotobeam<\/figcaption><\/figure>\n\n\n\n<p>En esta misma \u00e1rea est\u00e1n los monumentos de la cantaora La Paquera de Jerez y de Lola Flores, &#8216;la Faraona&#8217;. De hecho, en su barrio gitano est\u00e1 el tablao flamenco la Guarida del \u00c1ngel, un lugar para emocionarse con <strong>actuaciones en directo y con una exposici\u00f3n de recuerdos<\/strong> personales de la artista.<\/p>\n\n\n\n<p>La segunda zona parte de la plaza Mamel\u00f3n, donde <strong>se puede visitar de forma gratuita el Centro Andaluz de Flamenco<\/strong>. Seguimos por el barrio Santiago, de ra\u00edces gitanas, donde est\u00e1 la Taberna Flamenca Jerezana, un espacio muy aut\u00e9ntico para tapear y con tablao. Por \u00faltimo, los amantes del flamenco tienen una cita obligatoria en la Fiesta de la Buler\u00eda de Jerez de la Frontera, que se celebra cada a\u00f1o en agosto.<\/p>\n\n\n\n<div class=\"wp-block-buttons is-layout-flex wp-block-buttons-is-layout-flex\">\n<div class=\"wp-block-button\"><a class=\"wp-block-button__link wp-element-button\" href=\"\/casas-rurales\/jerez-de-la-frontera\">Alojamientos rurales en Jerez de la Frontera<\/a><\/div>\n<\/div>\n\n\n\n<h2 class=\"wp-block-heading\" id=\"h-el-potaje-gitano-de-utrera-nbsp-sevilla-el-festival-flamenco-mas-antiguo-del-mundo\"><strong>El Potaje Gitano de Utrera&nbsp;(<a href=\"\/casas-rurales\/sevilla\">Sevilla<\/a>), el festival flamenco m\u00e1s antiguo del mundo<\/strong><\/h2>\n\n\n\n<p>La convivencia entre payos y gitanos en el municipio sevillano de Utrera dio pie a una celebraci\u00f3n conjunta durante la Semana Santa. En 1957 se organiz\u00f3 el primer desfile de penitencia de la cofrad\u00eda con una fiesta gitana de hermandad. En ella se guis\u00f3 un potaje de alubias blancas conocido como \u201cpotaje de frijones\u201d.<\/p>\n\n\n\n<figure class=\"wp-block-image size-large\"><img loading=\"lazy\" decoding=\"async\" width=\"1024\" height=\"660\" src=\"https:\/\/www.escapadarural.com\/blog\/wp-content\/uploads\/2025\/11\/AdobeStock_25853825-1024x660.jpeg\" alt=\"Bailaora de flamenco. Por Titanium_images\" class=\"wp-image-210694\" srcset=\"https:\/\/www.escapadarural.com\/blog\/wp-content\/uploads\/2025\/11\/AdobeStock_25853825-200x129.jpeg 200w, https:\/\/www.escapadarural.com\/blog\/wp-content\/uploads\/2025\/11\/AdobeStock_25853825-300x193.jpeg 300w, https:\/\/www.escapadarural.com\/blog\/wp-content\/uploads\/2025\/11\/AdobeStock_25853825-400x258.jpeg 400w, https:\/\/www.escapadarural.com\/blog\/wp-content\/uploads\/2025\/11\/AdobeStock_25853825-600x387.jpeg 600w, https:\/\/www.escapadarural.com\/blog\/wp-content\/uploads\/2025\/11\/AdobeStock_25853825-768x495.jpeg 768w, https:\/\/www.escapadarural.com\/blog\/wp-content\/uploads\/2025\/11\/AdobeStock_25853825-800x516.jpeg 800w, https:\/\/www.escapadarural.com\/blog\/wp-content\/uploads\/2025\/11\/AdobeStock_25853825-1024x660.jpeg 1024w, https:\/\/www.escapadarural.com\/blog\/wp-content\/uploads\/2025\/11\/AdobeStock_25853825-1200x774.jpeg 1200w, https:\/\/www.escapadarural.com\/blog\/wp-content\/uploads\/2025\/11\/AdobeStock_25853825-1536x990.jpeg 1536w\" sizes=\"auto, (max-width: 1024px) 100vw, 1024px\" \/><figcaption class=\"wp-element-caption\">Bailaora de flamenco. Por Titanium_images<\/figcaption><\/figure>\n\n\n\n<p>Como era de esperar, al acabar el \u00e1gape, lleg\u00f3 el cante y el baile. Desde su segundo a\u00f1o se le llam\u00f3 <strong>\u201cPotaje Gitano de Utrera\u201d<\/strong>, un nombre que se ha mantenido hasta la actualidad como todo un referente art\u00edstico, ya que se convirti\u00f3 en el<strong> primer festival de flamenco de Espa\u00f1a<\/strong>. \u00a1Ya van por 69 ediciones! Se celebra el \u00faltimo s\u00e1bado de junio en el patio del Colegio Salesiano de Utrera y, cada a\u00f1o, suelen acudir unas 2.000 personas. Otra cita imprescindible es el <strong>Tac\u00f3n Flamenco de Utrera<\/strong>, el \u00fanico festival de Andaluc\u00eda que le dedica nada menos que siete d\u00edas al baile. Adem\u00e1s de recitales, hay otras actividades relacionadas como mesas redondas, talleres, etc. Tiene lugar a finales de febrero.<\/p>\n\n\n\n<div class=\"wp-block-buttons is-layout-flex wp-block-buttons-is-layout-flex\">\n<div class=\"wp-block-button\"><a class=\"wp-block-button__link wp-element-button\" href=\"\/casas-rurales\/utrera\">Alojamientos rurales en Utrera<\/a><\/div>\n<\/div>\n\n\n\n<h2 class=\"wp-block-heading\" id=\"h-el-festival-de-cante-jondo-antonio-mairena-de-mairena-del-alcor-nbsp-sevilla\"><strong>El Festival de Cante Jondo Antonio Mairena de Mairena del Alcor&nbsp;(<a href=\"\/casas-rurales\/sevilla\">Sevilla<\/a>)<\/strong><\/h2>\n\n\n\n<p>Y del baile pasamos a la voz. El municipio de Mairena del Alcor, al este de Sevilla, es muy conocido entre los amantes del flamenco porque acoge uno de los eventos m\u00e1s esperados del a\u00f1o: el <strong>Festival de Cante Jondo Antonio Mairena<\/strong>, que recibe el nombre de uno de los grandes maestros del cante gitano-andaluz.<\/p>\n\n\n\n<p>Es uno de los grandes <strong>referentes del flamenco puro y tradicional<\/strong> y atrae cada a\u00f1o a aficionados, artistas, cr\u00edticos y prensa especializada. El momento estelar es la noche de la final del concurso de aficionados, una plataforma para que nuevos rostros se den a conocer en el mundillo.<\/p>\n\n\n\n<figure class=\"wp-block-image size-large\"><img loading=\"lazy\" decoding=\"async\" width=\"1024\" height=\"683\" src=\"https:\/\/www.escapadarural.com\/blog\/wp-content\/uploads\/2025\/11\/AdobeStock_1488702260-1024x683.jpeg\" alt=\"El castillo medieval de Mairena del Alcor (Sevilla). Por Jorge Anastacio\" class=\"wp-image-210693\" srcset=\"https:\/\/www.escapadarural.com\/blog\/wp-content\/uploads\/2025\/11\/AdobeStock_1488702260-200x133.jpeg 200w, https:\/\/www.escapadarural.com\/blog\/wp-content\/uploads\/2025\/11\/AdobeStock_1488702260-300x200.jpeg 300w, https:\/\/www.escapadarural.com\/blog\/wp-content\/uploads\/2025\/11\/AdobeStock_1488702260-400x267.jpeg 400w, https:\/\/www.escapadarural.com\/blog\/wp-content\/uploads\/2025\/11\/AdobeStock_1488702260-600x400.jpeg 600w, https:\/\/www.escapadarural.com\/blog\/wp-content\/uploads\/2025\/11\/AdobeStock_1488702260-768x512.jpeg 768w, https:\/\/www.escapadarural.com\/blog\/wp-content\/uploads\/2025\/11\/AdobeStock_1488702260-800x533.jpeg 800w, https:\/\/www.escapadarural.com\/blog\/wp-content\/uploads\/2025\/11\/AdobeStock_1488702260-1024x683.jpeg 1024w, https:\/\/www.escapadarural.com\/blog\/wp-content\/uploads\/2025\/11\/AdobeStock_1488702260-1200x800.jpeg 1200w, https:\/\/www.escapadarural.com\/blog\/wp-content\/uploads\/2025\/11\/AdobeStock_1488702260-1536x1024.jpeg 1536w\" sizes=\"auto, (max-width: 1024px) 100vw, 1024px\" \/><figcaption class=\"wp-element-caption\">El castillo medieval de Mairena del Alcor (Sevilla). Por Jorge Anastacio<\/figcaption><\/figure>\n\n\n\n<p>El Festival de Cante Jondo es una buena excusa para sumergirse en un ambiente muy local en la casa-palacio de Mairena del Alcor. El encuentro se organiza anualmente entre finales de agosto y principios de septiembre, y alberga diferentes actividades. Adem\u00e1s de recitales, hay conferencias y hasta una <strong><em>masterclass<\/em> de baile flamenco<\/strong>.<\/p>\n\n\n\n<p>En Mairena del Alcor podemos sumergirnos todav\u00eda m\u00e1s en su <strong>cultura gitana siguiendo una ruta flamenca<\/strong> que visita la Alegor\u00eda a la Cultura, en alusi\u00f3n al cante jondo, en la plaza de Antonio Mairena. Prosigue por la casa natal de este insigne cantaor y otros elementos relacionados con este expresivo arte como el monumento al Cante Grande Gitano.<\/p>\n\n\n\n<div class=\"wp-block-buttons is-layout-flex wp-block-buttons-is-layout-flex\">\n<div class=\"wp-block-button\"><a class=\"wp-block-button__link wp-element-button\" href=\"\/casas-rurales\/mairena-del-alcor\">Alojamientos rurales en Mairena del Alcor<\/a><\/div>\n<\/div>\n\n\n\n<h2 class=\"wp-block-heading\" id=\"h-el-flamenco-intimo-de-moron-de-la-frontera-nbsp-sevilla\"><strong>El flamenco \u00edntimo de Mor\u00f3n de la Frontera&nbsp;(<a href=\"\/casas-rurales\/sevilla\">Sevilla<\/a>)<\/strong><\/h2>\n\n\n\n<p>Acabamos la ruta para ver el flamenco m\u00e1s aut\u00e9ntico y emocionante, lejos de <em>turistadas<\/em>, en el municipio sevillano de Mor\u00f3n de la Frontera. Despu\u00e9s de ver referencias en el baile y en el cante, ahora toca otro elemento clave de este arte: la <strong>guitarra<\/strong>. Aqu\u00ed es caracter\u00edstico el \u201ctoque de Mor\u00f3n\u201d o \u201ctoque a cuerda pel\u00e1\u201d, que populariz\u00f3 el legendario m\u00fasico Diego del Gastor. Hay incluso un monumento dedicado a \u00e9l en la localidad.<\/p>\n\n\n\n<figure class=\"wp-block-image size-large\"><img loading=\"lazy\" decoding=\"async\" width=\"1024\" height=\"683\" src=\"https:\/\/www.escapadarural.com\/blog\/wp-content\/uploads\/2025\/11\/AdobeStock_1383298-1024x683.jpeg\" alt=\"Velada de flamenco. Por Harry Macias\" class=\"wp-image-210695\" srcset=\"https:\/\/www.escapadarural.com\/blog\/wp-content\/uploads\/2025\/11\/AdobeStock_1383298-200x133.jpeg 200w, https:\/\/www.escapadarural.com\/blog\/wp-content\/uploads\/2025\/11\/AdobeStock_1383298-300x200.jpeg 300w, https:\/\/www.escapadarural.com\/blog\/wp-content\/uploads\/2025\/11\/AdobeStock_1383298-400x267.jpeg 400w, https:\/\/www.escapadarural.com\/blog\/wp-content\/uploads\/2025\/11\/AdobeStock_1383298-600x400.jpeg 600w, https:\/\/www.escapadarural.com\/blog\/wp-content\/uploads\/2025\/11\/AdobeStock_1383298-768x512.jpeg 768w, https:\/\/www.escapadarural.com\/blog\/wp-content\/uploads\/2025\/11\/AdobeStock_1383298-800x533.jpeg 800w, https:\/\/www.escapadarural.com\/blog\/wp-content\/uploads\/2025\/11\/AdobeStock_1383298-1024x683.jpeg 1024w, https:\/\/www.escapadarural.com\/blog\/wp-content\/uploads\/2025\/11\/AdobeStock_1383298-1200x800.jpeg 1200w, https:\/\/www.escapadarural.com\/blog\/wp-content\/uploads\/2025\/11\/AdobeStock_1383298-1536x1024.jpeg 1536w\" sizes=\"auto, (max-width: 1024px) 100vw, 1024px\" \/><figcaption class=\"wp-element-caption\">Velada de flamenco. Por Harry Macias<\/figcaption><\/figure>\n\n\n\n<p>Un buen lugar para descubrir c\u00f3mo se vive el flamenco en Mor\u00f3n de la Frontera es el <strong>festival \u201cGazpacho Andaluz\u201d, <\/strong>que se celebra en julio. Otros enclaves interesantes para conocer mejor este arte es el bar Alem\u00e1n, de ambiente flamenco genuino; el C\u00edrculo Mercantil, que hasta los a\u00f1os sesenta del siglo XX fue punto de encuentro de artistas y aficionados; la Casa de los Artistas, donde vivi\u00f3 Diego del Gastor junto a buena parte de la familia flamenca de mediados del siglo XX; la Tertulia Cultural Flamenca \u201cEl Gallo\u201d; y el bar hist\u00f3rico Casa Pepe, en la plaza de San Miguel, centro neur\u00e1lgico del flamenco del siglo pasado.<\/p>\n\n\n\n<div class=\"wp-block-buttons is-layout-flex wp-block-buttons-is-layout-flex\">\n<div class=\"wp-block-button\"><a class=\"wp-block-button__link wp-element-button\" href=\"\/casas-rurales\/moron-de-la-frontera\">Alojamientos rurales en Mor\u00f3n de la Frontera<\/a><\/div>\n<\/div>\n","protected":false},"excerpt":{"rendered":"<p>Conocemos los tablaos y barrios m\u00e1s aut\u00e9nticos para descubrir emotivas actuaciones de flamenco fuera de las ciudades<\/p>\n","protected":false},"author":123,"featured_media":210692,"comment_status":"open","ping_status":"open","sticky":false,"template":"","format":"standard","meta":{"_acf_changed":false,"om_disable_all_campaigns":false,"footnotes":""},"categories":[231,191],"tags":[2197,448,648,294,4911,2283,6696,6691,504,5590,312,2547],"class_list":["post-210690","post","type-post","status-publish","format-standard","has-post-thumbnail","hentry","category-arte-y-cultura","category-destinos","tag-amigos","tag-que-ver-en-andalucia","tag-que-ver-en-cadiz","tag-cultura","tag-flamenco","tag-jerez-de-la-frontera","tag-mairena-del-alcor","tag-moron-de-la-frontera","tag-musica","tag-pareja","tag-que-ver-en-sevilla","tag-utrera"],"acf":[],"featured_image_src":"https:\/\/www.escapadarural.com\/blog\/wp-content\/uploads\/2025\/11\/AdobeStock_250326610-scaled.jpeg","author_info":{"display_name":"Raquel Andr\u00e9s","author_link":"https:\/\/www.escapadarural.com\/blog\/autor\/raquel\/"},"yoast_head":"<!-- This site is optimized with the Yoast SEO plugin v27.5 - https:\/\/yoast.com\/product\/yoast-seo-wordpress\/ -->\n<title>Pueblos para disfrutar del flamenco m\u00e1s puro lejos de &#039;turistadas&#039; - EscapadaRural<\/title>\n<meta name=\"description\" content=\"Conocemos los tablaos y barrios m\u00e1s aut\u00e9nticos para descubrir emotivas actuaciones de flamenco fuera de las ciudades\" \/>\n<meta name=\"robots\" content=\"index, follow, max-snippet:-1, max-image-preview:large, max-video-preview:-1\" \/>\n<link rel=\"canonical\" href=\"https:\/\/www.escapadarural.com\/blog\/pueblos-para-ver-flamenco-autentico\/\" \/>\n<meta property=\"og:locale\" content=\"es_ES\" \/>\n<meta property=\"og:type\" content=\"article\" \/>\n<meta property=\"og:title\" content=\"Pueblos para disfrutar del flamenco m\u00e1s puro lejos de &#039;turistadas&#039; - EscapadaRural\" \/>\n<meta property=\"og:description\" content=\"Conocemos los tablaos y barrios m\u00e1s aut\u00e9nticos para descubrir emotivas actuaciones de flamenco fuera de las ciudades\" \/>\n<meta property=\"og:url\" content=\"https:\/\/www.escapadarural.com\/blog\/pueblos-para-ver-flamenco-autentico\/\" \/>\n<meta property=\"og:site_name\" content=\"Magazine de viajes de EscapadaRural\" \/>\n<meta property=\"article:publisher\" content=\"https:\/\/www.facebook.com\/escapadarural\" \/>\n<meta property=\"article:published_time\" content=\"2026-01-07T07:55:00+00:00\" \/>\n<meta property=\"article:modified_time\" content=\"2026-03-13T13:48:04+00:00\" \/>\n<meta property=\"og:image\" content=\"https:\/\/www.escapadarural.com\/blog\/wp-content\/uploads\/2025\/11\/AdobeStock_250326610-scaled.jpeg?v=1773409684\" \/>\n\t<meta property=\"og:image:width\" content=\"2048\" \/>\n\t<meta property=\"og:image:height\" content=\"1365\" \/>\n\t<meta property=\"og:image:type\" content=\"image\/jpeg\" \/>\n<meta name=\"author\" content=\"Raquel Andr\u00e9s\" \/>\n<meta name=\"twitter:card\" content=\"summary_large_image\" \/>\n<meta name=\"twitter:label1\" content=\"Escrito por\" \/>\n\t<meta name=\"twitter:data1\" content=\"Raquel Andr\u00e9s\" \/>\n\t<meta name=\"twitter:label2\" content=\"Tiempo de lectura\" \/>\n\t<meta name=\"twitter:data2\" content=\"6 minutos\" \/>\n<script type=\"application\/ld+json\" class=\"yoast-schema-graph\">{\"@context\":\"https:\\\/\\\/schema.org\",\"@graph\":[{\"@type\":\"Article\",\"@id\":\"https:\\\/\\\/www.escapadarural.com\\\/blog\\\/pueblos-para-ver-flamenco-autentico\\\/#article\",\"isPartOf\":{\"@id\":\"https:\\\/\\\/www.escapadarural.com\\\/blog\\\/pueblos-para-ver-flamenco-autentico\\\/\"},\"author\":{\"name\":\"Raquel Andr\u00e9s\",\"@id\":\"https:\\\/\\\/www.escapadarural.com\\\/blog\\\/#\\\/schema\\\/person\\\/67be061eb00d8315fa8642e01b88c894\"},\"headline\":\"Pueblos para disfrutar del flamenco m\u00e1s puro lejos de &#8216;turistadas&#8217;\",\"datePublished\":\"2026-01-07T07:55:00+00:00\",\"dateModified\":\"2026-03-13T13:48:04+00:00\",\"mainEntityOfPage\":{\"@id\":\"https:\\\/\\\/www.escapadarural.com\\\/blog\\\/pueblos-para-ver-flamenco-autentico\\\/\"},\"wordCount\":1174,\"commentCount\":1,\"publisher\":{\"@id\":\"https:\\\/\\\/www.escapadarural.com\\\/blog\\\/#organization\"},\"image\":{\"@id\":\"https:\\\/\\\/www.escapadarural.com\\\/blog\\\/pueblos-para-ver-flamenco-autentico\\\/#primaryimage\"},\"thumbnailUrl\":\"https:\\\/\\\/www.escapadarural.com\\\/blog\\\/wp-content\\\/uploads\\\/2025\\\/11\\\/AdobeStock_250326610-scaled.jpeg\",\"keywords\":[\"amigos\",\"Andaluc\u00eda\",\"C\u00e1diz\",\"cultura\",\"Flamenco\",\"Jerez de la Frontera\",\"Mairena del Alcor\",\"Mor\u00f3n de la Frontera\",\"M\u00fasica\",\"Pareja\",\"Sevilla\",\"utrera\"],\"articleSection\":[\"Arte y Cultura\",\"Destinos\"],\"inLanguage\":\"es\",\"potentialAction\":[{\"@type\":\"CommentAction\",\"name\":\"Comment\",\"target\":[\"https:\\\/\\\/www.escapadarural.com\\\/blog\\\/pueblos-para-ver-flamenco-autentico\\\/#respond\"]}]},{\"@type\":\"WebPage\",\"@id\":\"https:\\\/\\\/www.escapadarural.com\\\/blog\\\/pueblos-para-ver-flamenco-autentico\\\/\",\"url\":\"https:\\\/\\\/www.escapadarural.com\\\/blog\\\/pueblos-para-ver-flamenco-autentico\\\/\",\"name\":\"Pueblos para disfrutar del flamenco m\u00e1s puro lejos de 'turistadas' - EscapadaRural\",\"isPartOf\":{\"@id\":\"https:\\\/\\\/www.escapadarural.com\\\/blog\\\/#website\"},\"primaryImageOfPage\":{\"@id\":\"https:\\\/\\\/www.escapadarural.com\\\/blog\\\/pueblos-para-ver-flamenco-autentico\\\/#primaryimage\"},\"image\":{\"@id\":\"https:\\\/\\\/www.escapadarural.com\\\/blog\\\/pueblos-para-ver-flamenco-autentico\\\/#primaryimage\"},\"thumbnailUrl\":\"https:\\\/\\\/www.escapadarural.com\\\/blog\\\/wp-content\\\/uploads\\\/2025\\\/11\\\/AdobeStock_250326610-scaled.jpeg\",\"datePublished\":\"2026-01-07T07:55:00+00:00\",\"dateModified\":\"2026-03-13T13:48:04+00:00\",\"description\":\"Conocemos los tablaos y barrios m\u00e1s aut\u00e9nticos para descubrir emotivas actuaciones de flamenco fuera de las ciudades\",\"breadcrumb\":{\"@id\":\"https:\\\/\\\/www.escapadarural.com\\\/blog\\\/pueblos-para-ver-flamenco-autentico\\\/#breadcrumb\"},\"inLanguage\":\"es\",\"potentialAction\":[{\"@type\":\"ReadAction\",\"target\":[\"https:\\\/\\\/www.escapadarural.com\\\/blog\\\/pueblos-para-ver-flamenco-autentico\\\/\"]}]},{\"@type\":\"ImageObject\",\"inLanguage\":\"es\",\"@id\":\"https:\\\/\\\/www.escapadarural.com\\\/blog\\\/pueblos-para-ver-flamenco-autentico\\\/#primaryimage\",\"url\":\"https:\\\/\\\/www.escapadarural.com\\\/blog\\\/wp-content\\\/uploads\\\/2025\\\/11\\\/AdobeStock_250326610-scaled.jpeg\",\"contentUrl\":\"https:\\\/\\\/www.escapadarural.com\\\/blog\\\/wp-content\\\/uploads\\\/2025\\\/11\\\/AdobeStock_250326610-scaled.jpeg\",\"width\":2048,\"height\":1365,\"caption\":\"Patio andaluz preparado para una actuaci\u00f3n de flamenco. Por saragraphika\"},{\"@type\":\"BreadcrumbList\",\"@id\":\"https:\\\/\\\/www.escapadarural.com\\\/blog\\\/pueblos-para-ver-flamenco-autentico\\\/#breadcrumb\",\"itemListElement\":[{\"@type\":\"ListItem\",\"position\":1,\"name\":\"Inicio\",\"item\":\"https:\\\/\\\/www.escapadarural.com\\\/blog\\\/\"},{\"@type\":\"ListItem\",\"position\":2,\"name\":\"Arte y Cultura\",\"item\":\"https:\\\/\\\/www.escapadarural.com\\\/blog\\\/categoria\\\/arte-y-cultura\\\/\"},{\"@type\":\"ListItem\",\"position\":3,\"name\":\"Pueblos para disfrutar del flamenco m\u00e1s puro lejos de &#8216;turistadas&#8217;\"}]},{\"@type\":\"WebSite\",\"@id\":\"https:\\\/\\\/www.escapadarural.com\\\/blog\\\/#website\",\"url\":\"https:\\\/\\\/www.escapadarural.com\\\/blog\\\/\",\"name\":\"Blog de viajes | turismo rural, alojamientos e inspiraci\u00f3n\",\"description\":\"Alojamientos rurales e inspiraci\u00f3n para tus escapadas\",\"publisher\":{\"@id\":\"https:\\\/\\\/www.escapadarural.com\\\/blog\\\/#organization\"},\"alternateName\":\"Magazine de viajes de EscapadaRural\",\"potentialAction\":[{\"@type\":\"SearchAction\",\"target\":{\"@type\":\"EntryPoint\",\"urlTemplate\":\"https:\\\/\\\/www.escapadarural.com\\\/blog\\\/?s={search_term_string}\"},\"query-input\":{\"@type\":\"PropertyValueSpecification\",\"valueRequired\":true,\"valueName\":\"search_term_string\"}}],\"inLanguage\":\"es\"},{\"@type\":\"Organization\",\"@id\":\"https:\\\/\\\/www.escapadarural.com\\\/blog\\\/#organization\",\"name\":\"EscapadaRural\",\"url\":\"https:\\\/\\\/www.escapadarural.com\\\/blog\\\/\",\"logo\":{\"@type\":\"ImageObject\",\"inLanguage\":\"es\",\"@id\":\"https:\\\/\\\/www.escapadarural.com\\\/blog\\\/#\\\/schema\\\/logo\\\/image\\\/\",\"url\":\"https:\\\/\\\/www.escapadarural.com\\\/blog\\\/wp-content\\\/uploads\\\/2024\\\/10\\\/cropped-cropped-escapada-rural-icon-mag-3.png\",\"contentUrl\":\"https:\\\/\\\/www.escapadarural.com\\\/blog\\\/wp-content\\\/uploads\\\/2024\\\/10\\\/cropped-cropped-escapada-rural-icon-mag-3.png\",\"width\":512,\"height\":512,\"caption\":\"EscapadaRural\"},\"image\":{\"@id\":\"https:\\\/\\\/www.escapadarural.com\\\/blog\\\/#\\\/schema\\\/logo\\\/image\\\/\"},\"sameAs\":[\"https:\\\/\\\/www.facebook.com\\\/escapadarural\",\"https:\\\/\\\/www.instagram.com\\\/escapadarural\\\/\",\"https:\\\/\\\/www.youtube.com\\\/@escapadaruralcom\"]},{\"@type\":\"Person\",\"@id\":\"https:\\\/\\\/www.escapadarural.com\\\/blog\\\/#\\\/schema\\\/person\\\/67be061eb00d8315fa8642e01b88c894\",\"name\":\"Raquel Andr\u00e9s\",\"image\":{\"@type\":\"ImageObject\",\"inLanguage\":\"es\",\"@id\":\"https:\\\/\\\/secure.gravatar.com\\\/avatar\\\/b45840531462f3cafb335a9fc5c0bfda2c07c3df4b82b304b923526b85cc6cb5?s=96&d=mm&r=g\",\"url\":\"https:\\\/\\\/secure.gravatar.com\\\/avatar\\\/b45840531462f3cafb335a9fc5c0bfda2c07c3df4b82b304b923526b85cc6cb5?s=96&d=mm&r=g\",\"contentUrl\":\"https:\\\/\\\/secure.gravatar.com\\\/avatar\\\/b45840531462f3cafb335a9fc5c0bfda2c07c3df4b82b304b923526b85cc6cb5?s=96&d=mm&r=g\",\"caption\":\"Raquel Andr\u00e9s\"},\"description\":\"Periodista y aventurera. Me has podido leer en Escapada Rural, Diari Nosaltres La Veu, La Vanguardia, El Salto y otros medios. Habitante y amante de las zonas rurales, sea cual sea el destino. Procuro escaparme una vez por semana con las botas de monta\u00f1a, el arn\u00e9s o el neopreno. Tambi\u00e9n soy un intento de baserritarra.\",\"url\":\"https:\\\/\\\/www.escapadarural.com\\\/blog\\\/autor\\\/raquel\\\/\"}]}<\/script>\n<!-- \/ Yoast SEO plugin. -->","yoast_head_json":{"title":"Pueblos para disfrutar del flamenco m\u00e1s puro lejos de 'turistadas' - EscapadaRural","description":"Conocemos los tablaos y barrios m\u00e1s aut\u00e9nticos para descubrir emotivas actuaciones de flamenco fuera de las ciudades","robots":{"index":"index","follow":"follow","max-snippet":"max-snippet:-1","max-image-preview":"max-image-preview:large","max-video-preview":"max-video-preview:-1"},"canonical":"https:\/\/www.escapadarural.com\/blog\/pueblos-para-ver-flamenco-autentico\/","og_locale":"es_ES","og_type":"article","og_title":"Pueblos para disfrutar del flamenco m\u00e1s puro lejos de 'turistadas' - EscapadaRural","og_description":"Conocemos los tablaos y barrios m\u00e1s aut\u00e9nticos para descubrir emotivas actuaciones de flamenco fuera de las ciudades","og_url":"https:\/\/www.escapadarural.com\/blog\/pueblos-para-ver-flamenco-autentico\/","og_site_name":"Magazine de viajes de EscapadaRural","article_publisher":"https:\/\/www.facebook.com\/escapadarural","article_published_time":"2026-01-07T07:55:00+00:00","article_modified_time":"2026-03-13T13:48:04+00:00","og_image":[{"width":2048,"height":1365,"url":"https:\/\/www.escapadarural.com\/blog\/wp-content\/uploads\/2025\/11\/AdobeStock_250326610-scaled.jpeg?v=1773409684","type":"image\/jpeg"}],"author":"Raquel Andr\u00e9s","twitter_card":"summary_large_image","twitter_misc":{"Escrito por":"Raquel Andr\u00e9s","Tiempo de lectura":"6 minutos"},"schema":{"@context":"https:\/\/schema.org","@graph":[{"@type":"Article","@id":"https:\/\/www.escapadarural.com\/blog\/pueblos-para-ver-flamenco-autentico\/#article","isPartOf":{"@id":"https:\/\/www.escapadarural.com\/blog\/pueblos-para-ver-flamenco-autentico\/"},"author":{"name":"Raquel Andr\u00e9s","@id":"https:\/\/www.escapadarural.com\/blog\/#\/schema\/person\/67be061eb00d8315fa8642e01b88c894"},"headline":"Pueblos para disfrutar del flamenco m\u00e1s puro lejos de &#8216;turistadas&#8217;","datePublished":"2026-01-07T07:55:00+00:00","dateModified":"2026-03-13T13:48:04+00:00","mainEntityOfPage":{"@id":"https:\/\/www.escapadarural.com\/blog\/pueblos-para-ver-flamenco-autentico\/"},"wordCount":1174,"commentCount":1,"publisher":{"@id":"https:\/\/www.escapadarural.com\/blog\/#organization"},"image":{"@id":"https:\/\/www.escapadarural.com\/blog\/pueblos-para-ver-flamenco-autentico\/#primaryimage"},"thumbnailUrl":"https:\/\/www.escapadarural.com\/blog\/wp-content\/uploads\/2025\/11\/AdobeStock_250326610-scaled.jpeg","keywords":["amigos","Andaluc\u00eda","C\u00e1diz","cultura","Flamenco","Jerez de la Frontera","Mairena del Alcor","Mor\u00f3n de la Frontera","M\u00fasica","Pareja","Sevilla","utrera"],"articleSection":["Arte y Cultura","Destinos"],"inLanguage":"es","potentialAction":[{"@type":"CommentAction","name":"Comment","target":["https:\/\/www.escapadarural.com\/blog\/pueblos-para-ver-flamenco-autentico\/#respond"]}]},{"@type":"WebPage","@id":"https:\/\/www.escapadarural.com\/blog\/pueblos-para-ver-flamenco-autentico\/","url":"https:\/\/www.escapadarural.com\/blog\/pueblos-para-ver-flamenco-autentico\/","name":"Pueblos para disfrutar del flamenco m\u00e1s puro lejos de 'turistadas' - EscapadaRural","isPartOf":{"@id":"https:\/\/www.escapadarural.com\/blog\/#website"},"primaryImageOfPage":{"@id":"https:\/\/www.escapadarural.com\/blog\/pueblos-para-ver-flamenco-autentico\/#primaryimage"},"image":{"@id":"https:\/\/www.escapadarural.com\/blog\/pueblos-para-ver-flamenco-autentico\/#primaryimage"},"thumbnailUrl":"https:\/\/www.escapadarural.com\/blog\/wp-content\/uploads\/2025\/11\/AdobeStock_250326610-scaled.jpeg","datePublished":"2026-01-07T07:55:00+00:00","dateModified":"2026-03-13T13:48:04+00:00","description":"Conocemos los tablaos y barrios m\u00e1s aut\u00e9nticos para descubrir emotivas actuaciones de flamenco fuera de las ciudades","breadcrumb":{"@id":"https:\/\/www.escapadarural.com\/blog\/pueblos-para-ver-flamenco-autentico\/#breadcrumb"},"inLanguage":"es","potentialAction":[{"@type":"ReadAction","target":["https:\/\/www.escapadarural.com\/blog\/pueblos-para-ver-flamenco-autentico\/"]}]},{"@type":"ImageObject","inLanguage":"es","@id":"https:\/\/www.escapadarural.com\/blog\/pueblos-para-ver-flamenco-autentico\/#primaryimage","url":"https:\/\/www.escapadarural.com\/blog\/wp-content\/uploads\/2025\/11\/AdobeStock_250326610-scaled.jpeg","contentUrl":"https:\/\/www.escapadarural.com\/blog\/wp-content\/uploads\/2025\/11\/AdobeStock_250326610-scaled.jpeg","width":2048,"height":1365,"caption":"Patio andaluz preparado para una actuaci\u00f3n de flamenco. Por saragraphika"},{"@type":"BreadcrumbList","@id":"https:\/\/www.escapadarural.com\/blog\/pueblos-para-ver-flamenco-autentico\/#breadcrumb","itemListElement":[{"@type":"ListItem","position":1,"name":"Inicio","item":"https:\/\/www.escapadarural.com\/blog\/"},{"@type":"ListItem","position":2,"name":"Arte y Cultura","item":"https:\/\/www.escapadarural.com\/blog\/categoria\/arte-y-cultura\/"},{"@type":"ListItem","position":3,"name":"Pueblos para disfrutar del flamenco m\u00e1s puro lejos de &#8216;turistadas&#8217;"}]},{"@type":"WebSite","@id":"https:\/\/www.escapadarural.com\/blog\/#website","url":"https:\/\/www.escapadarural.com\/blog\/","name":"Blog de viajes | turismo rural, alojamientos e inspiraci\u00f3n","description":"Alojamientos rurales e inspiraci\u00f3n para tus escapadas","publisher":{"@id":"https:\/\/www.escapadarural.com\/blog\/#organization"},"alternateName":"Magazine de viajes de EscapadaRural","potentialAction":[{"@type":"SearchAction","target":{"@type":"EntryPoint","urlTemplate":"https:\/\/www.escapadarural.com\/blog\/?s={search_term_string}"},"query-input":{"@type":"PropertyValueSpecification","valueRequired":true,"valueName":"search_term_string"}}],"inLanguage":"es"},{"@type":"Organization","@id":"https:\/\/www.escapadarural.com\/blog\/#organization","name":"EscapadaRural","url":"https:\/\/www.escapadarural.com\/blog\/","logo":{"@type":"ImageObject","inLanguage":"es","@id":"https:\/\/www.escapadarural.com\/blog\/#\/schema\/logo\/image\/","url":"https:\/\/www.escapadarural.com\/blog\/wp-content\/uploads\/2024\/10\/cropped-cropped-escapada-rural-icon-mag-3.png","contentUrl":"https:\/\/www.escapadarural.com\/blog\/wp-content\/uploads\/2024\/10\/cropped-cropped-escapada-rural-icon-mag-3.png","width":512,"height":512,"caption":"EscapadaRural"},"image":{"@id":"https:\/\/www.escapadarural.com\/blog\/#\/schema\/logo\/image\/"},"sameAs":["https:\/\/www.facebook.com\/escapadarural","https:\/\/www.instagram.com\/escapadarural\/","https:\/\/www.youtube.com\/@escapadaruralcom"]},{"@type":"Person","@id":"https:\/\/www.escapadarural.com\/blog\/#\/schema\/person\/67be061eb00d8315fa8642e01b88c894","name":"Raquel Andr\u00e9s","image":{"@type":"ImageObject","inLanguage":"es","@id":"https:\/\/secure.gravatar.com\/avatar\/b45840531462f3cafb335a9fc5c0bfda2c07c3df4b82b304b923526b85cc6cb5?s=96&d=mm&r=g","url":"https:\/\/secure.gravatar.com\/avatar\/b45840531462f3cafb335a9fc5c0bfda2c07c3df4b82b304b923526b85cc6cb5?s=96&d=mm&r=g","contentUrl":"https:\/\/secure.gravatar.com\/avatar\/b45840531462f3cafb335a9fc5c0bfda2c07c3df4b82b304b923526b85cc6cb5?s=96&d=mm&r=g","caption":"Raquel Andr\u00e9s"},"description":"Periodista y aventurera. Me has podido leer en Escapada Rural, Diari Nosaltres La Veu, La Vanguardia, El Salto y otros medios. Habitante y amante de las zonas rurales, sea cual sea el destino. Procuro escaparme una vez por semana con las botas de monta\u00f1a, el arn\u00e9s o el neopreno. Tambi\u00e9n soy un intento de baserritarra.","url":"https:\/\/www.escapadarural.com\/blog\/autor\/raquel\/"}]}},"_links":{"self":[{"href":"https:\/\/www.escapadarural.com\/blog\/wp-json\/wp\/v2\/posts\/210690","targetHints":{"allow":["GET"]}}],"collection":[{"href":"https:\/\/www.escapadarural.com\/blog\/wp-json\/wp\/v2\/posts"}],"about":[{"href":"https:\/\/www.escapadarural.com\/blog\/wp-json\/wp\/v2\/types\/post"}],"author":[{"embeddable":true,"href":"https:\/\/www.escapadarural.com\/blog\/wp-json\/wp\/v2\/users\/123"}],"replies":[{"embeddable":true,"href":"https:\/\/www.escapadarural.com\/blog\/wp-json\/wp\/v2\/comments?post=210690"}],"version-history":[{"count":0,"href":"https:\/\/www.escapadarural.com\/blog\/wp-json\/wp\/v2\/posts\/210690\/revisions"}],"wp:featuredmedia":[{"embeddable":true,"href":"https:\/\/www.escapadarural.com\/blog\/wp-json\/wp\/v2\/media\/210692"}],"wp:attachment":[{"href":"https:\/\/www.escapadarural.com\/blog\/wp-json\/wp\/v2\/media?parent=210690"}],"wp:term":[{"taxonomy":"category","embeddable":true,"href":"https:\/\/www.escapadarural.com\/blog\/wp-json\/wp\/v2\/categories?post=210690"},{"taxonomy":"post_tag","embeddable":true,"href":"https:\/\/www.escapadarural.com\/blog\/wp-json\/wp\/v2\/tags?post=210690"}],"curies":[{"name":"wp","href":"https:\/\/api.w.org\/{rel}","templated":true}]}}