{"id":211362,"date":"2025-12-12T08:55:00","date_gmt":"2025-12-12T07:55:00","guid":{"rendered":"https:\/\/www.escapadarural.com\/blog\/?p=211362"},"modified":"2025-12-09T11:00:54","modified_gmt":"2025-12-09T10:00:54","slug":"eclipse-solar-12-agosto-2026-espana","status":"publish","type":"post","link":"https:\/\/www.escapadarural.com\/blog\/eclipse-solar-12-agosto-2026-espana\/","title":{"rendered":"Lo que debes saber del eclipse solar de agosto del 2026"},"content":{"rendered":"\n<figure class=\"wp-block-image size-large\"><img loading=\"lazy\" decoding=\"async\" width=\"1024\" height=\"683\" src=\"https:\/\/www.escapadarural.com\/blog\/wp-content\/uploads\/2025\/12\/AdobeStock_215665474-1024x683.jpeg\" alt=\"Eclipse de sol. Por Peter Jurik\" class=\"wp-image-211363\" srcset=\"https:\/\/www.escapadarural.com\/blog\/wp-content\/uploads\/2025\/12\/AdobeStock_215665474-200x133.jpeg 200w, https:\/\/www.escapadarural.com\/blog\/wp-content\/uploads\/2025\/12\/AdobeStock_215665474-300x200.jpeg 300w, https:\/\/www.escapadarural.com\/blog\/wp-content\/uploads\/2025\/12\/AdobeStock_215665474-400x267.jpeg 400w, https:\/\/www.escapadarural.com\/blog\/wp-content\/uploads\/2025\/12\/AdobeStock_215665474-600x400.jpeg 600w, https:\/\/www.escapadarural.com\/blog\/wp-content\/uploads\/2025\/12\/AdobeStock_215665474-768x512.jpeg 768w, https:\/\/www.escapadarural.com\/blog\/wp-content\/uploads\/2025\/12\/AdobeStock_215665474-800x533.jpeg 800w, https:\/\/www.escapadarural.com\/blog\/wp-content\/uploads\/2025\/12\/AdobeStock_215665474-1024x683.jpeg 1024w, https:\/\/www.escapadarural.com\/blog\/wp-content\/uploads\/2025\/12\/AdobeStock_215665474-1200x800.jpeg 1200w, https:\/\/www.escapadarural.com\/blog\/wp-content\/uploads\/2025\/12\/AdobeStock_215665474-1536x1024.jpeg 1536w\" sizes=\"auto, (max-width: 1024px) 100vw, 1024px\" \/><figcaption class=\"wp-element-caption\">Eclipse de Sol. Por Peter Jurik<\/figcaption><\/figure>\n\n\n\n<p>Quienes ya cuentan con algunos a\u00f1os a sus espaldas, quiz\u00e1s recuerden la locura que se gener\u00f3 con el <strong>eclipse de Sol de Europa del 11 de agosto de 1999<\/strong>. En Espa\u00f1a solo era parcial, pero buena parte de la poblaci\u00f3n se hizo con aquellas famosas gafas especiales para poder contemplar lo que se pudiera. Esa jornada, en un lugar de Ruman\u00eda, el d\u00eda se hizo noche durante 143 segundos. Fue el lugar de Europa donde se registr\u00f3 la m\u00e1xima duraci\u00f3n del eclipse.<\/p>\n\n\n\n<div class=\"wp-block-buttons is-layout-flex wp-block-buttons-is-layout-flex\">\n<div class=\"wp-block-button\"><a class=\"wp-block-button__link wp-element-button\" href=\"\/casas-rurales\">Encuentra tu alojamiento<\/a><\/div>\n<\/div>\n\n\n\n<p>Quienes no tuvieron la oportunidad de ver bien aquel fen\u00f3meno natural, pronto podr\u00e1n hacerlo m\u00e1s cerca de casa. El <strong>12 de agosto de 2026 habr\u00e1 un eclipse de Sol total que ser\u00e1 visible en muchos puntos de Espa\u00f1a<\/strong>. Conoce c\u00f3mo ser\u00e1, cu\u00e1nto durar\u00e1 y los lugares de la pen\u00ednsula que se quedar\u00e1n totalmente a oscuras.<\/p>\n\n\n\n<h2 class=\"wp-block-heading\" id=\"h-por-que-es-importante-el-eclipse-de-2026\"><strong>\u00bfPor qu\u00e9 es importante el eclipse de 2026?<\/strong><strong><\/strong><\/h2>\n\n\n\n<figure class=\"wp-block-image size-large is-resized\"><img loading=\"lazy\" decoding=\"async\" width=\"1024\" height=\"1014\" src=\"https:\/\/www.escapadarural.com\/blog\/wp-content\/uploads\/2025\/12\/figuraanuario-1024x1014.jpg\" alt=\"Recorrido que har\u00e1 el eclipse de sol de 2026 en la Tierra. Fuente: https:\/\/eclipses.ign.es\/\" class=\"wp-image-211367\" style=\"aspect-ratio:1.0098620849063873;width:1024px;height:auto\" srcset=\"https:\/\/www.escapadarural.com\/blog\/wp-content\/uploads\/2025\/12\/figuraanuario-66x66.jpg 66w, https:\/\/www.escapadarural.com\/blog\/wp-content\/uploads\/2025\/12\/figuraanuario-150x150.jpg 150w, https:\/\/www.escapadarural.com\/blog\/wp-content\/uploads\/2025\/12\/figuraanuario-200x198.jpg 200w, https:\/\/www.escapadarural.com\/blog\/wp-content\/uploads\/2025\/12\/figuraanuario-300x297.jpg 300w, https:\/\/www.escapadarural.com\/blog\/wp-content\/uploads\/2025\/12\/figuraanuario-400x396.jpg 400w, https:\/\/www.escapadarural.com\/blog\/wp-content\/uploads\/2025\/12\/figuraanuario-600x594.jpg 600w, https:\/\/www.escapadarural.com\/blog\/wp-content\/uploads\/2025\/12\/figuraanuario-768x761.jpg 768w, https:\/\/www.escapadarural.com\/blog\/wp-content\/uploads\/2025\/12\/figuraanuario-800x792.jpg 800w, https:\/\/www.escapadarural.com\/blog\/wp-content\/uploads\/2025\/12\/figuraanuario-1024x1014.jpg 1024w, https:\/\/www.escapadarural.com\/blog\/wp-content\/uploads\/2025\/12\/figuraanuario-1200x1189.jpg 1200w, https:\/\/www.escapadarural.com\/blog\/wp-content\/uploads\/2025\/12\/figuraanuario-1536x1521.jpg 1536w, https:\/\/www.escapadarural.com\/blog\/wp-content\/uploads\/2025\/12\/figuraanuario.jpg 1680w\" sizes=\"auto, (max-width: 1024px) 100vw, 1024px\" \/><figcaption class=\"wp-element-caption\">Recorrido que har\u00e1 el eclipse de Sol de 2026 en la Tierra. Fuente: <a href=\"https:\/\/eclipses.ign.es\/\" target=\"_blank\" rel=\"noreferrer noopener nofollow\">Eclipses.ign<\/a><\/figcaption><\/figure>\n\n\n\n<p>Es relativamente com\u00fan observar cada ciertos a\u00f1os un eclipse parcial de Sol (aunque tampoco es algo que se vea todos los d\u00edas). Lo que no es tan habitual es asistir a un <strong>eclipse total o uno anular<\/strong>. Vamos, de esos en los que el astro rey queda totalmente tapado por la luna y, lo que era una tarde soleada, se convierte en noche cerrada durante unos segundos. O un eclipse anular, que convierte al sol en un incre\u00edble anillo brillante que r\u00edete de la codiciada joya por la que se peleaban Gollum y Frodo en <em>El se\u00f1or de los anillos<\/em>.<\/p>\n\n\n\n<p>El \u00faltimo eclipse anular que se pudo ver en Espa\u00f1a fue en 2025. Para remontarnos al eclipse total m\u00e1s reciente hay que ir hasta 1959, y solo se pudo apreciar en las islas Canarias. <strong>En la pen\u00ednsula ib\u00e9rica no se ha vivido un eclipse total solar desde 1912<\/strong>, as\u00ed que lo de 2026 ser\u00e1 un espect\u00e1culo no visto aqu\u00ed desde <strong>hace \u00a1114 a\u00f1os! <\/strong>Adem\u00e1s, ser\u00e1 muy importante: Espa\u00f1a ser\u00e1 casi el \u00fanico estado del mundo en el que podr\u00e1 observarse en su totalidad con garant\u00edas. Fuera de nuestro pa\u00eds solo se podr\u00e1 ver en alguna zona despoblada de Groenlandia, en la punta oeste de Islandia y en un trocito del norte de Portugal. Otra peculiaridad de este eclipse es que tendr\u00e1 unos <strong>290 kil\u00f3metros de ancho<\/strong>, cuando habitualmente no suelen superar los 200.<\/p>\n\n\n\n<blockquote class=\"wp-block-quote is-layout-flow wp-block-quote-is-layout-flow\">\n<p>La fase de totalidad durar\u00e1 entre 1\u201936\u2019\u2019 y 1\u201950\u2019\u2019 minutos en las zonas por las que pase la l\u00ednea central. Ser\u00e1 cuando el cielo se oscurezca por completo<\/p>\n<\/blockquote>\n\n\n\n<h2 class=\"wp-block-heading\" id=\"h-las-provincias-de-espana-donde-el-eclipse-de-2026-sera-total\"><strong>Las provincias de Espa\u00f1a donde el eclipse de 2026 ser\u00e1 total<\/strong><strong><\/strong><\/h2>\n\n\n\n<p>El <strong>eclipse solar del 12 de agosto de 2026<\/strong> se podr\u00e1 contemplar parcialmente desde cualquier punto de la pen\u00ednsula ib\u00e9rica. Pero ya que lo tenemos tan cerca, queremos saber d\u00f3nde podremos vivirlo en su m\u00e1ximo esplendor, de forma total, es decir, que se haga completamente de noche por unos segundos. El eclipse se iniciar\u00e1 parcialmente en torno a las&nbsp;19.30 horas y <strong>llegar\u00e1 a su culminaci\u00f3n a las 20.30 horas. <\/strong>La fase de totalidad durar\u00e1 entre 1\u201936\u2019\u2019 y 1\u201950\u2019\u2019 minutos en la l\u00ednea central.<\/p>\n\n\n\n<figure class=\"wp-block-image size-large\"><img loading=\"lazy\" decoding=\"async\" width=\"1024\" height=\"789\" src=\"https:\/\/www.escapadarural.com\/blog\/wp-content\/uploads\/2025\/12\/mapa_eclipses-1024x789.png\" alt=\"Recorrido de los eclipses en Espa\u00f1a en 2026, 2027 y 2028. Fuente: https:\/\/eclipses.ign.es\/\" class=\"wp-image-211366\" srcset=\"https:\/\/www.escapadarural.com\/blog\/wp-content\/uploads\/2025\/12\/mapa_eclipses-200x154.png 200w, https:\/\/www.escapadarural.com\/blog\/wp-content\/uploads\/2025\/12\/mapa_eclipses-300x231.png 300w, https:\/\/www.escapadarural.com\/blog\/wp-content\/uploads\/2025\/12\/mapa_eclipses-400x308.png 400w, https:\/\/www.escapadarural.com\/blog\/wp-content\/uploads\/2025\/12\/mapa_eclipses-600x462.png 600w, https:\/\/www.escapadarural.com\/blog\/wp-content\/uploads\/2025\/12\/mapa_eclipses-768x592.png 768w, https:\/\/www.escapadarural.com\/blog\/wp-content\/uploads\/2025\/12\/mapa_eclipses-800x616.png 800w, https:\/\/www.escapadarural.com\/blog\/wp-content\/uploads\/2025\/12\/mapa_eclipses-1024x789.png 1024w, https:\/\/www.escapadarural.com\/blog\/wp-content\/uploads\/2025\/12\/mapa_eclipses-1200x925.png 1200w, https:\/\/www.escapadarural.com\/blog\/wp-content\/uploads\/2025\/12\/mapa_eclipses.png 1229w\" sizes=\"auto, (max-width: 1024px) 100vw, 1024px\" \/><figcaption class=\"wp-element-caption\">Recorrido de los eclipses en Espa\u00f1a en 2026, 2027 y 2028. Fuente: <a href=\"https:\/\/eclipses.ign.es\/\" target=\"_blank\" rel=\"noreferrer noopener nofollow\">Eclipses.ign<\/a><\/figcaption><\/figure>\n\n\n\n<p>Cubrir\u00e1 buena parte de la mitad norte y ser\u00e1 visible en toda <a href=\"\/casas-rurales\/cantabria\">Cantabria<\/a>, <a href=\"\/casas-rurales\/asturias\">Asturias<\/a>, <a href=\"\/casas-rurales\/la-rioja\">La Rioja<\/a> e <a href=\"\/casas-rurales\/islas-baleares\">Islas Baleares<\/a>, as\u00ed como en la mayor parte de las provincias de <a href=\"\/casas-rurales\/lugo\">Lugo<\/a>, <a href=\"\/casas-rurales\/leon\">Le\u00f3n<\/a>, <a href=\"\/casas-rurales\/palencia\">Palencia<\/a>, <a href=\"\/casas-rurales\/valladolid\">Valladolid<\/a>, <a href=\"\/casas-rurales\/segovia\">Segovia<\/a>, <a href=\"\/casas-rurales\/burgos\">Burgos<\/a>, <a href=\"\/casas-rurales\/alava\">\u00c1lava<\/a>, <a href=\"\/casas-rurales\/soria\">Soria<\/a>, <a href=\"\/casas-rurales\/guadalajara\">Guadalajara<\/a>, <a href=\"\/casas-rurales\/zaragoza\">Zaragoza<\/a>, <a href=\"\/casas-rurales\/teruel\">Teruel<\/a>, <a href=\"\/casas-rurales\/castellon\">Castell\u00f3n<\/a> y <a href=\"\/casas-rurales\/tarragona\">Tarragona<\/a>. Tambi\u00e9n ser\u00e1 visible en algunas zonas de <a href=\"\/casas-rurales\/valencia\">Valencia<\/a>, <a href=\"\/casas-rurales\/cuenca\">Cuenca<\/a>, <a href=\"\/casas-rurales\/madrid\">Madrid<\/a>, <a href=\"\/casas-rurales\/vizcaya\">Vizcaya<\/a>, <a href=\"\/casas-rurales\/guipuzcoa\">Guip\u00fazcoa<\/a>, <a href=\"\/casas-rurales\/navarra\">Navarra<\/a>, <a href=\"\/casas-rurales\/zamora\">Zamora<\/a>, <a href=\"\/casas-rurales\/a-coruna\">A Coru\u00f1a<\/a>, <a href=\"\/casas-rurales\/ourense\">Ourense<\/a>, <a href=\"\/casas-rurales\/huesca\">Huesca<\/a>, <a href=\"\/casas-rurales\/lleida\">Lleida<\/a> y <a href=\"\/casas-rurales\/barcelona\">Barcelona<\/a>.<\/p>\n\n\n\n<p>El Instituto Geogr\u00e1fico Nacional ha puesto en marcha un <a href=\"https:\/\/visualizadores.ign.es\/eclipses\/2026\" target=\"_blank\" rel=\"noreferrer noopener nofollow\"><u><strong>visor cartogr\u00e1fico<\/strong><\/u><\/a>&nbsp;en el que podemos buscar el municipio que queramos y saber toda la informaci\u00f3n necesaria para contemplar el eclipse de 2026: si ser\u00e1 total o parcial, su duraci\u00f3n y hasta el perfil de visibilidad de cada punto. El espect\u00e1culo natural <strong>rozar\u00e1 los dos minutos en zonas de Asturias, Castilla y Le\u00f3n y el valle del Ebro<\/strong>.<\/p>\n\n\n\n<h2 class=\"wp-block-heading\" id=\"h-como-ocurre-un-eclipse-de-sol\"><strong>\u00bfC\u00f3mo ocurre un eclipse de Sol?<\/strong><strong><\/strong><\/h2>\n\n\n\n<figure class=\"wp-block-image size-large\"><img loading=\"lazy\" decoding=\"async\" width=\"747\" height=\"1024\" src=\"https:\/\/www.escapadarural.com\/blog\/wp-content\/uploads\/2025\/12\/configuracion_sol_luna_tierra-747x1024.jpg\" alt=\"Eclipse de sol y de luna. Fuente: https:\/\/eclipses.ign.es\/\" class=\"wp-image-211365\" srcset=\"https:\/\/www.escapadarural.com\/blog\/wp-content\/uploads\/2025\/12\/configuracion_sol_luna_tierra-200x274.jpg 200w, https:\/\/www.escapadarural.com\/blog\/wp-content\/uploads\/2025\/12\/configuracion_sol_luna_tierra-219x300.jpg 219w, https:\/\/www.escapadarural.com\/blog\/wp-content\/uploads\/2025\/12\/configuracion_sol_luna_tierra-400x549.jpg 400w, https:\/\/www.escapadarural.com\/blog\/wp-content\/uploads\/2025\/12\/configuracion_sol_luna_tierra-600x823.jpg 600w, https:\/\/www.escapadarural.com\/blog\/wp-content\/uploads\/2025\/12\/configuracion_sol_luna_tierra-747x1024.jpg 747w, https:\/\/www.escapadarural.com\/blog\/wp-content\/uploads\/2025\/12\/configuracion_sol_luna_tierra-768x1053.jpg 768w, https:\/\/www.escapadarural.com\/blog\/wp-content\/uploads\/2025\/12\/configuracion_sol_luna_tierra-800x1097.jpg 800w, https:\/\/www.escapadarural.com\/blog\/wp-content\/uploads\/2025\/12\/configuracion_sol_luna_tierra-1120x1536.jpg 1120w, https:\/\/www.escapadarural.com\/blog\/wp-content\/uploads\/2025\/12\/configuracion_sol_luna_tierra-1200x1646.jpg 1200w, https:\/\/www.escapadarural.com\/blog\/wp-content\/uploads\/2025\/12\/configuracion_sol_luna_tierra-scaled.jpg 1493w\" sizes=\"auto, (max-width: 747px) 100vw, 747px\" \/><figcaption class=\"wp-element-caption\">Eclipse de Sol y de Luna. Fuente: <a href=\"https:\/\/eclipses.ign.es\/\" target=\"_blank\" rel=\"noreferrer noopener nofollow\">Eclipses.ign<\/a><\/figcaption><\/figure>\n\n\n\n<p>Un eclipse ocurre <strong>cuando el Sol, la Tierra y la Luna se alinean<\/strong>. El astro rey nunca se pone en medio (\u00a1por suerte, porque eso ser\u00eda catastr\u00f3fico!). Cuando es la Tierra la que est\u00e1 entre los dos, lo que se produce es un eclipse lunar. Cuando es esta \u00faltima la que se coloca en el centro, lo que sucede es un eclipse solar, ya que tapa la luz a los terr\u00edcolas. Hay que entender algo b\u00e1sico: la Tierra orbita en torno al Sol, y la Luna gira en torno a nuestro planeta. <\/p>\n\n\n\n<p>Entonces, todos los meses tendr\u00eda que haber eclipses por esos giros, \u00bfverdad? No, porque los movimientos no coinciden al tener planos diferentes, haciendo que lo m\u00e1s habitual sea que la Luna pase por encima o por debajo de la l\u00ednea que une la Tierra y el Sol. \u00a1Pero es que adem\u00e1s las \u00f3rbitas cambian sutilmente con el tiempo debido a perturbaciones gravitatorias!<\/p>\n\n\n\n<h2 class=\"wp-block-heading\" id=\"h-coincide-con-las-perseidas\"><strong>\u00a1Coincide con las perseidas!<\/strong><\/h2>\n\n\n\n<figure class=\"wp-block-image size-large\"><img loading=\"lazy\" decoding=\"async\" width=\"1024\" height=\"683\" src=\"https:\/\/www.escapadarural.com\/blog\/wp-content\/uploads\/2024\/11\/Perseidas-2-1024x683.jpg\" alt=\"Perseidas\" class=\"wp-image-108753\" srcset=\"https:\/\/www.escapadarural.com\/blog\/wp-content\/uploads\/2024\/11\/Perseidas-2-200x133.jpg 200w, https:\/\/www.escapadarural.com\/blog\/wp-content\/uploads\/2024\/11\/Perseidas-2-300x200.jpg 300w, https:\/\/www.escapadarural.com\/blog\/wp-content\/uploads\/2024\/11\/Perseidas-2-400x267.jpg 400w, https:\/\/www.escapadarural.com\/blog\/wp-content\/uploads\/2024\/11\/Perseidas-2-600x400.jpg 600w, https:\/\/www.escapadarural.com\/blog\/wp-content\/uploads\/2024\/11\/Perseidas-2-768x512.jpg 768w, https:\/\/www.escapadarural.com\/blog\/wp-content\/uploads\/2024\/11\/Perseidas-2-800x533.jpg 800w, https:\/\/www.escapadarural.com\/blog\/wp-content\/uploads\/2024\/11\/Perseidas-2-1024x683.jpg 1024w, https:\/\/www.escapadarural.com\/blog\/wp-content\/uploads\/2024\/11\/Perseidas-2-1200x800.jpg 1200w, https:\/\/www.escapadarural.com\/blog\/wp-content\/uploads\/2024\/11\/Perseidas-2-1536x1024.jpg 1536w, https:\/\/www.escapadarural.com\/blog\/wp-content\/uploads\/2024\/11\/Perseidas-2.jpg 1800w\" sizes=\"auto, (max-width: 1024px) 100vw, 1024px\" \/><figcaption class=\"wp-element-caption\">Perseidas. Por Cylonphoto<\/figcaption><\/figure>\n\n\n\n<p>Por si fuera poco asistir a un <strong>espect\u00e1culo natural que no pasaba desde hace m\u00e1s de un siglo<\/strong>, el plan de ir a ver el eclipse solar del 12 de agosto de 2026 es todav\u00eda m\u00e1s completo. Cuando se haga de noche no vuelvas a casa, ya que te espera otro momento m\u00e1gico: ese d\u00eda coincide con el <strong>pico de las perseidas<\/strong>, la famosa lluvia de estrellas estival. \u00a1As\u00ed que ser\u00e1 una jornada redonda para los amantes de la astronom\u00eda!<\/p>\n\n\n\n<h2 class=\"wp-block-heading\" id=\"h-los-mejores-lugares-en-espana-para-ver-el-eclipse-del-12-de-agosto-de-2026\"><strong>Los mejores lugares en Espa\u00f1a para ver el eclipse del 12 de agosto de 2026<\/strong><strong><\/strong><\/h2>\n\n\n\n<p>Son varias las capitales de provincia en las que se ver\u00e1 el eclipse total, pero te recomendamos <a href=\"\/blog\/pueblos-menos-contaminacion-luminica-espana-perseidas\/\">acudir a zonas rurales<\/a>. Habr\u00e1 <strong>menos masificaciones<\/strong> y, por supuesto, <strong>menos contaminaci\u00f3n lum\u00ednica<\/strong> (recordemos que ocurrir\u00e1 al final del d\u00eda, por lo que algunas urbes podr\u00edan comenzar a encender luces). Eso s\u00ed, lo m\u00e1s importante ser\u00e1 que la ubicaci\u00f3n elegida tenga el <strong>horizonte oeste despejado<\/strong>.<\/p>\n\n\n\n<p>Hay lugares que ya han anunciado jornadas espec\u00edficas en torno a un evento tan excepcional. Es el caso del <strong><a href=\"\/casas-rurales\/prades_tarragona\">Parque Astron\u00f3mico de las Monta\u00f1as de Prades<\/a><\/strong>, en Tarragona, que ha preparado el <a href=\"https:\/\/www.parcastronomicprades.cat\/es\/solar-eclipse-26\/\" target=\"_blank\" rel=\"noreferrer noopener nofollow\">\u2018Festival Eclipse 2026\u2019<\/a> con m\u00fasica, talleres, observaciones y planetario para todos los p\u00fablicos. En <a href=\"\/casas-rurales\/benavente\"><strong>Benavente<\/strong><\/a> (Zamora) ya calentaron motores el pasado verano con charlas y talleres, adem\u00e1s prometen un mirador privilegiado en los Paseos de la Mota. Y, por supuesto, los <strong><a href=\"\/blog\/destinos-rurales-certificado-starlight\/\">destinos con certificaci\u00f3n Starlight<\/a><\/strong> ser\u00e1n protagonistas en el trayecto del eclipse. Por ejemplo, el <strong><a href=\"\/casas-rurales\/gudar-javalambre\">Observatorio Astrof\u00edsico de Javalambre (Teruel)<\/a><\/strong>, <strong><a href=\"\/casas-rurales\/menorca\">Menorca<\/a> <\/strong>al completo (toda la isla es Destino y Reserva Starlight) o el <strong><a href=\"\/casas-rurales\/allande\">concejo de Allande<\/a><\/strong> (Asturias).<\/p>\n\n\n\n<figure class=\"wp-block-image size-large\"><img loading=\"lazy\" decoding=\"async\" width=\"1024\" height=\"683\" src=\"https:\/\/www.escapadarural.com\/blog\/wp-content\/uploads\/2025\/12\/AdobeStock_535894823-1024x683.jpeg\" alt=\"Observatorio de Javalambre, en Teruel. Por ANADEL\" class=\"wp-image-211368\" srcset=\"https:\/\/www.escapadarural.com\/blog\/wp-content\/uploads\/2025\/12\/AdobeStock_535894823-200x133.jpeg 200w, https:\/\/www.escapadarural.com\/blog\/wp-content\/uploads\/2025\/12\/AdobeStock_535894823-300x200.jpeg 300w, https:\/\/www.escapadarural.com\/blog\/wp-content\/uploads\/2025\/12\/AdobeStock_535894823-400x267.jpeg 400w, https:\/\/www.escapadarural.com\/blog\/wp-content\/uploads\/2025\/12\/AdobeStock_535894823-600x400.jpeg 600w, https:\/\/www.escapadarural.com\/blog\/wp-content\/uploads\/2025\/12\/AdobeStock_535894823-768x512.jpeg 768w, https:\/\/www.escapadarural.com\/blog\/wp-content\/uploads\/2025\/12\/AdobeStock_535894823-800x533.jpeg 800w, https:\/\/www.escapadarural.com\/blog\/wp-content\/uploads\/2025\/12\/AdobeStock_535894823-1024x683.jpeg 1024w, https:\/\/www.escapadarural.com\/blog\/wp-content\/uploads\/2025\/12\/AdobeStock_535894823-1200x800.jpeg 1200w, https:\/\/www.escapadarural.com\/blog\/wp-content\/uploads\/2025\/12\/AdobeStock_535894823-1536x1024.jpeg 1536w\" sizes=\"auto, (max-width: 1024px) 100vw, 1024px\" \/><figcaption class=\"wp-element-caption\">Observatorio de Javalambre, en Teruel. Por ANADEL<\/figcaption><\/figure>\n\n\n\n<p>\u00a1Importante! Si vamos a ver el eclipse (parcial o total) y aunque la luz solar decrezca progresivamente, hay que recordar que nunca se debe mirar de forma directa sin la protecci\u00f3n adecuada, ya que es peligroso para la visi\u00f3n. Siempre hay que usar <strong>\u201cgafas de eclipse\u201d<\/strong>, que se pueden comprar en tiendas especializadas y planetarios. Est\u00e1n dise\u00f1adas para observar el Sol con seguridad durante cortos periodos de tiempo (menos de un minuto). Tambi\u00e9n se pueden usar otros dispositivos que podemos fabricar en casa sin mucha dificultad, como un visor estenopeico de eclipses.<\/p>\n\n\n\n<h2 class=\"wp-block-heading\" id=\"h-otros-eclipses-que-vienen-en-2027-y-2028\"><strong>Otros eclipses que vienen en 2027 y 2028<\/strong><strong><\/strong><\/h2>\n\n\n\n<p>La sequ\u00eda de eclipses solares totales que ten\u00eda Espa\u00f1a acaba de golpe. Al eclipse del 12 de agosto de 2026 hay que sumar dos m\u00e1s en los pr\u00f3ximos a\u00f1os. El <strong>2 de agosto de 2027<\/strong> un eclipse total cruzar\u00e1 la pen\u00ednsula atravesando el estrecho de Gibraltar de oeste a este y ser\u00e1 apreciable en el sur de las provincias de <a href=\"\/casas-rurales\/cadiz\">C\u00e1diz<\/a> y <a href=\"\/casas-rurales\/malaga\">M\u00e1laga<\/a>, as\u00ed como en las ciudades de Melilla y Ceuta, donde la totalidad durar\u00e1 nada menos que <strong>4 minutos y 48 segundos<\/strong>.<\/p>\n\n\n\n<figure class=\"wp-block-image size-full\"><img loading=\"lazy\" decoding=\"async\" width=\"1200\" height=\"800\" src=\"https:\/\/www.escapadarural.com\/blog\/wp-content\/uploads\/2025\/07\/AdobeStock_398796471-1-e1752832357314.webp\" alt=\"Sierra Sur de Ja\u00e9n, destino Starlight\" class=\"wp-image-204516\"\/><figcaption class=\"wp-element-caption\">Sierra Sur de Ja\u00e9n, destino Starlight. Por Juando Gonz\u00e1lez<\/figcaption><\/figure>\n\n\n\n<p>Por otro lado, el <strong>26 de enero de 2028 <\/strong>se producir\u00e1 un eclipse anular que ir\u00e1 del sudoeste al noreste peninsular antes de la puesta de sol. Se podr\u00e1 observar la fase completa desde las provincias de Sevilla, M\u00e1laga, Murcia y Valencia. En cambio, en Palma de Mallorca y Barcelona solo se ver\u00e1 el principio, ya que el sol se pondr\u00e1 antes de que termine. Como se producir\u00e1 al final del d\u00eda, con el astro rey con una baja elevaci\u00f3n, ser\u00e1 necesario buscar un lugar con buena visibilidad. Todav\u00eda quedan unos a\u00f1os para estos, \u00a1os los recordaremos m\u00e1s adelante!<\/p>\n","protected":false},"excerpt":{"rendered":"<p>Te contamos todo lo que necesitas saber sobre el eclipse solar de agosto de 2026 que dejar\u00e1 a oscuras buena parte de la pen\u00ednsula<\/p>\n","protected":false},"author":123,"featured_media":211363,"comment_status":"open","ping_status":"open","sticky":false,"template":"","format":"standard","meta":{"_acf_changed":false,"om_disable_all_campaigns":false,"footnotes":""},"categories":[231,191],"tags":[2197,6013,828,829,246,224,5995,5994,2386,469,2003,6689,331,511,468,6394,412,518,407,421,450,5590,2277,217],"class_list":["post-211362","post","type-post","status-publish","format-standard","has-post-thumbnail","hentry","category-arte-y-cultura","category-destinos","tag-amigos","tag-que-ver-en-aragon","tag-astronomia","tag-astroturismo","tag-que-ver-en-asturias","tag-que-ver-en-cantabria","tag-que-ver-en-castilla-y-leon","tag-que-ver-en-cataluna","tag-ciencia","tag-que-ver-en-la-comunidad-valenciana","tag-eclipse","tag-eclipse-2026","tag-espana","tag-familia","tag-que-ver-en-galicia","tag-grupos","tag-que-ver-en-islas-baleares","tag-que-ver-en-la-rioja","tag-que-ver-en-madrid","tag-que-ver-en-navarra","tag-que-ver-en-pais-vasco","tag-pareja","tag-starlight","tag-verano"],"acf":[],"featured_image_src":"https:\/\/www.escapadarural.com\/blog\/wp-content\/uploads\/2025\/12\/AdobeStock_215665474-scaled.jpeg","author_info":{"display_name":"Raquel Andr\u00e9s","author_link":"https:\/\/www.escapadarural.com\/blog\/autor\/raquel\/"},"yoast_head":"<!-- This site is optimized with the Yoast SEO plugin v27.5 - https:\/\/yoast.com\/product\/yoast-seo-wordpress\/ -->\n<title>D\u00f3nde ver el eclipse de 2026 en Espa\u00f1a - EscapadaRural<\/title>\n<meta name=\"description\" content=\"Te contamos todo lo que necesitas saber sobre el eclipse solar de agosto de 2026 que dejar\u00e1 a oscuras buena parte de la pen\u00ednsula\" \/>\n<meta name=\"robots\" content=\"index, follow, max-snippet:-1, max-image-preview:large, max-video-preview:-1\" \/>\n<link rel=\"canonical\" href=\"https:\/\/www.escapadarural.com\/blog\/eclipse-solar-12-agosto-2026-espana\/\" \/>\n<meta property=\"og:locale\" content=\"es_ES\" \/>\n<meta property=\"og:type\" content=\"article\" \/>\n<meta property=\"og:title\" content=\"D\u00f3nde ver el eclipse de 2026 en Espa\u00f1a - EscapadaRural\" \/>\n<meta property=\"og:description\" content=\"Te contamos todo lo que necesitas saber sobre el eclipse solar de agosto de 2026 que dejar\u00e1 a oscuras buena parte de la pen\u00ednsula\" \/>\n<meta property=\"og:url\" content=\"https:\/\/www.escapadarural.com\/blog\/eclipse-solar-12-agosto-2026-espana\/\" \/>\n<meta property=\"og:site_name\" content=\"Magazine de viajes de EscapadaRural\" \/>\n<meta property=\"article:publisher\" content=\"https:\/\/www.facebook.com\/escapadarural\" \/>\n<meta property=\"article:published_time\" content=\"2025-12-12T07:55:00+00:00\" \/>\n<meta property=\"og:image\" content=\"https:\/\/127.0.0.1\/blog\/wp-content\/uploads\/2025\/12\/AdobeStock_215665474-scaled.jpeg\" \/>\n\t<meta property=\"og:image:width\" content=\"2048\" \/>\n\t<meta property=\"og:image:height\" content=\"1365\" \/>\n\t<meta property=\"og:image:type\" content=\"image\/jpeg\" \/>\n<meta name=\"author\" content=\"Raquel Andr\u00e9s\" \/>\n<meta name=\"twitter:card\" content=\"summary_large_image\" \/>\n<meta name=\"twitter:label1\" content=\"Escrito por\" \/>\n\t<meta name=\"twitter:data1\" content=\"Raquel Andr\u00e9s\" \/>\n\t<meta name=\"twitter:label2\" content=\"Tiempo de lectura\" \/>\n\t<meta name=\"twitter:data2\" content=\"7 minutos\" \/>\n<script type=\"application\/ld+json\" class=\"yoast-schema-graph\">{\"@context\":\"https:\\\/\\\/schema.org\",\"@graph\":[{\"@type\":\"Article\",\"@id\":\"https:\\\/\\\/www.escapadarural.com\\\/blog\\\/eclipse-solar-12-agosto-2026-espana\\\/#article\",\"isPartOf\":{\"@id\":\"https:\\\/\\\/www.escapadarural.com\\\/blog\\\/eclipse-solar-12-agosto-2026-espana\\\/\"},\"author\":{\"name\":\"Raquel Andr\u00e9s\",\"@id\":\"https:\\\/\\\/www.escapadarural.com\\\/blog\\\/#\\\/schema\\\/person\\\/67be061eb00d8315fa8642e01b88c894\"},\"headline\":\"Lo que debes saber del eclipse solar de agosto del 2026\",\"datePublished\":\"2025-12-12T07:55:00+00:00\",\"mainEntityOfPage\":{\"@id\":\"https:\\\/\\\/www.escapadarural.com\\\/blog\\\/eclipse-solar-12-agosto-2026-espana\\\/\"},\"wordCount\":1488,\"commentCount\":0,\"publisher\":{\"@id\":\"https:\\\/\\\/www.escapadarural.com\\\/blog\\\/#organization\"},\"image\":{\"@id\":\"https:\\\/\\\/www.escapadarural.com\\\/blog\\\/eclipse-solar-12-agosto-2026-espana\\\/#primaryimage\"},\"thumbnailUrl\":\"https:\\\/\\\/www.escapadarural.com\\\/blog\\\/wp-content\\\/uploads\\\/2025\\\/12\\\/AdobeStock_215665474-scaled.jpeg\",\"keywords\":[\"amigos\",\"Arag\u00f3n\",\"Astronom\u00eda\",\"Astroturismo\",\"Asturias\",\"Cantabria\",\"Castilla y Le\u00f3n\",\"Catalu\u00f1a\",\"ciencia\",\"Comunidad Valenciana\",\"eclipse\",\"eclipse 2026\",\"Espa\u00f1a\",\"Familia\",\"Galicia\",\"Grupos\",\"Islas Baleares\",\"La Rioja\",\"Madrid\",\"Navarra\",\"Pa\u00eds Vasco\",\"Pareja\",\"starlight\",\"verano\"],\"articleSection\":[\"Arte y Cultura\",\"Destinos\"],\"inLanguage\":\"es\",\"potentialAction\":[{\"@type\":\"CommentAction\",\"name\":\"Comment\",\"target\":[\"https:\\\/\\\/www.escapadarural.com\\\/blog\\\/eclipse-solar-12-agosto-2026-espana\\\/#respond\"]}]},{\"@type\":\"WebPage\",\"@id\":\"https:\\\/\\\/www.escapadarural.com\\\/blog\\\/eclipse-solar-12-agosto-2026-espana\\\/\",\"url\":\"https:\\\/\\\/www.escapadarural.com\\\/blog\\\/eclipse-solar-12-agosto-2026-espana\\\/\",\"name\":\"D\u00f3nde ver el eclipse de 2026 en Espa\u00f1a - EscapadaRural\",\"isPartOf\":{\"@id\":\"https:\\\/\\\/www.escapadarural.com\\\/blog\\\/#website\"},\"primaryImageOfPage\":{\"@id\":\"https:\\\/\\\/www.escapadarural.com\\\/blog\\\/eclipse-solar-12-agosto-2026-espana\\\/#primaryimage\"},\"image\":{\"@id\":\"https:\\\/\\\/www.escapadarural.com\\\/blog\\\/eclipse-solar-12-agosto-2026-espana\\\/#primaryimage\"},\"thumbnailUrl\":\"https:\\\/\\\/www.escapadarural.com\\\/blog\\\/wp-content\\\/uploads\\\/2025\\\/12\\\/AdobeStock_215665474-scaled.jpeg\",\"datePublished\":\"2025-12-12T07:55:00+00:00\",\"description\":\"Te contamos todo lo que necesitas saber sobre el eclipse solar de agosto de 2026 que dejar\u00e1 a oscuras buena parte de la pen\u00ednsula\",\"breadcrumb\":{\"@id\":\"https:\\\/\\\/www.escapadarural.com\\\/blog\\\/eclipse-solar-12-agosto-2026-espana\\\/#breadcrumb\"},\"inLanguage\":\"es\",\"potentialAction\":[{\"@type\":\"ReadAction\",\"target\":[\"https:\\\/\\\/www.escapadarural.com\\\/blog\\\/eclipse-solar-12-agosto-2026-espana\\\/\"]}]},{\"@type\":\"ImageObject\",\"inLanguage\":\"es\",\"@id\":\"https:\\\/\\\/www.escapadarural.com\\\/blog\\\/eclipse-solar-12-agosto-2026-espana\\\/#primaryimage\",\"url\":\"https:\\\/\\\/www.escapadarural.com\\\/blog\\\/wp-content\\\/uploads\\\/2025\\\/12\\\/AdobeStock_215665474-scaled.jpeg\",\"contentUrl\":\"https:\\\/\\\/www.escapadarural.com\\\/blog\\\/wp-content\\\/uploads\\\/2025\\\/12\\\/AdobeStock_215665474-scaled.jpeg\",\"width\":2048,\"height\":1365,\"caption\":\"Eclipse de sol. Por Peter Jurik\"},{\"@type\":\"BreadcrumbList\",\"@id\":\"https:\\\/\\\/www.escapadarural.com\\\/blog\\\/eclipse-solar-12-agosto-2026-espana\\\/#breadcrumb\",\"itemListElement\":[{\"@type\":\"ListItem\",\"position\":1,\"name\":\"Inicio\",\"item\":\"https:\\\/\\\/www.escapadarural.com\\\/blog\\\/\"},{\"@type\":\"ListItem\",\"position\":2,\"name\":\"Destinos\",\"item\":\"https:\\\/\\\/www.escapadarural.com\\\/blog\\\/categoria\\\/destinos\\\/\"},{\"@type\":\"ListItem\",\"position\":3,\"name\":\"Lo que debes saber del eclipse solar de agosto del 2026\"}]},{\"@type\":\"WebSite\",\"@id\":\"https:\\\/\\\/www.escapadarural.com\\\/blog\\\/#website\",\"url\":\"https:\\\/\\\/www.escapadarural.com\\\/blog\\\/\",\"name\":\"Blog de viajes | turismo rural, alojamientos e inspiraci\u00f3n\",\"description\":\"Alojamientos rurales e inspiraci\u00f3n para tus escapadas\",\"publisher\":{\"@id\":\"https:\\\/\\\/www.escapadarural.com\\\/blog\\\/#organization\"},\"alternateName\":\"Magazine de viajes de EscapadaRural\",\"potentialAction\":[{\"@type\":\"SearchAction\",\"target\":{\"@type\":\"EntryPoint\",\"urlTemplate\":\"https:\\\/\\\/www.escapadarural.com\\\/blog\\\/?s={search_term_string}\"},\"query-input\":{\"@type\":\"PropertyValueSpecification\",\"valueRequired\":true,\"valueName\":\"search_term_string\"}}],\"inLanguage\":\"es\"},{\"@type\":\"Organization\",\"@id\":\"https:\\\/\\\/www.escapadarural.com\\\/blog\\\/#organization\",\"name\":\"EscapadaRural\",\"url\":\"https:\\\/\\\/www.escapadarural.com\\\/blog\\\/\",\"logo\":{\"@type\":\"ImageObject\",\"inLanguage\":\"es\",\"@id\":\"https:\\\/\\\/www.escapadarural.com\\\/blog\\\/#\\\/schema\\\/logo\\\/image\\\/\",\"url\":\"https:\\\/\\\/www.escapadarural.com\\\/blog\\\/wp-content\\\/uploads\\\/2024\\\/10\\\/cropped-cropped-escapada-rural-icon-mag-3.png\",\"contentUrl\":\"https:\\\/\\\/www.escapadarural.com\\\/blog\\\/wp-content\\\/uploads\\\/2024\\\/10\\\/cropped-cropped-escapada-rural-icon-mag-3.png\",\"width\":512,\"height\":512,\"caption\":\"EscapadaRural\"},\"image\":{\"@id\":\"https:\\\/\\\/www.escapadarural.com\\\/blog\\\/#\\\/schema\\\/logo\\\/image\\\/\"},\"sameAs\":[\"https:\\\/\\\/www.facebook.com\\\/escapadarural\",\"https:\\\/\\\/www.instagram.com\\\/escapadarural\\\/\",\"https:\\\/\\\/www.youtube.com\\\/@escapadaruralcom\"]},{\"@type\":\"Person\",\"@id\":\"https:\\\/\\\/www.escapadarural.com\\\/blog\\\/#\\\/schema\\\/person\\\/67be061eb00d8315fa8642e01b88c894\",\"name\":\"Raquel Andr\u00e9s\",\"image\":{\"@type\":\"ImageObject\",\"inLanguage\":\"es\",\"@id\":\"https:\\\/\\\/secure.gravatar.com\\\/avatar\\\/b45840531462f3cafb335a9fc5c0bfda2c07c3df4b82b304b923526b85cc6cb5?s=96&d=mm&r=g\",\"url\":\"https:\\\/\\\/secure.gravatar.com\\\/avatar\\\/b45840531462f3cafb335a9fc5c0bfda2c07c3df4b82b304b923526b85cc6cb5?s=96&d=mm&r=g\",\"contentUrl\":\"https:\\\/\\\/secure.gravatar.com\\\/avatar\\\/b45840531462f3cafb335a9fc5c0bfda2c07c3df4b82b304b923526b85cc6cb5?s=96&d=mm&r=g\",\"caption\":\"Raquel Andr\u00e9s\"},\"description\":\"Periodista y aventurera. Me has podido leer en Escapada Rural, Diari Nosaltres La Veu, La Vanguardia, El Salto y otros medios. Habitante y amante de las zonas rurales, sea cual sea el destino. Procuro escaparme una vez por semana con las botas de monta\u00f1a, el arn\u00e9s o el neopreno. Tambi\u00e9n soy un intento de baserritarra.\",\"url\":\"https:\\\/\\\/www.escapadarural.com\\\/blog\\\/autor\\\/raquel\\\/\"}]}<\/script>\n<!-- \/ Yoast SEO plugin. -->","yoast_head_json":{"title":"D\u00f3nde ver el eclipse de 2026 en Espa\u00f1a - EscapadaRural","description":"Te contamos todo lo que necesitas saber sobre el eclipse solar de agosto de 2026 que dejar\u00e1 a oscuras buena parte de la pen\u00ednsula","robots":{"index":"index","follow":"follow","max-snippet":"max-snippet:-1","max-image-preview":"max-image-preview:large","max-video-preview":"max-video-preview:-1"},"canonical":"https:\/\/www.escapadarural.com\/blog\/eclipse-solar-12-agosto-2026-espana\/","og_locale":"es_ES","og_type":"article","og_title":"D\u00f3nde ver el eclipse de 2026 en Espa\u00f1a - EscapadaRural","og_description":"Te contamos todo lo que necesitas saber sobre el eclipse solar de agosto de 2026 que dejar\u00e1 a oscuras buena parte de la pen\u00ednsula","og_url":"https:\/\/www.escapadarural.com\/blog\/eclipse-solar-12-agosto-2026-espana\/","og_site_name":"Magazine de viajes de EscapadaRural","article_publisher":"https:\/\/www.facebook.com\/escapadarural","article_published_time":"2025-12-12T07:55:00+00:00","og_image":[{"width":2048,"height":1365,"url":"https:\/\/127.0.0.1\/blog\/wp-content\/uploads\/2025\/12\/AdobeStock_215665474-scaled.jpeg","type":"image\/jpeg"}],"author":"Raquel Andr\u00e9s","twitter_card":"summary_large_image","twitter_misc":{"Escrito por":"Raquel Andr\u00e9s","Tiempo de lectura":"7 minutos"},"schema":{"@context":"https:\/\/schema.org","@graph":[{"@type":"Article","@id":"https:\/\/www.escapadarural.com\/blog\/eclipse-solar-12-agosto-2026-espana\/#article","isPartOf":{"@id":"https:\/\/www.escapadarural.com\/blog\/eclipse-solar-12-agosto-2026-espana\/"},"author":{"name":"Raquel Andr\u00e9s","@id":"https:\/\/www.escapadarural.com\/blog\/#\/schema\/person\/67be061eb00d8315fa8642e01b88c894"},"headline":"Lo que debes saber del eclipse solar de agosto del 2026","datePublished":"2025-12-12T07:55:00+00:00","mainEntityOfPage":{"@id":"https:\/\/www.escapadarural.com\/blog\/eclipse-solar-12-agosto-2026-espana\/"},"wordCount":1488,"commentCount":0,"publisher":{"@id":"https:\/\/www.escapadarural.com\/blog\/#organization"},"image":{"@id":"https:\/\/www.escapadarural.com\/blog\/eclipse-solar-12-agosto-2026-espana\/#primaryimage"},"thumbnailUrl":"https:\/\/www.escapadarural.com\/blog\/wp-content\/uploads\/2025\/12\/AdobeStock_215665474-scaled.jpeg","keywords":["amigos","Arag\u00f3n","Astronom\u00eda","Astroturismo","Asturias","Cantabria","Castilla y Le\u00f3n","Catalu\u00f1a","ciencia","Comunidad Valenciana","eclipse","eclipse 2026","Espa\u00f1a","Familia","Galicia","Grupos","Islas Baleares","La Rioja","Madrid","Navarra","Pa\u00eds Vasco","Pareja","starlight","verano"],"articleSection":["Arte y Cultura","Destinos"],"inLanguage":"es","potentialAction":[{"@type":"CommentAction","name":"Comment","target":["https:\/\/www.escapadarural.com\/blog\/eclipse-solar-12-agosto-2026-espana\/#respond"]}]},{"@type":"WebPage","@id":"https:\/\/www.escapadarural.com\/blog\/eclipse-solar-12-agosto-2026-espana\/","url":"https:\/\/www.escapadarural.com\/blog\/eclipse-solar-12-agosto-2026-espana\/","name":"D\u00f3nde ver el eclipse de 2026 en Espa\u00f1a - EscapadaRural","isPartOf":{"@id":"https:\/\/www.escapadarural.com\/blog\/#website"},"primaryImageOfPage":{"@id":"https:\/\/www.escapadarural.com\/blog\/eclipse-solar-12-agosto-2026-espana\/#primaryimage"},"image":{"@id":"https:\/\/www.escapadarural.com\/blog\/eclipse-solar-12-agosto-2026-espana\/#primaryimage"},"thumbnailUrl":"https:\/\/www.escapadarural.com\/blog\/wp-content\/uploads\/2025\/12\/AdobeStock_215665474-scaled.jpeg","datePublished":"2025-12-12T07:55:00+00:00","description":"Te contamos todo lo que necesitas saber sobre el eclipse solar de agosto de 2026 que dejar\u00e1 a oscuras buena parte de la pen\u00ednsula","breadcrumb":{"@id":"https:\/\/www.escapadarural.com\/blog\/eclipse-solar-12-agosto-2026-espana\/#breadcrumb"},"inLanguage":"es","potentialAction":[{"@type":"ReadAction","target":["https:\/\/www.escapadarural.com\/blog\/eclipse-solar-12-agosto-2026-espana\/"]}]},{"@type":"ImageObject","inLanguage":"es","@id":"https:\/\/www.escapadarural.com\/blog\/eclipse-solar-12-agosto-2026-espana\/#primaryimage","url":"https:\/\/www.escapadarural.com\/blog\/wp-content\/uploads\/2025\/12\/AdobeStock_215665474-scaled.jpeg","contentUrl":"https:\/\/www.escapadarural.com\/blog\/wp-content\/uploads\/2025\/12\/AdobeStock_215665474-scaled.jpeg","width":2048,"height":1365,"caption":"Eclipse de sol. Por Peter Jurik"},{"@type":"BreadcrumbList","@id":"https:\/\/www.escapadarural.com\/blog\/eclipse-solar-12-agosto-2026-espana\/#breadcrumb","itemListElement":[{"@type":"ListItem","position":1,"name":"Inicio","item":"https:\/\/www.escapadarural.com\/blog\/"},{"@type":"ListItem","position":2,"name":"Destinos","item":"https:\/\/www.escapadarural.com\/blog\/categoria\/destinos\/"},{"@type":"ListItem","position":3,"name":"Lo que debes saber del eclipse solar de agosto del 2026"}]},{"@type":"WebSite","@id":"https:\/\/www.escapadarural.com\/blog\/#website","url":"https:\/\/www.escapadarural.com\/blog\/","name":"Blog de viajes | turismo rural, alojamientos e inspiraci\u00f3n","description":"Alojamientos rurales e inspiraci\u00f3n para tus escapadas","publisher":{"@id":"https:\/\/www.escapadarural.com\/blog\/#organization"},"alternateName":"Magazine de viajes de EscapadaRural","potentialAction":[{"@type":"SearchAction","target":{"@type":"EntryPoint","urlTemplate":"https:\/\/www.escapadarural.com\/blog\/?s={search_term_string}"},"query-input":{"@type":"PropertyValueSpecification","valueRequired":true,"valueName":"search_term_string"}}],"inLanguage":"es"},{"@type":"Organization","@id":"https:\/\/www.escapadarural.com\/blog\/#organization","name":"EscapadaRural","url":"https:\/\/www.escapadarural.com\/blog\/","logo":{"@type":"ImageObject","inLanguage":"es","@id":"https:\/\/www.escapadarural.com\/blog\/#\/schema\/logo\/image\/","url":"https:\/\/www.escapadarural.com\/blog\/wp-content\/uploads\/2024\/10\/cropped-cropped-escapada-rural-icon-mag-3.png","contentUrl":"https:\/\/www.escapadarural.com\/blog\/wp-content\/uploads\/2024\/10\/cropped-cropped-escapada-rural-icon-mag-3.png","width":512,"height":512,"caption":"EscapadaRural"},"image":{"@id":"https:\/\/www.escapadarural.com\/blog\/#\/schema\/logo\/image\/"},"sameAs":["https:\/\/www.facebook.com\/escapadarural","https:\/\/www.instagram.com\/escapadarural\/","https:\/\/www.youtube.com\/@escapadaruralcom"]},{"@type":"Person","@id":"https:\/\/www.escapadarural.com\/blog\/#\/schema\/person\/67be061eb00d8315fa8642e01b88c894","name":"Raquel Andr\u00e9s","image":{"@type":"ImageObject","inLanguage":"es","@id":"https:\/\/secure.gravatar.com\/avatar\/b45840531462f3cafb335a9fc5c0bfda2c07c3df4b82b304b923526b85cc6cb5?s=96&d=mm&r=g","url":"https:\/\/secure.gravatar.com\/avatar\/b45840531462f3cafb335a9fc5c0bfda2c07c3df4b82b304b923526b85cc6cb5?s=96&d=mm&r=g","contentUrl":"https:\/\/secure.gravatar.com\/avatar\/b45840531462f3cafb335a9fc5c0bfda2c07c3df4b82b304b923526b85cc6cb5?s=96&d=mm&r=g","caption":"Raquel Andr\u00e9s"},"description":"Periodista y aventurera. Me has podido leer en Escapada Rural, Diari Nosaltres La Veu, La Vanguardia, El Salto y otros medios. Habitante y amante de las zonas rurales, sea cual sea el destino. Procuro escaparme una vez por semana con las botas de monta\u00f1a, el arn\u00e9s o el neopreno. Tambi\u00e9n soy un intento de baserritarra.","url":"https:\/\/www.escapadarural.com\/blog\/autor\/raquel\/"}]}},"_links":{"self":[{"href":"https:\/\/www.escapadarural.com\/blog\/wp-json\/wp\/v2\/posts\/211362","targetHints":{"allow":["GET"]}}],"collection":[{"href":"https:\/\/www.escapadarural.com\/blog\/wp-json\/wp\/v2\/posts"}],"about":[{"href":"https:\/\/www.escapadarural.com\/blog\/wp-json\/wp\/v2\/types\/post"}],"author":[{"embeddable":true,"href":"https:\/\/www.escapadarural.com\/blog\/wp-json\/wp\/v2\/users\/123"}],"replies":[{"embeddable":true,"href":"https:\/\/www.escapadarural.com\/blog\/wp-json\/wp\/v2\/comments?post=211362"}],"version-history":[{"count":0,"href":"https:\/\/www.escapadarural.com\/blog\/wp-json\/wp\/v2\/posts\/211362\/revisions"}],"wp:featuredmedia":[{"embeddable":true,"href":"https:\/\/www.escapadarural.com\/blog\/wp-json\/wp\/v2\/media\/211363"}],"wp:attachment":[{"href":"https:\/\/www.escapadarural.com\/blog\/wp-json\/wp\/v2\/media?parent=211362"}],"wp:term":[{"taxonomy":"category","embeddable":true,"href":"https:\/\/www.escapadarural.com\/blog\/wp-json\/wp\/v2\/categories?post=211362"},{"taxonomy":"post_tag","embeddable":true,"href":"https:\/\/www.escapadarural.com\/blog\/wp-json\/wp\/v2\/tags?post=211362"}],"curies":[{"name":"wp","href":"https:\/\/api.w.org\/{rel}","templated":true}]}}