{"id":211431,"date":"2025-12-28T08:55:00","date_gmt":"2025-12-28T07:55:00","guid":{"rendered":"https:\/\/www.escapadarural.com\/blog\/?p=211431"},"modified":"2026-03-18T16:07:34","modified_gmt":"2026-03-18T15:07:34","slug":"velez-rubio-dia-inocentes","status":"publish","type":"post","link":"https:\/\/www.escapadarural.com\/blog\/alcalde-por-un-dia-velez-rubio-dia-inocentes\/","title":{"rendered":"\u00a1Todos a la c\u00e1rcel!\u00a0As\u00ed celebran el d\u00eda de los Inocentes en este pueblo de Almer\u00eda"},"content":{"rendered":"\n<figure class=\"wp-block-image size-large\"><img loading=\"lazy\" decoding=\"async\" width=\"1024\" height=\"682\" src=\"https:\/\/www.escapadarural.com\/blog\/wp-content\/uploads\/2025\/12\/AdobeStock_336703828-1024x682.jpeg\" alt=\"El pueblo V\u00e9lez-Rubio, en Almer\u00eda. Por iAmTasweer\" class=\"wp-image-211522\" srcset=\"https:\/\/www.escapadarural.com\/blog\/wp-content\/uploads\/2025\/12\/AdobeStock_336703828-200x133.jpeg 200w, https:\/\/www.escapadarural.com\/blog\/wp-content\/uploads\/2025\/12\/AdobeStock_336703828-300x200.jpeg 300w, https:\/\/www.escapadarural.com\/blog\/wp-content\/uploads\/2025\/12\/AdobeStock_336703828-400x266.jpeg 400w, https:\/\/www.escapadarural.com\/blog\/wp-content\/uploads\/2025\/12\/AdobeStock_336703828-600x400.jpeg 600w, https:\/\/www.escapadarural.com\/blog\/wp-content\/uploads\/2025\/12\/AdobeStock_336703828-768x512.jpeg 768w, https:\/\/www.escapadarural.com\/blog\/wp-content\/uploads\/2025\/12\/AdobeStock_336703828-800x533.jpeg 800w, https:\/\/www.escapadarural.com\/blog\/wp-content\/uploads\/2025\/12\/AdobeStock_336703828-1024x682.jpeg 1024w, https:\/\/www.escapadarural.com\/blog\/wp-content\/uploads\/2025\/12\/AdobeStock_336703828-1200x799.jpeg 1200w, https:\/\/www.escapadarural.com\/blog\/wp-content\/uploads\/2025\/12\/AdobeStock_336703828-1536x1023.jpeg 1536w\" sizes=\"auto, (max-width: 1024px) 100vw, 1024px\" \/><figcaption class=\"wp-element-caption\">El pueblo V\u00e9lez-Rubio, en Almer\u00eda. Por iAmTasweer<\/figcaption><\/figure>\n\n\n\n<p>\u00bfCu\u00e1l es la peor inocentada que te han gastado un <strong>28 de diciembre<\/strong>? Hay personas que pueden decir que el d\u00eda de los Inocentes han llegado a ser alcaldes d\u00e9spotas. Otras, que han sufrido sus estrafalarias normas y han acabado en la c\u00e1rcel. Eso es lo que le puede pasar a quien vive esta fecha en el pueblo de <strong>V\u00e9lez-Rubio<\/strong>, en el norte de <a href=\"\/casas-rurales\/almeria\">Almer\u00eda<\/a>.<\/p>\n\n\n\n<div class=\"wp-block-buttons is-layout-flex wp-block-buttons-is-layout-flex\">\n<div class=\"wp-block-button\"><a class=\"wp-block-button__link wp-element-button\" href=\"\/casas-rurales\/velez-rubio\">Alojamientos rurales en V\u00e9lez-Rubio<\/a><\/div>\n<\/div>\n\n\n\n<h2 class=\"wp-block-heading\" id=\"h-un-dia-surrealista-en-el-que-te-multan-por-casi-todo\"><strong>Un d\u00eda surrealista en el que te multan por (casi) todo<\/strong><\/h2>\n\n\n\n<p>Da igual el color pol\u00edtico del alcalde de V\u00e9lez-Rubio pues, sea quien sea y venga de donde venga, sabe que perder\u00e1 el poder el 28 de diciembre. Y no es por v\u00eda democr\u00e1tica, no se ponen urnas en los colegios. Son los promotores de la fiesta del d\u00eda de los Inocentes quienes eligen un nuevo primer edil que <strong>se hace cargo del pueblo durante 24 horas<\/strong>. Una persona que entra \u2018a dedo\u2019 y con un mandato muy limitado. \u00bfPuede salir algo mal? S\u00ed, todo.<\/p>\n\n\n<div class=\"wp-block-image\">\n<figure class=\"aligncenter size-full\"><img loading=\"lazy\" decoding=\"async\" width=\"600\" height=\"450\" src=\"https:\/\/www.escapadarural.com\/blog\/wp-content\/uploads\/2025\/12\/inocentes3.jpg\" alt=\"D\u00eda de los Inocentes en V\u00e9lez-Rubio (Almer\u00eda). Fuente: Turismo de V\u00e9lez-Rubio\" class=\"wp-image-211520\" srcset=\"https:\/\/www.escapadarural.com\/blog\/wp-content\/uploads\/2025\/12\/inocentes3-200x150.jpg 200w, https:\/\/www.escapadarural.com\/blog\/wp-content\/uploads\/2025\/12\/inocentes3-300x225.jpg 300w, https:\/\/www.escapadarural.com\/blog\/wp-content\/uploads\/2025\/12\/inocentes3-400x300.jpg 400w, https:\/\/www.escapadarural.com\/blog\/wp-content\/uploads\/2025\/12\/inocentes3.jpg 600w\" sizes=\"auto, (max-width: 600px) 100vw, 600px\" \/><figcaption class=\"wp-element-caption\">D\u00eda de los Inocentes en V\u00e9lez-Rubio (Almer\u00eda). Por <a href=\"https:\/\/descubrevelezrubio.com\/dia-de-los-inocentes\/\" target=\"_blank\" rel=\"noreferrer noopener nofollow\">Turismo de V\u00e9lez-Rubio<\/a><\/figcaption><\/figure>\n<\/div>\n\n\n<p>Todo comienza con la toma de posesi\u00f3n en el Ayuntamiento de V\u00e9lez-Rubio. Prosigue con un <strong>pasacalles tradicional con el nuevo alcalde<\/strong>, su pareja consorte, un cura ataviado con un rosario hecho con chorizos y los \u201cguindillas\u201d, que es un cuerpo de polic\u00eda un tanto peculiar que va vestido con uniformes de colores y espadas de madera. La banda de m\u00fasica de la Asociaci\u00f3n Musical Maestro Rojas acompa\u00f1a a la curiosa comitiva y se van entonando villancicos.<\/p>\n\n\n\n<h2 class=\"wp-block-heading\" id=\"h-todo-el-mundo-acaba-en-prision-en-velez-rubio\">Todo el mundo acaba en prisi\u00f3n en V\u00e9lez-Rubio<\/h2>\n\n\n\n<p>Durante el paseo por el pueblo, el poder ef\u00edmero va haciendo de las suyas. Y es que se han implantado nuevas ordenanzas, estrictas y de lo m\u00e1s surrealistas. <strong>Van multando al vecino<\/strong> que se las salta: puede ser por sentarse en un banco, negocios por estar abiertos sin tener la licencia expedida por la autoridad ef\u00edmera o quienes conducen un coche por las calles. No hay trato de favor, todos est\u00e1n afectados: desde el peque\u00f1o comercio hasta el grande, pasando por entidades bancarias, bares, peatones y conductores. Los inocentes, tras cobrar la multa, <strong>son bendecidos por el divertido cura<\/strong> y acaban diciendo: \u201c\u00a1Viva el ni\u00f1o Dios!\u201d.<\/p>\n\n\n\n<p>Despu\u00e9s vuelven al consistorio para leer el preg\u00f3n, en el que se hace un repaso a la actualidad del \u00faltimo a\u00f1o en el pueblo y tambi\u00e9n en el resto del mundo. Eso s\u00ed, todo con mucho humor. Entonces, <strong>el alcalde ordena a sus \u201cguindillas\u201d detener a todo el mundo<\/strong>, sin excepci\u00f3n. Tambi\u00e9n al alcalde saliente (y entrante, de nuevo, al d\u00eda siguiente), a sus concejales y al resto de habitantes. Si os acerc\u00e1is por all\u00ed, hay que decir, para vuestro alivio, que la condena es bastante llevadera: consiste en convivir con el resto de prisioneros mientras se disfruta de un <strong>buen vino<\/strong> y de un <strong>suculento aperitivo<\/strong>. Tampoco est\u00e1 tan mal acabar en la c\u00e1rcel de V\u00e9lez-Rubio, \u00bfverdad?<\/p>\n\n\n<div class=\"wp-block-image\">\n<figure class=\"aligncenter size-full\"><img loading=\"lazy\" decoding=\"async\" width=\"560\" height=\"420\" src=\"https:\/\/www.escapadarural.com\/blog\/wp-content\/uploads\/2025\/12\/inocente4.jpg\" alt=\"D\u00eda de los Inocentes en V\u00e9lez-Rubio (Almer\u00eda). Fuente: Turismo de V\u00e9lez-Rubio\" class=\"wp-image-211521\" srcset=\"https:\/\/www.escapadarural.com\/blog\/wp-content\/uploads\/2025\/12\/inocente4-200x150.jpg 200w, https:\/\/www.escapadarural.com\/blog\/wp-content\/uploads\/2025\/12\/inocente4-300x225.jpg 300w, https:\/\/www.escapadarural.com\/blog\/wp-content\/uploads\/2025\/12\/inocente4-400x300.jpg 400w, https:\/\/www.escapadarural.com\/blog\/wp-content\/uploads\/2025\/12\/inocente4.jpg 560w\" sizes=\"auto, (max-width: 560px) 100vw, 560px\" \/><figcaption class=\"wp-element-caption\">D\u00eda de los Inocentes en V\u00e9lez-Rubio (Almer\u00eda). Por <a href=\"https:\/\/descubrevelezrubio.com\/dia-de-los-inocentes\/\" target=\"_blank\" rel=\"noreferrer noopener nofollow\">Turismo de V\u00e9lez-Rubio<\/a><\/figcaption><\/figure>\n<\/div>\n\n\n<h2 class=\"wp-block-heading\" id=\"h-de-donde-viene-el-dia-de-los-inocentes\"><strong>\u00bfDe d\u00f3nde viene el d\u00eda de los Inocentes?<\/strong><strong><\/strong><\/h2>\n\n\n\n<p>El curioso d\u00eda de los Inocentes de V\u00e9lez-Rubio no es m\u00e1s que una <strong>ridiculizaci\u00f3n sarc\u00e1stica del poder pol\u00edtico y religioso<\/strong>.\u00a0Pero \u00bfde d\u00f3nde viene esa curiosa costumbre de re\u00edrse de los dem\u00e1s a base de enga\u00f1os durante 24 horas? En muchos pa\u00edses del mundo se hace algo parecido, pero en fechas diferentes.<\/p>\n\n\n\n<p>El 28 de diciembre se celebra en Espa\u00f1a e Hispanoam\u00e9rica y su origen es una fusi\u00f3n de <strong>creencias cristiano-paganas<\/strong>. Por la parte religiosa, viene del d\u00eda de la matanza de todos los ni\u00f1os menores de 2 a\u00f1os decretada por Herodes tras enterarse de que hab\u00eda nacido Jes\u00fas, pues pensaba que le arrebatar\u00eda el trono. No obstante, la fecha no acaba de cuadrar, ya que la orden fat\u00eddica se produjo tras la visita de los Reyes Magos el 6 de enero.<\/p>\n\n\n\n<figure class=\"wp-block-image size-full\"><img loading=\"lazy\" decoding=\"async\" width=\"1024\" height=\"782\" src=\"https:\/\/www.escapadarural.com\/blog\/wp-content\/uploads\/2024\/10\/AdobeStock_667163700-1024x782-1.jpeg\" alt=\"Plaza mayor de V\u00e9lez-Rubio, con la iglesia de la Inmaculada Concepci\u00f3n. Por josemiguelsangar\" class=\"wp-image-92322\" srcset=\"https:\/\/www.escapadarural.com\/blog\/wp-content\/uploads\/2024\/10\/AdobeStock_667163700-1024x782-1-200x153.jpeg 200w, https:\/\/www.escapadarural.com\/blog\/wp-content\/uploads\/2024\/10\/AdobeStock_667163700-1024x782-1-300x229.jpeg 300w, https:\/\/www.escapadarural.com\/blog\/wp-content\/uploads\/2024\/10\/AdobeStock_667163700-1024x782-1-400x305.jpeg 400w, https:\/\/www.escapadarural.com\/blog\/wp-content\/uploads\/2024\/10\/AdobeStock_667163700-1024x782-1-600x458.jpeg 600w, https:\/\/www.escapadarural.com\/blog\/wp-content\/uploads\/2024\/10\/AdobeStock_667163700-1024x782-1-768x587.jpeg 768w, https:\/\/www.escapadarural.com\/blog\/wp-content\/uploads\/2024\/10\/AdobeStock_667163700-1024x782-1-800x611.jpeg 800w, https:\/\/www.escapadarural.com\/blog\/wp-content\/uploads\/2024\/10\/AdobeStock_667163700-1024x782-1.jpeg 1024w\" sizes=\"auto, (max-width: 1024px) 100vw, 1024px\" \/><figcaption class=\"wp-element-caption\">Plaza mayor de V\u00e9lez-Rubio, con la iglesia de la Inmaculada Concepci\u00f3n (Almer\u00eda). Por josemiguelsangar<br><\/figcaption><\/figure>\n\n\n\n<p>Para encontrar el origen pagano del d\u00eda de los Inocentes nos tenemos que remontar al siglo V. Parece ser que en esa \u00e9poca hab\u00eda monaguillos en las iglesias europeas que <strong>escond\u00edan un falso \u201cobispillo\u201d durante las fiestas de Navidad<\/strong>. Con \u00e9l, satirizaban las liturgias y las creencias del mundo cristiano. Aunque estuvo perseguido porque se consideraba un sacrilegio, acab\u00f3 sobreviviendo y extendi\u00e9ndose.<\/p>\n\n\n\n<p>Otra jornada parecida es el <strong><em>April Fool\u2019s Day<\/em><\/strong> del 1 de abril, que se celebra en pa\u00edses como Estados Unidos, Reino Unido, Australia o Alemania. Los historiadores creen que data del a\u00f1o en que Francia cambi\u00f3 el calendario juliano por el gregoriano en 1582. Hasta entonces, el A\u00f1o Nuevo se festejaba entre el 25 de marzo y el 1 de abril. Muchos tardaron en adaptarse a los cambios \u2014era una \u00e9poca sin internet ni redes sociales, la informaci\u00f3n no circulaba tan r\u00e1pidamente\u2014&nbsp;y segu\u00edan felicitando el nuevo a\u00f1o cuando no tocaba, convirti\u00e9ndose en objeto de burla y enga\u00f1os.<\/p>\n\n\n\n<h2 class=\"wp-block-heading\" id=\"h-que-ver-en-velez-rubio\"><strong>Qu\u00e9 ver en V\u00e9lez-Rubio<\/strong><\/h2>\n\n\n\n<figure class=\"wp-block-image size-large\"><img loading=\"lazy\" decoding=\"async\" width=\"1024\" height=\"685\" src=\"https:\/\/www.escapadarural.com\/blog\/wp-content\/uploads\/2025\/12\/AdobeStock_276431407-1024x685.jpeg\" alt=\"La monta\u00f1a de Maim\u00f3n, donde est\u00e1 la Cueva de los Letreros de V\u00e9lez-Rubio (Almer\u00eda). Por Jorge Anastacio\" class=\"wp-image-211439\" srcset=\"https:\/\/www.escapadarural.com\/blog\/wp-content\/uploads\/2025\/12\/AdobeStock_276431407-200x134.jpeg 200w, https:\/\/www.escapadarural.com\/blog\/wp-content\/uploads\/2025\/12\/AdobeStock_276431407-300x201.jpeg 300w, https:\/\/www.escapadarural.com\/blog\/wp-content\/uploads\/2025\/12\/AdobeStock_276431407-400x268.jpeg 400w, https:\/\/www.escapadarural.com\/blog\/wp-content\/uploads\/2025\/12\/AdobeStock_276431407-600x401.jpeg 600w, https:\/\/www.escapadarural.com\/blog\/wp-content\/uploads\/2025\/12\/AdobeStock_276431407-768x514.jpeg 768w, https:\/\/www.escapadarural.com\/blog\/wp-content\/uploads\/2025\/12\/AdobeStock_276431407-800x535.jpeg 800w, https:\/\/www.escapadarural.com\/blog\/wp-content\/uploads\/2025\/12\/AdobeStock_276431407-1024x685.jpeg 1024w, https:\/\/www.escapadarural.com\/blog\/wp-content\/uploads\/2025\/12\/AdobeStock_276431407-1200x803.jpeg 1200w, https:\/\/www.escapadarural.com\/blog\/wp-content\/uploads\/2025\/12\/AdobeStock_276431407-1536x1028.jpeg 1536w\" sizes=\"auto, (max-width: 1024px) 100vw, 1024px\" \/><figcaption class=\"wp-element-caption\">La monta\u00f1a de Maim\u00f3n, donde est\u00e1 la Cueva de los Letreros de V\u00e9lez-Rubio (Almer\u00eda). Por Jorge Anastacio<\/figcaption><\/figure>\n\n\n\n<p>Volvemos a V\u00e9lez-Rubio, el pueblo del alcalde d\u00e9spota por un d\u00eda en los Santos Inocentes. Quien se acerque a conocer esta curiosa y divertida jornada, tendr\u00e1 muchos otros planes que hacer en el municipio y en los alrededores. Sus calles tienen rincones pintorescos, casas de arquitectura tradicional con fachadas encaladas o de ladrillo visto y algunos edificios monumentales entre los que destaca la <strong>iglesia de la Encarnaci\u00f3n<\/strong>, que es visible desde cualquier punto. Es un ejemplo de transici\u00f3n de estilos del Barroco al Neocl\u00e1sico. Como curiosidad, su \u00f3rgano est\u00e1 considerado uno de los mejores instrumentos musicales religiosos que se conservan en Almer\u00eda.<\/p>\n\n\n\n<p>Otra construcci\u00f3n religiosa imponente es el <strong>convento Mar\u00eda Inmaculada<\/strong>, con mucha historia desde que se edificara en el siglo XVII. Fue cuartel de las tropas francesas durante la guerra de la Independencia (siglo XIX) y con la Desamortizaci\u00f3n de Mendiz\u00e1bal en 1837 qued\u00f3 sin uso durante varias d\u00e9cadas. Hoy es lugar de devoci\u00f3n en V\u00e9lez-Rubio por su imagen de La Pur\u00edsima. Otro enclave imprescindible es el cercano <strong>castillo de V\u00e9lez-Blanco<\/strong>, un ejemplo emblem\u00e1tico de la arquitectura renacentista espa\u00f1ola, que combina lo militar con lo palaciego.\u200b<\/p>\n\n\n\n<figure class=\"wp-block-image size-large\"><img loading=\"lazy\" decoding=\"async\" width=\"1024\" height=\"680\" src=\"https:\/\/www.escapadarural.com\/blog\/wp-content\/uploads\/2024\/03\/AdobeStock_55790397_castillo_velez_blanco-1024x680.webp\" alt=\"Castillo de V\u00e9lez-Blanco, Almer\u00eda. Por Noradoa\" class=\"wp-image-193929\" srcset=\"https:\/\/www.escapadarural.com\/blog\/wp-content\/uploads\/2024\/03\/AdobeStock_55790397_castillo_velez_blanco-200x133.webp 200w, https:\/\/www.escapadarural.com\/blog\/wp-content\/uploads\/2024\/03\/AdobeStock_55790397_castillo_velez_blanco-300x199.webp 300w, https:\/\/www.escapadarural.com\/blog\/wp-content\/uploads\/2024\/03\/AdobeStock_55790397_castillo_velez_blanco-400x266.webp 400w, https:\/\/www.escapadarural.com\/blog\/wp-content\/uploads\/2024\/03\/AdobeStock_55790397_castillo_velez_blanco-600x399.webp 600w, https:\/\/www.escapadarural.com\/blog\/wp-content\/uploads\/2024\/03\/AdobeStock_55790397_castillo_velez_blanco-768x510.webp 768w, https:\/\/www.escapadarural.com\/blog\/wp-content\/uploads\/2024\/03\/AdobeStock_55790397_castillo_velez_blanco-800x531.webp 800w, https:\/\/www.escapadarural.com\/blog\/wp-content\/uploads\/2024\/03\/AdobeStock_55790397_castillo_velez_blanco-1024x680.webp 1024w, https:\/\/www.escapadarural.com\/blog\/wp-content\/uploads\/2024\/03\/AdobeStock_55790397_castillo_velez_blanco-1200x797.webp 1200w, https:\/\/www.escapadarural.com\/blog\/wp-content\/uploads\/2024\/03\/AdobeStock_55790397_castillo_velez_blanco-1536x1020.webp 1536w\" sizes=\"auto, (max-width: 1024px) 100vw, 1024px\" \/><figcaption class=\"wp-element-caption\">Castillo de V\u00e9lez-Blanco, Almer\u00eda. Por Noradoa<\/figcaption><\/figure>\n\n\n\n<p>El entorno natural es uno de los grandes valores de V\u00e9lez-Rubio. A destacar el <strong>Parque Natural de Sierra Mar\u00eda-Los V\u00e9lez<\/strong>, que alberga un lugar fascinante: la <strong>cueva de los Letreros<\/strong>, declarada Patrimonio de la Humanidad por la UNESCO por sus <a href=\"\/blog\/pinturas-rupestres-en-es\/\">pinturas rupestres<\/a>, las m\u00e1s importantes del arte levantino. Aqu\u00ed est\u00e1 la figura del <strong><a href=\"\/blog\/pueblo-indalo-de-mojacar\/\">Indalo<\/a><\/strong>, que hoy constituye el emblema de Almer\u00eda. Las visitas se hacen en grupos guiados y en <a href=\"https:\/\/www.dipalme.org\/Servicios\/cmsdipro\/index.nsf\/fiestas.xsp?p=VelezBlanco&amp;documentId=8567305EF3D13D45C125842B003CB251\" target=\"_blank\" rel=\"noreferrer noopener nofollow\">horarios<\/a> determinados que cambian en funci\u00f3n de la temporada. Para reservar la visita hay que llamar al 694467136.<\/p>\n","protected":false},"excerpt":{"rendered":"<p>El d\u00eda de los Inocentes se celebra de una manera muy especial en este pueblo de Almer\u00eda: te puedes convertir en alcalde, o ir a la c\u00e1rcel<\/p>\n","protected":false},"author":123,"featured_media":211520,"comment_status":"open","ping_status":"open","sticky":false,"template":"","format":"standard","meta":{"_acf_changed":false,"om_disable_all_campaigns":false,"footnotes":""},"categories":[231,191],"tags":[355,2197,6072,2469,511,440,1756,600,5590,361],"class_list":["post-211431","post","type-post","status-publish","format-standard","has-post-thumbnail","hentry","category-arte-y-cultura","category-destinos","tag-que-ver-en-almeria","tag-amigos","tag-andalucia","tag-dia-de-los-inocentes","tag-familia","tag-historias-y-curiosidades","tag-invierno","tag-navidad","tag-pareja","tag-velez-rubio"],"acf":[],"featured_image_src":"https:\/\/www.escapadarural.com\/blog\/wp-content\/uploads\/2025\/12\/inocentes3.jpg","author_info":{"display_name":"Raquel Andr\u00e9s","author_link":"https:\/\/www.escapadarural.com\/blog\/autor\/raquel\/"},"yoast_head":"<!-- This site is optimized with the Yoast SEO plugin v27.2 - https:\/\/yoast.com\/product\/yoast-seo-wordpress\/ -->\n<title>\u00a1Todos a la c\u00e1rcel!\u00a0As\u00ed celebran el d\u00eda de los Inocentes en este pueblo de Almer\u00eda - EscapadaRural<\/title>\n<meta name=\"description\" content=\"El d\u00eda de los Inocentes se celebra de una manera muy especial en este pueblo de Almer\u00eda: te puedes convertir en alcalde, o ir a la c\u00e1rcel\" \/>\n<meta name=\"robots\" content=\"index, follow, max-snippet:-1, max-image-preview:large, max-video-preview:-1\" \/>\n<link rel=\"canonical\" href=\"https:\/\/www.escapadarural.com\/blog\/alcalde-por-un-dia-velez-rubio-dia-inocentes\/\" \/>\n<meta property=\"og:locale\" content=\"es_ES\" \/>\n<meta property=\"og:type\" content=\"article\" \/>\n<meta property=\"og:title\" content=\"\u00a1Todos a la c\u00e1rcel!\u00a0As\u00ed celebran el d\u00eda de los Inocentes en este pueblo de Almer\u00eda - EscapadaRural\" \/>\n<meta property=\"og:description\" content=\"El d\u00eda de los Inocentes se celebra de una manera muy especial en este pueblo de Almer\u00eda: te puedes convertir en alcalde, o ir a la c\u00e1rcel\" \/>\n<meta property=\"og:url\" content=\"https:\/\/www.escapadarural.com\/blog\/alcalde-por-un-dia-velez-rubio-dia-inocentes\/\" \/>\n<meta property=\"og:site_name\" content=\"Magazine de viajes de EscapadaRural\" \/>\n<meta property=\"article:publisher\" content=\"https:\/\/www.facebook.com\/escapadarural\" \/>\n<meta property=\"article:published_time\" content=\"2025-12-28T07:55:00+00:00\" \/>\n<meta property=\"article:modified_time\" content=\"2026-03-18T15:07:34+00:00\" \/>\n<meta property=\"og:image\" content=\"https:\/\/www.escapadarural.com\/blog\/wp-content\/uploads\/2025\/12\/inocentes3.jpg?v=1773846455\" \/>\n\t<meta property=\"og:image:width\" content=\"600\" \/>\n\t<meta property=\"og:image:height\" content=\"450\" \/>\n\t<meta property=\"og:image:type\" content=\"image\/jpeg\" \/>\n<meta name=\"author\" content=\"Raquel Andr\u00e9s\" \/>\n<meta name=\"twitter:card\" content=\"summary_large_image\" \/>\n<meta name=\"twitter:label1\" content=\"Escrito por\" \/>\n\t<meta name=\"twitter:data1\" content=\"Raquel Andr\u00e9s\" \/>\n\t<meta name=\"twitter:label2\" content=\"Tiempo de lectura\" \/>\n\t<meta name=\"twitter:data2\" content=\"6 minutos\" \/>\n<script type=\"application\/ld+json\" class=\"yoast-schema-graph\">{\"@context\":\"https:\/\/schema.org\",\"@graph\":[{\"@type\":\"Article\",\"@id\":\"https:\/\/www.escapadarural.com\/blog\/alcalde-por-un-dia-velez-rubio-dia-inocentes\/#article\",\"isPartOf\":{\"@id\":\"https:\/\/www.escapadarural.com\/blog\/alcalde-por-un-dia-velez-rubio-dia-inocentes\/\"},\"author\":{\"name\":\"Raquel Andr\u00e9s\",\"@id\":\"https:\/\/www.escapadarural.com\/blog\/#\/schema\/person\/67be061eb00d8315fa8642e01b88c894\"},\"headline\":\"\u00a1Todos a la c\u00e1rcel!\u00a0As\u00ed celebran el d\u00eda de los Inocentes en este pueblo de Almer\u00eda\",\"datePublished\":\"2025-12-28T07:55:00+00:00\",\"dateModified\":\"2026-03-18T15:07:34+00:00\",\"mainEntityOfPage\":{\"@id\":\"https:\/\/www.escapadarural.com\/blog\/alcalde-por-un-dia-velez-rubio-dia-inocentes\/\"},\"wordCount\":1242,\"commentCount\":0,\"publisher\":{\"@id\":\"https:\/\/www.escapadarural.com\/blog\/#organization\"},\"image\":{\"@id\":\"https:\/\/www.escapadarural.com\/blog\/alcalde-por-un-dia-velez-rubio-dia-inocentes\/#primaryimage\"},\"thumbnailUrl\":\"https:\/\/www.escapadarural.com\/blog\/wp-content\/uploads\/2025\/12\/inocentes3.jpg\",\"keywords\":[\"Almer\u00eda\",\"amigos\",\"Andaluc\u00eda\",\"D\u00eda de los Inocentes\",\"Familia\",\"Historias y Curiosidades\",\"Invierno\",\"Navidad\",\"Pareja\",\"V\u00e9lez Rubio\"],\"articleSection\":[\"Arte y Cultura\",\"Destinos\"],\"inLanguage\":\"es\",\"potentialAction\":[{\"@type\":\"CommentAction\",\"name\":\"Comment\",\"target\":[\"https:\/\/www.escapadarural.com\/blog\/alcalde-por-un-dia-velez-rubio-dia-inocentes\/#respond\"]}]},{\"@type\":\"WebPage\",\"@id\":\"https:\/\/www.escapadarural.com\/blog\/alcalde-por-un-dia-velez-rubio-dia-inocentes\/\",\"url\":\"https:\/\/www.escapadarural.com\/blog\/alcalde-por-un-dia-velez-rubio-dia-inocentes\/\",\"name\":\"\u00a1Todos a la c\u00e1rcel!\u00a0As\u00ed celebran el d\u00eda de los Inocentes en este pueblo de Almer\u00eda - EscapadaRural\",\"isPartOf\":{\"@id\":\"https:\/\/www.escapadarural.com\/blog\/#website\"},\"primaryImageOfPage\":{\"@id\":\"https:\/\/www.escapadarural.com\/blog\/alcalde-por-un-dia-velez-rubio-dia-inocentes\/#primaryimage\"},\"image\":{\"@id\":\"https:\/\/www.escapadarural.com\/blog\/alcalde-por-un-dia-velez-rubio-dia-inocentes\/#primaryimage\"},\"thumbnailUrl\":\"https:\/\/www.escapadarural.com\/blog\/wp-content\/uploads\/2025\/12\/inocentes3.jpg\",\"datePublished\":\"2025-12-28T07:55:00+00:00\",\"dateModified\":\"2026-03-18T15:07:34+00:00\",\"description\":\"El d\u00eda de los Inocentes se celebra de una manera muy especial en este pueblo de Almer\u00eda: te puedes convertir en alcalde, o ir a la c\u00e1rcel\",\"breadcrumb\":{\"@id\":\"https:\/\/www.escapadarural.com\/blog\/alcalde-por-un-dia-velez-rubio-dia-inocentes\/#breadcrumb\"},\"inLanguage\":\"es\",\"potentialAction\":[{\"@type\":\"ReadAction\",\"target\":[\"https:\/\/www.escapadarural.com\/blog\/alcalde-por-un-dia-velez-rubio-dia-inocentes\/\"]}]},{\"@type\":\"ImageObject\",\"inLanguage\":\"es\",\"@id\":\"https:\/\/www.escapadarural.com\/blog\/alcalde-por-un-dia-velez-rubio-dia-inocentes\/#primaryimage\",\"url\":\"https:\/\/www.escapadarural.com\/blog\/wp-content\/uploads\/2025\/12\/inocentes3.jpg\",\"contentUrl\":\"https:\/\/www.escapadarural.com\/blog\/wp-content\/uploads\/2025\/12\/inocentes3.jpg\",\"width\":600,\"height\":450,\"caption\":\"D\u00eda de los Inocentes en V\u00e9lez-Rubio (Almer\u00eda). Fuente: Turismo de V\u00e9lez-Rubio\"},{\"@type\":\"BreadcrumbList\",\"@id\":\"https:\/\/www.escapadarural.com\/blog\/alcalde-por-un-dia-velez-rubio-dia-inocentes\/#breadcrumb\",\"itemListElement\":[{\"@type\":\"ListItem\",\"position\":1,\"name\":\"Inicio\",\"item\":\"https:\/\/www.escapadarural.com\/blog\/\"},{\"@type\":\"ListItem\",\"position\":2,\"name\":\"Arte y Cultura\",\"item\":\"https:\/\/www.escapadarural.com\/blog\/categoria\/arte-y-cultura\/\"},{\"@type\":\"ListItem\",\"position\":3,\"name\":\"\u00a1Todos a la c\u00e1rcel!\u00a0As\u00ed celebran el d\u00eda de los Inocentes en este pueblo de Almer\u00eda\"}]},{\"@type\":\"WebSite\",\"@id\":\"https:\/\/www.escapadarural.com\/blog\/#website\",\"url\":\"https:\/\/www.escapadarural.com\/blog\/\",\"name\":\"Blog de viajes | turismo rural, alojamientos e inspiraci\u00f3n\",\"description\":\"Alojamientos rurales e inspiraci\u00f3n para tus escapadas\",\"publisher\":{\"@id\":\"https:\/\/www.escapadarural.com\/blog\/#organization\"},\"alternateName\":\"Magazine de viajes de EscapadaRural\",\"potentialAction\":[{\"@type\":\"SearchAction\",\"target\":{\"@type\":\"EntryPoint\",\"urlTemplate\":\"https:\/\/www.escapadarural.com\/blog\/?s={search_term_string}\"},\"query-input\":{\"@type\":\"PropertyValueSpecification\",\"valueRequired\":true,\"valueName\":\"search_term_string\"}}],\"inLanguage\":\"es\"},{\"@type\":\"Organization\",\"@id\":\"https:\/\/www.escapadarural.com\/blog\/#organization\",\"name\":\"EscapadaRural\",\"url\":\"https:\/\/www.escapadarural.com\/blog\/\",\"logo\":{\"@type\":\"ImageObject\",\"inLanguage\":\"es\",\"@id\":\"https:\/\/www.escapadarural.com\/blog\/#\/schema\/logo\/image\/\",\"url\":\"https:\/\/www.escapadarural.com\/blog\/wp-content\/uploads\/2024\/10\/cropped-cropped-escapada-rural-icon-mag-3.png\",\"contentUrl\":\"https:\/\/www.escapadarural.com\/blog\/wp-content\/uploads\/2024\/10\/cropped-cropped-escapada-rural-icon-mag-3.png\",\"width\":512,\"height\":512,\"caption\":\"EscapadaRural\"},\"image\":{\"@id\":\"https:\/\/www.escapadarural.com\/blog\/#\/schema\/logo\/image\/\"},\"sameAs\":[\"https:\/\/www.facebook.com\/escapadarural\",\"https:\/\/www.instagram.com\/escapadarural\/\",\"https:\/\/www.youtube.com\/@escapadaruralcom\"]},{\"@type\":\"Person\",\"@id\":\"https:\/\/www.escapadarural.com\/blog\/#\/schema\/person\/67be061eb00d8315fa8642e01b88c894\",\"name\":\"Raquel Andr\u00e9s\",\"image\":{\"@type\":\"ImageObject\",\"inLanguage\":\"es\",\"@id\":\"https:\/\/secure.gravatar.com\/avatar\/b45840531462f3cafb335a9fc5c0bfda2c07c3df4b82b304b923526b85cc6cb5?s=96&d=mm&r=g\",\"url\":\"https:\/\/secure.gravatar.com\/avatar\/b45840531462f3cafb335a9fc5c0bfda2c07c3df4b82b304b923526b85cc6cb5?s=96&d=mm&r=g\",\"contentUrl\":\"https:\/\/secure.gravatar.com\/avatar\/b45840531462f3cafb335a9fc5c0bfda2c07c3df4b82b304b923526b85cc6cb5?s=96&d=mm&r=g\",\"caption\":\"Raquel Andr\u00e9s\"},\"description\":\"Periodista y aventurera. Me has podido leer en Escapada Rural, Diari Nosaltres La Veu, La Vanguardia, El Salto y otros medios. Habitante y amante de las zonas rurales, sea cual sea el destino. Procuro escaparme una vez por semana con las botas de monta\u00f1a, el arn\u00e9s o el neopreno. Tambi\u00e9n soy un intento de baserritarra.\",\"url\":\"https:\/\/www.escapadarural.com\/blog\/autor\/raquel\/\"}]}<\/script>\n<!-- \/ Yoast SEO plugin. -->","yoast_head_json":{"title":"\u00a1Todos a la c\u00e1rcel!\u00a0As\u00ed celebran el d\u00eda de los Inocentes en este pueblo de Almer\u00eda - EscapadaRural","description":"El d\u00eda de los Inocentes se celebra de una manera muy especial en este pueblo de Almer\u00eda: te puedes convertir en alcalde, o ir a la c\u00e1rcel","robots":{"index":"index","follow":"follow","max-snippet":"max-snippet:-1","max-image-preview":"max-image-preview:large","max-video-preview":"max-video-preview:-1"},"canonical":"https:\/\/www.escapadarural.com\/blog\/alcalde-por-un-dia-velez-rubio-dia-inocentes\/","og_locale":"es_ES","og_type":"article","og_title":"\u00a1Todos a la c\u00e1rcel!\u00a0As\u00ed celebran el d\u00eda de los Inocentes en este pueblo de Almer\u00eda - EscapadaRural","og_description":"El d\u00eda de los Inocentes se celebra de una manera muy especial en este pueblo de Almer\u00eda: te puedes convertir en alcalde, o ir a la c\u00e1rcel","og_url":"https:\/\/www.escapadarural.com\/blog\/alcalde-por-un-dia-velez-rubio-dia-inocentes\/","og_site_name":"Magazine de viajes de EscapadaRural","article_publisher":"https:\/\/www.facebook.com\/escapadarural","article_published_time":"2025-12-28T07:55:00+00:00","article_modified_time":"2026-03-18T15:07:34+00:00","og_image":[{"width":600,"height":450,"url":"https:\/\/www.escapadarural.com\/blog\/wp-content\/uploads\/2025\/12\/inocentes3.jpg?v=1773846455","type":"image\/jpeg"}],"author":"Raquel Andr\u00e9s","twitter_card":"summary_large_image","twitter_misc":{"Escrito por":"Raquel Andr\u00e9s","Tiempo de lectura":"6 minutos"},"schema":{"@context":"https:\/\/schema.org","@graph":[{"@type":"Article","@id":"https:\/\/www.escapadarural.com\/blog\/alcalde-por-un-dia-velez-rubio-dia-inocentes\/#article","isPartOf":{"@id":"https:\/\/www.escapadarural.com\/blog\/alcalde-por-un-dia-velez-rubio-dia-inocentes\/"},"author":{"name":"Raquel Andr\u00e9s","@id":"https:\/\/www.escapadarural.com\/blog\/#\/schema\/person\/67be061eb00d8315fa8642e01b88c894"},"headline":"\u00a1Todos a la c\u00e1rcel!\u00a0As\u00ed celebran el d\u00eda de los Inocentes en este pueblo de Almer\u00eda","datePublished":"2025-12-28T07:55:00+00:00","dateModified":"2026-03-18T15:07:34+00:00","mainEntityOfPage":{"@id":"https:\/\/www.escapadarural.com\/blog\/alcalde-por-un-dia-velez-rubio-dia-inocentes\/"},"wordCount":1242,"commentCount":0,"publisher":{"@id":"https:\/\/www.escapadarural.com\/blog\/#organization"},"image":{"@id":"https:\/\/www.escapadarural.com\/blog\/alcalde-por-un-dia-velez-rubio-dia-inocentes\/#primaryimage"},"thumbnailUrl":"https:\/\/www.escapadarural.com\/blog\/wp-content\/uploads\/2025\/12\/inocentes3.jpg","keywords":["Almer\u00eda","amigos","Andaluc\u00eda","D\u00eda de los Inocentes","Familia","Historias y Curiosidades","Invierno","Navidad","Pareja","V\u00e9lez Rubio"],"articleSection":["Arte y Cultura","Destinos"],"inLanguage":"es","potentialAction":[{"@type":"CommentAction","name":"Comment","target":["https:\/\/www.escapadarural.com\/blog\/alcalde-por-un-dia-velez-rubio-dia-inocentes\/#respond"]}]},{"@type":"WebPage","@id":"https:\/\/www.escapadarural.com\/blog\/alcalde-por-un-dia-velez-rubio-dia-inocentes\/","url":"https:\/\/www.escapadarural.com\/blog\/alcalde-por-un-dia-velez-rubio-dia-inocentes\/","name":"\u00a1Todos a la c\u00e1rcel!\u00a0As\u00ed celebran el d\u00eda de los Inocentes en este pueblo de Almer\u00eda - EscapadaRural","isPartOf":{"@id":"https:\/\/www.escapadarural.com\/blog\/#website"},"primaryImageOfPage":{"@id":"https:\/\/www.escapadarural.com\/blog\/alcalde-por-un-dia-velez-rubio-dia-inocentes\/#primaryimage"},"image":{"@id":"https:\/\/www.escapadarural.com\/blog\/alcalde-por-un-dia-velez-rubio-dia-inocentes\/#primaryimage"},"thumbnailUrl":"https:\/\/www.escapadarural.com\/blog\/wp-content\/uploads\/2025\/12\/inocentes3.jpg","datePublished":"2025-12-28T07:55:00+00:00","dateModified":"2026-03-18T15:07:34+00:00","description":"El d\u00eda de los Inocentes se celebra de una manera muy especial en este pueblo de Almer\u00eda: te puedes convertir en alcalde, o ir a la c\u00e1rcel","breadcrumb":{"@id":"https:\/\/www.escapadarural.com\/blog\/alcalde-por-un-dia-velez-rubio-dia-inocentes\/#breadcrumb"},"inLanguage":"es","potentialAction":[{"@type":"ReadAction","target":["https:\/\/www.escapadarural.com\/blog\/alcalde-por-un-dia-velez-rubio-dia-inocentes\/"]}]},{"@type":"ImageObject","inLanguage":"es","@id":"https:\/\/www.escapadarural.com\/blog\/alcalde-por-un-dia-velez-rubio-dia-inocentes\/#primaryimage","url":"https:\/\/www.escapadarural.com\/blog\/wp-content\/uploads\/2025\/12\/inocentes3.jpg","contentUrl":"https:\/\/www.escapadarural.com\/blog\/wp-content\/uploads\/2025\/12\/inocentes3.jpg","width":600,"height":450,"caption":"D\u00eda de los Inocentes en V\u00e9lez-Rubio (Almer\u00eda). Fuente: Turismo de V\u00e9lez-Rubio"},{"@type":"BreadcrumbList","@id":"https:\/\/www.escapadarural.com\/blog\/alcalde-por-un-dia-velez-rubio-dia-inocentes\/#breadcrumb","itemListElement":[{"@type":"ListItem","position":1,"name":"Inicio","item":"https:\/\/www.escapadarural.com\/blog\/"},{"@type":"ListItem","position":2,"name":"Arte y Cultura","item":"https:\/\/www.escapadarural.com\/blog\/categoria\/arte-y-cultura\/"},{"@type":"ListItem","position":3,"name":"\u00a1Todos a la c\u00e1rcel!\u00a0As\u00ed celebran el d\u00eda de los Inocentes en este pueblo de Almer\u00eda"}]},{"@type":"WebSite","@id":"https:\/\/www.escapadarural.com\/blog\/#website","url":"https:\/\/www.escapadarural.com\/blog\/","name":"Blog de viajes | turismo rural, alojamientos e inspiraci\u00f3n","description":"Alojamientos rurales e inspiraci\u00f3n para tus escapadas","publisher":{"@id":"https:\/\/www.escapadarural.com\/blog\/#organization"},"alternateName":"Magazine de viajes de EscapadaRural","potentialAction":[{"@type":"SearchAction","target":{"@type":"EntryPoint","urlTemplate":"https:\/\/www.escapadarural.com\/blog\/?s={search_term_string}"},"query-input":{"@type":"PropertyValueSpecification","valueRequired":true,"valueName":"search_term_string"}}],"inLanguage":"es"},{"@type":"Organization","@id":"https:\/\/www.escapadarural.com\/blog\/#organization","name":"EscapadaRural","url":"https:\/\/www.escapadarural.com\/blog\/","logo":{"@type":"ImageObject","inLanguage":"es","@id":"https:\/\/www.escapadarural.com\/blog\/#\/schema\/logo\/image\/","url":"https:\/\/www.escapadarural.com\/blog\/wp-content\/uploads\/2024\/10\/cropped-cropped-escapada-rural-icon-mag-3.png","contentUrl":"https:\/\/www.escapadarural.com\/blog\/wp-content\/uploads\/2024\/10\/cropped-cropped-escapada-rural-icon-mag-3.png","width":512,"height":512,"caption":"EscapadaRural"},"image":{"@id":"https:\/\/www.escapadarural.com\/blog\/#\/schema\/logo\/image\/"},"sameAs":["https:\/\/www.facebook.com\/escapadarural","https:\/\/www.instagram.com\/escapadarural\/","https:\/\/www.youtube.com\/@escapadaruralcom"]},{"@type":"Person","@id":"https:\/\/www.escapadarural.com\/blog\/#\/schema\/person\/67be061eb00d8315fa8642e01b88c894","name":"Raquel Andr\u00e9s","image":{"@type":"ImageObject","inLanguage":"es","@id":"https:\/\/secure.gravatar.com\/avatar\/b45840531462f3cafb335a9fc5c0bfda2c07c3df4b82b304b923526b85cc6cb5?s=96&d=mm&r=g","url":"https:\/\/secure.gravatar.com\/avatar\/b45840531462f3cafb335a9fc5c0bfda2c07c3df4b82b304b923526b85cc6cb5?s=96&d=mm&r=g","contentUrl":"https:\/\/secure.gravatar.com\/avatar\/b45840531462f3cafb335a9fc5c0bfda2c07c3df4b82b304b923526b85cc6cb5?s=96&d=mm&r=g","caption":"Raquel Andr\u00e9s"},"description":"Periodista y aventurera. Me has podido leer en Escapada Rural, Diari Nosaltres La Veu, La Vanguardia, El Salto y otros medios. Habitante y amante de las zonas rurales, sea cual sea el destino. Procuro escaparme una vez por semana con las botas de monta\u00f1a, el arn\u00e9s o el neopreno. Tambi\u00e9n soy un intento de baserritarra.","url":"https:\/\/www.escapadarural.com\/blog\/autor\/raquel\/"}]}},"_links":{"self":[{"href":"https:\/\/www.escapadarural.com\/blog\/wp-json\/wp\/v2\/posts\/211431","targetHints":{"allow":["GET"]}}],"collection":[{"href":"https:\/\/www.escapadarural.com\/blog\/wp-json\/wp\/v2\/posts"}],"about":[{"href":"https:\/\/www.escapadarural.com\/blog\/wp-json\/wp\/v2\/types\/post"}],"author":[{"embeddable":true,"href":"https:\/\/www.escapadarural.com\/blog\/wp-json\/wp\/v2\/users\/123"}],"replies":[{"embeddable":true,"href":"https:\/\/www.escapadarural.com\/blog\/wp-json\/wp\/v2\/comments?post=211431"}],"version-history":[{"count":0,"href":"https:\/\/www.escapadarural.com\/blog\/wp-json\/wp\/v2\/posts\/211431\/revisions"}],"wp:featuredmedia":[{"embeddable":true,"href":"https:\/\/www.escapadarural.com\/blog\/wp-json\/wp\/v2\/media\/211520"}],"wp:attachment":[{"href":"https:\/\/www.escapadarural.com\/blog\/wp-json\/wp\/v2\/media?parent=211431"}],"wp:term":[{"taxonomy":"category","embeddable":true,"href":"https:\/\/www.escapadarural.com\/blog\/wp-json\/wp\/v2\/categories?post=211431"},{"taxonomy":"post_tag","embeddable":true,"href":"https:\/\/www.escapadarural.com\/blog\/wp-json\/wp\/v2\/tags?post=211431"}],"curies":[{"name":"wp","href":"https:\/\/api.w.org\/{rel}","templated":true}]}}