{"id":211600,"date":"2026-01-18T08:55:00","date_gmt":"2026-01-18T07:55:00","guid":{"rendered":"https:\/\/www.escapadarural.com\/blog\/?p=211600"},"modified":"2026-03-18T15:20:53","modified_gmt":"2026-03-18T14:20:53","slug":"via-aquitania-camino-santiago-calzada-romana","status":"publish","type":"post","link":"https:\/\/www.escapadarural.com\/blog\/via-aquitania-camino-santiago-calzada-romana\/","title":{"rendered":"La V\u00eda Aquitania, ir a Santiago por una calzada romana"},"content":{"rendered":"\n<figure class=\"wp-block-image size-full\"><img loading=\"lazy\" decoding=\"async\" width=\"1024\" height=\"683\" src=\"https:\/\/www.escapadarural.com\/blog\/wp-content\/uploads\/2022\/08\/Camino-de-Santiago-5-1.webp\" alt=\"Detalle en el Camino de Santiago. Por artjazz\" class=\"wp-image-197989\" srcset=\"https:\/\/www.escapadarural.com\/blog\/wp-content\/uploads\/2022\/08\/Camino-de-Santiago-5-1-200x133.webp 200w, https:\/\/www.escapadarural.com\/blog\/wp-content\/uploads\/2022\/08\/Camino-de-Santiago-5-1-300x200.webp 300w, https:\/\/www.escapadarural.com\/blog\/wp-content\/uploads\/2022\/08\/Camino-de-Santiago-5-1-400x267.webp 400w, https:\/\/www.escapadarural.com\/blog\/wp-content\/uploads\/2022\/08\/Camino-de-Santiago-5-1-600x400.webp 600w, https:\/\/www.escapadarural.com\/blog\/wp-content\/uploads\/2022\/08\/Camino-de-Santiago-5-1-768x512.webp 768w, https:\/\/www.escapadarural.com\/blog\/wp-content\/uploads\/2022\/08\/Camino-de-Santiago-5-1-800x534.webp 800w, https:\/\/www.escapadarural.com\/blog\/wp-content\/uploads\/2022\/08\/Camino-de-Santiago-5-1.webp 1024w\" sizes=\"auto, (max-width: 1024px) 100vw, 1024px\" \/><figcaption class=\"wp-element-caption\">Detalle en el Camino de Santiago. Por artjazz<\/figcaption><\/figure>\n\n\n\n<p>Dicen que todos los caminos llevan a Roma, as\u00ed que tambi\u00e9n es posible pasar por Santiago de Compostela. Con la <strong>V\u00eda Aquitania<\/strong> el proverbio se hace literal. Es una <strong>variante del <a href=\"\/blog\/que-ver-camino-de-santiago-frances\"><u>Camino de Santiago Franc\u00e9s<\/u><\/a>&nbsp;que sigue la calzada construida en el a\u00f1o 118 a. C.<\/strong> para conectar Narbona, en Aquitania (Francia), con la pen\u00ednsula ib\u00e9rica por el oc\u00e9ano Atl\u00e1ntico, a trav\u00e9s de Toulouse y Burdeos.<\/p>\n\n\n\n<p>Hoy es un recorrido alternativo al popular <a href=\"\/blog\/tag\/camino-frances\/\">Camino Franc\u00e9s<\/a> para quienes buscan rincones olvidados y llenos de historia. Son <strong>algo m\u00e1s de 300 kil\u00f3metros <\/strong>que se dividen en tres tramos entre Pamplona (<a href=\"\/casas-rurales\/navarra\">Navarra<\/a>) y Carri\u00f3n de los Condes (<a href=\"\/casas-rurales\/palencia\">Palencia<\/a>), donde se une a la popular v\u00eda peregrina.<\/p>\n\n\n\n<div class=\"wp-block-buttons is-layout-flex wp-block-buttons-is-layout-flex\">\n<div class=\"wp-block-button\"><a class=\"wp-block-button__link wp-element-button\" href=\"\/casas-rurales\">Encuentra tu alojamiento<\/a><\/div>\n<\/div>\n\n\n\n<h2 class=\"wp-block-heading\" id=\"h-de-calzada-romana-a-camino-de-santiago\"><strong>De calzada romana a Camino de Santiago<\/strong><strong><\/strong><\/h2>\n\n\n\n<figure class=\"wp-block-image size-large\"><img loading=\"lazy\" decoding=\"async\" width=\"1024\" height=\"768\" src=\"https:\/\/www.escapadarural.com\/blog\/wp-content\/uploads\/2025\/12\/AdobeStock_222387454-1024x768.jpeg\" alt=\"Peregrinos haciendo la V\u00eda Aquitania romana, hoy parte del Camino de Santiago. Por lkonya\" class=\"wp-image-211608\" srcset=\"https:\/\/www.escapadarural.com\/blog\/wp-content\/uploads\/2025\/12\/AdobeStock_222387454-200x150.jpeg 200w, https:\/\/www.escapadarural.com\/blog\/wp-content\/uploads\/2025\/12\/AdobeStock_222387454-300x225.jpeg 300w, https:\/\/www.escapadarural.com\/blog\/wp-content\/uploads\/2025\/12\/AdobeStock_222387454-400x300.jpeg 400w, https:\/\/www.escapadarural.com\/blog\/wp-content\/uploads\/2025\/12\/AdobeStock_222387454-600x450.jpeg 600w, https:\/\/www.escapadarural.com\/blog\/wp-content\/uploads\/2025\/12\/AdobeStock_222387454-768x576.jpeg 768w, https:\/\/www.escapadarural.com\/blog\/wp-content\/uploads\/2025\/12\/AdobeStock_222387454-800x600.jpeg 800w, https:\/\/www.escapadarural.com\/blog\/wp-content\/uploads\/2025\/12\/AdobeStock_222387454-1024x768.jpeg 1024w, https:\/\/www.escapadarural.com\/blog\/wp-content\/uploads\/2025\/12\/AdobeStock_222387454-1200x900.jpeg 1200w, https:\/\/www.escapadarural.com\/blog\/wp-content\/uploads\/2025\/12\/AdobeStock_222387454-1536x1152.jpeg 1536w\" sizes=\"auto, (max-width: 1024px) 100vw, 1024px\" \/><figcaption class=\"wp-element-caption\">Peregrinos haciendo la V\u00eda Aquitania romana, hoy parte del Camino de Santiago. Por lkonya<\/figcaption><\/figure>\n\n\n\n<p>El rey Alfonso II se convirti\u00f3 en el <strong>primer peregrino del Camino de Santiago<\/strong> de la historia para comprobar con sus propios ojos el hallazgo de los restos del Ap\u00f3stol (y que dio pie al actual <a href=\"\/blog\/que-ver-en-el-camino-primitivo-de-santiago\/\">Camino Primitivo<\/a>). Sin saberlo, estaba creando una de las rutas senderistas y espirituales m\u00e1s famosas del mundo. Del siglo IX a la actualidad.<\/p>\n\n\n\n<p>Hoy el <em>boom <\/em>es innegable, pero no es nuevo. Ya despert\u00f3 la euforia entre los creyentes de la Edad Media, pese a no contar con los medios, canales de informaci\u00f3n ni ropa <em>ultralight <\/em>de ahora. De tal forma que la V\u00eda Aquitania, que era <strong>una carretera m\u00e1s de la extensa red que construy\u00f3 el Imperio romano<\/strong> en Europa (<em>Ab Asturica Burdigalam<\/em>, de Astorga a Burdeos), se acab\u00f3 convirtiendo en un camino de peregrinaci\u00f3n para los franceses.<\/p>\n\n\n\n<p>Este recorrido <strong>cay\u00f3 en el olvido con la aparici\u00f3n del C\u00f3dice Calixtino en el siglo XII<\/strong>, la primera gu\u00eda medieval del Camino de Santiago en tiempos en los que no hab\u00eda internet y que tomaba algunos desv\u00edos respecto a la V\u00eda Aquitania. Ahora se est\u00e1 recuperando para recordar los or\u00edgenes del Camino Franc\u00e9s.<\/p>\n\n\n\n<h2 class=\"wp-block-heading\" id=\"h-las-etapas-de-la-via-aquitania-hacia-santiago-de-compostela\"><strong>Las etapas de la V\u00eda Aquitania hacia Santiago de Compostela<\/strong><strong><\/strong><\/h2>\n\n\n\n<p>El camino que sigue la V\u00eda Aquitania se divide en tres tramos: la calzada navarra, compartida por el actual Camino de Asturias; el vasco-castellano, tambi\u00e9n conocido como V\u00eda Bayona; y el castellano, que sigue la calzada romana en Sasam\u00f3n. Est\u00e1 pensado para hacerse en <strong>13 etapas<\/strong>. Las cinco primeras las ten\u00e9is m\u00e1s detalladas en esta <a href=\"\/blog\/camino-de-santiago-olvidado-valle-montanas-sakana\/\"><u>gu\u00eda sobre el Camino de Sakana o Camino Olvidado<\/u><\/a>.<\/p>\n\n\n<div style=\"background-color: #dff0d8; color: #3c763d; border-left-color: #3c763d; \" class=\"ub-styled-box ub-notification-box wp-block-ub-styled-box\" id=\"ub-styled-box-c25989cf-32a6-429d-b3db-a39c326e09db\">\n<p id=\"ub-styled-box-notification-content-\"><strong>Longitud<\/strong>: 333,46 kil\u00f3metros<\/p>\n\n\n\n<p><strong>Dificultad<\/strong>: moderada<\/p>\n\n\n\n<p><strong>Etapas<\/strong>: 13<\/p>\n\n\n\n<p><a href=\"https:\/\/es.wikiloc.com\/rutas-senderismo\/camino-de-santiago-la-calzada-via-aquitania-pamplona-vitoria-burgos-carrion-156700458\" target=\"_blank\" rel=\"noreferrer noopener nofollow\">Enlace a Wikiloc<\/a><\/p>\n\n\n<\/div>\n\n\n<h2 class=\"wp-block-heading\" id=\"h-etapa-1-pamplona-irurzun-22-75-km\"><strong>Etapa 1: Pamplona &#8211; Irurzun (22,75 km)<\/strong><\/h2>\n\n\n\n<figure class=\"wp-block-image size-full\"><img loading=\"lazy\" decoding=\"async\" width=\"1024\" height=\"683\" src=\"https:\/\/www.escapadarural.com\/blog\/wp-content\/uploads\/2024\/10\/08-La-via-verde-del-Plazaola-busca-el-tunel-para-atravesar-las-montanas-hacia-Pamplona-1024x683-3.jpg\" alt=\"La v\u00eda verde del Plazaola busca el t\u00fanel para atravesar las monta\u00f1as hacia Pamplona. Por Ander Izagirre.\" class=\"wp-image-100766\" srcset=\"https:\/\/www.escapadarural.com\/blog\/wp-content\/uploads\/2024\/10\/08-La-via-verde-del-Plazaola-busca-el-tunel-para-atravesar-las-montanas-hacia-Pamplona-1024x683-3-200x133.jpg 200w, https:\/\/www.escapadarural.com\/blog\/wp-content\/uploads\/2024\/10\/08-La-via-verde-del-Plazaola-busca-el-tunel-para-atravesar-las-montanas-hacia-Pamplona-1024x683-3-300x200.jpg 300w, https:\/\/www.escapadarural.com\/blog\/wp-content\/uploads\/2024\/10\/08-La-via-verde-del-Plazaola-busca-el-tunel-para-atravesar-las-montanas-hacia-Pamplona-1024x683-3-400x267.jpg 400w, https:\/\/www.escapadarural.com\/blog\/wp-content\/uploads\/2024\/10\/08-La-via-verde-del-Plazaola-busca-el-tunel-para-atravesar-las-montanas-hacia-Pamplona-1024x683-3-600x400.jpg 600w, https:\/\/www.escapadarural.com\/blog\/wp-content\/uploads\/2024\/10\/08-La-via-verde-del-Plazaola-busca-el-tunel-para-atravesar-las-montanas-hacia-Pamplona-1024x683-3-768x512.jpg 768w, https:\/\/www.escapadarural.com\/blog\/wp-content\/uploads\/2024\/10\/08-La-via-verde-del-Plazaola-busca-el-tunel-para-atravesar-las-montanas-hacia-Pamplona-1024x683-3-800x534.jpg 800w, https:\/\/www.escapadarural.com\/blog\/wp-content\/uploads\/2024\/10\/08-La-via-verde-del-Plazaola-busca-el-tunel-para-atravesar-las-montanas-hacia-Pamplona-1024x683-3.jpg 1024w\" sizes=\"auto, (max-width: 1024px) 100vw, 1024px\" \/><figcaption class=\"wp-element-caption\">La v\u00eda verde del Plazaola busca el t\u00fanel para atravesar las monta\u00f1as hacia Pamplona. Por Ander Izagirre.<\/figcaption><\/figure>\n\n\n\n<p>Comenzamos la <strong>parte del conocido como Camino de Sakana<\/strong>, siguiendo la&nbsp;v\u00eda verde del Plazaola que lleva hasta el pueblo de Aitzoain. Sigue por un pol\u00edgono hacia Berriobeiti y visita Erice de Iza.<\/p>\n\n\n<div style=\"background-color: #dff0d8; color: #3c763d; border-left-color: #3c763d; \" class=\"ub-styled-box ub-notification-box wp-block-ub-styled-box\" id=\"ub-styled-box-ae2277ce-1f59-48cc-a8a1-84860e35d951\">\n<p id=\"ub-styled-box-notification-content-\"><strong>Longitud<\/strong>: 22,75 kil\u00f3metros<\/p>\n\n\n\n<p><strong>Dificultad<\/strong>: f\u00e1cil<\/p>\n\n\n\n<p><strong>Tipo de ruta<\/strong>: solo ida<\/p>\n\n\n\n<p><a href=\"https:\/\/es.wikiloc.com\/rutas-senderismo\/pamplona-irurzun-2148549\" target=\"_blank\" rel=\"noreferrer noopener nofollow\">Track de Wikiloc<\/a><\/p>\n\n\n<\/div>\n\n\n<div class=\"wp-block-buttons is-layout-flex wp-block-buttons-is-layout-flex\">\n<div class=\"wp-block-button\"><a class=\"wp-block-button__link wp-element-button\" href=\"\/casas-rurales\/irurtzun\">Alojamientos rurales cerca de Irurtzun<\/a><\/div>\n<\/div>\n\n\n\n<h2 class=\"wp-block-heading\" id=\"h-etapa-2-irurzun-altsasu-33-44-km\"><strong>Etapa 2: Irurzun &#8211; Altsasu (33,44 km)<\/strong><\/h2>\n\n\n\n<figure class=\"wp-block-image size-full\"><img loading=\"lazy\" decoding=\"async\" width=\"1024\" height=\"710\" src=\"https:\/\/www.escapadarural.com\/blog\/wp-content\/uploads\/2025\/11\/AdobeStock_506779314.webp\" alt=\"El monte Beriain \/ San Donato, desde Arbizu (Navarra). Por jordi\" class=\"wp-image-210436\" srcset=\"https:\/\/www.escapadarural.com\/blog\/wp-content\/uploads\/2025\/11\/AdobeStock_506779314-200x139.webp 200w, https:\/\/www.escapadarural.com\/blog\/wp-content\/uploads\/2025\/11\/AdobeStock_506779314-300x208.webp 300w, https:\/\/www.escapadarural.com\/blog\/wp-content\/uploads\/2025\/11\/AdobeStock_506779314-400x277.webp 400w, https:\/\/www.escapadarural.com\/blog\/wp-content\/uploads\/2025\/11\/AdobeStock_506779314-600x416.webp 600w, https:\/\/www.escapadarural.com\/blog\/wp-content\/uploads\/2025\/11\/AdobeStock_506779314-768x533.webp 768w, https:\/\/www.escapadarural.com\/blog\/wp-content\/uploads\/2025\/11\/AdobeStock_506779314-800x555.webp 800w, https:\/\/www.escapadarural.com\/blog\/wp-content\/uploads\/2025\/11\/AdobeStock_506779314.webp 1024w\" sizes=\"auto, (max-width: 1024px) 100vw, 1024px\" \/><figcaption class=\"wp-element-caption\">El monte Beriain \/ San Donato, desde Arbizu (Navarra). Por jordi<\/figcaption><\/figure>\n\n\n\n<p>Una jornada preciosa con el santuario de San Miguel de Aralar en lo alto de la <a href=\"\/blog\/rutas-sierra-de-aralar\/\">sierra de Aralar<\/a>, a mano derecha; y el Beriain o San Donato, a la izquierda. Pasa por evidencias del paso de caminantes durante la Edad Media, como es el monasterio de Zamartze, donde <strong>se hallaron conchas y un bord\u00f3n de peregrino<\/strong>.<\/p>\n\n\n<div style=\"background-color: #dff0d8; color: #3c763d; border-left-color: #3c763d; \" class=\"ub-styled-box ub-notification-box wp-block-ub-styled-box\" id=\"ub-styled-box-c1096431-9072-485b-80ae-05f0621a1c48\">\n<p id=\"ub-styled-box-notification-content-\"><strong>Longitud<\/strong>: 33,44 kil\u00f3metros<\/p>\n\n\n\n<p><strong>Dificultad<\/strong>: moderada<\/p>\n\n\n\n<p><strong>Tipo de ruta<\/strong>: solo ida<\/p>\n\n\n\n<p><a href=\"https:\/\/es.wikiloc.com\/rutas-senderismo\/irurtzun-alsasua-altsasu-dia-de-la-bici-86628909\" target=\"_blank\" rel=\"noreferrer noopener nofollow\">Track de wikiloc<\/a><\/p>\n\n\n<\/div>\n\n\n<div class=\"wp-block-buttons is-layout-flex wp-block-buttons-is-layout-flex\">\n<div class=\"wp-block-button\"><a class=\"wp-block-button__link wp-element-button\" href=\"\/casas-rurales\/altsasu-alsasua\">Alojamientos rurales cerca de Altsasu<\/a><\/div>\n<\/div>\n\n\n\n<h2 class=\"wp-block-heading\" id=\"h-etapa-3-altsasu-agurain-salvatierra-24-1-km\"><strong>Etapa 3: Altsasu &#8211; Agurain\/Salvatierra (24,1 km)<\/strong><\/h2>\n\n\n\n<figure class=\"wp-block-image size-large\"><img loading=\"lazy\" decoding=\"async\" width=\"1024\" height=\"683\" src=\"https:\/\/www.escapadarural.com\/blog\/wp-content\/uploads\/2025\/01\/AdobeStock_460513011-1024x683.jpeg\" alt=\"Agurain \/ Salvatierra, en \u00c1lava | Por ttl.photos\" class=\"wp-image-186573\" srcset=\"https:\/\/www.escapadarural.com\/blog\/wp-content\/uploads\/2025\/01\/AdobeStock_460513011-200x133.jpeg 200w, https:\/\/www.escapadarural.com\/blog\/wp-content\/uploads\/2025\/01\/AdobeStock_460513011-300x200.jpeg 300w, https:\/\/www.escapadarural.com\/blog\/wp-content\/uploads\/2025\/01\/AdobeStock_460513011-400x267.jpeg 400w, https:\/\/www.escapadarural.com\/blog\/wp-content\/uploads\/2025\/01\/AdobeStock_460513011-600x400.jpeg 600w, https:\/\/www.escapadarural.com\/blog\/wp-content\/uploads\/2025\/01\/AdobeStock_460513011-768x512.jpeg 768w, https:\/\/www.escapadarural.com\/blog\/wp-content\/uploads\/2025\/01\/AdobeStock_460513011-800x533.jpeg 800w, https:\/\/www.escapadarural.com\/blog\/wp-content\/uploads\/2025\/01\/AdobeStock_460513011-1024x683.jpeg 1024w, https:\/\/www.escapadarural.com\/blog\/wp-content\/uploads\/2025\/01\/AdobeStock_460513011-1200x800.jpeg 1200w, https:\/\/www.escapadarural.com\/blog\/wp-content\/uploads\/2025\/01\/AdobeStock_460513011-1536x1024.jpeg 1536w\" sizes=\"auto, (max-width: 1024px) 100vw, 1024px\" \/><figcaption class=\"wp-element-caption\">Agurain \/ Salvatierra, en \u00c1lava. Por ttl.photos<\/figcaption><\/figure>\n\n\n\n<p>Un <strong>tramo que se adentra en la Llanada Alavesa<\/strong> pasando por puntos de inter\u00e9s como la iglesia de San Rom\u00e1n, el dolmen de Aizkomendi y los templos de Santa Mar\u00eda y San Juan. Acaba en la encantadora villa medieval amurallada de <a href=\"\/casas-rurales\/salvatierra\">Agurain\/Salvatierra<\/a>, donde enlazamos con el <a href=\"\/blog\/etapas-camino-vasco-interior\/\">Camino Vasco del Interior<\/a>.<\/p>\n\n\n<div style=\"background-color: #dff0d8; color: #3c763d; border-left-color: #3c763d; \" class=\"ub-styled-box ub-notification-box wp-block-ub-styled-box\" id=\"ub-styled-box-44b0cc16-fc27-40ae-abc9-27e1e413041c\">\n<p id=\"ub-styled-box-notification-content-\"><strong>Longitud<\/strong>: 24,17 kil\u00f3metros<\/p>\n\n\n\n<p><strong>Dificultad<\/strong>: moderada<\/p>\n\n\n\n<p><strong>Tipo de ruta<\/strong>: solo ida<\/p>\n\n\n\n<p><a href=\"https:\/\/es.wikiloc.com\/rutas-senderismo\/camino-olvidado-de-santiago-desde-pamplona-etapa-3-alsasua-altsasu-agurain-salvatierra-86384533\" target=\"_blank\" rel=\"noreferrer noopener nofollow\">Track de Wikiloc<\/a><\/p>\n\n\n<\/div>\n\n\n<div class=\"wp-block-buttons is-layout-flex wp-block-buttons-is-layout-flex\">\n<div class=\"wp-block-button\"><a class=\"wp-block-button__link wp-element-button\" href=\"\/casas-rurales\/salvatierra\">Alojamientos rurales en Agurain\/Salvatierra<\/a><\/div>\n<\/div>\n\n\n\n<h2 class=\"wp-block-heading\" id=\"h-etapa-4-agurain-salvatierra-vitoria-gasteiz-28-31-km\"><strong>Etapa 4: Agurain\/Salvatierra &#8211; Vitoria-Gasteiz (28,31 km)<\/strong><\/h2>\n\n\n\n<figure class=\"wp-block-image size-full\"><img loading=\"lazy\" decoding=\"async\" width=\"916\" height=\"530\" src=\"https:\/\/www.escapadarural.com\/blog\/wp-content\/uploads\/2024\/10\/vitoria.webp\" alt=\"Plaza de la Virgen Blanca de Vitoria-Gasteiz. Por: Turismo de \u00c1lava\" class=\"wp-image-193824\" srcset=\"https:\/\/www.escapadarural.com\/blog\/wp-content\/uploads\/2024\/10\/vitoria-200x116.webp 200w, https:\/\/www.escapadarural.com\/blog\/wp-content\/uploads\/2024\/10\/vitoria-300x174.webp 300w, https:\/\/www.escapadarural.com\/blog\/wp-content\/uploads\/2024\/10\/vitoria-400x231.webp 400w, https:\/\/www.escapadarural.com\/blog\/wp-content\/uploads\/2024\/10\/vitoria-600x347.webp 600w, https:\/\/www.escapadarural.com\/blog\/wp-content\/uploads\/2024\/10\/vitoria-768x444.webp 768w, https:\/\/www.escapadarural.com\/blog\/wp-content\/uploads\/2024\/10\/vitoria-800x463.webp 800w, https:\/\/www.escapadarural.com\/blog\/wp-content\/uploads\/2024\/10\/vitoria.webp 916w\" sizes=\"auto, (max-width: 916px) 100vw, 916px\" \/><figcaption class=\"wp-element-caption\">Plaza de la Virgen Blanca de Vitoria-Gasteiz. Por Turismo de \u00c1lava<br><\/figcaption><\/figure>\n\n\n\n<p>Una etapa donde brilla lo sencillo y lo rural. Transcurre entre <strong>peque\u00f1as poblaciones sin servicios y campos de cultivo<\/strong>. Para encontrar alg\u00fan bar o tienda hay que desviarse un kil\u00f3metro a Alegr\u00eda\/Dulantzi o llegar a la ciudad.<\/p>\n\n\n<div style=\"background-color: #dff0d8; color: #3c763d; border-left-color: #3c763d; \" class=\"ub-styled-box ub-notification-box wp-block-ub-styled-box\" id=\"ub-styled-box-df7d42c2-3180-4568-9e1c-ba80a0973953\">\n<p id=\"ub-styled-box-notification-content-\"><strong>Longitud<\/strong>: 28,31 kil\u00f3metros<\/p>\n\n\n\n<p><strong>Dificultad<\/strong>: moderada<\/p>\n\n\n\n<p><strong>Tipo de ruta<\/strong>: solo ida<\/p>\n\n\n\n<p><a href=\"https:\/\/es.wikiloc.com\/rutas-senderismo\/camino-olvidado-de-santiago-desde-pamplona-etapa-4-agurain-salvatierra-vitoria-gasteiz-86545630\" target=\"_blank\" rel=\"noreferrer noopener nofollow\">Track de Wikiloc<\/a><\/p>\n\n\n<\/div>\n\n\n<div class=\"wp-block-buttons is-layout-flex wp-block-buttons-is-layout-flex\">\n<div class=\"wp-block-button\"><a class=\"wp-block-button__link wp-element-button\" href=\"\/casas-rurales\/vitoria-gasteiz\">Alojamientos rurales en Vitoria-Gasteiz<\/a><\/div>\n<\/div>\n\n\n\n<h2 class=\"wp-block-heading\" id=\"h-etapa-5-vitoria-gasteiz-la-puebla-de-arganzon-19-36-km\"><strong>Etapa 5: Vitoria-Gasteiz &#8211; La Puebla de Arganz\u00f3n (19,36 km)<\/strong><\/h2>\n\n\n\n<figure class=\"wp-block-image size-large\"><img loading=\"lazy\" decoding=\"async\" width=\"1024\" height=\"534\" src=\"https:\/\/www.escapadarural.com\/blog\/wp-content\/uploads\/2025\/01\/AdobeStock_270839367-1024x534.jpeg\" alt=\"La Puebla de Arganz\u00f3n, en el Condado de Trevi\u00f1o | Por ttl.photos\" class=\"wp-image-186576\" srcset=\"https:\/\/www.escapadarural.com\/blog\/wp-content\/uploads\/2025\/01\/AdobeStock_270839367-200x104.jpeg 200w, https:\/\/www.escapadarural.com\/blog\/wp-content\/uploads\/2025\/01\/AdobeStock_270839367-300x157.jpeg 300w, https:\/\/www.escapadarural.com\/blog\/wp-content\/uploads\/2025\/01\/AdobeStock_270839367-400x209.jpeg 400w, https:\/\/www.escapadarural.com\/blog\/wp-content\/uploads\/2025\/01\/AdobeStock_270839367-600x313.jpeg 600w, https:\/\/www.escapadarural.com\/blog\/wp-content\/uploads\/2025\/01\/AdobeStock_270839367-768x401.jpeg 768w, https:\/\/www.escapadarural.com\/blog\/wp-content\/uploads\/2025\/01\/AdobeStock_270839367-800x417.jpeg 800w, https:\/\/www.escapadarural.com\/blog\/wp-content\/uploads\/2025\/01\/AdobeStock_270839367-1024x534.jpeg 1024w, https:\/\/www.escapadarural.com\/blog\/wp-content\/uploads\/2025\/01\/AdobeStock_270839367-1200x626.jpeg 1200w, https:\/\/www.escapadarural.com\/blog\/wp-content\/uploads\/2025\/01\/AdobeStock_270839367-1536x801.jpeg 1536w\" sizes=\"auto, (max-width: 1024px) 100vw, 1024px\" \/><figcaption class=\"wp-element-caption\">La Puebla de Arganz\u00f3n, en el Condado de Trevi\u00f1o. Por ttl.photos<\/figcaption><\/figure>\n\n\n\n<p>Sale de la fachada de la catedral de Santa Mar\u00eda y nos despedimos de la apacible Llanada Alavesa con el tel\u00f3n monta\u00f1oso del Portillo de San Miguel. Atraviesa <strong>pueblos peque\u00f1os y el Condado de Trevi\u00f1o<\/strong>, <a href=\"\/blog\/enclaves-de-espana-territorios-que-no-estan-donde-toca\/\">una isla de Burgos en el territorio alav\u00e9s<\/a>.<\/p>\n\n\n<div style=\"background-color: #dff0d8; color: #3c763d; border-left-color: #3c763d; \" class=\"ub-styled-box ub-notification-box wp-block-ub-styled-box\" id=\"ub-styled-box-9ce11108-9fb4-417a-bb00-d50efb983221\">\n<p id=\"ub-styled-box-notification-content-\"><strong>Longitud<\/strong>: 19,36 kil\u00f3metros<\/p>\n\n\n\n<p><strong>Dificultad<\/strong>: moderada<\/p>\n\n\n\n<p><strong>Tipo de ruta<\/strong>: solo ida<\/p>\n\n\n\n<p><a href=\"https:\/\/es.wikiloc.com\/rutas-senderismo\/camino-vasco-del-interior-etapa-6-vitoria-gasteiz-la-puebla-de-arganzon-25818372\" target=\"_blank\" rel=\"noreferrer noopener nofollow\">Track de Wikiloc<\/a><\/p>\n\n\n<\/div>\n\n\n<div class=\"wp-block-buttons is-layout-flex wp-block-buttons-is-layout-flex\">\n<div class=\"wp-block-button\"><a class=\"wp-block-button__link wp-element-button\" href=\"\/casas-rurales\/la-puebla-de-arganzon\">Alojamientos rurales cerca de La Puebla de Arganz\u00f3n <\/a><\/div>\n<\/div>\n\n\n\n<h2 class=\"wp-block-heading\" id=\"h-etapa-6-la-puebla-de-arganzon-miranda-de-ebro-23-km\"><strong>Etapa 6: La Puebla de Arganz\u00f3n &#8211; Miranda de Ebro (23 km)<\/strong><\/h2>\n\n\n\n<figure class=\"wp-block-image size-large\"><img loading=\"lazy\" decoding=\"async\" width=\"1024\" height=\"684\" src=\"https:\/\/www.escapadarural.com\/blog\/wp-content\/uploads\/2025\/12\/AdobeStock_183534697-1024x684.jpeg\" alt=\"Miranda de Ebro, en Burgos. Por herraez\" class=\"wp-image-211601\" srcset=\"https:\/\/www.escapadarural.com\/blog\/wp-content\/uploads\/2025\/12\/AdobeStock_183534697-200x134.jpeg 200w, https:\/\/www.escapadarural.com\/blog\/wp-content\/uploads\/2025\/12\/AdobeStock_183534697-300x200.jpeg 300w, https:\/\/www.escapadarural.com\/blog\/wp-content\/uploads\/2025\/12\/AdobeStock_183534697-400x267.jpeg 400w, https:\/\/www.escapadarural.com\/blog\/wp-content\/uploads\/2025\/12\/AdobeStock_183534697-600x401.jpeg 600w, https:\/\/www.escapadarural.com\/blog\/wp-content\/uploads\/2025\/12\/AdobeStock_183534697-768x513.jpeg 768w, https:\/\/www.escapadarural.com\/blog\/wp-content\/uploads\/2025\/12\/AdobeStock_183534697-800x534.jpeg 800w, https:\/\/www.escapadarural.com\/blog\/wp-content\/uploads\/2025\/12\/AdobeStock_183534697-1024x684.jpeg 1024w, https:\/\/www.escapadarural.com\/blog\/wp-content\/uploads\/2025\/12\/AdobeStock_183534697-1200x801.jpeg 1200w, https:\/\/www.escapadarural.com\/blog\/wp-content\/uploads\/2025\/12\/AdobeStock_183534697-1536x1025.jpeg 1536w\" sizes=\"auto, (max-width: 1024px) 100vw, 1024px\" \/><figcaption class=\"wp-element-caption\">Miranda de Ebro, en Burgos. Por herraez<\/figcaption><\/figure>\n\n\n\n<p>Jornada corta y sencilla que supera el curso de los r\u00edos Zadorra y Bayas. Se adentra en los Valles Bajos Alaveses con el <strong>pueblo de Rivabellosa como centro neur\u00e1lgico<\/strong> de la zona hasta llegar a <a href=\"\/casas-rurales\/miranda-de-ebro\">Miranda de Ebro<\/a>.<\/p>\n\n\n<div style=\"background-color: #dff0d8; color: #3c763d; border-left-color: #3c763d; \" class=\"ub-styled-box ub-notification-box wp-block-ub-styled-box\" id=\"ub-styled-box-e1194b50-070a-4cd4-9378-3d3ce50e6c0d\">\n<p id=\"ub-styled-box-notification-content-\"><strong>Longitud<\/strong>: 23 kil\u00f3metros<\/p>\n\n\n\n<p><strong>Dificultad<\/strong>: moderada<\/p>\n\n\n\n<p><strong>Tipo de ruta<\/strong>: solo ida<\/p>\n\n\n\n<p><a href=\"https:\/\/es.wikiloc.com\/rutas-senderismo\/la-puebla-de-arganzon-miranda-de-ebro-camino-vasco-interior-7-etapa-225252785\" target=\"_blank\" rel=\"noreferrer noopener nofollow\">Track de Wikiloc<\/a><\/p>\n\n\n<\/div>\n\n\n<div class=\"wp-block-buttons is-layout-flex wp-block-buttons-is-layout-flex\">\n<div class=\"wp-block-button\"><a class=\"wp-block-button__link wp-element-button\" href=\"\/casas-rurales\/miranda-de-ebro\">Alojamientos rurales cerca de Miranda de Ebro<\/a><\/div>\n<\/div>\n\n\n\n<h2 class=\"wp-block-heading\" id=\"h-etapa-7-miranda-de-ebro-pancorbo-17-71-km\"><strong>Etapa 7: Miranda de Ebro &#8211; Pancorbo (17,71 km)<\/strong><\/h2>\n\n\n\n<figure class=\"wp-block-image size-large\"><img loading=\"lazy\" decoding=\"async\" width=\"1024\" height=\"683\" src=\"https:\/\/www.escapadarural.com\/blog\/wp-content\/uploads\/2025\/11\/a-view-from-the-castle-over-pancorbo-comarca-valle-del-ebro-province-of-burgos-castile-and-leon-spain-stockpack-adobe-stock-1024x683.jpg\" alt=\"a view from the castle over Pancorbo, comarca Valle del Ebro, province of Burgos, Castile and Leon, Spain\" class=\"wp-image-210527\" srcset=\"https:\/\/www.escapadarural.com\/blog\/wp-content\/uploads\/2025\/11\/a-view-from-the-castle-over-pancorbo-comarca-valle-del-ebro-province-of-burgos-castile-and-leon-spain-stockpack-adobe-stock-200x133.jpg 200w, https:\/\/www.escapadarural.com\/blog\/wp-content\/uploads\/2025\/11\/a-view-from-the-castle-over-pancorbo-comarca-valle-del-ebro-province-of-burgos-castile-and-leon-spain-stockpack-adobe-stock-300x200.jpg 300w, https:\/\/www.escapadarural.com\/blog\/wp-content\/uploads\/2025\/11\/a-view-from-the-castle-over-pancorbo-comarca-valle-del-ebro-province-of-burgos-castile-and-leon-spain-stockpack-adobe-stock-400x267.jpg 400w, https:\/\/www.escapadarural.com\/blog\/wp-content\/uploads\/2025\/11\/a-view-from-the-castle-over-pancorbo-comarca-valle-del-ebro-province-of-burgos-castile-and-leon-spain-stockpack-adobe-stock-600x400.jpg 600w, https:\/\/www.escapadarural.com\/blog\/wp-content\/uploads\/2025\/11\/a-view-from-the-castle-over-pancorbo-comarca-valle-del-ebro-province-of-burgos-castile-and-leon-spain-stockpack-adobe-stock-768x512.jpg 768w, https:\/\/www.escapadarural.com\/blog\/wp-content\/uploads\/2025\/11\/a-view-from-the-castle-over-pancorbo-comarca-valle-del-ebro-province-of-burgos-castile-and-leon-spain-stockpack-adobe-stock-800x533.jpg 800w, https:\/\/www.escapadarural.com\/blog\/wp-content\/uploads\/2025\/11\/a-view-from-the-castle-over-pancorbo-comarca-valle-del-ebro-province-of-burgos-castile-and-leon-spain-stockpack-adobe-stock-1024x683.jpg 1024w, https:\/\/www.escapadarural.com\/blog\/wp-content\/uploads\/2025\/11\/a-view-from-the-castle-over-pancorbo-comarca-valle-del-ebro-province-of-burgos-castile-and-leon-spain-stockpack-adobe-stock-1200x800.jpg 1200w, https:\/\/www.escapadarural.com\/blog\/wp-content\/uploads\/2025\/11\/a-view-from-the-castle-over-pancorbo-comarca-valle-del-ebro-province-of-burgos-castile-and-leon-spain-stockpack-adobe-stock-1536x1024.jpg 1536w\" sizes=\"auto, (max-width: 1024px) 100vw, 1024px\" \/><figcaption class=\"wp-element-caption\">Pancorbo, en el valle del Ebro (Burgos). Por herraez <\/figcaption><\/figure>\n\n\n\n<p>Sin duda, el gran atractivo de la jornada es el final: la entrada a <a href=\"\/blog\/ruta-desfiladero-pancorbo-burgos\/\">Pancorbo a trav\u00e9s de su angosto desfiladero<\/a>, un paso hist\u00f3rico que se ha utilizado durante siglos. El pueblo est\u00e1 encajado entre pe\u00f1as. Vale la pena acercarse a las <strong>ruinas del castillo de Santa Mar\u00eda<\/strong>.<\/p>\n\n\n<div style=\"background-color: #dff0d8; color: #3c763d; border-left-color: #3c763d; \" class=\"ub-styled-box ub-notification-box wp-block-ub-styled-box\" id=\"ub-styled-box-46a3a0c8-9cc4-4855-bbb8-9a932ed2e969\">\n<p id=\"ub-styled-box-notification-content-\"><strong>Longitud<\/strong>: 17,71 kil\u00f3metros<\/p>\n\n\n\n<p><strong>Dificultad<\/strong>: f\u00e1cil<\/p>\n\n\n\n<p><strong>Tipo de ruta<\/strong>: solo ida<\/p>\n\n\n\n<p><a href=\"https:\/\/es.wikiloc.com\/rutas-senderismo\/miranda-de-ebro-pancorbo-camino-vasco-interior-8etapa-225457413\" target=\"_blank\" rel=\"noreferrer noopener nofollow\">Track de Wikiloc<\/a><\/p>\n\n\n<\/div>\n\n\n<div class=\"wp-block-buttons is-layout-flex wp-block-buttons-is-layout-flex\">\n<div class=\"wp-block-button\"><a class=\"wp-block-button__link wp-element-button\" href=\"\/casas-rurales\/pancorbo\">Alojamientos rurales en Pancorbo<\/a><\/div>\n<\/div>\n\n\n\n<h2 class=\"wp-block-heading\" id=\"h-etapa-8-pancorbo-briviesca-25-97-km\"><strong>Etapa 8: Pancorbo &#8211; Briviesca (25,97 km)<\/strong><\/h2>\n\n\n\n<figure class=\"wp-block-image size-large\"><img loading=\"lazy\" decoding=\"async\" width=\"1024\" height=\"683\" src=\"https:\/\/www.escapadarural.com\/blog\/wp-content\/uploads\/2025\/12\/AdobeStock_265949676-1024x683.jpeg\" alt=\"Santuario de Santa Casilda de Bureba en Briviesca (Burgos). Por PhotoJIGS\" class=\"wp-image-211602\" srcset=\"https:\/\/www.escapadarural.com\/blog\/wp-content\/uploads\/2025\/12\/AdobeStock_265949676-200x133.jpeg 200w, https:\/\/www.escapadarural.com\/blog\/wp-content\/uploads\/2025\/12\/AdobeStock_265949676-300x200.jpeg 300w, https:\/\/www.escapadarural.com\/blog\/wp-content\/uploads\/2025\/12\/AdobeStock_265949676-400x267.jpeg 400w, https:\/\/www.escapadarural.com\/blog\/wp-content\/uploads\/2025\/12\/AdobeStock_265949676-600x400.jpeg 600w, https:\/\/www.escapadarural.com\/blog\/wp-content\/uploads\/2025\/12\/AdobeStock_265949676-768x512.jpeg 768w, https:\/\/www.escapadarural.com\/blog\/wp-content\/uploads\/2025\/12\/AdobeStock_265949676-800x533.jpeg 800w, https:\/\/www.escapadarural.com\/blog\/wp-content\/uploads\/2025\/12\/AdobeStock_265949676-1024x683.jpeg 1024w, https:\/\/www.escapadarural.com\/blog\/wp-content\/uploads\/2025\/12\/AdobeStock_265949676-1200x800.jpeg 1200w, https:\/\/www.escapadarural.com\/blog\/wp-content\/uploads\/2025\/12\/AdobeStock_265949676-1536x1024.jpeg 1536w\" sizes=\"auto, (max-width: 1024px) 100vw, 1024px\" \/><figcaption class=\"wp-element-caption\">Santuario de Santa Casilda de Bureba en Briviesca (Burgos). Por PhotoJIGS<\/figcaption><\/figure>\n\n\n\n<p>Un tramo sencillo y algo mon\u00f3tono, que pasa por <strong>paisajes rurales y algunos collados<\/strong>. Eso s\u00ed, <a href=\"\/casas-rurales\/briviesca\">Briviesca<\/a> tiene un interesante casco hist\u00f3rico y un impresionante retablo mayor renacentista en el convento de Santa Clara.<\/p>\n\n\n<div style=\"background-color: #dff0d8; color: #3c763d; border-left-color: #3c763d; \" class=\"ub-styled-box ub-notification-box wp-block-ub-styled-box\" id=\"ub-styled-box-7b9d5bbc-3bdd-4d17-a76d-97269764d31a\">\n<p id=\"ub-styled-box-notification-content-\"><strong>Longitud<\/strong>: 25,97 kil\u00f3metros<\/p>\n\n\n\n<p><strong>Dificultad<\/strong>: moderada<\/p>\n\n\n\n<p><strong>Tipo de ruta<\/strong>: solo ida<\/p>\n\n\n\n<p><a href=\"https:\/\/es.wikiloc.com\/rutas-senderismo\/pancorbo-briviesca-camino-vasco-interior-9-etapa-225613952\" target=\"_blank\" rel=\"noreferrer noopener nofollow\">Track de Wikiloc<\/a><\/p>\n\n\n<\/div>\n\n\n<div class=\"wp-block-buttons is-layout-flex wp-block-buttons-is-layout-flex\">\n<div class=\"wp-block-button\"><a class=\"wp-block-button__link wp-element-button\" href=\"\/casas-rurales\/briviesca\">Alojamientos rurales cerca de Briviesca<\/a><\/div>\n<\/div>\n\n\n\n<h2 class=\"wp-block-heading\" id=\"h-etapa-9-briviesca-monasterio-de-rodilla-19-82-km\"><strong>Etapa 9: Briviesca &#8211; Monasterio de Rodilla (19,82 km)<\/strong><\/h2>\n\n\n\n<figure class=\"wp-block-image size-large\"><img loading=\"lazy\" decoding=\"async\" width=\"1024\" height=\"683\" src=\"https:\/\/www.escapadarural.com\/blog\/wp-content\/uploads\/2025\/12\/AdobeStock_390806033-1024x683.jpeg\" alt=\"Pueblo de Monasterio de Rodilla (Burgos). Por Tolo\" class=\"wp-image-211603\" srcset=\"https:\/\/www.escapadarural.com\/blog\/wp-content\/uploads\/2025\/12\/AdobeStock_390806033-200x133.jpeg 200w, https:\/\/www.escapadarural.com\/blog\/wp-content\/uploads\/2025\/12\/AdobeStock_390806033-300x200.jpeg 300w, https:\/\/www.escapadarural.com\/blog\/wp-content\/uploads\/2025\/12\/AdobeStock_390806033-400x267.jpeg 400w, https:\/\/www.escapadarural.com\/blog\/wp-content\/uploads\/2025\/12\/AdobeStock_390806033-600x400.jpeg 600w, https:\/\/www.escapadarural.com\/blog\/wp-content\/uploads\/2025\/12\/AdobeStock_390806033-768x512.jpeg 768w, https:\/\/www.escapadarural.com\/blog\/wp-content\/uploads\/2025\/12\/AdobeStock_390806033-800x533.jpeg 800w, https:\/\/www.escapadarural.com\/blog\/wp-content\/uploads\/2025\/12\/AdobeStock_390806033-1024x683.jpeg 1024w, https:\/\/www.escapadarural.com\/blog\/wp-content\/uploads\/2025\/12\/AdobeStock_390806033-1200x800.jpeg 1200w, https:\/\/www.escapadarural.com\/blog\/wp-content\/uploads\/2025\/12\/AdobeStock_390806033-1536x1024.jpeg 1536w\" sizes=\"auto, (max-width: 1024px) 100vw, 1024px\" \/><figcaption class=\"wp-element-caption\">Pueblo de Monasterio de Rodilla (Burgos). Por Tolo<\/figcaption><\/figure>\n\n\n\n<p>Un d\u00eda corto que atraviesa la comarca de <a href=\"\/casas-rurales\/la-bureba\">La Bureba<\/a>, con <strong>pueblos peque\u00f1os y bonitas iglesias<\/strong>. Una vez en la localidad de Monasterio de Rodilla, recomendamos visitar la ermita de Nuestra Se\u00f1ora del Valle, que es una joya del <strong>rom\u00e1nico burgal\u00e9s<\/strong>.<\/p>\n\n\n<div style=\"background-color: #dff0d8; color: #3c763d; border-left-color: #3c763d; \" class=\"ub-styled-box ub-notification-box wp-block-ub-styled-box\" id=\"ub-styled-box-9bf96946-5948-4bcd-b95c-8f7208caa617\">\n<p id=\"ub-styled-box-notification-content-\"><strong>Longitud<\/strong>: 19,82 kil\u00f3metros<\/p>\n\n\n\n<p><strong>Dificultad<\/strong>: moderada<\/p>\n\n\n\n<p><strong>Tipo de ruta<\/strong>: solo ida<\/p>\n\n\n\n<p><a href=\"https:\/\/es.wikiloc.com\/rutas-senderismo\/briviesca-monasterio-de-rodilla-etapa-10-del-camino-vasco-del-interior-182613800\" target=\"_blank\" rel=\"noreferrer noopener nofollow\">Track de Wikiloc<\/a><\/p>\n\n\n<\/div>\n\n\n<div class=\"wp-block-buttons is-layout-flex wp-block-buttons-is-layout-flex\">\n<div class=\"wp-block-button\"><a class=\"wp-block-button__link wp-element-button\" href=\"\/casas-rurales\/la-bureba\">Alojamientos rurales en La Bureba <\/a><\/div>\n<\/div>\n\n\n\n<h2 class=\"wp-block-heading\" id=\"h-etapa-10-monasterio-de-rodilla-burgos-31-49-km\"><strong>Etapa 10: Monasterio de Rodilla &#8211; Burgos (31,49 km)<\/strong><\/h2>\n\n\n\n<figure class=\"wp-block-image size-full\"><img loading=\"lazy\" decoding=\"async\" width=\"1024\" height=\"864\" src=\"https:\/\/www.escapadarural.com\/blog\/wp-content\/uploads\/2022\/08\/Camino-de-Santiago-20-1.webp\" alt=\"Catedral de Burgos. Fuente: Tramont_ana\" class=\"wp-image-198003\" srcset=\"https:\/\/www.escapadarural.com\/blog\/wp-content\/uploads\/2022\/08\/Camino-de-Santiago-20-1-200x169.webp 200w, https:\/\/www.escapadarural.com\/blog\/wp-content\/uploads\/2022\/08\/Camino-de-Santiago-20-1-300x253.webp 300w, https:\/\/www.escapadarural.com\/blog\/wp-content\/uploads\/2022\/08\/Camino-de-Santiago-20-1-400x338.webp 400w, https:\/\/www.escapadarural.com\/blog\/wp-content\/uploads\/2022\/08\/Camino-de-Santiago-20-1-600x506.webp 600w, https:\/\/www.escapadarural.com\/blog\/wp-content\/uploads\/2022\/08\/Camino-de-Santiago-20-1-768x648.webp 768w, https:\/\/www.escapadarural.com\/blog\/wp-content\/uploads\/2022\/08\/Camino-de-Santiago-20-1-800x675.webp 800w, https:\/\/www.escapadarural.com\/blog\/wp-content\/uploads\/2022\/08\/Camino-de-Santiago-20-1.webp 1024w\" sizes=\"auto, (max-width: 1024px) 100vw, 1024px\" \/><figcaption class=\"wp-element-caption\">Catedral de Burgos. Por Tramont_ana<br><\/figcaption><\/figure>\n\n\n\n<p>Un camino que pasa mayoritariamente por tranquilas pistas de tierra hasta adentrarse en la ciudad. Solo tiene un ascenso: el <strong>peque\u00f1o alto de La Br\u00fajula<\/strong>. En <a href=\"\/casas-rurales\/burgos\">Burgos<\/a>, la V\u00eda Aquitania enlaza con el Camino Franc\u00e9s del C\u00f3dice Calixtino.<\/p>\n\n\n<div style=\"background-color: #dff0d8; color: #3c763d; border-left-color: #3c763d; \" class=\"ub-styled-box ub-notification-box wp-block-ub-styled-box\" id=\"ub-styled-box-b2e5afc3-cfd6-4291-876b-88a030d3957c\">\n<p id=\"ub-styled-box-notification-content-\"><strong>Longitud<\/strong>: 31,49 kil\u00f3metros<\/p>\n\n\n\n<p><strong>Dificultad<\/strong>: moderada<\/p>\n\n\n\n<p><strong>Tipo de ruta<\/strong>: solo ida<\/p>\n\n\n\n<p><a href=\"https:\/\/es.wikiloc.com\/rutas-senderismo\/via-de-bayona-etapa-5-monasterio-de-rodilla-burgos-32742798\" target=\"_blank\" rel=\"noreferrer noopener nofollow\">Track de Wikiloc<\/a><\/p>\n\n\n<\/div>\n\n\n<div class=\"wp-block-buttons is-layout-flex wp-block-buttons-is-layout-flex\">\n<div class=\"wp-block-button\"><a class=\"wp-block-button__link wp-element-button\" href=\"\/casas-rurales\/burgos\">Alojamientos rurales en Burgos<\/a><\/div>\n<\/div>\n\n\n\n<h2 class=\"wp-block-heading\" id=\"h-etapa-11-burgos-sasamon-34-72-km\"><strong>Etapa 11: Burgos &#8211; Sasam\u00f3n (34,72 km)<\/strong><\/h2>\n\n\n\n<figure class=\"wp-block-image size-large\"><img loading=\"lazy\" decoding=\"async\" width=\"1024\" height=\"682\" src=\"https:\/\/www.escapadarural.com\/blog\/wp-content\/uploads\/2025\/12\/AdobeStock_502662240-1024x682.jpeg\" alt=\"Sasam\u00f3n (Burgos). Por KarSol\" class=\"wp-image-211604\" srcset=\"https:\/\/www.escapadarural.com\/blog\/wp-content\/uploads\/2025\/12\/AdobeStock_502662240-200x133.jpeg 200w, https:\/\/www.escapadarural.com\/blog\/wp-content\/uploads\/2025\/12\/AdobeStock_502662240-300x200.jpeg 300w, https:\/\/www.escapadarural.com\/blog\/wp-content\/uploads\/2025\/12\/AdobeStock_502662240-400x266.jpeg 400w, https:\/\/www.escapadarural.com\/blog\/wp-content\/uploads\/2025\/12\/AdobeStock_502662240-600x400.jpeg 600w, https:\/\/www.escapadarural.com\/blog\/wp-content\/uploads\/2025\/12\/AdobeStock_502662240-768x512.jpeg 768w, https:\/\/www.escapadarural.com\/blog\/wp-content\/uploads\/2025\/12\/AdobeStock_502662240-800x533.jpeg 800w, https:\/\/www.escapadarural.com\/blog\/wp-content\/uploads\/2025\/12\/AdobeStock_502662240-1024x682.jpeg 1024w, https:\/\/www.escapadarural.com\/blog\/wp-content\/uploads\/2025\/12\/AdobeStock_502662240-1200x799.jpeg 1200w, https:\/\/www.escapadarural.com\/blog\/wp-content\/uploads\/2025\/12\/AdobeStock_502662240-1536x1023.jpeg 1536w\" sizes=\"auto, (max-width: 1024px) 100vw, 1024px\" \/><figcaption class=\"wp-element-caption\">Sasam\u00f3n (Burgos). Por KarSol<\/figcaption><\/figure>\n\n\n\n<p>Abandonamos de nuevo el masificado Camino Franc\u00e9s moderno para volver al <strong>trazado hist\u00f3rico de la calzada romana<\/strong>. Pasa por Las Quintanillas, Palacios de Benaver, Villanueva de Arga\u00f1o, Citores del P\u00e1ramo y Olmillos de Sasam\u00f3n, con un espectacular castillo, antes de entrar en el Conjunto Hist\u00f3rico de <a href=\"\/casas-rurales\/sasamon\">Sasam\u00f3n<\/a>.<\/p>\n\n\n<div style=\"background-color: #dff0d8; color: #3c763d; border-left-color: #3c763d; \" class=\"ub-styled-box ub-notification-box wp-block-ub-styled-box\" id=\"ub-styled-box-5a094ab2-cbcd-4c85-8388-b75ef5b49e01\">\n<p id=\"ub-styled-box-notification-content-\"><strong>Longitud<\/strong>: 34,72 kil\u00f3metros<\/p>\n\n\n\n<p><strong>Dificultad<\/strong>: moderada<\/p>\n\n\n\n<p><strong>Tipo de ruta<\/strong>: solo ida<\/p>\n\n\n\n<p><a href=\"https:\/\/es.wikiloc.com\/rutas-cicloturismo\/catedral-de-burgos-ermita-santa-ana-sasamon-por-via-aquitania-167116434\" target=\"_blank\" rel=\"noreferrer noopener nofollow\">Track de Wikiloc<\/a><\/p>\n\n\n<\/div>\n\n\n<div class=\"wp-block-buttons is-layout-flex wp-block-buttons-is-layout-flex\">\n<div class=\"wp-block-button\"><a class=\"wp-block-button__link wp-element-button\" href=\"\/casas-rurales\/sasamon\">Alojamientos rurales en Sasam\u00f3n<\/a><\/div>\n<\/div>\n\n\n\n<h2 class=\"wp-block-heading\" id=\"h-etapa-12-sasamon-osorno-la-mayor-31-66-km\"><strong>Etapa 12: Sasam\u00f3n &#8211; Osorno la Mayor (31,66 km)<\/strong><\/h2>\n\n\n\n<figure class=\"wp-block-image size-large\"><img loading=\"lazy\" decoding=\"async\" width=\"1024\" height=\"683\" src=\"https:\/\/www.escapadarural.com\/blog\/wp-content\/uploads\/2025\/12\/AdobeStock_226876465-1024x683.jpeg\" alt=\"Iglesia de la Asunci\u00f3n, en Melgar de Fernamental (Burgos). Por Q\" class=\"wp-image-211605\" srcset=\"https:\/\/www.escapadarural.com\/blog\/wp-content\/uploads\/2025\/12\/AdobeStock_226876465-200x133.jpeg 200w, https:\/\/www.escapadarural.com\/blog\/wp-content\/uploads\/2025\/12\/AdobeStock_226876465-300x200.jpeg 300w, https:\/\/www.escapadarural.com\/blog\/wp-content\/uploads\/2025\/12\/AdobeStock_226876465-400x267.jpeg 400w, https:\/\/www.escapadarural.com\/blog\/wp-content\/uploads\/2025\/12\/AdobeStock_226876465-600x400.jpeg 600w, https:\/\/www.escapadarural.com\/blog\/wp-content\/uploads\/2025\/12\/AdobeStock_226876465-768x512.jpeg 768w, https:\/\/www.escapadarural.com\/blog\/wp-content\/uploads\/2025\/12\/AdobeStock_226876465-800x533.jpeg 800w, https:\/\/www.escapadarural.com\/blog\/wp-content\/uploads\/2025\/12\/AdobeStock_226876465-1024x683.jpeg 1024w, https:\/\/www.escapadarural.com\/blog\/wp-content\/uploads\/2025\/12\/AdobeStock_226876465-1200x800.jpeg 1200w, https:\/\/www.escapadarural.com\/blog\/wp-content\/uploads\/2025\/12\/AdobeStock_226876465-1536x1024.jpeg 1536w\" sizes=\"auto, (max-width: 1024px) 100vw, 1024px\" \/><figcaption class=\"wp-element-caption\">Iglesia de la Asunci\u00f3n, en Melgar de Fernamental (Burgos). Por Q<\/figcaption><\/figure>\n\n\n\n<p>Transcurre por Grijalba, donde hay que ver la <strong>iglesia de Nuestra Se\u00f1ora de los Reyes<\/strong>. Sigue por <a href=\"\/casas-rurales\/padilla-de-abajo\">Padilla de Abajo<\/a>, con la ermita de Nuestra Se\u00f1ora del Torre\u00f3n como <a href=\"\/blog\/10-imprescindibles-del-romanico-palentino\/\">joya del rom\u00e1nico rural<\/a>; atraviesa <a href=\"\/casas-rurales\/melgar-de-fernamental\">Melgar de Fernamental<\/a> y acaba en <a href=\"\/casas-rurales\/osorno\">Osorno la Mayor<\/a>.<\/p>\n\n\n<div style=\"background-color: #dff0d8; color: #3c763d; border-left-color: #3c763d; \" class=\"ub-styled-box ub-notification-box wp-block-ub-styled-box\" id=\"ub-styled-box-3dd85daa-7cb5-4113-894f-c7a01fcbeb7a\">\n<p id=\"ub-styled-box-notification-content-\"><strong>Longitud<\/strong>: 31,66 kil\u00f3metros<\/p>\n\n\n\n<p><strong>Dificultad<\/strong>: moderada<\/p>\n\n\n\n<p><strong>Tipo de ruta<\/strong>: solo ida<\/p>\n\n\n\n<p><a href=\"https:\/\/es.wikiloc.com\/rutas-senderismo\/camino-via-aquitania-etapa-3-sasamon-osorno-la-mayor-31-km-28-10-2025-237965298\" target=\"_blank\" rel=\"noreferrer noopener nofollow\">Track de Wikiloc<\/a><\/p>\n\n\n<\/div>\n\n\n<div class=\"wp-block-buttons is-layout-flex wp-block-buttons-is-layout-flex\">\n<div class=\"wp-block-button\"><a class=\"wp-block-button__link wp-element-button\" href=\"\/casas-rurales\/osorno\">Alojamientos rurales en Osorno la Mayor<\/a><\/div>\n<\/div>\n\n\n\n<h2 class=\"wp-block-heading\" id=\"h-etapa-13-osorno-la-mayor-carrion-de-los-condes-25-46-km\"><strong>Etapa 13: Osorno la Mayor &#8211; Carri\u00f3n de los Condes (25,46 km)<\/strong><\/h2>\n\n\n\n<figure class=\"wp-block-image size-large\"><img loading=\"lazy\" decoding=\"async\" width=\"1024\" height=\"683\" src=\"https:\/\/www.escapadarural.com\/blog\/wp-content\/uploads\/2025\/12\/AdobeStock_178226563-1024x683.jpeg\" alt=\"Carri\u00f3n de los Condes (Burgos). Por Curto\" class=\"wp-image-211606\" srcset=\"https:\/\/www.escapadarural.com\/blog\/wp-content\/uploads\/2025\/12\/AdobeStock_178226563-200x133.jpeg 200w, https:\/\/www.escapadarural.com\/blog\/wp-content\/uploads\/2025\/12\/AdobeStock_178226563-300x200.jpeg 300w, https:\/\/www.escapadarural.com\/blog\/wp-content\/uploads\/2025\/12\/AdobeStock_178226563-400x267.jpeg 400w, https:\/\/www.escapadarural.com\/blog\/wp-content\/uploads\/2025\/12\/AdobeStock_178226563-600x400.jpeg 600w, https:\/\/www.escapadarural.com\/blog\/wp-content\/uploads\/2025\/12\/AdobeStock_178226563-768x512.jpeg 768w, https:\/\/www.escapadarural.com\/blog\/wp-content\/uploads\/2025\/12\/AdobeStock_178226563-800x533.jpeg 800w, https:\/\/www.escapadarural.com\/blog\/wp-content\/uploads\/2025\/12\/AdobeStock_178226563-1024x683.jpeg 1024w, https:\/\/www.escapadarural.com\/blog\/wp-content\/uploads\/2025\/12\/AdobeStock_178226563-1200x800.jpeg 1200w, https:\/\/www.escapadarural.com\/blog\/wp-content\/uploads\/2025\/12\/AdobeStock_178226563-1536x1024.jpeg 1536w\" sizes=\"auto, (max-width: 1024px) 100vw, 1024px\" \/><figcaption class=\"wp-element-caption\">Carri\u00f3n de los Condes (Burgos). Por Curto<\/figcaption><\/figure>\n\n\n\n<p>Es la <strong>\u00faltima jornada de la hist\u00f3rica V\u00eda Aquitania<\/strong>. Pasa por Las Caba\u00f1as de Castilla, que se refiere a poblados ligeros surgidos junto a campamentos romanos; Santillana de Campos, con encanto rural; sigue por Arconada y <a href=\"\/casas-rurales\/villalcazar-de-sirga\">Villalc\u00e1zar de Sirga<\/a>, con huella templaria; y acaba en Carri\u00f3n de los Condes, con un amplio patrimonio monumental.<\/p>\n\n\n<div style=\"background-color: #dff0d8; color: #3c763d; border-left-color: #3c763d; \" class=\"ub-styled-box ub-notification-box wp-block-ub-styled-box\" id=\"ub-styled-box-a68ed589-0e48-4577-b6b9-0920730c5731\">\n<p id=\"ub-styled-box-notification-content-\"><strong>Longitud<\/strong>: 25,46 kil\u00f3metros<\/p>\n\n\n\n<p><strong>Dificultad<\/strong>: moderada<\/p>\n\n\n\n<p>Tipo de ruta: solo ida<\/p>\n\n\n\n<p><a href=\"https:\/\/es.wikiloc.com\/rutas-cicloturismo\/osorno-carrion-de-los-condes-36667692\" target=\"_blank\" rel=\"noreferrer noopener nofollow\">Track de Wikiloc<\/a><\/p>\n\n\n<\/div>\n\n\n<div class=\"wp-block-buttons is-layout-flex wp-block-buttons-is-layout-flex\">\n<div class=\"wp-block-button\"><a class=\"wp-block-button__link wp-element-button\" href=\"\/casas-rurales\/carrion-de-los-condes\">Alojamientos rurales cerca de Carri\u00f3n de los Condes<\/a><\/div>\n<\/div>\n","protected":false},"excerpt":{"rendered":"<p>Recorremos una ruta hist\u00f3rica y alternativa al Camino Franc\u00e9s de Pamplona a Carri\u00f3n de los Condes (Burgos)<\/p>\n","protected":false},"author":123,"featured_media":211608,"comment_status":"open","ping_status":"open","sticky":false,"template":"","format":"standard","meta":{"_acf_changed":false,"om_disable_all_campaigns":false,"footnotes":""},"categories":[1379],"tags":[6285,439,616,331,6394,6764,215,421,288,1938,5590,6087,6743],"class_list":["post-211600","post","type-post","status-publish","format-standard","has-post-thumbnail","hentry","category-rutas-y-excursiones","tag-alava","tag-que-ver-en-burgos","tag-camino-de-santiago","tag-espana","tag-grupos","tag-imprescindibles","tag-listado","tag-que-ver-en-navarra","tag-que-ver-en-palencia","tag-pamplona","tag-pareja","tag-senderismo","tag-via-aquitania"],"acf":[],"featured_image_src":"https:\/\/www.escapadarural.com\/blog\/wp-content\/uploads\/2025\/12\/AdobeStock_222387454-scaled.jpeg","author_info":{"display_name":"Raquel Andr\u00e9s","author_link":"https:\/\/www.escapadarural.com\/blog\/autor\/raquel\/"},"yoast_head":"<!-- This site is optimized with the Yoast SEO plugin v27.5 - https:\/\/yoast.com\/product\/yoast-seo-wordpress\/ -->\n<title>Caminar hacia Santiago por una calzada romana - EscapadaRural<\/title>\n<meta name=\"description\" content=\"Recorremos la V\u00eda Aquitania, ruta hist\u00f3rica y alternativa al Camino Franc\u00e9s de Pamplona a Carri\u00f3n de los Condes (Burgos)\" \/>\n<meta name=\"robots\" content=\"index, follow, max-snippet:-1, max-image-preview:large, max-video-preview:-1\" \/>\n<link rel=\"canonical\" href=\"https:\/\/www.escapadarural.com\/blog\/via-aquitania-camino-santiago-calzada-romana\/\" \/>\n<meta property=\"og:locale\" content=\"es_ES\" \/>\n<meta property=\"og:type\" content=\"article\" \/>\n<meta property=\"og:title\" content=\"Caminar hacia Santiago por una calzada romana - EscapadaRural\" \/>\n<meta property=\"og:description\" content=\"Recorremos la V\u00eda Aquitania, ruta hist\u00f3rica y alternativa al Camino Franc\u00e9s de Pamplona a Carri\u00f3n de los Condes (Burgos)\" \/>\n<meta property=\"og:url\" content=\"https:\/\/www.escapadarural.com\/blog\/via-aquitania-camino-santiago-calzada-romana\/\" \/>\n<meta property=\"og:site_name\" content=\"Magazine de viajes de EscapadaRural\" \/>\n<meta property=\"article:publisher\" content=\"https:\/\/www.facebook.com\/escapadarural\" \/>\n<meta property=\"article:published_time\" content=\"2026-01-18T07:55:00+00:00\" \/>\n<meta property=\"article:modified_time\" content=\"2026-03-18T14:20:53+00:00\" \/>\n<meta property=\"og:image\" content=\"https:\/\/www.escapadarural.com\/blog\/wp-content\/uploads\/2025\/12\/AdobeStock_222387454-scaled.jpeg?v=1773843658\" \/>\n\t<meta property=\"og:image:width\" content=\"2048\" \/>\n\t<meta property=\"og:image:height\" content=\"1536\" \/>\n\t<meta property=\"og:image:type\" content=\"image\/jpeg\" \/>\n<meta name=\"author\" content=\"Raquel Andr\u00e9s\" \/>\n<meta name=\"twitter:card\" content=\"summary_large_image\" \/>\n<meta name=\"twitter:label1\" content=\"Escrito por\" \/>\n\t<meta name=\"twitter:data1\" content=\"Raquel Andr\u00e9s\" \/>\n\t<meta name=\"twitter:label2\" content=\"Tiempo de lectura\" \/>\n\t<meta name=\"twitter:data2\" content=\"8 minutos\" \/>\n<script type=\"application\/ld+json\" class=\"yoast-schema-graph\">{\"@context\":\"https:\\\/\\\/schema.org\",\"@graph\":[{\"@type\":\"Article\",\"@id\":\"https:\\\/\\\/www.escapadarural.com\\\/blog\\\/via-aquitania-camino-santiago-calzada-romana\\\/#article\",\"isPartOf\":{\"@id\":\"https:\\\/\\\/www.escapadarural.com\\\/blog\\\/via-aquitania-camino-santiago-calzada-romana\\\/\"},\"author\":{\"name\":\"Raquel Andr\u00e9s\",\"@id\":\"https:\\\/\\\/www.escapadarural.com\\\/blog\\\/#\\\/schema\\\/person\\\/67be061eb00d8315fa8642e01b88c894\"},\"headline\":\"La V\u00eda Aquitania, ir a Santiago por una calzada romana\",\"datePublished\":\"2026-01-18T07:55:00+00:00\",\"dateModified\":\"2026-03-18T14:20:53+00:00\",\"mainEntityOfPage\":{\"@id\":\"https:\\\/\\\/www.escapadarural.com\\\/blog\\\/via-aquitania-camino-santiago-calzada-romana\\\/\"},\"wordCount\":1543,\"commentCount\":0,\"publisher\":{\"@id\":\"https:\\\/\\\/www.escapadarural.com\\\/blog\\\/#organization\"},\"image\":{\"@id\":\"https:\\\/\\\/www.escapadarural.com\\\/blog\\\/via-aquitania-camino-santiago-calzada-romana\\\/#primaryimage\"},\"thumbnailUrl\":\"https:\\\/\\\/www.escapadarural.com\\\/blog\\\/wp-content\\\/uploads\\\/2025\\\/12\\\/AdobeStock_222387454-scaled.jpeg\",\"keywords\":[\"alava\",\"Burgos\",\"Camino de Santiago\",\"Espa\u00f1a\",\"Grupos\",\"Imprescindibles\",\"Listado\",\"Navarra\",\"Palencia\",\"Pamplona\",\"Pareja\",\"senderismo\",\"V\u00eda Aquitania\"],\"articleSection\":[\"Rutas y excursiones\"],\"inLanguage\":\"es\",\"potentialAction\":[{\"@type\":\"CommentAction\",\"name\":\"Comment\",\"target\":[\"https:\\\/\\\/www.escapadarural.com\\\/blog\\\/via-aquitania-camino-santiago-calzada-romana\\\/#respond\"]}]},{\"@type\":\"WebPage\",\"@id\":\"https:\\\/\\\/www.escapadarural.com\\\/blog\\\/via-aquitania-camino-santiago-calzada-romana\\\/\",\"url\":\"https:\\\/\\\/www.escapadarural.com\\\/blog\\\/via-aquitania-camino-santiago-calzada-romana\\\/\",\"name\":\"Caminar hacia Santiago por una calzada romana - EscapadaRural\",\"isPartOf\":{\"@id\":\"https:\\\/\\\/www.escapadarural.com\\\/blog\\\/#website\"},\"primaryImageOfPage\":{\"@id\":\"https:\\\/\\\/www.escapadarural.com\\\/blog\\\/via-aquitania-camino-santiago-calzada-romana\\\/#primaryimage\"},\"image\":{\"@id\":\"https:\\\/\\\/www.escapadarural.com\\\/blog\\\/via-aquitania-camino-santiago-calzada-romana\\\/#primaryimage\"},\"thumbnailUrl\":\"https:\\\/\\\/www.escapadarural.com\\\/blog\\\/wp-content\\\/uploads\\\/2025\\\/12\\\/AdobeStock_222387454-scaled.jpeg\",\"datePublished\":\"2026-01-18T07:55:00+00:00\",\"dateModified\":\"2026-03-18T14:20:53+00:00\",\"description\":\"Recorremos la V\u00eda Aquitania, ruta hist\u00f3rica y alternativa al Camino Franc\u00e9s de Pamplona a Carri\u00f3n de los Condes (Burgos)\",\"breadcrumb\":{\"@id\":\"https:\\\/\\\/www.escapadarural.com\\\/blog\\\/via-aquitania-camino-santiago-calzada-romana\\\/#breadcrumb\"},\"inLanguage\":\"es\",\"potentialAction\":[{\"@type\":\"ReadAction\",\"target\":[\"https:\\\/\\\/www.escapadarural.com\\\/blog\\\/via-aquitania-camino-santiago-calzada-romana\\\/\"]}]},{\"@type\":\"ImageObject\",\"inLanguage\":\"es\",\"@id\":\"https:\\\/\\\/www.escapadarural.com\\\/blog\\\/via-aquitania-camino-santiago-calzada-romana\\\/#primaryimage\",\"url\":\"https:\\\/\\\/www.escapadarural.com\\\/blog\\\/wp-content\\\/uploads\\\/2025\\\/12\\\/AdobeStock_222387454-scaled.jpeg\",\"contentUrl\":\"https:\\\/\\\/www.escapadarural.com\\\/blog\\\/wp-content\\\/uploads\\\/2025\\\/12\\\/AdobeStock_222387454-scaled.jpeg\",\"width\":2048,\"height\":1536,\"caption\":\"Peregrinos haciendo la V\u00eda Aquitania romana, hoy parte del Camino de Santiago. Por lkonya\"},{\"@type\":\"BreadcrumbList\",\"@id\":\"https:\\\/\\\/www.escapadarural.com\\\/blog\\\/via-aquitania-camino-santiago-calzada-romana\\\/#breadcrumb\",\"itemListElement\":[{\"@type\":\"ListItem\",\"position\":1,\"name\":\"Inicio\",\"item\":\"https:\\\/\\\/www.escapadarural.com\\\/blog\\\/\"},{\"@type\":\"ListItem\",\"position\":2,\"name\":\"Rutas y excursiones\",\"item\":\"https:\\\/\\\/www.escapadarural.com\\\/blog\\\/categoria\\\/rutas-y-excursiones\\\/\"},{\"@type\":\"ListItem\",\"position\":3,\"name\":\"La V\u00eda Aquitania, ir a Santiago por una calzada romana\"}]},{\"@type\":\"WebSite\",\"@id\":\"https:\\\/\\\/www.escapadarural.com\\\/blog\\\/#website\",\"url\":\"https:\\\/\\\/www.escapadarural.com\\\/blog\\\/\",\"name\":\"Blog de viajes | turismo rural, alojamientos e inspiraci\u00f3n\",\"description\":\"Alojamientos rurales e inspiraci\u00f3n para tus escapadas\",\"publisher\":{\"@id\":\"https:\\\/\\\/www.escapadarural.com\\\/blog\\\/#organization\"},\"alternateName\":\"Magazine de viajes de EscapadaRural\",\"potentialAction\":[{\"@type\":\"SearchAction\",\"target\":{\"@type\":\"EntryPoint\",\"urlTemplate\":\"https:\\\/\\\/www.escapadarural.com\\\/blog\\\/?s={search_term_string}\"},\"query-input\":{\"@type\":\"PropertyValueSpecification\",\"valueRequired\":true,\"valueName\":\"search_term_string\"}}],\"inLanguage\":\"es\"},{\"@type\":\"Organization\",\"@id\":\"https:\\\/\\\/www.escapadarural.com\\\/blog\\\/#organization\",\"name\":\"EscapadaRural\",\"url\":\"https:\\\/\\\/www.escapadarural.com\\\/blog\\\/\",\"logo\":{\"@type\":\"ImageObject\",\"inLanguage\":\"es\",\"@id\":\"https:\\\/\\\/www.escapadarural.com\\\/blog\\\/#\\\/schema\\\/logo\\\/image\\\/\",\"url\":\"https:\\\/\\\/www.escapadarural.com\\\/blog\\\/wp-content\\\/uploads\\\/2024\\\/10\\\/cropped-cropped-escapada-rural-icon-mag-3.png\",\"contentUrl\":\"https:\\\/\\\/www.escapadarural.com\\\/blog\\\/wp-content\\\/uploads\\\/2024\\\/10\\\/cropped-cropped-escapada-rural-icon-mag-3.png\",\"width\":512,\"height\":512,\"caption\":\"EscapadaRural\"},\"image\":{\"@id\":\"https:\\\/\\\/www.escapadarural.com\\\/blog\\\/#\\\/schema\\\/logo\\\/image\\\/\"},\"sameAs\":[\"https:\\\/\\\/www.facebook.com\\\/escapadarural\",\"https:\\\/\\\/www.instagram.com\\\/escapadarural\\\/\",\"https:\\\/\\\/www.youtube.com\\\/@escapadaruralcom\"]},{\"@type\":\"Person\",\"@id\":\"https:\\\/\\\/www.escapadarural.com\\\/blog\\\/#\\\/schema\\\/person\\\/67be061eb00d8315fa8642e01b88c894\",\"name\":\"Raquel Andr\u00e9s\",\"image\":{\"@type\":\"ImageObject\",\"inLanguage\":\"es\",\"@id\":\"https:\\\/\\\/secure.gravatar.com\\\/avatar\\\/b45840531462f3cafb335a9fc5c0bfda2c07c3df4b82b304b923526b85cc6cb5?s=96&d=mm&r=g\",\"url\":\"https:\\\/\\\/secure.gravatar.com\\\/avatar\\\/b45840531462f3cafb335a9fc5c0bfda2c07c3df4b82b304b923526b85cc6cb5?s=96&d=mm&r=g\",\"contentUrl\":\"https:\\\/\\\/secure.gravatar.com\\\/avatar\\\/b45840531462f3cafb335a9fc5c0bfda2c07c3df4b82b304b923526b85cc6cb5?s=96&d=mm&r=g\",\"caption\":\"Raquel Andr\u00e9s\"},\"description\":\"Periodista y aventurera. Me has podido leer en Escapada Rural, Diari Nosaltres La Veu, La Vanguardia, El Salto y otros medios. Habitante y amante de las zonas rurales, sea cual sea el destino. Procuro escaparme una vez por semana con las botas de monta\u00f1a, el arn\u00e9s o el neopreno. Tambi\u00e9n soy un intento de baserritarra.\",\"url\":\"https:\\\/\\\/www.escapadarural.com\\\/blog\\\/autor\\\/raquel\\\/\"}]}<\/script>\n<!-- \/ Yoast SEO plugin. -->","yoast_head_json":{"title":"Caminar hacia Santiago por una calzada romana - EscapadaRural","description":"Recorremos la V\u00eda Aquitania, ruta hist\u00f3rica y alternativa al Camino Franc\u00e9s de Pamplona a Carri\u00f3n de los Condes (Burgos)","robots":{"index":"index","follow":"follow","max-snippet":"max-snippet:-1","max-image-preview":"max-image-preview:large","max-video-preview":"max-video-preview:-1"},"canonical":"https:\/\/www.escapadarural.com\/blog\/via-aquitania-camino-santiago-calzada-romana\/","og_locale":"es_ES","og_type":"article","og_title":"Caminar hacia Santiago por una calzada romana - EscapadaRural","og_description":"Recorremos la V\u00eda Aquitania, ruta hist\u00f3rica y alternativa al Camino Franc\u00e9s de Pamplona a Carri\u00f3n de los Condes (Burgos)","og_url":"https:\/\/www.escapadarural.com\/blog\/via-aquitania-camino-santiago-calzada-romana\/","og_site_name":"Magazine de viajes de EscapadaRural","article_publisher":"https:\/\/www.facebook.com\/escapadarural","article_published_time":"2026-01-18T07:55:00+00:00","article_modified_time":"2026-03-18T14:20:53+00:00","og_image":[{"width":2048,"height":1536,"url":"https:\/\/www.escapadarural.com\/blog\/wp-content\/uploads\/2025\/12\/AdobeStock_222387454-scaled.jpeg?v=1773843658","type":"image\/jpeg"}],"author":"Raquel Andr\u00e9s","twitter_card":"summary_large_image","twitter_misc":{"Escrito por":"Raquel Andr\u00e9s","Tiempo de lectura":"8 minutos"},"schema":{"@context":"https:\/\/schema.org","@graph":[{"@type":"Article","@id":"https:\/\/www.escapadarural.com\/blog\/via-aquitania-camino-santiago-calzada-romana\/#article","isPartOf":{"@id":"https:\/\/www.escapadarural.com\/blog\/via-aquitania-camino-santiago-calzada-romana\/"},"author":{"name":"Raquel Andr\u00e9s","@id":"https:\/\/www.escapadarural.com\/blog\/#\/schema\/person\/67be061eb00d8315fa8642e01b88c894"},"headline":"La V\u00eda Aquitania, ir a Santiago por una calzada romana","datePublished":"2026-01-18T07:55:00+00:00","dateModified":"2026-03-18T14:20:53+00:00","mainEntityOfPage":{"@id":"https:\/\/www.escapadarural.com\/blog\/via-aquitania-camino-santiago-calzada-romana\/"},"wordCount":1543,"commentCount":0,"publisher":{"@id":"https:\/\/www.escapadarural.com\/blog\/#organization"},"image":{"@id":"https:\/\/www.escapadarural.com\/blog\/via-aquitania-camino-santiago-calzada-romana\/#primaryimage"},"thumbnailUrl":"https:\/\/www.escapadarural.com\/blog\/wp-content\/uploads\/2025\/12\/AdobeStock_222387454-scaled.jpeg","keywords":["alava","Burgos","Camino de Santiago","Espa\u00f1a","Grupos","Imprescindibles","Listado","Navarra","Palencia","Pamplona","Pareja","senderismo","V\u00eda Aquitania"],"articleSection":["Rutas y excursiones"],"inLanguage":"es","potentialAction":[{"@type":"CommentAction","name":"Comment","target":["https:\/\/www.escapadarural.com\/blog\/via-aquitania-camino-santiago-calzada-romana\/#respond"]}]},{"@type":"WebPage","@id":"https:\/\/www.escapadarural.com\/blog\/via-aquitania-camino-santiago-calzada-romana\/","url":"https:\/\/www.escapadarural.com\/blog\/via-aquitania-camino-santiago-calzada-romana\/","name":"Caminar hacia Santiago por una calzada romana - EscapadaRural","isPartOf":{"@id":"https:\/\/www.escapadarural.com\/blog\/#website"},"primaryImageOfPage":{"@id":"https:\/\/www.escapadarural.com\/blog\/via-aquitania-camino-santiago-calzada-romana\/#primaryimage"},"image":{"@id":"https:\/\/www.escapadarural.com\/blog\/via-aquitania-camino-santiago-calzada-romana\/#primaryimage"},"thumbnailUrl":"https:\/\/www.escapadarural.com\/blog\/wp-content\/uploads\/2025\/12\/AdobeStock_222387454-scaled.jpeg","datePublished":"2026-01-18T07:55:00+00:00","dateModified":"2026-03-18T14:20:53+00:00","description":"Recorremos la V\u00eda Aquitania, ruta hist\u00f3rica y alternativa al Camino Franc\u00e9s de Pamplona a Carri\u00f3n de los Condes (Burgos)","breadcrumb":{"@id":"https:\/\/www.escapadarural.com\/blog\/via-aquitania-camino-santiago-calzada-romana\/#breadcrumb"},"inLanguage":"es","potentialAction":[{"@type":"ReadAction","target":["https:\/\/www.escapadarural.com\/blog\/via-aquitania-camino-santiago-calzada-romana\/"]}]},{"@type":"ImageObject","inLanguage":"es","@id":"https:\/\/www.escapadarural.com\/blog\/via-aquitania-camino-santiago-calzada-romana\/#primaryimage","url":"https:\/\/www.escapadarural.com\/blog\/wp-content\/uploads\/2025\/12\/AdobeStock_222387454-scaled.jpeg","contentUrl":"https:\/\/www.escapadarural.com\/blog\/wp-content\/uploads\/2025\/12\/AdobeStock_222387454-scaled.jpeg","width":2048,"height":1536,"caption":"Peregrinos haciendo la V\u00eda Aquitania romana, hoy parte del Camino de Santiago. Por lkonya"},{"@type":"BreadcrumbList","@id":"https:\/\/www.escapadarural.com\/blog\/via-aquitania-camino-santiago-calzada-romana\/#breadcrumb","itemListElement":[{"@type":"ListItem","position":1,"name":"Inicio","item":"https:\/\/www.escapadarural.com\/blog\/"},{"@type":"ListItem","position":2,"name":"Rutas y excursiones","item":"https:\/\/www.escapadarural.com\/blog\/categoria\/rutas-y-excursiones\/"},{"@type":"ListItem","position":3,"name":"La V\u00eda Aquitania, ir a Santiago por una calzada romana"}]},{"@type":"WebSite","@id":"https:\/\/www.escapadarural.com\/blog\/#website","url":"https:\/\/www.escapadarural.com\/blog\/","name":"Blog de viajes | turismo rural, alojamientos e inspiraci\u00f3n","description":"Alojamientos rurales e inspiraci\u00f3n para tus escapadas","publisher":{"@id":"https:\/\/www.escapadarural.com\/blog\/#organization"},"alternateName":"Magazine de viajes de EscapadaRural","potentialAction":[{"@type":"SearchAction","target":{"@type":"EntryPoint","urlTemplate":"https:\/\/www.escapadarural.com\/blog\/?s={search_term_string}"},"query-input":{"@type":"PropertyValueSpecification","valueRequired":true,"valueName":"search_term_string"}}],"inLanguage":"es"},{"@type":"Organization","@id":"https:\/\/www.escapadarural.com\/blog\/#organization","name":"EscapadaRural","url":"https:\/\/www.escapadarural.com\/blog\/","logo":{"@type":"ImageObject","inLanguage":"es","@id":"https:\/\/www.escapadarural.com\/blog\/#\/schema\/logo\/image\/","url":"https:\/\/www.escapadarural.com\/blog\/wp-content\/uploads\/2024\/10\/cropped-cropped-escapada-rural-icon-mag-3.png","contentUrl":"https:\/\/www.escapadarural.com\/blog\/wp-content\/uploads\/2024\/10\/cropped-cropped-escapada-rural-icon-mag-3.png","width":512,"height":512,"caption":"EscapadaRural"},"image":{"@id":"https:\/\/www.escapadarural.com\/blog\/#\/schema\/logo\/image\/"},"sameAs":["https:\/\/www.facebook.com\/escapadarural","https:\/\/www.instagram.com\/escapadarural\/","https:\/\/www.youtube.com\/@escapadaruralcom"]},{"@type":"Person","@id":"https:\/\/www.escapadarural.com\/blog\/#\/schema\/person\/67be061eb00d8315fa8642e01b88c894","name":"Raquel Andr\u00e9s","image":{"@type":"ImageObject","inLanguage":"es","@id":"https:\/\/secure.gravatar.com\/avatar\/b45840531462f3cafb335a9fc5c0bfda2c07c3df4b82b304b923526b85cc6cb5?s=96&d=mm&r=g","url":"https:\/\/secure.gravatar.com\/avatar\/b45840531462f3cafb335a9fc5c0bfda2c07c3df4b82b304b923526b85cc6cb5?s=96&d=mm&r=g","contentUrl":"https:\/\/secure.gravatar.com\/avatar\/b45840531462f3cafb335a9fc5c0bfda2c07c3df4b82b304b923526b85cc6cb5?s=96&d=mm&r=g","caption":"Raquel Andr\u00e9s"},"description":"Periodista y aventurera. Me has podido leer en Escapada Rural, Diari Nosaltres La Veu, La Vanguardia, El Salto y otros medios. Habitante y amante de las zonas rurales, sea cual sea el destino. Procuro escaparme una vez por semana con las botas de monta\u00f1a, el arn\u00e9s o el neopreno. Tambi\u00e9n soy un intento de baserritarra.","url":"https:\/\/www.escapadarural.com\/blog\/autor\/raquel\/"}]}},"_links":{"self":[{"href":"https:\/\/www.escapadarural.com\/blog\/wp-json\/wp\/v2\/posts\/211600","targetHints":{"allow":["GET"]}}],"collection":[{"href":"https:\/\/www.escapadarural.com\/blog\/wp-json\/wp\/v2\/posts"}],"about":[{"href":"https:\/\/www.escapadarural.com\/blog\/wp-json\/wp\/v2\/types\/post"}],"author":[{"embeddable":true,"href":"https:\/\/www.escapadarural.com\/blog\/wp-json\/wp\/v2\/users\/123"}],"replies":[{"embeddable":true,"href":"https:\/\/www.escapadarural.com\/blog\/wp-json\/wp\/v2\/comments?post=211600"}],"version-history":[{"count":0,"href":"https:\/\/www.escapadarural.com\/blog\/wp-json\/wp\/v2\/posts\/211600\/revisions"}],"wp:featuredmedia":[{"embeddable":true,"href":"https:\/\/www.escapadarural.com\/blog\/wp-json\/wp\/v2\/media\/211608"}],"wp:attachment":[{"href":"https:\/\/www.escapadarural.com\/blog\/wp-json\/wp\/v2\/media?parent=211600"}],"wp:term":[{"taxonomy":"category","embeddable":true,"href":"https:\/\/www.escapadarural.com\/blog\/wp-json\/wp\/v2\/categories?post=211600"},{"taxonomy":"post_tag","embeddable":true,"href":"https:\/\/www.escapadarural.com\/blog\/wp-json\/wp\/v2\/tags?post=211600"}],"curies":[{"name":"wp","href":"https:\/\/api.w.org\/{rel}","templated":true}]}}