{"id":211678,"date":"2026-01-14T09:31:03","date_gmt":"2026-01-14T08:31:03","guid":{"rendered":"https:\/\/www.escapadarural.com\/blog\/?p=211678"},"modified":"2026-03-13T14:51:04","modified_gmt":"2026-03-13T13:51:04","slug":"pueblos-marcados-por-la-tragedia","status":"publish","type":"post","link":"https:\/\/www.escapadarural.com\/blog\/pueblos-marcados-por-la-tragedia\/","title":{"rendered":"Entre el morbo y el estigma: pueblos marcados por la tragedia"},"content":{"rendered":"\n<p>A cada persona nos gusta viajar por uno o varios motivos: para conocer a gente, para descubrir nuevas lenguas, para probar delicias gastron\u00f3micas, para visitar grandes monumentos, para acercarse a la cultura e historia local&#8230; aunque tambi\u00e9n hay razones un tanto escabrosas. No son casos aislados quienes buscan <strong>destinos relacionados con la muerte o la tragedia<\/strong>. De hecho, tiene hasta un nombre: <strong>tanatoturismo o turismo negro <\/strong>(del ingl\u00e9s, <em>dark tourism<\/em>).<\/p>\n\n\n\n<p>Vamos a acercarnos a algunos de los pueblos de la geograf\u00eda espa\u00f1ola que est\u00e1n <strong>asociados a asesinatos y dramas que atraen la visita de curiosos<\/strong>. Antes de comenzar, hay que puntualizar que las tragedias en lugares peque\u00f1os suelen permanecer a flor de piel incluso pasadas las d\u00e9cadas. Por tanto, es imprescindible acercarse con respeto, no ahondar en heridas que pueden no estar cicatrizadas, no agobiar al vecindario con preguntas morbosas y, por supuesto, no entrar en propiedades privadas.<\/p>\n\n\n\n<div class=\"wp-block-buttons is-layout-flex wp-block-buttons-is-layout-flex\">\n<div class=\"wp-block-button\"><a class=\"wp-block-button__link wp-element-button\" href=\"\/casas-rurales\">Encuentra tu alojamiento<\/a><\/div>\n<\/div>\n\n\n\n<p>Escucha el podcast del art\u00edculo creado con IA y basado en la investigaci\u00f3n de nuestros periodistas:<\/p>\n\n\n\n<figure class=\"wp-block-audio\"><audio controls src=\"https:\/\/www.escapadarural.com\/blog\/wp-content\/uploads\/2026\/01\/De_Puerto_Hurraco_a_Belchite.mp3\"><\/audio><\/figure>\n\n\n\n<h2 class=\"wp-block-heading\" id=\"h-el-tiroteo-que-puso-en-el-mapa-a-puerto-hurraco-badajoz\"><strong>El tiroteo que puso en el mapa a Puerto Hurraco<\/strong> (<a href=\"\/casas-rurales\/badajoz\">Badajoz<\/a>)<\/h2>\n\n\n\n<figure class=\"wp-block-image size-large\"><img loading=\"lazy\" decoding=\"async\" width=\"1024\" height=\"519\" src=\"https:\/\/www.escapadarural.com\/blog\/wp-content\/uploads\/2025\/12\/AdobeStock_458513570-1024x519.jpeg\" alt=\"Benquerencia de la Serena, municipio al que pertenece la pedan\u00eda de Puerto Hurraco (Badajoz). Por WH_Pics\" class=\"wp-image-211681\" srcset=\"https:\/\/www.escapadarural.com\/blog\/wp-content\/uploads\/2025\/12\/AdobeStock_458513570-200x101.jpeg 200w, https:\/\/www.escapadarural.com\/blog\/wp-content\/uploads\/2025\/12\/AdobeStock_458513570-300x152.jpeg 300w, https:\/\/www.escapadarural.com\/blog\/wp-content\/uploads\/2025\/12\/AdobeStock_458513570-400x203.jpeg 400w, https:\/\/www.escapadarural.com\/blog\/wp-content\/uploads\/2025\/12\/AdobeStock_458513570-600x304.jpeg 600w, https:\/\/www.escapadarural.com\/blog\/wp-content\/uploads\/2025\/12\/AdobeStock_458513570-768x389.jpeg 768w, https:\/\/www.escapadarural.com\/blog\/wp-content\/uploads\/2025\/12\/AdobeStock_458513570-800x405.jpeg 800w, https:\/\/www.escapadarural.com\/blog\/wp-content\/uploads\/2025\/12\/AdobeStock_458513570-1024x519.jpeg 1024w, https:\/\/www.escapadarural.com\/blog\/wp-content\/uploads\/2025\/12\/AdobeStock_458513570-1200x608.jpeg 1200w, https:\/\/www.escapadarural.com\/blog\/wp-content\/uploads\/2025\/12\/AdobeStock_458513570-1536x778.jpeg 1536w\" sizes=\"auto, (max-width: 1024px) 100vw, 1024px\" \/><figcaption class=\"wp-element-caption\">Benquerencia de la Serena, municipio al que pertenece la pedan\u00eda de Puerto Hurraco (Badajoz). Por WH_Pics<\/figcaption><\/figure>\n\n\n\n<p>Hay cr\u00edmenes que, por si no hubieran dado que hablar en su d\u00eda, todav\u00eda se hicieron m\u00e1s conocidos al llegar a la gran pantalla. El <strong>crimen de Puerto Hurraco del domingo 26 de agosto de 1990 <\/strong>salt\u00f3 al cine con la pel\u00edcula<em>&nbsp;El s\u00e9ptimo d\u00eda<\/em>. Ocurri\u00f3 en la pedan\u00eda hom\u00f3nima perteneciente al municipio de Benquerencia de la Serena, en Badajoz. Un peque\u00f1o lugar de 135 habitantes donde una disputa entre dos familias (Cabanillas e Izquierdo) provoc\u00f3 un tiroteo en el que dos hermanos acabaron con la vida de nueve personas.<\/p>\n\n\n\n<p>Todo ven\u00eda de una disputa de lindes de hac\u00eda m\u00e1s de 20 a\u00f1os, con una historia de amor no correspondida por en medio. Antes del tiroteo ya hubo asesinatos, prisi\u00f3n, casas quemadas y amenazas. En el pueblo nunca quisieron que se rodara el film.<\/p>\n\n\n\n<div class=\"wp-block-buttons is-layout-flex wp-block-buttons-is-layout-flex\">\n<div class=\"wp-block-button\"><a class=\"wp-block-button__link wp-element-button\" href=\"\/casas-rurales\/puerto-hurraco\" target=\"_blank\" rel=\"noreferrer noopener\">Alojamientos rurales en Puerto Hurraco<\/a><\/div>\n<\/div>\n\n\n\n<h2 class=\"wp-block-heading\" id=\"h-tor-lleida-pueblo-fronterizo-con-disputas-permanentes\"><strong>Tor (<a href=\"\/casas-rurales\/lleida\">Lleida<\/a>), pueblo fronterizo con disputas permanentes<\/strong><\/h2>\n\n\n\n<figure class=\"wp-block-image size-full\"><img loading=\"lazy\" decoding=\"async\" width=\"1024\" height=\"709\" src=\"https:\/\/www.escapadarural.com\/blog\/wp-content\/uploads\/2024\/10\/1280px-tor_al_municipi_dalins_WP_01.webp\" alt=\"Tor, en el municipio de Alins (Lleida). Por Jordi Dom\u00e8nech\" class=\"wp-image-91080\" srcset=\"https:\/\/www.escapadarural.com\/blog\/wp-content\/uploads\/2024\/10\/1280px-tor_al_municipi_dalins_WP_01-200x138.webp 200w, https:\/\/www.escapadarural.com\/blog\/wp-content\/uploads\/2024\/10\/1280px-tor_al_municipi_dalins_WP_01-300x208.webp 300w, https:\/\/www.escapadarural.com\/blog\/wp-content\/uploads\/2024\/10\/1280px-tor_al_municipi_dalins_WP_01-400x277.webp 400w, https:\/\/www.escapadarural.com\/blog\/wp-content\/uploads\/2024\/10\/1280px-tor_al_municipi_dalins_WP_01-600x415.webp 600w, https:\/\/www.escapadarural.com\/blog\/wp-content\/uploads\/2024\/10\/1280px-tor_al_municipi_dalins_WP_01-768x532.webp 768w, https:\/\/www.escapadarural.com\/blog\/wp-content\/uploads\/2024\/10\/1280px-tor_al_municipi_dalins_WP_01-800x554.webp 800w, https:\/\/www.escapadarural.com\/blog\/wp-content\/uploads\/2024\/10\/1280px-tor_al_municipi_dalins_WP_01.webp 1024w\" sizes=\"auto, (max-width: 1024px) 100vw, 1024px\" \/><figcaption class=\"wp-element-caption\">Tor, en el municipio de Alins (Lleida). Por Jordi Dom\u00e8nech<\/figcaption><\/figure>\n\n\n\n<p><strong>Tor <\/strong>es un bonito pueblecito catal\u00e1n que hace frontera con Francia y Andorra. No tiene cobertura m\u00f3vil, est\u00e1 rodeado de monta\u00f1as y apenas lo conforman una calle, 13 casas (y no todas est\u00e1n habitadas) y un bar. Para llegar hay que seguir una carretera que parece m\u00e1s bien una pista forestal (tiene tramos no asfaltados). En la entrada sorprende un cartel que dice: \u201c<strong>Catalu\u00f1a tiene 1.000 a\u00f1os. Tor ya estaba<\/strong>\u201d.<\/p>\n\n\n\n<p>Podr\u00eda ser un refugio de paz en pleno <strong>Pirineo catal\u00e1n<\/strong> si no fuera porque est\u00e1 manchado por un <a href=\"\/blog\/montana-de-tor-un-icono-del-true-crime\/\">conflicto de m\u00e1s de 30 a\u00f1os<\/a> en el que ha habido muertos. Todo empez\u00f3 por una lucha por la propiedad de las tierras comunales en la que se enfrascaron varias familias del pueblo. Hasta que un tiroteo acab\u00f3 matando a dos personas en 1980 y otro hombre apareci\u00f3 sin vida en circunstancias sospechosas en 1995. La serie televisiva <em>Tor <\/em>volvi\u00f3 a recuperar esta historia en 2024 y el pueblo recibi\u00f3 la visita (no deseada, hay que decir) de numerosos <em>tanatoturistas<\/em>.<\/p>\n\n\n\n<div class=\"wp-block-buttons is-layout-flex wp-block-buttons-is-layout-flex\">\n<div class=\"wp-block-button\"><a class=\"wp-block-button__link wp-element-button\" href=\"\/casas-rurales\/tor\" target=\"_blank\" rel=\"noreferrer noopener\">Alojamientos rurales cerca de Tor<\/a><\/div>\n<\/div>\n\n\n\n<h2 class=\"wp-block-heading\" id=\"h-el-des-poblado-maldito-de-muga-burgos\"><strong>El (des)poblado maldito de Muga (<a href=\"\/casas-rurales\/burgos\">Burgos<\/a>)<\/strong><\/h2>\n\n\n\n<figure class=\"wp-block-image size-large\"><img loading=\"lazy\" decoding=\"async\" width=\"1024\" height=\"683\" src=\"https:\/\/www.escapadarural.com\/blog\/wp-content\/uploads\/2025\/12\/AdobeStock_410856152-1024x683.jpeg\" alt=\"Junta de Traslaloma, municipio al que pertenece Muga (Burgos). Por Raul\" class=\"wp-image-211682\" srcset=\"https:\/\/www.escapadarural.com\/blog\/wp-content\/uploads\/2025\/12\/AdobeStock_410856152-200x133.jpeg 200w, https:\/\/www.escapadarural.com\/blog\/wp-content\/uploads\/2025\/12\/AdobeStock_410856152-300x200.jpeg 300w, https:\/\/www.escapadarural.com\/blog\/wp-content\/uploads\/2025\/12\/AdobeStock_410856152-400x267.jpeg 400w, https:\/\/www.escapadarural.com\/blog\/wp-content\/uploads\/2025\/12\/AdobeStock_410856152-600x400.jpeg 600w, https:\/\/www.escapadarural.com\/blog\/wp-content\/uploads\/2025\/12\/AdobeStock_410856152-768x512.jpeg 768w, https:\/\/www.escapadarural.com\/blog\/wp-content\/uploads\/2025\/12\/AdobeStock_410856152-800x533.jpeg 800w, https:\/\/www.escapadarural.com\/blog\/wp-content\/uploads\/2025\/12\/AdobeStock_410856152-1024x683.jpeg 1024w, https:\/\/www.escapadarural.com\/blog\/wp-content\/uploads\/2025\/12\/AdobeStock_410856152-1200x800.jpeg 1200w, https:\/\/www.escapadarural.com\/blog\/wp-content\/uploads\/2025\/12\/AdobeStock_410856152-1536x1024.jpeg 1536w\" sizes=\"auto, (max-width: 1024px) 100vw, 1024px\" \/><figcaption class=\"wp-element-caption\">Junta de Traslaloma, municipio al que pertenece Muga (Burgos). Por Raul<\/figcaption><\/figure>\n\n\n\n<p>Hoy <strong>Muga <\/strong>apenas es una sombra de lo que fue. Es un <a href=\"\/blog\/tag\/pueblos-abandonados\/\">pueblo abandonado<\/a> de Las Merindades que est\u00e1 siendo <a href=\"\/blog\/casas-rurales-con-hiedra\/\">devorado por la naturaleza<\/a> desde que sus \u00faltimos habitantes marcharon en 1932. No fue por el \u00e9xodo rural, por buscar una vida mejor en la ciudad: el lugar se vaci\u00f3 por un <strong>horrible crimen ocurrido en 1927<\/strong>. Un d\u00eda de calor de julio, un hombre asesin\u00f3 a sus hijas peque\u00f1as con un hacha en el portal de su casa. Sigui\u00f3 con su suegra, con otro hijo que era a\u00fan un beb\u00e9 y, al no encontrar a su pareja y a su suegro para hacerles lo mismo, acab\u00f3 suicid\u00e1ndose.<\/p>\n\n\n\n<p>La locura de ese hombre estigmatiz\u00f3 Muga para siempre y lo acab\u00f3 vaciando de personas. Tanto, que <strong>en la actualidad lo evitan hasta los labriegos<\/strong> y los curiosos. Sin embargo, lo \u00abbueno\u00bb de este pueblo es que, al no tener ya habitantes, cualquier amante del turismo negro lo puede visitar sin miedo a molestar a nadie.<\/p>\n\n\n\n<div class=\"wp-block-buttons is-layout-flex wp-block-buttons-is-layout-flex\">\n<div class=\"wp-block-button\"><a class=\"wp-block-button__link wp-element-button\" href=\"\/casas-rurales\/las-merindades\">Alojamientos rurales en Las Merindades<\/a><\/div>\n<\/div>\n\n\n\n<h2 class=\"wp-block-heading\" id=\"h-pueblos-marcados-por-el-horror-de-la-guerra-civil\"><strong>Pueblos marcados por el horror de la Guerra Civil<\/strong><strong><\/strong><\/h2>\n\n\n\n<figure class=\"wp-block-image size-full\"><img loading=\"lazy\" decoding=\"async\" width=\"1200\" height=\"800\" src=\"https:\/\/www.escapadarural.com\/blog\/wp-content\/uploads\/2025\/09\/Ares-del-Maestrat.webp\" alt=\"Ares del Maestrat -Castell\u00f3n\" class=\"wp-image-208223\" srcset=\"https:\/\/www.escapadarural.com\/blog\/wp-content\/uploads\/2025\/09\/Ares-del-Maestrat-200x133.webp 200w, https:\/\/www.escapadarural.com\/blog\/wp-content\/uploads\/2025\/09\/Ares-del-Maestrat-300x200.webp 300w, https:\/\/www.escapadarural.com\/blog\/wp-content\/uploads\/2025\/09\/Ares-del-Maestrat-400x267.webp 400w, https:\/\/www.escapadarural.com\/blog\/wp-content\/uploads\/2025\/09\/Ares-del-Maestrat-600x400.webp 600w, https:\/\/www.escapadarural.com\/blog\/wp-content\/uploads\/2025\/09\/Ares-del-Maestrat-768x512.webp 768w, https:\/\/www.escapadarural.com\/blog\/wp-content\/uploads\/2025\/09\/Ares-del-Maestrat-800x533.webp 800w, https:\/\/www.escapadarural.com\/blog\/wp-content\/uploads\/2025\/09\/Ares-del-Maestrat-1024x683.webp 1024w, https:\/\/www.escapadarural.com\/blog\/wp-content\/uploads\/2025\/09\/Ares-del-Maestrat.webp 1200w\" sizes=\"auto, (max-width: 1200px) 100vw, 1200px\" \/><figcaption class=\"wp-element-caption\">Ares del Maestrat (Castell\u00f3n). Por: SerFF79<\/figcaption><\/figure>\n\n\n\n<p>No todos los pueblos que han estado marcados por la tragedia est\u00e1n relacionados con causas personales. Son muchos los que han sufrido <strong>episodios dram\u00e1ticos durante la <a href=\"\/blog\/pueblos-reconstruidos-despues-de-la-guerra-civil\/\">Guerra Civil<\/a><\/strong>. Hay tantos que no ser\u00eda aventurado decir que todas las zonas rurales sin excepci\u00f3n aguardan tristes historias \u2014conocidas o no\u2014&nbsp;de aquellos a\u00f1os de odio y enfrentamientos. En este caso, visitarlos y descubrir sus historias ayuda a ser conscientes de lo que pas\u00f3 y no deber\u00eda volver a ocurrir.<\/p>\n\n\n\n<p>Vamos a destacar unos pocos. Empezamos en cuatro pueblecitos de Castell\u00f3n: <a href=\"\/casas-rurales\/albocasser\">Alboc\u00e0sser<\/a>, <a href=\"\/casas-rurales\/benassal\">Benassal<\/a>, <a href=\"\/casas-rurales\/ares-del-maestre\">Ares del Maestrat<\/a> y <a href=\"\/casas-rurales\/vilar-de-canes\">Vilar de Canes<\/a>. Sobre ellos, aviones de la Legi\u00f3n C\u00f3ndor que envi\u00f3 Hitler para ayudar a las tropas de Franco lanzaron hasta <strong>36 bombas que mataron a m\u00e1s de 40 personas<\/strong> en mayo de 1938. Estaban a m\u00e1s de 60 kil\u00f3metros del frente. Entonces \u00bfpor qu\u00e9 atacaron en este punto? Porque lo usaron como campo de pruebas de nuevas t\u00e9cnicas y nuevas armas, como explica el documental <em>Experimento Stuka<\/em>.<\/p>\n\n\n\n<figure class=\"wp-block-image size-full\"><img loading=\"lazy\" decoding=\"async\" width=\"1024\" height=\"683\" src=\"https:\/\/www.escapadarural.com\/blog\/wp-content\/uploads\/2024\/12\/adobestock_123140655_WP_01-1.webp\" alt=\"Guernica (Vizcaya). Por tichr\" class=\"wp-image-185428\" srcset=\"https:\/\/www.escapadarural.com\/blog\/wp-content\/uploads\/2024\/12\/adobestock_123140655_WP_01-1-200x133.webp 200w, https:\/\/www.escapadarural.com\/blog\/wp-content\/uploads\/2024\/12\/adobestock_123140655_WP_01-1-300x200.webp 300w, https:\/\/www.escapadarural.com\/blog\/wp-content\/uploads\/2024\/12\/adobestock_123140655_WP_01-1-400x267.webp 400w, https:\/\/www.escapadarural.com\/blog\/wp-content\/uploads\/2024\/12\/adobestock_123140655_WP_01-1-600x400.webp 600w, https:\/\/www.escapadarural.com\/blog\/wp-content\/uploads\/2024\/12\/adobestock_123140655_WP_01-1-768x512.webp 768w, https:\/\/www.escapadarural.com\/blog\/wp-content\/uploads\/2024\/12\/adobestock_123140655_WP_01-1-800x534.webp 800w, https:\/\/www.escapadarural.com\/blog\/wp-content\/uploads\/2024\/12\/adobestock_123140655_WP_01-1.webp 1024w\" sizes=\"auto, (max-width: 1024px) 100vw, 1024px\" \/><figcaption class=\"wp-element-caption\">Guernica (Vizcaya). Por tichr<\/figcaption><\/figure>\n\n\n\n<p>Este hecho nos lleva a pensar directamente en <strong>Gernika (<a href=\"\/casas-rurales\/vizcaya\">Vizcaya<\/a>)<\/strong>, el municipio vasco que sufri\u00f3 otro ataque fascista y cuyo horror visibiliz\u00f3 e internacionaliz\u00f3 Pablo Picasso en su famoso cuadro. Hoy, su Museo por la Paz es una visita imprescindible para conocer todos los detalles sobre el bombardeo. Aunque el cuadro del pintor malague\u00f1o est\u00e1 en Madrid, se puede ver una r\u00e9plica a tama\u00f1o real en azulejos en la misma calle que la Casa de Juntas de Gernika.<\/p>\n\n\n\n<figure class=\"wp-block-image size-full\"><img loading=\"lazy\" decoding=\"async\" width=\"1024\" height=\"684\" src=\"https:\/\/www.escapadarural.com\/blog\/wp-content\/uploads\/2020\/03\/Belchite5-1024x684-1.jpg\" alt=\"Belchite, en Zaragoza.\" class=\"wp-image-113849\" srcset=\"https:\/\/www.escapadarural.com\/blog\/wp-content\/uploads\/2020\/03\/Belchite5-1024x684-1-200x134.jpg 200w, https:\/\/www.escapadarural.com\/blog\/wp-content\/uploads\/2020\/03\/Belchite5-1024x684-1-300x200.jpg 300w, https:\/\/www.escapadarural.com\/blog\/wp-content\/uploads\/2020\/03\/Belchite5-1024x684-1-400x267.jpg 400w, https:\/\/www.escapadarural.com\/blog\/wp-content\/uploads\/2020\/03\/Belchite5-1024x684-1-600x401.jpg 600w, https:\/\/www.escapadarural.com\/blog\/wp-content\/uploads\/2020\/03\/Belchite5-1024x684-1-768x513.jpg 768w, https:\/\/www.escapadarural.com\/blog\/wp-content\/uploads\/2020\/03\/Belchite5-1024x684-1-800x534.jpg 800w, https:\/\/www.escapadarural.com\/blog\/wp-content\/uploads\/2020\/03\/Belchite5-1024x684-1.jpg 1024w\" sizes=\"auto, (max-width: 1024px) 100vw, 1024px\" \/><figcaption class=\"wp-element-caption\">Belchite, en Zaragoza. Por nito<\/figcaption><\/figure>\n\n\n\n<p>Acabamos con <strong><a href=\"\/blog\/belchite-memoria-de-los-escombros\/\">Belchite<\/a><\/strong>, en Zaragoza. Es un municipio tristemente conocido por estar construido junto al antiguo pueblo, donde se produjo uno de los combates m\u00e1s cruentos de la Guerra Civil en el verano de 1937. Acab\u00f3 con la vida de 5.000 personas y dej\u00f3 un pueblo arrasado. Hoy las ruinas son visibles y visitables, como un museo al aire libre que se ha convertido en todo un <strong>s\u00edmbolo de la cultura de la paz y de la memoria hist\u00f3rica<\/strong>.<\/p>\n\n\n\n<div class=\"wp-block-buttons is-layout-flex wp-block-buttons-is-layout-flex\">\n<div class=\"wp-block-button\"><a class=\"wp-block-button__link wp-element-button\" href=\"\/casas-rurales\/belchite\" target=\"_blank\" rel=\"noreferrer noopener\">Alojamientos rurales en Belchite<\/a><\/div>\n<\/div>\n","protected":false},"excerpt":{"rendered":"<p>Nos acercamos a algunos cr\u00edmenes que han estigmatizado pueblos de Espa\u00f1a y atraen a curiosos del \u00abturismo negro\u00bb<\/p>\n","protected":false},"author":123,"featured_media":114437,"comment_status":"open","ping_status":"open","sticky":false,"template":"","format":"standard","meta":{"_acf_changed":false,"om_disable_all_campaigns":false,"footnotes":""},"categories":[191,1379],"tags":[2197,6660,539,439,331,6394,2509,215,196,6733,5590,6673,6734,6703,5731,6704],"class_list":["post-211678","post","type-post","status-publish","format-standard","has-post-thumbnail","hentry","category-destinos","category-rutas-y-excursiones","tag-amigos","tag-audio","tag-que-ver-en-badajoz","tag-que-ver-en-burgos","tag-espana","tag-grupos","tag-guerra-civil","tag-listado","tag-que-ver-en-lleida","tag-muga","tag-pareja","tag-podcast","tag-puerto-hurraco","tag-tanatoturismo","tag-tor","tag-turismo-negro"],"acf":[],"featured_image_src":"https:\/\/www.escapadarural.com\/blog\/wp-content\/uploads\/2014\/07\/Belchite1-1024x686-1.jpg","author_info":{"display_name":"Raquel Andr\u00e9s","author_link":"https:\/\/www.escapadarural.com\/blog\/autor\/raquel\/"},"yoast_head":"<!-- This site is optimized with the Yoast SEO plugin v27.5 - https:\/\/yoast.com\/product\/yoast-seo-wordpress\/ -->\n<title>Tanatoturismo rural: pueblos con tragedias - EscapadaRural<\/title>\n<meta name=\"description\" content=\"Nos acercamos a algunos cr\u00edmenes que han estigmatizado pueblos de Espa\u00f1a y atraen a curiosos del &quot;turismo negro&quot;\" \/>\n<meta name=\"robots\" content=\"index, follow, max-snippet:-1, max-image-preview:large, max-video-preview:-1\" \/>\n<link rel=\"canonical\" href=\"https:\/\/www.escapadarural.com\/blog\/pueblos-marcados-por-la-tragedia\/\" \/>\n<meta property=\"og:locale\" content=\"es_ES\" \/>\n<meta property=\"og:type\" content=\"article\" \/>\n<meta property=\"og:title\" content=\"Tanatoturismo rural: pueblos con tragedias - EscapadaRural\" \/>\n<meta property=\"og:description\" content=\"Nos acercamos a algunos cr\u00edmenes que han estigmatizado pueblos de Espa\u00f1a y atraen a curiosos del &quot;turismo negro&quot;\" \/>\n<meta property=\"og:url\" content=\"https:\/\/www.escapadarural.com\/blog\/pueblos-marcados-por-la-tragedia\/\" \/>\n<meta property=\"og:site_name\" content=\"Magazine de viajes de EscapadaRural\" \/>\n<meta property=\"article:publisher\" content=\"https:\/\/www.facebook.com\/escapadarural\" \/>\n<meta property=\"article:published_time\" content=\"2026-01-14T08:31:03+00:00\" \/>\n<meta property=\"article:modified_time\" content=\"2026-03-13T13:51:04+00:00\" \/>\n<meta property=\"og:image\" content=\"https:\/\/www.escapadarural.com\/blog\/wp-content\/uploads\/2014\/07\/Belchite1-1024x686-1.jpg?v=1773409864\" \/>\n\t<meta property=\"og:image:width\" content=\"1024\" \/>\n\t<meta property=\"og:image:height\" content=\"686\" \/>\n\t<meta property=\"og:image:type\" content=\"image\/jpeg\" \/>\n<meta name=\"author\" content=\"Raquel Andr\u00e9s\" \/>\n<meta name=\"twitter:card\" content=\"summary_large_image\" \/>\n<meta name=\"twitter:label1\" content=\"Escrito por\" \/>\n\t<meta name=\"twitter:data1\" content=\"Raquel Andr\u00e9s\" \/>\n\t<meta name=\"twitter:label2\" content=\"Tiempo de lectura\" \/>\n\t<meta name=\"twitter:data2\" content=\"6 minutos\" \/>\n<script type=\"application\/ld+json\" class=\"yoast-schema-graph\">{\"@context\":\"https:\\\/\\\/schema.org\",\"@graph\":[{\"@type\":\"Article\",\"@id\":\"https:\\\/\\\/www.escapadarural.com\\\/blog\\\/pueblos-marcados-por-la-tragedia\\\/#article\",\"isPartOf\":{\"@id\":\"https:\\\/\\\/www.escapadarural.com\\\/blog\\\/pueblos-marcados-por-la-tragedia\\\/\"},\"author\":{\"name\":\"Raquel Andr\u00e9s\",\"@id\":\"https:\\\/\\\/www.escapadarural.com\\\/blog\\\/#\\\/schema\\\/person\\\/67be061eb00d8315fa8642e01b88c894\"},\"headline\":\"Entre el morbo y el estigma: pueblos marcados por la tragedia\",\"datePublished\":\"2026-01-14T08:31:03+00:00\",\"dateModified\":\"2026-03-13T13:51:04+00:00\",\"mainEntityOfPage\":{\"@id\":\"https:\\\/\\\/www.escapadarural.com\\\/blog\\\/pueblos-marcados-por-la-tragedia\\\/\"},\"wordCount\":1117,\"commentCount\":0,\"publisher\":{\"@id\":\"https:\\\/\\\/www.escapadarural.com\\\/blog\\\/#organization\"},\"image\":{\"@id\":\"https:\\\/\\\/www.escapadarural.com\\\/blog\\\/pueblos-marcados-por-la-tragedia\\\/#primaryimage\"},\"thumbnailUrl\":\"https:\\\/\\\/www.escapadarural.com\\\/blog\\\/wp-content\\\/uploads\\\/2014\\\/07\\\/Belchite1-1024x686-1.jpg\",\"keywords\":[\"amigos\",\"Audio\",\"Badajoz\",\"Burgos\",\"Espa\u00f1a\",\"Grupos\",\"Guerra Civil\",\"Listado\",\"Lleida\",\"Muga\",\"Pareja\",\"Podcast\",\"Puerto Hurraco\",\"tanatoturismo\",\"Tor\",\"turismo negro\"],\"articleSection\":[\"Destinos\",\"Rutas y excursiones\"],\"inLanguage\":\"es\",\"potentialAction\":[{\"@type\":\"CommentAction\",\"name\":\"Comment\",\"target\":[\"https:\\\/\\\/www.escapadarural.com\\\/blog\\\/pueblos-marcados-por-la-tragedia\\\/#respond\"]}]},{\"@type\":\"WebPage\",\"@id\":\"https:\\\/\\\/www.escapadarural.com\\\/blog\\\/pueblos-marcados-por-la-tragedia\\\/\",\"url\":\"https:\\\/\\\/www.escapadarural.com\\\/blog\\\/pueblos-marcados-por-la-tragedia\\\/\",\"name\":\"Tanatoturismo rural: pueblos con tragedias - EscapadaRural\",\"isPartOf\":{\"@id\":\"https:\\\/\\\/www.escapadarural.com\\\/blog\\\/#website\"},\"primaryImageOfPage\":{\"@id\":\"https:\\\/\\\/www.escapadarural.com\\\/blog\\\/pueblos-marcados-por-la-tragedia\\\/#primaryimage\"},\"image\":{\"@id\":\"https:\\\/\\\/www.escapadarural.com\\\/blog\\\/pueblos-marcados-por-la-tragedia\\\/#primaryimage\"},\"thumbnailUrl\":\"https:\\\/\\\/www.escapadarural.com\\\/blog\\\/wp-content\\\/uploads\\\/2014\\\/07\\\/Belchite1-1024x686-1.jpg\",\"datePublished\":\"2026-01-14T08:31:03+00:00\",\"dateModified\":\"2026-03-13T13:51:04+00:00\",\"description\":\"Nos acercamos a algunos cr\u00edmenes que han estigmatizado pueblos de Espa\u00f1a y atraen a curiosos del \\\"turismo negro\\\"\",\"breadcrumb\":{\"@id\":\"https:\\\/\\\/www.escapadarural.com\\\/blog\\\/pueblos-marcados-por-la-tragedia\\\/#breadcrumb\"},\"inLanguage\":\"es\",\"potentialAction\":[{\"@type\":\"ReadAction\",\"target\":[\"https:\\\/\\\/www.escapadarural.com\\\/blog\\\/pueblos-marcados-por-la-tragedia\\\/\"]}]},{\"@type\":\"ImageObject\",\"inLanguage\":\"es\",\"@id\":\"https:\\\/\\\/www.escapadarural.com\\\/blog\\\/pueblos-marcados-por-la-tragedia\\\/#primaryimage\",\"url\":\"https:\\\/\\\/www.escapadarural.com\\\/blog\\\/wp-content\\\/uploads\\\/2014\\\/07\\\/Belchite1-1024x686-1.jpg\",\"contentUrl\":\"https:\\\/\\\/www.escapadarural.com\\\/blog\\\/wp-content\\\/uploads\\\/2014\\\/07\\\/Belchite1-1024x686-1.jpg\",\"width\":1024,\"height\":686,\"caption\":\"Belchite, en Zaragoza. Por danileon\"},{\"@type\":\"BreadcrumbList\",\"@id\":\"https:\\\/\\\/www.escapadarural.com\\\/blog\\\/pueblos-marcados-por-la-tragedia\\\/#breadcrumb\",\"itemListElement\":[{\"@type\":\"ListItem\",\"position\":1,\"name\":\"Inicio\",\"item\":\"https:\\\/\\\/www.escapadarural.com\\\/blog\\\/\"},{\"@type\":\"ListItem\",\"position\":2,\"name\":\"Rutas y excursiones\",\"item\":\"https:\\\/\\\/www.escapadarural.com\\\/blog\\\/categoria\\\/rutas-y-excursiones\\\/\"},{\"@type\":\"ListItem\",\"position\":3,\"name\":\"Entre el morbo y el estigma: pueblos marcados por la tragedia\"}]},{\"@type\":\"WebSite\",\"@id\":\"https:\\\/\\\/www.escapadarural.com\\\/blog\\\/#website\",\"url\":\"https:\\\/\\\/www.escapadarural.com\\\/blog\\\/\",\"name\":\"Blog de viajes | turismo rural, alojamientos e inspiraci\u00f3n\",\"description\":\"Alojamientos rurales e inspiraci\u00f3n para tus escapadas\",\"publisher\":{\"@id\":\"https:\\\/\\\/www.escapadarural.com\\\/blog\\\/#organization\"},\"alternateName\":\"Magazine de viajes de EscapadaRural\",\"potentialAction\":[{\"@type\":\"SearchAction\",\"target\":{\"@type\":\"EntryPoint\",\"urlTemplate\":\"https:\\\/\\\/www.escapadarural.com\\\/blog\\\/?s={search_term_string}\"},\"query-input\":{\"@type\":\"PropertyValueSpecification\",\"valueRequired\":true,\"valueName\":\"search_term_string\"}}],\"inLanguage\":\"es\"},{\"@type\":\"Organization\",\"@id\":\"https:\\\/\\\/www.escapadarural.com\\\/blog\\\/#organization\",\"name\":\"EscapadaRural\",\"url\":\"https:\\\/\\\/www.escapadarural.com\\\/blog\\\/\",\"logo\":{\"@type\":\"ImageObject\",\"inLanguage\":\"es\",\"@id\":\"https:\\\/\\\/www.escapadarural.com\\\/blog\\\/#\\\/schema\\\/logo\\\/image\\\/\",\"url\":\"https:\\\/\\\/www.escapadarural.com\\\/blog\\\/wp-content\\\/uploads\\\/2024\\\/10\\\/cropped-cropped-escapada-rural-icon-mag-3.png\",\"contentUrl\":\"https:\\\/\\\/www.escapadarural.com\\\/blog\\\/wp-content\\\/uploads\\\/2024\\\/10\\\/cropped-cropped-escapada-rural-icon-mag-3.png\",\"width\":512,\"height\":512,\"caption\":\"EscapadaRural\"},\"image\":{\"@id\":\"https:\\\/\\\/www.escapadarural.com\\\/blog\\\/#\\\/schema\\\/logo\\\/image\\\/\"},\"sameAs\":[\"https:\\\/\\\/www.facebook.com\\\/escapadarural\",\"https:\\\/\\\/www.instagram.com\\\/escapadarural\\\/\",\"https:\\\/\\\/www.youtube.com\\\/@escapadaruralcom\"]},{\"@type\":\"Person\",\"@id\":\"https:\\\/\\\/www.escapadarural.com\\\/blog\\\/#\\\/schema\\\/person\\\/67be061eb00d8315fa8642e01b88c894\",\"name\":\"Raquel Andr\u00e9s\",\"image\":{\"@type\":\"ImageObject\",\"inLanguage\":\"es\",\"@id\":\"https:\\\/\\\/secure.gravatar.com\\\/avatar\\\/b45840531462f3cafb335a9fc5c0bfda2c07c3df4b82b304b923526b85cc6cb5?s=96&d=mm&r=g\",\"url\":\"https:\\\/\\\/secure.gravatar.com\\\/avatar\\\/b45840531462f3cafb335a9fc5c0bfda2c07c3df4b82b304b923526b85cc6cb5?s=96&d=mm&r=g\",\"contentUrl\":\"https:\\\/\\\/secure.gravatar.com\\\/avatar\\\/b45840531462f3cafb335a9fc5c0bfda2c07c3df4b82b304b923526b85cc6cb5?s=96&d=mm&r=g\",\"caption\":\"Raquel Andr\u00e9s\"},\"description\":\"Periodista y aventurera. Me has podido leer en Escapada Rural, Diari Nosaltres La Veu, La Vanguardia, El Salto y otros medios. Habitante y amante de las zonas rurales, sea cual sea el destino. Procuro escaparme una vez por semana con las botas de monta\u00f1a, el arn\u00e9s o el neopreno. Tambi\u00e9n soy un intento de baserritarra.\",\"url\":\"https:\\\/\\\/www.escapadarural.com\\\/blog\\\/autor\\\/raquel\\\/\"}]}<\/script>\n<!-- \/ Yoast SEO plugin. -->","yoast_head_json":{"title":"Tanatoturismo rural: pueblos con tragedias - EscapadaRural","description":"Nos acercamos a algunos cr\u00edmenes que han estigmatizado pueblos de Espa\u00f1a y atraen a curiosos del \"turismo negro\"","robots":{"index":"index","follow":"follow","max-snippet":"max-snippet:-1","max-image-preview":"max-image-preview:large","max-video-preview":"max-video-preview:-1"},"canonical":"https:\/\/www.escapadarural.com\/blog\/pueblos-marcados-por-la-tragedia\/","og_locale":"es_ES","og_type":"article","og_title":"Tanatoturismo rural: pueblos con tragedias - EscapadaRural","og_description":"Nos acercamos a algunos cr\u00edmenes que han estigmatizado pueblos de Espa\u00f1a y atraen a curiosos del \"turismo negro\"","og_url":"https:\/\/www.escapadarural.com\/blog\/pueblos-marcados-por-la-tragedia\/","og_site_name":"Magazine de viajes de EscapadaRural","article_publisher":"https:\/\/www.facebook.com\/escapadarural","article_published_time":"2026-01-14T08:31:03+00:00","article_modified_time":"2026-03-13T13:51:04+00:00","og_image":[{"width":1024,"height":686,"url":"https:\/\/www.escapadarural.com\/blog\/wp-content\/uploads\/2014\/07\/Belchite1-1024x686-1.jpg?v=1773409864","type":"image\/jpeg"}],"author":"Raquel Andr\u00e9s","twitter_card":"summary_large_image","twitter_misc":{"Escrito por":"Raquel Andr\u00e9s","Tiempo de lectura":"6 minutos"},"schema":{"@context":"https:\/\/schema.org","@graph":[{"@type":"Article","@id":"https:\/\/www.escapadarural.com\/blog\/pueblos-marcados-por-la-tragedia\/#article","isPartOf":{"@id":"https:\/\/www.escapadarural.com\/blog\/pueblos-marcados-por-la-tragedia\/"},"author":{"name":"Raquel Andr\u00e9s","@id":"https:\/\/www.escapadarural.com\/blog\/#\/schema\/person\/67be061eb00d8315fa8642e01b88c894"},"headline":"Entre el morbo y el estigma: pueblos marcados por la tragedia","datePublished":"2026-01-14T08:31:03+00:00","dateModified":"2026-03-13T13:51:04+00:00","mainEntityOfPage":{"@id":"https:\/\/www.escapadarural.com\/blog\/pueblos-marcados-por-la-tragedia\/"},"wordCount":1117,"commentCount":0,"publisher":{"@id":"https:\/\/www.escapadarural.com\/blog\/#organization"},"image":{"@id":"https:\/\/www.escapadarural.com\/blog\/pueblos-marcados-por-la-tragedia\/#primaryimage"},"thumbnailUrl":"https:\/\/www.escapadarural.com\/blog\/wp-content\/uploads\/2014\/07\/Belchite1-1024x686-1.jpg","keywords":["amigos","Audio","Badajoz","Burgos","Espa\u00f1a","Grupos","Guerra Civil","Listado","Lleida","Muga","Pareja","Podcast","Puerto Hurraco","tanatoturismo","Tor","turismo negro"],"articleSection":["Destinos","Rutas y excursiones"],"inLanguage":"es","potentialAction":[{"@type":"CommentAction","name":"Comment","target":["https:\/\/www.escapadarural.com\/blog\/pueblos-marcados-por-la-tragedia\/#respond"]}]},{"@type":"WebPage","@id":"https:\/\/www.escapadarural.com\/blog\/pueblos-marcados-por-la-tragedia\/","url":"https:\/\/www.escapadarural.com\/blog\/pueblos-marcados-por-la-tragedia\/","name":"Tanatoturismo rural: pueblos con tragedias - EscapadaRural","isPartOf":{"@id":"https:\/\/www.escapadarural.com\/blog\/#website"},"primaryImageOfPage":{"@id":"https:\/\/www.escapadarural.com\/blog\/pueblos-marcados-por-la-tragedia\/#primaryimage"},"image":{"@id":"https:\/\/www.escapadarural.com\/blog\/pueblos-marcados-por-la-tragedia\/#primaryimage"},"thumbnailUrl":"https:\/\/www.escapadarural.com\/blog\/wp-content\/uploads\/2014\/07\/Belchite1-1024x686-1.jpg","datePublished":"2026-01-14T08:31:03+00:00","dateModified":"2026-03-13T13:51:04+00:00","description":"Nos acercamos a algunos cr\u00edmenes que han estigmatizado pueblos de Espa\u00f1a y atraen a curiosos del \"turismo negro\"","breadcrumb":{"@id":"https:\/\/www.escapadarural.com\/blog\/pueblos-marcados-por-la-tragedia\/#breadcrumb"},"inLanguage":"es","potentialAction":[{"@type":"ReadAction","target":["https:\/\/www.escapadarural.com\/blog\/pueblos-marcados-por-la-tragedia\/"]}]},{"@type":"ImageObject","inLanguage":"es","@id":"https:\/\/www.escapadarural.com\/blog\/pueblos-marcados-por-la-tragedia\/#primaryimage","url":"https:\/\/www.escapadarural.com\/blog\/wp-content\/uploads\/2014\/07\/Belchite1-1024x686-1.jpg","contentUrl":"https:\/\/www.escapadarural.com\/blog\/wp-content\/uploads\/2014\/07\/Belchite1-1024x686-1.jpg","width":1024,"height":686,"caption":"Belchite, en Zaragoza. Por danileon"},{"@type":"BreadcrumbList","@id":"https:\/\/www.escapadarural.com\/blog\/pueblos-marcados-por-la-tragedia\/#breadcrumb","itemListElement":[{"@type":"ListItem","position":1,"name":"Inicio","item":"https:\/\/www.escapadarural.com\/blog\/"},{"@type":"ListItem","position":2,"name":"Rutas y excursiones","item":"https:\/\/www.escapadarural.com\/blog\/categoria\/rutas-y-excursiones\/"},{"@type":"ListItem","position":3,"name":"Entre el morbo y el estigma: pueblos marcados por la tragedia"}]},{"@type":"WebSite","@id":"https:\/\/www.escapadarural.com\/blog\/#website","url":"https:\/\/www.escapadarural.com\/blog\/","name":"Blog de viajes | turismo rural, alojamientos e inspiraci\u00f3n","description":"Alojamientos rurales e inspiraci\u00f3n para tus escapadas","publisher":{"@id":"https:\/\/www.escapadarural.com\/blog\/#organization"},"alternateName":"Magazine de viajes de EscapadaRural","potentialAction":[{"@type":"SearchAction","target":{"@type":"EntryPoint","urlTemplate":"https:\/\/www.escapadarural.com\/blog\/?s={search_term_string}"},"query-input":{"@type":"PropertyValueSpecification","valueRequired":true,"valueName":"search_term_string"}}],"inLanguage":"es"},{"@type":"Organization","@id":"https:\/\/www.escapadarural.com\/blog\/#organization","name":"EscapadaRural","url":"https:\/\/www.escapadarural.com\/blog\/","logo":{"@type":"ImageObject","inLanguage":"es","@id":"https:\/\/www.escapadarural.com\/blog\/#\/schema\/logo\/image\/","url":"https:\/\/www.escapadarural.com\/blog\/wp-content\/uploads\/2024\/10\/cropped-cropped-escapada-rural-icon-mag-3.png","contentUrl":"https:\/\/www.escapadarural.com\/blog\/wp-content\/uploads\/2024\/10\/cropped-cropped-escapada-rural-icon-mag-3.png","width":512,"height":512,"caption":"EscapadaRural"},"image":{"@id":"https:\/\/www.escapadarural.com\/blog\/#\/schema\/logo\/image\/"},"sameAs":["https:\/\/www.facebook.com\/escapadarural","https:\/\/www.instagram.com\/escapadarural\/","https:\/\/www.youtube.com\/@escapadaruralcom"]},{"@type":"Person","@id":"https:\/\/www.escapadarural.com\/blog\/#\/schema\/person\/67be061eb00d8315fa8642e01b88c894","name":"Raquel Andr\u00e9s","image":{"@type":"ImageObject","inLanguage":"es","@id":"https:\/\/secure.gravatar.com\/avatar\/b45840531462f3cafb335a9fc5c0bfda2c07c3df4b82b304b923526b85cc6cb5?s=96&d=mm&r=g","url":"https:\/\/secure.gravatar.com\/avatar\/b45840531462f3cafb335a9fc5c0bfda2c07c3df4b82b304b923526b85cc6cb5?s=96&d=mm&r=g","contentUrl":"https:\/\/secure.gravatar.com\/avatar\/b45840531462f3cafb335a9fc5c0bfda2c07c3df4b82b304b923526b85cc6cb5?s=96&d=mm&r=g","caption":"Raquel Andr\u00e9s"},"description":"Periodista y aventurera. Me has podido leer en Escapada Rural, Diari Nosaltres La Veu, La Vanguardia, El Salto y otros medios. Habitante y amante de las zonas rurales, sea cual sea el destino. Procuro escaparme una vez por semana con las botas de monta\u00f1a, el arn\u00e9s o el neopreno. Tambi\u00e9n soy un intento de baserritarra.","url":"https:\/\/www.escapadarural.com\/blog\/autor\/raquel\/"}]}},"_links":{"self":[{"href":"https:\/\/www.escapadarural.com\/blog\/wp-json\/wp\/v2\/posts\/211678","targetHints":{"allow":["GET"]}}],"collection":[{"href":"https:\/\/www.escapadarural.com\/blog\/wp-json\/wp\/v2\/posts"}],"about":[{"href":"https:\/\/www.escapadarural.com\/blog\/wp-json\/wp\/v2\/types\/post"}],"author":[{"embeddable":true,"href":"https:\/\/www.escapadarural.com\/blog\/wp-json\/wp\/v2\/users\/123"}],"replies":[{"embeddable":true,"href":"https:\/\/www.escapadarural.com\/blog\/wp-json\/wp\/v2\/comments?post=211678"}],"version-history":[{"count":0,"href":"https:\/\/www.escapadarural.com\/blog\/wp-json\/wp\/v2\/posts\/211678\/revisions"}],"wp:featuredmedia":[{"embeddable":true,"href":"https:\/\/www.escapadarural.com\/blog\/wp-json\/wp\/v2\/media\/114437"}],"wp:attachment":[{"href":"https:\/\/www.escapadarural.com\/blog\/wp-json\/wp\/v2\/media?parent=211678"}],"wp:term":[{"taxonomy":"category","embeddable":true,"href":"https:\/\/www.escapadarural.com\/blog\/wp-json\/wp\/v2\/categories?post=211678"},{"taxonomy":"post_tag","embeddable":true,"href":"https:\/\/www.escapadarural.com\/blog\/wp-json\/wp\/v2\/tags?post=211678"}],"curies":[{"name":"wp","href":"https:\/\/api.w.org\/{rel}","templated":true}]}}