{"id":211797,"date":"2026-01-29T13:03:49","date_gmt":"2026-01-29T12:03:49","guid":{"rendered":"https:\/\/www.escapadarural.com\/blog\/?p=211797"},"modified":"2026-03-18T15:17:10","modified_gmt":"2026-03-18T14:17:10","slug":"pueblos-socarrat-ceramica-medieval-valencia","status":"publish","type":"post","link":"https:\/\/www.escapadarural.com\/blog\/pueblos-socarrat-ceramica-medieval-valencia\/","title":{"rendered":"Los pueblos del \u2018socarrat\u2019, la cer\u00e1mica \u201cchamuscada\u201d de las casas valencianas"},"content":{"rendered":"\n<p>Quien ha comido una paella valenciana aut\u00e9ntica, habr\u00e1 escuchado la palabra <strong><em>socarrat<\/em><\/strong>. S\u00ed, esa base que se queda pegada al recipiente, sin llegar a estar quemada, y que tiene ese sabor tan especial. La traducci\u00f3n al castellano vendr\u00eda a ser \u201cchamuscado\u201d y es el mismo nombre que recibe un <strong>arte de origen medieval emblem\u00e1tico de la <a href=\"\/casas-rurales\/comunidad-valenciana\">Comunidad Valenciana<\/a><\/strong>. Se puede ver en diferentes casas y edificios, con representaciones muy variadas, y hoy todav\u00eda existen artesanos que los elaboran con t\u00e9cnicas tradicionales.<\/p>\n\n\n\n<div class=\"wp-block-buttons is-layout-flex wp-block-buttons-is-layout-flex\">\n<div class=\"wp-block-button\"><a class=\"wp-block-button__link wp-element-button\" href=\"\/casas-rurales\/paterna\">Alojamientos rurales en Paterna<\/a><\/div>\n<\/div>\n\n\n\n<h2 class=\"wp-block-heading\" id=\"h-una-ceramica-nbsp-de-origen-nbsp-medieval-nbsp-de-la-nobleza-media\"><strong>Una cer\u00e1mica<\/strong><strong>\u00a0<\/strong><strong>medieval<\/strong><strong>\u00a0de la nobleza<\/strong> media y la burgues\u00eda<\/h2>\n\n\n\n<p>El <em>socarrat<\/em> no es un cuadro al uso. Son grandes losas de <strong>barro cocido y sin vidriar<\/strong> que se pintan por una de sus caras. Empezaron a fabricarse y colocarse entre las vigas de los techos desde finales del siglo XIV hasta la mitad del XVI. Es decir, eran un <strong>elemento arquitect\u00f3nico cuya \u00fanica finalidad era decorar<\/strong>. Aunque como todo elemento decorativo, tiene otras funciones aparejadas como proteger las casas o transmitir antiguas leyendas.&nbsp;Lo de <em>socarrat<\/em> o \u201cchamuscado\u201d alude a que est\u00e1n simplemente <em>bizcochadas<\/em>, es decir, que se han cocido una sola vez.<\/p>\n\n\n<div class=\"wp-block-image\">\n<figure class=\"aligncenter size-large\"><img loading=\"lazy\" decoding=\"async\" width=\"768\" height=\"1024\" src=\"https:\/\/www.escapadarural.com\/blog\/wp-content\/uploads\/2025\/12\/Socarrat_de_Paterna-768x1024.jpg\" alt=\"Socarrat de Paterna. Por Jacinta Lluch Valero - Socarrat de Paterna, CC BY-SA 2.0, https:\/\/commons.wikimedia.org\/w\/index.php?curid=35342533\" class=\"wp-image-211800\" srcset=\"https:\/\/www.escapadarural.com\/blog\/wp-content\/uploads\/2025\/12\/Socarrat_de_Paterna-200x267.jpg 200w, https:\/\/www.escapadarural.com\/blog\/wp-content\/uploads\/2025\/12\/Socarrat_de_Paterna-225x300.jpg 225w, https:\/\/www.escapadarural.com\/blog\/wp-content\/uploads\/2025\/12\/Socarrat_de_Paterna-400x533.jpg 400w, https:\/\/www.escapadarural.com\/blog\/wp-content\/uploads\/2025\/12\/Socarrat_de_Paterna-600x800.jpg 600w, https:\/\/www.escapadarural.com\/blog\/wp-content\/uploads\/2025\/12\/Socarrat_de_Paterna-768x1024.jpg 768w, https:\/\/www.escapadarural.com\/blog\/wp-content\/uploads\/2025\/12\/Socarrat_de_Paterna-800x1067.jpg 800w, https:\/\/www.escapadarural.com\/blog\/wp-content\/uploads\/2025\/12\/Socarrat_de_Paterna-1152x1536.jpg 1152w, https:\/\/www.escapadarural.com\/blog\/wp-content\/uploads\/2025\/12\/Socarrat_de_Paterna-1200x1600.jpg 1200w, https:\/\/www.escapadarural.com\/blog\/wp-content\/uploads\/2025\/12\/Socarrat_de_Paterna-scaled.jpg 1536w\" sizes=\"auto, (max-width: 768px) 100vw, 768px\" \/><figcaption class=\"wp-element-caption\"><em>Socarrat<\/em> de Paterna. Por <a href=\"https:\/\/commons.wikimedia.org\/w\/index.php?curid=35342533\" target=\"_blank\" rel=\"noreferrer noopener nofollow\">Jacinta Lluch Valero<\/a><\/figcaption><\/figure>\n<\/div>\n\n\n<p>Quienes ten\u00edan mucho dinero en la \u00e9poca, apostaban por los artesonados de madera, que son esos techos con decoraci\u00f3n tallada de forma minuciosa. La clase burguesa enriquecida o la nobleza media, acomodados pero sin tanta riqueza, optaban por los <em>socarrats<\/em> como alternativa m\u00e1s econ\u00f3mica (aunque tampoco ser\u00edan una ganga), sencilla y llamativa para decorar sus techos. Tambi\u00e9n <strong>se colocaron en frisos, terrazas, escaleras y en otras estancias<\/strong>.<\/p>\n\n\n\n<p><strong>La iconograf\u00eda de los <em>socarrats<\/em> era variada<\/strong>, desde motivos geom\u00e9tricos hasta vegetales, zoomorfos (animales reales y fant\u00e1sticos), antropomorfos, epigr\u00e1ficos, profil\u00e1cticos, religiosos&nbsp;y her\u00e1ldicos. A menudo representan labores tradicionales&nbsp;y figuras relacionadas con el mar, debido a la importancia hist\u00f3rica del puerto de Valencia. Los dibujos se hacen con \u00f3xidos en rojo y negro, lo que da un toque muy medieval, y a mano alzada, sin ning\u00fan tipo de dibujo preparatorio.<\/p>\n\n\n\n<figure class=\"wp-block-image size-large\"><img loading=\"lazy\" decoding=\"async\" width=\"1024\" height=\"812\" src=\"https:\/\/www.escapadarural.com\/blog\/wp-content\/uploads\/2025\/12\/Socarrat_Museu_de_Belles_Arts_de_Castello-1024x812.jpg\" alt=\"Socarrat expuesto en el Museu de Belles Arts de Castell\u00f3. Por Joanbanjo - Trabajo propio, CC BY-SA 3.0, https:\/\/commons.wikimedia.org\/w\/index.php?curid=16903636\" class=\"wp-image-211801\" srcset=\"https:\/\/www.escapadarural.com\/blog\/wp-content\/uploads\/2025\/12\/Socarrat_Museu_de_Belles_Arts_de_Castello-200x159.jpg 200w, https:\/\/www.escapadarural.com\/blog\/wp-content\/uploads\/2025\/12\/Socarrat_Museu_de_Belles_Arts_de_Castello-300x238.jpg 300w, https:\/\/www.escapadarural.com\/blog\/wp-content\/uploads\/2025\/12\/Socarrat_Museu_de_Belles_Arts_de_Castello-400x317.jpg 400w, https:\/\/www.escapadarural.com\/blog\/wp-content\/uploads\/2025\/12\/Socarrat_Museu_de_Belles_Arts_de_Castello-600x476.jpg 600w, https:\/\/www.escapadarural.com\/blog\/wp-content\/uploads\/2025\/12\/Socarrat_Museu_de_Belles_Arts_de_Castello-768x609.jpg 768w, https:\/\/www.escapadarural.com\/blog\/wp-content\/uploads\/2025\/12\/Socarrat_Museu_de_Belles_Arts_de_Castello-800x635.jpg 800w, https:\/\/www.escapadarural.com\/blog\/wp-content\/uploads\/2025\/12\/Socarrat_Museu_de_Belles_Arts_de_Castello-1024x812.jpg 1024w, https:\/\/www.escapadarural.com\/blog\/wp-content\/uploads\/2025\/12\/Socarrat_Museu_de_Belles_Arts_de_Castello-1200x952.jpg 1200w, https:\/\/www.escapadarural.com\/blog\/wp-content\/uploads\/2025\/12\/Socarrat_Museu_de_Belles_Arts_de_Castello-1536x1218.jpg 1536w\" sizes=\"auto, (max-width: 1024px) 100vw, 1024px\" \/><figcaption class=\"wp-element-caption\"><em>Socarrat<\/em> expuesto en el Museu de Belles Arts de Castell\u00f3. Por <a href=\"https:\/\/commons.wikimedia.org\/w\/index.php?curid=16903636\" target=\"_blank\" rel=\"noreferrer noopener nofollow\">Joanbanjo<\/a><\/figcaption><\/figure>\n\n\n\n<h2 class=\"wp-block-heading\" id=\"h-paterna-cuna-del-socarrat\"><strong>Paterna, cuna del <em>socarrat<\/em><\/strong><\/h2>\n\n\n\n<p>Los <em>socarrats<\/em> se fabricaron casi exclusivamente en <a href=\"\/casas-rurales\/paterna\">Paterna<\/a>, aunque tambi\u00e9n hubo creaciones en otras localidades como Manises, Benaguasil o <a href=\"\/casas-rurales\/segorbe\">Segorbe<\/a>. La raz\u00f3n era sencilla: aqu\u00ed hab\u00eda gran disponibilidad de todo lo necesario para hacerlos, es decir, <strong>arcilla, agua y le\u00f1a<\/strong>. A eso habr\u00eda que a\u00f1adir la cercan\u00eda a un puerto importante como era el de Grao de Valencia, que permit\u00eda exportarlos a otros pa\u00edses mediterr\u00e1neos.<\/p>\n\n\n\n<p>El documento m\u00e1s antiguo que cita la producci\u00f3n de cer\u00e1mica en Paterna data de 1285. Poco despu\u00e9s empezar\u00edan a elaborarse los <em>socarrats<\/em> que, lejos de quedarse en una moda pasajera medieval, han llegado hasta nuestros d\u00edas. Y como ahora triunfa lo aut\u00e9ntico, lo tradicional y lo hecho a mano, todav\u00eda existen artesanos que los fabrican&nbsp;con los motivos de siempre, pero tambi\u00e9n con <strong>dise\u00f1os personalizados y m\u00e1s actuales<\/strong>.<\/p>\n\n\n\n<figure class=\"wp-block-image size-large\"><img loading=\"lazy\" decoding=\"async\" width=\"1024\" height=\"854\" src=\"https:\/\/www.escapadarural.com\/blog\/wp-content\/uploads\/2025\/12\/Spanish_-_Ceiling_Tile_with_a_Lions_Head_-_Walters_4821065-1024x854.jpg\" alt=\"Socarrat de entre 1490 y 1550, que se considera pieza original de Paterna y est\u00e1 en el Walters Art Museum. Por An\u00f3nimo (Espa\u00f1a) - Dominio p\u00fablico, https:\/\/commons.wikimedia.org\/w\/index.php?curid=18845510\" class=\"wp-image-211802\" srcset=\"https:\/\/www.escapadarural.com\/blog\/wp-content\/uploads\/2025\/12\/Spanish_-_Ceiling_Tile_with_a_Lions_Head_-_Walters_4821065-200x167.jpg 200w, https:\/\/www.escapadarural.com\/blog\/wp-content\/uploads\/2025\/12\/Spanish_-_Ceiling_Tile_with_a_Lions_Head_-_Walters_4821065-300x250.jpg 300w, https:\/\/www.escapadarural.com\/blog\/wp-content\/uploads\/2025\/12\/Spanish_-_Ceiling_Tile_with_a_Lions_Head_-_Walters_4821065-400x334.jpg 400w, https:\/\/www.escapadarural.com\/blog\/wp-content\/uploads\/2025\/12\/Spanish_-_Ceiling_Tile_with_a_Lions_Head_-_Walters_4821065-600x500.jpg 600w, https:\/\/www.escapadarural.com\/blog\/wp-content\/uploads\/2025\/12\/Spanish_-_Ceiling_Tile_with_a_Lions_Head_-_Walters_4821065-768x640.jpg 768w, https:\/\/www.escapadarural.com\/blog\/wp-content\/uploads\/2025\/12\/Spanish_-_Ceiling_Tile_with_a_Lions_Head_-_Walters_4821065-800x667.jpg 800w, https:\/\/www.escapadarural.com\/blog\/wp-content\/uploads\/2025\/12\/Spanish_-_Ceiling_Tile_with_a_Lions_Head_-_Walters_4821065-1024x854.jpg 1024w, https:\/\/www.escapadarural.com\/blog\/wp-content\/uploads\/2025\/12\/Spanish_-_Ceiling_Tile_with_a_Lions_Head_-_Walters_4821065-1200x1001.jpg 1200w, https:\/\/www.escapadarural.com\/blog\/wp-content\/uploads\/2025\/12\/Spanish_-_Ceiling_Tile_with_a_Lions_Head_-_Walters_4821065-1536x1281.jpg 1536w, https:\/\/www.escapadarural.com\/blog\/wp-content\/uploads\/2025\/12\/Spanish_-_Ceiling_Tile_with_a_Lions_Head_-_Walters_4821065.jpg 1799w\" sizes=\"auto, (max-width: 1024px) 100vw, 1024px\" \/><figcaption class=\"wp-element-caption\"><em>Socarrat<\/em> de entre 1490 y 1550, que se considera pieza original de Paterna y est\u00e1 en el Walters Art Museum. Por An\u00f3nimo (Espa\u00f1a) &#8211; <a href=\"https:\/\/commons.wikimedia.org\/w\/index.php?curid=18845510\" target=\"_blank\" rel=\"noreferrer noopener nofollow\">Dominio p\u00fablico<\/a><\/figcaption><\/figure>\n\n\n\n<h2 class=\"wp-block-heading\" id=\"h-donde-ver-y-hacer-socarrats\"><strong>D\u00f3nde ver (\u00a1y hacer!) <em>socarrats<\/em><\/strong><\/h2>\n\n\n\n<p>Un <em>socarrat<\/em> te lo puedes encontrar en la Comunidad Valenciana donde menos te lo esperas. En la casa del pueblo de un amigo o incluso en la c\u00e9lebre fachada de un edificio de finales del siglo XX en la calle Islas Canarias, en plena ciudad de Valencia.\u00a0Ahora bien, si hay un pueblo que es cuna del <em>socarrat<\/em>, ese es <a href=\"\/blog\/primer-vuelo-a-motor-en-espana\/\">Paterna<\/a>. Reflejo de la importancia de este arte medieval son los monolitos de las rotondas que marcan las entradas a zonas del municipio con <em>socarrats<\/em>, como se ve, por ejemplo, en el barrio de La Coma.\u00a0Si queremos ver algunos ejemplares originarios de la Edad Media, podemos acercarnos al <strong>Museo Municipal de Cer\u00e1mica de Paterna<\/strong>, con <em>socarrats<\/em> del siglo XV. Abre los martes y jueves de 10h a 13.30h, los s\u00e1bados de 10h a 14h y de 17h a 20h, y los domingos de 10h a 14h. La entrada es gratuita.<\/p>\n\n\n\n<p>Otra localidad cercana donde este elemento decorativo de origen medieval ha dejado una fuerte impronta es <strong>Manises<\/strong>, que est\u00e1 declarada Ciudad Creativa de la UNESCO en la modalidad de Artesan\u00eda y Artes Populares. El <strong>Museu de Cer\u00e0mica de Manises<\/strong>&nbsp;alberga una interesante exposici\u00f3n de <em>socarrats<\/em>&nbsp;y abre de martes a s\u00e1bados de 10h a 13h y de 16h a 19h.<\/p>\n\n\n\n<figure class=\"wp-block-image size-large\"><img loading=\"lazy\" decoding=\"async\" width=\"1024\" height=\"683\" src=\"https:\/\/www.escapadarural.com\/blog\/wp-content\/uploads\/2025\/12\/AdobeStock_362716311-1024x683.jpeg\" alt=\"Una calle de Paterna (Valencia). Por Road Red Runner\" class=\"wp-image-211803\" srcset=\"https:\/\/www.escapadarural.com\/blog\/wp-content\/uploads\/2025\/12\/AdobeStock_362716311-200x133.jpeg 200w, https:\/\/www.escapadarural.com\/blog\/wp-content\/uploads\/2025\/12\/AdobeStock_362716311-300x200.jpeg 300w, https:\/\/www.escapadarural.com\/blog\/wp-content\/uploads\/2025\/12\/AdobeStock_362716311-400x267.jpeg 400w, https:\/\/www.escapadarural.com\/blog\/wp-content\/uploads\/2025\/12\/AdobeStock_362716311-600x400.jpeg 600w, https:\/\/www.escapadarural.com\/blog\/wp-content\/uploads\/2025\/12\/AdobeStock_362716311-768x512.jpeg 768w, https:\/\/www.escapadarural.com\/blog\/wp-content\/uploads\/2025\/12\/AdobeStock_362716311-800x533.jpeg 800w, https:\/\/www.escapadarural.com\/blog\/wp-content\/uploads\/2025\/12\/AdobeStock_362716311-1024x683.jpeg 1024w, https:\/\/www.escapadarural.com\/blog\/wp-content\/uploads\/2025\/12\/AdobeStock_362716311-1200x800.jpeg 1200w, https:\/\/www.escapadarural.com\/blog\/wp-content\/uploads\/2025\/12\/AdobeStock_362716311-1536x1024.jpeg 1536w\" sizes=\"auto, (max-width: 1024px) 100vw, 1024px\" \/><figcaption class=\"wp-element-caption\">Una calle de Paterna (Valencia). Por Road Red Runner<\/figcaption><\/figure>\n\n\n\n<p>En Manises tambi\u00e9n est\u00e1 la sede de la <strong>Asociaci\u00f3n Valenciana de Cer\u00e1mica AVEC-Gremio<\/strong>, un edificio de cuatro plantas con taller-escuela, aulas de formaci\u00f3n y tienda de cer\u00e1mica. Asimismo, desde el Centro de Servicios y Promoci\u00f3n de la Cer\u00e1mica Valenciana ofrecen la <a href=\"https:\/\/www.comunitatvalenciana.com\/va\/valencia\/manises\/experiencies\/experiencia-creativa-per-a-grups-a-manises\" target=\"_blank\" rel=\"noreferrer noopener nofollow\"><u><strong>experiencia para grupos de ser artesano-ceramista por un d\u00eda<\/strong><\/u><\/a>&nbsp;y hacer tu propio <em>socarrat<\/em>.<\/p>\n\n\n\n<h2 class=\"wp-block-heading\" id=\"h-no-confundir-con-los-socarrats-de-xativa\"><strong>\u00a1No confundir con los <em>socarrats<\/em> de X\u00e0tiva!<\/strong><\/h2>\n\n\n\n<p>Si te mueves por la provincia de Valencia, es posible que oigas hablar de los <strong><em>socarrats<\/em> de X\u00e0tiva<\/strong>. No hacen referencia a un tercer polo importante de este arte medieval, sino a un gentilicio popular que se le da a los habitantes de este municipio. Viene del hecho de que Felipe V, el primero de los Borbones que lleg\u00f3 a Espa\u00f1a, orden\u00f3 destruir e incendiar el pueblo en tres ocasiones entre el 19 y el 26 de junio de 1707, en plena guerra de la sucesi\u00f3n espa\u00f1ola.<\/p>\n\n\n\n<figure class=\"wp-block-image size-full\"><img loading=\"lazy\" decoding=\"async\" width=\"1024\" height=\"581\" src=\"https:\/\/www.escapadarural.com\/blog\/wp-content\/uploads\/2024\/12\/Felip-V-2_WP_03.webp\" alt=\"Retrato de Felipe V\" class=\"wp-image-184329\" srcset=\"https:\/\/www.escapadarural.com\/blog\/wp-content\/uploads\/2024\/12\/Felip-V-2_WP_03-200x113.webp 200w, https:\/\/www.escapadarural.com\/blog\/wp-content\/uploads\/2024\/12\/Felip-V-2_WP_03-300x170.webp 300w, https:\/\/www.escapadarural.com\/blog\/wp-content\/uploads\/2024\/12\/Felip-V-2_WP_03-400x227.webp 400w, https:\/\/www.escapadarural.com\/blog\/wp-content\/uploads\/2024\/12\/Felip-V-2_WP_03-600x340.webp 600w, https:\/\/www.escapadarural.com\/blog\/wp-content\/uploads\/2024\/12\/Felip-V-2_WP_03-768x436.webp 768w, https:\/\/www.escapadarural.com\/blog\/wp-content\/uploads\/2024\/12\/Felip-V-2_WP_03-800x454.webp 800w, https:\/\/www.escapadarural.com\/blog\/wp-content\/uploads\/2024\/12\/Felip-V-2_WP_03.webp 1024w\" sizes=\"auto, (max-width: 1024px) 100vw, 1024px\" \/><figcaption class=\"wp-element-caption\">Retrato de Felipe V. Por Turisme La Costera<\/figcaption><\/figure>\n\n\n\n<p>Esa orden terrible cay\u00f3 sobre X\u00e0tiva porque sus pobladores eran generalmente favorables a la casa de Austria, los llamados \u201cmaulets\u201d, que sol\u00edan ser campesinos. Y como no olvidan estos hechos de hace 300 a\u00f1os, hoy conservan un <a href=\"\/blog\/cuadro-al-reves-de-felipe-v-xativa\/\"><u>retrato de aquel monarca hacia abajo<\/u><\/a>, en se\u00f1al de rechazo, en el Museu Municipal de l\u2019Almod\u00ed.<\/p>\n\n\n\n<h2 class=\"wp-block-heading\" id=\"h-paterna-municipio-de-pelicula-y-de-polvora\"><strong>Paterna, municipio de pel\u00edcula<\/strong> y de p\u00f3lvora<\/h2>\n\n\n\n<p>Adem\u00e1s de la cer\u00e1mica medieval, Paterna tiene diferentes rutas tur\u00edsticas que profundizan en su patrimonio hist\u00f3rico y cultural. Destacamos la que sigue los pasos de las <strong>escenas de la <a href=\"\/blog\/un-recorrido-por-los-pueblos-espanoles-que-salen-en-el-cine\/#h-paterna-dolor-y-gloria-2019-de-pedro-almodovar\">pel\u00edcula <em>Dolor y Gloria<\/em><\/a> de Pedro Almod\u00f3var<\/strong>, que invita a conocer de cerca la c\u00e9lebre torre de Paterna y el espacio cultural <strong>Coves del Bat\u00e0<\/strong>, una superficie de 450 metros cuadrados en la que hab\u00eda ocho cuevas que sirvieron de vivienda.<\/p>\n\n\n\n<figure class=\"wp-block-image size-large\"><img loading=\"lazy\" decoding=\"async\" width=\"1024\" height=\"607\" src=\"https:\/\/www.escapadarural.com\/blog\/wp-content\/uploads\/2025\/12\/AdobeStock_206461031-1024x607.jpeg\" alt=\"Cuevas de Bat\u00e1n, Paterna. Por lunamarina\" class=\"wp-image-211799\" srcset=\"https:\/\/www.escapadarural.com\/blog\/wp-content\/uploads\/2025\/12\/AdobeStock_206461031-200x118.jpeg 200w, https:\/\/www.escapadarural.com\/blog\/wp-content\/uploads\/2025\/12\/AdobeStock_206461031-300x178.jpeg 300w, https:\/\/www.escapadarural.com\/blog\/wp-content\/uploads\/2025\/12\/AdobeStock_206461031-400x237.jpeg 400w, https:\/\/www.escapadarural.com\/blog\/wp-content\/uploads\/2025\/12\/AdobeStock_206461031-600x355.jpeg 600w, https:\/\/www.escapadarural.com\/blog\/wp-content\/uploads\/2025\/12\/AdobeStock_206461031-768x455.jpeg 768w, https:\/\/www.escapadarural.com\/blog\/wp-content\/uploads\/2025\/12\/AdobeStock_206461031-800x474.jpeg 800w, https:\/\/www.escapadarural.com\/blog\/wp-content\/uploads\/2025\/12\/AdobeStock_206461031-1024x607.jpeg 1024w, https:\/\/www.escapadarural.com\/blog\/wp-content\/uploads\/2025\/12\/AdobeStock_206461031-1200x711.jpeg 1200w, https:\/\/www.escapadarural.com\/blog\/wp-content\/uploads\/2025\/12\/AdobeStock_206461031-1536x910.jpeg 1536w\" sizes=\"auto, (max-width: 1024px) 100vw, 1024px\" \/><figcaption class=\"wp-element-caption\">Cuevas de Bat\u00e1n, Paterna. Por lunamarina<\/figcaption><\/figure>\n\n\n\n<p>En fiestas, hay que destacar el acto de <strong>la Cord\u00e0 de Paterna<\/strong>, un impresionante espect\u00e1culo pirot\u00e9cnico que se celebra en la madrugada del \u00faltimo domingo de agosto. Cuenta con un gran <em><strong>correfoc<\/strong> <\/em>y, despu\u00e9s, la p\u00f3lvora toma un <strong>\u201cCohet\u00f3dromo\u201d <\/strong>montado para la ocasi\u00f3n. Re\u00fane a unos 350 tiradores y tiradoras que van ataviados con su correspondiente indumentaria de protecci\u00f3n.<\/p>\n","protected":false},"excerpt":{"rendered":"<p>Conocemos un arte peculiar y tradicional de la Comunidad Valenciana a trav\u00e9s de los pueblos donde ha dejado huella: Paterna y Manises<\/p>\n","protected":false},"author":123,"featured_media":211801,"comment_status":"open","ping_status":"open","sticky":false,"template":"","format":"standard","meta":{"_acf_changed":false,"om_disable_all_campaigns":false,"footnotes":""},"categories":[231,191],"tags":[284,2677,469,511,6394,2454,5590,2659,6715,602],"class_list":["post-211797","post","type-post","status-publish","format-standard","has-post-thumbnail","hentry","category-arte-y-cultura","category-destinos","tag-arquitectura","tag-artesania","tag-que-ver-en-la-comunidad-valenciana","tag-familia","tag-grupos","tag-manises","tag-pareja","tag-paterna","tag-socarrat","tag-que-ver-en-valencia"],"acf":[],"featured_image_src":"https:\/\/www.escapadarural.com\/blog\/wp-content\/uploads\/2025\/12\/Socarrat_Museu_de_Belles_Arts_de_Castello-scaled.jpg","author_info":{"display_name":"Raquel Andr\u00e9s","author_link":"https:\/\/www.escapadarural.com\/blog\/autor\/raquel\/"},"yoast_head":"<!-- This site is optimized with the Yoast SEO plugin v27.5 - https:\/\/yoast.com\/product\/yoast-seo-wordpress\/ -->\n<title>Los pueblos del &#039;socarrat&#039; medieval valenciano - EscapadaRural<\/title>\n<meta name=\"description\" content=\"Conocemos un arte peculiar y tradicional de la Comunitat Valenciana a trav\u00e9s de los pueblos donde ha dejado huella: Paterna y Manises\" \/>\n<meta name=\"robots\" content=\"index, follow, max-snippet:-1, max-image-preview:large, max-video-preview:-1\" \/>\n<link rel=\"canonical\" href=\"https:\/\/www.escapadarural.com\/blog\/pueblos-socarrat-ceramica-medieval-valencia\/\" \/>\n<meta property=\"og:locale\" content=\"es_ES\" \/>\n<meta property=\"og:type\" content=\"article\" \/>\n<meta property=\"og:title\" content=\"Los pueblos del &#039;socarrat&#039; medieval valenciano - EscapadaRural\" \/>\n<meta property=\"og:description\" content=\"Conocemos un arte peculiar y tradicional de la Comunitat Valenciana a trav\u00e9s de los pueblos donde ha dejado huella: Paterna y Manises\" \/>\n<meta property=\"og:url\" content=\"https:\/\/www.escapadarural.com\/blog\/pueblos-socarrat-ceramica-medieval-valencia\/\" \/>\n<meta property=\"og:site_name\" content=\"Magazine de viajes de EscapadaRural\" \/>\n<meta property=\"article:publisher\" content=\"https:\/\/www.facebook.com\/escapadarural\" \/>\n<meta property=\"article:published_time\" content=\"2026-01-29T12:03:49+00:00\" \/>\n<meta property=\"article:modified_time\" content=\"2026-03-18T14:17:10+00:00\" \/>\n<meta property=\"og:image\" content=\"https:\/\/www.escapadarural.com\/blog\/wp-content\/uploads\/2025\/12\/Socarrat_Museu_de_Belles_Arts_de_Castello-scaled.jpg?v=1773843431\" \/>\n\t<meta property=\"og:image:width\" content=\"2048\" \/>\n\t<meta property=\"og:image:height\" content=\"1625\" \/>\n\t<meta property=\"og:image:type\" content=\"image\/jpeg\" \/>\n<meta name=\"author\" content=\"Raquel Andr\u00e9s\" \/>\n<meta name=\"twitter:card\" content=\"summary_large_image\" \/>\n<meta name=\"twitter:label1\" content=\"Escrito por\" \/>\n\t<meta name=\"twitter:data1\" content=\"Raquel Andr\u00e9s\" \/>\n\t<meta name=\"twitter:label2\" content=\"Tiempo de lectura\" \/>\n\t<meta name=\"twitter:data2\" content=\"6 minutos\" \/>\n<script type=\"application\/ld+json\" class=\"yoast-schema-graph\">{\"@context\":\"https:\\\/\\\/schema.org\",\"@graph\":[{\"@type\":\"Article\",\"@id\":\"https:\\\/\\\/www.escapadarural.com\\\/blog\\\/pueblos-socarrat-ceramica-medieval-valencia\\\/#article\",\"isPartOf\":{\"@id\":\"https:\\\/\\\/www.escapadarural.com\\\/blog\\\/pueblos-socarrat-ceramica-medieval-valencia\\\/\"},\"author\":{\"name\":\"Raquel Andr\u00e9s\",\"@id\":\"https:\\\/\\\/www.escapadarural.com\\\/blog\\\/#\\\/schema\\\/person\\\/67be061eb00d8315fa8642e01b88c894\"},\"headline\":\"Los pueblos del \u2018socarrat\u2019, la cer\u00e1mica \u201cchamuscada\u201d de las casas valencianas\",\"datePublished\":\"2026-01-29T12:03:49+00:00\",\"dateModified\":\"2026-03-18T14:17:10+00:00\",\"mainEntityOfPage\":{\"@id\":\"https:\\\/\\\/www.escapadarural.com\\\/blog\\\/pueblos-socarrat-ceramica-medieval-valencia\\\/\"},\"wordCount\":1188,\"commentCount\":0,\"publisher\":{\"@id\":\"https:\\\/\\\/www.escapadarural.com\\\/blog\\\/#organization\"},\"image\":{\"@id\":\"https:\\\/\\\/www.escapadarural.com\\\/blog\\\/pueblos-socarrat-ceramica-medieval-valencia\\\/#primaryimage\"},\"thumbnailUrl\":\"https:\\\/\\\/www.escapadarural.com\\\/blog\\\/wp-content\\\/uploads\\\/2025\\\/12\\\/Socarrat_Museu_de_Belles_Arts_de_Castello-scaled.jpg\",\"keywords\":[\"Arquitectura\",\"Artesan\u00eda\",\"Comunidad Valenciana\",\"Familia\",\"Grupos\",\"Manises\",\"Pareja\",\"paterna\",\"socarrat\",\"Valencia\"],\"articleSection\":[\"Arte y Cultura\",\"Destinos\"],\"inLanguage\":\"es\",\"potentialAction\":[{\"@type\":\"CommentAction\",\"name\":\"Comment\",\"target\":[\"https:\\\/\\\/www.escapadarural.com\\\/blog\\\/pueblos-socarrat-ceramica-medieval-valencia\\\/#respond\"]}]},{\"@type\":\"WebPage\",\"@id\":\"https:\\\/\\\/www.escapadarural.com\\\/blog\\\/pueblos-socarrat-ceramica-medieval-valencia\\\/\",\"url\":\"https:\\\/\\\/www.escapadarural.com\\\/blog\\\/pueblos-socarrat-ceramica-medieval-valencia\\\/\",\"name\":\"Los pueblos del 'socarrat' medieval valenciano - EscapadaRural\",\"isPartOf\":{\"@id\":\"https:\\\/\\\/www.escapadarural.com\\\/blog\\\/#website\"},\"primaryImageOfPage\":{\"@id\":\"https:\\\/\\\/www.escapadarural.com\\\/blog\\\/pueblos-socarrat-ceramica-medieval-valencia\\\/#primaryimage\"},\"image\":{\"@id\":\"https:\\\/\\\/www.escapadarural.com\\\/blog\\\/pueblos-socarrat-ceramica-medieval-valencia\\\/#primaryimage\"},\"thumbnailUrl\":\"https:\\\/\\\/www.escapadarural.com\\\/blog\\\/wp-content\\\/uploads\\\/2025\\\/12\\\/Socarrat_Museu_de_Belles_Arts_de_Castello-scaled.jpg\",\"datePublished\":\"2026-01-29T12:03:49+00:00\",\"dateModified\":\"2026-03-18T14:17:10+00:00\",\"description\":\"Conocemos un arte peculiar y tradicional de la Comunitat Valenciana a trav\u00e9s de los pueblos donde ha dejado huella: Paterna y Manises\",\"breadcrumb\":{\"@id\":\"https:\\\/\\\/www.escapadarural.com\\\/blog\\\/pueblos-socarrat-ceramica-medieval-valencia\\\/#breadcrumb\"},\"inLanguage\":\"es\",\"potentialAction\":[{\"@type\":\"ReadAction\",\"target\":[\"https:\\\/\\\/www.escapadarural.com\\\/blog\\\/pueblos-socarrat-ceramica-medieval-valencia\\\/\"]}]},{\"@type\":\"ImageObject\",\"inLanguage\":\"es\",\"@id\":\"https:\\\/\\\/www.escapadarural.com\\\/blog\\\/pueblos-socarrat-ceramica-medieval-valencia\\\/#primaryimage\",\"url\":\"https:\\\/\\\/www.escapadarural.com\\\/blog\\\/wp-content\\\/uploads\\\/2025\\\/12\\\/Socarrat_Museu_de_Belles_Arts_de_Castello-scaled.jpg\",\"contentUrl\":\"https:\\\/\\\/www.escapadarural.com\\\/blog\\\/wp-content\\\/uploads\\\/2025\\\/12\\\/Socarrat_Museu_de_Belles_Arts_de_Castello-scaled.jpg\",\"width\":2048,\"height\":1625,\"caption\":\"Socarrat expuesto en el Museu de Belles Arts de Castell\u00f3. Por Joanbanjo\"},{\"@type\":\"BreadcrumbList\",\"@id\":\"https:\\\/\\\/www.escapadarural.com\\\/blog\\\/pueblos-socarrat-ceramica-medieval-valencia\\\/#breadcrumb\",\"itemListElement\":[{\"@type\":\"ListItem\",\"position\":1,\"name\":\"Inicio\",\"item\":\"https:\\\/\\\/www.escapadarural.com\\\/blog\\\/\"},{\"@type\":\"ListItem\",\"position\":2,\"name\":\"Arte y Cultura\",\"item\":\"https:\\\/\\\/www.escapadarural.com\\\/blog\\\/categoria\\\/arte-y-cultura\\\/\"},{\"@type\":\"ListItem\",\"position\":3,\"name\":\"Los pueblos del \u2018socarrat\u2019, la cer\u00e1mica \u201cchamuscada\u201d de las casas valencianas\"}]},{\"@type\":\"WebSite\",\"@id\":\"https:\\\/\\\/www.escapadarural.com\\\/blog\\\/#website\",\"url\":\"https:\\\/\\\/www.escapadarural.com\\\/blog\\\/\",\"name\":\"Blog de viajes | turismo rural, alojamientos e inspiraci\u00f3n\",\"description\":\"Alojamientos rurales e inspiraci\u00f3n para tus escapadas\",\"publisher\":{\"@id\":\"https:\\\/\\\/www.escapadarural.com\\\/blog\\\/#organization\"},\"alternateName\":\"Magazine de viajes de EscapadaRural\",\"potentialAction\":[{\"@type\":\"SearchAction\",\"target\":{\"@type\":\"EntryPoint\",\"urlTemplate\":\"https:\\\/\\\/www.escapadarural.com\\\/blog\\\/?s={search_term_string}\"},\"query-input\":{\"@type\":\"PropertyValueSpecification\",\"valueRequired\":true,\"valueName\":\"search_term_string\"}}],\"inLanguage\":\"es\"},{\"@type\":\"Organization\",\"@id\":\"https:\\\/\\\/www.escapadarural.com\\\/blog\\\/#organization\",\"name\":\"EscapadaRural\",\"url\":\"https:\\\/\\\/www.escapadarural.com\\\/blog\\\/\",\"logo\":{\"@type\":\"ImageObject\",\"inLanguage\":\"es\",\"@id\":\"https:\\\/\\\/www.escapadarural.com\\\/blog\\\/#\\\/schema\\\/logo\\\/image\\\/\",\"url\":\"https:\\\/\\\/www.escapadarural.com\\\/blog\\\/wp-content\\\/uploads\\\/2024\\\/10\\\/cropped-cropped-escapada-rural-icon-mag-3.png\",\"contentUrl\":\"https:\\\/\\\/www.escapadarural.com\\\/blog\\\/wp-content\\\/uploads\\\/2024\\\/10\\\/cropped-cropped-escapada-rural-icon-mag-3.png\",\"width\":512,\"height\":512,\"caption\":\"EscapadaRural\"},\"image\":{\"@id\":\"https:\\\/\\\/www.escapadarural.com\\\/blog\\\/#\\\/schema\\\/logo\\\/image\\\/\"},\"sameAs\":[\"https:\\\/\\\/www.facebook.com\\\/escapadarural\",\"https:\\\/\\\/www.instagram.com\\\/escapadarural\\\/\",\"https:\\\/\\\/www.youtube.com\\\/@escapadaruralcom\"]},{\"@type\":\"Person\",\"@id\":\"https:\\\/\\\/www.escapadarural.com\\\/blog\\\/#\\\/schema\\\/person\\\/67be061eb00d8315fa8642e01b88c894\",\"name\":\"Raquel Andr\u00e9s\",\"image\":{\"@type\":\"ImageObject\",\"inLanguage\":\"es\",\"@id\":\"https:\\\/\\\/secure.gravatar.com\\\/avatar\\\/b45840531462f3cafb335a9fc5c0bfda2c07c3df4b82b304b923526b85cc6cb5?s=96&d=mm&r=g\",\"url\":\"https:\\\/\\\/secure.gravatar.com\\\/avatar\\\/b45840531462f3cafb335a9fc5c0bfda2c07c3df4b82b304b923526b85cc6cb5?s=96&d=mm&r=g\",\"contentUrl\":\"https:\\\/\\\/secure.gravatar.com\\\/avatar\\\/b45840531462f3cafb335a9fc5c0bfda2c07c3df4b82b304b923526b85cc6cb5?s=96&d=mm&r=g\",\"caption\":\"Raquel Andr\u00e9s\"},\"description\":\"Periodista y aventurera. Me has podido leer en Escapada Rural, Diari Nosaltres La Veu, La Vanguardia, El Salto y otros medios. Habitante y amante de las zonas rurales, sea cual sea el destino. Procuro escaparme una vez por semana con las botas de monta\u00f1a, el arn\u00e9s o el neopreno. Tambi\u00e9n soy un intento de baserritarra.\",\"url\":\"https:\\\/\\\/www.escapadarural.com\\\/blog\\\/autor\\\/raquel\\\/\"}]}<\/script>\n<!-- \/ Yoast SEO plugin. -->","yoast_head_json":{"title":"Los pueblos del 'socarrat' medieval valenciano - EscapadaRural","description":"Conocemos un arte peculiar y tradicional de la Comunitat Valenciana a trav\u00e9s de los pueblos donde ha dejado huella: Paterna y Manises","robots":{"index":"index","follow":"follow","max-snippet":"max-snippet:-1","max-image-preview":"max-image-preview:large","max-video-preview":"max-video-preview:-1"},"canonical":"https:\/\/www.escapadarural.com\/blog\/pueblos-socarrat-ceramica-medieval-valencia\/","og_locale":"es_ES","og_type":"article","og_title":"Los pueblos del 'socarrat' medieval valenciano - EscapadaRural","og_description":"Conocemos un arte peculiar y tradicional de la Comunitat Valenciana a trav\u00e9s de los pueblos donde ha dejado huella: Paterna y Manises","og_url":"https:\/\/www.escapadarural.com\/blog\/pueblos-socarrat-ceramica-medieval-valencia\/","og_site_name":"Magazine de viajes de EscapadaRural","article_publisher":"https:\/\/www.facebook.com\/escapadarural","article_published_time":"2026-01-29T12:03:49+00:00","article_modified_time":"2026-03-18T14:17:10+00:00","og_image":[{"width":2048,"height":1625,"url":"https:\/\/www.escapadarural.com\/blog\/wp-content\/uploads\/2025\/12\/Socarrat_Museu_de_Belles_Arts_de_Castello-scaled.jpg?v=1773843431","type":"image\/jpeg"}],"author":"Raquel Andr\u00e9s","twitter_card":"summary_large_image","twitter_misc":{"Escrito por":"Raquel Andr\u00e9s","Tiempo de lectura":"6 minutos"},"schema":{"@context":"https:\/\/schema.org","@graph":[{"@type":"Article","@id":"https:\/\/www.escapadarural.com\/blog\/pueblos-socarrat-ceramica-medieval-valencia\/#article","isPartOf":{"@id":"https:\/\/www.escapadarural.com\/blog\/pueblos-socarrat-ceramica-medieval-valencia\/"},"author":{"name":"Raquel Andr\u00e9s","@id":"https:\/\/www.escapadarural.com\/blog\/#\/schema\/person\/67be061eb00d8315fa8642e01b88c894"},"headline":"Los pueblos del \u2018socarrat\u2019, la cer\u00e1mica \u201cchamuscada\u201d de las casas valencianas","datePublished":"2026-01-29T12:03:49+00:00","dateModified":"2026-03-18T14:17:10+00:00","mainEntityOfPage":{"@id":"https:\/\/www.escapadarural.com\/blog\/pueblos-socarrat-ceramica-medieval-valencia\/"},"wordCount":1188,"commentCount":0,"publisher":{"@id":"https:\/\/www.escapadarural.com\/blog\/#organization"},"image":{"@id":"https:\/\/www.escapadarural.com\/blog\/pueblos-socarrat-ceramica-medieval-valencia\/#primaryimage"},"thumbnailUrl":"https:\/\/www.escapadarural.com\/blog\/wp-content\/uploads\/2025\/12\/Socarrat_Museu_de_Belles_Arts_de_Castello-scaled.jpg","keywords":["Arquitectura","Artesan\u00eda","Comunidad Valenciana","Familia","Grupos","Manises","Pareja","paterna","socarrat","Valencia"],"articleSection":["Arte y Cultura","Destinos"],"inLanguage":"es","potentialAction":[{"@type":"CommentAction","name":"Comment","target":["https:\/\/www.escapadarural.com\/blog\/pueblos-socarrat-ceramica-medieval-valencia\/#respond"]}]},{"@type":"WebPage","@id":"https:\/\/www.escapadarural.com\/blog\/pueblos-socarrat-ceramica-medieval-valencia\/","url":"https:\/\/www.escapadarural.com\/blog\/pueblos-socarrat-ceramica-medieval-valencia\/","name":"Los pueblos del 'socarrat' medieval valenciano - EscapadaRural","isPartOf":{"@id":"https:\/\/www.escapadarural.com\/blog\/#website"},"primaryImageOfPage":{"@id":"https:\/\/www.escapadarural.com\/blog\/pueblos-socarrat-ceramica-medieval-valencia\/#primaryimage"},"image":{"@id":"https:\/\/www.escapadarural.com\/blog\/pueblos-socarrat-ceramica-medieval-valencia\/#primaryimage"},"thumbnailUrl":"https:\/\/www.escapadarural.com\/blog\/wp-content\/uploads\/2025\/12\/Socarrat_Museu_de_Belles_Arts_de_Castello-scaled.jpg","datePublished":"2026-01-29T12:03:49+00:00","dateModified":"2026-03-18T14:17:10+00:00","description":"Conocemos un arte peculiar y tradicional de la Comunitat Valenciana a trav\u00e9s de los pueblos donde ha dejado huella: Paterna y Manises","breadcrumb":{"@id":"https:\/\/www.escapadarural.com\/blog\/pueblos-socarrat-ceramica-medieval-valencia\/#breadcrumb"},"inLanguage":"es","potentialAction":[{"@type":"ReadAction","target":["https:\/\/www.escapadarural.com\/blog\/pueblos-socarrat-ceramica-medieval-valencia\/"]}]},{"@type":"ImageObject","inLanguage":"es","@id":"https:\/\/www.escapadarural.com\/blog\/pueblos-socarrat-ceramica-medieval-valencia\/#primaryimage","url":"https:\/\/www.escapadarural.com\/blog\/wp-content\/uploads\/2025\/12\/Socarrat_Museu_de_Belles_Arts_de_Castello-scaled.jpg","contentUrl":"https:\/\/www.escapadarural.com\/blog\/wp-content\/uploads\/2025\/12\/Socarrat_Museu_de_Belles_Arts_de_Castello-scaled.jpg","width":2048,"height":1625,"caption":"Socarrat expuesto en el Museu de Belles Arts de Castell\u00f3. Por Joanbanjo"},{"@type":"BreadcrumbList","@id":"https:\/\/www.escapadarural.com\/blog\/pueblos-socarrat-ceramica-medieval-valencia\/#breadcrumb","itemListElement":[{"@type":"ListItem","position":1,"name":"Inicio","item":"https:\/\/www.escapadarural.com\/blog\/"},{"@type":"ListItem","position":2,"name":"Arte y Cultura","item":"https:\/\/www.escapadarural.com\/blog\/categoria\/arte-y-cultura\/"},{"@type":"ListItem","position":3,"name":"Los pueblos del \u2018socarrat\u2019, la cer\u00e1mica \u201cchamuscada\u201d de las casas valencianas"}]},{"@type":"WebSite","@id":"https:\/\/www.escapadarural.com\/blog\/#website","url":"https:\/\/www.escapadarural.com\/blog\/","name":"Blog de viajes | turismo rural, alojamientos e inspiraci\u00f3n","description":"Alojamientos rurales e inspiraci\u00f3n para tus escapadas","publisher":{"@id":"https:\/\/www.escapadarural.com\/blog\/#organization"},"alternateName":"Magazine de viajes de EscapadaRural","potentialAction":[{"@type":"SearchAction","target":{"@type":"EntryPoint","urlTemplate":"https:\/\/www.escapadarural.com\/blog\/?s={search_term_string}"},"query-input":{"@type":"PropertyValueSpecification","valueRequired":true,"valueName":"search_term_string"}}],"inLanguage":"es"},{"@type":"Organization","@id":"https:\/\/www.escapadarural.com\/blog\/#organization","name":"EscapadaRural","url":"https:\/\/www.escapadarural.com\/blog\/","logo":{"@type":"ImageObject","inLanguage":"es","@id":"https:\/\/www.escapadarural.com\/blog\/#\/schema\/logo\/image\/","url":"https:\/\/www.escapadarural.com\/blog\/wp-content\/uploads\/2024\/10\/cropped-cropped-escapada-rural-icon-mag-3.png","contentUrl":"https:\/\/www.escapadarural.com\/blog\/wp-content\/uploads\/2024\/10\/cropped-cropped-escapada-rural-icon-mag-3.png","width":512,"height":512,"caption":"EscapadaRural"},"image":{"@id":"https:\/\/www.escapadarural.com\/blog\/#\/schema\/logo\/image\/"},"sameAs":["https:\/\/www.facebook.com\/escapadarural","https:\/\/www.instagram.com\/escapadarural\/","https:\/\/www.youtube.com\/@escapadaruralcom"]},{"@type":"Person","@id":"https:\/\/www.escapadarural.com\/blog\/#\/schema\/person\/67be061eb00d8315fa8642e01b88c894","name":"Raquel Andr\u00e9s","image":{"@type":"ImageObject","inLanguage":"es","@id":"https:\/\/secure.gravatar.com\/avatar\/b45840531462f3cafb335a9fc5c0bfda2c07c3df4b82b304b923526b85cc6cb5?s=96&d=mm&r=g","url":"https:\/\/secure.gravatar.com\/avatar\/b45840531462f3cafb335a9fc5c0bfda2c07c3df4b82b304b923526b85cc6cb5?s=96&d=mm&r=g","contentUrl":"https:\/\/secure.gravatar.com\/avatar\/b45840531462f3cafb335a9fc5c0bfda2c07c3df4b82b304b923526b85cc6cb5?s=96&d=mm&r=g","caption":"Raquel Andr\u00e9s"},"description":"Periodista y aventurera. Me has podido leer en Escapada Rural, Diari Nosaltres La Veu, La Vanguardia, El Salto y otros medios. Habitante y amante de las zonas rurales, sea cual sea el destino. Procuro escaparme una vez por semana con las botas de monta\u00f1a, el arn\u00e9s o el neopreno. Tambi\u00e9n soy un intento de baserritarra.","url":"https:\/\/www.escapadarural.com\/blog\/autor\/raquel\/"}]}},"_links":{"self":[{"href":"https:\/\/www.escapadarural.com\/blog\/wp-json\/wp\/v2\/posts\/211797","targetHints":{"allow":["GET"]}}],"collection":[{"href":"https:\/\/www.escapadarural.com\/blog\/wp-json\/wp\/v2\/posts"}],"about":[{"href":"https:\/\/www.escapadarural.com\/blog\/wp-json\/wp\/v2\/types\/post"}],"author":[{"embeddable":true,"href":"https:\/\/www.escapadarural.com\/blog\/wp-json\/wp\/v2\/users\/123"}],"replies":[{"embeddable":true,"href":"https:\/\/www.escapadarural.com\/blog\/wp-json\/wp\/v2\/comments?post=211797"}],"version-history":[{"count":0,"href":"https:\/\/www.escapadarural.com\/blog\/wp-json\/wp\/v2\/posts\/211797\/revisions"}],"wp:featuredmedia":[{"embeddable":true,"href":"https:\/\/www.escapadarural.com\/blog\/wp-json\/wp\/v2\/media\/211801"}],"wp:attachment":[{"href":"https:\/\/www.escapadarural.com\/blog\/wp-json\/wp\/v2\/media?parent=211797"}],"wp:term":[{"taxonomy":"category","embeddable":true,"href":"https:\/\/www.escapadarural.com\/blog\/wp-json\/wp\/v2\/categories?post=211797"},{"taxonomy":"post_tag","embeddable":true,"href":"https:\/\/www.escapadarural.com\/blog\/wp-json\/wp\/v2\/tags?post=211797"}],"curies":[{"name":"wp","href":"https:\/\/api.w.org\/{rel}","templated":true}]}}