{"id":211954,"date":"2026-01-11T08:55:00","date_gmt":"2026-01-11T07:55:00","guid":{"rendered":"https:\/\/www.escapadarural.com\/blog\/?p=211954"},"modified":"2026-03-13T14:55:32","modified_gmt":"2026-03-13T13:55:32","slug":"ruta-inclusiva-dolmen-de-ca-larenes-barcelona","status":"publish","type":"post","link":"https:\/\/www.escapadarural.com\/blog\/ruta-inclusiva-dolmen-de-ca-larenes-barcelona\/","title":{"rendered":"Dolmen de Ca l&#8217;Arenes: una ruta hist\u00f3rica e inclusiva en Barcelona"},"content":{"rendered":"\n<figure class=\"wp-block-image size-large\"><img loading=\"lazy\" decoding=\"async\" width=\"1024\" height=\"768\" src=\"https:\/\/www.escapadarural.com\/blog\/wp-content\/uploads\/2025\/12\/Dolmen_de_Ca_lArenes-1024x768.jpeg\" alt=\"Dolmen de Ca l'Arenes. Por \u00c0lex.\" class=\"wp-image-211957\" srcset=\"https:\/\/www.escapadarural.com\/blog\/wp-content\/uploads\/2025\/12\/Dolmen_de_Ca_lArenes-200x150.jpeg 200w, https:\/\/www.escapadarural.com\/blog\/wp-content\/uploads\/2025\/12\/Dolmen_de_Ca_lArenes-300x225.jpeg 300w, https:\/\/www.escapadarural.com\/blog\/wp-content\/uploads\/2025\/12\/Dolmen_de_Ca_lArenes-400x300.jpeg 400w, https:\/\/www.escapadarural.com\/blog\/wp-content\/uploads\/2025\/12\/Dolmen_de_Ca_lArenes-600x450.jpeg 600w, https:\/\/www.escapadarural.com\/blog\/wp-content\/uploads\/2025\/12\/Dolmen_de_Ca_lArenes-768x576.jpeg 768w, https:\/\/www.escapadarural.com\/blog\/wp-content\/uploads\/2025\/12\/Dolmen_de_Ca_lArenes-800x600.jpeg 800w, https:\/\/www.escapadarural.com\/blog\/wp-content\/uploads\/2025\/12\/Dolmen_de_Ca_lArenes-1024x768.jpeg 1024w, https:\/\/www.escapadarural.com\/blog\/wp-content\/uploads\/2025\/12\/Dolmen_de_Ca_lArenes-1200x900.jpeg 1200w, https:\/\/www.escapadarural.com\/blog\/wp-content\/uploads\/2025\/12\/Dolmen_de_Ca_lArenes-1536x1152.jpeg 1536w\" sizes=\"auto, (max-width: 1024px) 100vw, 1024px\" \/><figcaption class=\"wp-element-caption\">Dolmen de Ca l&#8217;Arenes, Barcelona. Por <a href=\"https:\/\/commons.wikimedia.org\/wiki\/File:Dolmen_de_Ca_l%27Arenes.JPG\" target=\"_blank\" rel=\"noreferrer noopener nofollow\">\u00c0lex<\/a>.<\/figcaption><\/figure>\n\n\n\n<p>En 1977 se descubri\u00f3 un recuerdo del periodo final del Neol\u00edtico (hace m\u00e1s de 3.000 a\u00f1os) que ahora es un punto de referencia para el senderismo del Parque Natural El Montnegre i el Corredor, en la provincia de <a href=\"\/casas-rurales\/barcelona\">Barcelona<\/a>. Se trata del <strong>dolmen de Ca l&#8217;Arenes<\/strong>, un asentamiento funerario que se restaur\u00f3 en 2007. Est\u00e1 formado por varias losas que le hacen parecer una peque\u00f1a casita (de alguna forma lo es). Llegar hasta all\u00ed a pie es relativamente sencillo, pues hasta hay un itinerario inclusivo.<\/p>\n\n\n\n<div class=\"wp-block-buttons is-layout-flex wp-block-buttons-is-layout-flex\">\n<div class=\"wp-block-button\"><a class=\"wp-block-button__link wp-element-button\" href=\"\/casas-rurales\/montnegre-y-el-corredor\">Alojamientos en El Montnegre i el Corredor<\/a><\/div>\n<\/div>\n\n\n\n<h2 class=\"wp-block-heading\" id=\"h-ruta-al-dolmen-de-ca-l-arenes\">Ruta al dolmen de Ca l&#8217;Arenes<\/h2>\n\n\n\n<p>Para llegar al <strong>dolmen de Ca l&#8217;Arenes<\/strong> hay <strong>dos opciones<\/strong>. Est\u00e1 la ruta larga, que pasa por el dolmen y llega hasta el santuario del Corredor; y otra m\u00e1s corta e inclusiva que regresa al punto de inicio al llegar al monumento megal\u00edtico. <strong>Ambas parten de la mas\u00eda Can Bosc<\/strong> (construida en el siglo XVI), en <a href=\"\/casas-rurales\/sant-iscle-de-vallalta\">Sant Iscle de Vallalta<\/a>, y comparten una gran parte del camino.&nbsp;<\/p>\n\n\n\n<figure class=\"wp-block-image size-large\"><img loading=\"lazy\" decoding=\"async\" width=\"1024\" height=\"685\" src=\"https:\/\/www.escapadarural.com\/blog\/wp-content\/uploads\/2025\/12\/Panoramica_del_Montnegre-Corredor-1024x685.jpg\" alt=\"Panor\u00e1mica del parque El Montnegre i el Corredor. Por Alberto-g-rovi. \" class=\"wp-image-211958\" srcset=\"https:\/\/www.escapadarural.com\/blog\/wp-content\/uploads\/2025\/12\/Panoramica_del_Montnegre-Corredor-200x134.jpg 200w, https:\/\/www.escapadarural.com\/blog\/wp-content\/uploads\/2025\/12\/Panoramica_del_Montnegre-Corredor-300x201.jpg 300w, https:\/\/www.escapadarural.com\/blog\/wp-content\/uploads\/2025\/12\/Panoramica_del_Montnegre-Corredor-400x268.jpg 400w, https:\/\/www.escapadarural.com\/blog\/wp-content\/uploads\/2025\/12\/Panoramica_del_Montnegre-Corredor-600x402.jpg 600w, https:\/\/www.escapadarural.com\/blog\/wp-content\/uploads\/2025\/12\/Panoramica_del_Montnegre-Corredor-768x514.jpg 768w, https:\/\/www.escapadarural.com\/blog\/wp-content\/uploads\/2025\/12\/Panoramica_del_Montnegre-Corredor-800x535.jpg 800w, https:\/\/www.escapadarural.com\/blog\/wp-content\/uploads\/2025\/12\/Panoramica_del_Montnegre-Corredor-1024x685.jpg 1024w, https:\/\/www.escapadarural.com\/blog\/wp-content\/uploads\/2025\/12\/Panoramica_del_Montnegre-Corredor-1200x803.jpg 1200w, https:\/\/www.escapadarural.com\/blog\/wp-content\/uploads\/2025\/12\/Panoramica_del_Montnegre-Corredor-1536x1028.jpg 1536w, https:\/\/www.escapadarural.com\/blog\/wp-content\/uploads\/2025\/12\/Panoramica_del_Montnegre-Corredor.jpg 1599w\" sizes=\"auto, (max-width: 1024px) 100vw, 1024px\" \/><figcaption class=\"wp-element-caption\">Panor\u00e1mica del Parque Natural El Montnegre i el Corredor, Barcelona. Por <a href=\"https:\/\/commons.wikimedia.org\/wiki\/File:Panoramica_del_Montnegre-Corredor.JPG\" target=\"_blank\" rel=\"noreferrer noopener nofollow\">Alberto-g-rovi.<\/a><\/figcaption><\/figure>\n\n\n\n<p>Por el momento, optaremos por la segunda ruta, <strong>la que llega hasta el dolmen<\/strong>. Seg\u00fan la informaci\u00f3n ofrecida por el <a href=\"https:\/\/es.wikiloc.com\/wikiloc\/user.do?id=7419264\" target=\"_blank\" rel=\"noreferrer noopener nofollow\">perfil oficial del parque<\/a>, este es el recorrido Dosrius 7 y est\u00e1 adaptado para cualquier persona, incluidas aquellas que tengan las siguientes singularidades y vayan acompa\u00f1adas: \u201cDificultad y falta visuales, dificultad y falta auditivas, dificultades de movilidad (s\u00f3lo con Jo\u00eblette), dificultades intelectuales y\/o dificultades mentales\u201d.<\/p>\n\n\n\n<p>La <strong>ruta al dolmen de Ca l&#8217;Arenes<\/strong> es circular, tiene una longitud de 6,12 kil\u00f3metros y presenta un nivel de dificultad entre medio y elevado (depende del senderista). Se completa en unas dos horas aproximadamente, la altitud m\u00e1xima que se alcanza es de 524 metros y el desnivel, tanto positivo como negativo, es de 172 metros. Es importante llevar calzado adecuado, protecci\u00f3n solar y agua, por supuesto. La ruta est\u00e1 se\u00f1alizada en todo momento.&nbsp;<\/p>\n\n\n<div style=\"background-color: #dff0d8; color: #3c763d; border-left-color: #3c763d; \" class=\"ub-styled-box ub-notification-box wp-block-ub-styled-box\" id=\"ub-styled-box-7e12f92a-53ac-40b1-bd88-c2cbe57692dc\">\n<p id=\"ub-styled-box-notification-content-\"><strong>Longitud<\/strong>: 6,12\u00a0kil\u00f3metros<\/p>\n\n\n\n<p><strong>Dificultad<\/strong>: moderada<\/p>\n\n\n\n<p><strong>Tipo de ruta<\/strong>: circular<\/p>\n\n\n\n<p><a href=\"https:\/\/es.wikiloc.com\/rutas-senderismo\/dosrius-7-circuit-esportiu-inclusiu-sumant-capacitats-60766110\" target=\"_blank\" rel=\"noreferrer noopener nofollow\">Track de Wikiloc<\/a><\/p>\n\n\n<\/div>\n\n\n<h2 class=\"wp-block-heading\" id=\"h-que-podemos-ver-en-la-ruta\">Qu\u00e9 podemos ver en la ruta<\/h2>\n\n\n\n<p>Tras partir de Can Bosc, la ruta contin\u00faa por un camino agradable y holgado hasta llegar a un nevero o <strong>pozo de hielo<\/strong>. Este es uno de los que queda de los cinco que pertenec\u00edan a <a href=\"\/casas-rurales\/dosrius\">Dosrius<\/a>: se utilizaban para mantener el hielo sin que se descongelase y comercializarlo en los siglos XVIII, XIX y principios del XX. Este tipo de cuevas o pozos previos a las neveras dom\u00e9sticas abundan en Espa\u00f1a.&nbsp;<\/p>\n\n\n\n<p>El siguiente punto de referencia del recorrido es la <strong>fuente del Hierro o Font del Ferro<\/strong>. Hace d\u00e9cadas era habitual que la gente se acercase hasta all\u00ed atra\u00edda por las supuestas propiedades beneficiosas para la salud de sus aguas. Seg\u00fan parece, ese hierro se mezcla con el agua que surge de una veta subterr\u00e1nea que atraviesa un sistema rocoso rico en dicho metal. Muchas veces presenta signos de sequ\u00eda.<\/p>\n\n\n\n<p>Un poco antes de llegar al dolmen de Ca l&#8217;Arenes se puede ver otra <strong>mas\u00eda llamada Can Miloca<\/strong>. El terreno es irregular en este tramo, ya que a veces hay piedras o se estrecha, aunque no supone una dificultad demasiado acusada. En cierto momento, se abre un sendero hacia la izquierda que lleva directo a un cruce que, siguiendo tambi\u00e9n por la izquierda, llega al patrimonio megal\u00edtico.&nbsp;<\/p>\n\n\n\n<figure class=\"wp-block-image size-large\"><img loading=\"lazy\" decoding=\"async\" width=\"1024\" height=\"575\" src=\"https:\/\/www.escapadarural.com\/blog\/wp-content\/uploads\/2025\/12\/AdobeStock_82486277_dolmen_arenes-1024x575.jpeg\" alt=\"Dolmen de Ca l'Arenes. Por jalvarezg.\" class=\"wp-image-211956\" srcset=\"https:\/\/www.escapadarural.com\/blog\/wp-content\/uploads\/2025\/12\/AdobeStock_82486277_dolmen_arenes-200x112.jpeg 200w, https:\/\/www.escapadarural.com\/blog\/wp-content\/uploads\/2025\/12\/AdobeStock_82486277_dolmen_arenes-300x169.jpeg 300w, https:\/\/www.escapadarural.com\/blog\/wp-content\/uploads\/2025\/12\/AdobeStock_82486277_dolmen_arenes-400x225.jpeg 400w, https:\/\/www.escapadarural.com\/blog\/wp-content\/uploads\/2025\/12\/AdobeStock_82486277_dolmen_arenes-600x337.jpeg 600w, https:\/\/www.escapadarural.com\/blog\/wp-content\/uploads\/2025\/12\/AdobeStock_82486277_dolmen_arenes-768x432.jpeg 768w, https:\/\/www.escapadarural.com\/blog\/wp-content\/uploads\/2025\/12\/AdobeStock_82486277_dolmen_arenes-800x450.jpeg 800w, https:\/\/www.escapadarural.com\/blog\/wp-content\/uploads\/2025\/12\/AdobeStock_82486277_dolmen_arenes-1024x575.jpeg 1024w, https:\/\/www.escapadarural.com\/blog\/wp-content\/uploads\/2025\/12\/AdobeStock_82486277_dolmen_arenes-1200x674.jpeg 1200w, https:\/\/www.escapadarural.com\/blog\/wp-content\/uploads\/2025\/12\/AdobeStock_82486277_dolmen_arenes-1536x863.jpeg 1536w\" sizes=\"auto, (max-width: 1024px) 100vw, 1024px\" \/><figcaption class=\"wp-element-caption\">Dolmen de Ca l&#8217;Arenes, Barcelona. Por jalvarezg.<\/figcaption><\/figure>\n\n\n\n<p>Las losas cubren el dolmen en el que est\u00e1 el pasadizo de entrada y la c\u00e1mara funeraria. Por supuesto, <strong>no est\u00e1 abierto al p\u00fablico<\/strong> para que su estado de conservaci\u00f3n siga \u00f3ptimo. Solo est\u00e1 protegido por un cord\u00f3n, aunque es importante respetarlo. Los visitantes de la zona han demostrado ser responsables con las obras de sus antepasados.&nbsp;<\/p>\n\n\n\n<p>Desde aqu\u00ed, solo queda emprender el camino de vuelta hasta Can Bosc por un <strong>sendero por la monta\u00f1a de Puig Aguilar<\/strong>, en un tramo bien surtido de vegetaci\u00f3n. Una forma agradable de finalizar una ruta sencilla pero muy amena.<\/p>\n\n\n\n<h2 class=\"wp-block-heading\" id=\"h-extra-el-santuario-del-corredor\">Extra: el santuario del Corredor<\/h2>\n\n\n\n<p>Este templo del siglo XVI est\u00e1 casi <strong>en la cima de la sierra <\/strong>con la que comparte nombre (642 metros). Su origen fue una capilla construida por Salvi Arenas, un campesino de la zona que tambi\u00e9n se encarg\u00f3 de la imagen que hab\u00eda originalmente de Nuestra Se\u00f1ora del Socorro (a la que est\u00e1 consagrado el templo) y que se sustituy\u00f3 en el siglo XIX. Su estilo arquitect\u00f3nico es el g\u00f3tico tard\u00edo.&nbsp;<\/p>\n\n\n\n<figure class=\"wp-block-image size-large\"><img loading=\"lazy\" decoding=\"async\" width=\"1024\" height=\"768\" src=\"https:\/\/www.escapadarural.com\/blog\/wp-content\/uploads\/2025\/12\/Santuari_del_Corredor-1024x768.jpg\" alt=\"Santuario del Corredor. Por \u00c0lex.\" class=\"wp-image-211960\" srcset=\"https:\/\/www.escapadarural.com\/blog\/wp-content\/uploads\/2025\/12\/Santuari_del_Corredor-200x150.jpg 200w, https:\/\/www.escapadarural.com\/blog\/wp-content\/uploads\/2025\/12\/Santuari_del_Corredor-300x225.jpg 300w, https:\/\/www.escapadarural.com\/blog\/wp-content\/uploads\/2025\/12\/Santuari_del_Corredor-400x300.jpg 400w, https:\/\/www.escapadarural.com\/blog\/wp-content\/uploads\/2025\/12\/Santuari_del_Corredor-600x450.jpg 600w, https:\/\/www.escapadarural.com\/blog\/wp-content\/uploads\/2025\/12\/Santuari_del_Corredor-768x576.jpg 768w, https:\/\/www.escapadarural.com\/blog\/wp-content\/uploads\/2025\/12\/Santuari_del_Corredor-800x600.jpg 800w, https:\/\/www.escapadarural.com\/blog\/wp-content\/uploads\/2025\/12\/Santuari_del_Corredor-1024x768.jpg 1024w, https:\/\/www.escapadarural.com\/blog\/wp-content\/uploads\/2025\/12\/Santuari_del_Corredor-1200x900.jpg 1200w, https:\/\/www.escapadarural.com\/blog\/wp-content\/uploads\/2025\/12\/Santuari_del_Corredor-1536x1152.jpg 1536w, https:\/\/www.escapadarural.com\/blog\/wp-content\/uploads\/2025\/12\/Santuari_del_Corredor.jpg 1600w\" sizes=\"auto, (max-width: 1024px) 100vw, 1024px\" \/><figcaption class=\"wp-element-caption\">Santuario del Corredor, Barcelona. Por <a href=\"https:\/\/commons.wikimedia.org\/wiki\/File:Santuari_del_Corredor.JPG\" target=\"_blank\" rel=\"noreferrer noopener nofollow\">\u00c0lex<\/a>.<\/figcaption><\/figure>\n\n\n\n<p>Llegar hasta all\u00ed aumenta la longitud de la <strong>ruta hasta los 9,8 kil\u00f3metros<\/strong> y la duraci\u00f3n llega a las 3 horas y 45 minutos. Esta parte ya no es inclusiva y requiere cierta resistencia f\u00edsica, est\u00e1 recomendada principalmente para adultos en buena forma. Quienes la completen con hambre pueden aprovechar para darse un homenaje, porque ahora hay un restaurante.<\/p>\n\n\n\n<p>Como curiosidad, dentro del Parque Natural de El Montnegre i el Corredor, en Dosrius, est\u00e1 la <strong>reserva de burros Rukimon<\/strong>. En este lugar viven alrededor de 50 asnos de varias razas en peligro de extinci\u00f3n (entre ellas, el burro catal\u00e1n). Dentro de sus 10 hect\u00e1reas de extensi\u00f3n, hay una parte que est\u00e1 abierta a visitantes que quieran interactuar con los animales y conocer el entorno en el que habitan. Es una actividad recomendada tanto para los m\u00e1s peque\u00f1os de la casa como para los adultos.&nbsp;<\/p>\n","protected":false},"excerpt":{"rendered":"<p>La ruta al dolmen de Ca l&#8217;Arenes est\u00e1 llena de posibilidades, adem\u00e1s de ser inclusiva. Puede ser m\u00e1s corta o m\u00e1s larga seg\u00fan los que participen en la excursi\u00f3n y no solo aporta ense\u00f1anzas hist\u00f3ricas sino tambi\u00e9n vistas a una zona natural no siempre apreciada en su totalidad. <\/p>\n","protected":false},"author":114,"featured_media":211956,"comment_status":"open","ping_status":"open","sticky":false,"template":"","format":"standard","meta":{"_acf_changed":false,"om_disable_all_campaigns":false,"footnotes":""},"categories":[191,1379],"tags":[211,5994,6720,6732,218,6721,6731,6099,6087],"class_list":["post-211954","post","type-post","status-publish","format-standard","has-post-thumbnail","hentry","category-destinos","category-rutas-y-excursiones","tag-que-ver-en-barcelona","tag-que-ver-en-cataluna","tag-dolmen-de-ca-larenes","tag-dosrius","tag-historia","tag-inclusiva","tag-parque-natural-de-el-montnegre-i-el-corredor","tag-ruta","tag-senderismo"],"acf":[],"featured_image_src":"https:\/\/www.escapadarural.com\/blog\/wp-content\/uploads\/2025\/12\/AdobeStock_82486277_dolmen_arenes-scaled.jpeg","author_info":{"display_name":"Carmen L\u00f3pez","author_link":"https:\/\/www.escapadarural.com\/blog\/autor\/carmenlopez\/"},"yoast_head":"<!-- This site is optimized with the Yoast SEO plugin v27.5 - https:\/\/yoast.com\/product\/yoast-seo-wordpress\/ -->\n<title>Dolmen de Ca l&#039;Arenes: una ruta hist\u00f3rica e inclusiva en Barcelona - EscapadaRural<\/title>\n<meta name=\"description\" content=\"La ruta al dolmen de Ca l&#039;Arenes, en Barcelona, es inclusiva. Puede ser m\u00e1s corta o m\u00e1s larga seg\u00fan los que participen en la excursi\u00f3n\" \/>\n<meta name=\"robots\" content=\"index, follow, max-snippet:-1, max-image-preview:large, max-video-preview:-1\" \/>\n<link rel=\"canonical\" href=\"https:\/\/www.escapadarural.com\/blog\/ruta-inclusiva-dolmen-de-ca-larenes-barcelona\/\" \/>\n<meta property=\"og:locale\" content=\"es_ES\" \/>\n<meta property=\"og:type\" content=\"article\" \/>\n<meta property=\"og:title\" content=\"Dolmen de Ca l&#039;Arenes: una ruta hist\u00f3rica e inclusiva en Barcelona - EscapadaRural\" \/>\n<meta property=\"og:description\" content=\"La ruta al dolmen de Ca l&#039;Arenes, en Barcelona, es inclusiva. Puede ser m\u00e1s corta o m\u00e1s larga seg\u00fan los que participen en la excursi\u00f3n\" \/>\n<meta property=\"og:url\" content=\"https:\/\/www.escapadarural.com\/blog\/ruta-inclusiva-dolmen-de-ca-larenes-barcelona\/\" \/>\n<meta property=\"og:site_name\" content=\"Magazine de viajes de EscapadaRural\" \/>\n<meta property=\"article:publisher\" content=\"https:\/\/www.facebook.com\/escapadarural\" \/>\n<meta property=\"article:published_time\" content=\"2026-01-11T07:55:00+00:00\" \/>\n<meta property=\"article:modified_time\" content=\"2026-03-13T13:55:32+00:00\" \/>\n<meta property=\"og:image\" content=\"https:\/\/www.escapadarural.com\/blog\/wp-content\/uploads\/2025\/12\/AdobeStock_82486277_dolmen_arenes-scaled.jpeg?v=1773410133\" \/>\n\t<meta property=\"og:image:width\" content=\"2048\" \/>\n\t<meta property=\"og:image:height\" content=\"1151\" \/>\n\t<meta property=\"og:image:type\" content=\"image\/jpeg\" \/>\n<meta name=\"author\" content=\"Carmen L\u00f3pez\" \/>\n<meta name=\"twitter:card\" content=\"summary_large_image\" \/>\n<meta name=\"twitter:label1\" content=\"Escrito por\" \/>\n\t<meta name=\"twitter:data1\" content=\"Carmen L\u00f3pez\" \/>\n\t<meta name=\"twitter:label2\" content=\"Tiempo de lectura\" \/>\n\t<meta name=\"twitter:data2\" content=\"5 minutos\" \/>\n<script type=\"application\/ld+json\" class=\"yoast-schema-graph\">{\"@context\":\"https:\\\/\\\/schema.org\",\"@graph\":[{\"@type\":\"Article\",\"@id\":\"https:\\\/\\\/www.escapadarural.com\\\/blog\\\/ruta-inclusiva-dolmen-de-ca-larenes-barcelona\\\/#article\",\"isPartOf\":{\"@id\":\"https:\\\/\\\/www.escapadarural.com\\\/blog\\\/ruta-inclusiva-dolmen-de-ca-larenes-barcelona\\\/\"},\"author\":{\"name\":\"Carmen L\u00f3pez\",\"@id\":\"https:\\\/\\\/www.escapadarural.com\\\/blog\\\/#\\\/schema\\\/person\\\/42dfdff6118172efc6a04c8ae599a2ce\"},\"headline\":\"Dolmen de Ca l&#8217;Arenes: una ruta hist\u00f3rica e inclusiva en Barcelona\",\"datePublished\":\"2026-01-11T07:55:00+00:00\",\"dateModified\":\"2026-03-13T13:55:32+00:00\",\"mainEntityOfPage\":{\"@id\":\"https:\\\/\\\/www.escapadarural.com\\\/blog\\\/ruta-inclusiva-dolmen-de-ca-larenes-barcelona\\\/\"},\"wordCount\":944,\"commentCount\":0,\"publisher\":{\"@id\":\"https:\\\/\\\/www.escapadarural.com\\\/blog\\\/#organization\"},\"image\":{\"@id\":\"https:\\\/\\\/www.escapadarural.com\\\/blog\\\/ruta-inclusiva-dolmen-de-ca-larenes-barcelona\\\/#primaryimage\"},\"thumbnailUrl\":\"https:\\\/\\\/www.escapadarural.com\\\/blog\\\/wp-content\\\/uploads\\\/2025\\\/12\\\/AdobeStock_82486277_dolmen_arenes-scaled.jpeg\",\"keywords\":[\"Barcelona\",\"Catalu\u00f1a\",\"dolmen de Ca l'Arenes\",\"Dosrius\",\"Historia\",\"inclusiva\",\"Parque Natural de El Montnegre i el Corredor\",\"ruta\",\"senderismo\"],\"articleSection\":[\"Destinos\",\"Rutas y excursiones\"],\"inLanguage\":\"es\",\"potentialAction\":[{\"@type\":\"CommentAction\",\"name\":\"Comment\",\"target\":[\"https:\\\/\\\/www.escapadarural.com\\\/blog\\\/ruta-inclusiva-dolmen-de-ca-larenes-barcelona\\\/#respond\"]}]},{\"@type\":\"WebPage\",\"@id\":\"https:\\\/\\\/www.escapadarural.com\\\/blog\\\/ruta-inclusiva-dolmen-de-ca-larenes-barcelona\\\/\",\"url\":\"https:\\\/\\\/www.escapadarural.com\\\/blog\\\/ruta-inclusiva-dolmen-de-ca-larenes-barcelona\\\/\",\"name\":\"Dolmen de Ca l'Arenes: una ruta hist\u00f3rica e inclusiva en Barcelona - EscapadaRural\",\"isPartOf\":{\"@id\":\"https:\\\/\\\/www.escapadarural.com\\\/blog\\\/#website\"},\"primaryImageOfPage\":{\"@id\":\"https:\\\/\\\/www.escapadarural.com\\\/blog\\\/ruta-inclusiva-dolmen-de-ca-larenes-barcelona\\\/#primaryimage\"},\"image\":{\"@id\":\"https:\\\/\\\/www.escapadarural.com\\\/blog\\\/ruta-inclusiva-dolmen-de-ca-larenes-barcelona\\\/#primaryimage\"},\"thumbnailUrl\":\"https:\\\/\\\/www.escapadarural.com\\\/blog\\\/wp-content\\\/uploads\\\/2025\\\/12\\\/AdobeStock_82486277_dolmen_arenes-scaled.jpeg\",\"datePublished\":\"2026-01-11T07:55:00+00:00\",\"dateModified\":\"2026-03-13T13:55:32+00:00\",\"description\":\"La ruta al dolmen de Ca l'Arenes, en Barcelona, es inclusiva. Puede ser m\u00e1s corta o m\u00e1s larga seg\u00fan los que participen en la excursi\u00f3n\",\"breadcrumb\":{\"@id\":\"https:\\\/\\\/www.escapadarural.com\\\/blog\\\/ruta-inclusiva-dolmen-de-ca-larenes-barcelona\\\/#breadcrumb\"},\"inLanguage\":\"es\",\"potentialAction\":[{\"@type\":\"ReadAction\",\"target\":[\"https:\\\/\\\/www.escapadarural.com\\\/blog\\\/ruta-inclusiva-dolmen-de-ca-larenes-barcelona\\\/\"]}]},{\"@type\":\"ImageObject\",\"inLanguage\":\"es\",\"@id\":\"https:\\\/\\\/www.escapadarural.com\\\/blog\\\/ruta-inclusiva-dolmen-de-ca-larenes-barcelona\\\/#primaryimage\",\"url\":\"https:\\\/\\\/www.escapadarural.com\\\/blog\\\/wp-content\\\/uploads\\\/2025\\\/12\\\/AdobeStock_82486277_dolmen_arenes-scaled.jpeg\",\"contentUrl\":\"https:\\\/\\\/www.escapadarural.com\\\/blog\\\/wp-content\\\/uploads\\\/2025\\\/12\\\/AdobeStock_82486277_dolmen_arenes-scaled.jpeg\",\"width\":2048,\"height\":1151,\"caption\":\"Dolmen de Ca l'Arenes, Barcelona. Por jalvarezg.\"},{\"@type\":\"BreadcrumbList\",\"@id\":\"https:\\\/\\\/www.escapadarural.com\\\/blog\\\/ruta-inclusiva-dolmen-de-ca-larenes-barcelona\\\/#breadcrumb\",\"itemListElement\":[{\"@type\":\"ListItem\",\"position\":1,\"name\":\"Inicio\",\"item\":\"https:\\\/\\\/www.escapadarural.com\\\/blog\\\/\"},{\"@type\":\"ListItem\",\"position\":2,\"name\":\"Rutas y excursiones\",\"item\":\"https:\\\/\\\/www.escapadarural.com\\\/blog\\\/categoria\\\/rutas-y-excursiones\\\/\"},{\"@type\":\"ListItem\",\"position\":3,\"name\":\"Dolmen de Ca l&#8217;Arenes: una ruta hist\u00f3rica e inclusiva en Barcelona\"}]},{\"@type\":\"WebSite\",\"@id\":\"https:\\\/\\\/www.escapadarural.com\\\/blog\\\/#website\",\"url\":\"https:\\\/\\\/www.escapadarural.com\\\/blog\\\/\",\"name\":\"Blog de viajes | turismo rural, alojamientos e inspiraci\u00f3n\",\"description\":\"Alojamientos rurales e inspiraci\u00f3n para tus escapadas\",\"publisher\":{\"@id\":\"https:\\\/\\\/www.escapadarural.com\\\/blog\\\/#organization\"},\"alternateName\":\"Magazine de viajes de EscapadaRural\",\"potentialAction\":[{\"@type\":\"SearchAction\",\"target\":{\"@type\":\"EntryPoint\",\"urlTemplate\":\"https:\\\/\\\/www.escapadarural.com\\\/blog\\\/?s={search_term_string}\"},\"query-input\":{\"@type\":\"PropertyValueSpecification\",\"valueRequired\":true,\"valueName\":\"search_term_string\"}}],\"inLanguage\":\"es\"},{\"@type\":\"Organization\",\"@id\":\"https:\\\/\\\/www.escapadarural.com\\\/blog\\\/#organization\",\"name\":\"EscapadaRural\",\"url\":\"https:\\\/\\\/www.escapadarural.com\\\/blog\\\/\",\"logo\":{\"@type\":\"ImageObject\",\"inLanguage\":\"es\",\"@id\":\"https:\\\/\\\/www.escapadarural.com\\\/blog\\\/#\\\/schema\\\/logo\\\/image\\\/\",\"url\":\"https:\\\/\\\/www.escapadarural.com\\\/blog\\\/wp-content\\\/uploads\\\/2024\\\/10\\\/cropped-cropped-escapada-rural-icon-mag-3.png\",\"contentUrl\":\"https:\\\/\\\/www.escapadarural.com\\\/blog\\\/wp-content\\\/uploads\\\/2024\\\/10\\\/cropped-cropped-escapada-rural-icon-mag-3.png\",\"width\":512,\"height\":512,\"caption\":\"EscapadaRural\"},\"image\":{\"@id\":\"https:\\\/\\\/www.escapadarural.com\\\/blog\\\/#\\\/schema\\\/logo\\\/image\\\/\"},\"sameAs\":[\"https:\\\/\\\/www.facebook.com\\\/escapadarural\",\"https:\\\/\\\/www.instagram.com\\\/escapadarural\\\/\",\"https:\\\/\\\/www.youtube.com\\\/@escapadaruralcom\"]},{\"@type\":\"Person\",\"@id\":\"https:\\\/\\\/www.escapadarural.com\\\/blog\\\/#\\\/schema\\\/person\\\/42dfdff6118172efc6a04c8ae599a2ce\",\"name\":\"Carmen L\u00f3pez\",\"image\":{\"@type\":\"ImageObject\",\"inLanguage\":\"es\",\"@id\":\"https:\\\/\\\/www.escapadarural.com\\\/blog\\\/wp-content\\\/uploads\\\/2024\\\/11\\\/cropped-perfil_eldiario-96x96-1-96x96.jpeg\",\"url\":\"https:\\\/\\\/www.escapadarural.com\\\/blog\\\/wp-content\\\/uploads\\\/2024\\\/11\\\/cropped-perfil_eldiario-96x96-1-96x96.jpeg\",\"contentUrl\":\"https:\\\/\\\/www.escapadarural.com\\\/blog\\\/wp-content\\\/uploads\\\/2024\\\/11\\\/cropped-perfil_eldiario-96x96-1-96x96.jpeg\",\"caption\":\"Carmen L\u00f3pez\"},\"description\":\"Soy periodista y escribo sobre cosas que importan en sitios que interesan desde hace m\u00e1s de una d\u00e9cada.\",\"url\":\"https:\\\/\\\/www.escapadarural.com\\\/blog\\\/autor\\\/carmenlopez\\\/\"}]}<\/script>\n<!-- \/ Yoast SEO plugin. -->","yoast_head_json":{"title":"Dolmen de Ca l'Arenes: una ruta hist\u00f3rica e inclusiva en Barcelona - EscapadaRural","description":"La ruta al dolmen de Ca l'Arenes, en Barcelona, es inclusiva. Puede ser m\u00e1s corta o m\u00e1s larga seg\u00fan los que participen en la excursi\u00f3n","robots":{"index":"index","follow":"follow","max-snippet":"max-snippet:-1","max-image-preview":"max-image-preview:large","max-video-preview":"max-video-preview:-1"},"canonical":"https:\/\/www.escapadarural.com\/blog\/ruta-inclusiva-dolmen-de-ca-larenes-barcelona\/","og_locale":"es_ES","og_type":"article","og_title":"Dolmen de Ca l'Arenes: una ruta hist\u00f3rica e inclusiva en Barcelona - EscapadaRural","og_description":"La ruta al dolmen de Ca l'Arenes, en Barcelona, es inclusiva. Puede ser m\u00e1s corta o m\u00e1s larga seg\u00fan los que participen en la excursi\u00f3n","og_url":"https:\/\/www.escapadarural.com\/blog\/ruta-inclusiva-dolmen-de-ca-larenes-barcelona\/","og_site_name":"Magazine de viajes de EscapadaRural","article_publisher":"https:\/\/www.facebook.com\/escapadarural","article_published_time":"2026-01-11T07:55:00+00:00","article_modified_time":"2026-03-13T13:55:32+00:00","og_image":[{"width":2048,"height":1151,"url":"https:\/\/www.escapadarural.com\/blog\/wp-content\/uploads\/2025\/12\/AdobeStock_82486277_dolmen_arenes-scaled.jpeg?v=1773410133","type":"image\/jpeg"}],"author":"Carmen L\u00f3pez","twitter_card":"summary_large_image","twitter_misc":{"Escrito por":"Carmen L\u00f3pez","Tiempo de lectura":"5 minutos"},"schema":{"@context":"https:\/\/schema.org","@graph":[{"@type":"Article","@id":"https:\/\/www.escapadarural.com\/blog\/ruta-inclusiva-dolmen-de-ca-larenes-barcelona\/#article","isPartOf":{"@id":"https:\/\/www.escapadarural.com\/blog\/ruta-inclusiva-dolmen-de-ca-larenes-barcelona\/"},"author":{"name":"Carmen L\u00f3pez","@id":"https:\/\/www.escapadarural.com\/blog\/#\/schema\/person\/42dfdff6118172efc6a04c8ae599a2ce"},"headline":"Dolmen de Ca l&#8217;Arenes: una ruta hist\u00f3rica e inclusiva en Barcelona","datePublished":"2026-01-11T07:55:00+00:00","dateModified":"2026-03-13T13:55:32+00:00","mainEntityOfPage":{"@id":"https:\/\/www.escapadarural.com\/blog\/ruta-inclusiva-dolmen-de-ca-larenes-barcelona\/"},"wordCount":944,"commentCount":0,"publisher":{"@id":"https:\/\/www.escapadarural.com\/blog\/#organization"},"image":{"@id":"https:\/\/www.escapadarural.com\/blog\/ruta-inclusiva-dolmen-de-ca-larenes-barcelona\/#primaryimage"},"thumbnailUrl":"https:\/\/www.escapadarural.com\/blog\/wp-content\/uploads\/2025\/12\/AdobeStock_82486277_dolmen_arenes-scaled.jpeg","keywords":["Barcelona","Catalu\u00f1a","dolmen de Ca l'Arenes","Dosrius","Historia","inclusiva","Parque Natural de El Montnegre i el Corredor","ruta","senderismo"],"articleSection":["Destinos","Rutas y excursiones"],"inLanguage":"es","potentialAction":[{"@type":"CommentAction","name":"Comment","target":["https:\/\/www.escapadarural.com\/blog\/ruta-inclusiva-dolmen-de-ca-larenes-barcelona\/#respond"]}]},{"@type":"WebPage","@id":"https:\/\/www.escapadarural.com\/blog\/ruta-inclusiva-dolmen-de-ca-larenes-barcelona\/","url":"https:\/\/www.escapadarural.com\/blog\/ruta-inclusiva-dolmen-de-ca-larenes-barcelona\/","name":"Dolmen de Ca l'Arenes: una ruta hist\u00f3rica e inclusiva en Barcelona - EscapadaRural","isPartOf":{"@id":"https:\/\/www.escapadarural.com\/blog\/#website"},"primaryImageOfPage":{"@id":"https:\/\/www.escapadarural.com\/blog\/ruta-inclusiva-dolmen-de-ca-larenes-barcelona\/#primaryimage"},"image":{"@id":"https:\/\/www.escapadarural.com\/blog\/ruta-inclusiva-dolmen-de-ca-larenes-barcelona\/#primaryimage"},"thumbnailUrl":"https:\/\/www.escapadarural.com\/blog\/wp-content\/uploads\/2025\/12\/AdobeStock_82486277_dolmen_arenes-scaled.jpeg","datePublished":"2026-01-11T07:55:00+00:00","dateModified":"2026-03-13T13:55:32+00:00","description":"La ruta al dolmen de Ca l'Arenes, en Barcelona, es inclusiva. Puede ser m\u00e1s corta o m\u00e1s larga seg\u00fan los que participen en la excursi\u00f3n","breadcrumb":{"@id":"https:\/\/www.escapadarural.com\/blog\/ruta-inclusiva-dolmen-de-ca-larenes-barcelona\/#breadcrumb"},"inLanguage":"es","potentialAction":[{"@type":"ReadAction","target":["https:\/\/www.escapadarural.com\/blog\/ruta-inclusiva-dolmen-de-ca-larenes-barcelona\/"]}]},{"@type":"ImageObject","inLanguage":"es","@id":"https:\/\/www.escapadarural.com\/blog\/ruta-inclusiva-dolmen-de-ca-larenes-barcelona\/#primaryimage","url":"https:\/\/www.escapadarural.com\/blog\/wp-content\/uploads\/2025\/12\/AdobeStock_82486277_dolmen_arenes-scaled.jpeg","contentUrl":"https:\/\/www.escapadarural.com\/blog\/wp-content\/uploads\/2025\/12\/AdobeStock_82486277_dolmen_arenes-scaled.jpeg","width":2048,"height":1151,"caption":"Dolmen de Ca l'Arenes, Barcelona. Por jalvarezg."},{"@type":"BreadcrumbList","@id":"https:\/\/www.escapadarural.com\/blog\/ruta-inclusiva-dolmen-de-ca-larenes-barcelona\/#breadcrumb","itemListElement":[{"@type":"ListItem","position":1,"name":"Inicio","item":"https:\/\/www.escapadarural.com\/blog\/"},{"@type":"ListItem","position":2,"name":"Rutas y excursiones","item":"https:\/\/www.escapadarural.com\/blog\/categoria\/rutas-y-excursiones\/"},{"@type":"ListItem","position":3,"name":"Dolmen de Ca l&#8217;Arenes: una ruta hist\u00f3rica e inclusiva en Barcelona"}]},{"@type":"WebSite","@id":"https:\/\/www.escapadarural.com\/blog\/#website","url":"https:\/\/www.escapadarural.com\/blog\/","name":"Blog de viajes | turismo rural, alojamientos e inspiraci\u00f3n","description":"Alojamientos rurales e inspiraci\u00f3n para tus escapadas","publisher":{"@id":"https:\/\/www.escapadarural.com\/blog\/#organization"},"alternateName":"Magazine de viajes de EscapadaRural","potentialAction":[{"@type":"SearchAction","target":{"@type":"EntryPoint","urlTemplate":"https:\/\/www.escapadarural.com\/blog\/?s={search_term_string}"},"query-input":{"@type":"PropertyValueSpecification","valueRequired":true,"valueName":"search_term_string"}}],"inLanguage":"es"},{"@type":"Organization","@id":"https:\/\/www.escapadarural.com\/blog\/#organization","name":"EscapadaRural","url":"https:\/\/www.escapadarural.com\/blog\/","logo":{"@type":"ImageObject","inLanguage":"es","@id":"https:\/\/www.escapadarural.com\/blog\/#\/schema\/logo\/image\/","url":"https:\/\/www.escapadarural.com\/blog\/wp-content\/uploads\/2024\/10\/cropped-cropped-escapada-rural-icon-mag-3.png","contentUrl":"https:\/\/www.escapadarural.com\/blog\/wp-content\/uploads\/2024\/10\/cropped-cropped-escapada-rural-icon-mag-3.png","width":512,"height":512,"caption":"EscapadaRural"},"image":{"@id":"https:\/\/www.escapadarural.com\/blog\/#\/schema\/logo\/image\/"},"sameAs":["https:\/\/www.facebook.com\/escapadarural","https:\/\/www.instagram.com\/escapadarural\/","https:\/\/www.youtube.com\/@escapadaruralcom"]},{"@type":"Person","@id":"https:\/\/www.escapadarural.com\/blog\/#\/schema\/person\/42dfdff6118172efc6a04c8ae599a2ce","name":"Carmen L\u00f3pez","image":{"@type":"ImageObject","inLanguage":"es","@id":"https:\/\/www.escapadarural.com\/blog\/wp-content\/uploads\/2024\/11\/cropped-perfil_eldiario-96x96-1-96x96.jpeg","url":"https:\/\/www.escapadarural.com\/blog\/wp-content\/uploads\/2024\/11\/cropped-perfil_eldiario-96x96-1-96x96.jpeg","contentUrl":"https:\/\/www.escapadarural.com\/blog\/wp-content\/uploads\/2024\/11\/cropped-perfil_eldiario-96x96-1-96x96.jpeg","caption":"Carmen L\u00f3pez"},"description":"Soy periodista y escribo sobre cosas que importan en sitios que interesan desde hace m\u00e1s de una d\u00e9cada.","url":"https:\/\/www.escapadarural.com\/blog\/autor\/carmenlopez\/"}]}},"_links":{"self":[{"href":"https:\/\/www.escapadarural.com\/blog\/wp-json\/wp\/v2\/posts\/211954","targetHints":{"allow":["GET"]}}],"collection":[{"href":"https:\/\/www.escapadarural.com\/blog\/wp-json\/wp\/v2\/posts"}],"about":[{"href":"https:\/\/www.escapadarural.com\/blog\/wp-json\/wp\/v2\/types\/post"}],"author":[{"embeddable":true,"href":"https:\/\/www.escapadarural.com\/blog\/wp-json\/wp\/v2\/users\/114"}],"replies":[{"embeddable":true,"href":"https:\/\/www.escapadarural.com\/blog\/wp-json\/wp\/v2\/comments?post=211954"}],"version-history":[{"count":0,"href":"https:\/\/www.escapadarural.com\/blog\/wp-json\/wp\/v2\/posts\/211954\/revisions"}],"wp:featuredmedia":[{"embeddable":true,"href":"https:\/\/www.escapadarural.com\/blog\/wp-json\/wp\/v2\/media\/211956"}],"wp:attachment":[{"href":"https:\/\/www.escapadarural.com\/blog\/wp-json\/wp\/v2\/media?parent=211954"}],"wp:term":[{"taxonomy":"category","embeddable":true,"href":"https:\/\/www.escapadarural.com\/blog\/wp-json\/wp\/v2\/categories?post=211954"},{"taxonomy":"post_tag","embeddable":true,"href":"https:\/\/www.escapadarural.com\/blog\/wp-json\/wp\/v2\/tags?post=211954"}],"curies":[{"name":"wp","href":"https:\/\/api.w.org\/{rel}","templated":true}]}}