{"id":211978,"date":"2026-01-13T10:44:14","date_gmt":"2026-01-13T09:44:14","guid":{"rendered":"https:\/\/www.escapadarural.com\/blog\/?p=211978"},"modified":"2026-03-13T14:57:31","modified_gmt":"2026-03-13T13:57:31","slug":"casa-del-moliner-alojamiento-rural-de-arnau-paris","status":"publish","type":"post","link":"https:\/\/www.escapadarural.com\/blog\/casa-del-moliner-alojamiento-rural-de-arnau-paris\/","title":{"rendered":"Los secretos de Casa del Moliner, el alojamiento rural de un ganador de MasterChef"},"content":{"rendered":"\n<figure class=\"wp-block-image size-large\"><img loading=\"lazy\" decoding=\"async\" width=\"1024\" height=\"575\" src=\"https:\/\/www.escapadarural.com\/blog\/wp-content\/uploads\/2026\/01\/Casa-del-Moliner-1-1024x575.jpg\" alt=\"Casa del Moliner, en Lleida\" class=\"wp-image-212091\" srcset=\"https:\/\/www.escapadarural.com\/blog\/wp-content\/uploads\/2026\/01\/Casa-del-Moliner-1-200x112.jpg 200w, https:\/\/www.escapadarural.com\/blog\/wp-content\/uploads\/2026\/01\/Casa-del-Moliner-1-300x169.jpg 300w, https:\/\/www.escapadarural.com\/blog\/wp-content\/uploads\/2026\/01\/Casa-del-Moliner-1-400x225.jpg 400w, https:\/\/www.escapadarural.com\/blog\/wp-content\/uploads\/2026\/01\/Casa-del-Moliner-1-600x337.jpg 600w, https:\/\/www.escapadarural.com\/blog\/wp-content\/uploads\/2026\/01\/Casa-del-Moliner-1-768x432.jpg 768w, https:\/\/www.escapadarural.com\/blog\/wp-content\/uploads\/2026\/01\/Casa-del-Moliner-1-800x450.jpg 800w, https:\/\/www.escapadarural.com\/blog\/wp-content\/uploads\/2026\/01\/Casa-del-Moliner-1-1024x575.jpg 1024w, https:\/\/www.escapadarural.com\/blog\/wp-content\/uploads\/2026\/01\/Casa-del-Moliner-1-1200x674.jpg 1200w, https:\/\/www.escapadarural.com\/blog\/wp-content\/uploads\/2026\/01\/Casa-del-Moliner-1-1536x863.jpg 1536w\" sizes=\"auto, (max-width: 1024px) 100vw, 1024px\" \/><figcaption class=\"wp-element-caption\">Casa del Moliner, en Lleida<\/figcaption><\/figure>\n\n\n\n<p>Los aficionados a la <a href=\"\/blog\/tag\/gastronomia\">gastronom\u00eda<\/a>, sobre todo quienes la disfrutan en la televisi\u00f3n, reconocer\u00e1n enseguida el nombre de Arnau Par\u00eds. <strong>Ganador del programa <em><a href=\"\/blog\/pueblos-de-masterchef\/\">MasterChef<\/a><\/em> en 2021<\/strong>, ahora es colaborador habitual en el espacio <em>Cuines <\/em>de TV3. Pero no es la \u00fanica actividad en la que se centra su cotidianidad, sino que su vida laboral actual se centra en la gesti\u00f3n global del Mol\u00ed la Vansa, al que pertenece su alojamiento rural <a href=\"\/casa-rural\/lleida\/casa-del-moliner\">Casa del Moliner<\/a>. Est\u00e1 en <a href=\"\/casas-rurales\/boada\">Boada<\/a>, un peque\u00f1o pueblo de Lleida. <\/p>\n\n\n\n<div class=\"wp-block-buttons is-layout-flex wp-block-buttons-is-layout-flex\">\n<div class=\"wp-block-button\"><a class=\"wp-block-button__link wp-element-button\" href=\"\/casa-rural\/lleida\/casa-del-moliner\" target=\"_blank\" rel=\"noreferrer noopener\">Reservar<\/a><\/div>\n<\/div>\n\n\n\n<h2 class=\"wp-block-heading\" id=\"h-la-casa-forma-parte-del-proyecto-moli-la-vansa\">La casa forma parte del proyecto Mol\u00ed la Vansa<\/h2>\n\n\n\n<figure class=\"wp-block-image size-large\"><img loading=\"lazy\" decoding=\"async\" width=\"1024\" height=\"768\" src=\"https:\/\/www.escapadarural.com\/blog\/wp-content\/uploads\/2026\/01\/Casa-del-Moliner-1024x768.jpg\" alt=\"Casa del Moliner\" class=\"wp-image-212090\" srcset=\"https:\/\/www.escapadarural.com\/blog\/wp-content\/uploads\/2026\/01\/Casa-del-Moliner-200x150.jpg 200w, https:\/\/www.escapadarural.com\/blog\/wp-content\/uploads\/2026\/01\/Casa-del-Moliner-300x225.jpg 300w, https:\/\/www.escapadarural.com\/blog\/wp-content\/uploads\/2026\/01\/Casa-del-Moliner-400x300.jpg 400w, https:\/\/www.escapadarural.com\/blog\/wp-content\/uploads\/2026\/01\/Casa-del-Moliner-600x450.jpg 600w, https:\/\/www.escapadarural.com\/blog\/wp-content\/uploads\/2026\/01\/Casa-del-Moliner-768x576.jpg 768w, https:\/\/www.escapadarural.com\/blog\/wp-content\/uploads\/2026\/01\/Casa-del-Moliner-800x600.jpg 800w, https:\/\/www.escapadarural.com\/blog\/wp-content\/uploads\/2026\/01\/Casa-del-Moliner-1024x768.jpg 1024w, https:\/\/www.escapadarural.com\/blog\/wp-content\/uploads\/2026\/01\/Casa-del-Moliner-1200x900.jpg 1200w, https:\/\/www.escapadarural.com\/blog\/wp-content\/uploads\/2026\/01\/Casa-del-Moliner-1536x1152.jpg 1536w\" sizes=\"auto, (max-width: 1024px) 100vw, 1024px\" \/><figcaption class=\"wp-element-caption\">Casa del Moliner, Lleida<\/figcaption><\/figure>\n\n\n\n<p>Para entender bien la historia de este espacio de producci\u00f3n pero tambi\u00e9n de descanso, EscapadaRural le ha hecho una serie de preguntas a Arnau Par\u00eds. Y la primera es cu\u00e1l es la relaci\u00f3n de <strong>su familia con la mas\u00eda<\/strong>, porque no es una adquisici\u00f3n nueva ni mucho menos. El edificio les pertenece desde hace generaciones y su actual actividad responde a \u2018un camino del rev\u00e9s\u2019: de <a href=\"\/casas-rurales\/boada\">Boada<\/a>, en <a href=\"\/casas-rurales\/lleida\">Lleida<\/a>, a Barcelona; y de ah\u00ed de nuevo al inicio.<\/p>\n\n\n\n<p>\u201cLa Casa del Moliner forma parte del proyecto <strong>Mol\u00ed la Vansa<\/strong>, impulsado por la familia Par\u00eds como una manera de recuperar el v\u00ednculo con el territorio y con la actividad agr\u00edcola\u201d, dice el chef. \u201cLos abuelos emigraron a Barcelona y los hijos de estos hicieron el camino a la inversa, para recuperar un proyecto ligado al campo\u201d.<\/p>\n\n\n\n<figure class=\"wp-block-image size-large\"><img loading=\"lazy\" decoding=\"async\" width=\"1024\" height=\"842\" src=\"https:\/\/www.escapadarural.com\/blog\/wp-content\/uploads\/2025\/12\/Captura-de-pantalla-2025-12-28-a-las-20.21.11-1024x842.png\" alt=\"Arnau Paris en Mol\u00ed la Vansa.\" class=\"wp-image-211981\" srcset=\"https:\/\/www.escapadarural.com\/blog\/wp-content\/uploads\/2025\/12\/Captura-de-pantalla-2025-12-28-a-las-20.21.11-200x165.png 200w, https:\/\/www.escapadarural.com\/blog\/wp-content\/uploads\/2025\/12\/Captura-de-pantalla-2025-12-28-a-las-20.21.11-300x247.png 300w, https:\/\/www.escapadarural.com\/blog\/wp-content\/uploads\/2025\/12\/Captura-de-pantalla-2025-12-28-a-las-20.21.11-400x329.png 400w, https:\/\/www.escapadarural.com\/blog\/wp-content\/uploads\/2025\/12\/Captura-de-pantalla-2025-12-28-a-las-20.21.11-600x494.png 600w, https:\/\/www.escapadarural.com\/blog\/wp-content\/uploads\/2025\/12\/Captura-de-pantalla-2025-12-28-a-las-20.21.11-768x632.png 768w, https:\/\/www.escapadarural.com\/blog\/wp-content\/uploads\/2025\/12\/Captura-de-pantalla-2025-12-28-a-las-20.21.11-800x658.png 800w, https:\/\/www.escapadarural.com\/blog\/wp-content\/uploads\/2025\/12\/Captura-de-pantalla-2025-12-28-a-las-20.21.11-1024x842.png 1024w, https:\/\/www.escapadarural.com\/blog\/wp-content\/uploads\/2025\/12\/Captura-de-pantalla-2025-12-28-a-las-20.21.11-1200x987.png 1200w, https:\/\/www.escapadarural.com\/blog\/wp-content\/uploads\/2025\/12\/Captura-de-pantalla-2025-12-28-a-las-20.21.11-1536x1263.png 1536w, https:\/\/www.escapadarural.com\/blog\/wp-content\/uploads\/2025\/12\/Captura-de-pantalla-2025-12-28-a-las-20.21.11.png 1702w\" sizes=\"auto, (max-width: 1024px) 100vw, 1024px\" \/><figcaption class=\"wp-element-caption\">Arnau Par\u00eds en Mol\u00ed la Vansa.<\/figcaption><\/figure>\n\n\n\n<p>En el pasado, la <strong>Casa del Moliner<\/strong>, que ahora se alquila como alojamiento rural, estaba relacionada con la actividad del molino (por su nombre se puede deducir). Par\u00eds comenta que era el hospedaje de \u201clos trabajadores que participaban en la actividad agr\u00edcola\u201d. Ahora mismo, forma parte de una finca llamada <strong>Mol\u00ed la Vansa<\/strong>.&nbsp;<\/p>\n\n\n\n<h2 class=\"wp-block-heading\" id=\"h-molino-olivos-vinedos\">Molino, olivos, vi\u00f1edos&#8230;<\/h2>\n\n\n\n<p>\u00bfQu\u00e9 es exactamente <a href=\"https:\/\/www.molilavansa.com\/\" target=\"_blank\" rel=\"noreferrer noopener nofollow\">Mol\u00ed La Vansa<\/a>? \u201cEs el proyecto madre que engloba toda la actividad que se desarrolla en la finca: el molino de aceite, la bodega, los cultivos de olivo, la vi\u00f1a, el huerto, la granja, la gastronom\u00eda y la Casa del Moliner como espacio de acogida\u201d, afirma Par\u00eds. Para que no haya dudas, el <strong>alojamiento&nbsp;est\u00e1 disponible<\/strong> para los clientes durante todos los d\u00edas del a\u00f1o.<\/p>\n\n\n\n<p>La Casa del Moliner empez\u00f3 a funcionar <strong>como alojamiento rural<\/strong> cuando La Vansa ya estaba consolidada como iniciativa agr\u00edcola y productiva. Par\u00eds expone que \u201cse plantea desde el inicio como una extensi\u00f3n natural del proyecto: no solo para producir aceite y vino, sino tambi\u00e9n para vivir el proceso\u201d.<\/p>\n\n\n\n<figure class=\"wp-block-image size-large\"><img loading=\"lazy\" decoding=\"async\" width=\"1024\" height=\"810\" src=\"https:\/\/www.escapadarural.com\/blog\/wp-content\/uploads\/2025\/12\/Captura-de-pantalla-2025-12-28-a-las-20.23.58-1024x810.png\" alt=\"Arnau Par\u00eds, en la cocina. \" class=\"wp-image-211982\" srcset=\"https:\/\/www.escapadarural.com\/blog\/wp-content\/uploads\/2025\/12\/Captura-de-pantalla-2025-12-28-a-las-20.23.58-200x158.png 200w, https:\/\/www.escapadarural.com\/blog\/wp-content\/uploads\/2025\/12\/Captura-de-pantalla-2025-12-28-a-las-20.23.58-300x237.png 300w, https:\/\/www.escapadarural.com\/blog\/wp-content\/uploads\/2025\/12\/Captura-de-pantalla-2025-12-28-a-las-20.23.58-400x317.png 400w, https:\/\/www.escapadarural.com\/blog\/wp-content\/uploads\/2025\/12\/Captura-de-pantalla-2025-12-28-a-las-20.23.58-600x475.png 600w, https:\/\/www.escapadarural.com\/blog\/wp-content\/uploads\/2025\/12\/Captura-de-pantalla-2025-12-28-a-las-20.23.58-768x608.png 768w, https:\/\/www.escapadarural.com\/blog\/wp-content\/uploads\/2025\/12\/Captura-de-pantalla-2025-12-28-a-las-20.23.58-800x633.png 800w, https:\/\/www.escapadarural.com\/blog\/wp-content\/uploads\/2025\/12\/Captura-de-pantalla-2025-12-28-a-las-20.23.58-1024x810.png 1024w, https:\/\/www.escapadarural.com\/blog\/wp-content\/uploads\/2025\/12\/Captura-de-pantalla-2025-12-28-a-las-20.23.58-1200x950.png 1200w, https:\/\/www.escapadarural.com\/blog\/wp-content\/uploads\/2025\/12\/Captura-de-pantalla-2025-12-28-a-las-20.23.58-1536x1216.png 1536w, https:\/\/www.escapadarural.com\/blog\/wp-content\/uploads\/2025\/12\/Captura-de-pantalla-2025-12-28-a-las-20.23.58.png 1860w\" sizes=\"auto, (max-width: 1024px) 100vw, 1024px\" \/><figcaption class=\"wp-element-caption\">Arnau Par\u00eds, en la cocina. <\/figcaption><\/figure>\n\n\n\n<p>Seg\u00fan explica el restaurador, <strong>algunos de sus espacios preferidos<\/strong> y que m\u00e1s impresionan a los clientes son \u201cla era, desde donde se aprecian unas vistas maravillosas\u201d, as\u00ed como \u201cla sala comedor, un gran espacio compartido que es acogedor\u201d. Asimismo, se\u00f1ala \u201cla vidriera, que presidi\u00f3 la sala grande y deja a todo el mundo boquiabierto\u201d.<\/p>\n\n\n\n<h2 class=\"wp-block-heading\" id=\"h-una-biografia-campestre-en-casa-del-moliner\">Una biograf\u00eda campestre en Casa del Moliner<\/h2>\n\n\n\n<p>Par\u00eds comenta que entre las <strong>vivencias personales ligadas a esta casa<\/strong>, uno de los recuerdos m\u00e1s intensos est\u00e1 relacionado con el proceso de rehabilitaci\u00f3n de la mas\u00eda y la era. \u201cDurante las obras, aparecieron rastros de su uso original, elementos estructurales y espacios que hablaban de una vida pasada ligada al trabajo agr\u00edcola\u201d, sostiene el entrevistado. \u201cConvertir un edificio funcional y austero en un lugar de acogida, sin perder su car\u00e1cter, fue un proceso lento y muy consciente, que ayud\u00f3 a entender mejor la historia del lugar y de las personas que lo hab\u00edan habitado\u201d.<\/p>\n\n\n\n<p>Por supuesto, algunas de <strong>las vivencias m\u00e1s dichosas<\/strong> de su existencia se desarrollaron en este lugar en el que se re\u00fane todo el clan. \u201cMuchos de los momentos m\u00e1s felices est\u00e1n ligados a la familia y a juntar en un mismo espacio distintas generaciones, y las fiestas alrededor de un hecho tradicional como la campa\u00f1a de aceituna, las primeras extracciones de aceite del a\u00f1o, las vendimias o la matanza del cerdo\u201d, apunta.&nbsp;<\/p>\n\n\n\n<figure class=\"wp-block-image size-large\"><img loading=\"lazy\" decoding=\"async\" width=\"1024\" height=\"683\" src=\"https:\/\/www.escapadarural.com\/blog\/wp-content\/uploads\/2025\/12\/2R1A0338-1024x683.jpg\" alt=\"Jornada gastron\u00f3mica en Casa del Moliner.\" class=\"wp-image-211983\" srcset=\"https:\/\/www.escapadarural.com\/blog\/wp-content\/uploads\/2025\/12\/2R1A0338-200x133.jpg 200w, https:\/\/www.escapadarural.com\/blog\/wp-content\/uploads\/2025\/12\/2R1A0338-300x200.jpg 300w, https:\/\/www.escapadarural.com\/blog\/wp-content\/uploads\/2025\/12\/2R1A0338-400x267.jpg 400w, https:\/\/www.escapadarural.com\/blog\/wp-content\/uploads\/2025\/12\/2R1A0338-600x400.jpg 600w, https:\/\/www.escapadarural.com\/blog\/wp-content\/uploads\/2025\/12\/2R1A0338-768x512.jpg 768w, https:\/\/www.escapadarural.com\/blog\/wp-content\/uploads\/2025\/12\/2R1A0338-800x533.jpg 800w, https:\/\/www.escapadarural.com\/blog\/wp-content\/uploads\/2025\/12\/2R1A0338-1024x683.jpg 1024w, https:\/\/www.escapadarural.com\/blog\/wp-content\/uploads\/2025\/12\/2R1A0338-1200x800.jpg 1200w, https:\/\/www.escapadarural.com\/blog\/wp-content\/uploads\/2025\/12\/2R1A0338-1536x1024.jpg 1536w\" sizes=\"auto, (max-width: 1024px) 100vw, 1024px\" \/><figcaption class=\"wp-element-caption\">Jornada gastron\u00f3mica en Casa del Moliner, Lleida<\/figcaption><\/figure>\n\n\n\n<p>Asimismo, se\u00f1ala que <strong>las actividades relacionadas con la cocina <\/strong>que se organizan de forma puntual en La Vansa han sido muy significativas para el chef ya que, seg\u00fan su punto de vista, \u201cpermiten ver c\u00f3mo el trabajo del campo se transforma en alta cocina\u201d.<\/p>\n\n\n\n<h2 class=\"wp-block-heading\" id=\"h-una-experiencia-gastronomica\">Una experiencia gastron\u00f3mica<\/h2>\n\n\n\n<p>Cada a\u00f1o se organiza <strong>una experiencia gastron\u00f3mica<\/strong> en la finca que combina la visita al molino y a la bodega con un recorrido por los cultivos y una comida o cena gastron\u00f3mica. \u201cEn estas jornadas se invita a que cualquiera que quiera conocer el proyecto, venga a disfrutar de un men\u00fa degustaci\u00f3n de alta cocina que conecta al comensal con el origen del producto\u201d, confirma Par\u00eds.<\/p>\n\n\n\n<p>El resto del a\u00f1o, se dedica a \u201cla producci\u00f3n de aceite de oliva virgen extra, el desarrollo de la bodega, el mantenimiento de los cultivos y la consolidaci\u00f3n de las <strong>actividades de oleoturismo y experiencias gastron\u00f3micas<\/strong>\u201d. Y a sus proyectos audiovisuales, por supuesto.<\/p>\n\n\n\n<figure class=\"wp-block-image size-large\"><img loading=\"lazy\" decoding=\"async\" width=\"1024\" height=\"713\" src=\"https:\/\/www.escapadarural.com\/blog\/wp-content\/uploads\/2025\/12\/Captura-de-pantalla-2025-12-28-a-las-20.31.59-1024x713.png\" alt=\"Arnau Par\u00eds, en unas jornadas gastron\u00f3micas en Casa del Moliner.\" class=\"wp-image-211984\" srcset=\"https:\/\/www.escapadarural.com\/blog\/wp-content\/uploads\/2025\/12\/Captura-de-pantalla-2025-12-28-a-las-20.31.59-200x139.png 200w, https:\/\/www.escapadarural.com\/blog\/wp-content\/uploads\/2025\/12\/Captura-de-pantalla-2025-12-28-a-las-20.31.59-300x209.png 300w, https:\/\/www.escapadarural.com\/blog\/wp-content\/uploads\/2025\/12\/Captura-de-pantalla-2025-12-28-a-las-20.31.59-400x279.png 400w, https:\/\/www.escapadarural.com\/blog\/wp-content\/uploads\/2025\/12\/Captura-de-pantalla-2025-12-28-a-las-20.31.59-600x418.png 600w, https:\/\/www.escapadarural.com\/blog\/wp-content\/uploads\/2025\/12\/Captura-de-pantalla-2025-12-28-a-las-20.31.59-768x535.png 768w, https:\/\/www.escapadarural.com\/blog\/wp-content\/uploads\/2025\/12\/Captura-de-pantalla-2025-12-28-a-las-20.31.59-800x557.png 800w, https:\/\/www.escapadarural.com\/blog\/wp-content\/uploads\/2025\/12\/Captura-de-pantalla-2025-12-28-a-las-20.31.59-1024x713.png 1024w, https:\/\/www.escapadarural.com\/blog\/wp-content\/uploads\/2025\/12\/Captura-de-pantalla-2025-12-28-a-las-20.31.59-1200x836.png 1200w, https:\/\/www.escapadarural.com\/blog\/wp-content\/uploads\/2025\/12\/Captura-de-pantalla-2025-12-28-a-las-20.31.59-1536x1070.png 1536w\" sizes=\"auto, (max-width: 1024px) 100vw, 1024px\" \/><figcaption class=\"wp-element-caption\">Arnau Par\u00eds, en unas jornadas gastron\u00f3micas en Casa del Moliner.<\/figcaption><\/figure>\n\n\n\n<h2 class=\"wp-block-heading\" id=\"h-y-que-mas-hay-en-casa-del-moliner\">\u00bfY qu\u00e9 m\u00e1s hay en Casa del Moliner?<\/h2>\n\n\n\n<p>La Casa del Moliner <strong>est\u00e1 situada en Boada<\/strong>, una localidad de menos de diez casas que casi a la fuerza tiene que ser tranquila. Arnau Par\u00eds explica que \u201ces un n\u00facleo peque\u00f1o, pero su entorno ofrece m\u00faltiples posibilidades para quienes buscan naturaleza y calma\u201d. Por ejemplo, menciona que \u201chay <strong>rutas de senderismo<\/strong> y caminos para recorrer a pie o en bicicleta, as\u00ed como acceso a espacios naturales del <a href=\"\/casas-rurales\/prepirineo-aragones\">Prepirineo<\/a> y del entorno del <a href=\"\/casas-rurales\/el-montsec\">Montsec<\/a>\u201d. Adem\u00e1s, indica que a escasos metros de la mas\u00eda \u201cse encuentra una antigua l\u00ednea de defensa republicana de la guerra civil espa\u00f1ola\u201d.<\/p>\n\n\n\n<p>En total tiene capacidad para 7 personas y se alquila \u00edntegra. Despertarse con tranquilidad, ponerse calzado c\u00f3modo, recorrer unos cuantos kil\u00f3metros a buen paso por un entorno natural y retomar fuerzas a base de pan y aceite de oliva de calidad es un lujo. Un <strong>plan dif\u00edcil de mejorar<\/strong> que adem\u00e1s lleva el sello de un &#8216;MasterChef&#8217;.<\/p>\n","protected":false},"excerpt":{"rendered":"<p>Casa del Moliner, en Lleida, es el alojamiento rural que Arnau Par\u00eds, ganador de MasterChef, alquila junto con experiencias gastron\u00f3micas. <\/p>\n","protected":false},"author":114,"featured_media":211984,"comment_status":"open","ping_status":"open","sticky":false,"template":"","format":"standard","meta":{"_acf_changed":false,"om_disable_all_campaigns":false,"footnotes":""},"categories":[247,191],"tags":[6729,6727,6203,5994,1110,196,462,274],"class_list":["post-211978","post","type-post","status-publish","format-standard","has-post-thumbnail","hentry","category-alojamientos-rurales","category-destinos","tag-arnau-paris","tag-casa-del-moliner","tag-casas-rurales","tag-que-ver-en-cataluna","tag-experiencias","tag-que-ver-en-lleida","tag-masterchef","tag-turismo-rural"],"acf":[],"featured_image_src":"https:\/\/www.escapadarural.com\/blog\/wp-content\/uploads\/2025\/12\/Captura-de-pantalla-2025-12-28-a-las-20.31.59-scaled.png","author_info":{"display_name":"Carmen L\u00f3pez","author_link":"https:\/\/www.escapadarural.com\/blog\/autor\/carmenlopez\/"},"yoast_head":"<!-- This site is optimized with the Yoast SEO plugin v27.5 - https:\/\/yoast.com\/product\/yoast-seo-wordpress\/ -->\n<title>Los secretos de Casa del Moliner, el alojamiento rural de un ganador de MasterChef - EscapadaRural<\/title>\n<meta name=\"description\" content=\"Casa del Moliner, en Lleida, es el alojamiento rural que Arnau Par\u00eds, ganador de MasterChef, alquila junto con experiencias gastron\u00f3micas.\" \/>\n<meta name=\"robots\" content=\"index, follow, max-snippet:-1, max-image-preview:large, max-video-preview:-1\" \/>\n<link rel=\"canonical\" href=\"https:\/\/www.escapadarural.com\/blog\/casa-del-moliner-alojamiento-rural-de-arnau-paris\/\" \/>\n<meta property=\"og:locale\" content=\"es_ES\" \/>\n<meta property=\"og:type\" content=\"article\" \/>\n<meta property=\"og:title\" content=\"Los secretos de Casa del Moliner, el alojamiento rural de un ganador de MasterChef - EscapadaRural\" \/>\n<meta property=\"og:description\" content=\"Casa del Moliner, en Lleida, es el alojamiento rural que Arnau Par\u00eds, ganador de MasterChef, alquila junto con experiencias gastron\u00f3micas.\" \/>\n<meta property=\"og:url\" content=\"https:\/\/www.escapadarural.com\/blog\/casa-del-moliner-alojamiento-rural-de-arnau-paris\/\" \/>\n<meta property=\"og:site_name\" content=\"Magazine de viajes de EscapadaRural\" \/>\n<meta property=\"article:publisher\" content=\"https:\/\/www.facebook.com\/escapadarural\" \/>\n<meta property=\"article:published_time\" content=\"2026-01-13T09:44:14+00:00\" \/>\n<meta property=\"article:modified_time\" content=\"2026-03-13T13:57:31+00:00\" \/>\n<meta property=\"og:image\" content=\"https:\/\/www.escapadarural.com\/blog\/wp-content\/uploads\/2025\/12\/Captura-de-pantalla-2025-12-28-a-las-20.31.59-1024x713.png\" \/>\n\t<meta property=\"og:image:width\" content=\"1024\" \/>\n\t<meta property=\"og:image:height\" content=\"713\" \/>\n\t<meta property=\"og:image:type\" content=\"image\/png\" \/>\n<meta name=\"author\" content=\"Carmen L\u00f3pez\" \/>\n<meta name=\"twitter:card\" content=\"summary_large_image\" \/>\n<meta name=\"twitter:label1\" content=\"Escrito por\" \/>\n\t<meta name=\"twitter:data1\" content=\"Carmen L\u00f3pez\" \/>\n\t<meta name=\"twitter:label2\" content=\"Tiempo de lectura\" \/>\n\t<meta name=\"twitter:data2\" content=\"5 minutos\" \/>\n<script type=\"application\/ld+json\" class=\"yoast-schema-graph\">{\"@context\":\"https:\\\/\\\/schema.org\",\"@graph\":[{\"@type\":\"Article\",\"@id\":\"https:\\\/\\\/www.escapadarural.com\\\/blog\\\/casa-del-moliner-alojamiento-rural-de-arnau-paris\\\/#article\",\"isPartOf\":{\"@id\":\"https:\\\/\\\/www.escapadarural.com\\\/blog\\\/casa-del-moliner-alojamiento-rural-de-arnau-paris\\\/\"},\"author\":{\"name\":\"Carmen L\u00f3pez\",\"@id\":\"https:\\\/\\\/www.escapadarural.com\\\/blog\\\/#\\\/schema\\\/person\\\/42dfdff6118172efc6a04c8ae599a2ce\"},\"headline\":\"Los secretos de Casa del Moliner, el alojamiento rural de un ganador de MasterChef\",\"datePublished\":\"2026-01-13T09:44:14+00:00\",\"dateModified\":\"2026-03-13T13:57:31+00:00\",\"mainEntityOfPage\":{\"@id\":\"https:\\\/\\\/www.escapadarural.com\\\/blog\\\/casa-del-moliner-alojamiento-rural-de-arnau-paris\\\/\"},\"wordCount\":1073,\"commentCount\":0,\"publisher\":{\"@id\":\"https:\\\/\\\/www.escapadarural.com\\\/blog\\\/#organization\"},\"image\":{\"@id\":\"https:\\\/\\\/www.escapadarural.com\\\/blog\\\/casa-del-moliner-alojamiento-rural-de-arnau-paris\\\/#primaryimage\"},\"thumbnailUrl\":\"https:\\\/\\\/www.escapadarural.com\\\/blog\\\/wp-content\\\/uploads\\\/2025\\\/12\\\/Captura-de-pantalla-2025-12-28-a-las-20.31.59-scaled.png\",\"keywords\":[\"arnau paris\",\"casa del moliner\",\"Casas rurales\",\"Catalu\u00f1a\",\"Experiencias\",\"Lleida\",\"Masterchef\",\"turismo rural\"],\"articleSection\":[\"Alojamientos rurales\",\"Destinos\"],\"inLanguage\":\"es\",\"potentialAction\":[{\"@type\":\"CommentAction\",\"name\":\"Comment\",\"target\":[\"https:\\\/\\\/www.escapadarural.com\\\/blog\\\/casa-del-moliner-alojamiento-rural-de-arnau-paris\\\/#respond\"]}]},{\"@type\":\"WebPage\",\"@id\":\"https:\\\/\\\/www.escapadarural.com\\\/blog\\\/casa-del-moliner-alojamiento-rural-de-arnau-paris\\\/\",\"url\":\"https:\\\/\\\/www.escapadarural.com\\\/blog\\\/casa-del-moliner-alojamiento-rural-de-arnau-paris\\\/\",\"name\":\"Los secretos de Casa del Moliner, el alojamiento rural de un ganador de MasterChef - EscapadaRural\",\"isPartOf\":{\"@id\":\"https:\\\/\\\/www.escapadarural.com\\\/blog\\\/#website\"},\"primaryImageOfPage\":{\"@id\":\"https:\\\/\\\/www.escapadarural.com\\\/blog\\\/casa-del-moliner-alojamiento-rural-de-arnau-paris\\\/#primaryimage\"},\"image\":{\"@id\":\"https:\\\/\\\/www.escapadarural.com\\\/blog\\\/casa-del-moliner-alojamiento-rural-de-arnau-paris\\\/#primaryimage\"},\"thumbnailUrl\":\"https:\\\/\\\/www.escapadarural.com\\\/blog\\\/wp-content\\\/uploads\\\/2025\\\/12\\\/Captura-de-pantalla-2025-12-28-a-las-20.31.59-scaled.png\",\"datePublished\":\"2026-01-13T09:44:14+00:00\",\"dateModified\":\"2026-03-13T13:57:31+00:00\",\"description\":\"Casa del Moliner, en Lleida, es el alojamiento rural que Arnau Par\u00eds, ganador de MasterChef, alquila junto con experiencias gastron\u00f3micas.\",\"breadcrumb\":{\"@id\":\"https:\\\/\\\/www.escapadarural.com\\\/blog\\\/casa-del-moliner-alojamiento-rural-de-arnau-paris\\\/#breadcrumb\"},\"inLanguage\":\"es\",\"potentialAction\":[{\"@type\":\"ReadAction\",\"target\":[\"https:\\\/\\\/www.escapadarural.com\\\/blog\\\/casa-del-moliner-alojamiento-rural-de-arnau-paris\\\/\"]}]},{\"@type\":\"ImageObject\",\"inLanguage\":\"es\",\"@id\":\"https:\\\/\\\/www.escapadarural.com\\\/blog\\\/casa-del-moliner-alojamiento-rural-de-arnau-paris\\\/#primaryimage\",\"url\":\"https:\\\/\\\/www.escapadarural.com\\\/blog\\\/wp-content\\\/uploads\\\/2025\\\/12\\\/Captura-de-pantalla-2025-12-28-a-las-20.31.59-scaled.png\",\"contentUrl\":\"https:\\\/\\\/www.escapadarural.com\\\/blog\\\/wp-content\\\/uploads\\\/2025\\\/12\\\/Captura-de-pantalla-2025-12-28-a-las-20.31.59-scaled.png\",\"width\":2048,\"height\":1426,\"caption\":\"Arnau Par\u00eds, en unas jornadas gastron\u00f3micas en Casa del Moliner.\"},{\"@type\":\"BreadcrumbList\",\"@id\":\"https:\\\/\\\/www.escapadarural.com\\\/blog\\\/casa-del-moliner-alojamiento-rural-de-arnau-paris\\\/#breadcrumb\",\"itemListElement\":[{\"@type\":\"ListItem\",\"position\":1,\"name\":\"Inicio\",\"item\":\"https:\\\/\\\/www.escapadarural.com\\\/blog\\\/\"},{\"@type\":\"ListItem\",\"position\":2,\"name\":\"Alojamientos rurales\",\"item\":\"https:\\\/\\\/www.escapadarural.com\\\/blog\\\/categoria\\\/alojamientos-rurales\\\/\"},{\"@type\":\"ListItem\",\"position\":3,\"name\":\"Los secretos de Casa del Moliner, el alojamiento rural de un ganador de MasterChef\"}]},{\"@type\":\"WebSite\",\"@id\":\"https:\\\/\\\/www.escapadarural.com\\\/blog\\\/#website\",\"url\":\"https:\\\/\\\/www.escapadarural.com\\\/blog\\\/\",\"name\":\"Blog de viajes | turismo rural, alojamientos e inspiraci\u00f3n\",\"description\":\"Alojamientos rurales e inspiraci\u00f3n para tus escapadas\",\"publisher\":{\"@id\":\"https:\\\/\\\/www.escapadarural.com\\\/blog\\\/#organization\"},\"alternateName\":\"Magazine de viajes de EscapadaRural\",\"potentialAction\":[{\"@type\":\"SearchAction\",\"target\":{\"@type\":\"EntryPoint\",\"urlTemplate\":\"https:\\\/\\\/www.escapadarural.com\\\/blog\\\/?s={search_term_string}\"},\"query-input\":{\"@type\":\"PropertyValueSpecification\",\"valueRequired\":true,\"valueName\":\"search_term_string\"}}],\"inLanguage\":\"es\"},{\"@type\":\"Organization\",\"@id\":\"https:\\\/\\\/www.escapadarural.com\\\/blog\\\/#organization\",\"name\":\"EscapadaRural\",\"url\":\"https:\\\/\\\/www.escapadarural.com\\\/blog\\\/\",\"logo\":{\"@type\":\"ImageObject\",\"inLanguage\":\"es\",\"@id\":\"https:\\\/\\\/www.escapadarural.com\\\/blog\\\/#\\\/schema\\\/logo\\\/image\\\/\",\"url\":\"https:\\\/\\\/www.escapadarural.com\\\/blog\\\/wp-content\\\/uploads\\\/2024\\\/10\\\/cropped-cropped-escapada-rural-icon-mag-3.png\",\"contentUrl\":\"https:\\\/\\\/www.escapadarural.com\\\/blog\\\/wp-content\\\/uploads\\\/2024\\\/10\\\/cropped-cropped-escapada-rural-icon-mag-3.png\",\"width\":512,\"height\":512,\"caption\":\"EscapadaRural\"},\"image\":{\"@id\":\"https:\\\/\\\/www.escapadarural.com\\\/blog\\\/#\\\/schema\\\/logo\\\/image\\\/\"},\"sameAs\":[\"https:\\\/\\\/www.facebook.com\\\/escapadarural\",\"https:\\\/\\\/www.instagram.com\\\/escapadarural\\\/\",\"https:\\\/\\\/www.youtube.com\\\/@escapadaruralcom\"]},{\"@type\":\"Person\",\"@id\":\"https:\\\/\\\/www.escapadarural.com\\\/blog\\\/#\\\/schema\\\/person\\\/42dfdff6118172efc6a04c8ae599a2ce\",\"name\":\"Carmen L\u00f3pez\",\"image\":{\"@type\":\"ImageObject\",\"inLanguage\":\"es\",\"@id\":\"https:\\\/\\\/www.escapadarural.com\\\/blog\\\/wp-content\\\/uploads\\\/2024\\\/11\\\/cropped-perfil_eldiario-96x96-1-96x96.jpeg\",\"url\":\"https:\\\/\\\/www.escapadarural.com\\\/blog\\\/wp-content\\\/uploads\\\/2024\\\/11\\\/cropped-perfil_eldiario-96x96-1-96x96.jpeg\",\"contentUrl\":\"https:\\\/\\\/www.escapadarural.com\\\/blog\\\/wp-content\\\/uploads\\\/2024\\\/11\\\/cropped-perfil_eldiario-96x96-1-96x96.jpeg\",\"caption\":\"Carmen L\u00f3pez\"},\"description\":\"Soy periodista y escribo sobre cosas que importan en sitios que interesan desde hace m\u00e1s de una d\u00e9cada.\",\"url\":\"https:\\\/\\\/www.escapadarural.com\\\/blog\\\/autor\\\/carmenlopez\\\/\"}]}<\/script>\n<!-- \/ Yoast SEO plugin. -->","yoast_head_json":{"title":"Los secretos de Casa del Moliner, el alojamiento rural de un ganador de MasterChef - EscapadaRural","description":"Casa del Moliner, en Lleida, es el alojamiento rural que Arnau Par\u00eds, ganador de MasterChef, alquila junto con experiencias gastron\u00f3micas.","robots":{"index":"index","follow":"follow","max-snippet":"max-snippet:-1","max-image-preview":"max-image-preview:large","max-video-preview":"max-video-preview:-1"},"canonical":"https:\/\/www.escapadarural.com\/blog\/casa-del-moliner-alojamiento-rural-de-arnau-paris\/","og_locale":"es_ES","og_type":"article","og_title":"Los secretos de Casa del Moliner, el alojamiento rural de un ganador de MasterChef - EscapadaRural","og_description":"Casa del Moliner, en Lleida, es el alojamiento rural que Arnau Par\u00eds, ganador de MasterChef, alquila junto con experiencias gastron\u00f3micas.","og_url":"https:\/\/www.escapadarural.com\/blog\/casa-del-moliner-alojamiento-rural-de-arnau-paris\/","og_site_name":"Magazine de viajes de EscapadaRural","article_publisher":"https:\/\/www.facebook.com\/escapadarural","article_published_time":"2026-01-13T09:44:14+00:00","article_modified_time":"2026-03-13T13:57:31+00:00","og_image":[{"width":1024,"height":713,"url":"https:\/\/www.escapadarural.com\/blog\/wp-content\/uploads\/2025\/12\/Captura-de-pantalla-2025-12-28-a-las-20.31.59-1024x713.png","type":"image\/png"}],"author":"Carmen L\u00f3pez","twitter_card":"summary_large_image","twitter_misc":{"Escrito por":"Carmen L\u00f3pez","Tiempo de lectura":"5 minutos"},"schema":{"@context":"https:\/\/schema.org","@graph":[{"@type":"Article","@id":"https:\/\/www.escapadarural.com\/blog\/casa-del-moliner-alojamiento-rural-de-arnau-paris\/#article","isPartOf":{"@id":"https:\/\/www.escapadarural.com\/blog\/casa-del-moliner-alojamiento-rural-de-arnau-paris\/"},"author":{"name":"Carmen L\u00f3pez","@id":"https:\/\/www.escapadarural.com\/blog\/#\/schema\/person\/42dfdff6118172efc6a04c8ae599a2ce"},"headline":"Los secretos de Casa del Moliner, el alojamiento rural de un ganador de MasterChef","datePublished":"2026-01-13T09:44:14+00:00","dateModified":"2026-03-13T13:57:31+00:00","mainEntityOfPage":{"@id":"https:\/\/www.escapadarural.com\/blog\/casa-del-moliner-alojamiento-rural-de-arnau-paris\/"},"wordCount":1073,"commentCount":0,"publisher":{"@id":"https:\/\/www.escapadarural.com\/blog\/#organization"},"image":{"@id":"https:\/\/www.escapadarural.com\/blog\/casa-del-moliner-alojamiento-rural-de-arnau-paris\/#primaryimage"},"thumbnailUrl":"https:\/\/www.escapadarural.com\/blog\/wp-content\/uploads\/2025\/12\/Captura-de-pantalla-2025-12-28-a-las-20.31.59-scaled.png","keywords":["arnau paris","casa del moliner","Casas rurales","Catalu\u00f1a","Experiencias","Lleida","Masterchef","turismo rural"],"articleSection":["Alojamientos rurales","Destinos"],"inLanguage":"es","potentialAction":[{"@type":"CommentAction","name":"Comment","target":["https:\/\/www.escapadarural.com\/blog\/casa-del-moliner-alojamiento-rural-de-arnau-paris\/#respond"]}]},{"@type":"WebPage","@id":"https:\/\/www.escapadarural.com\/blog\/casa-del-moliner-alojamiento-rural-de-arnau-paris\/","url":"https:\/\/www.escapadarural.com\/blog\/casa-del-moliner-alojamiento-rural-de-arnau-paris\/","name":"Los secretos de Casa del Moliner, el alojamiento rural de un ganador de MasterChef - EscapadaRural","isPartOf":{"@id":"https:\/\/www.escapadarural.com\/blog\/#website"},"primaryImageOfPage":{"@id":"https:\/\/www.escapadarural.com\/blog\/casa-del-moliner-alojamiento-rural-de-arnau-paris\/#primaryimage"},"image":{"@id":"https:\/\/www.escapadarural.com\/blog\/casa-del-moliner-alojamiento-rural-de-arnau-paris\/#primaryimage"},"thumbnailUrl":"https:\/\/www.escapadarural.com\/blog\/wp-content\/uploads\/2025\/12\/Captura-de-pantalla-2025-12-28-a-las-20.31.59-scaled.png","datePublished":"2026-01-13T09:44:14+00:00","dateModified":"2026-03-13T13:57:31+00:00","description":"Casa del Moliner, en Lleida, es el alojamiento rural que Arnau Par\u00eds, ganador de MasterChef, alquila junto con experiencias gastron\u00f3micas.","breadcrumb":{"@id":"https:\/\/www.escapadarural.com\/blog\/casa-del-moliner-alojamiento-rural-de-arnau-paris\/#breadcrumb"},"inLanguage":"es","potentialAction":[{"@type":"ReadAction","target":["https:\/\/www.escapadarural.com\/blog\/casa-del-moliner-alojamiento-rural-de-arnau-paris\/"]}]},{"@type":"ImageObject","inLanguage":"es","@id":"https:\/\/www.escapadarural.com\/blog\/casa-del-moliner-alojamiento-rural-de-arnau-paris\/#primaryimage","url":"https:\/\/www.escapadarural.com\/blog\/wp-content\/uploads\/2025\/12\/Captura-de-pantalla-2025-12-28-a-las-20.31.59-scaled.png","contentUrl":"https:\/\/www.escapadarural.com\/blog\/wp-content\/uploads\/2025\/12\/Captura-de-pantalla-2025-12-28-a-las-20.31.59-scaled.png","width":2048,"height":1426,"caption":"Arnau Par\u00eds, en unas jornadas gastron\u00f3micas en Casa del Moliner."},{"@type":"BreadcrumbList","@id":"https:\/\/www.escapadarural.com\/blog\/casa-del-moliner-alojamiento-rural-de-arnau-paris\/#breadcrumb","itemListElement":[{"@type":"ListItem","position":1,"name":"Inicio","item":"https:\/\/www.escapadarural.com\/blog\/"},{"@type":"ListItem","position":2,"name":"Alojamientos rurales","item":"https:\/\/www.escapadarural.com\/blog\/categoria\/alojamientos-rurales\/"},{"@type":"ListItem","position":3,"name":"Los secretos de Casa del Moliner, el alojamiento rural de un ganador de MasterChef"}]},{"@type":"WebSite","@id":"https:\/\/www.escapadarural.com\/blog\/#website","url":"https:\/\/www.escapadarural.com\/blog\/","name":"Blog de viajes | turismo rural, alojamientos e inspiraci\u00f3n","description":"Alojamientos rurales e inspiraci\u00f3n para tus escapadas","publisher":{"@id":"https:\/\/www.escapadarural.com\/blog\/#organization"},"alternateName":"Magazine de viajes de EscapadaRural","potentialAction":[{"@type":"SearchAction","target":{"@type":"EntryPoint","urlTemplate":"https:\/\/www.escapadarural.com\/blog\/?s={search_term_string}"},"query-input":{"@type":"PropertyValueSpecification","valueRequired":true,"valueName":"search_term_string"}}],"inLanguage":"es"},{"@type":"Organization","@id":"https:\/\/www.escapadarural.com\/blog\/#organization","name":"EscapadaRural","url":"https:\/\/www.escapadarural.com\/blog\/","logo":{"@type":"ImageObject","inLanguage":"es","@id":"https:\/\/www.escapadarural.com\/blog\/#\/schema\/logo\/image\/","url":"https:\/\/www.escapadarural.com\/blog\/wp-content\/uploads\/2024\/10\/cropped-cropped-escapada-rural-icon-mag-3.png","contentUrl":"https:\/\/www.escapadarural.com\/blog\/wp-content\/uploads\/2024\/10\/cropped-cropped-escapada-rural-icon-mag-3.png","width":512,"height":512,"caption":"EscapadaRural"},"image":{"@id":"https:\/\/www.escapadarural.com\/blog\/#\/schema\/logo\/image\/"},"sameAs":["https:\/\/www.facebook.com\/escapadarural","https:\/\/www.instagram.com\/escapadarural\/","https:\/\/www.youtube.com\/@escapadaruralcom"]},{"@type":"Person","@id":"https:\/\/www.escapadarural.com\/blog\/#\/schema\/person\/42dfdff6118172efc6a04c8ae599a2ce","name":"Carmen L\u00f3pez","image":{"@type":"ImageObject","inLanguage":"es","@id":"https:\/\/www.escapadarural.com\/blog\/wp-content\/uploads\/2024\/11\/cropped-perfil_eldiario-96x96-1-96x96.jpeg","url":"https:\/\/www.escapadarural.com\/blog\/wp-content\/uploads\/2024\/11\/cropped-perfil_eldiario-96x96-1-96x96.jpeg","contentUrl":"https:\/\/www.escapadarural.com\/blog\/wp-content\/uploads\/2024\/11\/cropped-perfil_eldiario-96x96-1-96x96.jpeg","caption":"Carmen L\u00f3pez"},"description":"Soy periodista y escribo sobre cosas que importan en sitios que interesan desde hace m\u00e1s de una d\u00e9cada.","url":"https:\/\/www.escapadarural.com\/blog\/autor\/carmenlopez\/"}]}},"_links":{"self":[{"href":"https:\/\/www.escapadarural.com\/blog\/wp-json\/wp\/v2\/posts\/211978","targetHints":{"allow":["GET"]}}],"collection":[{"href":"https:\/\/www.escapadarural.com\/blog\/wp-json\/wp\/v2\/posts"}],"about":[{"href":"https:\/\/www.escapadarural.com\/blog\/wp-json\/wp\/v2\/types\/post"}],"author":[{"embeddable":true,"href":"https:\/\/www.escapadarural.com\/blog\/wp-json\/wp\/v2\/users\/114"}],"replies":[{"embeddable":true,"href":"https:\/\/www.escapadarural.com\/blog\/wp-json\/wp\/v2\/comments?post=211978"}],"version-history":[{"count":0,"href":"https:\/\/www.escapadarural.com\/blog\/wp-json\/wp\/v2\/posts\/211978\/revisions"}],"wp:featuredmedia":[{"embeddable":true,"href":"https:\/\/www.escapadarural.com\/blog\/wp-json\/wp\/v2\/media\/211984"}],"wp:attachment":[{"href":"https:\/\/www.escapadarural.com\/blog\/wp-json\/wp\/v2\/media?parent=211978"}],"wp:term":[{"taxonomy":"category","embeddable":true,"href":"https:\/\/www.escapadarural.com\/blog\/wp-json\/wp\/v2\/categories?post=211978"},{"taxonomy":"post_tag","embeddable":true,"href":"https:\/\/www.escapadarural.com\/blog\/wp-json\/wp\/v2\/tags?post=211978"}],"curies":[{"name":"wp","href":"https:\/\/api.w.org\/{rel}","templated":true}]}}