{"id":2121,"date":"2012-10-01T09:01:39","date_gmt":"2012-10-01T09:01:39","guid":{"rendered":"http:\/\/15.188.81.248\/2012\/10\/01\/de-ibiza-a-sant-antoni-por-es-vedra\/"},"modified":"2025-07-25T15:32:02","modified_gmt":"2025-07-25T13:32:02","slug":"de-ibiza-a-sant-antoni-por-es-vedra","status":"publish","type":"post","link":"https:\/\/www.escapadarural.com\/blog\/de-ibiza-a-sant-antoni-por-es-vedra\/","title":{"rendered":"De Ibiza a Sant Antoni por Es Vedr\u00e0"},"content":{"rendered":"\n<figure class=\"wp-block-image size-large\"><a href=\"https:\/\/www.escapadarural.com\/blog\/wp-content\/uploads\/2012\/10\/Ibiza-12-1.jpg\"><img decoding=\"async\" src=\"https:\/\/www.escapadarural.com\/blog\/wp-content\/uploads\/2012\/10\/Ibiza-12-1-1024x765-7-2.jpg\" alt=\"Ibiza\" class=\"wp-image-32570\"\/><\/a><figcaption class=\"wp-element-caption\">Atardecer en Cala Comte, Ibiza.\n\n<\/figcaption><\/figure>\n\n\n\n<p>Llegamos desde Barcelona a Ibiza en barco. Met\u00ed la bicicleta en el buque a las 22 h y despu\u00e9s de cenar fui directamente al camarote. All\u00ed conoc\u00ed a dos viajeros m\u00e1s que iban a relajarse a las calas de la isla. \u00abNada de discotecas\u00bb, me dijeron, lo cual me anim\u00f3 a pesar del oleaje porque iba precisamente a eso: a conocer la otra Ibiza.<\/p>\n\n\n\n<p>Termin\u00f3 de quitarle el clich\u00e9 a Ibiza la puesta de sol que nos recibi\u00f3 con el desembarco. Foto, desayuno y directo a reunirme con los responsables de la Fundaci\u00f3n de Promoci\u00f3n Tur\u00edstica de Ibiza. Ya ten\u00eda todos los datos, las recomendaciones y el avituallamiento. A las 10 de la ma\u00f1ana puse rumbo a Sant Antoni de Portmany desde la capital, pero no por carretera: por monta\u00f1a y por la costa.<\/p>\n\n\n\n<h2 class=\"wp-block-heading\" id=\"h-sant-josep-de-sa-talaia-y-es-vedra\">Sant Josep de sa Talaia y es Vedr\u00e0<\/h2>\n\n\n\n<p>Sin duda la ilusi\u00f3n con la que emprend\u00ed el viaje me llev\u00f3 m\u00e1s all\u00e1 de mis fuerzas. Llegu\u00e9 a mi destino exhausto, aunque muy contento, porque quise recorrer m\u00e1s de lo que el tiempo permit\u00eda. Primero llegu\u00e9 a Sant Josep de sa Talaia. All\u00ed com\u00ed, dej\u00e1ndome aconsejar por el personal del local. Ten\u00eda por delante uno de los hitos de la isla: Es Vedr\u00e0 y Cala d&#8217;Hort.<\/p>\n\n\n\n<p>Escuch\u00e9 la leyenda de Es Vedr\u00e0, me di un chapuz\u00f3n en Cala d&#8217;Hort y segu\u00ed camino hacia Sant Antoni. Ten\u00eda todas las fuerzas, como si no hubiese comenzado ruta. Pero a partir de aqu\u00ed el itinerario se complic\u00f3. Y ascendi\u00f3.<\/p>\n\n\n\n<figure class=\"wp-block-image size-large\"><a href=\"https:\/\/www.escapadarural.com\/blog\/wp-content\/uploads\/nociclable.jpg\"><img decoding=\"async\" src=\"https:\/\/www.escapadarural.com\/blog\/wp-content\/uploads\/2012\/10\/nociclable-1024x874-3-2.jpg\" alt=\"Ibiza\" class=\"wp-image-32567\"\/><\/a><figcaption class=\"wp-element-caption\">Momento no ciclable. Consejo: el segundo tramo coged la carretera.\n\n<\/figcaption><\/figure>\n\n\n\n<p>Segu\u00eda la <a href=\"https:\/\/es.wikiloc.com\/wikiloc\/view.do?id=2945812\" target=\"_blank\">ruta propuesta por jaumar<\/a>, porque circulaba por la costa. Una vez probada, recomiendo que desde aqu\u00ed coj\u00e1is carreteras secundarias hacia Sant Antoni. Podr\u00edais desviaros hacia alguna lugar de costa que os salga al paso y quer\u00e1is visitar. As\u00ed evitar\u00e9is una serie de senderos pedregosos, de cierta dificultad y exigencia.<\/p>\n\n\n\n<h2 class=\"wp-block-heading\" id=\"h-puesta-de-sol-en-ses-variades\">Puesta de Sol en Ses Variades<\/h2>\n\n\n\n<figure class=\"wp-block-image size-large\"><a href=\"https:\/\/www.escapadarural.com\/blog\/wp-content\/uploads\/2012\/10\/Ibiza-11-1.jpg\"><img decoding=\"async\" src=\"https:\/\/www.escapadarural.com\/blog\/wp-content\/uploads\/2012\/10\/Ibiza-11-1-1024x765-5-2.jpg\" alt=\"El sendero y el mar, siempre en el horizonte.\" class=\"wp-image-32566\"\/><\/a><figcaption class=\"wp-element-caption\">El sendero y el mar, siempre en el horizonte.\n\n<\/figcaption><\/figure>\n\n\n\n<p>Os recomiendo que llegu\u00e9is a tiempo a Sant Antoni, antes de que caiga la noche, porque desde aqu\u00ed se disfrutan de algunas de las puestas de sol m\u00e1s celebradas de la isla. Recomiendo en este punto la Puesta de Sol de Ses Variades. En septiembre, el ambiente tur\u00edstico era mucho m\u00e1s relajado y pudismo disfrutar de un atardecer memorable.<\/p>\n\n\n\n<p>Llegu\u00e9 a Sant Antoni con la lengua fuera, pero muy satisfecho. Por el camino hab\u00eda conocido a otros cicloturistas y locales. Alguno pudo ense\u00f1arme fotograf\u00edas antiguas de c\u00f3mo era Sant Antoni hace 50 a\u00f1os, antes del boom tur\u00edstico que puso el ladrillo en sus orillas. Otro me indic\u00f3 lugares cercanos e imprescindibles, como la cueva rupestre de Ses Fontanelles. Y algunos m\u00e1s me dieron sus se\u00f1as, para seguir la charla en otra ocasi\u00f3n.<\/p>\n\n\n\n<p>Lamentablemente me qued\u00e9 sin bater\u00eda en el GPS, as\u00ed que pude grabar <a href=\"https:\/\/es.wikiloc.com\/wikiloc\/view.do?id=3486493\" target=\"_blank\">la primera parte del itinerario<\/a>, hasta Es Vedr\u00e0. Pod\u00e9is <a href=\"https:\/\/es.wikiloc.com\/wikiloc\/view.do?id=2945812\" target=\"_blank\">seguir el siguiente tramo en el track de jaumar<\/a> en wikiloc. Os recomiendo, eso s\u00ed, que despu\u00e9s del chapuz\u00f3n sig\u00e1is por el margen de la carretera, porque el sendero no es ciclable.<\/p>\n\n\n\n<p>Hab\u00eda recorrido unos 70 km de distancia. El d\u00eda siguiente ser\u00eda mucho m\u00e1s tranquilo y visitar\u00eda uno de los rincones m\u00e1s bonitos de la isla: la zona norte, en Portinatx.<\/p>\n\n\n\n<p><a href=\"\/blog\/vuelta-a-ibiza-y-formentera-en-btt\/\">\u00ab Volver a La vuelta a Ibiza y Formentera en BTT<\/a><\/p>\n","protected":false},"excerpt":{"rendered":"<p>Recorremos la primera etapa de la Vuelta a Ibiza en bicicleta de monta\u00f1a. Desde el puerto de Ibiza a Sant Antonid e Portmany pasando por Es Vedr\u00e0 y Cala d&#8217;Hort<\/p>\n","protected":false},"author":136,"featured_media":32569,"comment_status":"open","ping_status":"closed","sticky":false,"template":"","format":"standard","meta":{"_acf_changed":false,"om_disable_all_campaigns":false,"footnotes":""},"categories":[1379],"tags":[260,929,447,930,409,192,931],"class_list":["post-2121","post","type-post","status-publish","format-standard","has-post-thumbnail","hentry","category-rutas-y-excursiones","tag-articulo","tag-blogtrip","tag-btt","tag-es-vedra","tag-ibiza","tag-playas","tag-sant-antoni-de-portmany"],"acf":[],"featured_image_src":"https:\/\/www.escapadarural.com\/blog\/wp-content\/uploads\/2012\/10\/IMG_2060-1.jpg","author_info":{"display_name":"Escapada Rural","author_link":"https:\/\/www.escapadarural.com\/blog\/autor\/user\/"},"yoast_head":"<!-- This site is optimized with the Yoast SEO plugin v27.5 - https:\/\/yoast.com\/product\/yoast-seo-wordpress\/ -->\n<title>De Ibiza a Sant Antoni por Es Vedr\u00e0 - EscapadaRural<\/title>\n<meta name=\"robots\" content=\"index, follow, max-snippet:-1, max-image-preview:large, max-video-preview:-1\" \/>\n<link rel=\"canonical\" href=\"https:\/\/www.escapadarural.com\/blog\/de-ibiza-a-sant-antoni-por-es-vedra\/\" \/>\n<meta property=\"og:locale\" content=\"es_ES\" \/>\n<meta property=\"og:type\" content=\"article\" \/>\n<meta property=\"og:title\" content=\"De Ibiza a Sant Antoni por Es Vedr\u00e0 - EscapadaRural\" \/>\n<meta property=\"og:description\" content=\"Recorremos la primera etapa de la Vuelta a Ibiza en bicicleta de monta\u00f1a. Desde el puerto de Ibiza a Sant Antonid e Portmany pasando por Es Vedr\u00e0 y Cala d&#039;Hort\" \/>\n<meta property=\"og:url\" content=\"https:\/\/www.escapadarural.com\/blog\/de-ibiza-a-sant-antoni-por-es-vedra\/\" \/>\n<meta property=\"og:site_name\" content=\"Magazine de viajes de EscapadaRural\" \/>\n<meta property=\"article:publisher\" content=\"https:\/\/www.facebook.com\/escapadarural\" \/>\n<meta property=\"article:author\" content=\"https:\/\/www.facebook.com\/escapadarural\" \/>\n<meta property=\"article:published_time\" content=\"2012-10-01T09:01:39+00:00\" \/>\n<meta property=\"article:modified_time\" content=\"2025-07-25T13:32:02+00:00\" \/>\n<meta property=\"og:image\" content=\"https:\/\/www.escapadarural.com\/blog\/wp-content\/uploads\/2012\/10\/IMG_2060-1.jpg?v=1753450323\" \/>\n\t<meta property=\"og:image:width\" content=\"1500\" \/>\n\t<meta property=\"og:image:height\" content=\"1120\" \/>\n\t<meta property=\"og:image:type\" content=\"image\/jpeg\" \/>\n<meta name=\"author\" content=\"Escapada Rural\" \/>\n<meta name=\"twitter:card\" content=\"summary_large_image\" \/>\n<meta name=\"twitter:creator\" content=\"@https:\/\/x.com\/i\/flow\/login?redirect_after_login=escapadarural\" \/>\n<meta name=\"twitter:label1\" content=\"Escrito por\" \/>\n\t<meta name=\"twitter:data1\" content=\"Escapada Rural\" \/>\n\t<meta name=\"twitter:label2\" content=\"Tiempo de lectura\" \/>\n\t<meta name=\"twitter:data2\" content=\"3 minutos\" \/>\n<script type=\"application\/ld+json\" class=\"yoast-schema-graph\">{\"@context\":\"https:\\\/\\\/schema.org\",\"@graph\":[{\"@type\":\"Article\",\"@id\":\"https:\\\/\\\/www.escapadarural.com\\\/blog\\\/de-ibiza-a-sant-antoni-por-es-vedra\\\/#article\",\"isPartOf\":{\"@id\":\"https:\\\/\\\/www.escapadarural.com\\\/blog\\\/de-ibiza-a-sant-antoni-por-es-vedra\\\/\"},\"author\":{\"name\":\"Escapada Rural\",\"@id\":\"https:\\\/\\\/www.escapadarural.com\\\/blog\\\/#\\\/schema\\\/person\\\/d9ee55ff3e0cef41d6eac8922b4f972c\"},\"headline\":\"De Ibiza a Sant Antoni por Es Vedr\u00e0\",\"datePublished\":\"2012-10-01T09:01:39+00:00\",\"dateModified\":\"2025-07-25T13:32:02+00:00\",\"mainEntityOfPage\":{\"@id\":\"https:\\\/\\\/www.escapadarural.com\\\/blog\\\/de-ibiza-a-sant-antoni-por-es-vedra\\\/\"},\"wordCount\":606,\"commentCount\":6,\"publisher\":{\"@id\":\"https:\\\/\\\/www.escapadarural.com\\\/blog\\\/#organization\"},\"image\":{\"@id\":\"https:\\\/\\\/www.escapadarural.com\\\/blog\\\/de-ibiza-a-sant-antoni-por-es-vedra\\\/#primaryimage\"},\"thumbnailUrl\":\"https:\\\/\\\/www.escapadarural.com\\\/blog\\\/wp-content\\\/uploads\\\/2012\\\/10\\\/IMG_2060-1.jpg\",\"keywords\":[\"art\u00edculo\",\"blogtrip\",\"BTT\",\"Es Vedr\u00e0\",\"Ibiza\",\"playas\",\"Sant Antoni de Portmany\"],\"articleSection\":[\"Rutas y excursiones\"],\"inLanguage\":\"es\",\"potentialAction\":[{\"@type\":\"CommentAction\",\"name\":\"Comment\",\"target\":[\"https:\\\/\\\/www.escapadarural.com\\\/blog\\\/de-ibiza-a-sant-antoni-por-es-vedra\\\/#respond\"]}]},{\"@type\":\"WebPage\",\"@id\":\"https:\\\/\\\/www.escapadarural.com\\\/blog\\\/de-ibiza-a-sant-antoni-por-es-vedra\\\/\",\"url\":\"https:\\\/\\\/www.escapadarural.com\\\/blog\\\/de-ibiza-a-sant-antoni-por-es-vedra\\\/\",\"name\":\"De Ibiza a Sant Antoni por Es Vedr\u00e0 - EscapadaRural\",\"isPartOf\":{\"@id\":\"https:\\\/\\\/www.escapadarural.com\\\/blog\\\/#website\"},\"primaryImageOfPage\":{\"@id\":\"https:\\\/\\\/www.escapadarural.com\\\/blog\\\/de-ibiza-a-sant-antoni-por-es-vedra\\\/#primaryimage\"},\"image\":{\"@id\":\"https:\\\/\\\/www.escapadarural.com\\\/blog\\\/de-ibiza-a-sant-antoni-por-es-vedra\\\/#primaryimage\"},\"thumbnailUrl\":\"https:\\\/\\\/www.escapadarural.com\\\/blog\\\/wp-content\\\/uploads\\\/2012\\\/10\\\/IMG_2060-1.jpg\",\"datePublished\":\"2012-10-01T09:01:39+00:00\",\"dateModified\":\"2025-07-25T13:32:02+00:00\",\"breadcrumb\":{\"@id\":\"https:\\\/\\\/www.escapadarural.com\\\/blog\\\/de-ibiza-a-sant-antoni-por-es-vedra\\\/#breadcrumb\"},\"inLanguage\":\"es\",\"potentialAction\":[{\"@type\":\"ReadAction\",\"target\":[\"https:\\\/\\\/www.escapadarural.com\\\/blog\\\/de-ibiza-a-sant-antoni-por-es-vedra\\\/\"]}]},{\"@type\":\"ImageObject\",\"inLanguage\":\"es\",\"@id\":\"https:\\\/\\\/www.escapadarural.com\\\/blog\\\/de-ibiza-a-sant-antoni-por-es-vedra\\\/#primaryimage\",\"url\":\"https:\\\/\\\/www.escapadarural.com\\\/blog\\\/wp-content\\\/uploads\\\/2012\\\/10\\\/IMG_2060-1.jpg\",\"contentUrl\":\"https:\\\/\\\/www.escapadarural.com\\\/blog\\\/wp-content\\\/uploads\\\/2012\\\/10\\\/IMG_2060-1.jpg\",\"width\":1500,\"height\":1120,\"caption\":\"Amanecer en el puerto de Ibiza\"},{\"@type\":\"BreadcrumbList\",\"@id\":\"https:\\\/\\\/www.escapadarural.com\\\/blog\\\/de-ibiza-a-sant-antoni-por-es-vedra\\\/#breadcrumb\",\"itemListElement\":[{\"@type\":\"ListItem\",\"position\":1,\"name\":\"Inicio\",\"item\":\"https:\\\/\\\/www.escapadarural.com\\\/blog\\\/\"},{\"@type\":\"ListItem\",\"position\":2,\"name\":\"Rutas y excursiones\",\"item\":\"https:\\\/\\\/www.escapadarural.com\\\/blog\\\/categoria\\\/rutas-y-excursiones\\\/\"},{\"@type\":\"ListItem\",\"position\":3,\"name\":\"De Ibiza a Sant Antoni por Es Vedr\u00e0\"}]},{\"@type\":\"WebSite\",\"@id\":\"https:\\\/\\\/www.escapadarural.com\\\/blog\\\/#website\",\"url\":\"https:\\\/\\\/www.escapadarural.com\\\/blog\\\/\",\"name\":\"Blog de viajes | turismo rural, alojamientos e inspiraci\u00f3n\",\"description\":\"Alojamientos rurales e inspiraci\u00f3n para tus escapadas\",\"publisher\":{\"@id\":\"https:\\\/\\\/www.escapadarural.com\\\/blog\\\/#organization\"},\"alternateName\":\"Magazine de viajes de EscapadaRural\",\"potentialAction\":[{\"@type\":\"SearchAction\",\"target\":{\"@type\":\"EntryPoint\",\"urlTemplate\":\"https:\\\/\\\/www.escapadarural.com\\\/blog\\\/?s={search_term_string}\"},\"query-input\":{\"@type\":\"PropertyValueSpecification\",\"valueRequired\":true,\"valueName\":\"search_term_string\"}}],\"inLanguage\":\"es\"},{\"@type\":\"Organization\",\"@id\":\"https:\\\/\\\/www.escapadarural.com\\\/blog\\\/#organization\",\"name\":\"EscapadaRural\",\"url\":\"https:\\\/\\\/www.escapadarural.com\\\/blog\\\/\",\"logo\":{\"@type\":\"ImageObject\",\"inLanguage\":\"es\",\"@id\":\"https:\\\/\\\/www.escapadarural.com\\\/blog\\\/#\\\/schema\\\/logo\\\/image\\\/\",\"url\":\"https:\\\/\\\/www.escapadarural.com\\\/blog\\\/wp-content\\\/uploads\\\/2024\\\/10\\\/cropped-cropped-escapada-rural-icon-mag-3.png\",\"contentUrl\":\"https:\\\/\\\/www.escapadarural.com\\\/blog\\\/wp-content\\\/uploads\\\/2024\\\/10\\\/cropped-cropped-escapada-rural-icon-mag-3.png\",\"width\":512,\"height\":512,\"caption\":\"EscapadaRural\"},\"image\":{\"@id\":\"https:\\\/\\\/www.escapadarural.com\\\/blog\\\/#\\\/schema\\\/logo\\\/image\\\/\"},\"sameAs\":[\"https:\\\/\\\/www.facebook.com\\\/escapadarural\",\"https:\\\/\\\/www.instagram.com\\\/escapadarural\\\/\",\"https:\\\/\\\/www.youtube.com\\\/@escapadaruralcom\"]},{\"@type\":\"Person\",\"@id\":\"https:\\\/\\\/www.escapadarural.com\\\/blog\\\/#\\\/schema\\\/person\\\/d9ee55ff3e0cef41d6eac8922b4f972c\",\"name\":\"Escapada Rural\",\"image\":{\"@type\":\"ImageObject\",\"inLanguage\":\"es\",\"@id\":\"https:\\\/\\\/www.escapadarural.com\\\/blog\\\/wp-content\\\/uploads\\\/2024\\\/10\\\/cropped-cropped-escapada-rural-icon-mag-3-96x96.png\",\"url\":\"https:\\\/\\\/www.escapadarural.com\\\/blog\\\/wp-content\\\/uploads\\\/2024\\\/10\\\/cropped-cropped-escapada-rural-icon-mag-3-96x96.png\",\"contentUrl\":\"https:\\\/\\\/www.escapadarural.com\\\/blog\\\/wp-content\\\/uploads\\\/2024\\\/10\\\/cropped-cropped-escapada-rural-icon-mag-3-96x96.png\",\"caption\":\"Escapada Rural\"},\"sameAs\":[\"https:\\\/\\\/www.facebook.com\\\/escapadarural\",\"https:\\\/\\\/www.linkedin.com\\\/company\\\/escapada-rural\\\/?originalSubdomain=es\",\"https:\\\/\\\/x.com\\\/https:\\\/\\\/x.com\\\/i\\\/flow\\\/login?redirect_after_login=escapadarural\"],\"url\":\"https:\\\/\\\/www.escapadarural.com\\\/blog\\\/autor\\\/user\\\/\"}]}<\/script>\n<!-- \/ Yoast SEO plugin. -->","yoast_head_json":{"title":"De Ibiza a Sant Antoni por Es Vedr\u00e0 - EscapadaRural","robots":{"index":"index","follow":"follow","max-snippet":"max-snippet:-1","max-image-preview":"max-image-preview:large","max-video-preview":"max-video-preview:-1"},"canonical":"https:\/\/www.escapadarural.com\/blog\/de-ibiza-a-sant-antoni-por-es-vedra\/","og_locale":"es_ES","og_type":"article","og_title":"De Ibiza a Sant Antoni por Es Vedr\u00e0 - EscapadaRural","og_description":"Recorremos la primera etapa de la Vuelta a Ibiza en bicicleta de monta\u00f1a. Desde el puerto de Ibiza a Sant Antonid e Portmany pasando por Es Vedr\u00e0 y Cala d'Hort","og_url":"https:\/\/www.escapadarural.com\/blog\/de-ibiza-a-sant-antoni-por-es-vedra\/","og_site_name":"Magazine de viajes de EscapadaRural","article_publisher":"https:\/\/www.facebook.com\/escapadarural","article_author":"https:\/\/www.facebook.com\/escapadarural","article_published_time":"2012-10-01T09:01:39+00:00","article_modified_time":"2025-07-25T13:32:02+00:00","og_image":[{"width":1500,"height":1120,"url":"https:\/\/www.escapadarural.com\/blog\/wp-content\/uploads\/2012\/10\/IMG_2060-1.jpg?v=1753450323","type":"image\/jpeg"}],"author":"Escapada Rural","twitter_card":"summary_large_image","twitter_creator":"@https:\/\/x.com\/i\/flow\/login?redirect_after_login=escapadarural","twitter_misc":{"Escrito por":"Escapada Rural","Tiempo de lectura":"3 minutos"},"schema":{"@context":"https:\/\/schema.org","@graph":[{"@type":"Article","@id":"https:\/\/www.escapadarural.com\/blog\/de-ibiza-a-sant-antoni-por-es-vedra\/#article","isPartOf":{"@id":"https:\/\/www.escapadarural.com\/blog\/de-ibiza-a-sant-antoni-por-es-vedra\/"},"author":{"name":"Escapada Rural","@id":"https:\/\/www.escapadarural.com\/blog\/#\/schema\/person\/d9ee55ff3e0cef41d6eac8922b4f972c"},"headline":"De Ibiza a Sant Antoni por Es Vedr\u00e0","datePublished":"2012-10-01T09:01:39+00:00","dateModified":"2025-07-25T13:32:02+00:00","mainEntityOfPage":{"@id":"https:\/\/www.escapadarural.com\/blog\/de-ibiza-a-sant-antoni-por-es-vedra\/"},"wordCount":606,"commentCount":6,"publisher":{"@id":"https:\/\/www.escapadarural.com\/blog\/#organization"},"image":{"@id":"https:\/\/www.escapadarural.com\/blog\/de-ibiza-a-sant-antoni-por-es-vedra\/#primaryimage"},"thumbnailUrl":"https:\/\/www.escapadarural.com\/blog\/wp-content\/uploads\/2012\/10\/IMG_2060-1.jpg","keywords":["art\u00edculo","blogtrip","BTT","Es Vedr\u00e0","Ibiza","playas","Sant Antoni de Portmany"],"articleSection":["Rutas y excursiones"],"inLanguage":"es","potentialAction":[{"@type":"CommentAction","name":"Comment","target":["https:\/\/www.escapadarural.com\/blog\/de-ibiza-a-sant-antoni-por-es-vedra\/#respond"]}]},{"@type":"WebPage","@id":"https:\/\/www.escapadarural.com\/blog\/de-ibiza-a-sant-antoni-por-es-vedra\/","url":"https:\/\/www.escapadarural.com\/blog\/de-ibiza-a-sant-antoni-por-es-vedra\/","name":"De Ibiza a Sant Antoni por Es Vedr\u00e0 - EscapadaRural","isPartOf":{"@id":"https:\/\/www.escapadarural.com\/blog\/#website"},"primaryImageOfPage":{"@id":"https:\/\/www.escapadarural.com\/blog\/de-ibiza-a-sant-antoni-por-es-vedra\/#primaryimage"},"image":{"@id":"https:\/\/www.escapadarural.com\/blog\/de-ibiza-a-sant-antoni-por-es-vedra\/#primaryimage"},"thumbnailUrl":"https:\/\/www.escapadarural.com\/blog\/wp-content\/uploads\/2012\/10\/IMG_2060-1.jpg","datePublished":"2012-10-01T09:01:39+00:00","dateModified":"2025-07-25T13:32:02+00:00","breadcrumb":{"@id":"https:\/\/www.escapadarural.com\/blog\/de-ibiza-a-sant-antoni-por-es-vedra\/#breadcrumb"},"inLanguage":"es","potentialAction":[{"@type":"ReadAction","target":["https:\/\/www.escapadarural.com\/blog\/de-ibiza-a-sant-antoni-por-es-vedra\/"]}]},{"@type":"ImageObject","inLanguage":"es","@id":"https:\/\/www.escapadarural.com\/blog\/de-ibiza-a-sant-antoni-por-es-vedra\/#primaryimage","url":"https:\/\/www.escapadarural.com\/blog\/wp-content\/uploads\/2012\/10\/IMG_2060-1.jpg","contentUrl":"https:\/\/www.escapadarural.com\/blog\/wp-content\/uploads\/2012\/10\/IMG_2060-1.jpg","width":1500,"height":1120,"caption":"Amanecer en el puerto de Ibiza"},{"@type":"BreadcrumbList","@id":"https:\/\/www.escapadarural.com\/blog\/de-ibiza-a-sant-antoni-por-es-vedra\/#breadcrumb","itemListElement":[{"@type":"ListItem","position":1,"name":"Inicio","item":"https:\/\/www.escapadarural.com\/blog\/"},{"@type":"ListItem","position":2,"name":"Rutas y excursiones","item":"https:\/\/www.escapadarural.com\/blog\/categoria\/rutas-y-excursiones\/"},{"@type":"ListItem","position":3,"name":"De Ibiza a Sant Antoni por Es Vedr\u00e0"}]},{"@type":"WebSite","@id":"https:\/\/www.escapadarural.com\/blog\/#website","url":"https:\/\/www.escapadarural.com\/blog\/","name":"Blog de viajes | turismo rural, alojamientos e inspiraci\u00f3n","description":"Alojamientos rurales e inspiraci\u00f3n para tus escapadas","publisher":{"@id":"https:\/\/www.escapadarural.com\/blog\/#organization"},"alternateName":"Magazine de viajes de EscapadaRural","potentialAction":[{"@type":"SearchAction","target":{"@type":"EntryPoint","urlTemplate":"https:\/\/www.escapadarural.com\/blog\/?s={search_term_string}"},"query-input":{"@type":"PropertyValueSpecification","valueRequired":true,"valueName":"search_term_string"}}],"inLanguage":"es"},{"@type":"Organization","@id":"https:\/\/www.escapadarural.com\/blog\/#organization","name":"EscapadaRural","url":"https:\/\/www.escapadarural.com\/blog\/","logo":{"@type":"ImageObject","inLanguage":"es","@id":"https:\/\/www.escapadarural.com\/blog\/#\/schema\/logo\/image\/","url":"https:\/\/www.escapadarural.com\/blog\/wp-content\/uploads\/2024\/10\/cropped-cropped-escapada-rural-icon-mag-3.png","contentUrl":"https:\/\/www.escapadarural.com\/blog\/wp-content\/uploads\/2024\/10\/cropped-cropped-escapada-rural-icon-mag-3.png","width":512,"height":512,"caption":"EscapadaRural"},"image":{"@id":"https:\/\/www.escapadarural.com\/blog\/#\/schema\/logo\/image\/"},"sameAs":["https:\/\/www.facebook.com\/escapadarural","https:\/\/www.instagram.com\/escapadarural\/","https:\/\/www.youtube.com\/@escapadaruralcom"]},{"@type":"Person","@id":"https:\/\/www.escapadarural.com\/blog\/#\/schema\/person\/d9ee55ff3e0cef41d6eac8922b4f972c","name":"Escapada Rural","image":{"@type":"ImageObject","inLanguage":"es","@id":"https:\/\/www.escapadarural.com\/blog\/wp-content\/uploads\/2024\/10\/cropped-cropped-escapada-rural-icon-mag-3-96x96.png","url":"https:\/\/www.escapadarural.com\/blog\/wp-content\/uploads\/2024\/10\/cropped-cropped-escapada-rural-icon-mag-3-96x96.png","contentUrl":"https:\/\/www.escapadarural.com\/blog\/wp-content\/uploads\/2024\/10\/cropped-cropped-escapada-rural-icon-mag-3-96x96.png","caption":"Escapada Rural"},"sameAs":["https:\/\/www.facebook.com\/escapadarural","https:\/\/www.linkedin.com\/company\/escapada-rural\/?originalSubdomain=es","https:\/\/x.com\/https:\/\/x.com\/i\/flow\/login?redirect_after_login=escapadarural"],"url":"https:\/\/www.escapadarural.com\/blog\/autor\/user\/"}]}},"_links":{"self":[{"href":"https:\/\/www.escapadarural.com\/blog\/wp-json\/wp\/v2\/posts\/2121","targetHints":{"allow":["GET"]}}],"collection":[{"href":"https:\/\/www.escapadarural.com\/blog\/wp-json\/wp\/v2\/posts"}],"about":[{"href":"https:\/\/www.escapadarural.com\/blog\/wp-json\/wp\/v2\/types\/post"}],"author":[{"embeddable":true,"href":"https:\/\/www.escapadarural.com\/blog\/wp-json\/wp\/v2\/users\/136"}],"replies":[{"embeddable":true,"href":"https:\/\/www.escapadarural.com\/blog\/wp-json\/wp\/v2\/comments?post=2121"}],"version-history":[{"count":0,"href":"https:\/\/www.escapadarural.com\/blog\/wp-json\/wp\/v2\/posts\/2121\/revisions"}],"wp:featuredmedia":[{"embeddable":true,"href":"https:\/\/www.escapadarural.com\/blog\/wp-json\/wp\/v2\/media\/32569"}],"wp:attachment":[{"href":"https:\/\/www.escapadarural.com\/blog\/wp-json\/wp\/v2\/media?parent=2121"}],"wp:term":[{"taxonomy":"category","embeddable":true,"href":"https:\/\/www.escapadarural.com\/blog\/wp-json\/wp\/v2\/categories?post=2121"},{"taxonomy":"post_tag","embeddable":true,"href":"https:\/\/www.escapadarural.com\/blog\/wp-json\/wp\/v2\/tags?post=2121"}],"curies":[{"name":"wp","href":"https:\/\/api.w.org\/{rel}","templated":true}]}}