{"id":212144,"date":"2026-01-21T08:55:00","date_gmt":"2026-01-21T07:55:00","guid":{"rendered":"https:\/\/www.escapadarural.com\/blog\/?p=212144"},"modified":"2026-03-16T10:19:14","modified_gmt":"2026-03-16T09:19:14","slug":"la-cabana-escondida-en-el-bosque-cuenca","status":"publish","type":"post","link":"https:\/\/www.escapadarural.com\/blog\/la-cabana-escondida-en-el-bosque-cuenca\/","title":{"rendered":"La caba\u00f1a de Stranger Things en los bosques de Cuenca: este alojamiento rural es clavado a la guarida de Eleven"},"content":{"rendered":"\n<p>Si hay algo en com\u00fan entre <em>Stranger Things<\/em> y un rinc\u00f3n escondido en la <a href=\"\/casas-rurales\/serrania-de-cuenca\">Serran\u00eda de Cuenca<\/a> es la sensaci\u00f3n de que alg\u00fan refugio perdido entre \u00e1rboles y paisajes infinitos es siempre buena idea para salvarse contra el mal. En la serie de los hermanos Duffer, esa idea se materializa en la <strong>caba\u00f1a de Jim Hopper<\/strong>, ubicada en lo profundo de los bosques alrededor de Hawkins, Indiana.<\/p>\n\n\n\n<p>Si Hopper hubiera tenido que esconder a Eleven (Once) en Espa\u00f1a, probablemente habr\u00eda elegido un lugar como <a href=\"\/casa-rural\/cuenca\/el-llano-de-los-conejos\">El Llano de los Conejos<\/a>, unas caba\u00f1as de madera en pleno <strong>Parque Natural de la Serran\u00eda de Cuenca<\/strong>, rodeadas de naturaleza, silencio y promesas de desconexi\u00f3n total.<\/p>\n\n\n\n<div class=\"wp-block-buttons is-layout-flex wp-block-buttons-is-layout-flex\">\n<div class=\"wp-block-button\"><a class=\"wp-block-button__link wp-element-button\" href=\"\/casa-rural\/cuenca\/el-llano-de-los-conejos\">Reservar<\/a><\/div>\n<\/div>\n\n\n\n<h2 class=\"wp-block-heading\" id=\"h-la-cabana-de-hopper-un-hogar-lejos-del-laboratorio\"><strong>La caba\u00f1a de Hopper: un hogar lejos del laboratorio<\/strong><\/h2>\n\n\n\n<figure class=\"wp-block-image size-large\"><img loading=\"lazy\" decoding=\"async\" width=\"1024\" height=\"614\" src=\"https:\/\/www.escapadarural.com\/blog\/wp-content\/uploads\/2026\/01\/cabana-de-hopper-1024x614.jpg\" alt=\"Caba\u00f1a de Hopper. Por Fox 5\" class=\"wp-image-212146\" srcset=\"https:\/\/www.escapadarural.com\/blog\/wp-content\/uploads\/2026\/01\/cabana-de-hopper-200x120.jpg 200w, https:\/\/www.escapadarural.com\/blog\/wp-content\/uploads\/2026\/01\/cabana-de-hopper-300x180.jpg 300w, https:\/\/www.escapadarural.com\/blog\/wp-content\/uploads\/2026\/01\/cabana-de-hopper-400x240.jpg 400w, https:\/\/www.escapadarural.com\/blog\/wp-content\/uploads\/2026\/01\/cabana-de-hopper-600x360.jpg 600w, https:\/\/www.escapadarural.com\/blog\/wp-content\/uploads\/2026\/01\/cabana-de-hopper-768x461.jpg 768w, https:\/\/www.escapadarural.com\/blog\/wp-content\/uploads\/2026\/01\/cabana-de-hopper-800x480.jpg 800w, https:\/\/www.escapadarural.com\/blog\/wp-content\/uploads\/2026\/01\/cabana-de-hopper-1024x614.jpg 1024w, https:\/\/www.escapadarural.com\/blog\/wp-content\/uploads\/2026\/01\/cabana-de-hopper-1200x720.jpg 1200w, https:\/\/www.escapadarural.com\/blog\/wp-content\/uploads\/2026\/01\/cabana-de-hopper-1536x922.jpg 1536w\" sizes=\"auto, (max-width: 1024px) 100vw, 1024px\" \/><figcaption class=\"wp-element-caption\">Caba\u00f1a de Hopper en <em>Stranger Things<\/em>. Por <a href=\"https:\/\/www.fox5atlanta.com\/good-day-atlanta\/escape-woods-gets-stranger-with-addition-of-hoppers-cabin\" target=\"_blank\" rel=\"noreferrer noopener nofollow\">Fox 5<\/a><\/figcaption><\/figure>\n\n\n\n<p>En <em>Stranger Things<\/em>, la caba\u00f1a de Hopper no es solo un decorado pintoresco: es el <strong>lugar donde decide ocultar a Eleven<\/strong> para protegerla del gobierno. Tras escapar del laboratorio de Hawkins, Hopper la lleva a este refugio de madera y techo inclinado, propiedad de su abuelo. El lugar pronto se convierte en un hogar improvisado donde el jefe de polic\u00eda ejerce de protector, estableciendo reglas como mantener las cortinas cerradas y no salir sin permiso.<\/p>\n\n\n\n<p>La caba\u00f1a aparece al final de la primera temporada y <strong>la habitan durante gran parte de la segunda y tercera<\/strong>. All\u00ed, Eleven crece, entrena sus poderes y se comunica con Mike por <em>walkie\u2011talkie<\/em>.&nbsp;<\/p>\n\n\n\n<h2 class=\"wp-block-heading\" id=\"h-bosques-secretos-y-placeres-en-el-llano-de-los-conejos\"><strong>Bosques, secretos y placeres en <a href=\"\/casa-rural\/cuenca\/el-llano-de-los-conejos\">El Llano de los Conejos<\/a><\/strong><\/h2>\n\n\n\n<figure class=\"wp-block-image size-large\"><img loading=\"lazy\" decoding=\"async\" width=\"1024\" height=\"768\" src=\"https:\/\/www.escapadarural.com\/blog\/wp-content\/uploads\/2026\/01\/Cabanas-Llano-de-los-Conejos-1024x768.jpg\" alt=\"Caba\u00f1as Llano de los Conejos\" class=\"wp-image-212147\" srcset=\"https:\/\/www.escapadarural.com\/blog\/wp-content\/uploads\/2026\/01\/Cabanas-Llano-de-los-Conejos-200x150.jpg 200w, https:\/\/www.escapadarural.com\/blog\/wp-content\/uploads\/2026\/01\/Cabanas-Llano-de-los-Conejos-300x225.jpg 300w, https:\/\/www.escapadarural.com\/blog\/wp-content\/uploads\/2026\/01\/Cabanas-Llano-de-los-Conejos-400x300.jpg 400w, https:\/\/www.escapadarural.com\/blog\/wp-content\/uploads\/2026\/01\/Cabanas-Llano-de-los-Conejos-600x450.jpg 600w, https:\/\/www.escapadarural.com\/blog\/wp-content\/uploads\/2026\/01\/Cabanas-Llano-de-los-Conejos-768x576.jpg 768w, https:\/\/www.escapadarural.com\/blog\/wp-content\/uploads\/2026\/01\/Cabanas-Llano-de-los-Conejos-800x600.jpg 800w, https:\/\/www.escapadarural.com\/blog\/wp-content\/uploads\/2026\/01\/Cabanas-Llano-de-los-Conejos-1024x768.jpg 1024w, https:\/\/www.escapadarural.com\/blog\/wp-content\/uploads\/2026\/01\/Cabanas-Llano-de-los-Conejos-1200x900.jpg 1200w, https:\/\/www.escapadarural.com\/blog\/wp-content\/uploads\/2026\/01\/Cabanas-Llano-de-los-Conejos-1536x1152.jpg 1536w, https:\/\/www.escapadarural.com\/blog\/wp-content\/uploads\/2026\/01\/Cabanas-Llano-de-los-Conejos.jpg 1820w\" sizes=\"auto, (max-width: 1024px) 100vw, 1024px\" \/><figcaption class=\"wp-element-caption\">Caba\u00f1as Llano de los Conejos<\/figcaption><\/figure>\n\n\n\n<p>Ahora, traslademos esa idea rom\u00e1ntica de un escondite seguro al coraz\u00f3n de Espa\u00f1a, a la Serran\u00eda de Cuenca. All\u00ed est\u00e1 El Llano de los Conejos, un <strong>conjunto de caba\u00f1as de madera escondidas entre la naturaleza<\/strong> que podr\u00edan servir de tel\u00f3n de fondo a una historia donde alguien quiere desaparecer\u2026 o simplemente encontrarse.<\/p>\n\n\n\n<p>El complejo est\u00e1 situado cerca del <strong>municipio de Ca\u00f1amares<\/strong>. Y, aunque aqu\u00ed no hay portales al \u201cUpside Down\u201d, lo que encontraremos son senderos y pozas para ba\u00f1arse en el r\u00edo en verano.&nbsp;<\/p>\n\n\n\n<figure class=\"wp-block-image size-large\"><img loading=\"lazy\" decoding=\"async\" width=\"1024\" height=\"646\" src=\"https:\/\/www.escapadarural.com\/blog\/wp-content\/uploads\/2026\/01\/Cabanas-Llano-de-los-Conejos-3-1024x646.jpg\" alt=\"Caba\u00f1as Llano de los Conejos\" class=\"wp-image-212148\" srcset=\"https:\/\/www.escapadarural.com\/blog\/wp-content\/uploads\/2026\/01\/Cabanas-Llano-de-los-Conejos-3-200x126.jpg 200w, https:\/\/www.escapadarural.com\/blog\/wp-content\/uploads\/2026\/01\/Cabanas-Llano-de-los-Conejos-3-300x189.jpg 300w, https:\/\/www.escapadarural.com\/blog\/wp-content\/uploads\/2026\/01\/Cabanas-Llano-de-los-Conejos-3-320x202.jpg 320w, https:\/\/www.escapadarural.com\/blog\/wp-content\/uploads\/2026\/01\/Cabanas-Llano-de-los-Conejos-3-400x252.jpg 400w, https:\/\/www.escapadarural.com\/blog\/wp-content\/uploads\/2026\/01\/Cabanas-Llano-de-los-Conejos-3-600x378.jpg 600w, https:\/\/www.escapadarural.com\/blog\/wp-content\/uploads\/2026\/01\/Cabanas-Llano-de-los-Conejos-3-700x441.jpg 700w, https:\/\/www.escapadarural.com\/blog\/wp-content\/uploads\/2026\/01\/Cabanas-Llano-de-los-Conejos-3-768x484.jpg 768w, https:\/\/www.escapadarural.com\/blog\/wp-content\/uploads\/2026\/01\/Cabanas-Llano-de-los-Conejos-3-800x504.jpg 800w, https:\/\/www.escapadarural.com\/blog\/wp-content\/uploads\/2026\/01\/Cabanas-Llano-de-los-Conejos-3-1024x646.jpg 1024w, https:\/\/www.escapadarural.com\/blog\/wp-content\/uploads\/2026\/01\/Cabanas-Llano-de-los-Conejos-3-1200x757.jpg 1200w, https:\/\/www.escapadarural.com\/blog\/wp-content\/uploads\/2026\/01\/Cabanas-Llano-de-los-Conejos-3.jpg 1283w\" sizes=\"auto, (max-width: 1024px) 100vw, 1024px\" \/><figcaption class=\"wp-element-caption\">Caba\u00f1as Llano de los Conejos<\/figcaption><\/figure>\n\n\n\n<h3 class=\"wp-block-heading\" id=\"h-las-cabanas\"><strong>Las caba\u00f1as<\/strong><\/h3>\n\n\n\n<p>Al igual que la de la exitosa serie, cada caba\u00f1a de El Llano de los Conejos est\u00e1 construida con madera natural, sin renunciar a las comodidades modernas. Las hay de distintos tama\u00f1os: para 4, 6 y hasta para 12 personas. Todas cuentan con sal\u00f3n\u2011comedor con cocina equipada, ba\u00f1o privado, porche y terraza con vistas a la naturaleza. En las zonas comunes hay una <strong>piscina ecol\u00f3gica de agua salada<\/strong> y barbacoa.\u00a0<\/p>\n\n\n\n<figure class=\"wp-block-image size-large\"><img loading=\"lazy\" decoding=\"async\" width=\"1024\" height=\"576\" src=\"https:\/\/www.escapadarural.com\/blog\/wp-content\/uploads\/2026\/01\/Cabanas-Llano-de-los-Conejos-4-1024x576.jpg\" alt=\"Caba\u00f1as Llano de los Conejos\" class=\"wp-image-212488\" srcset=\"https:\/\/www.escapadarural.com\/blog\/wp-content\/uploads\/2026\/01\/Cabanas-Llano-de-los-Conejos-4-200x113.jpg 200w, https:\/\/www.escapadarural.com\/blog\/wp-content\/uploads\/2026\/01\/Cabanas-Llano-de-los-Conejos-4-300x169.jpg 300w, https:\/\/www.escapadarural.com\/blog\/wp-content\/uploads\/2026\/01\/Cabanas-Llano-de-los-Conejos-4-400x225.jpg 400w, https:\/\/www.escapadarural.com\/blog\/wp-content\/uploads\/2026\/01\/Cabanas-Llano-de-los-Conejos-4-600x338.jpg 600w, https:\/\/www.escapadarural.com\/blog\/wp-content\/uploads\/2026\/01\/Cabanas-Llano-de-los-Conejos-4-768x432.jpg 768w, https:\/\/www.escapadarural.com\/blog\/wp-content\/uploads\/2026\/01\/Cabanas-Llano-de-los-Conejos-4-800x450.jpg 800w, https:\/\/www.escapadarural.com\/blog\/wp-content\/uploads\/2026\/01\/Cabanas-Llano-de-los-Conejos-4-1024x576.jpg 1024w, https:\/\/www.escapadarural.com\/blog\/wp-content\/uploads\/2026\/01\/Cabanas-Llano-de-los-Conejos-4-1200x675.jpg 1200w, https:\/\/www.escapadarural.com\/blog\/wp-content\/uploads\/2026\/01\/Cabanas-Llano-de-los-Conejos-4.jpg 1500w\" sizes=\"auto, (max-width: 1024px) 100vw, 1024px\" \/><figcaption class=\"wp-element-caption\">Caba\u00f1as Llano de los Conejos<\/figcaption><\/figure>\n\n\n\n<p>Adem\u00e1s, tambi\u00e9n hay una <strong>zona infantil \u00fanica compuesta por una caba\u00f1a en los \u00e1rboles<\/strong> totalmente segura, roc\u00f3dromo infantil, toboganes de tubo y columpios, proporcionando diversi\u00f3n y seguridad para los m\u00e1s peque\u00f1os. <\/p>\n\n\n\n<p>Las caba\u00f1as <strong>est\u00e1n separadas entre s\u00ed<\/strong>, lo que ofrece una mayor privacidad. En ellas se aceptan mascotas.<\/p>\n\n\n\n<h2 class=\"wp-block-heading\" id=\"h-que-ver-y-hacer-alrededor-aventuras-sin-monstruos\"><strong>Qu\u00e9 ver y hacer alrededor: aventuras sin monstruos<\/strong><\/h2>\n\n\n\n<figure class=\"wp-block-image size-large\"><img loading=\"lazy\" decoding=\"async\" width=\"1024\" height=\"683\" src=\"https:\/\/www.escapadarural.com\/blog\/wp-content\/uploads\/2026\/01\/AdobeStock_272790924-1024x683.jpeg\" alt=\"Nacimiento del r\u00edo Cuervo\" class=\"wp-image-212149\" srcset=\"https:\/\/www.escapadarural.com\/blog\/wp-content\/uploads\/2026\/01\/AdobeStock_272790924-200x133.jpeg 200w, https:\/\/www.escapadarural.com\/blog\/wp-content\/uploads\/2026\/01\/AdobeStock_272790924-300x200.jpeg 300w, https:\/\/www.escapadarural.com\/blog\/wp-content\/uploads\/2026\/01\/AdobeStock_272790924-400x267.jpeg 400w, https:\/\/www.escapadarural.com\/blog\/wp-content\/uploads\/2026\/01\/AdobeStock_272790924-600x400.jpeg 600w, https:\/\/www.escapadarural.com\/blog\/wp-content\/uploads\/2026\/01\/AdobeStock_272790924-768x512.jpeg 768w, https:\/\/www.escapadarural.com\/blog\/wp-content\/uploads\/2026\/01\/AdobeStock_272790924-800x533.jpeg 800w, https:\/\/www.escapadarural.com\/blog\/wp-content\/uploads\/2026\/01\/AdobeStock_272790924-1024x683.jpeg 1024w, https:\/\/www.escapadarural.com\/blog\/wp-content\/uploads\/2026\/01\/AdobeStock_272790924-1200x800.jpeg 1200w, https:\/\/www.escapadarural.com\/blog\/wp-content\/uploads\/2026\/01\/AdobeStock_272790924-1536x1024.jpeg 1536w\" sizes=\"auto, (max-width: 1024px) 100vw, 1024px\" \/><figcaption class=\"wp-element-caption\">Nacimiento del r\u00edo Cuervo. Por Victor Quinto<\/figcaption><\/figure>\n\n\n\n<p>Si El Llano de los Conejos es tu \u201ccaba\u00f1a del bosque\u201d en Espa\u00f1a, entonces la Serran\u00eda de Cuenca es tu versi\u00f3n de Hawkins sin <em>Demogorgons.&nbsp;<\/em><\/p>\n\n\n\n<p>Entre su naturaleza y paisaje destacan:&nbsp;<\/p>\n\n\n\n<ul class=\"wp-block-list\">\n<li><strong>La playa fluvial de Ca\u00f1amares<\/strong>: s\u00ed, \u201cplaya\u201d en la monta\u00f1a. Una orilla tranquila para ba\u00f1arse cuando aprieta el sol.<\/li>\n\n\n\n<li><strong><a href=\"\/blog\/nacimiento-del-rio-cuervo\/\">El nacimiento del r\u00edo Cuervo<\/a><\/strong>: un espect\u00e1culo de cascadas y pozas que parecen obra de gigantes geol\u00f3gicos.<\/li>\n\n\n\n<li><strong>La <a href=\"\/blog\/la-magia-de-la-ciudad-encantada-de-cuenca-en-invierno\/\">Ciudad Encantada<\/a><\/strong>: formaciones rocosas ins\u00f3litas que desaf\u00edan la gravedad y la l\u00f3gica.<\/li>\n\n\n\n<li><strong>Las lagunas de U\u00f1a y el Tobar<\/strong>: espejos de agua rodeados de bosque, perfectos para fotos y paseos.<\/li>\n\n\n\n<li><a href=\"\/blog\/la-ruta-del-mimbre-en-espana\/\">Ruta del mimbre<\/a>: los campos de la Serran\u00eda de Cuenca, sobre todo en ca\u00f1amares, se vuelven p\u00farpuras y rojo pasi\u00f3n.<\/li>\n<\/ul>\n\n\n\n<figure class=\"wp-block-image size-full\"><img loading=\"lazy\" decoding=\"async\" width=\"1024\" height=\"682\" src=\"https:\/\/www.escapadarural.com\/blog\/wp-content\/uploads\/2024\/02\/ciudad_encantada.webp\" alt=\"Tormo Alto, Ciudad Encantada (Cuenca)\" class=\"wp-image-198771\" srcset=\"https:\/\/www.escapadarural.com\/blog\/wp-content\/uploads\/2024\/02\/ciudad_encantada-200x133.webp 200w, https:\/\/www.escapadarural.com\/blog\/wp-content\/uploads\/2024\/02\/ciudad_encantada-300x200.webp 300w, https:\/\/www.escapadarural.com\/blog\/wp-content\/uploads\/2024\/02\/ciudad_encantada-400x266.webp 400w, https:\/\/www.escapadarural.com\/blog\/wp-content\/uploads\/2024\/02\/ciudad_encantada-600x400.webp 600w, https:\/\/www.escapadarural.com\/blog\/wp-content\/uploads\/2024\/02\/ciudad_encantada-768x512.webp 768w, https:\/\/www.escapadarural.com\/blog\/wp-content\/uploads\/2024\/02\/ciudad_encantada-800x533.webp 800w, https:\/\/www.escapadarural.com\/blog\/wp-content\/uploads\/2024\/02\/ciudad_encantada.webp 1024w\" sizes=\"auto, (max-width: 1024px) 100vw, 1024px\" \/><figcaption class=\"wp-element-caption\">Tormo Alto, Ciudad Encantada (Cuenca). Por H\u00e5kan Svensson<\/figcaption><\/figure>\n\n\n\n<p>No menos valioso es su patrimonio, o los pueblos que salpican la zona. Entre ellos recomendamos:&nbsp;<\/p>\n\n\n\n<ul class=\"wp-block-list\">\n<li><strong><a href=\"\/casas-rurales\/canamares_cuenca\">Ca\u00f1amares<\/a>, <a href=\"\/casas-rurales\/beteta\">Beteta<\/a>, <a href=\"\/casas-rurales\/priego\">Priego<\/a> o <a href=\"\/casas-rurales\/una\">U\u00f1a<\/a><\/strong>: localidades con plazas, tascas y esa mezcla de historia y vida rural que se queda en la memoria.<\/li>\n<\/ul>\n\n\n\n<p>La Serran\u00eda de Cuenca es perfecta para hacer senderismo, recorrer el Monumento Natural de la <a href=\"\/blog\/hoz-de-beteta-y-mata-asnos-tilos-centenarios-y-canones-de-piedra\/\">Hoz de Beteta<\/a>, cruzar la Puerta del Infierno o asomarse al <a href=\"\/blog\/mirador-ventano-del-diablo-cuenca\/\">mirador del Ventano del Diablo<\/a>. Tres lugares que bien <strong>podr\u00edan haber servido de escenario<\/strong> en m\u00e1s de un cap\u00edtulo de <em>Stranger Things<\/em>.\u00a0Otra de las actividades estrella es el <a href=\"\/blog\/tag\/astroturismo\">astroturismo<\/a>.<\/p>\n\n\n\n<figure class=\"wp-block-image size-full\"><img loading=\"lazy\" decoding=\"async\" width=\"1024\" height=\"684\" src=\"https:\/\/www.escapadarural.com\/blog\/wp-content\/uploads\/2024\/10\/Ventano-del-Diablo-1-1024x684-2.jpg\" alt=\"Ventano del Diablo\" class=\"wp-image-97486\" srcset=\"https:\/\/www.escapadarural.com\/blog\/wp-content\/uploads\/2024\/10\/Ventano-del-Diablo-1-1024x684-2-200x134.jpg 200w, https:\/\/www.escapadarural.com\/blog\/wp-content\/uploads\/2024\/10\/Ventano-del-Diablo-1-1024x684-2-300x200.jpg 300w, https:\/\/www.escapadarural.com\/blog\/wp-content\/uploads\/2024\/10\/Ventano-del-Diablo-1-1024x684-2-400x267.jpg 400w, https:\/\/www.escapadarural.com\/blog\/wp-content\/uploads\/2024\/10\/Ventano-del-Diablo-1-1024x684-2-600x401.jpg 600w, https:\/\/www.escapadarural.com\/blog\/wp-content\/uploads\/2024\/10\/Ventano-del-Diablo-1-1024x684-2-768x513.jpg 768w, https:\/\/www.escapadarural.com\/blog\/wp-content\/uploads\/2024\/10\/Ventano-del-Diablo-1-1024x684-2-800x534.jpg 800w, https:\/\/www.escapadarural.com\/blog\/wp-content\/uploads\/2024\/10\/Ventano-del-Diablo-1-1024x684-2.jpg 1024w\" sizes=\"auto, (max-width: 1024px) 100vw, 1024px\" \/><figcaption class=\"wp-element-caption\">Ventano del Diablo, Cuenca. Por herraez<\/figcaption><\/figure>\n\n\n\n<p>En <a href=\"\/casas-rurales\/cuenca\">Cuenca<\/a>, lejos de las luces de la ciudad, <strong>el cielo nocturno se convierte en una c\u00fapula de constelaciones<\/strong> que parece salida de otra dimensi\u00f3n (pero de las bonitas). \u00bfLo mejor? Que en agosto de 2026, adem\u00e1s de poder contemplar las perseidas, desde la Serran\u00eda de Cuenca podr\u00e1s disfrutar de un espect\u00e1culo \u00fanico: un <a href=\"\/blog\/eclipse-solar-12-agosto-2026-espana\/\">eclipse solar total<\/a>. Esperemos que con este fen\u00f3meno no se abra ning\u00fan \u201cportal\u201d.<\/p>\n\n\n\n<div class=\"wp-block-buttons is-layout-flex wp-block-buttons-is-layout-flex\">\n<div class=\"wp-block-button\"><a class=\"wp-block-button__link wp-element-button\" href=\"\/casas-rurales\/serrania-de-cuenca\">Alojamientos rurales en la Serran\u00eda de Cuenca<\/a><\/div>\n<\/div>\n","protected":false},"excerpt":{"rendered":"<p>No estamos en Hawkins, aunque lo parece. Esta caba\u00f1a escondida, como si fuera la de Hopper, est\u00e1 en un bosque de la Serran\u00eda de Cuenca. <\/p>\n","protected":false},"author":89,"featured_media":212145,"comment_status":"open","ping_status":"open","sticky":false,"template":"","format":"standard","meta":{"_acf_changed":false,"om_disable_all_campaigns":false,"footnotes":""},"categories":[247,191],"tags":[2197,740,2231,1548,6555,329,511,5733,5590,2645,1706,6737],"class_list":["post-212144","post","type-post","status-publish","format-standard","has-post-thumbnail","hentry","category-alojamientos-rurales","category-destinos","tag-amigos","tag-bosque","tag-cabanas","tag-canamares","tag-castilla-la-mancha-2","tag-que-ver-en-cuenca","tag-familia","tag-mascota","tag-pareja","tag-series","tag-serrania-de-cuenca","tag-stranger-things"],"acf":[],"featured_image_src":"https:\/\/www.escapadarural.com\/blog\/wp-content\/uploads\/2026\/01\/Cabanas-Llano-de-los-Conejos-portada.jpg","author_info":{"display_name":"Laura Fern\u00e1ndez","author_link":"https:\/\/www.escapadarural.com\/blog\/autor\/laura\/"},"yoast_head":"<!-- This site is optimized with the Yoast SEO plugin v27.5 - https:\/\/yoast.com\/product\/yoast-seo-wordpress\/ -->\n<title>La caba\u00f1a de Stranger Things en los bosques de Cuenca: este alojamiento rural es clavado a la guarida de Eleven - EscapadaRural<\/title>\n<meta name=\"description\" content=\"No estamos en Hawkins, aunque lo parece. Esta caba\u00f1a escondida, como si fuera la de Hopper, est\u00e1 en un bosque de la Serran\u00eda de Cuenca.\" \/>\n<meta name=\"robots\" content=\"index, follow, max-snippet:-1, max-image-preview:large, max-video-preview:-1\" \/>\n<link rel=\"canonical\" href=\"https:\/\/www.escapadarural.com\/blog\/la-cabana-escondida-en-el-bosque-cuenca\/\" \/>\n<meta property=\"og:locale\" content=\"es_ES\" \/>\n<meta property=\"og:type\" content=\"article\" \/>\n<meta property=\"og:title\" content=\"La caba\u00f1a de Stranger Things en los bosques de Cuenca: este alojamiento rural es clavado a la guarida de Eleven - EscapadaRural\" \/>\n<meta property=\"og:description\" content=\"No estamos en Hawkins, aunque lo parece. Esta caba\u00f1a escondida, como si fuera la de Hopper, est\u00e1 en un bosque de la Serran\u00eda de Cuenca.\" \/>\n<meta property=\"og:url\" content=\"https:\/\/www.escapadarural.com\/blog\/la-cabana-escondida-en-el-bosque-cuenca\/\" \/>\n<meta property=\"og:site_name\" content=\"Magazine de viajes de EscapadaRural\" \/>\n<meta property=\"article:publisher\" content=\"https:\/\/www.facebook.com\/escapadarural\" \/>\n<meta property=\"article:published_time\" content=\"2026-01-21T07:55:00+00:00\" \/>\n<meta property=\"article:modified_time\" content=\"2026-03-16T09:19:14+00:00\" \/>\n<meta property=\"og:image\" content=\"https:\/\/www.escapadarural.com\/blog\/wp-content\/uploads\/2026\/01\/Cabanas-Llano-de-los-Conejos-portada.jpg?v=1773652756\" \/>\n\t<meta property=\"og:image:width\" content=\"1777\" \/>\n\t<meta property=\"og:image:height\" content=\"1333\" \/>\n\t<meta property=\"og:image:type\" content=\"image\/jpeg\" \/>\n<meta name=\"author\" content=\"Laura Fern\u00e1ndez\" \/>\n<meta name=\"twitter:card\" content=\"summary_large_image\" \/>\n<meta name=\"twitter:label1\" content=\"Escrito por\" \/>\n\t<meta name=\"twitter:data1\" content=\"Laura Fern\u00e1ndez\" \/>\n\t<meta name=\"twitter:label2\" content=\"Tiempo de lectura\" \/>\n\t<meta name=\"twitter:data2\" content=\"4 minutos\" \/>\n<script type=\"application\/ld+json\" class=\"yoast-schema-graph\">{\"@context\":\"https:\\\/\\\/schema.org\",\"@graph\":[{\"@type\":\"Article\",\"@id\":\"https:\\\/\\\/www.escapadarural.com\\\/blog\\\/la-cabana-escondida-en-el-bosque-cuenca\\\/#article\",\"isPartOf\":{\"@id\":\"https:\\\/\\\/www.escapadarural.com\\\/blog\\\/la-cabana-escondida-en-el-bosque-cuenca\\\/\"},\"author\":{\"name\":\"Laura Fern\u00e1ndez\",\"@id\":\"https:\\\/\\\/www.escapadarural.com\\\/blog\\\/#\\\/schema\\\/person\\\/a9b46ae4d047d8a2c719f31e75206cff\"},\"headline\":\"La caba\u00f1a de Stranger Things en los bosques de Cuenca: este alojamiento rural es clavado a la guarida de Eleven\",\"datePublished\":\"2026-01-21T07:55:00+00:00\",\"dateModified\":\"2026-03-16T09:19:14+00:00\",\"mainEntityOfPage\":{\"@id\":\"https:\\\/\\\/www.escapadarural.com\\\/blog\\\/la-cabana-escondida-en-el-bosque-cuenca\\\/\"},\"wordCount\":885,\"commentCount\":0,\"publisher\":{\"@id\":\"https:\\\/\\\/www.escapadarural.com\\\/blog\\\/#organization\"},\"image\":{\"@id\":\"https:\\\/\\\/www.escapadarural.com\\\/blog\\\/la-cabana-escondida-en-el-bosque-cuenca\\\/#primaryimage\"},\"thumbnailUrl\":\"https:\\\/\\\/www.escapadarural.com\\\/blog\\\/wp-content\\\/uploads\\\/2026\\\/01\\\/Cabanas-Llano-de-los-Conejos-portada.jpg\",\"keywords\":[\"amigos\",\"Bosque\",\"Caba\u00f1as\",\"Ca\u00f1amares\",\"Castilla La-Mancha\",\"Cuenca\",\"Familia\",\"Mascota\",\"Pareja\",\"series\",\"Serran\u00eda de Cuenca\",\"Stranger Things\"],\"articleSection\":[\"Alojamientos rurales\",\"Destinos\"],\"inLanguage\":\"es\",\"potentialAction\":[{\"@type\":\"CommentAction\",\"name\":\"Comment\",\"target\":[\"https:\\\/\\\/www.escapadarural.com\\\/blog\\\/la-cabana-escondida-en-el-bosque-cuenca\\\/#respond\"]}]},{\"@type\":\"WebPage\",\"@id\":\"https:\\\/\\\/www.escapadarural.com\\\/blog\\\/la-cabana-escondida-en-el-bosque-cuenca\\\/\",\"url\":\"https:\\\/\\\/www.escapadarural.com\\\/blog\\\/la-cabana-escondida-en-el-bosque-cuenca\\\/\",\"name\":\"La caba\u00f1a de Stranger Things en los bosques de Cuenca: este alojamiento rural es clavado a la guarida de Eleven - EscapadaRural\",\"isPartOf\":{\"@id\":\"https:\\\/\\\/www.escapadarural.com\\\/blog\\\/#website\"},\"primaryImageOfPage\":{\"@id\":\"https:\\\/\\\/www.escapadarural.com\\\/blog\\\/la-cabana-escondida-en-el-bosque-cuenca\\\/#primaryimage\"},\"image\":{\"@id\":\"https:\\\/\\\/www.escapadarural.com\\\/blog\\\/la-cabana-escondida-en-el-bosque-cuenca\\\/#primaryimage\"},\"thumbnailUrl\":\"https:\\\/\\\/www.escapadarural.com\\\/blog\\\/wp-content\\\/uploads\\\/2026\\\/01\\\/Cabanas-Llano-de-los-Conejos-portada.jpg\",\"datePublished\":\"2026-01-21T07:55:00+00:00\",\"dateModified\":\"2026-03-16T09:19:14+00:00\",\"description\":\"No estamos en Hawkins, aunque lo parece. Esta caba\u00f1a escondida, como si fuera la de Hopper, est\u00e1 en un bosque de la Serran\u00eda de Cuenca.\",\"breadcrumb\":{\"@id\":\"https:\\\/\\\/www.escapadarural.com\\\/blog\\\/la-cabana-escondida-en-el-bosque-cuenca\\\/#breadcrumb\"},\"inLanguage\":\"es\",\"potentialAction\":[{\"@type\":\"ReadAction\",\"target\":[\"https:\\\/\\\/www.escapadarural.com\\\/blog\\\/la-cabana-escondida-en-el-bosque-cuenca\\\/\"]}]},{\"@type\":\"ImageObject\",\"inLanguage\":\"es\",\"@id\":\"https:\\\/\\\/www.escapadarural.com\\\/blog\\\/la-cabana-escondida-en-el-bosque-cuenca\\\/#primaryimage\",\"url\":\"https:\\\/\\\/www.escapadarural.com\\\/blog\\\/wp-content\\\/uploads\\\/2026\\\/01\\\/Cabanas-Llano-de-los-Conejos-portada.jpg\",\"contentUrl\":\"https:\\\/\\\/www.escapadarural.com\\\/blog\\\/wp-content\\\/uploads\\\/2026\\\/01\\\/Cabanas-Llano-de-los-Conejos-portada.jpg\",\"width\":1777,\"height\":1333,\"caption\":\"Caba\u00f1as Llano de los Conejos, Serran\u00eda de Cuenca\"},{\"@type\":\"BreadcrumbList\",\"@id\":\"https:\\\/\\\/www.escapadarural.com\\\/blog\\\/la-cabana-escondida-en-el-bosque-cuenca\\\/#breadcrumb\",\"itemListElement\":[{\"@type\":\"ListItem\",\"position\":1,\"name\":\"Inicio\",\"item\":\"https:\\\/\\\/www.escapadarural.com\\\/blog\\\/\"},{\"@type\":\"ListItem\",\"position\":2,\"name\":\"Alojamientos rurales\",\"item\":\"https:\\\/\\\/www.escapadarural.com\\\/blog\\\/categoria\\\/alojamientos-rurales\\\/\"},{\"@type\":\"ListItem\",\"position\":3,\"name\":\"La caba\u00f1a de Stranger Things en los bosques de Cuenca: este alojamiento rural es clavado a la guarida de Eleven\"}]},{\"@type\":\"WebSite\",\"@id\":\"https:\\\/\\\/www.escapadarural.com\\\/blog\\\/#website\",\"url\":\"https:\\\/\\\/www.escapadarural.com\\\/blog\\\/\",\"name\":\"Blog de viajes | turismo rural, alojamientos e inspiraci\u00f3n\",\"description\":\"Alojamientos rurales e inspiraci\u00f3n para tus escapadas\",\"publisher\":{\"@id\":\"https:\\\/\\\/www.escapadarural.com\\\/blog\\\/#organization\"},\"alternateName\":\"Magazine de viajes de EscapadaRural\",\"potentialAction\":[{\"@type\":\"SearchAction\",\"target\":{\"@type\":\"EntryPoint\",\"urlTemplate\":\"https:\\\/\\\/www.escapadarural.com\\\/blog\\\/?s={search_term_string}\"},\"query-input\":{\"@type\":\"PropertyValueSpecification\",\"valueRequired\":true,\"valueName\":\"search_term_string\"}}],\"inLanguage\":\"es\"},{\"@type\":\"Organization\",\"@id\":\"https:\\\/\\\/www.escapadarural.com\\\/blog\\\/#organization\",\"name\":\"EscapadaRural\",\"url\":\"https:\\\/\\\/www.escapadarural.com\\\/blog\\\/\",\"logo\":{\"@type\":\"ImageObject\",\"inLanguage\":\"es\",\"@id\":\"https:\\\/\\\/www.escapadarural.com\\\/blog\\\/#\\\/schema\\\/logo\\\/image\\\/\",\"url\":\"https:\\\/\\\/www.escapadarural.com\\\/blog\\\/wp-content\\\/uploads\\\/2024\\\/10\\\/cropped-cropped-escapada-rural-icon-mag-3.png\",\"contentUrl\":\"https:\\\/\\\/www.escapadarural.com\\\/blog\\\/wp-content\\\/uploads\\\/2024\\\/10\\\/cropped-cropped-escapada-rural-icon-mag-3.png\",\"width\":512,\"height\":512,\"caption\":\"EscapadaRural\"},\"image\":{\"@id\":\"https:\\\/\\\/www.escapadarural.com\\\/blog\\\/#\\\/schema\\\/logo\\\/image\\\/\"},\"sameAs\":[\"https:\\\/\\\/www.facebook.com\\\/escapadarural\",\"https:\\\/\\\/www.instagram.com\\\/escapadarural\\\/\",\"https:\\\/\\\/www.youtube.com\\\/@escapadaruralcom\"]},{\"@type\":\"Person\",\"@id\":\"https:\\\/\\\/www.escapadarural.com\\\/blog\\\/#\\\/schema\\\/person\\\/a9b46ae4d047d8a2c719f31e75206cff\",\"name\":\"Laura Fern\u00e1ndez\",\"image\":{\"@type\":\"ImageObject\",\"inLanguage\":\"es\",\"@id\":\"https:\\\/\\\/www.escapadarural.com\\\/blog\\\/wp-content\\\/uploads\\\/2025\\\/01\\\/cropped-laura_raponchii-96x96.jpg\",\"url\":\"https:\\\/\\\/www.escapadarural.com\\\/blog\\\/wp-content\\\/uploads\\\/2025\\\/01\\\/cropped-laura_raponchii-96x96.jpg\",\"contentUrl\":\"https:\\\/\\\/www.escapadarural.com\\\/blog\\\/wp-content\\\/uploads\\\/2025\\\/01\\\/cropped-laura_raponchii-96x96.jpg\",\"caption\":\"Laura Fern\u00e1ndez\"},\"description\":\"Periodista, blogger y viajera. No necesariamente en ese orden. En ocasiones me despierto sin saber d\u00f3nde estoy. Adicta a los c\u00f3mics y a los noodles con salsa de cacahuete. Redactora en @escapadarural, colaboradora en la Conde Nast Traveler y en la Divinity. Mi casa: Meridiano180.\",\"sameAs\":[\"http:\\\/\\\/www.meridiano180.com\\\/\"],\"url\":\"https:\\\/\\\/www.escapadarural.com\\\/blog\\\/autor\\\/laura\\\/\"}]}<\/script>\n<!-- \/ Yoast SEO plugin. -->","yoast_head_json":{"title":"La caba\u00f1a de Stranger Things en los bosques de Cuenca: este alojamiento rural es clavado a la guarida de Eleven - EscapadaRural","description":"No estamos en Hawkins, aunque lo parece. Esta caba\u00f1a escondida, como si fuera la de Hopper, est\u00e1 en un bosque de la Serran\u00eda de Cuenca.","robots":{"index":"index","follow":"follow","max-snippet":"max-snippet:-1","max-image-preview":"max-image-preview:large","max-video-preview":"max-video-preview:-1"},"canonical":"https:\/\/www.escapadarural.com\/blog\/la-cabana-escondida-en-el-bosque-cuenca\/","og_locale":"es_ES","og_type":"article","og_title":"La caba\u00f1a de Stranger Things en los bosques de Cuenca: este alojamiento rural es clavado a la guarida de Eleven - EscapadaRural","og_description":"No estamos en Hawkins, aunque lo parece. Esta caba\u00f1a escondida, como si fuera la de Hopper, est\u00e1 en un bosque de la Serran\u00eda de Cuenca.","og_url":"https:\/\/www.escapadarural.com\/blog\/la-cabana-escondida-en-el-bosque-cuenca\/","og_site_name":"Magazine de viajes de EscapadaRural","article_publisher":"https:\/\/www.facebook.com\/escapadarural","article_published_time":"2026-01-21T07:55:00+00:00","article_modified_time":"2026-03-16T09:19:14+00:00","og_image":[{"width":1777,"height":1333,"url":"https:\/\/www.escapadarural.com\/blog\/wp-content\/uploads\/2026\/01\/Cabanas-Llano-de-los-Conejos-portada.jpg?v=1773652756","type":"image\/jpeg"}],"author":"Laura Fern\u00e1ndez","twitter_card":"summary_large_image","twitter_misc":{"Escrito por":"Laura Fern\u00e1ndez","Tiempo de lectura":"4 minutos"},"schema":{"@context":"https:\/\/schema.org","@graph":[{"@type":"Article","@id":"https:\/\/www.escapadarural.com\/blog\/la-cabana-escondida-en-el-bosque-cuenca\/#article","isPartOf":{"@id":"https:\/\/www.escapadarural.com\/blog\/la-cabana-escondida-en-el-bosque-cuenca\/"},"author":{"name":"Laura Fern\u00e1ndez","@id":"https:\/\/www.escapadarural.com\/blog\/#\/schema\/person\/a9b46ae4d047d8a2c719f31e75206cff"},"headline":"La caba\u00f1a de Stranger Things en los bosques de Cuenca: este alojamiento rural es clavado a la guarida de Eleven","datePublished":"2026-01-21T07:55:00+00:00","dateModified":"2026-03-16T09:19:14+00:00","mainEntityOfPage":{"@id":"https:\/\/www.escapadarural.com\/blog\/la-cabana-escondida-en-el-bosque-cuenca\/"},"wordCount":885,"commentCount":0,"publisher":{"@id":"https:\/\/www.escapadarural.com\/blog\/#organization"},"image":{"@id":"https:\/\/www.escapadarural.com\/blog\/la-cabana-escondida-en-el-bosque-cuenca\/#primaryimage"},"thumbnailUrl":"https:\/\/www.escapadarural.com\/blog\/wp-content\/uploads\/2026\/01\/Cabanas-Llano-de-los-Conejos-portada.jpg","keywords":["amigos","Bosque","Caba\u00f1as","Ca\u00f1amares","Castilla La-Mancha","Cuenca","Familia","Mascota","Pareja","series","Serran\u00eda de Cuenca","Stranger Things"],"articleSection":["Alojamientos rurales","Destinos"],"inLanguage":"es","potentialAction":[{"@type":"CommentAction","name":"Comment","target":["https:\/\/www.escapadarural.com\/blog\/la-cabana-escondida-en-el-bosque-cuenca\/#respond"]}]},{"@type":"WebPage","@id":"https:\/\/www.escapadarural.com\/blog\/la-cabana-escondida-en-el-bosque-cuenca\/","url":"https:\/\/www.escapadarural.com\/blog\/la-cabana-escondida-en-el-bosque-cuenca\/","name":"La caba\u00f1a de Stranger Things en los bosques de Cuenca: este alojamiento rural es clavado a la guarida de Eleven - EscapadaRural","isPartOf":{"@id":"https:\/\/www.escapadarural.com\/blog\/#website"},"primaryImageOfPage":{"@id":"https:\/\/www.escapadarural.com\/blog\/la-cabana-escondida-en-el-bosque-cuenca\/#primaryimage"},"image":{"@id":"https:\/\/www.escapadarural.com\/blog\/la-cabana-escondida-en-el-bosque-cuenca\/#primaryimage"},"thumbnailUrl":"https:\/\/www.escapadarural.com\/blog\/wp-content\/uploads\/2026\/01\/Cabanas-Llano-de-los-Conejos-portada.jpg","datePublished":"2026-01-21T07:55:00+00:00","dateModified":"2026-03-16T09:19:14+00:00","description":"No estamos en Hawkins, aunque lo parece. Esta caba\u00f1a escondida, como si fuera la de Hopper, est\u00e1 en un bosque de la Serran\u00eda de Cuenca.","breadcrumb":{"@id":"https:\/\/www.escapadarural.com\/blog\/la-cabana-escondida-en-el-bosque-cuenca\/#breadcrumb"},"inLanguage":"es","potentialAction":[{"@type":"ReadAction","target":["https:\/\/www.escapadarural.com\/blog\/la-cabana-escondida-en-el-bosque-cuenca\/"]}]},{"@type":"ImageObject","inLanguage":"es","@id":"https:\/\/www.escapadarural.com\/blog\/la-cabana-escondida-en-el-bosque-cuenca\/#primaryimage","url":"https:\/\/www.escapadarural.com\/blog\/wp-content\/uploads\/2026\/01\/Cabanas-Llano-de-los-Conejos-portada.jpg","contentUrl":"https:\/\/www.escapadarural.com\/blog\/wp-content\/uploads\/2026\/01\/Cabanas-Llano-de-los-Conejos-portada.jpg","width":1777,"height":1333,"caption":"Caba\u00f1as Llano de los Conejos, Serran\u00eda de Cuenca"},{"@type":"BreadcrumbList","@id":"https:\/\/www.escapadarural.com\/blog\/la-cabana-escondida-en-el-bosque-cuenca\/#breadcrumb","itemListElement":[{"@type":"ListItem","position":1,"name":"Inicio","item":"https:\/\/www.escapadarural.com\/blog\/"},{"@type":"ListItem","position":2,"name":"Alojamientos rurales","item":"https:\/\/www.escapadarural.com\/blog\/categoria\/alojamientos-rurales\/"},{"@type":"ListItem","position":3,"name":"La caba\u00f1a de Stranger Things en los bosques de Cuenca: este alojamiento rural es clavado a la guarida de Eleven"}]},{"@type":"WebSite","@id":"https:\/\/www.escapadarural.com\/blog\/#website","url":"https:\/\/www.escapadarural.com\/blog\/","name":"Blog de viajes | turismo rural, alojamientos e inspiraci\u00f3n","description":"Alojamientos rurales e inspiraci\u00f3n para tus escapadas","publisher":{"@id":"https:\/\/www.escapadarural.com\/blog\/#organization"},"alternateName":"Magazine de viajes de EscapadaRural","potentialAction":[{"@type":"SearchAction","target":{"@type":"EntryPoint","urlTemplate":"https:\/\/www.escapadarural.com\/blog\/?s={search_term_string}"},"query-input":{"@type":"PropertyValueSpecification","valueRequired":true,"valueName":"search_term_string"}}],"inLanguage":"es"},{"@type":"Organization","@id":"https:\/\/www.escapadarural.com\/blog\/#organization","name":"EscapadaRural","url":"https:\/\/www.escapadarural.com\/blog\/","logo":{"@type":"ImageObject","inLanguage":"es","@id":"https:\/\/www.escapadarural.com\/blog\/#\/schema\/logo\/image\/","url":"https:\/\/www.escapadarural.com\/blog\/wp-content\/uploads\/2024\/10\/cropped-cropped-escapada-rural-icon-mag-3.png","contentUrl":"https:\/\/www.escapadarural.com\/blog\/wp-content\/uploads\/2024\/10\/cropped-cropped-escapada-rural-icon-mag-3.png","width":512,"height":512,"caption":"EscapadaRural"},"image":{"@id":"https:\/\/www.escapadarural.com\/blog\/#\/schema\/logo\/image\/"},"sameAs":["https:\/\/www.facebook.com\/escapadarural","https:\/\/www.instagram.com\/escapadarural\/","https:\/\/www.youtube.com\/@escapadaruralcom"]},{"@type":"Person","@id":"https:\/\/www.escapadarural.com\/blog\/#\/schema\/person\/a9b46ae4d047d8a2c719f31e75206cff","name":"Laura Fern\u00e1ndez","image":{"@type":"ImageObject","inLanguage":"es","@id":"https:\/\/www.escapadarural.com\/blog\/wp-content\/uploads\/2025\/01\/cropped-laura_raponchii-96x96.jpg","url":"https:\/\/www.escapadarural.com\/blog\/wp-content\/uploads\/2025\/01\/cropped-laura_raponchii-96x96.jpg","contentUrl":"https:\/\/www.escapadarural.com\/blog\/wp-content\/uploads\/2025\/01\/cropped-laura_raponchii-96x96.jpg","caption":"Laura Fern\u00e1ndez"},"description":"Periodista, blogger y viajera. No necesariamente en ese orden. En ocasiones me despierto sin saber d\u00f3nde estoy. Adicta a los c\u00f3mics y a los noodles con salsa de cacahuete. Redactora en @escapadarural, colaboradora en la Conde Nast Traveler y en la Divinity. Mi casa: Meridiano180.","sameAs":["http:\/\/www.meridiano180.com\/"],"url":"https:\/\/www.escapadarural.com\/blog\/autor\/laura\/"}]}},"_links":{"self":[{"href":"https:\/\/www.escapadarural.com\/blog\/wp-json\/wp\/v2\/posts\/212144","targetHints":{"allow":["GET"]}}],"collection":[{"href":"https:\/\/www.escapadarural.com\/blog\/wp-json\/wp\/v2\/posts"}],"about":[{"href":"https:\/\/www.escapadarural.com\/blog\/wp-json\/wp\/v2\/types\/post"}],"author":[{"embeddable":true,"href":"https:\/\/www.escapadarural.com\/blog\/wp-json\/wp\/v2\/users\/89"}],"replies":[{"embeddable":true,"href":"https:\/\/www.escapadarural.com\/blog\/wp-json\/wp\/v2\/comments?post=212144"}],"version-history":[{"count":0,"href":"https:\/\/www.escapadarural.com\/blog\/wp-json\/wp\/v2\/posts\/212144\/revisions"}],"wp:featuredmedia":[{"embeddable":true,"href":"https:\/\/www.escapadarural.com\/blog\/wp-json\/wp\/v2\/media\/212145"}],"wp:attachment":[{"href":"https:\/\/www.escapadarural.com\/blog\/wp-json\/wp\/v2\/media?parent=212144"}],"wp:term":[{"taxonomy":"category","embeddable":true,"href":"https:\/\/www.escapadarural.com\/blog\/wp-json\/wp\/v2\/categories?post=212144"},{"taxonomy":"post_tag","embeddable":true,"href":"https:\/\/www.escapadarural.com\/blog\/wp-json\/wp\/v2\/tags?post=212144"}],"curies":[{"name":"wp","href":"https:\/\/api.w.org\/{rel}","templated":true}]}}