{"id":212532,"date":"2026-01-27T08:55:00","date_gmt":"2026-01-27T07:55:00","guid":{"rendered":"https:\/\/www.escapadarural.com\/blog\/?p=212532"},"modified":"2026-02-06T10:46:55","modified_gmt":"2026-02-06T09:46:55","slug":"tour-de-francia-cataluna-rural","status":"publish","type":"post","link":"https:\/\/www.escapadarural.com\/blog\/tour-de-francia-cataluna-rural\/","title":{"rendered":"Los mejores lugares para ver pasar el Tour de Francia 2026 en Catalu\u00f1a\u2026 y descubrir su encanto rural"},"content":{"rendered":"\n<p>Los aficionados al ciclismo est\u00e1n de enhorabuena. Barcelona ser\u00e1 el punto de partida del Tour de Francia este verano, en una <a href=\"https:\/\/www.letour.fr\/es\/la-carrera\/grands-departs\" target=\"_blank\" rel=\"noreferrer noopener nofollow\"><em>Grand D\u00e9part<\/em><\/a> hist\u00f3rica que sit\u00faa de nuevo a <strong>Catalu\u00f1a en el centro del ciclismo mundial<\/strong>. Ser\u00e1 la tercera vez que la carrera arranca desde Espa\u00f1a, tras San Sebasti\u00e1n (1992) y Bilbao (2023), y una ocasi\u00f3n \u00fanica para acompa\u00f1ar al pelot\u00f3n m\u00e1s famoso del mundo m\u00e1s all\u00e1 de las grandes ciudades.<\/p>\n\n\n\n<p>La <a href=\"https:\/\/www.letour.barcelona\/es\" target=\"_blank\" rel=\"noreferrer noopener nofollow\">salida desde Barcelona<\/a> tendr\u00e1 a Montju\u00efc como gran protagonista, con la meta ubicada en lo alto de la monta\u00f1a m\u00e1gica tras un recorrido por los puntos m\u00e1s emblem\u00e1ticos de la ciudad condal. A partir de ah\u00ed, <strong>el Tour se abrir\u00e1 al territorio catal\u00e1n<\/strong> con dos jornadas ideales para descubrir otra Catalu\u00f1a.<\/p>\n\n\n\n<div class=\"wp-block-buttons is-layout-flex wp-block-buttons-is-layout-flex\">\n<div class=\"wp-block-button\"><a class=\"wp-block-button__link wp-element-button\" href=\"\/casas-rurales\/cataluna\">Alojamientos rurales en Catalu\u00f1a<\/a><\/div>\n<\/div>\n\n\n\n<figure class=\"wp-block-image size-large\"><img loading=\"lazy\" decoding=\"async\" width=\"1024\" height=\"683\" src=\"https:\/\/www.escapadarural.com\/blog\/wp-content\/uploads\/2026\/01\/cycling-race-stockpack-adobe-stock-1024x683.jpg\" alt=\"Los ciclistas del Tour de Francia recorrer\u00e1n Catalu\u00f1a.\" class=\"wp-image-212537\" srcset=\"https:\/\/www.escapadarural.com\/blog\/wp-content\/uploads\/2026\/01\/cycling-race-stockpack-adobe-stock-200x133.jpg 200w, https:\/\/www.escapadarural.com\/blog\/wp-content\/uploads\/2026\/01\/cycling-race-stockpack-adobe-stock-300x200.jpg 300w, https:\/\/www.escapadarural.com\/blog\/wp-content\/uploads\/2026\/01\/cycling-race-stockpack-adobe-stock-400x267.jpg 400w, https:\/\/www.escapadarural.com\/blog\/wp-content\/uploads\/2026\/01\/cycling-race-stockpack-adobe-stock-600x400.jpg 600w, https:\/\/www.escapadarural.com\/blog\/wp-content\/uploads\/2026\/01\/cycling-race-stockpack-adobe-stock-768x512.jpg 768w, https:\/\/www.escapadarural.com\/blog\/wp-content\/uploads\/2026\/01\/cycling-race-stockpack-adobe-stock-800x533.jpg 800w, https:\/\/www.escapadarural.com\/blog\/wp-content\/uploads\/2026\/01\/cycling-race-stockpack-adobe-stock-1024x683.jpg 1024w, https:\/\/www.escapadarural.com\/blog\/wp-content\/uploads\/2026\/01\/cycling-race-stockpack-adobe-stock-1200x800.jpg 1200w, https:\/\/www.escapadarural.com\/blog\/wp-content\/uploads\/2026\/01\/cycling-race-stockpack-adobe-stock-1536x1024.jpg 1536w\" sizes=\"auto, (max-width: 1024px) 100vw, 1024px\" \/><figcaption class=\"wp-element-caption\">Los ciclistas del Tour de Francia recorrer\u00e1n Catalu\u00f1a. Por: baranq.<\/figcaption><\/figure>\n\n\n\n<p><a href=\"https:\/\/www.letour.barcelona\/es\/etapas\/etapa-2\" target=\"_blank\" rel=\"noreferrer noopener nofollow\">La segunda etapa, entre Tarragona y Barcelona<\/a>, seguir\u00e1 durante muchos kil\u00f3metros el litoral mediterr\u00e1neo, pasando por pueblos con historia y playas tranquilas. <a href=\"https:\/\/www.letour.barcelona\/es\/etapas\/etapa-3\" target=\"_blank\" rel=\"noreferrer noopener nofollow\">La tercera etapa, por su parte, partir\u00e1 de Granollers<\/a> y <strong>se adentrar\u00e1 de lleno en la Catalu\u00f1a rural<\/strong>: comarcas de interior, pueblos con patrimonio, valles verdes y, finalmente, los Pirineos, desde donde la carrera se despedir\u00e1 del territorio catal\u00e1n rumbo a Francia.<\/p>\n\n\n\n<p>M\u00e1s all\u00e1 del espect\u00e1culo deportivo, la visita del Tour es una <strong>excusa perfecta para viajar sin prisas:<\/strong> ver pasar al pelot\u00f3n, animar a los corredores y vivir el ambiente ciclista, aprovechando para dormir en una casa rural, <a href=\"\/blog\/pueblos-bonitos-de-cataluna\/\">descubrir pueblos con encanto<\/a>, rutas naturales, patrimonio y gastronom\u00eda local. A continuaci\u00f3n, te proponemos <strong>algunos de los mejores destinos rurales del recorrido<\/strong> para vivir el Tour de Francia 2026\u2026 y convertirlo en una escapada (ciclista) inolvidable.<\/p>\n\n\n\n<h2 class=\"wp-block-heading\" id=\"h-altafulla-tarragones-historia-medieval-y-mar\"><strong>Altafulla (<a href=\"\/casas-rurales\/el-tarragones\">Tarragon\u00e9s<\/a>), historia medieval y mar<\/strong><\/h2>\n\n\n\n<figure class=\"wp-block-image size-large\"><img loading=\"lazy\" decoding=\"async\" width=\"1024\" height=\"682\" src=\"https:\/\/www.escapadarural.com\/blog\/wp-content\/uploads\/2026\/01\/sant-marti-church-and-altafulla-castle-in-altafulla-spain-stockpack-adobe-stock-1024x682.jpg\" alt=\"Iglesia de Sant Marti y castillo de Altafulla en Altafulla (Tarragona).\" class=\"wp-image-212538\" srcset=\"https:\/\/www.escapadarural.com\/blog\/wp-content\/uploads\/2026\/01\/sant-marti-church-and-altafulla-castle-in-altafulla-spain-stockpack-adobe-stock-200x133.jpg 200w, https:\/\/www.escapadarural.com\/blog\/wp-content\/uploads\/2026\/01\/sant-marti-church-and-altafulla-castle-in-altafulla-spain-stockpack-adobe-stock-300x200.jpg 300w, https:\/\/www.escapadarural.com\/blog\/wp-content\/uploads\/2026\/01\/sant-marti-church-and-altafulla-castle-in-altafulla-spain-stockpack-adobe-stock-400x266.jpg 400w, https:\/\/www.escapadarural.com\/blog\/wp-content\/uploads\/2026\/01\/sant-marti-church-and-altafulla-castle-in-altafulla-spain-stockpack-adobe-stock-600x400.jpg 600w, https:\/\/www.escapadarural.com\/blog\/wp-content\/uploads\/2026\/01\/sant-marti-church-and-altafulla-castle-in-altafulla-spain-stockpack-adobe-stock-768x512.jpg 768w, https:\/\/www.escapadarural.com\/blog\/wp-content\/uploads\/2026\/01\/sant-marti-church-and-altafulla-castle-in-altafulla-spain-stockpack-adobe-stock-800x533.jpg 800w, https:\/\/www.escapadarural.com\/blog\/wp-content\/uploads\/2026\/01\/sant-marti-church-and-altafulla-castle-in-altafulla-spain-stockpack-adobe-stock-1024x682.jpg 1024w, https:\/\/www.escapadarural.com\/blog\/wp-content\/uploads\/2026\/01\/sant-marti-church-and-altafulla-castle-in-altafulla-spain-stockpack-adobe-stock-1200x799.jpg 1200w, https:\/\/www.escapadarural.com\/blog\/wp-content\/uploads\/2026\/01\/sant-marti-church-and-altafulla-castle-in-altafulla-spain-stockpack-adobe-stock-1536x1023.jpg 1536w\" sizes=\"auto, (max-width: 1024px) 100vw, 1024px\" \/><figcaption class=\"wp-element-caption\">Iglesia de Sant Marti y castillo de Altafulla en Altafulla (Tarragona). Por: KarSol.<\/figcaption><\/figure>\n\n\n\n<p>Los primeros kil\u00f3metros de la segunda etapa recorren la costa del Baix Gai\u00e0, un tramo del litoral donde el Mediterr\u00e1neo se combina con un notable patrimonio hist\u00f3rico. Altafulla destaca por su <strong>Vila Closa<\/strong>, un recinto amurallado de origen medieval que se alza sobre una colina y conserva calles estrechas, plazas tranquilas y el <strong>castillo de los Montserrat<\/strong>, uno de los elementos m\u00e1s reconocibles del perfil del pueblo.<\/p>\n\n\n\n<p>A los pies del n\u00facleo hist\u00f3rico, el barrio mar\u00edtimo de les <strong>Botigues de Mar<\/strong> mantiene la esencia de antiguo barrio de pescadores, junto a una playa amplia y serena, ideal para combinar el paso del Tour con un ambiente relajado. En los alrededores, <strong>el castillo y la playa de Tamarit<\/strong>, el acueducto romano del <a href=\"\/blog\/puentes-del-diablo-en-espana\/\">Pont del Diable<\/a> o la visita a la <strong>villa romana del Munts<\/strong>, perteneciente al conjunto monumental de Tarragona, completan una escapada donde historia, costa y paisaje se dan la mano.<\/p>\n\n\n\n<p>En las afueras de Altafulla, el alojamiento rural <a href=\"\/casa-rural\/tarragona\/la-morera\">La Morera<\/a> se integra en un entorno tranquilo y natural, con jard\u00edn y piscina, ofreciendo una base c\u00f3moda para descubrir tanto la costa del Baix Gai\u00e0 como el interior tarraconense. <strong>Su car\u00e1cter acogedor y su entorno ajardinado encajan<\/strong> bien con una escapada que combina visitas culturales, playas cercanas y el ambiente del paso del Tour.<\/p>\n\n\n\n<p>\u2139\ufe0f <em>M\u00e1s info: <a href=\"https:\/\/visitaltafulla.cat\/\" target=\"_blank\" rel=\"noreferrer noopener nofollow\">visitaltafulla.cat<\/a><\/em><\/p>\n\n\n\n<div class=\"wp-block-buttons is-layout-flex wp-block-buttons-is-layout-flex\">\n<div class=\"wp-block-button\"><a class=\"wp-block-button__link wp-element-button\" href=\"\/casas-rurales\/altafulla\">Alojamientos rurales cerca de Altafulla<\/a><\/div>\n<\/div>\n\n\n\n<h2 class=\"wp-block-heading\" id=\"h-roda-de-bera-tarragones-patrimonio-milenario-y-litoral\"><strong>Roda de Ber\u00e0 (<a href=\"\/casas-rurales\/el-tarragones\">Tarragon\u00e8s<\/a>), patrimonio milenario y litoral<\/strong><\/h2>\n\n\n\n<figure class=\"wp-block-image size-large\"><img loading=\"lazy\" decoding=\"async\" width=\"1024\" height=\"682\" src=\"https:\/\/www.escapadarural.com\/blog\/wp-content\/uploads\/2026\/01\/ancient-roman-triumphal-arch-in-bara-spain-stockpack-adobe-stock-1024x682.jpg\" alt=\"El Tour de Francia 2026 pasar\u00e1 junto al Arc de Ber\u00e0, en Roda de Ber\u00e0 (Tarragona).\" class=\"wp-image-212539\" srcset=\"https:\/\/www.escapadarural.com\/blog\/wp-content\/uploads\/2026\/01\/ancient-roman-triumphal-arch-in-bara-spain-stockpack-adobe-stock-200x133.jpg 200w, https:\/\/www.escapadarural.com\/blog\/wp-content\/uploads\/2026\/01\/ancient-roman-triumphal-arch-in-bara-spain-stockpack-adobe-stock-300x200.jpg 300w, https:\/\/www.escapadarural.com\/blog\/wp-content\/uploads\/2026\/01\/ancient-roman-triumphal-arch-in-bara-spain-stockpack-adobe-stock-400x266.jpg 400w, https:\/\/www.escapadarural.com\/blog\/wp-content\/uploads\/2026\/01\/ancient-roman-triumphal-arch-in-bara-spain-stockpack-adobe-stock-600x400.jpg 600w, https:\/\/www.escapadarural.com\/blog\/wp-content\/uploads\/2026\/01\/ancient-roman-triumphal-arch-in-bara-spain-stockpack-adobe-stock-768x512.jpg 768w, https:\/\/www.escapadarural.com\/blog\/wp-content\/uploads\/2026\/01\/ancient-roman-triumphal-arch-in-bara-spain-stockpack-adobe-stock-800x533.jpg 800w, https:\/\/www.escapadarural.com\/blog\/wp-content\/uploads\/2026\/01\/ancient-roman-triumphal-arch-in-bara-spain-stockpack-adobe-stock-1024x682.jpg 1024w, https:\/\/www.escapadarural.com\/blog\/wp-content\/uploads\/2026\/01\/ancient-roman-triumphal-arch-in-bara-spain-stockpack-adobe-stock-1200x799.jpg 1200w, https:\/\/www.escapadarural.com\/blog\/wp-content\/uploads\/2026\/01\/ancient-roman-triumphal-arch-in-bara-spain-stockpack-adobe-stock-1536x1023.jpg 1536w\" sizes=\"auto, (max-width: 1024px) 100vw, 1024px\" \/><figcaption class=\"wp-element-caption\">El Tour de Francia 2026 pasar\u00e1 junto al Arc de Ber\u00e0, en Roda de Ber\u00e0 (Tarragona). Por: KarSol.<\/figcaption><\/figure>\n\n\n\n<p>El recorrido contin\u00faa por la Costa Daurada y acerca al pelot\u00f3n a Roda de Ber\u00e0, un municipio donde conviven vestigios de \u00e9poca romana, n\u00facleos singulares y paisajes costeros. <strong>El Arco de Ber\u00e0<\/strong>, declarado Patrimonio Mundial por la UNESCO, es uno de los grandes hitos del recorrido y un s\u00edmbolo del pasado romano de la zona. Los ciclistas pr\u00e1cticamente lo atravesar\u00e1n en su camino hacia Barcelona.<\/p>\n\n\n\n<p>Muy cerca del litoral se encuentra el <strong>Roc de Sant Gaiet\u00e0<\/strong>, un conjunto arquitect\u00f3nico singular de inspiraci\u00f3n mediterr\u00e1nea que re\u00fane estilos diversos y alberga, entre otros espacios, el <strong>Museo de la Radio Luis del Olmo<\/strong>. La costa de Roda de Ber\u00e0 ofrece adem\u00e1s calas, playas familiares, interesantes tramos del <a href=\"\/blog\/cami-de-ronda-de-tarragona-ruta-por-varias-playas-y-montana\/\">camino de Ronda<\/a> y formaciones naturales como <strong>la Roca Foradada<\/strong>, un paraje costero moldeado por el mar que invita a pasear y detenerse antes de seguir la etapa hacia el norte.<\/p>\n\n\n\n<p>En una zona residencial tranquila de Roda de Ber\u00e0, <a href=\"\/casa-rural\/tarragona\/casa-tico\">Casa Tico<\/a> ofrece <strong>una estancia pr\u00e1ctica y c\u00f3moda<\/strong> para quienes quieran seguir la etapa sin renunciar a la cercan\u00eda del mar. Su espacio exterior y su ubicaci\u00f3n permiten combinar el ambiente costero con visitas al patrimonio romano y paseos por el litoral del Tarragon\u00e8s.<\/p>\n\n\n\n<p>\u2139\ufe0f <em>M\u00e1s info: <a href=\"https:\/\/web.rodadebera.cat\/turisme\" target=\"_blank\" rel=\"noreferrer noopener nofollow\">web.rodadebera.cat\/turisme<\/a>&nbsp;<\/em><\/p>\n\n\n\n<div class=\"wp-block-buttons is-layout-flex wp-block-buttons-is-layout-flex\">\n<div class=\"wp-block-button\"><a class=\"wp-block-button__link wp-element-button\" href=\"\/casas-rurales\/roda-de-bera\">Alojamientos rurales en Roda de Ber\u00e0<\/a><\/div>\n<\/div>\n\n\n\n<h2 class=\"wp-block-heading\" id=\"h-vilanova-y-sitges-garraf-cultura-inclusiva-y-playas\"><strong>Vilanova y Sitges (<a href=\"\/casas-rurales\/el-garraf\">Garraf<\/a>), cultura inclusiva y playas<\/strong><\/h2>\n\n\n\n<figure class=\"wp-block-image size-large\"><img loading=\"lazy\" decoding=\"async\" width=\"1024\" height=\"683\" src=\"https:\/\/www.escapadarural.com\/blog\/wp-content\/uploads\/2026\/01\/church-of-sant-bertomeu-and-santa-tecla-in-sitges-barcelona-sp-stockpack-adobe-stock-1024x683.jpg\" alt=\"La escalinata de Sant Bertomeu y Santa Tecla, uno de los imprescindibles de Sitges (Barcelona).\" class=\"wp-image-212545\" srcset=\"https:\/\/www.escapadarural.com\/blog\/wp-content\/uploads\/2026\/01\/church-of-sant-bertomeu-and-santa-tecla-in-sitges-barcelona-sp-stockpack-adobe-stock-200x133.jpg 200w, https:\/\/www.escapadarural.com\/blog\/wp-content\/uploads\/2026\/01\/church-of-sant-bertomeu-and-santa-tecla-in-sitges-barcelona-sp-stockpack-adobe-stock-300x200.jpg 300w, https:\/\/www.escapadarural.com\/blog\/wp-content\/uploads\/2026\/01\/church-of-sant-bertomeu-and-santa-tecla-in-sitges-barcelona-sp-stockpack-adobe-stock-400x267.jpg 400w, https:\/\/www.escapadarural.com\/blog\/wp-content\/uploads\/2026\/01\/church-of-sant-bertomeu-and-santa-tecla-in-sitges-barcelona-sp-stockpack-adobe-stock-600x400.jpg 600w, https:\/\/www.escapadarural.com\/blog\/wp-content\/uploads\/2026\/01\/church-of-sant-bertomeu-and-santa-tecla-in-sitges-barcelona-sp-stockpack-adobe-stock-768x512.jpg 768w, https:\/\/www.escapadarural.com\/blog\/wp-content\/uploads\/2026\/01\/church-of-sant-bertomeu-and-santa-tecla-in-sitges-barcelona-sp-stockpack-adobe-stock-800x533.jpg 800w, https:\/\/www.escapadarural.com\/blog\/wp-content\/uploads\/2026\/01\/church-of-sant-bertomeu-and-santa-tecla-in-sitges-barcelona-sp-stockpack-adobe-stock-1024x683.jpg 1024w, https:\/\/www.escapadarural.com\/blog\/wp-content\/uploads\/2026\/01\/church-of-sant-bertomeu-and-santa-tecla-in-sitges-barcelona-sp-stockpack-adobe-stock-1200x800.jpg 1200w, https:\/\/www.escapadarural.com\/blog\/wp-content\/uploads\/2026\/01\/church-of-sant-bertomeu-and-santa-tecla-in-sitges-barcelona-sp-stockpack-adobe-stock-1536x1024.jpg 1536w\" sizes=\"auto, (max-width: 1024px) 100vw, 1024px\" \/><figcaption class=\"wp-element-caption\">La escalinata de Sant Bertomeu y Santa Tecla, uno de los imprescindibles de Sitges (Barcelona). Por:  carlos_bcn.<\/figcaption><\/figure>\n\n\n\n<p>Poco antes de llegar al \u00e1rea metropolitana de Barcelona, los ciclistas atravesar\u00e1n Vilanova i la Geltr\u00fa y Sitges, dos <a href=\"\/blog\/parque-natural-del-garraf-senderismo-romanticas-puestas-de-sol-y-un-templo-budista\/\">destinos del Garraf<\/a> con personalidad propia y una larga tradici\u00f3n vinculada al mar. Vilanova destaca por su apuesta por el turismo familiar, sus amplias playas y espacios culturales como el <strong>Museo del Ferrocarril de Catalunya <\/strong>o la <strong>ruta de los Indianos<\/strong>, que recorre las casas de los antiguos comerciantes enriquecidos en ultramar.<\/p>\n\n\n\n<p>Sitges, por su parte, suma un marcado car\u00e1cter cultural y festivo, con su <strong>casco antiguo frente al mar<\/strong>, la escalinata de la iglesia de <strong>Sant Bartomeu i Santa Tecla<\/strong> y una oferta tur\u00edstica abierta, diversa y reconocida internacionalmente. Ambas localidades permiten disfrutar del paso del Tour junto al Mediterr\u00e1neo, combinando playas, patrimonio urbano y una animada vida cultural.<\/p>\n\n\n\n<p>En el interior agr\u00edcola de Vilanova i la Geltr\u00fa, <a href=\"\/casa-rural\/barcelona\/mas-espigol\">Mas Espigol<\/a> <strong>se rodea de vi\u00f1edos<\/strong> y mantiene viva la actividad vitivin\u00edcola tradicional del Pened\u00e8s. La casa cuenta con piscina y espacios exteriores abiertos al paisaje, ofreciendo una estancia ligada al territorio, a pocos minutos de la costa y del recorrido de la etapa.<\/p>\n\n\n\n<p>\u2139\ufe0f <em>M\u00e1s info: <a href=\"https:\/\/visitvilanova.cat\/es\/\" target=\"_blank\" rel=\"noreferrer noopener nofollow\">visitvilanova.cat\/es\/<\/a> | <a href=\"https:\/\/www.sitgesanytime.com\/es\/\" target=\"_blank\" rel=\"noreferrer noopener nofollow\">sitgesanytime.com\/es\/<\/a><\/em>&nbsp;<\/p>\n\n\n\n<div class=\"wp-block-buttons is-layout-flex wp-block-buttons-is-layout-flex\">\n<div class=\"wp-block-button\"><a class=\"wp-block-button__link wp-element-button\" href=\"\/casas-rurales\/sitges\">Alojamientos rurales en Sitges<\/a><\/div>\n<\/div>\n\n\n\n<h2 class=\"wp-block-heading\" id=\"h-caldes-de-montbui-valles-oriental-aguas-termales-y-legado-romano\"><strong>Caldes de Montbui (<a href=\"\/casas-rurales\/valles-oriental\">Vall\u00e8s Oriental<\/a>), aguas termales y legado romano<\/strong><\/h2>\n\n\n\n<figure class=\"wp-block-image size-large\"><img loading=\"lazy\" decoding=\"async\" width=\"1024\" height=\"744\" src=\"https:\/\/www.escapadarural.com\/blog\/wp-content\/uploads\/2026\/01\/caldes-de-montbui-stockpack-adobe-stock-1024x744.jpg\" alt=\"Termas romanas de Caldes de Montbui (Barcelona).\" class=\"wp-image-212547\" srcset=\"https:\/\/www.escapadarural.com\/blog\/wp-content\/uploads\/2026\/01\/caldes-de-montbui-stockpack-adobe-stock-200x145.jpg 200w, https:\/\/www.escapadarural.com\/blog\/wp-content\/uploads\/2026\/01\/caldes-de-montbui-stockpack-adobe-stock-300x218.jpg 300w, https:\/\/www.escapadarural.com\/blog\/wp-content\/uploads\/2026\/01\/caldes-de-montbui-stockpack-adobe-stock-400x291.jpg 400w, https:\/\/www.escapadarural.com\/blog\/wp-content\/uploads\/2026\/01\/caldes-de-montbui-stockpack-adobe-stock-600x436.jpg 600w, https:\/\/www.escapadarural.com\/blog\/wp-content\/uploads\/2026\/01\/caldes-de-montbui-stockpack-adobe-stock-768x558.jpg 768w, https:\/\/www.escapadarural.com\/blog\/wp-content\/uploads\/2026\/01\/caldes-de-montbui-stockpack-adobe-stock-800x582.jpg 800w, https:\/\/www.escapadarural.com\/blog\/wp-content\/uploads\/2026\/01\/caldes-de-montbui-stockpack-adobe-stock-1024x744.jpg 1024w, https:\/\/www.escapadarural.com\/blog\/wp-content\/uploads\/2026\/01\/caldes-de-montbui-stockpack-adobe-stock-1200x872.jpg 1200w, https:\/\/www.escapadarural.com\/blog\/wp-content\/uploads\/2026\/01\/caldes-de-montbui-stockpack-adobe-stock-1536x1117.jpg 1536w\" sizes=\"auto, (max-width: 1024px) 100vw, 1024px\" \/><figcaption class=\"wp-element-caption\">Termas romanas de Caldes de Montbui (Barcelona). Por: hansgeel.<\/figcaption><\/figure>\n\n\n\n<p>Tras dejar la costa, la tercera etapa se adentra en el interior y pasa por Caldes de Montbui, uno de los <a href=\"\/blog\/tag\/termas\/\">destinos termales<\/a> m\u00e1s emblem\u00e1ticos de Catalu\u00f1a. Conocida desde \u00e9poca romana por sus aguas mineromedicinales, la villa conserva <strong>un notable conjunto patrimonial vinculado al termalismo<\/strong>, con espacios como el balneario hist\u00f3rico, la fuente del Lle\u00f3 -una de las m\u00e1s calientes de Europa- y el museo Thermalia.<\/p>\n\n\n\n<p>El <strong>casco antiguo<\/strong> invita a pasear entre plazas, <strong>restos de muralla<\/strong> y <strong>edificios modernistas<\/strong>, mientras que los alrededores ofrecen <a href=\"\/blog\/categoria\/rutas-y-excursiones\/\">rutas a pie<\/a> y en bicicleta por el paisaje del Vall\u00e8s Oriental. El paso del Tour refuerza el v\u00ednculo entre deporte, bienestar y territorio en un entorno donde el agua ha marcado la identidad local durante siglos.<\/p>\n\n\n\n<p>En una zona residencial rodeada de verde, a poca distancia del centro de Caldes de Montbui, se sit\u00faa el <a href=\"\/casa-rural\/barcelona\/chalet-en-can-valls\">Chalet Can Valls<\/a>. Su <strong>amplitud y espacios exteriores<\/strong> permiten disfrutar con calma del entorno natural y del patrimonio termal, integrando la visita del Tour en una escapada pausada por el Vall\u00e8s.<\/p>\n\n\n\n<p>\u2139\ufe0f <em>M\u00e1s info: <a href=\"https:\/\/www.visiteucaldes.cat\/\" target=\"_blank\" rel=\"noreferrer noopener nofollow\">visiteucaldes.cat\/<\/a>&nbsp;<\/em><\/p>\n\n\n\n<div class=\"wp-block-buttons is-layout-flex wp-block-buttons-is-layout-flex\">\n<div class=\"wp-block-button\"><a class=\"wp-block-button__link wp-element-button\" href=\"\/casas-rurales\/caldes-de-montbui\">Alojamientos rurales en Caldes de Montbui<\/a><\/div>\n<\/div>\n\n\n\n<h2 class=\"wp-block-heading\" id=\"h-sant-miquel-del-fai-y-los-cingles-de-berti-moianes-valles-oriental-naturaleza-vertical\"><strong>Sant Miquel del Fai y los Cingles de Bert\u00ed (<a href=\"\/casas-rurales\/el-moianes\">Moian\u00e8s<\/a> \/ <a href=\"\/casas-rurales\/valles-oriental\">Vall\u00e8s Oriental<\/a>), naturaleza vertical<\/strong><\/h2>\n\n\n\n<figure class=\"wp-block-image size-large\"><img loading=\"lazy\" decoding=\"async\" width=\"1024\" height=\"683\" src=\"https:\/\/www.escapadarural.com\/blog\/wp-content\/uploads\/2026\/01\/sant-miquel-del-fai-in-barcelona-catalonia-spain-stockpack-adobe-stock-1024x683.jpg\" alt=\"Monasterio de Sant Miquel del Fai (Barcelona).\" class=\"wp-image-212548\" srcset=\"https:\/\/www.escapadarural.com\/blog\/wp-content\/uploads\/2026\/01\/sant-miquel-del-fai-in-barcelona-catalonia-spain-stockpack-adobe-stock-200x133.jpg 200w, https:\/\/www.escapadarural.com\/blog\/wp-content\/uploads\/2026\/01\/sant-miquel-del-fai-in-barcelona-catalonia-spain-stockpack-adobe-stock-300x200.jpg 300w, https:\/\/www.escapadarural.com\/blog\/wp-content\/uploads\/2026\/01\/sant-miquel-del-fai-in-barcelona-catalonia-spain-stockpack-adobe-stock-400x267.jpg 400w, https:\/\/www.escapadarural.com\/blog\/wp-content\/uploads\/2026\/01\/sant-miquel-del-fai-in-barcelona-catalonia-spain-stockpack-adobe-stock-600x400.jpg 600w, https:\/\/www.escapadarural.com\/blog\/wp-content\/uploads\/2026\/01\/sant-miquel-del-fai-in-barcelona-catalonia-spain-stockpack-adobe-stock-768x512.jpg 768w, https:\/\/www.escapadarural.com\/blog\/wp-content\/uploads\/2026\/01\/sant-miquel-del-fai-in-barcelona-catalonia-spain-stockpack-adobe-stock-800x533.jpg 800w, https:\/\/www.escapadarural.com\/blog\/wp-content\/uploads\/2026\/01\/sant-miquel-del-fai-in-barcelona-catalonia-spain-stockpack-adobe-stock-1024x683.jpg 1024w, https:\/\/www.escapadarural.com\/blog\/wp-content\/uploads\/2026\/01\/sant-miquel-del-fai-in-barcelona-catalonia-spain-stockpack-adobe-stock-1200x800.jpg 1200w, https:\/\/www.escapadarural.com\/blog\/wp-content\/uploads\/2026\/01\/sant-miquel-del-fai-in-barcelona-catalonia-spain-stockpack-adobe-stock-1536x1024.jpg 1536w\" sizes=\"auto, (max-width: 1024px) 100vw, 1024px\" \/><figcaption class=\"wp-element-caption\">Monasterio de Sant Miquel del Fai (Barcelona). Por: alzamu79.<\/figcaption><\/figure>\n\n\n\n<p>Tras dejar atr\u00e1s Caldes de Montbui, la carrera se adentra en un entorno natural espectacular: los <strong>Cingles de Bert\u00ed<\/strong> y el conjunto de <a href=\"\/blog\/sant-miquel-del-fai-cascada\/\"><strong>Sant Miquel del Fai<\/strong><\/a>. Este espacio protegido combina paisajes abruptos de riscos, saltos de agua y pozas con un patrimonio singular: <a href=\"\/blog\/santuarios-en-las-alturas-en-espana\/\">un monasterio excavado en la roca<\/a> que se integra en un paraje geol\u00f3gico de gran belleza. El recorrido por esta zona ofrece vistas panor\u00e1micas al <a href=\"\/blog\/tag\/montseny\/\">Montseny<\/a> y permite apreciar la fuerza de la naturaleza mientras los ciclistas atraviesan el valle.<\/p>\n\n\n\n<p>M\u00e1s all\u00e1 del paso de la carrera, el entorno es ideal para el senderismo y la exploraci\u00f3n pausada. Los caminos se\u00f1alizados, los saltos de agua y los <em>gorgs<\/em> convierten Sant Miquel del Fai y los Cingles de Bert\u00ed en un lugar donde <strong>patrimonio y naturaleza se combinan de manera \u00fanica<\/strong>, ofreciendo una experiencia intensa en la Catalu\u00f1a interior.<\/p>\n\n\n\n<p>El <a href=\"\/casa-rural\/barcelona\/hostal-rural-mas-blanc\">Hostal Rural Mas Blanc<\/a> se integra en el paisaje del entorno, con una ubicaci\u00f3n tranquila y <strong>cercana a rutas y espacios naturales<\/strong>. Su car\u00e1cter sencillo y rural encaja con una escapada centrada en la naturaleza, el patrimonio y los paisajes abruptos que definen este tramo del recorrido. Rodeado de <strong>monta\u00f1as y bosque<\/strong>, cuenta con <strong>habitaciones acogedoras, piscina, terraza y restaurante propio.<\/strong><\/p>\n\n\n\n<p>\u2139\ufe0f <em>M\u00e1s info: <a href=\"http:\/\/parcs.diba.cat\/es\/web\/cinglesberti\" target=\"_blank\" rel=\"noreferrer noopener nofollow\">parcs.diba.cat\/es\/web\/cinglesberti<\/a>&nbsp;<\/em><\/p>\n\n\n\n<div class=\"wp-block-buttons is-layout-flex wp-block-buttons-is-layout-flex\">\n<div class=\"wp-block-button\"><a class=\"wp-block-button__link wp-element-button\" href=\"\/casas-rurales\/sant-marti-de-centelles\">Alojamientos rurales en Sant Mart\u00ed de Centelles<\/a><\/div>\n<\/div>\n\n\n\n<h2 class=\"wp-block-heading\" id=\"h-vic-osona-esencia-de-la-cataluna-interior\"><strong>Vic (<a href=\"\/casas-rurales\/osona\">Osona<\/a>), esencia de la Catalu\u00f1a interior<\/strong><\/h2>\n\n\n\n<figure class=\"wp-block-image size-large\"><img loading=\"lazy\" decoding=\"async\" width=\"1024\" height=\"683\" src=\"https:\/\/www.escapadarural.com\/blog\/wp-content\/uploads\/2026\/01\/vic-village-in-catalonia-spain-without-people-stockpack-adobe-stock-1024x683.jpg\" alt=\"Plaza Mayor de Vic (Barcelona).\" class=\"wp-image-212549\" srcset=\"https:\/\/www.escapadarural.com\/blog\/wp-content\/uploads\/2026\/01\/vic-village-in-catalonia-spain-without-people-stockpack-adobe-stock-200x133.jpg 200w, https:\/\/www.escapadarural.com\/blog\/wp-content\/uploads\/2026\/01\/vic-village-in-catalonia-spain-without-people-stockpack-adobe-stock-300x200.jpg 300w, https:\/\/www.escapadarural.com\/blog\/wp-content\/uploads\/2026\/01\/vic-village-in-catalonia-spain-without-people-stockpack-adobe-stock-400x267.jpg 400w, https:\/\/www.escapadarural.com\/blog\/wp-content\/uploads\/2026\/01\/vic-village-in-catalonia-spain-without-people-stockpack-adobe-stock-600x400.jpg 600w, https:\/\/www.escapadarural.com\/blog\/wp-content\/uploads\/2026\/01\/vic-village-in-catalonia-spain-without-people-stockpack-adobe-stock-768x512.jpg 768w, https:\/\/www.escapadarural.com\/blog\/wp-content\/uploads\/2026\/01\/vic-village-in-catalonia-spain-without-people-stockpack-adobe-stock-800x533.jpg 800w, https:\/\/www.escapadarural.com\/blog\/wp-content\/uploads\/2026\/01\/vic-village-in-catalonia-spain-without-people-stockpack-adobe-stock-1024x683.jpg 1024w, https:\/\/www.escapadarural.com\/blog\/wp-content\/uploads\/2026\/01\/vic-village-in-catalonia-spain-without-people-stockpack-adobe-stock-1200x800.jpg 1200w, https:\/\/www.escapadarural.com\/blog\/wp-content\/uploads\/2026\/01\/vic-village-in-catalonia-spain-without-people-stockpack-adobe-stock-1536x1024.jpg 1536w\" sizes=\"auto, (max-width: 1024px) 100vw, 1024px\" \/><figcaption class=\"wp-element-caption\">Plaza Mayor de Vic (Barcelona). Por: Javier.<\/figcaption><\/figure>\n\n\n\n<p>La etapa contin\u00faa hacia Vic y la <a href=\"\/blog\/que-hacer-en-tres-dias-en-la-comarca-de-osona\/\">comarca de Osona<\/a>, uno de los territorios que mejor representan la Catalu\u00f1a interior. Vic destaca por su patrimonio hist\u00f3rico, con la <strong>plaza Mayor<\/strong> como epicentro de la vida local, la <strong>catedral<\/strong>, el <strong>templo romano<\/strong> y un <strong>casco antiguo<\/strong> lleno de actividad cultural y comercial.<\/p>\n\n\n\n<p>La comarca ofrece un <strong>mosaico de paisajes rurales<\/strong>, pueblos con encanto y rutas de todo tipo, desde itinerarios culturales hasta caminos entre campos y bosques. Experiencias como los <a href=\"\/blog\/volar-en-globo-en-espana\/\">vuelos en globo<\/a> permiten descubrir Osona desde el aire, mientras localidades cercanas como <strong>Santa Eug\u00e8nia de Berga<\/strong> o <strong>Manlleu<\/strong> ampl\u00edan la visita con rom\u00e1nico y patrimonio industrial. El paso del Tour refuerza el car\u00e1cter abierto y vivo de este territorio.<\/p>\n\n\n\n<p>En plena naturaleza, rodeado de campos y caminos rurales, <a href=\"\/casa-rural\/barcelona\/mas-la-riera\">Mas La Riera<\/a> mantiene la esencia de la <strong>mas\u00eda tradicional adaptada a las comodidades actuales<\/strong>. Ofrece tres habitaciones con ba\u00f1o y dispone de <strong>jard\u00edn, huerto ecol\u00f3gico y animales de granja<\/strong>. Su entorno tranquilo y su proximidad a Vic permiten combinar patrimonio, paisaje y el ambiente del paso del Tour por Osona.<\/p>\n\n\n\n<p>\u2139\ufe0f <em>M\u00e1s info: <a href=\"https:\/\/www.victurisme.cat\/\" target=\"_blank\" rel=\"noreferrer noopener nofollow\">victurisme.cat\/<\/a><\/em>&nbsp;<\/p>\n\n\n\n<div class=\"wp-block-buttons is-layout-flex wp-block-buttons-is-layout-flex\">\n<div class=\"wp-block-button\"><a class=\"wp-block-button__link wp-element-button\" href=\"\/casas-rurales\/vic\">Alojamientos rurales en Vic<\/a><\/div>\n<\/div>\n\n\n\n<h2 class=\"wp-block-heading\" id=\"h-ripoll-ripolles-origenes-y-paisajes-de-agua\"><strong>Ripoll (<a href=\"\/casas-rurales\/el-ripolles\">Ripoll\u00e8s<\/a>), or\u00edgenes y paisajes de agua<\/strong><\/h2>\n\n\n\n<figure class=\"wp-block-image size-large\"><img loading=\"lazy\" decoding=\"async\" width=\"1024\" height=\"682\" src=\"https:\/\/www.escapadarural.com\/blog\/wp-content\/uploads\/2026\/01\/aerial-view-of-the-monastery-of-santa-maria-de-ripoll-in-spain-stockpack-adobe-stock-1024x682.jpg\" alt=\"Vista a\u00e9rea de Ripoll (Girona) y su entorno natural.\" class=\"wp-image-212551\" srcset=\"https:\/\/www.escapadarural.com\/blog\/wp-content\/uploads\/2026\/01\/aerial-view-of-the-monastery-of-santa-maria-de-ripoll-in-spain-stockpack-adobe-stock-200x133.jpg 200w, https:\/\/www.escapadarural.com\/blog\/wp-content\/uploads\/2026\/01\/aerial-view-of-the-monastery-of-santa-maria-de-ripoll-in-spain-stockpack-adobe-stock-300x200.jpg 300w, https:\/\/www.escapadarural.com\/blog\/wp-content\/uploads\/2026\/01\/aerial-view-of-the-monastery-of-santa-maria-de-ripoll-in-spain-stockpack-adobe-stock-400x266.jpg 400w, https:\/\/www.escapadarural.com\/blog\/wp-content\/uploads\/2026\/01\/aerial-view-of-the-monastery-of-santa-maria-de-ripoll-in-spain-stockpack-adobe-stock-600x400.jpg 600w, https:\/\/www.escapadarural.com\/blog\/wp-content\/uploads\/2026\/01\/aerial-view-of-the-monastery-of-santa-maria-de-ripoll-in-spain-stockpack-adobe-stock-768x512.jpg 768w, https:\/\/www.escapadarural.com\/blog\/wp-content\/uploads\/2026\/01\/aerial-view-of-the-monastery-of-santa-maria-de-ripoll-in-spain-stockpack-adobe-stock-800x533.jpg 800w, https:\/\/www.escapadarural.com\/blog\/wp-content\/uploads\/2026\/01\/aerial-view-of-the-monastery-of-santa-maria-de-ripoll-in-spain-stockpack-adobe-stock-1024x682.jpg 1024w, https:\/\/www.escapadarural.com\/blog\/wp-content\/uploads\/2026\/01\/aerial-view-of-the-monastery-of-santa-maria-de-ripoll-in-spain-stockpack-adobe-stock-1200x799.jpg 1200w, https:\/\/www.escapadarural.com\/blog\/wp-content\/uploads\/2026\/01\/aerial-view-of-the-monastery-of-santa-maria-de-ripoll-in-spain-stockpack-adobe-stock-1536x1023.jpg 1536w\" sizes=\"auto, (max-width: 1024px) 100vw, 1024px\" \/><figcaption class=\"wp-element-caption\">Vista a\u00e9rea de Ripoll (Girona) y su entorno natural. Por: dudlajzov.<\/figcaption><\/figure>\n\n\n\n<p>Ripoll es uno de los grandes hitos hist\u00f3ricos del recorrido y un <strong>punto clave para entender los or\u00edgenes de Catalu\u00f1a<\/strong>. Su <strong>monasterio<\/strong>, con la portada rom\u00e1nica, y el <strong>museo etnogr\u00e1fico<\/strong> explican el papel fundamental de la villa en la configuraci\u00f3n cultural del territorio. El paso del Tour atraviesa un entorno donde historia y naturaleza se entrelazan.<\/p>\n\n\n\n<p>En los alrededores, el <strong>paisaje <\/strong>se vuelve m\u00e1s verde y abrupto, con r\u00edos, bosques y rutas que conducen a espacios como <strong>Campdev\u00e0nol <\/strong>y la conocida <a href=\"\/blog\/ruta-de-los-7-gorgs-girona\/\">Ruta dels 7 Gorgs del Torrent de la Cabana<\/a>. Este itinerario recorre pozas y saltos de agua en un entorno natural muy atractivo, ideal para completar la experiencia deportiva con una escapada activa y refrescante.<\/p>\n\n\n\n<p>En un entorno tranquilo del Ripoll\u00e8s, <a href=\"\/casa-rural\/girona\/domus-de-macanos\">Domus de Ma\u00e7an\u00f3s<\/a> destaca por su arquitectura cuidada y su integraci\u00f3n en el paisaje. Con origen en el siglo XII, es una casa rural hist\u00f3rica de piedra con <strong>piscina exterior y estancias espaciosas con chimenea<\/strong>, rodeada de bosque y monta\u00f1a. Desde aqu\u00ed es f\u00e1cil acceder tanto al patrimonio de Ripoll como a rutas naturales y espacios de agua del entorno.<\/p>\n\n\n\n<p>\u2139\ufe0f <em>M\u00e1s info: <a href=\"https:\/\/visit.ripoll.cat\/es\/\" target=\"_blank\" rel=\"noreferrer noopener nofollow\">visit.ripoll.cat\/es\/<\/a>&nbsp;<\/em><\/p>\n\n\n\n<div class=\"wp-block-buttons is-layout-flex wp-block-buttons-is-layout-flex\">\n<div class=\"wp-block-button\"><a class=\"wp-block-button__link wp-element-button\" href=\"\/casas-rurales\/ripoll\">Alojamientos rurales en Ripoll<\/a><\/div>\n<\/div>\n\n\n\n<h2 class=\"wp-block-heading\" id=\"h-ribes-de-freser-y-la-vall-de-ribes-ripolles-alta-montana-viva\"><strong>Ribes de Freser y la Vall de Ribes (<a href=\"\/casas-rurales\/el-ripolles\">Ripoll\u00e8s<\/a>), alta monta\u00f1a viva<\/strong><\/h2>\n\n\n\n<figure class=\"wp-block-image size-large\"><img loading=\"lazy\" decoding=\"async\" width=\"1024\" height=\"683\" src=\"https:\/\/www.escapadarural.com\/blog\/wp-content\/uploads\/2026\/01\/the-village-of-ribes-de-freser-in-catalonia-stockpack-adobe-stock-1024x683.jpg\" alt=\"Villa de Ribes de Freser (Girona).\" class=\"wp-image-212552\" srcset=\"https:\/\/www.escapadarural.com\/blog\/wp-content\/uploads\/2026\/01\/the-village-of-ribes-de-freser-in-catalonia-stockpack-adobe-stock-200x133.jpg 200w, https:\/\/www.escapadarural.com\/blog\/wp-content\/uploads\/2026\/01\/the-village-of-ribes-de-freser-in-catalonia-stockpack-adobe-stock-300x200.jpg 300w, https:\/\/www.escapadarural.com\/blog\/wp-content\/uploads\/2026\/01\/the-village-of-ribes-de-freser-in-catalonia-stockpack-adobe-stock-400x267.jpg 400w, https:\/\/www.escapadarural.com\/blog\/wp-content\/uploads\/2026\/01\/the-village-of-ribes-de-freser-in-catalonia-stockpack-adobe-stock-600x400.jpg 600w, https:\/\/www.escapadarural.com\/blog\/wp-content\/uploads\/2026\/01\/the-village-of-ribes-de-freser-in-catalonia-stockpack-adobe-stock-768x512.jpg 768w, https:\/\/www.escapadarural.com\/blog\/wp-content\/uploads\/2026\/01\/the-village-of-ribes-de-freser-in-catalonia-stockpack-adobe-stock-800x533.jpg 800w, https:\/\/www.escapadarural.com\/blog\/wp-content\/uploads\/2026\/01\/the-village-of-ribes-de-freser-in-catalonia-stockpack-adobe-stock-1024x683.jpg 1024w, https:\/\/www.escapadarural.com\/blog\/wp-content\/uploads\/2026\/01\/the-village-of-ribes-de-freser-in-catalonia-stockpack-adobe-stock-1200x800.jpg 1200w, https:\/\/www.escapadarural.com\/blog\/wp-content\/uploads\/2026\/01\/the-village-of-ribes-de-freser-in-catalonia-stockpack-adobe-stock-1536x1024.jpg 1536w\" sizes=\"auto, (max-width: 1024px) 100vw, 1024px\" \/><figcaption class=\"wp-element-caption\">Villa de Ribes de Freser (Girona). Por: peresanz.<\/figcaption><\/figure>\n\n\n\n<p>Tras dejar Ripoll, la etapa se adentra en la alta monta\u00f1a pirenaica, llegando a la Vall de Ribes, un entorno natural de gran belleza y diversidad. La villa de Ribes de Freser es conocida por su entorno monta\u00f1oso, con bosques y r\u00edos que descienden formando <strong>pozas y saltos de agua<\/strong>, y es punto de partida del famoso <strong>tren cremallera de N\u00faria<\/strong>, que permite ascender hasta el santuario y <a href=\"\/blog\/la-vall-de-nuria-para-toda-la-tribu\/\">parque natural del valle de N\u00faria<\/a>, un cl\u00e1sico del turismo familiar y de monta\u00f1a.<\/p>\n\n\n\n<p>La zona <strong>combina naturaleza y patrimonio<\/strong>: la concentraci\u00f3n de <a href=\"\/blog\/tag\/romanico\/\">rom\u00e1nico<\/a> en iglesias y peque\u00f1os templos, antiguos <a href=\"\/blog\/tag\/castillos\/\">castillos<\/a> y mas\u00edas tradicionales se suma a las centrales hidroel\u00e9ctricas hist\u00f3ricas, que ofrecen un interesante recorrido industrial en plena naturaleza. Para los amantes del senderismo y la aventura, rutas, v\u00edas ferratas y circuitos de BTT permiten explorar valles y cumbres con vistas espectaculares a los <a href=\"\/blog\/corazon-de-los-pirineos\/\">Pirineos<\/a>.<\/p>\n\n\n\n<p>Una base c\u00f3moda para descubrir la Vall de Ribes la encontramos en <a href=\"\/casa-rural\/girona\/els-apartamentos-del-bosc\">Els Apartaments del Bosc<\/a>. Son dos <strong>casitas de piedra rodeadas de bosque y monta\u00f1a<\/strong>, con terraza privada, piscina y Wi\u2011Fi. Su entorno permite recorrer senderos de monta\u00f1a, mientras que la cercan\u00eda al pueblo y al tren cremallera facilita descubrir la Cerdanya en todas sus dimensiones.<\/p>\n\n\n\n<p>\u2139\ufe0f <em>M\u00e1s info: <a href=\"https:\/\/www.vallderibes.cat\/es\/\" target=\"_blank\" rel=\"noreferrer noopener nofollow\">vallderibes.cat\/es\/<\/a><\/em>&nbsp;<\/p>\n\n\n\n<div class=\"wp-block-buttons is-layout-flex wp-block-buttons-is-layout-flex\">\n<div class=\"wp-block-button\"><a class=\"wp-block-button__link wp-element-button\" href=\"\/casas-rurales\/ribes-de-freser\">Alojamientos rurales en Ribes de Freser<\/a><\/div>\n<\/div>\n\n\n\n<h2 class=\"wp-block-heading\" id=\"h-puigcerda-cerdanya-puerta-de-entrada-a-los-pirineos\"><strong>Puigcerd\u00e0 (<a href=\"\/casas-rurales\/la-cerdanya\">Cerdanya<\/a>), puerta de entrada a los Pirineos<\/strong><\/h2>\n\n\n\n<figure class=\"wp-block-image size-large\"><img loading=\"lazy\" decoding=\"async\" width=\"1024\" height=\"682\" src=\"https:\/\/www.escapadarural.com\/blog\/wp-content\/uploads\/2026\/01\/landscape-of-puigcerda-lake-on-a-sunny-day-cerdanya-spain-stockpack-adobe-stock-1024x682.jpg\" alt=\"Puicerd\u00e0, punto final del paso del Tour de Francia por Catalu\u00f1a.\" class=\"wp-image-212553\" srcset=\"https:\/\/www.escapadarural.com\/blog\/wp-content\/uploads\/2026\/01\/landscape-of-puigcerda-lake-on-a-sunny-day-cerdanya-spain-stockpack-adobe-stock-200x133.jpg 200w, https:\/\/www.escapadarural.com\/blog\/wp-content\/uploads\/2026\/01\/landscape-of-puigcerda-lake-on-a-sunny-day-cerdanya-spain-stockpack-adobe-stock-300x200.jpg 300w, https:\/\/www.escapadarural.com\/blog\/wp-content\/uploads\/2026\/01\/landscape-of-puigcerda-lake-on-a-sunny-day-cerdanya-spain-stockpack-adobe-stock-400x266.jpg 400w, https:\/\/www.escapadarural.com\/blog\/wp-content\/uploads\/2026\/01\/landscape-of-puigcerda-lake-on-a-sunny-day-cerdanya-spain-stockpack-adobe-stock-600x400.jpg 600w, https:\/\/www.escapadarural.com\/blog\/wp-content\/uploads\/2026\/01\/landscape-of-puigcerda-lake-on-a-sunny-day-cerdanya-spain-stockpack-adobe-stock-768x512.jpg 768w, https:\/\/www.escapadarural.com\/blog\/wp-content\/uploads\/2026\/01\/landscape-of-puigcerda-lake-on-a-sunny-day-cerdanya-spain-stockpack-adobe-stock-800x533.jpg 800w, https:\/\/www.escapadarural.com\/blog\/wp-content\/uploads\/2026\/01\/landscape-of-puigcerda-lake-on-a-sunny-day-cerdanya-spain-stockpack-adobe-stock-1024x682.jpg 1024w, https:\/\/www.escapadarural.com\/blog\/wp-content\/uploads\/2026\/01\/landscape-of-puigcerda-lake-on-a-sunny-day-cerdanya-spain-stockpack-adobe-stock-1200x799.jpg 1200w, https:\/\/www.escapadarural.com\/blog\/wp-content\/uploads\/2026\/01\/landscape-of-puigcerda-lake-on-a-sunny-day-cerdanya-spain-stockpack-adobe-stock-1536x1023.jpg 1536w\" sizes=\"auto, (max-width: 1024px) 100vw, 1024px\" \/><figcaption class=\"wp-element-caption\">Puicerd\u00e0, punto final del paso del Tour de Francia por Catalu\u00f1a. Por: KarSol.<\/figcaption><\/figure>\n\n\n\n<p>El Tour de Francia 2026 culmina su periplo catal\u00e1n en <a href=\"\/blog\/que-ver-en-puigcerda-pueblo-de-girona\/\">Puigcerd\u00e0<\/a>, la capital de la Cerdanya, situada en el coraz\u00f3n de los Pirineos y muy cerca de la frontera con Francia. <strong>Su ubicaci\u00f3n privilegiada<\/strong> la convierte en un enclave natural excepcional donde el paisaje pirenaico se mezcla con la historia urbana. El centro hist\u00f3rico conserva calles empedradas, plazas acogedoras y edificios de distintos estilos arquitect\u00f3nicos, con vestigios medievales como <strong>el campanario de la antigua iglesia de Santa Mar\u00eda<\/strong>.<\/p>\n\n\n\n<p>El pintoresco <strong>estanque del parque Schierbeck<\/strong> dota a Puigcerd\u00e0 de un encanto dif\u00edcil de igualar, acompa\u00f1ado por la gastronom\u00eda pirenaica y una oferta variada de comercios y restaurantes. Su situaci\u00f3n la convierte en un excelente punto de partida para explorar rutas de senderismo, excursiones en bicicleta por la Cerdanya y <strong>actividades familiares<\/strong> en un entorno de alta monta\u00f1a. La cercana villa de <a href=\"\/blog\/llivia-villa-espanola-en-francia\/\">Ll\u00edvia, rodeada completamente por territorio franc\u00e9s<\/a>, tambi\u00e9n es digna de visitar.<\/p>\n\n\n\n<p>En Puigcerd\u00e0, <a href=\"\/casa-rural\/girona\/casa-baronia-la-cerdanya\">Casa Baronia &#8211; La Cerdanya<\/a> combina car\u00e1cter hist\u00f3rico y confort. Es una casa rural con <strong>habitaciones espaciosas, comedor con terraza, estufa de pellets y garaje para bicicletas<\/strong>. Su ubicaci\u00f3n permite disfrutar con calma del final de la etapa catalana y explorar la comarca antes de que la carrera cruce la frontera.<\/p>\n\n\n\n<p>\u2139\ufe0f <em>M\u00e1s info: <a href=\"https:\/\/www.puigcerdaturisme.cat\/\" target=\"_blank\" rel=\"noreferrer noopener nofollow\">puigcerdaturisme.cat\/<\/a>&nbsp;<\/em><\/p>\n\n\n\n<div class=\"wp-block-buttons is-layout-flex wp-block-buttons-is-layout-flex\">\n<div class=\"wp-block-button\"><a class=\"wp-block-button__link wp-element-button\" href=\"\/casas-rurales\/puigcerda\">Alojamientos rurales en Puigcerd\u00e1<\/a><\/div>\n<\/div>\n\n\n\n<p>Mientras los ciclistas se adentran en los Pirineos y cruzan la frontera, los visitantes conservan el recuerdo de <strong>la Catalu\u00f1a rural<\/strong>, con sus valles, r\u00edos, castillos, monasterios y pueblos que combinan historia y vida contempor\u00e1nea. M\u00e1s all\u00e1 del deporte, la salida del Tour de Francia se convierte, antes de seguir la carrera hacia nuevas emociones en tierras francesas, en <strong>una oportunidad \u00fanica para explorar la diversidad del territorio catal\u00e1n<\/strong>.<\/p>\n\n\n\n<p><\/p>\n","protected":false},"excerpt":{"rendered":"<p>La salida del Tour de Francia 2026 supone una gran oportunidad para descubrir la Catalu\u00f1a rural, sus pueblos, paisajes y alojamientos con encanto<\/p>\n","protected":false},"author":157,"featured_media":212539,"comment_status":"open","ping_status":"open","sticky":false,"template":"","format":"standard","meta":{"_acf_changed":false,"om_disable_all_campaigns":false,"footnotes":""},"categories":[191],"tags":[2197,211,5994,1226,770,511,404,6764,215,212,537,6746,217],"class_list":["post-212532","post","type-post","status-publish","format-standard","has-post-thumbnail","hentry","category-destinos","tag-amigos","tag-que-ver-en-barcelona","tag-que-ver-en-cataluna","tag-ciclismo","tag-deporte","tag-familia","tag-que-ver-en-girona","tag-imprescindibles","tag-listado","tag-pueblos","tag-que-ver-en-tarragona","tag-tour-de-francia","tag-verano"],"acf":[],"featured_image_src":"https:\/\/www.escapadarural.com\/blog\/wp-content\/uploads\/2026\/01\/ancient-roman-triumphal-arch-in-bara-spain-stockpack-adobe-stock-scaled.jpg","author_info":{"display_name":"Miguel Perez","author_link":"https:\/\/www.escapadarural.com\/blog\/autor\/miguel-perez\/"},"yoast_head":"<!-- This site is optimized with the Yoast SEO plugin v27.5 - https:\/\/yoast.com\/product\/yoast-seo-wordpress\/ -->\n<title>Los mejores lugares para ver pasar el Tour de Francia 2026 en Catalu\u00f1a\u2026 y descubrir su encanto rural<\/title>\n<meta name=\"description\" content=\"La salida del Tour de Francia supone una gran oportunidad para descubrir la Catalu\u00f1a rural, sus pueblos, paisajes y alojamientos con encanto\" \/>\n<meta name=\"robots\" content=\"index, follow, max-snippet:-1, max-image-preview:large, max-video-preview:-1\" \/>\n<link rel=\"canonical\" href=\"https:\/\/www.escapadarural.com\/blog\/tour-de-francia-cataluna-rural\/\" \/>\n<meta property=\"og:locale\" content=\"es_ES\" \/>\n<meta property=\"og:type\" content=\"article\" \/>\n<meta property=\"og:title\" content=\"Los mejores lugares para ver pasar el Tour de Francia 2026 en Catalu\u00f1a\u2026 y descubrir su encanto rural\" \/>\n<meta property=\"og:description\" content=\"La salida del Tour de Francia supone una gran oportunidad para descubrir la Catalu\u00f1a rural, sus pueblos, paisajes y alojamientos con encanto\" \/>\n<meta property=\"og:url\" content=\"https:\/\/www.escapadarural.com\/blog\/tour-de-francia-cataluna-rural\/\" \/>\n<meta property=\"og:site_name\" content=\"Magazine de viajes de EscapadaRural\" \/>\n<meta property=\"article:publisher\" content=\"https:\/\/www.facebook.com\/escapadarural\" \/>\n<meta property=\"article:author\" content=\"#\" \/>\n<meta property=\"article:published_time\" content=\"2026-01-27T07:55:00+00:00\" \/>\n<meta property=\"article:modified_time\" content=\"2026-02-06T09:46:55+00:00\" \/>\n<meta property=\"og:image\" content=\"https:\/\/www.escapadarural.com\/blog\/wp-content\/uploads\/2026\/01\/ancient-roman-triumphal-arch-in-bara-spain-stockpack-adobe-stock-scaled.jpg\" \/>\n\t<meta property=\"og:image:width\" content=\"2048\" \/>\n\t<meta property=\"og:image:height\" content=\"1364\" \/>\n\t<meta property=\"og:image:type\" content=\"image\/jpeg\" \/>\n<meta name=\"author\" content=\"Miguel Perez\" \/>\n<meta name=\"twitter:card\" content=\"summary_large_image\" \/>\n<meta name=\"twitter:creator\" content=\"@#\" \/>\n<meta name=\"twitter:label1\" content=\"Escrito por\" \/>\n\t<meta name=\"twitter:data1\" content=\"Miguel Perez\" \/>\n\t<meta name=\"twitter:label2\" content=\"Tiempo de lectura\" \/>\n\t<meta name=\"twitter:data2\" content=\"13 minutos\" \/>\n<script type=\"application\/ld+json\" class=\"yoast-schema-graph\">{\"@context\":\"https:\\\/\\\/schema.org\",\"@graph\":[{\"@type\":\"Article\",\"@id\":\"https:\\\/\\\/www.escapadarural.com\\\/blog\\\/tour-de-francia-cataluna-rural\\\/#article\",\"isPartOf\":{\"@id\":\"https:\\\/\\\/www.escapadarural.com\\\/blog\\\/tour-de-francia-cataluna-rural\\\/\"},\"author\":{\"name\":\"Miguel Perez\",\"@id\":\"https:\\\/\\\/www.escapadarural.com\\\/blog\\\/#\\\/schema\\\/person\\\/ea17306ba0ae76670daf8e5008db21dd\"},\"headline\":\"Los mejores lugares para ver pasar el Tour de Francia 2026 en Catalu\u00f1a\u2026 y descubrir su encanto rural\",\"datePublished\":\"2026-01-27T07:55:00+00:00\",\"dateModified\":\"2026-02-06T09:46:55+00:00\",\"mainEntityOfPage\":{\"@id\":\"https:\\\/\\\/www.escapadarural.com\\\/blog\\\/tour-de-francia-cataluna-rural\\\/\"},\"wordCount\":2554,\"commentCount\":0,\"publisher\":{\"@id\":\"https:\\\/\\\/www.escapadarural.com\\\/blog\\\/#organization\"},\"image\":{\"@id\":\"https:\\\/\\\/www.escapadarural.com\\\/blog\\\/tour-de-francia-cataluna-rural\\\/#primaryimage\"},\"thumbnailUrl\":\"https:\\\/\\\/www.escapadarural.com\\\/blog\\\/wp-content\\\/uploads\\\/2026\\\/01\\\/ancient-roman-triumphal-arch-in-bara-spain-stockpack-adobe-stock-scaled.jpg\",\"keywords\":[\"amigos\",\"Barcelona\",\"Catalu\u00f1a\",\"ciclismo\",\"deporte\",\"Familia\",\"Girona\",\"Imprescindibles\",\"Listado\",\"pueblos\",\"Tarragona\",\"Tour de Francia\",\"verano\"],\"articleSection\":[\"Destinos\"],\"inLanguage\":\"es\",\"potentialAction\":[{\"@type\":\"CommentAction\",\"name\":\"Comment\",\"target\":[\"https:\\\/\\\/www.escapadarural.com\\\/blog\\\/tour-de-francia-cataluna-rural\\\/#respond\"]}]},{\"@type\":\"WebPage\",\"@id\":\"https:\\\/\\\/www.escapadarural.com\\\/blog\\\/tour-de-francia-cataluna-rural\\\/\",\"url\":\"https:\\\/\\\/www.escapadarural.com\\\/blog\\\/tour-de-francia-cataluna-rural\\\/\",\"name\":\"Los mejores lugares para ver pasar el Tour de Francia 2026 en Catalu\u00f1a\u2026 y descubrir su encanto rural\",\"isPartOf\":{\"@id\":\"https:\\\/\\\/www.escapadarural.com\\\/blog\\\/#website\"},\"primaryImageOfPage\":{\"@id\":\"https:\\\/\\\/www.escapadarural.com\\\/blog\\\/tour-de-francia-cataluna-rural\\\/#primaryimage\"},\"image\":{\"@id\":\"https:\\\/\\\/www.escapadarural.com\\\/blog\\\/tour-de-francia-cataluna-rural\\\/#primaryimage\"},\"thumbnailUrl\":\"https:\\\/\\\/www.escapadarural.com\\\/blog\\\/wp-content\\\/uploads\\\/2026\\\/01\\\/ancient-roman-triumphal-arch-in-bara-spain-stockpack-adobe-stock-scaled.jpg\",\"datePublished\":\"2026-01-27T07:55:00+00:00\",\"dateModified\":\"2026-02-06T09:46:55+00:00\",\"description\":\"La salida del Tour de Francia supone una gran oportunidad para descubrir la Catalu\u00f1a rural, sus pueblos, paisajes y alojamientos con encanto\",\"breadcrumb\":{\"@id\":\"https:\\\/\\\/www.escapadarural.com\\\/blog\\\/tour-de-francia-cataluna-rural\\\/#breadcrumb\"},\"inLanguage\":\"es\",\"potentialAction\":[{\"@type\":\"ReadAction\",\"target\":[\"https:\\\/\\\/www.escapadarural.com\\\/blog\\\/tour-de-francia-cataluna-rural\\\/\"]}]},{\"@type\":\"ImageObject\",\"inLanguage\":\"es\",\"@id\":\"https:\\\/\\\/www.escapadarural.com\\\/blog\\\/tour-de-francia-cataluna-rural\\\/#primaryimage\",\"url\":\"https:\\\/\\\/www.escapadarural.com\\\/blog\\\/wp-content\\\/uploads\\\/2026\\\/01\\\/ancient-roman-triumphal-arch-in-bara-spain-stockpack-adobe-stock-scaled.jpg\",\"contentUrl\":\"https:\\\/\\\/www.escapadarural.com\\\/blog\\\/wp-content\\\/uploads\\\/2026\\\/01\\\/ancient-roman-triumphal-arch-in-bara-spain-stockpack-adobe-stock-scaled.jpg\",\"width\":2048,\"height\":1364,\"caption\":\"El Tour de Francia 2026 pasar\u00e1 junto al Arc de Ber\u00e0, en Roda de Ber\u00e0 (Tarragona). Por: KarSol.\"},{\"@type\":\"BreadcrumbList\",\"@id\":\"https:\\\/\\\/www.escapadarural.com\\\/blog\\\/tour-de-francia-cataluna-rural\\\/#breadcrumb\",\"itemListElement\":[{\"@type\":\"ListItem\",\"position\":1,\"name\":\"Inicio\",\"item\":\"https:\\\/\\\/www.escapadarural.com\\\/blog\\\/\"},{\"@type\":\"ListItem\",\"position\":2,\"name\":\"Destinos\",\"item\":\"https:\\\/\\\/www.escapadarural.com\\\/blog\\\/categoria\\\/destinos\\\/\"},{\"@type\":\"ListItem\",\"position\":3,\"name\":\"Los mejores lugares para ver pasar el Tour de Francia 2026 en Catalu\u00f1a\u2026 y descubrir su encanto rural\"}]},{\"@type\":\"WebSite\",\"@id\":\"https:\\\/\\\/www.escapadarural.com\\\/blog\\\/#website\",\"url\":\"https:\\\/\\\/www.escapadarural.com\\\/blog\\\/\",\"name\":\"Blog de viajes | turismo rural, alojamientos e inspiraci\u00f3n\",\"description\":\"Alojamientos rurales e inspiraci\u00f3n para tus escapadas\",\"publisher\":{\"@id\":\"https:\\\/\\\/www.escapadarural.com\\\/blog\\\/#organization\"},\"alternateName\":\"Magazine de viajes de EscapadaRural\",\"potentialAction\":[{\"@type\":\"SearchAction\",\"target\":{\"@type\":\"EntryPoint\",\"urlTemplate\":\"https:\\\/\\\/www.escapadarural.com\\\/blog\\\/?s={search_term_string}\"},\"query-input\":{\"@type\":\"PropertyValueSpecification\",\"valueRequired\":true,\"valueName\":\"search_term_string\"}}],\"inLanguage\":\"es\"},{\"@type\":\"Organization\",\"@id\":\"https:\\\/\\\/www.escapadarural.com\\\/blog\\\/#organization\",\"name\":\"EscapadaRural\",\"url\":\"https:\\\/\\\/www.escapadarural.com\\\/blog\\\/\",\"logo\":{\"@type\":\"ImageObject\",\"inLanguage\":\"es\",\"@id\":\"https:\\\/\\\/www.escapadarural.com\\\/blog\\\/#\\\/schema\\\/logo\\\/image\\\/\",\"url\":\"https:\\\/\\\/www.escapadarural.com\\\/blog\\\/wp-content\\\/uploads\\\/2024\\\/10\\\/cropped-cropped-escapada-rural-icon-mag-3.png\",\"contentUrl\":\"https:\\\/\\\/www.escapadarural.com\\\/blog\\\/wp-content\\\/uploads\\\/2024\\\/10\\\/cropped-cropped-escapada-rural-icon-mag-3.png\",\"width\":512,\"height\":512,\"caption\":\"EscapadaRural\"},\"image\":{\"@id\":\"https:\\\/\\\/www.escapadarural.com\\\/blog\\\/#\\\/schema\\\/logo\\\/image\\\/\"},\"sameAs\":[\"https:\\\/\\\/www.facebook.com\\\/escapadarural\",\"https:\\\/\\\/www.instagram.com\\\/escapadarural\\\/\",\"https:\\\/\\\/www.youtube.com\\\/@escapadaruralcom\"]},{\"@type\":\"Person\",\"@id\":\"https:\\\/\\\/www.escapadarural.com\\\/blog\\\/#\\\/schema\\\/person\\\/ea17306ba0ae76670daf8e5008db21dd\",\"name\":\"Miguel Perez\",\"image\":{\"@type\":\"ImageObject\",\"inLanguage\":\"es\",\"@id\":\"https:\\\/\\\/www.escapadarural.com\\\/blog\\\/wp-content\\\/uploads\\\/2024\\\/11\\\/cropped-Miguel-Perez-96x96.jpg\",\"url\":\"https:\\\/\\\/www.escapadarural.com\\\/blog\\\/wp-content\\\/uploads\\\/2024\\\/11\\\/cropped-Miguel-Perez-96x96.jpg\",\"contentUrl\":\"https:\\\/\\\/www.escapadarural.com\\\/blog\\\/wp-content\\\/uploads\\\/2024\\\/11\\\/cropped-Miguel-Perez-96x96.jpg\",\"caption\":\"Miguel Perez\"},\"description\":\"Me encanta el f\u00fatbol, leer, viajar, descubrir nuevos destinos y cont\u00e1rtelos\",\"sameAs\":[\"#\",\"https:\\\/\\\/x.com\\\/#\"],\"url\":\"https:\\\/\\\/www.escapadarural.com\\\/blog\\\/autor\\\/miguel-perez\\\/\"}]}<\/script>\n<!-- \/ Yoast SEO plugin. -->","yoast_head_json":{"title":"Los mejores lugares para ver pasar el Tour de Francia 2026 en Catalu\u00f1a\u2026 y descubrir su encanto rural","description":"La salida del Tour de Francia supone una gran oportunidad para descubrir la Catalu\u00f1a rural, sus pueblos, paisajes y alojamientos con encanto","robots":{"index":"index","follow":"follow","max-snippet":"max-snippet:-1","max-image-preview":"max-image-preview:large","max-video-preview":"max-video-preview:-1"},"canonical":"https:\/\/www.escapadarural.com\/blog\/tour-de-francia-cataluna-rural\/","og_locale":"es_ES","og_type":"article","og_title":"Los mejores lugares para ver pasar el Tour de Francia 2026 en Catalu\u00f1a\u2026 y descubrir su encanto rural","og_description":"La salida del Tour de Francia supone una gran oportunidad para descubrir la Catalu\u00f1a rural, sus pueblos, paisajes y alojamientos con encanto","og_url":"https:\/\/www.escapadarural.com\/blog\/tour-de-francia-cataluna-rural\/","og_site_name":"Magazine de viajes de EscapadaRural","article_publisher":"https:\/\/www.facebook.com\/escapadarural","article_author":"#","article_published_time":"2026-01-27T07:55:00+00:00","article_modified_time":"2026-02-06T09:46:55+00:00","og_image":[{"width":2048,"height":1364,"url":"https:\/\/www.escapadarural.com\/blog\/wp-content\/uploads\/2026\/01\/ancient-roman-triumphal-arch-in-bara-spain-stockpack-adobe-stock-scaled.jpg","type":"image\/jpeg"}],"author":"Miguel Perez","twitter_card":"summary_large_image","twitter_creator":"@#","twitter_misc":{"Escrito por":"Miguel Perez","Tiempo de lectura":"13 minutos"},"schema":{"@context":"https:\/\/schema.org","@graph":[{"@type":"Article","@id":"https:\/\/www.escapadarural.com\/blog\/tour-de-francia-cataluna-rural\/#article","isPartOf":{"@id":"https:\/\/www.escapadarural.com\/blog\/tour-de-francia-cataluna-rural\/"},"author":{"name":"Miguel Perez","@id":"https:\/\/www.escapadarural.com\/blog\/#\/schema\/person\/ea17306ba0ae76670daf8e5008db21dd"},"headline":"Los mejores lugares para ver pasar el Tour de Francia 2026 en Catalu\u00f1a\u2026 y descubrir su encanto rural","datePublished":"2026-01-27T07:55:00+00:00","dateModified":"2026-02-06T09:46:55+00:00","mainEntityOfPage":{"@id":"https:\/\/www.escapadarural.com\/blog\/tour-de-francia-cataluna-rural\/"},"wordCount":2554,"commentCount":0,"publisher":{"@id":"https:\/\/www.escapadarural.com\/blog\/#organization"},"image":{"@id":"https:\/\/www.escapadarural.com\/blog\/tour-de-francia-cataluna-rural\/#primaryimage"},"thumbnailUrl":"https:\/\/www.escapadarural.com\/blog\/wp-content\/uploads\/2026\/01\/ancient-roman-triumphal-arch-in-bara-spain-stockpack-adobe-stock-scaled.jpg","keywords":["amigos","Barcelona","Catalu\u00f1a","ciclismo","deporte","Familia","Girona","Imprescindibles","Listado","pueblos","Tarragona","Tour de Francia","verano"],"articleSection":["Destinos"],"inLanguage":"es","potentialAction":[{"@type":"CommentAction","name":"Comment","target":["https:\/\/www.escapadarural.com\/blog\/tour-de-francia-cataluna-rural\/#respond"]}]},{"@type":"WebPage","@id":"https:\/\/www.escapadarural.com\/blog\/tour-de-francia-cataluna-rural\/","url":"https:\/\/www.escapadarural.com\/blog\/tour-de-francia-cataluna-rural\/","name":"Los mejores lugares para ver pasar el Tour de Francia 2026 en Catalu\u00f1a\u2026 y descubrir su encanto rural","isPartOf":{"@id":"https:\/\/www.escapadarural.com\/blog\/#website"},"primaryImageOfPage":{"@id":"https:\/\/www.escapadarural.com\/blog\/tour-de-francia-cataluna-rural\/#primaryimage"},"image":{"@id":"https:\/\/www.escapadarural.com\/blog\/tour-de-francia-cataluna-rural\/#primaryimage"},"thumbnailUrl":"https:\/\/www.escapadarural.com\/blog\/wp-content\/uploads\/2026\/01\/ancient-roman-triumphal-arch-in-bara-spain-stockpack-adobe-stock-scaled.jpg","datePublished":"2026-01-27T07:55:00+00:00","dateModified":"2026-02-06T09:46:55+00:00","description":"La salida del Tour de Francia supone una gran oportunidad para descubrir la Catalu\u00f1a rural, sus pueblos, paisajes y alojamientos con encanto","breadcrumb":{"@id":"https:\/\/www.escapadarural.com\/blog\/tour-de-francia-cataluna-rural\/#breadcrumb"},"inLanguage":"es","potentialAction":[{"@type":"ReadAction","target":["https:\/\/www.escapadarural.com\/blog\/tour-de-francia-cataluna-rural\/"]}]},{"@type":"ImageObject","inLanguage":"es","@id":"https:\/\/www.escapadarural.com\/blog\/tour-de-francia-cataluna-rural\/#primaryimage","url":"https:\/\/www.escapadarural.com\/blog\/wp-content\/uploads\/2026\/01\/ancient-roman-triumphal-arch-in-bara-spain-stockpack-adobe-stock-scaled.jpg","contentUrl":"https:\/\/www.escapadarural.com\/blog\/wp-content\/uploads\/2026\/01\/ancient-roman-triumphal-arch-in-bara-spain-stockpack-adobe-stock-scaled.jpg","width":2048,"height":1364,"caption":"El Tour de Francia 2026 pasar\u00e1 junto al Arc de Ber\u00e0, en Roda de Ber\u00e0 (Tarragona). Por: KarSol."},{"@type":"BreadcrumbList","@id":"https:\/\/www.escapadarural.com\/blog\/tour-de-francia-cataluna-rural\/#breadcrumb","itemListElement":[{"@type":"ListItem","position":1,"name":"Inicio","item":"https:\/\/www.escapadarural.com\/blog\/"},{"@type":"ListItem","position":2,"name":"Destinos","item":"https:\/\/www.escapadarural.com\/blog\/categoria\/destinos\/"},{"@type":"ListItem","position":3,"name":"Los mejores lugares para ver pasar el Tour de Francia 2026 en Catalu\u00f1a\u2026 y descubrir su encanto rural"}]},{"@type":"WebSite","@id":"https:\/\/www.escapadarural.com\/blog\/#website","url":"https:\/\/www.escapadarural.com\/blog\/","name":"Blog de viajes | turismo rural, alojamientos e inspiraci\u00f3n","description":"Alojamientos rurales e inspiraci\u00f3n para tus escapadas","publisher":{"@id":"https:\/\/www.escapadarural.com\/blog\/#organization"},"alternateName":"Magazine de viajes de EscapadaRural","potentialAction":[{"@type":"SearchAction","target":{"@type":"EntryPoint","urlTemplate":"https:\/\/www.escapadarural.com\/blog\/?s={search_term_string}"},"query-input":{"@type":"PropertyValueSpecification","valueRequired":true,"valueName":"search_term_string"}}],"inLanguage":"es"},{"@type":"Organization","@id":"https:\/\/www.escapadarural.com\/blog\/#organization","name":"EscapadaRural","url":"https:\/\/www.escapadarural.com\/blog\/","logo":{"@type":"ImageObject","inLanguage":"es","@id":"https:\/\/www.escapadarural.com\/blog\/#\/schema\/logo\/image\/","url":"https:\/\/www.escapadarural.com\/blog\/wp-content\/uploads\/2024\/10\/cropped-cropped-escapada-rural-icon-mag-3.png","contentUrl":"https:\/\/www.escapadarural.com\/blog\/wp-content\/uploads\/2024\/10\/cropped-cropped-escapada-rural-icon-mag-3.png","width":512,"height":512,"caption":"EscapadaRural"},"image":{"@id":"https:\/\/www.escapadarural.com\/blog\/#\/schema\/logo\/image\/"},"sameAs":["https:\/\/www.facebook.com\/escapadarural","https:\/\/www.instagram.com\/escapadarural\/","https:\/\/www.youtube.com\/@escapadaruralcom"]},{"@type":"Person","@id":"https:\/\/www.escapadarural.com\/blog\/#\/schema\/person\/ea17306ba0ae76670daf8e5008db21dd","name":"Miguel Perez","image":{"@type":"ImageObject","inLanguage":"es","@id":"https:\/\/www.escapadarural.com\/blog\/wp-content\/uploads\/2024\/11\/cropped-Miguel-Perez-96x96.jpg","url":"https:\/\/www.escapadarural.com\/blog\/wp-content\/uploads\/2024\/11\/cropped-Miguel-Perez-96x96.jpg","contentUrl":"https:\/\/www.escapadarural.com\/blog\/wp-content\/uploads\/2024\/11\/cropped-Miguel-Perez-96x96.jpg","caption":"Miguel Perez"},"description":"Me encanta el f\u00fatbol, leer, viajar, descubrir nuevos destinos y cont\u00e1rtelos","sameAs":["#","https:\/\/x.com\/#"],"url":"https:\/\/www.escapadarural.com\/blog\/autor\/miguel-perez\/"}]}},"_links":{"self":[{"href":"https:\/\/www.escapadarural.com\/blog\/wp-json\/wp\/v2\/posts\/212532","targetHints":{"allow":["GET"]}}],"collection":[{"href":"https:\/\/www.escapadarural.com\/blog\/wp-json\/wp\/v2\/posts"}],"about":[{"href":"https:\/\/www.escapadarural.com\/blog\/wp-json\/wp\/v2\/types\/post"}],"author":[{"embeddable":true,"href":"https:\/\/www.escapadarural.com\/blog\/wp-json\/wp\/v2\/users\/157"}],"replies":[{"embeddable":true,"href":"https:\/\/www.escapadarural.com\/blog\/wp-json\/wp\/v2\/comments?post=212532"}],"version-history":[{"count":0,"href":"https:\/\/www.escapadarural.com\/blog\/wp-json\/wp\/v2\/posts\/212532\/revisions"}],"wp:featuredmedia":[{"embeddable":true,"href":"https:\/\/www.escapadarural.com\/blog\/wp-json\/wp\/v2\/media\/212539"}],"wp:attachment":[{"href":"https:\/\/www.escapadarural.com\/blog\/wp-json\/wp\/v2\/media?parent=212532"}],"wp:term":[{"taxonomy":"category","embeddable":true,"href":"https:\/\/www.escapadarural.com\/blog\/wp-json\/wp\/v2\/categories?post=212532"},{"taxonomy":"post_tag","embeddable":true,"href":"https:\/\/www.escapadarural.com\/blog\/wp-json\/wp\/v2\/tags?post=212532"}],"curies":[{"name":"wp","href":"https:\/\/api.w.org\/{rel}","templated":true}]}}