{"id":2130,"date":"2012-11-20T13:17:41","date_gmt":"2012-11-20T13:17:41","guid":{"rendered":"http:\/\/15.188.81.248\/2012\/11\/20\/albacete-que-no-es-poco\/"},"modified":"2025-07-23T09:58:33","modified_gmt":"2025-07-23T07:58:33","slug":"albacete-que-no-es-poco","status":"publish","type":"post","link":"https:\/\/www.escapadarural.com\/blog\/albacete-que-no-es-poco\/","title":{"rendered":"Albacete, que no es poco"},"content":{"rendered":"\n<p>El t\u00edtulo del post fue tuit en un principio. Se le ocurri\u00f3 a <a href=\"https:\/\/twitter.com\/search?q=TeodoroAmanece\" class=\"rank-math-link\" target=\"_blank\">@Teodoro<\/a> durante nuestra visita al pueblo de A\u00fdna, escenario principal de la pel\u00edcula <em>Amanece, que no es poco<\/em>. Era la segunda jornada del #ABexperience.<\/p>\n\n\n\n<p>Despu\u00e9s del desayuno, los miembros del blogtrip nos fuimos directos a recorrer la Ruta de Amanece. Era ya tiempo de ponerle el paisaje a tantos comentarios de humor que nos cruzamos. Despu\u00e9s, la <strong>sorpresa<\/strong> de Albacete: el paisaje de la Sierra del Segura.<\/p>\n\n\n\n<h2 class=\"wp-block-heading\" id=\"h-el-amanecismo-va-a-llegar\">El amanecismo va a llegar<\/h2>\n\n\n\n<p>Lo primero que tuve que hacer antes de llegar a Albacete fue ver <em>Amanece, que no es poco<\/em>. Nada m\u00e1s terminar, los tuits de los compa\u00f1eros del #ABexperience cobraron nuevo sentido para m\u00ed. Ya me hab\u00eda metido en el ambiente y en el humor de Albacete, supongo que para no salir nunca m\u00e1s.<\/p>\n\n\n\n<p>Porque <strong>el amanecismo<\/strong> es como una religi\u00f3n: te abrazas a ella y le rindes culto. Eso es lo que hacen muchos amanecistas, como @Teodoro, cuando organizan quedadas en A\u00fdna para rememorar las escenas y las conversaciones de la pel\u00edcula. Transcurridos 24 a\u00f1os, la obra del director Jos\u00e9 Luis Cuerda va gananda cada vez m\u00e1s fieles. Como yo. S\u00ed, s\u00ed: el amanecismo va a llegar.<\/p>\n\n\n<div class=\"wp-block-image\">\n<figure class=\"aligncenter size-large\"><a href=\"https:\/\/www.escapadarural.com\/blog\/wp-content\/uploads\/2012\/11\/H.-Miralmundo-149jz-1-3-2.jpg\"><img loading=\"lazy\" decoding=\"async\" width=\"680\" height=\"452\" src=\"https:\/\/www.escapadarural.com\/blog\/wp-content\/uploads\/2012\/11\/H.-Miralmundo-149jz-1-3-2.jpg\" alt=\"A\u00fdna\" class=\"wp-image-113351\" srcset=\"https:\/\/www.escapadarural.com\/blog\/wp-content\/uploads\/2012\/11\/H.-Miralmundo-149jz-1-3-2-200x133.jpg 200w, https:\/\/www.escapadarural.com\/blog\/wp-content\/uploads\/2012\/11\/H.-Miralmundo-149jz-1-3-2-300x199.jpg 300w, https:\/\/www.escapadarural.com\/blog\/wp-content\/uploads\/2012\/11\/H.-Miralmundo-149jz-1-3-2-400x266.jpg 400w, https:\/\/www.escapadarural.com\/blog\/wp-content\/uploads\/2012\/11\/H.-Miralmundo-149jz-1-3-2-600x399.jpg 600w, https:\/\/www.escapadarural.com\/blog\/wp-content\/uploads\/2012\/11\/H.-Miralmundo-149jz-1-3-2.jpg 680w\" sizes=\"auto, (max-width: 680px) 100vw, 680px\" \/><\/a><figcaption class=\"wp-element-caption\">El sidecar en A\u00fdna, convertido en s\u00edmbolo. Fuente: Miralmundo Hostal Rural\n\n<\/figcaption><\/figure>\n<\/div>\n\n\n<h2 class=\"wp-block-heading\" id=\"h-la-ruta-amanece-que-no-es-poco\">La Ruta <em>Amanece, que no es poco<\/em><\/h2>\n\n\n\n<p>Bajamos del autob\u00fas frente al famoso sidecar de Jimmy y Teodoro y nos recibe el alcalde. <a href=\"https:\/\/www.elrincondesele.com\/en-ayna-amanece-que-no-es-poco\/\" target=\"_blank\">Sele<\/a> le espet\u00f3: \u00abViva el mun\u00edcipe por antonomasia\u00bb. Y las risas. As\u00ed comenz\u00f3 la ruta, con el alcalde actual de A\u00fdna y nuestro gu\u00eda, Jes\u00fas, tan amanecista o m\u00e1s como cualquiera de nosotros.<\/p>\n\n\n\n<p>Antes obtuvimos una panor\u00e1mica del pueblo desde el <strong>Mirador del Diablo<\/strong>. Lloviznaba y hab\u00eda niebla, pero en cuesti\u00f3n de segundos se disip\u00f3 y el pueblo se aclar\u00f3, en blanco, engastado en el valle. En A\u00fdna tambi\u00e9n se rod\u00f3 (de forma espont\u00e1nea), el primer clasificado de V\u00eddeos de Primera: <em>Se va el chaval, se por el barranquillo<\/em>.<\/p>\n\n\n\n<figure class=\"wp-block-image size-large\"><a href=\"https:\/\/www.escapadarural.com\/blog\/wp-content\/uploads\/2012\/11\/razonable-1.jpg\"><img decoding=\"async\" src=\"https:\/\/www.escapadarural.com\/blog\/wp-content\/uploads\/2012\/11\/razonable-1-1024x752-3-2.jpg\" alt=\"A\u00fdna\" class=\"wp-image-34970\"\/><\/a><figcaption class=\"wp-element-caption\">Aqu\u00ed se justificaba el Hombre Razonable ante Teodoro y Jimmy.\n\n<\/figcaption><\/figure>\n\n\n\n<p>Xipo ha publicado un art\u00edculo muy completo y ameno sobre la ruta. Os <strong>recomiendo su lectura<\/strong>. Ver\u00e9is los puntos del pueblo que se han marcado con paneles informativos: \u00abEl hombre razonable\u00bb, \u00abEl colegio\u00bb, \u00abLa Cantina\u00bb, \u00abEl Semillero de Hombres\u00bb, \u00abEl bancal de la Calabaza\u00bb&#8230; Como se rodaron muchas escenas en el interior de las casas de los vecinos, no se puede entrar en ellos. Pero las calles dan mucho de s\u00ed.<\/p>\n\n\n\n<figure class=\"wp-block-image size-large\"><a href=\"https:\/\/www.escapadarural.com\/blog\/wp-content\/uploads\/2012\/11\/elena-1.jpg\"><img decoding=\"async\" src=\"https:\/\/www.escapadarural.com\/blog\/wp-content\/uploads\/2012\/11\/elena-1-1024x719-3-2.jpg\" alt=\"A\u00fdna\" class=\"wp-image-34969\"\/><\/a><figcaption class=\"wp-element-caption\">Lala Viajera convertida en \u00abElena hacia el bancal\u00bb\n\n<\/figcaption><\/figure>\n\n\n\n<figure class=\"wp-block-image size-large\"><a href=\"https:\/\/www.escapadarural.com\/blog\/wp-content\/uploads\/2012\/11\/calabazas-1.jpg\"><img decoding=\"async\" src=\"https:\/\/www.escapadarural.com\/blog\/wp-content\/uploads\/2012\/11\/calabazas-1-1024x648-3-2.jpg\" alt=\"A\u00fdna\" class=\"wp-image-34968\"\/><\/a><figcaption class=\"wp-element-caption\">Sele recitando la Oda a la Calabaza.\n\n<\/figcaption><\/figure>\n\n\n\n<p>Lo que s\u00ed se puede, y quiz\u00e1s sea la \u00fanica ruta de cine que lo permita, es <strong>charlar con los personajes de la pel\u00edcula<\/strong>. No con Antonio Resines, por ejemplo, porque no vive all\u00ed, pero s\u00ed con los vecinos porque todos participaron de una manera u otra. Nosotros vimos a uno de los que hac\u00eda de ruso o al ch\u00f3fer del alcalde, de casualidad.<\/p>\n\n\n\n<figure class=\"wp-block-image size-large\"><a href=\"https:\/\/www.escapadarural.com\/blog\/wp-content\/uploads\/2012\/11\/semillero-1.jpg\"><img decoding=\"async\" src=\"https:\/\/www.escapadarural.com\/blog\/wp-content\/uploads\/2012\/11\/semillero-1-1024x681-3-2.jpg\" alt=\"A\u00fdna\" class=\"wp-image-34967\"\/><\/a><figcaption class=\"wp-element-caption\">Todos brotamos de la tierra, junto a Garcinu\u00f1o, en el Semillero de Hombres.\n\n<\/figcaption><\/figure>\n\n\n\n<p>Pero sobre todo compartimos tiempo y charlas con dos personajes entra\u00f1ables: \u00abRafaelito\u00bb, Jorge Vidal fuera de escena, y \u00abel ni\u00f1o deprim\u00edo\u00bb, Juan \u00c1ngel. Jorge trabaja en el hotel en el que nos alojamos. \u00c9l era quien cantaba en el colegio una operaci\u00f3n matem\u00e1tica. Juan \u00c1ngel es el propietario de la <a title=\"Casa rural en Ayna\" href=\"https:\/\/www.escapadarural.com\/casa-rural\/albacete\/miralmundo-hostal-rural\">casa rural Miralmundo<\/a>, en A\u00fdna, y quien adem\u00e1s de ense\u00f1arnos las tapas de su tierra nos regal\u00f3 el gui\u00f3n \u00edntegro de la pel\u00edcula. [\u00bfSab\u00edas que ya no hace falta que se acent\u00fae \u00abgui\u00f3n\u00bb?]<\/p>\n\n\n\n<figure class=\"wp-block-image size-large\"><a href=\"https:\/\/www.escapadarural.com\/blog\/wp-content\/uploads\/2012\/11\/Cascada-Arroyo-1.jpg\"><img decoding=\"async\" src=\"https:\/\/www.escapadarural.com\/blog\/wp-content\/uploads\/2012\/11\/Cascada-Arroyo-1-1024x766-3-2.jpg\" alt=\"A\u00fdna\" class=\"wp-image-34966\"\/><\/a><figcaption class=\"wp-element-caption\">Cascada del arroyo de A\u00fdna. Fuente: Miralmundo Hostal Rural<\/figcaption><\/figure>\n\n\n\n<p>Deb\u00edamos seguir camino por la <strong>Sierra del Segura<\/strong>de Albacete. Antes de abandonar A\u00fdna, reconocimos las ruinas de su castillo medieval y el Centro de Interpretaci\u00f3n de la pel\u00edcula, un rinc\u00f3n lleno de curiosidades sobre el rodaje. Pascual, mientras tanto, nos ofreci\u00f3 un dulce t\u00edpico del pueblo: los \u00absuspiros\u00bb. Muy ricos.<\/p>\n\n\n\n<h2 class=\"wp-block-heading\" id=\"h-el-nacimiento-del-mundo-y-la-olla-de-aldea\">El nacimiento del Mundo y la Olla de Aldea<\/h2>\n\n\n\n<p>\u00abMira, el puente m\u00e1s largo del Mundo\u00bb. Todos miramos mientras Pascual se\u00f1alaba la construcci\u00f3n. Se refer\u00eda entre risas a que el r\u00edo que cruz\u00e1bamos era el Mundo. Ahora remont\u00e1bamos su curso hasta su origen. Tal y como indicaba con humor el cartel: \u00ab<strong>aqu\u00ed nace el mundo<\/strong>\u00ab.<\/p>\n\n\n\n<figure class=\"wp-block-image size-large\"><a href=\"https:\/\/www.escapadarural.com\/blog\/wp-content\/uploads\/2012\/11\/8121597731_f8d536567f_h-1.jpg\"><img decoding=\"async\" src=\"https:\/\/www.escapadarural.com\/blog\/wp-content\/uploads\/2012\/11\/8121597731_f8d536567f_h-1-1024x681-1.jpg\" alt=\"Hacia el nacimiento del r\u00edo Mundo\" class=\"wp-image-34963\"\/><\/a><figcaption class=\"wp-element-caption\">Hacia el nacimiento del r\u00edo Mundo\n\n<\/figcaption><\/figure>\n\n\n\n<figure class=\"wp-block-image size-large\"><a href=\"https:\/\/www.escapadarural.com\/blog\/wp-content\/uploads\/2012\/11\/8121604895_d0d2779b8d_h-1.jpg\"><img decoding=\"async\" src=\"https:\/\/www.escapadarural.com\/blog\/wp-content\/uploads\/2012\/11\/8121604895_d0d2779b8d_h-1-1024x681-3-2.jpg\" alt=\"Sendero que lleva al nacimiento del Mundo\" class=\"wp-image-34962\"\/><\/a><figcaption class=\"wp-element-caption\">Sendero que lleva al nacimiento del Mundo\n\n<\/figcaption><\/figure>\n\n\n\n<p>All\u00ed me sobrecogi\u00f3 el paisaje. No esperaba, de ninguna manera y sin raz\u00f3n justificada, que Albacete mostrase ese rinc\u00f3n <strong>tan verde<\/strong>y tan asturiano. De una oquedad en el calar, un muro ovalado de piedra caliza y plantas obstinadas, surg\u00eda una peque\u00f1a cascada. \u00abEn invierno se produce el revent\u00f3n\u00bb, nos informaba Pascual.<\/p>\n\n\n\n<p>El <strong>revent\u00f3n<\/strong> es el nacimiento del r\u00edo Mundo de forma violenta. El sendero desde el que contempl\u00e1bamos la cascada d\u00e9bil se inunda durante el revent\u00f3n. Un fen\u00f3meno espectacular.<\/p>\n\n\n\n<figure class=\"wp-block-image size-large\"><a href=\"https:\/\/www.escapadarural.com\/blog\/wp-content\/uploads\/2012\/11\/8121586033_e6ffcfd00d_h-1.jpg\"><img decoding=\"async\" src=\"https:\/\/www.escapadarural.com\/blog\/wp-content\/uploads\/2012\/11\/8121586033_e6ffcfd00d_h-1-1024x681-3-2.jpg\" alt=\"Patricia y Miguel subiendo hasta el \u00faltimo mirador del nacimiento\" class=\"wp-image-34960\"\/><\/a><figcaption class=\"wp-element-caption\">Patricia y Miguel subiendo hasta el \u00faltimo mirador del nacimiento.\n\n<\/figcaption><\/figure>\n\n\n\n<p>Miguel (<a href=\"https:\/\/www.miguelenruta.com\/2012\/11\/rutas-por-la-sierra-de-albacete.html\" target=\"_blank\">Miguel en Ruta<\/a>), Patricia (Mad About Travel), Pascual (<a href=\"https:\/\/twitter.com\/turismoalbacete\" target=\"_blank\">APEHT<\/a>) y yo decidimos subir hasta el \u00faltimo mirador del nacimiento. El punto m\u00e1s alto al que se puede acceder a pie. Los m\u00e1s aventureros podr\u00e1n concertar una actividad espeleol\u00f3gica al interior de la cueva. Desde all\u00ed arriba, me impresion\u00f3 m\u00e1s el muro enorme y gris que el r\u00edo. Cuanto m\u00e1s sub\u00eda, la sensaci\u00f3n de peque\u00f1ez m\u00e1s se acrecentaba. \u00bfQu\u00e9 pensar\u00e1 un astronauta desde el espacio?<\/p>\n\n\n\n<h3 class=\"wp-block-heading\" id=\"h-las-salegas-del-maguillo\">Las Salegas del Maguillo<\/h3>\n\n\n\n<p>Hab\u00eda hambre, y cierto fr\u00edo tambi\u00e9n, as\u00ed que cuando llegamos al restaurante de las Salegas del Maguillo el calor de la chimenea y la promesa de un cocido t\u00edpico nos restituy\u00f3 de golpe.<\/p>\n\n\n\n<p>Durante el camino desde el nacimiento del r\u00edo Mundo el propietario de esta casa rural hablaba con orgullo de su tierra y de su proyecto. \u00abTodo el mundo puede llegar al nacimiento, pero no reconocer los paisajes por donde yo llevo a mis clientes\u00bb, me explic\u00f3. \u00abEs un tipo de turismo muy trabajado, un proyecto de paciencia que ahora da sus frutos\u00bb.<\/p>\n\n\n\n<figure class=\"wp-block-image size-large\"><a href=\"https:\/\/www.escapadarural.com\/blog\/wp-content\/uploads\/2012\/11\/olla-1-3-2.jpg\"><img loading=\"lazy\" decoding=\"async\" width=\"1024\" height=\"598\" src=\"https:\/\/www.escapadarural.com\/blog\/wp-content\/uploads\/2012\/11\/olla-1-3-2.jpg\" alt=\"La Olla de Aldea, contundente\" class=\"wp-image-113377\" srcset=\"https:\/\/www.escapadarural.com\/blog\/wp-content\/uploads\/2012\/11\/olla-1-3-2-200x117.jpg 200w, https:\/\/www.escapadarural.com\/blog\/wp-content\/uploads\/2012\/11\/olla-1-3-2-300x175.jpg 300w, https:\/\/www.escapadarural.com\/blog\/wp-content\/uploads\/2012\/11\/olla-1-3-2-400x234.jpg 400w, https:\/\/www.escapadarural.com\/blog\/wp-content\/uploads\/2012\/11\/olla-1-3-2-600x350.jpg 600w, https:\/\/www.escapadarural.com\/blog\/wp-content\/uploads\/2012\/11\/olla-1-3-2-768x449.jpg 768w, https:\/\/www.escapadarural.com\/blog\/wp-content\/uploads\/2012\/11\/olla-1-3-2-800x467.jpg 800w, https:\/\/www.escapadarural.com\/blog\/wp-content\/uploads\/2012\/11\/olla-1-3-2.jpg 1024w\" sizes=\"auto, (max-width: 1024px) 100vw, 1024px\" \/><\/a><figcaption class=\"wp-element-caption\">La Olla de Aldea, contundente.\n\n<\/figcaption><\/figure>\n\n\n\n<p>A modo de ejemplo, me explic\u00f3 que se llev\u00f3 a <a href=\"\/blog\/trajinando-por-el-mundo-de-carmen-perez\/\">Carmen Teira<\/a>de ruta por la Sierra y el modo en que pudo sorprender a una viajera que ha recorrido medio mundo.<\/p>\n\n\n\n<figure class=\"wp-block-image size-large\"><a href=\"https:\/\/www.escapadarural.com\/blog\/wp-content\/uploads\/2012\/11\/leche-1-3-2.jpg\"><img loading=\"lazy\" decoding=\"async\" width=\"1024\" height=\"609\" src=\"https:\/\/www.escapadarural.com\/blog\/wp-content\/uploads\/2012\/11\/leche-1-3-2.jpg\" alt=\"El postre. El incre\u00edble postre\" class=\"wp-image-113379\" srcset=\"https:\/\/www.escapadarural.com\/blog\/wp-content\/uploads\/2012\/11\/leche-1-3-2-200x119.jpg 200w, https:\/\/www.escapadarural.com\/blog\/wp-content\/uploads\/2012\/11\/leche-1-3-2-300x178.jpg 300w, https:\/\/www.escapadarural.com\/blog\/wp-content\/uploads\/2012\/11\/leche-1-3-2-400x238.jpg 400w, https:\/\/www.escapadarural.com\/blog\/wp-content\/uploads\/2012\/11\/leche-1-3-2-600x357.jpg 600w, https:\/\/www.escapadarural.com\/blog\/wp-content\/uploads\/2012\/11\/leche-1-3-2-768x457.jpg 768w, https:\/\/www.escapadarural.com\/blog\/wp-content\/uploads\/2012\/11\/leche-1-3-2-800x476.jpg 800w, https:\/\/www.escapadarural.com\/blog\/wp-content\/uploads\/2012\/11\/leche-1-3-2.jpg 1024w\" sizes=\"auto, (max-width: 1024px) 100vw, 1024px\" \/><\/a><figcaption class=\"wp-element-caption\">El postre. El incre\u00edble postre.\n\n<\/figcaption><\/figure>\n\n\n\n<p>Antes de llegar el plato principal, la Olla de Aldea, en las Salegas del Maguillo nos sirvieron una ensalada aderezada con granadas y pimientos asados. La Olla, ahora s\u00ed, llevaba 4 horas coci\u00e9ndose a fuego lento: carne, verduras y jud\u00edas, que pod\u00edamos comer tanto con cuchara como con tenedor. La contundencia del plato nos impuls\u00f3 a una sobremesa larga e interesante que s\u00f3lo concluimos cuando alguien mir\u00f3 el reloj.<\/p>\n\n\n\n<p>Fuente entonces cuando cogimos los 4&#215;4 y llegamos a mi rinc\u00f3n favorito de Albacete.<\/p>\n\n\n\n<figure class=\"wp-block-image size-large\"><a href=\"https:\/\/www.escapadarural.com\/blog\/wp-content\/uploads\/2012\/11\/arroyo-1-3-2.jpg\"><img decoding=\"async\" src=\"https:\/\/www.escapadarural.com\/blog\/wp-content\/uploads\/2012\/11\/arroyo-1-3-2.jpg\" alt=\"Embalse de Arroyo Fr\u00edo\" class=\"wp-image-113372\"\/><\/a><figcaption class=\"wp-element-caption\">Embalse de Arroyo Fr\u00edo\n\n<\/figcaption><\/figure>\n\n\n\n<h2 class=\"wp-block-heading\" id=\"h-mi-rincon-favorito-de-albacete\">Mi rinc\u00f3n favorito de Albacete<\/h2>\n\n\n\n<p>Arroyo Fr\u00edo. Desde las Salegas y pasando por Cotillas (gracioso el nombre, \u00bfverdad?), muy cerca de la frontera con Andaluc\u00eda, llegamos al embalse de Arroyo Fr\u00edo.<\/p>\n\n\n\n<p>Os digo m\u00e1s, prefiero que llueva como llov\u00eda a que haga un sol estupendo. El paisaje era perfectamente oto\u00f1al, se respiraba la frondosidad de las laderas y el agua era tan transparente como la de las playas de Formentera.<\/p>\n\n\n\n<figure class=\"wp-block-image size-large\"><a href=\"https:\/\/www.escapadarural.com\/blog\/wp-content\/uploads\/2012\/11\/arro-1-3-2.jpg\"><img decoding=\"async\" src=\"https:\/\/www.escapadarural.com\/blog\/wp-content\/uploads\/2012\/11\/arro-1-3-2.jpg\" alt=\"Otra vista de mi rinc\u00f3n favorito de Albacete\" class=\"wp-image-34953\"\/><\/a><figcaption class=\"wp-element-caption\">Otra vista de mi rinc\u00f3n favorito de Albacete.\n\n<\/figcaption><\/figure>\n\n\n\n<p>Es un lugar de pesca de truchas y de ba\u00f1o. En las orillas se han dispuesto bancos y recorren los senderos circundantes, en d\u00edas como aquel, salamandras. Que se lo digan a los miembros del #ABexperience \ud83d\ude42<\/p>\n\n\n\n<p>A la vuelta, en el bus, un visionado en grupo de&#8230; S\u00ed, <em>Amanece, que no es poco<\/em>. Entre risas, yo fui digiriendo la sorpresa que me supuso la Sierra del Segura de Albacete. Y t\u00fa, <strong>\u00bfla conoces?<\/strong><\/p>\n","protected":false},"excerpt":{"rendered":"<p>Segunda jornada del #ABexperience, sorprendente, por la Sierra del Segura de Albacete: Ruta de cine, el nacimiento del Mundo y el embalse de Arroyo Fr\u00edo<\/p>\n","protected":false},"author":136,"featured_media":110850,"comment_status":"open","ping_status":"closed","sticky":false,"template":"","format":"standard","meta":{"_acf_changed":false,"om_disable_all_campaigns":false,"footnotes":""},"categories":[1379],"tags":[921,299,940,941,942],"class_list":["post-2130","post","type-post","status-publish","format-standard","has-post-thumbnail","hentry","category-rutas-y-excursiones","tag-que-ver-en-albacete","tag-cascada","tag-embalse","tag-rio-mundo","tag-sierra-del-segura"],"acf":[],"featured_image_src":"https:\/\/www.escapadarural.com\/blog\/wp-content\/uploads\/2012\/11\/arro-1-1.jpg","author_info":{"display_name":"Escapada Rural","author_link":"https:\/\/www.escapadarural.com\/blog\/autor\/user\/"},"yoast_head":"<!-- This site is optimized with the Yoast SEO plugin v27.5 - https:\/\/yoast.com\/product\/yoast-seo-wordpress\/ -->\n<title>Albacete, que no es poco - EscapadaRural<\/title>\n<meta name=\"robots\" content=\"index, follow, max-snippet:-1, max-image-preview:large, max-video-preview:-1\" \/>\n<link rel=\"canonical\" href=\"https:\/\/www.escapadarural.com\/blog\/albacete-que-no-es-poco\/\" \/>\n<meta property=\"og:locale\" content=\"es_ES\" \/>\n<meta property=\"og:type\" content=\"article\" \/>\n<meta property=\"og:title\" content=\"Albacete, que no es poco - EscapadaRural\" \/>\n<meta property=\"og:description\" content=\"Segunda jornada del #ABexperience, sorprendente, por la Sierra del Segura de Albacete: Ruta de cine, el nacimiento del Mundo y el embalse de Arroyo Fr\u00edo\" \/>\n<meta property=\"og:url\" content=\"https:\/\/www.escapadarural.com\/blog\/albacete-que-no-es-poco\/\" \/>\n<meta property=\"og:site_name\" content=\"Magazine de viajes de EscapadaRural\" \/>\n<meta property=\"article:publisher\" content=\"https:\/\/www.facebook.com\/escapadarural\" \/>\n<meta property=\"article:author\" content=\"https:\/\/www.facebook.com\/escapadarural\" \/>\n<meta property=\"article:published_time\" content=\"2012-11-20T13:17:41+00:00\" \/>\n<meta property=\"article:modified_time\" content=\"2025-07-23T07:58:33+00:00\" \/>\n<meta property=\"og:image\" content=\"https:\/\/www.escapadarural.com\/blog\/wp-content\/uploads\/2012\/11\/arro-1-1.jpg?v=1753257515\" \/>\n\t<meta property=\"og:image:width\" content=\"1024\" \/>\n\t<meta property=\"og:image:height\" content=\"683\" \/>\n\t<meta property=\"og:image:type\" content=\"image\/jpeg\" \/>\n<meta name=\"author\" content=\"Escapada Rural\" \/>\n<meta name=\"twitter:card\" content=\"summary_large_image\" \/>\n<meta name=\"twitter:creator\" content=\"@https:\/\/x.com\/i\/flow\/login?redirect_after_login=escapadarural\" \/>\n<meta name=\"twitter:label1\" content=\"Escrito por\" \/>\n\t<meta name=\"twitter:data1\" content=\"Escapada Rural\" \/>\n\t<meta name=\"twitter:label2\" content=\"Tiempo de lectura\" \/>\n\t<meta name=\"twitter:data2\" content=\"7 minutos\" \/>\n<script type=\"application\/ld+json\" class=\"yoast-schema-graph\">{\"@context\":\"https:\\\/\\\/schema.org\",\"@graph\":[{\"@type\":\"Article\",\"@id\":\"https:\\\/\\\/www.escapadarural.com\\\/blog\\\/albacete-que-no-es-poco\\\/#article\",\"isPartOf\":{\"@id\":\"https:\\\/\\\/www.escapadarural.com\\\/blog\\\/albacete-que-no-es-poco\\\/\"},\"author\":{\"name\":\"Escapada Rural\",\"@id\":\"https:\\\/\\\/www.escapadarural.com\\\/blog\\\/#\\\/schema\\\/person\\\/d9ee55ff3e0cef41d6eac8922b4f972c\"},\"headline\":\"Albacete, que no es poco\",\"datePublished\":\"2012-11-20T13:17:41+00:00\",\"dateModified\":\"2025-07-23T07:58:33+00:00\",\"mainEntityOfPage\":{\"@id\":\"https:\\\/\\\/www.escapadarural.com\\\/blog\\\/albacete-que-no-es-poco\\\/\"},\"wordCount\":1361,\"commentCount\":9,\"publisher\":{\"@id\":\"https:\\\/\\\/www.escapadarural.com\\\/blog\\\/#organization\"},\"image\":{\"@id\":\"https:\\\/\\\/www.escapadarural.com\\\/blog\\\/albacete-que-no-es-poco\\\/#primaryimage\"},\"thumbnailUrl\":\"https:\\\/\\\/www.escapadarural.com\\\/blog\\\/wp-content\\\/uploads\\\/2012\\\/11\\\/arro-1-1.jpg\",\"keywords\":[\"Albacete\",\"Cascada\",\"embalse\",\"r\u00edo Mundo\",\"Sierra del Segura\"],\"articleSection\":[\"Rutas y excursiones\"],\"inLanguage\":\"es\",\"potentialAction\":[{\"@type\":\"CommentAction\",\"name\":\"Comment\",\"target\":[\"https:\\\/\\\/www.escapadarural.com\\\/blog\\\/albacete-que-no-es-poco\\\/#respond\"]}]},{\"@type\":\"WebPage\",\"@id\":\"https:\\\/\\\/www.escapadarural.com\\\/blog\\\/albacete-que-no-es-poco\\\/\",\"url\":\"https:\\\/\\\/www.escapadarural.com\\\/blog\\\/albacete-que-no-es-poco\\\/\",\"name\":\"Albacete, que no es poco - EscapadaRural\",\"isPartOf\":{\"@id\":\"https:\\\/\\\/www.escapadarural.com\\\/blog\\\/#website\"},\"primaryImageOfPage\":{\"@id\":\"https:\\\/\\\/www.escapadarural.com\\\/blog\\\/albacete-que-no-es-poco\\\/#primaryimage\"},\"image\":{\"@id\":\"https:\\\/\\\/www.escapadarural.com\\\/blog\\\/albacete-que-no-es-poco\\\/#primaryimage\"},\"thumbnailUrl\":\"https:\\\/\\\/www.escapadarural.com\\\/blog\\\/wp-content\\\/uploads\\\/2012\\\/11\\\/arro-1-1.jpg\",\"datePublished\":\"2012-11-20T13:17:41+00:00\",\"dateModified\":\"2025-07-23T07:58:33+00:00\",\"breadcrumb\":{\"@id\":\"https:\\\/\\\/www.escapadarural.com\\\/blog\\\/albacete-que-no-es-poco\\\/#breadcrumb\"},\"inLanguage\":\"es\",\"potentialAction\":[{\"@type\":\"ReadAction\",\"target\":[\"https:\\\/\\\/www.escapadarural.com\\\/blog\\\/albacete-que-no-es-poco\\\/\"]}]},{\"@type\":\"ImageObject\",\"inLanguage\":\"es\",\"@id\":\"https:\\\/\\\/www.escapadarural.com\\\/blog\\\/albacete-que-no-es-poco\\\/#primaryimage\",\"url\":\"https:\\\/\\\/www.escapadarural.com\\\/blog\\\/wp-content\\\/uploads\\\/2012\\\/11\\\/arro-1-1.jpg\",\"contentUrl\":\"https:\\\/\\\/www.escapadarural.com\\\/blog\\\/wp-content\\\/uploads\\\/2012\\\/11\\\/arro-1-1.jpg\",\"width\":1024,\"height\":683,\"caption\":\"Un estanque en calma refleja altos \u00e1rboles con hojas amarillas y verdes. El suelo del bosque est\u00e1 cubierto de hojas de color marr\u00f3n rojizo, y el fondo muestra un bosque denso y brumoso.\"},{\"@type\":\"BreadcrumbList\",\"@id\":\"https:\\\/\\\/www.escapadarural.com\\\/blog\\\/albacete-que-no-es-poco\\\/#breadcrumb\",\"itemListElement\":[{\"@type\":\"ListItem\",\"position\":1,\"name\":\"Inicio\",\"item\":\"https:\\\/\\\/www.escapadarural.com\\\/blog\\\/\"},{\"@type\":\"ListItem\",\"position\":2,\"name\":\"Rutas y excursiones\",\"item\":\"https:\\\/\\\/www.escapadarural.com\\\/blog\\\/categoria\\\/rutas-y-excursiones\\\/\"},{\"@type\":\"ListItem\",\"position\":3,\"name\":\"Albacete, que no es poco\"}]},{\"@type\":\"WebSite\",\"@id\":\"https:\\\/\\\/www.escapadarural.com\\\/blog\\\/#website\",\"url\":\"https:\\\/\\\/www.escapadarural.com\\\/blog\\\/\",\"name\":\"Blog de viajes | turismo rural, alojamientos e inspiraci\u00f3n\",\"description\":\"Alojamientos rurales e inspiraci\u00f3n para tus escapadas\",\"publisher\":{\"@id\":\"https:\\\/\\\/www.escapadarural.com\\\/blog\\\/#organization\"},\"alternateName\":\"Magazine de viajes de EscapadaRural\",\"potentialAction\":[{\"@type\":\"SearchAction\",\"target\":{\"@type\":\"EntryPoint\",\"urlTemplate\":\"https:\\\/\\\/www.escapadarural.com\\\/blog\\\/?s={search_term_string}\"},\"query-input\":{\"@type\":\"PropertyValueSpecification\",\"valueRequired\":true,\"valueName\":\"search_term_string\"}}],\"inLanguage\":\"es\"},{\"@type\":\"Organization\",\"@id\":\"https:\\\/\\\/www.escapadarural.com\\\/blog\\\/#organization\",\"name\":\"EscapadaRural\",\"url\":\"https:\\\/\\\/www.escapadarural.com\\\/blog\\\/\",\"logo\":{\"@type\":\"ImageObject\",\"inLanguage\":\"es\",\"@id\":\"https:\\\/\\\/www.escapadarural.com\\\/blog\\\/#\\\/schema\\\/logo\\\/image\\\/\",\"url\":\"https:\\\/\\\/www.escapadarural.com\\\/blog\\\/wp-content\\\/uploads\\\/2024\\\/10\\\/cropped-cropped-escapada-rural-icon-mag-3.png\",\"contentUrl\":\"https:\\\/\\\/www.escapadarural.com\\\/blog\\\/wp-content\\\/uploads\\\/2024\\\/10\\\/cropped-cropped-escapada-rural-icon-mag-3.png\",\"width\":512,\"height\":512,\"caption\":\"EscapadaRural\"},\"image\":{\"@id\":\"https:\\\/\\\/www.escapadarural.com\\\/blog\\\/#\\\/schema\\\/logo\\\/image\\\/\"},\"sameAs\":[\"https:\\\/\\\/www.facebook.com\\\/escapadarural\",\"https:\\\/\\\/www.instagram.com\\\/escapadarural\\\/\",\"https:\\\/\\\/www.youtube.com\\\/@escapadaruralcom\"]},{\"@type\":\"Person\",\"@id\":\"https:\\\/\\\/www.escapadarural.com\\\/blog\\\/#\\\/schema\\\/person\\\/d9ee55ff3e0cef41d6eac8922b4f972c\",\"name\":\"Escapada Rural\",\"image\":{\"@type\":\"ImageObject\",\"inLanguage\":\"es\",\"@id\":\"https:\\\/\\\/www.escapadarural.com\\\/blog\\\/wp-content\\\/uploads\\\/2024\\\/10\\\/cropped-cropped-escapada-rural-icon-mag-3-96x96.png\",\"url\":\"https:\\\/\\\/www.escapadarural.com\\\/blog\\\/wp-content\\\/uploads\\\/2024\\\/10\\\/cropped-cropped-escapada-rural-icon-mag-3-96x96.png\",\"contentUrl\":\"https:\\\/\\\/www.escapadarural.com\\\/blog\\\/wp-content\\\/uploads\\\/2024\\\/10\\\/cropped-cropped-escapada-rural-icon-mag-3-96x96.png\",\"caption\":\"Escapada Rural\"},\"sameAs\":[\"https:\\\/\\\/www.facebook.com\\\/escapadarural\",\"https:\\\/\\\/www.linkedin.com\\\/company\\\/escapada-rural\\\/?originalSubdomain=es\",\"https:\\\/\\\/x.com\\\/https:\\\/\\\/x.com\\\/i\\\/flow\\\/login?redirect_after_login=escapadarural\"],\"url\":\"https:\\\/\\\/www.escapadarural.com\\\/blog\\\/autor\\\/user\\\/\"}]}<\/script>\n<!-- \/ Yoast SEO plugin. -->","yoast_head_json":{"title":"Albacete, que no es poco - EscapadaRural","robots":{"index":"index","follow":"follow","max-snippet":"max-snippet:-1","max-image-preview":"max-image-preview:large","max-video-preview":"max-video-preview:-1"},"canonical":"https:\/\/www.escapadarural.com\/blog\/albacete-que-no-es-poco\/","og_locale":"es_ES","og_type":"article","og_title":"Albacete, que no es poco - EscapadaRural","og_description":"Segunda jornada del #ABexperience, sorprendente, por la Sierra del Segura de Albacete: Ruta de cine, el nacimiento del Mundo y el embalse de Arroyo Fr\u00edo","og_url":"https:\/\/www.escapadarural.com\/blog\/albacete-que-no-es-poco\/","og_site_name":"Magazine de viajes de EscapadaRural","article_publisher":"https:\/\/www.facebook.com\/escapadarural","article_author":"https:\/\/www.facebook.com\/escapadarural","article_published_time":"2012-11-20T13:17:41+00:00","article_modified_time":"2025-07-23T07:58:33+00:00","og_image":[{"width":1024,"height":683,"url":"https:\/\/www.escapadarural.com\/blog\/wp-content\/uploads\/2012\/11\/arro-1-1.jpg?v=1753257515","type":"image\/jpeg"}],"author":"Escapada Rural","twitter_card":"summary_large_image","twitter_creator":"@https:\/\/x.com\/i\/flow\/login?redirect_after_login=escapadarural","twitter_misc":{"Escrito por":"Escapada Rural","Tiempo de lectura":"7 minutos"},"schema":{"@context":"https:\/\/schema.org","@graph":[{"@type":"Article","@id":"https:\/\/www.escapadarural.com\/blog\/albacete-que-no-es-poco\/#article","isPartOf":{"@id":"https:\/\/www.escapadarural.com\/blog\/albacete-que-no-es-poco\/"},"author":{"name":"Escapada Rural","@id":"https:\/\/www.escapadarural.com\/blog\/#\/schema\/person\/d9ee55ff3e0cef41d6eac8922b4f972c"},"headline":"Albacete, que no es poco","datePublished":"2012-11-20T13:17:41+00:00","dateModified":"2025-07-23T07:58:33+00:00","mainEntityOfPage":{"@id":"https:\/\/www.escapadarural.com\/blog\/albacete-que-no-es-poco\/"},"wordCount":1361,"commentCount":9,"publisher":{"@id":"https:\/\/www.escapadarural.com\/blog\/#organization"},"image":{"@id":"https:\/\/www.escapadarural.com\/blog\/albacete-que-no-es-poco\/#primaryimage"},"thumbnailUrl":"https:\/\/www.escapadarural.com\/blog\/wp-content\/uploads\/2012\/11\/arro-1-1.jpg","keywords":["Albacete","Cascada","embalse","r\u00edo Mundo","Sierra del Segura"],"articleSection":["Rutas y excursiones"],"inLanguage":"es","potentialAction":[{"@type":"CommentAction","name":"Comment","target":["https:\/\/www.escapadarural.com\/blog\/albacete-que-no-es-poco\/#respond"]}]},{"@type":"WebPage","@id":"https:\/\/www.escapadarural.com\/blog\/albacete-que-no-es-poco\/","url":"https:\/\/www.escapadarural.com\/blog\/albacete-que-no-es-poco\/","name":"Albacete, que no es poco - EscapadaRural","isPartOf":{"@id":"https:\/\/www.escapadarural.com\/blog\/#website"},"primaryImageOfPage":{"@id":"https:\/\/www.escapadarural.com\/blog\/albacete-que-no-es-poco\/#primaryimage"},"image":{"@id":"https:\/\/www.escapadarural.com\/blog\/albacete-que-no-es-poco\/#primaryimage"},"thumbnailUrl":"https:\/\/www.escapadarural.com\/blog\/wp-content\/uploads\/2012\/11\/arro-1-1.jpg","datePublished":"2012-11-20T13:17:41+00:00","dateModified":"2025-07-23T07:58:33+00:00","breadcrumb":{"@id":"https:\/\/www.escapadarural.com\/blog\/albacete-que-no-es-poco\/#breadcrumb"},"inLanguage":"es","potentialAction":[{"@type":"ReadAction","target":["https:\/\/www.escapadarural.com\/blog\/albacete-que-no-es-poco\/"]}]},{"@type":"ImageObject","inLanguage":"es","@id":"https:\/\/www.escapadarural.com\/blog\/albacete-que-no-es-poco\/#primaryimage","url":"https:\/\/www.escapadarural.com\/blog\/wp-content\/uploads\/2012\/11\/arro-1-1.jpg","contentUrl":"https:\/\/www.escapadarural.com\/blog\/wp-content\/uploads\/2012\/11\/arro-1-1.jpg","width":1024,"height":683,"caption":"Un estanque en calma refleja altos \u00e1rboles con hojas amarillas y verdes. El suelo del bosque est\u00e1 cubierto de hojas de color marr\u00f3n rojizo, y el fondo muestra un bosque denso y brumoso."},{"@type":"BreadcrumbList","@id":"https:\/\/www.escapadarural.com\/blog\/albacete-que-no-es-poco\/#breadcrumb","itemListElement":[{"@type":"ListItem","position":1,"name":"Inicio","item":"https:\/\/www.escapadarural.com\/blog\/"},{"@type":"ListItem","position":2,"name":"Rutas y excursiones","item":"https:\/\/www.escapadarural.com\/blog\/categoria\/rutas-y-excursiones\/"},{"@type":"ListItem","position":3,"name":"Albacete, que no es poco"}]},{"@type":"WebSite","@id":"https:\/\/www.escapadarural.com\/blog\/#website","url":"https:\/\/www.escapadarural.com\/blog\/","name":"Blog de viajes | turismo rural, alojamientos e inspiraci\u00f3n","description":"Alojamientos rurales e inspiraci\u00f3n para tus escapadas","publisher":{"@id":"https:\/\/www.escapadarural.com\/blog\/#organization"},"alternateName":"Magazine de viajes de EscapadaRural","potentialAction":[{"@type":"SearchAction","target":{"@type":"EntryPoint","urlTemplate":"https:\/\/www.escapadarural.com\/blog\/?s={search_term_string}"},"query-input":{"@type":"PropertyValueSpecification","valueRequired":true,"valueName":"search_term_string"}}],"inLanguage":"es"},{"@type":"Organization","@id":"https:\/\/www.escapadarural.com\/blog\/#organization","name":"EscapadaRural","url":"https:\/\/www.escapadarural.com\/blog\/","logo":{"@type":"ImageObject","inLanguage":"es","@id":"https:\/\/www.escapadarural.com\/blog\/#\/schema\/logo\/image\/","url":"https:\/\/www.escapadarural.com\/blog\/wp-content\/uploads\/2024\/10\/cropped-cropped-escapada-rural-icon-mag-3.png","contentUrl":"https:\/\/www.escapadarural.com\/blog\/wp-content\/uploads\/2024\/10\/cropped-cropped-escapada-rural-icon-mag-3.png","width":512,"height":512,"caption":"EscapadaRural"},"image":{"@id":"https:\/\/www.escapadarural.com\/blog\/#\/schema\/logo\/image\/"},"sameAs":["https:\/\/www.facebook.com\/escapadarural","https:\/\/www.instagram.com\/escapadarural\/","https:\/\/www.youtube.com\/@escapadaruralcom"]},{"@type":"Person","@id":"https:\/\/www.escapadarural.com\/blog\/#\/schema\/person\/d9ee55ff3e0cef41d6eac8922b4f972c","name":"Escapada Rural","image":{"@type":"ImageObject","inLanguage":"es","@id":"https:\/\/www.escapadarural.com\/blog\/wp-content\/uploads\/2024\/10\/cropped-cropped-escapada-rural-icon-mag-3-96x96.png","url":"https:\/\/www.escapadarural.com\/blog\/wp-content\/uploads\/2024\/10\/cropped-cropped-escapada-rural-icon-mag-3-96x96.png","contentUrl":"https:\/\/www.escapadarural.com\/blog\/wp-content\/uploads\/2024\/10\/cropped-cropped-escapada-rural-icon-mag-3-96x96.png","caption":"Escapada Rural"},"sameAs":["https:\/\/www.facebook.com\/escapadarural","https:\/\/www.linkedin.com\/company\/escapada-rural\/?originalSubdomain=es","https:\/\/x.com\/https:\/\/x.com\/i\/flow\/login?redirect_after_login=escapadarural"],"url":"https:\/\/www.escapadarural.com\/blog\/autor\/user\/"}]}},"_links":{"self":[{"href":"https:\/\/www.escapadarural.com\/blog\/wp-json\/wp\/v2\/posts\/2130","targetHints":{"allow":["GET"]}}],"collection":[{"href":"https:\/\/www.escapadarural.com\/blog\/wp-json\/wp\/v2\/posts"}],"about":[{"href":"https:\/\/www.escapadarural.com\/blog\/wp-json\/wp\/v2\/types\/post"}],"author":[{"embeddable":true,"href":"https:\/\/www.escapadarural.com\/blog\/wp-json\/wp\/v2\/users\/136"}],"replies":[{"embeddable":true,"href":"https:\/\/www.escapadarural.com\/blog\/wp-json\/wp\/v2\/comments?post=2130"}],"version-history":[{"count":0,"href":"https:\/\/www.escapadarural.com\/blog\/wp-json\/wp\/v2\/posts\/2130\/revisions"}],"wp:featuredmedia":[{"embeddable":true,"href":"https:\/\/www.escapadarural.com\/blog\/wp-json\/wp\/v2\/media\/110850"}],"wp:attachment":[{"href":"https:\/\/www.escapadarural.com\/blog\/wp-json\/wp\/v2\/media?parent=2130"}],"wp:term":[{"taxonomy":"category","embeddable":true,"href":"https:\/\/www.escapadarural.com\/blog\/wp-json\/wp\/v2\/categories?post=2130"},{"taxonomy":"post_tag","embeddable":true,"href":"https:\/\/www.escapadarural.com\/blog\/wp-json\/wp\/v2\/tags?post=2130"}],"curies":[{"name":"wp","href":"https:\/\/api.w.org\/{rel}","templated":true}]}}